




{"id":35739,"date":"2013-01-25T16:41:00","date_gmt":"2013-01-25T13:41:00","guid":{"rendered":"http:\/\/qtmm.org\/?p=35739"},"modified":"2022-01-23T16:44:39","modified_gmt":"2022-01-23T13:44:39","slug":"qirimtatar-halqi-meclisinin-nevbetteki-toplasuvi-2","status":"publish","type":"post","link":"https:\/\/qtmm.org\/qt\/qirimtatar-halqi-meclisinin-nevbetteki-toplasuvi-2\/","title":{"rendered":"Q\u0131r\u0131mtatar halq\u0131 Meclisini\u00f1 nevbetteki topla\u015fuv\u0131"},"content":{"rendered":"\n<p>25 yanvar k\u00fcn\u00fc Q\u0131r\u0131mtatar halq\u0131 Meclisini\u00f1 nevbetteki topla\u015fuv\u0131 ol\u0131p ke\u00e7ti.<\/p>\n\n\n\n<p>Topla\u015fuvn\u0131\u00f1 ba\u015f\u0131nda Meclis azalar\u0131 al-az\u0131rda Aqmescitteki Sema\u015fko ad\u0131na cumhuriyet hastahanesinde tedaviylengen milliy areket i\u015ftirak\u00e7isi, Qurultay Tefti\u015f komissiyas\u0131n\u0131\u00f1 reisi Qurtseit Abdullayevni\u00f1 sa\u011fl\u0131\u011f\u0131 aqq\u0131nda mal\u00fcmatn\u0131 di\u00f1lediler. Belli ol\u011fan\u0131na k\u00f6re, yanvar 24 k\u00fcn\u00fc ke\u00e7 maalde bellisiz \u015fah\u0131slar Qurtseit Abdullayevge tecavuz ettiler. &#8220;Aqibette Qurtseit Abdullayevni\u00f1 ba\u015f\u0131 yaraland\u0131, miyi sars\u0131ld\u0131, y\u00fcz\u00fcnde bir \u00e7oq darbe izleri qald\u0131&#8221;, &#8211; dep haber etti, Qurtseit Abdullayevni Refat \u00c7ubarovnen beraber hastahanede yoqla\u011fan Meclis azas\u0131 Sinaver Qad\u0131rov.<br><br>Meclis azalar\u0131 Qurtseit Abdullayevni k\u00f6teklegen \u015fah\u0131slar on\u0131\u00f1 i\u00e7 bir \u015feyine toqunma\u011fan\u0131, demek tecavuz k\u00fcn evelden planla\u015ft\u0131r\u0131l\u011fan ve siyasiy t\u00fcs ta\u015f\u0131\u011fan\u0131n\u0131 qayd ettiler. Milliy areketni\u00f1 faal i\u015ftirak\u00e7ilerinden biri ol\u011fan Qurtseit Abdullayevge yap\u0131l\u011fan tecavuz munasebetinen Meclisni\u00f1 bu i\u015fni taqiq etmek talab\u0131nen uquqqoruv organlar\u0131na muradcaat\u0131 yaq\u0131n vaq\u0131tta derc olunacaq.<\/p>\n\n\n\n<figure class=\"wp-block-image size-full\"><img loading=\"lazy\" decoding=\"async\" width=\"650\" height=\"350\" src=\"http:\/\/qtmm.org\/wp-content\/uploads\/2022\/01\/img_4906.jpeg\" alt=\"\" class=\"wp-image-35740\" srcset=\"https:\/\/qtmm.org\/wp-content\/uploads\/2022\/01\/img_4906.jpeg 650w, https:\/\/qtmm.org\/wp-content\/uploads\/2022\/01\/img_4906-300x162.jpeg 300w\" sizes=\"auto, (max-width: 650px) 100vw, 650px\" \/><\/figure>\n\n\n\n<p>Meclis topla\u015fuv\u0131nda bun\u0131\u00f1 kibi de q\u0131r\u0131mtatar halq\u0131 soyq\u0131r\u0131m\u0131 qurbanlar\u0131n\u0131\u00f1 hat\u0131ras\u0131na ba\u011f\u0131\u015flan\u011fan matem merasimlerini (s\u00fcrg\u00fcnlikni\u00f1 69 y\u0131ll\u0131\u011f\u0131) az\u0131rlav ve ke\u00e7ir\u00fcv boyunca te\u015fkiliy komitet meydan\u011fa ketirilip, Meclis reisi, Ukraina halq deputat\u0131 Mustafa Cemilev yolba\u015f\u00e7\u0131l\u0131\u011f\u0131ndaki erk\u00e2n\u0131 da tasdiqland\u0131.<\/p>\n\n\n\n<p>Q\u0131r\u0131m, Ukraina, Poloniya ve Beyazrusiye musulmanlar\u0131n\u0131\u00f1 m\u00fcftisi, Q\u0131r\u0131m \u00fck\u00fcmetini\u00f1 birinci reisi Noman \u00c7elebicihan \u00f6ld\u00fcrilgenini\u00f1 95 y\u0131ll\u0131\u011f\u0131 munasebetinen ke\u00e7irilecek matem merasimleri plan\u0131n\u0131\u00f1 leyhas\u0131n\u0131 muzakere et\u00fcv devam\u0131nda ait qararlar al\u0131nd\u0131. Meclis reisini\u00f1 muavini Remzi \u0130lyasov\u011fa matem merasimlerini ke\u00e7irecek cemaat te\u015fkil\u00e2tlar\u0131n\u0131\u00f1 areketlerini k\u00f6zetmek, bun\u0131\u00f1 kibi de Meclis yolba\u015f\u00e7\u0131l\u0131\u011f\u0131nda \u00f6tkerilecek tedbirlerni\u00f1 plan\u0131n\u0131 Prezidiumn\u0131\u00f1 muzakeresine taqdim etmek avale olund\u0131.<\/p>\n\n\n\n<figure class=\"wp-block-image size-full\"><img loading=\"lazy\" decoding=\"async\" width=\"650\" height=\"350\" src=\"http:\/\/qtmm.org\/wp-content\/uploads\/2022\/01\/img_4907.jpeg\" alt=\"\" class=\"wp-image-35744\" srcset=\"https:\/\/qtmm.org\/wp-content\/uploads\/2022\/01\/img_4907.jpeg 650w, https:\/\/qtmm.org\/wp-content\/uploads\/2022\/01\/img_4907-300x162.jpeg 300w\" sizes=\"auto, (max-width: 650px) 100vw, 650px\" \/><\/figure>\n\n\n\n<p>Meclis azalar\u0131 Merkeziy saylav komissiyas\u0131n\u0131\u00f1 reisi Zair Smedl\u00e2yevni\u00f1 Q\u0131r\u0131m cumhuriyeti, Zaporojye ve Herson vil\u00e2yetlerinde ya\u015fa\u011fan q\u0131r\u0131mtatarlarn\u0131\u00f1 say\u0131s\u0131n\u0131 tasdiqlav meselesi boyunca \u00e7\u0131q\u0131\u015f\u0131n\u0131 di\u00f1lediler.<br><br>Belli ki &#8220;Q\u0131r\u0131mtatar halq\u0131 qurultay\u0131n\u0131\u00f1 delegatlar\u0131n\u0131 saylav nizam\u0131&#8221;na muvaf\u0131q Meclis cemi memuriy-territorial te\u015fkil\u00e2tlarda Qurultay delegatlar\u0131n\u0131 saylamaq i\u00e7\u00fcn kvotalarn\u0131 esaplamaq i\u00e7\u00fcn statistik mal\u00fcmatlarn\u0131 tasdiqlaybile. \u00d6z vazifeleri \u00e7er\u00e7ivesinde Meclis azalar\u0131 bu meselede zarur qararn\u0131 qabul ettiler.<\/p>\n\n\n\n<p>Topla\u015fuvda &#8220;Kiyev regional meclisini meydan\u011fa ketir\u00fcv aqq\u0131nda&#8221; qarar al\u0131n\u0131p, onda Kiyevde oqu\u011fan ve \u00e7al\u0131\u015fqan semetde\u015flerimiz baya\u011f\u0131 bir \u00e7oqluqn\u0131 te\u015fkil etkenleri qayd oluna. Mezk\u00fcr qarar boyunca Yerli meclislerni saylavlarn\u0131 az\u0131rlav ve ke\u00e7ir\u00fcv komissiyas\u0131na Kiyevde yerli meclis saylav\u0131n\u0131 te\u015fkil etmek avale etildi.<\/p>\n\n\n\n<figure class=\"wp-block-image size-full\"><img loading=\"lazy\" decoding=\"async\" width=\"650\" height=\"350\" src=\"http:\/\/qtmm.org\/wp-content\/uploads\/2022\/01\/img_4908.jpeg\" alt=\"\" class=\"wp-image-35748\" srcset=\"https:\/\/qtmm.org\/wp-content\/uploads\/2022\/01\/img_4908.jpeg 650w, https:\/\/qtmm.org\/wp-content\/uploads\/2022\/01\/img_4908-300x162.jpeg 300w\" sizes=\"auto, (max-width: 650px) 100vw, 650px\" \/><\/figure>\n\n\n\n<p>K\u00fcn tertibini\u00f1 &#8220;Diger meseleler&#8221; b\u00f6l\u00fcginde Meclis reisi Mustafa Cemilev \u015fun\u0131 haber etti ki, yanvar 12-de ol\u0131p ke\u00e7ken 5-nci \u00e7a\u011f\u0131r\u0131l\u0131\u015f Qurultay\u0131n\u0131\u00f1 5-nci sessiyas\u0131ndan so\u00f1 Qurultay delegatlar\u0131 ve \u00e7oqtan-\u00e7oq semetde\u015flerimiz ad\u0131ndan t\u00fc\u015fken arizalarda k\u00fctleviy matbuat vastalar\u0131nda q\u0131r\u0131mtatar halq\u0131n\u0131\u00f1 s\u00fcrg\u00fcnligi aqq\u0131nda aqaretli s\u00f6zlerni aytqan Qurultay delegat\u0131 Enver Abduraimov\u011fa nisbeten al\u0131n\u011fan qararnen raz\u0131 olma\u011fanlar\u0131 qayd etile.<\/p>\n\n\n\n<p>&#8220;Meclis reisi aqq\u0131n\u0131 qullanaraq men e\u00f1 yaq\u0131n zamanda 5-nci \u00e7a\u011f\u0131r\u0131l\u0131\u015f Qurultay\u0131n\u0131\u00f1 nevbetten t\u0131\u015f otur\u0131m\u0131n\u0131 \u00e7a\u011f\u0131r\u0131p, Enver Abduraimovn\u0131\u00f1 Qurultay delegatl\u0131\u011f\u0131ndan ve Q\u0131r\u0131m Yuqar\u0131 \u015euras\u0131nda &#8220;Qurultay-Ruh&#8221; fraktsiyas\u0131ndan \u00e7\u0131qar\u0131lmas\u0131 aqq\u0131nda teklif kirsetecem, &#8211; dedi Mustafa Cemilev. \u2013 Qurultay delegatlar\u0131 Enver Abduraimovn\u0131\u00f1 areketlerini qaralap, l\u00e2kin k\u00fctleviy matbuat vastalar\u0131nda halq ve Qurultayda on\u0131\u00f1 delegatlar\u0131 \u00f6g\u00fcnde a\u00e7\u0131qtan-a\u00e7\u0131q afu sora\u011fan\u0131n\u0131 k\u00f6z \u00f6g\u00fcne al\u0131p y\u0131m\u015faq qarar ald\u0131lar. Amma Enver Abduraimov so\u00f1ra Qurultay delegat\u0131 ve qurultay ad\u0131ndan saylan\u011fan Q\u0131r\u0131m Yuqar\u0131 \u015euras\u0131 deputat\u0131n\u0131\u00f1 ant-yeminini boz\u011fan areketlerni yapt\u0131&#8221;.<br><br>Qurultayn\u0131\u00f1 nevbetteki t\u0131\u015f sessiyas\u0131 \u00f6tkerilecek k\u00fcn k\u00fctleviy matbuat vastalar\u0131nda yaq\u0131n vaq\u0131tta il\u00e2n etilecek.<\/p>\n","protected":false},"excerpt":{"rendered":"<p>25 yanvar k\u00fcn\u00fc Q\u0131r\u0131mtatar halq\u0131 Meclisini\u00f1 nevbetteki topla\u015fuv\u0131 ol\u0131p ke\u00e7ti. Topla\u015fuvn\u0131\u00f1 ba\u015f\u0131nda Meclis azalar\u0131 al-az\u0131rda Aqmescitteki Sema\u015fko ad\u0131na cumhuriyet hastahanesinde tedaviylengen milliy areket i\u015ftirak\u00e7isi, Qurultay Tefti\u015f komissiyas\u0131n\u0131\u00f1 reisi Qurtseit Abdullayevni\u00f1 sa\u011fl\u0131\u011f\u0131 aqq\u0131nda mal\u00fcmatn\u0131 di\u00f1lediler. Belli ol\u011fan\u0131na k\u00f6re, yanvar 24 k\u00fcn\u00fc ke\u00e7 maalde bellisiz \u015fah\u0131slar Qurtseit Abdullayevge tecavuz ettiler. &#8220;Aqibette Qurtseit Abdullayevni\u00f1 ba\u015f\u0131 yaraland\u0131, miyi sars\u0131ld\u0131, [&hellip;]<\/p>\n","protected":false},"author":1,"featured_media":0,"comment_status":"open","ping_status":"open","sticky":false,"template":"","format":"standard","meta":{"inline_featured_image":false,"footnotes":""},"categories":[265],"tags":[],"class_list":["post-35739","post","type-post","status-publish","format-standard","hentry","category-haberler"],"acf":[],"yoast_head":"<!-- This site is optimized with the Yoast SEO plugin v27.4 - https:\/\/yoast.com\/product\/yoast-seo-wordpress\/ -->\n<title>Q\u0131r\u0131mtatar halq\u0131 Meclisini\u00f1 nevbetteki topla\u015fuv\u0131 - \u041c\u0435\u0434\u0436\u043b\u0456\u0441<\/title>\n<meta name=\"robots\" content=\"index, follow, max-snippet:-1, max-image-preview:large, max-video-preview:-1\" \/>\n<link rel=\"canonical\" href=\"https:\/\/qtmm.org\/qt\/qirimtatar-halqi-meclisinin-nevbetteki-toplasuvi-2\/\" \/>\n<meta property=\"og:locale\" content=\"en_US\" \/>\n<meta property=\"og:type\" content=\"article\" \/>\n<meta property=\"og:title\" content=\"Q\u0131r\u0131mtatar halq\u0131 Meclisini\u00f1 nevbetteki topla\u015fuv\u0131 - \u041c\u0435\u0434\u0436\u043b\u0456\u0441\" \/>\n<meta property=\"og:description\" content=\"25 yanvar k\u00fcn\u00fc Q\u0131r\u0131mtatar halq\u0131 Meclisini\u00f1 nevbetteki topla\u015fuv\u0131 ol\u0131p ke\u00e7ti. Topla\u015fuvn\u0131\u00f1 ba\u015f\u0131nda Meclis azalar\u0131 al-az\u0131rda Aqmescitteki Sema\u015fko ad\u0131na cumhuriyet hastahanesinde tedaviylengen milliy areket i\u015ftirak\u00e7isi, Qurultay Tefti\u015f komissiyas\u0131n\u0131\u00f1 reisi Qurtseit Abdullayevni\u00f1 sa\u011fl\u0131\u011f\u0131 aqq\u0131nda mal\u00fcmatn\u0131 di\u00f1lediler. Belli ol\u011fan\u0131na k\u00f6re, yanvar 24 k\u00fcn\u00fc ke\u00e7 maalde bellisiz \u015fah\u0131slar Qurtseit Abdullayevge tecavuz ettiler. &#8220;Aqibette Qurtseit Abdullayevni\u00f1 ba\u015f\u0131 yaraland\u0131, miyi sars\u0131ld\u0131, [&hellip;]\" \/>\n<meta property=\"og:url\" content=\"https:\/\/qtmm.org\/qt\/qirimtatar-halqi-meclisinin-nevbetteki-toplasuvi-2\/\" \/>\n<meta property=\"og:site_name\" content=\"\u041c\u0435\u0434\u0436\u043b\u0456\u0441\" \/>\n<meta property=\"article:publisher\" content=\"https:\/\/www.facebook.com\/qtmm.info\/\" \/>\n<meta property=\"article:published_time\" content=\"2013-01-25T13:41:00+00:00\" \/>\n<meta property=\"article:modified_time\" content=\"2022-01-23T13:44:39+00:00\" \/>\n<meta property=\"og:image\" content=\"https:\/\/qtmm.org\/wp-content\/uploads\/2022\/01\/img_4906.jpeg\" \/>\n\t<meta property=\"og:image:width\" content=\"650\" \/>\n\t<meta property=\"og:image:height\" content=\"350\" \/>\n\t<meta property=\"og:image:type\" content=\"image\/jpeg\" \/>\n<meta name=\"author\" content=\"Developer\" \/>\n<meta name=\"twitter:card\" content=\"summary_large_image\" \/>\n<meta name=\"twitter:label1\" content=\"Written by\" \/>\n\t<meta name=\"twitter:data1\" content=\"Developer\" \/>\n\t<meta name=\"twitter:label2\" content=\"Est. reading time\" \/>\n\t<meta name=\"twitter:data2\" content=\"3 minutes\" \/>\n<script type=\"application\/ld+json\" class=\"yoast-schema-graph\">{\"@context\":\"https:\\\/\\\/schema.org\",\"@graph\":[{\"@type\":\"Article\",\"@id\":\"https:\\\/\\\/qtmm.org\\\/qt\\\/qirimtatar-halqi-meclisinin-nevbetteki-toplasuvi-2\\\/#article\",\"isPartOf\":{\"@id\":\"https:\\\/\\\/qtmm.org\\\/qt\\\/qirimtatar-halqi-meclisinin-nevbetteki-toplasuvi-2\\\/\"},\"author\":{\"name\":\"Developer\",\"@id\":\"https:\\\/\\\/qtmm.org\\\/qt\\\/#\\\/schema\\\/person\\\/de562469f971dec226ac06e60bbf74a7\"},\"headline\":\"Q\u0131r\u0131mtatar halq\u0131 Meclisini\u00f1 nevbetteki topla\u015fuv\u0131\",\"datePublished\":\"2013-01-25T13:41:00+00:00\",\"dateModified\":\"2022-01-23T13:44:39+00:00\",\"mainEntityOfPage\":{\"@id\":\"https:\\\/\\\/qtmm.org\\\/qt\\\/qirimtatar-halqi-meclisinin-nevbetteki-toplasuvi-2\\\/\"},\"wordCount\":659,\"commentCount\":0,\"publisher\":{\"@id\":\"https:\\\/\\\/qtmm.org\\\/qt\\\/#organization\"},\"image\":{\"@id\":\"https:\\\/\\\/qtmm.org\\\/qt\\\/qirimtatar-halqi-meclisinin-nevbetteki-toplasuvi-2\\\/#primaryimage\"},\"thumbnailUrl\":\"http:\\\/\\\/qtmm.org\\\/wp-content\\\/uploads\\\/2022\\\/01\\\/img_4906.jpeg\",\"articleSection\":[\"Haberler\"],\"inLanguage\":\"qt\",\"potentialAction\":[{\"@type\":\"CommentAction\",\"name\":\"Comment\",\"target\":[\"https:\\\/\\\/qtmm.org\\\/qt\\\/qirimtatar-halqi-meclisinin-nevbetteki-toplasuvi-2\\\/#respond\"]}]},{\"@type\":\"WebPage\",\"@id\":\"https:\\\/\\\/qtmm.org\\\/qt\\\/qirimtatar-halqi-meclisinin-nevbetteki-toplasuvi-2\\\/\",\"url\":\"https:\\\/\\\/qtmm.org\\\/qt\\\/qirimtatar-halqi-meclisinin-nevbetteki-toplasuvi-2\\\/\",\"name\":\"Q\u0131r\u0131mtatar halq\u0131 Meclisini\u00f1 nevbetteki topla\u015fuv\u0131 - \u041c\u0435\u0434\u0436\u043b\u0456\u0441\",\"isPartOf\":{\"@id\":\"https:\\\/\\\/qtmm.org\\\/qt\\\/#website\"},\"primaryImageOfPage\":{\"@id\":\"https:\\\/\\\/qtmm.org\\\/qt\\\/qirimtatar-halqi-meclisinin-nevbetteki-toplasuvi-2\\\/#primaryimage\"},\"image\":{\"@id\":\"https:\\\/\\\/qtmm.org\\\/qt\\\/qirimtatar-halqi-meclisinin-nevbetteki-toplasuvi-2\\\/#primaryimage\"},\"thumbnailUrl\":\"http:\\\/\\\/qtmm.org\\\/wp-content\\\/uploads\\\/2022\\\/01\\\/img_4906.jpeg\",\"datePublished\":\"2013-01-25T13:41:00+00:00\",\"dateModified\":\"2022-01-23T13:44:39+00:00\",\"breadcrumb\":{\"@id\":\"https:\\\/\\\/qtmm.org\\\/qt\\\/qirimtatar-halqi-meclisinin-nevbetteki-toplasuvi-2\\\/#breadcrumb\"},\"inLanguage\":\"qt\",\"potentialAction\":[{\"@type\":\"ReadAction\",\"target\":[\"https:\\\/\\\/qtmm.org\\\/qt\\\/qirimtatar-halqi-meclisinin-nevbetteki-toplasuvi-2\\\/\"]}]},{\"@type\":\"ImageObject\",\"inLanguage\":\"qt\",\"@id\":\"https:\\\/\\\/qtmm.org\\\/qt\\\/qirimtatar-halqi-meclisinin-nevbetteki-toplasuvi-2\\\/#primaryimage\",\"url\":\"http:\\\/\\\/qtmm.org\\\/wp-content\\\/uploads\\\/2022\\\/01\\\/img_4906.jpeg\",\"contentUrl\":\"http:\\\/\\\/qtmm.org\\\/wp-content\\\/uploads\\\/2022\\\/01\\\/img_4906.jpeg\"},{\"@type\":\"BreadcrumbList\",\"@id\":\"https:\\\/\\\/qtmm.org\\\/qt\\\/qirimtatar-halqi-meclisinin-nevbetteki-toplasuvi-2\\\/#breadcrumb\",\"itemListElement\":[{\"@type\":\"ListItem\",\"position\":1,\"name\":\"\u0413\u043e\u043b\u043e\u0432\u043d\u0430\",\"item\":\"https:\\\/\\\/qtmm.org\\\/qt\\\/\"},{\"@type\":\"ListItem\",\"position\":2,\"name\":\"Q\u0131r\u0131mtatar halq\u0131 Meclisini\u00f1 nevbetteki topla\u015fuv\u0131\"}]},{\"@type\":\"WebSite\",\"@id\":\"https:\\\/\\\/qtmm.org\\\/qt\\\/#website\",\"url\":\"https:\\\/\\\/qtmm.org\\\/qt\\\/\",\"name\":\"\u041c\u0435\u0434\u0436\u043b\u0456\u0441\",\"description\":\"\",\"publisher\":{\"@id\":\"https:\\\/\\\/qtmm.org\\\/qt\\\/#organization\"},\"potentialAction\":[{\"@type\":\"SearchAction\",\"target\":{\"@type\":\"EntryPoint\",\"urlTemplate\":\"https:\\\/\\\/qtmm.org\\\/qt\\\/?s={search_term_string}\"},\"query-input\":{\"@type\":\"PropertyValueSpecification\",\"valueRequired\":true,\"valueName\":\"search_term_string\"}}],\"inLanguage\":\"qt\"},{\"@type\":\"Organization\",\"@id\":\"https:\\\/\\\/qtmm.org\\\/qt\\\/#organization\",\"name\":\"\u041c\u0435\u0434\u0436\u043b\u0456\u0441\",\"url\":\"https:\\\/\\\/qtmm.org\\\/qt\\\/\",\"logo\":{\"@type\":\"ImageObject\",\"inLanguage\":\"qt\",\"@id\":\"https:\\\/\\\/qtmm.org\\\/qt\\\/#\\\/schema\\\/logo\\\/image\\\/\",\"url\":\"https:\\\/\\\/qtmm.org\\\/wp-content\\\/uploads\\\/2024\\\/12\\\/ua-mejlis-logo-rgb.svg\",\"contentUrl\":\"https:\\\/\\\/qtmm.org\\\/wp-content\\\/uploads\\\/2024\\\/12\\\/ua-mejlis-logo-rgb.svg\",\"caption\":\"\u041c\u0435\u0434\u0436\u043b\u0456\u0441\"},\"image\":{\"@id\":\"https:\\\/\\\/qtmm.org\\\/qt\\\/#\\\/schema\\\/logo\\\/image\\\/\"},\"sameAs\":[\"https:\\\/\\\/www.facebook.com\\\/qtmm.info\\\/\"]},{\"@type\":\"Person\",\"@id\":\"https:\\\/\\\/qtmm.org\\\/qt\\\/#\\\/schema\\\/person\\\/de562469f971dec226ac06e60bbf74a7\",\"name\":\"Developer\",\"image\":{\"@type\":\"ImageObject\",\"inLanguage\":\"qt\",\"@id\":\"https:\\\/\\\/secure.gravatar.com\\\/avatar\\\/392b4cc8fbfeb00b39dfeeab4ee6edded39ffd48e25858637e4765810300227e?s=96&d=mm&r=g\",\"url\":\"https:\\\/\\\/secure.gravatar.com\\\/avatar\\\/392b4cc8fbfeb00b39dfeeab4ee6edded39ffd48e25858637e4765810300227e?s=96&d=mm&r=g\",\"contentUrl\":\"https:\\\/\\\/secure.gravatar.com\\\/avatar\\\/392b4cc8fbfeb00b39dfeeab4ee6edded39ffd48e25858637e4765810300227e?s=96&d=mm&r=g\",\"caption\":\"Developer\"},\"url\":\"https:\\\/\\\/qtmm.org\\\/qt\\\/author\\\/Developer\\\/\"}]}<\/script>\n<!-- \/ Yoast SEO plugin. -->","yoast_head_json":{"title":"Q\u0131r\u0131mtatar halq\u0131 Meclisini\u00f1 nevbetteki topla\u015fuv\u0131 - \u041c\u0435\u0434\u0436\u043b\u0456\u0441","robots":{"index":"index","follow":"follow","max-snippet":"max-snippet:-1","max-image-preview":"max-image-preview:large","max-video-preview":"max-video-preview:-1"},"canonical":"https:\/\/qtmm.org\/qt\/qirimtatar-halqi-meclisinin-nevbetteki-toplasuvi-2\/","og_locale":"en_US","og_type":"article","og_title":"Q\u0131r\u0131mtatar halq\u0131 Meclisini\u00f1 nevbetteki topla\u015fuv\u0131 - \u041c\u0435\u0434\u0436\u043b\u0456\u0441","og_description":"25 yanvar k\u00fcn\u00fc Q\u0131r\u0131mtatar halq\u0131 Meclisini\u00f1 nevbetteki topla\u015fuv\u0131 ol\u0131p ke\u00e7ti. Topla\u015fuvn\u0131\u00f1 ba\u015f\u0131nda Meclis azalar\u0131 al-az\u0131rda Aqmescitteki Sema\u015fko ad\u0131na cumhuriyet hastahanesinde tedaviylengen milliy areket i\u015ftirak\u00e7isi, Qurultay Tefti\u015f komissiyas\u0131n\u0131\u00f1 reisi Qurtseit Abdullayevni\u00f1 sa\u011fl\u0131\u011f\u0131 aqq\u0131nda mal\u00fcmatn\u0131 di\u00f1lediler. Belli ol\u011fan\u0131na k\u00f6re, yanvar 24 k\u00fcn\u00fc ke\u00e7 maalde bellisiz \u015fah\u0131slar Qurtseit Abdullayevge tecavuz ettiler. &#8220;Aqibette Qurtseit Abdullayevni\u00f1 ba\u015f\u0131 yaraland\u0131, miyi sars\u0131ld\u0131, [&hellip;]","og_url":"https:\/\/qtmm.org\/qt\/qirimtatar-halqi-meclisinin-nevbetteki-toplasuvi-2\/","og_site_name":"\u041c\u0435\u0434\u0436\u043b\u0456\u0441","article_publisher":"https:\/\/www.facebook.com\/qtmm.info\/","article_published_time":"2013-01-25T13:41:00+00:00","article_modified_time":"2022-01-23T13:44:39+00:00","og_image":[{"width":650,"height":350,"url":"https:\/\/qtmm.org\/wp-content\/uploads\/2022\/01\/img_4906.jpeg","type":"image\/jpeg"}],"author":"Developer","twitter_card":"summary_large_image","twitter_misc":{"Written by":"Developer","Est. reading time":"3 minutes"},"schema":{"@context":"https:\/\/schema.org","@graph":[{"@type":"Article","@id":"https:\/\/qtmm.org\/qt\/qirimtatar-halqi-meclisinin-nevbetteki-toplasuvi-2\/#article","isPartOf":{"@id":"https:\/\/qtmm.org\/qt\/qirimtatar-halqi-meclisinin-nevbetteki-toplasuvi-2\/"},"author":{"name":"Developer","@id":"https:\/\/qtmm.org\/qt\/#\/schema\/person\/de562469f971dec226ac06e60bbf74a7"},"headline":"Q\u0131r\u0131mtatar halq\u0131 Meclisini\u00f1 nevbetteki topla\u015fuv\u0131","datePublished":"2013-01-25T13:41:00+00:00","dateModified":"2022-01-23T13:44:39+00:00","mainEntityOfPage":{"@id":"https:\/\/qtmm.org\/qt\/qirimtatar-halqi-meclisinin-nevbetteki-toplasuvi-2\/"},"wordCount":659,"commentCount":0,"publisher":{"@id":"https:\/\/qtmm.org\/qt\/#organization"},"image":{"@id":"https:\/\/qtmm.org\/qt\/qirimtatar-halqi-meclisinin-nevbetteki-toplasuvi-2\/#primaryimage"},"thumbnailUrl":"http:\/\/qtmm.org\/wp-content\/uploads\/2022\/01\/img_4906.jpeg","articleSection":["Haberler"],"inLanguage":"qt","potentialAction":[{"@type":"CommentAction","name":"Comment","target":["https:\/\/qtmm.org\/qt\/qirimtatar-halqi-meclisinin-nevbetteki-toplasuvi-2\/#respond"]}]},{"@type":"WebPage","@id":"https:\/\/qtmm.org\/qt\/qirimtatar-halqi-meclisinin-nevbetteki-toplasuvi-2\/","url":"https:\/\/qtmm.org\/qt\/qirimtatar-halqi-meclisinin-nevbetteki-toplasuvi-2\/","name":"Q\u0131r\u0131mtatar halq\u0131 Meclisini\u00f1 nevbetteki topla\u015fuv\u0131 - \u041c\u0435\u0434\u0436\u043b\u0456\u0441","isPartOf":{"@id":"https:\/\/qtmm.org\/qt\/#website"},"primaryImageOfPage":{"@id":"https:\/\/qtmm.org\/qt\/qirimtatar-halqi-meclisinin-nevbetteki-toplasuvi-2\/#primaryimage"},"image":{"@id":"https:\/\/qtmm.org\/qt\/qirimtatar-halqi-meclisinin-nevbetteki-toplasuvi-2\/#primaryimage"},"thumbnailUrl":"http:\/\/qtmm.org\/wp-content\/uploads\/2022\/01\/img_4906.jpeg","datePublished":"2013-01-25T13:41:00+00:00","dateModified":"2022-01-23T13:44:39+00:00","breadcrumb":{"@id":"https:\/\/qtmm.org\/qt\/qirimtatar-halqi-meclisinin-nevbetteki-toplasuvi-2\/#breadcrumb"},"inLanguage":"qt","potentialAction":[{"@type":"ReadAction","target":["https:\/\/qtmm.org\/qt\/qirimtatar-halqi-meclisinin-nevbetteki-toplasuvi-2\/"]}]},{"@type":"ImageObject","inLanguage":"qt","@id":"https:\/\/qtmm.org\/qt\/qirimtatar-halqi-meclisinin-nevbetteki-toplasuvi-2\/#primaryimage","url":"http:\/\/qtmm.org\/wp-content\/uploads\/2022\/01\/img_4906.jpeg","contentUrl":"http:\/\/qtmm.org\/wp-content\/uploads\/2022\/01\/img_4906.jpeg"},{"@type":"BreadcrumbList","@id":"https:\/\/qtmm.org\/qt\/qirimtatar-halqi-meclisinin-nevbetteki-toplasuvi-2\/#breadcrumb","itemListElement":[{"@type":"ListItem","position":1,"name":"\u0413\u043e\u043b\u043e\u0432\u043d\u0430","item":"https:\/\/qtmm.org\/qt\/"},{"@type":"ListItem","position":2,"name":"Q\u0131r\u0131mtatar halq\u0131 Meclisini\u00f1 nevbetteki topla\u015fuv\u0131"}]},{"@type":"WebSite","@id":"https:\/\/qtmm.org\/qt\/#website","url":"https:\/\/qtmm.org\/qt\/","name":"\u041c\u0435\u0434\u0436\u043b\u0456\u0441","description":"","publisher":{"@id":"https:\/\/qtmm.org\/qt\/#organization"},"potentialAction":[{"@type":"SearchAction","target":{"@type":"EntryPoint","urlTemplate":"https:\/\/qtmm.org\/qt\/?s={search_term_string}"},"query-input":{"@type":"PropertyValueSpecification","valueRequired":true,"valueName":"search_term_string"}}],"inLanguage":"qt"},{"@type":"Organization","@id":"https:\/\/qtmm.org\/qt\/#organization","name":"\u041c\u0435\u0434\u0436\u043b\u0456\u0441","url":"https:\/\/qtmm.org\/qt\/","logo":{"@type":"ImageObject","inLanguage":"qt","@id":"https:\/\/qtmm.org\/qt\/#\/schema\/logo\/image\/","url":"https:\/\/qtmm.org\/wp-content\/uploads\/2024\/12\/ua-mejlis-logo-rgb.svg","contentUrl":"https:\/\/qtmm.org\/wp-content\/uploads\/2024\/12\/ua-mejlis-logo-rgb.svg","caption":"\u041c\u0435\u0434\u0436\u043b\u0456\u0441"},"image":{"@id":"https:\/\/qtmm.org\/qt\/#\/schema\/logo\/image\/"},"sameAs":["https:\/\/www.facebook.com\/qtmm.info\/"]},{"@type":"Person","@id":"https:\/\/qtmm.org\/qt\/#\/schema\/person\/de562469f971dec226ac06e60bbf74a7","name":"Developer","image":{"@type":"ImageObject","inLanguage":"qt","@id":"https:\/\/secure.gravatar.com\/avatar\/392b4cc8fbfeb00b39dfeeab4ee6edded39ffd48e25858637e4765810300227e?s=96&d=mm&r=g","url":"https:\/\/secure.gravatar.com\/avatar\/392b4cc8fbfeb00b39dfeeab4ee6edded39ffd48e25858637e4765810300227e?s=96&d=mm&r=g","contentUrl":"https:\/\/secure.gravatar.com\/avatar\/392b4cc8fbfeb00b39dfeeab4ee6edded39ffd48e25858637e4765810300227e?s=96&d=mm&r=g","caption":"Developer"},"url":"https:\/\/qtmm.org\/qt\/author\/Developer\/"}]}},"_links":{"self":[{"href":"https:\/\/qtmm.org\/qt\/wp-json\/wp\/v2\/posts\/35739","targetHints":{"allow":["GET"]}}],"collection":[{"href":"https:\/\/qtmm.org\/qt\/wp-json\/wp\/v2\/posts"}],"about":[{"href":"https:\/\/qtmm.org\/qt\/wp-json\/wp\/v2\/types\/post"}],"author":[{"embeddable":true,"href":"https:\/\/qtmm.org\/qt\/wp-json\/wp\/v2\/users\/1"}],"replies":[{"embeddable":true,"href":"https:\/\/qtmm.org\/qt\/wp-json\/wp\/v2\/comments?post=35739"}],"version-history":[{"count":1,"href":"https:\/\/qtmm.org\/qt\/wp-json\/wp\/v2\/posts\/35739\/revisions"}],"predecessor-version":[{"id":35752,"href":"https:\/\/qtmm.org\/qt\/wp-json\/wp\/v2\/posts\/35739\/revisions\/35752"}],"wp:attachment":[{"href":"https:\/\/qtmm.org\/qt\/wp-json\/wp\/v2\/media?parent=35739"}],"wp:term":[{"taxonomy":"category","embeddable":true,"href":"https:\/\/qtmm.org\/qt\/wp-json\/wp\/v2\/categories?post=35739"},{"taxonomy":"post_tag","embeddable":true,"href":"https:\/\/qtmm.org\/qt\/wp-json\/wp\/v2\/tags?post=35739"}],"curies":[{"name":"wp","href":"https:\/\/api.w.org\/{rel}","templated":true}]}}