




{"id":35725,"date":"2013-01-24T16:39:00","date_gmt":"2013-01-24T13:39:00","guid":{"rendered":"http:\/\/qtmm.org\/?p=35725"},"modified":"2022-01-23T16:41:46","modified_gmt":"2022-01-23T13:41:46","slug":"mustafa-cemilev-2013-senesi-aprel-mayis-aylarina-planlastirilgan-osce-mustaqil-ekspertlerinin-qirimdaki-vaziyet-ve-qirimtatar-halqinin-ali-boyunca-esabati-aqiqatni-kosterir-ve-olacaq-halqara-fo","status":"publish","type":"post","link":"https:\/\/qtmm.org\/qt\/mustafa-cemilev-2013-senesi-aprel-mayis-aylarina-planlastirilgan-osce-mustaqil-ekspertlerinin-qirimdaki-vaziyet-ve-qirimtatar-halqinin-ali-boyunca-esabati-aqiqatni-kosterir-ve-olacaq-halqara-fo\/","title":{"rendered":"Mustafa Cemilev: \u00ab2013 senesi aprel-may\u0131s aylar\u0131na planla\u015ft\u0131r\u0131l\u011fan OSCE mustaqil ekspertlerini\u00f1 Q\u0131r\u0131mdaki vaziyet ve q\u0131r\u0131mtatar halq\u0131n\u0131\u00f1 al\u0131 boyunca esabat\u0131 aqiqatn\u0131 k\u00f6sterir ve olacaq Halqara forum i\u015ftirak\u00e7ilerine konkret tevsiyelerni i\u015flemelerine s"},"content":{"rendered":"\n<p>2013 senesi yanvar 24 k\u00fcn\u00fc Q\u0131r\u0131mtatar halq\u0131 Meclisini\u00f1 reisi, Ukraina halq deputat\u0131 Mustafa Cemilev OSCE Aliy komissar\u0131n\u0131\u00f1 milliy azl\u0131qlarn\u0131\u00f1 i\u015fleri boyunca yard\u0131mc\u0131s\u0131 Aleksandr Vinnikov ve adliye meseleleri boyunca mesleat\u00e7\u0131s\u0131 Vinsent de Graf ile k\u00f6r\u00fc\u015fti.<\/p>\n\n\n\n<p>Meclis reisini\u00f1 birinci muavini Refat \u00c7ubarov, Meclis t\u0131\u015fq\u0131 i\u015fler b\u00f6l\u00fcgini\u00f1 ba\u015f\u0131 Ali Hamzin, Meclis K\u00e2tibiyetini\u00f1 reberi Zair Smedl\u00e2yev i\u015ftirak etken bu k\u00f6r\u00fc\u015f\u00fcvde mustaqil ekspertler Halqara forum i\u015ftirak\u00e7ilerini\u00f1 muzakeresine taqdim etecek meselelernen ba\u011fl\u0131 tedqiqatlarn\u0131 az\u0131rlav keti\u015fat\u0131 baq\u0131ld\u0131.<\/p>\n\n\n\n<figure class=\"wp-block-image size-full\"><img loading=\"lazy\" decoding=\"async\" width=\"650\" height=\"350\" src=\"http:\/\/qtmm.org\/wp-content\/uploads\/2022\/01\/1_91.jpeg\" alt=\"\" class=\"wp-image-35726\" srcset=\"https:\/\/qtmm.org\/wp-content\/uploads\/2022\/01\/1_91.jpeg 650w, https:\/\/qtmm.org\/wp-content\/uploads\/2022\/01\/1_91-300x162.jpeg 300w\" sizes=\"auto, (max-width: 650px) 100vw, 650px\" \/><\/figure>\n\n\n\n<p>&#8220;OSCE Aliy komissar\u0131n\u0131\u00f1 milliy azl\u0131qlarn\u0131\u00f1 i\u015fleri boyunca ofisni\u00f1 Endr\u00fc Vilson yolba\u015f\u00e7\u0131l\u0131\u011f\u0131nda \u00e7al\u0131\u015fqan mustaqil ve y\u00fcksek ihtisasl\u0131 ekspertlerni\u00f1 \u00e7al\u0131\u015fmalar\u0131 neticesinde olacaq Forum i\u015ftirak\u00e7ileri i\u00e7\u00fcn konkret tevsiyeler az\u0131rland\u0131&#8221;, &#8211; dep esap berdiler OSCE Aliy komissar\u0131n\u0131\u00f1 yard\u0131mc\u0131lar\u0131 Aleksandr Vinnikov i Vinsent de Graf bildirgenlerine k\u00f6re umumle\u015ftirilgen maruza ve tevsiyeler Ukrainada akkreditatsiya etilgen el\u00e7iler korpus\u0131 taraf\u0131ndan aprel ay\u0131nda baq\u0131l\u0131p, so\u00f1ra may\u0131s-iy\u00fcn aylar\u0131nda Kiyevde resmiy \u015fekilde taqdim etilgen so\u00f1 ingliz, rus ve ukrain tillerinde derc olunacaq em d OSCE sayt\u0131nda yerle\u015ftirilecek. K\u00f6r\u00fc\u015f\u00fcv devam\u0131nda on\u0131\u00f1 i\u015ftirak\u00e7ileri Q\u0131r\u0131mdaki siyasiy-i\u00e7timaiy vaziyetke dair fikirlerinen payla\u015ft\u0131lar.<\/p>\n\n\n\n<p>OSCE Aliy komissar\u0131n\u0131\u00f1 yard\u0131mc\u0131lar\u0131 2012 senesi dekabr 1 gecesi Cuma cami qaravul\u0131na tecavuz ve Molod\u00f6jnoye qasabas\u0131nda &#8220;Russkoye yedinstvo&#8221; taraf\u0131ndan yap\u0131l\u011fan tertipsizlik, Stalinge ba\u011f\u0131\u015flan\u011fan sergi boyunca taqiqat neticelerinen meraqland\u0131lar.<\/p>\n\n\n\n<p>K\u00f6r\u00fc\u015f\u00fcvni\u00f1 so\u00f1unda Meclis reisi Mustafa Cemilev OSCE Aliy komissar\u0131n\u0131\u00f1 yard\u0131mc\u0131lar\u0131n\u0131 Halqara Forum\u011fa b\u00f6yle ciddiy ve sistem az\u0131rl\u0131q k\u00f6rgenleri i\u00e7\u00fcn te\u015fekk\u00fcr bildirip, \u015fun\u0131 da qayd etti ki 2013 senesi aprel-may\u0131s aylar\u0131na planla\u015ft\u0131r\u0131l\u011fan OSCE mustaqil ekspertlerini\u00f1 Q\u0131r\u0131mdaki vaziyet ve q\u0131r\u0131mtatar halq\u0131n\u0131\u00f1 al\u0131 boyunca esabat\u0131 aqiqatn\u0131 k\u00f6sterir ve olacaq Halqara forum i\u015ftirak\u00e7ilerine konkret tevsiyelerni i\u015flemelerine siltem olur&#8221;<\/p>\n\n\n\n<figure class=\"wp-block-image size-full\"><img loading=\"lazy\" decoding=\"async\" width=\"650\" height=\"350\" src=\"http:\/\/qtmm.org\/wp-content\/uploads\/2022\/01\/6_26.jpeg\" alt=\"\" class=\"wp-image-35734\" srcset=\"https:\/\/qtmm.org\/wp-content\/uploads\/2022\/01\/6_26.jpeg 650w, https:\/\/qtmm.org\/wp-content\/uploads\/2022\/01\/6_26-300x162.jpeg 300w\" sizes=\"auto, (max-width: 650px) 100vw, 650px\" \/><\/figure>\n\n\n\n<p><\/p>\n","protected":false},"excerpt":{"rendered":"<p>2013 senesi yanvar 24 k\u00fcn\u00fc Q\u0131r\u0131mtatar halq\u0131 Meclisini\u00f1 reisi, Ukraina halq deputat\u0131 Mustafa Cemilev OSCE Aliy komissar\u0131n\u0131\u00f1 milliy azl\u0131qlarn\u0131\u00f1 i\u015fleri boyunca yard\u0131mc\u0131s\u0131 Aleksandr Vinnikov ve adliye meseleleri boyunca mesleat\u00e7\u0131s\u0131 Vinsent de Graf ile k\u00f6r\u00fc\u015fti. Meclis reisini\u00f1 birinci muavini Refat \u00c7ubarov, Meclis t\u0131\u015fq\u0131 i\u015fler b\u00f6l\u00fcgini\u00f1 ba\u015f\u0131 Ali Hamzin, Meclis K\u00e2tibiyetini\u00f1 reberi Zair Smedl\u00e2yev i\u015ftirak etken bu [&hellip;]<\/p>\n","protected":false},"author":1,"featured_media":35730,"comment_status":"open","ping_status":"open","sticky":false,"template":"","format":"standard","meta":{"inline_featured_image":false,"footnotes":""},"categories":[265],"tags":[],"class_list":["post-35725","post","type-post","status-publish","format-standard","has-post-thumbnail","hentry","category-haberler"],"acf":[],"yoast_head":"<!-- This site is optimized with the Yoast SEO plugin v27.4 - https:\/\/yoast.com\/product\/yoast-seo-wordpress\/ -->\n<title>Mustafa Cemilev: \u00ab2013 senesi aprel-may\u0131s aylar\u0131na planla\u015ft\u0131r\u0131l\u011fan OSCE mustaqil ekspertlerini\u00f1 Q\u0131r\u0131mdaki vaziyet ve q\u0131r\u0131mtatar halq\u0131n\u0131\u00f1 al\u0131 boyunca esabat\u0131 aqiqatn\u0131 k\u00f6sterir ve olacaq Halqara forum i\u015ftirak\u00e7ilerine konkret tevsiyelerni i\u015flemelerine s - \u041c\u0435\u0434\u0436\u043b\u0456\u0441<\/title>\n<meta name=\"robots\" content=\"index, follow, max-snippet:-1, max-image-preview:large, max-video-preview:-1\" \/>\n<link rel=\"canonical\" href=\"https:\/\/qtmm.org\/qt\/mustafa-cemilev-2013-senesi-aprel-mayis-aylarina-planlastirilgan-osce-mustaqil-ekspertlerinin-qirimdaki-vaziyet-ve-qirimtatar-halqinin-ali-boyunca-esabati-aqiqatni-kosterir-ve-olacaq-halqara-fo\/\" \/>\n<meta property=\"og:locale\" content=\"en_US\" \/>\n<meta property=\"og:type\" content=\"article\" \/>\n<meta property=\"og:title\" content=\"Mustafa Cemilev: \u00ab2013 senesi aprel-may\u0131s aylar\u0131na planla\u015ft\u0131r\u0131l\u011fan OSCE mustaqil ekspertlerini\u00f1 Q\u0131r\u0131mdaki vaziyet ve q\u0131r\u0131mtatar halq\u0131n\u0131\u00f1 al\u0131 boyunca esabat\u0131 aqiqatn\u0131 k\u00f6sterir ve olacaq Halqara forum i\u015ftirak\u00e7ilerine konkret tevsiyelerni i\u015flemelerine s - \u041c\u0435\u0434\u0436\u043b\u0456\u0441\" \/>\n<meta property=\"og:description\" content=\"2013 senesi yanvar 24 k\u00fcn\u00fc Q\u0131r\u0131mtatar halq\u0131 Meclisini\u00f1 reisi, Ukraina halq deputat\u0131 Mustafa Cemilev OSCE Aliy komissar\u0131n\u0131\u00f1 milliy azl\u0131qlarn\u0131\u00f1 i\u015fleri boyunca yard\u0131mc\u0131s\u0131 Aleksandr Vinnikov ve adliye meseleleri boyunca mesleat\u00e7\u0131s\u0131 Vinsent de Graf ile k\u00f6r\u00fc\u015fti. Meclis reisini\u00f1 birinci muavini Refat \u00c7ubarov, Meclis t\u0131\u015fq\u0131 i\u015fler b\u00f6l\u00fcgini\u00f1 ba\u015f\u0131 Ali Hamzin, Meclis K\u00e2tibiyetini\u00f1 reberi Zair Smedl\u00e2yev i\u015ftirak etken bu [&hellip;]\" \/>\n<meta property=\"og:url\" content=\"https:\/\/qtmm.org\/qt\/mustafa-cemilev-2013-senesi-aprel-mayis-aylarina-planlastirilgan-osce-mustaqil-ekspertlerinin-qirimdaki-vaziyet-ve-qirimtatar-halqinin-ali-boyunca-esabati-aqiqatni-kosterir-ve-olacaq-halqara-fo\/\" \/>\n<meta property=\"og:site_name\" content=\"\u041c\u0435\u0434\u0436\u043b\u0456\u0441\" \/>\n<meta property=\"article:publisher\" content=\"https:\/\/www.facebook.com\/qtmm.info\/\" \/>\n<meta property=\"article:published_time\" content=\"2013-01-24T13:39:00+00:00\" \/>\n<meta property=\"article:modified_time\" content=\"2022-01-23T13:41:46+00:00\" \/>\n<meta property=\"og:image\" content=\"https:\/\/qtmm.org\/wp-content\/uploads\/2022\/01\/5_36.jpeg\" \/>\n\t<meta property=\"og:image:width\" content=\"650\" \/>\n\t<meta property=\"og:image:height\" content=\"350\" \/>\n\t<meta property=\"og:image:type\" content=\"image\/jpeg\" \/>\n<meta name=\"author\" content=\"Developer\" \/>\n<meta name=\"twitter:card\" content=\"summary_large_image\" \/>\n<meta name=\"twitter:label1\" content=\"Written by\" \/>\n\t<meta name=\"twitter:data1\" content=\"Developer\" \/>\n\t<meta name=\"twitter:label2\" content=\"Est. reading time\" \/>\n\t<meta name=\"twitter:data2\" content=\"2 minutes\" \/>\n<script type=\"application\/ld+json\" class=\"yoast-schema-graph\">{\"@context\":\"https:\\\/\\\/schema.org\",\"@graph\":[{\"@type\":\"Article\",\"@id\":\"https:\\\/\\\/qtmm.org\\\/qt\\\/mustafa-cemilev-2013-senesi-aprel-mayis-aylarina-planlastirilgan-osce-mustaqil-ekspertlerinin-qirimdaki-vaziyet-ve-qirimtatar-halqinin-ali-boyunca-esabati-aqiqatni-kosterir-ve-olacaq-halqara-fo\\\/#article\",\"isPartOf\":{\"@id\":\"https:\\\/\\\/qtmm.org\\\/qt\\\/mustafa-cemilev-2013-senesi-aprel-mayis-aylarina-planlastirilgan-osce-mustaqil-ekspertlerinin-qirimdaki-vaziyet-ve-qirimtatar-halqinin-ali-boyunca-esabati-aqiqatni-kosterir-ve-olacaq-halqara-fo\\\/\"},\"author\":{\"name\":\"Developer\",\"@id\":\"https:\\\/\\\/qtmm.org\\\/qt\\\/#\\\/schema\\\/person\\\/de562469f971dec226ac06e60bbf74a7\"},\"headline\":\"Mustafa Cemilev: \u00ab2013 senesi aprel-may\u0131s aylar\u0131na planla\u015ft\u0131r\u0131l\u011fan OSCE mustaqil ekspertlerini\u00f1 Q\u0131r\u0131mdaki vaziyet ve q\u0131r\u0131mtatar halq\u0131n\u0131\u00f1 al\u0131 boyunca esabat\u0131 aqiqatn\u0131 k\u00f6sterir ve olacaq Halqara forum i\u015ftirak\u00e7ilerine konkret tevsiyelerni i\u015flemelerine s\",\"datePublished\":\"2013-01-24T13:39:00+00:00\",\"dateModified\":\"2022-01-23T13:41:46+00:00\",\"mainEntityOfPage\":{\"@id\":\"https:\\\/\\\/qtmm.org\\\/qt\\\/mustafa-cemilev-2013-senesi-aprel-mayis-aylarina-planlastirilgan-osce-mustaqil-ekspertlerinin-qirimdaki-vaziyet-ve-qirimtatar-halqinin-ali-boyunca-esabati-aqiqatni-kosterir-ve-olacaq-halqara-fo\\\/\"},\"wordCount\":382,\"commentCount\":0,\"publisher\":{\"@id\":\"https:\\\/\\\/qtmm.org\\\/qt\\\/#organization\"},\"image\":{\"@id\":\"https:\\\/\\\/qtmm.org\\\/qt\\\/mustafa-cemilev-2013-senesi-aprel-mayis-aylarina-planlastirilgan-osce-mustaqil-ekspertlerinin-qirimdaki-vaziyet-ve-qirimtatar-halqinin-ali-boyunca-esabati-aqiqatni-kosterir-ve-olacaq-halqara-fo\\\/#primaryimage\"},\"thumbnailUrl\":\"https:\\\/\\\/qtmm.org\\\/wp-content\\\/uploads\\\/2022\\\/01\\\/5_36.jpeg\",\"articleSection\":[\"Haberler\"],\"inLanguage\":\"qt\",\"potentialAction\":[{\"@type\":\"CommentAction\",\"name\":\"Comment\",\"target\":[\"https:\\\/\\\/qtmm.org\\\/qt\\\/mustafa-cemilev-2013-senesi-aprel-mayis-aylarina-planlastirilgan-osce-mustaqil-ekspertlerinin-qirimdaki-vaziyet-ve-qirimtatar-halqinin-ali-boyunca-esabati-aqiqatni-kosterir-ve-olacaq-halqara-fo\\\/#respond\"]}]},{\"@type\":\"WebPage\",\"@id\":\"https:\\\/\\\/qtmm.org\\\/qt\\\/mustafa-cemilev-2013-senesi-aprel-mayis-aylarina-planlastirilgan-osce-mustaqil-ekspertlerinin-qirimdaki-vaziyet-ve-qirimtatar-halqinin-ali-boyunca-esabati-aqiqatni-kosterir-ve-olacaq-halqara-fo\\\/\",\"url\":\"https:\\\/\\\/qtmm.org\\\/qt\\\/mustafa-cemilev-2013-senesi-aprel-mayis-aylarina-planlastirilgan-osce-mustaqil-ekspertlerinin-qirimdaki-vaziyet-ve-qirimtatar-halqinin-ali-boyunca-esabati-aqiqatni-kosterir-ve-olacaq-halqara-fo\\\/\",\"name\":\"Mustafa Cemilev: \u00ab2013 senesi aprel-may\u0131s aylar\u0131na planla\u015ft\u0131r\u0131l\u011fan OSCE mustaqil ekspertlerini\u00f1 Q\u0131r\u0131mdaki vaziyet ve q\u0131r\u0131mtatar halq\u0131n\u0131\u00f1 al\u0131 boyunca esabat\u0131 aqiqatn\u0131 k\u00f6sterir ve olacaq Halqara forum i\u015ftirak\u00e7ilerine konkret tevsiyelerni i\u015flemelerine s - \u041c\u0435\u0434\u0436\u043b\u0456\u0441\",\"isPartOf\":{\"@id\":\"https:\\\/\\\/qtmm.org\\\/qt\\\/#website\"},\"primaryImageOfPage\":{\"@id\":\"https:\\\/\\\/qtmm.org\\\/qt\\\/mustafa-cemilev-2013-senesi-aprel-mayis-aylarina-planlastirilgan-osce-mustaqil-ekspertlerinin-qirimdaki-vaziyet-ve-qirimtatar-halqinin-ali-boyunca-esabati-aqiqatni-kosterir-ve-olacaq-halqara-fo\\\/#primaryimage\"},\"image\":{\"@id\":\"https:\\\/\\\/qtmm.org\\\/qt\\\/mustafa-cemilev-2013-senesi-aprel-mayis-aylarina-planlastirilgan-osce-mustaqil-ekspertlerinin-qirimdaki-vaziyet-ve-qirimtatar-halqinin-ali-boyunca-esabati-aqiqatni-kosterir-ve-olacaq-halqara-fo\\\/#primaryimage\"},\"thumbnailUrl\":\"https:\\\/\\\/qtmm.org\\\/wp-content\\\/uploads\\\/2022\\\/01\\\/5_36.jpeg\",\"datePublished\":\"2013-01-24T13:39:00+00:00\",\"dateModified\":\"2022-01-23T13:41:46+00:00\",\"breadcrumb\":{\"@id\":\"https:\\\/\\\/qtmm.org\\\/qt\\\/mustafa-cemilev-2013-senesi-aprel-mayis-aylarina-planlastirilgan-osce-mustaqil-ekspertlerinin-qirimdaki-vaziyet-ve-qirimtatar-halqinin-ali-boyunca-esabati-aqiqatni-kosterir-ve-olacaq-halqara-fo\\\/#breadcrumb\"},\"inLanguage\":\"qt\",\"potentialAction\":[{\"@type\":\"ReadAction\",\"target\":[\"https:\\\/\\\/qtmm.org\\\/qt\\\/mustafa-cemilev-2013-senesi-aprel-mayis-aylarina-planlastirilgan-osce-mustaqil-ekspertlerinin-qirimdaki-vaziyet-ve-qirimtatar-halqinin-ali-boyunca-esabati-aqiqatni-kosterir-ve-olacaq-halqara-fo\\\/\"]}]},{\"@type\":\"ImageObject\",\"inLanguage\":\"qt\",\"@id\":\"https:\\\/\\\/qtmm.org\\\/qt\\\/mustafa-cemilev-2013-senesi-aprel-mayis-aylarina-planlastirilgan-osce-mustaqil-ekspertlerinin-qirimdaki-vaziyet-ve-qirimtatar-halqinin-ali-boyunca-esabati-aqiqatni-kosterir-ve-olacaq-halqara-fo\\\/#primaryimage\",\"url\":\"https:\\\/\\\/qtmm.org\\\/wp-content\\\/uploads\\\/2022\\\/01\\\/5_36.jpeg\",\"contentUrl\":\"https:\\\/\\\/qtmm.org\\\/wp-content\\\/uploads\\\/2022\\\/01\\\/5_36.jpeg\",\"width\":650,\"height\":350},{\"@type\":\"BreadcrumbList\",\"@id\":\"https:\\\/\\\/qtmm.org\\\/qt\\\/mustafa-cemilev-2013-senesi-aprel-mayis-aylarina-planlastirilgan-osce-mustaqil-ekspertlerinin-qirimdaki-vaziyet-ve-qirimtatar-halqinin-ali-boyunca-esabati-aqiqatni-kosterir-ve-olacaq-halqara-fo\\\/#breadcrumb\",\"itemListElement\":[{\"@type\":\"ListItem\",\"position\":1,\"name\":\"\u0413\u043e\u043b\u043e\u0432\u043d\u0430\",\"item\":\"https:\\\/\\\/qtmm.org\\\/qt\\\/\"},{\"@type\":\"ListItem\",\"position\":2,\"name\":\"Mustafa Cemilev: \u00ab2013 senesi aprel-may\u0131s aylar\u0131na planla\u015ft\u0131r\u0131l\u011fan OSCE mustaqil ekspertlerini\u00f1 Q\u0131r\u0131mdaki vaziyet ve q\u0131r\u0131mtatar halq\u0131n\u0131\u00f1 al\u0131 boyunca esabat\u0131 aqiqatn\u0131 k\u00f6sterir ve olacaq Halqara forum i\u015ftirak\u00e7ilerine konkret tevsiyelerni i\u015flemelerine s\"}]},{\"@type\":\"WebSite\",\"@id\":\"https:\\\/\\\/qtmm.org\\\/qt\\\/#website\",\"url\":\"https:\\\/\\\/qtmm.org\\\/qt\\\/\",\"name\":\"\u041c\u0435\u0434\u0436\u043b\u0456\u0441\",\"description\":\"\",\"publisher\":{\"@id\":\"https:\\\/\\\/qtmm.org\\\/qt\\\/#organization\"},\"potentialAction\":[{\"@type\":\"SearchAction\",\"target\":{\"@type\":\"EntryPoint\",\"urlTemplate\":\"https:\\\/\\\/qtmm.org\\\/qt\\\/?s={search_term_string}\"},\"query-input\":{\"@type\":\"PropertyValueSpecification\",\"valueRequired\":true,\"valueName\":\"search_term_string\"}}],\"inLanguage\":\"qt\"},{\"@type\":\"Organization\",\"@id\":\"https:\\\/\\\/qtmm.org\\\/qt\\\/#organization\",\"name\":\"\u041c\u0435\u0434\u0436\u043b\u0456\u0441\",\"url\":\"https:\\\/\\\/qtmm.org\\\/qt\\\/\",\"logo\":{\"@type\":\"ImageObject\",\"inLanguage\":\"qt\",\"@id\":\"https:\\\/\\\/qtmm.org\\\/qt\\\/#\\\/schema\\\/logo\\\/image\\\/\",\"url\":\"https:\\\/\\\/qtmm.org\\\/wp-content\\\/uploads\\\/2024\\\/12\\\/ua-mejlis-logo-rgb.svg\",\"contentUrl\":\"https:\\\/\\\/qtmm.org\\\/wp-content\\\/uploads\\\/2024\\\/12\\\/ua-mejlis-logo-rgb.svg\",\"caption\":\"\u041c\u0435\u0434\u0436\u043b\u0456\u0441\"},\"image\":{\"@id\":\"https:\\\/\\\/qtmm.org\\\/qt\\\/#\\\/schema\\\/logo\\\/image\\\/\"},\"sameAs\":[\"https:\\\/\\\/www.facebook.com\\\/qtmm.info\\\/\"]},{\"@type\":\"Person\",\"@id\":\"https:\\\/\\\/qtmm.org\\\/qt\\\/#\\\/schema\\\/person\\\/de562469f971dec226ac06e60bbf74a7\",\"name\":\"Developer\",\"image\":{\"@type\":\"ImageObject\",\"inLanguage\":\"qt\",\"@id\":\"https:\\\/\\\/secure.gravatar.com\\\/avatar\\\/392b4cc8fbfeb00b39dfeeab4ee6edded39ffd48e25858637e4765810300227e?s=96&d=mm&r=g\",\"url\":\"https:\\\/\\\/secure.gravatar.com\\\/avatar\\\/392b4cc8fbfeb00b39dfeeab4ee6edded39ffd48e25858637e4765810300227e?s=96&d=mm&r=g\",\"contentUrl\":\"https:\\\/\\\/secure.gravatar.com\\\/avatar\\\/392b4cc8fbfeb00b39dfeeab4ee6edded39ffd48e25858637e4765810300227e?s=96&d=mm&r=g\",\"caption\":\"Developer\"},\"url\":\"https:\\\/\\\/qtmm.org\\\/qt\\\/author\\\/Developer\\\/\"}]}<\/script>\n<!-- \/ Yoast SEO plugin. -->","yoast_head_json":{"title":"Mustafa Cemilev: \u00ab2013 senesi aprel-may\u0131s aylar\u0131na planla\u015ft\u0131r\u0131l\u011fan OSCE mustaqil ekspertlerini\u00f1 Q\u0131r\u0131mdaki vaziyet ve q\u0131r\u0131mtatar halq\u0131n\u0131\u00f1 al\u0131 boyunca esabat\u0131 aqiqatn\u0131 k\u00f6sterir ve olacaq Halqara forum i\u015ftirak\u00e7ilerine konkret tevsiyelerni i\u015flemelerine s - \u041c\u0435\u0434\u0436\u043b\u0456\u0441","robots":{"index":"index","follow":"follow","max-snippet":"max-snippet:-1","max-image-preview":"max-image-preview:large","max-video-preview":"max-video-preview:-1"},"canonical":"https:\/\/qtmm.org\/qt\/mustafa-cemilev-2013-senesi-aprel-mayis-aylarina-planlastirilgan-osce-mustaqil-ekspertlerinin-qirimdaki-vaziyet-ve-qirimtatar-halqinin-ali-boyunca-esabati-aqiqatni-kosterir-ve-olacaq-halqara-fo\/","og_locale":"en_US","og_type":"article","og_title":"Mustafa Cemilev: \u00ab2013 senesi aprel-may\u0131s aylar\u0131na planla\u015ft\u0131r\u0131l\u011fan OSCE mustaqil ekspertlerini\u00f1 Q\u0131r\u0131mdaki vaziyet ve q\u0131r\u0131mtatar halq\u0131n\u0131\u00f1 al\u0131 boyunca esabat\u0131 aqiqatn\u0131 k\u00f6sterir ve olacaq Halqara forum i\u015ftirak\u00e7ilerine konkret tevsiyelerni i\u015flemelerine s - \u041c\u0435\u0434\u0436\u043b\u0456\u0441","og_description":"2013 senesi yanvar 24 k\u00fcn\u00fc Q\u0131r\u0131mtatar halq\u0131 Meclisini\u00f1 reisi, Ukraina halq deputat\u0131 Mustafa Cemilev OSCE Aliy komissar\u0131n\u0131\u00f1 milliy azl\u0131qlarn\u0131\u00f1 i\u015fleri boyunca yard\u0131mc\u0131s\u0131 Aleksandr Vinnikov ve adliye meseleleri boyunca mesleat\u00e7\u0131s\u0131 Vinsent de Graf ile k\u00f6r\u00fc\u015fti. Meclis reisini\u00f1 birinci muavini Refat \u00c7ubarov, Meclis t\u0131\u015fq\u0131 i\u015fler b\u00f6l\u00fcgini\u00f1 ba\u015f\u0131 Ali Hamzin, Meclis K\u00e2tibiyetini\u00f1 reberi Zair Smedl\u00e2yev i\u015ftirak etken bu [&hellip;]","og_url":"https:\/\/qtmm.org\/qt\/mustafa-cemilev-2013-senesi-aprel-mayis-aylarina-planlastirilgan-osce-mustaqil-ekspertlerinin-qirimdaki-vaziyet-ve-qirimtatar-halqinin-ali-boyunca-esabati-aqiqatni-kosterir-ve-olacaq-halqara-fo\/","og_site_name":"\u041c\u0435\u0434\u0436\u043b\u0456\u0441","article_publisher":"https:\/\/www.facebook.com\/qtmm.info\/","article_published_time":"2013-01-24T13:39:00+00:00","article_modified_time":"2022-01-23T13:41:46+00:00","og_image":[{"width":650,"height":350,"url":"https:\/\/qtmm.org\/wp-content\/uploads\/2022\/01\/5_36.jpeg","type":"image\/jpeg"}],"author":"Developer","twitter_card":"summary_large_image","twitter_misc":{"Written by":"Developer","Est. reading time":"2 minutes"},"schema":{"@context":"https:\/\/schema.org","@graph":[{"@type":"Article","@id":"https:\/\/qtmm.org\/qt\/mustafa-cemilev-2013-senesi-aprel-mayis-aylarina-planlastirilgan-osce-mustaqil-ekspertlerinin-qirimdaki-vaziyet-ve-qirimtatar-halqinin-ali-boyunca-esabati-aqiqatni-kosterir-ve-olacaq-halqara-fo\/#article","isPartOf":{"@id":"https:\/\/qtmm.org\/qt\/mustafa-cemilev-2013-senesi-aprel-mayis-aylarina-planlastirilgan-osce-mustaqil-ekspertlerinin-qirimdaki-vaziyet-ve-qirimtatar-halqinin-ali-boyunca-esabati-aqiqatni-kosterir-ve-olacaq-halqara-fo\/"},"author":{"name":"Developer","@id":"https:\/\/qtmm.org\/qt\/#\/schema\/person\/de562469f971dec226ac06e60bbf74a7"},"headline":"Mustafa Cemilev: \u00ab2013 senesi aprel-may\u0131s aylar\u0131na planla\u015ft\u0131r\u0131l\u011fan OSCE mustaqil ekspertlerini\u00f1 Q\u0131r\u0131mdaki vaziyet ve q\u0131r\u0131mtatar halq\u0131n\u0131\u00f1 al\u0131 boyunca esabat\u0131 aqiqatn\u0131 k\u00f6sterir ve olacaq Halqara forum i\u015ftirak\u00e7ilerine konkret tevsiyelerni i\u015flemelerine s","datePublished":"2013-01-24T13:39:00+00:00","dateModified":"2022-01-23T13:41:46+00:00","mainEntityOfPage":{"@id":"https:\/\/qtmm.org\/qt\/mustafa-cemilev-2013-senesi-aprel-mayis-aylarina-planlastirilgan-osce-mustaqil-ekspertlerinin-qirimdaki-vaziyet-ve-qirimtatar-halqinin-ali-boyunca-esabati-aqiqatni-kosterir-ve-olacaq-halqara-fo\/"},"wordCount":382,"commentCount":0,"publisher":{"@id":"https:\/\/qtmm.org\/qt\/#organization"},"image":{"@id":"https:\/\/qtmm.org\/qt\/mustafa-cemilev-2013-senesi-aprel-mayis-aylarina-planlastirilgan-osce-mustaqil-ekspertlerinin-qirimdaki-vaziyet-ve-qirimtatar-halqinin-ali-boyunca-esabati-aqiqatni-kosterir-ve-olacaq-halqara-fo\/#primaryimage"},"thumbnailUrl":"https:\/\/qtmm.org\/wp-content\/uploads\/2022\/01\/5_36.jpeg","articleSection":["Haberler"],"inLanguage":"qt","potentialAction":[{"@type":"CommentAction","name":"Comment","target":["https:\/\/qtmm.org\/qt\/mustafa-cemilev-2013-senesi-aprel-mayis-aylarina-planlastirilgan-osce-mustaqil-ekspertlerinin-qirimdaki-vaziyet-ve-qirimtatar-halqinin-ali-boyunca-esabati-aqiqatni-kosterir-ve-olacaq-halqara-fo\/#respond"]}]},{"@type":"WebPage","@id":"https:\/\/qtmm.org\/qt\/mustafa-cemilev-2013-senesi-aprel-mayis-aylarina-planlastirilgan-osce-mustaqil-ekspertlerinin-qirimdaki-vaziyet-ve-qirimtatar-halqinin-ali-boyunca-esabati-aqiqatni-kosterir-ve-olacaq-halqara-fo\/","url":"https:\/\/qtmm.org\/qt\/mustafa-cemilev-2013-senesi-aprel-mayis-aylarina-planlastirilgan-osce-mustaqil-ekspertlerinin-qirimdaki-vaziyet-ve-qirimtatar-halqinin-ali-boyunca-esabati-aqiqatni-kosterir-ve-olacaq-halqara-fo\/","name":"Mustafa Cemilev: \u00ab2013 senesi aprel-may\u0131s aylar\u0131na planla\u015ft\u0131r\u0131l\u011fan OSCE mustaqil ekspertlerini\u00f1 Q\u0131r\u0131mdaki vaziyet ve q\u0131r\u0131mtatar halq\u0131n\u0131\u00f1 al\u0131 boyunca esabat\u0131 aqiqatn\u0131 k\u00f6sterir ve olacaq Halqara forum i\u015ftirak\u00e7ilerine konkret tevsiyelerni i\u015flemelerine s - \u041c\u0435\u0434\u0436\u043b\u0456\u0441","isPartOf":{"@id":"https:\/\/qtmm.org\/qt\/#website"},"primaryImageOfPage":{"@id":"https:\/\/qtmm.org\/qt\/mustafa-cemilev-2013-senesi-aprel-mayis-aylarina-planlastirilgan-osce-mustaqil-ekspertlerinin-qirimdaki-vaziyet-ve-qirimtatar-halqinin-ali-boyunca-esabati-aqiqatni-kosterir-ve-olacaq-halqara-fo\/#primaryimage"},"image":{"@id":"https:\/\/qtmm.org\/qt\/mustafa-cemilev-2013-senesi-aprel-mayis-aylarina-planlastirilgan-osce-mustaqil-ekspertlerinin-qirimdaki-vaziyet-ve-qirimtatar-halqinin-ali-boyunca-esabati-aqiqatni-kosterir-ve-olacaq-halqara-fo\/#primaryimage"},"thumbnailUrl":"https:\/\/qtmm.org\/wp-content\/uploads\/2022\/01\/5_36.jpeg","datePublished":"2013-01-24T13:39:00+00:00","dateModified":"2022-01-23T13:41:46+00:00","breadcrumb":{"@id":"https:\/\/qtmm.org\/qt\/mustafa-cemilev-2013-senesi-aprel-mayis-aylarina-planlastirilgan-osce-mustaqil-ekspertlerinin-qirimdaki-vaziyet-ve-qirimtatar-halqinin-ali-boyunca-esabati-aqiqatni-kosterir-ve-olacaq-halqara-fo\/#breadcrumb"},"inLanguage":"qt","potentialAction":[{"@type":"ReadAction","target":["https:\/\/qtmm.org\/qt\/mustafa-cemilev-2013-senesi-aprel-mayis-aylarina-planlastirilgan-osce-mustaqil-ekspertlerinin-qirimdaki-vaziyet-ve-qirimtatar-halqinin-ali-boyunca-esabati-aqiqatni-kosterir-ve-olacaq-halqara-fo\/"]}]},{"@type":"ImageObject","inLanguage":"qt","@id":"https:\/\/qtmm.org\/qt\/mustafa-cemilev-2013-senesi-aprel-mayis-aylarina-planlastirilgan-osce-mustaqil-ekspertlerinin-qirimdaki-vaziyet-ve-qirimtatar-halqinin-ali-boyunca-esabati-aqiqatni-kosterir-ve-olacaq-halqara-fo\/#primaryimage","url":"https:\/\/qtmm.org\/wp-content\/uploads\/2022\/01\/5_36.jpeg","contentUrl":"https:\/\/qtmm.org\/wp-content\/uploads\/2022\/01\/5_36.jpeg","width":650,"height":350},{"@type":"BreadcrumbList","@id":"https:\/\/qtmm.org\/qt\/mustafa-cemilev-2013-senesi-aprel-mayis-aylarina-planlastirilgan-osce-mustaqil-ekspertlerinin-qirimdaki-vaziyet-ve-qirimtatar-halqinin-ali-boyunca-esabati-aqiqatni-kosterir-ve-olacaq-halqara-fo\/#breadcrumb","itemListElement":[{"@type":"ListItem","position":1,"name":"\u0413\u043e\u043b\u043e\u0432\u043d\u0430","item":"https:\/\/qtmm.org\/qt\/"},{"@type":"ListItem","position":2,"name":"Mustafa Cemilev: \u00ab2013 senesi aprel-may\u0131s aylar\u0131na planla\u015ft\u0131r\u0131l\u011fan OSCE mustaqil ekspertlerini\u00f1 Q\u0131r\u0131mdaki vaziyet ve q\u0131r\u0131mtatar halq\u0131n\u0131\u00f1 al\u0131 boyunca esabat\u0131 aqiqatn\u0131 k\u00f6sterir ve olacaq Halqara forum i\u015ftirak\u00e7ilerine konkret tevsiyelerni i\u015flemelerine s"}]},{"@type":"WebSite","@id":"https:\/\/qtmm.org\/qt\/#website","url":"https:\/\/qtmm.org\/qt\/","name":"\u041c\u0435\u0434\u0436\u043b\u0456\u0441","description":"","publisher":{"@id":"https:\/\/qtmm.org\/qt\/#organization"},"potentialAction":[{"@type":"SearchAction","target":{"@type":"EntryPoint","urlTemplate":"https:\/\/qtmm.org\/qt\/?s={search_term_string}"},"query-input":{"@type":"PropertyValueSpecification","valueRequired":true,"valueName":"search_term_string"}}],"inLanguage":"qt"},{"@type":"Organization","@id":"https:\/\/qtmm.org\/qt\/#organization","name":"\u041c\u0435\u0434\u0436\u043b\u0456\u0441","url":"https:\/\/qtmm.org\/qt\/","logo":{"@type":"ImageObject","inLanguage":"qt","@id":"https:\/\/qtmm.org\/qt\/#\/schema\/logo\/image\/","url":"https:\/\/qtmm.org\/wp-content\/uploads\/2024\/12\/ua-mejlis-logo-rgb.svg","contentUrl":"https:\/\/qtmm.org\/wp-content\/uploads\/2024\/12\/ua-mejlis-logo-rgb.svg","caption":"\u041c\u0435\u0434\u0436\u043b\u0456\u0441"},"image":{"@id":"https:\/\/qtmm.org\/qt\/#\/schema\/logo\/image\/"},"sameAs":["https:\/\/www.facebook.com\/qtmm.info\/"]},{"@type":"Person","@id":"https:\/\/qtmm.org\/qt\/#\/schema\/person\/de562469f971dec226ac06e60bbf74a7","name":"Developer","image":{"@type":"ImageObject","inLanguage":"qt","@id":"https:\/\/secure.gravatar.com\/avatar\/392b4cc8fbfeb00b39dfeeab4ee6edded39ffd48e25858637e4765810300227e?s=96&d=mm&r=g","url":"https:\/\/secure.gravatar.com\/avatar\/392b4cc8fbfeb00b39dfeeab4ee6edded39ffd48e25858637e4765810300227e?s=96&d=mm&r=g","contentUrl":"https:\/\/secure.gravatar.com\/avatar\/392b4cc8fbfeb00b39dfeeab4ee6edded39ffd48e25858637e4765810300227e?s=96&d=mm&r=g","caption":"Developer"},"url":"https:\/\/qtmm.org\/qt\/author\/Developer\/"}]}},"_links":{"self":[{"href":"https:\/\/qtmm.org\/qt\/wp-json\/wp\/v2\/posts\/35725","targetHints":{"allow":["GET"]}}],"collection":[{"href":"https:\/\/qtmm.org\/qt\/wp-json\/wp\/v2\/posts"}],"about":[{"href":"https:\/\/qtmm.org\/qt\/wp-json\/wp\/v2\/types\/post"}],"author":[{"embeddable":true,"href":"https:\/\/qtmm.org\/qt\/wp-json\/wp\/v2\/users\/1"}],"replies":[{"embeddable":true,"href":"https:\/\/qtmm.org\/qt\/wp-json\/wp\/v2\/comments?post=35725"}],"version-history":[{"count":1,"href":"https:\/\/qtmm.org\/qt\/wp-json\/wp\/v2\/posts\/35725\/revisions"}],"predecessor-version":[{"id":35738,"href":"https:\/\/qtmm.org\/qt\/wp-json\/wp\/v2\/posts\/35725\/revisions\/35738"}],"wp:featuredmedia":[{"embeddable":true,"href":"https:\/\/qtmm.org\/qt\/wp-json\/wp\/v2\/media\/35730"}],"wp:attachment":[{"href":"https:\/\/qtmm.org\/qt\/wp-json\/wp\/v2\/media?parent=35725"}],"wp:term":[{"taxonomy":"category","embeddable":true,"href":"https:\/\/qtmm.org\/qt\/wp-json\/wp\/v2\/categories?post=35725"},{"taxonomy":"post_tag","embeddable":true,"href":"https:\/\/qtmm.org\/qt\/wp-json\/wp\/v2\/tags?post=35725"}],"curies":[{"name":"wp","href":"https:\/\/api.w.org\/{rel}","templated":true}]}}