




{"id":35723,"date":"2013-01-17T16:39:00","date_gmt":"2013-01-17T13:39:00","guid":{"rendered":"http:\/\/qtmm.org\/?p=35723"},"modified":"2022-01-23T16:39:26","modified_gmt":"2022-01-23T13:39:26","slug":"remzi-ilyasov-5-nci-cagirilis-qurultay-yani-seviyege-koterilmek-imkanini-bergen-qararlarni-aldi","status":"publish","type":"post","link":"https:\/\/qtmm.org\/qt\/remzi-ilyasov-5-nci-cagirilis-qurultay-yani-seviyege-koterilmek-imkanini-bergen-qararlarni-aldi\/","title":{"rendered":"Remzi \u0130lyasov: \u00ab5-nci \u00e7a\u011f\u0131r\u0131l\u0131\u015f Qurultay ya\u00f1\u0131 seviyege k\u00f6terilmek imk\u00e2n\u0131n\u0131 bergen qararlarn\u0131 ald\u0131\u00bb"},"content":{"rendered":"\n<p>Yanvar 17 k\u00fcn\u00fc Meclis reisini\u00f1 muavini, Q\u0131r\u0131m Yuqar\u0131 \u015euras\u0131nda &#8220;Qurultay-Ruh&#8221; fraktsiyas\u0131n\u0131\u00f1 deputat\u0131 Remzi \u0130lyasov k\u00fctleviy matbuat vastalar\u0131n\u0131\u00f1 vekillerinen k\u00f6r\u00fc\u015fti.<\/p>\n\n\n\n<p>K\u00f6r\u00fc\u015f\u00fcv devam\u0131nda R. \u0130lyasov ke\u00e7ken Qurultayn\u0131\u00f1 neticeleri, &#8220;Q\u0131r\u0131mtatar halq\u0131 qurultay\u0131n\u0131\u00f1 delegatlar\u0131n\u0131 saylav nizam\u0131&#8221;n\u0131 tarif etip, jurnalistlerni\u00f1 suallerine cevap berdi.<\/p>\n\n\n\n<p>&#8220;Matbuat konferentsiyas\u0131nda men yal\u0131\u00f1\u0131z \u015fahsiy fikirlerimni degil de, be\u015f y\u0131l devam\u0131nda tekliflerimizni beraber kirsetken meslekde\u015flerimni\u00f1 de pozitsiyas\u0131n\u0131 seslendirmek isterdim, &#8211; dedi Remzi \u0130lyasov. \u2013 \u015eun\u0131 qayd etmek kerek, 5-nci \u00e7a\u011f\u0131r\u0131l\u0131\u015f Qurultay milliy idare sistemimizni ya\u00f1\u0131 seviyege k\u00f6tergen qararlarn\u0131 ald\u0131&#8221;.<\/p>\n\n\n\n<p>&#8220;Qurultayn\u0131\u00f1 2012 senesi iy\u00fcl 21-22 k\u00fcnleri ol\u0131p ke\u00e7ken 4-nci sessiyas\u0131nda 35 insandan ibaret saylav komissiyas\u0131 tizilgen ve qabul etilgen qarar \u00e7er\u00e7ivesinde &#8220;Qurultay delegatlar\u0131n\u0131 saylav nizam\u0131&#8221;n\u0131\u00f1 leyhas\u0131n\u0131 az\u0131rlamaq avale etilgen edi. Bese-belli nizamn\u0131 az\u0131rlav vaqt\u0131nda komissiya azalar\u0131 biri-birilerinen yah\u015f\u0131 a\u00f1la\u015f\u0131p olama\u011fanlar\u0131ndan i\u015f y\u00fcr\u00fc\u015fmedi. Men Merkeziy saylav komissiyas\u0131na Qurultay qabul etken nizam\u011fa boysun\u0131p, \u011fayr\u0131dan baq\u0131lmas\u0131 kerek ol\u011fan maddelerni ise Meclisni\u00f1 muzakeresine ayr\u0131ca bermekni teklif etken edim. Teess\u00fcf ki, konstruktiv laq\u0131rd\u0131 olmad\u0131 ve neticede &#8220;Nizamn\u0131&#8221; az\u0131rlav m\u00fcddeti belgilenmedi. \u015eun\u0131\u00f1 i\u00e7\u00fcn de nevbetteki sessiyan\u0131 ke\u00e7irmek zaruriyeti do\u011fd\u0131.<\/p>\n\n\n\n<p>Remzi \u0130lyasovn\u0131\u00f1 bildirginene k\u00f6re on\u0131\u00f1 kendisi leyha\u011fa 30-\u011fa yaq\u0131n t\u00fczet\u00fcv kirsetken. &#8220;Men delegatlardan saylav bloklar\u0131 ve namzetlerni\u00f1 bir kereden em partiya cedvellerinde, em majoritar dairelerde i\u015ftirak et\u00fcvlerine dair kesen-kes hul\u00e2sa\u011fa kelmekni rica ettim. Zan\u0131mca, Qurultay demokratik bir qarar ald\u0131, komissiya azalar\u0131n\u0131\u00f1 saylavda i\u015ftirak etmege aqq\u0131 yoq&#8221;.<\/p>\n\n\n\n<p>&#8220;Nizam boyunca t\u00fc\u015fken baz\u0131 tekliflerni ke\u00e7irmek m\u00fcrekkep olaca\u011f\u0131n\u0131 a\u00f1la\u011fan\u0131m alda b\u00f6yle teklifler q\u0131z\u011f\u0131n muzakere etilgeninden memn\u00fcnim, &#8211; dedi \u0130lyasov.<\/p>\n\n\n\n<p>Qurultay delegatlar\u0131n\u0131 saylav Nizam\u0131 husus\u0131nda \u0130lyasov b\u00f6yle dedi: &#8220;Nizamn\u0131 umumen al\u011fanda begenem. Al\u0131n\u011fan qararlar ne qadar qapa-qar\u015f\u0131 olmas\u0131n, neticede milliy idare sistemimizni\u00f1 seviyesini k\u00f6termek imk\u00e2n\u0131n\u0131 bereceklerine eminim&#8221;.<\/p>\n\n\n\n<p>Bu y\u0131l\u0131 \u00f6tkerilmesi planla\u015ft\u0131r\u0131l\u011fan saylav meselesine dair \u0130lyasov \u015fularn\u0131 aytt\u0131: &#8220;Qurultay delegatlar\u0131n\u0131 saylavn\u0131\u00f1 keti\u015fat\u0131n\u0131 k\u00f6zetmek i\u00e7\u00fcn \u00e7etelli nezaret\u00e7iler kelecek&#8221;. Merkeziy saylav komissiyas\u0131 yerlerde de az\u0131rl\u0131q i\u015flerini so\u00f1una yetkizgen so\u00f1 rey beril\u00fcvge 30 k\u00fcn qal\u011fanda Meclis sayt\u0131nda ve milliy ne\u015firlerde il\u00e2n berilecek, dep qayd etti R. \u0130lyasov.<br><br>Jurnalistlerni\u00f1 Meclis reisligi aqq\u0131ndaki suallerine Remzi \u0130lyasov s\u00f6yledi ki, Mustafa Cemilev q\u0131r\u0131mtatar halq\u0131n\u0131\u00f1 lideri ol\u0131p qalmaq kerek, dedi. Bun\u0131\u00f1 kibi de R. \u0130lyasov ya\u00f1\u0131 qurum \u2013er angi seviyedeki q\u0131r\u0131mtatar deputatlar\u0131n\u0131 birle\u015ftirgen Vekiller palatas\u0131 meydan\u011fa ketirilecegini aytt\u0131.<\/p>\n","protected":false},"excerpt":{"rendered":"<p>Yanvar 17 k\u00fcn\u00fc Meclis reisini\u00f1 muavini, Q\u0131r\u0131m Yuqar\u0131 \u015euras\u0131nda &#8220;Qurultay-Ruh&#8221; fraktsiyas\u0131n\u0131\u00f1 deputat\u0131 Remzi \u0130lyasov k\u00fctleviy matbuat vastalar\u0131n\u0131\u00f1 vekillerinen k\u00f6r\u00fc\u015fti. K\u00f6r\u00fc\u015f\u00fcv devam\u0131nda R. \u0130lyasov ke\u00e7ken Qurultayn\u0131\u00f1 neticeleri, &#8220;Q\u0131r\u0131mtatar halq\u0131 qurultay\u0131n\u0131\u00f1 delegatlar\u0131n\u0131 saylav nizam\u0131&#8221;n\u0131 tarif etip, jurnalistlerni\u00f1 suallerine cevap berdi. &#8220;Matbuat konferentsiyas\u0131nda men yal\u0131\u00f1\u0131z \u015fahsiy fikirlerimni degil de, be\u015f y\u0131l devam\u0131nda tekliflerimizni beraber kirsetken meslekde\u015flerimni\u00f1 de pozitsiyas\u0131n\u0131 [&hellip;]<\/p>\n","protected":false},"author":1,"featured_media":0,"comment_status":"open","ping_status":"open","sticky":false,"template":"","format":"standard","meta":{"inline_featured_image":false,"footnotes":""},"categories":[265],"tags":[],"class_list":["post-35723","post","type-post","status-publish","format-standard","hentry","category-haberler"],"acf":[],"yoast_head":"<!-- This site is optimized with the Yoast SEO plugin v27.4 - https:\/\/yoast.com\/product\/yoast-seo-wordpress\/ -->\n<title>Remzi \u0130lyasov: \u00ab5-nci \u00e7a\u011f\u0131r\u0131l\u0131\u015f Qurultay ya\u00f1\u0131 seviyege k\u00f6terilmek imk\u00e2n\u0131n\u0131 bergen qararlarn\u0131 ald\u0131\u00bb - \u041c\u0435\u0434\u0436\u043b\u0456\u0441<\/title>\n<meta name=\"robots\" content=\"index, follow, max-snippet:-1, max-image-preview:large, max-video-preview:-1\" \/>\n<link rel=\"canonical\" href=\"https:\/\/qtmm.org\/qt\/remzi-ilyasov-5-nci-cagirilis-qurultay-yani-seviyege-koterilmek-imkanini-bergen-qararlarni-aldi\/\" \/>\n<meta property=\"og:locale\" content=\"en_US\" \/>\n<meta property=\"og:type\" content=\"article\" \/>\n<meta property=\"og:title\" content=\"Remzi \u0130lyasov: \u00ab5-nci \u00e7a\u011f\u0131r\u0131l\u0131\u015f Qurultay ya\u00f1\u0131 seviyege k\u00f6terilmek imk\u00e2n\u0131n\u0131 bergen qararlarn\u0131 ald\u0131\u00bb - \u041c\u0435\u0434\u0436\u043b\u0456\u0441\" \/>\n<meta property=\"og:description\" content=\"Yanvar 17 k\u00fcn\u00fc Meclis reisini\u00f1 muavini, Q\u0131r\u0131m Yuqar\u0131 \u015euras\u0131nda &#8220;Qurultay-Ruh&#8221; fraktsiyas\u0131n\u0131\u00f1 deputat\u0131 Remzi \u0130lyasov k\u00fctleviy matbuat vastalar\u0131n\u0131\u00f1 vekillerinen k\u00f6r\u00fc\u015fti. K\u00f6r\u00fc\u015f\u00fcv devam\u0131nda R. \u0130lyasov ke\u00e7ken Qurultayn\u0131\u00f1 neticeleri, &#8220;Q\u0131r\u0131mtatar halq\u0131 qurultay\u0131n\u0131\u00f1 delegatlar\u0131n\u0131 saylav nizam\u0131&#8221;n\u0131 tarif etip, jurnalistlerni\u00f1 suallerine cevap berdi. &#8220;Matbuat konferentsiyas\u0131nda men yal\u0131\u00f1\u0131z \u015fahsiy fikirlerimni degil de, be\u015f y\u0131l devam\u0131nda tekliflerimizni beraber kirsetken meslekde\u015flerimni\u00f1 de pozitsiyas\u0131n\u0131 [&hellip;]\" \/>\n<meta property=\"og:url\" content=\"https:\/\/qtmm.org\/qt\/remzi-ilyasov-5-nci-cagirilis-qurultay-yani-seviyege-koterilmek-imkanini-bergen-qararlarni-aldi\/\" \/>\n<meta property=\"og:site_name\" content=\"\u041c\u0435\u0434\u0436\u043b\u0456\u0441\" \/>\n<meta property=\"article:publisher\" content=\"https:\/\/www.facebook.com\/qtmm.info\/\" \/>\n<meta property=\"article:published_time\" content=\"2013-01-17T13:39:00+00:00\" \/>\n<meta property=\"article:modified_time\" content=\"2022-01-23T13:39:26+00:00\" \/>\n<meta name=\"author\" content=\"Developer\" \/>\n<meta name=\"twitter:card\" content=\"summary_large_image\" \/>\n<meta name=\"twitter:label1\" content=\"Written by\" \/>\n\t<meta name=\"twitter:data1\" content=\"Developer\" \/>\n\t<meta name=\"twitter:label2\" content=\"Est. reading time\" \/>\n\t<meta name=\"twitter:data2\" content=\"2 minutes\" \/>\n<script type=\"application\/ld+json\" class=\"yoast-schema-graph\">{\"@context\":\"https:\\\/\\\/schema.org\",\"@graph\":[{\"@type\":\"Article\",\"@id\":\"https:\\\/\\\/qtmm.org\\\/qt\\\/remzi-ilyasov-5-nci-cagirilis-qurultay-yani-seviyege-koterilmek-imkanini-bergen-qararlarni-aldi\\\/#article\",\"isPartOf\":{\"@id\":\"https:\\\/\\\/qtmm.org\\\/qt\\\/remzi-ilyasov-5-nci-cagirilis-qurultay-yani-seviyege-koterilmek-imkanini-bergen-qararlarni-aldi\\\/\"},\"author\":{\"name\":\"Developer\",\"@id\":\"https:\\\/\\\/qtmm.org\\\/qt\\\/#\\\/schema\\\/person\\\/de562469f971dec226ac06e60bbf74a7\"},\"headline\":\"Remzi \u0130lyasov: \u00ab5-nci \u00e7a\u011f\u0131r\u0131l\u0131\u015f Qurultay ya\u00f1\u0131 seviyege k\u00f6terilmek imk\u00e2n\u0131n\u0131 bergen qararlarn\u0131 ald\u0131\u00bb\",\"datePublished\":\"2013-01-17T13:39:00+00:00\",\"dateModified\":\"2022-01-23T13:39:26+00:00\",\"mainEntityOfPage\":{\"@id\":\"https:\\\/\\\/qtmm.org\\\/qt\\\/remzi-ilyasov-5-nci-cagirilis-qurultay-yani-seviyege-koterilmek-imkanini-bergen-qararlarni-aldi\\\/\"},\"wordCount\":471,\"commentCount\":0,\"publisher\":{\"@id\":\"https:\\\/\\\/qtmm.org\\\/qt\\\/#organization\"},\"articleSection\":[\"Haberler\"],\"inLanguage\":\"qt\",\"potentialAction\":[{\"@type\":\"CommentAction\",\"name\":\"Comment\",\"target\":[\"https:\\\/\\\/qtmm.org\\\/qt\\\/remzi-ilyasov-5-nci-cagirilis-qurultay-yani-seviyege-koterilmek-imkanini-bergen-qararlarni-aldi\\\/#respond\"]}]},{\"@type\":\"WebPage\",\"@id\":\"https:\\\/\\\/qtmm.org\\\/qt\\\/remzi-ilyasov-5-nci-cagirilis-qurultay-yani-seviyege-koterilmek-imkanini-bergen-qararlarni-aldi\\\/\",\"url\":\"https:\\\/\\\/qtmm.org\\\/qt\\\/remzi-ilyasov-5-nci-cagirilis-qurultay-yani-seviyege-koterilmek-imkanini-bergen-qararlarni-aldi\\\/\",\"name\":\"Remzi \u0130lyasov: \u00ab5-nci \u00e7a\u011f\u0131r\u0131l\u0131\u015f Qurultay ya\u00f1\u0131 seviyege k\u00f6terilmek imk\u00e2n\u0131n\u0131 bergen qararlarn\u0131 ald\u0131\u00bb - \u041c\u0435\u0434\u0436\u043b\u0456\u0441\",\"isPartOf\":{\"@id\":\"https:\\\/\\\/qtmm.org\\\/qt\\\/#website\"},\"datePublished\":\"2013-01-17T13:39:00+00:00\",\"dateModified\":\"2022-01-23T13:39:26+00:00\",\"breadcrumb\":{\"@id\":\"https:\\\/\\\/qtmm.org\\\/qt\\\/remzi-ilyasov-5-nci-cagirilis-qurultay-yani-seviyege-koterilmek-imkanini-bergen-qararlarni-aldi\\\/#breadcrumb\"},\"inLanguage\":\"qt\",\"potentialAction\":[{\"@type\":\"ReadAction\",\"target\":[\"https:\\\/\\\/qtmm.org\\\/qt\\\/remzi-ilyasov-5-nci-cagirilis-qurultay-yani-seviyege-koterilmek-imkanini-bergen-qararlarni-aldi\\\/\"]}]},{\"@type\":\"BreadcrumbList\",\"@id\":\"https:\\\/\\\/qtmm.org\\\/qt\\\/remzi-ilyasov-5-nci-cagirilis-qurultay-yani-seviyege-koterilmek-imkanini-bergen-qararlarni-aldi\\\/#breadcrumb\",\"itemListElement\":[{\"@type\":\"ListItem\",\"position\":1,\"name\":\"\u0413\u043e\u043b\u043e\u0432\u043d\u0430\",\"item\":\"https:\\\/\\\/qtmm.org\\\/qt\\\/\"},{\"@type\":\"ListItem\",\"position\":2,\"name\":\"Remzi \u0130lyasov: \u00ab5-nci \u00e7a\u011f\u0131r\u0131l\u0131\u015f Qurultay ya\u00f1\u0131 seviyege k\u00f6terilmek imk\u00e2n\u0131n\u0131 bergen qararlarn\u0131 ald\u0131\u00bb\"}]},{\"@type\":\"WebSite\",\"@id\":\"https:\\\/\\\/qtmm.org\\\/qt\\\/#website\",\"url\":\"https:\\\/\\\/qtmm.org\\\/qt\\\/\",\"name\":\"\u041c\u0435\u0434\u0436\u043b\u0456\u0441\",\"description\":\"\",\"publisher\":{\"@id\":\"https:\\\/\\\/qtmm.org\\\/qt\\\/#organization\"},\"potentialAction\":[{\"@type\":\"SearchAction\",\"target\":{\"@type\":\"EntryPoint\",\"urlTemplate\":\"https:\\\/\\\/qtmm.org\\\/qt\\\/?s={search_term_string}\"},\"query-input\":{\"@type\":\"PropertyValueSpecification\",\"valueRequired\":true,\"valueName\":\"search_term_string\"}}],\"inLanguage\":\"qt\"},{\"@type\":\"Organization\",\"@id\":\"https:\\\/\\\/qtmm.org\\\/qt\\\/#organization\",\"name\":\"\u041c\u0435\u0434\u0436\u043b\u0456\u0441\",\"url\":\"https:\\\/\\\/qtmm.org\\\/qt\\\/\",\"logo\":{\"@type\":\"ImageObject\",\"inLanguage\":\"qt\",\"@id\":\"https:\\\/\\\/qtmm.org\\\/qt\\\/#\\\/schema\\\/logo\\\/image\\\/\",\"url\":\"https:\\\/\\\/qtmm.org\\\/wp-content\\\/uploads\\\/2024\\\/12\\\/ua-mejlis-logo-rgb.svg\",\"contentUrl\":\"https:\\\/\\\/qtmm.org\\\/wp-content\\\/uploads\\\/2024\\\/12\\\/ua-mejlis-logo-rgb.svg\",\"caption\":\"\u041c\u0435\u0434\u0436\u043b\u0456\u0441\"},\"image\":{\"@id\":\"https:\\\/\\\/qtmm.org\\\/qt\\\/#\\\/schema\\\/logo\\\/image\\\/\"},\"sameAs\":[\"https:\\\/\\\/www.facebook.com\\\/qtmm.info\\\/\"]},{\"@type\":\"Person\",\"@id\":\"https:\\\/\\\/qtmm.org\\\/qt\\\/#\\\/schema\\\/person\\\/de562469f971dec226ac06e60bbf74a7\",\"name\":\"Developer\",\"image\":{\"@type\":\"ImageObject\",\"inLanguage\":\"qt\",\"@id\":\"https:\\\/\\\/secure.gravatar.com\\\/avatar\\\/392b4cc8fbfeb00b39dfeeab4ee6edded39ffd48e25858637e4765810300227e?s=96&d=mm&r=g\",\"url\":\"https:\\\/\\\/secure.gravatar.com\\\/avatar\\\/392b4cc8fbfeb00b39dfeeab4ee6edded39ffd48e25858637e4765810300227e?s=96&d=mm&r=g\",\"contentUrl\":\"https:\\\/\\\/secure.gravatar.com\\\/avatar\\\/392b4cc8fbfeb00b39dfeeab4ee6edded39ffd48e25858637e4765810300227e?s=96&d=mm&r=g\",\"caption\":\"Developer\"},\"url\":\"https:\\\/\\\/qtmm.org\\\/qt\\\/author\\\/Developer\\\/\"}]}<\/script>\n<!-- \/ Yoast SEO plugin. -->","yoast_head_json":{"title":"Remzi \u0130lyasov: \u00ab5-nci \u00e7a\u011f\u0131r\u0131l\u0131\u015f Qurultay ya\u00f1\u0131 seviyege k\u00f6terilmek imk\u00e2n\u0131n\u0131 bergen qararlarn\u0131 ald\u0131\u00bb - \u041c\u0435\u0434\u0436\u043b\u0456\u0441","robots":{"index":"index","follow":"follow","max-snippet":"max-snippet:-1","max-image-preview":"max-image-preview:large","max-video-preview":"max-video-preview:-1"},"canonical":"https:\/\/qtmm.org\/qt\/remzi-ilyasov-5-nci-cagirilis-qurultay-yani-seviyege-koterilmek-imkanini-bergen-qararlarni-aldi\/","og_locale":"en_US","og_type":"article","og_title":"Remzi \u0130lyasov: \u00ab5-nci \u00e7a\u011f\u0131r\u0131l\u0131\u015f Qurultay ya\u00f1\u0131 seviyege k\u00f6terilmek imk\u00e2n\u0131n\u0131 bergen qararlarn\u0131 ald\u0131\u00bb - \u041c\u0435\u0434\u0436\u043b\u0456\u0441","og_description":"Yanvar 17 k\u00fcn\u00fc Meclis reisini\u00f1 muavini, Q\u0131r\u0131m Yuqar\u0131 \u015euras\u0131nda &#8220;Qurultay-Ruh&#8221; fraktsiyas\u0131n\u0131\u00f1 deputat\u0131 Remzi \u0130lyasov k\u00fctleviy matbuat vastalar\u0131n\u0131\u00f1 vekillerinen k\u00f6r\u00fc\u015fti. K\u00f6r\u00fc\u015f\u00fcv devam\u0131nda R. \u0130lyasov ke\u00e7ken Qurultayn\u0131\u00f1 neticeleri, &#8220;Q\u0131r\u0131mtatar halq\u0131 qurultay\u0131n\u0131\u00f1 delegatlar\u0131n\u0131 saylav nizam\u0131&#8221;n\u0131 tarif etip, jurnalistlerni\u00f1 suallerine cevap berdi. &#8220;Matbuat konferentsiyas\u0131nda men yal\u0131\u00f1\u0131z \u015fahsiy fikirlerimni degil de, be\u015f y\u0131l devam\u0131nda tekliflerimizni beraber kirsetken meslekde\u015flerimni\u00f1 de pozitsiyas\u0131n\u0131 [&hellip;]","og_url":"https:\/\/qtmm.org\/qt\/remzi-ilyasov-5-nci-cagirilis-qurultay-yani-seviyege-koterilmek-imkanini-bergen-qararlarni-aldi\/","og_site_name":"\u041c\u0435\u0434\u0436\u043b\u0456\u0441","article_publisher":"https:\/\/www.facebook.com\/qtmm.info\/","article_published_time":"2013-01-17T13:39:00+00:00","article_modified_time":"2022-01-23T13:39:26+00:00","author":"Developer","twitter_card":"summary_large_image","twitter_misc":{"Written by":"Developer","Est. reading time":"2 minutes"},"schema":{"@context":"https:\/\/schema.org","@graph":[{"@type":"Article","@id":"https:\/\/qtmm.org\/qt\/remzi-ilyasov-5-nci-cagirilis-qurultay-yani-seviyege-koterilmek-imkanini-bergen-qararlarni-aldi\/#article","isPartOf":{"@id":"https:\/\/qtmm.org\/qt\/remzi-ilyasov-5-nci-cagirilis-qurultay-yani-seviyege-koterilmek-imkanini-bergen-qararlarni-aldi\/"},"author":{"name":"Developer","@id":"https:\/\/qtmm.org\/qt\/#\/schema\/person\/de562469f971dec226ac06e60bbf74a7"},"headline":"Remzi \u0130lyasov: \u00ab5-nci \u00e7a\u011f\u0131r\u0131l\u0131\u015f Qurultay ya\u00f1\u0131 seviyege k\u00f6terilmek imk\u00e2n\u0131n\u0131 bergen qararlarn\u0131 ald\u0131\u00bb","datePublished":"2013-01-17T13:39:00+00:00","dateModified":"2022-01-23T13:39:26+00:00","mainEntityOfPage":{"@id":"https:\/\/qtmm.org\/qt\/remzi-ilyasov-5-nci-cagirilis-qurultay-yani-seviyege-koterilmek-imkanini-bergen-qararlarni-aldi\/"},"wordCount":471,"commentCount":0,"publisher":{"@id":"https:\/\/qtmm.org\/qt\/#organization"},"articleSection":["Haberler"],"inLanguage":"qt","potentialAction":[{"@type":"CommentAction","name":"Comment","target":["https:\/\/qtmm.org\/qt\/remzi-ilyasov-5-nci-cagirilis-qurultay-yani-seviyege-koterilmek-imkanini-bergen-qararlarni-aldi\/#respond"]}]},{"@type":"WebPage","@id":"https:\/\/qtmm.org\/qt\/remzi-ilyasov-5-nci-cagirilis-qurultay-yani-seviyege-koterilmek-imkanini-bergen-qararlarni-aldi\/","url":"https:\/\/qtmm.org\/qt\/remzi-ilyasov-5-nci-cagirilis-qurultay-yani-seviyege-koterilmek-imkanini-bergen-qararlarni-aldi\/","name":"Remzi \u0130lyasov: \u00ab5-nci \u00e7a\u011f\u0131r\u0131l\u0131\u015f Qurultay ya\u00f1\u0131 seviyege k\u00f6terilmek imk\u00e2n\u0131n\u0131 bergen qararlarn\u0131 ald\u0131\u00bb - \u041c\u0435\u0434\u0436\u043b\u0456\u0441","isPartOf":{"@id":"https:\/\/qtmm.org\/qt\/#website"},"datePublished":"2013-01-17T13:39:00+00:00","dateModified":"2022-01-23T13:39:26+00:00","breadcrumb":{"@id":"https:\/\/qtmm.org\/qt\/remzi-ilyasov-5-nci-cagirilis-qurultay-yani-seviyege-koterilmek-imkanini-bergen-qararlarni-aldi\/#breadcrumb"},"inLanguage":"qt","potentialAction":[{"@type":"ReadAction","target":["https:\/\/qtmm.org\/qt\/remzi-ilyasov-5-nci-cagirilis-qurultay-yani-seviyege-koterilmek-imkanini-bergen-qararlarni-aldi\/"]}]},{"@type":"BreadcrumbList","@id":"https:\/\/qtmm.org\/qt\/remzi-ilyasov-5-nci-cagirilis-qurultay-yani-seviyege-koterilmek-imkanini-bergen-qararlarni-aldi\/#breadcrumb","itemListElement":[{"@type":"ListItem","position":1,"name":"\u0413\u043e\u043b\u043e\u0432\u043d\u0430","item":"https:\/\/qtmm.org\/qt\/"},{"@type":"ListItem","position":2,"name":"Remzi \u0130lyasov: \u00ab5-nci \u00e7a\u011f\u0131r\u0131l\u0131\u015f Qurultay ya\u00f1\u0131 seviyege k\u00f6terilmek imk\u00e2n\u0131n\u0131 bergen qararlarn\u0131 ald\u0131\u00bb"}]},{"@type":"WebSite","@id":"https:\/\/qtmm.org\/qt\/#website","url":"https:\/\/qtmm.org\/qt\/","name":"\u041c\u0435\u0434\u0436\u043b\u0456\u0441","description":"","publisher":{"@id":"https:\/\/qtmm.org\/qt\/#organization"},"potentialAction":[{"@type":"SearchAction","target":{"@type":"EntryPoint","urlTemplate":"https:\/\/qtmm.org\/qt\/?s={search_term_string}"},"query-input":{"@type":"PropertyValueSpecification","valueRequired":true,"valueName":"search_term_string"}}],"inLanguage":"qt"},{"@type":"Organization","@id":"https:\/\/qtmm.org\/qt\/#organization","name":"\u041c\u0435\u0434\u0436\u043b\u0456\u0441","url":"https:\/\/qtmm.org\/qt\/","logo":{"@type":"ImageObject","inLanguage":"qt","@id":"https:\/\/qtmm.org\/qt\/#\/schema\/logo\/image\/","url":"https:\/\/qtmm.org\/wp-content\/uploads\/2024\/12\/ua-mejlis-logo-rgb.svg","contentUrl":"https:\/\/qtmm.org\/wp-content\/uploads\/2024\/12\/ua-mejlis-logo-rgb.svg","caption":"\u041c\u0435\u0434\u0436\u043b\u0456\u0441"},"image":{"@id":"https:\/\/qtmm.org\/qt\/#\/schema\/logo\/image\/"},"sameAs":["https:\/\/www.facebook.com\/qtmm.info\/"]},{"@type":"Person","@id":"https:\/\/qtmm.org\/qt\/#\/schema\/person\/de562469f971dec226ac06e60bbf74a7","name":"Developer","image":{"@type":"ImageObject","inLanguage":"qt","@id":"https:\/\/secure.gravatar.com\/avatar\/392b4cc8fbfeb00b39dfeeab4ee6edded39ffd48e25858637e4765810300227e?s=96&d=mm&r=g","url":"https:\/\/secure.gravatar.com\/avatar\/392b4cc8fbfeb00b39dfeeab4ee6edded39ffd48e25858637e4765810300227e?s=96&d=mm&r=g","contentUrl":"https:\/\/secure.gravatar.com\/avatar\/392b4cc8fbfeb00b39dfeeab4ee6edded39ffd48e25858637e4765810300227e?s=96&d=mm&r=g","caption":"Developer"},"url":"https:\/\/qtmm.org\/qt\/author\/Developer\/"}]}},"_links":{"self":[{"href":"https:\/\/qtmm.org\/qt\/wp-json\/wp\/v2\/posts\/35723","targetHints":{"allow":["GET"]}}],"collection":[{"href":"https:\/\/qtmm.org\/qt\/wp-json\/wp\/v2\/posts"}],"about":[{"href":"https:\/\/qtmm.org\/qt\/wp-json\/wp\/v2\/types\/post"}],"author":[{"embeddable":true,"href":"https:\/\/qtmm.org\/qt\/wp-json\/wp\/v2\/users\/1"}],"replies":[{"embeddable":true,"href":"https:\/\/qtmm.org\/qt\/wp-json\/wp\/v2\/comments?post=35723"}],"version-history":[{"count":1,"href":"https:\/\/qtmm.org\/qt\/wp-json\/wp\/v2\/posts\/35723\/revisions"}],"predecessor-version":[{"id":35724,"href":"https:\/\/qtmm.org\/qt\/wp-json\/wp\/v2\/posts\/35723\/revisions\/35724"}],"wp:attachment":[{"href":"https:\/\/qtmm.org\/qt\/wp-json\/wp\/v2\/media?parent=35723"}],"wp:term":[{"taxonomy":"category","embeddable":true,"href":"https:\/\/qtmm.org\/qt\/wp-json\/wp\/v2\/categories?post=35723"},{"taxonomy":"post_tag","embeddable":true,"href":"https:\/\/qtmm.org\/qt\/wp-json\/wp\/v2\/tags?post=35723"}],"curies":[{"name":"wp","href":"https:\/\/api.w.org\/{rel}","templated":true}]}}