




{"id":35719,"date":"2013-01-15T16:37:00","date_gmt":"2013-01-15T13:37:00","guid":{"rendered":"http:\/\/qtmm.org\/?p=35719"},"modified":"2022-01-23T16:38:17","modified_gmt":"2022-01-23T13:38:17","slug":"ukraina-mustaqilligi-icun-atesin-kuresci-mihail-gorin-vefati-munasebetinen-onin-yaqinlari-butun-ukrain-halqina-mustafa-cemilev-meclis-adindan-teren-taziye-bildirdi","status":"publish","type":"post","link":"https:\/\/qtmm.org\/qt\/ukraina-mustaqilligi-icun-atesin-kuresci-mihail-gorin-vefati-munasebetinen-onin-yaqinlari-butun-ukrain-halqina-mustafa-cemilev-meclis-adindan-teren-taziye-bildirdi\/","title":{"rendered":"Ukraina mustaqilligi i\u00e7\u00fcn ate\u015fin k\u00fcre\u015f\u00e7i Mihail Gor\u0131n vefat\u0131 munasebetinen on\u0131\u00f1 yaq\u0131nlar\u0131, b\u00fct\u00fcn ukrain halq\u0131na Mustafa Cemilev Meclis ad\u0131ndan teren taziye bildirdi"},"content":{"rendered":"\n<p>Yanvar 13 k\u00fcn\u00fc 83 ya\u015f\u0131nda belli ukrain dissidenti, uquqqoruy\u0131c\u0131, sovet lagerlerini\u00f1 siyasiy mahb\u00fcsi, cemaat ve siyasiy erbab, Ukrainan\u0131\u00f1 1-nci \u00e7a\u011f\u0131r\u0131l\u0131\u015f halq deputat\u0131, mustaqil Ukraina tiklenmesini\u00f1 faal tarafdar\u0131 &#8211; Mihail Gor\u0131n vefat etti.<br><br>&#8220;60-nci senelerni\u00f1 ba\u015f\u0131nda ukrain milletini\u00f1 mustaqilligi ve aqlar\u0131 i\u00e7\u00fcn SSSR totalitar rejimine qar\u015f\u0131 k\u00fcre\u015fke atlan\u011fan ces\u00fcr insanlar s\u0131ras\u0131nda bulun\u011fan Mihail Gor\u0131n e\u00f1 iradeli k\u00fcre\u015f\u00e7ilerden biri edi, &#8211; denile Meclis reisi bildirgen taziyede. \u2013 Aqiqiy demokrat olaraq Mihail Gor\u0131n q\u0131r\u0131mtatar halq\u0131n\u0131\u00f1 aqlar\u0131 i\u00e7\u00fcn de areket etti, q\u0131r\u0131mtatarlarn\u0131\u00f1 Vatan\u011fa qaytqanlar\u0131na y\u00fcrekten sevindi ve daima Q\u0131r\u0131mn\u0131\u00f1 tam\u0131r halq\u0131n\u0131\u00f1 aqlar\u0131 tolus\u0131nen tiklenilmesini talap etti&#8221;.<\/p>\n\n\n\n<p>Mihail Gor\u0131n Ukraina milliy demokratik k\u00fc\u00e7lerni\u00f1 q\u0131r\u0131mtatar milliy areketinen birle\u015f\u00fcvi Ukrainan\u0131\u00f1 mustaqil inki\u015faf\u0131 i\u00e7\u00fcn m\u00fcimligini daima qayd etip keldi. &#8220;Q\u0131r\u0131mtatar halq\u0131n\u0131\u00f1 aqlar\u0131n\u0131 talap etkende on\u0131\u00f1 k\u00f6stergen areketlerini unutmaq olmaz. Musa Mamut ana yurtta qalmaq i\u00e7\u00fcn b\u00fct\u00fcn imk\u00e2nlarn\u0131 qullan\u011fan so\u00f1 on\u0131 nevbetteki kere Q\u0131r\u0131mdan \u00e7\u0131qaracaqlar\u0131nda 1978 senesi iy\u00fcn 28-de \u00f6z\u00fcni yaqt\u0131.<\/p>\n\n\n\n<p>Ayn\u0131 \u015fu y\u0131lda ukrain \u00d6leksa Girn\u0131k ukrain halq\u0131n\u0131\u00f1 rusla\u015ft\u0131r\u0131lmas\u0131na naraz\u0131l\u0131\u011f\u0131n\u0131 bildirerek \u00f6z\u00fcni yaqqan edi. Eki halqn\u0131\u00f1 taqdirlerinde be\u00f1zer taraflar\u0131 \u00e7oq. Olarn\u0131\u00f1 biri-birini a\u00f1lamas\u0131na devletni\u00f1 t\u0131n\u00e7l\u0131\u011f\u0131 ba\u011fl\u0131d\u0131r&#8221;, dep ayta edi Ukrainan\u0131\u00f1 aqiqiy vatanperver evl\u00e2d\u0131 ve bizim qarda\u015f\u0131m\u0131z Mihail Gor\u0131n&#8221;<br><br>Elvida dostum\u0131z, elvida qarda\u015f\u0131m\u0131z\u2026<\/p>\n","protected":false},"excerpt":{"rendered":"<p>Yanvar 13 k\u00fcn\u00fc 83 ya\u015f\u0131nda belli ukrain dissidenti, uquqqoruy\u0131c\u0131, sovet lagerlerini\u00f1 siyasiy mahb\u00fcsi, cemaat ve siyasiy erbab, Ukrainan\u0131\u00f1 1-nci \u00e7a\u011f\u0131r\u0131l\u0131\u015f halq deputat\u0131, mustaqil Ukraina tiklenmesini\u00f1 faal tarafdar\u0131 &#8211; Mihail Gor\u0131n vefat etti. &#8220;60-nci senelerni\u00f1 ba\u015f\u0131nda ukrain milletini\u00f1 mustaqilligi ve aqlar\u0131 i\u00e7\u00fcn SSSR totalitar rejimine qar\u015f\u0131 k\u00fcre\u015fke atlan\u011fan ces\u00fcr insanlar s\u0131ras\u0131nda bulun\u011fan Mihail Gor\u0131n e\u00f1 iradeli [&hellip;]<\/p>\n","protected":false},"author":1,"featured_media":0,"comment_status":"open","ping_status":"open","sticky":false,"template":"","format":"standard","meta":{"inline_featured_image":false,"footnotes":""},"categories":[265],"tags":[],"class_list":["post-35719","post","type-post","status-publish","format-standard","hentry","category-haberler"],"acf":[],"yoast_head":"<!-- This site is optimized with the Yoast SEO plugin v27.4 - https:\/\/yoast.com\/product\/yoast-seo-wordpress\/ -->\n<title>Ukraina mustaqilligi i\u00e7\u00fcn ate\u015fin k\u00fcre\u015f\u00e7i Mihail Gor\u0131n vefat\u0131 munasebetinen on\u0131\u00f1 yaq\u0131nlar\u0131, b\u00fct\u00fcn ukrain halq\u0131na Mustafa Cemilev Meclis ad\u0131ndan teren taziye bildirdi - \u041c\u0435\u0434\u0436\u043b\u0456\u0441<\/title>\n<meta name=\"robots\" content=\"index, follow, max-snippet:-1, max-image-preview:large, max-video-preview:-1\" \/>\n<link rel=\"canonical\" href=\"https:\/\/qtmm.org\/qt\/ukraina-mustaqilligi-icun-atesin-kuresci-mihail-gorin-vefati-munasebetinen-onin-yaqinlari-butun-ukrain-halqina-mustafa-cemilev-meclis-adindan-teren-taziye-bildirdi\/\" \/>\n<meta property=\"og:locale\" content=\"en_US\" \/>\n<meta property=\"og:type\" content=\"article\" \/>\n<meta property=\"og:title\" content=\"Ukraina mustaqilligi i\u00e7\u00fcn ate\u015fin k\u00fcre\u015f\u00e7i Mihail Gor\u0131n vefat\u0131 munasebetinen on\u0131\u00f1 yaq\u0131nlar\u0131, b\u00fct\u00fcn ukrain halq\u0131na Mustafa Cemilev Meclis ad\u0131ndan teren taziye bildirdi - \u041c\u0435\u0434\u0436\u043b\u0456\u0441\" \/>\n<meta property=\"og:description\" content=\"Yanvar 13 k\u00fcn\u00fc 83 ya\u015f\u0131nda belli ukrain dissidenti, uquqqoruy\u0131c\u0131, sovet lagerlerini\u00f1 siyasiy mahb\u00fcsi, cemaat ve siyasiy erbab, Ukrainan\u0131\u00f1 1-nci \u00e7a\u011f\u0131r\u0131l\u0131\u015f halq deputat\u0131, mustaqil Ukraina tiklenmesini\u00f1 faal tarafdar\u0131 &#8211; Mihail Gor\u0131n vefat etti. &#8220;60-nci senelerni\u00f1 ba\u015f\u0131nda ukrain milletini\u00f1 mustaqilligi ve aqlar\u0131 i\u00e7\u00fcn SSSR totalitar rejimine qar\u015f\u0131 k\u00fcre\u015fke atlan\u011fan ces\u00fcr insanlar s\u0131ras\u0131nda bulun\u011fan Mihail Gor\u0131n e\u00f1 iradeli [&hellip;]\" \/>\n<meta property=\"og:url\" content=\"https:\/\/qtmm.org\/qt\/ukraina-mustaqilligi-icun-atesin-kuresci-mihail-gorin-vefati-munasebetinen-onin-yaqinlari-butun-ukrain-halqina-mustafa-cemilev-meclis-adindan-teren-taziye-bildirdi\/\" \/>\n<meta property=\"og:site_name\" content=\"\u041c\u0435\u0434\u0436\u043b\u0456\u0441\" \/>\n<meta property=\"article:publisher\" content=\"https:\/\/www.facebook.com\/qtmm.info\/\" \/>\n<meta property=\"article:published_time\" content=\"2013-01-15T13:37:00+00:00\" \/>\n<meta property=\"article:modified_time\" content=\"2022-01-23T13:38:17+00:00\" \/>\n<meta name=\"author\" content=\"Developer\" \/>\n<meta name=\"twitter:card\" content=\"summary_large_image\" \/>\n<meta name=\"twitter:label1\" content=\"Written by\" \/>\n\t<meta name=\"twitter:data1\" content=\"Developer\" \/>\n\t<meta name=\"twitter:label2\" content=\"Est. reading time\" \/>\n\t<meta name=\"twitter:data2\" content=\"1 minute\" \/>\n<script type=\"application\/ld+json\" class=\"yoast-schema-graph\">{\"@context\":\"https:\\\/\\\/schema.org\",\"@graph\":[{\"@type\":\"Article\",\"@id\":\"https:\\\/\\\/qtmm.org\\\/qt\\\/ukraina-mustaqilligi-icun-atesin-kuresci-mihail-gorin-vefati-munasebetinen-onin-yaqinlari-butun-ukrain-halqina-mustafa-cemilev-meclis-adindan-teren-taziye-bildirdi\\\/#article\",\"isPartOf\":{\"@id\":\"https:\\\/\\\/qtmm.org\\\/qt\\\/ukraina-mustaqilligi-icun-atesin-kuresci-mihail-gorin-vefati-munasebetinen-onin-yaqinlari-butun-ukrain-halqina-mustafa-cemilev-meclis-adindan-teren-taziye-bildirdi\\\/\"},\"author\":{\"name\":\"Developer\",\"@id\":\"https:\\\/\\\/qtmm.org\\\/qt\\\/#\\\/schema\\\/person\\\/de562469f971dec226ac06e60bbf74a7\"},\"headline\":\"Ukraina mustaqilligi i\u00e7\u00fcn ate\u015fin k\u00fcre\u015f\u00e7i Mihail Gor\u0131n vefat\u0131 munasebetinen on\u0131\u00f1 yaq\u0131nlar\u0131, b\u00fct\u00fcn ukrain halq\u0131na Mustafa Cemilev Meclis ad\u0131ndan teren taziye bildirdi\",\"datePublished\":\"2013-01-15T13:37:00+00:00\",\"dateModified\":\"2022-01-23T13:38:17+00:00\",\"mainEntityOfPage\":{\"@id\":\"https:\\\/\\\/qtmm.org\\\/qt\\\/ukraina-mustaqilligi-icun-atesin-kuresci-mihail-gorin-vefati-munasebetinen-onin-yaqinlari-butun-ukrain-halqina-mustafa-cemilev-meclis-adindan-teren-taziye-bildirdi\\\/\"},\"wordCount\":293,\"commentCount\":0,\"publisher\":{\"@id\":\"https:\\\/\\\/qtmm.org\\\/qt\\\/#organization\"},\"articleSection\":[\"Haberler\"],\"inLanguage\":\"qt\",\"potentialAction\":[{\"@type\":\"CommentAction\",\"name\":\"Comment\",\"target\":[\"https:\\\/\\\/qtmm.org\\\/qt\\\/ukraina-mustaqilligi-icun-atesin-kuresci-mihail-gorin-vefati-munasebetinen-onin-yaqinlari-butun-ukrain-halqina-mustafa-cemilev-meclis-adindan-teren-taziye-bildirdi\\\/#respond\"]}]},{\"@type\":\"WebPage\",\"@id\":\"https:\\\/\\\/qtmm.org\\\/qt\\\/ukraina-mustaqilligi-icun-atesin-kuresci-mihail-gorin-vefati-munasebetinen-onin-yaqinlari-butun-ukrain-halqina-mustafa-cemilev-meclis-adindan-teren-taziye-bildirdi\\\/\",\"url\":\"https:\\\/\\\/qtmm.org\\\/qt\\\/ukraina-mustaqilligi-icun-atesin-kuresci-mihail-gorin-vefati-munasebetinen-onin-yaqinlari-butun-ukrain-halqina-mustafa-cemilev-meclis-adindan-teren-taziye-bildirdi\\\/\",\"name\":\"Ukraina mustaqilligi i\u00e7\u00fcn ate\u015fin k\u00fcre\u015f\u00e7i Mihail Gor\u0131n vefat\u0131 munasebetinen on\u0131\u00f1 yaq\u0131nlar\u0131, b\u00fct\u00fcn ukrain halq\u0131na Mustafa Cemilev Meclis ad\u0131ndan teren taziye bildirdi - \u041c\u0435\u0434\u0436\u043b\u0456\u0441\",\"isPartOf\":{\"@id\":\"https:\\\/\\\/qtmm.org\\\/qt\\\/#website\"},\"datePublished\":\"2013-01-15T13:37:00+00:00\",\"dateModified\":\"2022-01-23T13:38:17+00:00\",\"breadcrumb\":{\"@id\":\"https:\\\/\\\/qtmm.org\\\/qt\\\/ukraina-mustaqilligi-icun-atesin-kuresci-mihail-gorin-vefati-munasebetinen-onin-yaqinlari-butun-ukrain-halqina-mustafa-cemilev-meclis-adindan-teren-taziye-bildirdi\\\/#breadcrumb\"},\"inLanguage\":\"qt\",\"potentialAction\":[{\"@type\":\"ReadAction\",\"target\":[\"https:\\\/\\\/qtmm.org\\\/qt\\\/ukraina-mustaqilligi-icun-atesin-kuresci-mihail-gorin-vefati-munasebetinen-onin-yaqinlari-butun-ukrain-halqina-mustafa-cemilev-meclis-adindan-teren-taziye-bildirdi\\\/\"]}]},{\"@type\":\"BreadcrumbList\",\"@id\":\"https:\\\/\\\/qtmm.org\\\/qt\\\/ukraina-mustaqilligi-icun-atesin-kuresci-mihail-gorin-vefati-munasebetinen-onin-yaqinlari-butun-ukrain-halqina-mustafa-cemilev-meclis-adindan-teren-taziye-bildirdi\\\/#breadcrumb\",\"itemListElement\":[{\"@type\":\"ListItem\",\"position\":1,\"name\":\"\u0413\u043e\u043b\u043e\u0432\u043d\u0430\",\"item\":\"https:\\\/\\\/qtmm.org\\\/qt\\\/\"},{\"@type\":\"ListItem\",\"position\":2,\"name\":\"Ukraina mustaqilligi i\u00e7\u00fcn ate\u015fin k\u00fcre\u015f\u00e7i Mihail Gor\u0131n vefat\u0131 munasebetinen on\u0131\u00f1 yaq\u0131nlar\u0131, b\u00fct\u00fcn ukrain halq\u0131na Mustafa Cemilev Meclis ad\u0131ndan teren taziye bildirdi\"}]},{\"@type\":\"WebSite\",\"@id\":\"https:\\\/\\\/qtmm.org\\\/qt\\\/#website\",\"url\":\"https:\\\/\\\/qtmm.org\\\/qt\\\/\",\"name\":\"\u041c\u0435\u0434\u0436\u043b\u0456\u0441\",\"description\":\"\",\"publisher\":{\"@id\":\"https:\\\/\\\/qtmm.org\\\/qt\\\/#organization\"},\"potentialAction\":[{\"@type\":\"SearchAction\",\"target\":{\"@type\":\"EntryPoint\",\"urlTemplate\":\"https:\\\/\\\/qtmm.org\\\/qt\\\/?s={search_term_string}\"},\"query-input\":{\"@type\":\"PropertyValueSpecification\",\"valueRequired\":true,\"valueName\":\"search_term_string\"}}],\"inLanguage\":\"qt\"},{\"@type\":\"Organization\",\"@id\":\"https:\\\/\\\/qtmm.org\\\/qt\\\/#organization\",\"name\":\"\u041c\u0435\u0434\u0436\u043b\u0456\u0441\",\"url\":\"https:\\\/\\\/qtmm.org\\\/qt\\\/\",\"logo\":{\"@type\":\"ImageObject\",\"inLanguage\":\"qt\",\"@id\":\"https:\\\/\\\/qtmm.org\\\/qt\\\/#\\\/schema\\\/logo\\\/image\\\/\",\"url\":\"https:\\\/\\\/qtmm.org\\\/wp-content\\\/uploads\\\/2024\\\/12\\\/ua-mejlis-logo-rgb.svg\",\"contentUrl\":\"https:\\\/\\\/qtmm.org\\\/wp-content\\\/uploads\\\/2024\\\/12\\\/ua-mejlis-logo-rgb.svg\",\"caption\":\"\u041c\u0435\u0434\u0436\u043b\u0456\u0441\"},\"image\":{\"@id\":\"https:\\\/\\\/qtmm.org\\\/qt\\\/#\\\/schema\\\/logo\\\/image\\\/\"},\"sameAs\":[\"https:\\\/\\\/www.facebook.com\\\/qtmm.info\\\/\"]},{\"@type\":\"Person\",\"@id\":\"https:\\\/\\\/qtmm.org\\\/qt\\\/#\\\/schema\\\/person\\\/de562469f971dec226ac06e60bbf74a7\",\"name\":\"Developer\",\"image\":{\"@type\":\"ImageObject\",\"inLanguage\":\"qt\",\"@id\":\"https:\\\/\\\/secure.gravatar.com\\\/avatar\\\/392b4cc8fbfeb00b39dfeeab4ee6edded39ffd48e25858637e4765810300227e?s=96&d=mm&r=g\",\"url\":\"https:\\\/\\\/secure.gravatar.com\\\/avatar\\\/392b4cc8fbfeb00b39dfeeab4ee6edded39ffd48e25858637e4765810300227e?s=96&d=mm&r=g\",\"contentUrl\":\"https:\\\/\\\/secure.gravatar.com\\\/avatar\\\/392b4cc8fbfeb00b39dfeeab4ee6edded39ffd48e25858637e4765810300227e?s=96&d=mm&r=g\",\"caption\":\"Developer\"},\"url\":\"https:\\\/\\\/qtmm.org\\\/qt\\\/author\\\/Developer\\\/\"}]}<\/script>\n<!-- \/ Yoast SEO plugin. -->","yoast_head_json":{"title":"Ukraina mustaqilligi i\u00e7\u00fcn ate\u015fin k\u00fcre\u015f\u00e7i Mihail Gor\u0131n vefat\u0131 munasebetinen on\u0131\u00f1 yaq\u0131nlar\u0131, b\u00fct\u00fcn ukrain halq\u0131na Mustafa Cemilev Meclis ad\u0131ndan teren taziye bildirdi - \u041c\u0435\u0434\u0436\u043b\u0456\u0441","robots":{"index":"index","follow":"follow","max-snippet":"max-snippet:-1","max-image-preview":"max-image-preview:large","max-video-preview":"max-video-preview:-1"},"canonical":"https:\/\/qtmm.org\/qt\/ukraina-mustaqilligi-icun-atesin-kuresci-mihail-gorin-vefati-munasebetinen-onin-yaqinlari-butun-ukrain-halqina-mustafa-cemilev-meclis-adindan-teren-taziye-bildirdi\/","og_locale":"en_US","og_type":"article","og_title":"Ukraina mustaqilligi i\u00e7\u00fcn ate\u015fin k\u00fcre\u015f\u00e7i Mihail Gor\u0131n vefat\u0131 munasebetinen on\u0131\u00f1 yaq\u0131nlar\u0131, b\u00fct\u00fcn ukrain halq\u0131na Mustafa Cemilev Meclis ad\u0131ndan teren taziye bildirdi - \u041c\u0435\u0434\u0436\u043b\u0456\u0441","og_description":"Yanvar 13 k\u00fcn\u00fc 83 ya\u015f\u0131nda belli ukrain dissidenti, uquqqoruy\u0131c\u0131, sovet lagerlerini\u00f1 siyasiy mahb\u00fcsi, cemaat ve siyasiy erbab, Ukrainan\u0131\u00f1 1-nci \u00e7a\u011f\u0131r\u0131l\u0131\u015f halq deputat\u0131, mustaqil Ukraina tiklenmesini\u00f1 faal tarafdar\u0131 &#8211; Mihail Gor\u0131n vefat etti. &#8220;60-nci senelerni\u00f1 ba\u015f\u0131nda ukrain milletini\u00f1 mustaqilligi ve aqlar\u0131 i\u00e7\u00fcn SSSR totalitar rejimine qar\u015f\u0131 k\u00fcre\u015fke atlan\u011fan ces\u00fcr insanlar s\u0131ras\u0131nda bulun\u011fan Mihail Gor\u0131n e\u00f1 iradeli [&hellip;]","og_url":"https:\/\/qtmm.org\/qt\/ukraina-mustaqilligi-icun-atesin-kuresci-mihail-gorin-vefati-munasebetinen-onin-yaqinlari-butun-ukrain-halqina-mustafa-cemilev-meclis-adindan-teren-taziye-bildirdi\/","og_site_name":"\u041c\u0435\u0434\u0436\u043b\u0456\u0441","article_publisher":"https:\/\/www.facebook.com\/qtmm.info\/","article_published_time":"2013-01-15T13:37:00+00:00","article_modified_time":"2022-01-23T13:38:17+00:00","author":"Developer","twitter_card":"summary_large_image","twitter_misc":{"Written by":"Developer","Est. reading time":"1 minute"},"schema":{"@context":"https:\/\/schema.org","@graph":[{"@type":"Article","@id":"https:\/\/qtmm.org\/qt\/ukraina-mustaqilligi-icun-atesin-kuresci-mihail-gorin-vefati-munasebetinen-onin-yaqinlari-butun-ukrain-halqina-mustafa-cemilev-meclis-adindan-teren-taziye-bildirdi\/#article","isPartOf":{"@id":"https:\/\/qtmm.org\/qt\/ukraina-mustaqilligi-icun-atesin-kuresci-mihail-gorin-vefati-munasebetinen-onin-yaqinlari-butun-ukrain-halqina-mustafa-cemilev-meclis-adindan-teren-taziye-bildirdi\/"},"author":{"name":"Developer","@id":"https:\/\/qtmm.org\/qt\/#\/schema\/person\/de562469f971dec226ac06e60bbf74a7"},"headline":"Ukraina mustaqilligi i\u00e7\u00fcn ate\u015fin k\u00fcre\u015f\u00e7i Mihail Gor\u0131n vefat\u0131 munasebetinen on\u0131\u00f1 yaq\u0131nlar\u0131, b\u00fct\u00fcn ukrain halq\u0131na Mustafa Cemilev Meclis ad\u0131ndan teren taziye bildirdi","datePublished":"2013-01-15T13:37:00+00:00","dateModified":"2022-01-23T13:38:17+00:00","mainEntityOfPage":{"@id":"https:\/\/qtmm.org\/qt\/ukraina-mustaqilligi-icun-atesin-kuresci-mihail-gorin-vefati-munasebetinen-onin-yaqinlari-butun-ukrain-halqina-mustafa-cemilev-meclis-adindan-teren-taziye-bildirdi\/"},"wordCount":293,"commentCount":0,"publisher":{"@id":"https:\/\/qtmm.org\/qt\/#organization"},"articleSection":["Haberler"],"inLanguage":"qt","potentialAction":[{"@type":"CommentAction","name":"Comment","target":["https:\/\/qtmm.org\/qt\/ukraina-mustaqilligi-icun-atesin-kuresci-mihail-gorin-vefati-munasebetinen-onin-yaqinlari-butun-ukrain-halqina-mustafa-cemilev-meclis-adindan-teren-taziye-bildirdi\/#respond"]}]},{"@type":"WebPage","@id":"https:\/\/qtmm.org\/qt\/ukraina-mustaqilligi-icun-atesin-kuresci-mihail-gorin-vefati-munasebetinen-onin-yaqinlari-butun-ukrain-halqina-mustafa-cemilev-meclis-adindan-teren-taziye-bildirdi\/","url":"https:\/\/qtmm.org\/qt\/ukraina-mustaqilligi-icun-atesin-kuresci-mihail-gorin-vefati-munasebetinen-onin-yaqinlari-butun-ukrain-halqina-mustafa-cemilev-meclis-adindan-teren-taziye-bildirdi\/","name":"Ukraina mustaqilligi i\u00e7\u00fcn ate\u015fin k\u00fcre\u015f\u00e7i Mihail Gor\u0131n vefat\u0131 munasebetinen on\u0131\u00f1 yaq\u0131nlar\u0131, b\u00fct\u00fcn ukrain halq\u0131na Mustafa Cemilev Meclis ad\u0131ndan teren taziye bildirdi - \u041c\u0435\u0434\u0436\u043b\u0456\u0441","isPartOf":{"@id":"https:\/\/qtmm.org\/qt\/#website"},"datePublished":"2013-01-15T13:37:00+00:00","dateModified":"2022-01-23T13:38:17+00:00","breadcrumb":{"@id":"https:\/\/qtmm.org\/qt\/ukraina-mustaqilligi-icun-atesin-kuresci-mihail-gorin-vefati-munasebetinen-onin-yaqinlari-butun-ukrain-halqina-mustafa-cemilev-meclis-adindan-teren-taziye-bildirdi\/#breadcrumb"},"inLanguage":"qt","potentialAction":[{"@type":"ReadAction","target":["https:\/\/qtmm.org\/qt\/ukraina-mustaqilligi-icun-atesin-kuresci-mihail-gorin-vefati-munasebetinen-onin-yaqinlari-butun-ukrain-halqina-mustafa-cemilev-meclis-adindan-teren-taziye-bildirdi\/"]}]},{"@type":"BreadcrumbList","@id":"https:\/\/qtmm.org\/qt\/ukraina-mustaqilligi-icun-atesin-kuresci-mihail-gorin-vefati-munasebetinen-onin-yaqinlari-butun-ukrain-halqina-mustafa-cemilev-meclis-adindan-teren-taziye-bildirdi\/#breadcrumb","itemListElement":[{"@type":"ListItem","position":1,"name":"\u0413\u043e\u043b\u043e\u0432\u043d\u0430","item":"https:\/\/qtmm.org\/qt\/"},{"@type":"ListItem","position":2,"name":"Ukraina mustaqilligi i\u00e7\u00fcn ate\u015fin k\u00fcre\u015f\u00e7i Mihail Gor\u0131n vefat\u0131 munasebetinen on\u0131\u00f1 yaq\u0131nlar\u0131, b\u00fct\u00fcn ukrain halq\u0131na Mustafa Cemilev Meclis ad\u0131ndan teren taziye bildirdi"}]},{"@type":"WebSite","@id":"https:\/\/qtmm.org\/qt\/#website","url":"https:\/\/qtmm.org\/qt\/","name":"\u041c\u0435\u0434\u0436\u043b\u0456\u0441","description":"","publisher":{"@id":"https:\/\/qtmm.org\/qt\/#organization"},"potentialAction":[{"@type":"SearchAction","target":{"@type":"EntryPoint","urlTemplate":"https:\/\/qtmm.org\/qt\/?s={search_term_string}"},"query-input":{"@type":"PropertyValueSpecification","valueRequired":true,"valueName":"search_term_string"}}],"inLanguage":"qt"},{"@type":"Organization","@id":"https:\/\/qtmm.org\/qt\/#organization","name":"\u041c\u0435\u0434\u0436\u043b\u0456\u0441","url":"https:\/\/qtmm.org\/qt\/","logo":{"@type":"ImageObject","inLanguage":"qt","@id":"https:\/\/qtmm.org\/qt\/#\/schema\/logo\/image\/","url":"https:\/\/qtmm.org\/wp-content\/uploads\/2024\/12\/ua-mejlis-logo-rgb.svg","contentUrl":"https:\/\/qtmm.org\/wp-content\/uploads\/2024\/12\/ua-mejlis-logo-rgb.svg","caption":"\u041c\u0435\u0434\u0436\u043b\u0456\u0441"},"image":{"@id":"https:\/\/qtmm.org\/qt\/#\/schema\/logo\/image\/"},"sameAs":["https:\/\/www.facebook.com\/qtmm.info\/"]},{"@type":"Person","@id":"https:\/\/qtmm.org\/qt\/#\/schema\/person\/de562469f971dec226ac06e60bbf74a7","name":"Developer","image":{"@type":"ImageObject","inLanguage":"qt","@id":"https:\/\/secure.gravatar.com\/avatar\/392b4cc8fbfeb00b39dfeeab4ee6edded39ffd48e25858637e4765810300227e?s=96&d=mm&r=g","url":"https:\/\/secure.gravatar.com\/avatar\/392b4cc8fbfeb00b39dfeeab4ee6edded39ffd48e25858637e4765810300227e?s=96&d=mm&r=g","contentUrl":"https:\/\/secure.gravatar.com\/avatar\/392b4cc8fbfeb00b39dfeeab4ee6edded39ffd48e25858637e4765810300227e?s=96&d=mm&r=g","caption":"Developer"},"url":"https:\/\/qtmm.org\/qt\/author\/Developer\/"}]}},"_links":{"self":[{"href":"https:\/\/qtmm.org\/qt\/wp-json\/wp\/v2\/posts\/35719","targetHints":{"allow":["GET"]}}],"collection":[{"href":"https:\/\/qtmm.org\/qt\/wp-json\/wp\/v2\/posts"}],"about":[{"href":"https:\/\/qtmm.org\/qt\/wp-json\/wp\/v2\/types\/post"}],"author":[{"embeddable":true,"href":"https:\/\/qtmm.org\/qt\/wp-json\/wp\/v2\/users\/1"}],"replies":[{"embeddable":true,"href":"https:\/\/qtmm.org\/qt\/wp-json\/wp\/v2\/comments?post=35719"}],"version-history":[{"count":1,"href":"https:\/\/qtmm.org\/qt\/wp-json\/wp\/v2\/posts\/35719\/revisions"}],"predecessor-version":[{"id":35720,"href":"https:\/\/qtmm.org\/qt\/wp-json\/wp\/v2\/posts\/35719\/revisions\/35720"}],"wp:attachment":[{"href":"https:\/\/qtmm.org\/qt\/wp-json\/wp\/v2\/media?parent=35719"}],"wp:term":[{"taxonomy":"category","embeddable":true,"href":"https:\/\/qtmm.org\/qt\/wp-json\/wp\/v2\/categories?post=35719"},{"taxonomy":"post_tag","embeddable":true,"href":"https:\/\/qtmm.org\/qt\/wp-json\/wp\/v2\/tags?post=35719"}],"curies":[{"name":"wp","href":"https:\/\/api.w.org\/{rel}","templated":true}]}}