




{"id":35717,"date":"2013-01-15T16:37:00","date_gmt":"2013-01-15T13:37:00","guid":{"rendered":"http:\/\/qtmm.org\/?p=35717"},"modified":"2022-01-23T16:37:27","modified_gmt":"2022-01-23T13:37:27","slug":"meclis-reisi-qibriznin-ukrainada-elcisi-evagoras-vrionidisnen-korusti","status":"publish","type":"post","link":"https:\/\/qtmm.org\/qt\/meclis-reisi-qibriznin-ukrainada-elcisi-evagoras-vrionidisnen-korusti\/","title":{"rendered":"Meclis reisi Q\u0131br\u0131zn\u0131\u00f1 Ukrainada El\u00e7isi Evagoras Vrionidisnen k\u00f6r\u00fc\u015fti"},"content":{"rendered":"\n<p>Ke\u00e7ken aftan\u0131\u00f1 so\u00f1unda, 2013 senesi yanvar 13-te Kiyevde Q\u0131r\u0131mtatar halq\u0131 Meclisini\u00f1 reisi, Ukraina halq deputat\u0131 Mustafa Cemilev Q\u0131br\u0131zn\u0131\u00f1 Ukrainadaki Vefqulade ve Toluvek\u00e2letli El\u00e7isi Evagoras Vrionidis ile k\u00f6r\u00fc\u015fti. Q\u0131br\u0131z El\u00e7isini\u00f1 ricas\u0131nen ol\u011fan k\u00f6r\u00fc\u015f\u00fcv vaqt\u0131nda E. Vrionidis ne sebepten Meclis reisi Q\u0131br\u0131zn\u0131\u00f1 &#8220;1974 senesi t\u00fcrk qo\u015funlar\u0131 taraf\u0131ndan zapt etilgen q\u0131sm\u0131n\u0131 ziyaret etip, i\u00e7 bir kere Avropa Birligini\u00f1 azas\u0131 ol\u011fan ve Ukrainanen diplomatik munasebetlerde bulun\u011fan Q\u0131br\u0131z Cumhuriyetine (adan\u0131\u00f1 yunan taraf\u0131) i\u00e7 kelmegenini&#8221; bilmek istedi.<\/p>\n\n\n\n<p>M. Cemilev ise \u00f6z taraf\u0131ndan ne Q\u0131br\u0131zn\u0131\u00f1 yunan q\u0131sm\u0131na, ne de Yunanistan\u011fa qar\u015f\u0131 i\u00e7 bir t\u00fcrl\u00fc menfiy fikirde olma\u011fan\u0131n\u0131 bildirerek, \u015eimaliy Q\u0131br\u0131z T\u00fcrkiye Cumhuriyetini \u015fu devletni\u00f1 prezidenti ya da parlamentini\u00f1 davetine k\u00f6re tantanal\u0131 merasim ve konferentsiyalarda i\u015ftirak etkenini bildirdi. Bundan da \u011fayr\u0131 Q\u0131br\u0131zn\u0131\u00f1 \u015fu q\u0131sm\u0131nda ya\u015fa\u011fan t\u00fcrkler q\u0131r\u0131mtatarlarn\u0131\u00f1 soyda\u015flar\u0131, \u00e7oqlar\u0131 ise Q\u0131r\u0131mn\u0131 Rusiyeni\u00f1 i\u015f\u011falinden so\u00f1 terk etmek zoruna qal\u011fan q\u0131r\u0131mtatarlarn\u0131\u00f1 ecdatlar\u0131d\u0131r.<\/p>\n\n\n\n<p>El\u00e7ini\u00f1 mustaqil devlet hudud\u0131nda yabanc\u0131 t\u00fcrk qo\u015funlar\u0131n\u0131\u00f1 bulun\u011fan\u0131na Mustafa Cemilev Meclis reisi olaraq nas\u0131l q\u0131ymet keskeni aqq\u0131nda sualine M. Cemilev dedi ki, belli ol\u011fan\u0131na k\u00f6re imzalan\u011fan a\u00f1la\u015fmalar boyunca Q\u0131br\u0131zda ba\u015fqa devletler, \u015fu c\u00fcmleden Yunanistan ve B\u00fcy\u00fck Britaniya, bun\u0131\u00f1 kibi de BMT memleketlerini\u00f1 qo\u015funlar\u0131 da buluna. &#8220;Em, t\u00fcrk qo\u015funlar\u0131 Q\u0131br\u0131zda yunan &#8220;qara polkovnikleri&#8221; Q\u0131br\u0131z ve Yunanistan birle\u015fip Q\u0131br\u0131zdaki t\u00fcrk cemiyetine basq\u0131 etken so\u00f1 peyda old\u0131lar, albu ki t\u00fcrk cemiyeti Cumhuriyetni\u00f1 1960 senesinde qabul etken Anayasas\u0131n\u0131\u00f1 talaplar\u0131 bozul\u011fan\u0131na qar\u015f\u0131 \u00e7\u0131qqan edi, dep qayd etti M. Cemilev. Q\u0131br\u0131zn\u0131 b\u00fct\u00fcn yabanc\u0131 qo\u015funlar terk etmesi i\u00e7\u00fcn ba\u015fta adan\u0131 em t\u00fcrk, em yunan q\u0131sm\u0131n\u0131 qanaatlendirgen \u015faraitlerde birle\u015ftirmek kerek&#8221;.<\/p>\n\n\n\n<p>&#8220;K\u00f6fi Annann\u0131\u00f1 adan\u0131 birle\u015ftirmek plan\u0131&#8221; boyunca \u00f6tkerilgen referendumda yunan cemiyeti 2004 senesi \u00e7oqluq olaraq qoltutma\u011fan\u0131n\u0131 M. Cemilev yaz\u0131qs\u0131n\u0131p qayd etti. Albu ki, t\u00fcrklerni\u00f1 65 fay\u0131z\u0131 plann\u0131 maqullegen edi.<\/p>\n\n\n\n<p>Subet bir saatten ziyade devam etti. On\u0131\u00f1 so\u00f1unda E. Vrionidis Meclis reisini o\u00f1aytl\u0131 bir vaq\u0131tta Q\u0131br\u0131zn\u0131 ziyaret etmege davet etti. Q\u0131r\u0131mtatar halq\u0131 Meclisini\u00f1 reisi, Ukraina halq deputat\u0131 Mustafa Cemilev Q\u0131br\u0131zn\u0131\u00f1 Ukrainadaki Vefqulade ve Toluvek\u00e2letli El\u00e7isi Evagoras Vrionidisni\u00f1 davetini memn\u00fcnlikle qabul etkenini bildirip, \u00f6z nevbetinde El\u00e7i cenaplar\u0131n\u0131 Q\u0131r\u0131m\u011fa m\u0131ndaki yunan cemiyeti vekillerinen k\u00f6r\u00fc\u015fmek i\u00e7\u00fcn musafirlikke \u00e7a\u011f\u0131rd\u0131.<\/p>\n","protected":false},"excerpt":{"rendered":"<p>Ke\u00e7ken aftan\u0131\u00f1 so\u00f1unda, 2013 senesi yanvar 13-te Kiyevde Q\u0131r\u0131mtatar halq\u0131 Meclisini\u00f1 reisi, Ukraina halq deputat\u0131 Mustafa Cemilev Q\u0131br\u0131zn\u0131\u00f1 Ukrainadaki Vefqulade ve Toluvek\u00e2letli El\u00e7isi Evagoras Vrionidis ile k\u00f6r\u00fc\u015fti. Q\u0131br\u0131z El\u00e7isini\u00f1 ricas\u0131nen ol\u011fan k\u00f6r\u00fc\u015f\u00fcv vaqt\u0131nda E. Vrionidis ne sebepten Meclis reisi Q\u0131br\u0131zn\u0131\u00f1 &#8220;1974 senesi t\u00fcrk qo\u015funlar\u0131 taraf\u0131ndan zapt etilgen q\u0131sm\u0131n\u0131 ziyaret etip, i\u00e7 bir kere Avropa Birligini\u00f1 [&hellip;]<\/p>\n","protected":false},"author":1,"featured_media":0,"comment_status":"open","ping_status":"open","sticky":false,"template":"","format":"standard","meta":{"inline_featured_image":false,"footnotes":""},"categories":[265],"tags":[],"class_list":["post-35717","post","type-post","status-publish","format-standard","hentry","category-haberler"],"acf":[],"yoast_head":"<!-- This site is optimized with the Yoast SEO plugin v27.4 - https:\/\/yoast.com\/product\/yoast-seo-wordpress\/ -->\n<title>Meclis reisi Q\u0131br\u0131zn\u0131\u00f1 Ukrainada El\u00e7isi Evagoras Vrionidisnen k\u00f6r\u00fc\u015fti - \u041c\u0435\u0434\u0436\u043b\u0456\u0441<\/title>\n<meta name=\"robots\" content=\"index, follow, max-snippet:-1, max-image-preview:large, max-video-preview:-1\" \/>\n<link rel=\"canonical\" href=\"https:\/\/qtmm.org\/qt\/meclis-reisi-qibriznin-ukrainada-elcisi-evagoras-vrionidisnen-korusti\/\" \/>\n<meta property=\"og:locale\" content=\"en_US\" \/>\n<meta property=\"og:type\" content=\"article\" \/>\n<meta property=\"og:title\" content=\"Meclis reisi Q\u0131br\u0131zn\u0131\u00f1 Ukrainada El\u00e7isi Evagoras Vrionidisnen k\u00f6r\u00fc\u015fti - \u041c\u0435\u0434\u0436\u043b\u0456\u0441\" \/>\n<meta property=\"og:description\" content=\"Ke\u00e7ken aftan\u0131\u00f1 so\u00f1unda, 2013 senesi yanvar 13-te Kiyevde Q\u0131r\u0131mtatar halq\u0131 Meclisini\u00f1 reisi, Ukraina halq deputat\u0131 Mustafa Cemilev Q\u0131br\u0131zn\u0131\u00f1 Ukrainadaki Vefqulade ve Toluvek\u00e2letli El\u00e7isi Evagoras Vrionidis ile k\u00f6r\u00fc\u015fti. Q\u0131br\u0131z El\u00e7isini\u00f1 ricas\u0131nen ol\u011fan k\u00f6r\u00fc\u015f\u00fcv vaqt\u0131nda E. Vrionidis ne sebepten Meclis reisi Q\u0131br\u0131zn\u0131\u00f1 &#8220;1974 senesi t\u00fcrk qo\u015funlar\u0131 taraf\u0131ndan zapt etilgen q\u0131sm\u0131n\u0131 ziyaret etip, i\u00e7 bir kere Avropa Birligini\u00f1 [&hellip;]\" \/>\n<meta property=\"og:url\" content=\"https:\/\/qtmm.org\/qt\/meclis-reisi-qibriznin-ukrainada-elcisi-evagoras-vrionidisnen-korusti\/\" \/>\n<meta property=\"og:site_name\" content=\"\u041c\u0435\u0434\u0436\u043b\u0456\u0441\" \/>\n<meta property=\"article:publisher\" content=\"https:\/\/www.facebook.com\/qtmm.info\/\" \/>\n<meta property=\"article:published_time\" content=\"2013-01-15T13:37:00+00:00\" \/>\n<meta property=\"article:modified_time\" content=\"2022-01-23T13:37:27+00:00\" \/>\n<meta name=\"author\" content=\"Developer\" \/>\n<meta name=\"twitter:card\" content=\"summary_large_image\" \/>\n<meta name=\"twitter:label1\" content=\"Written by\" \/>\n\t<meta name=\"twitter:data1\" content=\"Developer\" \/>\n\t<meta name=\"twitter:label2\" content=\"Est. reading time\" \/>\n\t<meta name=\"twitter:data2\" content=\"2 minutes\" \/>\n<script type=\"application\/ld+json\" class=\"yoast-schema-graph\">{\"@context\":\"https:\\\/\\\/schema.org\",\"@graph\":[{\"@type\":\"Article\",\"@id\":\"https:\\\/\\\/qtmm.org\\\/qt\\\/meclis-reisi-qibriznin-ukrainada-elcisi-evagoras-vrionidisnen-korusti\\\/#article\",\"isPartOf\":{\"@id\":\"https:\\\/\\\/qtmm.org\\\/qt\\\/meclis-reisi-qibriznin-ukrainada-elcisi-evagoras-vrionidisnen-korusti\\\/\"},\"author\":{\"name\":\"Developer\",\"@id\":\"https:\\\/\\\/qtmm.org\\\/qt\\\/#\\\/schema\\\/person\\\/de562469f971dec226ac06e60bbf74a7\"},\"headline\":\"Meclis reisi Q\u0131br\u0131zn\u0131\u00f1 Ukrainada El\u00e7isi Evagoras Vrionidisnen k\u00f6r\u00fc\u015fti\",\"datePublished\":\"2013-01-15T13:37:00+00:00\",\"dateModified\":\"2022-01-23T13:37:27+00:00\",\"mainEntityOfPage\":{\"@id\":\"https:\\\/\\\/qtmm.org\\\/qt\\\/meclis-reisi-qibriznin-ukrainada-elcisi-evagoras-vrionidisnen-korusti\\\/\"},\"wordCount\":466,\"commentCount\":0,\"publisher\":{\"@id\":\"https:\\\/\\\/qtmm.org\\\/qt\\\/#organization\"},\"articleSection\":[\"Haberler\"],\"inLanguage\":\"qt\",\"potentialAction\":[{\"@type\":\"CommentAction\",\"name\":\"Comment\",\"target\":[\"https:\\\/\\\/qtmm.org\\\/qt\\\/meclis-reisi-qibriznin-ukrainada-elcisi-evagoras-vrionidisnen-korusti\\\/#respond\"]}]},{\"@type\":\"WebPage\",\"@id\":\"https:\\\/\\\/qtmm.org\\\/qt\\\/meclis-reisi-qibriznin-ukrainada-elcisi-evagoras-vrionidisnen-korusti\\\/\",\"url\":\"https:\\\/\\\/qtmm.org\\\/qt\\\/meclis-reisi-qibriznin-ukrainada-elcisi-evagoras-vrionidisnen-korusti\\\/\",\"name\":\"Meclis reisi Q\u0131br\u0131zn\u0131\u00f1 Ukrainada El\u00e7isi Evagoras Vrionidisnen k\u00f6r\u00fc\u015fti - \u041c\u0435\u0434\u0436\u043b\u0456\u0441\",\"isPartOf\":{\"@id\":\"https:\\\/\\\/qtmm.org\\\/qt\\\/#website\"},\"datePublished\":\"2013-01-15T13:37:00+00:00\",\"dateModified\":\"2022-01-23T13:37:27+00:00\",\"breadcrumb\":{\"@id\":\"https:\\\/\\\/qtmm.org\\\/qt\\\/meclis-reisi-qibriznin-ukrainada-elcisi-evagoras-vrionidisnen-korusti\\\/#breadcrumb\"},\"inLanguage\":\"qt\",\"potentialAction\":[{\"@type\":\"ReadAction\",\"target\":[\"https:\\\/\\\/qtmm.org\\\/qt\\\/meclis-reisi-qibriznin-ukrainada-elcisi-evagoras-vrionidisnen-korusti\\\/\"]}]},{\"@type\":\"BreadcrumbList\",\"@id\":\"https:\\\/\\\/qtmm.org\\\/qt\\\/meclis-reisi-qibriznin-ukrainada-elcisi-evagoras-vrionidisnen-korusti\\\/#breadcrumb\",\"itemListElement\":[{\"@type\":\"ListItem\",\"position\":1,\"name\":\"\u0413\u043e\u043b\u043e\u0432\u043d\u0430\",\"item\":\"https:\\\/\\\/qtmm.org\\\/qt\\\/\"},{\"@type\":\"ListItem\",\"position\":2,\"name\":\"Meclis reisi Q\u0131br\u0131zn\u0131\u00f1 Ukrainada El\u00e7isi Evagoras Vrionidisnen k\u00f6r\u00fc\u015fti\"}]},{\"@type\":\"WebSite\",\"@id\":\"https:\\\/\\\/qtmm.org\\\/qt\\\/#website\",\"url\":\"https:\\\/\\\/qtmm.org\\\/qt\\\/\",\"name\":\"\u041c\u0435\u0434\u0436\u043b\u0456\u0441\",\"description\":\"\",\"publisher\":{\"@id\":\"https:\\\/\\\/qtmm.org\\\/qt\\\/#organization\"},\"potentialAction\":[{\"@type\":\"SearchAction\",\"target\":{\"@type\":\"EntryPoint\",\"urlTemplate\":\"https:\\\/\\\/qtmm.org\\\/qt\\\/?s={search_term_string}\"},\"query-input\":{\"@type\":\"PropertyValueSpecification\",\"valueRequired\":true,\"valueName\":\"search_term_string\"}}],\"inLanguage\":\"qt\"},{\"@type\":\"Organization\",\"@id\":\"https:\\\/\\\/qtmm.org\\\/qt\\\/#organization\",\"name\":\"\u041c\u0435\u0434\u0436\u043b\u0456\u0441\",\"url\":\"https:\\\/\\\/qtmm.org\\\/qt\\\/\",\"logo\":{\"@type\":\"ImageObject\",\"inLanguage\":\"qt\",\"@id\":\"https:\\\/\\\/qtmm.org\\\/qt\\\/#\\\/schema\\\/logo\\\/image\\\/\",\"url\":\"https:\\\/\\\/qtmm.org\\\/wp-content\\\/uploads\\\/2024\\\/12\\\/ua-mejlis-logo-rgb.svg\",\"contentUrl\":\"https:\\\/\\\/qtmm.org\\\/wp-content\\\/uploads\\\/2024\\\/12\\\/ua-mejlis-logo-rgb.svg\",\"caption\":\"\u041c\u0435\u0434\u0436\u043b\u0456\u0441\"},\"image\":{\"@id\":\"https:\\\/\\\/qtmm.org\\\/qt\\\/#\\\/schema\\\/logo\\\/image\\\/\"},\"sameAs\":[\"https:\\\/\\\/www.facebook.com\\\/qtmm.info\\\/\"]},{\"@type\":\"Person\",\"@id\":\"https:\\\/\\\/qtmm.org\\\/qt\\\/#\\\/schema\\\/person\\\/de562469f971dec226ac06e60bbf74a7\",\"name\":\"Developer\",\"image\":{\"@type\":\"ImageObject\",\"inLanguage\":\"qt\",\"@id\":\"https:\\\/\\\/secure.gravatar.com\\\/avatar\\\/392b4cc8fbfeb00b39dfeeab4ee6edded39ffd48e25858637e4765810300227e?s=96&d=mm&r=g\",\"url\":\"https:\\\/\\\/secure.gravatar.com\\\/avatar\\\/392b4cc8fbfeb00b39dfeeab4ee6edded39ffd48e25858637e4765810300227e?s=96&d=mm&r=g\",\"contentUrl\":\"https:\\\/\\\/secure.gravatar.com\\\/avatar\\\/392b4cc8fbfeb00b39dfeeab4ee6edded39ffd48e25858637e4765810300227e?s=96&d=mm&r=g\",\"caption\":\"Developer\"},\"url\":\"https:\\\/\\\/qtmm.org\\\/qt\\\/author\\\/Developer\\\/\"}]}<\/script>\n<!-- \/ Yoast SEO plugin. -->","yoast_head_json":{"title":"Meclis reisi Q\u0131br\u0131zn\u0131\u00f1 Ukrainada El\u00e7isi Evagoras Vrionidisnen k\u00f6r\u00fc\u015fti - \u041c\u0435\u0434\u0436\u043b\u0456\u0441","robots":{"index":"index","follow":"follow","max-snippet":"max-snippet:-1","max-image-preview":"max-image-preview:large","max-video-preview":"max-video-preview:-1"},"canonical":"https:\/\/qtmm.org\/qt\/meclis-reisi-qibriznin-ukrainada-elcisi-evagoras-vrionidisnen-korusti\/","og_locale":"en_US","og_type":"article","og_title":"Meclis reisi Q\u0131br\u0131zn\u0131\u00f1 Ukrainada El\u00e7isi Evagoras Vrionidisnen k\u00f6r\u00fc\u015fti - \u041c\u0435\u0434\u0436\u043b\u0456\u0441","og_description":"Ke\u00e7ken aftan\u0131\u00f1 so\u00f1unda, 2013 senesi yanvar 13-te Kiyevde Q\u0131r\u0131mtatar halq\u0131 Meclisini\u00f1 reisi, Ukraina halq deputat\u0131 Mustafa Cemilev Q\u0131br\u0131zn\u0131\u00f1 Ukrainadaki Vefqulade ve Toluvek\u00e2letli El\u00e7isi Evagoras Vrionidis ile k\u00f6r\u00fc\u015fti. Q\u0131br\u0131z El\u00e7isini\u00f1 ricas\u0131nen ol\u011fan k\u00f6r\u00fc\u015f\u00fcv vaqt\u0131nda E. Vrionidis ne sebepten Meclis reisi Q\u0131br\u0131zn\u0131\u00f1 &#8220;1974 senesi t\u00fcrk qo\u015funlar\u0131 taraf\u0131ndan zapt etilgen q\u0131sm\u0131n\u0131 ziyaret etip, i\u00e7 bir kere Avropa Birligini\u00f1 [&hellip;]","og_url":"https:\/\/qtmm.org\/qt\/meclis-reisi-qibriznin-ukrainada-elcisi-evagoras-vrionidisnen-korusti\/","og_site_name":"\u041c\u0435\u0434\u0436\u043b\u0456\u0441","article_publisher":"https:\/\/www.facebook.com\/qtmm.info\/","article_published_time":"2013-01-15T13:37:00+00:00","article_modified_time":"2022-01-23T13:37:27+00:00","author":"Developer","twitter_card":"summary_large_image","twitter_misc":{"Written by":"Developer","Est. reading time":"2 minutes"},"schema":{"@context":"https:\/\/schema.org","@graph":[{"@type":"Article","@id":"https:\/\/qtmm.org\/qt\/meclis-reisi-qibriznin-ukrainada-elcisi-evagoras-vrionidisnen-korusti\/#article","isPartOf":{"@id":"https:\/\/qtmm.org\/qt\/meclis-reisi-qibriznin-ukrainada-elcisi-evagoras-vrionidisnen-korusti\/"},"author":{"name":"Developer","@id":"https:\/\/qtmm.org\/qt\/#\/schema\/person\/de562469f971dec226ac06e60bbf74a7"},"headline":"Meclis reisi Q\u0131br\u0131zn\u0131\u00f1 Ukrainada El\u00e7isi Evagoras Vrionidisnen k\u00f6r\u00fc\u015fti","datePublished":"2013-01-15T13:37:00+00:00","dateModified":"2022-01-23T13:37:27+00:00","mainEntityOfPage":{"@id":"https:\/\/qtmm.org\/qt\/meclis-reisi-qibriznin-ukrainada-elcisi-evagoras-vrionidisnen-korusti\/"},"wordCount":466,"commentCount":0,"publisher":{"@id":"https:\/\/qtmm.org\/qt\/#organization"},"articleSection":["Haberler"],"inLanguage":"qt","potentialAction":[{"@type":"CommentAction","name":"Comment","target":["https:\/\/qtmm.org\/qt\/meclis-reisi-qibriznin-ukrainada-elcisi-evagoras-vrionidisnen-korusti\/#respond"]}]},{"@type":"WebPage","@id":"https:\/\/qtmm.org\/qt\/meclis-reisi-qibriznin-ukrainada-elcisi-evagoras-vrionidisnen-korusti\/","url":"https:\/\/qtmm.org\/qt\/meclis-reisi-qibriznin-ukrainada-elcisi-evagoras-vrionidisnen-korusti\/","name":"Meclis reisi Q\u0131br\u0131zn\u0131\u00f1 Ukrainada El\u00e7isi Evagoras Vrionidisnen k\u00f6r\u00fc\u015fti - \u041c\u0435\u0434\u0436\u043b\u0456\u0441","isPartOf":{"@id":"https:\/\/qtmm.org\/qt\/#website"},"datePublished":"2013-01-15T13:37:00+00:00","dateModified":"2022-01-23T13:37:27+00:00","breadcrumb":{"@id":"https:\/\/qtmm.org\/qt\/meclis-reisi-qibriznin-ukrainada-elcisi-evagoras-vrionidisnen-korusti\/#breadcrumb"},"inLanguage":"qt","potentialAction":[{"@type":"ReadAction","target":["https:\/\/qtmm.org\/qt\/meclis-reisi-qibriznin-ukrainada-elcisi-evagoras-vrionidisnen-korusti\/"]}]},{"@type":"BreadcrumbList","@id":"https:\/\/qtmm.org\/qt\/meclis-reisi-qibriznin-ukrainada-elcisi-evagoras-vrionidisnen-korusti\/#breadcrumb","itemListElement":[{"@type":"ListItem","position":1,"name":"\u0413\u043e\u043b\u043e\u0432\u043d\u0430","item":"https:\/\/qtmm.org\/qt\/"},{"@type":"ListItem","position":2,"name":"Meclis reisi Q\u0131br\u0131zn\u0131\u00f1 Ukrainada El\u00e7isi Evagoras Vrionidisnen k\u00f6r\u00fc\u015fti"}]},{"@type":"WebSite","@id":"https:\/\/qtmm.org\/qt\/#website","url":"https:\/\/qtmm.org\/qt\/","name":"\u041c\u0435\u0434\u0436\u043b\u0456\u0441","description":"","publisher":{"@id":"https:\/\/qtmm.org\/qt\/#organization"},"potentialAction":[{"@type":"SearchAction","target":{"@type":"EntryPoint","urlTemplate":"https:\/\/qtmm.org\/qt\/?s={search_term_string}"},"query-input":{"@type":"PropertyValueSpecification","valueRequired":true,"valueName":"search_term_string"}}],"inLanguage":"qt"},{"@type":"Organization","@id":"https:\/\/qtmm.org\/qt\/#organization","name":"\u041c\u0435\u0434\u0436\u043b\u0456\u0441","url":"https:\/\/qtmm.org\/qt\/","logo":{"@type":"ImageObject","inLanguage":"qt","@id":"https:\/\/qtmm.org\/qt\/#\/schema\/logo\/image\/","url":"https:\/\/qtmm.org\/wp-content\/uploads\/2024\/12\/ua-mejlis-logo-rgb.svg","contentUrl":"https:\/\/qtmm.org\/wp-content\/uploads\/2024\/12\/ua-mejlis-logo-rgb.svg","caption":"\u041c\u0435\u0434\u0436\u043b\u0456\u0441"},"image":{"@id":"https:\/\/qtmm.org\/qt\/#\/schema\/logo\/image\/"},"sameAs":["https:\/\/www.facebook.com\/qtmm.info\/"]},{"@type":"Person","@id":"https:\/\/qtmm.org\/qt\/#\/schema\/person\/de562469f971dec226ac06e60bbf74a7","name":"Developer","image":{"@type":"ImageObject","inLanguage":"qt","@id":"https:\/\/secure.gravatar.com\/avatar\/392b4cc8fbfeb00b39dfeeab4ee6edded39ffd48e25858637e4765810300227e?s=96&d=mm&r=g","url":"https:\/\/secure.gravatar.com\/avatar\/392b4cc8fbfeb00b39dfeeab4ee6edded39ffd48e25858637e4765810300227e?s=96&d=mm&r=g","contentUrl":"https:\/\/secure.gravatar.com\/avatar\/392b4cc8fbfeb00b39dfeeab4ee6edded39ffd48e25858637e4765810300227e?s=96&d=mm&r=g","caption":"Developer"},"url":"https:\/\/qtmm.org\/qt\/author\/Developer\/"}]}},"_links":{"self":[{"href":"https:\/\/qtmm.org\/qt\/wp-json\/wp\/v2\/posts\/35717","targetHints":{"allow":["GET"]}}],"collection":[{"href":"https:\/\/qtmm.org\/qt\/wp-json\/wp\/v2\/posts"}],"about":[{"href":"https:\/\/qtmm.org\/qt\/wp-json\/wp\/v2\/types\/post"}],"author":[{"embeddable":true,"href":"https:\/\/qtmm.org\/qt\/wp-json\/wp\/v2\/users\/1"}],"replies":[{"embeddable":true,"href":"https:\/\/qtmm.org\/qt\/wp-json\/wp\/v2\/comments?post=35717"}],"version-history":[{"count":1,"href":"https:\/\/qtmm.org\/qt\/wp-json\/wp\/v2\/posts\/35717\/revisions"}],"predecessor-version":[{"id":35718,"href":"https:\/\/qtmm.org\/qt\/wp-json\/wp\/v2\/posts\/35717\/revisions\/35718"}],"wp:attachment":[{"href":"https:\/\/qtmm.org\/qt\/wp-json\/wp\/v2\/media?parent=35717"}],"wp:term":[{"taxonomy":"category","embeddable":true,"href":"https:\/\/qtmm.org\/qt\/wp-json\/wp\/v2\/categories?post=35717"},{"taxonomy":"post_tag","embeddable":true,"href":"https:\/\/qtmm.org\/qt\/wp-json\/wp\/v2\/tags?post=35717"}],"curies":[{"name":"wp","href":"https:\/\/api.w.org\/{rel}","templated":true}]}}