




{"id":35715,"date":"2013-01-15T16:36:00","date_gmt":"2013-01-15T13:36:00","guid":{"rendered":"http:\/\/qtmm.org\/?p=35715"},"modified":"2022-01-23T16:36:29","modified_gmt":"2022-01-23T13:36:29","slug":"yanvar-18-de-varsavada-qirimtatarlarnin-bugunki-vaziyetine-bagislangan-matbuat-konferentsiyasi-olacaq","status":"publish","type":"post","link":"https:\/\/qtmm.org\/qt\/yanvar-18-de-varsavada-qirimtatarlarnin-bugunki-vaziyetine-bagislangan-matbuat-konferentsiyasi-olacaq\/","title":{"rendered":"Yanvar 18-de Var\u015favada q\u0131r\u0131mtatarlarn\u0131\u00f1 bug\u00fcnki vaziyetine ba\u011f\u0131\u015flan\u011fan matbuat konferentsiyas\u0131 olacaq"},"content":{"rendered":"\n<p>Hat\u0131rlatam\u0131z ki, yanvar 1-den ba\u015flap Poloniyada uquqqoruy\u0131c\u0131lar ve antikommunistler taraf\u0131ndan &#8220;Q\u0131r\u0131mda fesatqa yol berilmesin! Kosovo facias\u0131 tekrarlanmas\u0131n!&#8221; aktsiyas\u0131 devam ete.<br><br>Matbuat konferentsiyas\u0131 te\u015fkil\u00e2t\u00e7\u0131s\u0131, &#8220;Solidarno\u015b\u0107 Walcz\u0105ca&#8221; areketi \u015earq b\u00f6l\u00fcgini\u00f1 sab\u0131q azas\u0131 Petr Hlebovi\u00e7ni\u00f1 bildirgenine k\u00f6re jurnalistlernen k\u00f6r\u00fc\u015fmege Q\u0131r\u0131mda q\u0131r\u0131mtatarlar\u011fa nisbeten rusiyeli fesat\u00e7\u0131larn\u0131\u00f1 provokatsiyalar\u0131 sebep old\u0131.<\/p>\n\n\n\n<p>Belli ki, Petr Hlebovi\u00e7ni\u00f1 te\u015febb\u00fcsine k\u00f6re yanvar 1-den ba\u015flap Poloniyada uquqqoruy\u0131c\u0131lar ve antikommunistler taraf\u0131ndan &#8220;Q\u0131r\u0131mda fesatqa yol berilmesin! Kosovo facias\u0131 tekrarlanmas\u0131n!&#8221; aktsiyas\u0131 ba\u015fland\u0131.<\/p>\n\n\n\n<p>Aktsiya i\u015ftirak\u00e7ileri Ukraina Prezidenti, Ukraina Yuqar\u0131 \u015euras\u0131, bun\u0131\u00f1 kibi de halqara cemaat\u00e7\u0131l\u0131q ve OSCE devletlerine &#8221; STOP prowokacjomna Krymie!&#8221; Muracaat\u0131n\u0131 yollad\u0131lar. Muracaat Q\u0131r\u0131mda ke\u00e7ken sene dekabr ay\u0131nda q\u0131r\u0131mtatarlar\u011fa nisbeten yap\u0131l\u011fan fesat munasebetinen qabul etildi.<\/p>\n\n\n\n<p>Muracaatn\u0131\u00f1 alt\u0131nda Poloniyan\u0131\u00f1 200=den ziyade k\u00f6r\u00fcmli erbaplar\u0131 imzalar\u0131n\u0131 qoyd\u0131lar. \u0130mza toplav devam ete. Poloniyan\u0131\u00f1 \u0130\u00e7ki i\u015fler nazirligini\u00f1 sab\u0131q naziri Yadviga Hmel\u00f6vska al\u0131p baracaq matbuat konferentsiyas\u0131nda Meclis t\u0131\u015fq\u0131 al\u00e2qalar b\u00f6l\u00fcgini\u00f1 ba\u015f\u0131 Ali Hamzin i\u015ftirak etecek.<\/p>\n","protected":false},"excerpt":{"rendered":"<p>Hat\u0131rlatam\u0131z ki, yanvar 1-den ba\u015flap Poloniyada uquqqoruy\u0131c\u0131lar ve antikommunistler taraf\u0131ndan &#8220;Q\u0131r\u0131mda fesatqa yol berilmesin! Kosovo facias\u0131 tekrarlanmas\u0131n!&#8221; aktsiyas\u0131 devam ete. Matbuat konferentsiyas\u0131 te\u015fkil\u00e2t\u00e7\u0131s\u0131, &#8220;Solidarno\u015b\u0107 Walcz\u0105ca&#8221; areketi \u015earq b\u00f6l\u00fcgini\u00f1 sab\u0131q azas\u0131 Petr Hlebovi\u00e7ni\u00f1 bildirgenine k\u00f6re jurnalistlernen k\u00f6r\u00fc\u015fmege Q\u0131r\u0131mda q\u0131r\u0131mtatarlar\u011fa nisbeten rusiyeli fesat\u00e7\u0131larn\u0131\u00f1 provokatsiyalar\u0131 sebep old\u0131. Belli ki, Petr Hlebovi\u00e7ni\u00f1 te\u015febb\u00fcsine k\u00f6re yanvar 1-den ba\u015flap Poloniyada uquqqoruy\u0131c\u0131lar [&hellip;]<\/p>\n","protected":false},"author":1,"featured_media":0,"comment_status":"open","ping_status":"open","sticky":false,"template":"","format":"standard","meta":{"inline_featured_image":false,"footnotes":""},"categories":[265],"tags":[],"class_list":["post-35715","post","type-post","status-publish","format-standard","hentry","category-haberler"],"acf":[],"yoast_head":"<!-- This site is optimized with the Yoast SEO plugin v27.4 - https:\/\/yoast.com\/product\/yoast-seo-wordpress\/ -->\n<title>Yanvar 18-de Var\u015favada q\u0131r\u0131mtatarlarn\u0131\u00f1 bug\u00fcnki vaziyetine ba\u011f\u0131\u015flan\u011fan matbuat konferentsiyas\u0131 olacaq - \u041c\u0435\u0434\u0436\u043b\u0456\u0441<\/title>\n<meta name=\"robots\" content=\"index, follow, max-snippet:-1, max-image-preview:large, max-video-preview:-1\" \/>\n<link rel=\"canonical\" href=\"https:\/\/qtmm.org\/qt\/yanvar-18-de-varsavada-qirimtatarlarnin-bugunki-vaziyetine-bagislangan-matbuat-konferentsiyasi-olacaq\/\" \/>\n<meta property=\"og:locale\" content=\"en_US\" \/>\n<meta property=\"og:type\" content=\"article\" \/>\n<meta property=\"og:title\" content=\"Yanvar 18-de Var\u015favada q\u0131r\u0131mtatarlarn\u0131\u00f1 bug\u00fcnki vaziyetine ba\u011f\u0131\u015flan\u011fan matbuat konferentsiyas\u0131 olacaq - \u041c\u0435\u0434\u0436\u043b\u0456\u0441\" \/>\n<meta property=\"og:description\" content=\"Hat\u0131rlatam\u0131z ki, yanvar 1-den ba\u015flap Poloniyada uquqqoruy\u0131c\u0131lar ve antikommunistler taraf\u0131ndan &#8220;Q\u0131r\u0131mda fesatqa yol berilmesin! Kosovo facias\u0131 tekrarlanmas\u0131n!&#8221; aktsiyas\u0131 devam ete. Matbuat konferentsiyas\u0131 te\u015fkil\u00e2t\u00e7\u0131s\u0131, &#8220;Solidarno\u015b\u0107 Walcz\u0105ca&#8221; areketi \u015earq b\u00f6l\u00fcgini\u00f1 sab\u0131q azas\u0131 Petr Hlebovi\u00e7ni\u00f1 bildirgenine k\u00f6re jurnalistlernen k\u00f6r\u00fc\u015fmege Q\u0131r\u0131mda q\u0131r\u0131mtatarlar\u011fa nisbeten rusiyeli fesat\u00e7\u0131larn\u0131\u00f1 provokatsiyalar\u0131 sebep old\u0131. Belli ki, Petr Hlebovi\u00e7ni\u00f1 te\u015febb\u00fcsine k\u00f6re yanvar 1-den ba\u015flap Poloniyada uquqqoruy\u0131c\u0131lar [&hellip;]\" \/>\n<meta property=\"og:url\" content=\"https:\/\/qtmm.org\/qt\/yanvar-18-de-varsavada-qirimtatarlarnin-bugunki-vaziyetine-bagislangan-matbuat-konferentsiyasi-olacaq\/\" \/>\n<meta property=\"og:site_name\" content=\"\u041c\u0435\u0434\u0436\u043b\u0456\u0441\" \/>\n<meta property=\"article:publisher\" content=\"https:\/\/www.facebook.com\/qtmm.info\/\" \/>\n<meta property=\"article:published_time\" content=\"2013-01-15T13:36:00+00:00\" \/>\n<meta property=\"article:modified_time\" content=\"2022-01-23T13:36:29+00:00\" \/>\n<meta name=\"author\" content=\"Developer\" \/>\n<meta name=\"twitter:card\" content=\"summary_large_image\" \/>\n<meta name=\"twitter:label1\" content=\"Written by\" \/>\n\t<meta name=\"twitter:data1\" content=\"Developer\" \/>\n\t<meta name=\"twitter:label2\" content=\"Est. reading time\" \/>\n\t<meta name=\"twitter:data2\" content=\"1 minute\" \/>\n<script type=\"application\/ld+json\" class=\"yoast-schema-graph\">{\"@context\":\"https:\\\/\\\/schema.org\",\"@graph\":[{\"@type\":\"Article\",\"@id\":\"https:\\\/\\\/qtmm.org\\\/qt\\\/yanvar-18-de-varsavada-qirimtatarlarnin-bugunki-vaziyetine-bagislangan-matbuat-konferentsiyasi-olacaq\\\/#article\",\"isPartOf\":{\"@id\":\"https:\\\/\\\/qtmm.org\\\/qt\\\/yanvar-18-de-varsavada-qirimtatarlarnin-bugunki-vaziyetine-bagislangan-matbuat-konferentsiyasi-olacaq\\\/\"},\"author\":{\"name\":\"Developer\",\"@id\":\"https:\\\/\\\/qtmm.org\\\/qt\\\/#\\\/schema\\\/person\\\/de562469f971dec226ac06e60bbf74a7\"},\"headline\":\"Yanvar 18-de Var\u015favada q\u0131r\u0131mtatarlarn\u0131\u00f1 bug\u00fcnki vaziyetine ba\u011f\u0131\u015flan\u011fan matbuat konferentsiyas\u0131 olacaq\",\"datePublished\":\"2013-01-15T13:36:00+00:00\",\"dateModified\":\"2022-01-23T13:36:29+00:00\",\"mainEntityOfPage\":{\"@id\":\"https:\\\/\\\/qtmm.org\\\/qt\\\/yanvar-18-de-varsavada-qirimtatarlarnin-bugunki-vaziyetine-bagislangan-matbuat-konferentsiyasi-olacaq\\\/\"},\"wordCount\":218,\"commentCount\":0,\"publisher\":{\"@id\":\"https:\\\/\\\/qtmm.org\\\/qt\\\/#organization\"},\"articleSection\":[\"Haberler\"],\"inLanguage\":\"qt\",\"potentialAction\":[{\"@type\":\"CommentAction\",\"name\":\"Comment\",\"target\":[\"https:\\\/\\\/qtmm.org\\\/qt\\\/yanvar-18-de-varsavada-qirimtatarlarnin-bugunki-vaziyetine-bagislangan-matbuat-konferentsiyasi-olacaq\\\/#respond\"]}]},{\"@type\":\"WebPage\",\"@id\":\"https:\\\/\\\/qtmm.org\\\/qt\\\/yanvar-18-de-varsavada-qirimtatarlarnin-bugunki-vaziyetine-bagislangan-matbuat-konferentsiyasi-olacaq\\\/\",\"url\":\"https:\\\/\\\/qtmm.org\\\/qt\\\/yanvar-18-de-varsavada-qirimtatarlarnin-bugunki-vaziyetine-bagislangan-matbuat-konferentsiyasi-olacaq\\\/\",\"name\":\"Yanvar 18-de Var\u015favada q\u0131r\u0131mtatarlarn\u0131\u00f1 bug\u00fcnki vaziyetine ba\u011f\u0131\u015flan\u011fan matbuat konferentsiyas\u0131 olacaq - \u041c\u0435\u0434\u0436\u043b\u0456\u0441\",\"isPartOf\":{\"@id\":\"https:\\\/\\\/qtmm.org\\\/qt\\\/#website\"},\"datePublished\":\"2013-01-15T13:36:00+00:00\",\"dateModified\":\"2022-01-23T13:36:29+00:00\",\"breadcrumb\":{\"@id\":\"https:\\\/\\\/qtmm.org\\\/qt\\\/yanvar-18-de-varsavada-qirimtatarlarnin-bugunki-vaziyetine-bagislangan-matbuat-konferentsiyasi-olacaq\\\/#breadcrumb\"},\"inLanguage\":\"qt\",\"potentialAction\":[{\"@type\":\"ReadAction\",\"target\":[\"https:\\\/\\\/qtmm.org\\\/qt\\\/yanvar-18-de-varsavada-qirimtatarlarnin-bugunki-vaziyetine-bagislangan-matbuat-konferentsiyasi-olacaq\\\/\"]}]},{\"@type\":\"BreadcrumbList\",\"@id\":\"https:\\\/\\\/qtmm.org\\\/qt\\\/yanvar-18-de-varsavada-qirimtatarlarnin-bugunki-vaziyetine-bagislangan-matbuat-konferentsiyasi-olacaq\\\/#breadcrumb\",\"itemListElement\":[{\"@type\":\"ListItem\",\"position\":1,\"name\":\"\u0413\u043e\u043b\u043e\u0432\u043d\u0430\",\"item\":\"https:\\\/\\\/qtmm.org\\\/qt\\\/\"},{\"@type\":\"ListItem\",\"position\":2,\"name\":\"Yanvar 18-de Var\u015favada q\u0131r\u0131mtatarlarn\u0131\u00f1 bug\u00fcnki vaziyetine ba\u011f\u0131\u015flan\u011fan matbuat konferentsiyas\u0131 olacaq\"}]},{\"@type\":\"WebSite\",\"@id\":\"https:\\\/\\\/qtmm.org\\\/qt\\\/#website\",\"url\":\"https:\\\/\\\/qtmm.org\\\/qt\\\/\",\"name\":\"\u041c\u0435\u0434\u0436\u043b\u0456\u0441\",\"description\":\"\",\"publisher\":{\"@id\":\"https:\\\/\\\/qtmm.org\\\/qt\\\/#organization\"},\"potentialAction\":[{\"@type\":\"SearchAction\",\"target\":{\"@type\":\"EntryPoint\",\"urlTemplate\":\"https:\\\/\\\/qtmm.org\\\/qt\\\/?s={search_term_string}\"},\"query-input\":{\"@type\":\"PropertyValueSpecification\",\"valueRequired\":true,\"valueName\":\"search_term_string\"}}],\"inLanguage\":\"qt\"},{\"@type\":\"Organization\",\"@id\":\"https:\\\/\\\/qtmm.org\\\/qt\\\/#organization\",\"name\":\"\u041c\u0435\u0434\u0436\u043b\u0456\u0441\",\"url\":\"https:\\\/\\\/qtmm.org\\\/qt\\\/\",\"logo\":{\"@type\":\"ImageObject\",\"inLanguage\":\"qt\",\"@id\":\"https:\\\/\\\/qtmm.org\\\/qt\\\/#\\\/schema\\\/logo\\\/image\\\/\",\"url\":\"https:\\\/\\\/qtmm.org\\\/wp-content\\\/uploads\\\/2024\\\/12\\\/ua-mejlis-logo-rgb.svg\",\"contentUrl\":\"https:\\\/\\\/qtmm.org\\\/wp-content\\\/uploads\\\/2024\\\/12\\\/ua-mejlis-logo-rgb.svg\",\"caption\":\"\u041c\u0435\u0434\u0436\u043b\u0456\u0441\"},\"image\":{\"@id\":\"https:\\\/\\\/qtmm.org\\\/qt\\\/#\\\/schema\\\/logo\\\/image\\\/\"},\"sameAs\":[\"https:\\\/\\\/www.facebook.com\\\/qtmm.info\\\/\"]},{\"@type\":\"Person\",\"@id\":\"https:\\\/\\\/qtmm.org\\\/qt\\\/#\\\/schema\\\/person\\\/de562469f971dec226ac06e60bbf74a7\",\"name\":\"Developer\",\"image\":{\"@type\":\"ImageObject\",\"inLanguage\":\"qt\",\"@id\":\"https:\\\/\\\/secure.gravatar.com\\\/avatar\\\/392b4cc8fbfeb00b39dfeeab4ee6edded39ffd48e25858637e4765810300227e?s=96&d=mm&r=g\",\"url\":\"https:\\\/\\\/secure.gravatar.com\\\/avatar\\\/392b4cc8fbfeb00b39dfeeab4ee6edded39ffd48e25858637e4765810300227e?s=96&d=mm&r=g\",\"contentUrl\":\"https:\\\/\\\/secure.gravatar.com\\\/avatar\\\/392b4cc8fbfeb00b39dfeeab4ee6edded39ffd48e25858637e4765810300227e?s=96&d=mm&r=g\",\"caption\":\"Developer\"},\"url\":\"https:\\\/\\\/qtmm.org\\\/qt\\\/author\\\/Developer\\\/\"}]}<\/script>\n<!-- \/ Yoast SEO plugin. -->","yoast_head_json":{"title":"Yanvar 18-de Var\u015favada q\u0131r\u0131mtatarlarn\u0131\u00f1 bug\u00fcnki vaziyetine ba\u011f\u0131\u015flan\u011fan matbuat konferentsiyas\u0131 olacaq - \u041c\u0435\u0434\u0436\u043b\u0456\u0441","robots":{"index":"index","follow":"follow","max-snippet":"max-snippet:-1","max-image-preview":"max-image-preview:large","max-video-preview":"max-video-preview:-1"},"canonical":"https:\/\/qtmm.org\/qt\/yanvar-18-de-varsavada-qirimtatarlarnin-bugunki-vaziyetine-bagislangan-matbuat-konferentsiyasi-olacaq\/","og_locale":"en_US","og_type":"article","og_title":"Yanvar 18-de Var\u015favada q\u0131r\u0131mtatarlarn\u0131\u00f1 bug\u00fcnki vaziyetine ba\u011f\u0131\u015flan\u011fan matbuat konferentsiyas\u0131 olacaq - \u041c\u0435\u0434\u0436\u043b\u0456\u0441","og_description":"Hat\u0131rlatam\u0131z ki, yanvar 1-den ba\u015flap Poloniyada uquqqoruy\u0131c\u0131lar ve antikommunistler taraf\u0131ndan &#8220;Q\u0131r\u0131mda fesatqa yol berilmesin! Kosovo facias\u0131 tekrarlanmas\u0131n!&#8221; aktsiyas\u0131 devam ete. Matbuat konferentsiyas\u0131 te\u015fkil\u00e2t\u00e7\u0131s\u0131, &#8220;Solidarno\u015b\u0107 Walcz\u0105ca&#8221; areketi \u015earq b\u00f6l\u00fcgini\u00f1 sab\u0131q azas\u0131 Petr Hlebovi\u00e7ni\u00f1 bildirgenine k\u00f6re jurnalistlernen k\u00f6r\u00fc\u015fmege Q\u0131r\u0131mda q\u0131r\u0131mtatarlar\u011fa nisbeten rusiyeli fesat\u00e7\u0131larn\u0131\u00f1 provokatsiyalar\u0131 sebep old\u0131. Belli ki, Petr Hlebovi\u00e7ni\u00f1 te\u015febb\u00fcsine k\u00f6re yanvar 1-den ba\u015flap Poloniyada uquqqoruy\u0131c\u0131lar [&hellip;]","og_url":"https:\/\/qtmm.org\/qt\/yanvar-18-de-varsavada-qirimtatarlarnin-bugunki-vaziyetine-bagislangan-matbuat-konferentsiyasi-olacaq\/","og_site_name":"\u041c\u0435\u0434\u0436\u043b\u0456\u0441","article_publisher":"https:\/\/www.facebook.com\/qtmm.info\/","article_published_time":"2013-01-15T13:36:00+00:00","article_modified_time":"2022-01-23T13:36:29+00:00","author":"Developer","twitter_card":"summary_large_image","twitter_misc":{"Written by":"Developer","Est. reading time":"1 minute"},"schema":{"@context":"https:\/\/schema.org","@graph":[{"@type":"Article","@id":"https:\/\/qtmm.org\/qt\/yanvar-18-de-varsavada-qirimtatarlarnin-bugunki-vaziyetine-bagislangan-matbuat-konferentsiyasi-olacaq\/#article","isPartOf":{"@id":"https:\/\/qtmm.org\/qt\/yanvar-18-de-varsavada-qirimtatarlarnin-bugunki-vaziyetine-bagislangan-matbuat-konferentsiyasi-olacaq\/"},"author":{"name":"Developer","@id":"https:\/\/qtmm.org\/qt\/#\/schema\/person\/de562469f971dec226ac06e60bbf74a7"},"headline":"Yanvar 18-de Var\u015favada q\u0131r\u0131mtatarlarn\u0131\u00f1 bug\u00fcnki vaziyetine ba\u011f\u0131\u015flan\u011fan matbuat konferentsiyas\u0131 olacaq","datePublished":"2013-01-15T13:36:00+00:00","dateModified":"2022-01-23T13:36:29+00:00","mainEntityOfPage":{"@id":"https:\/\/qtmm.org\/qt\/yanvar-18-de-varsavada-qirimtatarlarnin-bugunki-vaziyetine-bagislangan-matbuat-konferentsiyasi-olacaq\/"},"wordCount":218,"commentCount":0,"publisher":{"@id":"https:\/\/qtmm.org\/qt\/#organization"},"articleSection":["Haberler"],"inLanguage":"qt","potentialAction":[{"@type":"CommentAction","name":"Comment","target":["https:\/\/qtmm.org\/qt\/yanvar-18-de-varsavada-qirimtatarlarnin-bugunki-vaziyetine-bagislangan-matbuat-konferentsiyasi-olacaq\/#respond"]}]},{"@type":"WebPage","@id":"https:\/\/qtmm.org\/qt\/yanvar-18-de-varsavada-qirimtatarlarnin-bugunki-vaziyetine-bagislangan-matbuat-konferentsiyasi-olacaq\/","url":"https:\/\/qtmm.org\/qt\/yanvar-18-de-varsavada-qirimtatarlarnin-bugunki-vaziyetine-bagislangan-matbuat-konferentsiyasi-olacaq\/","name":"Yanvar 18-de Var\u015favada q\u0131r\u0131mtatarlarn\u0131\u00f1 bug\u00fcnki vaziyetine ba\u011f\u0131\u015flan\u011fan matbuat konferentsiyas\u0131 olacaq - \u041c\u0435\u0434\u0436\u043b\u0456\u0441","isPartOf":{"@id":"https:\/\/qtmm.org\/qt\/#website"},"datePublished":"2013-01-15T13:36:00+00:00","dateModified":"2022-01-23T13:36:29+00:00","breadcrumb":{"@id":"https:\/\/qtmm.org\/qt\/yanvar-18-de-varsavada-qirimtatarlarnin-bugunki-vaziyetine-bagislangan-matbuat-konferentsiyasi-olacaq\/#breadcrumb"},"inLanguage":"qt","potentialAction":[{"@type":"ReadAction","target":["https:\/\/qtmm.org\/qt\/yanvar-18-de-varsavada-qirimtatarlarnin-bugunki-vaziyetine-bagislangan-matbuat-konferentsiyasi-olacaq\/"]}]},{"@type":"BreadcrumbList","@id":"https:\/\/qtmm.org\/qt\/yanvar-18-de-varsavada-qirimtatarlarnin-bugunki-vaziyetine-bagislangan-matbuat-konferentsiyasi-olacaq\/#breadcrumb","itemListElement":[{"@type":"ListItem","position":1,"name":"\u0413\u043e\u043b\u043e\u0432\u043d\u0430","item":"https:\/\/qtmm.org\/qt\/"},{"@type":"ListItem","position":2,"name":"Yanvar 18-de Var\u015favada q\u0131r\u0131mtatarlarn\u0131\u00f1 bug\u00fcnki vaziyetine ba\u011f\u0131\u015flan\u011fan matbuat konferentsiyas\u0131 olacaq"}]},{"@type":"WebSite","@id":"https:\/\/qtmm.org\/qt\/#website","url":"https:\/\/qtmm.org\/qt\/","name":"\u041c\u0435\u0434\u0436\u043b\u0456\u0441","description":"","publisher":{"@id":"https:\/\/qtmm.org\/qt\/#organization"},"potentialAction":[{"@type":"SearchAction","target":{"@type":"EntryPoint","urlTemplate":"https:\/\/qtmm.org\/qt\/?s={search_term_string}"},"query-input":{"@type":"PropertyValueSpecification","valueRequired":true,"valueName":"search_term_string"}}],"inLanguage":"qt"},{"@type":"Organization","@id":"https:\/\/qtmm.org\/qt\/#organization","name":"\u041c\u0435\u0434\u0436\u043b\u0456\u0441","url":"https:\/\/qtmm.org\/qt\/","logo":{"@type":"ImageObject","inLanguage":"qt","@id":"https:\/\/qtmm.org\/qt\/#\/schema\/logo\/image\/","url":"https:\/\/qtmm.org\/wp-content\/uploads\/2024\/12\/ua-mejlis-logo-rgb.svg","contentUrl":"https:\/\/qtmm.org\/wp-content\/uploads\/2024\/12\/ua-mejlis-logo-rgb.svg","caption":"\u041c\u0435\u0434\u0436\u043b\u0456\u0441"},"image":{"@id":"https:\/\/qtmm.org\/qt\/#\/schema\/logo\/image\/"},"sameAs":["https:\/\/www.facebook.com\/qtmm.info\/"]},{"@type":"Person","@id":"https:\/\/qtmm.org\/qt\/#\/schema\/person\/de562469f971dec226ac06e60bbf74a7","name":"Developer","image":{"@type":"ImageObject","inLanguage":"qt","@id":"https:\/\/secure.gravatar.com\/avatar\/392b4cc8fbfeb00b39dfeeab4ee6edded39ffd48e25858637e4765810300227e?s=96&d=mm&r=g","url":"https:\/\/secure.gravatar.com\/avatar\/392b4cc8fbfeb00b39dfeeab4ee6edded39ffd48e25858637e4765810300227e?s=96&d=mm&r=g","contentUrl":"https:\/\/secure.gravatar.com\/avatar\/392b4cc8fbfeb00b39dfeeab4ee6edded39ffd48e25858637e4765810300227e?s=96&d=mm&r=g","caption":"Developer"},"url":"https:\/\/qtmm.org\/qt\/author\/Developer\/"}]}},"_links":{"self":[{"href":"https:\/\/qtmm.org\/qt\/wp-json\/wp\/v2\/posts\/35715","targetHints":{"allow":["GET"]}}],"collection":[{"href":"https:\/\/qtmm.org\/qt\/wp-json\/wp\/v2\/posts"}],"about":[{"href":"https:\/\/qtmm.org\/qt\/wp-json\/wp\/v2\/types\/post"}],"author":[{"embeddable":true,"href":"https:\/\/qtmm.org\/qt\/wp-json\/wp\/v2\/users\/1"}],"replies":[{"embeddable":true,"href":"https:\/\/qtmm.org\/qt\/wp-json\/wp\/v2\/comments?post=35715"}],"version-history":[{"count":1,"href":"https:\/\/qtmm.org\/qt\/wp-json\/wp\/v2\/posts\/35715\/revisions"}],"predecessor-version":[{"id":35716,"href":"https:\/\/qtmm.org\/qt\/wp-json\/wp\/v2\/posts\/35715\/revisions\/35716"}],"wp:attachment":[{"href":"https:\/\/qtmm.org\/qt\/wp-json\/wp\/v2\/media?parent=35715"}],"wp:term":[{"taxonomy":"category","embeddable":true,"href":"https:\/\/qtmm.org\/qt\/wp-json\/wp\/v2\/categories?post=35715"},{"taxonomy":"post_tag","embeddable":true,"href":"https:\/\/qtmm.org\/qt\/wp-json\/wp\/v2\/tags?post=35715"}],"curies":[{"name":"wp","href":"https:\/\/api.w.org\/{rel}","templated":true}]}}