




{"id":35713,"date":"2013-01-14T16:35:00","date_gmt":"2013-01-14T13:35:00","guid":{"rendered":"http:\/\/qtmm.org\/?p=35713"},"modified":"2022-01-23T16:35:53","modified_gmt":"2022-01-23T13:35:53","slug":"qirimtatar-halqi-vi-cagirilis-qurultayinin-delegatlari-umumiy-musaviy-ve-dogrudan-dogru-saylav-aqqi-esasinda-gizli-rey-beruv-yolunen-saylanacaqlar-2013-senesi-yanvar-12-kunu","status":"publish","type":"post","link":"https:\/\/qtmm.org\/qt\/qirimtatar-halqi-vi-cagirilis-qurultayinin-delegatlari-umumiy-musaviy-ve-dogrudan-dogru-saylav-aqqi-esasinda-gizli-rey-beruv-yolunen-saylanacaqlar-2013-senesi-yanvar-12-kunu\/","title":{"rendered":"Q\u0131r\u0131mtatar halq\u0131 VI \u00e7a\u011f\u0131r\u0131l\u0131\u015f Qurultay\u0131n\u0131\u00f1 delegatlar\u0131 umumiy, musaviy ve do\u011frudan-do\u011fru saylav aqq\u0131 esas\u0131nda gizli rey ber\u00fcv yolunen saylanacaqlar 2013 senesi yanvar 12 k\u00fcn\u00fc"},"content":{"rendered":"\n<p>Aqmescitte \u00f6tkerilgen q\u0131r\u0131mtatar halq\u0131 qurultay\u0131n\u0131\u00f1 5-nci sessiyas\u0131nda &#8220;Q\u0131r\u0131mtatar halq\u0131 Qurultay\u0131 delegatlar\u0131n\u0131 saylav nizam\u0131&#8221; muzakere etilip, tasdiqland\u0131<\/p>\n\n\n\n<p>5-nci sessiyada milliy qurultayda &#8220;Q\u0131r\u0131mtatar halq\u0131 Qurultay\u0131n\u0131\u00f1 delegatlar\u0131n\u0131 saylav nizam\u0131&#8221;n\u0131 delegatlar be\u015f saat devam\u0131nda er bir maddesini tafsil\u00e2tl\u0131 muzakere etken so\u00f1 tasdiqlad\u0131lar. Meclis reisini\u00f1 birinci muavini Refat \u00c7ubarov Nizamn\u0131\u00f1 er bir maddesini oqup seslendirgen so\u00f1 madde reyge qoyuld\u0131.<\/p>\n\n\n\n<p>Qurultay\u011fa delegatlar saylanmas\u0131n\u0131\u00f1 ya\u00f1\u0131 tertibini tesis etken mezk\u00fcr Nizamn\u0131\u00f1 38 maddesi birer-birer baq\u0131p \u00e7\u0131q\u0131l\u011fan so\u00f1 delegatlar Q\u0131r\u0131mtatar halq\u0131 Qurultay\u0131 delegatlar\u0131n\u0131 saylav nizam\u0131&#8221;n\u0131\u00f1 ya\u00f1\u0131 variant\u0131n\u0131 qabul ettiler.<\/p>\n\n\n\n<p>B\u00f6yleliknen, qabul etilgen vesiqa\u011fa k\u00f6re saylavda q\u0131r\u0131mtatar cemaat ve siyasiy te\u015fkil\u00e2tlar, em de olarn\u0131\u00f1 bloklar\u0131 i\u015ftirak etebileler. 250 delegat qar\u0131\u015f\u0131q (majoritar-proportsional) sistema boyunca se\u00e7ilecek. 50 delegat Q\u0131r\u0131m, Ukrainan\u0131\u00f1 Zaporojye ve Herson vil\u00e2yetleri, Kiyev \u015feeri, \u00d6zbekistan cumhuriyetini qavrap al\u011fan \u00e7oqmandatl\u0131 yek\u00e2ne saylav dairesinden proportsional sistema boyunca q\u0131r\u0131mtatar cemaat ve siyasiy te\u015fkil\u00e2tlardan berilgen saylav cedvellerine k\u00f6re \u00f6tkerilecek. 200 delegat ise Merkeziy Saylav komissiyas\u0131 Q\u0131r\u0131m, Ukrainan\u0131\u00f1 Zaporojye ve Herson vil\u00e2yetleri, \u00d6zbekistan cumhuriyetinde te\u015fkil etken bir \u00e7oqmandatl\u0131 majoritar saylav dairesinde ve Kiyev \u015feeri em de Kiyev vil\u00e2yetini qavra\u011fan bir mandatl\u0131 saylav dairesinden saylanacaq. &#8220;Nizamn\u0131\u00f1&#8221; ya\u00f1\u0131 variant\u0131nda \u00e7oqmandatl\u0131 majoritar saylav dairesini 2 delegat saylamaq imk\u00e2n\u0131n\u0131 berecek qadar b\u00fcy\u00fckle\u015ftirmek normas\u0131 k\u00f6zde tutula.<\/p>\n\n\n\n<p>Qurultay delegatl\u0131\u011f\u0131na namzetini k\u00f6stergenler saylavlarn\u0131 te\u015fkil et\u00fcv ve \u00f6tker\u00fcvge g\u00f6\u00f1\u00fclli olaraq 250 grivn\u00e2 berecek. Te\u015fkil\u00e2t ve bloklarn\u0131\u00f1 paras\u0131 saylav cedveline kirsetilgen namzetlerni\u00f1 say\u0131s\u0131na k\u00f6re olacaq.<\/p>\n\n\n\n<p>Tasdiqlan\u011fan &#8220;Nizam&#8221; boyunca saylav dairelerinde saylav bir k\u00fcnde ke\u00e7irilecek.<\/p>\n\n\n\n<p>Qurultay delegatlar\u0131 Merkeziy, daire ve u\u00e7astka saylav komissiyas\u0131n\u0131\u00f1 faaliyeti ve \u015fekillendirilmesini\u00f1 tertibini reglamentirlegen maddelerine ayr\u0131ca emiyet berdiler. Olarn\u0131\u00f1 \u015fekillendirilmesinde saylav ceryan\u0131 subyektlerini\u00f1 i\u015ftirak etmesi saylavlarn\u0131 y\u00fcksek te\u015fkiliy seviyede ke\u00e7irilmesi ve saylav ceryan\u0131n\u0131\u00f1 a\u00e7\u0131q, a\u015fk\u00e2r olmas\u0131n\u0131 ve reylerni\u00f1 neticesini belgilevde obyektivlikni teminleycegine \u00fcm\u00fct etile.<\/p>\n\n\n\n<p>Bun\u0131\u00f1 kibi de Nizamda saylav komissiyalar\u0131n\u0131\u00f1 azalar\u0131na Qurultay delegatl\u0131\u011f\u0131na namzet k\u00f6stermesini yasaqla\u011fan tertip de kirsetildi.<\/p>\n\n\n\n<p>&#8220;Nizam&#8221; tasdiqlan\u011fan so\u00f1 delegatlar 17 adamdan ibaret Merkeziy saylav komissiyas\u0131n\u0131 da tizdiler ve on\u0131\u00f1 reisi olaraq Zair Smedl\u00e2yev sayland\u0131.<\/p>\n\n\n\n<p><em><strong>Mal\u00fcmat i\u00e7\u00fcn:<\/strong><\/em>&nbsp;&nbsp; 2012 senesi iy\u00fcl 21-22 k\u00fcnleri U \u00e7a\u011f\u0131r\u0131l\u0131\u015f Qurultayn\u0131\u00f1 4-nci sessiyas\u0131nda &#8220;Q\u0131r\u0131mtatar halq\u0131 delegatlar\u0131n\u0131 saylavn\u0131\u00f1 esas printsipleri&#8221; muzakere etilgen ve 35 azadan ibaret Merkeziy saylav komissiyas\u0131 meydan\u011fa ketirilgen edi. Ayn\u0131 vaq\u0131tta Qurultayn\u0131\u00f1 qarar\u0131 boyunca Mecliske Merkeziy saylav komissiyas\u0131nen birlikte delegatlarn\u0131 saylav Nizam\u0131n\u0131 i\u015flemek avale etildi. &#8220;Nizam&#8221;n\u0131\u00f1 leyhas\u0131 Meclisni\u00f1 eki topla\u015fuv\u0131nda baq\u0131l\u011fan so\u00f1 on\u0131 Qurultay delegatlar\u0131n\u0131\u00f1 diqqat\u0131na taqdim olund\u0131.<\/p>\n\n\n\n<p>Qurultayn\u0131\u00f1 sessiyas\u0131ndan bir ay evelsi &#8220;Nizam&#8221;n\u0131\u00f1 leyhas\u0131 keni\u015f cemaat taraf\u0131ndan muzakere etilmesi i\u00e7\u00fcn &#8220;Avdet&#8221; gazetas\u0131nda derc olund\u0131, Meclisni\u00f1 \u0130nternetteki resmiy sayt\u0131nda yerle\u015ftirildi. Leyha boyunca kelgen teklif, t\u00fczet\u00fcv ve qo\u015fumcalar te\u00f1e\u015ftir\u00fcv tablitsas\u0131na kirsetilip, Qurultay delegatlar\u0131na darqat\u0131ld\u0131.<\/p>\n","protected":false},"excerpt":{"rendered":"<p>Aqmescitte \u00f6tkerilgen q\u0131r\u0131mtatar halq\u0131 qurultay\u0131n\u0131\u00f1 5-nci sessiyas\u0131nda &#8220;Q\u0131r\u0131mtatar halq\u0131 Qurultay\u0131 delegatlar\u0131n\u0131 saylav nizam\u0131&#8221; muzakere etilip, tasdiqland\u0131 5-nci sessiyada milliy qurultayda &#8220;Q\u0131r\u0131mtatar halq\u0131 Qurultay\u0131n\u0131\u00f1 delegatlar\u0131n\u0131 saylav nizam\u0131&#8221;n\u0131 delegatlar be\u015f saat devam\u0131nda er bir maddesini tafsil\u00e2tl\u0131 muzakere etken so\u00f1 tasdiqlad\u0131lar. Meclis reisini\u00f1 birinci muavini Refat \u00c7ubarov Nizamn\u0131\u00f1 er bir maddesini oqup seslendirgen so\u00f1 madde reyge qoyuld\u0131. Qurultay\u011fa [&hellip;]<\/p>\n","protected":false},"author":1,"featured_media":0,"comment_status":"open","ping_status":"open","sticky":false,"template":"","format":"standard","meta":{"inline_featured_image":false,"footnotes":""},"categories":[265],"tags":[],"class_list":["post-35713","post","type-post","status-publish","format-standard","hentry","category-haberler"],"acf":[],"yoast_head":"<!-- This site is optimized with the Yoast SEO plugin v27.4 - https:\/\/yoast.com\/product\/yoast-seo-wordpress\/ -->\n<title>Q\u0131r\u0131mtatar halq\u0131 VI \u00e7a\u011f\u0131r\u0131l\u0131\u015f Qurultay\u0131n\u0131\u00f1 delegatlar\u0131 umumiy, musaviy ve do\u011frudan-do\u011fru saylav aqq\u0131 esas\u0131nda gizli rey ber\u00fcv yolunen saylanacaqlar 2013 senesi yanvar 12 k\u00fcn\u00fc - \u041c\u0435\u0434\u0436\u043b\u0456\u0441<\/title>\n<meta name=\"robots\" content=\"index, follow, max-snippet:-1, max-image-preview:large, max-video-preview:-1\" \/>\n<link rel=\"canonical\" href=\"https:\/\/qtmm.org\/qt\/qirimtatar-halqi-vi-cagirilis-qurultayinin-delegatlari-umumiy-musaviy-ve-dogrudan-dogru-saylav-aqqi-esasinda-gizli-rey-beruv-yolunen-saylanacaqlar-2013-senesi-yanvar-12-kunu\/\" \/>\n<meta property=\"og:locale\" content=\"en_US\" \/>\n<meta property=\"og:type\" content=\"article\" \/>\n<meta property=\"og:title\" content=\"Q\u0131r\u0131mtatar halq\u0131 VI \u00e7a\u011f\u0131r\u0131l\u0131\u015f Qurultay\u0131n\u0131\u00f1 delegatlar\u0131 umumiy, musaviy ve do\u011frudan-do\u011fru saylav aqq\u0131 esas\u0131nda gizli rey ber\u00fcv yolunen saylanacaqlar 2013 senesi yanvar 12 k\u00fcn\u00fc - \u041c\u0435\u0434\u0436\u043b\u0456\u0441\" \/>\n<meta property=\"og:description\" content=\"Aqmescitte \u00f6tkerilgen q\u0131r\u0131mtatar halq\u0131 qurultay\u0131n\u0131\u00f1 5-nci sessiyas\u0131nda &#8220;Q\u0131r\u0131mtatar halq\u0131 Qurultay\u0131 delegatlar\u0131n\u0131 saylav nizam\u0131&#8221; muzakere etilip, tasdiqland\u0131 5-nci sessiyada milliy qurultayda &#8220;Q\u0131r\u0131mtatar halq\u0131 Qurultay\u0131n\u0131\u00f1 delegatlar\u0131n\u0131 saylav nizam\u0131&#8221;n\u0131 delegatlar be\u015f saat devam\u0131nda er bir maddesini tafsil\u00e2tl\u0131 muzakere etken so\u00f1 tasdiqlad\u0131lar. Meclis reisini\u00f1 birinci muavini Refat \u00c7ubarov Nizamn\u0131\u00f1 er bir maddesini oqup seslendirgen so\u00f1 madde reyge qoyuld\u0131. Qurultay\u011fa [&hellip;]\" \/>\n<meta property=\"og:url\" content=\"https:\/\/qtmm.org\/qt\/qirimtatar-halqi-vi-cagirilis-qurultayinin-delegatlari-umumiy-musaviy-ve-dogrudan-dogru-saylav-aqqi-esasinda-gizli-rey-beruv-yolunen-saylanacaqlar-2013-senesi-yanvar-12-kunu\/\" \/>\n<meta property=\"og:site_name\" content=\"\u041c\u0435\u0434\u0436\u043b\u0456\u0441\" \/>\n<meta property=\"article:publisher\" content=\"https:\/\/www.facebook.com\/qtmm.info\/\" \/>\n<meta property=\"article:published_time\" content=\"2013-01-14T13:35:00+00:00\" \/>\n<meta property=\"article:modified_time\" content=\"2022-01-23T13:35:53+00:00\" \/>\n<meta name=\"author\" content=\"Developer\" \/>\n<meta name=\"twitter:card\" content=\"summary_large_image\" \/>\n<meta name=\"twitter:label1\" content=\"Written by\" \/>\n\t<meta name=\"twitter:data1\" content=\"Developer\" \/>\n\t<meta name=\"twitter:label2\" content=\"Est. reading time\" \/>\n\t<meta name=\"twitter:data2\" content=\"3 minutes\" \/>\n<script type=\"application\/ld+json\" class=\"yoast-schema-graph\">{\"@context\":\"https:\\\/\\\/schema.org\",\"@graph\":[{\"@type\":\"Article\",\"@id\":\"https:\\\/\\\/qtmm.org\\\/qt\\\/qirimtatar-halqi-vi-cagirilis-qurultayinin-delegatlari-umumiy-musaviy-ve-dogrudan-dogru-saylav-aqqi-esasinda-gizli-rey-beruv-yolunen-saylanacaqlar-2013-senesi-yanvar-12-kunu\\\/#article\",\"isPartOf\":{\"@id\":\"https:\\\/\\\/qtmm.org\\\/qt\\\/qirimtatar-halqi-vi-cagirilis-qurultayinin-delegatlari-umumiy-musaviy-ve-dogrudan-dogru-saylav-aqqi-esasinda-gizli-rey-beruv-yolunen-saylanacaqlar-2013-senesi-yanvar-12-kunu\\\/\"},\"author\":{\"name\":\"Developer\",\"@id\":\"https:\\\/\\\/qtmm.org\\\/qt\\\/#\\\/schema\\\/person\\\/de562469f971dec226ac06e60bbf74a7\"},\"headline\":\"Q\u0131r\u0131mtatar halq\u0131 VI \u00e7a\u011f\u0131r\u0131l\u0131\u015f Qurultay\u0131n\u0131\u00f1 delegatlar\u0131 umumiy, musaviy ve do\u011frudan-do\u011fru saylav aqq\u0131 esas\u0131nda gizli rey ber\u00fcv yolunen saylanacaqlar 2013 senesi yanvar 12 k\u00fcn\u00fc\",\"datePublished\":\"2013-01-14T13:35:00+00:00\",\"dateModified\":\"2022-01-23T13:35:53+00:00\",\"mainEntityOfPage\":{\"@id\":\"https:\\\/\\\/qtmm.org\\\/qt\\\/qirimtatar-halqi-vi-cagirilis-qurultayinin-delegatlari-umumiy-musaviy-ve-dogrudan-dogru-saylav-aqqi-esasinda-gizli-rey-beruv-yolunen-saylanacaqlar-2013-senesi-yanvar-12-kunu\\\/\"},\"wordCount\":547,\"commentCount\":0,\"publisher\":{\"@id\":\"https:\\\/\\\/qtmm.org\\\/qt\\\/#organization\"},\"articleSection\":[\"Haberler\"],\"inLanguage\":\"qt\",\"potentialAction\":[{\"@type\":\"CommentAction\",\"name\":\"Comment\",\"target\":[\"https:\\\/\\\/qtmm.org\\\/qt\\\/qirimtatar-halqi-vi-cagirilis-qurultayinin-delegatlari-umumiy-musaviy-ve-dogrudan-dogru-saylav-aqqi-esasinda-gizli-rey-beruv-yolunen-saylanacaqlar-2013-senesi-yanvar-12-kunu\\\/#respond\"]}]},{\"@type\":\"WebPage\",\"@id\":\"https:\\\/\\\/qtmm.org\\\/qt\\\/qirimtatar-halqi-vi-cagirilis-qurultayinin-delegatlari-umumiy-musaviy-ve-dogrudan-dogru-saylav-aqqi-esasinda-gizli-rey-beruv-yolunen-saylanacaqlar-2013-senesi-yanvar-12-kunu\\\/\",\"url\":\"https:\\\/\\\/qtmm.org\\\/qt\\\/qirimtatar-halqi-vi-cagirilis-qurultayinin-delegatlari-umumiy-musaviy-ve-dogrudan-dogru-saylav-aqqi-esasinda-gizli-rey-beruv-yolunen-saylanacaqlar-2013-senesi-yanvar-12-kunu\\\/\",\"name\":\"Q\u0131r\u0131mtatar halq\u0131 VI \u00e7a\u011f\u0131r\u0131l\u0131\u015f Qurultay\u0131n\u0131\u00f1 delegatlar\u0131 umumiy, musaviy ve do\u011frudan-do\u011fru saylav aqq\u0131 esas\u0131nda gizli rey ber\u00fcv yolunen saylanacaqlar 2013 senesi yanvar 12 k\u00fcn\u00fc - \u041c\u0435\u0434\u0436\u043b\u0456\u0441\",\"isPartOf\":{\"@id\":\"https:\\\/\\\/qtmm.org\\\/qt\\\/#website\"},\"datePublished\":\"2013-01-14T13:35:00+00:00\",\"dateModified\":\"2022-01-23T13:35:53+00:00\",\"breadcrumb\":{\"@id\":\"https:\\\/\\\/qtmm.org\\\/qt\\\/qirimtatar-halqi-vi-cagirilis-qurultayinin-delegatlari-umumiy-musaviy-ve-dogrudan-dogru-saylav-aqqi-esasinda-gizli-rey-beruv-yolunen-saylanacaqlar-2013-senesi-yanvar-12-kunu\\\/#breadcrumb\"},\"inLanguage\":\"qt\",\"potentialAction\":[{\"@type\":\"ReadAction\",\"target\":[\"https:\\\/\\\/qtmm.org\\\/qt\\\/qirimtatar-halqi-vi-cagirilis-qurultayinin-delegatlari-umumiy-musaviy-ve-dogrudan-dogru-saylav-aqqi-esasinda-gizli-rey-beruv-yolunen-saylanacaqlar-2013-senesi-yanvar-12-kunu\\\/\"]}]},{\"@type\":\"BreadcrumbList\",\"@id\":\"https:\\\/\\\/qtmm.org\\\/qt\\\/qirimtatar-halqi-vi-cagirilis-qurultayinin-delegatlari-umumiy-musaviy-ve-dogrudan-dogru-saylav-aqqi-esasinda-gizli-rey-beruv-yolunen-saylanacaqlar-2013-senesi-yanvar-12-kunu\\\/#breadcrumb\",\"itemListElement\":[{\"@type\":\"ListItem\",\"position\":1,\"name\":\"\u0413\u043e\u043b\u043e\u0432\u043d\u0430\",\"item\":\"https:\\\/\\\/qtmm.org\\\/qt\\\/\"},{\"@type\":\"ListItem\",\"position\":2,\"name\":\"Q\u0131r\u0131mtatar halq\u0131 VI \u00e7a\u011f\u0131r\u0131l\u0131\u015f Qurultay\u0131n\u0131\u00f1 delegatlar\u0131 umumiy, musaviy ve do\u011frudan-do\u011fru saylav aqq\u0131 esas\u0131nda gizli rey ber\u00fcv yolunen saylanacaqlar 2013 senesi yanvar 12 k\u00fcn\u00fc\"}]},{\"@type\":\"WebSite\",\"@id\":\"https:\\\/\\\/qtmm.org\\\/qt\\\/#website\",\"url\":\"https:\\\/\\\/qtmm.org\\\/qt\\\/\",\"name\":\"\u041c\u0435\u0434\u0436\u043b\u0456\u0441\",\"description\":\"\",\"publisher\":{\"@id\":\"https:\\\/\\\/qtmm.org\\\/qt\\\/#organization\"},\"potentialAction\":[{\"@type\":\"SearchAction\",\"target\":{\"@type\":\"EntryPoint\",\"urlTemplate\":\"https:\\\/\\\/qtmm.org\\\/qt\\\/?s={search_term_string}\"},\"query-input\":{\"@type\":\"PropertyValueSpecification\",\"valueRequired\":true,\"valueName\":\"search_term_string\"}}],\"inLanguage\":\"qt\"},{\"@type\":\"Organization\",\"@id\":\"https:\\\/\\\/qtmm.org\\\/qt\\\/#organization\",\"name\":\"\u041c\u0435\u0434\u0436\u043b\u0456\u0441\",\"url\":\"https:\\\/\\\/qtmm.org\\\/qt\\\/\",\"logo\":{\"@type\":\"ImageObject\",\"inLanguage\":\"qt\",\"@id\":\"https:\\\/\\\/qtmm.org\\\/qt\\\/#\\\/schema\\\/logo\\\/image\\\/\",\"url\":\"https:\\\/\\\/qtmm.org\\\/wp-content\\\/uploads\\\/2024\\\/12\\\/ua-mejlis-logo-rgb.svg\",\"contentUrl\":\"https:\\\/\\\/qtmm.org\\\/wp-content\\\/uploads\\\/2024\\\/12\\\/ua-mejlis-logo-rgb.svg\",\"caption\":\"\u041c\u0435\u0434\u0436\u043b\u0456\u0441\"},\"image\":{\"@id\":\"https:\\\/\\\/qtmm.org\\\/qt\\\/#\\\/schema\\\/logo\\\/image\\\/\"},\"sameAs\":[\"https:\\\/\\\/www.facebook.com\\\/qtmm.info\\\/\"]},{\"@type\":\"Person\",\"@id\":\"https:\\\/\\\/qtmm.org\\\/qt\\\/#\\\/schema\\\/person\\\/de562469f971dec226ac06e60bbf74a7\",\"name\":\"Developer\",\"image\":{\"@type\":\"ImageObject\",\"inLanguage\":\"qt\",\"@id\":\"https:\\\/\\\/secure.gravatar.com\\\/avatar\\\/392b4cc8fbfeb00b39dfeeab4ee6edded39ffd48e25858637e4765810300227e?s=96&d=mm&r=g\",\"url\":\"https:\\\/\\\/secure.gravatar.com\\\/avatar\\\/392b4cc8fbfeb00b39dfeeab4ee6edded39ffd48e25858637e4765810300227e?s=96&d=mm&r=g\",\"contentUrl\":\"https:\\\/\\\/secure.gravatar.com\\\/avatar\\\/392b4cc8fbfeb00b39dfeeab4ee6edded39ffd48e25858637e4765810300227e?s=96&d=mm&r=g\",\"caption\":\"Developer\"},\"url\":\"https:\\\/\\\/qtmm.org\\\/qt\\\/author\\\/Developer\\\/\"}]}<\/script>\n<!-- \/ Yoast SEO plugin. -->","yoast_head_json":{"title":"Q\u0131r\u0131mtatar halq\u0131 VI \u00e7a\u011f\u0131r\u0131l\u0131\u015f Qurultay\u0131n\u0131\u00f1 delegatlar\u0131 umumiy, musaviy ve do\u011frudan-do\u011fru saylav aqq\u0131 esas\u0131nda gizli rey ber\u00fcv yolunen saylanacaqlar 2013 senesi yanvar 12 k\u00fcn\u00fc - \u041c\u0435\u0434\u0436\u043b\u0456\u0441","robots":{"index":"index","follow":"follow","max-snippet":"max-snippet:-1","max-image-preview":"max-image-preview:large","max-video-preview":"max-video-preview:-1"},"canonical":"https:\/\/qtmm.org\/qt\/qirimtatar-halqi-vi-cagirilis-qurultayinin-delegatlari-umumiy-musaviy-ve-dogrudan-dogru-saylav-aqqi-esasinda-gizli-rey-beruv-yolunen-saylanacaqlar-2013-senesi-yanvar-12-kunu\/","og_locale":"en_US","og_type":"article","og_title":"Q\u0131r\u0131mtatar halq\u0131 VI \u00e7a\u011f\u0131r\u0131l\u0131\u015f Qurultay\u0131n\u0131\u00f1 delegatlar\u0131 umumiy, musaviy ve do\u011frudan-do\u011fru saylav aqq\u0131 esas\u0131nda gizli rey ber\u00fcv yolunen saylanacaqlar 2013 senesi yanvar 12 k\u00fcn\u00fc - \u041c\u0435\u0434\u0436\u043b\u0456\u0441","og_description":"Aqmescitte \u00f6tkerilgen q\u0131r\u0131mtatar halq\u0131 qurultay\u0131n\u0131\u00f1 5-nci sessiyas\u0131nda &#8220;Q\u0131r\u0131mtatar halq\u0131 Qurultay\u0131 delegatlar\u0131n\u0131 saylav nizam\u0131&#8221; muzakere etilip, tasdiqland\u0131 5-nci sessiyada milliy qurultayda &#8220;Q\u0131r\u0131mtatar halq\u0131 Qurultay\u0131n\u0131\u00f1 delegatlar\u0131n\u0131 saylav nizam\u0131&#8221;n\u0131 delegatlar be\u015f saat devam\u0131nda er bir maddesini tafsil\u00e2tl\u0131 muzakere etken so\u00f1 tasdiqlad\u0131lar. Meclis reisini\u00f1 birinci muavini Refat \u00c7ubarov Nizamn\u0131\u00f1 er bir maddesini oqup seslendirgen so\u00f1 madde reyge qoyuld\u0131. Qurultay\u011fa [&hellip;]","og_url":"https:\/\/qtmm.org\/qt\/qirimtatar-halqi-vi-cagirilis-qurultayinin-delegatlari-umumiy-musaviy-ve-dogrudan-dogru-saylav-aqqi-esasinda-gizli-rey-beruv-yolunen-saylanacaqlar-2013-senesi-yanvar-12-kunu\/","og_site_name":"\u041c\u0435\u0434\u0436\u043b\u0456\u0441","article_publisher":"https:\/\/www.facebook.com\/qtmm.info\/","article_published_time":"2013-01-14T13:35:00+00:00","article_modified_time":"2022-01-23T13:35:53+00:00","author":"Developer","twitter_card":"summary_large_image","twitter_misc":{"Written by":"Developer","Est. reading time":"3 minutes"},"schema":{"@context":"https:\/\/schema.org","@graph":[{"@type":"Article","@id":"https:\/\/qtmm.org\/qt\/qirimtatar-halqi-vi-cagirilis-qurultayinin-delegatlari-umumiy-musaviy-ve-dogrudan-dogru-saylav-aqqi-esasinda-gizli-rey-beruv-yolunen-saylanacaqlar-2013-senesi-yanvar-12-kunu\/#article","isPartOf":{"@id":"https:\/\/qtmm.org\/qt\/qirimtatar-halqi-vi-cagirilis-qurultayinin-delegatlari-umumiy-musaviy-ve-dogrudan-dogru-saylav-aqqi-esasinda-gizli-rey-beruv-yolunen-saylanacaqlar-2013-senesi-yanvar-12-kunu\/"},"author":{"name":"Developer","@id":"https:\/\/qtmm.org\/qt\/#\/schema\/person\/de562469f971dec226ac06e60bbf74a7"},"headline":"Q\u0131r\u0131mtatar halq\u0131 VI \u00e7a\u011f\u0131r\u0131l\u0131\u015f Qurultay\u0131n\u0131\u00f1 delegatlar\u0131 umumiy, musaviy ve do\u011frudan-do\u011fru saylav aqq\u0131 esas\u0131nda gizli rey ber\u00fcv yolunen saylanacaqlar 2013 senesi yanvar 12 k\u00fcn\u00fc","datePublished":"2013-01-14T13:35:00+00:00","dateModified":"2022-01-23T13:35:53+00:00","mainEntityOfPage":{"@id":"https:\/\/qtmm.org\/qt\/qirimtatar-halqi-vi-cagirilis-qurultayinin-delegatlari-umumiy-musaviy-ve-dogrudan-dogru-saylav-aqqi-esasinda-gizli-rey-beruv-yolunen-saylanacaqlar-2013-senesi-yanvar-12-kunu\/"},"wordCount":547,"commentCount":0,"publisher":{"@id":"https:\/\/qtmm.org\/qt\/#organization"},"articleSection":["Haberler"],"inLanguage":"qt","potentialAction":[{"@type":"CommentAction","name":"Comment","target":["https:\/\/qtmm.org\/qt\/qirimtatar-halqi-vi-cagirilis-qurultayinin-delegatlari-umumiy-musaviy-ve-dogrudan-dogru-saylav-aqqi-esasinda-gizli-rey-beruv-yolunen-saylanacaqlar-2013-senesi-yanvar-12-kunu\/#respond"]}]},{"@type":"WebPage","@id":"https:\/\/qtmm.org\/qt\/qirimtatar-halqi-vi-cagirilis-qurultayinin-delegatlari-umumiy-musaviy-ve-dogrudan-dogru-saylav-aqqi-esasinda-gizli-rey-beruv-yolunen-saylanacaqlar-2013-senesi-yanvar-12-kunu\/","url":"https:\/\/qtmm.org\/qt\/qirimtatar-halqi-vi-cagirilis-qurultayinin-delegatlari-umumiy-musaviy-ve-dogrudan-dogru-saylav-aqqi-esasinda-gizli-rey-beruv-yolunen-saylanacaqlar-2013-senesi-yanvar-12-kunu\/","name":"Q\u0131r\u0131mtatar halq\u0131 VI \u00e7a\u011f\u0131r\u0131l\u0131\u015f Qurultay\u0131n\u0131\u00f1 delegatlar\u0131 umumiy, musaviy ve do\u011frudan-do\u011fru saylav aqq\u0131 esas\u0131nda gizli rey ber\u00fcv yolunen saylanacaqlar 2013 senesi yanvar 12 k\u00fcn\u00fc - \u041c\u0435\u0434\u0436\u043b\u0456\u0441","isPartOf":{"@id":"https:\/\/qtmm.org\/qt\/#website"},"datePublished":"2013-01-14T13:35:00+00:00","dateModified":"2022-01-23T13:35:53+00:00","breadcrumb":{"@id":"https:\/\/qtmm.org\/qt\/qirimtatar-halqi-vi-cagirilis-qurultayinin-delegatlari-umumiy-musaviy-ve-dogrudan-dogru-saylav-aqqi-esasinda-gizli-rey-beruv-yolunen-saylanacaqlar-2013-senesi-yanvar-12-kunu\/#breadcrumb"},"inLanguage":"qt","potentialAction":[{"@type":"ReadAction","target":["https:\/\/qtmm.org\/qt\/qirimtatar-halqi-vi-cagirilis-qurultayinin-delegatlari-umumiy-musaviy-ve-dogrudan-dogru-saylav-aqqi-esasinda-gizli-rey-beruv-yolunen-saylanacaqlar-2013-senesi-yanvar-12-kunu\/"]}]},{"@type":"BreadcrumbList","@id":"https:\/\/qtmm.org\/qt\/qirimtatar-halqi-vi-cagirilis-qurultayinin-delegatlari-umumiy-musaviy-ve-dogrudan-dogru-saylav-aqqi-esasinda-gizli-rey-beruv-yolunen-saylanacaqlar-2013-senesi-yanvar-12-kunu\/#breadcrumb","itemListElement":[{"@type":"ListItem","position":1,"name":"\u0413\u043e\u043b\u043e\u0432\u043d\u0430","item":"https:\/\/qtmm.org\/qt\/"},{"@type":"ListItem","position":2,"name":"Q\u0131r\u0131mtatar halq\u0131 VI \u00e7a\u011f\u0131r\u0131l\u0131\u015f Qurultay\u0131n\u0131\u00f1 delegatlar\u0131 umumiy, musaviy ve do\u011frudan-do\u011fru saylav aqq\u0131 esas\u0131nda gizli rey ber\u00fcv yolunen saylanacaqlar 2013 senesi yanvar 12 k\u00fcn\u00fc"}]},{"@type":"WebSite","@id":"https:\/\/qtmm.org\/qt\/#website","url":"https:\/\/qtmm.org\/qt\/","name":"\u041c\u0435\u0434\u0436\u043b\u0456\u0441","description":"","publisher":{"@id":"https:\/\/qtmm.org\/qt\/#organization"},"potentialAction":[{"@type":"SearchAction","target":{"@type":"EntryPoint","urlTemplate":"https:\/\/qtmm.org\/qt\/?s={search_term_string}"},"query-input":{"@type":"PropertyValueSpecification","valueRequired":true,"valueName":"search_term_string"}}],"inLanguage":"qt"},{"@type":"Organization","@id":"https:\/\/qtmm.org\/qt\/#organization","name":"\u041c\u0435\u0434\u0436\u043b\u0456\u0441","url":"https:\/\/qtmm.org\/qt\/","logo":{"@type":"ImageObject","inLanguage":"qt","@id":"https:\/\/qtmm.org\/qt\/#\/schema\/logo\/image\/","url":"https:\/\/qtmm.org\/wp-content\/uploads\/2024\/12\/ua-mejlis-logo-rgb.svg","contentUrl":"https:\/\/qtmm.org\/wp-content\/uploads\/2024\/12\/ua-mejlis-logo-rgb.svg","caption":"\u041c\u0435\u0434\u0436\u043b\u0456\u0441"},"image":{"@id":"https:\/\/qtmm.org\/qt\/#\/schema\/logo\/image\/"},"sameAs":["https:\/\/www.facebook.com\/qtmm.info\/"]},{"@type":"Person","@id":"https:\/\/qtmm.org\/qt\/#\/schema\/person\/de562469f971dec226ac06e60bbf74a7","name":"Developer","image":{"@type":"ImageObject","inLanguage":"qt","@id":"https:\/\/secure.gravatar.com\/avatar\/392b4cc8fbfeb00b39dfeeab4ee6edded39ffd48e25858637e4765810300227e?s=96&d=mm&r=g","url":"https:\/\/secure.gravatar.com\/avatar\/392b4cc8fbfeb00b39dfeeab4ee6edded39ffd48e25858637e4765810300227e?s=96&d=mm&r=g","contentUrl":"https:\/\/secure.gravatar.com\/avatar\/392b4cc8fbfeb00b39dfeeab4ee6edded39ffd48e25858637e4765810300227e?s=96&d=mm&r=g","caption":"Developer"},"url":"https:\/\/qtmm.org\/qt\/author\/Developer\/"}]}},"_links":{"self":[{"href":"https:\/\/qtmm.org\/qt\/wp-json\/wp\/v2\/posts\/35713","targetHints":{"allow":["GET"]}}],"collection":[{"href":"https:\/\/qtmm.org\/qt\/wp-json\/wp\/v2\/posts"}],"about":[{"href":"https:\/\/qtmm.org\/qt\/wp-json\/wp\/v2\/types\/post"}],"author":[{"embeddable":true,"href":"https:\/\/qtmm.org\/qt\/wp-json\/wp\/v2\/users\/1"}],"replies":[{"embeddable":true,"href":"https:\/\/qtmm.org\/qt\/wp-json\/wp\/v2\/comments?post=35713"}],"version-history":[{"count":1,"href":"https:\/\/qtmm.org\/qt\/wp-json\/wp\/v2\/posts\/35713\/revisions"}],"predecessor-version":[{"id":35714,"href":"https:\/\/qtmm.org\/qt\/wp-json\/wp\/v2\/posts\/35713\/revisions\/35714"}],"wp:attachment":[{"href":"https:\/\/qtmm.org\/qt\/wp-json\/wp\/v2\/media?parent=35713"}],"wp:term":[{"taxonomy":"category","embeddable":true,"href":"https:\/\/qtmm.org\/qt\/wp-json\/wp\/v2\/categories?post=35713"},{"taxonomy":"post_tag","embeddable":true,"href":"https:\/\/qtmm.org\/qt\/wp-json\/wp\/v2\/tags?post=35713"}],"curies":[{"name":"wp","href":"https:\/\/api.w.org\/{rel}","templated":true}]}}