




{"id":35711,"date":"2013-01-14T16:34:00","date_gmt":"2013-01-14T13:34:00","guid":{"rendered":"http:\/\/qtmm.org\/?p=35711"},"modified":"2022-01-23T16:35:10","modified_gmt":"2022-01-23T13:35:10","slug":"simferopol-halqara-ava-limanina-sovetler-birliginin-eki-defa-qaramani-amethan-sultannin-adi-berilmesi-aqqinda-qirimtatar-halqi-qurultayinin-muracaati","status":"publish","type":"post","link":"https:\/\/qtmm.org\/qt\/simferopol-halqara-ava-limanina-sovetler-birliginin-eki-defa-qaramani-amethan-sultannin-adi-berilmesi-aqqinda-qirimtatar-halqi-qurultayinin-muracaati\/","title":{"rendered":"\u00abSimferopol\u00bb halqara ava liman\u0131na Sovetler Birligini\u00f1 eki defa Qaraman\u0131 Amethan Sultann\u0131\u00f1 ad\u0131 berilmesi aqq\u0131nda\u00bb Q\u0131r\u0131mtatar halq\u0131 Qurultay\u0131n\u0131\u00f1 muracaat\u0131"},"content":{"rendered":"\n<p class=\"has-text-align-right\"><strong>Ukraina Prezidenti V. F. Yanukovi\u00e7ke<\/strong><\/p>\n\n\n\n<p class=\"has-text-align-right\"><br><strong>Ukraina Yuqar\u0131 \u015euras\u0131n\u0131\u00f1 Reisi V. V. R\u0131bakqa<\/strong><\/p>\n\n\n\n<p class=\"has-text-align-right\"><br><strong>Ukraina Ba\u015f naziri N. Ya. Azarov\u011fa<\/strong><br>&nbsp;<\/p>\n\n\n\n<p class=\"has-text-align-center\"><strong>&#8220;Simferopol&#8221; halqara ava liman\u0131na Sovetler Birligini\u00f1 eki defa Qaraman\u0131 Amethan Sultann\u0131\u00f1 ad\u0131 berilmesi aqq\u0131nda&#8221;<\/strong><\/p>\n\n\n\n<p class=\"has-text-align-center\"><strong>Q\u0131r\u0131mtatar halq\u0131 Qurultay\u0131n\u0131\u00f1 muracaat\u0131.<\/strong><\/p>\n\n\n\n<p>Sovetler Birligini\u00f1 nam qazan\u011fan u\u00e7uc\u0131-s\u0131navc\u0131s\u0131, SSSR Devlet Muk\u00e2fat\u0131n\u0131\u00f1 saibi, Sovetler Birligini\u00f1 eki defa Qaraman\u0131 Amethan Sultan 1920 senesi okt\u00e2br 25-te Q\u0131r\u0131mn\u0131\u00f1 Alupqa \u015feerinde d\u00fcnya\u011fa keldi. Ekinci cian cenki devam\u0131nda 600 u\u00e7u\u015f yap\u0131p, du\u015fmann\u0131\u00f1 30 u\u00e7a\u011f\u0131n\u0131 \u015fahsen ve 19 u\u00e7aqn\u0131 gruppa erk\u00e2n\u0131nda ur\u0131p t\u00fc\u015f\u00fcrdi. Q\u0131r\u0131m k\u00f6k\u00fcnde fa\u015fistlerni\u00f1 alt\u0131 arbiy u\u00e7a\u011f\u0131n\u0131 i\u015ften \u00e7\u0131qard\u0131.<\/p>\n\n\n\n<p>Cenkten so\u00f1 Amethan Sultan 25 y\u0131l ilmiy-ara\u015ft\u0131ruv institut\u0131nda u\u00e7uc\u0131-s\u0131navc\u0131 ol\u0131p \u00e7al\u0131\u015ft\u0131, 100-den ziyade u\u00e7aqlarn\u0131 s\u0131navdan ke\u00e7irdi. Amethan Sultann\u0131\u00f1 tedqiqatlar\u0131 cian ve devlet aviatsiyas\u0131 i\u00e7\u00fcn \u00f6z emiyetini bug\u00fcn de coymad\u0131. O, birinci kosmonavtlar Yuriy Gagarin, German Titov, Pavel Popovi\u00e7 ve digerlerini u\u00e7uv\u011fa az\u0131rlavda bivasta i\u015ftirak etti.<\/p>\n\n\n\n<p>Amet-Han Sultan 1971 senesi fevral 1 k\u00fcn\u00fc nevbetteki s\u0131nav vaqt\u0131nda facial\u0131 el\u00e2k old\u0131. Moskvada Novodevi\u00e7ye mezarl\u0131\u011f\u0131nda defn etildi.<br>Y\u00fcksek professional ustal\u0131\u011f\u0131, ces\u00fcrligi, namusl\u0131\u011f\u0131, adaletseverlegi ve ana yurtqa s\u0131\u00f1\u0131rs\u0131z sevgisi ile Amethan Sultan \u00f6z halq\u0131, zenaatda\u015flar\u0131n\u0131\u00f1 \u00fcrmetini qazanabildi.<\/p>\n\n\n\n<p>\u015eanl\u0131 qaramann\u0131\u00f1 90 y\u0131ll\u0131\u011f\u0131 arfesinde cian ve ukrain cemaat\u00e7\u0131l\u0131\u011f\u0131, d\u00fcnyan\u0131\u00f1 \u00e7e\u015fit devletlerinde ya\u015fa\u011fan professional u\u00e7uc\u0131lar, on\u0131\u00f1 semetde\u015fleri, \u015fegirtleri Ukraina devlet akimiyeti ad\u0131na &#8220;Simferopol&#8221; halqara ava liman\u0131na Sovetler Birligini\u00f1 eki defa Qaraman\u0131 Amethan Sultann\u0131\u00f1 ad\u0131 berilmesi aqq\u0131nda&#8221; \u00e7oqtan-\u00e7oq muracaatlarnen \u00e7\u0131q\u0131\u015fta bulund\u0131lar.<\/p>\n\n\n\n<p>Teess\u00fcf ki, Q\u0131r\u0131m \u00fck\u00fcmeti taraf\u0131ndan ait qarar al\u00e2 daa al\u0131nmad\u0131. \u015eun\u0131\u00f1 i\u00e7\u00fcn 2013 senesi yanvar 8-de Ukraina Yuqar\u0131 \u015euras\u0131nda &#8220;Simferopol&#8221; halqara ava liman\u0131na Sovetler Birligini\u00f1 eki defa Qaraman\u0131 Amethan Sultann\u0131\u00f1 ad\u0131 berilmesi aqq\u0131nda&#8221;<br>\u2116 1210 Qararn\u0131\u00f1 leyhas\u0131 cedvelge al\u0131nd\u0131.<\/p>\n\n\n\n<p>Q\u0131r\u0131mtatar halq\u0131n\u0131\u00f1 qurultay\u0131 efsaneviy u\u00e7uc\u0131 Amethan Sultann\u0131\u00f1 ad\u0131n\u0131 edebiyle\u015ftir\u00fcv boyunca keni\u015f cemaat\u00e7\u0131l\u0131qn\u0131\u00f1 te\u015febb\u00fcsine qoltutaraq Ukraina devleti akimiyetini\u00f1 yolba\u015f\u00e7\u0131lar\u0131na Ukraina Yuqar\u0131 \u015euras\u0131 Qarar\u0131n\u0131\u00f1 mezk\u00fcr leyhas\u0131na qoltutmaq ve Ukrainan\u0131\u00f1 aviatransport qurum\u0131 ol\u011fan &#8220;Simferopol&#8221; halqara ava liman\u0131na Amethan Sultann\u0131\u00f1 ad\u0131 berilmesine siltem bermek ricas\u0131nen muracaatta buluna<\/p>\n\n\n\n<p class=\"has-text-align-right\"><strong><em>Q\u0131r\u0131mtatar halq\u0131 V Qurultay\u0131n\u0131\u00f1 be\u015finci sessiyas\u0131nda qabul etildi<br>2013 senesi yanvar 12<br>Aqmescit \u015f..<\/em><\/strong><\/p>\n","protected":false},"excerpt":{"rendered":"<p>Ukraina Prezidenti V. F. Yanukovi\u00e7ke Ukraina Yuqar\u0131 \u015euras\u0131n\u0131\u00f1 Reisi V. V. R\u0131bakqa Ukraina Ba\u015f naziri N. Ya. Azarov\u011fa&nbsp; &#8220;Simferopol&#8221; halqara ava liman\u0131na Sovetler Birligini\u00f1 eki defa Qaraman\u0131 Amethan Sultann\u0131\u00f1 ad\u0131 berilmesi aqq\u0131nda&#8221; Q\u0131r\u0131mtatar halq\u0131 Qurultay\u0131n\u0131\u00f1 muracaat\u0131. Sovetler Birligini\u00f1 nam qazan\u011fan u\u00e7uc\u0131-s\u0131navc\u0131s\u0131, SSSR Devlet Muk\u00e2fat\u0131n\u0131\u00f1 saibi, Sovetler Birligini\u00f1 eki defa Qaraman\u0131 Amethan Sultan 1920 senesi okt\u00e2br [&hellip;]<\/p>\n","protected":false},"author":1,"featured_media":0,"comment_status":"open","ping_status":"open","sticky":false,"template":"","format":"standard","meta":{"inline_featured_image":false,"footnotes":""},"categories":[265],"tags":[],"class_list":["post-35711","post","type-post","status-publish","format-standard","hentry","category-haberler"],"acf":[],"yoast_head":"<!-- This site is optimized with the Yoast SEO plugin v27.4 - https:\/\/yoast.com\/product\/yoast-seo-wordpress\/ -->\n<title>\u00abSimferopol\u00bb halqara ava liman\u0131na Sovetler Birligini\u00f1 eki defa Qaraman\u0131 Amethan Sultann\u0131\u00f1 ad\u0131 berilmesi aqq\u0131nda\u00bb Q\u0131r\u0131mtatar halq\u0131 Qurultay\u0131n\u0131\u00f1 muracaat\u0131 - \u041c\u0435\u0434\u0436\u043b\u0456\u0441<\/title>\n<meta name=\"robots\" content=\"index, follow, max-snippet:-1, max-image-preview:large, max-video-preview:-1\" \/>\n<link rel=\"canonical\" href=\"https:\/\/qtmm.org\/qt\/simferopol-halqara-ava-limanina-sovetler-birliginin-eki-defa-qaramani-amethan-sultannin-adi-berilmesi-aqqinda-qirimtatar-halqi-qurultayinin-muracaati\/\" \/>\n<meta property=\"og:locale\" content=\"en_US\" \/>\n<meta property=\"og:type\" content=\"article\" \/>\n<meta property=\"og:title\" content=\"\u00abSimferopol\u00bb halqara ava liman\u0131na Sovetler Birligini\u00f1 eki defa Qaraman\u0131 Amethan Sultann\u0131\u00f1 ad\u0131 berilmesi aqq\u0131nda\u00bb Q\u0131r\u0131mtatar halq\u0131 Qurultay\u0131n\u0131\u00f1 muracaat\u0131 - \u041c\u0435\u0434\u0436\u043b\u0456\u0441\" \/>\n<meta property=\"og:description\" content=\"Ukraina Prezidenti V. F. Yanukovi\u00e7ke Ukraina Yuqar\u0131 \u015euras\u0131n\u0131\u00f1 Reisi V. V. R\u0131bakqa Ukraina Ba\u015f naziri N. Ya. Azarov\u011fa&nbsp; &#8220;Simferopol&#8221; halqara ava liman\u0131na Sovetler Birligini\u00f1 eki defa Qaraman\u0131 Amethan Sultann\u0131\u00f1 ad\u0131 berilmesi aqq\u0131nda&#8221; Q\u0131r\u0131mtatar halq\u0131 Qurultay\u0131n\u0131\u00f1 muracaat\u0131. Sovetler Birligini\u00f1 nam qazan\u011fan u\u00e7uc\u0131-s\u0131navc\u0131s\u0131, SSSR Devlet Muk\u00e2fat\u0131n\u0131\u00f1 saibi, Sovetler Birligini\u00f1 eki defa Qaraman\u0131 Amethan Sultan 1920 senesi okt\u00e2br [&hellip;]\" \/>\n<meta property=\"og:url\" content=\"https:\/\/qtmm.org\/qt\/simferopol-halqara-ava-limanina-sovetler-birliginin-eki-defa-qaramani-amethan-sultannin-adi-berilmesi-aqqinda-qirimtatar-halqi-qurultayinin-muracaati\/\" \/>\n<meta property=\"og:site_name\" content=\"\u041c\u0435\u0434\u0436\u043b\u0456\u0441\" \/>\n<meta property=\"article:publisher\" content=\"https:\/\/www.facebook.com\/qtmm.info\/\" \/>\n<meta property=\"article:published_time\" content=\"2013-01-14T13:34:00+00:00\" \/>\n<meta property=\"article:modified_time\" content=\"2022-01-23T13:35:10+00:00\" \/>\n<meta name=\"author\" content=\"Developer\" \/>\n<meta name=\"twitter:card\" content=\"summary_large_image\" \/>\n<meta name=\"twitter:label1\" content=\"Written by\" \/>\n\t<meta name=\"twitter:data1\" content=\"Developer\" \/>\n\t<meta name=\"twitter:label2\" content=\"Est. reading time\" \/>\n\t<meta name=\"twitter:data2\" content=\"2 minutes\" \/>\n<script type=\"application\/ld+json\" class=\"yoast-schema-graph\">{\"@context\":\"https:\\\/\\\/schema.org\",\"@graph\":[{\"@type\":\"Article\",\"@id\":\"https:\\\/\\\/qtmm.org\\\/qt\\\/simferopol-halqara-ava-limanina-sovetler-birliginin-eki-defa-qaramani-amethan-sultannin-adi-berilmesi-aqqinda-qirimtatar-halqi-qurultayinin-muracaati\\\/#article\",\"isPartOf\":{\"@id\":\"https:\\\/\\\/qtmm.org\\\/qt\\\/simferopol-halqara-ava-limanina-sovetler-birliginin-eki-defa-qaramani-amethan-sultannin-adi-berilmesi-aqqinda-qirimtatar-halqi-qurultayinin-muracaati\\\/\"},\"author\":{\"name\":\"Developer\",\"@id\":\"https:\\\/\\\/qtmm.org\\\/qt\\\/#\\\/schema\\\/person\\\/de562469f971dec226ac06e60bbf74a7\"},\"headline\":\"\u00abSimferopol\u00bb halqara ava liman\u0131na Sovetler Birligini\u00f1 eki defa Qaraman\u0131 Amethan Sultann\u0131\u00f1 ad\u0131 berilmesi aqq\u0131nda\u00bb Q\u0131r\u0131mtatar halq\u0131 Qurultay\u0131n\u0131\u00f1 muracaat\u0131\",\"datePublished\":\"2013-01-14T13:34:00+00:00\",\"dateModified\":\"2022-01-23T13:35:10+00:00\",\"mainEntityOfPage\":{\"@id\":\"https:\\\/\\\/qtmm.org\\\/qt\\\/simferopol-halqara-ava-limanina-sovetler-birliginin-eki-defa-qaramani-amethan-sultannin-adi-berilmesi-aqqinda-qirimtatar-halqi-qurultayinin-muracaati\\\/\"},\"wordCount\":435,\"commentCount\":0,\"publisher\":{\"@id\":\"https:\\\/\\\/qtmm.org\\\/qt\\\/#organization\"},\"articleSection\":[\"Haberler\"],\"inLanguage\":\"qt\",\"potentialAction\":[{\"@type\":\"CommentAction\",\"name\":\"Comment\",\"target\":[\"https:\\\/\\\/qtmm.org\\\/qt\\\/simferopol-halqara-ava-limanina-sovetler-birliginin-eki-defa-qaramani-amethan-sultannin-adi-berilmesi-aqqinda-qirimtatar-halqi-qurultayinin-muracaati\\\/#respond\"]}]},{\"@type\":\"WebPage\",\"@id\":\"https:\\\/\\\/qtmm.org\\\/qt\\\/simferopol-halqara-ava-limanina-sovetler-birliginin-eki-defa-qaramani-amethan-sultannin-adi-berilmesi-aqqinda-qirimtatar-halqi-qurultayinin-muracaati\\\/\",\"url\":\"https:\\\/\\\/qtmm.org\\\/qt\\\/simferopol-halqara-ava-limanina-sovetler-birliginin-eki-defa-qaramani-amethan-sultannin-adi-berilmesi-aqqinda-qirimtatar-halqi-qurultayinin-muracaati\\\/\",\"name\":\"\u00abSimferopol\u00bb halqara ava liman\u0131na Sovetler Birligini\u00f1 eki defa Qaraman\u0131 Amethan Sultann\u0131\u00f1 ad\u0131 berilmesi aqq\u0131nda\u00bb Q\u0131r\u0131mtatar halq\u0131 Qurultay\u0131n\u0131\u00f1 muracaat\u0131 - \u041c\u0435\u0434\u0436\u043b\u0456\u0441\",\"isPartOf\":{\"@id\":\"https:\\\/\\\/qtmm.org\\\/qt\\\/#website\"},\"datePublished\":\"2013-01-14T13:34:00+00:00\",\"dateModified\":\"2022-01-23T13:35:10+00:00\",\"breadcrumb\":{\"@id\":\"https:\\\/\\\/qtmm.org\\\/qt\\\/simferopol-halqara-ava-limanina-sovetler-birliginin-eki-defa-qaramani-amethan-sultannin-adi-berilmesi-aqqinda-qirimtatar-halqi-qurultayinin-muracaati\\\/#breadcrumb\"},\"inLanguage\":\"qt\",\"potentialAction\":[{\"@type\":\"ReadAction\",\"target\":[\"https:\\\/\\\/qtmm.org\\\/qt\\\/simferopol-halqara-ava-limanina-sovetler-birliginin-eki-defa-qaramani-amethan-sultannin-adi-berilmesi-aqqinda-qirimtatar-halqi-qurultayinin-muracaati\\\/\"]}]},{\"@type\":\"BreadcrumbList\",\"@id\":\"https:\\\/\\\/qtmm.org\\\/qt\\\/simferopol-halqara-ava-limanina-sovetler-birliginin-eki-defa-qaramani-amethan-sultannin-adi-berilmesi-aqqinda-qirimtatar-halqi-qurultayinin-muracaati\\\/#breadcrumb\",\"itemListElement\":[{\"@type\":\"ListItem\",\"position\":1,\"name\":\"\u0413\u043e\u043b\u043e\u0432\u043d\u0430\",\"item\":\"https:\\\/\\\/qtmm.org\\\/qt\\\/\"},{\"@type\":\"ListItem\",\"position\":2,\"name\":\"\u00abSimferopol\u00bb halqara ava liman\u0131na Sovetler Birligini\u00f1 eki defa Qaraman\u0131 Amethan Sultann\u0131\u00f1 ad\u0131 berilmesi aqq\u0131nda\u00bb Q\u0131r\u0131mtatar halq\u0131 Qurultay\u0131n\u0131\u00f1 muracaat\u0131\"}]},{\"@type\":\"WebSite\",\"@id\":\"https:\\\/\\\/qtmm.org\\\/qt\\\/#website\",\"url\":\"https:\\\/\\\/qtmm.org\\\/qt\\\/\",\"name\":\"\u041c\u0435\u0434\u0436\u043b\u0456\u0441\",\"description\":\"\",\"publisher\":{\"@id\":\"https:\\\/\\\/qtmm.org\\\/qt\\\/#organization\"},\"potentialAction\":[{\"@type\":\"SearchAction\",\"target\":{\"@type\":\"EntryPoint\",\"urlTemplate\":\"https:\\\/\\\/qtmm.org\\\/qt\\\/?s={search_term_string}\"},\"query-input\":{\"@type\":\"PropertyValueSpecification\",\"valueRequired\":true,\"valueName\":\"search_term_string\"}}],\"inLanguage\":\"qt\"},{\"@type\":\"Organization\",\"@id\":\"https:\\\/\\\/qtmm.org\\\/qt\\\/#organization\",\"name\":\"\u041c\u0435\u0434\u0436\u043b\u0456\u0441\",\"url\":\"https:\\\/\\\/qtmm.org\\\/qt\\\/\",\"logo\":{\"@type\":\"ImageObject\",\"inLanguage\":\"qt\",\"@id\":\"https:\\\/\\\/qtmm.org\\\/qt\\\/#\\\/schema\\\/logo\\\/image\\\/\",\"url\":\"https:\\\/\\\/qtmm.org\\\/wp-content\\\/uploads\\\/2024\\\/12\\\/ua-mejlis-logo-rgb.svg\",\"contentUrl\":\"https:\\\/\\\/qtmm.org\\\/wp-content\\\/uploads\\\/2024\\\/12\\\/ua-mejlis-logo-rgb.svg\",\"caption\":\"\u041c\u0435\u0434\u0436\u043b\u0456\u0441\"},\"image\":{\"@id\":\"https:\\\/\\\/qtmm.org\\\/qt\\\/#\\\/schema\\\/logo\\\/image\\\/\"},\"sameAs\":[\"https:\\\/\\\/www.facebook.com\\\/qtmm.info\\\/\"]},{\"@type\":\"Person\",\"@id\":\"https:\\\/\\\/qtmm.org\\\/qt\\\/#\\\/schema\\\/person\\\/de562469f971dec226ac06e60bbf74a7\",\"name\":\"Developer\",\"image\":{\"@type\":\"ImageObject\",\"inLanguage\":\"qt\",\"@id\":\"https:\\\/\\\/secure.gravatar.com\\\/avatar\\\/392b4cc8fbfeb00b39dfeeab4ee6edded39ffd48e25858637e4765810300227e?s=96&d=mm&r=g\",\"url\":\"https:\\\/\\\/secure.gravatar.com\\\/avatar\\\/392b4cc8fbfeb00b39dfeeab4ee6edded39ffd48e25858637e4765810300227e?s=96&d=mm&r=g\",\"contentUrl\":\"https:\\\/\\\/secure.gravatar.com\\\/avatar\\\/392b4cc8fbfeb00b39dfeeab4ee6edded39ffd48e25858637e4765810300227e?s=96&d=mm&r=g\",\"caption\":\"Developer\"},\"url\":\"https:\\\/\\\/qtmm.org\\\/qt\\\/author\\\/Developer\\\/\"}]}<\/script>\n<!-- \/ Yoast SEO plugin. -->","yoast_head_json":{"title":"\u00abSimferopol\u00bb halqara ava liman\u0131na Sovetler Birligini\u00f1 eki defa Qaraman\u0131 Amethan Sultann\u0131\u00f1 ad\u0131 berilmesi aqq\u0131nda\u00bb Q\u0131r\u0131mtatar halq\u0131 Qurultay\u0131n\u0131\u00f1 muracaat\u0131 - \u041c\u0435\u0434\u0436\u043b\u0456\u0441","robots":{"index":"index","follow":"follow","max-snippet":"max-snippet:-1","max-image-preview":"max-image-preview:large","max-video-preview":"max-video-preview:-1"},"canonical":"https:\/\/qtmm.org\/qt\/simferopol-halqara-ava-limanina-sovetler-birliginin-eki-defa-qaramani-amethan-sultannin-adi-berilmesi-aqqinda-qirimtatar-halqi-qurultayinin-muracaati\/","og_locale":"en_US","og_type":"article","og_title":"\u00abSimferopol\u00bb halqara ava liman\u0131na Sovetler Birligini\u00f1 eki defa Qaraman\u0131 Amethan Sultann\u0131\u00f1 ad\u0131 berilmesi aqq\u0131nda\u00bb Q\u0131r\u0131mtatar halq\u0131 Qurultay\u0131n\u0131\u00f1 muracaat\u0131 - \u041c\u0435\u0434\u0436\u043b\u0456\u0441","og_description":"Ukraina Prezidenti V. F. Yanukovi\u00e7ke Ukraina Yuqar\u0131 \u015euras\u0131n\u0131\u00f1 Reisi V. V. R\u0131bakqa Ukraina Ba\u015f naziri N. Ya. Azarov\u011fa&nbsp; &#8220;Simferopol&#8221; halqara ava liman\u0131na Sovetler Birligini\u00f1 eki defa Qaraman\u0131 Amethan Sultann\u0131\u00f1 ad\u0131 berilmesi aqq\u0131nda&#8221; Q\u0131r\u0131mtatar halq\u0131 Qurultay\u0131n\u0131\u00f1 muracaat\u0131. Sovetler Birligini\u00f1 nam qazan\u011fan u\u00e7uc\u0131-s\u0131navc\u0131s\u0131, SSSR Devlet Muk\u00e2fat\u0131n\u0131\u00f1 saibi, Sovetler Birligini\u00f1 eki defa Qaraman\u0131 Amethan Sultan 1920 senesi okt\u00e2br [&hellip;]","og_url":"https:\/\/qtmm.org\/qt\/simferopol-halqara-ava-limanina-sovetler-birliginin-eki-defa-qaramani-amethan-sultannin-adi-berilmesi-aqqinda-qirimtatar-halqi-qurultayinin-muracaati\/","og_site_name":"\u041c\u0435\u0434\u0436\u043b\u0456\u0441","article_publisher":"https:\/\/www.facebook.com\/qtmm.info\/","article_published_time":"2013-01-14T13:34:00+00:00","article_modified_time":"2022-01-23T13:35:10+00:00","author":"Developer","twitter_card":"summary_large_image","twitter_misc":{"Written by":"Developer","Est. reading time":"2 minutes"},"schema":{"@context":"https:\/\/schema.org","@graph":[{"@type":"Article","@id":"https:\/\/qtmm.org\/qt\/simferopol-halqara-ava-limanina-sovetler-birliginin-eki-defa-qaramani-amethan-sultannin-adi-berilmesi-aqqinda-qirimtatar-halqi-qurultayinin-muracaati\/#article","isPartOf":{"@id":"https:\/\/qtmm.org\/qt\/simferopol-halqara-ava-limanina-sovetler-birliginin-eki-defa-qaramani-amethan-sultannin-adi-berilmesi-aqqinda-qirimtatar-halqi-qurultayinin-muracaati\/"},"author":{"name":"Developer","@id":"https:\/\/qtmm.org\/qt\/#\/schema\/person\/de562469f971dec226ac06e60bbf74a7"},"headline":"\u00abSimferopol\u00bb halqara ava liman\u0131na Sovetler Birligini\u00f1 eki defa Qaraman\u0131 Amethan Sultann\u0131\u00f1 ad\u0131 berilmesi aqq\u0131nda\u00bb Q\u0131r\u0131mtatar halq\u0131 Qurultay\u0131n\u0131\u00f1 muracaat\u0131","datePublished":"2013-01-14T13:34:00+00:00","dateModified":"2022-01-23T13:35:10+00:00","mainEntityOfPage":{"@id":"https:\/\/qtmm.org\/qt\/simferopol-halqara-ava-limanina-sovetler-birliginin-eki-defa-qaramani-amethan-sultannin-adi-berilmesi-aqqinda-qirimtatar-halqi-qurultayinin-muracaati\/"},"wordCount":435,"commentCount":0,"publisher":{"@id":"https:\/\/qtmm.org\/qt\/#organization"},"articleSection":["Haberler"],"inLanguage":"qt","potentialAction":[{"@type":"CommentAction","name":"Comment","target":["https:\/\/qtmm.org\/qt\/simferopol-halqara-ava-limanina-sovetler-birliginin-eki-defa-qaramani-amethan-sultannin-adi-berilmesi-aqqinda-qirimtatar-halqi-qurultayinin-muracaati\/#respond"]}]},{"@type":"WebPage","@id":"https:\/\/qtmm.org\/qt\/simferopol-halqara-ava-limanina-sovetler-birliginin-eki-defa-qaramani-amethan-sultannin-adi-berilmesi-aqqinda-qirimtatar-halqi-qurultayinin-muracaati\/","url":"https:\/\/qtmm.org\/qt\/simferopol-halqara-ava-limanina-sovetler-birliginin-eki-defa-qaramani-amethan-sultannin-adi-berilmesi-aqqinda-qirimtatar-halqi-qurultayinin-muracaati\/","name":"\u00abSimferopol\u00bb halqara ava liman\u0131na Sovetler Birligini\u00f1 eki defa Qaraman\u0131 Amethan Sultann\u0131\u00f1 ad\u0131 berilmesi aqq\u0131nda\u00bb Q\u0131r\u0131mtatar halq\u0131 Qurultay\u0131n\u0131\u00f1 muracaat\u0131 - \u041c\u0435\u0434\u0436\u043b\u0456\u0441","isPartOf":{"@id":"https:\/\/qtmm.org\/qt\/#website"},"datePublished":"2013-01-14T13:34:00+00:00","dateModified":"2022-01-23T13:35:10+00:00","breadcrumb":{"@id":"https:\/\/qtmm.org\/qt\/simferopol-halqara-ava-limanina-sovetler-birliginin-eki-defa-qaramani-amethan-sultannin-adi-berilmesi-aqqinda-qirimtatar-halqi-qurultayinin-muracaati\/#breadcrumb"},"inLanguage":"qt","potentialAction":[{"@type":"ReadAction","target":["https:\/\/qtmm.org\/qt\/simferopol-halqara-ava-limanina-sovetler-birliginin-eki-defa-qaramani-amethan-sultannin-adi-berilmesi-aqqinda-qirimtatar-halqi-qurultayinin-muracaati\/"]}]},{"@type":"BreadcrumbList","@id":"https:\/\/qtmm.org\/qt\/simferopol-halqara-ava-limanina-sovetler-birliginin-eki-defa-qaramani-amethan-sultannin-adi-berilmesi-aqqinda-qirimtatar-halqi-qurultayinin-muracaati\/#breadcrumb","itemListElement":[{"@type":"ListItem","position":1,"name":"\u0413\u043e\u043b\u043e\u0432\u043d\u0430","item":"https:\/\/qtmm.org\/qt\/"},{"@type":"ListItem","position":2,"name":"\u00abSimferopol\u00bb halqara ava liman\u0131na Sovetler Birligini\u00f1 eki defa Qaraman\u0131 Amethan Sultann\u0131\u00f1 ad\u0131 berilmesi aqq\u0131nda\u00bb Q\u0131r\u0131mtatar halq\u0131 Qurultay\u0131n\u0131\u00f1 muracaat\u0131"}]},{"@type":"WebSite","@id":"https:\/\/qtmm.org\/qt\/#website","url":"https:\/\/qtmm.org\/qt\/","name":"\u041c\u0435\u0434\u0436\u043b\u0456\u0441","description":"","publisher":{"@id":"https:\/\/qtmm.org\/qt\/#organization"},"potentialAction":[{"@type":"SearchAction","target":{"@type":"EntryPoint","urlTemplate":"https:\/\/qtmm.org\/qt\/?s={search_term_string}"},"query-input":{"@type":"PropertyValueSpecification","valueRequired":true,"valueName":"search_term_string"}}],"inLanguage":"qt"},{"@type":"Organization","@id":"https:\/\/qtmm.org\/qt\/#organization","name":"\u041c\u0435\u0434\u0436\u043b\u0456\u0441","url":"https:\/\/qtmm.org\/qt\/","logo":{"@type":"ImageObject","inLanguage":"qt","@id":"https:\/\/qtmm.org\/qt\/#\/schema\/logo\/image\/","url":"https:\/\/qtmm.org\/wp-content\/uploads\/2024\/12\/ua-mejlis-logo-rgb.svg","contentUrl":"https:\/\/qtmm.org\/wp-content\/uploads\/2024\/12\/ua-mejlis-logo-rgb.svg","caption":"\u041c\u0435\u0434\u0436\u043b\u0456\u0441"},"image":{"@id":"https:\/\/qtmm.org\/qt\/#\/schema\/logo\/image\/"},"sameAs":["https:\/\/www.facebook.com\/qtmm.info\/"]},{"@type":"Person","@id":"https:\/\/qtmm.org\/qt\/#\/schema\/person\/de562469f971dec226ac06e60bbf74a7","name":"Developer","image":{"@type":"ImageObject","inLanguage":"qt","@id":"https:\/\/secure.gravatar.com\/avatar\/392b4cc8fbfeb00b39dfeeab4ee6edded39ffd48e25858637e4765810300227e?s=96&d=mm&r=g","url":"https:\/\/secure.gravatar.com\/avatar\/392b4cc8fbfeb00b39dfeeab4ee6edded39ffd48e25858637e4765810300227e?s=96&d=mm&r=g","contentUrl":"https:\/\/secure.gravatar.com\/avatar\/392b4cc8fbfeb00b39dfeeab4ee6edded39ffd48e25858637e4765810300227e?s=96&d=mm&r=g","caption":"Developer"},"url":"https:\/\/qtmm.org\/qt\/author\/Developer\/"}]}},"_links":{"self":[{"href":"https:\/\/qtmm.org\/qt\/wp-json\/wp\/v2\/posts\/35711","targetHints":{"allow":["GET"]}}],"collection":[{"href":"https:\/\/qtmm.org\/qt\/wp-json\/wp\/v2\/posts"}],"about":[{"href":"https:\/\/qtmm.org\/qt\/wp-json\/wp\/v2\/types\/post"}],"author":[{"embeddable":true,"href":"https:\/\/qtmm.org\/qt\/wp-json\/wp\/v2\/users\/1"}],"replies":[{"embeddable":true,"href":"https:\/\/qtmm.org\/qt\/wp-json\/wp\/v2\/comments?post=35711"}],"version-history":[{"count":1,"href":"https:\/\/qtmm.org\/qt\/wp-json\/wp\/v2\/posts\/35711\/revisions"}],"predecessor-version":[{"id":35712,"href":"https:\/\/qtmm.org\/qt\/wp-json\/wp\/v2\/posts\/35711\/revisions\/35712"}],"wp:attachment":[{"href":"https:\/\/qtmm.org\/qt\/wp-json\/wp\/v2\/media?parent=35711"}],"wp:term":[{"taxonomy":"category","embeddable":true,"href":"https:\/\/qtmm.org\/qt\/wp-json\/wp\/v2\/categories?post=35711"},{"taxonomy":"post_tag","embeddable":true,"href":"https:\/\/qtmm.org\/qt\/wp-json\/wp\/v2\/tags?post=35711"}],"curies":[{"name":"wp","href":"https:\/\/api.w.org\/{rel}","templated":true}]}}