




{"id":35709,"date":"2013-01-14T16:33:00","date_gmt":"2013-01-14T13:33:00","guid":{"rendered":"http:\/\/qtmm.org\/?p=35709"},"modified":"2022-01-23T16:33:58","modified_gmt":"2022-01-23T13:33:58","slug":"2012-senesi-dekabr-21-de-aqmescitte-stalincilernin-ciqislari-munasebetinen-qirimtatar-halqi-v-qurultayinin-ukrain-cemaatciligina-muracaati","status":"publish","type":"post","link":"https:\/\/qtmm.org\/qt\/2012-senesi-dekabr-21-de-aqmescitte-stalincilernin-ciqislari-munasebetinen-qirimtatar-halqi-v-qurultayinin-ukrain-cemaatciligina-muracaati\/","title":{"rendered":"2012 senesi dekabr 21-de Aqmescitte stalincilerni\u00f1 \u00e7\u0131q\u0131\u015flar\u0131 munasebetinen Q\u0131r\u0131mtatar halq\u0131 V Qurultay\u0131n\u0131\u00f1 ukrain cemaat\u00e7\u0131l\u0131\u011f\u0131na muracaat\u0131"},"content":{"rendered":"\n<p class=\"has-text-align-center\"><em><strong>\u0425\u0425 as\u0131rn\u0131\u00f1 eki totalitar rejimi \u2013 kommunist ve natsist rejimini\u00f1 cinayetleri insanl\u0131qqa z\u0131t ol\u011fan\u0131 i\u00e7\u00fcn er yerde qaralanmal\u0131! Ukrainada stalin rejimini canland\u0131rmaq areketleri yasaq etilmeli!<\/strong><\/em><\/p>\n\n\n\n<p>2012 senesi dekabr 21-de Aqmescitte Rusiyeni\u00f1 &#8220;Sut vremeni \u2013 Kr\u0131m&#8221; te\u015fkil\u00e2t\u0131n\u0131\u00f1 regional b\u00f6l\u00fcgi SSSR halqlar\u0131n\u0131\u00f1 belli cell\u00e2t\u0131 \u0130osif Stalinni\u00f1 do\u011f\u011fan k\u00fcn\u00fcne ba\u011f\u0131\u015flan\u011fan sergini te\u015fkil etti. Onda natsist qatilleri Adolf Gitler ve Yohima Ribbentropn\u0131\u00f1 fotolar\u0131 numay\u0131\u015f etildi.<\/p>\n\n\n\n<p>Bir \u00e7oq halqlarn\u0131\u00f1 ba\u015f\u0131na, \u015fu c\u00fcmleden Ukraina halq\u0131 i\u00e7\u00fcn de fel\u00e2ket ketirgen HH as\u0131rn\u0131\u00f1 e\u00f1 qanl\u0131 \u015fah\u0131slar\u0131ndan biri ol\u011fan \u0130. Stalinni\u00f1 cinaiy faaliyeti Ukrainan\u0131\u00f1 2006 senesi noyabr 28-de qabul etken &#8220;Ukrainada 1932-1933 seneleri a\u00e7l\u0131\u011f\u0131 aqq\u0131nda&#8221; Qanun\u0131 ve 2010 senesi yanvar 13-te makheme qarar\u0131nen \u00fck\u00fcm etildi. Bu qararlar\u011fa k\u00f6re Stalin ukrainlerni\u00f1 soyq\u0131r\u0131m\u0131nda ba\u015f qabaatl\u0131, dep tan\u0131ld\u0131. Stalinni\u00f1 cinayetlerini OSCE Parlament<\/p>\n\n\n\n<p>Assambleyas\u0131 2009 senesi iy\u00fcl 3-te qabul etken &#8220;B\u00f6l\u00fcngen Avropan\u0131\u00f1 birle\u015fmesi&#8221; qarar\u0131 da qaralad\u0131.<\/p>\n\n\n\n<p>So\u00f1ki vaq\u0131tta Ukrainada, bilhassa Rusiyede, bir s\u0131ra fesat\u00e7\u0131 te\u015fkil\u00e2tlarn\u0131\u00f1 pek faal ol\u011fan\u0131 k\u00f6zetile. Olar kommunist vah\u015fiyini &#8220;rus medeniyeti tarih\u0131nda&#8221; e\u00f1 k\u00f6r\u00fcmli devlet erbab\u0131 olaraq tan\u0131tma\u011fa t\u0131r\u0131\u015falar. Bu ise sovet devletini\u00f1 a\u00e7l\u0131q, repressiya, s\u00fcrg\u00fcnlik, soyq\u0131r\u0131m kibi afatlarn\u0131 ba\u015f\u0131ndan ke\u00e7irgen bir \u00e7oq halqlar\u0131n\u0131, bahusus, rus halq\u0131n\u0131\u00f1 kendisi de bergen qurbanlar\u0131n\u0131\u00f1 hat\u0131ras\u0131n\u0131 aqaret ete.<\/p>\n\n\n\n<p>B\u00f6yle provokatsion sergini\u00f1 te\u015fkil\u00e2tland\u0131r\u0131lmas\u0131 bu sene Avropada e\u00f1 nufuzl\u0131 te\u015fkil\u00e2tqa reislik yapacaq Ukrainan\u0131\u00f1 itibar\u0131n\u0131 t\u00fc\u015f\u00fcre. Belli ki, OSCE bir \u00e7oq qatillikler i\u00e7\u00fcn cevapk\u00e2r ol\u011fan stalin ve natsist rejimlerini qarala\u011fan bir s\u0131ra qararlarn\u0131 qabul etti.<\/p>\n\n\n\n<p>Yerli akimiyet taraf\u0131ndan yasaqlanma\u011fan, toqtat\u0131lma\u011fan mezk\u00fcr sergi OSCE azas\u0131 ol\u011fan Ukraina taraf\u0131ndan nizamn\u0131 bozuv old\u0131. Kendisini Avropa devleti dep say\u011fan Ukraina\u011fa b\u00f6yle areket i\u00e7 yara\u015fmay.<\/p>\n\n\n\n<p>Sergini\u00f1 ke\u00e7irilmesine keder etken ve sergige munasebetini bildirgen semetde\u015flerimizni\u00f1 nefretini payla\u015fam\u0131z, \u00e7\u00fcnki ille \u015fu cell\u00e2tn\u0131\u00f1 sebebinden q\u0131r\u0131mtatar halq\u0131 Vatan\u0131ndan mahrum old\u0131, s\u00fcrg\u00fcnlikte yar\u0131s\u0131n\u0131 \u011fay\u0131p etti.<\/p>\n\n\n\n<p>Biz ukrainlerni ve umumen er angi millet vekillerini q\u0131r\u0131mtatarlar\u011fa qoltutma\u011fa ve cinayet\u00e7ini halqlarn\u0131\u00f1 hat\u0131ras\u0131n\u0131 aqaret etmek, fesat \u00e7\u0131qarmaq maqsad\u0131nda qullan\u0131lmas\u0131na qar\u015f\u0131 \u00e7\u0131qma\u011fa \u00e7a\u011f\u0131ram\u0131z.<\/p>\n\n\n\n<p>Biz stalinizm, natsist ve kommunist rejimlerini\u00f1 pis asabal\u0131\u011f\u0131ndan ebediyen vazge\u00e7mek kerekmiz. Eminmiz ki, stalinizmni canland\u0131rmaq niyetinde ke\u00e7irilgen b\u00f6yle &#8220;tedbirler&#8221;ni\u00f1 te\u015fkil\u00e2t\u00e7\u0131lar\u0131 mahkeme etilmeli. Ukraina Yuqar\u0131 \u015euras\u0131 ve Devlet Prezidenti de olarn\u0131 cevapqa \u00e7ekmesi zarur.<br><br>&nbsp;<\/p>\n\n\n\n<p class=\"has-text-align-right\"><strong>Q\u0131r\u0131mtatar halq\u0131 V \u00e7a\u011f\u0131r\u0131l\u0131\u015f Qurultay\u0131n\u0131\u00f1 delegatlar\u0131<br>2013 senesi yanvar 12.<br>Aqmescit \u015f.<\/strong><\/p>\n","protected":false},"excerpt":{"rendered":"<p>\u0425\u0425 as\u0131rn\u0131\u00f1 eki totalitar rejimi \u2013 kommunist ve natsist rejimini\u00f1 cinayetleri insanl\u0131qqa z\u0131t ol\u011fan\u0131 i\u00e7\u00fcn er yerde qaralanmal\u0131! Ukrainada stalin rejimini canland\u0131rmaq areketleri yasaq etilmeli! 2012 senesi dekabr 21-de Aqmescitte Rusiyeni\u00f1 &#8220;Sut vremeni \u2013 Kr\u0131m&#8221; te\u015fkil\u00e2t\u0131n\u0131\u00f1 regional b\u00f6l\u00fcgi SSSR halqlar\u0131n\u0131\u00f1 belli cell\u00e2t\u0131 \u0130osif Stalinni\u00f1 do\u011f\u011fan k\u00fcn\u00fcne ba\u011f\u0131\u015flan\u011fan sergini te\u015fkil etti. Onda natsist qatilleri Adolf Gitler [&hellip;]<\/p>\n","protected":false},"author":1,"featured_media":0,"comment_status":"open","ping_status":"open","sticky":false,"template":"","format":"standard","meta":{"inline_featured_image":false,"footnotes":""},"categories":[265],"tags":[],"class_list":["post-35709","post","type-post","status-publish","format-standard","hentry","category-haberler"],"acf":[],"yoast_head":"<!-- This site is optimized with the Yoast SEO plugin v27.4 - https:\/\/yoast.com\/product\/yoast-seo-wordpress\/ -->\n<title>2012 senesi dekabr 21-de Aqmescitte stalincilerni\u00f1 \u00e7\u0131q\u0131\u015flar\u0131 munasebetinen Q\u0131r\u0131mtatar halq\u0131 V Qurultay\u0131n\u0131\u00f1 ukrain cemaat\u00e7\u0131l\u0131\u011f\u0131na muracaat\u0131 - \u041c\u0435\u0434\u0436\u043b\u0456\u0441<\/title>\n<meta name=\"robots\" content=\"index, follow, max-snippet:-1, max-image-preview:large, max-video-preview:-1\" \/>\n<link rel=\"canonical\" href=\"https:\/\/qtmm.org\/qt\/2012-senesi-dekabr-21-de-aqmescitte-stalincilernin-ciqislari-munasebetinen-qirimtatar-halqi-v-qurultayinin-ukrain-cemaatciligina-muracaati\/\" \/>\n<meta property=\"og:locale\" content=\"en_US\" \/>\n<meta property=\"og:type\" content=\"article\" \/>\n<meta property=\"og:title\" content=\"2012 senesi dekabr 21-de Aqmescitte stalincilerni\u00f1 \u00e7\u0131q\u0131\u015flar\u0131 munasebetinen Q\u0131r\u0131mtatar halq\u0131 V Qurultay\u0131n\u0131\u00f1 ukrain cemaat\u00e7\u0131l\u0131\u011f\u0131na muracaat\u0131 - \u041c\u0435\u0434\u0436\u043b\u0456\u0441\" \/>\n<meta property=\"og:description\" content=\"\u0425\u0425 as\u0131rn\u0131\u00f1 eki totalitar rejimi \u2013 kommunist ve natsist rejimini\u00f1 cinayetleri insanl\u0131qqa z\u0131t ol\u011fan\u0131 i\u00e7\u00fcn er yerde qaralanmal\u0131! Ukrainada stalin rejimini canland\u0131rmaq areketleri yasaq etilmeli! 2012 senesi dekabr 21-de Aqmescitte Rusiyeni\u00f1 &#8220;Sut vremeni \u2013 Kr\u0131m&#8221; te\u015fkil\u00e2t\u0131n\u0131\u00f1 regional b\u00f6l\u00fcgi SSSR halqlar\u0131n\u0131\u00f1 belli cell\u00e2t\u0131 \u0130osif Stalinni\u00f1 do\u011f\u011fan k\u00fcn\u00fcne ba\u011f\u0131\u015flan\u011fan sergini te\u015fkil etti. Onda natsist qatilleri Adolf Gitler [&hellip;]\" \/>\n<meta property=\"og:url\" content=\"https:\/\/qtmm.org\/qt\/2012-senesi-dekabr-21-de-aqmescitte-stalincilernin-ciqislari-munasebetinen-qirimtatar-halqi-v-qurultayinin-ukrain-cemaatciligina-muracaati\/\" \/>\n<meta property=\"og:site_name\" content=\"\u041c\u0435\u0434\u0436\u043b\u0456\u0441\" \/>\n<meta property=\"article:publisher\" content=\"https:\/\/www.facebook.com\/qtmm.info\/\" \/>\n<meta property=\"article:published_time\" content=\"2013-01-14T13:33:00+00:00\" \/>\n<meta property=\"article:modified_time\" content=\"2022-01-23T13:33:58+00:00\" \/>\n<meta name=\"author\" content=\"Developer\" \/>\n<meta name=\"twitter:card\" content=\"summary_large_image\" \/>\n<meta name=\"twitter:label1\" content=\"Written by\" \/>\n\t<meta name=\"twitter:data1\" content=\"Developer\" \/>\n\t<meta name=\"twitter:label2\" content=\"Est. reading time\" \/>\n\t<meta name=\"twitter:data2\" content=\"2 minutes\" \/>\n<script type=\"application\/ld+json\" class=\"yoast-schema-graph\">{\"@context\":\"https:\\\/\\\/schema.org\",\"@graph\":[{\"@type\":\"Article\",\"@id\":\"https:\\\/\\\/qtmm.org\\\/qt\\\/2012-senesi-dekabr-21-de-aqmescitte-stalincilernin-ciqislari-munasebetinen-qirimtatar-halqi-v-qurultayinin-ukrain-cemaatciligina-muracaati\\\/#article\",\"isPartOf\":{\"@id\":\"https:\\\/\\\/qtmm.org\\\/qt\\\/2012-senesi-dekabr-21-de-aqmescitte-stalincilernin-ciqislari-munasebetinen-qirimtatar-halqi-v-qurultayinin-ukrain-cemaatciligina-muracaati\\\/\"},\"author\":{\"name\":\"Developer\",\"@id\":\"https:\\\/\\\/qtmm.org\\\/qt\\\/#\\\/schema\\\/person\\\/de562469f971dec226ac06e60bbf74a7\"},\"headline\":\"2012 senesi dekabr 21-de Aqmescitte stalincilerni\u00f1 \u00e7\u0131q\u0131\u015flar\u0131 munasebetinen Q\u0131r\u0131mtatar halq\u0131 V Qurultay\u0131n\u0131\u00f1 ukrain cemaat\u00e7\u0131l\u0131\u011f\u0131na muracaat\u0131\",\"datePublished\":\"2013-01-14T13:33:00+00:00\",\"dateModified\":\"2022-01-23T13:33:58+00:00\",\"mainEntityOfPage\":{\"@id\":\"https:\\\/\\\/qtmm.org\\\/qt\\\/2012-senesi-dekabr-21-de-aqmescitte-stalincilernin-ciqislari-munasebetinen-qirimtatar-halqi-v-qurultayinin-ukrain-cemaatciligina-muracaati\\\/\"},\"wordCount\":562,\"commentCount\":0,\"publisher\":{\"@id\":\"https:\\\/\\\/qtmm.org\\\/qt\\\/#organization\"},\"articleSection\":[\"Haberler\"],\"inLanguage\":\"qt\",\"potentialAction\":[{\"@type\":\"CommentAction\",\"name\":\"Comment\",\"target\":[\"https:\\\/\\\/qtmm.org\\\/qt\\\/2012-senesi-dekabr-21-de-aqmescitte-stalincilernin-ciqislari-munasebetinen-qirimtatar-halqi-v-qurultayinin-ukrain-cemaatciligina-muracaati\\\/#respond\"]}]},{\"@type\":\"WebPage\",\"@id\":\"https:\\\/\\\/qtmm.org\\\/qt\\\/2012-senesi-dekabr-21-de-aqmescitte-stalincilernin-ciqislari-munasebetinen-qirimtatar-halqi-v-qurultayinin-ukrain-cemaatciligina-muracaati\\\/\",\"url\":\"https:\\\/\\\/qtmm.org\\\/qt\\\/2012-senesi-dekabr-21-de-aqmescitte-stalincilernin-ciqislari-munasebetinen-qirimtatar-halqi-v-qurultayinin-ukrain-cemaatciligina-muracaati\\\/\",\"name\":\"2012 senesi dekabr 21-de Aqmescitte stalincilerni\u00f1 \u00e7\u0131q\u0131\u015flar\u0131 munasebetinen Q\u0131r\u0131mtatar halq\u0131 V Qurultay\u0131n\u0131\u00f1 ukrain cemaat\u00e7\u0131l\u0131\u011f\u0131na muracaat\u0131 - \u041c\u0435\u0434\u0436\u043b\u0456\u0441\",\"isPartOf\":{\"@id\":\"https:\\\/\\\/qtmm.org\\\/qt\\\/#website\"},\"datePublished\":\"2013-01-14T13:33:00+00:00\",\"dateModified\":\"2022-01-23T13:33:58+00:00\",\"breadcrumb\":{\"@id\":\"https:\\\/\\\/qtmm.org\\\/qt\\\/2012-senesi-dekabr-21-de-aqmescitte-stalincilernin-ciqislari-munasebetinen-qirimtatar-halqi-v-qurultayinin-ukrain-cemaatciligina-muracaati\\\/#breadcrumb\"},\"inLanguage\":\"qt\",\"potentialAction\":[{\"@type\":\"ReadAction\",\"target\":[\"https:\\\/\\\/qtmm.org\\\/qt\\\/2012-senesi-dekabr-21-de-aqmescitte-stalincilernin-ciqislari-munasebetinen-qirimtatar-halqi-v-qurultayinin-ukrain-cemaatciligina-muracaati\\\/\"]}]},{\"@type\":\"BreadcrumbList\",\"@id\":\"https:\\\/\\\/qtmm.org\\\/qt\\\/2012-senesi-dekabr-21-de-aqmescitte-stalincilernin-ciqislari-munasebetinen-qirimtatar-halqi-v-qurultayinin-ukrain-cemaatciligina-muracaati\\\/#breadcrumb\",\"itemListElement\":[{\"@type\":\"ListItem\",\"position\":1,\"name\":\"\u0413\u043e\u043b\u043e\u0432\u043d\u0430\",\"item\":\"https:\\\/\\\/qtmm.org\\\/qt\\\/\"},{\"@type\":\"ListItem\",\"position\":2,\"name\":\"2012 senesi dekabr 21-de Aqmescitte stalincilerni\u00f1 \u00e7\u0131q\u0131\u015flar\u0131 munasebetinen Q\u0131r\u0131mtatar halq\u0131 V Qurultay\u0131n\u0131\u00f1 ukrain cemaat\u00e7\u0131l\u0131\u011f\u0131na muracaat\u0131\"}]},{\"@type\":\"WebSite\",\"@id\":\"https:\\\/\\\/qtmm.org\\\/qt\\\/#website\",\"url\":\"https:\\\/\\\/qtmm.org\\\/qt\\\/\",\"name\":\"\u041c\u0435\u0434\u0436\u043b\u0456\u0441\",\"description\":\"\",\"publisher\":{\"@id\":\"https:\\\/\\\/qtmm.org\\\/qt\\\/#organization\"},\"potentialAction\":[{\"@type\":\"SearchAction\",\"target\":{\"@type\":\"EntryPoint\",\"urlTemplate\":\"https:\\\/\\\/qtmm.org\\\/qt\\\/?s={search_term_string}\"},\"query-input\":{\"@type\":\"PropertyValueSpecification\",\"valueRequired\":true,\"valueName\":\"search_term_string\"}}],\"inLanguage\":\"qt\"},{\"@type\":\"Organization\",\"@id\":\"https:\\\/\\\/qtmm.org\\\/qt\\\/#organization\",\"name\":\"\u041c\u0435\u0434\u0436\u043b\u0456\u0441\",\"url\":\"https:\\\/\\\/qtmm.org\\\/qt\\\/\",\"logo\":{\"@type\":\"ImageObject\",\"inLanguage\":\"qt\",\"@id\":\"https:\\\/\\\/qtmm.org\\\/qt\\\/#\\\/schema\\\/logo\\\/image\\\/\",\"url\":\"https:\\\/\\\/qtmm.org\\\/wp-content\\\/uploads\\\/2024\\\/12\\\/ua-mejlis-logo-rgb.svg\",\"contentUrl\":\"https:\\\/\\\/qtmm.org\\\/wp-content\\\/uploads\\\/2024\\\/12\\\/ua-mejlis-logo-rgb.svg\",\"caption\":\"\u041c\u0435\u0434\u0436\u043b\u0456\u0441\"},\"image\":{\"@id\":\"https:\\\/\\\/qtmm.org\\\/qt\\\/#\\\/schema\\\/logo\\\/image\\\/\"},\"sameAs\":[\"https:\\\/\\\/www.facebook.com\\\/qtmm.info\\\/\"]},{\"@type\":\"Person\",\"@id\":\"https:\\\/\\\/qtmm.org\\\/qt\\\/#\\\/schema\\\/person\\\/de562469f971dec226ac06e60bbf74a7\",\"name\":\"Developer\",\"image\":{\"@type\":\"ImageObject\",\"inLanguage\":\"qt\",\"@id\":\"https:\\\/\\\/secure.gravatar.com\\\/avatar\\\/392b4cc8fbfeb00b39dfeeab4ee6edded39ffd48e25858637e4765810300227e?s=96&d=mm&r=g\",\"url\":\"https:\\\/\\\/secure.gravatar.com\\\/avatar\\\/392b4cc8fbfeb00b39dfeeab4ee6edded39ffd48e25858637e4765810300227e?s=96&d=mm&r=g\",\"contentUrl\":\"https:\\\/\\\/secure.gravatar.com\\\/avatar\\\/392b4cc8fbfeb00b39dfeeab4ee6edded39ffd48e25858637e4765810300227e?s=96&d=mm&r=g\",\"caption\":\"Developer\"},\"url\":\"https:\\\/\\\/qtmm.org\\\/qt\\\/author\\\/Developer\\\/\"}]}<\/script>\n<!-- \/ Yoast SEO plugin. -->","yoast_head_json":{"title":"2012 senesi dekabr 21-de Aqmescitte stalincilerni\u00f1 \u00e7\u0131q\u0131\u015flar\u0131 munasebetinen Q\u0131r\u0131mtatar halq\u0131 V Qurultay\u0131n\u0131\u00f1 ukrain cemaat\u00e7\u0131l\u0131\u011f\u0131na muracaat\u0131 - \u041c\u0435\u0434\u0436\u043b\u0456\u0441","robots":{"index":"index","follow":"follow","max-snippet":"max-snippet:-1","max-image-preview":"max-image-preview:large","max-video-preview":"max-video-preview:-1"},"canonical":"https:\/\/qtmm.org\/qt\/2012-senesi-dekabr-21-de-aqmescitte-stalincilernin-ciqislari-munasebetinen-qirimtatar-halqi-v-qurultayinin-ukrain-cemaatciligina-muracaati\/","og_locale":"en_US","og_type":"article","og_title":"2012 senesi dekabr 21-de Aqmescitte stalincilerni\u00f1 \u00e7\u0131q\u0131\u015flar\u0131 munasebetinen Q\u0131r\u0131mtatar halq\u0131 V Qurultay\u0131n\u0131\u00f1 ukrain cemaat\u00e7\u0131l\u0131\u011f\u0131na muracaat\u0131 - \u041c\u0435\u0434\u0436\u043b\u0456\u0441","og_description":"\u0425\u0425 as\u0131rn\u0131\u00f1 eki totalitar rejimi \u2013 kommunist ve natsist rejimini\u00f1 cinayetleri insanl\u0131qqa z\u0131t ol\u011fan\u0131 i\u00e7\u00fcn er yerde qaralanmal\u0131! Ukrainada stalin rejimini canland\u0131rmaq areketleri yasaq etilmeli! 2012 senesi dekabr 21-de Aqmescitte Rusiyeni\u00f1 &#8220;Sut vremeni \u2013 Kr\u0131m&#8221; te\u015fkil\u00e2t\u0131n\u0131\u00f1 regional b\u00f6l\u00fcgi SSSR halqlar\u0131n\u0131\u00f1 belli cell\u00e2t\u0131 \u0130osif Stalinni\u00f1 do\u011f\u011fan k\u00fcn\u00fcne ba\u011f\u0131\u015flan\u011fan sergini te\u015fkil etti. Onda natsist qatilleri Adolf Gitler [&hellip;]","og_url":"https:\/\/qtmm.org\/qt\/2012-senesi-dekabr-21-de-aqmescitte-stalincilernin-ciqislari-munasebetinen-qirimtatar-halqi-v-qurultayinin-ukrain-cemaatciligina-muracaati\/","og_site_name":"\u041c\u0435\u0434\u0436\u043b\u0456\u0441","article_publisher":"https:\/\/www.facebook.com\/qtmm.info\/","article_published_time":"2013-01-14T13:33:00+00:00","article_modified_time":"2022-01-23T13:33:58+00:00","author":"Developer","twitter_card":"summary_large_image","twitter_misc":{"Written by":"Developer","Est. reading time":"2 minutes"},"schema":{"@context":"https:\/\/schema.org","@graph":[{"@type":"Article","@id":"https:\/\/qtmm.org\/qt\/2012-senesi-dekabr-21-de-aqmescitte-stalincilernin-ciqislari-munasebetinen-qirimtatar-halqi-v-qurultayinin-ukrain-cemaatciligina-muracaati\/#article","isPartOf":{"@id":"https:\/\/qtmm.org\/qt\/2012-senesi-dekabr-21-de-aqmescitte-stalincilernin-ciqislari-munasebetinen-qirimtatar-halqi-v-qurultayinin-ukrain-cemaatciligina-muracaati\/"},"author":{"name":"Developer","@id":"https:\/\/qtmm.org\/qt\/#\/schema\/person\/de562469f971dec226ac06e60bbf74a7"},"headline":"2012 senesi dekabr 21-de Aqmescitte stalincilerni\u00f1 \u00e7\u0131q\u0131\u015flar\u0131 munasebetinen Q\u0131r\u0131mtatar halq\u0131 V Qurultay\u0131n\u0131\u00f1 ukrain cemaat\u00e7\u0131l\u0131\u011f\u0131na muracaat\u0131","datePublished":"2013-01-14T13:33:00+00:00","dateModified":"2022-01-23T13:33:58+00:00","mainEntityOfPage":{"@id":"https:\/\/qtmm.org\/qt\/2012-senesi-dekabr-21-de-aqmescitte-stalincilernin-ciqislari-munasebetinen-qirimtatar-halqi-v-qurultayinin-ukrain-cemaatciligina-muracaati\/"},"wordCount":562,"commentCount":0,"publisher":{"@id":"https:\/\/qtmm.org\/qt\/#organization"},"articleSection":["Haberler"],"inLanguage":"qt","potentialAction":[{"@type":"CommentAction","name":"Comment","target":["https:\/\/qtmm.org\/qt\/2012-senesi-dekabr-21-de-aqmescitte-stalincilernin-ciqislari-munasebetinen-qirimtatar-halqi-v-qurultayinin-ukrain-cemaatciligina-muracaati\/#respond"]}]},{"@type":"WebPage","@id":"https:\/\/qtmm.org\/qt\/2012-senesi-dekabr-21-de-aqmescitte-stalincilernin-ciqislari-munasebetinen-qirimtatar-halqi-v-qurultayinin-ukrain-cemaatciligina-muracaati\/","url":"https:\/\/qtmm.org\/qt\/2012-senesi-dekabr-21-de-aqmescitte-stalincilernin-ciqislari-munasebetinen-qirimtatar-halqi-v-qurultayinin-ukrain-cemaatciligina-muracaati\/","name":"2012 senesi dekabr 21-de Aqmescitte stalincilerni\u00f1 \u00e7\u0131q\u0131\u015flar\u0131 munasebetinen Q\u0131r\u0131mtatar halq\u0131 V Qurultay\u0131n\u0131\u00f1 ukrain cemaat\u00e7\u0131l\u0131\u011f\u0131na muracaat\u0131 - \u041c\u0435\u0434\u0436\u043b\u0456\u0441","isPartOf":{"@id":"https:\/\/qtmm.org\/qt\/#website"},"datePublished":"2013-01-14T13:33:00+00:00","dateModified":"2022-01-23T13:33:58+00:00","breadcrumb":{"@id":"https:\/\/qtmm.org\/qt\/2012-senesi-dekabr-21-de-aqmescitte-stalincilernin-ciqislari-munasebetinen-qirimtatar-halqi-v-qurultayinin-ukrain-cemaatciligina-muracaati\/#breadcrumb"},"inLanguage":"qt","potentialAction":[{"@type":"ReadAction","target":["https:\/\/qtmm.org\/qt\/2012-senesi-dekabr-21-de-aqmescitte-stalincilernin-ciqislari-munasebetinen-qirimtatar-halqi-v-qurultayinin-ukrain-cemaatciligina-muracaati\/"]}]},{"@type":"BreadcrumbList","@id":"https:\/\/qtmm.org\/qt\/2012-senesi-dekabr-21-de-aqmescitte-stalincilernin-ciqislari-munasebetinen-qirimtatar-halqi-v-qurultayinin-ukrain-cemaatciligina-muracaati\/#breadcrumb","itemListElement":[{"@type":"ListItem","position":1,"name":"\u0413\u043e\u043b\u043e\u0432\u043d\u0430","item":"https:\/\/qtmm.org\/qt\/"},{"@type":"ListItem","position":2,"name":"2012 senesi dekabr 21-de Aqmescitte stalincilerni\u00f1 \u00e7\u0131q\u0131\u015flar\u0131 munasebetinen Q\u0131r\u0131mtatar halq\u0131 V Qurultay\u0131n\u0131\u00f1 ukrain cemaat\u00e7\u0131l\u0131\u011f\u0131na muracaat\u0131"}]},{"@type":"WebSite","@id":"https:\/\/qtmm.org\/qt\/#website","url":"https:\/\/qtmm.org\/qt\/","name":"\u041c\u0435\u0434\u0436\u043b\u0456\u0441","description":"","publisher":{"@id":"https:\/\/qtmm.org\/qt\/#organization"},"potentialAction":[{"@type":"SearchAction","target":{"@type":"EntryPoint","urlTemplate":"https:\/\/qtmm.org\/qt\/?s={search_term_string}"},"query-input":{"@type":"PropertyValueSpecification","valueRequired":true,"valueName":"search_term_string"}}],"inLanguage":"qt"},{"@type":"Organization","@id":"https:\/\/qtmm.org\/qt\/#organization","name":"\u041c\u0435\u0434\u0436\u043b\u0456\u0441","url":"https:\/\/qtmm.org\/qt\/","logo":{"@type":"ImageObject","inLanguage":"qt","@id":"https:\/\/qtmm.org\/qt\/#\/schema\/logo\/image\/","url":"https:\/\/qtmm.org\/wp-content\/uploads\/2024\/12\/ua-mejlis-logo-rgb.svg","contentUrl":"https:\/\/qtmm.org\/wp-content\/uploads\/2024\/12\/ua-mejlis-logo-rgb.svg","caption":"\u041c\u0435\u0434\u0436\u043b\u0456\u0441"},"image":{"@id":"https:\/\/qtmm.org\/qt\/#\/schema\/logo\/image\/"},"sameAs":["https:\/\/www.facebook.com\/qtmm.info\/"]},{"@type":"Person","@id":"https:\/\/qtmm.org\/qt\/#\/schema\/person\/de562469f971dec226ac06e60bbf74a7","name":"Developer","image":{"@type":"ImageObject","inLanguage":"qt","@id":"https:\/\/secure.gravatar.com\/avatar\/392b4cc8fbfeb00b39dfeeab4ee6edded39ffd48e25858637e4765810300227e?s=96&d=mm&r=g","url":"https:\/\/secure.gravatar.com\/avatar\/392b4cc8fbfeb00b39dfeeab4ee6edded39ffd48e25858637e4765810300227e?s=96&d=mm&r=g","contentUrl":"https:\/\/secure.gravatar.com\/avatar\/392b4cc8fbfeb00b39dfeeab4ee6edded39ffd48e25858637e4765810300227e?s=96&d=mm&r=g","caption":"Developer"},"url":"https:\/\/qtmm.org\/qt\/author\/Developer\/"}]}},"_links":{"self":[{"href":"https:\/\/qtmm.org\/qt\/wp-json\/wp\/v2\/posts\/35709","targetHints":{"allow":["GET"]}}],"collection":[{"href":"https:\/\/qtmm.org\/qt\/wp-json\/wp\/v2\/posts"}],"about":[{"href":"https:\/\/qtmm.org\/qt\/wp-json\/wp\/v2\/types\/post"}],"author":[{"embeddable":true,"href":"https:\/\/qtmm.org\/qt\/wp-json\/wp\/v2\/users\/1"}],"replies":[{"embeddable":true,"href":"https:\/\/qtmm.org\/qt\/wp-json\/wp\/v2\/comments?post=35709"}],"version-history":[{"count":1,"href":"https:\/\/qtmm.org\/qt\/wp-json\/wp\/v2\/posts\/35709\/revisions"}],"predecessor-version":[{"id":35710,"href":"https:\/\/qtmm.org\/qt\/wp-json\/wp\/v2\/posts\/35709\/revisions\/35710"}],"wp:attachment":[{"href":"https:\/\/qtmm.org\/qt\/wp-json\/wp\/v2\/media?parent=35709"}],"wp:term":[{"taxonomy":"category","embeddable":true,"href":"https:\/\/qtmm.org\/qt\/wp-json\/wp\/v2\/categories?post=35709"},{"taxonomy":"post_tag","embeddable":true,"href":"https:\/\/qtmm.org\/qt\/wp-json\/wp\/v2\/tags?post=35709"}],"curies":[{"name":"wp","href":"https:\/\/api.w.org\/{rel}","templated":true}]}}