




{"id":35705,"date":"2013-01-13T16:31:00","date_gmt":"2013-01-13T13:31:00","guid":{"rendered":"http:\/\/qtmm.org\/?p=35705"},"modified":"2022-01-23T16:32:20","modified_gmt":"2022-01-23T13:32:20","slug":"qirimtatar-halqi-v-qurultayi-besinci-sessiyasinin-delegatlari-enver-abduraimovnin-1944-senesi-surgunliginde-50-fayizga-qirimtatarlarnin-ozleri-qabaatli-degen-sozlerini-keskin-qaraladilar","status":"publish","type":"post","link":"https:\/\/qtmm.org\/qt\/qirimtatar-halqi-v-qurultayi-besinci-sessiyasinin-delegatlari-enver-abduraimovnin-1944-senesi-surgunliginde-50-fayizga-qirimtatarlarnin-ozleri-qabaatli-degen-sozlerini-keskin-qaraladilar\/","title":{"rendered":"Q\u0131r\u0131mtatar halq\u0131 V Qurultay\u0131 be\u015finci sessiyas\u0131n\u0131\u00f1 delegatlar\u0131 Enver Abduraimovn\u0131\u00f1 1944 senesi s\u00fcrg\u00fcnliginde 50 fay\u0131z\u011fa q\u0131r\u0131mtatarlarn\u0131\u00f1 \u00f6zleri qabaatl\u0131 degen s\u00f6zlerini keskin qaralad\u0131lar"},"content":{"rendered":"\n<p>2013 senesi yanvar 12 k\u00fcn\u00fc Q\u0131r\u0131mtatar halq\u0131 V Qurultay\u0131 be\u015finci sessiyas\u0131n\u0131\u00f1 i\u015fi devam\u0131nda Meclis reisini\u00f1 muavini Ahtem \u00c7iygoz Enver Abduraimovn\u0131 delegatlar s\u0131ras\u0131ndan \u00e7\u0131qarmaq teklifinde bulund\u0131.<\/p>\n\n\n\n<p>&#8220;2013 senesi yanvar 2 k\u00fcn\u00fc ATR televizion kanal\u0131n\u0131\u00f1 &#8220;M\u0131zm\u0131zlar&#8221; programmas\u0131nda i\u015ftirak etken Qurultay delegat\u0131, Q\u0131r\u0131m Yuqar\u0131 \u015euras\u0131 &#8220;Qurultay-Ruh&#8221; fraktsiyas\u0131n\u0131\u00f1 azas\u0131 Enver Abduraimov 1944 senesi s\u00fcrg\u00fcnliginde yar\u0131-yar\u0131\u011fa q\u0131r\u0131mtatarlarn\u0131\u00f1 kendileri qabaatl\u0131lar&#8221; dedi&#8221;, \u2013 diye qayd etti Ahtem \u00c7iygoz.<\/p>\n\n\n\n<p>Qurultay delegat\u0131, Q\u0131r\u0131m Yuqar\u0131 \u015euras\u0131n\u0131\u00f1 deputat\u0131 Enver Abduraimovn\u0131\u00f1 b\u00f6yle \u00e7irkin \u00e7\u0131q\u0131\u015f\u0131 Q\u0131r\u0131mn\u0131\u00f1 ve on\u0131\u00f1 t\u0131\u015f\u0131nda ya\u015fa\u011fan \u00e7oqtan-\u00e7oq semetde\u015flerimizni pek a\u00e7uvland\u0131rd\u0131. Olar bizge muracaat etip, Q\u0131r\u0131mtatar halq\u0131n\u0131\u00f1 Qurultay\u0131 bu hususta ait qarar almas\u0131n\u0131 talap eteler&#8221;.<\/p>\n\n\n\n<p>Qurultayn\u0131\u00f1 sessiyas\u0131nda bulun\u011fan q\u0131r\u0131mtatar milliy areketini\u00f1 i\u015ftirak\u00e7ileri, T\u00fcrkiyedeki q\u0131r\u0131mtatar diasporas\u0131n\u0131\u00f1 vekilleri, Qurultay delegatlar\u0131 Enver Abduraimovn\u0131\u00f1 s\u00f6zlerini keskin qaralap, on\u0131\u00f1 umummilliy qurum erk\u00e2n\u0131ndan \u00e7\u0131qar\u0131lmas\u0131n\u0131 talap ettiler. Enver Abduraimovn\u0131\u00f1 Qurultay minberinden sora\u011fan afus\u0131n\u0131 \u00e7oqlar\u0131 qabul etmegenlerini bildirdiler.<\/p>\n\n\n\n<p>Ayn\u0131 zamanda Qurultayn\u0131\u00f1 bir s\u0131ra delegatlar\u0131 Enver Abduraimovn\u0131\u00f1 em k\u00fctleviy matbuat vastalar\u0131nda, em qurultay minberinden uzur sora\u011fan\u0131n\u0131 esapqa al\u0131p, meseleni\u00f1 muzakeresinen s\u0131\u00f1\u0131rlanmaqn\u0131 teklif ettiler.<\/p>\n\n\n\n<p>Meclis reisi Mustafa Cemilev meseleni sadece muzakere etmekni teklif etip, kelecekte bu, faqat delegat Enver Abduraimov i\u00e7\u00fcn degil de, \u00f6z vazifesine b\u00f6yle yengil-yelpi yana\u015fqan diger q\u0131r\u0131mtatar siyaset\u00e7ileri ve cemaat erbaplar\u0131 i\u00e7\u00fcn ders olur, dedi. &#8220;B\u00f6yle t\u00fc\u015f\u00fcnilmeden yap\u0131l\u011fan \u00e7\u0131q\u0131\u015flarn\u0131\u00f1 aqibeti qurultayn\u0131\u00f1 er bir delegat\u0131 i\u00e7\u00fcn ders olmas\u0131 kerek&#8221;, &#8211; dediler Qurultay delegatlar\u0131.<br><br>Mal\u00fcmat i\u00e7\u00fcn: 2013 senesi yanvar 2 k\u00fcn\u00fc ATR televizion kanal\u0131n\u0131\u00f1 &#8220;M\u0131zm\u0131zlar&#8221; programmas\u0131nda\u00a0http:\/\/atr.ua\/pages\/programs.aspx?video=2012-12-27-09-44-04-2151957\u00a0i\u015ftirak etken Qurultay delegat\u0131, Q\u0131r\u0131m Yuqar\u0131 \u015euras\u0131nda &#8220;Qurultay-Ruh&#8221; fraktsiyas\u0131n\u0131\u00f1 azas\u0131 Enver Abduraimov q\u0131r\u0131mtatarlarn\u0131\u00f1 \u00f6z-\u00f6z\u00fcni idare et\u00fcv milliy organlar\u0131n\u0131\u00f1 \u00fck\u00fcmetnen siyasiy i\u015fbirlikte bulunmaq zarurl\u0131\u011f\u0131 husus\u0131nda fikir bildirir eken, akimiyetni\u00f1 q\u0131r\u0131mtatarlar\u011fa menfiy munasebetini q\u0131r\u0131mtatarlarn\u0131\u00f1 areketlerinen ba\u011flama\u011fa t\u0131r\u0131\u015ft\u0131. Bundan da ziyade, tarihtan b\u00f6yle allarn\u0131 misal olaraq ketirgende, Abduraimov &#8220;1944 senesi s\u00fcrg\u00fcnliginde yar\u0131-yar\u0131\u011fa q\u0131r\u0131mtatarlarn\u0131\u00f1 kendileri qabaatl\u0131lar&#8221;, dedi<\/p>\n\n\n\n<p>&#8220;1944 senesi kommunistler bizni s\u00fcrg\u00fcn etkende bun\u0131 \u00f6z-\u00f6zl\u00fcginden, kendileri istegeni i\u00e7\u00fcn yapmad\u0131lar da. Demek, milliy areket ya da milliy siyasetimizde bizni s\u00fcrg\u00fcn etmeleri i\u00e7\u00fcn areketler yap\u0131ld\u0131. Er alda, halqn\u0131\u00f1 problemi t\u0131\u015fq\u0131 faktorlar\u011fa ba\u011fl\u0131 degil, 50 fay\u0131z\u011fa insanlarn\u0131\u00f1 \u00f6zleri su\u00e7l\u0131. Menim \u00f6m\u00fcrge liberal yana\u015fuv\u0131m b\u00f6yle: al\u00e2qam old\u0131\u011f\u0131 er angi adisede yar\u0131-yar\u0131\u011fa qabaatn\u0131 \u00f6z boynuma alam, \u00e7\u00fcnki bu\u00f1a al\u00e2qam bar&#8221;, &#8211; dedi Enver Abduraimov 2013 senesi yanvar 2 k\u00fcn\u00fc ATR televizion kanal\u0131n\u0131\u00f1 &#8220;M\u0131zm\u0131zlar&#8221; programmas\u0131nda<\/p>\n","protected":false},"excerpt":{"rendered":"<p>2013 senesi yanvar 12 k\u00fcn\u00fc Q\u0131r\u0131mtatar halq\u0131 V Qurultay\u0131 be\u015finci sessiyas\u0131n\u0131\u00f1 i\u015fi devam\u0131nda Meclis reisini\u00f1 muavini Ahtem \u00c7iygoz Enver Abduraimovn\u0131 delegatlar s\u0131ras\u0131ndan \u00e7\u0131qarmaq teklifinde bulund\u0131. &#8220;2013 senesi yanvar 2 k\u00fcn\u00fc ATR televizion kanal\u0131n\u0131\u00f1 &#8220;M\u0131zm\u0131zlar&#8221; programmas\u0131nda i\u015ftirak etken Qurultay delegat\u0131, Q\u0131r\u0131m Yuqar\u0131 \u015euras\u0131 &#8220;Qurultay-Ruh&#8221; fraktsiyas\u0131n\u0131\u00f1 azas\u0131 Enver Abduraimov 1944 senesi s\u00fcrg\u00fcnliginde yar\u0131-yar\u0131\u011fa q\u0131r\u0131mtatarlarn\u0131\u00f1 kendileri qabaatl\u0131lar&#8221; dedi&#8221;, [&hellip;]<\/p>\n","protected":false},"author":1,"featured_media":0,"comment_status":"open","ping_status":"open","sticky":false,"template":"","format":"standard","meta":{"inline_featured_image":false,"footnotes":""},"categories":[265],"tags":[],"class_list":["post-35705","post","type-post","status-publish","format-standard","hentry","category-haberler"],"acf":[],"yoast_head":"<!-- This site is optimized with the Yoast SEO plugin v27.4 - https:\/\/yoast.com\/product\/yoast-seo-wordpress\/ -->\n<title>Q\u0131r\u0131mtatar halq\u0131 V Qurultay\u0131 be\u015finci sessiyas\u0131n\u0131\u00f1 delegatlar\u0131 Enver Abduraimovn\u0131\u00f1 1944 senesi s\u00fcrg\u00fcnliginde 50 fay\u0131z\u011fa q\u0131r\u0131mtatarlarn\u0131\u00f1 \u00f6zleri qabaatl\u0131 degen s\u00f6zlerini keskin qaralad\u0131lar - \u041c\u0435\u0434\u0436\u043b\u0456\u0441<\/title>\n<meta name=\"robots\" content=\"index, follow, max-snippet:-1, max-image-preview:large, max-video-preview:-1\" \/>\n<link rel=\"canonical\" href=\"https:\/\/qtmm.org\/qt\/qirimtatar-halqi-v-qurultayi-besinci-sessiyasinin-delegatlari-enver-abduraimovnin-1944-senesi-surgunliginde-50-fayizga-qirimtatarlarnin-ozleri-qabaatli-degen-sozlerini-keskin-qaraladilar\/\" \/>\n<meta property=\"og:locale\" content=\"en_US\" \/>\n<meta property=\"og:type\" content=\"article\" \/>\n<meta property=\"og:title\" content=\"Q\u0131r\u0131mtatar halq\u0131 V Qurultay\u0131 be\u015finci sessiyas\u0131n\u0131\u00f1 delegatlar\u0131 Enver Abduraimovn\u0131\u00f1 1944 senesi s\u00fcrg\u00fcnliginde 50 fay\u0131z\u011fa q\u0131r\u0131mtatarlarn\u0131\u00f1 \u00f6zleri qabaatl\u0131 degen s\u00f6zlerini keskin qaralad\u0131lar - \u041c\u0435\u0434\u0436\u043b\u0456\u0441\" \/>\n<meta property=\"og:description\" content=\"2013 senesi yanvar 12 k\u00fcn\u00fc Q\u0131r\u0131mtatar halq\u0131 V Qurultay\u0131 be\u015finci sessiyas\u0131n\u0131\u00f1 i\u015fi devam\u0131nda Meclis reisini\u00f1 muavini Ahtem \u00c7iygoz Enver Abduraimovn\u0131 delegatlar s\u0131ras\u0131ndan \u00e7\u0131qarmaq teklifinde bulund\u0131. &#8220;2013 senesi yanvar 2 k\u00fcn\u00fc ATR televizion kanal\u0131n\u0131\u00f1 &#8220;M\u0131zm\u0131zlar&#8221; programmas\u0131nda i\u015ftirak etken Qurultay delegat\u0131, Q\u0131r\u0131m Yuqar\u0131 \u015euras\u0131 &#8220;Qurultay-Ruh&#8221; fraktsiyas\u0131n\u0131\u00f1 azas\u0131 Enver Abduraimov 1944 senesi s\u00fcrg\u00fcnliginde yar\u0131-yar\u0131\u011fa q\u0131r\u0131mtatarlarn\u0131\u00f1 kendileri qabaatl\u0131lar&#8221; dedi&#8221;, [&hellip;]\" \/>\n<meta property=\"og:url\" content=\"https:\/\/qtmm.org\/qt\/qirimtatar-halqi-v-qurultayi-besinci-sessiyasinin-delegatlari-enver-abduraimovnin-1944-senesi-surgunliginde-50-fayizga-qirimtatarlarnin-ozleri-qabaatli-degen-sozlerini-keskin-qaraladilar\/\" \/>\n<meta property=\"og:site_name\" content=\"\u041c\u0435\u0434\u0436\u043b\u0456\u0441\" \/>\n<meta property=\"article:publisher\" content=\"https:\/\/www.facebook.com\/qtmm.info\/\" \/>\n<meta property=\"article:published_time\" content=\"2013-01-13T13:31:00+00:00\" \/>\n<meta property=\"article:modified_time\" content=\"2022-01-23T13:32:20+00:00\" \/>\n<meta name=\"author\" content=\"Developer\" \/>\n<meta name=\"twitter:card\" content=\"summary_large_image\" \/>\n<meta name=\"twitter:label1\" content=\"Written by\" \/>\n\t<meta name=\"twitter:data1\" content=\"Developer\" \/>\n\t<meta name=\"twitter:label2\" content=\"Est. reading time\" \/>\n\t<meta name=\"twitter:data2\" content=\"2 minutes\" \/>\n<script type=\"application\/ld+json\" class=\"yoast-schema-graph\">{\"@context\":\"https:\\\/\\\/schema.org\",\"@graph\":[{\"@type\":\"Article\",\"@id\":\"https:\\\/\\\/qtmm.org\\\/qt\\\/qirimtatar-halqi-v-qurultayi-besinci-sessiyasinin-delegatlari-enver-abduraimovnin-1944-senesi-surgunliginde-50-fayizga-qirimtatarlarnin-ozleri-qabaatli-degen-sozlerini-keskin-qaraladilar\\\/#article\",\"isPartOf\":{\"@id\":\"https:\\\/\\\/qtmm.org\\\/qt\\\/qirimtatar-halqi-v-qurultayi-besinci-sessiyasinin-delegatlari-enver-abduraimovnin-1944-senesi-surgunliginde-50-fayizga-qirimtatarlarnin-ozleri-qabaatli-degen-sozlerini-keskin-qaraladilar\\\/\"},\"author\":{\"name\":\"Developer\",\"@id\":\"https:\\\/\\\/qtmm.org\\\/qt\\\/#\\\/schema\\\/person\\\/de562469f971dec226ac06e60bbf74a7\"},\"headline\":\"Q\u0131r\u0131mtatar halq\u0131 V Qurultay\u0131 be\u015finci sessiyas\u0131n\u0131\u00f1 delegatlar\u0131 Enver Abduraimovn\u0131\u00f1 1944 senesi s\u00fcrg\u00fcnliginde 50 fay\u0131z\u011fa q\u0131r\u0131mtatarlarn\u0131\u00f1 \u00f6zleri qabaatl\u0131 degen s\u00f6zlerini keskin qaralad\u0131lar\",\"datePublished\":\"2013-01-13T13:31:00+00:00\",\"dateModified\":\"2022-01-23T13:32:20+00:00\",\"mainEntityOfPage\":{\"@id\":\"https:\\\/\\\/qtmm.org\\\/qt\\\/qirimtatar-halqi-v-qurultayi-besinci-sessiyasinin-delegatlari-enver-abduraimovnin-1944-senesi-surgunliginde-50-fayizga-qirimtatarlarnin-ozleri-qabaatli-degen-sozlerini-keskin-qaraladilar\\\/\"},\"wordCount\":520,\"commentCount\":0,\"publisher\":{\"@id\":\"https:\\\/\\\/qtmm.org\\\/qt\\\/#organization\"},\"articleSection\":[\"Haberler\"],\"inLanguage\":\"qt\",\"potentialAction\":[{\"@type\":\"CommentAction\",\"name\":\"Comment\",\"target\":[\"https:\\\/\\\/qtmm.org\\\/qt\\\/qirimtatar-halqi-v-qurultayi-besinci-sessiyasinin-delegatlari-enver-abduraimovnin-1944-senesi-surgunliginde-50-fayizga-qirimtatarlarnin-ozleri-qabaatli-degen-sozlerini-keskin-qaraladilar\\\/#respond\"]}]},{\"@type\":\"WebPage\",\"@id\":\"https:\\\/\\\/qtmm.org\\\/qt\\\/qirimtatar-halqi-v-qurultayi-besinci-sessiyasinin-delegatlari-enver-abduraimovnin-1944-senesi-surgunliginde-50-fayizga-qirimtatarlarnin-ozleri-qabaatli-degen-sozlerini-keskin-qaraladilar\\\/\",\"url\":\"https:\\\/\\\/qtmm.org\\\/qt\\\/qirimtatar-halqi-v-qurultayi-besinci-sessiyasinin-delegatlari-enver-abduraimovnin-1944-senesi-surgunliginde-50-fayizga-qirimtatarlarnin-ozleri-qabaatli-degen-sozlerini-keskin-qaraladilar\\\/\",\"name\":\"Q\u0131r\u0131mtatar halq\u0131 V Qurultay\u0131 be\u015finci sessiyas\u0131n\u0131\u00f1 delegatlar\u0131 Enver Abduraimovn\u0131\u00f1 1944 senesi s\u00fcrg\u00fcnliginde 50 fay\u0131z\u011fa q\u0131r\u0131mtatarlarn\u0131\u00f1 \u00f6zleri qabaatl\u0131 degen s\u00f6zlerini keskin qaralad\u0131lar - \u041c\u0435\u0434\u0436\u043b\u0456\u0441\",\"isPartOf\":{\"@id\":\"https:\\\/\\\/qtmm.org\\\/qt\\\/#website\"},\"datePublished\":\"2013-01-13T13:31:00+00:00\",\"dateModified\":\"2022-01-23T13:32:20+00:00\",\"breadcrumb\":{\"@id\":\"https:\\\/\\\/qtmm.org\\\/qt\\\/qirimtatar-halqi-v-qurultayi-besinci-sessiyasinin-delegatlari-enver-abduraimovnin-1944-senesi-surgunliginde-50-fayizga-qirimtatarlarnin-ozleri-qabaatli-degen-sozlerini-keskin-qaraladilar\\\/#breadcrumb\"},\"inLanguage\":\"qt\",\"potentialAction\":[{\"@type\":\"ReadAction\",\"target\":[\"https:\\\/\\\/qtmm.org\\\/qt\\\/qirimtatar-halqi-v-qurultayi-besinci-sessiyasinin-delegatlari-enver-abduraimovnin-1944-senesi-surgunliginde-50-fayizga-qirimtatarlarnin-ozleri-qabaatli-degen-sozlerini-keskin-qaraladilar\\\/\"]}]},{\"@type\":\"BreadcrumbList\",\"@id\":\"https:\\\/\\\/qtmm.org\\\/qt\\\/qirimtatar-halqi-v-qurultayi-besinci-sessiyasinin-delegatlari-enver-abduraimovnin-1944-senesi-surgunliginde-50-fayizga-qirimtatarlarnin-ozleri-qabaatli-degen-sozlerini-keskin-qaraladilar\\\/#breadcrumb\",\"itemListElement\":[{\"@type\":\"ListItem\",\"position\":1,\"name\":\"\u0413\u043e\u043b\u043e\u0432\u043d\u0430\",\"item\":\"https:\\\/\\\/qtmm.org\\\/qt\\\/\"},{\"@type\":\"ListItem\",\"position\":2,\"name\":\"Q\u0131r\u0131mtatar halq\u0131 V Qurultay\u0131 be\u015finci sessiyas\u0131n\u0131\u00f1 delegatlar\u0131 Enver Abduraimovn\u0131\u00f1 1944 senesi s\u00fcrg\u00fcnliginde 50 fay\u0131z\u011fa q\u0131r\u0131mtatarlarn\u0131\u00f1 \u00f6zleri qabaatl\u0131 degen s\u00f6zlerini keskin qaralad\u0131lar\"}]},{\"@type\":\"WebSite\",\"@id\":\"https:\\\/\\\/qtmm.org\\\/qt\\\/#website\",\"url\":\"https:\\\/\\\/qtmm.org\\\/qt\\\/\",\"name\":\"\u041c\u0435\u0434\u0436\u043b\u0456\u0441\",\"description\":\"\",\"publisher\":{\"@id\":\"https:\\\/\\\/qtmm.org\\\/qt\\\/#organization\"},\"potentialAction\":[{\"@type\":\"SearchAction\",\"target\":{\"@type\":\"EntryPoint\",\"urlTemplate\":\"https:\\\/\\\/qtmm.org\\\/qt\\\/?s={search_term_string}\"},\"query-input\":{\"@type\":\"PropertyValueSpecification\",\"valueRequired\":true,\"valueName\":\"search_term_string\"}}],\"inLanguage\":\"qt\"},{\"@type\":\"Organization\",\"@id\":\"https:\\\/\\\/qtmm.org\\\/qt\\\/#organization\",\"name\":\"\u041c\u0435\u0434\u0436\u043b\u0456\u0441\",\"url\":\"https:\\\/\\\/qtmm.org\\\/qt\\\/\",\"logo\":{\"@type\":\"ImageObject\",\"inLanguage\":\"qt\",\"@id\":\"https:\\\/\\\/qtmm.org\\\/qt\\\/#\\\/schema\\\/logo\\\/image\\\/\",\"url\":\"https:\\\/\\\/qtmm.org\\\/wp-content\\\/uploads\\\/2024\\\/12\\\/ua-mejlis-logo-rgb.svg\",\"contentUrl\":\"https:\\\/\\\/qtmm.org\\\/wp-content\\\/uploads\\\/2024\\\/12\\\/ua-mejlis-logo-rgb.svg\",\"caption\":\"\u041c\u0435\u0434\u0436\u043b\u0456\u0441\"},\"image\":{\"@id\":\"https:\\\/\\\/qtmm.org\\\/qt\\\/#\\\/schema\\\/logo\\\/image\\\/\"},\"sameAs\":[\"https:\\\/\\\/www.facebook.com\\\/qtmm.info\\\/\"]},{\"@type\":\"Person\",\"@id\":\"https:\\\/\\\/qtmm.org\\\/qt\\\/#\\\/schema\\\/person\\\/de562469f971dec226ac06e60bbf74a7\",\"name\":\"Developer\",\"image\":{\"@type\":\"ImageObject\",\"inLanguage\":\"qt\",\"@id\":\"https:\\\/\\\/secure.gravatar.com\\\/avatar\\\/392b4cc8fbfeb00b39dfeeab4ee6edded39ffd48e25858637e4765810300227e?s=96&d=mm&r=g\",\"url\":\"https:\\\/\\\/secure.gravatar.com\\\/avatar\\\/392b4cc8fbfeb00b39dfeeab4ee6edded39ffd48e25858637e4765810300227e?s=96&d=mm&r=g\",\"contentUrl\":\"https:\\\/\\\/secure.gravatar.com\\\/avatar\\\/392b4cc8fbfeb00b39dfeeab4ee6edded39ffd48e25858637e4765810300227e?s=96&d=mm&r=g\",\"caption\":\"Developer\"},\"url\":\"https:\\\/\\\/qtmm.org\\\/qt\\\/author\\\/Developer\\\/\"}]}<\/script>\n<!-- \/ Yoast SEO plugin. -->","yoast_head_json":{"title":"Q\u0131r\u0131mtatar halq\u0131 V Qurultay\u0131 be\u015finci sessiyas\u0131n\u0131\u00f1 delegatlar\u0131 Enver Abduraimovn\u0131\u00f1 1944 senesi s\u00fcrg\u00fcnliginde 50 fay\u0131z\u011fa q\u0131r\u0131mtatarlarn\u0131\u00f1 \u00f6zleri qabaatl\u0131 degen s\u00f6zlerini keskin qaralad\u0131lar - \u041c\u0435\u0434\u0436\u043b\u0456\u0441","robots":{"index":"index","follow":"follow","max-snippet":"max-snippet:-1","max-image-preview":"max-image-preview:large","max-video-preview":"max-video-preview:-1"},"canonical":"https:\/\/qtmm.org\/qt\/qirimtatar-halqi-v-qurultayi-besinci-sessiyasinin-delegatlari-enver-abduraimovnin-1944-senesi-surgunliginde-50-fayizga-qirimtatarlarnin-ozleri-qabaatli-degen-sozlerini-keskin-qaraladilar\/","og_locale":"en_US","og_type":"article","og_title":"Q\u0131r\u0131mtatar halq\u0131 V Qurultay\u0131 be\u015finci sessiyas\u0131n\u0131\u00f1 delegatlar\u0131 Enver Abduraimovn\u0131\u00f1 1944 senesi s\u00fcrg\u00fcnliginde 50 fay\u0131z\u011fa q\u0131r\u0131mtatarlarn\u0131\u00f1 \u00f6zleri qabaatl\u0131 degen s\u00f6zlerini keskin qaralad\u0131lar - \u041c\u0435\u0434\u0436\u043b\u0456\u0441","og_description":"2013 senesi yanvar 12 k\u00fcn\u00fc Q\u0131r\u0131mtatar halq\u0131 V Qurultay\u0131 be\u015finci sessiyas\u0131n\u0131\u00f1 i\u015fi devam\u0131nda Meclis reisini\u00f1 muavini Ahtem \u00c7iygoz Enver Abduraimovn\u0131 delegatlar s\u0131ras\u0131ndan \u00e7\u0131qarmaq teklifinde bulund\u0131. &#8220;2013 senesi yanvar 2 k\u00fcn\u00fc ATR televizion kanal\u0131n\u0131\u00f1 &#8220;M\u0131zm\u0131zlar&#8221; programmas\u0131nda i\u015ftirak etken Qurultay delegat\u0131, Q\u0131r\u0131m Yuqar\u0131 \u015euras\u0131 &#8220;Qurultay-Ruh&#8221; fraktsiyas\u0131n\u0131\u00f1 azas\u0131 Enver Abduraimov 1944 senesi s\u00fcrg\u00fcnliginde yar\u0131-yar\u0131\u011fa q\u0131r\u0131mtatarlarn\u0131\u00f1 kendileri qabaatl\u0131lar&#8221; dedi&#8221;, [&hellip;]","og_url":"https:\/\/qtmm.org\/qt\/qirimtatar-halqi-v-qurultayi-besinci-sessiyasinin-delegatlari-enver-abduraimovnin-1944-senesi-surgunliginde-50-fayizga-qirimtatarlarnin-ozleri-qabaatli-degen-sozlerini-keskin-qaraladilar\/","og_site_name":"\u041c\u0435\u0434\u0436\u043b\u0456\u0441","article_publisher":"https:\/\/www.facebook.com\/qtmm.info\/","article_published_time":"2013-01-13T13:31:00+00:00","article_modified_time":"2022-01-23T13:32:20+00:00","author":"Developer","twitter_card":"summary_large_image","twitter_misc":{"Written by":"Developer","Est. reading time":"2 minutes"},"schema":{"@context":"https:\/\/schema.org","@graph":[{"@type":"Article","@id":"https:\/\/qtmm.org\/qt\/qirimtatar-halqi-v-qurultayi-besinci-sessiyasinin-delegatlari-enver-abduraimovnin-1944-senesi-surgunliginde-50-fayizga-qirimtatarlarnin-ozleri-qabaatli-degen-sozlerini-keskin-qaraladilar\/#article","isPartOf":{"@id":"https:\/\/qtmm.org\/qt\/qirimtatar-halqi-v-qurultayi-besinci-sessiyasinin-delegatlari-enver-abduraimovnin-1944-senesi-surgunliginde-50-fayizga-qirimtatarlarnin-ozleri-qabaatli-degen-sozlerini-keskin-qaraladilar\/"},"author":{"name":"Developer","@id":"https:\/\/qtmm.org\/qt\/#\/schema\/person\/de562469f971dec226ac06e60bbf74a7"},"headline":"Q\u0131r\u0131mtatar halq\u0131 V Qurultay\u0131 be\u015finci sessiyas\u0131n\u0131\u00f1 delegatlar\u0131 Enver Abduraimovn\u0131\u00f1 1944 senesi s\u00fcrg\u00fcnliginde 50 fay\u0131z\u011fa q\u0131r\u0131mtatarlarn\u0131\u00f1 \u00f6zleri qabaatl\u0131 degen s\u00f6zlerini keskin qaralad\u0131lar","datePublished":"2013-01-13T13:31:00+00:00","dateModified":"2022-01-23T13:32:20+00:00","mainEntityOfPage":{"@id":"https:\/\/qtmm.org\/qt\/qirimtatar-halqi-v-qurultayi-besinci-sessiyasinin-delegatlari-enver-abduraimovnin-1944-senesi-surgunliginde-50-fayizga-qirimtatarlarnin-ozleri-qabaatli-degen-sozlerini-keskin-qaraladilar\/"},"wordCount":520,"commentCount":0,"publisher":{"@id":"https:\/\/qtmm.org\/qt\/#organization"},"articleSection":["Haberler"],"inLanguage":"qt","potentialAction":[{"@type":"CommentAction","name":"Comment","target":["https:\/\/qtmm.org\/qt\/qirimtatar-halqi-v-qurultayi-besinci-sessiyasinin-delegatlari-enver-abduraimovnin-1944-senesi-surgunliginde-50-fayizga-qirimtatarlarnin-ozleri-qabaatli-degen-sozlerini-keskin-qaraladilar\/#respond"]}]},{"@type":"WebPage","@id":"https:\/\/qtmm.org\/qt\/qirimtatar-halqi-v-qurultayi-besinci-sessiyasinin-delegatlari-enver-abduraimovnin-1944-senesi-surgunliginde-50-fayizga-qirimtatarlarnin-ozleri-qabaatli-degen-sozlerini-keskin-qaraladilar\/","url":"https:\/\/qtmm.org\/qt\/qirimtatar-halqi-v-qurultayi-besinci-sessiyasinin-delegatlari-enver-abduraimovnin-1944-senesi-surgunliginde-50-fayizga-qirimtatarlarnin-ozleri-qabaatli-degen-sozlerini-keskin-qaraladilar\/","name":"Q\u0131r\u0131mtatar halq\u0131 V Qurultay\u0131 be\u015finci sessiyas\u0131n\u0131\u00f1 delegatlar\u0131 Enver Abduraimovn\u0131\u00f1 1944 senesi s\u00fcrg\u00fcnliginde 50 fay\u0131z\u011fa q\u0131r\u0131mtatarlarn\u0131\u00f1 \u00f6zleri qabaatl\u0131 degen s\u00f6zlerini keskin qaralad\u0131lar - \u041c\u0435\u0434\u0436\u043b\u0456\u0441","isPartOf":{"@id":"https:\/\/qtmm.org\/qt\/#website"},"datePublished":"2013-01-13T13:31:00+00:00","dateModified":"2022-01-23T13:32:20+00:00","breadcrumb":{"@id":"https:\/\/qtmm.org\/qt\/qirimtatar-halqi-v-qurultayi-besinci-sessiyasinin-delegatlari-enver-abduraimovnin-1944-senesi-surgunliginde-50-fayizga-qirimtatarlarnin-ozleri-qabaatli-degen-sozlerini-keskin-qaraladilar\/#breadcrumb"},"inLanguage":"qt","potentialAction":[{"@type":"ReadAction","target":["https:\/\/qtmm.org\/qt\/qirimtatar-halqi-v-qurultayi-besinci-sessiyasinin-delegatlari-enver-abduraimovnin-1944-senesi-surgunliginde-50-fayizga-qirimtatarlarnin-ozleri-qabaatli-degen-sozlerini-keskin-qaraladilar\/"]}]},{"@type":"BreadcrumbList","@id":"https:\/\/qtmm.org\/qt\/qirimtatar-halqi-v-qurultayi-besinci-sessiyasinin-delegatlari-enver-abduraimovnin-1944-senesi-surgunliginde-50-fayizga-qirimtatarlarnin-ozleri-qabaatli-degen-sozlerini-keskin-qaraladilar\/#breadcrumb","itemListElement":[{"@type":"ListItem","position":1,"name":"\u0413\u043e\u043b\u043e\u0432\u043d\u0430","item":"https:\/\/qtmm.org\/qt\/"},{"@type":"ListItem","position":2,"name":"Q\u0131r\u0131mtatar halq\u0131 V Qurultay\u0131 be\u015finci sessiyas\u0131n\u0131\u00f1 delegatlar\u0131 Enver Abduraimovn\u0131\u00f1 1944 senesi s\u00fcrg\u00fcnliginde 50 fay\u0131z\u011fa q\u0131r\u0131mtatarlarn\u0131\u00f1 \u00f6zleri qabaatl\u0131 degen s\u00f6zlerini keskin qaralad\u0131lar"}]},{"@type":"WebSite","@id":"https:\/\/qtmm.org\/qt\/#website","url":"https:\/\/qtmm.org\/qt\/","name":"\u041c\u0435\u0434\u0436\u043b\u0456\u0441","description":"","publisher":{"@id":"https:\/\/qtmm.org\/qt\/#organization"},"potentialAction":[{"@type":"SearchAction","target":{"@type":"EntryPoint","urlTemplate":"https:\/\/qtmm.org\/qt\/?s={search_term_string}"},"query-input":{"@type":"PropertyValueSpecification","valueRequired":true,"valueName":"search_term_string"}}],"inLanguage":"qt"},{"@type":"Organization","@id":"https:\/\/qtmm.org\/qt\/#organization","name":"\u041c\u0435\u0434\u0436\u043b\u0456\u0441","url":"https:\/\/qtmm.org\/qt\/","logo":{"@type":"ImageObject","inLanguage":"qt","@id":"https:\/\/qtmm.org\/qt\/#\/schema\/logo\/image\/","url":"https:\/\/qtmm.org\/wp-content\/uploads\/2024\/12\/ua-mejlis-logo-rgb.svg","contentUrl":"https:\/\/qtmm.org\/wp-content\/uploads\/2024\/12\/ua-mejlis-logo-rgb.svg","caption":"\u041c\u0435\u0434\u0436\u043b\u0456\u0441"},"image":{"@id":"https:\/\/qtmm.org\/qt\/#\/schema\/logo\/image\/"},"sameAs":["https:\/\/www.facebook.com\/qtmm.info\/"]},{"@type":"Person","@id":"https:\/\/qtmm.org\/qt\/#\/schema\/person\/de562469f971dec226ac06e60bbf74a7","name":"Developer","image":{"@type":"ImageObject","inLanguage":"qt","@id":"https:\/\/secure.gravatar.com\/avatar\/392b4cc8fbfeb00b39dfeeab4ee6edded39ffd48e25858637e4765810300227e?s=96&d=mm&r=g","url":"https:\/\/secure.gravatar.com\/avatar\/392b4cc8fbfeb00b39dfeeab4ee6edded39ffd48e25858637e4765810300227e?s=96&d=mm&r=g","contentUrl":"https:\/\/secure.gravatar.com\/avatar\/392b4cc8fbfeb00b39dfeeab4ee6edded39ffd48e25858637e4765810300227e?s=96&d=mm&r=g","caption":"Developer"},"url":"https:\/\/qtmm.org\/qt\/author\/Developer\/"}]}},"_links":{"self":[{"href":"https:\/\/qtmm.org\/qt\/wp-json\/wp\/v2\/posts\/35705","targetHints":{"allow":["GET"]}}],"collection":[{"href":"https:\/\/qtmm.org\/qt\/wp-json\/wp\/v2\/posts"}],"about":[{"href":"https:\/\/qtmm.org\/qt\/wp-json\/wp\/v2\/types\/post"}],"author":[{"embeddable":true,"href":"https:\/\/qtmm.org\/qt\/wp-json\/wp\/v2\/users\/1"}],"replies":[{"embeddable":true,"href":"https:\/\/qtmm.org\/qt\/wp-json\/wp\/v2\/comments?post=35705"}],"version-history":[{"count":1,"href":"https:\/\/qtmm.org\/qt\/wp-json\/wp\/v2\/posts\/35705\/revisions"}],"predecessor-version":[{"id":35706,"href":"https:\/\/qtmm.org\/qt\/wp-json\/wp\/v2\/posts\/35705\/revisions\/35706"}],"wp:attachment":[{"href":"https:\/\/qtmm.org\/qt\/wp-json\/wp\/v2\/media?parent=35705"}],"wp:term":[{"taxonomy":"category","embeddable":true,"href":"https:\/\/qtmm.org\/qt\/wp-json\/wp\/v2\/categories?post=35705"},{"taxonomy":"post_tag","embeddable":true,"href":"https:\/\/qtmm.org\/qt\/wp-json\/wp\/v2\/tags?post=35705"}],"curies":[{"name":"wp","href":"https:\/\/api.w.org\/{rel}","templated":true}]}}