




{"id":35701,"date":"2013-01-12T16:30:00","date_gmt":"2013-01-12T13:30:00","guid":{"rendered":"http:\/\/qtmm.org\/?p=35701"},"modified":"2022-01-23T16:31:06","modified_gmt":"2022-01-23T13:31:06","slug":"aqmescitte-qirimtatar-halqi-5-nci-cagirilis-qurultayinin-besinci-sessiyasi-oz-isini-basladi","status":"publish","type":"post","link":"https:\/\/qtmm.org\/qt\/aqmescitte-qirimtatar-halqi-5-nci-cagirilis-qurultayinin-besinci-sessiyasi-oz-isini-basladi\/","title":{"rendered":"Aqmescitte Q\u0131r\u0131mtatar halq\u0131 5-nci \u00e7a\u011f\u0131r\u0131l\u0131\u015f Qurultay\u0131n\u0131\u00f1 be\u015finci sessiyas\u0131 \u00f6z i\u015fini ba\u015flad\u0131"},"content":{"rendered":"\n<p>2013 senesi yanvar 12 k\u00fcn\u00fc Aqmescitte Q\u0131r\u0131mtatar halq\u0131 5-nci \u00e7a\u011f\u0131r\u0131l\u0131\u015f Qurultay\u0131n\u0131\u00f1 be\u015finci sessiyas\u0131 \u00f6z i\u015fini ba\u015flad\u0131. Qurultayn\u0131 a\u00e7qan Q\u0131r\u0131mtatar halq\u0131 Meclisini\u00f1 reisi Mustafa Cemilev salonda 195 Qurultay delegat\u0131 bulun\u011fan\u0131n\u0131 bildirdi.<br><br>Qurultayn\u0131\u00f1 sessiyas\u0131nda milliy areket i\u015ftirak\u00e7ileri, Amerika, T\u00fcrkiye ve Poloniyadan musafirler, c\u00fcmleden uququqoruy\u0131c\u0131, k\u00fcre\u015fken G\u00f6\u00f1\u00fclde\u015flik areketi \u015earq b\u00f6l\u00fcgini\u00f1 ortaq reisi, Q\u0131r\u0131m Forum\u0131n\u0131\u00f1 azas\u0131 P\u00f6tr Hlebovi\u00e7, \u0130stanbul yard\u0131mla\u015fma ve medeniyet dernegini\u00f1 reisi Cel\u00e2l \u0130\u00e7ten, T\u00fcrkiyedeki q\u0131r\u0131mtatar diasporas\u0131n\u0131\u00f1 vekilleri, saylavlarn\u0131 devaml\u0131 nezaret etken &#8220;A\u00e7\u0131q demokratiya komiteti&#8221; (&#8220;Committee for Open Democracy&#8221;)ni\u00f1 vekilleri Maykl Getto ve Kennet Briker i\u015ftirak ettiler.<br><br>Sessiya &#8220;Ant etkenmen&#8221; milliy gimn ive Ukraina devlet gimninden ba\u015fland\u0131. Q\u0131r\u0131mtatar halq\u0131 Meclisini\u00f1 reisi Mustafa Cemilev Qurultay delegatlar\u0131n\u0131 ve musafirlerni sel\u00e2mlad\u0131. Q\u0131r\u0131m musulmanlar\u0131n\u0131\u00f1 m\u00fcftisi ac\u0131 Emirali Ablayev Qurultay delegatlar\u0131na hay\u0131rl\u0131 i\u015f tilep, dua oqud\u0131.<br><br>Qurultay delegatlar\u0131 i\u015f\u00e7i organ\u0131 saylav\u011fa ke\u00e7tiler. Prezidium\u011fa Mustafa Cemilevden \u011fayr\u0131 reis muavinleri Refat \u00c7ubarov, Remzi \u0130lyasov, Ahtem \u00c7iygoz, Tefti\u015f komissiya reisi Qurtseit Abdullayev ve M\u00fcftiy Ac\u0131 Emirali Ablayev sayland\u0131lar. Milliy qurultay delegatlar\u0131 sessiya k\u00e2tibiyetini\u00f1 Zair Smedl\u00e2yev, Elvedin \u00c7ubarov, Dil\u00e2ra Seytveliyeva ve Beyye \u0130lyasovadan ibaret erk\u00e2n\u0131n\u0131 tasdiqlad\u0131lar.<\/p>\n\n\n\n<p>Sessiyan\u0131\u00f1 qarar\u0131 boyunca muarririyet komissiyas\u0131na Bekir Mamutov, Ali Hamzin, Sinaver Qad\u0131rov, Nariman Cel\u00e2l, Refat \u00c7ubarov ve \u015eevket Qaybullayev kirsetildiler.<\/p>\n\n\n\n<p>Q\u0131r\u0131mtatar halq\u0131 5-nci \u00e7a\u011f\u0131r\u0131l\u0131\u015f Qurultay\u0131n\u0131\u00f1 be\u015finci sessiyas\u0131n\u0131\u00f1 delegatlar\u0131 sessiyan\u0131\u00f1 1 meseleden ibaret k\u00fcn tertibini tasdiqlad\u0131lar. Esas olaraq Qurultayn\u0131 az\u0131rlav boyunca te\u015fkiliy komitet az\u0131rla\u011fan ve Meclis taraf\u0131ndan tasdiqlan\u011fan &#8220;Q\u0131r\u0131mtatar halq\u0131 Qurultay\u0131n\u0131\u00f1 delegatlar\u0131n\u0131 saylav aqq\u0131nda nizam&#8221; al\u0131nd\u0131.<\/p>\n","protected":false},"excerpt":{"rendered":"<p>2013 senesi yanvar 12 k\u00fcn\u00fc Aqmescitte Q\u0131r\u0131mtatar halq\u0131 5-nci \u00e7a\u011f\u0131r\u0131l\u0131\u015f Qurultay\u0131n\u0131\u00f1 be\u015finci sessiyas\u0131 \u00f6z i\u015fini ba\u015flad\u0131. Qurultayn\u0131 a\u00e7qan Q\u0131r\u0131mtatar halq\u0131 Meclisini\u00f1 reisi Mustafa Cemilev salonda 195 Qurultay delegat\u0131 bulun\u011fan\u0131n\u0131 bildirdi. Qurultayn\u0131\u00f1 sessiyas\u0131nda milliy areket i\u015ftirak\u00e7ileri, Amerika, T\u00fcrkiye ve Poloniyadan musafirler, c\u00fcmleden uququqoruy\u0131c\u0131, k\u00fcre\u015fken G\u00f6\u00f1\u00fclde\u015flik areketi \u015earq b\u00f6l\u00fcgini\u00f1 ortaq reisi, Q\u0131r\u0131m Forum\u0131n\u0131\u00f1 azas\u0131 P\u00f6tr Hlebovi\u00e7, \u0130stanbul [&hellip;]<\/p>\n","protected":false},"author":1,"featured_media":0,"comment_status":"open","ping_status":"open","sticky":false,"template":"","format":"standard","meta":{"inline_featured_image":false,"footnotes":""},"categories":[265],"tags":[],"class_list":["post-35701","post","type-post","status-publish","format-standard","hentry","category-haberler"],"acf":[],"yoast_head":"<!-- This site is optimized with the Yoast SEO plugin v27.4 - https:\/\/yoast.com\/product\/yoast-seo-wordpress\/ -->\n<title>Aqmescitte Q\u0131r\u0131mtatar halq\u0131 5-nci \u00e7a\u011f\u0131r\u0131l\u0131\u015f Qurultay\u0131n\u0131\u00f1 be\u015finci sessiyas\u0131 \u00f6z i\u015fini ba\u015flad\u0131 - \u041c\u0435\u0434\u0436\u043b\u0456\u0441<\/title>\n<meta name=\"robots\" content=\"index, follow, max-snippet:-1, max-image-preview:large, max-video-preview:-1\" \/>\n<link rel=\"canonical\" href=\"https:\/\/qtmm.org\/qt\/aqmescitte-qirimtatar-halqi-5-nci-cagirilis-qurultayinin-besinci-sessiyasi-oz-isini-basladi\/\" \/>\n<meta property=\"og:locale\" content=\"en_US\" \/>\n<meta property=\"og:type\" content=\"article\" \/>\n<meta property=\"og:title\" content=\"Aqmescitte Q\u0131r\u0131mtatar halq\u0131 5-nci \u00e7a\u011f\u0131r\u0131l\u0131\u015f Qurultay\u0131n\u0131\u00f1 be\u015finci sessiyas\u0131 \u00f6z i\u015fini ba\u015flad\u0131 - \u041c\u0435\u0434\u0436\u043b\u0456\u0441\" \/>\n<meta property=\"og:description\" content=\"2013 senesi yanvar 12 k\u00fcn\u00fc Aqmescitte Q\u0131r\u0131mtatar halq\u0131 5-nci \u00e7a\u011f\u0131r\u0131l\u0131\u015f Qurultay\u0131n\u0131\u00f1 be\u015finci sessiyas\u0131 \u00f6z i\u015fini ba\u015flad\u0131. Qurultayn\u0131 a\u00e7qan Q\u0131r\u0131mtatar halq\u0131 Meclisini\u00f1 reisi Mustafa Cemilev salonda 195 Qurultay delegat\u0131 bulun\u011fan\u0131n\u0131 bildirdi. Qurultayn\u0131\u00f1 sessiyas\u0131nda milliy areket i\u015ftirak\u00e7ileri, Amerika, T\u00fcrkiye ve Poloniyadan musafirler, c\u00fcmleden uququqoruy\u0131c\u0131, k\u00fcre\u015fken G\u00f6\u00f1\u00fclde\u015flik areketi \u015earq b\u00f6l\u00fcgini\u00f1 ortaq reisi, Q\u0131r\u0131m Forum\u0131n\u0131\u00f1 azas\u0131 P\u00f6tr Hlebovi\u00e7, \u0130stanbul [&hellip;]\" \/>\n<meta property=\"og:url\" content=\"https:\/\/qtmm.org\/qt\/aqmescitte-qirimtatar-halqi-5-nci-cagirilis-qurultayinin-besinci-sessiyasi-oz-isini-basladi\/\" \/>\n<meta property=\"og:site_name\" content=\"\u041c\u0435\u0434\u0436\u043b\u0456\u0441\" \/>\n<meta property=\"article:publisher\" content=\"https:\/\/www.facebook.com\/qtmm.info\/\" \/>\n<meta property=\"article:published_time\" content=\"2013-01-12T13:30:00+00:00\" \/>\n<meta property=\"article:modified_time\" content=\"2022-01-23T13:31:06+00:00\" \/>\n<meta name=\"author\" content=\"Developer\" \/>\n<meta name=\"twitter:card\" content=\"summary_large_image\" \/>\n<meta name=\"twitter:label1\" content=\"Written by\" \/>\n\t<meta name=\"twitter:data1\" content=\"Developer\" \/>\n\t<meta name=\"twitter:label2\" content=\"Est. reading time\" \/>\n\t<meta name=\"twitter:data2\" content=\"2 minutes\" \/>\n<script type=\"application\/ld+json\" class=\"yoast-schema-graph\">{\"@context\":\"https:\\\/\\\/schema.org\",\"@graph\":[{\"@type\":\"Article\",\"@id\":\"https:\\\/\\\/qtmm.org\\\/qt\\\/aqmescitte-qirimtatar-halqi-5-nci-cagirilis-qurultayinin-besinci-sessiyasi-oz-isini-basladi\\\/#article\",\"isPartOf\":{\"@id\":\"https:\\\/\\\/qtmm.org\\\/qt\\\/aqmescitte-qirimtatar-halqi-5-nci-cagirilis-qurultayinin-besinci-sessiyasi-oz-isini-basladi\\\/\"},\"author\":{\"name\":\"Developer\",\"@id\":\"https:\\\/\\\/qtmm.org\\\/qt\\\/#\\\/schema\\\/person\\\/de562469f971dec226ac06e60bbf74a7\"},\"headline\":\"Aqmescitte Q\u0131r\u0131mtatar halq\u0131 5-nci \u00e7a\u011f\u0131r\u0131l\u0131\u015f Qurultay\u0131n\u0131\u00f1 be\u015finci sessiyas\u0131 \u00f6z i\u015fini ba\u015flad\u0131\",\"datePublished\":\"2013-01-12T13:30:00+00:00\",\"dateModified\":\"2022-01-23T13:31:06+00:00\",\"mainEntityOfPage\":{\"@id\":\"https:\\\/\\\/qtmm.org\\\/qt\\\/aqmescitte-qirimtatar-halqi-5-nci-cagirilis-qurultayinin-besinci-sessiyasi-oz-isini-basladi\\\/\"},\"wordCount\":321,\"commentCount\":0,\"publisher\":{\"@id\":\"https:\\\/\\\/qtmm.org\\\/qt\\\/#organization\"},\"articleSection\":[\"Haberler\"],\"inLanguage\":\"qt\",\"potentialAction\":[{\"@type\":\"CommentAction\",\"name\":\"Comment\",\"target\":[\"https:\\\/\\\/qtmm.org\\\/qt\\\/aqmescitte-qirimtatar-halqi-5-nci-cagirilis-qurultayinin-besinci-sessiyasi-oz-isini-basladi\\\/#respond\"]}]},{\"@type\":\"WebPage\",\"@id\":\"https:\\\/\\\/qtmm.org\\\/qt\\\/aqmescitte-qirimtatar-halqi-5-nci-cagirilis-qurultayinin-besinci-sessiyasi-oz-isini-basladi\\\/\",\"url\":\"https:\\\/\\\/qtmm.org\\\/qt\\\/aqmescitte-qirimtatar-halqi-5-nci-cagirilis-qurultayinin-besinci-sessiyasi-oz-isini-basladi\\\/\",\"name\":\"Aqmescitte Q\u0131r\u0131mtatar halq\u0131 5-nci \u00e7a\u011f\u0131r\u0131l\u0131\u015f Qurultay\u0131n\u0131\u00f1 be\u015finci sessiyas\u0131 \u00f6z i\u015fini ba\u015flad\u0131 - \u041c\u0435\u0434\u0436\u043b\u0456\u0441\",\"isPartOf\":{\"@id\":\"https:\\\/\\\/qtmm.org\\\/qt\\\/#website\"},\"datePublished\":\"2013-01-12T13:30:00+00:00\",\"dateModified\":\"2022-01-23T13:31:06+00:00\",\"breadcrumb\":{\"@id\":\"https:\\\/\\\/qtmm.org\\\/qt\\\/aqmescitte-qirimtatar-halqi-5-nci-cagirilis-qurultayinin-besinci-sessiyasi-oz-isini-basladi\\\/#breadcrumb\"},\"inLanguage\":\"qt\",\"potentialAction\":[{\"@type\":\"ReadAction\",\"target\":[\"https:\\\/\\\/qtmm.org\\\/qt\\\/aqmescitte-qirimtatar-halqi-5-nci-cagirilis-qurultayinin-besinci-sessiyasi-oz-isini-basladi\\\/\"]}]},{\"@type\":\"BreadcrumbList\",\"@id\":\"https:\\\/\\\/qtmm.org\\\/qt\\\/aqmescitte-qirimtatar-halqi-5-nci-cagirilis-qurultayinin-besinci-sessiyasi-oz-isini-basladi\\\/#breadcrumb\",\"itemListElement\":[{\"@type\":\"ListItem\",\"position\":1,\"name\":\"\u0413\u043e\u043b\u043e\u0432\u043d\u0430\",\"item\":\"https:\\\/\\\/qtmm.org\\\/qt\\\/\"},{\"@type\":\"ListItem\",\"position\":2,\"name\":\"Aqmescitte Q\u0131r\u0131mtatar halq\u0131 5-nci \u00e7a\u011f\u0131r\u0131l\u0131\u015f Qurultay\u0131n\u0131\u00f1 be\u015finci sessiyas\u0131 \u00f6z i\u015fini ba\u015flad\u0131\"}]},{\"@type\":\"WebSite\",\"@id\":\"https:\\\/\\\/qtmm.org\\\/qt\\\/#website\",\"url\":\"https:\\\/\\\/qtmm.org\\\/qt\\\/\",\"name\":\"\u041c\u0435\u0434\u0436\u043b\u0456\u0441\",\"description\":\"\",\"publisher\":{\"@id\":\"https:\\\/\\\/qtmm.org\\\/qt\\\/#organization\"},\"potentialAction\":[{\"@type\":\"SearchAction\",\"target\":{\"@type\":\"EntryPoint\",\"urlTemplate\":\"https:\\\/\\\/qtmm.org\\\/qt\\\/?s={search_term_string}\"},\"query-input\":{\"@type\":\"PropertyValueSpecification\",\"valueRequired\":true,\"valueName\":\"search_term_string\"}}],\"inLanguage\":\"qt\"},{\"@type\":\"Organization\",\"@id\":\"https:\\\/\\\/qtmm.org\\\/qt\\\/#organization\",\"name\":\"\u041c\u0435\u0434\u0436\u043b\u0456\u0441\",\"url\":\"https:\\\/\\\/qtmm.org\\\/qt\\\/\",\"logo\":{\"@type\":\"ImageObject\",\"inLanguage\":\"qt\",\"@id\":\"https:\\\/\\\/qtmm.org\\\/qt\\\/#\\\/schema\\\/logo\\\/image\\\/\",\"url\":\"https:\\\/\\\/qtmm.org\\\/wp-content\\\/uploads\\\/2024\\\/12\\\/ua-mejlis-logo-rgb.svg\",\"contentUrl\":\"https:\\\/\\\/qtmm.org\\\/wp-content\\\/uploads\\\/2024\\\/12\\\/ua-mejlis-logo-rgb.svg\",\"caption\":\"\u041c\u0435\u0434\u0436\u043b\u0456\u0441\"},\"image\":{\"@id\":\"https:\\\/\\\/qtmm.org\\\/qt\\\/#\\\/schema\\\/logo\\\/image\\\/\"},\"sameAs\":[\"https:\\\/\\\/www.facebook.com\\\/qtmm.info\\\/\"]},{\"@type\":\"Person\",\"@id\":\"https:\\\/\\\/qtmm.org\\\/qt\\\/#\\\/schema\\\/person\\\/de562469f971dec226ac06e60bbf74a7\",\"name\":\"Developer\",\"image\":{\"@type\":\"ImageObject\",\"inLanguage\":\"qt\",\"@id\":\"https:\\\/\\\/secure.gravatar.com\\\/avatar\\\/392b4cc8fbfeb00b39dfeeab4ee6edded39ffd48e25858637e4765810300227e?s=96&d=mm&r=g\",\"url\":\"https:\\\/\\\/secure.gravatar.com\\\/avatar\\\/392b4cc8fbfeb00b39dfeeab4ee6edded39ffd48e25858637e4765810300227e?s=96&d=mm&r=g\",\"contentUrl\":\"https:\\\/\\\/secure.gravatar.com\\\/avatar\\\/392b4cc8fbfeb00b39dfeeab4ee6edded39ffd48e25858637e4765810300227e?s=96&d=mm&r=g\",\"caption\":\"Developer\"},\"url\":\"https:\\\/\\\/qtmm.org\\\/qt\\\/author\\\/Developer\\\/\"}]}<\/script>\n<!-- \/ Yoast SEO plugin. -->","yoast_head_json":{"title":"Aqmescitte Q\u0131r\u0131mtatar halq\u0131 5-nci \u00e7a\u011f\u0131r\u0131l\u0131\u015f Qurultay\u0131n\u0131\u00f1 be\u015finci sessiyas\u0131 \u00f6z i\u015fini ba\u015flad\u0131 - \u041c\u0435\u0434\u0436\u043b\u0456\u0441","robots":{"index":"index","follow":"follow","max-snippet":"max-snippet:-1","max-image-preview":"max-image-preview:large","max-video-preview":"max-video-preview:-1"},"canonical":"https:\/\/qtmm.org\/qt\/aqmescitte-qirimtatar-halqi-5-nci-cagirilis-qurultayinin-besinci-sessiyasi-oz-isini-basladi\/","og_locale":"en_US","og_type":"article","og_title":"Aqmescitte Q\u0131r\u0131mtatar halq\u0131 5-nci \u00e7a\u011f\u0131r\u0131l\u0131\u015f Qurultay\u0131n\u0131\u00f1 be\u015finci sessiyas\u0131 \u00f6z i\u015fini ba\u015flad\u0131 - \u041c\u0435\u0434\u0436\u043b\u0456\u0441","og_description":"2013 senesi yanvar 12 k\u00fcn\u00fc Aqmescitte Q\u0131r\u0131mtatar halq\u0131 5-nci \u00e7a\u011f\u0131r\u0131l\u0131\u015f Qurultay\u0131n\u0131\u00f1 be\u015finci sessiyas\u0131 \u00f6z i\u015fini ba\u015flad\u0131. Qurultayn\u0131 a\u00e7qan Q\u0131r\u0131mtatar halq\u0131 Meclisini\u00f1 reisi Mustafa Cemilev salonda 195 Qurultay delegat\u0131 bulun\u011fan\u0131n\u0131 bildirdi. Qurultayn\u0131\u00f1 sessiyas\u0131nda milliy areket i\u015ftirak\u00e7ileri, Amerika, T\u00fcrkiye ve Poloniyadan musafirler, c\u00fcmleden uququqoruy\u0131c\u0131, k\u00fcre\u015fken G\u00f6\u00f1\u00fclde\u015flik areketi \u015earq b\u00f6l\u00fcgini\u00f1 ortaq reisi, Q\u0131r\u0131m Forum\u0131n\u0131\u00f1 azas\u0131 P\u00f6tr Hlebovi\u00e7, \u0130stanbul [&hellip;]","og_url":"https:\/\/qtmm.org\/qt\/aqmescitte-qirimtatar-halqi-5-nci-cagirilis-qurultayinin-besinci-sessiyasi-oz-isini-basladi\/","og_site_name":"\u041c\u0435\u0434\u0436\u043b\u0456\u0441","article_publisher":"https:\/\/www.facebook.com\/qtmm.info\/","article_published_time":"2013-01-12T13:30:00+00:00","article_modified_time":"2022-01-23T13:31:06+00:00","author":"Developer","twitter_card":"summary_large_image","twitter_misc":{"Written by":"Developer","Est. reading time":"2 minutes"},"schema":{"@context":"https:\/\/schema.org","@graph":[{"@type":"Article","@id":"https:\/\/qtmm.org\/qt\/aqmescitte-qirimtatar-halqi-5-nci-cagirilis-qurultayinin-besinci-sessiyasi-oz-isini-basladi\/#article","isPartOf":{"@id":"https:\/\/qtmm.org\/qt\/aqmescitte-qirimtatar-halqi-5-nci-cagirilis-qurultayinin-besinci-sessiyasi-oz-isini-basladi\/"},"author":{"name":"Developer","@id":"https:\/\/qtmm.org\/qt\/#\/schema\/person\/de562469f971dec226ac06e60bbf74a7"},"headline":"Aqmescitte Q\u0131r\u0131mtatar halq\u0131 5-nci \u00e7a\u011f\u0131r\u0131l\u0131\u015f Qurultay\u0131n\u0131\u00f1 be\u015finci sessiyas\u0131 \u00f6z i\u015fini ba\u015flad\u0131","datePublished":"2013-01-12T13:30:00+00:00","dateModified":"2022-01-23T13:31:06+00:00","mainEntityOfPage":{"@id":"https:\/\/qtmm.org\/qt\/aqmescitte-qirimtatar-halqi-5-nci-cagirilis-qurultayinin-besinci-sessiyasi-oz-isini-basladi\/"},"wordCount":321,"commentCount":0,"publisher":{"@id":"https:\/\/qtmm.org\/qt\/#organization"},"articleSection":["Haberler"],"inLanguage":"qt","potentialAction":[{"@type":"CommentAction","name":"Comment","target":["https:\/\/qtmm.org\/qt\/aqmescitte-qirimtatar-halqi-5-nci-cagirilis-qurultayinin-besinci-sessiyasi-oz-isini-basladi\/#respond"]}]},{"@type":"WebPage","@id":"https:\/\/qtmm.org\/qt\/aqmescitte-qirimtatar-halqi-5-nci-cagirilis-qurultayinin-besinci-sessiyasi-oz-isini-basladi\/","url":"https:\/\/qtmm.org\/qt\/aqmescitte-qirimtatar-halqi-5-nci-cagirilis-qurultayinin-besinci-sessiyasi-oz-isini-basladi\/","name":"Aqmescitte Q\u0131r\u0131mtatar halq\u0131 5-nci \u00e7a\u011f\u0131r\u0131l\u0131\u015f Qurultay\u0131n\u0131\u00f1 be\u015finci sessiyas\u0131 \u00f6z i\u015fini ba\u015flad\u0131 - \u041c\u0435\u0434\u0436\u043b\u0456\u0441","isPartOf":{"@id":"https:\/\/qtmm.org\/qt\/#website"},"datePublished":"2013-01-12T13:30:00+00:00","dateModified":"2022-01-23T13:31:06+00:00","breadcrumb":{"@id":"https:\/\/qtmm.org\/qt\/aqmescitte-qirimtatar-halqi-5-nci-cagirilis-qurultayinin-besinci-sessiyasi-oz-isini-basladi\/#breadcrumb"},"inLanguage":"qt","potentialAction":[{"@type":"ReadAction","target":["https:\/\/qtmm.org\/qt\/aqmescitte-qirimtatar-halqi-5-nci-cagirilis-qurultayinin-besinci-sessiyasi-oz-isini-basladi\/"]}]},{"@type":"BreadcrumbList","@id":"https:\/\/qtmm.org\/qt\/aqmescitte-qirimtatar-halqi-5-nci-cagirilis-qurultayinin-besinci-sessiyasi-oz-isini-basladi\/#breadcrumb","itemListElement":[{"@type":"ListItem","position":1,"name":"\u0413\u043e\u043b\u043e\u0432\u043d\u0430","item":"https:\/\/qtmm.org\/qt\/"},{"@type":"ListItem","position":2,"name":"Aqmescitte Q\u0131r\u0131mtatar halq\u0131 5-nci \u00e7a\u011f\u0131r\u0131l\u0131\u015f Qurultay\u0131n\u0131\u00f1 be\u015finci sessiyas\u0131 \u00f6z i\u015fini ba\u015flad\u0131"}]},{"@type":"WebSite","@id":"https:\/\/qtmm.org\/qt\/#website","url":"https:\/\/qtmm.org\/qt\/","name":"\u041c\u0435\u0434\u0436\u043b\u0456\u0441","description":"","publisher":{"@id":"https:\/\/qtmm.org\/qt\/#organization"},"potentialAction":[{"@type":"SearchAction","target":{"@type":"EntryPoint","urlTemplate":"https:\/\/qtmm.org\/qt\/?s={search_term_string}"},"query-input":{"@type":"PropertyValueSpecification","valueRequired":true,"valueName":"search_term_string"}}],"inLanguage":"qt"},{"@type":"Organization","@id":"https:\/\/qtmm.org\/qt\/#organization","name":"\u041c\u0435\u0434\u0436\u043b\u0456\u0441","url":"https:\/\/qtmm.org\/qt\/","logo":{"@type":"ImageObject","inLanguage":"qt","@id":"https:\/\/qtmm.org\/qt\/#\/schema\/logo\/image\/","url":"https:\/\/qtmm.org\/wp-content\/uploads\/2024\/12\/ua-mejlis-logo-rgb.svg","contentUrl":"https:\/\/qtmm.org\/wp-content\/uploads\/2024\/12\/ua-mejlis-logo-rgb.svg","caption":"\u041c\u0435\u0434\u0436\u043b\u0456\u0441"},"image":{"@id":"https:\/\/qtmm.org\/qt\/#\/schema\/logo\/image\/"},"sameAs":["https:\/\/www.facebook.com\/qtmm.info\/"]},{"@type":"Person","@id":"https:\/\/qtmm.org\/qt\/#\/schema\/person\/de562469f971dec226ac06e60bbf74a7","name":"Developer","image":{"@type":"ImageObject","inLanguage":"qt","@id":"https:\/\/secure.gravatar.com\/avatar\/392b4cc8fbfeb00b39dfeeab4ee6edded39ffd48e25858637e4765810300227e?s=96&d=mm&r=g","url":"https:\/\/secure.gravatar.com\/avatar\/392b4cc8fbfeb00b39dfeeab4ee6edded39ffd48e25858637e4765810300227e?s=96&d=mm&r=g","contentUrl":"https:\/\/secure.gravatar.com\/avatar\/392b4cc8fbfeb00b39dfeeab4ee6edded39ffd48e25858637e4765810300227e?s=96&d=mm&r=g","caption":"Developer"},"url":"https:\/\/qtmm.org\/qt\/author\/Developer\/"}]}},"_links":{"self":[{"href":"https:\/\/qtmm.org\/qt\/wp-json\/wp\/v2\/posts\/35701","targetHints":{"allow":["GET"]}}],"collection":[{"href":"https:\/\/qtmm.org\/qt\/wp-json\/wp\/v2\/posts"}],"about":[{"href":"https:\/\/qtmm.org\/qt\/wp-json\/wp\/v2\/types\/post"}],"author":[{"embeddable":true,"href":"https:\/\/qtmm.org\/qt\/wp-json\/wp\/v2\/users\/1"}],"replies":[{"embeddable":true,"href":"https:\/\/qtmm.org\/qt\/wp-json\/wp\/v2\/comments?post=35701"}],"version-history":[{"count":1,"href":"https:\/\/qtmm.org\/qt\/wp-json\/wp\/v2\/posts\/35701\/revisions"}],"predecessor-version":[{"id":35702,"href":"https:\/\/qtmm.org\/qt\/wp-json\/wp\/v2\/posts\/35701\/revisions\/35702"}],"wp:attachment":[{"href":"https:\/\/qtmm.org\/qt\/wp-json\/wp\/v2\/media?parent=35701"}],"wp:term":[{"taxonomy":"category","embeddable":true,"href":"https:\/\/qtmm.org\/qt\/wp-json\/wp\/v2\/categories?post=35701"},{"taxonomy":"post_tag","embeddable":true,"href":"https:\/\/qtmm.org\/qt\/wp-json\/wp\/v2\/tags?post=35701"}],"curies":[{"name":"wp","href":"https:\/\/api.w.org\/{rel}","templated":true}]}}