




{"id":35697,"date":"2013-01-04T16:25:00","date_gmt":"2013-01-04T13:25:00","guid":{"rendered":"http:\/\/qtmm.org\/?p=35697"},"modified":"2022-01-23T16:27:12","modified_gmt":"2022-01-23T13:27:12","slug":"poloniyali-uquqqoruyicilarnin-beyanati","status":"publish","type":"post","link":"https:\/\/qtmm.org\/qt\/poloniyali-uquqqoruyicilarnin-beyanati\/","title":{"rendered":"Poloniyal\u0131 uquqqoruy\u0131c\u0131larn\u0131\u00f1 beyanat\u0131"},"content":{"rendered":"\n<p><em><strong>Poloniyada Ukraina Prezidenti ve Ukraina Yuqar\u0131 \u015euras\u0131na Q\u0131r\u0131mda milletler ve dinlerara dava\u011fa al\u0131p kelebilecek rus ekstremist te\u015fkil\u00e2tlarn\u0131\u00f1 faaliyetini yasaq et\u00fcv aqq\u0131nda muracaat alt\u0131nda imza toplav boyunca aktsiya devam etmekte.<\/strong><\/em><\/p>\n\n\n\n<p>Poloniyada belli uquqqoruy\u0131c\u0131lar, &#8220;Solidarnost&#8221; gizli te\u015fkil\u00e2t\u0131 \u015farq b\u00f6l\u00fcgini\u00f1 sab\u0131q azalar\u0131 Petr Hlebovi\u00e7 ve Yadviga Hmelevskaya Ukraina Prezidenti ve Ukraina Yuqar\u0131 \u015euras\u0131, \u015fun\u0131\u00f1 kibi de halqara cemaat\u00e7\u0131l\u0131q ve OSCE devletlerine &#8220;STOP prowokacjomnaKrymie! \u2013 Q\u0131r\u0131mda fesat toqtat\u0131ls\u0131n!&#8221; muracaat\u0131n\u0131 qabul ettiler. Muracaat 2012 senesi dekabr ay\u0131nda Q\u0131r\u0131mda q\u0131r\u0131mtatar halq\u0131na nisbeten yap\u0131l\u011fan so\u00f1ki provokatsion areketler munasebetinen qabul etildi.<\/p>\n\n\n\n<p>Onda qayd etile ki, so\u00f1ki vaq\u0131tta Q\u0131r\u0131m tel\u00fckeli adiseler meydan\u0131na \u00e7evrildi. Bu\u00f1a 2012 senesi dekabr 1 gecesi Molod\u00f6jnoye qasabas\u0131nda q\u0131r\u0131mtatarlarn\u0131\u00f1 100-den ziyade muvaqqat ev\u00e7iklerini y\u0131qqan ve ayn\u0131 \u015fu gecede Cuma Cami qurulacaq yerdeki qaravul\u011fa tecavuz etken &#8220;Russkoye yedinstvo&#8221; partiyas\u0131 ve &#8220;Yedinstvo&#8221; birle\u015fmesine kirgen kazaklarn\u0131\u00f1 areketleri sebep\u00e7i old\u0131lar.<\/p>\n\n\n\n<p>Muracaatta &#8220;solaki vatanperver&#8221; Sergey K\u00fcrgin\u00e2n yetek\u00e7iligindeki &#8220;Sut vremeni&#8221; te\u015fkil\u00e2t Aqmescitte insanl\u0131q tarih\u0131nda misli k\u00f6r\u00fclmegen vah\u015fiy cell\u00e2t \u0130osif Stalin do\u011f\u011fan\u0131n\u0131\u00f1 133 y\u0131ll\u0131\u011f\u0131na ba\u011f\u0131\u015flan\u011fan sergi te\u015fkil etkeni, Q\u0131r\u0131m akimiyeti ise bu\u00f1a izin bergenine taac\u00fcp bildirile. Sergi te\u015fkil\u00e2t\u00e7\u0131lar\u0131 q\u0131r\u0131mtatar halq\u0131n\u0131\u00f1 1944 senesi s\u00fcrg\u00fcnligini \u0130osif Stalin taraf\u0131ndan yap\u0131l\u011fan eyilik diye tan\u0131\u011fanlar\u0131 keder ile qayd etile.<\/p>\n\n\n\n<p>Bu munasebetnen muracaat m\u00fcellifleri Q\u0131r\u0131mda milletlerara ve dinler aras\u0131nda dava qoz\u011fayabilecek bir s\u0131ra ekstremist te\u015fkil\u00e2t\u00e7\u0131larn\u0131\u00f1<br>faaliyetini yasaqlamaqn\u0131 talap eteler. Olar OSCE devletlerini Ukrainadan ne i\u00e7\u00fcn d\u00fcnya cemaat\u00e7\u0131l\u0131\u011f\u0131n\u0131 qatil dep tan\u0131\u011fan kimseni on\u0131\u00f1 hudud\u0131nda m\u00fcsbet \u015fah\u0131s olaraq k\u00f6stergenlerini a\u00f1latmaqn\u0131 talap etmege \u00e7a\u011f\u0131rd\u0131lar.<\/p>\n\n\n\n<p>Muracaat ve imza toplav\u00a0\u00a0http:\/\/www.activism.com\/pl_PL\/petycja\/stop-prowokacjom-na-krymie\/41545\u00a0 sayt\u0131nda te\u015fkil etildi.<\/p>\n\n\n\n<p>Bun\u0131\u00f1 kibi de muracaat \u015fu mustaqil saifede de yerle\u015ftirildi&nbsp;&nbsp;<a href=\"http:\/\/wpolityce.pl\/artykuly\/43944-petycja-do-prezydenta-janukowycza-oraz-do-wierchownej-rady-ukrainy-o-wydanie-calkowitego-zakazu-dzialalnosci-rosyjskich-bojowek-na-terytorium-krymskiej-autonomii\" target=\"_blank\" rel=\"noreferrer noopener\">http:\/\/wpolityce.pl\/artykuly\/43944-petycja-do-prezydenta-janukowycza-oraz-do-wierchownej-rady-ukrainy-o-wydanie-calkowitego-zakazu-dzialalnosci-rosyjskich-bojowek-na-terytorium-krymskiej-autonomii<\/a><\/p>\n\n\n\n<p>Muracaatn\u0131 Poloniyan\u0131\u00f1 100-den ziyade me\u015fur siyaset\u00e7ileri, cemaat, medeniyet erbaplar\u0131, jurnalistler imzalad\u0131lar. Olar\u011fa Beyaz Rusiye, AQ\u015e, Estoniya vekilleri qo\u015fuld\u0131lar.<\/p>\n\n\n\n<p>Olar aras\u0131nda :<\/p>\n\n\n\n<p><strong>Petr Hlebovi\u00e7&nbsp;<\/strong>\u2013 uquqqoruy\u0131c\u0131, jurnalist, &#8220;Solidarnost&#8221; gizli te\u015fkil\u00e2t\u0131 \u015farq b\u00f6l\u00fcgini\u00f1 sab\u0131q azas\u0131, Solidarnost te\u015fkil\u00e2t\u0131 mustaqil \u015farq b\u00f6l\u00fcgini\u00f1 ortaq reisi, Q\u0131r\u0131m Forum\u0131n\u0131\u00f1 azas\u0131.<br><br><strong>Yadviga Hmelevska<\/strong>&nbsp;&#8211; uquqqoruy\u0131c\u0131, &#8220;Solidarnost&#8221; gizli te\u015fkil\u00e2t\u0131 \u015farq b\u00f6l\u00fcgini\u00f1 sab\u0131q azas\u0131, Solidarnost te\u015fkil\u00e2t\u0131 mustaqil \u015farq b\u00f6l\u00fcgini\u00f1 ortaq reisi, jurnalist, Poloniya jurnalistler birligi idaresini\u00f1 azas\u0131.<br><br><strong>Zenon Pozn\u00e2k<\/strong>&nbsp;&#8211; belorusiyeli siyaset\u00e7i ve cemaat erbab\u0131, uquqqoruy\u0131c\u0131, &#8220;Martirolog Belarusi&#8221; (1988) te\u015fkil\u00e2t\u0131 ve Belorusiye halq cebesinini\u00f1 esas\u00e7\u0131s\u0131, &#8220;Adracenne&#8221; Belorusiye halq cebesini\u00f1 esas\u00e7\u0131s\u0131 ,Konservativ-Hristian partiyas\u0131n\u0131\u00f1 ba\u015f\u0131. 1990-1995 senelerde Belarus Yuqar\u0131 \u015euras\u0131n\u0131\u00f1 deputat\u0131, Halq cebesi fraktsiyas\u0131n\u0131\u00f1 lideri, al-az\u0131rda AQ\u015eda ya\u015fay. 1994 senesi Belarus Cumhuriyeti prezidentligine namzet old\u0131;<br><br><strong>Tatyana Yankelevi\u00e7<\/strong>&nbsp;\u2013 sovet uquqqoruy\u0131c\u0131s\u0131, QIRIM FORUM\u0131n\u0131\u00f1 azas\u0131;<br><br><strong>Musa Taipov&nbsp;<\/strong>\u2013 \u0130\u00e7keriya \u00c7e\u00e7en Cumhuriyetini\u00f1 Frenkistan Cumhuriyetindeki El\u00e7isi;<br><br><strong>Vardan Arut\u00fcn\u00e2n<\/strong>&nbsp;\u2013 sovet uquqqoruy\u0131c\u0131s\u0131, QIRIM FORUM\u0131n\u0131\u00f1 azas\u0131<br><br><strong>Yeji Darskiy<\/strong>&nbsp;\u2013 Poloniyan\u0131\u00f1 belli siyaset\u015f\u0131nas\u0131, muhacir, &#8220;Parijskaya kultura&#8221; (1980gg.) medeniy dergini\u00f1 muarriri;<br><br><strong>Selim Hazbiyevi\u00e7<\/strong>&nbsp;\u2013 Poloniya tatarlar birligini\u00f1 reisi, \u00d6l\u015ftindeki universitetni\u00f1 professor\u0131, felsefe doktor\u0131;<br><br><strong>Nadejda Ban\u00e7ik<\/strong>&nbsp;&#8211; Lvovda do\u011f\u011fan, AQ\u015eda ya\u015fay, &#8220;Zapad-Vostok&#8221; gazetas\u0131n\u0131\u00f1 \u015ftats\u0131z m\u00fchbiri, Amerika muhacirler matbuat\u0131n\u0131\u00f1 jurnalisti;<br><br><strong>Mussa \u00c7ahorovskiy<\/strong>&nbsp;\u2013 Poloniyada ya\u015fa\u011fan tatar \u015fairi, Poloniya tatarlar\u0131 musulman birligini\u00f1 azas\u0131, &#8220;Tatarskaya jizn Pol\u015fi&#8221; mecmuas\u0131 muarririni\u00f1 muavini;<br><br><strong>Brunon Ponikevskiy<\/strong>&nbsp;\u2013 sab\u0131q siyasiy mahb\u00fcs;<br><br><strong>Leonardos Vilkas<\/strong>&nbsp;\u2013uquqqoruy\u0131c\u0131, Litvaniya azatl\u0131\u011f\u0131 i\u00e7\u00fcn k\u00fcre\u015f\u00e7i, me\u015fur terciman;<br><br><strong>Valeriy Kalabugin<\/strong>&nbsp;&#8211; ugrofinn halqlar\u0131 d\u00fcnya kongressini\u00f1 k\u00e2tibi, QIRIM FORUM\u0131n\u0131\u00f1 azas\u0131, &#8220;Azatl\u0131q&#8221; radios\u0131n\u0131\u00f1 sab\u0131q m\u00fchbiri;<br><br><strong>\u00d6les \u015eev\u00e7enko<\/strong>&nbsp;\u2013 sab\u0131q ukrain siyasiy mahb\u00fcsi, uquqqoruy\u0131c\u0131, Ukraina cumhuriyet partiyas\u0131n\u0131\u00f1 sab\u0131q yolba\u015f\u00e7\u0131s\u0131, Ukraina Helsinki birligini\u00f1 tesis\u00e7isi, QIRIM FORUM\u0131n\u0131\u00f1 azas\u0131;<br><br><strong>Valeriy Buyval<\/strong>&nbsp;\u2013 uquqqoruy\u0131c\u0131, &#8220;Adracenne&#8221; Belorusiye halq cebesini\u00f1 k\u00e2tibi<br><br><strong>Yanu\u015f Kamodskiy<\/strong>&nbsp;\u2013 Stalin devrinde siyasiy mahb\u00fcs, Poloniyada ya\u015fa\u011fan tatarlar aqq\u0131nda bir s\u0131ra sergilerni\u00f1 te\u015fkil\u00e2t\u00e7\u0131s\u0131, etnograf;<br><br><strong>Ancey Verter<\/strong>&nbsp;\u2013 &#8220;Solidarnost&#8221; areketi Var\u015fava b\u00f6l\u00fcgini\u00f1 azas\u0131;<br><br><strong>Ri\u015fard Nikodem<\/strong>&nbsp;\u2013 &#8220;Soldidarnost&#8221; areketini\u00f1 Sileziyadaki belli erbab\u0131, sab\u0131q siyasiy mahb\u00fcs, AQ\u015e muhaciri;<br><br><strong>Dominik Napivodskiy<\/strong>&nbsp;\u2013Toron\u00fc Universitetini\u00f1 jurnalisti;<br><br><strong>K\u015fi\u015ftof Bzdil&nbsp;<\/strong>\u2013 1979 senesinden mustaqil Poloniya gizli konfederatsiyas\u0131n\u0131\u00f1 azas\u0131, siyasiy mahb\u00fcs, Amerika muhaciri;<br><br><strong>Petr Zarembskiy<\/strong>&nbsp;\u2013 belli rejisser;<br><br><strong>Yatsek Filus<\/strong>&nbsp;\u2013 Katovitse radios\u0131 direktor\u0131n\u0131\u00f1 muavini.<\/p>\n","protected":false},"excerpt":{"rendered":"<p>Poloniyada Ukraina Prezidenti ve Ukraina Yuqar\u0131 \u015euras\u0131na Q\u0131r\u0131mda milletler ve dinlerara dava\u011fa al\u0131p kelebilecek rus ekstremist te\u015fkil\u00e2tlarn\u0131\u00f1 faaliyetini yasaq et\u00fcv aqq\u0131nda muracaat alt\u0131nda imza toplav boyunca aktsiya devam etmekte. Poloniyada belli uquqqoruy\u0131c\u0131lar, &#8220;Solidarnost&#8221; gizli te\u015fkil\u00e2t\u0131 \u015farq b\u00f6l\u00fcgini\u00f1 sab\u0131q azalar\u0131 Petr Hlebovi\u00e7 ve Yadviga Hmelevskaya Ukraina Prezidenti ve Ukraina Yuqar\u0131 \u015euras\u0131, \u015fun\u0131\u00f1 kibi de halqara cemaat\u00e7\u0131l\u0131q [&hellip;]<\/p>\n","protected":false},"author":1,"featured_media":0,"comment_status":"open","ping_status":"open","sticky":false,"template":"","format":"standard","meta":{"inline_featured_image":false,"footnotes":""},"categories":[265],"tags":[],"class_list":["post-35697","post","type-post","status-publish","format-standard","hentry","category-haberler"],"acf":[],"yoast_head":"<!-- This site is optimized with the Yoast SEO plugin v27.4 - https:\/\/yoast.com\/product\/yoast-seo-wordpress\/ -->\n<title>Poloniyal\u0131 uquqqoruy\u0131c\u0131larn\u0131\u00f1 beyanat\u0131 - \u041c\u0435\u0434\u0436\u043b\u0456\u0441<\/title>\n<meta name=\"robots\" content=\"index, follow, max-snippet:-1, max-image-preview:large, max-video-preview:-1\" \/>\n<link rel=\"canonical\" href=\"https:\/\/qtmm.org\/qt\/poloniyali-uquqqoruyicilarnin-beyanati\/\" \/>\n<meta property=\"og:locale\" content=\"en_US\" \/>\n<meta property=\"og:type\" content=\"article\" \/>\n<meta property=\"og:title\" content=\"Poloniyal\u0131 uquqqoruy\u0131c\u0131larn\u0131\u00f1 beyanat\u0131 - \u041c\u0435\u0434\u0436\u043b\u0456\u0441\" \/>\n<meta property=\"og:description\" content=\"Poloniyada Ukraina Prezidenti ve Ukraina Yuqar\u0131 \u015euras\u0131na Q\u0131r\u0131mda milletler ve dinlerara dava\u011fa al\u0131p kelebilecek rus ekstremist te\u015fkil\u00e2tlarn\u0131\u00f1 faaliyetini yasaq et\u00fcv aqq\u0131nda muracaat alt\u0131nda imza toplav boyunca aktsiya devam etmekte. Poloniyada belli uquqqoruy\u0131c\u0131lar, &#8220;Solidarnost&#8221; gizli te\u015fkil\u00e2t\u0131 \u015farq b\u00f6l\u00fcgini\u00f1 sab\u0131q azalar\u0131 Petr Hlebovi\u00e7 ve Yadviga Hmelevskaya Ukraina Prezidenti ve Ukraina Yuqar\u0131 \u015euras\u0131, \u015fun\u0131\u00f1 kibi de halqara cemaat\u00e7\u0131l\u0131q [&hellip;]\" \/>\n<meta property=\"og:url\" content=\"https:\/\/qtmm.org\/qt\/poloniyali-uquqqoruyicilarnin-beyanati\/\" \/>\n<meta property=\"og:site_name\" content=\"\u041c\u0435\u0434\u0436\u043b\u0456\u0441\" \/>\n<meta property=\"article:publisher\" content=\"https:\/\/www.facebook.com\/qtmm.info\/\" \/>\n<meta property=\"article:published_time\" content=\"2013-01-04T13:25:00+00:00\" \/>\n<meta property=\"article:modified_time\" content=\"2022-01-23T13:27:12+00:00\" \/>\n<meta name=\"author\" content=\"Developer\" \/>\n<meta name=\"twitter:card\" content=\"summary_large_image\" \/>\n<meta name=\"twitter:label1\" content=\"Written by\" \/>\n\t<meta name=\"twitter:data1\" content=\"Developer\" \/>\n\t<meta name=\"twitter:label2\" content=\"Est. reading time\" \/>\n\t<meta name=\"twitter:data2\" content=\"4 minutes\" \/>\n<script type=\"application\/ld+json\" class=\"yoast-schema-graph\">{\"@context\":\"https:\\\/\\\/schema.org\",\"@graph\":[{\"@type\":\"Article\",\"@id\":\"https:\\\/\\\/qtmm.org\\\/qt\\\/poloniyali-uquqqoruyicilarnin-beyanati\\\/#article\",\"isPartOf\":{\"@id\":\"https:\\\/\\\/qtmm.org\\\/qt\\\/poloniyali-uquqqoruyicilarnin-beyanati\\\/\"},\"author\":{\"name\":\"Developer\",\"@id\":\"https:\\\/\\\/qtmm.org\\\/qt\\\/#\\\/schema\\\/person\\\/de562469f971dec226ac06e60bbf74a7\"},\"headline\":\"Poloniyal\u0131 uquqqoruy\u0131c\u0131larn\u0131\u00f1 beyanat\u0131\",\"datePublished\":\"2013-01-04T13:25:00+00:00\",\"dateModified\":\"2022-01-23T13:27:12+00:00\",\"mainEntityOfPage\":{\"@id\":\"https:\\\/\\\/qtmm.org\\\/qt\\\/poloniyali-uquqqoruyicilarnin-beyanati\\\/\"},\"wordCount\":795,\"commentCount\":0,\"publisher\":{\"@id\":\"https:\\\/\\\/qtmm.org\\\/qt\\\/#organization\"},\"articleSection\":[\"Haberler\"],\"inLanguage\":\"qt\",\"potentialAction\":[{\"@type\":\"CommentAction\",\"name\":\"Comment\",\"target\":[\"https:\\\/\\\/qtmm.org\\\/qt\\\/poloniyali-uquqqoruyicilarnin-beyanati\\\/#respond\"]}]},{\"@type\":\"WebPage\",\"@id\":\"https:\\\/\\\/qtmm.org\\\/qt\\\/poloniyali-uquqqoruyicilarnin-beyanati\\\/\",\"url\":\"https:\\\/\\\/qtmm.org\\\/qt\\\/poloniyali-uquqqoruyicilarnin-beyanati\\\/\",\"name\":\"Poloniyal\u0131 uquqqoruy\u0131c\u0131larn\u0131\u00f1 beyanat\u0131 - \u041c\u0435\u0434\u0436\u043b\u0456\u0441\",\"isPartOf\":{\"@id\":\"https:\\\/\\\/qtmm.org\\\/qt\\\/#website\"},\"datePublished\":\"2013-01-04T13:25:00+00:00\",\"dateModified\":\"2022-01-23T13:27:12+00:00\",\"breadcrumb\":{\"@id\":\"https:\\\/\\\/qtmm.org\\\/qt\\\/poloniyali-uquqqoruyicilarnin-beyanati\\\/#breadcrumb\"},\"inLanguage\":\"qt\",\"potentialAction\":[{\"@type\":\"ReadAction\",\"target\":[\"https:\\\/\\\/qtmm.org\\\/qt\\\/poloniyali-uquqqoruyicilarnin-beyanati\\\/\"]}]},{\"@type\":\"BreadcrumbList\",\"@id\":\"https:\\\/\\\/qtmm.org\\\/qt\\\/poloniyali-uquqqoruyicilarnin-beyanati\\\/#breadcrumb\",\"itemListElement\":[{\"@type\":\"ListItem\",\"position\":1,\"name\":\"\u0413\u043e\u043b\u043e\u0432\u043d\u0430\",\"item\":\"https:\\\/\\\/qtmm.org\\\/qt\\\/\"},{\"@type\":\"ListItem\",\"position\":2,\"name\":\"Poloniyal\u0131 uquqqoruy\u0131c\u0131larn\u0131\u00f1 beyanat\u0131\"}]},{\"@type\":\"WebSite\",\"@id\":\"https:\\\/\\\/qtmm.org\\\/qt\\\/#website\",\"url\":\"https:\\\/\\\/qtmm.org\\\/qt\\\/\",\"name\":\"\u041c\u0435\u0434\u0436\u043b\u0456\u0441\",\"description\":\"\",\"publisher\":{\"@id\":\"https:\\\/\\\/qtmm.org\\\/qt\\\/#organization\"},\"potentialAction\":[{\"@type\":\"SearchAction\",\"target\":{\"@type\":\"EntryPoint\",\"urlTemplate\":\"https:\\\/\\\/qtmm.org\\\/qt\\\/?s={search_term_string}\"},\"query-input\":{\"@type\":\"PropertyValueSpecification\",\"valueRequired\":true,\"valueName\":\"search_term_string\"}}],\"inLanguage\":\"qt\"},{\"@type\":\"Organization\",\"@id\":\"https:\\\/\\\/qtmm.org\\\/qt\\\/#organization\",\"name\":\"\u041c\u0435\u0434\u0436\u043b\u0456\u0441\",\"url\":\"https:\\\/\\\/qtmm.org\\\/qt\\\/\",\"logo\":{\"@type\":\"ImageObject\",\"inLanguage\":\"qt\",\"@id\":\"https:\\\/\\\/qtmm.org\\\/qt\\\/#\\\/schema\\\/logo\\\/image\\\/\",\"url\":\"https:\\\/\\\/qtmm.org\\\/wp-content\\\/uploads\\\/2024\\\/12\\\/ua-mejlis-logo-rgb.svg\",\"contentUrl\":\"https:\\\/\\\/qtmm.org\\\/wp-content\\\/uploads\\\/2024\\\/12\\\/ua-mejlis-logo-rgb.svg\",\"caption\":\"\u041c\u0435\u0434\u0436\u043b\u0456\u0441\"},\"image\":{\"@id\":\"https:\\\/\\\/qtmm.org\\\/qt\\\/#\\\/schema\\\/logo\\\/image\\\/\"},\"sameAs\":[\"https:\\\/\\\/www.facebook.com\\\/qtmm.info\\\/\"]},{\"@type\":\"Person\",\"@id\":\"https:\\\/\\\/qtmm.org\\\/qt\\\/#\\\/schema\\\/person\\\/de562469f971dec226ac06e60bbf74a7\",\"name\":\"Developer\",\"image\":{\"@type\":\"ImageObject\",\"inLanguage\":\"qt\",\"@id\":\"https:\\\/\\\/secure.gravatar.com\\\/avatar\\\/392b4cc8fbfeb00b39dfeeab4ee6edded39ffd48e25858637e4765810300227e?s=96&d=mm&r=g\",\"url\":\"https:\\\/\\\/secure.gravatar.com\\\/avatar\\\/392b4cc8fbfeb00b39dfeeab4ee6edded39ffd48e25858637e4765810300227e?s=96&d=mm&r=g\",\"contentUrl\":\"https:\\\/\\\/secure.gravatar.com\\\/avatar\\\/392b4cc8fbfeb00b39dfeeab4ee6edded39ffd48e25858637e4765810300227e?s=96&d=mm&r=g\",\"caption\":\"Developer\"},\"url\":\"https:\\\/\\\/qtmm.org\\\/qt\\\/author\\\/Developer\\\/\"}]}<\/script>\n<!-- \/ Yoast SEO plugin. -->","yoast_head_json":{"title":"Poloniyal\u0131 uquqqoruy\u0131c\u0131larn\u0131\u00f1 beyanat\u0131 - \u041c\u0435\u0434\u0436\u043b\u0456\u0441","robots":{"index":"index","follow":"follow","max-snippet":"max-snippet:-1","max-image-preview":"max-image-preview:large","max-video-preview":"max-video-preview:-1"},"canonical":"https:\/\/qtmm.org\/qt\/poloniyali-uquqqoruyicilarnin-beyanati\/","og_locale":"en_US","og_type":"article","og_title":"Poloniyal\u0131 uquqqoruy\u0131c\u0131larn\u0131\u00f1 beyanat\u0131 - \u041c\u0435\u0434\u0436\u043b\u0456\u0441","og_description":"Poloniyada Ukraina Prezidenti ve Ukraina Yuqar\u0131 \u015euras\u0131na Q\u0131r\u0131mda milletler ve dinlerara dava\u011fa al\u0131p kelebilecek rus ekstremist te\u015fkil\u00e2tlarn\u0131\u00f1 faaliyetini yasaq et\u00fcv aqq\u0131nda muracaat alt\u0131nda imza toplav boyunca aktsiya devam etmekte. Poloniyada belli uquqqoruy\u0131c\u0131lar, &#8220;Solidarnost&#8221; gizli te\u015fkil\u00e2t\u0131 \u015farq b\u00f6l\u00fcgini\u00f1 sab\u0131q azalar\u0131 Petr Hlebovi\u00e7 ve Yadviga Hmelevskaya Ukraina Prezidenti ve Ukraina Yuqar\u0131 \u015euras\u0131, \u015fun\u0131\u00f1 kibi de halqara cemaat\u00e7\u0131l\u0131q [&hellip;]","og_url":"https:\/\/qtmm.org\/qt\/poloniyali-uquqqoruyicilarnin-beyanati\/","og_site_name":"\u041c\u0435\u0434\u0436\u043b\u0456\u0441","article_publisher":"https:\/\/www.facebook.com\/qtmm.info\/","article_published_time":"2013-01-04T13:25:00+00:00","article_modified_time":"2022-01-23T13:27:12+00:00","author":"Developer","twitter_card":"summary_large_image","twitter_misc":{"Written by":"Developer","Est. reading time":"4 minutes"},"schema":{"@context":"https:\/\/schema.org","@graph":[{"@type":"Article","@id":"https:\/\/qtmm.org\/qt\/poloniyali-uquqqoruyicilarnin-beyanati\/#article","isPartOf":{"@id":"https:\/\/qtmm.org\/qt\/poloniyali-uquqqoruyicilarnin-beyanati\/"},"author":{"name":"Developer","@id":"https:\/\/qtmm.org\/qt\/#\/schema\/person\/de562469f971dec226ac06e60bbf74a7"},"headline":"Poloniyal\u0131 uquqqoruy\u0131c\u0131larn\u0131\u00f1 beyanat\u0131","datePublished":"2013-01-04T13:25:00+00:00","dateModified":"2022-01-23T13:27:12+00:00","mainEntityOfPage":{"@id":"https:\/\/qtmm.org\/qt\/poloniyali-uquqqoruyicilarnin-beyanati\/"},"wordCount":795,"commentCount":0,"publisher":{"@id":"https:\/\/qtmm.org\/qt\/#organization"},"articleSection":["Haberler"],"inLanguage":"qt","potentialAction":[{"@type":"CommentAction","name":"Comment","target":["https:\/\/qtmm.org\/qt\/poloniyali-uquqqoruyicilarnin-beyanati\/#respond"]}]},{"@type":"WebPage","@id":"https:\/\/qtmm.org\/qt\/poloniyali-uquqqoruyicilarnin-beyanati\/","url":"https:\/\/qtmm.org\/qt\/poloniyali-uquqqoruyicilarnin-beyanati\/","name":"Poloniyal\u0131 uquqqoruy\u0131c\u0131larn\u0131\u00f1 beyanat\u0131 - \u041c\u0435\u0434\u0436\u043b\u0456\u0441","isPartOf":{"@id":"https:\/\/qtmm.org\/qt\/#website"},"datePublished":"2013-01-04T13:25:00+00:00","dateModified":"2022-01-23T13:27:12+00:00","breadcrumb":{"@id":"https:\/\/qtmm.org\/qt\/poloniyali-uquqqoruyicilarnin-beyanati\/#breadcrumb"},"inLanguage":"qt","potentialAction":[{"@type":"ReadAction","target":["https:\/\/qtmm.org\/qt\/poloniyali-uquqqoruyicilarnin-beyanati\/"]}]},{"@type":"BreadcrumbList","@id":"https:\/\/qtmm.org\/qt\/poloniyali-uquqqoruyicilarnin-beyanati\/#breadcrumb","itemListElement":[{"@type":"ListItem","position":1,"name":"\u0413\u043e\u043b\u043e\u0432\u043d\u0430","item":"https:\/\/qtmm.org\/qt\/"},{"@type":"ListItem","position":2,"name":"Poloniyal\u0131 uquqqoruy\u0131c\u0131larn\u0131\u00f1 beyanat\u0131"}]},{"@type":"WebSite","@id":"https:\/\/qtmm.org\/qt\/#website","url":"https:\/\/qtmm.org\/qt\/","name":"\u041c\u0435\u0434\u0436\u043b\u0456\u0441","description":"","publisher":{"@id":"https:\/\/qtmm.org\/qt\/#organization"},"potentialAction":[{"@type":"SearchAction","target":{"@type":"EntryPoint","urlTemplate":"https:\/\/qtmm.org\/qt\/?s={search_term_string}"},"query-input":{"@type":"PropertyValueSpecification","valueRequired":true,"valueName":"search_term_string"}}],"inLanguage":"qt"},{"@type":"Organization","@id":"https:\/\/qtmm.org\/qt\/#organization","name":"\u041c\u0435\u0434\u0436\u043b\u0456\u0441","url":"https:\/\/qtmm.org\/qt\/","logo":{"@type":"ImageObject","inLanguage":"qt","@id":"https:\/\/qtmm.org\/qt\/#\/schema\/logo\/image\/","url":"https:\/\/qtmm.org\/wp-content\/uploads\/2024\/12\/ua-mejlis-logo-rgb.svg","contentUrl":"https:\/\/qtmm.org\/wp-content\/uploads\/2024\/12\/ua-mejlis-logo-rgb.svg","caption":"\u041c\u0435\u0434\u0436\u043b\u0456\u0441"},"image":{"@id":"https:\/\/qtmm.org\/qt\/#\/schema\/logo\/image\/"},"sameAs":["https:\/\/www.facebook.com\/qtmm.info\/"]},{"@type":"Person","@id":"https:\/\/qtmm.org\/qt\/#\/schema\/person\/de562469f971dec226ac06e60bbf74a7","name":"Developer","image":{"@type":"ImageObject","inLanguage":"qt","@id":"https:\/\/secure.gravatar.com\/avatar\/392b4cc8fbfeb00b39dfeeab4ee6edded39ffd48e25858637e4765810300227e?s=96&d=mm&r=g","url":"https:\/\/secure.gravatar.com\/avatar\/392b4cc8fbfeb00b39dfeeab4ee6edded39ffd48e25858637e4765810300227e?s=96&d=mm&r=g","contentUrl":"https:\/\/secure.gravatar.com\/avatar\/392b4cc8fbfeb00b39dfeeab4ee6edded39ffd48e25858637e4765810300227e?s=96&d=mm&r=g","caption":"Developer"},"url":"https:\/\/qtmm.org\/qt\/author\/Developer\/"}]}},"_links":{"self":[{"href":"https:\/\/qtmm.org\/qt\/wp-json\/wp\/v2\/posts\/35697","targetHints":{"allow":["GET"]}}],"collection":[{"href":"https:\/\/qtmm.org\/qt\/wp-json\/wp\/v2\/posts"}],"about":[{"href":"https:\/\/qtmm.org\/qt\/wp-json\/wp\/v2\/types\/post"}],"author":[{"embeddable":true,"href":"https:\/\/qtmm.org\/qt\/wp-json\/wp\/v2\/users\/1"}],"replies":[{"embeddable":true,"href":"https:\/\/qtmm.org\/qt\/wp-json\/wp\/v2\/comments?post=35697"}],"version-history":[{"count":1,"href":"https:\/\/qtmm.org\/qt\/wp-json\/wp\/v2\/posts\/35697\/revisions"}],"predecessor-version":[{"id":35698,"href":"https:\/\/qtmm.org\/qt\/wp-json\/wp\/v2\/posts\/35697\/revisions\/35698"}],"wp:attachment":[{"href":"https:\/\/qtmm.org\/qt\/wp-json\/wp\/v2\/media?parent=35697"}],"wp:term":[{"taxonomy":"category","embeddable":true,"href":"https:\/\/qtmm.org\/qt\/wp-json\/wp\/v2\/categories?post=35697"},{"taxonomy":"post_tag","embeddable":true,"href":"https:\/\/qtmm.org\/qt\/wp-json\/wp\/v2\/tags?post=35697"}],"curies":[{"name":"wp","href":"https:\/\/api.w.org\/{rel}","templated":true}]}}