




{"id":35687,"date":"2013-01-03T16:21:00","date_gmt":"2013-01-03T13:21:00","guid":{"rendered":"http:\/\/qtmm.org\/?p=35687"},"modified":"2022-01-23T16:25:44","modified_gmt":"2022-01-23T13:25:44","slug":"qirimtatar-halqi-meclisinin-reisi-mustafa-cemilevnin-yilbas-televizion-hayirlavi-2","status":"publish","type":"post","link":"https:\/\/qtmm.org\/qt\/qirimtatar-halqi-meclisinin-reisi-mustafa-cemilevnin-yilbas-televizion-hayirlavi-2\/","title":{"rendered":"Q\u0131r\u0131mtatar halq\u0131 Meclisini\u00f1 reisi Mustafa Cemilevni\u00f1 Y\u0131lba\u015f televizion hay\u0131rlav\u0131"},"content":{"rendered":"\n<p>\u0130\u015fte, \u00f6mr\u00fcm\u00fcz\u00fcn daha bir y\u0131l\u0131 ke\u00e7ti ve d\u00fcnyan\u0131n b\u00fcy\u00fck k\u0131sm\u0131da qullan\u0131l\u011fan taqvime k\u00f6re 2013 y\u0131l\u0131n bosa\u011fas\u0131nday\u0131z.<\/p>\n\n\n\n<p>Ke\u00e7ken y\u0131l i\u00e7erisinde neler becerdik veya becerip olamad\u0131q, nas\u0131l qay\u0131plar\u0131m\u0131z oldu, yan\u0131 halk\u0131m\u0131z\u0131n durumunen ba\u011fl\u0131 esas vakialarn\u0131 k\u00f6zden ke\u00e7irmek, \u00f6n\u00fcm\u00fczdeki y\u0131lda beklentilerimiz, planlar\u0131m\u0131z hususta birka\u00e7 s\u00f6z s\u00f6ylemek isteyim.<\/p>\n\n\n\n<p>Halq\u0131m\u0131z\u0131n d\u0131qqat\u0131n\u0131n merkezinde ol\u011fan meselelerden birisi, elbette s\u00fcrg\u00fcnl\u00fckke u\u011frat\u0131l\u011fan milletlerin ve toplumlar\u0131n haq-huquqlar\u0131n\u0131 iade etilmesi hususta qanun tasar\u0131s\u0131nen ba\u011fl\u0131 olup ke\u00e7ken vaq\u0131yalar edi. Bildi\u011finiz kibi bu qanun tasar\u0131s\u0131 Ukrayna parlamentosunda iki kere bak\u0131ld\u0131. Birinci sefer parlamentonun \u00e7o\u011funlu\u011fu taraf\u0131ndan bu qanun\u011fa yeterli qadar oy verilmedi. Bundan da \u011fayr\u0131, bu mesele bak\u0131ld\u0131\u011f\u0131 zaman Kom\u00fcnist partisinin rehberi taraf\u0131ndan milletimizge qar\u015f\u0131 Stalin zaman\u0131nda qullan\u0131l\u011fan iftiralar ve haqaretler at\u0131ld\u0131. Bu halq\u0131m\u0131z\u0131n taraf\u0131ndan \u00e7ok protestolar\u011fa sebep oldu, ama \u00e7oq yaz\u0131q, buna qar\u015f\u0131 devlet rehberlerin taraf\u0131ndan hi\u00e7 ses-soluq \u00e7\u0131qmad\u0131. Bundan sonra devlet rehberlerinen, \u00e7e\u015fit diplomatlarnen, uluslararas\u0131 te\u015fkilatlarnen k\u00f6r\u00fc\u015fmelerimiz ve m\u00fczakerelerimiz oldu. Ve nihayet bir ay sonra, 20 Haziranda bu qanun ikinci kere baq\u0131ld\u0131\u011f\u0131 zaman ilk oquma \u015fekilinde oy \u00e7o\u011funlu\u011funen qab\u00fcl etildi. Tamamile qanun olaraq qab\u00fcl edilmesi i\u00e7in bu tasar\u0131 daha bir kere parlamentoda baq\u0131lacak ve sonra cumhurba\u015fkan\u0131n imzas\u0131na verilecektir. \u0130n\u015fallah 2013 y\u0131l\u0131 i\u00e7erisinde bunu da ba\u015far\u0131p oluruz.<\/p>\n\n\n\n<p>Bu qanun qab\u00fcl edilmekle beraber bizim hep huquqiy meselelerimiz \u00e7\u00f6z\u00fclmeyecek, ama bu \u00f6nemli bir basamaq olacaqt\u0131r. Qab\u00fcl etildi\u011fi taqdirde haq\u0131m\u0131z\u0131n sosyal durumunda baz\u0131 qolayl\u0131qlar olacaq, 1944 y\u0131l\u0131n s\u00fcrg\u00fcn\u00fc nihayet resmen cinayet olaraq tan\u0131lacaq, s\u00fcrg\u00fcn zaman\u0131ndan qal\u011fan dedelerimizi evleri qaytar\u0131l\u0131p verilecek veya olar\u0131n fiyatlar\u0131 dedelerizizden ve, en \u00f6nemlisi, \u015feherlerimizge, k\u00f6y-kasabalar\u0131m\u0131z\u011fa eski tarihi adlar ver\u015flecek. Eminim ki, bu qanun Q\u0131r\u0131m yar\u0131madas\u0131nda milletleraras\u0131 ili\u015fkiler biraz daha yum\u015fat\u0131lmas\u0131na bir vesile olacaqt\u0131r. Bundan \u011fayr\u0131 2013 y\u0131l\u0131nda Ukrayna devletinin etnopolitik konsept\u0131 hususta qanun qab\u00fcl etilmesi i\u00e7in \u00e7al\u0131\u015fmalar yap\u0131lacaqt\u0131r. Bu qanun da bizim i\u00e7in muhim, \u00e7\u00fcnki o zaman Q\u0131r\u0131m Tatarlar\u0131 Ukrayna\u2019n\u0131n tam\u0131r halq\u0131 olaraq tan\u0131lacak ve buna k\u00f6re uluslararas\u0131 qa\u0131delerge k\u00f6re daha birqa\u00e7 sorunlar\u0131m\u0131z tezce \u00e7\u00f6z\u00fclmesine yollar a\u00e7\u0131lacaqt\u0131r.<\/p>\n\n\n\n<p>2012 y\u0131l\u0131n sonbahar\u0131nda 28 Ekimde, hem halq\u0131m\u0131z i\u00e7in ve hem de t\u00fcm devlet i\u00e7in \u00e7oq \u00f6nemli ol\u011fan parlamento se\u00e7imleri ke\u00e7ti. Bu se\u00e7imlerde hi\u00e7bir siyasi quvvet, hi\u00e7bir siyasi parti tam istedi\u011fi ve \u00fcmit etti\u011fi qadar oy almad\u0131. Biz destekledi\u011fimiz milli-demokratik quvvetlerin beklentileri de yerine kelmedi. Ama bu se\u00e7inlerin neticesinde bizim y\u00fcz\u00fcm\u00fcz q\u0131zarmad\u0131. Halq\u0131m\u0131z istedi\u011fimiz qadar aktif i\u015ftirak etmese bile, se\u00e7im qutular\u0131na kelip b\u00fcletenlerin atqan soyda\u015flar\u0131m\u0131z\u0131n b\u00fcy\u00fck \u00e7o\u011funlu\u011fu milli Qurultay\u0131m\u0131z\u0131n tavsiyelerine k\u00f6re oy verdi ve b\u00f6ylelikle halq\u0131m\u0131z\u0131n aras\u0131nda birlik y\u00fcksek seviyede oldu\u011funu daha bir kere tasd\u0131qland\u0131. Hep saylavlarda i\u015ftiraq etken ve Qurultay\u0131m\u0131z\u0131n qararlar\u0131na k\u00f6re davran\u011fan soyda\u015flar\u0131m\u0131za derin te\u015fekk\u00fcrlerimi bildirmek isteyim, \u00e7\u00fcnki esas olaraq bu insanlar\u0131m\u0131z\u0131n sayesinde Q\u0131r\u0131m Tatar halq\u0131 vatan\u0131m\u0131zda \u00f6nemli siyasi quvvet oldu\u011funu k\u00f6sterme\u011fe devam etmektedir.<\/p>\n\n\n\n<figure class=\"wp-block-image size-full\"><img loading=\"lazy\" decoding=\"async\" width=\"650\" height=\"330\" src=\"http:\/\/qtmm.org\/wp-content\/uploads\/2022\/01\/podpisanie.jpg\" alt=\"\" class=\"wp-image-35688\" srcset=\"https:\/\/qtmm.org\/wp-content\/uploads\/2022\/01\/podpisanie.jpg 650w, https:\/\/qtmm.org\/wp-content\/uploads\/2022\/01\/podpisanie-300x152.jpg 300w\" sizes=\"auto, (max-width: 650px) 100vw, 650px\" \/><\/figure>\n\n\n\n<p>Evvelki y\u0131llarda oldu\u011fu kibi, ke\u00e7ken y\u0131lda da yerli hakimiyetin halq\u0131m\u0131z\u011fa qar\u015f\u0131 \u015fovenistik davran\u0131\u015flar\u0131 devam etti. Otonom cumhuriyetin y\u00f6netiminde Q\u0131r\u0131m Tatarlar\u0131n say\u0131s\u0131 nufus\u00fcm\u00fczge k\u00f6re birka\u00e7 kere az oldu\u011funa ra\u011fmen bu sene olar\u0131n say\u0131s\u0131 daha azald\u0131. \u0130\u015ften bo\u015fat\u0131l\u011fan insanlar\u0131m\u0131z yerine bunlar kendi adamlar\u0131n\u0131, esas olarak Donetsk taraf\u0131nda ketirilgen heriflerni yerle\u015ftirdiler.<\/p>\n\n\n\n<p>\u00c7e\u015fit \u015fovenist gruplar taraf\u0131ndan provokasyonlar, vandalizm hareketleri yap\u0131ld\u0131. Birka\u00e7 yerlerde &#8211; Karasupazar, Pervomaysk, Leninski, Akmescit rayonlar\u0131nda mezarl\u0131klar\u0131m\u0131z haramland\u0131, duvarlarda halq\u0131m\u0131z\u011fa qar\u015f\u0131 pis kelimeler yaz\u0131ld\u0131, bas\u0131nda, internette, di\u011fer yay\u0131n oranlar\u0131nda halk\u0131m\u0131z\u011fa \u011far\u015f\u0131 iftiralar, hakaretler devam etmektedir. Bu cinayetler hususta yerli organlar taraf\u0131ndan kerekli ara\u015ft\u0131rnalar yap\u0131lmad\u0131 ve hi\u00e7 kimse cezaland\u0131rmad\u0131.<\/p>\n\n\n\n<p>Ke\u00e7ken y\u0131l\u0131n sonki ay\u0131nda daha bir tehlikeli vakiya olup ke\u00e7ti. 1 Aral\u0131k gece saat 2 lerde kendilerini \u2018kazak\u2019 ad\u0131n\u0131 koy\u011fan kimseler Molod\u00f6jnoye kasabas\u0131na bizim vatanda\u015flar\u0131m\u0131z\u0131n \u2018samostroy\u2019una hucum ettiler ve 100 ge yak\u0131n vatan\u015fa\u015flar\u0131m\u0131z\u0131n \u2018vremanka\u2019lar\u0131n\u0131 y\u0131kt\u0131lar, insanlar\u0131m\u0131z\u011fa b\u00fcy\u00fck maddi zarar ketirdiler. Bu vakiyan\u0131n en tehlikeli ve i\u011fren\u00e7 taraf\u0131 \u015fu ki, bu cinayet yerli militsiyas\u0131n\u0131n deste\u011fi ve yard\u0131m\u0131nen oldu.<\/p>\n\n\n\n<p>B\u00f6yle davran\u0131\u015flar belli s\u0131n\u0131rlar\u0131 ke\u00e7erse hi\u00e7 kimse bu topraqfa milletleraras\u0131 \u00e7at\u0131\u015fmalar \u00e7\u0131qmayaca\u011f\u0131na ve qan d\u00e7k\u00fclmeyece\u011fine garanti veremez. B\u00f6yle facial\u0131 olaylar olmamas\u0131 i\u00e7in bizim vatanda\u015flar\u0131m\u0131z \u00e7ok aktiv, nizamnen ve beraberlikle davranmal\u0131 kerek olacaqt\u0131r.<\/p>\n\n\n\n<p>Halq\u0131m\u0131z\u0131n \u00e7oqtan \u00e7oq sosyal problemleri var, ama bu problemlerin \u00e7\u00f6zmek i\u00e7in devlet taraf\u0131ndan sonki y\u0131llar devam\u0131nda pratik olaraq hi\u00e7 bir \u00f6nemli ad\u0131mlar yap\u0131lmay demek m\u00fcmk\u00fcn. 2012 senesinde halk\u0131m\u0131z\u0131n sosyal problemine oldu olacak 25 milyon grivna ayr\u0131ld\u0131 ve onun da yaln\u0131z \u00fc\u00e7te biri pratik olarak veridi. Reskonnats taraf\u0131ndan bu qonuda protestolar olmas\u0131n diye Milli Meclis tayin etken Komitet reisi Edem Dudakov\u2019n\u0131 i\u015ften \u00e7\u0131kar\u0131p onun yerine ne olsa olsun sesin \u00e7\u0131qarmayacak, daima \u2018na\u00e7alniklerin\u2019 dedi\u011fini yapacaq kimseni tay\u0131n ettiler. 2013 y\u0131l\u0131na ise bir ay evvel qab\u00fcl etilgen devlet b\u00fct\u00e7esinde k\u00f6re yaln\u0131z 10 milyon grivna civar\u0131nda para ayr\u0131lacak. Bu para\u011fa tek bir mektebin d\u00f6rtte birini bile qurmaq m\u00fcmk\u00fcn de\u011fil. B\u00f6yle ufaq raqam ba\u011f\u0131ms\u0131z Ukrayna devletinin y\u0131ll\u0131q b\u00fct\u00e7esinde daha hi\u00e7 zaman daha k\u00f6sterilme\u011fen edi. Yani, devletmeseleler,mizni \u00e7\u00f6zmek vazifesinden tamamile \u00e7ekildi demek m\u00fcmk\u00fcn.<\/p>\n\n\n\n<p>Ukrayna devleti halq\u0131m\u0131z\u0131n hep sorunlar\u0131n\u0131 tek ba\u015f\u0131na \u00e7\u00f6z\u00fcp olamad\u0131\u011f\u0131 veya istemedi\u011fi sebebinden biz daha 2010 y\u0131l\u0131nda ke\u00e7ird\u00fc\u011fimiz Qurultayda Q\u0131r\u0131m Tatar halq\u0131n\u0131n huquq\u0131y ve sosyal meselelerini \u00e7\u00f6z\u00fclmesine mevzuda bir uluslaras\u0131 forum ke\u00e7irmek i\u00e7in \u00e7al\u0131\u015fmalar yap\u0131lmas\u0131 hususta qarar al\u011fan edik. \u0130\u015fte ke\u00e7ken y\u0131l\u0131n devam\u0131nda da bu yolda \u00e7al\u0131\u015fmalar\u0131m\u0131z devam etti. Birqa\u00e7 Avrupa devletlerine, Amerika ve Kanada\u2019ya ziyaretlerimiz, devlet adamlar\u0131nen k\u00f6r\u00fc\u015fmelerimiz oldu, Milli Meclisimizin ofisinde de bir\u00e7oq diplomatlar\u0131 kelip ketti. \u00dc\u00e7 ay evvel Kiev\u2019de biz hep Ukrayna\u2019da akkreditatsiyalar\u0131 ol\u011fan Avrupa, Amerika, Kanada ve bizim soyda\u015flar\u0131m\u0131z ya\u015fa\u011fan di\u011fer devletlerin el\u00e7ilerinen, uluslararas\u0131 te\u015fkilatlar\u0131n rehberlerinen bu qonuda ikinci toplant\u0131m\u0131z\u0131 ke\u00e7irdik.<\/p>\n\n\n\n<p>Sa\u011f olsunlar, Rusya el\u00e7isinden \u011fayr\u0131, hep davet etti\u011fimiz diplomatlar bu toplant\u0131\u011fa qat\u0131ld\u0131lar, kendi fikirlerini ve tekliflerini s\u00f6ylediler. Neticede, b\u00f6yle Forum Kiev\u2019de Avrupa G\u00fcvensizl\u0131k ve \u0130\u015fbirlik Te\u015fkilat\u0131n\u0131n (\u041e\u0411\u0421\u0415) rehberli\u011finde ke\u00e7irilmesi hususta qarar al\u0131nd\u0131. Bundan da \u011fayr\u0131, Norvegiya devleti taraf\u0131ndan ayr\u0131l\u011fan 180 bin Euro paraya Q\u0131r\u0131m Tatar halq\u0131n\u0131n hep huquq\u00fc ve ekonomik problemleri hususta ara\u015ft\u0131rmalar yapmaq ve kerekli raporlar haz\u0131rlamaq i\u00e7in 5 tane komisyon quruldu. Bu komisyonlar art\u0131q \u00e7al\u0131\u015fmalar\u0131n\u0131 tamamlad\u0131lar ve iki ay sonra, 2013 y\u0131l\u0131n \u015eubat veya Mart ay\u0131nda kendi raporlar\u0131n prezentatsiyalar\u0131n\u0131 yapacaqlar. \u015eimdi ortada ol\u011fan esas mesele, Ukrayna devlet rehberlerin veya temsilcilerin bu Forum\u2019da i\u015ftiraq etece\u011fi veya etmeyece\u011fidir. Bu mesele, elbette, \u00e7oq m\u00fchim, \u00e7\u00fcnki Ukrayna teklif etilgen yard\u0131m\u0131 qab\u00fcl etmeyecek olsa, durum \u00e7oq iyi olmayacaq. Ama, in\u015fallah, Ukrayna devletinden bu konuda m\u00fcspet cevap kelecektir.<\/p>\n\n\n\n<p>2012 y\u0131l\u0131n devam\u0131nda T\u00fcrkiye Cumhuriyetinin rehberlerinen ve devlet adamlar\u0131nen de s\u0131q\u0131 ba\u011flant\u0131lar\u0131m\u0131z ve \u00f6nemli m\u00fczakerelerimiz oldu.<\/p>\n\n\n\n<p>T\u00fcrkiye ba\u015fbaqan\u0131 R.T.Erdo\u011fan\u2019\u0131n Q\u0131r\u0131m ziyareti esnas\u0131nda da halq\u0131m\u0131z\u0131n esas sorunlar\u0131 k\u00f6zden ke\u00e7irildi. Kelecek yilda, eger Ukrayna taraf\u0131ndan nas\u0131ld\u0131r engeller olmasa, T\u00fcrkiye\u2019nin yard\u0131m\u0131nen Akmescit\u2019te B\u00fcy\u00fck cami ve 7-8 qatl\u0131 Q\u0131r\u0131m Tatar medeniyet merkezi, Q\u0131r\u0131m sanay\u0131-Pedagojik \u00dcniversite i\u00e7in yatakhaneler binas\u0131, spor salonu, b\u0131rka\u00e7 soydailar\u0131m\u0131z toplu ya\u015fa\u011fan yerlerde m,ll, mektepler in\u015faatlar\u0131 ba\u015flanacaq. B\u00f6yle zor durumda halq\u0131m\u0131za yard\u0131m elini uzatqan bu aqraba memleletke biz elbette sonsuz minnetdar\u0131z.<\/p>\n\n\n\n<p>Bu sene Q\u0131r\u0131mtatar Milli meclisi daha bir \u00f6nemli uluslararas\u0131 qurulu\u015fun &#8211; Avrupa birli\u011fi\u2019nin inisitivinen qurul\u011fan \u2018Avrupa\u2019n\u0131n insaf ve hat\u0131ra platformas\u0131\u2019 adl\u0131 te\u015fkilat\u0131n azas\u0131 oldu. Te\u015fkilat\u0131n esas maqsad\u0131 natsizm ve kom\u00fcnizm taraf\u0131ndan yap\u0131l\u011fan cinayetlerni incelemek ve sonunda N\u00fcrnberg Tribunal\u0131 kibi bir mahkemede kom\u00fcnist rejimlerinin cinayetleri ve bu s\u0131rada Q\u0131r\u0131m Tatar halq\u0131na qar\u015f\u0131 cinayetleri hususta da qarar \u00e7\u0131qarmaqt\u0131r.<\/p>\n\n\n\n<p>Bundan da \u011fayr\u0131, bildi\u011finiz kibi, ke\u00e7ken sene 18 may\u0131s matem k\u00fcn\u00fcne bizimle beraber Sovyet devrinde insan haqlar\u0131 i\u00e7in k\u00fcre\u015fken ve \u015fimdi d\u00fcnyan\u0131n \u00e7e\u015fit memleketlerinde ya\u015fa\u011fan belli \u2018dissidentlerni\u2019 davet ettik ve matem tedbirlerinden sonra ke\u00e7irdi\u011fimiz toplant\u0131da Ukrayna ve Rusya\u2019da insan haqlar\u0131 meselesi, Q\u0131r\u0131m Tatarlar\u0131n vaziyeti hususta beyanetler qab\u00fcl ettik ve \u2018Q\u0131r\u0131m Forumu\u2019 adl\u0131 eski den kom\u00fcnist rejimi alt\u0131nda ol\u011fan ve insan haqlar\u0131 i\u00e7in k\u00fcre\u015fken insanlar\u0131n uluslararas\u0131 te\u015fkilat qurma\u011fa qarar verdik.<\/p>\n\n\n\n<p>Bu Forum her y\u0131l Q\u0131r\u0131m\u2019da ke\u00e7irelecek ve kerekli a\u00e7\u0131qlamalar yapacaq.<\/p>\n\n\n\n<p>Ke\u00e7ken y\u0131l devam\u0131nda biz b\u00fct\u00fcn Q\u0131r\u0131m\u2019da yerli meclislerimizin se\u00e7imleri ge\u00e7irdik. Toplam olarak 292 yerli meclis, 22 regional meclisleri ve bu meclislerde umumen 2098 kisi se\u00e7ildi. Halkq\u0131m\u0131z bu se\u00e7imlerde aktif i\u015ftiraq etti ve b\u00f6ylelikle 22 evvel qurdu\u011fumuz milli y\u00f6netim sistemimiz \u00e7oq sa\u011flam ve halq\u0131n aras\u0131nda b\u00fcy\u00fck ihtibar\u0131 var oldu\u011funu daha bir kere k\u00f6sterdi.<\/p>\n\n\n\n<p>\u00d6n\u00fcm\u00fczdeki senede 6-ci Qurultay vekilleri se\u00e7imleri olacak. \u0130ki hafta sonra, 12 Ocaqta (Yanvarda) biz 5-ci Qurultay\u0131n sonki toplant\u0131s\u0131n\u0131 ke\u00e7irecekmiz ve bu toplant\u0131da Qurultay vekillerin se\u00e7im qaidelerini tasd\u0131qlayacaqm\u0131z. Bu yeni qaidelerge k\u00f6re art\u0131q Qurultay vekilleri dosdo\u011fru ve b\u00fcltenlerle se\u00e7ilecektir. Se\u00e7imler adaletli olmas\u0131 i\u00e7in uluslararas\u0131 te\u015fkilatlardan g\u00f6zlemcilerni de davet etecekmiz. Vekiller se\u00e7ildikten bir ay sonra V1 qurultay\u0131n birinci toplant\u0131s\u0131 olacaq ve bu toplant\u0131da yeni Milli Meclis ve yeni Milli Meclis reisi se\u00e7ilecek. \u0130n\u015fallah, yeni se\u00e7ilen Meclis ve yeni Meclis reisi milli y\u00f6netim sistemimizi daha ziyade quvvetlendirecek ve halk\u0131m\u0131z oz vatan\u0131n sahibi olmas\u0131 ichin daha onemli ad\u0131mlar atbilecektir.<\/p>\n\n\n\n<p>2012 y\u0131lda bir\u00e7ok insanlar\u0131m\u0131z vefat ettiler, olar\u0131n aras\u0131nda yaz\u0131c\u0131m\u0131z R\u00fcstem Muedinov, Milli Hareketimizin aktif i\u015ftiraq\u00e7ileri Refat Kurtiyev ve Fikret Halilov, T\u00fcrk D\u00fcnyas\u0131 Ara\u015ft\u0131rmalar Vakf\u0131\u2019n ba\u015fkan\u0131, halq\u0131m\u0131za, milli davam\u0131z\u011fa \u00e7ok destek veren ve \u0130smail Gasp\u0131ral\u0131n\u0131n fikirlerini en iyi \u015fekilde hayatqa ke\u00e7irme\u011fe \u00e7al\u0131\u015fqan professor Turan Yaz\u011fan, T\u00fcrkiye\u2019de en \u00fcnl\u00fc i\u015fadamlar\u0131ndan birisi ve halq\u0131m\u0131z\u011fa \u00e7oq yard\u0131mlar etken Q\u0131r\u0131m as\u0131ll\u0131 Sabri \u00dclker, T\u00fcrk D\u00fcnyas\u0131n\u0131n liderlerinden birisi, halq\u0131m\u0131z\u0131n sad\u0131q dostu Kuzey K\u0131br\u0131s T\u00fcrk Cumhuriyetinin cumhurba\u015fkan\u0131 Rauf Denkta\u015f ve di\u011ferleri.<\/p>\n\n\n\n<p>Hep olgenlere Allahtan rahmet, hastalar\u0131m\u0131za \u015fifalar, hep insanlar\u0131m\u0131z\u011fa bahtl\u0131 hayat tileymiz. Q\u0131r\u0131m Tatar Milli Meclisi ad\u0131na t\u00fcm vatanda\u015flar\u0131m\u0131z\u0131 Yan\u0131 y\u0131lnen tebrik eterim!<\/p>\n","protected":false},"excerpt":{"rendered":"<p>\u0130\u015fte, \u00f6mr\u00fcm\u00fcz\u00fcn daha bir y\u0131l\u0131 ke\u00e7ti ve d\u00fcnyan\u0131n b\u00fcy\u00fck k\u0131sm\u0131da qullan\u0131l\u011fan taqvime k\u00f6re 2013 y\u0131l\u0131n bosa\u011fas\u0131nday\u0131z. Ke\u00e7ken y\u0131l i\u00e7erisinde neler becerdik veya becerip olamad\u0131q, nas\u0131l qay\u0131plar\u0131m\u0131z oldu, yan\u0131 halk\u0131m\u0131z\u0131n durumunen ba\u011fl\u0131 esas vakialarn\u0131 k\u00f6zden ke\u00e7irmek, \u00f6n\u00fcm\u00fczdeki y\u0131lda beklentilerimiz, planlar\u0131m\u0131z hususta birka\u00e7 s\u00f6z s\u00f6ylemek isteyim. Halq\u0131m\u0131z\u0131n d\u0131qqat\u0131n\u0131n merkezinde ol\u011fan meselelerden birisi, elbette s\u00fcrg\u00fcnl\u00fckke u\u011frat\u0131l\u011fan milletlerin ve [&hellip;]<\/p>\n","protected":false},"author":1,"featured_media":35692,"comment_status":"open","ping_status":"open","sticky":false,"template":"","format":"standard","meta":{"inline_featured_image":false,"footnotes":""},"categories":[265],"tags":[],"class_list":["post-35687","post","type-post","status-publish","format-standard","has-post-thumbnail","hentry","category-haberler"],"acf":[],"yoast_head":"<!-- This site is optimized with the Yoast SEO plugin v27.4 - https:\/\/yoast.com\/product\/yoast-seo-wordpress\/ -->\n<title>Q\u0131r\u0131mtatar halq\u0131 Meclisini\u00f1 reisi Mustafa Cemilevni\u00f1 Y\u0131lba\u015f televizion hay\u0131rlav\u0131 - \u041c\u0435\u0434\u0436\u043b\u0456\u0441<\/title>\n<meta name=\"robots\" content=\"index, follow, max-snippet:-1, max-image-preview:large, max-video-preview:-1\" \/>\n<link rel=\"canonical\" href=\"https:\/\/qtmm.org\/qt\/qirimtatar-halqi-meclisinin-reisi-mustafa-cemilevnin-yilbas-televizion-hayirlavi-2\/\" \/>\n<meta property=\"og:locale\" content=\"en_US\" \/>\n<meta property=\"og:type\" content=\"article\" \/>\n<meta property=\"og:title\" content=\"Q\u0131r\u0131mtatar halq\u0131 Meclisini\u00f1 reisi Mustafa Cemilevni\u00f1 Y\u0131lba\u015f televizion hay\u0131rlav\u0131 - \u041c\u0435\u0434\u0436\u043b\u0456\u0441\" \/>\n<meta property=\"og:description\" content=\"\u0130\u015fte, \u00f6mr\u00fcm\u00fcz\u00fcn daha bir y\u0131l\u0131 ke\u00e7ti ve d\u00fcnyan\u0131n b\u00fcy\u00fck k\u0131sm\u0131da qullan\u0131l\u011fan taqvime k\u00f6re 2013 y\u0131l\u0131n bosa\u011fas\u0131nday\u0131z. Ke\u00e7ken y\u0131l i\u00e7erisinde neler becerdik veya becerip olamad\u0131q, nas\u0131l qay\u0131plar\u0131m\u0131z oldu, yan\u0131 halk\u0131m\u0131z\u0131n durumunen ba\u011fl\u0131 esas vakialarn\u0131 k\u00f6zden ke\u00e7irmek, \u00f6n\u00fcm\u00fczdeki y\u0131lda beklentilerimiz, planlar\u0131m\u0131z hususta birka\u00e7 s\u00f6z s\u00f6ylemek isteyim. Halq\u0131m\u0131z\u0131n d\u0131qqat\u0131n\u0131n merkezinde ol\u011fan meselelerden birisi, elbette s\u00fcrg\u00fcnl\u00fckke u\u011frat\u0131l\u011fan milletlerin ve [&hellip;]\" \/>\n<meta property=\"og:url\" content=\"https:\/\/qtmm.org\/qt\/qirimtatar-halqi-meclisinin-reisi-mustafa-cemilevnin-yilbas-televizion-hayirlavi-2\/\" \/>\n<meta property=\"og:site_name\" content=\"\u041c\u0435\u0434\u0436\u043b\u0456\u0441\" \/>\n<meta property=\"article:publisher\" content=\"https:\/\/www.facebook.com\/qtmm.info\/\" \/>\n<meta property=\"article:published_time\" content=\"2013-01-03T13:21:00+00:00\" \/>\n<meta property=\"article:modified_time\" content=\"2022-01-23T13:25:44+00:00\" \/>\n<meta property=\"og:image\" content=\"https:\/\/qtmm.org\/wp-content\/uploads\/2022\/01\/miting.jpg\" \/>\n\t<meta property=\"og:image:width\" content=\"650\" \/>\n\t<meta property=\"og:image:height\" content=\"490\" \/>\n\t<meta property=\"og:image:type\" content=\"image\/jpeg\" \/>\n<meta name=\"author\" content=\"Developer\" \/>\n<meta name=\"twitter:card\" content=\"summary_large_image\" \/>\n<meta name=\"twitter:label1\" content=\"Written by\" \/>\n\t<meta name=\"twitter:data1\" content=\"Developer\" \/>\n\t<meta name=\"twitter:label2\" content=\"Est. reading time\" \/>\n\t<meta name=\"twitter:data2\" content=\"10 minutes\" \/>\n<script type=\"application\/ld+json\" class=\"yoast-schema-graph\">{\"@context\":\"https:\\\/\\\/schema.org\",\"@graph\":[{\"@type\":\"Article\",\"@id\":\"https:\\\/\\\/qtmm.org\\\/qt\\\/qirimtatar-halqi-meclisinin-reisi-mustafa-cemilevnin-yilbas-televizion-hayirlavi-2\\\/#article\",\"isPartOf\":{\"@id\":\"https:\\\/\\\/qtmm.org\\\/qt\\\/qirimtatar-halqi-meclisinin-reisi-mustafa-cemilevnin-yilbas-televizion-hayirlavi-2\\\/\"},\"author\":{\"name\":\"Developer\",\"@id\":\"https:\\\/\\\/qtmm.org\\\/qt\\\/#\\\/schema\\\/person\\\/de562469f971dec226ac06e60bbf74a7\"},\"headline\":\"Q\u0131r\u0131mtatar halq\u0131 Meclisini\u00f1 reisi Mustafa Cemilevni\u00f1 Y\u0131lba\u015f televizion hay\u0131rlav\u0131\",\"datePublished\":\"2013-01-03T13:21:00+00:00\",\"dateModified\":\"2022-01-23T13:25:44+00:00\",\"mainEntityOfPage\":{\"@id\":\"https:\\\/\\\/qtmm.org\\\/qt\\\/qirimtatar-halqi-meclisinin-reisi-mustafa-cemilevnin-yilbas-televizion-hayirlavi-2\\\/\"},\"wordCount\":2233,\"commentCount\":0,\"publisher\":{\"@id\":\"https:\\\/\\\/qtmm.org\\\/qt\\\/#organization\"},\"image\":{\"@id\":\"https:\\\/\\\/qtmm.org\\\/qt\\\/qirimtatar-halqi-meclisinin-reisi-mustafa-cemilevnin-yilbas-televizion-hayirlavi-2\\\/#primaryimage\"},\"thumbnailUrl\":\"https:\\\/\\\/qtmm.org\\\/wp-content\\\/uploads\\\/2022\\\/01\\\/miting.jpg\",\"articleSection\":[\"Haberler\"],\"inLanguage\":\"qt\",\"potentialAction\":[{\"@type\":\"CommentAction\",\"name\":\"Comment\",\"target\":[\"https:\\\/\\\/qtmm.org\\\/qt\\\/qirimtatar-halqi-meclisinin-reisi-mustafa-cemilevnin-yilbas-televizion-hayirlavi-2\\\/#respond\"]}]},{\"@type\":\"WebPage\",\"@id\":\"https:\\\/\\\/qtmm.org\\\/qt\\\/qirimtatar-halqi-meclisinin-reisi-mustafa-cemilevnin-yilbas-televizion-hayirlavi-2\\\/\",\"url\":\"https:\\\/\\\/qtmm.org\\\/qt\\\/qirimtatar-halqi-meclisinin-reisi-mustafa-cemilevnin-yilbas-televizion-hayirlavi-2\\\/\",\"name\":\"Q\u0131r\u0131mtatar halq\u0131 Meclisini\u00f1 reisi Mustafa Cemilevni\u00f1 Y\u0131lba\u015f televizion hay\u0131rlav\u0131 - \u041c\u0435\u0434\u0436\u043b\u0456\u0441\",\"isPartOf\":{\"@id\":\"https:\\\/\\\/qtmm.org\\\/qt\\\/#website\"},\"primaryImageOfPage\":{\"@id\":\"https:\\\/\\\/qtmm.org\\\/qt\\\/qirimtatar-halqi-meclisinin-reisi-mustafa-cemilevnin-yilbas-televizion-hayirlavi-2\\\/#primaryimage\"},\"image\":{\"@id\":\"https:\\\/\\\/qtmm.org\\\/qt\\\/qirimtatar-halqi-meclisinin-reisi-mustafa-cemilevnin-yilbas-televizion-hayirlavi-2\\\/#primaryimage\"},\"thumbnailUrl\":\"https:\\\/\\\/qtmm.org\\\/wp-content\\\/uploads\\\/2022\\\/01\\\/miting.jpg\",\"datePublished\":\"2013-01-03T13:21:00+00:00\",\"dateModified\":\"2022-01-23T13:25:44+00:00\",\"breadcrumb\":{\"@id\":\"https:\\\/\\\/qtmm.org\\\/qt\\\/qirimtatar-halqi-meclisinin-reisi-mustafa-cemilevnin-yilbas-televizion-hayirlavi-2\\\/#breadcrumb\"},\"inLanguage\":\"qt\",\"potentialAction\":[{\"@type\":\"ReadAction\",\"target\":[\"https:\\\/\\\/qtmm.org\\\/qt\\\/qirimtatar-halqi-meclisinin-reisi-mustafa-cemilevnin-yilbas-televizion-hayirlavi-2\\\/\"]}]},{\"@type\":\"ImageObject\",\"inLanguage\":\"qt\",\"@id\":\"https:\\\/\\\/qtmm.org\\\/qt\\\/qirimtatar-halqi-meclisinin-reisi-mustafa-cemilevnin-yilbas-televizion-hayirlavi-2\\\/#primaryimage\",\"url\":\"https:\\\/\\\/qtmm.org\\\/wp-content\\\/uploads\\\/2022\\\/01\\\/miting.jpg\",\"contentUrl\":\"https:\\\/\\\/qtmm.org\\\/wp-content\\\/uploads\\\/2022\\\/01\\\/miting.jpg\",\"width\":650,\"height\":490},{\"@type\":\"BreadcrumbList\",\"@id\":\"https:\\\/\\\/qtmm.org\\\/qt\\\/qirimtatar-halqi-meclisinin-reisi-mustafa-cemilevnin-yilbas-televizion-hayirlavi-2\\\/#breadcrumb\",\"itemListElement\":[{\"@type\":\"ListItem\",\"position\":1,\"name\":\"\u0413\u043e\u043b\u043e\u0432\u043d\u0430\",\"item\":\"https:\\\/\\\/qtmm.org\\\/qt\\\/\"},{\"@type\":\"ListItem\",\"position\":2,\"name\":\"Q\u0131r\u0131mtatar halq\u0131 Meclisini\u00f1 reisi Mustafa Cemilevni\u00f1 Y\u0131lba\u015f televizion hay\u0131rlav\u0131\"}]},{\"@type\":\"WebSite\",\"@id\":\"https:\\\/\\\/qtmm.org\\\/qt\\\/#website\",\"url\":\"https:\\\/\\\/qtmm.org\\\/qt\\\/\",\"name\":\"\u041c\u0435\u0434\u0436\u043b\u0456\u0441\",\"description\":\"\",\"publisher\":{\"@id\":\"https:\\\/\\\/qtmm.org\\\/qt\\\/#organization\"},\"potentialAction\":[{\"@type\":\"SearchAction\",\"target\":{\"@type\":\"EntryPoint\",\"urlTemplate\":\"https:\\\/\\\/qtmm.org\\\/qt\\\/?s={search_term_string}\"},\"query-input\":{\"@type\":\"PropertyValueSpecification\",\"valueRequired\":true,\"valueName\":\"search_term_string\"}}],\"inLanguage\":\"qt\"},{\"@type\":\"Organization\",\"@id\":\"https:\\\/\\\/qtmm.org\\\/qt\\\/#organization\",\"name\":\"\u041c\u0435\u0434\u0436\u043b\u0456\u0441\",\"url\":\"https:\\\/\\\/qtmm.org\\\/qt\\\/\",\"logo\":{\"@type\":\"ImageObject\",\"inLanguage\":\"qt\",\"@id\":\"https:\\\/\\\/qtmm.org\\\/qt\\\/#\\\/schema\\\/logo\\\/image\\\/\",\"url\":\"https:\\\/\\\/qtmm.org\\\/wp-content\\\/uploads\\\/2024\\\/12\\\/ua-mejlis-logo-rgb.svg\",\"contentUrl\":\"https:\\\/\\\/qtmm.org\\\/wp-content\\\/uploads\\\/2024\\\/12\\\/ua-mejlis-logo-rgb.svg\",\"caption\":\"\u041c\u0435\u0434\u0436\u043b\u0456\u0441\"},\"image\":{\"@id\":\"https:\\\/\\\/qtmm.org\\\/qt\\\/#\\\/schema\\\/logo\\\/image\\\/\"},\"sameAs\":[\"https:\\\/\\\/www.facebook.com\\\/qtmm.info\\\/\"]},{\"@type\":\"Person\",\"@id\":\"https:\\\/\\\/qtmm.org\\\/qt\\\/#\\\/schema\\\/person\\\/de562469f971dec226ac06e60bbf74a7\",\"name\":\"Developer\",\"image\":{\"@type\":\"ImageObject\",\"inLanguage\":\"qt\",\"@id\":\"https:\\\/\\\/secure.gravatar.com\\\/avatar\\\/392b4cc8fbfeb00b39dfeeab4ee6edded39ffd48e25858637e4765810300227e?s=96&d=mm&r=g\",\"url\":\"https:\\\/\\\/secure.gravatar.com\\\/avatar\\\/392b4cc8fbfeb00b39dfeeab4ee6edded39ffd48e25858637e4765810300227e?s=96&d=mm&r=g\",\"contentUrl\":\"https:\\\/\\\/secure.gravatar.com\\\/avatar\\\/392b4cc8fbfeb00b39dfeeab4ee6edded39ffd48e25858637e4765810300227e?s=96&d=mm&r=g\",\"caption\":\"Developer\"},\"url\":\"https:\\\/\\\/qtmm.org\\\/qt\\\/author\\\/Developer\\\/\"}]}<\/script>\n<!-- \/ Yoast SEO plugin. -->","yoast_head_json":{"title":"Q\u0131r\u0131mtatar halq\u0131 Meclisini\u00f1 reisi Mustafa Cemilevni\u00f1 Y\u0131lba\u015f televizion hay\u0131rlav\u0131 - \u041c\u0435\u0434\u0436\u043b\u0456\u0441","robots":{"index":"index","follow":"follow","max-snippet":"max-snippet:-1","max-image-preview":"max-image-preview:large","max-video-preview":"max-video-preview:-1"},"canonical":"https:\/\/qtmm.org\/qt\/qirimtatar-halqi-meclisinin-reisi-mustafa-cemilevnin-yilbas-televizion-hayirlavi-2\/","og_locale":"en_US","og_type":"article","og_title":"Q\u0131r\u0131mtatar halq\u0131 Meclisini\u00f1 reisi Mustafa Cemilevni\u00f1 Y\u0131lba\u015f televizion hay\u0131rlav\u0131 - \u041c\u0435\u0434\u0436\u043b\u0456\u0441","og_description":"\u0130\u015fte, \u00f6mr\u00fcm\u00fcz\u00fcn daha bir y\u0131l\u0131 ke\u00e7ti ve d\u00fcnyan\u0131n b\u00fcy\u00fck k\u0131sm\u0131da qullan\u0131l\u011fan taqvime k\u00f6re 2013 y\u0131l\u0131n bosa\u011fas\u0131nday\u0131z. Ke\u00e7ken y\u0131l i\u00e7erisinde neler becerdik veya becerip olamad\u0131q, nas\u0131l qay\u0131plar\u0131m\u0131z oldu, yan\u0131 halk\u0131m\u0131z\u0131n durumunen ba\u011fl\u0131 esas vakialarn\u0131 k\u00f6zden ke\u00e7irmek, \u00f6n\u00fcm\u00fczdeki y\u0131lda beklentilerimiz, planlar\u0131m\u0131z hususta birka\u00e7 s\u00f6z s\u00f6ylemek isteyim. Halq\u0131m\u0131z\u0131n d\u0131qqat\u0131n\u0131n merkezinde ol\u011fan meselelerden birisi, elbette s\u00fcrg\u00fcnl\u00fckke u\u011frat\u0131l\u011fan milletlerin ve [&hellip;]","og_url":"https:\/\/qtmm.org\/qt\/qirimtatar-halqi-meclisinin-reisi-mustafa-cemilevnin-yilbas-televizion-hayirlavi-2\/","og_site_name":"\u041c\u0435\u0434\u0436\u043b\u0456\u0441","article_publisher":"https:\/\/www.facebook.com\/qtmm.info\/","article_published_time":"2013-01-03T13:21:00+00:00","article_modified_time":"2022-01-23T13:25:44+00:00","og_image":[{"width":650,"height":490,"url":"https:\/\/qtmm.org\/wp-content\/uploads\/2022\/01\/miting.jpg","type":"image\/jpeg"}],"author":"Developer","twitter_card":"summary_large_image","twitter_misc":{"Written by":"Developer","Est. reading time":"10 minutes"},"schema":{"@context":"https:\/\/schema.org","@graph":[{"@type":"Article","@id":"https:\/\/qtmm.org\/qt\/qirimtatar-halqi-meclisinin-reisi-mustafa-cemilevnin-yilbas-televizion-hayirlavi-2\/#article","isPartOf":{"@id":"https:\/\/qtmm.org\/qt\/qirimtatar-halqi-meclisinin-reisi-mustafa-cemilevnin-yilbas-televizion-hayirlavi-2\/"},"author":{"name":"Developer","@id":"https:\/\/qtmm.org\/qt\/#\/schema\/person\/de562469f971dec226ac06e60bbf74a7"},"headline":"Q\u0131r\u0131mtatar halq\u0131 Meclisini\u00f1 reisi Mustafa Cemilevni\u00f1 Y\u0131lba\u015f televizion hay\u0131rlav\u0131","datePublished":"2013-01-03T13:21:00+00:00","dateModified":"2022-01-23T13:25:44+00:00","mainEntityOfPage":{"@id":"https:\/\/qtmm.org\/qt\/qirimtatar-halqi-meclisinin-reisi-mustafa-cemilevnin-yilbas-televizion-hayirlavi-2\/"},"wordCount":2233,"commentCount":0,"publisher":{"@id":"https:\/\/qtmm.org\/qt\/#organization"},"image":{"@id":"https:\/\/qtmm.org\/qt\/qirimtatar-halqi-meclisinin-reisi-mustafa-cemilevnin-yilbas-televizion-hayirlavi-2\/#primaryimage"},"thumbnailUrl":"https:\/\/qtmm.org\/wp-content\/uploads\/2022\/01\/miting.jpg","articleSection":["Haberler"],"inLanguage":"qt","potentialAction":[{"@type":"CommentAction","name":"Comment","target":["https:\/\/qtmm.org\/qt\/qirimtatar-halqi-meclisinin-reisi-mustafa-cemilevnin-yilbas-televizion-hayirlavi-2\/#respond"]}]},{"@type":"WebPage","@id":"https:\/\/qtmm.org\/qt\/qirimtatar-halqi-meclisinin-reisi-mustafa-cemilevnin-yilbas-televizion-hayirlavi-2\/","url":"https:\/\/qtmm.org\/qt\/qirimtatar-halqi-meclisinin-reisi-mustafa-cemilevnin-yilbas-televizion-hayirlavi-2\/","name":"Q\u0131r\u0131mtatar halq\u0131 Meclisini\u00f1 reisi Mustafa Cemilevni\u00f1 Y\u0131lba\u015f televizion hay\u0131rlav\u0131 - \u041c\u0435\u0434\u0436\u043b\u0456\u0441","isPartOf":{"@id":"https:\/\/qtmm.org\/qt\/#website"},"primaryImageOfPage":{"@id":"https:\/\/qtmm.org\/qt\/qirimtatar-halqi-meclisinin-reisi-mustafa-cemilevnin-yilbas-televizion-hayirlavi-2\/#primaryimage"},"image":{"@id":"https:\/\/qtmm.org\/qt\/qirimtatar-halqi-meclisinin-reisi-mustafa-cemilevnin-yilbas-televizion-hayirlavi-2\/#primaryimage"},"thumbnailUrl":"https:\/\/qtmm.org\/wp-content\/uploads\/2022\/01\/miting.jpg","datePublished":"2013-01-03T13:21:00+00:00","dateModified":"2022-01-23T13:25:44+00:00","breadcrumb":{"@id":"https:\/\/qtmm.org\/qt\/qirimtatar-halqi-meclisinin-reisi-mustafa-cemilevnin-yilbas-televizion-hayirlavi-2\/#breadcrumb"},"inLanguage":"qt","potentialAction":[{"@type":"ReadAction","target":["https:\/\/qtmm.org\/qt\/qirimtatar-halqi-meclisinin-reisi-mustafa-cemilevnin-yilbas-televizion-hayirlavi-2\/"]}]},{"@type":"ImageObject","inLanguage":"qt","@id":"https:\/\/qtmm.org\/qt\/qirimtatar-halqi-meclisinin-reisi-mustafa-cemilevnin-yilbas-televizion-hayirlavi-2\/#primaryimage","url":"https:\/\/qtmm.org\/wp-content\/uploads\/2022\/01\/miting.jpg","contentUrl":"https:\/\/qtmm.org\/wp-content\/uploads\/2022\/01\/miting.jpg","width":650,"height":490},{"@type":"BreadcrumbList","@id":"https:\/\/qtmm.org\/qt\/qirimtatar-halqi-meclisinin-reisi-mustafa-cemilevnin-yilbas-televizion-hayirlavi-2\/#breadcrumb","itemListElement":[{"@type":"ListItem","position":1,"name":"\u0413\u043e\u043b\u043e\u0432\u043d\u0430","item":"https:\/\/qtmm.org\/qt\/"},{"@type":"ListItem","position":2,"name":"Q\u0131r\u0131mtatar halq\u0131 Meclisini\u00f1 reisi Mustafa Cemilevni\u00f1 Y\u0131lba\u015f televizion hay\u0131rlav\u0131"}]},{"@type":"WebSite","@id":"https:\/\/qtmm.org\/qt\/#website","url":"https:\/\/qtmm.org\/qt\/","name":"\u041c\u0435\u0434\u0436\u043b\u0456\u0441","description":"","publisher":{"@id":"https:\/\/qtmm.org\/qt\/#organization"},"potentialAction":[{"@type":"SearchAction","target":{"@type":"EntryPoint","urlTemplate":"https:\/\/qtmm.org\/qt\/?s={search_term_string}"},"query-input":{"@type":"PropertyValueSpecification","valueRequired":true,"valueName":"search_term_string"}}],"inLanguage":"qt"},{"@type":"Organization","@id":"https:\/\/qtmm.org\/qt\/#organization","name":"\u041c\u0435\u0434\u0436\u043b\u0456\u0441","url":"https:\/\/qtmm.org\/qt\/","logo":{"@type":"ImageObject","inLanguage":"qt","@id":"https:\/\/qtmm.org\/qt\/#\/schema\/logo\/image\/","url":"https:\/\/qtmm.org\/wp-content\/uploads\/2024\/12\/ua-mejlis-logo-rgb.svg","contentUrl":"https:\/\/qtmm.org\/wp-content\/uploads\/2024\/12\/ua-mejlis-logo-rgb.svg","caption":"\u041c\u0435\u0434\u0436\u043b\u0456\u0441"},"image":{"@id":"https:\/\/qtmm.org\/qt\/#\/schema\/logo\/image\/"},"sameAs":["https:\/\/www.facebook.com\/qtmm.info\/"]},{"@type":"Person","@id":"https:\/\/qtmm.org\/qt\/#\/schema\/person\/de562469f971dec226ac06e60bbf74a7","name":"Developer","image":{"@type":"ImageObject","inLanguage":"qt","@id":"https:\/\/secure.gravatar.com\/avatar\/392b4cc8fbfeb00b39dfeeab4ee6edded39ffd48e25858637e4765810300227e?s=96&d=mm&r=g","url":"https:\/\/secure.gravatar.com\/avatar\/392b4cc8fbfeb00b39dfeeab4ee6edded39ffd48e25858637e4765810300227e?s=96&d=mm&r=g","contentUrl":"https:\/\/secure.gravatar.com\/avatar\/392b4cc8fbfeb00b39dfeeab4ee6edded39ffd48e25858637e4765810300227e?s=96&d=mm&r=g","caption":"Developer"},"url":"https:\/\/qtmm.org\/qt\/author\/Developer\/"}]}},"_links":{"self":[{"href":"https:\/\/qtmm.org\/qt\/wp-json\/wp\/v2\/posts\/35687","targetHints":{"allow":["GET"]}}],"collection":[{"href":"https:\/\/qtmm.org\/qt\/wp-json\/wp\/v2\/posts"}],"about":[{"href":"https:\/\/qtmm.org\/qt\/wp-json\/wp\/v2\/types\/post"}],"author":[{"embeddable":true,"href":"https:\/\/qtmm.org\/qt\/wp-json\/wp\/v2\/users\/1"}],"replies":[{"embeddable":true,"href":"https:\/\/qtmm.org\/qt\/wp-json\/wp\/v2\/comments?post=35687"}],"version-history":[{"count":1,"href":"https:\/\/qtmm.org\/qt\/wp-json\/wp\/v2\/posts\/35687\/revisions"}],"predecessor-version":[{"id":35696,"href":"https:\/\/qtmm.org\/qt\/wp-json\/wp\/v2\/posts\/35687\/revisions\/35696"}],"wp:featuredmedia":[{"embeddable":true,"href":"https:\/\/qtmm.org\/qt\/wp-json\/wp\/v2\/media\/35692"}],"wp:attachment":[{"href":"https:\/\/qtmm.org\/qt\/wp-json\/wp\/v2\/media?parent=35687"}],"wp:term":[{"taxonomy":"category","embeddable":true,"href":"https:\/\/qtmm.org\/qt\/wp-json\/wp\/v2\/categories?post=35687"},{"taxonomy":"post_tag","embeddable":true,"href":"https:\/\/qtmm.org\/qt\/wp-json\/wp\/v2\/tags?post=35687"}],"curies":[{"name":"wp","href":"https:\/\/api.w.org\/{rel}","templated":true}]}}