




{"id":35681,"date":"2012-12-30T16:18:00","date_gmt":"2012-12-30T13:18:00","guid":{"rendered":"http:\/\/qtmm.org\/?p=35681"},"modified":"2022-01-23T16:19:36","modified_gmt":"2022-01-23T13:19:36","slug":"vladimir-bukovskiy-70-yasinda","status":"publish","type":"post","link":"https:\/\/qtmm.org\/qt\/vladimir-bukovskiy-70-yasinda\/","title":{"rendered":"Vladimir Bukovskiy 70 ya\u015f\u0131nda!"},"content":{"rendered":"\n<p class=\"has-text-align-center\"><strong>Q\u0131ymetli Vladimir!<\/strong><br>&nbsp;<\/p>\n\n\n\n<p>Q\u0131r\u0131mtatar halq\u0131n\u0131\u00f1 Meclisi ve \u015fahsen kendim ad\u0131mdan Sizni 70 ya\u015f\u0131\u00f1\u0131znen hay\u0131rlay\u0131m.<\/p>\n\n\n\n<p>Siz \u00f6m\u00fcri\u00f1izni\u00f1 b\u00fcy\u00fck bir q\u0131sm\u0131n\u0131 SSSR kommunist rejiminen amans\u0131z k\u00fcre\u015fke ba\u011f\u0131\u015flap, bug\u00fcn de zaman\u0131m\u0131zn\u0131\u00f1 insan ve halqlarn\u0131\u00f1 aqlar\u0131 i\u00e7\u00fcn e\u00f1 k\u00f6r\u00fcmli k\u00fcre\u015f\u00e7ilerinden birisi\u00f1iz.<\/p>\n\n\n\n<p>2012 senesi may\u0131s 19-da Aqmescitte sovet uquqqoruy\u0131c\u0131lar\u0131nen k\u00f6r\u00fc\u015f\u00fcvde Siz ve demokratik areket boyunca bir \u00e7oq meslekde\u015flerimizni\u00f1 i\u015ftiraki sayesinde SSSR uquqqoruv areketi i\u015ftirak\u00e7ilerini\u00f1 daima \u00f6tkerilgen mu\u015faveresi &#8211; QIRIM FORUMI meydan\u011fa keldi. On\u0131\u00f1 ba\u015f vazifelerinden biri bug\u00fcnki faallerge SSSRdeki uquqqoruv areketini\u00f1 tecribesinen payla\u015fmaqt\u0131r.<\/p>\n\n\n\n<p>Fursattan faydalan\u0131p, Sizge qaviy sa\u011fl\u0131q, icadiy muvafaqiyetler, sad\u0131q dost ve meslekde\u015fleri\u00f1iz dairesi keni\u015flemesini tileyim.<br><br><br><em>Say\u011f\u0131lar\u0131m ile,<br><br><strong>Mustafa Cemilev,<br>Q\u0131r\u0131mtatar halq\u0131 Meclisini\u00f1 reisi<\/strong><\/em><\/p>\n","protected":false},"excerpt":{"rendered":"<p>Q\u0131ymetli Vladimir!&nbsp; Q\u0131r\u0131mtatar halq\u0131n\u0131\u00f1 Meclisi ve \u015fahsen kendim ad\u0131mdan Sizni 70 ya\u015f\u0131\u00f1\u0131znen hay\u0131rlay\u0131m. Siz \u00f6m\u00fcri\u00f1izni\u00f1 b\u00fcy\u00fck bir q\u0131sm\u0131n\u0131 SSSR kommunist rejiminen amans\u0131z k\u00fcre\u015fke ba\u011f\u0131\u015flap, bug\u00fcn de zaman\u0131m\u0131zn\u0131\u00f1 insan ve halqlarn\u0131\u00f1 aqlar\u0131 i\u00e7\u00fcn e\u00f1 k\u00f6r\u00fcmli k\u00fcre\u015f\u00e7ilerinden birisi\u00f1iz. 2012 senesi may\u0131s 19-da Aqmescitte sovet uquqqoruy\u0131c\u0131lar\u0131nen k\u00f6r\u00fc\u015f\u00fcvde Siz ve demokratik areket boyunca bir \u00e7oq meslekde\u015flerimizni\u00f1 i\u015ftiraki sayesinde SSSR [&hellip;]<\/p>\n","protected":false},"author":1,"featured_media":35682,"comment_status":"open","ping_status":"open","sticky":false,"template":"","format":"standard","meta":{"inline_featured_image":false,"footnotes":""},"categories":[265],"tags":[],"class_list":["post-35681","post","type-post","status-publish","format-standard","has-post-thumbnail","hentry","category-haberler"],"acf":[],"yoast_head":"<!-- This site is optimized with the Yoast SEO plugin v27.4 - https:\/\/yoast.com\/product\/yoast-seo-wordpress\/ -->\n<title>Vladimir Bukovskiy 70 ya\u015f\u0131nda! - \u041c\u0435\u0434\u0436\u043b\u0456\u0441<\/title>\n<meta name=\"robots\" content=\"index, follow, max-snippet:-1, max-image-preview:large, max-video-preview:-1\" \/>\n<link rel=\"canonical\" href=\"https:\/\/qtmm.org\/qt\/vladimir-bukovskiy-70-yasinda\/\" \/>\n<meta property=\"og:locale\" content=\"en_US\" \/>\n<meta property=\"og:type\" content=\"article\" \/>\n<meta property=\"og:title\" content=\"Vladimir Bukovskiy 70 ya\u015f\u0131nda! - \u041c\u0435\u0434\u0436\u043b\u0456\u0441\" \/>\n<meta property=\"og:description\" content=\"Q\u0131ymetli Vladimir!&nbsp; Q\u0131r\u0131mtatar halq\u0131n\u0131\u00f1 Meclisi ve \u015fahsen kendim ad\u0131mdan Sizni 70 ya\u015f\u0131\u00f1\u0131znen hay\u0131rlay\u0131m. Siz \u00f6m\u00fcri\u00f1izni\u00f1 b\u00fcy\u00fck bir q\u0131sm\u0131n\u0131 SSSR kommunist rejiminen amans\u0131z k\u00fcre\u015fke ba\u011f\u0131\u015flap, bug\u00fcn de zaman\u0131m\u0131zn\u0131\u00f1 insan ve halqlarn\u0131\u00f1 aqlar\u0131 i\u00e7\u00fcn e\u00f1 k\u00f6r\u00fcmli k\u00fcre\u015f\u00e7ilerinden birisi\u00f1iz. 2012 senesi may\u0131s 19-da Aqmescitte sovet uquqqoruy\u0131c\u0131lar\u0131nen k\u00f6r\u00fc\u015f\u00fcvde Siz ve demokratik areket boyunca bir \u00e7oq meslekde\u015flerimizni\u00f1 i\u015ftiraki sayesinde SSSR [&hellip;]\" \/>\n<meta property=\"og:url\" content=\"https:\/\/qtmm.org\/qt\/vladimir-bukovskiy-70-yasinda\/\" \/>\n<meta property=\"og:site_name\" content=\"\u041c\u0435\u0434\u0436\u043b\u0456\u0441\" \/>\n<meta property=\"article:publisher\" content=\"https:\/\/www.facebook.com\/qtmm.info\/\" \/>\n<meta property=\"article:published_time\" content=\"2012-12-30T13:18:00+00:00\" \/>\n<meta property=\"article:modified_time\" content=\"2022-01-23T13:19:36+00:00\" \/>\n<meta property=\"og:image\" content=\"https:\/\/qtmm.org\/wp-content\/uploads\/2022\/01\/bukovskomu_70_let.jpeg\" \/>\n\t<meta property=\"og:image:width\" content=\"650\" \/>\n\t<meta property=\"og:image:height\" content=\"350\" \/>\n\t<meta property=\"og:image:type\" content=\"image\/jpeg\" \/>\n<meta name=\"author\" content=\"Developer\" \/>\n<meta name=\"twitter:card\" content=\"summary_large_image\" \/>\n<meta name=\"twitter:label1\" content=\"Written by\" \/>\n\t<meta name=\"twitter:data1\" content=\"Developer\" \/>\n\t<meta name=\"twitter:label2\" content=\"Est. reading time\" \/>\n\t<meta name=\"twitter:data2\" content=\"1 minute\" \/>\n<script type=\"application\/ld+json\" class=\"yoast-schema-graph\">{\"@context\":\"https:\\\/\\\/schema.org\",\"@graph\":[{\"@type\":\"Article\",\"@id\":\"https:\\\/\\\/qtmm.org\\\/qt\\\/vladimir-bukovskiy-70-yasinda\\\/#article\",\"isPartOf\":{\"@id\":\"https:\\\/\\\/qtmm.org\\\/qt\\\/vladimir-bukovskiy-70-yasinda\\\/\"},\"author\":{\"name\":\"Developer\",\"@id\":\"https:\\\/\\\/qtmm.org\\\/qt\\\/#\\\/schema\\\/person\\\/de562469f971dec226ac06e60bbf74a7\"},\"headline\":\"Vladimir Bukovskiy 70 ya\u015f\u0131nda!\",\"datePublished\":\"2012-12-30T13:18:00+00:00\",\"dateModified\":\"2022-01-23T13:19:36+00:00\",\"mainEntityOfPage\":{\"@id\":\"https:\\\/\\\/qtmm.org\\\/qt\\\/vladimir-bukovskiy-70-yasinda\\\/\"},\"wordCount\":155,\"commentCount\":0,\"publisher\":{\"@id\":\"https:\\\/\\\/qtmm.org\\\/qt\\\/#organization\"},\"image\":{\"@id\":\"https:\\\/\\\/qtmm.org\\\/qt\\\/vladimir-bukovskiy-70-yasinda\\\/#primaryimage\"},\"thumbnailUrl\":\"https:\\\/\\\/qtmm.org\\\/wp-content\\\/uploads\\\/2022\\\/01\\\/bukovskomu_70_let.jpeg\",\"articleSection\":[\"Haberler\"],\"inLanguage\":\"qt\",\"potentialAction\":[{\"@type\":\"CommentAction\",\"name\":\"Comment\",\"target\":[\"https:\\\/\\\/qtmm.org\\\/qt\\\/vladimir-bukovskiy-70-yasinda\\\/#respond\"]}]},{\"@type\":\"WebPage\",\"@id\":\"https:\\\/\\\/qtmm.org\\\/qt\\\/vladimir-bukovskiy-70-yasinda\\\/\",\"url\":\"https:\\\/\\\/qtmm.org\\\/qt\\\/vladimir-bukovskiy-70-yasinda\\\/\",\"name\":\"Vladimir Bukovskiy 70 ya\u015f\u0131nda! - \u041c\u0435\u0434\u0436\u043b\u0456\u0441\",\"isPartOf\":{\"@id\":\"https:\\\/\\\/qtmm.org\\\/qt\\\/#website\"},\"primaryImageOfPage\":{\"@id\":\"https:\\\/\\\/qtmm.org\\\/qt\\\/vladimir-bukovskiy-70-yasinda\\\/#primaryimage\"},\"image\":{\"@id\":\"https:\\\/\\\/qtmm.org\\\/qt\\\/vladimir-bukovskiy-70-yasinda\\\/#primaryimage\"},\"thumbnailUrl\":\"https:\\\/\\\/qtmm.org\\\/wp-content\\\/uploads\\\/2022\\\/01\\\/bukovskomu_70_let.jpeg\",\"datePublished\":\"2012-12-30T13:18:00+00:00\",\"dateModified\":\"2022-01-23T13:19:36+00:00\",\"breadcrumb\":{\"@id\":\"https:\\\/\\\/qtmm.org\\\/qt\\\/vladimir-bukovskiy-70-yasinda\\\/#breadcrumb\"},\"inLanguage\":\"qt\",\"potentialAction\":[{\"@type\":\"ReadAction\",\"target\":[\"https:\\\/\\\/qtmm.org\\\/qt\\\/vladimir-bukovskiy-70-yasinda\\\/\"]}]},{\"@type\":\"ImageObject\",\"inLanguage\":\"qt\",\"@id\":\"https:\\\/\\\/qtmm.org\\\/qt\\\/vladimir-bukovskiy-70-yasinda\\\/#primaryimage\",\"url\":\"https:\\\/\\\/qtmm.org\\\/wp-content\\\/uploads\\\/2022\\\/01\\\/bukovskomu_70_let.jpeg\",\"contentUrl\":\"https:\\\/\\\/qtmm.org\\\/wp-content\\\/uploads\\\/2022\\\/01\\\/bukovskomu_70_let.jpeg\",\"width\":650,\"height\":350},{\"@type\":\"BreadcrumbList\",\"@id\":\"https:\\\/\\\/qtmm.org\\\/qt\\\/vladimir-bukovskiy-70-yasinda\\\/#breadcrumb\",\"itemListElement\":[{\"@type\":\"ListItem\",\"position\":1,\"name\":\"\u0413\u043e\u043b\u043e\u0432\u043d\u0430\",\"item\":\"https:\\\/\\\/qtmm.org\\\/qt\\\/\"},{\"@type\":\"ListItem\",\"position\":2,\"name\":\"Vladimir Bukovskiy 70 ya\u015f\u0131nda!\"}]},{\"@type\":\"WebSite\",\"@id\":\"https:\\\/\\\/qtmm.org\\\/qt\\\/#website\",\"url\":\"https:\\\/\\\/qtmm.org\\\/qt\\\/\",\"name\":\"\u041c\u0435\u0434\u0436\u043b\u0456\u0441\",\"description\":\"\",\"publisher\":{\"@id\":\"https:\\\/\\\/qtmm.org\\\/qt\\\/#organization\"},\"potentialAction\":[{\"@type\":\"SearchAction\",\"target\":{\"@type\":\"EntryPoint\",\"urlTemplate\":\"https:\\\/\\\/qtmm.org\\\/qt\\\/?s={search_term_string}\"},\"query-input\":{\"@type\":\"PropertyValueSpecification\",\"valueRequired\":true,\"valueName\":\"search_term_string\"}}],\"inLanguage\":\"qt\"},{\"@type\":\"Organization\",\"@id\":\"https:\\\/\\\/qtmm.org\\\/qt\\\/#organization\",\"name\":\"\u041c\u0435\u0434\u0436\u043b\u0456\u0441\",\"url\":\"https:\\\/\\\/qtmm.org\\\/qt\\\/\",\"logo\":{\"@type\":\"ImageObject\",\"inLanguage\":\"qt\",\"@id\":\"https:\\\/\\\/qtmm.org\\\/qt\\\/#\\\/schema\\\/logo\\\/image\\\/\",\"url\":\"https:\\\/\\\/qtmm.org\\\/wp-content\\\/uploads\\\/2024\\\/12\\\/ua-mejlis-logo-rgb.svg\",\"contentUrl\":\"https:\\\/\\\/qtmm.org\\\/wp-content\\\/uploads\\\/2024\\\/12\\\/ua-mejlis-logo-rgb.svg\",\"caption\":\"\u041c\u0435\u0434\u0436\u043b\u0456\u0441\"},\"image\":{\"@id\":\"https:\\\/\\\/qtmm.org\\\/qt\\\/#\\\/schema\\\/logo\\\/image\\\/\"},\"sameAs\":[\"https:\\\/\\\/www.facebook.com\\\/qtmm.info\\\/\"]},{\"@type\":\"Person\",\"@id\":\"https:\\\/\\\/qtmm.org\\\/qt\\\/#\\\/schema\\\/person\\\/de562469f971dec226ac06e60bbf74a7\",\"name\":\"Developer\",\"image\":{\"@type\":\"ImageObject\",\"inLanguage\":\"qt\",\"@id\":\"https:\\\/\\\/secure.gravatar.com\\\/avatar\\\/392b4cc8fbfeb00b39dfeeab4ee6edded39ffd48e25858637e4765810300227e?s=96&d=mm&r=g\",\"url\":\"https:\\\/\\\/secure.gravatar.com\\\/avatar\\\/392b4cc8fbfeb00b39dfeeab4ee6edded39ffd48e25858637e4765810300227e?s=96&d=mm&r=g\",\"contentUrl\":\"https:\\\/\\\/secure.gravatar.com\\\/avatar\\\/392b4cc8fbfeb00b39dfeeab4ee6edded39ffd48e25858637e4765810300227e?s=96&d=mm&r=g\",\"caption\":\"Developer\"},\"url\":\"https:\\\/\\\/qtmm.org\\\/qt\\\/author\\\/Developer\\\/\"}]}<\/script>\n<!-- \/ Yoast SEO plugin. -->","yoast_head_json":{"title":"Vladimir Bukovskiy 70 ya\u015f\u0131nda! - \u041c\u0435\u0434\u0436\u043b\u0456\u0441","robots":{"index":"index","follow":"follow","max-snippet":"max-snippet:-1","max-image-preview":"max-image-preview:large","max-video-preview":"max-video-preview:-1"},"canonical":"https:\/\/qtmm.org\/qt\/vladimir-bukovskiy-70-yasinda\/","og_locale":"en_US","og_type":"article","og_title":"Vladimir Bukovskiy 70 ya\u015f\u0131nda! - \u041c\u0435\u0434\u0436\u043b\u0456\u0441","og_description":"Q\u0131ymetli Vladimir!&nbsp; Q\u0131r\u0131mtatar halq\u0131n\u0131\u00f1 Meclisi ve \u015fahsen kendim ad\u0131mdan Sizni 70 ya\u015f\u0131\u00f1\u0131znen hay\u0131rlay\u0131m. Siz \u00f6m\u00fcri\u00f1izni\u00f1 b\u00fcy\u00fck bir q\u0131sm\u0131n\u0131 SSSR kommunist rejiminen amans\u0131z k\u00fcre\u015fke ba\u011f\u0131\u015flap, bug\u00fcn de zaman\u0131m\u0131zn\u0131\u00f1 insan ve halqlarn\u0131\u00f1 aqlar\u0131 i\u00e7\u00fcn e\u00f1 k\u00f6r\u00fcmli k\u00fcre\u015f\u00e7ilerinden birisi\u00f1iz. 2012 senesi may\u0131s 19-da Aqmescitte sovet uquqqoruy\u0131c\u0131lar\u0131nen k\u00f6r\u00fc\u015f\u00fcvde Siz ve demokratik areket boyunca bir \u00e7oq meslekde\u015flerimizni\u00f1 i\u015ftiraki sayesinde SSSR [&hellip;]","og_url":"https:\/\/qtmm.org\/qt\/vladimir-bukovskiy-70-yasinda\/","og_site_name":"\u041c\u0435\u0434\u0436\u043b\u0456\u0441","article_publisher":"https:\/\/www.facebook.com\/qtmm.info\/","article_published_time":"2012-12-30T13:18:00+00:00","article_modified_time":"2022-01-23T13:19:36+00:00","og_image":[{"width":650,"height":350,"url":"https:\/\/qtmm.org\/wp-content\/uploads\/2022\/01\/bukovskomu_70_let.jpeg","type":"image\/jpeg"}],"author":"Developer","twitter_card":"summary_large_image","twitter_misc":{"Written by":"Developer","Est. reading time":"1 minute"},"schema":{"@context":"https:\/\/schema.org","@graph":[{"@type":"Article","@id":"https:\/\/qtmm.org\/qt\/vladimir-bukovskiy-70-yasinda\/#article","isPartOf":{"@id":"https:\/\/qtmm.org\/qt\/vladimir-bukovskiy-70-yasinda\/"},"author":{"name":"Developer","@id":"https:\/\/qtmm.org\/qt\/#\/schema\/person\/de562469f971dec226ac06e60bbf74a7"},"headline":"Vladimir Bukovskiy 70 ya\u015f\u0131nda!","datePublished":"2012-12-30T13:18:00+00:00","dateModified":"2022-01-23T13:19:36+00:00","mainEntityOfPage":{"@id":"https:\/\/qtmm.org\/qt\/vladimir-bukovskiy-70-yasinda\/"},"wordCount":155,"commentCount":0,"publisher":{"@id":"https:\/\/qtmm.org\/qt\/#organization"},"image":{"@id":"https:\/\/qtmm.org\/qt\/vladimir-bukovskiy-70-yasinda\/#primaryimage"},"thumbnailUrl":"https:\/\/qtmm.org\/wp-content\/uploads\/2022\/01\/bukovskomu_70_let.jpeg","articleSection":["Haberler"],"inLanguage":"qt","potentialAction":[{"@type":"CommentAction","name":"Comment","target":["https:\/\/qtmm.org\/qt\/vladimir-bukovskiy-70-yasinda\/#respond"]}]},{"@type":"WebPage","@id":"https:\/\/qtmm.org\/qt\/vladimir-bukovskiy-70-yasinda\/","url":"https:\/\/qtmm.org\/qt\/vladimir-bukovskiy-70-yasinda\/","name":"Vladimir Bukovskiy 70 ya\u015f\u0131nda! - \u041c\u0435\u0434\u0436\u043b\u0456\u0441","isPartOf":{"@id":"https:\/\/qtmm.org\/qt\/#website"},"primaryImageOfPage":{"@id":"https:\/\/qtmm.org\/qt\/vladimir-bukovskiy-70-yasinda\/#primaryimage"},"image":{"@id":"https:\/\/qtmm.org\/qt\/vladimir-bukovskiy-70-yasinda\/#primaryimage"},"thumbnailUrl":"https:\/\/qtmm.org\/wp-content\/uploads\/2022\/01\/bukovskomu_70_let.jpeg","datePublished":"2012-12-30T13:18:00+00:00","dateModified":"2022-01-23T13:19:36+00:00","breadcrumb":{"@id":"https:\/\/qtmm.org\/qt\/vladimir-bukovskiy-70-yasinda\/#breadcrumb"},"inLanguage":"qt","potentialAction":[{"@type":"ReadAction","target":["https:\/\/qtmm.org\/qt\/vladimir-bukovskiy-70-yasinda\/"]}]},{"@type":"ImageObject","inLanguage":"qt","@id":"https:\/\/qtmm.org\/qt\/vladimir-bukovskiy-70-yasinda\/#primaryimage","url":"https:\/\/qtmm.org\/wp-content\/uploads\/2022\/01\/bukovskomu_70_let.jpeg","contentUrl":"https:\/\/qtmm.org\/wp-content\/uploads\/2022\/01\/bukovskomu_70_let.jpeg","width":650,"height":350},{"@type":"BreadcrumbList","@id":"https:\/\/qtmm.org\/qt\/vladimir-bukovskiy-70-yasinda\/#breadcrumb","itemListElement":[{"@type":"ListItem","position":1,"name":"\u0413\u043e\u043b\u043e\u0432\u043d\u0430","item":"https:\/\/qtmm.org\/qt\/"},{"@type":"ListItem","position":2,"name":"Vladimir Bukovskiy 70 ya\u015f\u0131nda!"}]},{"@type":"WebSite","@id":"https:\/\/qtmm.org\/qt\/#website","url":"https:\/\/qtmm.org\/qt\/","name":"\u041c\u0435\u0434\u0436\u043b\u0456\u0441","description":"","publisher":{"@id":"https:\/\/qtmm.org\/qt\/#organization"},"potentialAction":[{"@type":"SearchAction","target":{"@type":"EntryPoint","urlTemplate":"https:\/\/qtmm.org\/qt\/?s={search_term_string}"},"query-input":{"@type":"PropertyValueSpecification","valueRequired":true,"valueName":"search_term_string"}}],"inLanguage":"qt"},{"@type":"Organization","@id":"https:\/\/qtmm.org\/qt\/#organization","name":"\u041c\u0435\u0434\u0436\u043b\u0456\u0441","url":"https:\/\/qtmm.org\/qt\/","logo":{"@type":"ImageObject","inLanguage":"qt","@id":"https:\/\/qtmm.org\/qt\/#\/schema\/logo\/image\/","url":"https:\/\/qtmm.org\/wp-content\/uploads\/2024\/12\/ua-mejlis-logo-rgb.svg","contentUrl":"https:\/\/qtmm.org\/wp-content\/uploads\/2024\/12\/ua-mejlis-logo-rgb.svg","caption":"\u041c\u0435\u0434\u0436\u043b\u0456\u0441"},"image":{"@id":"https:\/\/qtmm.org\/qt\/#\/schema\/logo\/image\/"},"sameAs":["https:\/\/www.facebook.com\/qtmm.info\/"]},{"@type":"Person","@id":"https:\/\/qtmm.org\/qt\/#\/schema\/person\/de562469f971dec226ac06e60bbf74a7","name":"Developer","image":{"@type":"ImageObject","inLanguage":"qt","@id":"https:\/\/secure.gravatar.com\/avatar\/392b4cc8fbfeb00b39dfeeab4ee6edded39ffd48e25858637e4765810300227e?s=96&d=mm&r=g","url":"https:\/\/secure.gravatar.com\/avatar\/392b4cc8fbfeb00b39dfeeab4ee6edded39ffd48e25858637e4765810300227e?s=96&d=mm&r=g","contentUrl":"https:\/\/secure.gravatar.com\/avatar\/392b4cc8fbfeb00b39dfeeab4ee6edded39ffd48e25858637e4765810300227e?s=96&d=mm&r=g","caption":"Developer"},"url":"https:\/\/qtmm.org\/qt\/author\/Developer\/"}]}},"_links":{"self":[{"href":"https:\/\/qtmm.org\/qt\/wp-json\/wp\/v2\/posts\/35681","targetHints":{"allow":["GET"]}}],"collection":[{"href":"https:\/\/qtmm.org\/qt\/wp-json\/wp\/v2\/posts"}],"about":[{"href":"https:\/\/qtmm.org\/qt\/wp-json\/wp\/v2\/types\/post"}],"author":[{"embeddable":true,"href":"https:\/\/qtmm.org\/qt\/wp-json\/wp\/v2\/users\/1"}],"replies":[{"embeddable":true,"href":"https:\/\/qtmm.org\/qt\/wp-json\/wp\/v2\/comments?post=35681"}],"version-history":[{"count":1,"href":"https:\/\/qtmm.org\/qt\/wp-json\/wp\/v2\/posts\/35681\/revisions"}],"predecessor-version":[{"id":35686,"href":"https:\/\/qtmm.org\/qt\/wp-json\/wp\/v2\/posts\/35681\/revisions\/35686"}],"wp:featuredmedia":[{"embeddable":true,"href":"https:\/\/qtmm.org\/qt\/wp-json\/wp\/v2\/media\/35682"}],"wp:attachment":[{"href":"https:\/\/qtmm.org\/qt\/wp-json\/wp\/v2\/media?parent=35681"}],"wp:term":[{"taxonomy":"category","embeddable":true,"href":"https:\/\/qtmm.org\/qt\/wp-json\/wp\/v2\/categories?post=35681"},{"taxonomy":"post_tag","embeddable":true,"href":"https:\/\/qtmm.org\/qt\/wp-json\/wp\/v2\/tags?post=35681"}],"curies":[{"name":"wp","href":"https:\/\/api.w.org\/{rel}","templated":true}]}}