




{"id":35675,"date":"2012-12-28T16:17:00","date_gmt":"2012-12-28T13:17:00","guid":{"rendered":"http:\/\/qtmm.org\/?p=35675"},"modified":"2022-01-23T16:18:18","modified_gmt":"2022-01-23T13:18:18","slug":"mustafa-cemilev-biz-akimiyet-dogru-dep-tanigan-seyni-degil-kendimiz-dogru-tanigan-seyni-soylemege-alistiq","status":"publish","type":"post","link":"https:\/\/qtmm.org\/qt\/mustafa-cemilev-biz-akimiyet-dogru-dep-tanigan-seyni-degil-kendimiz-dogru-tanigan-seyni-soylemege-alistiq\/","title":{"rendered":"Mustafa Cemilev: \u00abBiz akimiyet do\u011fru, dep tan\u0131\u011fan \u015feyni degil, kendimiz do\u011fru tan\u0131\u011fan \u015feyni s\u00f6ylemege al\u0131\u015ft\u0131q\u00bb"},"content":{"rendered":"\n<p>&#8220;Perekr\u00f6stok&#8221; programmas\u0131n\u0131\u00f1 al\u0131p bar\u0131c\u0131s\u0131 Nariman Cel\u00e2l Meclis reisine Q\u0131r\u0131mtatar halq\u0131n\u0131\u00f1 keyfi, Meclis faaliyeti husus\u0131ndaki fikirleri aqq\u0131nda b\u00f6yle sual berdi: &#8220;2012 senesi devam\u0131nda q\u0131r\u0131mtatarlar aras\u0131nda \u00f6yleleri de tap\u0131ld\u0131 ki, angileri &#8220;ne i\u00e7\u00fcn biz muhalifetke qoltutam\u0131z, keli\u00f1iz biz akimiyet partiyas\u0131na qoltutay\u0131q ki, meselelerimiz tezce \u00e7ezilsin. Bu fikirge cemaat te\u015fkil\u00e2tlar\u0131 ve atta Qurultayn\u0131\u00f1 baz\u0131 bir delegatlar\u0131 qo\u015fulalar. Ke\u00e7enlerde programmam\u0131zn\u0131\u00f1 musafiri ol\u011fan Q\u0131r\u0131m Yuqar\u0131 \u015euras\u0131nda &#8220;Qurultay-Ruh fraktsiyas\u0131ndan deputat Enver Abduraimov ne sebepten Meclis akimiyet partiyas\u0131nen s\u0131q\u0131 al\u00e2qada bulunma\u011fa istemegenini a\u00f1lamay\u0131m, dedi&#8221;.<\/p>\n\n\n\n<p>Meclis reisi Mustafa Cemilev dedi ki, b\u00f6yle beyanatlar\u011fa o, siyasiy konformizm dep q\u0131ymet kese. Halq aras\u0131nda bu\u00f1a daa da keskin fiyat keseler.<br>&#8220;Bu ne \u2013 akimiyet nas\u0131l olsa-olsun, biz on\u0131 medh etip, pe\u015findenmi ketecekmiz ve bizge de bir \u015feyler t\u00fc\u015fer, dep bekleycekmizmi? \u2013 dedi Meclis ba\u015fqan\u0131. Ya\u015f siyaset\u00e7i Enver Abduraimov \u011faliba Q\u0131r\u0131mtatar milliy areketini\u00f1 as\u0131l\u0131n\u0131 a\u00f1lamay. Biz daima belli bir temelli printsiplerge esaslanaraq, milliy demokratik areketlerge qoltutt\u0131q&#8221;.<\/p>\n","protected":false},"excerpt":{"rendered":"<p>&#8220;Perekr\u00f6stok&#8221; programmas\u0131n\u0131\u00f1 al\u0131p bar\u0131c\u0131s\u0131 Nariman Cel\u00e2l Meclis reisine Q\u0131r\u0131mtatar halq\u0131n\u0131\u00f1 keyfi, Meclis faaliyeti husus\u0131ndaki fikirleri aqq\u0131nda b\u00f6yle sual berdi: &#8220;2012 senesi devam\u0131nda q\u0131r\u0131mtatarlar aras\u0131nda \u00f6yleleri de tap\u0131ld\u0131 ki, angileri &#8220;ne i\u00e7\u00fcn biz muhalifetke qoltutam\u0131z, keli\u00f1iz biz akimiyet partiyas\u0131na qoltutay\u0131q ki, meselelerimiz tezce \u00e7ezilsin. Bu fikirge cemaat te\u015fkil\u00e2tlar\u0131 ve atta Qurultayn\u0131\u00f1 baz\u0131 bir delegatlar\u0131 qo\u015fulalar. Ke\u00e7enlerde [&hellip;]<\/p>\n","protected":false},"author":1,"featured_media":35676,"comment_status":"open","ping_status":"open","sticky":false,"template":"","format":"standard","meta":{"inline_featured_image":false,"footnotes":""},"categories":[265],"tags":[],"class_list":["post-35675","post","type-post","status-publish","format-standard","has-post-thumbnail","hentry","category-haberler"],"acf":[],"yoast_head":"<!-- This site is optimized with the Yoast SEO plugin v27.4 - https:\/\/yoast.com\/product\/yoast-seo-wordpress\/ -->\n<title>Mustafa Cemilev: \u00abBiz akimiyet do\u011fru, dep tan\u0131\u011fan \u015feyni degil, kendimiz do\u011fru tan\u0131\u011fan \u015feyni s\u00f6ylemege al\u0131\u015ft\u0131q\u00bb - \u041c\u0435\u0434\u0436\u043b\u0456\u0441<\/title>\n<meta name=\"robots\" content=\"index, follow, max-snippet:-1, max-image-preview:large, max-video-preview:-1\" \/>\n<link rel=\"canonical\" href=\"https:\/\/qtmm.org\/qt\/mustafa-cemilev-biz-akimiyet-dogru-dep-tanigan-seyni-degil-kendimiz-dogru-tanigan-seyni-soylemege-alistiq\/\" \/>\n<meta property=\"og:locale\" content=\"en_US\" \/>\n<meta property=\"og:type\" content=\"article\" \/>\n<meta property=\"og:title\" content=\"Mustafa Cemilev: \u00abBiz akimiyet do\u011fru, dep tan\u0131\u011fan \u015feyni degil, kendimiz do\u011fru tan\u0131\u011fan \u015feyni s\u00f6ylemege al\u0131\u015ft\u0131q\u00bb - \u041c\u0435\u0434\u0436\u043b\u0456\u0441\" \/>\n<meta property=\"og:description\" content=\"&#8220;Perekr\u00f6stok&#8221; programmas\u0131n\u0131\u00f1 al\u0131p bar\u0131c\u0131s\u0131 Nariman Cel\u00e2l Meclis reisine Q\u0131r\u0131mtatar halq\u0131n\u0131\u00f1 keyfi, Meclis faaliyeti husus\u0131ndaki fikirleri aqq\u0131nda b\u00f6yle sual berdi: &#8220;2012 senesi devam\u0131nda q\u0131r\u0131mtatarlar aras\u0131nda \u00f6yleleri de tap\u0131ld\u0131 ki, angileri &#8220;ne i\u00e7\u00fcn biz muhalifetke qoltutam\u0131z, keli\u00f1iz biz akimiyet partiyas\u0131na qoltutay\u0131q ki, meselelerimiz tezce \u00e7ezilsin. Bu fikirge cemaat te\u015fkil\u00e2tlar\u0131 ve atta Qurultayn\u0131\u00f1 baz\u0131 bir delegatlar\u0131 qo\u015fulalar. Ke\u00e7enlerde [&hellip;]\" \/>\n<meta property=\"og:url\" content=\"https:\/\/qtmm.org\/qt\/mustafa-cemilev-biz-akimiyet-dogru-dep-tanigan-seyni-degil-kendimiz-dogru-tanigan-seyni-soylemege-alistiq\/\" \/>\n<meta property=\"og:site_name\" content=\"\u041c\u0435\u0434\u0436\u043b\u0456\u0441\" \/>\n<meta property=\"article:publisher\" content=\"https:\/\/www.facebook.com\/qtmm.info\/\" \/>\n<meta property=\"article:published_time\" content=\"2012-12-28T13:17:00+00:00\" \/>\n<meta property=\"article:modified_time\" content=\"2022-01-23T13:18:18+00:00\" \/>\n<meta property=\"og:image\" content=\"https:\/\/qtmm.org\/wp-content\/uploads\/2022\/01\/img_0552.jpeg\" \/>\n\t<meta property=\"og:image:width\" content=\"800\" \/>\n\t<meta property=\"og:image:height\" content=\"600\" \/>\n\t<meta property=\"og:image:type\" content=\"image\/jpeg\" \/>\n<meta name=\"author\" content=\"Developer\" \/>\n<meta name=\"twitter:card\" content=\"summary_large_image\" \/>\n<meta name=\"twitter:label1\" content=\"Written by\" \/>\n\t<meta name=\"twitter:data1\" content=\"Developer\" \/>\n\t<meta name=\"twitter:label2\" content=\"Est. reading time\" \/>\n\t<meta name=\"twitter:data2\" content=\"1 minute\" \/>\n<script type=\"application\/ld+json\" class=\"yoast-schema-graph\">{\"@context\":\"https:\\\/\\\/schema.org\",\"@graph\":[{\"@type\":\"Article\",\"@id\":\"https:\\\/\\\/qtmm.org\\\/qt\\\/mustafa-cemilev-biz-akimiyet-dogru-dep-tanigan-seyni-degil-kendimiz-dogru-tanigan-seyni-soylemege-alistiq\\\/#article\",\"isPartOf\":{\"@id\":\"https:\\\/\\\/qtmm.org\\\/qt\\\/mustafa-cemilev-biz-akimiyet-dogru-dep-tanigan-seyni-degil-kendimiz-dogru-tanigan-seyni-soylemege-alistiq\\\/\"},\"author\":{\"name\":\"Developer\",\"@id\":\"https:\\\/\\\/qtmm.org\\\/qt\\\/#\\\/schema\\\/person\\\/de562469f971dec226ac06e60bbf74a7\"},\"headline\":\"Mustafa Cemilev: \u00abBiz akimiyet do\u011fru, dep tan\u0131\u011fan \u015feyni degil, kendimiz do\u011fru tan\u0131\u011fan \u015feyni s\u00f6ylemege al\u0131\u015ft\u0131q\u00bb\",\"datePublished\":\"2012-12-28T13:17:00+00:00\",\"dateModified\":\"2022-01-23T13:18:18+00:00\",\"mainEntityOfPage\":{\"@id\":\"https:\\\/\\\/qtmm.org\\\/qt\\\/mustafa-cemilev-biz-akimiyet-dogru-dep-tanigan-seyni-degil-kendimiz-dogru-tanigan-seyni-soylemege-alistiq\\\/\"},\"wordCount\":217,\"commentCount\":0,\"publisher\":{\"@id\":\"https:\\\/\\\/qtmm.org\\\/qt\\\/#organization\"},\"image\":{\"@id\":\"https:\\\/\\\/qtmm.org\\\/qt\\\/mustafa-cemilev-biz-akimiyet-dogru-dep-tanigan-seyni-degil-kendimiz-dogru-tanigan-seyni-soylemege-alistiq\\\/#primaryimage\"},\"thumbnailUrl\":\"https:\\\/\\\/qtmm.org\\\/wp-content\\\/uploads\\\/2022\\\/01\\\/img_0552.jpeg\",\"articleSection\":[\"Haberler\"],\"inLanguage\":\"qt\",\"potentialAction\":[{\"@type\":\"CommentAction\",\"name\":\"Comment\",\"target\":[\"https:\\\/\\\/qtmm.org\\\/qt\\\/mustafa-cemilev-biz-akimiyet-dogru-dep-tanigan-seyni-degil-kendimiz-dogru-tanigan-seyni-soylemege-alistiq\\\/#respond\"]}]},{\"@type\":\"WebPage\",\"@id\":\"https:\\\/\\\/qtmm.org\\\/qt\\\/mustafa-cemilev-biz-akimiyet-dogru-dep-tanigan-seyni-degil-kendimiz-dogru-tanigan-seyni-soylemege-alistiq\\\/\",\"url\":\"https:\\\/\\\/qtmm.org\\\/qt\\\/mustafa-cemilev-biz-akimiyet-dogru-dep-tanigan-seyni-degil-kendimiz-dogru-tanigan-seyni-soylemege-alistiq\\\/\",\"name\":\"Mustafa Cemilev: \u00abBiz akimiyet do\u011fru, dep tan\u0131\u011fan \u015feyni degil, kendimiz do\u011fru tan\u0131\u011fan \u015feyni s\u00f6ylemege al\u0131\u015ft\u0131q\u00bb - \u041c\u0435\u0434\u0436\u043b\u0456\u0441\",\"isPartOf\":{\"@id\":\"https:\\\/\\\/qtmm.org\\\/qt\\\/#website\"},\"primaryImageOfPage\":{\"@id\":\"https:\\\/\\\/qtmm.org\\\/qt\\\/mustafa-cemilev-biz-akimiyet-dogru-dep-tanigan-seyni-degil-kendimiz-dogru-tanigan-seyni-soylemege-alistiq\\\/#primaryimage\"},\"image\":{\"@id\":\"https:\\\/\\\/qtmm.org\\\/qt\\\/mustafa-cemilev-biz-akimiyet-dogru-dep-tanigan-seyni-degil-kendimiz-dogru-tanigan-seyni-soylemege-alistiq\\\/#primaryimage\"},\"thumbnailUrl\":\"https:\\\/\\\/qtmm.org\\\/wp-content\\\/uploads\\\/2022\\\/01\\\/img_0552.jpeg\",\"datePublished\":\"2012-12-28T13:17:00+00:00\",\"dateModified\":\"2022-01-23T13:18:18+00:00\",\"breadcrumb\":{\"@id\":\"https:\\\/\\\/qtmm.org\\\/qt\\\/mustafa-cemilev-biz-akimiyet-dogru-dep-tanigan-seyni-degil-kendimiz-dogru-tanigan-seyni-soylemege-alistiq\\\/#breadcrumb\"},\"inLanguage\":\"qt\",\"potentialAction\":[{\"@type\":\"ReadAction\",\"target\":[\"https:\\\/\\\/qtmm.org\\\/qt\\\/mustafa-cemilev-biz-akimiyet-dogru-dep-tanigan-seyni-degil-kendimiz-dogru-tanigan-seyni-soylemege-alistiq\\\/\"]}]},{\"@type\":\"ImageObject\",\"inLanguage\":\"qt\",\"@id\":\"https:\\\/\\\/qtmm.org\\\/qt\\\/mustafa-cemilev-biz-akimiyet-dogru-dep-tanigan-seyni-degil-kendimiz-dogru-tanigan-seyni-soylemege-alistiq\\\/#primaryimage\",\"url\":\"https:\\\/\\\/qtmm.org\\\/wp-content\\\/uploads\\\/2022\\\/01\\\/img_0552.jpeg\",\"contentUrl\":\"https:\\\/\\\/qtmm.org\\\/wp-content\\\/uploads\\\/2022\\\/01\\\/img_0552.jpeg\",\"width\":800,\"height\":600},{\"@type\":\"BreadcrumbList\",\"@id\":\"https:\\\/\\\/qtmm.org\\\/qt\\\/mustafa-cemilev-biz-akimiyet-dogru-dep-tanigan-seyni-degil-kendimiz-dogru-tanigan-seyni-soylemege-alistiq\\\/#breadcrumb\",\"itemListElement\":[{\"@type\":\"ListItem\",\"position\":1,\"name\":\"\u0413\u043e\u043b\u043e\u0432\u043d\u0430\",\"item\":\"https:\\\/\\\/qtmm.org\\\/qt\\\/\"},{\"@type\":\"ListItem\",\"position\":2,\"name\":\"Mustafa Cemilev: \u00abBiz akimiyet do\u011fru, dep tan\u0131\u011fan \u015feyni degil, kendimiz do\u011fru tan\u0131\u011fan \u015feyni s\u00f6ylemege al\u0131\u015ft\u0131q\u00bb\"}]},{\"@type\":\"WebSite\",\"@id\":\"https:\\\/\\\/qtmm.org\\\/qt\\\/#website\",\"url\":\"https:\\\/\\\/qtmm.org\\\/qt\\\/\",\"name\":\"\u041c\u0435\u0434\u0436\u043b\u0456\u0441\",\"description\":\"\",\"publisher\":{\"@id\":\"https:\\\/\\\/qtmm.org\\\/qt\\\/#organization\"},\"potentialAction\":[{\"@type\":\"SearchAction\",\"target\":{\"@type\":\"EntryPoint\",\"urlTemplate\":\"https:\\\/\\\/qtmm.org\\\/qt\\\/?s={search_term_string}\"},\"query-input\":{\"@type\":\"PropertyValueSpecification\",\"valueRequired\":true,\"valueName\":\"search_term_string\"}}],\"inLanguage\":\"qt\"},{\"@type\":\"Organization\",\"@id\":\"https:\\\/\\\/qtmm.org\\\/qt\\\/#organization\",\"name\":\"\u041c\u0435\u0434\u0436\u043b\u0456\u0441\",\"url\":\"https:\\\/\\\/qtmm.org\\\/qt\\\/\",\"logo\":{\"@type\":\"ImageObject\",\"inLanguage\":\"qt\",\"@id\":\"https:\\\/\\\/qtmm.org\\\/qt\\\/#\\\/schema\\\/logo\\\/image\\\/\",\"url\":\"https:\\\/\\\/qtmm.org\\\/wp-content\\\/uploads\\\/2024\\\/12\\\/ua-mejlis-logo-rgb.svg\",\"contentUrl\":\"https:\\\/\\\/qtmm.org\\\/wp-content\\\/uploads\\\/2024\\\/12\\\/ua-mejlis-logo-rgb.svg\",\"caption\":\"\u041c\u0435\u0434\u0436\u043b\u0456\u0441\"},\"image\":{\"@id\":\"https:\\\/\\\/qtmm.org\\\/qt\\\/#\\\/schema\\\/logo\\\/image\\\/\"},\"sameAs\":[\"https:\\\/\\\/www.facebook.com\\\/qtmm.info\\\/\"]},{\"@type\":\"Person\",\"@id\":\"https:\\\/\\\/qtmm.org\\\/qt\\\/#\\\/schema\\\/person\\\/de562469f971dec226ac06e60bbf74a7\",\"name\":\"Developer\",\"image\":{\"@type\":\"ImageObject\",\"inLanguage\":\"qt\",\"@id\":\"https:\\\/\\\/secure.gravatar.com\\\/avatar\\\/392b4cc8fbfeb00b39dfeeab4ee6edded39ffd48e25858637e4765810300227e?s=96&d=mm&r=g\",\"url\":\"https:\\\/\\\/secure.gravatar.com\\\/avatar\\\/392b4cc8fbfeb00b39dfeeab4ee6edded39ffd48e25858637e4765810300227e?s=96&d=mm&r=g\",\"contentUrl\":\"https:\\\/\\\/secure.gravatar.com\\\/avatar\\\/392b4cc8fbfeb00b39dfeeab4ee6edded39ffd48e25858637e4765810300227e?s=96&d=mm&r=g\",\"caption\":\"Developer\"},\"url\":\"https:\\\/\\\/qtmm.org\\\/qt\\\/author\\\/Developer\\\/\"}]}<\/script>\n<!-- \/ Yoast SEO plugin. -->","yoast_head_json":{"title":"Mustafa Cemilev: \u00abBiz akimiyet do\u011fru, dep tan\u0131\u011fan \u015feyni degil, kendimiz do\u011fru tan\u0131\u011fan \u015feyni s\u00f6ylemege al\u0131\u015ft\u0131q\u00bb - \u041c\u0435\u0434\u0436\u043b\u0456\u0441","robots":{"index":"index","follow":"follow","max-snippet":"max-snippet:-1","max-image-preview":"max-image-preview:large","max-video-preview":"max-video-preview:-1"},"canonical":"https:\/\/qtmm.org\/qt\/mustafa-cemilev-biz-akimiyet-dogru-dep-tanigan-seyni-degil-kendimiz-dogru-tanigan-seyni-soylemege-alistiq\/","og_locale":"en_US","og_type":"article","og_title":"Mustafa Cemilev: \u00abBiz akimiyet do\u011fru, dep tan\u0131\u011fan \u015feyni degil, kendimiz do\u011fru tan\u0131\u011fan \u015feyni s\u00f6ylemege al\u0131\u015ft\u0131q\u00bb - \u041c\u0435\u0434\u0436\u043b\u0456\u0441","og_description":"&#8220;Perekr\u00f6stok&#8221; programmas\u0131n\u0131\u00f1 al\u0131p bar\u0131c\u0131s\u0131 Nariman Cel\u00e2l Meclis reisine Q\u0131r\u0131mtatar halq\u0131n\u0131\u00f1 keyfi, Meclis faaliyeti husus\u0131ndaki fikirleri aqq\u0131nda b\u00f6yle sual berdi: &#8220;2012 senesi devam\u0131nda q\u0131r\u0131mtatarlar aras\u0131nda \u00f6yleleri de tap\u0131ld\u0131 ki, angileri &#8220;ne i\u00e7\u00fcn biz muhalifetke qoltutam\u0131z, keli\u00f1iz biz akimiyet partiyas\u0131na qoltutay\u0131q ki, meselelerimiz tezce \u00e7ezilsin. Bu fikirge cemaat te\u015fkil\u00e2tlar\u0131 ve atta Qurultayn\u0131\u00f1 baz\u0131 bir delegatlar\u0131 qo\u015fulalar. Ke\u00e7enlerde [&hellip;]","og_url":"https:\/\/qtmm.org\/qt\/mustafa-cemilev-biz-akimiyet-dogru-dep-tanigan-seyni-degil-kendimiz-dogru-tanigan-seyni-soylemege-alistiq\/","og_site_name":"\u041c\u0435\u0434\u0436\u043b\u0456\u0441","article_publisher":"https:\/\/www.facebook.com\/qtmm.info\/","article_published_time":"2012-12-28T13:17:00+00:00","article_modified_time":"2022-01-23T13:18:18+00:00","og_image":[{"width":800,"height":600,"url":"https:\/\/qtmm.org\/wp-content\/uploads\/2022\/01\/img_0552.jpeg","type":"image\/jpeg"}],"author":"Developer","twitter_card":"summary_large_image","twitter_misc":{"Written by":"Developer","Est. reading time":"1 minute"},"schema":{"@context":"https:\/\/schema.org","@graph":[{"@type":"Article","@id":"https:\/\/qtmm.org\/qt\/mustafa-cemilev-biz-akimiyet-dogru-dep-tanigan-seyni-degil-kendimiz-dogru-tanigan-seyni-soylemege-alistiq\/#article","isPartOf":{"@id":"https:\/\/qtmm.org\/qt\/mustafa-cemilev-biz-akimiyet-dogru-dep-tanigan-seyni-degil-kendimiz-dogru-tanigan-seyni-soylemege-alistiq\/"},"author":{"name":"Developer","@id":"https:\/\/qtmm.org\/qt\/#\/schema\/person\/de562469f971dec226ac06e60bbf74a7"},"headline":"Mustafa Cemilev: \u00abBiz akimiyet do\u011fru, dep tan\u0131\u011fan \u015feyni degil, kendimiz do\u011fru tan\u0131\u011fan \u015feyni s\u00f6ylemege al\u0131\u015ft\u0131q\u00bb","datePublished":"2012-12-28T13:17:00+00:00","dateModified":"2022-01-23T13:18:18+00:00","mainEntityOfPage":{"@id":"https:\/\/qtmm.org\/qt\/mustafa-cemilev-biz-akimiyet-dogru-dep-tanigan-seyni-degil-kendimiz-dogru-tanigan-seyni-soylemege-alistiq\/"},"wordCount":217,"commentCount":0,"publisher":{"@id":"https:\/\/qtmm.org\/qt\/#organization"},"image":{"@id":"https:\/\/qtmm.org\/qt\/mustafa-cemilev-biz-akimiyet-dogru-dep-tanigan-seyni-degil-kendimiz-dogru-tanigan-seyni-soylemege-alistiq\/#primaryimage"},"thumbnailUrl":"https:\/\/qtmm.org\/wp-content\/uploads\/2022\/01\/img_0552.jpeg","articleSection":["Haberler"],"inLanguage":"qt","potentialAction":[{"@type":"CommentAction","name":"Comment","target":["https:\/\/qtmm.org\/qt\/mustafa-cemilev-biz-akimiyet-dogru-dep-tanigan-seyni-degil-kendimiz-dogru-tanigan-seyni-soylemege-alistiq\/#respond"]}]},{"@type":"WebPage","@id":"https:\/\/qtmm.org\/qt\/mustafa-cemilev-biz-akimiyet-dogru-dep-tanigan-seyni-degil-kendimiz-dogru-tanigan-seyni-soylemege-alistiq\/","url":"https:\/\/qtmm.org\/qt\/mustafa-cemilev-biz-akimiyet-dogru-dep-tanigan-seyni-degil-kendimiz-dogru-tanigan-seyni-soylemege-alistiq\/","name":"Mustafa Cemilev: \u00abBiz akimiyet do\u011fru, dep tan\u0131\u011fan \u015feyni degil, kendimiz do\u011fru tan\u0131\u011fan \u015feyni s\u00f6ylemege al\u0131\u015ft\u0131q\u00bb - \u041c\u0435\u0434\u0436\u043b\u0456\u0441","isPartOf":{"@id":"https:\/\/qtmm.org\/qt\/#website"},"primaryImageOfPage":{"@id":"https:\/\/qtmm.org\/qt\/mustafa-cemilev-biz-akimiyet-dogru-dep-tanigan-seyni-degil-kendimiz-dogru-tanigan-seyni-soylemege-alistiq\/#primaryimage"},"image":{"@id":"https:\/\/qtmm.org\/qt\/mustafa-cemilev-biz-akimiyet-dogru-dep-tanigan-seyni-degil-kendimiz-dogru-tanigan-seyni-soylemege-alistiq\/#primaryimage"},"thumbnailUrl":"https:\/\/qtmm.org\/wp-content\/uploads\/2022\/01\/img_0552.jpeg","datePublished":"2012-12-28T13:17:00+00:00","dateModified":"2022-01-23T13:18:18+00:00","breadcrumb":{"@id":"https:\/\/qtmm.org\/qt\/mustafa-cemilev-biz-akimiyet-dogru-dep-tanigan-seyni-degil-kendimiz-dogru-tanigan-seyni-soylemege-alistiq\/#breadcrumb"},"inLanguage":"qt","potentialAction":[{"@type":"ReadAction","target":["https:\/\/qtmm.org\/qt\/mustafa-cemilev-biz-akimiyet-dogru-dep-tanigan-seyni-degil-kendimiz-dogru-tanigan-seyni-soylemege-alistiq\/"]}]},{"@type":"ImageObject","inLanguage":"qt","@id":"https:\/\/qtmm.org\/qt\/mustafa-cemilev-biz-akimiyet-dogru-dep-tanigan-seyni-degil-kendimiz-dogru-tanigan-seyni-soylemege-alistiq\/#primaryimage","url":"https:\/\/qtmm.org\/wp-content\/uploads\/2022\/01\/img_0552.jpeg","contentUrl":"https:\/\/qtmm.org\/wp-content\/uploads\/2022\/01\/img_0552.jpeg","width":800,"height":600},{"@type":"BreadcrumbList","@id":"https:\/\/qtmm.org\/qt\/mustafa-cemilev-biz-akimiyet-dogru-dep-tanigan-seyni-degil-kendimiz-dogru-tanigan-seyni-soylemege-alistiq\/#breadcrumb","itemListElement":[{"@type":"ListItem","position":1,"name":"\u0413\u043e\u043b\u043e\u0432\u043d\u0430","item":"https:\/\/qtmm.org\/qt\/"},{"@type":"ListItem","position":2,"name":"Mustafa Cemilev: \u00abBiz akimiyet do\u011fru, dep tan\u0131\u011fan \u015feyni degil, kendimiz do\u011fru tan\u0131\u011fan \u015feyni s\u00f6ylemege al\u0131\u015ft\u0131q\u00bb"}]},{"@type":"WebSite","@id":"https:\/\/qtmm.org\/qt\/#website","url":"https:\/\/qtmm.org\/qt\/","name":"\u041c\u0435\u0434\u0436\u043b\u0456\u0441","description":"","publisher":{"@id":"https:\/\/qtmm.org\/qt\/#organization"},"potentialAction":[{"@type":"SearchAction","target":{"@type":"EntryPoint","urlTemplate":"https:\/\/qtmm.org\/qt\/?s={search_term_string}"},"query-input":{"@type":"PropertyValueSpecification","valueRequired":true,"valueName":"search_term_string"}}],"inLanguage":"qt"},{"@type":"Organization","@id":"https:\/\/qtmm.org\/qt\/#organization","name":"\u041c\u0435\u0434\u0436\u043b\u0456\u0441","url":"https:\/\/qtmm.org\/qt\/","logo":{"@type":"ImageObject","inLanguage":"qt","@id":"https:\/\/qtmm.org\/qt\/#\/schema\/logo\/image\/","url":"https:\/\/qtmm.org\/wp-content\/uploads\/2024\/12\/ua-mejlis-logo-rgb.svg","contentUrl":"https:\/\/qtmm.org\/wp-content\/uploads\/2024\/12\/ua-mejlis-logo-rgb.svg","caption":"\u041c\u0435\u0434\u0436\u043b\u0456\u0441"},"image":{"@id":"https:\/\/qtmm.org\/qt\/#\/schema\/logo\/image\/"},"sameAs":["https:\/\/www.facebook.com\/qtmm.info\/"]},{"@type":"Person","@id":"https:\/\/qtmm.org\/qt\/#\/schema\/person\/de562469f971dec226ac06e60bbf74a7","name":"Developer","image":{"@type":"ImageObject","inLanguage":"qt","@id":"https:\/\/secure.gravatar.com\/avatar\/392b4cc8fbfeb00b39dfeeab4ee6edded39ffd48e25858637e4765810300227e?s=96&d=mm&r=g","url":"https:\/\/secure.gravatar.com\/avatar\/392b4cc8fbfeb00b39dfeeab4ee6edded39ffd48e25858637e4765810300227e?s=96&d=mm&r=g","contentUrl":"https:\/\/secure.gravatar.com\/avatar\/392b4cc8fbfeb00b39dfeeab4ee6edded39ffd48e25858637e4765810300227e?s=96&d=mm&r=g","caption":"Developer"},"url":"https:\/\/qtmm.org\/qt\/author\/Developer\/"}]}},"_links":{"self":[{"href":"https:\/\/qtmm.org\/qt\/wp-json\/wp\/v2\/posts\/35675","targetHints":{"allow":["GET"]}}],"collection":[{"href":"https:\/\/qtmm.org\/qt\/wp-json\/wp\/v2\/posts"}],"about":[{"href":"https:\/\/qtmm.org\/qt\/wp-json\/wp\/v2\/types\/post"}],"author":[{"embeddable":true,"href":"https:\/\/qtmm.org\/qt\/wp-json\/wp\/v2\/users\/1"}],"replies":[{"embeddable":true,"href":"https:\/\/qtmm.org\/qt\/wp-json\/wp\/v2\/comments?post=35675"}],"version-history":[{"count":1,"href":"https:\/\/qtmm.org\/qt\/wp-json\/wp\/v2\/posts\/35675\/revisions"}],"predecessor-version":[{"id":35680,"href":"https:\/\/qtmm.org\/qt\/wp-json\/wp\/v2\/posts\/35675\/revisions\/35680"}],"wp:featuredmedia":[{"embeddable":true,"href":"https:\/\/qtmm.org\/qt\/wp-json\/wp\/v2\/media\/35676"}],"wp:attachment":[{"href":"https:\/\/qtmm.org\/qt\/wp-json\/wp\/v2\/media?parent=35675"}],"wp:term":[{"taxonomy":"category","embeddable":true,"href":"https:\/\/qtmm.org\/qt\/wp-json\/wp\/v2\/categories?post=35675"},{"taxonomy":"post_tag","embeddable":true,"href":"https:\/\/qtmm.org\/qt\/wp-json\/wp\/v2\/tags?post=35675"}],"curies":[{"name":"wp","href":"https:\/\/api.w.org\/{rel}","templated":true}]}}