




{"id":35669,"date":"2012-12-28T16:16:00","date_gmt":"2012-12-28T13:16:00","guid":{"rendered":"http:\/\/qtmm.org\/?p=35669"},"modified":"2022-01-23T16:16:58","modified_gmt":"2022-01-23T13:16:58","slug":"mustafa-cemilev-meclis-bu-sadece-fikirdeslernin-bir-gruppasi-degil-de-halq-tarafindan-secilgen-organdir","status":"publish","type":"post","link":"https:\/\/qtmm.org\/qt\/mustafa-cemilev-meclis-bu-sadece-fikirdeslernin-bir-gruppasi-degil-de-halq-tarafindan-secilgen-organdir\/","title":{"rendered":"Mustafa Cemilev: Meclis &#8211; bu sadece fikirde\u015flerni\u00f1 bir gruppas\u0131 degil de, halq taraf\u0131ndan se\u00e7ilgen organd\u0131r"},"content":{"rendered":"\n<p>Bu aqta Meclis reisi ATR kanal\u0131n\u0131\u00f1 &#8220;Perekr\u00f6stok&#8221; programmas\u0131nda s\u00f6yledi<\/p>\n\n\n\n<p>Meclis reisi Mustafa Cemilevni\u00f1 Q\u0131r\u0131m ba\u015f naziri Anatoliy Mogil\u00f6v ile 2012 senesi okt\u00e2br 2 k\u00fcn\u00fc Kiyevde Ukraina T\u0131\u015fq\u0131 i\u015fler naziri Konstantin Gri\u015f\u00e7enko, T\u00fcrkiye T\u0131\u015fq\u0131 i\u015fler naziri Ahmet Davuto\u011flu da bulun\u011fan k\u00f6r\u00fc\u015f\u00fcvde Q\u0131r\u0131m ba\u015f naziri Meclis cemaat te\u015fkil\u00e2t\u0131 olaraq qayd etilmesi kerekligi aqq\u0131nda aytqan edi.<\/p>\n\n\n\n<p>&#8220;B\u00f6yle tekliflernen biz i\u00e7 te raz\u0131 degilmiz. Birinciden, Q\u0131r\u0131mtatar halq\u0131n\u0131\u00f1 Meclisi \u2013 bu te\u015fkil\u00e2t ya da fikirde\u015fler birle\u015fmesi degil, halq taraf\u0131ndan saylan\u011fan bir qurumd\u0131r. \u015eu sebepten Q\u0131r\u0131mda 2 bi\u00f1ge yaq\u0131n nas\u0131ld\u0131r te\u015fkil\u00e2tlar i\u00e7ine qar\u0131\u015fmaq m\u00fcmk\u00fcn degil&#8221;, &#8211; dep qayd etti Mustafa Cemilev.<\/p>\n\n\n\n<p>Bundan da \u011fayr\u0131 Meclisni\u00f1 yolba\u015f\u00e7\u0131s\u0131 Anatoliy Mogil\u00f6vn\u0131\u00f1 Q\u0131r\u0131m akimiyet organlar\u0131nda vek\u00e2letlik meselesinde q\u0131r\u0131mtatarlar asl\u0131 da aqs\u0131mlanmay, degenini qayd etti<\/p>\n\n\n\n<p>&#8220;Q\u0131r\u0131m ba\u015f naziri Anatoliy Mogil\u00f6v q\u0131r\u0131mtatarlar say\u0131s\u0131na k\u00f6re temsil etilmekteler, dey. Eger ker\u00e7ekten b\u00f6yle olsa, ma\u00f1a cumhuriyet idarelerinde \u00e7al\u0131\u015fqan q\u0131r\u0131mtatarlarn\u0131\u00f1 cedvelini bermelerini rica etem. K\u00f6rermiz ki, bizde \u00fc\u00e7 fay\u0131z degil de, bir bu\u00e7uq fay\u0131zd\u0131r. Men \u015fun\u0131 eminliknen s\u00f6yleyebilem ki, tam\u0131r halq\u0131 b\u00f6yle aqs\u0131mlanuv\u011fa o\u011frat\u0131l\u011fan ba\u015fqa i\u00e7 bir memleket d\u00fcnyada yoqt\u0131r. Tek bizim devletimizde b\u00f6yle vaziyet&#8221;, &#8211; dedi Meclis ba\u015fqan\u0131.<\/p>\n\n\n\n<p>Meclis reisi Mustafa Cemilevni\u00f1 bildirgenine k\u00f6re, Q\u0131r\u0131m icra organlar\u0131nda q\u0131r\u0131mtatarlar vek\u00e2letligini\u00f1 meselesi halqara cemaat\u00e7\u0131l\u0131qn\u0131\u00f1 muzakeresine k\u00f6y\u00fclacaq. &#8220;Biz bu meselesi Halqara forum \u00e7er\u00e7ivesinde \u00e7ezecemiz. Halqara cemaat\u00e7\u0131l\u0131qn\u0131\u00f1 fikirini esapqa alma\u011fan devlet yoqt\u0131r. Biz ayn\u0131 \u015fu y\u00f6neli\u015fte areket etecemiz&#8221; &#8211; dedi M. Cemilev.<\/p>\n","protected":false},"excerpt":{"rendered":"<p>Bu aqta Meclis reisi ATR kanal\u0131n\u0131\u00f1 &#8220;Perekr\u00f6stok&#8221; programmas\u0131nda s\u00f6yledi Meclis reisi Mustafa Cemilevni\u00f1 Q\u0131r\u0131m ba\u015f naziri Anatoliy Mogil\u00f6v ile 2012 senesi okt\u00e2br 2 k\u00fcn\u00fc Kiyevde Ukraina T\u0131\u015fq\u0131 i\u015fler naziri Konstantin Gri\u015f\u00e7enko, T\u00fcrkiye T\u0131\u015fq\u0131 i\u015fler naziri Ahmet Davuto\u011flu da bulun\u011fan k\u00f6r\u00fc\u015f\u00fcvde Q\u0131r\u0131m ba\u015f naziri Meclis cemaat te\u015fkil\u00e2t\u0131 olaraq qayd etilmesi kerekligi aqq\u0131nda aytqan edi. &#8220;B\u00f6yle tekliflernen [&hellip;]<\/p>\n","protected":false},"author":1,"featured_media":35670,"comment_status":"open","ping_status":"open","sticky":false,"template":"","format":"standard","meta":{"inline_featured_image":false,"footnotes":""},"categories":[265],"tags":[],"class_list":["post-35669","post","type-post","status-publish","format-standard","has-post-thumbnail","hentry","category-haberler"],"acf":[],"yoast_head":"<!-- This site is optimized with the Yoast SEO plugin v27.4 - https:\/\/yoast.com\/product\/yoast-seo-wordpress\/ -->\n<title>Mustafa Cemilev: Meclis - bu sadece fikirde\u015flerni\u00f1 bir gruppas\u0131 degil de, halq taraf\u0131ndan se\u00e7ilgen organd\u0131r - \u041c\u0435\u0434\u0436\u043b\u0456\u0441<\/title>\n<meta name=\"robots\" content=\"index, follow, max-snippet:-1, max-image-preview:large, max-video-preview:-1\" \/>\n<link rel=\"canonical\" href=\"https:\/\/qtmm.org\/qt\/mustafa-cemilev-meclis-bu-sadece-fikirdeslernin-bir-gruppasi-degil-de-halq-tarafindan-secilgen-organdir\/\" \/>\n<meta property=\"og:locale\" content=\"en_US\" \/>\n<meta property=\"og:type\" content=\"article\" \/>\n<meta property=\"og:title\" content=\"Mustafa Cemilev: Meclis - bu sadece fikirde\u015flerni\u00f1 bir gruppas\u0131 degil de, halq taraf\u0131ndan se\u00e7ilgen organd\u0131r - \u041c\u0435\u0434\u0436\u043b\u0456\u0441\" \/>\n<meta property=\"og:description\" content=\"Bu aqta Meclis reisi ATR kanal\u0131n\u0131\u00f1 &#8220;Perekr\u00f6stok&#8221; programmas\u0131nda s\u00f6yledi Meclis reisi Mustafa Cemilevni\u00f1 Q\u0131r\u0131m ba\u015f naziri Anatoliy Mogil\u00f6v ile 2012 senesi okt\u00e2br 2 k\u00fcn\u00fc Kiyevde Ukraina T\u0131\u015fq\u0131 i\u015fler naziri Konstantin Gri\u015f\u00e7enko, T\u00fcrkiye T\u0131\u015fq\u0131 i\u015fler naziri Ahmet Davuto\u011flu da bulun\u011fan k\u00f6r\u00fc\u015f\u00fcvde Q\u0131r\u0131m ba\u015f naziri Meclis cemaat te\u015fkil\u00e2t\u0131 olaraq qayd etilmesi kerekligi aqq\u0131nda aytqan edi. &#8220;B\u00f6yle tekliflernen [&hellip;]\" \/>\n<meta property=\"og:url\" content=\"https:\/\/qtmm.org\/qt\/mustafa-cemilev-meclis-bu-sadece-fikirdeslernin-bir-gruppasi-degil-de-halq-tarafindan-secilgen-organdir\/\" \/>\n<meta property=\"og:site_name\" content=\"\u041c\u0435\u0434\u0436\u043b\u0456\u0441\" \/>\n<meta property=\"article:publisher\" content=\"https:\/\/www.facebook.com\/qtmm.info\/\" \/>\n<meta property=\"article:published_time\" content=\"2012-12-28T13:16:00+00:00\" \/>\n<meta property=\"article:modified_time\" content=\"2022-01-23T13:16:58+00:00\" \/>\n<meta property=\"og:image\" content=\"https:\/\/qtmm.org\/wp-content\/uploads\/2022\/01\/img_0549.jpeg\" \/>\n\t<meta property=\"og:image:width\" content=\"800\" \/>\n\t<meta property=\"og:image:height\" content=\"600\" \/>\n\t<meta property=\"og:image:type\" content=\"image\/jpeg\" \/>\n<meta name=\"author\" content=\"Developer\" \/>\n<meta name=\"twitter:card\" content=\"summary_large_image\" \/>\n<meta name=\"twitter:label1\" content=\"Written by\" \/>\n\t<meta name=\"twitter:data1\" content=\"Developer\" \/>\n\t<meta name=\"twitter:label2\" content=\"Est. reading time\" \/>\n\t<meta name=\"twitter:data2\" content=\"2 minutes\" \/>\n<script type=\"application\/ld+json\" class=\"yoast-schema-graph\">{\"@context\":\"https:\\\/\\\/schema.org\",\"@graph\":[{\"@type\":\"Article\",\"@id\":\"https:\\\/\\\/qtmm.org\\\/qt\\\/mustafa-cemilev-meclis-bu-sadece-fikirdeslernin-bir-gruppasi-degil-de-halq-tarafindan-secilgen-organdir\\\/#article\",\"isPartOf\":{\"@id\":\"https:\\\/\\\/qtmm.org\\\/qt\\\/mustafa-cemilev-meclis-bu-sadece-fikirdeslernin-bir-gruppasi-degil-de-halq-tarafindan-secilgen-organdir\\\/\"},\"author\":{\"name\":\"Developer\",\"@id\":\"https:\\\/\\\/qtmm.org\\\/qt\\\/#\\\/schema\\\/person\\\/de562469f971dec226ac06e60bbf74a7\"},\"headline\":\"Mustafa Cemilev: Meclis &#8211; bu sadece fikirde\u015flerni\u00f1 bir gruppas\u0131 degil de, halq taraf\u0131ndan se\u00e7ilgen organd\u0131r\",\"datePublished\":\"2012-12-28T13:16:00+00:00\",\"dateModified\":\"2022-01-23T13:16:58+00:00\",\"mainEntityOfPage\":{\"@id\":\"https:\\\/\\\/qtmm.org\\\/qt\\\/mustafa-cemilev-meclis-bu-sadece-fikirdeslernin-bir-gruppasi-degil-de-halq-tarafindan-secilgen-organdir\\\/\"},\"wordCount\":333,\"commentCount\":0,\"publisher\":{\"@id\":\"https:\\\/\\\/qtmm.org\\\/qt\\\/#organization\"},\"image\":{\"@id\":\"https:\\\/\\\/qtmm.org\\\/qt\\\/mustafa-cemilev-meclis-bu-sadece-fikirdeslernin-bir-gruppasi-degil-de-halq-tarafindan-secilgen-organdir\\\/#primaryimage\"},\"thumbnailUrl\":\"https:\\\/\\\/qtmm.org\\\/wp-content\\\/uploads\\\/2022\\\/01\\\/img_0549.jpeg\",\"articleSection\":[\"Haberler\"],\"inLanguage\":\"qt\",\"potentialAction\":[{\"@type\":\"CommentAction\",\"name\":\"Comment\",\"target\":[\"https:\\\/\\\/qtmm.org\\\/qt\\\/mustafa-cemilev-meclis-bu-sadece-fikirdeslernin-bir-gruppasi-degil-de-halq-tarafindan-secilgen-organdir\\\/#respond\"]}]},{\"@type\":\"WebPage\",\"@id\":\"https:\\\/\\\/qtmm.org\\\/qt\\\/mustafa-cemilev-meclis-bu-sadece-fikirdeslernin-bir-gruppasi-degil-de-halq-tarafindan-secilgen-organdir\\\/\",\"url\":\"https:\\\/\\\/qtmm.org\\\/qt\\\/mustafa-cemilev-meclis-bu-sadece-fikirdeslernin-bir-gruppasi-degil-de-halq-tarafindan-secilgen-organdir\\\/\",\"name\":\"Mustafa Cemilev: Meclis - bu sadece fikirde\u015flerni\u00f1 bir gruppas\u0131 degil de, halq taraf\u0131ndan se\u00e7ilgen organd\u0131r - \u041c\u0435\u0434\u0436\u043b\u0456\u0441\",\"isPartOf\":{\"@id\":\"https:\\\/\\\/qtmm.org\\\/qt\\\/#website\"},\"primaryImageOfPage\":{\"@id\":\"https:\\\/\\\/qtmm.org\\\/qt\\\/mustafa-cemilev-meclis-bu-sadece-fikirdeslernin-bir-gruppasi-degil-de-halq-tarafindan-secilgen-organdir\\\/#primaryimage\"},\"image\":{\"@id\":\"https:\\\/\\\/qtmm.org\\\/qt\\\/mustafa-cemilev-meclis-bu-sadece-fikirdeslernin-bir-gruppasi-degil-de-halq-tarafindan-secilgen-organdir\\\/#primaryimage\"},\"thumbnailUrl\":\"https:\\\/\\\/qtmm.org\\\/wp-content\\\/uploads\\\/2022\\\/01\\\/img_0549.jpeg\",\"datePublished\":\"2012-12-28T13:16:00+00:00\",\"dateModified\":\"2022-01-23T13:16:58+00:00\",\"breadcrumb\":{\"@id\":\"https:\\\/\\\/qtmm.org\\\/qt\\\/mustafa-cemilev-meclis-bu-sadece-fikirdeslernin-bir-gruppasi-degil-de-halq-tarafindan-secilgen-organdir\\\/#breadcrumb\"},\"inLanguage\":\"qt\",\"potentialAction\":[{\"@type\":\"ReadAction\",\"target\":[\"https:\\\/\\\/qtmm.org\\\/qt\\\/mustafa-cemilev-meclis-bu-sadece-fikirdeslernin-bir-gruppasi-degil-de-halq-tarafindan-secilgen-organdir\\\/\"]}]},{\"@type\":\"ImageObject\",\"inLanguage\":\"qt\",\"@id\":\"https:\\\/\\\/qtmm.org\\\/qt\\\/mustafa-cemilev-meclis-bu-sadece-fikirdeslernin-bir-gruppasi-degil-de-halq-tarafindan-secilgen-organdir\\\/#primaryimage\",\"url\":\"https:\\\/\\\/qtmm.org\\\/wp-content\\\/uploads\\\/2022\\\/01\\\/img_0549.jpeg\",\"contentUrl\":\"https:\\\/\\\/qtmm.org\\\/wp-content\\\/uploads\\\/2022\\\/01\\\/img_0549.jpeg\",\"width\":800,\"height\":600},{\"@type\":\"BreadcrumbList\",\"@id\":\"https:\\\/\\\/qtmm.org\\\/qt\\\/mustafa-cemilev-meclis-bu-sadece-fikirdeslernin-bir-gruppasi-degil-de-halq-tarafindan-secilgen-organdir\\\/#breadcrumb\",\"itemListElement\":[{\"@type\":\"ListItem\",\"position\":1,\"name\":\"\u0413\u043e\u043b\u043e\u0432\u043d\u0430\",\"item\":\"https:\\\/\\\/qtmm.org\\\/qt\\\/\"},{\"@type\":\"ListItem\",\"position\":2,\"name\":\"Mustafa Cemilev: Meclis &#8211; bu sadece fikirde\u015flerni\u00f1 bir gruppas\u0131 degil de, halq taraf\u0131ndan se\u00e7ilgen organd\u0131r\"}]},{\"@type\":\"WebSite\",\"@id\":\"https:\\\/\\\/qtmm.org\\\/qt\\\/#website\",\"url\":\"https:\\\/\\\/qtmm.org\\\/qt\\\/\",\"name\":\"\u041c\u0435\u0434\u0436\u043b\u0456\u0441\",\"description\":\"\",\"publisher\":{\"@id\":\"https:\\\/\\\/qtmm.org\\\/qt\\\/#organization\"},\"potentialAction\":[{\"@type\":\"SearchAction\",\"target\":{\"@type\":\"EntryPoint\",\"urlTemplate\":\"https:\\\/\\\/qtmm.org\\\/qt\\\/?s={search_term_string}\"},\"query-input\":{\"@type\":\"PropertyValueSpecification\",\"valueRequired\":true,\"valueName\":\"search_term_string\"}}],\"inLanguage\":\"qt\"},{\"@type\":\"Organization\",\"@id\":\"https:\\\/\\\/qtmm.org\\\/qt\\\/#organization\",\"name\":\"\u041c\u0435\u0434\u0436\u043b\u0456\u0441\",\"url\":\"https:\\\/\\\/qtmm.org\\\/qt\\\/\",\"logo\":{\"@type\":\"ImageObject\",\"inLanguage\":\"qt\",\"@id\":\"https:\\\/\\\/qtmm.org\\\/qt\\\/#\\\/schema\\\/logo\\\/image\\\/\",\"url\":\"https:\\\/\\\/qtmm.org\\\/wp-content\\\/uploads\\\/2024\\\/12\\\/ua-mejlis-logo-rgb.svg\",\"contentUrl\":\"https:\\\/\\\/qtmm.org\\\/wp-content\\\/uploads\\\/2024\\\/12\\\/ua-mejlis-logo-rgb.svg\",\"caption\":\"\u041c\u0435\u0434\u0436\u043b\u0456\u0441\"},\"image\":{\"@id\":\"https:\\\/\\\/qtmm.org\\\/qt\\\/#\\\/schema\\\/logo\\\/image\\\/\"},\"sameAs\":[\"https:\\\/\\\/www.facebook.com\\\/qtmm.info\\\/\"]},{\"@type\":\"Person\",\"@id\":\"https:\\\/\\\/qtmm.org\\\/qt\\\/#\\\/schema\\\/person\\\/de562469f971dec226ac06e60bbf74a7\",\"name\":\"Developer\",\"image\":{\"@type\":\"ImageObject\",\"inLanguage\":\"qt\",\"@id\":\"https:\\\/\\\/secure.gravatar.com\\\/avatar\\\/392b4cc8fbfeb00b39dfeeab4ee6edded39ffd48e25858637e4765810300227e?s=96&d=mm&r=g\",\"url\":\"https:\\\/\\\/secure.gravatar.com\\\/avatar\\\/392b4cc8fbfeb00b39dfeeab4ee6edded39ffd48e25858637e4765810300227e?s=96&d=mm&r=g\",\"contentUrl\":\"https:\\\/\\\/secure.gravatar.com\\\/avatar\\\/392b4cc8fbfeb00b39dfeeab4ee6edded39ffd48e25858637e4765810300227e?s=96&d=mm&r=g\",\"caption\":\"Developer\"},\"url\":\"https:\\\/\\\/qtmm.org\\\/qt\\\/author\\\/Developer\\\/\"}]}<\/script>\n<!-- \/ Yoast SEO plugin. -->","yoast_head_json":{"title":"Mustafa Cemilev: Meclis - bu sadece fikirde\u015flerni\u00f1 bir gruppas\u0131 degil de, halq taraf\u0131ndan se\u00e7ilgen organd\u0131r - \u041c\u0435\u0434\u0436\u043b\u0456\u0441","robots":{"index":"index","follow":"follow","max-snippet":"max-snippet:-1","max-image-preview":"max-image-preview:large","max-video-preview":"max-video-preview:-1"},"canonical":"https:\/\/qtmm.org\/qt\/mustafa-cemilev-meclis-bu-sadece-fikirdeslernin-bir-gruppasi-degil-de-halq-tarafindan-secilgen-organdir\/","og_locale":"en_US","og_type":"article","og_title":"Mustafa Cemilev: Meclis - bu sadece fikirde\u015flerni\u00f1 bir gruppas\u0131 degil de, halq taraf\u0131ndan se\u00e7ilgen organd\u0131r - \u041c\u0435\u0434\u0436\u043b\u0456\u0441","og_description":"Bu aqta Meclis reisi ATR kanal\u0131n\u0131\u00f1 &#8220;Perekr\u00f6stok&#8221; programmas\u0131nda s\u00f6yledi Meclis reisi Mustafa Cemilevni\u00f1 Q\u0131r\u0131m ba\u015f naziri Anatoliy Mogil\u00f6v ile 2012 senesi okt\u00e2br 2 k\u00fcn\u00fc Kiyevde Ukraina T\u0131\u015fq\u0131 i\u015fler naziri Konstantin Gri\u015f\u00e7enko, T\u00fcrkiye T\u0131\u015fq\u0131 i\u015fler naziri Ahmet Davuto\u011flu da bulun\u011fan k\u00f6r\u00fc\u015f\u00fcvde Q\u0131r\u0131m ba\u015f naziri Meclis cemaat te\u015fkil\u00e2t\u0131 olaraq qayd etilmesi kerekligi aqq\u0131nda aytqan edi. &#8220;B\u00f6yle tekliflernen [&hellip;]","og_url":"https:\/\/qtmm.org\/qt\/mustafa-cemilev-meclis-bu-sadece-fikirdeslernin-bir-gruppasi-degil-de-halq-tarafindan-secilgen-organdir\/","og_site_name":"\u041c\u0435\u0434\u0436\u043b\u0456\u0441","article_publisher":"https:\/\/www.facebook.com\/qtmm.info\/","article_published_time":"2012-12-28T13:16:00+00:00","article_modified_time":"2022-01-23T13:16:58+00:00","og_image":[{"width":800,"height":600,"url":"https:\/\/qtmm.org\/wp-content\/uploads\/2022\/01\/img_0549.jpeg","type":"image\/jpeg"}],"author":"Developer","twitter_card":"summary_large_image","twitter_misc":{"Written by":"Developer","Est. reading time":"2 minutes"},"schema":{"@context":"https:\/\/schema.org","@graph":[{"@type":"Article","@id":"https:\/\/qtmm.org\/qt\/mustafa-cemilev-meclis-bu-sadece-fikirdeslernin-bir-gruppasi-degil-de-halq-tarafindan-secilgen-organdir\/#article","isPartOf":{"@id":"https:\/\/qtmm.org\/qt\/mustafa-cemilev-meclis-bu-sadece-fikirdeslernin-bir-gruppasi-degil-de-halq-tarafindan-secilgen-organdir\/"},"author":{"name":"Developer","@id":"https:\/\/qtmm.org\/qt\/#\/schema\/person\/de562469f971dec226ac06e60bbf74a7"},"headline":"Mustafa Cemilev: Meclis &#8211; bu sadece fikirde\u015flerni\u00f1 bir gruppas\u0131 degil de, halq taraf\u0131ndan se\u00e7ilgen organd\u0131r","datePublished":"2012-12-28T13:16:00+00:00","dateModified":"2022-01-23T13:16:58+00:00","mainEntityOfPage":{"@id":"https:\/\/qtmm.org\/qt\/mustafa-cemilev-meclis-bu-sadece-fikirdeslernin-bir-gruppasi-degil-de-halq-tarafindan-secilgen-organdir\/"},"wordCount":333,"commentCount":0,"publisher":{"@id":"https:\/\/qtmm.org\/qt\/#organization"},"image":{"@id":"https:\/\/qtmm.org\/qt\/mustafa-cemilev-meclis-bu-sadece-fikirdeslernin-bir-gruppasi-degil-de-halq-tarafindan-secilgen-organdir\/#primaryimage"},"thumbnailUrl":"https:\/\/qtmm.org\/wp-content\/uploads\/2022\/01\/img_0549.jpeg","articleSection":["Haberler"],"inLanguage":"qt","potentialAction":[{"@type":"CommentAction","name":"Comment","target":["https:\/\/qtmm.org\/qt\/mustafa-cemilev-meclis-bu-sadece-fikirdeslernin-bir-gruppasi-degil-de-halq-tarafindan-secilgen-organdir\/#respond"]}]},{"@type":"WebPage","@id":"https:\/\/qtmm.org\/qt\/mustafa-cemilev-meclis-bu-sadece-fikirdeslernin-bir-gruppasi-degil-de-halq-tarafindan-secilgen-organdir\/","url":"https:\/\/qtmm.org\/qt\/mustafa-cemilev-meclis-bu-sadece-fikirdeslernin-bir-gruppasi-degil-de-halq-tarafindan-secilgen-organdir\/","name":"Mustafa Cemilev: Meclis - bu sadece fikirde\u015flerni\u00f1 bir gruppas\u0131 degil de, halq taraf\u0131ndan se\u00e7ilgen organd\u0131r - \u041c\u0435\u0434\u0436\u043b\u0456\u0441","isPartOf":{"@id":"https:\/\/qtmm.org\/qt\/#website"},"primaryImageOfPage":{"@id":"https:\/\/qtmm.org\/qt\/mustafa-cemilev-meclis-bu-sadece-fikirdeslernin-bir-gruppasi-degil-de-halq-tarafindan-secilgen-organdir\/#primaryimage"},"image":{"@id":"https:\/\/qtmm.org\/qt\/mustafa-cemilev-meclis-bu-sadece-fikirdeslernin-bir-gruppasi-degil-de-halq-tarafindan-secilgen-organdir\/#primaryimage"},"thumbnailUrl":"https:\/\/qtmm.org\/wp-content\/uploads\/2022\/01\/img_0549.jpeg","datePublished":"2012-12-28T13:16:00+00:00","dateModified":"2022-01-23T13:16:58+00:00","breadcrumb":{"@id":"https:\/\/qtmm.org\/qt\/mustafa-cemilev-meclis-bu-sadece-fikirdeslernin-bir-gruppasi-degil-de-halq-tarafindan-secilgen-organdir\/#breadcrumb"},"inLanguage":"qt","potentialAction":[{"@type":"ReadAction","target":["https:\/\/qtmm.org\/qt\/mustafa-cemilev-meclis-bu-sadece-fikirdeslernin-bir-gruppasi-degil-de-halq-tarafindan-secilgen-organdir\/"]}]},{"@type":"ImageObject","inLanguage":"qt","@id":"https:\/\/qtmm.org\/qt\/mustafa-cemilev-meclis-bu-sadece-fikirdeslernin-bir-gruppasi-degil-de-halq-tarafindan-secilgen-organdir\/#primaryimage","url":"https:\/\/qtmm.org\/wp-content\/uploads\/2022\/01\/img_0549.jpeg","contentUrl":"https:\/\/qtmm.org\/wp-content\/uploads\/2022\/01\/img_0549.jpeg","width":800,"height":600},{"@type":"BreadcrumbList","@id":"https:\/\/qtmm.org\/qt\/mustafa-cemilev-meclis-bu-sadece-fikirdeslernin-bir-gruppasi-degil-de-halq-tarafindan-secilgen-organdir\/#breadcrumb","itemListElement":[{"@type":"ListItem","position":1,"name":"\u0413\u043e\u043b\u043e\u0432\u043d\u0430","item":"https:\/\/qtmm.org\/qt\/"},{"@type":"ListItem","position":2,"name":"Mustafa Cemilev: Meclis &#8211; bu sadece fikirde\u015flerni\u00f1 bir gruppas\u0131 degil de, halq taraf\u0131ndan se\u00e7ilgen organd\u0131r"}]},{"@type":"WebSite","@id":"https:\/\/qtmm.org\/qt\/#website","url":"https:\/\/qtmm.org\/qt\/","name":"\u041c\u0435\u0434\u0436\u043b\u0456\u0441","description":"","publisher":{"@id":"https:\/\/qtmm.org\/qt\/#organization"},"potentialAction":[{"@type":"SearchAction","target":{"@type":"EntryPoint","urlTemplate":"https:\/\/qtmm.org\/qt\/?s={search_term_string}"},"query-input":{"@type":"PropertyValueSpecification","valueRequired":true,"valueName":"search_term_string"}}],"inLanguage":"qt"},{"@type":"Organization","@id":"https:\/\/qtmm.org\/qt\/#organization","name":"\u041c\u0435\u0434\u0436\u043b\u0456\u0441","url":"https:\/\/qtmm.org\/qt\/","logo":{"@type":"ImageObject","inLanguage":"qt","@id":"https:\/\/qtmm.org\/qt\/#\/schema\/logo\/image\/","url":"https:\/\/qtmm.org\/wp-content\/uploads\/2024\/12\/ua-mejlis-logo-rgb.svg","contentUrl":"https:\/\/qtmm.org\/wp-content\/uploads\/2024\/12\/ua-mejlis-logo-rgb.svg","caption":"\u041c\u0435\u0434\u0436\u043b\u0456\u0441"},"image":{"@id":"https:\/\/qtmm.org\/qt\/#\/schema\/logo\/image\/"},"sameAs":["https:\/\/www.facebook.com\/qtmm.info\/"]},{"@type":"Person","@id":"https:\/\/qtmm.org\/qt\/#\/schema\/person\/de562469f971dec226ac06e60bbf74a7","name":"Developer","image":{"@type":"ImageObject","inLanguage":"qt","@id":"https:\/\/secure.gravatar.com\/avatar\/392b4cc8fbfeb00b39dfeeab4ee6edded39ffd48e25858637e4765810300227e?s=96&d=mm&r=g","url":"https:\/\/secure.gravatar.com\/avatar\/392b4cc8fbfeb00b39dfeeab4ee6edded39ffd48e25858637e4765810300227e?s=96&d=mm&r=g","contentUrl":"https:\/\/secure.gravatar.com\/avatar\/392b4cc8fbfeb00b39dfeeab4ee6edded39ffd48e25858637e4765810300227e?s=96&d=mm&r=g","caption":"Developer"},"url":"https:\/\/qtmm.org\/qt\/author\/Developer\/"}]}},"_links":{"self":[{"href":"https:\/\/qtmm.org\/qt\/wp-json\/wp\/v2\/posts\/35669","targetHints":{"allow":["GET"]}}],"collection":[{"href":"https:\/\/qtmm.org\/qt\/wp-json\/wp\/v2\/posts"}],"about":[{"href":"https:\/\/qtmm.org\/qt\/wp-json\/wp\/v2\/types\/post"}],"author":[{"embeddable":true,"href":"https:\/\/qtmm.org\/qt\/wp-json\/wp\/v2\/users\/1"}],"replies":[{"embeddable":true,"href":"https:\/\/qtmm.org\/qt\/wp-json\/wp\/v2\/comments?post=35669"}],"version-history":[{"count":1,"href":"https:\/\/qtmm.org\/qt\/wp-json\/wp\/v2\/posts\/35669\/revisions"}],"predecessor-version":[{"id":35674,"href":"https:\/\/qtmm.org\/qt\/wp-json\/wp\/v2\/posts\/35669\/revisions\/35674"}],"wp:featuredmedia":[{"embeddable":true,"href":"https:\/\/qtmm.org\/qt\/wp-json\/wp\/v2\/media\/35670"}],"wp:attachment":[{"href":"https:\/\/qtmm.org\/qt\/wp-json\/wp\/v2\/media?parent=35669"}],"wp:term":[{"taxonomy":"category","embeddable":true,"href":"https:\/\/qtmm.org\/qt\/wp-json\/wp\/v2\/categories?post=35669"},{"taxonomy":"post_tag","embeddable":true,"href":"https:\/\/qtmm.org\/qt\/wp-json\/wp\/v2\/tags?post=35669"}],"curies":[{"name":"wp","href":"https:\/\/api.w.org\/{rel}","templated":true}]}}