




{"id":35663,"date":"2012-12-27T16:15:00","date_gmt":"2012-12-27T13:15:00","guid":{"rendered":"http:\/\/qtmm.org\/?p=35663"},"modified":"2022-01-23T16:16:02","modified_gmt":"2022-01-23T13:16:02","slug":"aqmescitte-cellat-stalin-aqqinda-sergi-munasebetinen-rusiyenin-surgun-etilgen-halqlar-birliginin-beyanati","status":"publish","type":"post","link":"https:\/\/qtmm.org\/qt\/aqmescitte-cellat-stalin-aqqinda-sergi-munasebetinen-rusiyenin-surgun-etilgen-halqlar-birliginin-beyanati\/","title":{"rendered":"Aqmescitte cell\u00e2t Stalin aqq\u0131nda sergi munasebetinen Rusiyeni\u00f1 S\u00fcrg\u00fcn etilgen halqlar birligini\u00f1 beyanat\u0131"},"content":{"rendered":"\n<p>Rusiyeni\u00f1 S\u00fcrg\u00fcn etilgen halqlar birligi 2012 senesi dekabr 21-de Aqmescitte cell\u00e2t Stalinge ba\u011f\u0131\u015flan\u011fan sergi \u015feerni\u00f1 tam merkezinde ve \u00f6z\u00fc de \u015fu cell\u00e2tn\u0131\u00f1 emiri ile s\u00fcrg\u00fcn etilgen q\u0131r\u0131mtatar halq\u0131n\u0131\u00f1 vatan\u0131nda ke\u00e7irilmesi munasebetinen naraz\u0131l\u0131\u011f\u0131n\u0131 bildire. Belli ki, bu sergide Stalinni\u00f1 &#8220;arqada\u015flar\u0131&#8221; Adolf Gitler ve Yoahim fon Ribbentropn\u0131\u00f1 resimleri de yerle\u015ftirilmesi mant\u0131ql\u0131 edi.<br><br>Stalinciler bu ad\u0131mlar\u0131n\u0131 sab\u0131q sovetler hudud\u0131ndaki akimlerni\u00f1 b\u00f6yle areketlerge parmaq aras\u0131ndan baqqanlar\u0131 sebebinden yapabildiler. Qanl\u0131 cell\u00e2tn\u0131\u00f1 faaliyetini k\u00f6stermege t\u0131r\u0131\u015fmaq HH as\u0131r qurbanlar\u0131n\u0131\u00f1 hat\u0131ras\u0131n\u0131 aqaret etmektir.<\/p>\n\n\n\n<p>Q\u0131r\u0131mda Stalin siyaseti tarafdarlar\u0131n\u0131\u00f1 bu pis areketini biz, Rusiyeni\u00f1 S\u00fcrg\u00fcn etilgen halqlar birligine kirgen \u00e7e\u00e7en, qalm\u0131q, in\u011fu\u015f, qara\u00e7ay, balqar halqlarn\u0131\u00f1 vekilleri bizim halqlar\u011fa, ukrain ve q\u0131r\u0131mtatar halqlar\u0131na nisbeten k\u00f6sterilgen a\u00e7\u0131qtan-a\u00e7\u0131q say\u0131\u011f\u0131s\u0131zl\u0131q, dep sayam\u0131z. Eminmiz ki, bizim pozitsiyam\u0131z\u011fa mesheti t\u00fcrkler, Volgaboyu nemseleri ve stalin rejiminden zarar k\u00f6rgen diger halqlar da qoltutalar.<\/p>\n\n\n\n<p>B\u00f6yle pis provokatsiya i\u00e7\u00fcn Aqmescit ve Q\u0131r\u0131m muhtariyeti akimleri cevapk\u00e2rd\u0131rlar. Zan\u0131m\u0131zca Mustaqil devletler birligine kirgen baz\u0131 memleketler de bu vaq\u0131tqa qadar totalitar rejimge sed \u00e7ekmegeni, s\u00fcrg\u00fcn etilgen halqlar \u00f6g\u00fcnde borclar\u0131n\u0131 \u00f6demegeni i\u00e7\u00fcn mes\u00fcliet ta\u015f\u0131maqtalar.<\/p>\n\n\n\n<p>Stalincilerge qoltutqan akimlerni\u00f1 areketlerine a\u00e7uvlan\u011fan q\u0131r\u0131mtatarlarn\u0131\u00f1 duy\u011fular\u0131n\u0131 pek yah\u015f\u0131 a\u00f1laym\u0131z. Q\u0131r\u0131mtatar qarda\u015flar\u0131m\u0131znen g\u00f6\u00f1\u00fclde\u015fmiz.<\/p>\n\n\n\n<p>Halqlar\u0131 \u015fu cell\u00e2tn\u0131\u00f1 siyasetinden zarar k\u00f6rgen S\u00fcrg\u00fcn etilgen halqlar birligine kirgenler memleketlerde b\u00f6yle sergiler ke\u00e7irilmesine qatiyen qar\u015f\u0131m\u0131z.<\/p>\n\n\n\n<p>Biz OSCE Parlament Assambleyas\u0131n\u0131\u00f1 &#8220;B\u00f6l\u00fcngen Avropan\u0131\u00f1 birle\u015fmesini\u00f1 2009 senesi iy\u00fcl 3-te qabul etken ve natsist ve kommunist rejimlerini\u00f1 insanl\u0131qqa nisbeten yapqan zulumlar\u0131n\u0131 cinaiy dep tan\u0131\u011fan &#8220;B\u00f6l\u00fcngen Avropan\u0131\u00f1 birle\u015fmesi: OSCE region\u0131nda HH as\u0131rda insan aqlar\u0131 ve grajdanl\u0131q serbestligini taqdirlev&#8221; qarar\u0131n\u0131 maqulleymiz.<\/p>\n\n\n\n<p>Biz kommunist rejimi \u00fczerinden N\u00fcrnberg-2 mahkemesini te\u015fkil etmekni maqsad\u0131nda ol\u011fan &#8220;Avropa hat\u0131ra ve vicdan platformas\u0131&#8221;n\u0131\u00f1 maqsad ve vazifelerini taqdirleymiz.<\/p>\n\n\n\n<p>Biz Ukraina Prezidenti Viktor Yanukovi\u00e7ke Ukrainadaki neostalincilerni\u00f1 bu pis areketlerine q\u0131ymet kesmesini talap etip muracaatta bulunam\u0131z.<\/p>\n\n\n\n<p>Halqara cemaat\u00e7\u0131l\u0131qqa bizim bu muracaat\u0131m\u0131z\u011fa qoltutmas\u0131n\u0131 rica etemiz.<\/p>\n\n\n\n<p class=\"has-text-align-right\"><br><br><em><strong>Arkadiy Gor\u00e2yev<\/strong>, &#8220;Rusiyeni\u00f1 S\u00fcrg\u00fcn etilgen halqlar birligi&#8221; reis<br><br><strong>Saban\u00e7iyev \u0130smail<\/strong>, &#8220;Balqar halq\u0131 qartlar\u0131n\u0131\u00f1 ke\u00f1e\u015fi&#8221; cemaat te\u015fkil\u00e2t\u0131 (Balqarlar)<\/em><\/p>\n\n\n\n<p class=\"has-text-align-right\"><em><strong>Sultan \u015eavhalov<\/strong>, &#8220;\u00c7e\u00e7enlerni\u00f1 cemaat \u015furas\u0131&#8221; Da\u011f\u0131stan regional cemaat te\u015fkil\u00e2t\u0131 (Da\u011f\u0131stan \u00e7e\u00e7enleri)<\/em><\/p>\n\n\n\n<p class=\"has-text-align-right\"><em><strong>B\u00f6ris Urusov<\/strong>, &#8220;Camagat&#8221; Qara\u00e7ay regional demokratik te\u015fkil\u00e2t, reis muavini<br><br><strong>\u0130ssa Ahilgov<\/strong>, &#8220;Mehk-Khel&#8221; \u0130n\u011fu\u015f Cumhuriyeti regional cemaat areketi (Halq \u015euras\u0131)<br><\/em><\/p>\n\n\n\n<p class=\"has-text-align-right\"><em>2012 senesi dekabr 27<\/em><\/p>\n","protected":false},"excerpt":{"rendered":"<p>Rusiyeni\u00f1 S\u00fcrg\u00fcn etilgen halqlar birligi 2012 senesi dekabr 21-de Aqmescitte cell\u00e2t Stalinge ba\u011f\u0131\u015flan\u011fan sergi \u015feerni\u00f1 tam merkezinde ve \u00f6z\u00fc de \u015fu cell\u00e2tn\u0131\u00f1 emiri ile s\u00fcrg\u00fcn etilgen q\u0131r\u0131mtatar halq\u0131n\u0131\u00f1 vatan\u0131nda ke\u00e7irilmesi munasebetinen naraz\u0131l\u0131\u011f\u0131n\u0131 bildire. Belli ki, bu sergide Stalinni\u00f1 &#8220;arqada\u015flar\u0131&#8221; Adolf Gitler ve Yoahim fon Ribbentropn\u0131\u00f1 resimleri de yerle\u015ftirilmesi mant\u0131ql\u0131 edi. Stalinciler bu ad\u0131mlar\u0131n\u0131 sab\u0131q sovetler [&hellip;]<\/p>\n","protected":false},"author":1,"featured_media":35664,"comment_status":"open","ping_status":"open","sticky":false,"template":"","format":"standard","meta":{"inline_featured_image":false,"footnotes":""},"categories":[265],"tags":[],"class_list":["post-35663","post","type-post","status-publish","format-standard","has-post-thumbnail","hentry","category-haberler"],"acf":[],"yoast_head":"<!-- This site is optimized with the Yoast SEO plugin v27.4 - https:\/\/yoast.com\/product\/yoast-seo-wordpress\/ -->\n<title>Aqmescitte cell\u00e2t Stalin aqq\u0131nda sergi munasebetinen Rusiyeni\u00f1 S\u00fcrg\u00fcn etilgen halqlar birligini\u00f1 beyanat\u0131 - \u041c\u0435\u0434\u0436\u043b\u0456\u0441<\/title>\n<meta name=\"robots\" content=\"index, follow, max-snippet:-1, max-image-preview:large, max-video-preview:-1\" \/>\n<link rel=\"canonical\" href=\"https:\/\/qtmm.org\/qt\/aqmescitte-cellat-stalin-aqqinda-sergi-munasebetinen-rusiyenin-surgun-etilgen-halqlar-birliginin-beyanati\/\" \/>\n<meta property=\"og:locale\" content=\"en_US\" \/>\n<meta property=\"og:type\" content=\"article\" \/>\n<meta property=\"og:title\" content=\"Aqmescitte cell\u00e2t Stalin aqq\u0131nda sergi munasebetinen Rusiyeni\u00f1 S\u00fcrg\u00fcn etilgen halqlar birligini\u00f1 beyanat\u0131 - \u041c\u0435\u0434\u0436\u043b\u0456\u0441\" \/>\n<meta property=\"og:description\" content=\"Rusiyeni\u00f1 S\u00fcrg\u00fcn etilgen halqlar birligi 2012 senesi dekabr 21-de Aqmescitte cell\u00e2t Stalinge ba\u011f\u0131\u015flan\u011fan sergi \u015feerni\u00f1 tam merkezinde ve \u00f6z\u00fc de \u015fu cell\u00e2tn\u0131\u00f1 emiri ile s\u00fcrg\u00fcn etilgen q\u0131r\u0131mtatar halq\u0131n\u0131\u00f1 vatan\u0131nda ke\u00e7irilmesi munasebetinen naraz\u0131l\u0131\u011f\u0131n\u0131 bildire. Belli ki, bu sergide Stalinni\u00f1 &#8220;arqada\u015flar\u0131&#8221; Adolf Gitler ve Yoahim fon Ribbentropn\u0131\u00f1 resimleri de yerle\u015ftirilmesi mant\u0131ql\u0131 edi. Stalinciler bu ad\u0131mlar\u0131n\u0131 sab\u0131q sovetler [&hellip;]\" \/>\n<meta property=\"og:url\" content=\"https:\/\/qtmm.org\/qt\/aqmescitte-cellat-stalin-aqqinda-sergi-munasebetinen-rusiyenin-surgun-etilgen-halqlar-birliginin-beyanati\/\" \/>\n<meta property=\"og:site_name\" content=\"\u041c\u0435\u0434\u0436\u043b\u0456\u0441\" \/>\n<meta property=\"article:publisher\" content=\"https:\/\/www.facebook.com\/qtmm.info\/\" \/>\n<meta property=\"article:published_time\" content=\"2012-12-27T13:15:00+00:00\" \/>\n<meta property=\"article:modified_time\" content=\"2022-01-23T13:16:02+00:00\" \/>\n<meta property=\"og:image\" content=\"https:\/\/qtmm.org\/wp-content\/uploads\/2022\/01\/img_5102_1.jpeg\" \/>\n\t<meta property=\"og:image:width\" content=\"650\" \/>\n\t<meta property=\"og:image:height\" content=\"450\" \/>\n\t<meta property=\"og:image:type\" content=\"image\/jpeg\" \/>\n<meta name=\"author\" content=\"Developer\" \/>\n<meta name=\"twitter:card\" content=\"summary_large_image\" \/>\n<meta name=\"twitter:label1\" content=\"Written by\" \/>\n\t<meta name=\"twitter:data1\" content=\"Developer\" \/>\n\t<meta name=\"twitter:label2\" content=\"Est. reading time\" \/>\n\t<meta name=\"twitter:data2\" content=\"2 minutes\" \/>\n<script type=\"application\/ld+json\" class=\"yoast-schema-graph\">{\"@context\":\"https:\\\/\\\/schema.org\",\"@graph\":[{\"@type\":\"Article\",\"@id\":\"https:\\\/\\\/qtmm.org\\\/qt\\\/aqmescitte-cellat-stalin-aqqinda-sergi-munasebetinen-rusiyenin-surgun-etilgen-halqlar-birliginin-beyanati\\\/#article\",\"isPartOf\":{\"@id\":\"https:\\\/\\\/qtmm.org\\\/qt\\\/aqmescitte-cellat-stalin-aqqinda-sergi-munasebetinen-rusiyenin-surgun-etilgen-halqlar-birliginin-beyanati\\\/\"},\"author\":{\"name\":\"Developer\",\"@id\":\"https:\\\/\\\/qtmm.org\\\/qt\\\/#\\\/schema\\\/person\\\/de562469f971dec226ac06e60bbf74a7\"},\"headline\":\"Aqmescitte cell\u00e2t Stalin aqq\u0131nda sergi munasebetinen Rusiyeni\u00f1 S\u00fcrg\u00fcn etilgen halqlar birligini\u00f1 beyanat\u0131\",\"datePublished\":\"2012-12-27T13:15:00+00:00\",\"dateModified\":\"2022-01-23T13:16:02+00:00\",\"mainEntityOfPage\":{\"@id\":\"https:\\\/\\\/qtmm.org\\\/qt\\\/aqmescitte-cellat-stalin-aqqinda-sergi-munasebetinen-rusiyenin-surgun-etilgen-halqlar-birliginin-beyanati\\\/\"},\"wordCount\":480,\"commentCount\":0,\"publisher\":{\"@id\":\"https:\\\/\\\/qtmm.org\\\/qt\\\/#organization\"},\"image\":{\"@id\":\"https:\\\/\\\/qtmm.org\\\/qt\\\/aqmescitte-cellat-stalin-aqqinda-sergi-munasebetinen-rusiyenin-surgun-etilgen-halqlar-birliginin-beyanati\\\/#primaryimage\"},\"thumbnailUrl\":\"https:\\\/\\\/qtmm.org\\\/wp-content\\\/uploads\\\/2022\\\/01\\\/img_5102_1.jpeg\",\"articleSection\":[\"Haberler\"],\"inLanguage\":\"qt\",\"potentialAction\":[{\"@type\":\"CommentAction\",\"name\":\"Comment\",\"target\":[\"https:\\\/\\\/qtmm.org\\\/qt\\\/aqmescitte-cellat-stalin-aqqinda-sergi-munasebetinen-rusiyenin-surgun-etilgen-halqlar-birliginin-beyanati\\\/#respond\"]}]},{\"@type\":\"WebPage\",\"@id\":\"https:\\\/\\\/qtmm.org\\\/qt\\\/aqmescitte-cellat-stalin-aqqinda-sergi-munasebetinen-rusiyenin-surgun-etilgen-halqlar-birliginin-beyanati\\\/\",\"url\":\"https:\\\/\\\/qtmm.org\\\/qt\\\/aqmescitte-cellat-stalin-aqqinda-sergi-munasebetinen-rusiyenin-surgun-etilgen-halqlar-birliginin-beyanati\\\/\",\"name\":\"Aqmescitte cell\u00e2t Stalin aqq\u0131nda sergi munasebetinen Rusiyeni\u00f1 S\u00fcrg\u00fcn etilgen halqlar birligini\u00f1 beyanat\u0131 - \u041c\u0435\u0434\u0436\u043b\u0456\u0441\",\"isPartOf\":{\"@id\":\"https:\\\/\\\/qtmm.org\\\/qt\\\/#website\"},\"primaryImageOfPage\":{\"@id\":\"https:\\\/\\\/qtmm.org\\\/qt\\\/aqmescitte-cellat-stalin-aqqinda-sergi-munasebetinen-rusiyenin-surgun-etilgen-halqlar-birliginin-beyanati\\\/#primaryimage\"},\"image\":{\"@id\":\"https:\\\/\\\/qtmm.org\\\/qt\\\/aqmescitte-cellat-stalin-aqqinda-sergi-munasebetinen-rusiyenin-surgun-etilgen-halqlar-birliginin-beyanati\\\/#primaryimage\"},\"thumbnailUrl\":\"https:\\\/\\\/qtmm.org\\\/wp-content\\\/uploads\\\/2022\\\/01\\\/img_5102_1.jpeg\",\"datePublished\":\"2012-12-27T13:15:00+00:00\",\"dateModified\":\"2022-01-23T13:16:02+00:00\",\"breadcrumb\":{\"@id\":\"https:\\\/\\\/qtmm.org\\\/qt\\\/aqmescitte-cellat-stalin-aqqinda-sergi-munasebetinen-rusiyenin-surgun-etilgen-halqlar-birliginin-beyanati\\\/#breadcrumb\"},\"inLanguage\":\"qt\",\"potentialAction\":[{\"@type\":\"ReadAction\",\"target\":[\"https:\\\/\\\/qtmm.org\\\/qt\\\/aqmescitte-cellat-stalin-aqqinda-sergi-munasebetinen-rusiyenin-surgun-etilgen-halqlar-birliginin-beyanati\\\/\"]}]},{\"@type\":\"ImageObject\",\"inLanguage\":\"qt\",\"@id\":\"https:\\\/\\\/qtmm.org\\\/qt\\\/aqmescitte-cellat-stalin-aqqinda-sergi-munasebetinen-rusiyenin-surgun-etilgen-halqlar-birliginin-beyanati\\\/#primaryimage\",\"url\":\"https:\\\/\\\/qtmm.org\\\/wp-content\\\/uploads\\\/2022\\\/01\\\/img_5102_1.jpeg\",\"contentUrl\":\"https:\\\/\\\/qtmm.org\\\/wp-content\\\/uploads\\\/2022\\\/01\\\/img_5102_1.jpeg\",\"width\":650,\"height\":450},{\"@type\":\"BreadcrumbList\",\"@id\":\"https:\\\/\\\/qtmm.org\\\/qt\\\/aqmescitte-cellat-stalin-aqqinda-sergi-munasebetinen-rusiyenin-surgun-etilgen-halqlar-birliginin-beyanati\\\/#breadcrumb\",\"itemListElement\":[{\"@type\":\"ListItem\",\"position\":1,\"name\":\"\u0413\u043e\u043b\u043e\u0432\u043d\u0430\",\"item\":\"https:\\\/\\\/qtmm.org\\\/qt\\\/\"},{\"@type\":\"ListItem\",\"position\":2,\"name\":\"Aqmescitte cell\u00e2t Stalin aqq\u0131nda sergi munasebetinen Rusiyeni\u00f1 S\u00fcrg\u00fcn etilgen halqlar birligini\u00f1 beyanat\u0131\"}]},{\"@type\":\"WebSite\",\"@id\":\"https:\\\/\\\/qtmm.org\\\/qt\\\/#website\",\"url\":\"https:\\\/\\\/qtmm.org\\\/qt\\\/\",\"name\":\"\u041c\u0435\u0434\u0436\u043b\u0456\u0441\",\"description\":\"\",\"publisher\":{\"@id\":\"https:\\\/\\\/qtmm.org\\\/qt\\\/#organization\"},\"potentialAction\":[{\"@type\":\"SearchAction\",\"target\":{\"@type\":\"EntryPoint\",\"urlTemplate\":\"https:\\\/\\\/qtmm.org\\\/qt\\\/?s={search_term_string}\"},\"query-input\":{\"@type\":\"PropertyValueSpecification\",\"valueRequired\":true,\"valueName\":\"search_term_string\"}}],\"inLanguage\":\"qt\"},{\"@type\":\"Organization\",\"@id\":\"https:\\\/\\\/qtmm.org\\\/qt\\\/#organization\",\"name\":\"\u041c\u0435\u0434\u0436\u043b\u0456\u0441\",\"url\":\"https:\\\/\\\/qtmm.org\\\/qt\\\/\",\"logo\":{\"@type\":\"ImageObject\",\"inLanguage\":\"qt\",\"@id\":\"https:\\\/\\\/qtmm.org\\\/qt\\\/#\\\/schema\\\/logo\\\/image\\\/\",\"url\":\"https:\\\/\\\/qtmm.org\\\/wp-content\\\/uploads\\\/2024\\\/12\\\/ua-mejlis-logo-rgb.svg\",\"contentUrl\":\"https:\\\/\\\/qtmm.org\\\/wp-content\\\/uploads\\\/2024\\\/12\\\/ua-mejlis-logo-rgb.svg\",\"caption\":\"\u041c\u0435\u0434\u0436\u043b\u0456\u0441\"},\"image\":{\"@id\":\"https:\\\/\\\/qtmm.org\\\/qt\\\/#\\\/schema\\\/logo\\\/image\\\/\"},\"sameAs\":[\"https:\\\/\\\/www.facebook.com\\\/qtmm.info\\\/\"]},{\"@type\":\"Person\",\"@id\":\"https:\\\/\\\/qtmm.org\\\/qt\\\/#\\\/schema\\\/person\\\/de562469f971dec226ac06e60bbf74a7\",\"name\":\"Developer\",\"image\":{\"@type\":\"ImageObject\",\"inLanguage\":\"qt\",\"@id\":\"https:\\\/\\\/secure.gravatar.com\\\/avatar\\\/392b4cc8fbfeb00b39dfeeab4ee6edded39ffd48e25858637e4765810300227e?s=96&d=mm&r=g\",\"url\":\"https:\\\/\\\/secure.gravatar.com\\\/avatar\\\/392b4cc8fbfeb00b39dfeeab4ee6edded39ffd48e25858637e4765810300227e?s=96&d=mm&r=g\",\"contentUrl\":\"https:\\\/\\\/secure.gravatar.com\\\/avatar\\\/392b4cc8fbfeb00b39dfeeab4ee6edded39ffd48e25858637e4765810300227e?s=96&d=mm&r=g\",\"caption\":\"Developer\"},\"url\":\"https:\\\/\\\/qtmm.org\\\/qt\\\/author\\\/Developer\\\/\"}]}<\/script>\n<!-- \/ Yoast SEO plugin. -->","yoast_head_json":{"title":"Aqmescitte cell\u00e2t Stalin aqq\u0131nda sergi munasebetinen Rusiyeni\u00f1 S\u00fcrg\u00fcn etilgen halqlar birligini\u00f1 beyanat\u0131 - \u041c\u0435\u0434\u0436\u043b\u0456\u0441","robots":{"index":"index","follow":"follow","max-snippet":"max-snippet:-1","max-image-preview":"max-image-preview:large","max-video-preview":"max-video-preview:-1"},"canonical":"https:\/\/qtmm.org\/qt\/aqmescitte-cellat-stalin-aqqinda-sergi-munasebetinen-rusiyenin-surgun-etilgen-halqlar-birliginin-beyanati\/","og_locale":"en_US","og_type":"article","og_title":"Aqmescitte cell\u00e2t Stalin aqq\u0131nda sergi munasebetinen Rusiyeni\u00f1 S\u00fcrg\u00fcn etilgen halqlar birligini\u00f1 beyanat\u0131 - \u041c\u0435\u0434\u0436\u043b\u0456\u0441","og_description":"Rusiyeni\u00f1 S\u00fcrg\u00fcn etilgen halqlar birligi 2012 senesi dekabr 21-de Aqmescitte cell\u00e2t Stalinge ba\u011f\u0131\u015flan\u011fan sergi \u015feerni\u00f1 tam merkezinde ve \u00f6z\u00fc de \u015fu cell\u00e2tn\u0131\u00f1 emiri ile s\u00fcrg\u00fcn etilgen q\u0131r\u0131mtatar halq\u0131n\u0131\u00f1 vatan\u0131nda ke\u00e7irilmesi munasebetinen naraz\u0131l\u0131\u011f\u0131n\u0131 bildire. Belli ki, bu sergide Stalinni\u00f1 &#8220;arqada\u015flar\u0131&#8221; Adolf Gitler ve Yoahim fon Ribbentropn\u0131\u00f1 resimleri de yerle\u015ftirilmesi mant\u0131ql\u0131 edi. Stalinciler bu ad\u0131mlar\u0131n\u0131 sab\u0131q sovetler [&hellip;]","og_url":"https:\/\/qtmm.org\/qt\/aqmescitte-cellat-stalin-aqqinda-sergi-munasebetinen-rusiyenin-surgun-etilgen-halqlar-birliginin-beyanati\/","og_site_name":"\u041c\u0435\u0434\u0436\u043b\u0456\u0441","article_publisher":"https:\/\/www.facebook.com\/qtmm.info\/","article_published_time":"2012-12-27T13:15:00+00:00","article_modified_time":"2022-01-23T13:16:02+00:00","og_image":[{"width":650,"height":450,"url":"https:\/\/qtmm.org\/wp-content\/uploads\/2022\/01\/img_5102_1.jpeg","type":"image\/jpeg"}],"author":"Developer","twitter_card":"summary_large_image","twitter_misc":{"Written by":"Developer","Est. reading time":"2 minutes"},"schema":{"@context":"https:\/\/schema.org","@graph":[{"@type":"Article","@id":"https:\/\/qtmm.org\/qt\/aqmescitte-cellat-stalin-aqqinda-sergi-munasebetinen-rusiyenin-surgun-etilgen-halqlar-birliginin-beyanati\/#article","isPartOf":{"@id":"https:\/\/qtmm.org\/qt\/aqmescitte-cellat-stalin-aqqinda-sergi-munasebetinen-rusiyenin-surgun-etilgen-halqlar-birliginin-beyanati\/"},"author":{"name":"Developer","@id":"https:\/\/qtmm.org\/qt\/#\/schema\/person\/de562469f971dec226ac06e60bbf74a7"},"headline":"Aqmescitte cell\u00e2t Stalin aqq\u0131nda sergi munasebetinen Rusiyeni\u00f1 S\u00fcrg\u00fcn etilgen halqlar birligini\u00f1 beyanat\u0131","datePublished":"2012-12-27T13:15:00+00:00","dateModified":"2022-01-23T13:16:02+00:00","mainEntityOfPage":{"@id":"https:\/\/qtmm.org\/qt\/aqmescitte-cellat-stalin-aqqinda-sergi-munasebetinen-rusiyenin-surgun-etilgen-halqlar-birliginin-beyanati\/"},"wordCount":480,"commentCount":0,"publisher":{"@id":"https:\/\/qtmm.org\/qt\/#organization"},"image":{"@id":"https:\/\/qtmm.org\/qt\/aqmescitte-cellat-stalin-aqqinda-sergi-munasebetinen-rusiyenin-surgun-etilgen-halqlar-birliginin-beyanati\/#primaryimage"},"thumbnailUrl":"https:\/\/qtmm.org\/wp-content\/uploads\/2022\/01\/img_5102_1.jpeg","articleSection":["Haberler"],"inLanguage":"qt","potentialAction":[{"@type":"CommentAction","name":"Comment","target":["https:\/\/qtmm.org\/qt\/aqmescitte-cellat-stalin-aqqinda-sergi-munasebetinen-rusiyenin-surgun-etilgen-halqlar-birliginin-beyanati\/#respond"]}]},{"@type":"WebPage","@id":"https:\/\/qtmm.org\/qt\/aqmescitte-cellat-stalin-aqqinda-sergi-munasebetinen-rusiyenin-surgun-etilgen-halqlar-birliginin-beyanati\/","url":"https:\/\/qtmm.org\/qt\/aqmescitte-cellat-stalin-aqqinda-sergi-munasebetinen-rusiyenin-surgun-etilgen-halqlar-birliginin-beyanati\/","name":"Aqmescitte cell\u00e2t Stalin aqq\u0131nda sergi munasebetinen Rusiyeni\u00f1 S\u00fcrg\u00fcn etilgen halqlar birligini\u00f1 beyanat\u0131 - \u041c\u0435\u0434\u0436\u043b\u0456\u0441","isPartOf":{"@id":"https:\/\/qtmm.org\/qt\/#website"},"primaryImageOfPage":{"@id":"https:\/\/qtmm.org\/qt\/aqmescitte-cellat-stalin-aqqinda-sergi-munasebetinen-rusiyenin-surgun-etilgen-halqlar-birliginin-beyanati\/#primaryimage"},"image":{"@id":"https:\/\/qtmm.org\/qt\/aqmescitte-cellat-stalin-aqqinda-sergi-munasebetinen-rusiyenin-surgun-etilgen-halqlar-birliginin-beyanati\/#primaryimage"},"thumbnailUrl":"https:\/\/qtmm.org\/wp-content\/uploads\/2022\/01\/img_5102_1.jpeg","datePublished":"2012-12-27T13:15:00+00:00","dateModified":"2022-01-23T13:16:02+00:00","breadcrumb":{"@id":"https:\/\/qtmm.org\/qt\/aqmescitte-cellat-stalin-aqqinda-sergi-munasebetinen-rusiyenin-surgun-etilgen-halqlar-birliginin-beyanati\/#breadcrumb"},"inLanguage":"qt","potentialAction":[{"@type":"ReadAction","target":["https:\/\/qtmm.org\/qt\/aqmescitte-cellat-stalin-aqqinda-sergi-munasebetinen-rusiyenin-surgun-etilgen-halqlar-birliginin-beyanati\/"]}]},{"@type":"ImageObject","inLanguage":"qt","@id":"https:\/\/qtmm.org\/qt\/aqmescitte-cellat-stalin-aqqinda-sergi-munasebetinen-rusiyenin-surgun-etilgen-halqlar-birliginin-beyanati\/#primaryimage","url":"https:\/\/qtmm.org\/wp-content\/uploads\/2022\/01\/img_5102_1.jpeg","contentUrl":"https:\/\/qtmm.org\/wp-content\/uploads\/2022\/01\/img_5102_1.jpeg","width":650,"height":450},{"@type":"BreadcrumbList","@id":"https:\/\/qtmm.org\/qt\/aqmescitte-cellat-stalin-aqqinda-sergi-munasebetinen-rusiyenin-surgun-etilgen-halqlar-birliginin-beyanati\/#breadcrumb","itemListElement":[{"@type":"ListItem","position":1,"name":"\u0413\u043e\u043b\u043e\u0432\u043d\u0430","item":"https:\/\/qtmm.org\/qt\/"},{"@type":"ListItem","position":2,"name":"Aqmescitte cell\u00e2t Stalin aqq\u0131nda sergi munasebetinen Rusiyeni\u00f1 S\u00fcrg\u00fcn etilgen halqlar birligini\u00f1 beyanat\u0131"}]},{"@type":"WebSite","@id":"https:\/\/qtmm.org\/qt\/#website","url":"https:\/\/qtmm.org\/qt\/","name":"\u041c\u0435\u0434\u0436\u043b\u0456\u0441","description":"","publisher":{"@id":"https:\/\/qtmm.org\/qt\/#organization"},"potentialAction":[{"@type":"SearchAction","target":{"@type":"EntryPoint","urlTemplate":"https:\/\/qtmm.org\/qt\/?s={search_term_string}"},"query-input":{"@type":"PropertyValueSpecification","valueRequired":true,"valueName":"search_term_string"}}],"inLanguage":"qt"},{"@type":"Organization","@id":"https:\/\/qtmm.org\/qt\/#organization","name":"\u041c\u0435\u0434\u0436\u043b\u0456\u0441","url":"https:\/\/qtmm.org\/qt\/","logo":{"@type":"ImageObject","inLanguage":"qt","@id":"https:\/\/qtmm.org\/qt\/#\/schema\/logo\/image\/","url":"https:\/\/qtmm.org\/wp-content\/uploads\/2024\/12\/ua-mejlis-logo-rgb.svg","contentUrl":"https:\/\/qtmm.org\/wp-content\/uploads\/2024\/12\/ua-mejlis-logo-rgb.svg","caption":"\u041c\u0435\u0434\u0436\u043b\u0456\u0441"},"image":{"@id":"https:\/\/qtmm.org\/qt\/#\/schema\/logo\/image\/"},"sameAs":["https:\/\/www.facebook.com\/qtmm.info\/"]},{"@type":"Person","@id":"https:\/\/qtmm.org\/qt\/#\/schema\/person\/de562469f971dec226ac06e60bbf74a7","name":"Developer","image":{"@type":"ImageObject","inLanguage":"qt","@id":"https:\/\/secure.gravatar.com\/avatar\/392b4cc8fbfeb00b39dfeeab4ee6edded39ffd48e25858637e4765810300227e?s=96&d=mm&r=g","url":"https:\/\/secure.gravatar.com\/avatar\/392b4cc8fbfeb00b39dfeeab4ee6edded39ffd48e25858637e4765810300227e?s=96&d=mm&r=g","contentUrl":"https:\/\/secure.gravatar.com\/avatar\/392b4cc8fbfeb00b39dfeeab4ee6edded39ffd48e25858637e4765810300227e?s=96&d=mm&r=g","caption":"Developer"},"url":"https:\/\/qtmm.org\/qt\/author\/Developer\/"}]}},"_links":{"self":[{"href":"https:\/\/qtmm.org\/qt\/wp-json\/wp\/v2\/posts\/35663","targetHints":{"allow":["GET"]}}],"collection":[{"href":"https:\/\/qtmm.org\/qt\/wp-json\/wp\/v2\/posts"}],"about":[{"href":"https:\/\/qtmm.org\/qt\/wp-json\/wp\/v2\/types\/post"}],"author":[{"embeddable":true,"href":"https:\/\/qtmm.org\/qt\/wp-json\/wp\/v2\/users\/1"}],"replies":[{"embeddable":true,"href":"https:\/\/qtmm.org\/qt\/wp-json\/wp\/v2\/comments?post=35663"}],"version-history":[{"count":1,"href":"https:\/\/qtmm.org\/qt\/wp-json\/wp\/v2\/posts\/35663\/revisions"}],"predecessor-version":[{"id":35668,"href":"https:\/\/qtmm.org\/qt\/wp-json\/wp\/v2\/posts\/35663\/revisions\/35668"}],"wp:featuredmedia":[{"embeddable":true,"href":"https:\/\/qtmm.org\/qt\/wp-json\/wp\/v2\/media\/35664"}],"wp:attachment":[{"href":"https:\/\/qtmm.org\/qt\/wp-json\/wp\/v2\/media?parent=35663"}],"wp:term":[{"taxonomy":"category","embeddable":true,"href":"https:\/\/qtmm.org\/qt\/wp-json\/wp\/v2\/categories?post=35663"},{"taxonomy":"post_tag","embeddable":true,"href":"https:\/\/qtmm.org\/qt\/wp-json\/wp\/v2\/tags?post=35663"}],"curies":[{"name":"wp","href":"https:\/\/api.w.org\/{rel}","templated":true}]}}