




{"id":35661,"date":"2012-12-26T16:14:00","date_gmt":"2012-12-26T13:14:00","guid":{"rendered":"http:\/\/qtmm.org\/?p=35661"},"modified":"2022-01-23T16:15:01","modified_gmt":"2022-01-23T13:15:01","slug":"dekabr-21-kunu-stalincilernin-ciqisi-boyunca-uquqqoruyicilarnin-beyanati","status":"publish","type":"post","link":"https:\/\/qtmm.org\/qt\/dekabr-21-kunu-stalincilernin-ciqisi-boyunca-uquqqoruyicilarnin-beyanati\/","title":{"rendered":"Dekabr 21 k\u00fcn\u00fc stalincilerni\u00f1 \u00e7\u0131q\u0131\u015f\u0131 boyunca uquqqoruy\u0131c\u0131larn\u0131\u00f1 beyanat\u0131"},"content":{"rendered":"\n<p>Biz, kommunist rejimini\u00f1 siyasiy mab\u00fcsleri ve uquqqoruy\u0131c\u0131lar mu\u015faveresi &#8211; QIRIM FORUMIn\u0131\u00f1 i\u015ftirak\u00e7ileri Stalinni medh etken provokatsion fotosergini bozuv boyunca mahkemeden evel taqiqat munasebetinen Ukraina ve Q\u0131r\u0131m akimiyetine, l\u00e2qayd olma\u011fan insanlar\u011fa muracaat etemiz.<\/p>\n\n\n\n<p>Sergi rusiyeli neostalinci Sergey K\u00fcrgin\u00e2nn\u0131\u00f1 yetek\u00e7iligindeki &#8220;Sut vremeni \u2013 Kr\u0131m&#8221; te\u015fkil\u00e2t\u0131 taraf\u0131ndan ke\u00e7irildi. Sergi te\u015fkil\u00e2t\u00e7\u0131lar\u0131 Stalinni &#8220;rus medeniyeti tarih\u0131nda e\u00f1 k\u00f6r\u00fcmli devlet yolba\u015f\u00e7\u0131s\u0131&#8221; olaraq k\u00f6stermek maqsad\u0131n\u0131 k\u00f6zde tutqanlar. Sergi q\u0131r\u0131mtatarlarn\u0131\u00f1 nefretini qoz\u011fad\u0131 ve olar insanl\u0131qqa qar\u015f\u0131 cinayet i\u00e7\u00fcn cevapk\u00e2r cell\u00e2tn\u0131 maqta\u011fan sergini bozd\u0131lar.<\/p>\n\n\n\n<p>Biz \u015fun\u0131 hat\u0131rlatam\u0131z ki, SSSRni\u00f1 diger halqlar\u0131 s\u0131ras\u0131nda q\u0131r\u0131mtatarlarn\u0131\u00f1 s\u00fcrg\u00fcnlikke o\u011frat\u0131lmas\u0131 milletni\u00f1 yar\u0131s\u0131n\u0131 \u2013 esasen qartlar, qad\u0131nlar ve balalarn\u0131 yoq etti.<\/p>\n\n\n\n<p>Biz ukrain cemiyetini\u00f1 b\u00fct\u00fcn sa\u011flam k\u00fc\u00e7lerini vatanda\u015flar\u0131n\u0131\u00f1 aqlar\u0131 ve serbetligi qor\u00e7alanmas\u0131na qoltutma\u011fa \u00e7a\u011f\u0131ram\u0131z. Sergi q\u0131r\u0131mtatarlarn\u0131\u00f1 milliy duy\u011fu ve degerligine menfiy toquna. Stalinni ve bol\u015fevik qatillerini medh etmek ukrain devletini aqaret ete.<\/p>\n\n\n\n<p>Biz bun\u0131\u00f1 kibi de halqara cemaat\u00e7\u0131l\u0131qqa da bizim muracaat\u0131m\u0131z\u011fa qoltutmaq ricas\u0131nen muracaat etemiz.<\/p>\n\n\n\n<p class=\"has-text-align-right\"><strong><em>Vardan Arut\u00fcn\u00e2n, Ermenistan<\/em><\/strong><\/p>\n\n\n\n<p class=\"has-text-align-right\"><strong><em>Aleksandr Podrabinek, Rusiye,<\/em><\/strong><\/p>\n\n\n\n<p class=\"has-text-align-right\"><strong><em>Aleksey Smirnov, Rusiye<\/em><\/strong><\/p>\n","protected":false},"excerpt":{"rendered":"<p>Biz, kommunist rejimini\u00f1 siyasiy mab\u00fcsleri ve uquqqoruy\u0131c\u0131lar mu\u015faveresi &#8211; QIRIM FORUMIn\u0131\u00f1 i\u015ftirak\u00e7ileri Stalinni medh etken provokatsion fotosergini bozuv boyunca mahkemeden evel taqiqat munasebetinen Ukraina ve Q\u0131r\u0131m akimiyetine, l\u00e2qayd olma\u011fan insanlar\u011fa muracaat etemiz. Sergi rusiyeli neostalinci Sergey K\u00fcrgin\u00e2nn\u0131\u00f1 yetek\u00e7iligindeki &#8220;Sut vremeni \u2013 Kr\u0131m&#8221; te\u015fkil\u00e2t\u0131 taraf\u0131ndan ke\u00e7irildi. Sergi te\u015fkil\u00e2t\u00e7\u0131lar\u0131 Stalinni &#8220;rus medeniyeti tarih\u0131nda e\u00f1 k\u00f6r\u00fcmli devlet yolba\u015f\u00e7\u0131s\u0131&#8221; [&hellip;]<\/p>\n","protected":false},"author":1,"featured_media":0,"comment_status":"open","ping_status":"open","sticky":false,"template":"","format":"standard","meta":{"inline_featured_image":false,"footnotes":""},"categories":[265],"tags":[],"class_list":["post-35661","post","type-post","status-publish","format-standard","hentry","category-haberler"],"acf":[],"yoast_head":"<!-- This site is optimized with the Yoast SEO plugin v27.4 - https:\/\/yoast.com\/product\/yoast-seo-wordpress\/ -->\n<title>Dekabr 21 k\u00fcn\u00fc stalincilerni\u00f1 \u00e7\u0131q\u0131\u015f\u0131 boyunca uquqqoruy\u0131c\u0131larn\u0131\u00f1 beyanat\u0131 - \u041c\u0435\u0434\u0436\u043b\u0456\u0441<\/title>\n<meta name=\"robots\" content=\"index, follow, max-snippet:-1, max-image-preview:large, max-video-preview:-1\" \/>\n<link rel=\"canonical\" href=\"https:\/\/qtmm.org\/qt\/dekabr-21-kunu-stalincilernin-ciqisi-boyunca-uquqqoruyicilarnin-beyanati\/\" \/>\n<meta property=\"og:locale\" content=\"en_US\" \/>\n<meta property=\"og:type\" content=\"article\" \/>\n<meta property=\"og:title\" content=\"Dekabr 21 k\u00fcn\u00fc stalincilerni\u00f1 \u00e7\u0131q\u0131\u015f\u0131 boyunca uquqqoruy\u0131c\u0131larn\u0131\u00f1 beyanat\u0131 - \u041c\u0435\u0434\u0436\u043b\u0456\u0441\" \/>\n<meta property=\"og:description\" content=\"Biz, kommunist rejimini\u00f1 siyasiy mab\u00fcsleri ve uquqqoruy\u0131c\u0131lar mu\u015faveresi &#8211; QIRIM FORUMIn\u0131\u00f1 i\u015ftirak\u00e7ileri Stalinni medh etken provokatsion fotosergini bozuv boyunca mahkemeden evel taqiqat munasebetinen Ukraina ve Q\u0131r\u0131m akimiyetine, l\u00e2qayd olma\u011fan insanlar\u011fa muracaat etemiz. Sergi rusiyeli neostalinci Sergey K\u00fcrgin\u00e2nn\u0131\u00f1 yetek\u00e7iligindeki &#8220;Sut vremeni \u2013 Kr\u0131m&#8221; te\u015fkil\u00e2t\u0131 taraf\u0131ndan ke\u00e7irildi. Sergi te\u015fkil\u00e2t\u00e7\u0131lar\u0131 Stalinni &#8220;rus medeniyeti tarih\u0131nda e\u00f1 k\u00f6r\u00fcmli devlet yolba\u015f\u00e7\u0131s\u0131&#8221; [&hellip;]\" \/>\n<meta property=\"og:url\" content=\"https:\/\/qtmm.org\/qt\/dekabr-21-kunu-stalincilernin-ciqisi-boyunca-uquqqoruyicilarnin-beyanati\/\" \/>\n<meta property=\"og:site_name\" content=\"\u041c\u0435\u0434\u0436\u043b\u0456\u0441\" \/>\n<meta property=\"article:publisher\" content=\"https:\/\/www.facebook.com\/qtmm.info\/\" \/>\n<meta property=\"article:published_time\" content=\"2012-12-26T13:14:00+00:00\" \/>\n<meta property=\"article:modified_time\" content=\"2022-01-23T13:15:01+00:00\" \/>\n<meta name=\"author\" content=\"Developer\" \/>\n<meta name=\"twitter:card\" content=\"summary_large_image\" \/>\n<meta name=\"twitter:label1\" content=\"Written by\" \/>\n\t<meta name=\"twitter:data1\" content=\"Developer\" \/>\n\t<meta name=\"twitter:label2\" content=\"Est. reading time\" \/>\n\t<meta name=\"twitter:data2\" content=\"1 minute\" \/>\n<script type=\"application\/ld+json\" class=\"yoast-schema-graph\">{\"@context\":\"https:\\\/\\\/schema.org\",\"@graph\":[{\"@type\":\"Article\",\"@id\":\"https:\\\/\\\/qtmm.org\\\/qt\\\/dekabr-21-kunu-stalincilernin-ciqisi-boyunca-uquqqoruyicilarnin-beyanati\\\/#article\",\"isPartOf\":{\"@id\":\"https:\\\/\\\/qtmm.org\\\/qt\\\/dekabr-21-kunu-stalincilernin-ciqisi-boyunca-uquqqoruyicilarnin-beyanati\\\/\"},\"author\":{\"name\":\"Developer\",\"@id\":\"https:\\\/\\\/qtmm.org\\\/qt\\\/#\\\/schema\\\/person\\\/de562469f971dec226ac06e60bbf74a7\"},\"headline\":\"Dekabr 21 k\u00fcn\u00fc stalincilerni\u00f1 \u00e7\u0131q\u0131\u015f\u0131 boyunca uquqqoruy\u0131c\u0131larn\u0131\u00f1 beyanat\u0131\",\"datePublished\":\"2012-12-26T13:14:00+00:00\",\"dateModified\":\"2022-01-23T13:15:01+00:00\",\"mainEntityOfPage\":{\"@id\":\"https:\\\/\\\/qtmm.org\\\/qt\\\/dekabr-21-kunu-stalincilernin-ciqisi-boyunca-uquqqoruyicilarnin-beyanati\\\/\"},\"wordCount\":231,\"commentCount\":0,\"publisher\":{\"@id\":\"https:\\\/\\\/qtmm.org\\\/qt\\\/#organization\"},\"articleSection\":[\"Haberler\"],\"inLanguage\":\"qt\",\"potentialAction\":[{\"@type\":\"CommentAction\",\"name\":\"Comment\",\"target\":[\"https:\\\/\\\/qtmm.org\\\/qt\\\/dekabr-21-kunu-stalincilernin-ciqisi-boyunca-uquqqoruyicilarnin-beyanati\\\/#respond\"]}]},{\"@type\":\"WebPage\",\"@id\":\"https:\\\/\\\/qtmm.org\\\/qt\\\/dekabr-21-kunu-stalincilernin-ciqisi-boyunca-uquqqoruyicilarnin-beyanati\\\/\",\"url\":\"https:\\\/\\\/qtmm.org\\\/qt\\\/dekabr-21-kunu-stalincilernin-ciqisi-boyunca-uquqqoruyicilarnin-beyanati\\\/\",\"name\":\"Dekabr 21 k\u00fcn\u00fc stalincilerni\u00f1 \u00e7\u0131q\u0131\u015f\u0131 boyunca uquqqoruy\u0131c\u0131larn\u0131\u00f1 beyanat\u0131 - \u041c\u0435\u0434\u0436\u043b\u0456\u0441\",\"isPartOf\":{\"@id\":\"https:\\\/\\\/qtmm.org\\\/qt\\\/#website\"},\"datePublished\":\"2012-12-26T13:14:00+00:00\",\"dateModified\":\"2022-01-23T13:15:01+00:00\",\"breadcrumb\":{\"@id\":\"https:\\\/\\\/qtmm.org\\\/qt\\\/dekabr-21-kunu-stalincilernin-ciqisi-boyunca-uquqqoruyicilarnin-beyanati\\\/#breadcrumb\"},\"inLanguage\":\"qt\",\"potentialAction\":[{\"@type\":\"ReadAction\",\"target\":[\"https:\\\/\\\/qtmm.org\\\/qt\\\/dekabr-21-kunu-stalincilernin-ciqisi-boyunca-uquqqoruyicilarnin-beyanati\\\/\"]}]},{\"@type\":\"BreadcrumbList\",\"@id\":\"https:\\\/\\\/qtmm.org\\\/qt\\\/dekabr-21-kunu-stalincilernin-ciqisi-boyunca-uquqqoruyicilarnin-beyanati\\\/#breadcrumb\",\"itemListElement\":[{\"@type\":\"ListItem\",\"position\":1,\"name\":\"\u0413\u043e\u043b\u043e\u0432\u043d\u0430\",\"item\":\"https:\\\/\\\/qtmm.org\\\/qt\\\/\"},{\"@type\":\"ListItem\",\"position\":2,\"name\":\"Dekabr 21 k\u00fcn\u00fc stalincilerni\u00f1 \u00e7\u0131q\u0131\u015f\u0131 boyunca uquqqoruy\u0131c\u0131larn\u0131\u00f1 beyanat\u0131\"}]},{\"@type\":\"WebSite\",\"@id\":\"https:\\\/\\\/qtmm.org\\\/qt\\\/#website\",\"url\":\"https:\\\/\\\/qtmm.org\\\/qt\\\/\",\"name\":\"\u041c\u0435\u0434\u0436\u043b\u0456\u0441\",\"description\":\"\",\"publisher\":{\"@id\":\"https:\\\/\\\/qtmm.org\\\/qt\\\/#organization\"},\"potentialAction\":[{\"@type\":\"SearchAction\",\"target\":{\"@type\":\"EntryPoint\",\"urlTemplate\":\"https:\\\/\\\/qtmm.org\\\/qt\\\/?s={search_term_string}\"},\"query-input\":{\"@type\":\"PropertyValueSpecification\",\"valueRequired\":true,\"valueName\":\"search_term_string\"}}],\"inLanguage\":\"qt\"},{\"@type\":\"Organization\",\"@id\":\"https:\\\/\\\/qtmm.org\\\/qt\\\/#organization\",\"name\":\"\u041c\u0435\u0434\u0436\u043b\u0456\u0441\",\"url\":\"https:\\\/\\\/qtmm.org\\\/qt\\\/\",\"logo\":{\"@type\":\"ImageObject\",\"inLanguage\":\"qt\",\"@id\":\"https:\\\/\\\/qtmm.org\\\/qt\\\/#\\\/schema\\\/logo\\\/image\\\/\",\"url\":\"https:\\\/\\\/qtmm.org\\\/wp-content\\\/uploads\\\/2024\\\/12\\\/ua-mejlis-logo-rgb.svg\",\"contentUrl\":\"https:\\\/\\\/qtmm.org\\\/wp-content\\\/uploads\\\/2024\\\/12\\\/ua-mejlis-logo-rgb.svg\",\"caption\":\"\u041c\u0435\u0434\u0436\u043b\u0456\u0441\"},\"image\":{\"@id\":\"https:\\\/\\\/qtmm.org\\\/qt\\\/#\\\/schema\\\/logo\\\/image\\\/\"},\"sameAs\":[\"https:\\\/\\\/www.facebook.com\\\/qtmm.info\\\/\"]},{\"@type\":\"Person\",\"@id\":\"https:\\\/\\\/qtmm.org\\\/qt\\\/#\\\/schema\\\/person\\\/de562469f971dec226ac06e60bbf74a7\",\"name\":\"Developer\",\"image\":{\"@type\":\"ImageObject\",\"inLanguage\":\"qt\",\"@id\":\"https:\\\/\\\/secure.gravatar.com\\\/avatar\\\/392b4cc8fbfeb00b39dfeeab4ee6edded39ffd48e25858637e4765810300227e?s=96&d=mm&r=g\",\"url\":\"https:\\\/\\\/secure.gravatar.com\\\/avatar\\\/392b4cc8fbfeb00b39dfeeab4ee6edded39ffd48e25858637e4765810300227e?s=96&d=mm&r=g\",\"contentUrl\":\"https:\\\/\\\/secure.gravatar.com\\\/avatar\\\/392b4cc8fbfeb00b39dfeeab4ee6edded39ffd48e25858637e4765810300227e?s=96&d=mm&r=g\",\"caption\":\"Developer\"},\"url\":\"https:\\\/\\\/qtmm.org\\\/qt\\\/author\\\/Developer\\\/\"}]}<\/script>\n<!-- \/ Yoast SEO plugin. -->","yoast_head_json":{"title":"Dekabr 21 k\u00fcn\u00fc stalincilerni\u00f1 \u00e7\u0131q\u0131\u015f\u0131 boyunca uquqqoruy\u0131c\u0131larn\u0131\u00f1 beyanat\u0131 - \u041c\u0435\u0434\u0436\u043b\u0456\u0441","robots":{"index":"index","follow":"follow","max-snippet":"max-snippet:-1","max-image-preview":"max-image-preview:large","max-video-preview":"max-video-preview:-1"},"canonical":"https:\/\/qtmm.org\/qt\/dekabr-21-kunu-stalincilernin-ciqisi-boyunca-uquqqoruyicilarnin-beyanati\/","og_locale":"en_US","og_type":"article","og_title":"Dekabr 21 k\u00fcn\u00fc stalincilerni\u00f1 \u00e7\u0131q\u0131\u015f\u0131 boyunca uquqqoruy\u0131c\u0131larn\u0131\u00f1 beyanat\u0131 - \u041c\u0435\u0434\u0436\u043b\u0456\u0441","og_description":"Biz, kommunist rejimini\u00f1 siyasiy mab\u00fcsleri ve uquqqoruy\u0131c\u0131lar mu\u015faveresi &#8211; QIRIM FORUMIn\u0131\u00f1 i\u015ftirak\u00e7ileri Stalinni medh etken provokatsion fotosergini bozuv boyunca mahkemeden evel taqiqat munasebetinen Ukraina ve Q\u0131r\u0131m akimiyetine, l\u00e2qayd olma\u011fan insanlar\u011fa muracaat etemiz. Sergi rusiyeli neostalinci Sergey K\u00fcrgin\u00e2nn\u0131\u00f1 yetek\u00e7iligindeki &#8220;Sut vremeni \u2013 Kr\u0131m&#8221; te\u015fkil\u00e2t\u0131 taraf\u0131ndan ke\u00e7irildi. Sergi te\u015fkil\u00e2t\u00e7\u0131lar\u0131 Stalinni &#8220;rus medeniyeti tarih\u0131nda e\u00f1 k\u00f6r\u00fcmli devlet yolba\u015f\u00e7\u0131s\u0131&#8221; [&hellip;]","og_url":"https:\/\/qtmm.org\/qt\/dekabr-21-kunu-stalincilernin-ciqisi-boyunca-uquqqoruyicilarnin-beyanati\/","og_site_name":"\u041c\u0435\u0434\u0436\u043b\u0456\u0441","article_publisher":"https:\/\/www.facebook.com\/qtmm.info\/","article_published_time":"2012-12-26T13:14:00+00:00","article_modified_time":"2022-01-23T13:15:01+00:00","author":"Developer","twitter_card":"summary_large_image","twitter_misc":{"Written by":"Developer","Est. reading time":"1 minute"},"schema":{"@context":"https:\/\/schema.org","@graph":[{"@type":"Article","@id":"https:\/\/qtmm.org\/qt\/dekabr-21-kunu-stalincilernin-ciqisi-boyunca-uquqqoruyicilarnin-beyanati\/#article","isPartOf":{"@id":"https:\/\/qtmm.org\/qt\/dekabr-21-kunu-stalincilernin-ciqisi-boyunca-uquqqoruyicilarnin-beyanati\/"},"author":{"name":"Developer","@id":"https:\/\/qtmm.org\/qt\/#\/schema\/person\/de562469f971dec226ac06e60bbf74a7"},"headline":"Dekabr 21 k\u00fcn\u00fc stalincilerni\u00f1 \u00e7\u0131q\u0131\u015f\u0131 boyunca uquqqoruy\u0131c\u0131larn\u0131\u00f1 beyanat\u0131","datePublished":"2012-12-26T13:14:00+00:00","dateModified":"2022-01-23T13:15:01+00:00","mainEntityOfPage":{"@id":"https:\/\/qtmm.org\/qt\/dekabr-21-kunu-stalincilernin-ciqisi-boyunca-uquqqoruyicilarnin-beyanati\/"},"wordCount":231,"commentCount":0,"publisher":{"@id":"https:\/\/qtmm.org\/qt\/#organization"},"articleSection":["Haberler"],"inLanguage":"qt","potentialAction":[{"@type":"CommentAction","name":"Comment","target":["https:\/\/qtmm.org\/qt\/dekabr-21-kunu-stalincilernin-ciqisi-boyunca-uquqqoruyicilarnin-beyanati\/#respond"]}]},{"@type":"WebPage","@id":"https:\/\/qtmm.org\/qt\/dekabr-21-kunu-stalincilernin-ciqisi-boyunca-uquqqoruyicilarnin-beyanati\/","url":"https:\/\/qtmm.org\/qt\/dekabr-21-kunu-stalincilernin-ciqisi-boyunca-uquqqoruyicilarnin-beyanati\/","name":"Dekabr 21 k\u00fcn\u00fc stalincilerni\u00f1 \u00e7\u0131q\u0131\u015f\u0131 boyunca uquqqoruy\u0131c\u0131larn\u0131\u00f1 beyanat\u0131 - \u041c\u0435\u0434\u0436\u043b\u0456\u0441","isPartOf":{"@id":"https:\/\/qtmm.org\/qt\/#website"},"datePublished":"2012-12-26T13:14:00+00:00","dateModified":"2022-01-23T13:15:01+00:00","breadcrumb":{"@id":"https:\/\/qtmm.org\/qt\/dekabr-21-kunu-stalincilernin-ciqisi-boyunca-uquqqoruyicilarnin-beyanati\/#breadcrumb"},"inLanguage":"qt","potentialAction":[{"@type":"ReadAction","target":["https:\/\/qtmm.org\/qt\/dekabr-21-kunu-stalincilernin-ciqisi-boyunca-uquqqoruyicilarnin-beyanati\/"]}]},{"@type":"BreadcrumbList","@id":"https:\/\/qtmm.org\/qt\/dekabr-21-kunu-stalincilernin-ciqisi-boyunca-uquqqoruyicilarnin-beyanati\/#breadcrumb","itemListElement":[{"@type":"ListItem","position":1,"name":"\u0413\u043e\u043b\u043e\u0432\u043d\u0430","item":"https:\/\/qtmm.org\/qt\/"},{"@type":"ListItem","position":2,"name":"Dekabr 21 k\u00fcn\u00fc stalincilerni\u00f1 \u00e7\u0131q\u0131\u015f\u0131 boyunca uquqqoruy\u0131c\u0131larn\u0131\u00f1 beyanat\u0131"}]},{"@type":"WebSite","@id":"https:\/\/qtmm.org\/qt\/#website","url":"https:\/\/qtmm.org\/qt\/","name":"\u041c\u0435\u0434\u0436\u043b\u0456\u0441","description":"","publisher":{"@id":"https:\/\/qtmm.org\/qt\/#organization"},"potentialAction":[{"@type":"SearchAction","target":{"@type":"EntryPoint","urlTemplate":"https:\/\/qtmm.org\/qt\/?s={search_term_string}"},"query-input":{"@type":"PropertyValueSpecification","valueRequired":true,"valueName":"search_term_string"}}],"inLanguage":"qt"},{"@type":"Organization","@id":"https:\/\/qtmm.org\/qt\/#organization","name":"\u041c\u0435\u0434\u0436\u043b\u0456\u0441","url":"https:\/\/qtmm.org\/qt\/","logo":{"@type":"ImageObject","inLanguage":"qt","@id":"https:\/\/qtmm.org\/qt\/#\/schema\/logo\/image\/","url":"https:\/\/qtmm.org\/wp-content\/uploads\/2024\/12\/ua-mejlis-logo-rgb.svg","contentUrl":"https:\/\/qtmm.org\/wp-content\/uploads\/2024\/12\/ua-mejlis-logo-rgb.svg","caption":"\u041c\u0435\u0434\u0436\u043b\u0456\u0441"},"image":{"@id":"https:\/\/qtmm.org\/qt\/#\/schema\/logo\/image\/"},"sameAs":["https:\/\/www.facebook.com\/qtmm.info\/"]},{"@type":"Person","@id":"https:\/\/qtmm.org\/qt\/#\/schema\/person\/de562469f971dec226ac06e60bbf74a7","name":"Developer","image":{"@type":"ImageObject","inLanguage":"qt","@id":"https:\/\/secure.gravatar.com\/avatar\/392b4cc8fbfeb00b39dfeeab4ee6edded39ffd48e25858637e4765810300227e?s=96&d=mm&r=g","url":"https:\/\/secure.gravatar.com\/avatar\/392b4cc8fbfeb00b39dfeeab4ee6edded39ffd48e25858637e4765810300227e?s=96&d=mm&r=g","contentUrl":"https:\/\/secure.gravatar.com\/avatar\/392b4cc8fbfeb00b39dfeeab4ee6edded39ffd48e25858637e4765810300227e?s=96&d=mm&r=g","caption":"Developer"},"url":"https:\/\/qtmm.org\/qt\/author\/Developer\/"}]}},"_links":{"self":[{"href":"https:\/\/qtmm.org\/qt\/wp-json\/wp\/v2\/posts\/35661","targetHints":{"allow":["GET"]}}],"collection":[{"href":"https:\/\/qtmm.org\/qt\/wp-json\/wp\/v2\/posts"}],"about":[{"href":"https:\/\/qtmm.org\/qt\/wp-json\/wp\/v2\/types\/post"}],"author":[{"embeddable":true,"href":"https:\/\/qtmm.org\/qt\/wp-json\/wp\/v2\/users\/1"}],"replies":[{"embeddable":true,"href":"https:\/\/qtmm.org\/qt\/wp-json\/wp\/v2\/comments?post=35661"}],"version-history":[{"count":1,"href":"https:\/\/qtmm.org\/qt\/wp-json\/wp\/v2\/posts\/35661\/revisions"}],"predecessor-version":[{"id":35662,"href":"https:\/\/qtmm.org\/qt\/wp-json\/wp\/v2\/posts\/35661\/revisions\/35662"}],"wp:attachment":[{"href":"https:\/\/qtmm.org\/qt\/wp-json\/wp\/v2\/media?parent=35661"}],"wp:term":[{"taxonomy":"category","embeddable":true,"href":"https:\/\/qtmm.org\/qt\/wp-json\/wp\/v2\/categories?post=35661"},{"taxonomy":"post_tag","embeddable":true,"href":"https:\/\/qtmm.org\/qt\/wp-json\/wp\/v2\/tags?post=35661"}],"curies":[{"name":"wp","href":"https:\/\/api.w.org\/{rel}","templated":true}]}}