




{"id":35659,"date":"2012-12-24T16:13:00","date_gmt":"2012-12-24T13:13:00","guid":{"rendered":"http:\/\/qtmm.org\/?p=35659"},"modified":"2022-01-23T16:14:14","modified_gmt":"2022-01-23T13:14:14","slug":"ali-hamzin-gitler-ve-stalin-totalitar-rejiminin-qurbanlari-olgan-qirimtatarlar-ve-ukraina-halqina-qarsi-pis-provokatsiya","status":"publish","type":"post","link":"https:\/\/qtmm.org\/qt\/ali-hamzin-gitler-ve-stalin-totalitar-rejiminin-qurbanlari-olgan-qirimtatarlar-ve-ukraina-halqina-qarsi-pis-provokatsiya\/","title":{"rendered":"Ali Hamzin: \u00abGitler ve Stalin totalitar rejimini\u00f1 qurbanlar\u0131 ol\u011fan q\u0131r\u0131mtatarlar ve Ukraina halq\u0131na qar\u015f\u0131 pis provokatsiya\u00bb"},"content":{"rendered":"\n<p>2012 senesi dekabr 21 k\u00fcn\u00fc Aqmescitte &#8220;Sut vremeni &#8211; Kr\u0131m&#8221; adl\u0131 Rusiye te\u015fkil\u00e2t\u0131 taraf\u0131ndan te\u015fkil etilgen Stalin aqq\u0131nda serginen ba\u011fl\u0131 provokatsiya\u011fa muhtariyet akimlerini\u00f1 pozitsiyas\u0131 taac\u00fcplendirdi. Q\u0131r\u0131mtatarlar sayesinde ke\u00e7irilmegen bu vaqia\u011fa olar\u011fa pek \u00e7abuq seslendiler.<\/p>\n\n\n\n<p>Birinciden, Q\u0131r\u0131m militsiya hadimlerine \u015feerni\u00f1 tam merkezinde b\u00f6yle sergi ke\u00e7irilmesine izin bergen vesiqalarnen tan\u0131\u015fmaqn\u0131 tevsiye eter edim. \u00c7\u00fcnki, \u015fun\u0131 qayd etmek ister edim ki, bu \u2013 sadece haber berip ke\u00e7irmek m\u00fcmk\u00fcn ol\u011fan miting, numay\u0131\u015f degil. Ekinciden, uquqkoruv organlar\u0131 (ebet, eger olar Ukrainan\u0131 temsil etip, on\u0131\u00f1 menfaatlar\u0131n\u0131 qor\u00e7alasalar) mezk\u00fcr sergi Ukrainan\u0131\u00f1 Stalinge nisbeten devlet siyaseti ne derejede uy\u011fun ol\u011fan\u0131 ve ukrain halq\u0131n\u0131\u00f1 taqdirinde on\u0131\u00f1 rol\u00fcne nas\u0131l q\u0131ymet kesilgeninen meraqlanmaq kerek ediler.<\/p>\n\n\n\n<p>Belli ki, 2006 senesi noyabr ay\u0131nda Ukrainan\u0131\u00f1 &#8220;1932-1933 seneleri Ukrainada a\u00e7l\u0131q aqq\u0131nda&#8221; Qanun\u0131 qabul etilgen edi. Bu vah\u015fiyane cinayetni\u00f1 te\u015febb\u00fcs\u00e7isi ve icrac\u0131s\u0131 olaraq \u0130. Stalin yolba\u015f\u00e7\u0131l\u0131q yapqan kommunist rejimi tan\u0131l\u011fan edi. 2009 senesi dekabr 25-te Ukraina tel\u00fckesizlik h\u0131zmetini\u00f1 ba\u015f taqiqat idaresi (\u2116 1-33\/2010) &#8220;A\u00e7l\u0131q boyunca mahkeme&#8221; cinaiy i\u015fni a\u00e7\u0131p, birinci kere i\u015f 2010 senesi yanvar 12-13 k\u00fcnleri Kiyevde baqt\u0131. Mahkeme Tel\u00fckesizlik h\u0131zmetni\u00f1 Ukraina devletinde ukrain milletine nisbeten genotsid yap\u0131l\u011fan\u0131, yani ukrainlerni\u00f1 yoq etilmesi i\u00e7\u00fcn su\u00f1iy \u015farait yarat\u0131l\u011fan\u0131 aqq\u0131ndaki hul\u00e2salarn\u0131 tasdiqlad\u0131.<\/p>\n\n\n\n<p>Ukraina Cinayet kodeksini\u00f1 1-nc\u0131 q\u0131sm\u0131 442-nci maddesi boyunca mahkeme bu cinayette SSSR yolba\u015f\u00e7\u0131lar\u0131nen bir s\u0131rada \u0130. Stalinni de qabaatl\u0131 dep tan\u0131l\u0131. L\u00e2kin qabaatl\u0131larn\u0131\u00f1 vefat etkenleri sebebinden 2010 senesi yanvar 13 k\u00fcn\u00fc i\u015f qapat\u0131ld\u0131. 1931-33 senelerde Ukrainada millionlarnen insanlarn\u0131\u00f1 el\u00e2k olmas\u0131nda cell\u00e2t \u0130osif Stalin qabaatl\u0131, dep il\u00e2n etildi.<\/p>\n\n\n\n<p>Uquqqoruv organlar\u0131n\u0131\u00f1 yolba\u015f\u00e7\u0131lar\u0131 degil de, muhtariyettekiler de Ukraina OSCE azas\u0131 olaraq 2009 senesi iy\u00fcl 3-te Parlament Assambleyas\u0131 qabul etken &#8220;B\u00f6l\u00fcngen Avropan\u0131\u00f1 qavu\u015fmas\u0131: insan aqlar\u0131 ve HH1 as\u0131rda OSCE region\u0131nda vatanda\u015fl\u0131q serbestliklerini taqdirlev&#8221; qarar\u0131na qoltutqan ve on\u0131 amelge ke\u00e7irmege s\u00f6z bergeninden haberdar degiller.<\/p>\n\n\n\n<p>Qararn\u0131\u00f1 3-nci maddesinde &#8220;yigirmindzji as\u0131rda Avropa memleketleri eki totalitar rejim \u2013 stalin ve natsizmni\u00f1 basq\u0131s\u0131na o\u011frad\u0131lar&#8221;, dep qayd etile ve olar soyq\u0131r\u0131m, insan aqlar\u0131 ve serbestligini bozuvn\u0131 ketirgen cinayet i\u00e7\u00fcn cevapk\u00e2r ol\u011fanlar\u0131 ayt\u0131la.<br><br>10-nc\u0131 maddede ise &#8220;avgust 23 k\u00fcn\u00fc yani 70 y\u0131l evelsi Ribbentrop-Molotov a\u00f1la\u015fmas\u0131 imzalan\u011fan k\u00fcnni ise stalinizm ve natsizm qurbanlar\u0131n\u0131\u00f1 b\u00fct\u00fcnavropa k\u00fcn\u00fc&#8221; olaraq il\u00e2n etilsin. B\u00f6yleliknen sovet kommunist rejimi Stalin \u00fck\u00fcmranl\u0131\u011f\u0131 devrinde yap\u0131l\u011fan cinayetler Gitler rejimi \u015faraitinde yap\u0131l\u011fan cinayetlernen te\u00f1le\u015ftirildi.<br><br>\u015eu eki rejimden de pek b\u00fcy\u00fck zarar k\u00f6rgen q\u0131r\u0131mtatarlar ayn\u0131 \u015fu sebepten er y\u0131l\u0131 avgust 23-te Q\u0131r\u0131mda hat\u0131ra tedbirleri ke\u00e7irile.<br>Stalinni\u00f1 m\u00fcsbet orbaz\u0131n\u0131 te\u015fviq etmek maqsad\u0131nda t\u00fc\u015f\u00fcnilgen sergi Ukrainan\u0131\u00f1 OSCE devletleri \u00f6g\u00fcnde halqara mecburiyetleri ol\u011fan\u0131 sebebinden de a\u00e7\u0131lmamaq kerek edi. \u00c7\u00fcnki kendisini medeniyetli devlet olaraq k\u00f6stermege t\u0131r\u0131\u015fqan Ukrainada te\u015fkil etilgen b\u00f6yle tedbir bu mecburiyetler qaba bozul\u011fan\u0131n\u0131 k\u00f6stere.<\/p>\n\n\n\n<p>Bug\u00fcnde-bug\u00fcn k\u00fctleviy matbuat vastalar\u0131nda sergi ziyaret\u00e7ilerini\u00f1 &#8220;devletni pekitmek ve qudretini artt\u0131rmaq i\u00e7\u00fcn qatt\u0131 ceza, atta ki millionlarnen qurban da ketirmek kerektir&#8221; degen fikirleri aks ettirildi. Bu \u2013 stalin ve natsizm qurbanlar\u0131n\u0131\u00f1 hat\u0131ras\u0131n\u0131 aqaretlemektir, cemiyette insanl\u0131qqa z\u0131t &#8220;degerlikler&#8221;ni\u00f1 tiklenmesine al\u0131p kelebilir. Bundan da \u011fayr\u0131 sergide Gitler ve Ribbentropn\u0131\u00f1 resimleri de numay\u0131\u015f etildi.<\/p>\n\n\n\n<p>Sergi yolba\u015f\u00e7\u0131s\u0131 V. Mironovn\u0131\u00f1 \u00e7\u0131q\u0131\u015f\u0131 ise milletler aras\u0131nda qav\u011fa \u00e7\u0131qarmaq niyetinen provokatsion t\u00fcste edi. O, Stalinni a\u00e7\u0131qtan-a\u00e7\u0131q medh etip, q\u0131r\u0131mtatarlarn\u0131\u00f1 s\u00fcrg\u00fcn etilmesini aqlayaraq, aqaret etti. &#8220;Serasker&#8221; pek do\u011fru yapqan emi\u015f. S\u00fcrg\u00fcnlikni\u00f1 ilki bir bu\u00e7uq y\u0131l\u0131 i\u00e7inde halq\u0131m\u0131zn\u0131\u00f1 yar\u0131s\u0131, esasen qartlar, qad\u0131nlar ve balalar el\u00e2k old\u0131<br><br>BU SERG\u0130 \u2013 TEK QIRIMTATARLAR\u011eA N\u0130SBETEN DEG\u0130L, UKRA\u0130NA DEVLET\u0130NE, EK\u0130 TOTAL\u0130TAR REJ\u0130MN\u0130\u00d1 QURBANI OL\u011eAN UKRA\u0130N HALQINA DA QAR\u015eI YAPIL\u011eAN P\u0130S PROVOKATS\u0130YADIR.<\/p>\n\n\n\n<p>B\u00f6yle sergini\u00f1 ke\u00e7irilmesine yol bergen resmiy vazifedar \u015f\u00e7ah\u0131slar istifa\u011fa \u00e7\u0131qmaq kerekler.<\/p>\n\n\n\n<p>Mezk\u00fcr sergini\u00f1 ke\u00e7irilmesi munasebetinen &#8220;Sut vremeni \u2013 Kr\u0131m&#8221; adl\u0131 Rusiye te\u015fkil\u00e2t\u0131 Aqmescit b\u00f6l\u00fcgini\u00f1 faaliyetini te\u015fkermek zarur. Cell\u00e2t Stalin \u015ferefine sergini ke\u00e7irmek areketinden eki k\u00fcn ke\u00e7er-ke\u00e7mez \u015fu te\u015fkil\u00e2t vekilleri yar\u0131madada qav\u011fa \u00e7\u0131qarmaq niyetinen daa da b\u00fcy\u00fck provokatsion tedbirler \u00f6tkermek planlar\u0131n\u0131 seslendirdiler.<\/p>\n\n\n\n<p class=\"has-text-align-right\"><br><em>Ali Hamzin,<br>Q\u0131r\u0131mtatar halq\u0131 Meclisi t\u0131\u015fq\u0131 al\u00e2qalar b\u00f6l\u00fcgini\u00f1 ba\u015f\u0131<\/em><\/p>\n","protected":false},"excerpt":{"rendered":"<p>2012 senesi dekabr 21 k\u00fcn\u00fc Aqmescitte &#8220;Sut vremeni &#8211; Kr\u0131m&#8221; adl\u0131 Rusiye te\u015fkil\u00e2t\u0131 taraf\u0131ndan te\u015fkil etilgen Stalin aqq\u0131nda serginen ba\u011fl\u0131 provokatsiya\u011fa muhtariyet akimlerini\u00f1 pozitsiyas\u0131 taac\u00fcplendirdi. Q\u0131r\u0131mtatarlar sayesinde ke\u00e7irilmegen bu vaqia\u011fa olar\u011fa pek \u00e7abuq seslendiler. Birinciden, Q\u0131r\u0131m militsiya hadimlerine \u015feerni\u00f1 tam merkezinde b\u00f6yle sergi ke\u00e7irilmesine izin bergen vesiqalarnen tan\u0131\u015fmaqn\u0131 tevsiye eter edim. \u00c7\u00fcnki, \u015fun\u0131 qayd etmek [&hellip;]<\/p>\n","protected":false},"author":1,"featured_media":0,"comment_status":"open","ping_status":"open","sticky":false,"template":"","format":"standard","meta":{"inline_featured_image":false,"footnotes":""},"categories":[265],"tags":[],"class_list":["post-35659","post","type-post","status-publish","format-standard","hentry","category-haberler"],"acf":[],"yoast_head":"<!-- This site is optimized with the Yoast SEO plugin v27.4 - https:\/\/yoast.com\/product\/yoast-seo-wordpress\/ -->\n<title>Ali Hamzin: \u00abGitler ve Stalin totalitar rejimini\u00f1 qurbanlar\u0131 ol\u011fan q\u0131r\u0131mtatarlar ve Ukraina halq\u0131na qar\u015f\u0131 pis provokatsiya\u00bb - \u041c\u0435\u0434\u0436\u043b\u0456\u0441<\/title>\n<meta name=\"robots\" content=\"index, follow, max-snippet:-1, max-image-preview:large, max-video-preview:-1\" \/>\n<link rel=\"canonical\" href=\"https:\/\/qtmm.org\/qt\/ali-hamzin-gitler-ve-stalin-totalitar-rejiminin-qurbanlari-olgan-qirimtatarlar-ve-ukraina-halqina-qarsi-pis-provokatsiya\/\" \/>\n<meta property=\"og:locale\" content=\"en_US\" \/>\n<meta property=\"og:type\" content=\"article\" \/>\n<meta property=\"og:title\" content=\"Ali Hamzin: \u00abGitler ve Stalin totalitar rejimini\u00f1 qurbanlar\u0131 ol\u011fan q\u0131r\u0131mtatarlar ve Ukraina halq\u0131na qar\u015f\u0131 pis provokatsiya\u00bb - \u041c\u0435\u0434\u0436\u043b\u0456\u0441\" \/>\n<meta property=\"og:description\" content=\"2012 senesi dekabr 21 k\u00fcn\u00fc Aqmescitte &#8220;Sut vremeni &#8211; Kr\u0131m&#8221; adl\u0131 Rusiye te\u015fkil\u00e2t\u0131 taraf\u0131ndan te\u015fkil etilgen Stalin aqq\u0131nda serginen ba\u011fl\u0131 provokatsiya\u011fa muhtariyet akimlerini\u00f1 pozitsiyas\u0131 taac\u00fcplendirdi. Q\u0131r\u0131mtatarlar sayesinde ke\u00e7irilmegen bu vaqia\u011fa olar\u011fa pek \u00e7abuq seslendiler. Birinciden, Q\u0131r\u0131m militsiya hadimlerine \u015feerni\u00f1 tam merkezinde b\u00f6yle sergi ke\u00e7irilmesine izin bergen vesiqalarnen tan\u0131\u015fmaqn\u0131 tevsiye eter edim. \u00c7\u00fcnki, \u015fun\u0131 qayd etmek [&hellip;]\" \/>\n<meta property=\"og:url\" content=\"https:\/\/qtmm.org\/qt\/ali-hamzin-gitler-ve-stalin-totalitar-rejiminin-qurbanlari-olgan-qirimtatarlar-ve-ukraina-halqina-qarsi-pis-provokatsiya\/\" \/>\n<meta property=\"og:site_name\" content=\"\u041c\u0435\u0434\u0436\u043b\u0456\u0441\" \/>\n<meta property=\"article:publisher\" content=\"https:\/\/www.facebook.com\/qtmm.info\/\" \/>\n<meta property=\"article:published_time\" content=\"2012-12-24T13:13:00+00:00\" \/>\n<meta property=\"article:modified_time\" content=\"2022-01-23T13:14:14+00:00\" \/>\n<meta name=\"author\" content=\"Developer\" \/>\n<meta name=\"twitter:card\" content=\"summary_large_image\" \/>\n<meta name=\"twitter:label1\" content=\"Written by\" \/>\n\t<meta name=\"twitter:data1\" content=\"Developer\" \/>\n\t<meta name=\"twitter:label2\" content=\"Est. reading time\" \/>\n\t<meta name=\"twitter:data2\" content=\"4 minutes\" \/>\n<script type=\"application\/ld+json\" class=\"yoast-schema-graph\">{\"@context\":\"https:\\\/\\\/schema.org\",\"@graph\":[{\"@type\":\"Article\",\"@id\":\"https:\\\/\\\/qtmm.org\\\/qt\\\/ali-hamzin-gitler-ve-stalin-totalitar-rejiminin-qurbanlari-olgan-qirimtatarlar-ve-ukraina-halqina-qarsi-pis-provokatsiya\\\/#article\",\"isPartOf\":{\"@id\":\"https:\\\/\\\/qtmm.org\\\/qt\\\/ali-hamzin-gitler-ve-stalin-totalitar-rejiminin-qurbanlari-olgan-qirimtatarlar-ve-ukraina-halqina-qarsi-pis-provokatsiya\\\/\"},\"author\":{\"name\":\"Developer\",\"@id\":\"https:\\\/\\\/qtmm.org\\\/qt\\\/#\\\/schema\\\/person\\\/de562469f971dec226ac06e60bbf74a7\"},\"headline\":\"Ali Hamzin: \u00abGitler ve Stalin totalitar rejimini\u00f1 qurbanlar\u0131 ol\u011fan q\u0131r\u0131mtatarlar ve Ukraina halq\u0131na qar\u015f\u0131 pis provokatsiya\u00bb\",\"datePublished\":\"2012-12-24T13:13:00+00:00\",\"dateModified\":\"2022-01-23T13:14:14+00:00\",\"mainEntityOfPage\":{\"@id\":\"https:\\\/\\\/qtmm.org\\\/qt\\\/ali-hamzin-gitler-ve-stalin-totalitar-rejiminin-qurbanlari-olgan-qirimtatarlar-ve-ukraina-halqina-qarsi-pis-provokatsiya\\\/\"},\"wordCount\":804,\"commentCount\":0,\"publisher\":{\"@id\":\"https:\\\/\\\/qtmm.org\\\/qt\\\/#organization\"},\"articleSection\":[\"Haberler\"],\"inLanguage\":\"qt\",\"potentialAction\":[{\"@type\":\"CommentAction\",\"name\":\"Comment\",\"target\":[\"https:\\\/\\\/qtmm.org\\\/qt\\\/ali-hamzin-gitler-ve-stalin-totalitar-rejiminin-qurbanlari-olgan-qirimtatarlar-ve-ukraina-halqina-qarsi-pis-provokatsiya\\\/#respond\"]}]},{\"@type\":\"WebPage\",\"@id\":\"https:\\\/\\\/qtmm.org\\\/qt\\\/ali-hamzin-gitler-ve-stalin-totalitar-rejiminin-qurbanlari-olgan-qirimtatarlar-ve-ukraina-halqina-qarsi-pis-provokatsiya\\\/\",\"url\":\"https:\\\/\\\/qtmm.org\\\/qt\\\/ali-hamzin-gitler-ve-stalin-totalitar-rejiminin-qurbanlari-olgan-qirimtatarlar-ve-ukraina-halqina-qarsi-pis-provokatsiya\\\/\",\"name\":\"Ali Hamzin: \u00abGitler ve Stalin totalitar rejimini\u00f1 qurbanlar\u0131 ol\u011fan q\u0131r\u0131mtatarlar ve Ukraina halq\u0131na qar\u015f\u0131 pis provokatsiya\u00bb - \u041c\u0435\u0434\u0436\u043b\u0456\u0441\",\"isPartOf\":{\"@id\":\"https:\\\/\\\/qtmm.org\\\/qt\\\/#website\"},\"datePublished\":\"2012-12-24T13:13:00+00:00\",\"dateModified\":\"2022-01-23T13:14:14+00:00\",\"breadcrumb\":{\"@id\":\"https:\\\/\\\/qtmm.org\\\/qt\\\/ali-hamzin-gitler-ve-stalin-totalitar-rejiminin-qurbanlari-olgan-qirimtatarlar-ve-ukraina-halqina-qarsi-pis-provokatsiya\\\/#breadcrumb\"},\"inLanguage\":\"qt\",\"potentialAction\":[{\"@type\":\"ReadAction\",\"target\":[\"https:\\\/\\\/qtmm.org\\\/qt\\\/ali-hamzin-gitler-ve-stalin-totalitar-rejiminin-qurbanlari-olgan-qirimtatarlar-ve-ukraina-halqina-qarsi-pis-provokatsiya\\\/\"]}]},{\"@type\":\"BreadcrumbList\",\"@id\":\"https:\\\/\\\/qtmm.org\\\/qt\\\/ali-hamzin-gitler-ve-stalin-totalitar-rejiminin-qurbanlari-olgan-qirimtatarlar-ve-ukraina-halqina-qarsi-pis-provokatsiya\\\/#breadcrumb\",\"itemListElement\":[{\"@type\":\"ListItem\",\"position\":1,\"name\":\"\u0413\u043e\u043b\u043e\u0432\u043d\u0430\",\"item\":\"https:\\\/\\\/qtmm.org\\\/qt\\\/\"},{\"@type\":\"ListItem\",\"position\":2,\"name\":\"Ali Hamzin: \u00abGitler ve Stalin totalitar rejimini\u00f1 qurbanlar\u0131 ol\u011fan q\u0131r\u0131mtatarlar ve Ukraina halq\u0131na qar\u015f\u0131 pis provokatsiya\u00bb\"}]},{\"@type\":\"WebSite\",\"@id\":\"https:\\\/\\\/qtmm.org\\\/qt\\\/#website\",\"url\":\"https:\\\/\\\/qtmm.org\\\/qt\\\/\",\"name\":\"\u041c\u0435\u0434\u0436\u043b\u0456\u0441\",\"description\":\"\",\"publisher\":{\"@id\":\"https:\\\/\\\/qtmm.org\\\/qt\\\/#organization\"},\"potentialAction\":[{\"@type\":\"SearchAction\",\"target\":{\"@type\":\"EntryPoint\",\"urlTemplate\":\"https:\\\/\\\/qtmm.org\\\/qt\\\/?s={search_term_string}\"},\"query-input\":{\"@type\":\"PropertyValueSpecification\",\"valueRequired\":true,\"valueName\":\"search_term_string\"}}],\"inLanguage\":\"qt\"},{\"@type\":\"Organization\",\"@id\":\"https:\\\/\\\/qtmm.org\\\/qt\\\/#organization\",\"name\":\"\u041c\u0435\u0434\u0436\u043b\u0456\u0441\",\"url\":\"https:\\\/\\\/qtmm.org\\\/qt\\\/\",\"logo\":{\"@type\":\"ImageObject\",\"inLanguage\":\"qt\",\"@id\":\"https:\\\/\\\/qtmm.org\\\/qt\\\/#\\\/schema\\\/logo\\\/image\\\/\",\"url\":\"https:\\\/\\\/qtmm.org\\\/wp-content\\\/uploads\\\/2024\\\/12\\\/ua-mejlis-logo-rgb.svg\",\"contentUrl\":\"https:\\\/\\\/qtmm.org\\\/wp-content\\\/uploads\\\/2024\\\/12\\\/ua-mejlis-logo-rgb.svg\",\"caption\":\"\u041c\u0435\u0434\u0436\u043b\u0456\u0441\"},\"image\":{\"@id\":\"https:\\\/\\\/qtmm.org\\\/qt\\\/#\\\/schema\\\/logo\\\/image\\\/\"},\"sameAs\":[\"https:\\\/\\\/www.facebook.com\\\/qtmm.info\\\/\"]},{\"@type\":\"Person\",\"@id\":\"https:\\\/\\\/qtmm.org\\\/qt\\\/#\\\/schema\\\/person\\\/de562469f971dec226ac06e60bbf74a7\",\"name\":\"Developer\",\"image\":{\"@type\":\"ImageObject\",\"inLanguage\":\"qt\",\"@id\":\"https:\\\/\\\/secure.gravatar.com\\\/avatar\\\/392b4cc8fbfeb00b39dfeeab4ee6edded39ffd48e25858637e4765810300227e?s=96&d=mm&r=g\",\"url\":\"https:\\\/\\\/secure.gravatar.com\\\/avatar\\\/392b4cc8fbfeb00b39dfeeab4ee6edded39ffd48e25858637e4765810300227e?s=96&d=mm&r=g\",\"contentUrl\":\"https:\\\/\\\/secure.gravatar.com\\\/avatar\\\/392b4cc8fbfeb00b39dfeeab4ee6edded39ffd48e25858637e4765810300227e?s=96&d=mm&r=g\",\"caption\":\"Developer\"},\"url\":\"https:\\\/\\\/qtmm.org\\\/qt\\\/author\\\/Developer\\\/\"}]}<\/script>\n<!-- \/ Yoast SEO plugin. -->","yoast_head_json":{"title":"Ali Hamzin: \u00abGitler ve Stalin totalitar rejimini\u00f1 qurbanlar\u0131 ol\u011fan q\u0131r\u0131mtatarlar ve Ukraina halq\u0131na qar\u015f\u0131 pis provokatsiya\u00bb - \u041c\u0435\u0434\u0436\u043b\u0456\u0441","robots":{"index":"index","follow":"follow","max-snippet":"max-snippet:-1","max-image-preview":"max-image-preview:large","max-video-preview":"max-video-preview:-1"},"canonical":"https:\/\/qtmm.org\/qt\/ali-hamzin-gitler-ve-stalin-totalitar-rejiminin-qurbanlari-olgan-qirimtatarlar-ve-ukraina-halqina-qarsi-pis-provokatsiya\/","og_locale":"en_US","og_type":"article","og_title":"Ali Hamzin: \u00abGitler ve Stalin totalitar rejimini\u00f1 qurbanlar\u0131 ol\u011fan q\u0131r\u0131mtatarlar ve Ukraina halq\u0131na qar\u015f\u0131 pis provokatsiya\u00bb - \u041c\u0435\u0434\u0436\u043b\u0456\u0441","og_description":"2012 senesi dekabr 21 k\u00fcn\u00fc Aqmescitte &#8220;Sut vremeni &#8211; Kr\u0131m&#8221; adl\u0131 Rusiye te\u015fkil\u00e2t\u0131 taraf\u0131ndan te\u015fkil etilgen Stalin aqq\u0131nda serginen ba\u011fl\u0131 provokatsiya\u011fa muhtariyet akimlerini\u00f1 pozitsiyas\u0131 taac\u00fcplendirdi. Q\u0131r\u0131mtatarlar sayesinde ke\u00e7irilmegen bu vaqia\u011fa olar\u011fa pek \u00e7abuq seslendiler. Birinciden, Q\u0131r\u0131m militsiya hadimlerine \u015feerni\u00f1 tam merkezinde b\u00f6yle sergi ke\u00e7irilmesine izin bergen vesiqalarnen tan\u0131\u015fmaqn\u0131 tevsiye eter edim. \u00c7\u00fcnki, \u015fun\u0131 qayd etmek [&hellip;]","og_url":"https:\/\/qtmm.org\/qt\/ali-hamzin-gitler-ve-stalin-totalitar-rejiminin-qurbanlari-olgan-qirimtatarlar-ve-ukraina-halqina-qarsi-pis-provokatsiya\/","og_site_name":"\u041c\u0435\u0434\u0436\u043b\u0456\u0441","article_publisher":"https:\/\/www.facebook.com\/qtmm.info\/","article_published_time":"2012-12-24T13:13:00+00:00","article_modified_time":"2022-01-23T13:14:14+00:00","author":"Developer","twitter_card":"summary_large_image","twitter_misc":{"Written by":"Developer","Est. reading time":"4 minutes"},"schema":{"@context":"https:\/\/schema.org","@graph":[{"@type":"Article","@id":"https:\/\/qtmm.org\/qt\/ali-hamzin-gitler-ve-stalin-totalitar-rejiminin-qurbanlari-olgan-qirimtatarlar-ve-ukraina-halqina-qarsi-pis-provokatsiya\/#article","isPartOf":{"@id":"https:\/\/qtmm.org\/qt\/ali-hamzin-gitler-ve-stalin-totalitar-rejiminin-qurbanlari-olgan-qirimtatarlar-ve-ukraina-halqina-qarsi-pis-provokatsiya\/"},"author":{"name":"Developer","@id":"https:\/\/qtmm.org\/qt\/#\/schema\/person\/de562469f971dec226ac06e60bbf74a7"},"headline":"Ali Hamzin: \u00abGitler ve Stalin totalitar rejimini\u00f1 qurbanlar\u0131 ol\u011fan q\u0131r\u0131mtatarlar ve Ukraina halq\u0131na qar\u015f\u0131 pis provokatsiya\u00bb","datePublished":"2012-12-24T13:13:00+00:00","dateModified":"2022-01-23T13:14:14+00:00","mainEntityOfPage":{"@id":"https:\/\/qtmm.org\/qt\/ali-hamzin-gitler-ve-stalin-totalitar-rejiminin-qurbanlari-olgan-qirimtatarlar-ve-ukraina-halqina-qarsi-pis-provokatsiya\/"},"wordCount":804,"commentCount":0,"publisher":{"@id":"https:\/\/qtmm.org\/qt\/#organization"},"articleSection":["Haberler"],"inLanguage":"qt","potentialAction":[{"@type":"CommentAction","name":"Comment","target":["https:\/\/qtmm.org\/qt\/ali-hamzin-gitler-ve-stalin-totalitar-rejiminin-qurbanlari-olgan-qirimtatarlar-ve-ukraina-halqina-qarsi-pis-provokatsiya\/#respond"]}]},{"@type":"WebPage","@id":"https:\/\/qtmm.org\/qt\/ali-hamzin-gitler-ve-stalin-totalitar-rejiminin-qurbanlari-olgan-qirimtatarlar-ve-ukraina-halqina-qarsi-pis-provokatsiya\/","url":"https:\/\/qtmm.org\/qt\/ali-hamzin-gitler-ve-stalin-totalitar-rejiminin-qurbanlari-olgan-qirimtatarlar-ve-ukraina-halqina-qarsi-pis-provokatsiya\/","name":"Ali Hamzin: \u00abGitler ve Stalin totalitar rejimini\u00f1 qurbanlar\u0131 ol\u011fan q\u0131r\u0131mtatarlar ve Ukraina halq\u0131na qar\u015f\u0131 pis provokatsiya\u00bb - \u041c\u0435\u0434\u0436\u043b\u0456\u0441","isPartOf":{"@id":"https:\/\/qtmm.org\/qt\/#website"},"datePublished":"2012-12-24T13:13:00+00:00","dateModified":"2022-01-23T13:14:14+00:00","breadcrumb":{"@id":"https:\/\/qtmm.org\/qt\/ali-hamzin-gitler-ve-stalin-totalitar-rejiminin-qurbanlari-olgan-qirimtatarlar-ve-ukraina-halqina-qarsi-pis-provokatsiya\/#breadcrumb"},"inLanguage":"qt","potentialAction":[{"@type":"ReadAction","target":["https:\/\/qtmm.org\/qt\/ali-hamzin-gitler-ve-stalin-totalitar-rejiminin-qurbanlari-olgan-qirimtatarlar-ve-ukraina-halqina-qarsi-pis-provokatsiya\/"]}]},{"@type":"BreadcrumbList","@id":"https:\/\/qtmm.org\/qt\/ali-hamzin-gitler-ve-stalin-totalitar-rejiminin-qurbanlari-olgan-qirimtatarlar-ve-ukraina-halqina-qarsi-pis-provokatsiya\/#breadcrumb","itemListElement":[{"@type":"ListItem","position":1,"name":"\u0413\u043e\u043b\u043e\u0432\u043d\u0430","item":"https:\/\/qtmm.org\/qt\/"},{"@type":"ListItem","position":2,"name":"Ali Hamzin: \u00abGitler ve Stalin totalitar rejimini\u00f1 qurbanlar\u0131 ol\u011fan q\u0131r\u0131mtatarlar ve Ukraina halq\u0131na qar\u015f\u0131 pis provokatsiya\u00bb"}]},{"@type":"WebSite","@id":"https:\/\/qtmm.org\/qt\/#website","url":"https:\/\/qtmm.org\/qt\/","name":"\u041c\u0435\u0434\u0436\u043b\u0456\u0441","description":"","publisher":{"@id":"https:\/\/qtmm.org\/qt\/#organization"},"potentialAction":[{"@type":"SearchAction","target":{"@type":"EntryPoint","urlTemplate":"https:\/\/qtmm.org\/qt\/?s={search_term_string}"},"query-input":{"@type":"PropertyValueSpecification","valueRequired":true,"valueName":"search_term_string"}}],"inLanguage":"qt"},{"@type":"Organization","@id":"https:\/\/qtmm.org\/qt\/#organization","name":"\u041c\u0435\u0434\u0436\u043b\u0456\u0441","url":"https:\/\/qtmm.org\/qt\/","logo":{"@type":"ImageObject","inLanguage":"qt","@id":"https:\/\/qtmm.org\/qt\/#\/schema\/logo\/image\/","url":"https:\/\/qtmm.org\/wp-content\/uploads\/2024\/12\/ua-mejlis-logo-rgb.svg","contentUrl":"https:\/\/qtmm.org\/wp-content\/uploads\/2024\/12\/ua-mejlis-logo-rgb.svg","caption":"\u041c\u0435\u0434\u0436\u043b\u0456\u0441"},"image":{"@id":"https:\/\/qtmm.org\/qt\/#\/schema\/logo\/image\/"},"sameAs":["https:\/\/www.facebook.com\/qtmm.info\/"]},{"@type":"Person","@id":"https:\/\/qtmm.org\/qt\/#\/schema\/person\/de562469f971dec226ac06e60bbf74a7","name":"Developer","image":{"@type":"ImageObject","inLanguage":"qt","@id":"https:\/\/secure.gravatar.com\/avatar\/392b4cc8fbfeb00b39dfeeab4ee6edded39ffd48e25858637e4765810300227e?s=96&d=mm&r=g","url":"https:\/\/secure.gravatar.com\/avatar\/392b4cc8fbfeb00b39dfeeab4ee6edded39ffd48e25858637e4765810300227e?s=96&d=mm&r=g","contentUrl":"https:\/\/secure.gravatar.com\/avatar\/392b4cc8fbfeb00b39dfeeab4ee6edded39ffd48e25858637e4765810300227e?s=96&d=mm&r=g","caption":"Developer"},"url":"https:\/\/qtmm.org\/qt\/author\/Developer\/"}]}},"_links":{"self":[{"href":"https:\/\/qtmm.org\/qt\/wp-json\/wp\/v2\/posts\/35659","targetHints":{"allow":["GET"]}}],"collection":[{"href":"https:\/\/qtmm.org\/qt\/wp-json\/wp\/v2\/posts"}],"about":[{"href":"https:\/\/qtmm.org\/qt\/wp-json\/wp\/v2\/types\/post"}],"author":[{"embeddable":true,"href":"https:\/\/qtmm.org\/qt\/wp-json\/wp\/v2\/users\/1"}],"replies":[{"embeddable":true,"href":"https:\/\/qtmm.org\/qt\/wp-json\/wp\/v2\/comments?post=35659"}],"version-history":[{"count":1,"href":"https:\/\/qtmm.org\/qt\/wp-json\/wp\/v2\/posts\/35659\/revisions"}],"predecessor-version":[{"id":35660,"href":"https:\/\/qtmm.org\/qt\/wp-json\/wp\/v2\/posts\/35659\/revisions\/35660"}],"wp:attachment":[{"href":"https:\/\/qtmm.org\/qt\/wp-json\/wp\/v2\/media?parent=35659"}],"wp:term":[{"taxonomy":"category","embeddable":true,"href":"https:\/\/qtmm.org\/qt\/wp-json\/wp\/v2\/categories?post=35659"},{"taxonomy":"post_tag","embeddable":true,"href":"https:\/\/qtmm.org\/qt\/wp-json\/wp\/v2\/tags?post=35659"}],"curies":[{"name":"wp","href":"https:\/\/api.w.org\/{rel}","templated":true}]}}