




{"id":35618,"date":"2012-12-21T16:09:00","date_gmt":"2012-12-21T13:09:00","guid":{"rendered":"http:\/\/qtmm.org\/?p=35618"},"modified":"2022-01-23T16:11:42","modified_gmt":"2022-01-23T13:11:42","slug":"qirimtatarlar-stalinge-bagislangan-provokatsion-sergini-yiqtilar","status":"publish","type":"post","link":"https:\/\/qtmm.org\/qt\/qirimtatarlar-stalinge-bagislangan-provokatsion-sergini-yiqtilar\/","title":{"rendered":"Q\u0131r\u0131mtatarlar Stalinge ba\u011f\u0131\u015flan\u011fan provokatsion sergini y\u0131qt\u0131lar"},"content":{"rendered":"\n<p>2012 senesi dekabr 21-de insanl\u0131q tarih\u0131nda e\u00f1 qanl\u0131 cell\u00e2t \u0130osif Stalin do\u011f\u011fan\u0131n\u0131\u00f1 113 y\u0131ll\u0131\u011f\u0131na ba\u011f\u0131\u015flan\u011fan sergini q\u0131r\u0131mtatarlar y\u0131qt\u0131rd\u0131lar.<\/p>\n\n\n\n<figure class=\"wp-block-image size-full\"><img loading=\"lazy\" decoding=\"async\" width=\"650\" height=\"350\" src=\"http:\/\/qtmm.org\/wp-content\/uploads\/2022\/01\/1_88.jpeg\" alt=\"\" class=\"wp-image-35619\" srcset=\"https:\/\/qtmm.org\/wp-content\/uploads\/2022\/01\/1_88.jpeg 650w, https:\/\/qtmm.org\/wp-content\/uploads\/2022\/01\/1_88-300x162.jpeg 300w\" sizes=\"auto, (max-width: 650px) 100vw, 650px\" \/><\/figure>\n\n\n\n<p>Sergi &#8220;Sut vremeni &#8211; Kr\u0131m&#8221; Rusiye te\u015fkil\u00e2t\u0131n\u0131\u00f1 Q\u0131r\u0131m b\u00f6l\u00fcgi taraf\u0131ndan te\u015fkil etilip, Aqmescitni\u00f1 tam merkezinde a\u00e7\u0131ld\u0131. \u015eu te\u015fkil\u00e2tn\u0131\u00f1 azas\u0131 Viktor Mironov ke\u00e7ken-ketkenlerge mal\u00fcmat ve vereqalar tarqatt\u0131. Em \u0130osif Stalin taraf\u0131ndan q\u0131r\u0131mtatarlarn\u0131\u00f1 s\u00fcrg\u00fcn etilmesini do\u011fru i\u015f, dep tan\u0131\u011fan\u0131n\u0131 da qayd etti.<\/p>\n\n\n\n<figure class=\"wp-block-image size-full\"><img loading=\"lazy\" decoding=\"async\" width=\"650\" height=\"350\" src=\"http:\/\/qtmm.org\/wp-content\/uploads\/2022\/01\/2_91.jpeg\" alt=\"\" class=\"wp-image-35623\" srcset=\"https:\/\/qtmm.org\/wp-content\/uploads\/2022\/01\/2_91.jpeg 650w, https:\/\/qtmm.org\/wp-content\/uploads\/2022\/01\/2_91-300x162.jpeg 300w\" sizes=\"auto, (max-width: 650px) 100vw, 650px\" \/><\/figure>\n\n\n\n<p>SSSRdeki bir \u00e7oq halqlarn\u0131\u00f1 ba\u015f\u0131na bel\u00e2lar ketirgen cell\u00e2tqa ba\u011f\u0131\u015flan\u011fan mezk\u00fcr sergi q\u0131r\u0131mtatarlar\u0131nda nefret qoz\u011fad\u0131. Olar &#8220;Stalin ve Gitler fa\u015fistler&#8221; degen s\u00f6zlernen sergini bozd\u0131lar.<\/p>\n\n\n\n<figure class=\"wp-block-image size-full\"><img loading=\"lazy\" decoding=\"async\" width=\"650\" height=\"350\" src=\"http:\/\/qtmm.org\/wp-content\/uploads\/2022\/01\/3_64.jpeg\" alt=\"\" class=\"wp-image-35627\" srcset=\"https:\/\/qtmm.org\/wp-content\/uploads\/2022\/01\/3_64.jpeg 650w, https:\/\/qtmm.org\/wp-content\/uploads\/2022\/01\/3_64-300x162.jpeg 300w\" sizes=\"auto, (max-width: 650px) 100vw, 650px\" \/><\/figure>\n\n\n\n<p>\u015eu yerde bulun\u011fan militsiya hadimleri bu areketlerni \u00e7etten k\u00f6zetip turd\u0131lar. V Mironov q\u0131r\u0131mtatarlar\u011fa h\u0131tap eterek, olarn\u0131\u00f1 duy\u011fular\u0131n\u0131 a\u00f1la\u011fan\u0131n\u0131 bildirdi.<\/p>\n\n\n\n<figure class=\"wp-block-image size-full\"><img loading=\"lazy\" decoding=\"async\" width=\"650\" height=\"350\" src=\"http:\/\/qtmm.org\/wp-content\/uploads\/2022\/01\/5_35.jpeg\" alt=\"\" class=\"wp-image-35631\" srcset=\"https:\/\/qtmm.org\/wp-content\/uploads\/2022\/01\/5_35.jpeg 650w, https:\/\/qtmm.org\/wp-content\/uploads\/2022\/01\/5_35-300x162.jpeg 300w\" sizes=\"auto, (max-width: 650px) 100vw, 650px\" \/><\/figure>\n\n\n\n<p>Er \u015fey qav\u011fa-davas\u0131z bitti. Ah\u0131rzaman k\u00fcn\u00fc dep il\u00e2n etilgen k\u00fcn\u00fc i\u00e7 kimse zarar k\u00f6rmedi. Ah\u0131r zaman tek Stalin \u015ferefine tiklengen sergi i\u00e7\u00fcn keldi.<\/p>\n\n\n\n<figure class=\"wp-block-image size-full\"><img loading=\"lazy\" decoding=\"async\" width=\"650\" height=\"349\" src=\"http:\/\/qtmm.org\/wp-content\/uploads\/2022\/01\/4_60.jpeg\" alt=\"\" class=\"wp-image-35635\" srcset=\"https:\/\/qtmm.org\/wp-content\/uploads\/2022\/01\/4_60.jpeg 650w, https:\/\/qtmm.org\/wp-content\/uploads\/2022\/01\/4_60-300x161.jpeg 300w\" sizes=\"auto, (max-width: 650px) 100vw, 650px\" \/><\/figure>\n\n\n\n<figure class=\"wp-block-image size-full\"><img loading=\"lazy\" decoding=\"async\" width=\"650\" height=\"350\" src=\"http:\/\/qtmm.org\/wp-content\/uploads\/2022\/01\/6_25.jpeg\" alt=\"\" class=\"wp-image-35639\" srcset=\"https:\/\/qtmm.org\/wp-content\/uploads\/2022\/01\/6_25.jpeg 650w, https:\/\/qtmm.org\/wp-content\/uploads\/2022\/01\/6_25-300x162.jpeg 300w\" sizes=\"auto, (max-width: 650px) 100vw, 650px\" \/><\/figure>\n","protected":false},"excerpt":{"rendered":"<p>2012 senesi dekabr 21-de insanl\u0131q tarih\u0131nda e\u00f1 qanl\u0131 cell\u00e2t \u0130osif Stalin do\u011f\u011fan\u0131n\u0131\u00f1 113 y\u0131ll\u0131\u011f\u0131na ba\u011f\u0131\u015flan\u011fan sergini q\u0131r\u0131mtatarlar y\u0131qt\u0131rd\u0131lar. Sergi &#8220;Sut vremeni &#8211; Kr\u0131m&#8221; Rusiye te\u015fkil\u00e2t\u0131n\u0131\u00f1 Q\u0131r\u0131m b\u00f6l\u00fcgi taraf\u0131ndan te\u015fkil etilip, Aqmescitni\u00f1 tam merkezinde a\u00e7\u0131ld\u0131. \u015eu te\u015fkil\u00e2tn\u0131\u00f1 azas\u0131 Viktor Mironov ke\u00e7ken-ketkenlerge mal\u00fcmat ve vereqalar tarqatt\u0131. Em \u0130osif Stalin taraf\u0131ndan q\u0131r\u0131mtatarlarn\u0131\u00f1 s\u00fcrg\u00fcn etilmesini do\u011fru i\u015f, dep tan\u0131\u011fan\u0131n\u0131 [&hellip;]<\/p>\n","protected":false},"author":1,"featured_media":0,"comment_status":"open","ping_status":"open","sticky":false,"template":"","format":"standard","meta":{"inline_featured_image":false,"footnotes":""},"categories":[265],"tags":[],"class_list":["post-35618","post","type-post","status-publish","format-standard","hentry","category-haberler"],"acf":[],"yoast_head":"<!-- This site is optimized with the Yoast SEO plugin v27.4 - https:\/\/yoast.com\/product\/yoast-seo-wordpress\/ -->\n<title>Q\u0131r\u0131mtatarlar Stalinge ba\u011f\u0131\u015flan\u011fan provokatsion sergini y\u0131qt\u0131lar - \u041c\u0435\u0434\u0436\u043b\u0456\u0441<\/title>\n<meta name=\"robots\" content=\"index, follow, max-snippet:-1, max-image-preview:large, max-video-preview:-1\" \/>\n<link rel=\"canonical\" href=\"https:\/\/qtmm.org\/qt\/qirimtatarlar-stalinge-bagislangan-provokatsion-sergini-yiqtilar\/\" \/>\n<meta property=\"og:locale\" content=\"en_US\" \/>\n<meta property=\"og:type\" content=\"article\" \/>\n<meta property=\"og:title\" content=\"Q\u0131r\u0131mtatarlar Stalinge ba\u011f\u0131\u015flan\u011fan provokatsion sergini y\u0131qt\u0131lar - \u041c\u0435\u0434\u0436\u043b\u0456\u0441\" \/>\n<meta property=\"og:description\" content=\"2012 senesi dekabr 21-de insanl\u0131q tarih\u0131nda e\u00f1 qanl\u0131 cell\u00e2t \u0130osif Stalin do\u011f\u011fan\u0131n\u0131\u00f1 113 y\u0131ll\u0131\u011f\u0131na ba\u011f\u0131\u015flan\u011fan sergini q\u0131r\u0131mtatarlar y\u0131qt\u0131rd\u0131lar. Sergi &#8220;Sut vremeni &#8211; Kr\u0131m&#8221; Rusiye te\u015fkil\u00e2t\u0131n\u0131\u00f1 Q\u0131r\u0131m b\u00f6l\u00fcgi taraf\u0131ndan te\u015fkil etilip, Aqmescitni\u00f1 tam merkezinde a\u00e7\u0131ld\u0131. \u015eu te\u015fkil\u00e2tn\u0131\u00f1 azas\u0131 Viktor Mironov ke\u00e7ken-ketkenlerge mal\u00fcmat ve vereqalar tarqatt\u0131. Em \u0130osif Stalin taraf\u0131ndan q\u0131r\u0131mtatarlarn\u0131\u00f1 s\u00fcrg\u00fcn etilmesini do\u011fru i\u015f, dep tan\u0131\u011fan\u0131n\u0131 [&hellip;]\" \/>\n<meta property=\"og:url\" content=\"https:\/\/qtmm.org\/qt\/qirimtatarlar-stalinge-bagislangan-provokatsion-sergini-yiqtilar\/\" \/>\n<meta property=\"og:site_name\" content=\"\u041c\u0435\u0434\u0436\u043b\u0456\u0441\" \/>\n<meta property=\"article:publisher\" content=\"https:\/\/www.facebook.com\/qtmm.info\/\" \/>\n<meta property=\"article:published_time\" content=\"2012-12-21T13:09:00+00:00\" \/>\n<meta property=\"article:modified_time\" content=\"2022-01-23T13:11:42+00:00\" \/>\n<meta property=\"og:image\" content=\"https:\/\/qtmm.org\/wp-content\/uploads\/2022\/01\/1_88.jpeg\" \/>\n\t<meta property=\"og:image:width\" content=\"650\" \/>\n\t<meta property=\"og:image:height\" content=\"350\" \/>\n\t<meta property=\"og:image:type\" content=\"image\/jpeg\" \/>\n<meta name=\"author\" content=\"Developer\" \/>\n<meta name=\"twitter:card\" content=\"summary_large_image\" \/>\n<meta name=\"twitter:label1\" content=\"Written by\" \/>\n\t<meta name=\"twitter:data1\" content=\"Developer\" \/>\n\t<meta name=\"twitter:label2\" content=\"Est. reading time\" \/>\n\t<meta name=\"twitter:data2\" content=\"1 minute\" \/>\n<script type=\"application\/ld+json\" class=\"yoast-schema-graph\">{\"@context\":\"https:\\\/\\\/schema.org\",\"@graph\":[{\"@type\":\"Article\",\"@id\":\"https:\\\/\\\/qtmm.org\\\/qt\\\/qirimtatarlar-stalinge-bagislangan-provokatsion-sergini-yiqtilar\\\/#article\",\"isPartOf\":{\"@id\":\"https:\\\/\\\/qtmm.org\\\/qt\\\/qirimtatarlar-stalinge-bagislangan-provokatsion-sergini-yiqtilar\\\/\"},\"author\":{\"name\":\"Developer\",\"@id\":\"https:\\\/\\\/qtmm.org\\\/qt\\\/#\\\/schema\\\/person\\\/de562469f971dec226ac06e60bbf74a7\"},\"headline\":\"Q\u0131r\u0131mtatarlar Stalinge ba\u011f\u0131\u015flan\u011fan provokatsion sergini y\u0131qt\u0131lar\",\"datePublished\":\"2012-12-21T13:09:00+00:00\",\"dateModified\":\"2022-01-23T13:11:42+00:00\",\"mainEntityOfPage\":{\"@id\":\"https:\\\/\\\/qtmm.org\\\/qt\\\/qirimtatarlar-stalinge-bagislangan-provokatsion-sergini-yiqtilar\\\/\"},\"wordCount\":204,\"commentCount\":0,\"publisher\":{\"@id\":\"https:\\\/\\\/qtmm.org\\\/qt\\\/#organization\"},\"image\":{\"@id\":\"https:\\\/\\\/qtmm.org\\\/qt\\\/qirimtatarlar-stalinge-bagislangan-provokatsion-sergini-yiqtilar\\\/#primaryimage\"},\"thumbnailUrl\":\"http:\\\/\\\/qtmm.org\\\/wp-content\\\/uploads\\\/2022\\\/01\\\/1_88.jpeg\",\"articleSection\":[\"Haberler\"],\"inLanguage\":\"qt\",\"potentialAction\":[{\"@type\":\"CommentAction\",\"name\":\"Comment\",\"target\":[\"https:\\\/\\\/qtmm.org\\\/qt\\\/qirimtatarlar-stalinge-bagislangan-provokatsion-sergini-yiqtilar\\\/#respond\"]}]},{\"@type\":\"WebPage\",\"@id\":\"https:\\\/\\\/qtmm.org\\\/qt\\\/qirimtatarlar-stalinge-bagislangan-provokatsion-sergini-yiqtilar\\\/\",\"url\":\"https:\\\/\\\/qtmm.org\\\/qt\\\/qirimtatarlar-stalinge-bagislangan-provokatsion-sergini-yiqtilar\\\/\",\"name\":\"Q\u0131r\u0131mtatarlar Stalinge ba\u011f\u0131\u015flan\u011fan provokatsion sergini y\u0131qt\u0131lar - \u041c\u0435\u0434\u0436\u043b\u0456\u0441\",\"isPartOf\":{\"@id\":\"https:\\\/\\\/qtmm.org\\\/qt\\\/#website\"},\"primaryImageOfPage\":{\"@id\":\"https:\\\/\\\/qtmm.org\\\/qt\\\/qirimtatarlar-stalinge-bagislangan-provokatsion-sergini-yiqtilar\\\/#primaryimage\"},\"image\":{\"@id\":\"https:\\\/\\\/qtmm.org\\\/qt\\\/qirimtatarlar-stalinge-bagislangan-provokatsion-sergini-yiqtilar\\\/#primaryimage\"},\"thumbnailUrl\":\"http:\\\/\\\/qtmm.org\\\/wp-content\\\/uploads\\\/2022\\\/01\\\/1_88.jpeg\",\"datePublished\":\"2012-12-21T13:09:00+00:00\",\"dateModified\":\"2022-01-23T13:11:42+00:00\",\"breadcrumb\":{\"@id\":\"https:\\\/\\\/qtmm.org\\\/qt\\\/qirimtatarlar-stalinge-bagislangan-provokatsion-sergini-yiqtilar\\\/#breadcrumb\"},\"inLanguage\":\"qt\",\"potentialAction\":[{\"@type\":\"ReadAction\",\"target\":[\"https:\\\/\\\/qtmm.org\\\/qt\\\/qirimtatarlar-stalinge-bagislangan-provokatsion-sergini-yiqtilar\\\/\"]}]},{\"@type\":\"ImageObject\",\"inLanguage\":\"qt\",\"@id\":\"https:\\\/\\\/qtmm.org\\\/qt\\\/qirimtatarlar-stalinge-bagislangan-provokatsion-sergini-yiqtilar\\\/#primaryimage\",\"url\":\"http:\\\/\\\/qtmm.org\\\/wp-content\\\/uploads\\\/2022\\\/01\\\/1_88.jpeg\",\"contentUrl\":\"http:\\\/\\\/qtmm.org\\\/wp-content\\\/uploads\\\/2022\\\/01\\\/1_88.jpeg\"},{\"@type\":\"BreadcrumbList\",\"@id\":\"https:\\\/\\\/qtmm.org\\\/qt\\\/qirimtatarlar-stalinge-bagislangan-provokatsion-sergini-yiqtilar\\\/#breadcrumb\",\"itemListElement\":[{\"@type\":\"ListItem\",\"position\":1,\"name\":\"\u0413\u043e\u043b\u043e\u0432\u043d\u0430\",\"item\":\"https:\\\/\\\/qtmm.org\\\/qt\\\/\"},{\"@type\":\"ListItem\",\"position\":2,\"name\":\"Q\u0131r\u0131mtatarlar Stalinge ba\u011f\u0131\u015flan\u011fan provokatsion sergini y\u0131qt\u0131lar\"}]},{\"@type\":\"WebSite\",\"@id\":\"https:\\\/\\\/qtmm.org\\\/qt\\\/#website\",\"url\":\"https:\\\/\\\/qtmm.org\\\/qt\\\/\",\"name\":\"\u041c\u0435\u0434\u0436\u043b\u0456\u0441\",\"description\":\"\",\"publisher\":{\"@id\":\"https:\\\/\\\/qtmm.org\\\/qt\\\/#organization\"},\"potentialAction\":[{\"@type\":\"SearchAction\",\"target\":{\"@type\":\"EntryPoint\",\"urlTemplate\":\"https:\\\/\\\/qtmm.org\\\/qt\\\/?s={search_term_string}\"},\"query-input\":{\"@type\":\"PropertyValueSpecification\",\"valueRequired\":true,\"valueName\":\"search_term_string\"}}],\"inLanguage\":\"qt\"},{\"@type\":\"Organization\",\"@id\":\"https:\\\/\\\/qtmm.org\\\/qt\\\/#organization\",\"name\":\"\u041c\u0435\u0434\u0436\u043b\u0456\u0441\",\"url\":\"https:\\\/\\\/qtmm.org\\\/qt\\\/\",\"logo\":{\"@type\":\"ImageObject\",\"inLanguage\":\"qt\",\"@id\":\"https:\\\/\\\/qtmm.org\\\/qt\\\/#\\\/schema\\\/logo\\\/image\\\/\",\"url\":\"https:\\\/\\\/qtmm.org\\\/wp-content\\\/uploads\\\/2024\\\/12\\\/ua-mejlis-logo-rgb.svg\",\"contentUrl\":\"https:\\\/\\\/qtmm.org\\\/wp-content\\\/uploads\\\/2024\\\/12\\\/ua-mejlis-logo-rgb.svg\",\"caption\":\"\u041c\u0435\u0434\u0436\u043b\u0456\u0441\"},\"image\":{\"@id\":\"https:\\\/\\\/qtmm.org\\\/qt\\\/#\\\/schema\\\/logo\\\/image\\\/\"},\"sameAs\":[\"https:\\\/\\\/www.facebook.com\\\/qtmm.info\\\/\"]},{\"@type\":\"Person\",\"@id\":\"https:\\\/\\\/qtmm.org\\\/qt\\\/#\\\/schema\\\/person\\\/de562469f971dec226ac06e60bbf74a7\",\"name\":\"Developer\",\"image\":{\"@type\":\"ImageObject\",\"inLanguage\":\"qt\",\"@id\":\"https:\\\/\\\/secure.gravatar.com\\\/avatar\\\/392b4cc8fbfeb00b39dfeeab4ee6edded39ffd48e25858637e4765810300227e?s=96&d=mm&r=g\",\"url\":\"https:\\\/\\\/secure.gravatar.com\\\/avatar\\\/392b4cc8fbfeb00b39dfeeab4ee6edded39ffd48e25858637e4765810300227e?s=96&d=mm&r=g\",\"contentUrl\":\"https:\\\/\\\/secure.gravatar.com\\\/avatar\\\/392b4cc8fbfeb00b39dfeeab4ee6edded39ffd48e25858637e4765810300227e?s=96&d=mm&r=g\",\"caption\":\"Developer\"},\"url\":\"https:\\\/\\\/qtmm.org\\\/qt\\\/author\\\/Developer\\\/\"}]}<\/script>\n<!-- \/ Yoast SEO plugin. -->","yoast_head_json":{"title":"Q\u0131r\u0131mtatarlar Stalinge ba\u011f\u0131\u015flan\u011fan provokatsion sergini y\u0131qt\u0131lar - \u041c\u0435\u0434\u0436\u043b\u0456\u0441","robots":{"index":"index","follow":"follow","max-snippet":"max-snippet:-1","max-image-preview":"max-image-preview:large","max-video-preview":"max-video-preview:-1"},"canonical":"https:\/\/qtmm.org\/qt\/qirimtatarlar-stalinge-bagislangan-provokatsion-sergini-yiqtilar\/","og_locale":"en_US","og_type":"article","og_title":"Q\u0131r\u0131mtatarlar Stalinge ba\u011f\u0131\u015flan\u011fan provokatsion sergini y\u0131qt\u0131lar - \u041c\u0435\u0434\u0436\u043b\u0456\u0441","og_description":"2012 senesi dekabr 21-de insanl\u0131q tarih\u0131nda e\u00f1 qanl\u0131 cell\u00e2t \u0130osif Stalin do\u011f\u011fan\u0131n\u0131\u00f1 113 y\u0131ll\u0131\u011f\u0131na ba\u011f\u0131\u015flan\u011fan sergini q\u0131r\u0131mtatarlar y\u0131qt\u0131rd\u0131lar. Sergi &#8220;Sut vremeni &#8211; Kr\u0131m&#8221; Rusiye te\u015fkil\u00e2t\u0131n\u0131\u00f1 Q\u0131r\u0131m b\u00f6l\u00fcgi taraf\u0131ndan te\u015fkil etilip, Aqmescitni\u00f1 tam merkezinde a\u00e7\u0131ld\u0131. \u015eu te\u015fkil\u00e2tn\u0131\u00f1 azas\u0131 Viktor Mironov ke\u00e7ken-ketkenlerge mal\u00fcmat ve vereqalar tarqatt\u0131. Em \u0130osif Stalin taraf\u0131ndan q\u0131r\u0131mtatarlarn\u0131\u00f1 s\u00fcrg\u00fcn etilmesini do\u011fru i\u015f, dep tan\u0131\u011fan\u0131n\u0131 [&hellip;]","og_url":"https:\/\/qtmm.org\/qt\/qirimtatarlar-stalinge-bagislangan-provokatsion-sergini-yiqtilar\/","og_site_name":"\u041c\u0435\u0434\u0436\u043b\u0456\u0441","article_publisher":"https:\/\/www.facebook.com\/qtmm.info\/","article_published_time":"2012-12-21T13:09:00+00:00","article_modified_time":"2022-01-23T13:11:42+00:00","og_image":[{"width":650,"height":350,"url":"https:\/\/qtmm.org\/wp-content\/uploads\/2022\/01\/1_88.jpeg","type":"image\/jpeg"}],"author":"Developer","twitter_card":"summary_large_image","twitter_misc":{"Written by":"Developer","Est. reading time":"1 minute"},"schema":{"@context":"https:\/\/schema.org","@graph":[{"@type":"Article","@id":"https:\/\/qtmm.org\/qt\/qirimtatarlar-stalinge-bagislangan-provokatsion-sergini-yiqtilar\/#article","isPartOf":{"@id":"https:\/\/qtmm.org\/qt\/qirimtatarlar-stalinge-bagislangan-provokatsion-sergini-yiqtilar\/"},"author":{"name":"Developer","@id":"https:\/\/qtmm.org\/qt\/#\/schema\/person\/de562469f971dec226ac06e60bbf74a7"},"headline":"Q\u0131r\u0131mtatarlar Stalinge ba\u011f\u0131\u015flan\u011fan provokatsion sergini y\u0131qt\u0131lar","datePublished":"2012-12-21T13:09:00+00:00","dateModified":"2022-01-23T13:11:42+00:00","mainEntityOfPage":{"@id":"https:\/\/qtmm.org\/qt\/qirimtatarlar-stalinge-bagislangan-provokatsion-sergini-yiqtilar\/"},"wordCount":204,"commentCount":0,"publisher":{"@id":"https:\/\/qtmm.org\/qt\/#organization"},"image":{"@id":"https:\/\/qtmm.org\/qt\/qirimtatarlar-stalinge-bagislangan-provokatsion-sergini-yiqtilar\/#primaryimage"},"thumbnailUrl":"http:\/\/qtmm.org\/wp-content\/uploads\/2022\/01\/1_88.jpeg","articleSection":["Haberler"],"inLanguage":"qt","potentialAction":[{"@type":"CommentAction","name":"Comment","target":["https:\/\/qtmm.org\/qt\/qirimtatarlar-stalinge-bagislangan-provokatsion-sergini-yiqtilar\/#respond"]}]},{"@type":"WebPage","@id":"https:\/\/qtmm.org\/qt\/qirimtatarlar-stalinge-bagislangan-provokatsion-sergini-yiqtilar\/","url":"https:\/\/qtmm.org\/qt\/qirimtatarlar-stalinge-bagislangan-provokatsion-sergini-yiqtilar\/","name":"Q\u0131r\u0131mtatarlar Stalinge ba\u011f\u0131\u015flan\u011fan provokatsion sergini y\u0131qt\u0131lar - \u041c\u0435\u0434\u0436\u043b\u0456\u0441","isPartOf":{"@id":"https:\/\/qtmm.org\/qt\/#website"},"primaryImageOfPage":{"@id":"https:\/\/qtmm.org\/qt\/qirimtatarlar-stalinge-bagislangan-provokatsion-sergini-yiqtilar\/#primaryimage"},"image":{"@id":"https:\/\/qtmm.org\/qt\/qirimtatarlar-stalinge-bagislangan-provokatsion-sergini-yiqtilar\/#primaryimage"},"thumbnailUrl":"http:\/\/qtmm.org\/wp-content\/uploads\/2022\/01\/1_88.jpeg","datePublished":"2012-12-21T13:09:00+00:00","dateModified":"2022-01-23T13:11:42+00:00","breadcrumb":{"@id":"https:\/\/qtmm.org\/qt\/qirimtatarlar-stalinge-bagislangan-provokatsion-sergini-yiqtilar\/#breadcrumb"},"inLanguage":"qt","potentialAction":[{"@type":"ReadAction","target":["https:\/\/qtmm.org\/qt\/qirimtatarlar-stalinge-bagislangan-provokatsion-sergini-yiqtilar\/"]}]},{"@type":"ImageObject","inLanguage":"qt","@id":"https:\/\/qtmm.org\/qt\/qirimtatarlar-stalinge-bagislangan-provokatsion-sergini-yiqtilar\/#primaryimage","url":"http:\/\/qtmm.org\/wp-content\/uploads\/2022\/01\/1_88.jpeg","contentUrl":"http:\/\/qtmm.org\/wp-content\/uploads\/2022\/01\/1_88.jpeg"},{"@type":"BreadcrumbList","@id":"https:\/\/qtmm.org\/qt\/qirimtatarlar-stalinge-bagislangan-provokatsion-sergini-yiqtilar\/#breadcrumb","itemListElement":[{"@type":"ListItem","position":1,"name":"\u0413\u043e\u043b\u043e\u0432\u043d\u0430","item":"https:\/\/qtmm.org\/qt\/"},{"@type":"ListItem","position":2,"name":"Q\u0131r\u0131mtatarlar Stalinge ba\u011f\u0131\u015flan\u011fan provokatsion sergini y\u0131qt\u0131lar"}]},{"@type":"WebSite","@id":"https:\/\/qtmm.org\/qt\/#website","url":"https:\/\/qtmm.org\/qt\/","name":"\u041c\u0435\u0434\u0436\u043b\u0456\u0441","description":"","publisher":{"@id":"https:\/\/qtmm.org\/qt\/#organization"},"potentialAction":[{"@type":"SearchAction","target":{"@type":"EntryPoint","urlTemplate":"https:\/\/qtmm.org\/qt\/?s={search_term_string}"},"query-input":{"@type":"PropertyValueSpecification","valueRequired":true,"valueName":"search_term_string"}}],"inLanguage":"qt"},{"@type":"Organization","@id":"https:\/\/qtmm.org\/qt\/#organization","name":"\u041c\u0435\u0434\u0436\u043b\u0456\u0441","url":"https:\/\/qtmm.org\/qt\/","logo":{"@type":"ImageObject","inLanguage":"qt","@id":"https:\/\/qtmm.org\/qt\/#\/schema\/logo\/image\/","url":"https:\/\/qtmm.org\/wp-content\/uploads\/2024\/12\/ua-mejlis-logo-rgb.svg","contentUrl":"https:\/\/qtmm.org\/wp-content\/uploads\/2024\/12\/ua-mejlis-logo-rgb.svg","caption":"\u041c\u0435\u0434\u0436\u043b\u0456\u0441"},"image":{"@id":"https:\/\/qtmm.org\/qt\/#\/schema\/logo\/image\/"},"sameAs":["https:\/\/www.facebook.com\/qtmm.info\/"]},{"@type":"Person","@id":"https:\/\/qtmm.org\/qt\/#\/schema\/person\/de562469f971dec226ac06e60bbf74a7","name":"Developer","image":{"@type":"ImageObject","inLanguage":"qt","@id":"https:\/\/secure.gravatar.com\/avatar\/392b4cc8fbfeb00b39dfeeab4ee6edded39ffd48e25858637e4765810300227e?s=96&d=mm&r=g","url":"https:\/\/secure.gravatar.com\/avatar\/392b4cc8fbfeb00b39dfeeab4ee6edded39ffd48e25858637e4765810300227e?s=96&d=mm&r=g","contentUrl":"https:\/\/secure.gravatar.com\/avatar\/392b4cc8fbfeb00b39dfeeab4ee6edded39ffd48e25858637e4765810300227e?s=96&d=mm&r=g","caption":"Developer"},"url":"https:\/\/qtmm.org\/qt\/author\/Developer\/"}]}},"_links":{"self":[{"href":"https:\/\/qtmm.org\/qt\/wp-json\/wp\/v2\/posts\/35618","targetHints":{"allow":["GET"]}}],"collection":[{"href":"https:\/\/qtmm.org\/qt\/wp-json\/wp\/v2\/posts"}],"about":[{"href":"https:\/\/qtmm.org\/qt\/wp-json\/wp\/v2\/types\/post"}],"author":[{"embeddable":true,"href":"https:\/\/qtmm.org\/qt\/wp-json\/wp\/v2\/users\/1"}],"replies":[{"embeddable":true,"href":"https:\/\/qtmm.org\/qt\/wp-json\/wp\/v2\/comments?post=35618"}],"version-history":[{"count":1,"href":"https:\/\/qtmm.org\/qt\/wp-json\/wp\/v2\/posts\/35618\/revisions"}],"predecessor-version":[{"id":35643,"href":"https:\/\/qtmm.org\/qt\/wp-json\/wp\/v2\/posts\/35618\/revisions\/35643"}],"wp:attachment":[{"href":"https:\/\/qtmm.org\/qt\/wp-json\/wp\/v2\/media?parent=35618"}],"wp:term":[{"taxonomy":"category","embeddable":true,"href":"https:\/\/qtmm.org\/qt\/wp-json\/wp\/v2\/categories?post=35618"},{"taxonomy":"post_tag","embeddable":true,"href":"https:\/\/qtmm.org\/qt\/wp-json\/wp\/v2\/tags?post=35618"}],"curies":[{"name":"wp","href":"https:\/\/api.w.org\/{rel}","templated":true}]}}