




{"id":35604,"date":"2012-12-20T16:08:00","date_gmt":"2012-12-20T13:08:00","guid":{"rendered":"http:\/\/qtmm.org\/?p=35604"},"modified":"2022-01-23T16:09:38","modified_gmt":"2022-01-23T13:09:38","slug":"meclis-reisi-mustafa-cemilev-romaniyanin-odessadaki-bas-konsuli-emil-rapca-ile-korusti","status":"publish","type":"post","link":"https:\/\/qtmm.org\/qt\/meclis-reisi-mustafa-cemilev-romaniyanin-odessadaki-bas-konsuli-emil-rapca-ile-korusti\/","title":{"rendered":"Meclis reisi Mustafa Cemilev Romaniyan\u0131\u00f1 Odessadaki Ba\u015f konsul\u0131 Emil Rap\u00e7a ile k\u00f6r\u00fc\u015fti"},"content":{"rendered":"\n<p>2012 senesi 20 dekabr k\u00fcn\u00fc Meclis ofisinde Q\u0131r\u0131mtatar halq\u0131 Meclisini\u00f1 reisi, Ukraina halq deputat\u0131 Mustafa Cemilev Romaniyan\u0131\u00f1 Odessadaki Ba\u015f konsul\u0131 Emil Rap\u00e7a ile k\u00f6r\u00fc\u015fti. K\u00f6r\u00fc\u015f\u00fcvde Meclis reisini\u00f1 birinci muavini Refat \u00c7ubarov, Meclis t\u0131\u015fq\u0131 al\u00e2qalar b\u00f6l\u00fcgini\u00f1 ba\u015f\u0131 Ali Hamzin ve K\u00e2tibiyet reberi Zair Smedl\u00e2yev de i\u015ftirak ettiler.<\/p>\n\n\n\n<p>Bu, Romaniyan\u0131\u00f1 Odessadaki ba\u015f konsul\u0131n\u0131\u00f1 Q\u0131r\u0131m\u011fa ilk resmiy ziyaretidir, m\u0131nda o, i\u015f k\u00f6r\u00fc\u015f\u00fcvlerini ke\u00e7irdi. &#8220;Q\u0131r\u0131m\u011fa kel\u00fcvimni\u00f1 maqsadlar\u0131ndan biri \u2013 Q\u0131r\u0131mtatar halq\u0131 Meclisini\u00f1 yolba\u015f\u00e7\u0131lar\u0131nen tan\u0131\u015fmaq edi&#8221;, &#8211; dep bildirdi cenap Rap\u00e7a. Ba\u015f konsul Romaniyadaki q\u0131r\u0131mtatar diasporas\u0131 vekillerinen tan\u0131\u015f ol\u011fan\u0131n\u0131 ayt\u0131p, olarn\u0131\u00f1 milliy \u00f6zg\u00fcnliklerini saqlav yolundaki areketlerine y\u00fcksek q\u0131ymet kesti.<\/p>\n\n\n\n<p>Bundan da \u011fayr\u0131 Romaniya diplomat\u0131 Dobruca tatarlar\u0131n\u0131\u00f1 Q\u0131r\u0131mtatar halq\u0131n\u0131\u00f1 qurultay\u0131 tasdiqla\u011fan latin urufat\u0131na ke\u00e7\u00fcv qarar\u0131na qoltutqan\u0131n\u0131 bildirdi.<br>Ba\u015f konsul Emil Rap\u00e7a ile subet devam\u0131nda Meclis reisi Mustafa Cemilev qayd etti ki, romen cemiyetinde demokratik printsipler inki\u015faf\u0131n\u0131\u00f1 y\u00fcksek seviyede ol\u011fan\u0131 sayesinde Romaniyada q\u0131r\u0131mtatar diasporas\u0131na nisbeten \u015fovinistik areketler i\u00e7 yap\u0131lmay, milliy ve diniy duy\u011fular\u0131na say\u011f\u0131 k\u00f6sterile.<\/p>\n\n\n\n<p>&#8220;Biz semetde\u015flerimizni\u00f1 al\u0131nen memn\u00fcnmiz ve olarn\u0131\u00f1 faal oluvlar\u0131na qoltutqan Romaniya devletine te\u015fekk\u00fcr bildiremiz&#8221;, &#8211; dedi Mustafa Cemilev ve q\u0131r\u0131mtatar diasporas\u0131 Romaniya ve Q\u0131r\u0131m aras\u0131ndaki dostluqn\u0131\u00f1 k\u00f6p\u00fcridir, diye s\u00f6yledi.<\/p>\n\n\n\n<figure class=\"wp-block-image size-full\"><img loading=\"lazy\" decoding=\"async\" width=\"800\" height=\"600\" src=\"http:\/\/qtmm.org\/wp-content\/uploads\/2022\/01\/forum.jpeg\" alt=\"\" class=\"wp-image-35609\" srcset=\"https:\/\/qtmm.org\/wp-content\/uploads\/2022\/01\/forum.jpeg 800w, https:\/\/qtmm.org\/wp-content\/uploads\/2022\/01\/forum-300x225.jpeg 300w, https:\/\/qtmm.org\/wp-content\/uploads\/2022\/01\/forum-768x576.jpeg 768w\" sizes=\"auto, (max-width: 800px) 100vw, 800px\" \/><\/figure>\n\n\n\n<p>Romaniya diplomat\u0131n\u0131\u00f1 ricas\u0131na k\u00f6re Meclis reisini\u00f1 birinci muavini Refat \u00c7ubarov mahsus on\u0131\u00f1 i\u00e7\u00fcn Q\u0131r\u0131m ve on\u0131\u00f1 tam\u0131r halq\u0131 ol\u011fan q\u0131r\u0131mtatarlarn\u0131\u00f1 tarih\u0131n\u0131 q\u0131sqadan tarif etti. Musafirni yar\u0131madan\u0131\u00f1 co\u011frafik haritas\u0131 ile tan\u0131\u015f eterken, Refat \u00c7ubarov Q\u0131r\u0131m hanl\u0131\u011f\u0131n\u0131\u00f1 parlaq devri, Noman \u00c7elebicihann\u0131\u00f1 faaliyeti ve facial\u0131 \u00f6l\u00fcmi, s\u00fcrg\u00fcnlik ve soyq\u0131r\u0131m aqq\u0131nda ik\u00e2ye etti.<\/p>\n\n\n\n<p>&#8220;Q\u0131r\u0131mn\u0131\u00f1 tam\u0131r halq\u0131 ol\u011fan q\u0131r\u0131mtatarlarn\u0131\u00f1 ad\u0131n\u0131 bile a\u00f1maqn\u0131 yasaq et\u00fcv sovet rejimini\u00f1 ba\u015f maqsadlar\u0131ndan biri edi&#8221;, &#8211; dep qayd etti \u00c7ubarov. Reisni\u00f1 birinci muavini aytqan\u0131na k\u00f6re, \u00e7oqy\u0131ll\u0131q s\u00fcrg\u00fcnlikten so\u00f1 Vatan\u011fa qaytayatqan halq q\u0131r\u0131mtatarlarn\u0131\u00f1 aqlar\u0131 devlet seviyesinde tan\u0131lmas\u0131n\u0131 talap etkenini de aytt\u0131. Bu esnada Meclisni\u00f1 te\u015febb\u00fcsi boyunca \u00f6tkerilecek ve OSCE taraf\u0131ndan qoltutul\u011fan Halqara forum Ukraina i\u00e7\u00fcn &#8220;q\u0131r\u0131mtatar halq\u0131n\u0131\u00f1 meselesini \u00e7ez\u00fcvde&#8221; k\u00fc\u00e7l\u00fc bir siltem olurd\u0131.<\/p>\n\n\n\n<p>&#8220;Biz Avropan\u0131\u00f1 e\u00f1 ileri devletlerinden biri ol\u011fan Romaniya devletine Ukrainada q\u0131r\u0131mtatar halq\u0131n\u0131\u00f1 aqlar\u0131n\u0131 tiklev boyunca halqara forum ke\u00e7irilmesine qoltutmas\u0131n\u0131 rica etemiz&#8221;, &#8211; diye muracaatta bulund\u0131lar cenap Emil Rap\u00e7a\u011fa Meclis yolba\u015f\u00e7\u0131lar\u0131<\/p>\n\n\n\n<p>\u00d6z nevbetinde Ba\u015f konsul dialogn\u0131 devam ettirmek ve Halqara forum ke\u00e7ir\u00fcv meselesini Q\u0131r\u0131mdan qaytqan so\u00f1 \u00f6z i\u015f kabinetinde muzakere etmekni i\u015fand\u0131rd\u0131.<\/p>\n\n\n\n<figure class=\"wp-block-image size-full\"><img loading=\"lazy\" decoding=\"async\" width=\"800\" height=\"600\" src=\"http:\/\/qtmm.org\/wp-content\/uploads\/2022\/01\/rfhnf.jpeg\" alt=\"\" class=\"wp-image-35613\" srcset=\"https:\/\/qtmm.org\/wp-content\/uploads\/2022\/01\/rfhnf.jpeg 800w, https:\/\/qtmm.org\/wp-content\/uploads\/2022\/01\/rfhnf-300x225.jpeg 300w, https:\/\/qtmm.org\/wp-content\/uploads\/2022\/01\/rfhnf-768x576.jpeg 768w\" sizes=\"auto, (max-width: 800px) 100vw, 800px\" \/><\/figure>\n","protected":false},"excerpt":{"rendered":"<p>2012 senesi 20 dekabr k\u00fcn\u00fc Meclis ofisinde Q\u0131r\u0131mtatar halq\u0131 Meclisini\u00f1 reisi, Ukraina halq deputat\u0131 Mustafa Cemilev Romaniyan\u0131\u00f1 Odessadaki Ba\u015f konsul\u0131 Emil Rap\u00e7a ile k\u00f6r\u00fc\u015fti. K\u00f6r\u00fc\u015f\u00fcvde Meclis reisini\u00f1 birinci muavini Refat \u00c7ubarov, Meclis t\u0131\u015fq\u0131 al\u00e2qalar b\u00f6l\u00fcgini\u00f1 ba\u015f\u0131 Ali Hamzin ve K\u00e2tibiyet reberi Zair Smedl\u00e2yev de i\u015ftirak ettiler. Bu, Romaniyan\u0131\u00f1 Odessadaki ba\u015f konsul\u0131n\u0131\u00f1 Q\u0131r\u0131m\u011fa ilk resmiy ziyaretidir, [&hellip;]<\/p>\n","protected":false},"author":1,"featured_media":35605,"comment_status":"open","ping_status":"open","sticky":false,"template":"","format":"standard","meta":{"inline_featured_image":false,"footnotes":""},"categories":[265],"tags":[],"class_list":["post-35604","post","type-post","status-publish","format-standard","has-post-thumbnail","hentry","category-haberler"],"acf":[],"yoast_head":"<!-- This site is optimized with the Yoast SEO plugin v27.4 - https:\/\/yoast.com\/product\/yoast-seo-wordpress\/ -->\n<title>Meclis reisi Mustafa Cemilev Romaniyan\u0131\u00f1 Odessadaki Ba\u015f konsul\u0131 Emil Rap\u00e7a ile k\u00f6r\u00fc\u015fti - \u041c\u0435\u0434\u0436\u043b\u0456\u0441<\/title>\n<meta name=\"robots\" content=\"index, follow, max-snippet:-1, max-image-preview:large, max-video-preview:-1\" \/>\n<link rel=\"canonical\" href=\"https:\/\/qtmm.org\/qt\/meclis-reisi-mustafa-cemilev-romaniyanin-odessadaki-bas-konsuli-emil-rapca-ile-korusti\/\" \/>\n<meta property=\"og:locale\" content=\"en_US\" \/>\n<meta property=\"og:type\" content=\"article\" \/>\n<meta property=\"og:title\" content=\"Meclis reisi Mustafa Cemilev Romaniyan\u0131\u00f1 Odessadaki Ba\u015f konsul\u0131 Emil Rap\u00e7a ile k\u00f6r\u00fc\u015fti - \u041c\u0435\u0434\u0436\u043b\u0456\u0441\" \/>\n<meta property=\"og:description\" content=\"2012 senesi 20 dekabr k\u00fcn\u00fc Meclis ofisinde Q\u0131r\u0131mtatar halq\u0131 Meclisini\u00f1 reisi, Ukraina halq deputat\u0131 Mustafa Cemilev Romaniyan\u0131\u00f1 Odessadaki Ba\u015f konsul\u0131 Emil Rap\u00e7a ile k\u00f6r\u00fc\u015fti. K\u00f6r\u00fc\u015f\u00fcvde Meclis reisini\u00f1 birinci muavini Refat \u00c7ubarov, Meclis t\u0131\u015fq\u0131 al\u00e2qalar b\u00f6l\u00fcgini\u00f1 ba\u015f\u0131 Ali Hamzin ve K\u00e2tibiyet reberi Zair Smedl\u00e2yev de i\u015ftirak ettiler. Bu, Romaniyan\u0131\u00f1 Odessadaki ba\u015f konsul\u0131n\u0131\u00f1 Q\u0131r\u0131m\u011fa ilk resmiy ziyaretidir, [&hellip;]\" \/>\n<meta property=\"og:url\" content=\"https:\/\/qtmm.org\/qt\/meclis-reisi-mustafa-cemilev-romaniyanin-odessadaki-bas-konsuli-emil-rapca-ile-korusti\/\" \/>\n<meta property=\"og:site_name\" content=\"\u041c\u0435\u0434\u0436\u043b\u0456\u0441\" \/>\n<meta property=\"article:publisher\" content=\"https:\/\/www.facebook.com\/qtmm.info\/\" \/>\n<meta property=\"article:published_time\" content=\"2012-12-20T13:08:00+00:00\" \/>\n<meta property=\"article:modified_time\" content=\"2022-01-23T13:09:38+00:00\" \/>\n<meta property=\"og:image\" content=\"https:\/\/qtmm.org\/wp-content\/uploads\/2022\/01\/konsul.jpeg\" \/>\n\t<meta property=\"og:image:width\" content=\"800\" \/>\n\t<meta property=\"og:image:height\" content=\"600\" \/>\n\t<meta property=\"og:image:type\" content=\"image\/jpeg\" \/>\n<meta name=\"author\" content=\"Developer\" \/>\n<meta name=\"twitter:card\" content=\"summary_large_image\" \/>\n<meta name=\"twitter:label1\" content=\"Written by\" \/>\n\t<meta name=\"twitter:data1\" content=\"Developer\" \/>\n\t<meta name=\"twitter:label2\" content=\"Est. reading time\" \/>\n\t<meta name=\"twitter:data2\" content=\"2 minutes\" \/>\n<script type=\"application\/ld+json\" class=\"yoast-schema-graph\">{\"@context\":\"https:\\\/\\\/schema.org\",\"@graph\":[{\"@type\":\"Article\",\"@id\":\"https:\\\/\\\/qtmm.org\\\/qt\\\/meclis-reisi-mustafa-cemilev-romaniyanin-odessadaki-bas-konsuli-emil-rapca-ile-korusti\\\/#article\",\"isPartOf\":{\"@id\":\"https:\\\/\\\/qtmm.org\\\/qt\\\/meclis-reisi-mustafa-cemilev-romaniyanin-odessadaki-bas-konsuli-emil-rapca-ile-korusti\\\/\"},\"author\":{\"name\":\"Developer\",\"@id\":\"https:\\\/\\\/qtmm.org\\\/qt\\\/#\\\/schema\\\/person\\\/de562469f971dec226ac06e60bbf74a7\"},\"headline\":\"Meclis reisi Mustafa Cemilev Romaniyan\u0131\u00f1 Odessadaki Ba\u015f konsul\u0131 Emil Rap\u00e7a ile k\u00f6r\u00fc\u015fti\",\"datePublished\":\"2012-12-20T13:08:00+00:00\",\"dateModified\":\"2022-01-23T13:09:38+00:00\",\"mainEntityOfPage\":{\"@id\":\"https:\\\/\\\/qtmm.org\\\/qt\\\/meclis-reisi-mustafa-cemilev-romaniyanin-odessadaki-bas-konsuli-emil-rapca-ile-korusti\\\/\"},\"wordCount\":501,\"commentCount\":0,\"publisher\":{\"@id\":\"https:\\\/\\\/qtmm.org\\\/qt\\\/#organization\"},\"image\":{\"@id\":\"https:\\\/\\\/qtmm.org\\\/qt\\\/meclis-reisi-mustafa-cemilev-romaniyanin-odessadaki-bas-konsuli-emil-rapca-ile-korusti\\\/#primaryimage\"},\"thumbnailUrl\":\"https:\\\/\\\/qtmm.org\\\/wp-content\\\/uploads\\\/2022\\\/01\\\/konsul.jpeg\",\"articleSection\":[\"Haberler\"],\"inLanguage\":\"qt\",\"potentialAction\":[{\"@type\":\"CommentAction\",\"name\":\"Comment\",\"target\":[\"https:\\\/\\\/qtmm.org\\\/qt\\\/meclis-reisi-mustafa-cemilev-romaniyanin-odessadaki-bas-konsuli-emil-rapca-ile-korusti\\\/#respond\"]}]},{\"@type\":\"WebPage\",\"@id\":\"https:\\\/\\\/qtmm.org\\\/qt\\\/meclis-reisi-mustafa-cemilev-romaniyanin-odessadaki-bas-konsuli-emil-rapca-ile-korusti\\\/\",\"url\":\"https:\\\/\\\/qtmm.org\\\/qt\\\/meclis-reisi-mustafa-cemilev-romaniyanin-odessadaki-bas-konsuli-emil-rapca-ile-korusti\\\/\",\"name\":\"Meclis reisi Mustafa Cemilev Romaniyan\u0131\u00f1 Odessadaki Ba\u015f konsul\u0131 Emil Rap\u00e7a ile k\u00f6r\u00fc\u015fti - \u041c\u0435\u0434\u0436\u043b\u0456\u0441\",\"isPartOf\":{\"@id\":\"https:\\\/\\\/qtmm.org\\\/qt\\\/#website\"},\"primaryImageOfPage\":{\"@id\":\"https:\\\/\\\/qtmm.org\\\/qt\\\/meclis-reisi-mustafa-cemilev-romaniyanin-odessadaki-bas-konsuli-emil-rapca-ile-korusti\\\/#primaryimage\"},\"image\":{\"@id\":\"https:\\\/\\\/qtmm.org\\\/qt\\\/meclis-reisi-mustafa-cemilev-romaniyanin-odessadaki-bas-konsuli-emil-rapca-ile-korusti\\\/#primaryimage\"},\"thumbnailUrl\":\"https:\\\/\\\/qtmm.org\\\/wp-content\\\/uploads\\\/2022\\\/01\\\/konsul.jpeg\",\"datePublished\":\"2012-12-20T13:08:00+00:00\",\"dateModified\":\"2022-01-23T13:09:38+00:00\",\"breadcrumb\":{\"@id\":\"https:\\\/\\\/qtmm.org\\\/qt\\\/meclis-reisi-mustafa-cemilev-romaniyanin-odessadaki-bas-konsuli-emil-rapca-ile-korusti\\\/#breadcrumb\"},\"inLanguage\":\"qt\",\"potentialAction\":[{\"@type\":\"ReadAction\",\"target\":[\"https:\\\/\\\/qtmm.org\\\/qt\\\/meclis-reisi-mustafa-cemilev-romaniyanin-odessadaki-bas-konsuli-emil-rapca-ile-korusti\\\/\"]}]},{\"@type\":\"ImageObject\",\"inLanguage\":\"qt\",\"@id\":\"https:\\\/\\\/qtmm.org\\\/qt\\\/meclis-reisi-mustafa-cemilev-romaniyanin-odessadaki-bas-konsuli-emil-rapca-ile-korusti\\\/#primaryimage\",\"url\":\"https:\\\/\\\/qtmm.org\\\/wp-content\\\/uploads\\\/2022\\\/01\\\/konsul.jpeg\",\"contentUrl\":\"https:\\\/\\\/qtmm.org\\\/wp-content\\\/uploads\\\/2022\\\/01\\\/konsul.jpeg\",\"width\":800,\"height\":600},{\"@type\":\"BreadcrumbList\",\"@id\":\"https:\\\/\\\/qtmm.org\\\/qt\\\/meclis-reisi-mustafa-cemilev-romaniyanin-odessadaki-bas-konsuli-emil-rapca-ile-korusti\\\/#breadcrumb\",\"itemListElement\":[{\"@type\":\"ListItem\",\"position\":1,\"name\":\"\u0413\u043e\u043b\u043e\u0432\u043d\u0430\",\"item\":\"https:\\\/\\\/qtmm.org\\\/qt\\\/\"},{\"@type\":\"ListItem\",\"position\":2,\"name\":\"Meclis reisi Mustafa Cemilev Romaniyan\u0131\u00f1 Odessadaki Ba\u015f konsul\u0131 Emil Rap\u00e7a ile k\u00f6r\u00fc\u015fti\"}]},{\"@type\":\"WebSite\",\"@id\":\"https:\\\/\\\/qtmm.org\\\/qt\\\/#website\",\"url\":\"https:\\\/\\\/qtmm.org\\\/qt\\\/\",\"name\":\"\u041c\u0435\u0434\u0436\u043b\u0456\u0441\",\"description\":\"\",\"publisher\":{\"@id\":\"https:\\\/\\\/qtmm.org\\\/qt\\\/#organization\"},\"potentialAction\":[{\"@type\":\"SearchAction\",\"target\":{\"@type\":\"EntryPoint\",\"urlTemplate\":\"https:\\\/\\\/qtmm.org\\\/qt\\\/?s={search_term_string}\"},\"query-input\":{\"@type\":\"PropertyValueSpecification\",\"valueRequired\":true,\"valueName\":\"search_term_string\"}}],\"inLanguage\":\"qt\"},{\"@type\":\"Organization\",\"@id\":\"https:\\\/\\\/qtmm.org\\\/qt\\\/#organization\",\"name\":\"\u041c\u0435\u0434\u0436\u043b\u0456\u0441\",\"url\":\"https:\\\/\\\/qtmm.org\\\/qt\\\/\",\"logo\":{\"@type\":\"ImageObject\",\"inLanguage\":\"qt\",\"@id\":\"https:\\\/\\\/qtmm.org\\\/qt\\\/#\\\/schema\\\/logo\\\/image\\\/\",\"url\":\"https:\\\/\\\/qtmm.org\\\/wp-content\\\/uploads\\\/2024\\\/12\\\/ua-mejlis-logo-rgb.svg\",\"contentUrl\":\"https:\\\/\\\/qtmm.org\\\/wp-content\\\/uploads\\\/2024\\\/12\\\/ua-mejlis-logo-rgb.svg\",\"caption\":\"\u041c\u0435\u0434\u0436\u043b\u0456\u0441\"},\"image\":{\"@id\":\"https:\\\/\\\/qtmm.org\\\/qt\\\/#\\\/schema\\\/logo\\\/image\\\/\"},\"sameAs\":[\"https:\\\/\\\/www.facebook.com\\\/qtmm.info\\\/\"]},{\"@type\":\"Person\",\"@id\":\"https:\\\/\\\/qtmm.org\\\/qt\\\/#\\\/schema\\\/person\\\/de562469f971dec226ac06e60bbf74a7\",\"name\":\"Developer\",\"image\":{\"@type\":\"ImageObject\",\"inLanguage\":\"qt\",\"@id\":\"https:\\\/\\\/secure.gravatar.com\\\/avatar\\\/392b4cc8fbfeb00b39dfeeab4ee6edded39ffd48e25858637e4765810300227e?s=96&d=mm&r=g\",\"url\":\"https:\\\/\\\/secure.gravatar.com\\\/avatar\\\/392b4cc8fbfeb00b39dfeeab4ee6edded39ffd48e25858637e4765810300227e?s=96&d=mm&r=g\",\"contentUrl\":\"https:\\\/\\\/secure.gravatar.com\\\/avatar\\\/392b4cc8fbfeb00b39dfeeab4ee6edded39ffd48e25858637e4765810300227e?s=96&d=mm&r=g\",\"caption\":\"Developer\"},\"url\":\"https:\\\/\\\/qtmm.org\\\/qt\\\/author\\\/Developer\\\/\"}]}<\/script>\n<!-- \/ Yoast SEO plugin. -->","yoast_head_json":{"title":"Meclis reisi Mustafa Cemilev Romaniyan\u0131\u00f1 Odessadaki Ba\u015f konsul\u0131 Emil Rap\u00e7a ile k\u00f6r\u00fc\u015fti - \u041c\u0435\u0434\u0436\u043b\u0456\u0441","robots":{"index":"index","follow":"follow","max-snippet":"max-snippet:-1","max-image-preview":"max-image-preview:large","max-video-preview":"max-video-preview:-1"},"canonical":"https:\/\/qtmm.org\/qt\/meclis-reisi-mustafa-cemilev-romaniyanin-odessadaki-bas-konsuli-emil-rapca-ile-korusti\/","og_locale":"en_US","og_type":"article","og_title":"Meclis reisi Mustafa Cemilev Romaniyan\u0131\u00f1 Odessadaki Ba\u015f konsul\u0131 Emil Rap\u00e7a ile k\u00f6r\u00fc\u015fti - \u041c\u0435\u0434\u0436\u043b\u0456\u0441","og_description":"2012 senesi 20 dekabr k\u00fcn\u00fc Meclis ofisinde Q\u0131r\u0131mtatar halq\u0131 Meclisini\u00f1 reisi, Ukraina halq deputat\u0131 Mustafa Cemilev Romaniyan\u0131\u00f1 Odessadaki Ba\u015f konsul\u0131 Emil Rap\u00e7a ile k\u00f6r\u00fc\u015fti. K\u00f6r\u00fc\u015f\u00fcvde Meclis reisini\u00f1 birinci muavini Refat \u00c7ubarov, Meclis t\u0131\u015fq\u0131 al\u00e2qalar b\u00f6l\u00fcgini\u00f1 ba\u015f\u0131 Ali Hamzin ve K\u00e2tibiyet reberi Zair Smedl\u00e2yev de i\u015ftirak ettiler. Bu, Romaniyan\u0131\u00f1 Odessadaki ba\u015f konsul\u0131n\u0131\u00f1 Q\u0131r\u0131m\u011fa ilk resmiy ziyaretidir, [&hellip;]","og_url":"https:\/\/qtmm.org\/qt\/meclis-reisi-mustafa-cemilev-romaniyanin-odessadaki-bas-konsuli-emil-rapca-ile-korusti\/","og_site_name":"\u041c\u0435\u0434\u0436\u043b\u0456\u0441","article_publisher":"https:\/\/www.facebook.com\/qtmm.info\/","article_published_time":"2012-12-20T13:08:00+00:00","article_modified_time":"2022-01-23T13:09:38+00:00","og_image":[{"width":800,"height":600,"url":"https:\/\/qtmm.org\/wp-content\/uploads\/2022\/01\/konsul.jpeg","type":"image\/jpeg"}],"author":"Developer","twitter_card":"summary_large_image","twitter_misc":{"Written by":"Developer","Est. reading time":"2 minutes"},"schema":{"@context":"https:\/\/schema.org","@graph":[{"@type":"Article","@id":"https:\/\/qtmm.org\/qt\/meclis-reisi-mustafa-cemilev-romaniyanin-odessadaki-bas-konsuli-emil-rapca-ile-korusti\/#article","isPartOf":{"@id":"https:\/\/qtmm.org\/qt\/meclis-reisi-mustafa-cemilev-romaniyanin-odessadaki-bas-konsuli-emil-rapca-ile-korusti\/"},"author":{"name":"Developer","@id":"https:\/\/qtmm.org\/qt\/#\/schema\/person\/de562469f971dec226ac06e60bbf74a7"},"headline":"Meclis reisi Mustafa Cemilev Romaniyan\u0131\u00f1 Odessadaki Ba\u015f konsul\u0131 Emil Rap\u00e7a ile k\u00f6r\u00fc\u015fti","datePublished":"2012-12-20T13:08:00+00:00","dateModified":"2022-01-23T13:09:38+00:00","mainEntityOfPage":{"@id":"https:\/\/qtmm.org\/qt\/meclis-reisi-mustafa-cemilev-romaniyanin-odessadaki-bas-konsuli-emil-rapca-ile-korusti\/"},"wordCount":501,"commentCount":0,"publisher":{"@id":"https:\/\/qtmm.org\/qt\/#organization"},"image":{"@id":"https:\/\/qtmm.org\/qt\/meclis-reisi-mustafa-cemilev-romaniyanin-odessadaki-bas-konsuli-emil-rapca-ile-korusti\/#primaryimage"},"thumbnailUrl":"https:\/\/qtmm.org\/wp-content\/uploads\/2022\/01\/konsul.jpeg","articleSection":["Haberler"],"inLanguage":"qt","potentialAction":[{"@type":"CommentAction","name":"Comment","target":["https:\/\/qtmm.org\/qt\/meclis-reisi-mustafa-cemilev-romaniyanin-odessadaki-bas-konsuli-emil-rapca-ile-korusti\/#respond"]}]},{"@type":"WebPage","@id":"https:\/\/qtmm.org\/qt\/meclis-reisi-mustafa-cemilev-romaniyanin-odessadaki-bas-konsuli-emil-rapca-ile-korusti\/","url":"https:\/\/qtmm.org\/qt\/meclis-reisi-mustafa-cemilev-romaniyanin-odessadaki-bas-konsuli-emil-rapca-ile-korusti\/","name":"Meclis reisi Mustafa Cemilev Romaniyan\u0131\u00f1 Odessadaki Ba\u015f konsul\u0131 Emil Rap\u00e7a ile k\u00f6r\u00fc\u015fti - \u041c\u0435\u0434\u0436\u043b\u0456\u0441","isPartOf":{"@id":"https:\/\/qtmm.org\/qt\/#website"},"primaryImageOfPage":{"@id":"https:\/\/qtmm.org\/qt\/meclis-reisi-mustafa-cemilev-romaniyanin-odessadaki-bas-konsuli-emil-rapca-ile-korusti\/#primaryimage"},"image":{"@id":"https:\/\/qtmm.org\/qt\/meclis-reisi-mustafa-cemilev-romaniyanin-odessadaki-bas-konsuli-emil-rapca-ile-korusti\/#primaryimage"},"thumbnailUrl":"https:\/\/qtmm.org\/wp-content\/uploads\/2022\/01\/konsul.jpeg","datePublished":"2012-12-20T13:08:00+00:00","dateModified":"2022-01-23T13:09:38+00:00","breadcrumb":{"@id":"https:\/\/qtmm.org\/qt\/meclis-reisi-mustafa-cemilev-romaniyanin-odessadaki-bas-konsuli-emil-rapca-ile-korusti\/#breadcrumb"},"inLanguage":"qt","potentialAction":[{"@type":"ReadAction","target":["https:\/\/qtmm.org\/qt\/meclis-reisi-mustafa-cemilev-romaniyanin-odessadaki-bas-konsuli-emil-rapca-ile-korusti\/"]}]},{"@type":"ImageObject","inLanguage":"qt","@id":"https:\/\/qtmm.org\/qt\/meclis-reisi-mustafa-cemilev-romaniyanin-odessadaki-bas-konsuli-emil-rapca-ile-korusti\/#primaryimage","url":"https:\/\/qtmm.org\/wp-content\/uploads\/2022\/01\/konsul.jpeg","contentUrl":"https:\/\/qtmm.org\/wp-content\/uploads\/2022\/01\/konsul.jpeg","width":800,"height":600},{"@type":"BreadcrumbList","@id":"https:\/\/qtmm.org\/qt\/meclis-reisi-mustafa-cemilev-romaniyanin-odessadaki-bas-konsuli-emil-rapca-ile-korusti\/#breadcrumb","itemListElement":[{"@type":"ListItem","position":1,"name":"\u0413\u043e\u043b\u043e\u0432\u043d\u0430","item":"https:\/\/qtmm.org\/qt\/"},{"@type":"ListItem","position":2,"name":"Meclis reisi Mustafa Cemilev Romaniyan\u0131\u00f1 Odessadaki Ba\u015f konsul\u0131 Emil Rap\u00e7a ile k\u00f6r\u00fc\u015fti"}]},{"@type":"WebSite","@id":"https:\/\/qtmm.org\/qt\/#website","url":"https:\/\/qtmm.org\/qt\/","name":"\u041c\u0435\u0434\u0436\u043b\u0456\u0441","description":"","publisher":{"@id":"https:\/\/qtmm.org\/qt\/#organization"},"potentialAction":[{"@type":"SearchAction","target":{"@type":"EntryPoint","urlTemplate":"https:\/\/qtmm.org\/qt\/?s={search_term_string}"},"query-input":{"@type":"PropertyValueSpecification","valueRequired":true,"valueName":"search_term_string"}}],"inLanguage":"qt"},{"@type":"Organization","@id":"https:\/\/qtmm.org\/qt\/#organization","name":"\u041c\u0435\u0434\u0436\u043b\u0456\u0441","url":"https:\/\/qtmm.org\/qt\/","logo":{"@type":"ImageObject","inLanguage":"qt","@id":"https:\/\/qtmm.org\/qt\/#\/schema\/logo\/image\/","url":"https:\/\/qtmm.org\/wp-content\/uploads\/2024\/12\/ua-mejlis-logo-rgb.svg","contentUrl":"https:\/\/qtmm.org\/wp-content\/uploads\/2024\/12\/ua-mejlis-logo-rgb.svg","caption":"\u041c\u0435\u0434\u0436\u043b\u0456\u0441"},"image":{"@id":"https:\/\/qtmm.org\/qt\/#\/schema\/logo\/image\/"},"sameAs":["https:\/\/www.facebook.com\/qtmm.info\/"]},{"@type":"Person","@id":"https:\/\/qtmm.org\/qt\/#\/schema\/person\/de562469f971dec226ac06e60bbf74a7","name":"Developer","image":{"@type":"ImageObject","inLanguage":"qt","@id":"https:\/\/secure.gravatar.com\/avatar\/392b4cc8fbfeb00b39dfeeab4ee6edded39ffd48e25858637e4765810300227e?s=96&d=mm&r=g","url":"https:\/\/secure.gravatar.com\/avatar\/392b4cc8fbfeb00b39dfeeab4ee6edded39ffd48e25858637e4765810300227e?s=96&d=mm&r=g","contentUrl":"https:\/\/secure.gravatar.com\/avatar\/392b4cc8fbfeb00b39dfeeab4ee6edded39ffd48e25858637e4765810300227e?s=96&d=mm&r=g","caption":"Developer"},"url":"https:\/\/qtmm.org\/qt\/author\/Developer\/"}]}},"_links":{"self":[{"href":"https:\/\/qtmm.org\/qt\/wp-json\/wp\/v2\/posts\/35604","targetHints":{"allow":["GET"]}}],"collection":[{"href":"https:\/\/qtmm.org\/qt\/wp-json\/wp\/v2\/posts"}],"about":[{"href":"https:\/\/qtmm.org\/qt\/wp-json\/wp\/v2\/types\/post"}],"author":[{"embeddable":true,"href":"https:\/\/qtmm.org\/qt\/wp-json\/wp\/v2\/users\/1"}],"replies":[{"embeddable":true,"href":"https:\/\/qtmm.org\/qt\/wp-json\/wp\/v2\/comments?post=35604"}],"version-history":[{"count":1,"href":"https:\/\/qtmm.org\/qt\/wp-json\/wp\/v2\/posts\/35604\/revisions"}],"predecessor-version":[{"id":35617,"href":"https:\/\/qtmm.org\/qt\/wp-json\/wp\/v2\/posts\/35604\/revisions\/35617"}],"wp:featuredmedia":[{"embeddable":true,"href":"https:\/\/qtmm.org\/qt\/wp-json\/wp\/v2\/media\/35605"}],"wp:attachment":[{"href":"https:\/\/qtmm.org\/qt\/wp-json\/wp\/v2\/media?parent=35604"}],"wp:term":[{"taxonomy":"category","embeddable":true,"href":"https:\/\/qtmm.org\/qt\/wp-json\/wp\/v2\/categories?post=35604"},{"taxonomy":"post_tag","embeddable":true,"href":"https:\/\/qtmm.org\/qt\/wp-json\/wp\/v2\/tags?post=35604"}],"curies":[{"name":"wp","href":"https:\/\/api.w.org\/{rel}","templated":true}]}}