




{"id":35602,"date":"2012-12-20T16:07:00","date_gmt":"2012-12-20T13:07:00","guid":{"rendered":"http:\/\/qtmm.org\/?p=35602"},"modified":"2022-01-23T16:08:14","modified_gmt":"2022-01-23T13:08:14","slug":"qirimda-cellat-stalinge-bagislangan-serginin-teskil-etilmesi-munasebetinen-meclis-matbuat-hizmetinin-beyanati","status":"publish","type":"post","link":"https:\/\/qtmm.org\/qt\/qirimda-cellat-stalinge-bagislangan-serginin-teskil-etilmesi-munasebetinen-meclis-matbuat-hizmetinin-beyanati\/","title":{"rendered":"Q\u0131r\u0131mda cell\u00e2t Stalinge ba\u011f\u0131\u015flan\u011fan sergini\u00f1 te\u015fkil etilmesi munasebetinen Meclis matbuat h\u0131zmetini\u00f1 beyanat\u0131"},"content":{"rendered":"\n<p>2012 senesi dekabr 21 k\u00fcn\u00fc Rusiyeni\u00f1 &#8220;Sut vremeni \u2013 Kr\u0131m&#8221; te\u015fkil\u00e2t\u0131n\u0131\u00f1 regional b\u00f6l\u00fcgi Aqmescitte insanl\u0131q tarih\u0131nda e\u00f1 vah\u015fiy cell\u00e2tlardan biri \u0130osif Stalin do\u011f\u011fan\u0131n\u0131\u00f1 113 y\u0131ll\u0131\u011f\u0131na ba\u011f\u0131\u015flan\u011fan sergini te\u015fkil\u00e2tland\u0131rmaqta. Sergi te\u015fkil\u00e2t\u00e7\u0131lar\u0131 Stalinni &#8220;rus medeniyeti tarih\u0131nda&#8221; e\u00f1 nufuzl\u0131 devlet yolba\u015f\u00e7\u0131s\u0131 olaraq taqdim etmekteler. Sergide natsist Almaniyan\u0131\u00f1 Stalin medh etken liderleri Gitler ve Ribbentropn\u0131\u00f1 da fotolar\u0131n\u0131 numay\u0131\u015f etmek planla\u015ft\u0131r\u0131la.<\/p>\n\n\n\n<p>Mezk\u00fcr tedbir Sergey K\u00fcrgin\u00e2n meydan\u011fa ketirgen B\u00fct\u00fcnrusiye &#8220;sol vatanperverlik areketi&#8221; Q\u0131r\u0131m regional b\u00f6l\u00fcgi taraf\u0131ndan te\u015fkil\u00e2tland\u0131r\u0131lmaqta. Bug\u00fcnki Rusiyeni\u00f1 bu a\u00f1la\u015f\u0131lma\u011fan qara bir \u015fah\u0131s\u0131 Rusiyede demokratik degerliklerni\u00f1 inki\u015faf\u0131 ve demokratiya\u011fa qar\u015f\u0131 \u00e7\u0131q\u0131p, SSSR devrindeki cinayetlerni tiklemekni te\u015fviq ete.<\/p>\n\n\n\n<p>Mezk\u00fcr aktsiya Rusiyeni\u00f1 &#8220;Sut vremeni \u2013 Kr\u0131m&#8221; te\u015fkil\u00e2t\u0131n\u0131\u00f1 regional b\u00f6l\u00fcgi taraf\u0131ndan Ukraina devletini\u00f1 cemaat i\u015fine qaba qar\u0131\u015fuvd\u0131r.<\/p>\n\n\n\n<p>Bundan da \u011fayr\u0131, bu sergi Ukraina Avropada tel\u00fckesizlik ve i\u015fbirlik boyunca te\u015fkil\u00e2tta reislik vazifesini eda etip ba\u015fla\u011fan bir devirde devletni\u00f1 itibar\u0131n\u0131 t\u00fc\u015f\u00fcrmek i\u00e7\u00fcn yap\u0131l\u011fan provokatsiyad\u0131r. Bu vaziyette Q\u0131r\u0131m yolba\u015f\u00e7\u0131lar\u0131 ve \u015fu c\u00fcmleden Ukraina tel\u00fckesizlik h\u0131zmeti ve i\u00e7ki i\u015fler nazirligi kene de t\u0131pq\u0131 ke\u00e7enlerde Aqmescit rayon\u0131ndaki Molod\u00f6jnoye qasabas\u0131nda q\u0131r\u0131mtatarlarn\u0131\u00f1 muvaqqat ev\u00e7ikleri &#8220;Russkoye yedinstvo&#8221; partiyas\u0131 faalleri taraf\u0131ndan bozul\u011fan vaqt\u0131ndakisi kibi a\u00f1la\u015f\u0131lma\u011fan bir pozitsiyan\u0131 ald\u0131lar.<br><br>\u015eu munasebetnen biz Ukraina Prezidenti Viktor Yanukovi\u00e7ni\u00f1 diqqat\u0131n\u0131 Q\u0131r\u0131mdaki Rusiye te\u015fkil\u00e2tlar\u0131n\u0131\u00f1 cemaat\u0131m\u0131z i\u00e7\u00fcn havfl\u0131 provokatsiyalar\u0131na diqqat\u0131n\u0131 celp etemiz.<\/p>\n\n\n\n<p class=\"has-text-align-right\"><em>Q\u0131r\u0131mtatar halq\u0131 Meclisini\u00f1 matbuat h\u0131zmeti<\/em><\/p>\n","protected":false},"excerpt":{"rendered":"<p>2012 senesi dekabr 21 k\u00fcn\u00fc Rusiyeni\u00f1 &#8220;Sut vremeni \u2013 Kr\u0131m&#8221; te\u015fkil\u00e2t\u0131n\u0131\u00f1 regional b\u00f6l\u00fcgi Aqmescitte insanl\u0131q tarih\u0131nda e\u00f1 vah\u015fiy cell\u00e2tlardan biri \u0130osif Stalin do\u011f\u011fan\u0131n\u0131\u00f1 113 y\u0131ll\u0131\u011f\u0131na ba\u011f\u0131\u015flan\u011fan sergini te\u015fkil\u00e2tland\u0131rmaqta. Sergi te\u015fkil\u00e2t\u00e7\u0131lar\u0131 Stalinni &#8220;rus medeniyeti tarih\u0131nda&#8221; e\u00f1 nufuzl\u0131 devlet yolba\u015f\u00e7\u0131s\u0131 olaraq taqdim etmekteler. Sergide natsist Almaniyan\u0131\u00f1 Stalin medh etken liderleri Gitler ve Ribbentropn\u0131\u00f1 da fotolar\u0131n\u0131 numay\u0131\u015f etmek [&hellip;]<\/p>\n","protected":false},"author":1,"featured_media":0,"comment_status":"open","ping_status":"open","sticky":false,"template":"","format":"standard","meta":{"inline_featured_image":false,"footnotes":""},"categories":[265],"tags":[],"class_list":["post-35602","post","type-post","status-publish","format-standard","hentry","category-haberler"],"acf":[],"yoast_head":"<!-- This site is optimized with the Yoast SEO plugin v27.4 - https:\/\/yoast.com\/product\/yoast-seo-wordpress\/ -->\n<title>Q\u0131r\u0131mda cell\u00e2t Stalinge ba\u011f\u0131\u015flan\u011fan sergini\u00f1 te\u015fkil etilmesi munasebetinen Meclis matbuat h\u0131zmetini\u00f1 beyanat\u0131 - \u041c\u0435\u0434\u0436\u043b\u0456\u0441<\/title>\n<meta name=\"robots\" content=\"index, follow, max-snippet:-1, max-image-preview:large, max-video-preview:-1\" \/>\n<link rel=\"canonical\" href=\"https:\/\/qtmm.org\/qt\/qirimda-cellat-stalinge-bagislangan-serginin-teskil-etilmesi-munasebetinen-meclis-matbuat-hizmetinin-beyanati\/\" \/>\n<meta property=\"og:locale\" content=\"en_US\" \/>\n<meta property=\"og:type\" content=\"article\" \/>\n<meta property=\"og:title\" content=\"Q\u0131r\u0131mda cell\u00e2t Stalinge ba\u011f\u0131\u015flan\u011fan sergini\u00f1 te\u015fkil etilmesi munasebetinen Meclis matbuat h\u0131zmetini\u00f1 beyanat\u0131 - \u041c\u0435\u0434\u0436\u043b\u0456\u0441\" \/>\n<meta property=\"og:description\" content=\"2012 senesi dekabr 21 k\u00fcn\u00fc Rusiyeni\u00f1 &#8220;Sut vremeni \u2013 Kr\u0131m&#8221; te\u015fkil\u00e2t\u0131n\u0131\u00f1 regional b\u00f6l\u00fcgi Aqmescitte insanl\u0131q tarih\u0131nda e\u00f1 vah\u015fiy cell\u00e2tlardan biri \u0130osif Stalin do\u011f\u011fan\u0131n\u0131\u00f1 113 y\u0131ll\u0131\u011f\u0131na ba\u011f\u0131\u015flan\u011fan sergini te\u015fkil\u00e2tland\u0131rmaqta. Sergi te\u015fkil\u00e2t\u00e7\u0131lar\u0131 Stalinni &#8220;rus medeniyeti tarih\u0131nda&#8221; e\u00f1 nufuzl\u0131 devlet yolba\u015f\u00e7\u0131s\u0131 olaraq taqdim etmekteler. Sergide natsist Almaniyan\u0131\u00f1 Stalin medh etken liderleri Gitler ve Ribbentropn\u0131\u00f1 da fotolar\u0131n\u0131 numay\u0131\u015f etmek [&hellip;]\" \/>\n<meta property=\"og:url\" content=\"https:\/\/qtmm.org\/qt\/qirimda-cellat-stalinge-bagislangan-serginin-teskil-etilmesi-munasebetinen-meclis-matbuat-hizmetinin-beyanati\/\" \/>\n<meta property=\"og:site_name\" content=\"\u041c\u0435\u0434\u0436\u043b\u0456\u0441\" \/>\n<meta property=\"article:publisher\" content=\"https:\/\/www.facebook.com\/qtmm.info\/\" \/>\n<meta property=\"article:published_time\" content=\"2012-12-20T13:07:00+00:00\" \/>\n<meta property=\"article:modified_time\" content=\"2022-01-23T13:08:14+00:00\" \/>\n<meta name=\"author\" content=\"Developer\" \/>\n<meta name=\"twitter:card\" content=\"summary_large_image\" \/>\n<meta name=\"twitter:label1\" content=\"Written by\" \/>\n\t<meta name=\"twitter:data1\" content=\"Developer\" \/>\n\t<meta name=\"twitter:label2\" content=\"Est. reading time\" \/>\n\t<meta name=\"twitter:data2\" content=\"2 minutes\" \/>\n<script type=\"application\/ld+json\" class=\"yoast-schema-graph\">{\"@context\":\"https:\\\/\\\/schema.org\",\"@graph\":[{\"@type\":\"Article\",\"@id\":\"https:\\\/\\\/qtmm.org\\\/qt\\\/qirimda-cellat-stalinge-bagislangan-serginin-teskil-etilmesi-munasebetinen-meclis-matbuat-hizmetinin-beyanati\\\/#article\",\"isPartOf\":{\"@id\":\"https:\\\/\\\/qtmm.org\\\/qt\\\/qirimda-cellat-stalinge-bagislangan-serginin-teskil-etilmesi-munasebetinen-meclis-matbuat-hizmetinin-beyanati\\\/\"},\"author\":{\"name\":\"Developer\",\"@id\":\"https:\\\/\\\/qtmm.org\\\/qt\\\/#\\\/schema\\\/person\\\/de562469f971dec226ac06e60bbf74a7\"},\"headline\":\"Q\u0131r\u0131mda cell\u00e2t Stalinge ba\u011f\u0131\u015flan\u011fan sergini\u00f1 te\u015fkil etilmesi munasebetinen Meclis matbuat h\u0131zmetini\u00f1 beyanat\u0131\",\"datePublished\":\"2012-12-20T13:07:00+00:00\",\"dateModified\":\"2022-01-23T13:08:14+00:00\",\"mainEntityOfPage\":{\"@id\":\"https:\\\/\\\/qtmm.org\\\/qt\\\/qirimda-cellat-stalinge-bagislangan-serginin-teskil-etilmesi-munasebetinen-meclis-matbuat-hizmetinin-beyanati\\\/\"},\"wordCount\":322,\"commentCount\":0,\"publisher\":{\"@id\":\"https:\\\/\\\/qtmm.org\\\/qt\\\/#organization\"},\"articleSection\":[\"Haberler\"],\"inLanguage\":\"qt\",\"potentialAction\":[{\"@type\":\"CommentAction\",\"name\":\"Comment\",\"target\":[\"https:\\\/\\\/qtmm.org\\\/qt\\\/qirimda-cellat-stalinge-bagislangan-serginin-teskil-etilmesi-munasebetinen-meclis-matbuat-hizmetinin-beyanati\\\/#respond\"]}]},{\"@type\":\"WebPage\",\"@id\":\"https:\\\/\\\/qtmm.org\\\/qt\\\/qirimda-cellat-stalinge-bagislangan-serginin-teskil-etilmesi-munasebetinen-meclis-matbuat-hizmetinin-beyanati\\\/\",\"url\":\"https:\\\/\\\/qtmm.org\\\/qt\\\/qirimda-cellat-stalinge-bagislangan-serginin-teskil-etilmesi-munasebetinen-meclis-matbuat-hizmetinin-beyanati\\\/\",\"name\":\"Q\u0131r\u0131mda cell\u00e2t Stalinge ba\u011f\u0131\u015flan\u011fan sergini\u00f1 te\u015fkil etilmesi munasebetinen Meclis matbuat h\u0131zmetini\u00f1 beyanat\u0131 - \u041c\u0435\u0434\u0436\u043b\u0456\u0441\",\"isPartOf\":{\"@id\":\"https:\\\/\\\/qtmm.org\\\/qt\\\/#website\"},\"datePublished\":\"2012-12-20T13:07:00+00:00\",\"dateModified\":\"2022-01-23T13:08:14+00:00\",\"breadcrumb\":{\"@id\":\"https:\\\/\\\/qtmm.org\\\/qt\\\/qirimda-cellat-stalinge-bagislangan-serginin-teskil-etilmesi-munasebetinen-meclis-matbuat-hizmetinin-beyanati\\\/#breadcrumb\"},\"inLanguage\":\"qt\",\"potentialAction\":[{\"@type\":\"ReadAction\",\"target\":[\"https:\\\/\\\/qtmm.org\\\/qt\\\/qirimda-cellat-stalinge-bagislangan-serginin-teskil-etilmesi-munasebetinen-meclis-matbuat-hizmetinin-beyanati\\\/\"]}]},{\"@type\":\"BreadcrumbList\",\"@id\":\"https:\\\/\\\/qtmm.org\\\/qt\\\/qirimda-cellat-stalinge-bagislangan-serginin-teskil-etilmesi-munasebetinen-meclis-matbuat-hizmetinin-beyanati\\\/#breadcrumb\",\"itemListElement\":[{\"@type\":\"ListItem\",\"position\":1,\"name\":\"\u0413\u043e\u043b\u043e\u0432\u043d\u0430\",\"item\":\"https:\\\/\\\/qtmm.org\\\/qt\\\/\"},{\"@type\":\"ListItem\",\"position\":2,\"name\":\"Q\u0131r\u0131mda cell\u00e2t Stalinge ba\u011f\u0131\u015flan\u011fan sergini\u00f1 te\u015fkil etilmesi munasebetinen Meclis matbuat h\u0131zmetini\u00f1 beyanat\u0131\"}]},{\"@type\":\"WebSite\",\"@id\":\"https:\\\/\\\/qtmm.org\\\/qt\\\/#website\",\"url\":\"https:\\\/\\\/qtmm.org\\\/qt\\\/\",\"name\":\"\u041c\u0435\u0434\u0436\u043b\u0456\u0441\",\"description\":\"\",\"publisher\":{\"@id\":\"https:\\\/\\\/qtmm.org\\\/qt\\\/#organization\"},\"potentialAction\":[{\"@type\":\"SearchAction\",\"target\":{\"@type\":\"EntryPoint\",\"urlTemplate\":\"https:\\\/\\\/qtmm.org\\\/qt\\\/?s={search_term_string}\"},\"query-input\":{\"@type\":\"PropertyValueSpecification\",\"valueRequired\":true,\"valueName\":\"search_term_string\"}}],\"inLanguage\":\"qt\"},{\"@type\":\"Organization\",\"@id\":\"https:\\\/\\\/qtmm.org\\\/qt\\\/#organization\",\"name\":\"\u041c\u0435\u0434\u0436\u043b\u0456\u0441\",\"url\":\"https:\\\/\\\/qtmm.org\\\/qt\\\/\",\"logo\":{\"@type\":\"ImageObject\",\"inLanguage\":\"qt\",\"@id\":\"https:\\\/\\\/qtmm.org\\\/qt\\\/#\\\/schema\\\/logo\\\/image\\\/\",\"url\":\"https:\\\/\\\/qtmm.org\\\/wp-content\\\/uploads\\\/2024\\\/12\\\/ua-mejlis-logo-rgb.svg\",\"contentUrl\":\"https:\\\/\\\/qtmm.org\\\/wp-content\\\/uploads\\\/2024\\\/12\\\/ua-mejlis-logo-rgb.svg\",\"caption\":\"\u041c\u0435\u0434\u0436\u043b\u0456\u0441\"},\"image\":{\"@id\":\"https:\\\/\\\/qtmm.org\\\/qt\\\/#\\\/schema\\\/logo\\\/image\\\/\"},\"sameAs\":[\"https:\\\/\\\/www.facebook.com\\\/qtmm.info\\\/\"]},{\"@type\":\"Person\",\"@id\":\"https:\\\/\\\/qtmm.org\\\/qt\\\/#\\\/schema\\\/person\\\/de562469f971dec226ac06e60bbf74a7\",\"name\":\"Developer\",\"image\":{\"@type\":\"ImageObject\",\"inLanguage\":\"qt\",\"@id\":\"https:\\\/\\\/secure.gravatar.com\\\/avatar\\\/392b4cc8fbfeb00b39dfeeab4ee6edded39ffd48e25858637e4765810300227e?s=96&d=mm&r=g\",\"url\":\"https:\\\/\\\/secure.gravatar.com\\\/avatar\\\/392b4cc8fbfeb00b39dfeeab4ee6edded39ffd48e25858637e4765810300227e?s=96&d=mm&r=g\",\"contentUrl\":\"https:\\\/\\\/secure.gravatar.com\\\/avatar\\\/392b4cc8fbfeb00b39dfeeab4ee6edded39ffd48e25858637e4765810300227e?s=96&d=mm&r=g\",\"caption\":\"Developer\"},\"url\":\"https:\\\/\\\/qtmm.org\\\/qt\\\/author\\\/Developer\\\/\"}]}<\/script>\n<!-- \/ Yoast SEO plugin. -->","yoast_head_json":{"title":"Q\u0131r\u0131mda cell\u00e2t Stalinge ba\u011f\u0131\u015flan\u011fan sergini\u00f1 te\u015fkil etilmesi munasebetinen Meclis matbuat h\u0131zmetini\u00f1 beyanat\u0131 - \u041c\u0435\u0434\u0436\u043b\u0456\u0441","robots":{"index":"index","follow":"follow","max-snippet":"max-snippet:-1","max-image-preview":"max-image-preview:large","max-video-preview":"max-video-preview:-1"},"canonical":"https:\/\/qtmm.org\/qt\/qirimda-cellat-stalinge-bagislangan-serginin-teskil-etilmesi-munasebetinen-meclis-matbuat-hizmetinin-beyanati\/","og_locale":"en_US","og_type":"article","og_title":"Q\u0131r\u0131mda cell\u00e2t Stalinge ba\u011f\u0131\u015flan\u011fan sergini\u00f1 te\u015fkil etilmesi munasebetinen Meclis matbuat h\u0131zmetini\u00f1 beyanat\u0131 - \u041c\u0435\u0434\u0436\u043b\u0456\u0441","og_description":"2012 senesi dekabr 21 k\u00fcn\u00fc Rusiyeni\u00f1 &#8220;Sut vremeni \u2013 Kr\u0131m&#8221; te\u015fkil\u00e2t\u0131n\u0131\u00f1 regional b\u00f6l\u00fcgi Aqmescitte insanl\u0131q tarih\u0131nda e\u00f1 vah\u015fiy cell\u00e2tlardan biri \u0130osif Stalin do\u011f\u011fan\u0131n\u0131\u00f1 113 y\u0131ll\u0131\u011f\u0131na ba\u011f\u0131\u015flan\u011fan sergini te\u015fkil\u00e2tland\u0131rmaqta. Sergi te\u015fkil\u00e2t\u00e7\u0131lar\u0131 Stalinni &#8220;rus medeniyeti tarih\u0131nda&#8221; e\u00f1 nufuzl\u0131 devlet yolba\u015f\u00e7\u0131s\u0131 olaraq taqdim etmekteler. Sergide natsist Almaniyan\u0131\u00f1 Stalin medh etken liderleri Gitler ve Ribbentropn\u0131\u00f1 da fotolar\u0131n\u0131 numay\u0131\u015f etmek [&hellip;]","og_url":"https:\/\/qtmm.org\/qt\/qirimda-cellat-stalinge-bagislangan-serginin-teskil-etilmesi-munasebetinen-meclis-matbuat-hizmetinin-beyanati\/","og_site_name":"\u041c\u0435\u0434\u0436\u043b\u0456\u0441","article_publisher":"https:\/\/www.facebook.com\/qtmm.info\/","article_published_time":"2012-12-20T13:07:00+00:00","article_modified_time":"2022-01-23T13:08:14+00:00","author":"Developer","twitter_card":"summary_large_image","twitter_misc":{"Written by":"Developer","Est. reading time":"2 minutes"},"schema":{"@context":"https:\/\/schema.org","@graph":[{"@type":"Article","@id":"https:\/\/qtmm.org\/qt\/qirimda-cellat-stalinge-bagislangan-serginin-teskil-etilmesi-munasebetinen-meclis-matbuat-hizmetinin-beyanati\/#article","isPartOf":{"@id":"https:\/\/qtmm.org\/qt\/qirimda-cellat-stalinge-bagislangan-serginin-teskil-etilmesi-munasebetinen-meclis-matbuat-hizmetinin-beyanati\/"},"author":{"name":"Developer","@id":"https:\/\/qtmm.org\/qt\/#\/schema\/person\/de562469f971dec226ac06e60bbf74a7"},"headline":"Q\u0131r\u0131mda cell\u00e2t Stalinge ba\u011f\u0131\u015flan\u011fan sergini\u00f1 te\u015fkil etilmesi munasebetinen Meclis matbuat h\u0131zmetini\u00f1 beyanat\u0131","datePublished":"2012-12-20T13:07:00+00:00","dateModified":"2022-01-23T13:08:14+00:00","mainEntityOfPage":{"@id":"https:\/\/qtmm.org\/qt\/qirimda-cellat-stalinge-bagislangan-serginin-teskil-etilmesi-munasebetinen-meclis-matbuat-hizmetinin-beyanati\/"},"wordCount":322,"commentCount":0,"publisher":{"@id":"https:\/\/qtmm.org\/qt\/#organization"},"articleSection":["Haberler"],"inLanguage":"qt","potentialAction":[{"@type":"CommentAction","name":"Comment","target":["https:\/\/qtmm.org\/qt\/qirimda-cellat-stalinge-bagislangan-serginin-teskil-etilmesi-munasebetinen-meclis-matbuat-hizmetinin-beyanati\/#respond"]}]},{"@type":"WebPage","@id":"https:\/\/qtmm.org\/qt\/qirimda-cellat-stalinge-bagislangan-serginin-teskil-etilmesi-munasebetinen-meclis-matbuat-hizmetinin-beyanati\/","url":"https:\/\/qtmm.org\/qt\/qirimda-cellat-stalinge-bagislangan-serginin-teskil-etilmesi-munasebetinen-meclis-matbuat-hizmetinin-beyanati\/","name":"Q\u0131r\u0131mda cell\u00e2t Stalinge ba\u011f\u0131\u015flan\u011fan sergini\u00f1 te\u015fkil etilmesi munasebetinen Meclis matbuat h\u0131zmetini\u00f1 beyanat\u0131 - \u041c\u0435\u0434\u0436\u043b\u0456\u0441","isPartOf":{"@id":"https:\/\/qtmm.org\/qt\/#website"},"datePublished":"2012-12-20T13:07:00+00:00","dateModified":"2022-01-23T13:08:14+00:00","breadcrumb":{"@id":"https:\/\/qtmm.org\/qt\/qirimda-cellat-stalinge-bagislangan-serginin-teskil-etilmesi-munasebetinen-meclis-matbuat-hizmetinin-beyanati\/#breadcrumb"},"inLanguage":"qt","potentialAction":[{"@type":"ReadAction","target":["https:\/\/qtmm.org\/qt\/qirimda-cellat-stalinge-bagislangan-serginin-teskil-etilmesi-munasebetinen-meclis-matbuat-hizmetinin-beyanati\/"]}]},{"@type":"BreadcrumbList","@id":"https:\/\/qtmm.org\/qt\/qirimda-cellat-stalinge-bagislangan-serginin-teskil-etilmesi-munasebetinen-meclis-matbuat-hizmetinin-beyanati\/#breadcrumb","itemListElement":[{"@type":"ListItem","position":1,"name":"\u0413\u043e\u043b\u043e\u0432\u043d\u0430","item":"https:\/\/qtmm.org\/qt\/"},{"@type":"ListItem","position":2,"name":"Q\u0131r\u0131mda cell\u00e2t Stalinge ba\u011f\u0131\u015flan\u011fan sergini\u00f1 te\u015fkil etilmesi munasebetinen Meclis matbuat h\u0131zmetini\u00f1 beyanat\u0131"}]},{"@type":"WebSite","@id":"https:\/\/qtmm.org\/qt\/#website","url":"https:\/\/qtmm.org\/qt\/","name":"\u041c\u0435\u0434\u0436\u043b\u0456\u0441","description":"","publisher":{"@id":"https:\/\/qtmm.org\/qt\/#organization"},"potentialAction":[{"@type":"SearchAction","target":{"@type":"EntryPoint","urlTemplate":"https:\/\/qtmm.org\/qt\/?s={search_term_string}"},"query-input":{"@type":"PropertyValueSpecification","valueRequired":true,"valueName":"search_term_string"}}],"inLanguage":"qt"},{"@type":"Organization","@id":"https:\/\/qtmm.org\/qt\/#organization","name":"\u041c\u0435\u0434\u0436\u043b\u0456\u0441","url":"https:\/\/qtmm.org\/qt\/","logo":{"@type":"ImageObject","inLanguage":"qt","@id":"https:\/\/qtmm.org\/qt\/#\/schema\/logo\/image\/","url":"https:\/\/qtmm.org\/wp-content\/uploads\/2024\/12\/ua-mejlis-logo-rgb.svg","contentUrl":"https:\/\/qtmm.org\/wp-content\/uploads\/2024\/12\/ua-mejlis-logo-rgb.svg","caption":"\u041c\u0435\u0434\u0436\u043b\u0456\u0441"},"image":{"@id":"https:\/\/qtmm.org\/qt\/#\/schema\/logo\/image\/"},"sameAs":["https:\/\/www.facebook.com\/qtmm.info\/"]},{"@type":"Person","@id":"https:\/\/qtmm.org\/qt\/#\/schema\/person\/de562469f971dec226ac06e60bbf74a7","name":"Developer","image":{"@type":"ImageObject","inLanguage":"qt","@id":"https:\/\/secure.gravatar.com\/avatar\/392b4cc8fbfeb00b39dfeeab4ee6edded39ffd48e25858637e4765810300227e?s=96&d=mm&r=g","url":"https:\/\/secure.gravatar.com\/avatar\/392b4cc8fbfeb00b39dfeeab4ee6edded39ffd48e25858637e4765810300227e?s=96&d=mm&r=g","contentUrl":"https:\/\/secure.gravatar.com\/avatar\/392b4cc8fbfeb00b39dfeeab4ee6edded39ffd48e25858637e4765810300227e?s=96&d=mm&r=g","caption":"Developer"},"url":"https:\/\/qtmm.org\/qt\/author\/Developer\/"}]}},"_links":{"self":[{"href":"https:\/\/qtmm.org\/qt\/wp-json\/wp\/v2\/posts\/35602","targetHints":{"allow":["GET"]}}],"collection":[{"href":"https:\/\/qtmm.org\/qt\/wp-json\/wp\/v2\/posts"}],"about":[{"href":"https:\/\/qtmm.org\/qt\/wp-json\/wp\/v2\/types\/post"}],"author":[{"embeddable":true,"href":"https:\/\/qtmm.org\/qt\/wp-json\/wp\/v2\/users\/1"}],"replies":[{"embeddable":true,"href":"https:\/\/qtmm.org\/qt\/wp-json\/wp\/v2\/comments?post=35602"}],"version-history":[{"count":1,"href":"https:\/\/qtmm.org\/qt\/wp-json\/wp\/v2\/posts\/35602\/revisions"}],"predecessor-version":[{"id":35603,"href":"https:\/\/qtmm.org\/qt\/wp-json\/wp\/v2\/posts\/35602\/revisions\/35603"}],"wp:attachment":[{"href":"https:\/\/qtmm.org\/qt\/wp-json\/wp\/v2\/media?parent=35602"}],"wp:term":[{"taxonomy":"category","embeddable":true,"href":"https:\/\/qtmm.org\/qt\/wp-json\/wp\/v2\/categories?post=35602"},{"taxonomy":"post_tag","embeddable":true,"href":"https:\/\/qtmm.org\/qt\/wp-json\/wp\/v2\/tags?post=35602"}],"curies":[{"name":"wp","href":"https:\/\/api.w.org\/{rel}","templated":true}]}}