




{"id":35600,"date":"2012-12-19T16:07:00","date_gmt":"2012-12-19T13:07:00","guid":{"rendered":"http:\/\/qtmm.org\/?p=35600"},"modified":"2022-01-23T16:07:40","modified_gmt":"2022-01-23T13:07:40","slug":"bagcasarayda-seer-yolbascisi-mustafa-mirza-davidovicnin-hatirasi-anildi","status":"publish","type":"post","link":"https:\/\/qtmm.org\/qt\/bagcasarayda-seer-yolbascisi-mustafa-mirza-davidovicnin-hatirasi-anildi\/","title":{"rendered":"Ba\u011f\u00e7asarayda \u015feer yolba\u015f\u00e7\u0131s\u0131 Mustafa M\u0131rza Davidovi\u00e7ni\u00f1 hat\u0131ras\u0131 a\u00f1\u0131ld\u0131"},"content":{"rendered":"\n<p>Ba\u011f\u00e7asaray \u015feer yolba\u015f\u00e7\u0131s\u0131 Konstantin Rubanenkon\u0131\u00f1 te\u015febb\u00fcsi ile dekabr 18 k\u00fcn\u00fc 5-nci q\u0131r\u0131mtatar umumtasil mektebinde (m\u00fcdir &#8211; Dil\u00e2ra Kurtametova) belli q\u0131r\u0131mtatar cemaat erbab\u0131, inqil\u00e2ptan evel Q\u0131r\u0131mn\u0131\u00f1 k\u00f6r\u00fcmli siyaset\u00e7isi, \u00e7oq y\u0131llar devam\u0131nda Alu\u015fta ve Ba\u011f\u00e7asaray \u015feerlerini\u00f1 valisi ol\u0131p \u00e7al\u0131\u015fqan Mustafa M\u0131rza Davidovi\u00e7ke ba\u011f\u0131\u015flan\u011fan hat\u0131ra tedbirleri ke\u00e7irilip, hat\u0131ra tahtas\u0131 a\u00e7\u0131ld\u0131.<\/p>\n\n\n\n<p>Tedbirde Q\u0131r\u0131m Yuqar\u0131 \u015euras\u0131n\u0131\u00f1 deputat\u0131, Meclisni\u00f1 medeniyet ve tasil idaresini\u00f1 ba\u015f\u0131 Safure Kacametova, Ba\u011f\u00e7asaray \u015feer yolba\u015f\u00e7\u0131s\u0131 Konstantin Rubanenko, Ba\u011f\u00e7asaray regional meclisini\u00f1 reisi Ahtem \u00c7iygoz, Ba\u011f\u00e7asaray rayon devlet memuriyeti reisini\u00f1 muavini Galina Pehar, tasil b\u00f6l\u00fcgini\u00f1 m\u00fcdiri Mihail Sergeyev, Q\u0131r\u0131m Tasil nazirligini\u00f1 Q\u0131r\u0131mtatar tilinde tasil sektor\u0131n\u0131\u00f1 ba\u015f\u0131 Zarema Suleymanova, milliy mektep m\u00fcdirlerini\u00f1 muavinleri, \u0130. Gasprinskiy ad\u0131na q\u0131r\u0131mtatar cumhuriyet k\u00fct\u00fcphanesi m\u00fcdirini\u00f1 muavini Leyl\u00e2 Qad\u0131rova, \u0130. Gasprinskiy ev m\u00fczeyini\u00f1 direktor\u0131 Yaqub Appazov, Davidovi\u00e7ler nesilini\u00f1 vekilleri \u2013 Mustafa M\u0131rzan\u0131\u00f1 \u00fcyken o\u011flu Yaqubn\u0131\u00f1 q\u0131z\u0131 Ediyeni\u00f1 q\u0131zlar\u0131 Nadire ve Sabriye, torunlar\u0131 \u00dcsniye ve Nadir, Mustafa M\u0131rzan\u0131\u00f1 q\u0131z\u0131 Zoreni\u00f1 torun\u0131 Niyazini\u00f1 torun\u0131 Lil\u00e2 \u015eaymardanova ve \u015feer sakinleri i\u015ftirak ettiler.<\/p>\n\n\n\n<p>Mustafa M\u0131rza Dav\u0131dovi\u00e7 \u2013 me\u015fur devlet ve cemaat erbab\u0131, diplomat, oca. Ba\u011f\u00e7asaray ve Alu\u015fta \u015feerlerini\u00f1 tiklenmesinde on\u0131\u00f1 h\u0131zmeti pek b\u00fcy\u00fcktir. On\u0131\u00f1 \u011fayreti ve areketleri sayesinde bu \u015feerlerde adetler ve medeniy degerlikler saqlan\u0131p qald\u0131, milletler aras\u0131nda munasebetler pekindi, tasil sistemas\u0131 ileriledi. \u015eeer yolba\u015f\u00e7\u0131s\u0131n\u0131\u00f1 i\u015fine devlet pek y\u00fcksek q\u0131ymet kesti.<\/p>\n\n\n\n<p>1867 senesi Q\u0131r\u0131m\u011fa kelgen Mustafa M\u0131rza Davidovi\u00e7 m\u0131nda tasil ala ve ocal\u0131q yap\u0131p ba\u015flay. Meslekde\u015fi ol\u011fan q\u0131r\u0131mtatar cemaat erbab\u0131, oca, &#8220;Terciman&#8221; gazetas\u0131n\u0131\u00f1 muarriri \u0130smail Gasprinskiyni\u00f1 \u011fayelerini Mustafa M\u0131rza \u00f6m\u00fcrge ke\u00e7ire.<\/p>\n\n\n\n<p>&#8220;Milletni\u00f1 kelecegi \u00f6sip keleyatqan nesildir ve o munasip tasil almas\u0131 l\u00e2zim&#8221;, &#8211; degen Mustafa Davidovi\u00e7. On\u0131\u00f1 \u011fayreti ile Ba\u011f\u00e7asarayda tasil keyfiyeti y\u00fckseldi, esnaf\u00e7\u0131l\u0131q mektepleri a\u00e7\u0131ld\u0131. Tasil ve terbiye meselesine dair i\u00e7 bir topla\u015fuv Mustafa beysiz ke\u00e7megendir. &#8220;Maarif i\u015flerinde Davidovi\u00e7nen tek on\u0131\u00f1 meslekde\u015fi \u0130smail Gasprinskiy yar\u0131\u015fla\u015fabilir&#8221;, &#8211; degenler on\u0131\u00f1 zamanda\u015flar\u0131.<\/p>\n\n\n\n<p>Mustafa Davidovi\u00e7ni\u00f1 Ba\u011f\u00e7asaray valisi olaraq saylanmas\u0131 \u015feer sakinleri aras\u0131nda b\u00fcy\u00fck itibar\u0131ndan del\u00e2let bere. Bu i\u015fan\u00e7n\u0131 o \u00f6z\u00fcni\u00f1 i\u015flerinen aqlad\u0131, bu i\u015fleri i\u00e7\u00fcn devlet muk\u00e2fat\u0131nen taqdirlendi. \u015eeer valisi vazifesindeki yigirmi eki y\u0131ll\u0131q faaliyeti on\u0131\u00f1 devlet ve cemaat erbab\u0131 olaraq pi\u015fkinle\u015f\u00fcv devri old\u0131.<\/p>\n\n\n\n<p>Tedbir i\u015ftirak\u00e7ileri 5-nci milliy mektep binas\u0131n\u0131\u00f1 divar\u0131nda on\u0131\u00f1 \u015ferefine hat\u0131ra tahtas\u0131 a\u00e7\u0131lmas\u0131n\u0131\u00f1 \u015faatlar\u0131 old\u0131lar.<\/p>\n\n\n\n<p>Tedbir \u00e7er\u00e7ivesinde mektepte Mustafa m\u0131rza Davidovi\u00e7ni\u00f1 \u00f6m\u00fcri ve faaliyetine ba\u011f\u0131\u015flan\u011fan oquvlar ke\u00e7irildi.<\/p>\n\n\n\n<p><em><strong>MAL\u00dcMAT<\/strong>:<\/em><\/p>\n\n\n\n<p>Mustafa M\u0131rza Davidovi\u00e7 litva tatarlar\u0131n\u0131\u00f1 qadimiy nesilinden \u00e7\u0131qt\u0131. Gen\u00e7liginde Moskva kadet korpus\u0131nda oqu\u011fan. Ondan so\u00f1ra Q\u0131r\u0131mn\u0131\u00f1 cen\u00fcbinde, Alu\u015ftada yerle\u015fe ve m\u0131nda rus tilinden ders bere. 1855 senesi Mustafa M\u0131rza Ba\u011f\u00e7asaray\u011fa k\u00f6\u00e7e ve \u015feer valisi olaraq saylana ve bu vazifede 22 y\u0131l \u00e7al\u0131\u015fa. 1907 senesi Alu\u015fta\u011fa qayta, \u015feer yolba\u015f\u00e7\u0131s\u0131, \u00f6zara kredit ve musulman hayriye cemiyetini\u00f1 reisi etip saylana. Ayn\u0131 Davidovi\u00e7 vali ol\u011fan devirde Alu\u015fta balaban k\u00f6yden \u00e7e\u00e7eklengen kurort \u015feerine \u00e7evrile. Mustafa m\u0131rzan\u0131\u00f1 q\u0131sqa vaq\u0131t i\u00e7inde Alu\u015fta i\u00e7\u00fcn yapqan i\u015flerni\u00f1 tek bir q\u0131sm\u0131 bile \u015fimdiki yolba\u015f\u00e7\u0131larn\u0131 \u015fereflendirir edi. Alu\u015fta k\u00f6yden \u015feerge \u00e7evrilgende k\u00f6yni\u00f1 yerleri \u015feerge ke\u00e7medi. Ya\u00f1\u0131 \u015feerni\u00f1 k\u00e2r alaca\u011f\u0131 bir yer de yoq edi. \u0130\u015fte b\u00f6yle kergin alda Davidovi\u00e7 \u015feerni ileriletebildi. Alu\u015ftada \u015feer idaresi, \u00d6zara kredit cemiyeti, laboratoriya ve t\u00fck\u00e2nlar a\u00e7\u0131ld\u0131.<\/p>\n\n\n\n<p>1914 senesi dekabr 21 k\u00fcn\u00fc Mustafa M\u0131rza devaml\u0131 hastal\u0131qtan so\u00f1ra 65 ya\u015f\u0131nda vefat etti. Alu\u015fta ve Ba\u011f\u00e7asaray yas tutt\u0131lar. &#8220;Bug\u00fcn Q\u0131r\u0131m medeniy cemaat erbab\u0131n\u0131 \u011fay\u0131p etti. Devlet\u00e7ilik i\u015fini a\u00f1la\u011fan ve bilgen insan vefat etti&#8221;. Davidovi\u00e7ke b\u00fcy\u00fck say\u011f\u0131 beslegen padi\u015fa Nikolay 11 on\u0131\u00f1 cenazesine k\u00fcm\u00fc\u015ften yasal\u011fan eki g\u00fcl\u00e7ember yolla\u011fan.<\/p>\n\n\n\n<p>Mustafa M\u0131rza Davidovi\u00e7ni\u00f1 \u00f6m\u00fcri ve faaliyeti aqq\u0131nda \u00e7oqtan-\u00e7oq vesiqalar saqlan\u0131p qald\u0131. Davidovi\u00e7ler nesili aqq\u0131nda mal\u00fcmat Brokgauz ve Yevfron entsiklopediyas\u0131na kirdi, on\u0131\u00f1 aqq\u0131nda Genrik Senkevi\u00e7 yaz\u011fan. Amma on\u0131\u00f1 qabiri saqlan\u0131p qalmad\u0131. Em bunda zamann\u0131\u00f1 qabaat\u0131 yoqt\u0131r. Alu\u015fta \u015feer valisini\u00f1 ba\u015fta\u015f\u0131 y\u0131qt\u0131r\u0131l\u0131p, on\u0131\u00f1 yerine avtobus dura\u011f\u0131 qoyuld\u0131, so\u00f1ra qabiri \u00fcst\u00fcnde t\u00fck\u00e2n quruld\u0131. Al-az\u0131rda bu yerde avtovokzal turmaqta.<\/p>\n","protected":false},"excerpt":{"rendered":"<p>Ba\u011f\u00e7asaray \u015feer yolba\u015f\u00e7\u0131s\u0131 Konstantin Rubanenkon\u0131\u00f1 te\u015febb\u00fcsi ile dekabr 18 k\u00fcn\u00fc 5-nci q\u0131r\u0131mtatar umumtasil mektebinde (m\u00fcdir &#8211; Dil\u00e2ra Kurtametova) belli q\u0131r\u0131mtatar cemaat erbab\u0131, inqil\u00e2ptan evel Q\u0131r\u0131mn\u0131\u00f1 k\u00f6r\u00fcmli siyaset\u00e7isi, \u00e7oq y\u0131llar devam\u0131nda Alu\u015fta ve Ba\u011f\u00e7asaray \u015feerlerini\u00f1 valisi ol\u0131p \u00e7al\u0131\u015fqan Mustafa M\u0131rza Davidovi\u00e7ke ba\u011f\u0131\u015flan\u011fan hat\u0131ra tedbirleri ke\u00e7irilip, hat\u0131ra tahtas\u0131 a\u00e7\u0131ld\u0131. Tedbirde Q\u0131r\u0131m Yuqar\u0131 \u015euras\u0131n\u0131\u00f1 deputat\u0131, Meclisni\u00f1 medeniyet ve [&hellip;]<\/p>\n","protected":false},"author":1,"featured_media":0,"comment_status":"open","ping_status":"open","sticky":false,"template":"","format":"standard","meta":{"inline_featured_image":false,"footnotes":""},"categories":[265],"tags":[],"class_list":["post-35600","post","type-post","status-publish","format-standard","hentry","category-haberler"],"acf":[],"yoast_head":"<!-- This site is optimized with the Yoast SEO plugin v27.4 - https:\/\/yoast.com\/product\/yoast-seo-wordpress\/ -->\n<title>Ba\u011f\u00e7asarayda \u015feer yolba\u015f\u00e7\u0131s\u0131 Mustafa M\u0131rza Davidovi\u00e7ni\u00f1 hat\u0131ras\u0131 a\u00f1\u0131ld\u0131 - \u041c\u0435\u0434\u0436\u043b\u0456\u0441<\/title>\n<meta name=\"robots\" content=\"index, follow, max-snippet:-1, max-image-preview:large, max-video-preview:-1\" \/>\n<link rel=\"canonical\" href=\"https:\/\/qtmm.org\/qt\/bagcasarayda-seer-yolbascisi-mustafa-mirza-davidovicnin-hatirasi-anildi\/\" \/>\n<meta property=\"og:locale\" content=\"en_US\" \/>\n<meta property=\"og:type\" content=\"article\" \/>\n<meta property=\"og:title\" content=\"Ba\u011f\u00e7asarayda \u015feer yolba\u015f\u00e7\u0131s\u0131 Mustafa M\u0131rza Davidovi\u00e7ni\u00f1 hat\u0131ras\u0131 a\u00f1\u0131ld\u0131 - \u041c\u0435\u0434\u0436\u043b\u0456\u0441\" \/>\n<meta property=\"og:description\" content=\"Ba\u011f\u00e7asaray \u015feer yolba\u015f\u00e7\u0131s\u0131 Konstantin Rubanenkon\u0131\u00f1 te\u015febb\u00fcsi ile dekabr 18 k\u00fcn\u00fc 5-nci q\u0131r\u0131mtatar umumtasil mektebinde (m\u00fcdir &#8211; Dil\u00e2ra Kurtametova) belli q\u0131r\u0131mtatar cemaat erbab\u0131, inqil\u00e2ptan evel Q\u0131r\u0131mn\u0131\u00f1 k\u00f6r\u00fcmli siyaset\u00e7isi, \u00e7oq y\u0131llar devam\u0131nda Alu\u015fta ve Ba\u011f\u00e7asaray \u015feerlerini\u00f1 valisi ol\u0131p \u00e7al\u0131\u015fqan Mustafa M\u0131rza Davidovi\u00e7ke ba\u011f\u0131\u015flan\u011fan hat\u0131ra tedbirleri ke\u00e7irilip, hat\u0131ra tahtas\u0131 a\u00e7\u0131ld\u0131. Tedbirde Q\u0131r\u0131m Yuqar\u0131 \u015euras\u0131n\u0131\u00f1 deputat\u0131, Meclisni\u00f1 medeniyet ve [&hellip;]\" \/>\n<meta property=\"og:url\" content=\"https:\/\/qtmm.org\/qt\/bagcasarayda-seer-yolbascisi-mustafa-mirza-davidovicnin-hatirasi-anildi\/\" \/>\n<meta property=\"og:site_name\" content=\"\u041c\u0435\u0434\u0436\u043b\u0456\u0441\" \/>\n<meta property=\"article:publisher\" content=\"https:\/\/www.facebook.com\/qtmm.info\/\" \/>\n<meta property=\"article:published_time\" content=\"2012-12-19T13:07:00+00:00\" \/>\n<meta property=\"article:modified_time\" content=\"2022-01-23T13:07:40+00:00\" \/>\n<meta name=\"author\" content=\"Developer\" \/>\n<meta name=\"twitter:card\" content=\"summary_large_image\" \/>\n<meta name=\"twitter:label1\" content=\"Written by\" \/>\n\t<meta name=\"twitter:data1\" content=\"Developer\" \/>\n\t<meta name=\"twitter:label2\" content=\"Est. reading time\" \/>\n\t<meta name=\"twitter:data2\" content=\"4 minutes\" \/>\n<script type=\"application\/ld+json\" class=\"yoast-schema-graph\">{\"@context\":\"https:\\\/\\\/schema.org\",\"@graph\":[{\"@type\":\"Article\",\"@id\":\"https:\\\/\\\/qtmm.org\\\/qt\\\/bagcasarayda-seer-yolbascisi-mustafa-mirza-davidovicnin-hatirasi-anildi\\\/#article\",\"isPartOf\":{\"@id\":\"https:\\\/\\\/qtmm.org\\\/qt\\\/bagcasarayda-seer-yolbascisi-mustafa-mirza-davidovicnin-hatirasi-anildi\\\/\"},\"author\":{\"name\":\"Developer\",\"@id\":\"https:\\\/\\\/qtmm.org\\\/qt\\\/#\\\/schema\\\/person\\\/de562469f971dec226ac06e60bbf74a7\"},\"headline\":\"Ba\u011f\u00e7asarayda \u015feer yolba\u015f\u00e7\u0131s\u0131 Mustafa M\u0131rza Davidovi\u00e7ni\u00f1 hat\u0131ras\u0131 a\u00f1\u0131ld\u0131\",\"datePublished\":\"2012-12-19T13:07:00+00:00\",\"dateModified\":\"2022-01-23T13:07:40+00:00\",\"mainEntityOfPage\":{\"@id\":\"https:\\\/\\\/qtmm.org\\\/qt\\\/bagcasarayda-seer-yolbascisi-mustafa-mirza-davidovicnin-hatirasi-anildi\\\/\"},\"wordCount\":806,\"commentCount\":0,\"publisher\":{\"@id\":\"https:\\\/\\\/qtmm.org\\\/qt\\\/#organization\"},\"articleSection\":[\"Haberler\"],\"inLanguage\":\"qt\",\"potentialAction\":[{\"@type\":\"CommentAction\",\"name\":\"Comment\",\"target\":[\"https:\\\/\\\/qtmm.org\\\/qt\\\/bagcasarayda-seer-yolbascisi-mustafa-mirza-davidovicnin-hatirasi-anildi\\\/#respond\"]}]},{\"@type\":\"WebPage\",\"@id\":\"https:\\\/\\\/qtmm.org\\\/qt\\\/bagcasarayda-seer-yolbascisi-mustafa-mirza-davidovicnin-hatirasi-anildi\\\/\",\"url\":\"https:\\\/\\\/qtmm.org\\\/qt\\\/bagcasarayda-seer-yolbascisi-mustafa-mirza-davidovicnin-hatirasi-anildi\\\/\",\"name\":\"Ba\u011f\u00e7asarayda \u015feer yolba\u015f\u00e7\u0131s\u0131 Mustafa M\u0131rza Davidovi\u00e7ni\u00f1 hat\u0131ras\u0131 a\u00f1\u0131ld\u0131 - \u041c\u0435\u0434\u0436\u043b\u0456\u0441\",\"isPartOf\":{\"@id\":\"https:\\\/\\\/qtmm.org\\\/qt\\\/#website\"},\"datePublished\":\"2012-12-19T13:07:00+00:00\",\"dateModified\":\"2022-01-23T13:07:40+00:00\",\"breadcrumb\":{\"@id\":\"https:\\\/\\\/qtmm.org\\\/qt\\\/bagcasarayda-seer-yolbascisi-mustafa-mirza-davidovicnin-hatirasi-anildi\\\/#breadcrumb\"},\"inLanguage\":\"qt\",\"potentialAction\":[{\"@type\":\"ReadAction\",\"target\":[\"https:\\\/\\\/qtmm.org\\\/qt\\\/bagcasarayda-seer-yolbascisi-mustafa-mirza-davidovicnin-hatirasi-anildi\\\/\"]}]},{\"@type\":\"BreadcrumbList\",\"@id\":\"https:\\\/\\\/qtmm.org\\\/qt\\\/bagcasarayda-seer-yolbascisi-mustafa-mirza-davidovicnin-hatirasi-anildi\\\/#breadcrumb\",\"itemListElement\":[{\"@type\":\"ListItem\",\"position\":1,\"name\":\"\u0413\u043e\u043b\u043e\u0432\u043d\u0430\",\"item\":\"https:\\\/\\\/qtmm.org\\\/qt\\\/\"},{\"@type\":\"ListItem\",\"position\":2,\"name\":\"Ba\u011f\u00e7asarayda \u015feer yolba\u015f\u00e7\u0131s\u0131 Mustafa M\u0131rza Davidovi\u00e7ni\u00f1 hat\u0131ras\u0131 a\u00f1\u0131ld\u0131\"}]},{\"@type\":\"WebSite\",\"@id\":\"https:\\\/\\\/qtmm.org\\\/qt\\\/#website\",\"url\":\"https:\\\/\\\/qtmm.org\\\/qt\\\/\",\"name\":\"\u041c\u0435\u0434\u0436\u043b\u0456\u0441\",\"description\":\"\",\"publisher\":{\"@id\":\"https:\\\/\\\/qtmm.org\\\/qt\\\/#organization\"},\"potentialAction\":[{\"@type\":\"SearchAction\",\"target\":{\"@type\":\"EntryPoint\",\"urlTemplate\":\"https:\\\/\\\/qtmm.org\\\/qt\\\/?s={search_term_string}\"},\"query-input\":{\"@type\":\"PropertyValueSpecification\",\"valueRequired\":true,\"valueName\":\"search_term_string\"}}],\"inLanguage\":\"qt\"},{\"@type\":\"Organization\",\"@id\":\"https:\\\/\\\/qtmm.org\\\/qt\\\/#organization\",\"name\":\"\u041c\u0435\u0434\u0436\u043b\u0456\u0441\",\"url\":\"https:\\\/\\\/qtmm.org\\\/qt\\\/\",\"logo\":{\"@type\":\"ImageObject\",\"inLanguage\":\"qt\",\"@id\":\"https:\\\/\\\/qtmm.org\\\/qt\\\/#\\\/schema\\\/logo\\\/image\\\/\",\"url\":\"https:\\\/\\\/qtmm.org\\\/wp-content\\\/uploads\\\/2024\\\/12\\\/ua-mejlis-logo-rgb.svg\",\"contentUrl\":\"https:\\\/\\\/qtmm.org\\\/wp-content\\\/uploads\\\/2024\\\/12\\\/ua-mejlis-logo-rgb.svg\",\"caption\":\"\u041c\u0435\u0434\u0436\u043b\u0456\u0441\"},\"image\":{\"@id\":\"https:\\\/\\\/qtmm.org\\\/qt\\\/#\\\/schema\\\/logo\\\/image\\\/\"},\"sameAs\":[\"https:\\\/\\\/www.facebook.com\\\/qtmm.info\\\/\"]},{\"@type\":\"Person\",\"@id\":\"https:\\\/\\\/qtmm.org\\\/qt\\\/#\\\/schema\\\/person\\\/de562469f971dec226ac06e60bbf74a7\",\"name\":\"Developer\",\"image\":{\"@type\":\"ImageObject\",\"inLanguage\":\"qt\",\"@id\":\"https:\\\/\\\/secure.gravatar.com\\\/avatar\\\/392b4cc8fbfeb00b39dfeeab4ee6edded39ffd48e25858637e4765810300227e?s=96&d=mm&r=g\",\"url\":\"https:\\\/\\\/secure.gravatar.com\\\/avatar\\\/392b4cc8fbfeb00b39dfeeab4ee6edded39ffd48e25858637e4765810300227e?s=96&d=mm&r=g\",\"contentUrl\":\"https:\\\/\\\/secure.gravatar.com\\\/avatar\\\/392b4cc8fbfeb00b39dfeeab4ee6edded39ffd48e25858637e4765810300227e?s=96&d=mm&r=g\",\"caption\":\"Developer\"},\"url\":\"https:\\\/\\\/qtmm.org\\\/qt\\\/author\\\/Developer\\\/\"}]}<\/script>\n<!-- \/ Yoast SEO plugin. -->","yoast_head_json":{"title":"Ba\u011f\u00e7asarayda \u015feer yolba\u015f\u00e7\u0131s\u0131 Mustafa M\u0131rza Davidovi\u00e7ni\u00f1 hat\u0131ras\u0131 a\u00f1\u0131ld\u0131 - \u041c\u0435\u0434\u0436\u043b\u0456\u0441","robots":{"index":"index","follow":"follow","max-snippet":"max-snippet:-1","max-image-preview":"max-image-preview:large","max-video-preview":"max-video-preview:-1"},"canonical":"https:\/\/qtmm.org\/qt\/bagcasarayda-seer-yolbascisi-mustafa-mirza-davidovicnin-hatirasi-anildi\/","og_locale":"en_US","og_type":"article","og_title":"Ba\u011f\u00e7asarayda \u015feer yolba\u015f\u00e7\u0131s\u0131 Mustafa M\u0131rza Davidovi\u00e7ni\u00f1 hat\u0131ras\u0131 a\u00f1\u0131ld\u0131 - \u041c\u0435\u0434\u0436\u043b\u0456\u0441","og_description":"Ba\u011f\u00e7asaray \u015feer yolba\u015f\u00e7\u0131s\u0131 Konstantin Rubanenkon\u0131\u00f1 te\u015febb\u00fcsi ile dekabr 18 k\u00fcn\u00fc 5-nci q\u0131r\u0131mtatar umumtasil mektebinde (m\u00fcdir &#8211; Dil\u00e2ra Kurtametova) belli q\u0131r\u0131mtatar cemaat erbab\u0131, inqil\u00e2ptan evel Q\u0131r\u0131mn\u0131\u00f1 k\u00f6r\u00fcmli siyaset\u00e7isi, \u00e7oq y\u0131llar devam\u0131nda Alu\u015fta ve Ba\u011f\u00e7asaray \u015feerlerini\u00f1 valisi ol\u0131p \u00e7al\u0131\u015fqan Mustafa M\u0131rza Davidovi\u00e7ke ba\u011f\u0131\u015flan\u011fan hat\u0131ra tedbirleri ke\u00e7irilip, hat\u0131ra tahtas\u0131 a\u00e7\u0131ld\u0131. Tedbirde Q\u0131r\u0131m Yuqar\u0131 \u015euras\u0131n\u0131\u00f1 deputat\u0131, Meclisni\u00f1 medeniyet ve [&hellip;]","og_url":"https:\/\/qtmm.org\/qt\/bagcasarayda-seer-yolbascisi-mustafa-mirza-davidovicnin-hatirasi-anildi\/","og_site_name":"\u041c\u0435\u0434\u0436\u043b\u0456\u0441","article_publisher":"https:\/\/www.facebook.com\/qtmm.info\/","article_published_time":"2012-12-19T13:07:00+00:00","article_modified_time":"2022-01-23T13:07:40+00:00","author":"Developer","twitter_card":"summary_large_image","twitter_misc":{"Written by":"Developer","Est. reading time":"4 minutes"},"schema":{"@context":"https:\/\/schema.org","@graph":[{"@type":"Article","@id":"https:\/\/qtmm.org\/qt\/bagcasarayda-seer-yolbascisi-mustafa-mirza-davidovicnin-hatirasi-anildi\/#article","isPartOf":{"@id":"https:\/\/qtmm.org\/qt\/bagcasarayda-seer-yolbascisi-mustafa-mirza-davidovicnin-hatirasi-anildi\/"},"author":{"name":"Developer","@id":"https:\/\/qtmm.org\/qt\/#\/schema\/person\/de562469f971dec226ac06e60bbf74a7"},"headline":"Ba\u011f\u00e7asarayda \u015feer yolba\u015f\u00e7\u0131s\u0131 Mustafa M\u0131rza Davidovi\u00e7ni\u00f1 hat\u0131ras\u0131 a\u00f1\u0131ld\u0131","datePublished":"2012-12-19T13:07:00+00:00","dateModified":"2022-01-23T13:07:40+00:00","mainEntityOfPage":{"@id":"https:\/\/qtmm.org\/qt\/bagcasarayda-seer-yolbascisi-mustafa-mirza-davidovicnin-hatirasi-anildi\/"},"wordCount":806,"commentCount":0,"publisher":{"@id":"https:\/\/qtmm.org\/qt\/#organization"},"articleSection":["Haberler"],"inLanguage":"qt","potentialAction":[{"@type":"CommentAction","name":"Comment","target":["https:\/\/qtmm.org\/qt\/bagcasarayda-seer-yolbascisi-mustafa-mirza-davidovicnin-hatirasi-anildi\/#respond"]}]},{"@type":"WebPage","@id":"https:\/\/qtmm.org\/qt\/bagcasarayda-seer-yolbascisi-mustafa-mirza-davidovicnin-hatirasi-anildi\/","url":"https:\/\/qtmm.org\/qt\/bagcasarayda-seer-yolbascisi-mustafa-mirza-davidovicnin-hatirasi-anildi\/","name":"Ba\u011f\u00e7asarayda \u015feer yolba\u015f\u00e7\u0131s\u0131 Mustafa M\u0131rza Davidovi\u00e7ni\u00f1 hat\u0131ras\u0131 a\u00f1\u0131ld\u0131 - \u041c\u0435\u0434\u0436\u043b\u0456\u0441","isPartOf":{"@id":"https:\/\/qtmm.org\/qt\/#website"},"datePublished":"2012-12-19T13:07:00+00:00","dateModified":"2022-01-23T13:07:40+00:00","breadcrumb":{"@id":"https:\/\/qtmm.org\/qt\/bagcasarayda-seer-yolbascisi-mustafa-mirza-davidovicnin-hatirasi-anildi\/#breadcrumb"},"inLanguage":"qt","potentialAction":[{"@type":"ReadAction","target":["https:\/\/qtmm.org\/qt\/bagcasarayda-seer-yolbascisi-mustafa-mirza-davidovicnin-hatirasi-anildi\/"]}]},{"@type":"BreadcrumbList","@id":"https:\/\/qtmm.org\/qt\/bagcasarayda-seer-yolbascisi-mustafa-mirza-davidovicnin-hatirasi-anildi\/#breadcrumb","itemListElement":[{"@type":"ListItem","position":1,"name":"\u0413\u043e\u043b\u043e\u0432\u043d\u0430","item":"https:\/\/qtmm.org\/qt\/"},{"@type":"ListItem","position":2,"name":"Ba\u011f\u00e7asarayda \u015feer yolba\u015f\u00e7\u0131s\u0131 Mustafa M\u0131rza Davidovi\u00e7ni\u00f1 hat\u0131ras\u0131 a\u00f1\u0131ld\u0131"}]},{"@type":"WebSite","@id":"https:\/\/qtmm.org\/qt\/#website","url":"https:\/\/qtmm.org\/qt\/","name":"\u041c\u0435\u0434\u0436\u043b\u0456\u0441","description":"","publisher":{"@id":"https:\/\/qtmm.org\/qt\/#organization"},"potentialAction":[{"@type":"SearchAction","target":{"@type":"EntryPoint","urlTemplate":"https:\/\/qtmm.org\/qt\/?s={search_term_string}"},"query-input":{"@type":"PropertyValueSpecification","valueRequired":true,"valueName":"search_term_string"}}],"inLanguage":"qt"},{"@type":"Organization","@id":"https:\/\/qtmm.org\/qt\/#organization","name":"\u041c\u0435\u0434\u0436\u043b\u0456\u0441","url":"https:\/\/qtmm.org\/qt\/","logo":{"@type":"ImageObject","inLanguage":"qt","@id":"https:\/\/qtmm.org\/qt\/#\/schema\/logo\/image\/","url":"https:\/\/qtmm.org\/wp-content\/uploads\/2024\/12\/ua-mejlis-logo-rgb.svg","contentUrl":"https:\/\/qtmm.org\/wp-content\/uploads\/2024\/12\/ua-mejlis-logo-rgb.svg","caption":"\u041c\u0435\u0434\u0436\u043b\u0456\u0441"},"image":{"@id":"https:\/\/qtmm.org\/qt\/#\/schema\/logo\/image\/"},"sameAs":["https:\/\/www.facebook.com\/qtmm.info\/"]},{"@type":"Person","@id":"https:\/\/qtmm.org\/qt\/#\/schema\/person\/de562469f971dec226ac06e60bbf74a7","name":"Developer","image":{"@type":"ImageObject","inLanguage":"qt","@id":"https:\/\/secure.gravatar.com\/avatar\/392b4cc8fbfeb00b39dfeeab4ee6edded39ffd48e25858637e4765810300227e?s=96&d=mm&r=g","url":"https:\/\/secure.gravatar.com\/avatar\/392b4cc8fbfeb00b39dfeeab4ee6edded39ffd48e25858637e4765810300227e?s=96&d=mm&r=g","contentUrl":"https:\/\/secure.gravatar.com\/avatar\/392b4cc8fbfeb00b39dfeeab4ee6edded39ffd48e25858637e4765810300227e?s=96&d=mm&r=g","caption":"Developer"},"url":"https:\/\/qtmm.org\/qt\/author\/Developer\/"}]}},"_links":{"self":[{"href":"https:\/\/qtmm.org\/qt\/wp-json\/wp\/v2\/posts\/35600","targetHints":{"allow":["GET"]}}],"collection":[{"href":"https:\/\/qtmm.org\/qt\/wp-json\/wp\/v2\/posts"}],"about":[{"href":"https:\/\/qtmm.org\/qt\/wp-json\/wp\/v2\/types\/post"}],"author":[{"embeddable":true,"href":"https:\/\/qtmm.org\/qt\/wp-json\/wp\/v2\/users\/1"}],"replies":[{"embeddable":true,"href":"https:\/\/qtmm.org\/qt\/wp-json\/wp\/v2\/comments?post=35600"}],"version-history":[{"count":1,"href":"https:\/\/qtmm.org\/qt\/wp-json\/wp\/v2\/posts\/35600\/revisions"}],"predecessor-version":[{"id":35601,"href":"https:\/\/qtmm.org\/qt\/wp-json\/wp\/v2\/posts\/35600\/revisions\/35601"}],"wp:attachment":[{"href":"https:\/\/qtmm.org\/qt\/wp-json\/wp\/v2\/media?parent=35600"}],"wp:term":[{"taxonomy":"category","embeddable":true,"href":"https:\/\/qtmm.org\/qt\/wp-json\/wp\/v2\/categories?post=35600"},{"taxonomy":"post_tag","embeddable":true,"href":"https:\/\/qtmm.org\/qt\/wp-json\/wp\/v2\/tags?post=35600"}],"curies":[{"name":"wp","href":"https:\/\/api.w.org\/{rel}","templated":true}]}}