




{"id":35572,"date":"2012-12-15T16:03:00","date_gmt":"2012-12-15T13:03:00","guid":{"rendered":"http:\/\/qtmm.org\/?p=35572"},"modified":"2022-01-23T16:04:44","modified_gmt":"2022-01-23T13:04:44","slug":"halq-ogrunda-hizmet-etkenlernin-er-birinin-hatirasini-anmaga-borclumiz","status":"publish","type":"post","link":"https:\/\/qtmm.org\/qt\/halq-ogrunda-hizmet-etkenlernin-er-birinin-hatirasini-anmaga-borclumiz\/","title":{"rendered":"Halq o\u011frunda h\u0131zmet etkenlerni\u00f1 er birini\u00f1 hat\u0131ras\u0131n\u0131 a\u00f1ma\u011fa borclum\u0131z"},"content":{"rendered":"\n<p>Dekabr 15 k\u00fcn\u00fc Aqmescitte Ukraina akademik muz\u0131kal\u0131 teatrde Faz\u0131l Ametov do\u011f\u011fan\u0131n\u0131\u00f1 95 y\u0131ll\u0131\u011f\u0131 munasebetinen hat\u0131ra kontserti ke\u00e7irildi.<\/p>\n\n\n\n<p>Tedbirni Faz\u0131l Ametovn\u0131\u00f1 q\u0131z\u0131 Emine Volodarskaya ve torun\u0131 Amet Volodarskiy te\u015febb\u00fcsi ile &#8220;Zekkiye&#8221; inki\u015faf fond\u0131, &#8220;Ya\u00f1\u0131 d\u00fcnya&#8221; gazetas\u0131. ATR telekanal\u0131 ve &#8220;Meydan&#8221; radios\u0131 te\u015fkil\u00e2tland\u0131rd\u0131lar.<br><br>Tedbir \u00e7er\u00e7ivesinde Faz\u0131l Ametovn\u0131\u00f1 \u00f6m\u00fcri ve faaliyeti aqq\u0131nda Q\u0131r\u0131mda nam qazan\u011fan jurnalist, ATR telekanal\u0131n\u0131\u00f1 hadimi Sevil Aledinova taraf\u0131ndan az\u0131rlan\u011fan vesiqal\u0131 film numay\u0131\u015f etildi.<\/p>\n\n\n\n<p>Emine Volodarskaya babas\u0131 aqq\u0131nda hat\u0131rlavlar\u0131nen payla\u015f\u0131rken: &#8220;B\u00fct\u00fcn a\u00f1l\u0131 \u00f6m\u00fcrini milliy \u011faye ve medeniyet tiklenmesine ba\u011f\u0131\u015fla\u011fan babam, \u00f6z\u00fcni\u00f1 d\u00f6rt evl\u00e2d\u0131n\u0131 da vatanperverlik ruhunda terbiyeledi&#8221;, &#8211; dedi.<\/p>\n\n\n\n<p>Hat\u0131ra kontsertinde \u00e7\u0131q\u0131\u015fta bulun\u011fan Meclis reisi Mustafa Cemilev qayd etti ki, \u015fiddetli sovet rejimine baqmadan q\u0131r\u0131mtatar halq\u0131 milliy areketini\u00f1 i\u015ftirak\u00e7ileri Vatan\u011fa avdet o\u011frunda faal k\u00fcre\u015f al\u0131p bard\u0131lar.<\/p>\n\n\n\n<p>&#8220;Bug\u00fcn milliy areket i\u015ftirak\u00e7ilerini\u00f1 ces\u00fcrligi sayesinde halq\u0131m\u0131z Vatan\u011fa qaytt\u0131, &#8211; dedi Cemilev. \u2013 amma teess\u00fcf ki, olardan \u00e7oqlar\u0131 Q\u0131r\u0131m\u011fa qayt\u0131p olamad\u0131lar&#8221;.<\/p>\n\n\n\n<p>Bun\u0131\u00f1nen bir s\u0131rada Mustafa Cemilevni\u00f1 s\u00f6ylegenine k\u00f6re, milliy arekette yal\u0131\u00f1\u0131z vatanperverler ve qaramanlar degil de, Vatan i\u00e7\u00fcn k\u00fcre\u015fken arqada\u015flar\u0131n\u0131 satqan, organlar\u011fa olarn\u0131 yaqalama\u011fa yard\u0131m etkenler de ol\u011fan. &#8220;Bug\u00fcn ise &#8220;intervy\u00fc bereler, bizlerge aq\u0131l \u00f6greteler ve milliy idare organlar\u0131m\u0131zn\u0131\u00f1 \u00e7al\u0131\u015fmas\u0131na keder eteler&#8221; , &#8211; dep qayd etti meclis reisi.<\/p>\n\n\n\n<figure class=\"wp-block-image size-full\"><img loading=\"lazy\" decoding=\"async\" width=\"650\" height=\"400\" src=\"http:\/\/qtmm.org\/wp-content\/uploads\/2022\/01\/dzhemilev_1.jpeg\" alt=\"\" class=\"wp-image-35577\" srcset=\"https:\/\/qtmm.org\/wp-content\/uploads\/2022\/01\/dzhemilev_1.jpeg 650w, https:\/\/qtmm.org\/wp-content\/uploads\/2022\/01\/dzhemilev_1-300x185.jpeg 300w\" sizes=\"auto, (max-width: 650px) 100vw, 650px\" \/><\/figure>\n\n\n\n<p>Q\u0131r\u0131mtatar halq\u0131 milliy areketi i\u015ftirak\u00e7ilerini\u00f1 aras\u0131nda \u00f6yle bir kimseler bar edi ki, olarn\u0131\u00f1 adlar\u0131n\u0131 er kes bilmese de, olar Vatan i\u00e7\u00fcn namusnen h\u0131zmet ettiler. Q\u0131r\u0131mtatarlarn\u0131\u00f1 bug\u00fcnki nesili e\u00f1 a\u011f\u0131r y\u0131llarda halq\u0131nen beraber ol\u011fan \u015fu insanlarn\u0131\u00f1 er birini\u00f1 ad\u0131n\u0131 bilmege borclud\u0131r.<\/p>\n\n\n\n<p>&#8220;Bug\u00fcn biz q\u0131r\u0131mtatarlarn\u0131\u00f1 topla\u015fuvlar\u0131nda ya da informatsiyalarda ad\u0131 ya\u00f1\u011f\u0131rama\u011fan, amma y\u00fcksek devlet vazifelerinde \u00e7al\u0131\u015fqan onlarnen diger setemde\u015flerimiz kibi milliy meseleni\u00f1 \u00e7ezilmesine imk\u00e2n\u0131 olduq\u00e7a isse qo\u015fqan insan \u2013 Faz\u0131l Ametovn\u0131\u00f1 hat\u0131ras\u0131n\u0131 a\u00f1maq i\u00e7\u00fcn topland\u0131q. Halq aras\u0131nda say\u011f\u0131 qazan\u011fan bu insann\u0131\u00f1 ad\u0131 unut\u0131lmamal\u0131&#8221;, &#8211; dedi Mustafa Cemilev.<\/p>\n\n\n\n<figure class=\"wp-block-image size-full\"><img loading=\"lazy\" decoding=\"async\" width=\"650\" height=\"400\" src=\"http:\/\/qtmm.org\/wp-content\/uploads\/2022\/01\/zal.jpeg\" alt=\"\" class=\"wp-image-35581\" srcset=\"https:\/\/qtmm.org\/wp-content\/uploads\/2022\/01\/zal.jpeg 650w, https:\/\/qtmm.org\/wp-content\/uploads\/2022\/01\/zal-300x185.jpeg 300w\" sizes=\"auto, (max-width: 650px) 100vw, 650px\" \/><\/figure>\n\n\n\n<p>Hat\u0131ra kontsertini &#8220;Qaytarma&#8221;, &#8220;Q\u0131r\u0131m&#8221; ve ATR telekanal\u0131n\u0131\u00f1 y\u0131r ve oyun ansamblleri, Ukraina \u0130\u00e7ki i\u015fler nazirligi Q\u0131r\u0131mdaki idaresini\u00f1 arbiy orkestri,<br>Ukraina halq artisti Femi Mustafayev, Q\u0131r\u0131mda nam qazan\u011fan artist Dil\u00e2ver Osmanov, Ukrainada nam qazan\u011fan artist Elzara Batalova, Ukrainada nam qazan\u011fan sanat erbab\u0131 Uryane Kenjikayeva, Aliye, Ukrainada nam qazan\u011fan sanat erbab\u0131 Riza Yusuf ve digerlerni\u00f1 \u00e7\u0131q\u0131\u015flar\u0131 yara\u015ft\u0131rd\u0131lar.<\/p>\n\n\n\n<figure class=\"wp-block-image size-full\"><img loading=\"lazy\" decoding=\"async\" width=\"650\" height=\"400\" src=\"http:\/\/qtmm.org\/wp-content\/uploads\/2022\/01\/scena.jpeg\" alt=\"\" class=\"wp-image-35585\" srcset=\"https:\/\/qtmm.org\/wp-content\/uploads\/2022\/01\/scena.jpeg 650w, https:\/\/qtmm.org\/wp-content\/uploads\/2022\/01\/scena-300x185.jpeg 300w\" sizes=\"auto, (max-width: 650px) 100vw, 650px\" \/><\/figure>\n","protected":false},"excerpt":{"rendered":"<p>Dekabr 15 k\u00fcn\u00fc Aqmescitte Ukraina akademik muz\u0131kal\u0131 teatrde Faz\u0131l Ametov do\u011f\u011fan\u0131n\u0131\u00f1 95 y\u0131ll\u0131\u011f\u0131 munasebetinen hat\u0131ra kontserti ke\u00e7irildi. Tedbirni Faz\u0131l Ametovn\u0131\u00f1 q\u0131z\u0131 Emine Volodarskaya ve torun\u0131 Amet Volodarskiy te\u015febb\u00fcsi ile &#8220;Zekkiye&#8221; inki\u015faf fond\u0131, &#8220;Ya\u00f1\u0131 d\u00fcnya&#8221; gazetas\u0131. ATR telekanal\u0131 ve &#8220;Meydan&#8221; radios\u0131 te\u015fkil\u00e2tland\u0131rd\u0131lar. Tedbir \u00e7er\u00e7ivesinde Faz\u0131l Ametovn\u0131\u00f1 \u00f6m\u00fcri ve faaliyeti aqq\u0131nda Q\u0131r\u0131mda nam qazan\u011fan jurnalist, ATR telekanal\u0131n\u0131\u00f1 [&hellip;]<\/p>\n","protected":false},"author":1,"featured_media":35573,"comment_status":"open","ping_status":"open","sticky":false,"template":"","format":"standard","meta":{"inline_featured_image":false,"footnotes":""},"categories":[265],"tags":[],"class_list":["post-35572","post","type-post","status-publish","format-standard","has-post-thumbnail","hentry","category-haberler"],"acf":[],"yoast_head":"<!-- This site is optimized with the Yoast SEO plugin v27.4 - https:\/\/yoast.com\/product\/yoast-seo-wordpress\/ -->\n<title>Halq o\u011frunda h\u0131zmet etkenlerni\u00f1 er birini\u00f1 hat\u0131ras\u0131n\u0131 a\u00f1ma\u011fa borclum\u0131z - \u041c\u0435\u0434\u0436\u043b\u0456\u0441<\/title>\n<meta name=\"robots\" content=\"index, follow, max-snippet:-1, max-image-preview:large, max-video-preview:-1\" \/>\n<link rel=\"canonical\" href=\"https:\/\/qtmm.org\/qt\/halq-ogrunda-hizmet-etkenlernin-er-birinin-hatirasini-anmaga-borclumiz\/\" \/>\n<meta property=\"og:locale\" content=\"en_US\" \/>\n<meta property=\"og:type\" content=\"article\" \/>\n<meta property=\"og:title\" content=\"Halq o\u011frunda h\u0131zmet etkenlerni\u00f1 er birini\u00f1 hat\u0131ras\u0131n\u0131 a\u00f1ma\u011fa borclum\u0131z - \u041c\u0435\u0434\u0436\u043b\u0456\u0441\" \/>\n<meta property=\"og:description\" content=\"Dekabr 15 k\u00fcn\u00fc Aqmescitte Ukraina akademik muz\u0131kal\u0131 teatrde Faz\u0131l Ametov do\u011f\u011fan\u0131n\u0131\u00f1 95 y\u0131ll\u0131\u011f\u0131 munasebetinen hat\u0131ra kontserti ke\u00e7irildi. Tedbirni Faz\u0131l Ametovn\u0131\u00f1 q\u0131z\u0131 Emine Volodarskaya ve torun\u0131 Amet Volodarskiy te\u015febb\u00fcsi ile &#8220;Zekkiye&#8221; inki\u015faf fond\u0131, &#8220;Ya\u00f1\u0131 d\u00fcnya&#8221; gazetas\u0131. ATR telekanal\u0131 ve &#8220;Meydan&#8221; radios\u0131 te\u015fkil\u00e2tland\u0131rd\u0131lar. Tedbir \u00e7er\u00e7ivesinde Faz\u0131l Ametovn\u0131\u00f1 \u00f6m\u00fcri ve faaliyeti aqq\u0131nda Q\u0131r\u0131mda nam qazan\u011fan jurnalist, ATR telekanal\u0131n\u0131\u00f1 [&hellip;]\" \/>\n<meta property=\"og:url\" content=\"https:\/\/qtmm.org\/qt\/halq-ogrunda-hizmet-etkenlernin-er-birinin-hatirasini-anmaga-borclumiz\/\" \/>\n<meta property=\"og:site_name\" content=\"\u041c\u0435\u0434\u0436\u043b\u0456\u0441\" \/>\n<meta property=\"article:publisher\" content=\"https:\/\/www.facebook.com\/qtmm.info\/\" \/>\n<meta property=\"article:published_time\" content=\"2012-12-15T13:03:00+00:00\" \/>\n<meta property=\"article:modified_time\" content=\"2022-01-23T13:04:44+00:00\" \/>\n<meta property=\"og:image\" content=\"https:\/\/qtmm.org\/wp-content\/uploads\/2022\/01\/volodarskaya.jpeg\" \/>\n\t<meta property=\"og:image:width\" content=\"650\" \/>\n\t<meta property=\"og:image:height\" content=\"400\" \/>\n\t<meta property=\"og:image:type\" content=\"image\/jpeg\" \/>\n<meta name=\"author\" content=\"Developer\" \/>\n<meta name=\"twitter:card\" content=\"summary_large_image\" \/>\n<meta name=\"twitter:label1\" content=\"Written by\" \/>\n\t<meta name=\"twitter:data1\" content=\"Developer\" \/>\n\t<meta name=\"twitter:label2\" content=\"Est. reading time\" \/>\n\t<meta name=\"twitter:data2\" content=\"2 minutes\" \/>\n<script type=\"application\/ld+json\" class=\"yoast-schema-graph\">{\"@context\":\"https:\\\/\\\/schema.org\",\"@graph\":[{\"@type\":\"Article\",\"@id\":\"https:\\\/\\\/qtmm.org\\\/qt\\\/halq-ogrunda-hizmet-etkenlernin-er-birinin-hatirasini-anmaga-borclumiz\\\/#article\",\"isPartOf\":{\"@id\":\"https:\\\/\\\/qtmm.org\\\/qt\\\/halq-ogrunda-hizmet-etkenlernin-er-birinin-hatirasini-anmaga-borclumiz\\\/\"},\"author\":{\"name\":\"Developer\",\"@id\":\"https:\\\/\\\/qtmm.org\\\/qt\\\/#\\\/schema\\\/person\\\/de562469f971dec226ac06e60bbf74a7\"},\"headline\":\"Halq o\u011frunda h\u0131zmet etkenlerni\u00f1 er birini\u00f1 hat\u0131ras\u0131n\u0131 a\u00f1ma\u011fa borclum\u0131z\",\"datePublished\":\"2012-12-15T13:03:00+00:00\",\"dateModified\":\"2022-01-23T13:04:44+00:00\",\"mainEntityOfPage\":{\"@id\":\"https:\\\/\\\/qtmm.org\\\/qt\\\/halq-ogrunda-hizmet-etkenlernin-er-birinin-hatirasini-anmaga-borclumiz\\\/\"},\"wordCount\":482,\"commentCount\":0,\"publisher\":{\"@id\":\"https:\\\/\\\/qtmm.org\\\/qt\\\/#organization\"},\"image\":{\"@id\":\"https:\\\/\\\/qtmm.org\\\/qt\\\/halq-ogrunda-hizmet-etkenlernin-er-birinin-hatirasini-anmaga-borclumiz\\\/#primaryimage\"},\"thumbnailUrl\":\"https:\\\/\\\/qtmm.org\\\/wp-content\\\/uploads\\\/2022\\\/01\\\/volodarskaya.jpeg\",\"articleSection\":[\"Haberler\"],\"inLanguage\":\"qt\",\"potentialAction\":[{\"@type\":\"CommentAction\",\"name\":\"Comment\",\"target\":[\"https:\\\/\\\/qtmm.org\\\/qt\\\/halq-ogrunda-hizmet-etkenlernin-er-birinin-hatirasini-anmaga-borclumiz\\\/#respond\"]}]},{\"@type\":\"WebPage\",\"@id\":\"https:\\\/\\\/qtmm.org\\\/qt\\\/halq-ogrunda-hizmet-etkenlernin-er-birinin-hatirasini-anmaga-borclumiz\\\/\",\"url\":\"https:\\\/\\\/qtmm.org\\\/qt\\\/halq-ogrunda-hizmet-etkenlernin-er-birinin-hatirasini-anmaga-borclumiz\\\/\",\"name\":\"Halq o\u011frunda h\u0131zmet etkenlerni\u00f1 er birini\u00f1 hat\u0131ras\u0131n\u0131 a\u00f1ma\u011fa borclum\u0131z - \u041c\u0435\u0434\u0436\u043b\u0456\u0441\",\"isPartOf\":{\"@id\":\"https:\\\/\\\/qtmm.org\\\/qt\\\/#website\"},\"primaryImageOfPage\":{\"@id\":\"https:\\\/\\\/qtmm.org\\\/qt\\\/halq-ogrunda-hizmet-etkenlernin-er-birinin-hatirasini-anmaga-borclumiz\\\/#primaryimage\"},\"image\":{\"@id\":\"https:\\\/\\\/qtmm.org\\\/qt\\\/halq-ogrunda-hizmet-etkenlernin-er-birinin-hatirasini-anmaga-borclumiz\\\/#primaryimage\"},\"thumbnailUrl\":\"https:\\\/\\\/qtmm.org\\\/wp-content\\\/uploads\\\/2022\\\/01\\\/volodarskaya.jpeg\",\"datePublished\":\"2012-12-15T13:03:00+00:00\",\"dateModified\":\"2022-01-23T13:04:44+00:00\",\"breadcrumb\":{\"@id\":\"https:\\\/\\\/qtmm.org\\\/qt\\\/halq-ogrunda-hizmet-etkenlernin-er-birinin-hatirasini-anmaga-borclumiz\\\/#breadcrumb\"},\"inLanguage\":\"qt\",\"potentialAction\":[{\"@type\":\"ReadAction\",\"target\":[\"https:\\\/\\\/qtmm.org\\\/qt\\\/halq-ogrunda-hizmet-etkenlernin-er-birinin-hatirasini-anmaga-borclumiz\\\/\"]}]},{\"@type\":\"ImageObject\",\"inLanguage\":\"qt\",\"@id\":\"https:\\\/\\\/qtmm.org\\\/qt\\\/halq-ogrunda-hizmet-etkenlernin-er-birinin-hatirasini-anmaga-borclumiz\\\/#primaryimage\",\"url\":\"https:\\\/\\\/qtmm.org\\\/wp-content\\\/uploads\\\/2022\\\/01\\\/volodarskaya.jpeg\",\"contentUrl\":\"https:\\\/\\\/qtmm.org\\\/wp-content\\\/uploads\\\/2022\\\/01\\\/volodarskaya.jpeg\",\"width\":650,\"height\":400},{\"@type\":\"BreadcrumbList\",\"@id\":\"https:\\\/\\\/qtmm.org\\\/qt\\\/halq-ogrunda-hizmet-etkenlernin-er-birinin-hatirasini-anmaga-borclumiz\\\/#breadcrumb\",\"itemListElement\":[{\"@type\":\"ListItem\",\"position\":1,\"name\":\"\u0413\u043e\u043b\u043e\u0432\u043d\u0430\",\"item\":\"https:\\\/\\\/qtmm.org\\\/qt\\\/\"},{\"@type\":\"ListItem\",\"position\":2,\"name\":\"Halq o\u011frunda h\u0131zmet etkenlerni\u00f1 er birini\u00f1 hat\u0131ras\u0131n\u0131 a\u00f1ma\u011fa borclum\u0131z\"}]},{\"@type\":\"WebSite\",\"@id\":\"https:\\\/\\\/qtmm.org\\\/qt\\\/#website\",\"url\":\"https:\\\/\\\/qtmm.org\\\/qt\\\/\",\"name\":\"\u041c\u0435\u0434\u0436\u043b\u0456\u0441\",\"description\":\"\",\"publisher\":{\"@id\":\"https:\\\/\\\/qtmm.org\\\/qt\\\/#organization\"},\"potentialAction\":[{\"@type\":\"SearchAction\",\"target\":{\"@type\":\"EntryPoint\",\"urlTemplate\":\"https:\\\/\\\/qtmm.org\\\/qt\\\/?s={search_term_string}\"},\"query-input\":{\"@type\":\"PropertyValueSpecification\",\"valueRequired\":true,\"valueName\":\"search_term_string\"}}],\"inLanguage\":\"qt\"},{\"@type\":\"Organization\",\"@id\":\"https:\\\/\\\/qtmm.org\\\/qt\\\/#organization\",\"name\":\"\u041c\u0435\u0434\u0436\u043b\u0456\u0441\",\"url\":\"https:\\\/\\\/qtmm.org\\\/qt\\\/\",\"logo\":{\"@type\":\"ImageObject\",\"inLanguage\":\"qt\",\"@id\":\"https:\\\/\\\/qtmm.org\\\/qt\\\/#\\\/schema\\\/logo\\\/image\\\/\",\"url\":\"https:\\\/\\\/qtmm.org\\\/wp-content\\\/uploads\\\/2024\\\/12\\\/ua-mejlis-logo-rgb.svg\",\"contentUrl\":\"https:\\\/\\\/qtmm.org\\\/wp-content\\\/uploads\\\/2024\\\/12\\\/ua-mejlis-logo-rgb.svg\",\"caption\":\"\u041c\u0435\u0434\u0436\u043b\u0456\u0441\"},\"image\":{\"@id\":\"https:\\\/\\\/qtmm.org\\\/qt\\\/#\\\/schema\\\/logo\\\/image\\\/\"},\"sameAs\":[\"https:\\\/\\\/www.facebook.com\\\/qtmm.info\\\/\"]},{\"@type\":\"Person\",\"@id\":\"https:\\\/\\\/qtmm.org\\\/qt\\\/#\\\/schema\\\/person\\\/de562469f971dec226ac06e60bbf74a7\",\"name\":\"Developer\",\"image\":{\"@type\":\"ImageObject\",\"inLanguage\":\"qt\",\"@id\":\"https:\\\/\\\/secure.gravatar.com\\\/avatar\\\/392b4cc8fbfeb00b39dfeeab4ee6edded39ffd48e25858637e4765810300227e?s=96&d=mm&r=g\",\"url\":\"https:\\\/\\\/secure.gravatar.com\\\/avatar\\\/392b4cc8fbfeb00b39dfeeab4ee6edded39ffd48e25858637e4765810300227e?s=96&d=mm&r=g\",\"contentUrl\":\"https:\\\/\\\/secure.gravatar.com\\\/avatar\\\/392b4cc8fbfeb00b39dfeeab4ee6edded39ffd48e25858637e4765810300227e?s=96&d=mm&r=g\",\"caption\":\"Developer\"},\"url\":\"https:\\\/\\\/qtmm.org\\\/qt\\\/author\\\/Developer\\\/\"}]}<\/script>\n<!-- \/ Yoast SEO plugin. -->","yoast_head_json":{"title":"Halq o\u011frunda h\u0131zmet etkenlerni\u00f1 er birini\u00f1 hat\u0131ras\u0131n\u0131 a\u00f1ma\u011fa borclum\u0131z - \u041c\u0435\u0434\u0436\u043b\u0456\u0441","robots":{"index":"index","follow":"follow","max-snippet":"max-snippet:-1","max-image-preview":"max-image-preview:large","max-video-preview":"max-video-preview:-1"},"canonical":"https:\/\/qtmm.org\/qt\/halq-ogrunda-hizmet-etkenlernin-er-birinin-hatirasini-anmaga-borclumiz\/","og_locale":"en_US","og_type":"article","og_title":"Halq o\u011frunda h\u0131zmet etkenlerni\u00f1 er birini\u00f1 hat\u0131ras\u0131n\u0131 a\u00f1ma\u011fa borclum\u0131z - \u041c\u0435\u0434\u0436\u043b\u0456\u0441","og_description":"Dekabr 15 k\u00fcn\u00fc Aqmescitte Ukraina akademik muz\u0131kal\u0131 teatrde Faz\u0131l Ametov do\u011f\u011fan\u0131n\u0131\u00f1 95 y\u0131ll\u0131\u011f\u0131 munasebetinen hat\u0131ra kontserti ke\u00e7irildi. Tedbirni Faz\u0131l Ametovn\u0131\u00f1 q\u0131z\u0131 Emine Volodarskaya ve torun\u0131 Amet Volodarskiy te\u015febb\u00fcsi ile &#8220;Zekkiye&#8221; inki\u015faf fond\u0131, &#8220;Ya\u00f1\u0131 d\u00fcnya&#8221; gazetas\u0131. ATR telekanal\u0131 ve &#8220;Meydan&#8221; radios\u0131 te\u015fkil\u00e2tland\u0131rd\u0131lar. Tedbir \u00e7er\u00e7ivesinde Faz\u0131l Ametovn\u0131\u00f1 \u00f6m\u00fcri ve faaliyeti aqq\u0131nda Q\u0131r\u0131mda nam qazan\u011fan jurnalist, ATR telekanal\u0131n\u0131\u00f1 [&hellip;]","og_url":"https:\/\/qtmm.org\/qt\/halq-ogrunda-hizmet-etkenlernin-er-birinin-hatirasini-anmaga-borclumiz\/","og_site_name":"\u041c\u0435\u0434\u0436\u043b\u0456\u0441","article_publisher":"https:\/\/www.facebook.com\/qtmm.info\/","article_published_time":"2012-12-15T13:03:00+00:00","article_modified_time":"2022-01-23T13:04:44+00:00","og_image":[{"width":650,"height":400,"url":"https:\/\/qtmm.org\/wp-content\/uploads\/2022\/01\/volodarskaya.jpeg","type":"image\/jpeg"}],"author":"Developer","twitter_card":"summary_large_image","twitter_misc":{"Written by":"Developer","Est. reading time":"2 minutes"},"schema":{"@context":"https:\/\/schema.org","@graph":[{"@type":"Article","@id":"https:\/\/qtmm.org\/qt\/halq-ogrunda-hizmet-etkenlernin-er-birinin-hatirasini-anmaga-borclumiz\/#article","isPartOf":{"@id":"https:\/\/qtmm.org\/qt\/halq-ogrunda-hizmet-etkenlernin-er-birinin-hatirasini-anmaga-borclumiz\/"},"author":{"name":"Developer","@id":"https:\/\/qtmm.org\/qt\/#\/schema\/person\/de562469f971dec226ac06e60bbf74a7"},"headline":"Halq o\u011frunda h\u0131zmet etkenlerni\u00f1 er birini\u00f1 hat\u0131ras\u0131n\u0131 a\u00f1ma\u011fa borclum\u0131z","datePublished":"2012-12-15T13:03:00+00:00","dateModified":"2022-01-23T13:04:44+00:00","mainEntityOfPage":{"@id":"https:\/\/qtmm.org\/qt\/halq-ogrunda-hizmet-etkenlernin-er-birinin-hatirasini-anmaga-borclumiz\/"},"wordCount":482,"commentCount":0,"publisher":{"@id":"https:\/\/qtmm.org\/qt\/#organization"},"image":{"@id":"https:\/\/qtmm.org\/qt\/halq-ogrunda-hizmet-etkenlernin-er-birinin-hatirasini-anmaga-borclumiz\/#primaryimage"},"thumbnailUrl":"https:\/\/qtmm.org\/wp-content\/uploads\/2022\/01\/volodarskaya.jpeg","articleSection":["Haberler"],"inLanguage":"qt","potentialAction":[{"@type":"CommentAction","name":"Comment","target":["https:\/\/qtmm.org\/qt\/halq-ogrunda-hizmet-etkenlernin-er-birinin-hatirasini-anmaga-borclumiz\/#respond"]}]},{"@type":"WebPage","@id":"https:\/\/qtmm.org\/qt\/halq-ogrunda-hizmet-etkenlernin-er-birinin-hatirasini-anmaga-borclumiz\/","url":"https:\/\/qtmm.org\/qt\/halq-ogrunda-hizmet-etkenlernin-er-birinin-hatirasini-anmaga-borclumiz\/","name":"Halq o\u011frunda h\u0131zmet etkenlerni\u00f1 er birini\u00f1 hat\u0131ras\u0131n\u0131 a\u00f1ma\u011fa borclum\u0131z - \u041c\u0435\u0434\u0436\u043b\u0456\u0441","isPartOf":{"@id":"https:\/\/qtmm.org\/qt\/#website"},"primaryImageOfPage":{"@id":"https:\/\/qtmm.org\/qt\/halq-ogrunda-hizmet-etkenlernin-er-birinin-hatirasini-anmaga-borclumiz\/#primaryimage"},"image":{"@id":"https:\/\/qtmm.org\/qt\/halq-ogrunda-hizmet-etkenlernin-er-birinin-hatirasini-anmaga-borclumiz\/#primaryimage"},"thumbnailUrl":"https:\/\/qtmm.org\/wp-content\/uploads\/2022\/01\/volodarskaya.jpeg","datePublished":"2012-12-15T13:03:00+00:00","dateModified":"2022-01-23T13:04:44+00:00","breadcrumb":{"@id":"https:\/\/qtmm.org\/qt\/halq-ogrunda-hizmet-etkenlernin-er-birinin-hatirasini-anmaga-borclumiz\/#breadcrumb"},"inLanguage":"qt","potentialAction":[{"@type":"ReadAction","target":["https:\/\/qtmm.org\/qt\/halq-ogrunda-hizmet-etkenlernin-er-birinin-hatirasini-anmaga-borclumiz\/"]}]},{"@type":"ImageObject","inLanguage":"qt","@id":"https:\/\/qtmm.org\/qt\/halq-ogrunda-hizmet-etkenlernin-er-birinin-hatirasini-anmaga-borclumiz\/#primaryimage","url":"https:\/\/qtmm.org\/wp-content\/uploads\/2022\/01\/volodarskaya.jpeg","contentUrl":"https:\/\/qtmm.org\/wp-content\/uploads\/2022\/01\/volodarskaya.jpeg","width":650,"height":400},{"@type":"BreadcrumbList","@id":"https:\/\/qtmm.org\/qt\/halq-ogrunda-hizmet-etkenlernin-er-birinin-hatirasini-anmaga-borclumiz\/#breadcrumb","itemListElement":[{"@type":"ListItem","position":1,"name":"\u0413\u043e\u043b\u043e\u0432\u043d\u0430","item":"https:\/\/qtmm.org\/qt\/"},{"@type":"ListItem","position":2,"name":"Halq o\u011frunda h\u0131zmet etkenlerni\u00f1 er birini\u00f1 hat\u0131ras\u0131n\u0131 a\u00f1ma\u011fa borclum\u0131z"}]},{"@type":"WebSite","@id":"https:\/\/qtmm.org\/qt\/#website","url":"https:\/\/qtmm.org\/qt\/","name":"\u041c\u0435\u0434\u0436\u043b\u0456\u0441","description":"","publisher":{"@id":"https:\/\/qtmm.org\/qt\/#organization"},"potentialAction":[{"@type":"SearchAction","target":{"@type":"EntryPoint","urlTemplate":"https:\/\/qtmm.org\/qt\/?s={search_term_string}"},"query-input":{"@type":"PropertyValueSpecification","valueRequired":true,"valueName":"search_term_string"}}],"inLanguage":"qt"},{"@type":"Organization","@id":"https:\/\/qtmm.org\/qt\/#organization","name":"\u041c\u0435\u0434\u0436\u043b\u0456\u0441","url":"https:\/\/qtmm.org\/qt\/","logo":{"@type":"ImageObject","inLanguage":"qt","@id":"https:\/\/qtmm.org\/qt\/#\/schema\/logo\/image\/","url":"https:\/\/qtmm.org\/wp-content\/uploads\/2024\/12\/ua-mejlis-logo-rgb.svg","contentUrl":"https:\/\/qtmm.org\/wp-content\/uploads\/2024\/12\/ua-mejlis-logo-rgb.svg","caption":"\u041c\u0435\u0434\u0436\u043b\u0456\u0441"},"image":{"@id":"https:\/\/qtmm.org\/qt\/#\/schema\/logo\/image\/"},"sameAs":["https:\/\/www.facebook.com\/qtmm.info\/"]},{"@type":"Person","@id":"https:\/\/qtmm.org\/qt\/#\/schema\/person\/de562469f971dec226ac06e60bbf74a7","name":"Developer","image":{"@type":"ImageObject","inLanguage":"qt","@id":"https:\/\/secure.gravatar.com\/avatar\/392b4cc8fbfeb00b39dfeeab4ee6edded39ffd48e25858637e4765810300227e?s=96&d=mm&r=g","url":"https:\/\/secure.gravatar.com\/avatar\/392b4cc8fbfeb00b39dfeeab4ee6edded39ffd48e25858637e4765810300227e?s=96&d=mm&r=g","contentUrl":"https:\/\/secure.gravatar.com\/avatar\/392b4cc8fbfeb00b39dfeeab4ee6edded39ffd48e25858637e4765810300227e?s=96&d=mm&r=g","caption":"Developer"},"url":"https:\/\/qtmm.org\/qt\/author\/Developer\/"}]}},"_links":{"self":[{"href":"https:\/\/qtmm.org\/qt\/wp-json\/wp\/v2\/posts\/35572","targetHints":{"allow":["GET"]}}],"collection":[{"href":"https:\/\/qtmm.org\/qt\/wp-json\/wp\/v2\/posts"}],"about":[{"href":"https:\/\/qtmm.org\/qt\/wp-json\/wp\/v2\/types\/post"}],"author":[{"embeddable":true,"href":"https:\/\/qtmm.org\/qt\/wp-json\/wp\/v2\/users\/1"}],"replies":[{"embeddable":true,"href":"https:\/\/qtmm.org\/qt\/wp-json\/wp\/v2\/comments?post=35572"}],"version-history":[{"count":1,"href":"https:\/\/qtmm.org\/qt\/wp-json\/wp\/v2\/posts\/35572\/revisions"}],"predecessor-version":[{"id":35589,"href":"https:\/\/qtmm.org\/qt\/wp-json\/wp\/v2\/posts\/35572\/revisions\/35589"}],"wp:featuredmedia":[{"embeddable":true,"href":"https:\/\/qtmm.org\/qt\/wp-json\/wp\/v2\/media\/35573"}],"wp:attachment":[{"href":"https:\/\/qtmm.org\/qt\/wp-json\/wp\/v2\/media?parent=35572"}],"wp:term":[{"taxonomy":"category","embeddable":true,"href":"https:\/\/qtmm.org\/qt\/wp-json\/wp\/v2\/categories?post=35572"},{"taxonomy":"post_tag","embeddable":true,"href":"https:\/\/qtmm.org\/qt\/wp-json\/wp\/v2\/tags?post=35572"}],"curies":[{"name":"wp","href":"https:\/\/api.w.org\/{rel}","templated":true}]}}