




{"id":35570,"date":"2012-12-10T16:02:00","date_gmt":"2012-12-10T13:02:00","guid":{"rendered":"http:\/\/qtmm.org\/?p=35570"},"modified":"2022-01-23T16:02:59","modified_gmt":"2022-01-23T13:02:59","slug":"aqmescitte-insan-aqlari-kunune-bagislangan-butunqirim-mitingi-olip-kecti","status":"publish","type":"post","link":"https:\/\/qtmm.org\/qt\/aqmescitte-insan-aqlari-kunune-bagislangan-butunqirim-mitingi-olip-kecti\/","title":{"rendered":"Aqmescitte \u0130nsan aqlar\u0131 k\u00fcn\u00fcne ba\u011f\u0131\u015flan\u011fan B\u00fct\u00fcnq\u0131r\u0131m mitingi ol\u0131p ke\u00e7ti"},"content":{"rendered":"\n<p>B\u00fct\u00fcnq\u0131r\u0131m mitingini\u00f1 i\u015ftirak\u00e7ileri q\u0131r\u0131mtatar halq\u0131n\u0131\u00f1 birligi ve maneviy birdemligini pekitmek, saylanma organlar\u0131n\u0131 qaviyle\u015ftirmek i\u00e7\u00fcn k\u00fc\u00e7-\u011fayretlerini i\u015fleteceklerine s\u00f6z berdiler.<\/p>\n\n\n\n<p>Dekabr 10 k\u00fcn\u00fc Milliy Meclis qoltutuv\u0131nda q\u0131r\u0131mtatar cemaat te\u015fkil\u00e2tlar\u0131 Aqmescitni\u00f1 merkeziy meydan\u0131nda Halqara insan aqlar\u0131 k\u00fcn\u00fcne ba\u011f\u0131\u015flan\u011fan B\u00fct\u00fcnq\u0131r\u0131m mitingini ke\u00e7irdiler. &#8220;Menim sesimni\u00f1 de emiyeti bar&#8221; \u015fiar\u0131 alt\u0131nda ke\u00e7ken mitingde Q\u0131r\u0131mn\u0131\u00f1 \u00e7e\u015fit regionlar\u0131ndan kelgen 3 bi\u00f1den ziyade adam i\u015ftirak etti. Aktsiya i\u015ftirak\u00e7ilerini\u00f1 ellerinde &#8220;Evlerimiz qaytar\u0131lmas\u0131 ya da qorantalar\u0131m\u0131z i\u00e7\u00fcn eV qurma\u011fa topraq ay\u0131r\u0131lmas\u0131n\u0131 talap etemiz!&#8221;. &#8220;Aqlar\u0131m\u0131z tiklensin!&#8221;, &#8220;Q\u0131r\u0131m bizim i\u00e7\u00fcn raatl\u0131q yeri degil de, Vatan\u0131m\u0131zd\u0131r!&#8221; kibi \u015fiarlar bar edi.<\/p>\n\n\n\n<p>Mitingde q\u0131r\u0131mtatar, rus ve ukrain cemaat\u00e7\u0131l\u0131\u011f\u0131n\u0131\u00f1 vekilleri, Q\u0131r\u0131mtatar milliy areket faalleri, siyaset\u00e7iler \u00e7\u0131q\u0131\u015fta bulund\u0131lar. &#8220;Bizim Q\u0131r\u0131m&#8221; Halqara cemaat te\u015fkil\u00e2t\u0131n\u0131\u00f1 icra direktor\u0131 Asan Egiz al\u0131p bar\u011fan miting Q\u0131r\u0131m musulmanlar\u0131 m\u00fcftisini\u00f1 muavini ac\u0131 Enver Na\u011fa\u015fev oqu\u011fan duanen ba\u015fland\u0131. Mitingni kiri\u015f s\u00f6znen Meclis K\u00e2tibiyetini\u00f1 ba\u015f\u0131 Zair Smedl\u00e2yev a\u00e7\u0131p, so\u00f1ki vaq\u0131tta y\u00fcz bergen daval\u0131 adiselerde toqtald\u0131.<\/p>\n\n\n\n<p>&#8220;Bizge nas\u0131l keder etmege t\u0131r\u0131\u015fmas\u0131nlar, biz ep bir Vatan\u0131m\u0131z\u011fa qaytt\u0131q! Bug\u00fcn naraz\u0131l\u0131q tarlalar\u0131nda turar ekenmiz, kimni\u00f1dir yerini tut\u0131p alma\u011fa istemeymiz, 1944 senesi \u00e7ekip al\u011fan evlerimiz yerine bir par\u00e7a topraq beri\u00f1iz, deymiz&#8221;, &#8211; dedi Zair Smedl\u00e2yev \u00f6z \u00e7\u0131q\u0131\u015f\u0131nda. 1944 senesi may\u0131s 18 k\u00fcn\u00fc i\u00e7 bir q\u0131r\u0131mtatar\u0131 \u00f6z topra\u011f\u0131ndan, evinden vazge\u00e7keni aqq\u0131nda ariza yazmad\u0131, bularn\u0131 bizden \u00e7ekip ald\u0131lar. Demek, qanun boyunca olar\u011fa bizim aqq\u0131m\u0131z bar ve biz \u00f6z qanuniy aqlar\u0131m\u0131zn\u0131\u00f1 tiklenmesini talap etemiz&#8221; dedi. Q\u0131r\u0131m halqlar\u0131 ke\u00e7mi\u015ften ders al\u0131p, kelecek i\u00e7\u00fcn hul\u00e2sa \u00e7\u0131qarmal\u0131lar. &#8220;Halqara insan aqlar\u0131 k\u00fcn\u00fc biz bug\u00fcn dialog ve &#8220;Milliy mens\u00fcpligine k\u00f6re s\u00fcrg\u00fcn etilgen q\u0131r\u0131mtatar halq\u0131 aqlar\u0131n\u0131\u00f1 tiklenmesi aqq\u0131nda&#8221; qanunn\u0131\u00f1 qabul etilmesi bir \u00e7oq problemlerni\u00f1 \u00e7ezilmesini teminlegeni aqq\u0131nda aytmaq kerekmiz&#8221;, &#8211; dedi eminliknen Zair Smedl\u00e2yev.<\/p>\n\n\n\n<p>Miting i\u015ftirak\u00e7ilerine h\u0131tap etken Meclis Topraq komissiyas\u0131n\u0131\u00f1 reisi Zevcet Qurt\u00fcmerov \u015fun\u0131 qayd etti ki, bug\u00fcn Ukrainada muhtac insanlar\u011fa mesken qurmaq i\u00e7\u00fcn topraq ay\u0131ruv pek yaramay alda. On\u0131\u00f1 aytqan\u0131na k\u00f6re 2013 senesi mart ay\u0131nda naraz\u0131l\u0131q tarlalar\u0131nda tur\u011fan bi\u00f1lernen tatarlarn\u0131\u00f1 meseleleri \u00e7ezilmegenine tamam 10 y\u0131l olacaq. &#8220;Topraq meselesini \u00e7ezmemek i\u00e7\u00fcn akimiyet er \u015feyni yapa, insanlarn\u0131 cinaiy cevapk\u00e2rl\u0131qqa \u00e7eke, \u00e7e\u015fit manialar yasay&#8221;, &#8211; dey Z. Qurt\u00fcmerov. Z. Qurt\u00fcmerovn\u0131\u00f1 fikrince topraq meselesi \u00e7ezilmegenini\u00f1 daa bir sebebi &#8211; akimiyet naraz\u0131l\u0131q tarla i\u015ftirak\u00e7ileri aras\u0131nda \u00f6zlerine &#8220;faydal\u0131&#8221; insanlarn\u0131 tapalar. Bu insanlar ise provokatsion i\u015flerni yapalar.<\/p>\n\n\n\n<p>Mitingde Meclis reisini\u00f1 muavini Ahtem \u00c7iygoz, &#8220;Avdet&#8221; cemaat te\u015fkil\u00e2t\u0131n\u0131\u00f1 azas\u0131 Nazim Memetov, &#8220;Maarif\u00e7i&#8221; birle\u015f\u015f\u00e7mesi tefti\u015f komissiyas\u0131n\u0131\u00f1 reisi Beyye \u0130lyasova, Aqmescit regional meclis reisi Lemmar Yunusov, Ukraina halq partiyas\u0131 Q\u0131r\u0131m te\u015fkil\u00e2t\u0131n\u0131\u00f1 ba\u015f\u0131 \u00d6leg Fomu\u015fkin, Qurultay Tefti\u015f komissiyas\u0131 reisini\u00f1 vazifesini eda etici Qurtseit Abdullayev \u00e7\u0131q\u0131\u015fta bulun\u0131p, insan aqlar\u0131 halq aqlar\u0131nen beraber qor\u00e7alanmaq kerekligini qayd ettiler. Bun\u0131\u00f1 kibi de olar q\u0131r\u0131mtatar halq\u0131n\u0131\u00f1 aqlar\u0131 tiklenmegence Ukrainada insan aqlar\u0131n\u0131\u00f1 qor\u00e7alanuv\u0131na iri\u015filmez, dediler.<\/p>\n\n\n\n<p>&#8220;Dedelerimizni\u00f1 topra\u011f\u0131nda halq\u0131m\u0131z, tilimiz, medeniyetimiz ve dinimizni tiklemek i\u00e7\u00fcn k\u00fcre\u015femiz, &#8211; dedi \u00f6z \u00e7\u0131q\u0131\u015f\u0131nda milliy areket veteran\u0131 Ay\u015fe Seytmuratova. Biz ba\u015fqa i\u00e7 bir halqqa keder etmeymiz, diger til ve dinlerge de qar\u015f\u0131 \u00e7\u0131qmaym\u0131z&#8221;.<\/p>\n\n\n\n<p>Ukrain Millet\u00e7iler kongressi Q\u0131r\u0131m te\u015fkil\u00e2t\u0131n\u0131\u00f1 ba\u015f\u0131 Vasil Ov\u00e7aruk miting i\u015ftirak\u00e7ilerine muracaat eterken, q\u0131r\u0131mtatarlar Ukraina ve Q\u0131r\u0131m alan\u0131nda e\u00f1 aktiv millet vekilleri ol\u011fan\u0131n\u0131 s\u00f6yledi. &#8220;Ukrainler ve l\u00e2qayd olma\u011fan ruslar qom\u015fular\u0131n\u0131\u00f1 aqlar\u0131n\u0131 bozup, bar\u0131\u015f\u0131ql\u0131 ve adaletli cemiyet qur\u0131p olamazlar&#8221;, dedi Ov\u00e7aruk.<\/p>\n\n\n\n<p>\u00d6z nevbetinde \u00e7e\u015fit millet vekilleri tur\u011fan &#8220;Simferopol&#8221; aeroport yan\u0131nda naraz\u0131l\u0131q tarlas\u0131n\u0131\u00f1 vekili Vlad Doro\u015fenko b\u00fct\u00fcn insanlarn\u0131\u00f1 problemleri ayn\u0131 ve olarn\u0131\u00f1 episi musaviyler. &#8220;L\u00e2kin baz\u0131lar\u0131 kendilerini birevlerden \u00fcst\u00fcn k\u00f6reler ve 9 b\u0131\u00f1 gektarn\u0131 i\u015f\u011fal etip, anda tek kiyik ot \u00f6st\u00fcreler. S\u0131radan bir insann\u0131\u00f1 arizas\u0131na akimiyet topraq yoqt\u0131r, dey ve ayn\u0131 zamanda k\u00fcne\u015f aletlerini qoymaq, &#8220;m\u00fcim adamlar i\u00e7\u00fcn&#8221; b\u00fcy\u00fckten-b\u00fcy\u00fck meydanlar ay\u0131r\u0131la&#8221;, &#8211; dep qayd etti Doro\u015fenko. On\u0131\u00f1 fikrince Molod\u00f6jnoye qasabas\u0131 yan\u0131ndaki ya\u011fma Ukraina i\u00e7\u00fcn masharal\u0131q. &#8220;Men \u015fun\u0131 t\u00fc\u015f\u00fcndim ki, \u015fu naraz\u0131l\u0131q tarlalarn\u0131\u00f1 em q\u0131r\u0131mtatar, em slav\u00e2n vekilleri birle\u015fmek kerekler. \u00c7\u00fcnki vazifemiz bir, Anayasa maddesine z\u0131t degil ve er birimizge topraq alma\u011fa uquq bere&#8221;, &#8211; dedi Doro\u015fenko.<\/p>\n\n\n\n<p>Meclis reisini\u00f1 birinci muavini, Q\u0131r\u0131m Yuqar\u0131 \u015furas\u0131n\u0131\u00f1 &#8220;Qurultay-Ruh&#8221; firqas\u0131n\u0131\u00f1 ba\u015f\u0131 Refat \u00c7ubarov mitingge kelgenlerge \u00f6z fikirlerini bildirgenleri ve birligimizni numay\u0131\u015f etkenleri i\u00e7\u00fcn te\u015fekk\u00fcr ayt\u0131p, bu y\u0131lki mitingni\u00f1 \u015fiar\u0131 &#8220;Menim sesimni\u00f1 de emiyeti bar&#8221;, dedi.<\/p>\n\n\n\n<p>Refat \u00c7ubarov emin ki, eger insan \u00f6z aqlar\u0131n\u0131 qor\u00e7alap olamasa, on\u0131\u00f1 yerine bun\u0131 \u00e7etten birisi kelip yapmaz. On\u0131\u00f1 fikrince Q\u0131r\u0131m sakinlerini\u00f1, bilhassa q\u0131r\u0131mtatarlarn\u0131\u00f1 ana tilde tasil ve meskennen teminlen\u00fcv saas\u0131nda aqlar\u0131 bozula. Meclis reisini\u00f1 birinci muavini Q\u0131r\u0131m sakinlerini \u00f6z aqlar\u0131n\u0131 qor\u00e7alav o\u011frunda birle\u015fmege \u00e7a\u011f\u0131rd\u0131.<\/p>\n\n\n\n<p>Molod\u00f6jnoye qasabas\u0131ndaki ya\u011fma ve Cuma cami qurulacaq yerdeki patlavlar husus\u0131nda s\u00f6z y\u00fcrsetken Refat \u00c7ubarov bu areketlerge &#8220;aydutlarca&#8221; areket dep q\u0131ymet kesti. &#8220;E\u00f1 qatt\u0131 qav\u011fala\u015fqan insanlar bile bir masa ba\u015f\u0131na otur\u0131p, a\u00f1la\u015fmaq kerekler&#8221;, &#8211; dep saya siyaset\u00e7i. O, \u015fun\u0131 da qayd etti ki, qanunlar\u011fa riayet etilgen devlette i\u00e7 bir kimse \u00f6z boynuna makheme organlarn\u0131\u00f1 vek\u00e2letini alamaz.<\/p>\n\n\n\n<p>Refat \u00c7ubarov \u015fun\u0131 da qayd etti ki, milliy tasil ve tarihiy toponimikan\u0131 tiklev meselelerni\u00f1 \u00e7ezimi er bir q\u0131r\u0131mtatar\u0131na ba\u011fl\u0131d\u0131r. O, insanlarn\u0131 daa da aktiv olma\u011fa, aqlar\u0131n\u0131 qor\u00e7alama\u011fa, \u00f6zleri ya\u015fa\u011fan yerlerde camiler qurma\u011fa, balalar\u0131n\u0131\u00f1 ana tilinde oqut\u0131lmas\u0131n\u0131 talap etken arizalarn\u0131 yazma\u011fa \u00e7a\u011f\u0131rd\u0131.<br>\u00c7\u0131q\u0131\u015fta bulun\u011fanlar Q\u0131r\u0131mn\u0131\u00f1 bi\u00f1lernen k\u00f6ylerini boz\u011fan, Hanlar k\u00fct\u00fcphanesini yaqqan elleri qanl\u0131 feldmar\u015fal Lassige eykel qoyulmas\u0131na ve akimiyet vekillerini\u00f1 \u015fu eykel a\u00e7\u0131lmas\u0131nda i\u015ftirak etkenlerine naraz\u0131l\u0131qlar\u0131n\u0131 ifade ettiler.<\/p>\n\n\n\n<p>Mitingni\u00f1 so\u00f1unda on\u0131\u00f1 i\u015ftirak\u00e7ileri bira\u011f\u0131zdan miting qarar\u0131n\u0131 qabul ettiler. Onda q\u0131r\u0131mtatar halq\u0131n\u0131\u00f1 birligini pekitmek ve saylanma organlar\u0131 Qurultay, Milliy Meclis, yerli meclislerni qaviyle\u015ftirmek i\u00e7\u00fcn epsi \u00e7arelerni k\u00f6receklerini bildirdiler.<\/p>\n\n\n\n<p>Ukrainada insan aqlar\u0131n\u0131\u00f1 aqs\u0131mlanmas\u0131, q\u0131r\u0131mtatar halq\u0131 aqlar\u0131n\u0131\u00f1 tiklenilmegeni Ukrainada grajdan cemiyetini qurmaq, b\u00fct\u00fcn sakinleri i\u00e7\u00fcn musaviylik, adalet ve munasip ayat \u015faraitlerini teminlev yolunda mania olalar.<\/p>\n\n\n\n<p>Miting i\u015ftirak\u00e7ileri Ukraina Prezidentine muracaat etip, q\u0131r\u0131mtatar halq\u0131n\u0131\u00f1 te\u015febb\u00fcsi ile 2013 senesi Q\u0131r\u0131mtatar halq\u0131n\u0131\u00f1 \u00f6z Vatan\u0131nda aqlar\u0131n\u0131 \u011fayr\u0131dan tiklev ve Ukrainada on\u0131\u00f1 inki\u015faf\u0131n\u0131 teminlev meselelerine ba\u011f\u0131\u015flan\u011fan halqara forum ke\u00e7irilmesine qoltutma\u011fa \u00e7a\u011f\u0131rd\u0131lar.<\/p>\n\n\n\n<hr class=\"wp-block-separator\"\/>\n\n\n\n<p><em>Mal\u00fcmat i\u00e7\u00fcn:<\/em>&nbsp;Halqara insan aqlar\u0131 k\u00fcn\u00fc BMT Ba\u015f Assambleyas\u0131n\u0131\u00f1 teklifine binaen 1950 senesinden ba\u015flap er y\u0131l dekabr 10 k\u00fcn\u00fc qayd etilmekte. Bu k\u00fcn\u00fc 1948 senesi BMT Ba\u015f Assambleyas\u0131 \u0130nsan aqlar\u0131 umumiy deklaratsiyas\u0131n\u0131 qabul etti.<\/p>\n","protected":false},"excerpt":{"rendered":"<p>B\u00fct\u00fcnq\u0131r\u0131m mitingini\u00f1 i\u015ftirak\u00e7ileri q\u0131r\u0131mtatar halq\u0131n\u0131\u00f1 birligi ve maneviy birdemligini pekitmek, saylanma organlar\u0131n\u0131 qaviyle\u015ftirmek i\u00e7\u00fcn k\u00fc\u00e7-\u011fayretlerini i\u015fleteceklerine s\u00f6z berdiler. Dekabr 10 k\u00fcn\u00fc Milliy Meclis qoltutuv\u0131nda q\u0131r\u0131mtatar cemaat te\u015fkil\u00e2tlar\u0131 Aqmescitni\u00f1 merkeziy meydan\u0131nda Halqara insan aqlar\u0131 k\u00fcn\u00fcne ba\u011f\u0131\u015flan\u011fan B\u00fct\u00fcnq\u0131r\u0131m mitingini ke\u00e7irdiler. &#8220;Menim sesimni\u00f1 de emiyeti bar&#8221; \u015fiar\u0131 alt\u0131nda ke\u00e7ken mitingde Q\u0131r\u0131mn\u0131\u00f1 \u00e7e\u015fit regionlar\u0131ndan kelgen 3 bi\u00f1den ziyade adam [&hellip;]<\/p>\n","protected":false},"author":1,"featured_media":0,"comment_status":"open","ping_status":"open","sticky":false,"template":"","format":"standard","meta":{"inline_featured_image":false,"footnotes":""},"categories":[265],"tags":[],"class_list":["post-35570","post","type-post","status-publish","format-standard","hentry","category-haberler"],"acf":[],"yoast_head":"<!-- This site is optimized with the Yoast SEO plugin v27.4 - https:\/\/yoast.com\/product\/yoast-seo-wordpress\/ -->\n<title>Aqmescitte \u0130nsan aqlar\u0131 k\u00fcn\u00fcne ba\u011f\u0131\u015flan\u011fan B\u00fct\u00fcnq\u0131r\u0131m mitingi ol\u0131p ke\u00e7ti - \u041c\u0435\u0434\u0436\u043b\u0456\u0441<\/title>\n<meta name=\"robots\" content=\"index, follow, max-snippet:-1, max-image-preview:large, max-video-preview:-1\" \/>\n<link rel=\"canonical\" href=\"https:\/\/qtmm.org\/qt\/aqmescitte-insan-aqlari-kunune-bagislangan-butunqirim-mitingi-olip-kecti\/\" \/>\n<meta property=\"og:locale\" content=\"en_US\" \/>\n<meta property=\"og:type\" content=\"article\" \/>\n<meta property=\"og:title\" content=\"Aqmescitte \u0130nsan aqlar\u0131 k\u00fcn\u00fcne ba\u011f\u0131\u015flan\u011fan B\u00fct\u00fcnq\u0131r\u0131m mitingi ol\u0131p ke\u00e7ti - \u041c\u0435\u0434\u0436\u043b\u0456\u0441\" \/>\n<meta property=\"og:description\" content=\"B\u00fct\u00fcnq\u0131r\u0131m mitingini\u00f1 i\u015ftirak\u00e7ileri q\u0131r\u0131mtatar halq\u0131n\u0131\u00f1 birligi ve maneviy birdemligini pekitmek, saylanma organlar\u0131n\u0131 qaviyle\u015ftirmek i\u00e7\u00fcn k\u00fc\u00e7-\u011fayretlerini i\u015fleteceklerine s\u00f6z berdiler. Dekabr 10 k\u00fcn\u00fc Milliy Meclis qoltutuv\u0131nda q\u0131r\u0131mtatar cemaat te\u015fkil\u00e2tlar\u0131 Aqmescitni\u00f1 merkeziy meydan\u0131nda Halqara insan aqlar\u0131 k\u00fcn\u00fcne ba\u011f\u0131\u015flan\u011fan B\u00fct\u00fcnq\u0131r\u0131m mitingini ke\u00e7irdiler. &#8220;Menim sesimni\u00f1 de emiyeti bar&#8221; \u015fiar\u0131 alt\u0131nda ke\u00e7ken mitingde Q\u0131r\u0131mn\u0131\u00f1 \u00e7e\u015fit regionlar\u0131ndan kelgen 3 bi\u00f1den ziyade adam [&hellip;]\" \/>\n<meta property=\"og:url\" content=\"https:\/\/qtmm.org\/qt\/aqmescitte-insan-aqlari-kunune-bagislangan-butunqirim-mitingi-olip-kecti\/\" \/>\n<meta property=\"og:site_name\" content=\"\u041c\u0435\u0434\u0436\u043b\u0456\u0441\" \/>\n<meta property=\"article:publisher\" content=\"https:\/\/www.facebook.com\/qtmm.info\/\" \/>\n<meta property=\"article:published_time\" content=\"2012-12-10T13:02:00+00:00\" \/>\n<meta property=\"article:modified_time\" content=\"2022-01-23T13:02:59+00:00\" \/>\n<meta name=\"author\" content=\"Developer\" \/>\n<meta name=\"twitter:card\" content=\"summary_large_image\" \/>\n<meta name=\"twitter:label1\" content=\"Written by\" \/>\n\t<meta name=\"twitter:data1\" content=\"Developer\" \/>\n\t<meta name=\"twitter:label2\" content=\"Est. reading time\" \/>\n\t<meta name=\"twitter:data2\" content=\"6 minutes\" \/>\n<script type=\"application\/ld+json\" class=\"yoast-schema-graph\">{\"@context\":\"https:\\\/\\\/schema.org\",\"@graph\":[{\"@type\":\"Article\",\"@id\":\"https:\\\/\\\/qtmm.org\\\/qt\\\/aqmescitte-insan-aqlari-kunune-bagislangan-butunqirim-mitingi-olip-kecti\\\/#article\",\"isPartOf\":{\"@id\":\"https:\\\/\\\/qtmm.org\\\/qt\\\/aqmescitte-insan-aqlari-kunune-bagislangan-butunqirim-mitingi-olip-kecti\\\/\"},\"author\":{\"name\":\"Developer\",\"@id\":\"https:\\\/\\\/qtmm.org\\\/qt\\\/#\\\/schema\\\/person\\\/de562469f971dec226ac06e60bbf74a7\"},\"headline\":\"Aqmescitte \u0130nsan aqlar\u0131 k\u00fcn\u00fcne ba\u011f\u0131\u015flan\u011fan B\u00fct\u00fcnq\u0131r\u0131m mitingi ol\u0131p ke\u00e7ti\",\"datePublished\":\"2012-12-10T13:02:00+00:00\",\"dateModified\":\"2022-01-23T13:02:59+00:00\",\"mainEntityOfPage\":{\"@id\":\"https:\\\/\\\/qtmm.org\\\/qt\\\/aqmescitte-insan-aqlari-kunune-bagislangan-butunqirim-mitingi-olip-kecti\\\/\"},\"wordCount\":1307,\"commentCount\":0,\"publisher\":{\"@id\":\"https:\\\/\\\/qtmm.org\\\/qt\\\/#organization\"},\"articleSection\":[\"Haberler\"],\"inLanguage\":\"qt\",\"potentialAction\":[{\"@type\":\"CommentAction\",\"name\":\"Comment\",\"target\":[\"https:\\\/\\\/qtmm.org\\\/qt\\\/aqmescitte-insan-aqlari-kunune-bagislangan-butunqirim-mitingi-olip-kecti\\\/#respond\"]}]},{\"@type\":\"WebPage\",\"@id\":\"https:\\\/\\\/qtmm.org\\\/qt\\\/aqmescitte-insan-aqlari-kunune-bagislangan-butunqirim-mitingi-olip-kecti\\\/\",\"url\":\"https:\\\/\\\/qtmm.org\\\/qt\\\/aqmescitte-insan-aqlari-kunune-bagislangan-butunqirim-mitingi-olip-kecti\\\/\",\"name\":\"Aqmescitte \u0130nsan aqlar\u0131 k\u00fcn\u00fcne ba\u011f\u0131\u015flan\u011fan B\u00fct\u00fcnq\u0131r\u0131m mitingi ol\u0131p ke\u00e7ti - \u041c\u0435\u0434\u0436\u043b\u0456\u0441\",\"isPartOf\":{\"@id\":\"https:\\\/\\\/qtmm.org\\\/qt\\\/#website\"},\"datePublished\":\"2012-12-10T13:02:00+00:00\",\"dateModified\":\"2022-01-23T13:02:59+00:00\",\"breadcrumb\":{\"@id\":\"https:\\\/\\\/qtmm.org\\\/qt\\\/aqmescitte-insan-aqlari-kunune-bagislangan-butunqirim-mitingi-olip-kecti\\\/#breadcrumb\"},\"inLanguage\":\"qt\",\"potentialAction\":[{\"@type\":\"ReadAction\",\"target\":[\"https:\\\/\\\/qtmm.org\\\/qt\\\/aqmescitte-insan-aqlari-kunune-bagislangan-butunqirim-mitingi-olip-kecti\\\/\"]}]},{\"@type\":\"BreadcrumbList\",\"@id\":\"https:\\\/\\\/qtmm.org\\\/qt\\\/aqmescitte-insan-aqlari-kunune-bagislangan-butunqirim-mitingi-olip-kecti\\\/#breadcrumb\",\"itemListElement\":[{\"@type\":\"ListItem\",\"position\":1,\"name\":\"\u0413\u043e\u043b\u043e\u0432\u043d\u0430\",\"item\":\"https:\\\/\\\/qtmm.org\\\/qt\\\/\"},{\"@type\":\"ListItem\",\"position\":2,\"name\":\"Aqmescitte \u0130nsan aqlar\u0131 k\u00fcn\u00fcne ba\u011f\u0131\u015flan\u011fan B\u00fct\u00fcnq\u0131r\u0131m mitingi ol\u0131p ke\u00e7ti\"}]},{\"@type\":\"WebSite\",\"@id\":\"https:\\\/\\\/qtmm.org\\\/qt\\\/#website\",\"url\":\"https:\\\/\\\/qtmm.org\\\/qt\\\/\",\"name\":\"\u041c\u0435\u0434\u0436\u043b\u0456\u0441\",\"description\":\"\",\"publisher\":{\"@id\":\"https:\\\/\\\/qtmm.org\\\/qt\\\/#organization\"},\"potentialAction\":[{\"@type\":\"SearchAction\",\"target\":{\"@type\":\"EntryPoint\",\"urlTemplate\":\"https:\\\/\\\/qtmm.org\\\/qt\\\/?s={search_term_string}\"},\"query-input\":{\"@type\":\"PropertyValueSpecification\",\"valueRequired\":true,\"valueName\":\"search_term_string\"}}],\"inLanguage\":\"qt\"},{\"@type\":\"Organization\",\"@id\":\"https:\\\/\\\/qtmm.org\\\/qt\\\/#organization\",\"name\":\"\u041c\u0435\u0434\u0436\u043b\u0456\u0441\",\"url\":\"https:\\\/\\\/qtmm.org\\\/qt\\\/\",\"logo\":{\"@type\":\"ImageObject\",\"inLanguage\":\"qt\",\"@id\":\"https:\\\/\\\/qtmm.org\\\/qt\\\/#\\\/schema\\\/logo\\\/image\\\/\",\"url\":\"https:\\\/\\\/qtmm.org\\\/wp-content\\\/uploads\\\/2024\\\/12\\\/ua-mejlis-logo-rgb.svg\",\"contentUrl\":\"https:\\\/\\\/qtmm.org\\\/wp-content\\\/uploads\\\/2024\\\/12\\\/ua-mejlis-logo-rgb.svg\",\"caption\":\"\u041c\u0435\u0434\u0436\u043b\u0456\u0441\"},\"image\":{\"@id\":\"https:\\\/\\\/qtmm.org\\\/qt\\\/#\\\/schema\\\/logo\\\/image\\\/\"},\"sameAs\":[\"https:\\\/\\\/www.facebook.com\\\/qtmm.info\\\/\"]},{\"@type\":\"Person\",\"@id\":\"https:\\\/\\\/qtmm.org\\\/qt\\\/#\\\/schema\\\/person\\\/de562469f971dec226ac06e60bbf74a7\",\"name\":\"Developer\",\"image\":{\"@type\":\"ImageObject\",\"inLanguage\":\"qt\",\"@id\":\"https:\\\/\\\/secure.gravatar.com\\\/avatar\\\/392b4cc8fbfeb00b39dfeeab4ee6edded39ffd48e25858637e4765810300227e?s=96&d=mm&r=g\",\"url\":\"https:\\\/\\\/secure.gravatar.com\\\/avatar\\\/392b4cc8fbfeb00b39dfeeab4ee6edded39ffd48e25858637e4765810300227e?s=96&d=mm&r=g\",\"contentUrl\":\"https:\\\/\\\/secure.gravatar.com\\\/avatar\\\/392b4cc8fbfeb00b39dfeeab4ee6edded39ffd48e25858637e4765810300227e?s=96&d=mm&r=g\",\"caption\":\"Developer\"},\"url\":\"https:\\\/\\\/qtmm.org\\\/qt\\\/author\\\/Developer\\\/\"}]}<\/script>\n<!-- \/ Yoast SEO plugin. -->","yoast_head_json":{"title":"Aqmescitte \u0130nsan aqlar\u0131 k\u00fcn\u00fcne ba\u011f\u0131\u015flan\u011fan B\u00fct\u00fcnq\u0131r\u0131m mitingi ol\u0131p ke\u00e7ti - \u041c\u0435\u0434\u0436\u043b\u0456\u0441","robots":{"index":"index","follow":"follow","max-snippet":"max-snippet:-1","max-image-preview":"max-image-preview:large","max-video-preview":"max-video-preview:-1"},"canonical":"https:\/\/qtmm.org\/qt\/aqmescitte-insan-aqlari-kunune-bagislangan-butunqirim-mitingi-olip-kecti\/","og_locale":"en_US","og_type":"article","og_title":"Aqmescitte \u0130nsan aqlar\u0131 k\u00fcn\u00fcne ba\u011f\u0131\u015flan\u011fan B\u00fct\u00fcnq\u0131r\u0131m mitingi ol\u0131p ke\u00e7ti - \u041c\u0435\u0434\u0436\u043b\u0456\u0441","og_description":"B\u00fct\u00fcnq\u0131r\u0131m mitingini\u00f1 i\u015ftirak\u00e7ileri q\u0131r\u0131mtatar halq\u0131n\u0131\u00f1 birligi ve maneviy birdemligini pekitmek, saylanma organlar\u0131n\u0131 qaviyle\u015ftirmek i\u00e7\u00fcn k\u00fc\u00e7-\u011fayretlerini i\u015fleteceklerine s\u00f6z berdiler. Dekabr 10 k\u00fcn\u00fc Milliy Meclis qoltutuv\u0131nda q\u0131r\u0131mtatar cemaat te\u015fkil\u00e2tlar\u0131 Aqmescitni\u00f1 merkeziy meydan\u0131nda Halqara insan aqlar\u0131 k\u00fcn\u00fcne ba\u011f\u0131\u015flan\u011fan B\u00fct\u00fcnq\u0131r\u0131m mitingini ke\u00e7irdiler. &#8220;Menim sesimni\u00f1 de emiyeti bar&#8221; \u015fiar\u0131 alt\u0131nda ke\u00e7ken mitingde Q\u0131r\u0131mn\u0131\u00f1 \u00e7e\u015fit regionlar\u0131ndan kelgen 3 bi\u00f1den ziyade adam [&hellip;]","og_url":"https:\/\/qtmm.org\/qt\/aqmescitte-insan-aqlari-kunune-bagislangan-butunqirim-mitingi-olip-kecti\/","og_site_name":"\u041c\u0435\u0434\u0436\u043b\u0456\u0441","article_publisher":"https:\/\/www.facebook.com\/qtmm.info\/","article_published_time":"2012-12-10T13:02:00+00:00","article_modified_time":"2022-01-23T13:02:59+00:00","author":"Developer","twitter_card":"summary_large_image","twitter_misc":{"Written by":"Developer","Est. reading time":"6 minutes"},"schema":{"@context":"https:\/\/schema.org","@graph":[{"@type":"Article","@id":"https:\/\/qtmm.org\/qt\/aqmescitte-insan-aqlari-kunune-bagislangan-butunqirim-mitingi-olip-kecti\/#article","isPartOf":{"@id":"https:\/\/qtmm.org\/qt\/aqmescitte-insan-aqlari-kunune-bagislangan-butunqirim-mitingi-olip-kecti\/"},"author":{"name":"Developer","@id":"https:\/\/qtmm.org\/qt\/#\/schema\/person\/de562469f971dec226ac06e60bbf74a7"},"headline":"Aqmescitte \u0130nsan aqlar\u0131 k\u00fcn\u00fcne ba\u011f\u0131\u015flan\u011fan B\u00fct\u00fcnq\u0131r\u0131m mitingi ol\u0131p ke\u00e7ti","datePublished":"2012-12-10T13:02:00+00:00","dateModified":"2022-01-23T13:02:59+00:00","mainEntityOfPage":{"@id":"https:\/\/qtmm.org\/qt\/aqmescitte-insan-aqlari-kunune-bagislangan-butunqirim-mitingi-olip-kecti\/"},"wordCount":1307,"commentCount":0,"publisher":{"@id":"https:\/\/qtmm.org\/qt\/#organization"},"articleSection":["Haberler"],"inLanguage":"qt","potentialAction":[{"@type":"CommentAction","name":"Comment","target":["https:\/\/qtmm.org\/qt\/aqmescitte-insan-aqlari-kunune-bagislangan-butunqirim-mitingi-olip-kecti\/#respond"]}]},{"@type":"WebPage","@id":"https:\/\/qtmm.org\/qt\/aqmescitte-insan-aqlari-kunune-bagislangan-butunqirim-mitingi-olip-kecti\/","url":"https:\/\/qtmm.org\/qt\/aqmescitte-insan-aqlari-kunune-bagislangan-butunqirim-mitingi-olip-kecti\/","name":"Aqmescitte \u0130nsan aqlar\u0131 k\u00fcn\u00fcne ba\u011f\u0131\u015flan\u011fan B\u00fct\u00fcnq\u0131r\u0131m mitingi ol\u0131p ke\u00e7ti - \u041c\u0435\u0434\u0436\u043b\u0456\u0441","isPartOf":{"@id":"https:\/\/qtmm.org\/qt\/#website"},"datePublished":"2012-12-10T13:02:00+00:00","dateModified":"2022-01-23T13:02:59+00:00","breadcrumb":{"@id":"https:\/\/qtmm.org\/qt\/aqmescitte-insan-aqlari-kunune-bagislangan-butunqirim-mitingi-olip-kecti\/#breadcrumb"},"inLanguage":"qt","potentialAction":[{"@type":"ReadAction","target":["https:\/\/qtmm.org\/qt\/aqmescitte-insan-aqlari-kunune-bagislangan-butunqirim-mitingi-olip-kecti\/"]}]},{"@type":"BreadcrumbList","@id":"https:\/\/qtmm.org\/qt\/aqmescitte-insan-aqlari-kunune-bagislangan-butunqirim-mitingi-olip-kecti\/#breadcrumb","itemListElement":[{"@type":"ListItem","position":1,"name":"\u0413\u043e\u043b\u043e\u0432\u043d\u0430","item":"https:\/\/qtmm.org\/qt\/"},{"@type":"ListItem","position":2,"name":"Aqmescitte \u0130nsan aqlar\u0131 k\u00fcn\u00fcne ba\u011f\u0131\u015flan\u011fan B\u00fct\u00fcnq\u0131r\u0131m mitingi ol\u0131p ke\u00e7ti"}]},{"@type":"WebSite","@id":"https:\/\/qtmm.org\/qt\/#website","url":"https:\/\/qtmm.org\/qt\/","name":"\u041c\u0435\u0434\u0436\u043b\u0456\u0441","description":"","publisher":{"@id":"https:\/\/qtmm.org\/qt\/#organization"},"potentialAction":[{"@type":"SearchAction","target":{"@type":"EntryPoint","urlTemplate":"https:\/\/qtmm.org\/qt\/?s={search_term_string}"},"query-input":{"@type":"PropertyValueSpecification","valueRequired":true,"valueName":"search_term_string"}}],"inLanguage":"qt"},{"@type":"Organization","@id":"https:\/\/qtmm.org\/qt\/#organization","name":"\u041c\u0435\u0434\u0436\u043b\u0456\u0441","url":"https:\/\/qtmm.org\/qt\/","logo":{"@type":"ImageObject","inLanguage":"qt","@id":"https:\/\/qtmm.org\/qt\/#\/schema\/logo\/image\/","url":"https:\/\/qtmm.org\/wp-content\/uploads\/2024\/12\/ua-mejlis-logo-rgb.svg","contentUrl":"https:\/\/qtmm.org\/wp-content\/uploads\/2024\/12\/ua-mejlis-logo-rgb.svg","caption":"\u041c\u0435\u0434\u0436\u043b\u0456\u0441"},"image":{"@id":"https:\/\/qtmm.org\/qt\/#\/schema\/logo\/image\/"},"sameAs":["https:\/\/www.facebook.com\/qtmm.info\/"]},{"@type":"Person","@id":"https:\/\/qtmm.org\/qt\/#\/schema\/person\/de562469f971dec226ac06e60bbf74a7","name":"Developer","image":{"@type":"ImageObject","inLanguage":"qt","@id":"https:\/\/secure.gravatar.com\/avatar\/392b4cc8fbfeb00b39dfeeab4ee6edded39ffd48e25858637e4765810300227e?s=96&d=mm&r=g","url":"https:\/\/secure.gravatar.com\/avatar\/392b4cc8fbfeb00b39dfeeab4ee6edded39ffd48e25858637e4765810300227e?s=96&d=mm&r=g","contentUrl":"https:\/\/secure.gravatar.com\/avatar\/392b4cc8fbfeb00b39dfeeab4ee6edded39ffd48e25858637e4765810300227e?s=96&d=mm&r=g","caption":"Developer"},"url":"https:\/\/qtmm.org\/qt\/author\/Developer\/"}]}},"_links":{"self":[{"href":"https:\/\/qtmm.org\/qt\/wp-json\/wp\/v2\/posts\/35570","targetHints":{"allow":["GET"]}}],"collection":[{"href":"https:\/\/qtmm.org\/qt\/wp-json\/wp\/v2\/posts"}],"about":[{"href":"https:\/\/qtmm.org\/qt\/wp-json\/wp\/v2\/types\/post"}],"author":[{"embeddable":true,"href":"https:\/\/qtmm.org\/qt\/wp-json\/wp\/v2\/users\/1"}],"replies":[{"embeddable":true,"href":"https:\/\/qtmm.org\/qt\/wp-json\/wp\/v2\/comments?post=35570"}],"version-history":[{"count":1,"href":"https:\/\/qtmm.org\/qt\/wp-json\/wp\/v2\/posts\/35570\/revisions"}],"predecessor-version":[{"id":35571,"href":"https:\/\/qtmm.org\/qt\/wp-json\/wp\/v2\/posts\/35570\/revisions\/35571"}],"wp:attachment":[{"href":"https:\/\/qtmm.org\/qt\/wp-json\/wp\/v2\/media?parent=35570"}],"wp:term":[{"taxonomy":"category","embeddable":true,"href":"https:\/\/qtmm.org\/qt\/wp-json\/wp\/v2\/categories?post=35570"},{"taxonomy":"post_tag","embeddable":true,"href":"https:\/\/qtmm.org\/qt\/wp-json\/wp\/v2\/tags?post=35570"}],"curies":[{"name":"wp","href":"https:\/\/api.w.org\/{rel}","templated":true}]}}