




{"id":35552,"date":"2012-12-05T16:00:00","date_gmt":"2012-12-05T13:00:00","guid":{"rendered":"http:\/\/qtmm.org\/?p=35552"},"modified":"2022-01-23T16:02:17","modified_gmt":"2022-01-23T13:02:17","slug":"tarihcilar-kuc-isletmek-yerine-dialog-ile-anlasmaq-mumkunliginde-eminler","status":"publish","type":"post","link":"https:\/\/qtmm.org\/qt\/tarihcilar-kuc-isletmek-yerine-dialog-ile-anlasmaq-mumkunliginde-eminler\/","title":{"rendered":"Tarih\u00e7\u0131lar k\u00fc\u00e7 i\u015fletmek yerine dialog ile a\u00f1la\u015fmaq m\u00fcmk\u00fcnliginde eminler"},"content":{"rendered":"\n<p>5 dekabr k\u00fcn\u00fc Aqmescitte &#8220;Q\u0131r\u0131m siyasiy dialog\u0131&#8221; leyhas\u0131 \u00e7er\u00e7ivesinde \u015fu leyha m\u00fcellifleri ol\u011fan Q\u0131r\u0131m tarih\u00e7\u0131lar\u0131 jurnalistlernen k\u00f6r\u00fc\u015ftiler.<\/p>\n\n\n\n<p>Leyhan\u0131\u00f1 daimiy i\u015ftirak\u00e7ileri Q\u0131r\u0131mda milletlerara munasebetleri ep kerginle\u015fmesinen tel\u00e2\u015flan\u011fanlar\u0131n\u0131 seslendirip, menfaatdar taraflarn\u0131 k\u00fc\u00e7 i\u015fletilmesine yol bermemege \u00e7a\u011f\u0131rd\u0131lar. \u00c7\u00fcnki ufaq davalar milletler aras\u0131nda qav\u011fa\u011fa al\u0131p kele bilir. K\u00f6r\u00fc\u015f\u00fcv i\u015ftirak\u00e7ileri jurnalistlerni &#8220;Q\u0131r\u0131m siyasiy dialog\u0131&#8221; tarih\u00e7\u0131lar\u0131n\u0131\u00f1 \u011fayelerinen tan\u0131\u015f ettiler. Bu \u2013 Q\u0131r\u0131mda professional tarih\u00e7\u0131larn\u0131\u00f1 ve umumen b\u00fct\u00fcn cemiyetni\u00f1 birle\u015fmesini teminleycek tedbirlerdir.<\/p>\n\n\n\n<p>&#8220;Teess\u00fcf ki, Q\u0131r\u0131m tarih\u0131 Q\u0131r\u0131m cemiyetini b\u00f6lmekte. Birinci nevbette bu, 1944 senesi s\u00fcrg\u00fcnliginden so\u00f1 Q\u0131r\u0131m\u015f\u0131nasl\u0131q tedqiqatlarn\u0131\u00f1 saifelerinde yar\u0131madan\u0131\u00f1 tam\u0131r halq\u0131 &#8220;\u011fay\u0131p old\u0131&#8221;, Q\u0131r\u0131mda q\u0131r\u0131mtatarlarnen ba\u011fl\u0131 m\u00fcsbet vaqialarn\u0131\u00f1 episi silindi, &#8211; dey belli tarih\u00e7\u0131, siyasiy ilimler namzeti G\u00fclnara Bekirova. \u2013 \u015eiddetli tsenzura \u015faraitlerinde Q\u0131r\u0131m tarih\u0131ndan H1H as\u0131r ve Q\u0131r\u0131m Muhtar Cumhuriyet ol\u011fan \u00e7erik as\u0131r yal\u0131\u00f1\u0131z bir sebepten \u00f6tr\u00fc yani tarih meydan\u0131nda q\u0131r\u0131mtatarlar faal areket etkenleri i\u00e7\u00fcn t\u00fc\u015fip qald\u0131. Bu bo\u015fluqn\u0131 toldurma\u011fa, &#8220;devirler aras\u0131nda \u00fcz\u00fclgen ba\u011fn\u0131&#8221; \u011fayr\u0131dan tiklemekni tarih\u00e7\u0131larn\u0131\u00f1 ya\u00f1\u0131 nesili boynuna ald\u0131&#8221;.<\/p>\n\n\n\n<figure class=\"wp-block-image size-full\"><img loading=\"lazy\" decoding=\"async\" width=\"650\" height=\"400\" src=\"http:\/\/qtmm.org\/wp-content\/uploads\/2022\/01\/img_0192.jpeg\" alt=\"\" class=\"wp-image-35557\" srcset=\"https:\/\/qtmm.org\/wp-content\/uploads\/2022\/01\/img_0192.jpeg 650w, https:\/\/qtmm.org\/wp-content\/uploads\/2022\/01\/img_0192-300x185.jpeg 300w\" sizes=\"auto, (max-width: 650px) 100vw, 650px\" \/><\/figure>\n\n\n\n<p>G\u00fclnara Bekirovan\u0131\u00f1 fikrince q\u0131r\u0131ml\u0131 \u00fclke\u015f\u0131nas tarih\u00e7\u0131lar\u0131 \u00e7e\u015fit siyasiy aq\u0131mlar\u011fa mens\u00fcp ol\u011fan\u0131 m\u00fcrekkep meselelerni beraber otur\u0131p muzakere etmelerine mania ola.<\/p>\n\n\n\n<p>&#8220;Ebet, biz meslekde\u015flerimiznen beraber Q\u0131r\u0131mda bug\u00fcnki m\u00fcrekkep vaziyet \u015faraitinde Q\u0131r\u0131m tarih\u0131 boyunca dialog al\u0131p barmaqn\u0131\u00f1 zorlu\u011f\u0131n\u0131 a\u00f1laym\u0131z. \u00c7\u00fcnki \u015fimdi y\u00fcz bergen adiseler \u00f6zara dialog\u011fa imk\u00e2n qald\u0131rmay, aksine yar\u0131madadaki zarif bar\u0131\u015f\u0131qn\u0131 bile darma-da\u011f\u0131n etebilir. Amma ille \u015f\u00f6yle vaziyette dialog \u2013 &#8220;suvuq&#8221; cenkni ye\u00f1er. Biz kelecekke \u00e7al\u0131\u015fam\u0131z ve \u00fcm\u00fct etemiz ki, leyha tarih\u00e7\u0131lar\u0131 Q\u0131r\u0131mda maneviy iqlimni y\u0131m\u015fat\u0131rlar, Q\u0131r\u0131m cemiyetini\u00f1 par\u00e7alanmas\u0131na yol bermeden, aksine ayr\u0131-ayr\u0131 par\u00e7alarn\u0131 birle\u015ftirirmiz&#8221;.<\/p>\n\n\n\n<figure class=\"wp-block-image size-full\"><img loading=\"lazy\" decoding=\"async\" width=\"650\" height=\"400\" src=\"http:\/\/qtmm.org\/wp-content\/uploads\/2022\/01\/img_0141.jpeg\" alt=\"\" class=\"wp-image-35561\" srcset=\"https:\/\/qtmm.org\/wp-content\/uploads\/2022\/01\/img_0141.jpeg 650w, https:\/\/qtmm.org\/wp-content\/uploads\/2022\/01\/img_0141-300x185.jpeg 300w\" sizes=\"auto, (max-width: 650px) 100vw, 650px\" \/><\/figure>\n\n\n\n<p>G. Bekirova \u015fun\u0131 da qayd ete ki, birinci ad\u0131mlar ve te\u015febb\u00fcsler yaq\u0131n vaq\u0131tta amelge ke\u00e7irilecek. Leyha ke\u00e7irecek tedbirler s\u0131ras\u0131nda tarih\u00e7\u0131lar manifestini i\u015flemek ve Halqara professiional tarih\u00e7\u0131lar ve gumanitariyler birle\u015fmesini meydan\u011fa ketirmek, Halqara professiional tarih\u00e7\u0131lar ve gumanitariyler konferentsiyas\u0131n\u0131 te\u015fkil\u00e2tland\u0131rmaq.<\/p>\n\n\n\n<p>Bu tedbirlerde tabiiy ki, Q\u0131r\u0131mda ke\u00e7mi\u015fteki davalarn\u0131 yat\u0131\u015ft\u0131rmaq problemleri muzakere olunacaq. Aliy oquv yurtlar\u0131n\u0131\u00f1 studentleri i\u00e7\u00fcn mahsus kurslar al\u0131p bar\u0131lmas\u0131 m\u00fcim meselelerden biridir. Bu dersler studentlerni\u00f1 tenqidiy a\u00f1\u0131n\u0131 inki\u015faf ettirir, Q\u0131r\u0131m tarih\u0131ndaki daval\u0131 mevzular\u011fa ya\u00f1\u0131 k\u00f6znen baqma\u011fa \u00f6gretir.<\/p>\n\n\n\n<p>&#8220;Q\u0131r\u0131m siyasiy dialog\u0131&#8221; tarih\u00e7\u0131lar\u0131n\u0131\u00f1 fikrince, tarih ve professionallarn\u0131\u00f1 munaqa\u015falar\u0131 ne qadar keskin olmas\u0131n, vatanda\u015flar cenkine al\u0131p kelmemek, cemiyetni b\u00f6lmek i\u00e7\u00fcn sil\u00e2 olmamaq kerekler.<\/p>\n\n\n\n<figure class=\"wp-block-image size-full\"><img loading=\"lazy\" decoding=\"async\" width=\"650\" height=\"400\" src=\"http:\/\/qtmm.org\/wp-content\/uploads\/2022\/01\/img_0188.jpeg\" alt=\"\" class=\"wp-image-35565\" srcset=\"https:\/\/qtmm.org\/wp-content\/uploads\/2022\/01\/img_0188.jpeg 650w, https:\/\/qtmm.org\/wp-content\/uploads\/2022\/01\/img_0188-300x185.jpeg 300w\" sizes=\"auto, (max-width: 650px) 100vw, 650px\" \/><\/figure>\n","protected":false},"excerpt":{"rendered":"<p>5 dekabr k\u00fcn\u00fc Aqmescitte &#8220;Q\u0131r\u0131m siyasiy dialog\u0131&#8221; leyhas\u0131 \u00e7er\u00e7ivesinde \u015fu leyha m\u00fcellifleri ol\u011fan Q\u0131r\u0131m tarih\u00e7\u0131lar\u0131 jurnalistlernen k\u00f6r\u00fc\u015ftiler. Leyhan\u0131\u00f1 daimiy i\u015ftirak\u00e7ileri Q\u0131r\u0131mda milletlerara munasebetleri ep kerginle\u015fmesinen tel\u00e2\u015flan\u011fanlar\u0131n\u0131 seslendirip, menfaatdar taraflarn\u0131 k\u00fc\u00e7 i\u015fletilmesine yol bermemege \u00e7a\u011f\u0131rd\u0131lar. \u00c7\u00fcnki ufaq davalar milletler aras\u0131nda qav\u011fa\u011fa al\u0131p kele bilir. K\u00f6r\u00fc\u015f\u00fcv i\u015ftirak\u00e7ileri jurnalistlerni &#8220;Q\u0131r\u0131m siyasiy dialog\u0131&#8221; tarih\u00e7\u0131lar\u0131n\u0131\u00f1 \u011fayelerinen tan\u0131\u015f ettiler. Bu \u2013 [&hellip;]<\/p>\n","protected":false},"author":1,"featured_media":35553,"comment_status":"open","ping_status":"open","sticky":false,"template":"","format":"standard","meta":{"inline_featured_image":false,"footnotes":""},"categories":[265],"tags":[],"class_list":["post-35552","post","type-post","status-publish","format-standard","has-post-thumbnail","hentry","category-haberler"],"acf":[],"yoast_head":"<!-- This site is optimized with the Yoast SEO plugin v27.4 - https:\/\/yoast.com\/product\/yoast-seo-wordpress\/ -->\n<title>Tarih\u00e7\u0131lar k\u00fc\u00e7 i\u015fletmek yerine dialog ile a\u00f1la\u015fmaq m\u00fcmk\u00fcnliginde eminler - \u041c\u0435\u0434\u0436\u043b\u0456\u0441<\/title>\n<meta name=\"robots\" content=\"index, follow, max-snippet:-1, max-image-preview:large, max-video-preview:-1\" \/>\n<link rel=\"canonical\" href=\"https:\/\/qtmm.org\/qt\/tarihcilar-kuc-isletmek-yerine-dialog-ile-anlasmaq-mumkunliginde-eminler\/\" \/>\n<meta property=\"og:locale\" content=\"en_US\" \/>\n<meta property=\"og:type\" content=\"article\" \/>\n<meta property=\"og:title\" content=\"Tarih\u00e7\u0131lar k\u00fc\u00e7 i\u015fletmek yerine dialog ile a\u00f1la\u015fmaq m\u00fcmk\u00fcnliginde eminler - \u041c\u0435\u0434\u0436\u043b\u0456\u0441\" \/>\n<meta property=\"og:description\" content=\"5 dekabr k\u00fcn\u00fc Aqmescitte &#8220;Q\u0131r\u0131m siyasiy dialog\u0131&#8221; leyhas\u0131 \u00e7er\u00e7ivesinde \u015fu leyha m\u00fcellifleri ol\u011fan Q\u0131r\u0131m tarih\u00e7\u0131lar\u0131 jurnalistlernen k\u00f6r\u00fc\u015ftiler. Leyhan\u0131\u00f1 daimiy i\u015ftirak\u00e7ileri Q\u0131r\u0131mda milletlerara munasebetleri ep kerginle\u015fmesinen tel\u00e2\u015flan\u011fanlar\u0131n\u0131 seslendirip, menfaatdar taraflarn\u0131 k\u00fc\u00e7 i\u015fletilmesine yol bermemege \u00e7a\u011f\u0131rd\u0131lar. \u00c7\u00fcnki ufaq davalar milletler aras\u0131nda qav\u011fa\u011fa al\u0131p kele bilir. K\u00f6r\u00fc\u015f\u00fcv i\u015ftirak\u00e7ileri jurnalistlerni &#8220;Q\u0131r\u0131m siyasiy dialog\u0131&#8221; tarih\u00e7\u0131lar\u0131n\u0131\u00f1 \u011fayelerinen tan\u0131\u015f ettiler. Bu \u2013 [&hellip;]\" \/>\n<meta property=\"og:url\" content=\"https:\/\/qtmm.org\/qt\/tarihcilar-kuc-isletmek-yerine-dialog-ile-anlasmaq-mumkunliginde-eminler\/\" \/>\n<meta property=\"og:site_name\" content=\"\u041c\u0435\u0434\u0436\u043b\u0456\u0441\" \/>\n<meta property=\"article:publisher\" content=\"https:\/\/www.facebook.com\/qtmm.info\/\" \/>\n<meta property=\"article:published_time\" content=\"2012-12-05T13:00:00+00:00\" \/>\n<meta property=\"article:modified_time\" content=\"2022-01-23T13:02:17+00:00\" \/>\n<meta property=\"og:image\" content=\"https:\/\/qtmm.org\/wp-content\/uploads\/2022\/01\/img_0174.jpeg\" \/>\n\t<meta property=\"og:image:width\" content=\"650\" \/>\n\t<meta property=\"og:image:height\" content=\"400\" \/>\n\t<meta property=\"og:image:type\" content=\"image\/jpeg\" \/>\n<meta name=\"author\" content=\"Developer\" \/>\n<meta name=\"twitter:card\" content=\"summary_large_image\" \/>\n<meta name=\"twitter:label1\" content=\"Written by\" \/>\n\t<meta name=\"twitter:data1\" content=\"Developer\" \/>\n\t<meta name=\"twitter:label2\" content=\"Est. reading time\" \/>\n\t<meta name=\"twitter:data2\" content=\"3 minutes\" \/>\n<script type=\"application\/ld+json\" class=\"yoast-schema-graph\">{\"@context\":\"https:\\\/\\\/schema.org\",\"@graph\":[{\"@type\":\"Article\",\"@id\":\"https:\\\/\\\/qtmm.org\\\/qt\\\/tarihcilar-kuc-isletmek-yerine-dialog-ile-anlasmaq-mumkunliginde-eminler\\\/#article\",\"isPartOf\":{\"@id\":\"https:\\\/\\\/qtmm.org\\\/qt\\\/tarihcilar-kuc-isletmek-yerine-dialog-ile-anlasmaq-mumkunliginde-eminler\\\/\"},\"author\":{\"name\":\"Developer\",\"@id\":\"https:\\\/\\\/qtmm.org\\\/qt\\\/#\\\/schema\\\/person\\\/de562469f971dec226ac06e60bbf74a7\"},\"headline\":\"Tarih\u00e7\u0131lar k\u00fc\u00e7 i\u015fletmek yerine dialog ile a\u00f1la\u015fmaq m\u00fcmk\u00fcnliginde eminler\",\"datePublished\":\"2012-12-05T13:00:00+00:00\",\"dateModified\":\"2022-01-23T13:02:17+00:00\",\"mainEntityOfPage\":{\"@id\":\"https:\\\/\\\/qtmm.org\\\/qt\\\/tarihcilar-kuc-isletmek-yerine-dialog-ile-anlasmaq-mumkunliginde-eminler\\\/\"},\"wordCount\":517,\"commentCount\":0,\"publisher\":{\"@id\":\"https:\\\/\\\/qtmm.org\\\/qt\\\/#organization\"},\"image\":{\"@id\":\"https:\\\/\\\/qtmm.org\\\/qt\\\/tarihcilar-kuc-isletmek-yerine-dialog-ile-anlasmaq-mumkunliginde-eminler\\\/#primaryimage\"},\"thumbnailUrl\":\"https:\\\/\\\/qtmm.org\\\/wp-content\\\/uploads\\\/2022\\\/01\\\/img_0174.jpeg\",\"articleSection\":[\"Haberler\"],\"inLanguage\":\"qt\",\"potentialAction\":[{\"@type\":\"CommentAction\",\"name\":\"Comment\",\"target\":[\"https:\\\/\\\/qtmm.org\\\/qt\\\/tarihcilar-kuc-isletmek-yerine-dialog-ile-anlasmaq-mumkunliginde-eminler\\\/#respond\"]}]},{\"@type\":\"WebPage\",\"@id\":\"https:\\\/\\\/qtmm.org\\\/qt\\\/tarihcilar-kuc-isletmek-yerine-dialog-ile-anlasmaq-mumkunliginde-eminler\\\/\",\"url\":\"https:\\\/\\\/qtmm.org\\\/qt\\\/tarihcilar-kuc-isletmek-yerine-dialog-ile-anlasmaq-mumkunliginde-eminler\\\/\",\"name\":\"Tarih\u00e7\u0131lar k\u00fc\u00e7 i\u015fletmek yerine dialog ile a\u00f1la\u015fmaq m\u00fcmk\u00fcnliginde eminler - \u041c\u0435\u0434\u0436\u043b\u0456\u0441\",\"isPartOf\":{\"@id\":\"https:\\\/\\\/qtmm.org\\\/qt\\\/#website\"},\"primaryImageOfPage\":{\"@id\":\"https:\\\/\\\/qtmm.org\\\/qt\\\/tarihcilar-kuc-isletmek-yerine-dialog-ile-anlasmaq-mumkunliginde-eminler\\\/#primaryimage\"},\"image\":{\"@id\":\"https:\\\/\\\/qtmm.org\\\/qt\\\/tarihcilar-kuc-isletmek-yerine-dialog-ile-anlasmaq-mumkunliginde-eminler\\\/#primaryimage\"},\"thumbnailUrl\":\"https:\\\/\\\/qtmm.org\\\/wp-content\\\/uploads\\\/2022\\\/01\\\/img_0174.jpeg\",\"datePublished\":\"2012-12-05T13:00:00+00:00\",\"dateModified\":\"2022-01-23T13:02:17+00:00\",\"breadcrumb\":{\"@id\":\"https:\\\/\\\/qtmm.org\\\/qt\\\/tarihcilar-kuc-isletmek-yerine-dialog-ile-anlasmaq-mumkunliginde-eminler\\\/#breadcrumb\"},\"inLanguage\":\"qt\",\"potentialAction\":[{\"@type\":\"ReadAction\",\"target\":[\"https:\\\/\\\/qtmm.org\\\/qt\\\/tarihcilar-kuc-isletmek-yerine-dialog-ile-anlasmaq-mumkunliginde-eminler\\\/\"]}]},{\"@type\":\"ImageObject\",\"inLanguage\":\"qt\",\"@id\":\"https:\\\/\\\/qtmm.org\\\/qt\\\/tarihcilar-kuc-isletmek-yerine-dialog-ile-anlasmaq-mumkunliginde-eminler\\\/#primaryimage\",\"url\":\"https:\\\/\\\/qtmm.org\\\/wp-content\\\/uploads\\\/2022\\\/01\\\/img_0174.jpeg\",\"contentUrl\":\"https:\\\/\\\/qtmm.org\\\/wp-content\\\/uploads\\\/2022\\\/01\\\/img_0174.jpeg\",\"width\":650,\"height\":400},{\"@type\":\"BreadcrumbList\",\"@id\":\"https:\\\/\\\/qtmm.org\\\/qt\\\/tarihcilar-kuc-isletmek-yerine-dialog-ile-anlasmaq-mumkunliginde-eminler\\\/#breadcrumb\",\"itemListElement\":[{\"@type\":\"ListItem\",\"position\":1,\"name\":\"\u0413\u043e\u043b\u043e\u0432\u043d\u0430\",\"item\":\"https:\\\/\\\/qtmm.org\\\/qt\\\/\"},{\"@type\":\"ListItem\",\"position\":2,\"name\":\"Tarih\u00e7\u0131lar k\u00fc\u00e7 i\u015fletmek yerine dialog ile a\u00f1la\u015fmaq m\u00fcmk\u00fcnliginde eminler\"}]},{\"@type\":\"WebSite\",\"@id\":\"https:\\\/\\\/qtmm.org\\\/qt\\\/#website\",\"url\":\"https:\\\/\\\/qtmm.org\\\/qt\\\/\",\"name\":\"\u041c\u0435\u0434\u0436\u043b\u0456\u0441\",\"description\":\"\",\"publisher\":{\"@id\":\"https:\\\/\\\/qtmm.org\\\/qt\\\/#organization\"},\"potentialAction\":[{\"@type\":\"SearchAction\",\"target\":{\"@type\":\"EntryPoint\",\"urlTemplate\":\"https:\\\/\\\/qtmm.org\\\/qt\\\/?s={search_term_string}\"},\"query-input\":{\"@type\":\"PropertyValueSpecification\",\"valueRequired\":true,\"valueName\":\"search_term_string\"}}],\"inLanguage\":\"qt\"},{\"@type\":\"Organization\",\"@id\":\"https:\\\/\\\/qtmm.org\\\/qt\\\/#organization\",\"name\":\"\u041c\u0435\u0434\u0436\u043b\u0456\u0441\",\"url\":\"https:\\\/\\\/qtmm.org\\\/qt\\\/\",\"logo\":{\"@type\":\"ImageObject\",\"inLanguage\":\"qt\",\"@id\":\"https:\\\/\\\/qtmm.org\\\/qt\\\/#\\\/schema\\\/logo\\\/image\\\/\",\"url\":\"https:\\\/\\\/qtmm.org\\\/wp-content\\\/uploads\\\/2024\\\/12\\\/ua-mejlis-logo-rgb.svg\",\"contentUrl\":\"https:\\\/\\\/qtmm.org\\\/wp-content\\\/uploads\\\/2024\\\/12\\\/ua-mejlis-logo-rgb.svg\",\"caption\":\"\u041c\u0435\u0434\u0436\u043b\u0456\u0441\"},\"image\":{\"@id\":\"https:\\\/\\\/qtmm.org\\\/qt\\\/#\\\/schema\\\/logo\\\/image\\\/\"},\"sameAs\":[\"https:\\\/\\\/www.facebook.com\\\/qtmm.info\\\/\"]},{\"@type\":\"Person\",\"@id\":\"https:\\\/\\\/qtmm.org\\\/qt\\\/#\\\/schema\\\/person\\\/de562469f971dec226ac06e60bbf74a7\",\"name\":\"Developer\",\"image\":{\"@type\":\"ImageObject\",\"inLanguage\":\"qt\",\"@id\":\"https:\\\/\\\/secure.gravatar.com\\\/avatar\\\/392b4cc8fbfeb00b39dfeeab4ee6edded39ffd48e25858637e4765810300227e?s=96&d=mm&r=g\",\"url\":\"https:\\\/\\\/secure.gravatar.com\\\/avatar\\\/392b4cc8fbfeb00b39dfeeab4ee6edded39ffd48e25858637e4765810300227e?s=96&d=mm&r=g\",\"contentUrl\":\"https:\\\/\\\/secure.gravatar.com\\\/avatar\\\/392b4cc8fbfeb00b39dfeeab4ee6edded39ffd48e25858637e4765810300227e?s=96&d=mm&r=g\",\"caption\":\"Developer\"},\"url\":\"https:\\\/\\\/qtmm.org\\\/qt\\\/author\\\/Developer\\\/\"}]}<\/script>\n<!-- \/ Yoast SEO plugin. -->","yoast_head_json":{"title":"Tarih\u00e7\u0131lar k\u00fc\u00e7 i\u015fletmek yerine dialog ile a\u00f1la\u015fmaq m\u00fcmk\u00fcnliginde eminler - \u041c\u0435\u0434\u0436\u043b\u0456\u0441","robots":{"index":"index","follow":"follow","max-snippet":"max-snippet:-1","max-image-preview":"max-image-preview:large","max-video-preview":"max-video-preview:-1"},"canonical":"https:\/\/qtmm.org\/qt\/tarihcilar-kuc-isletmek-yerine-dialog-ile-anlasmaq-mumkunliginde-eminler\/","og_locale":"en_US","og_type":"article","og_title":"Tarih\u00e7\u0131lar k\u00fc\u00e7 i\u015fletmek yerine dialog ile a\u00f1la\u015fmaq m\u00fcmk\u00fcnliginde eminler - \u041c\u0435\u0434\u0436\u043b\u0456\u0441","og_description":"5 dekabr k\u00fcn\u00fc Aqmescitte &#8220;Q\u0131r\u0131m siyasiy dialog\u0131&#8221; leyhas\u0131 \u00e7er\u00e7ivesinde \u015fu leyha m\u00fcellifleri ol\u011fan Q\u0131r\u0131m tarih\u00e7\u0131lar\u0131 jurnalistlernen k\u00f6r\u00fc\u015ftiler. Leyhan\u0131\u00f1 daimiy i\u015ftirak\u00e7ileri Q\u0131r\u0131mda milletlerara munasebetleri ep kerginle\u015fmesinen tel\u00e2\u015flan\u011fanlar\u0131n\u0131 seslendirip, menfaatdar taraflarn\u0131 k\u00fc\u00e7 i\u015fletilmesine yol bermemege \u00e7a\u011f\u0131rd\u0131lar. \u00c7\u00fcnki ufaq davalar milletler aras\u0131nda qav\u011fa\u011fa al\u0131p kele bilir. K\u00f6r\u00fc\u015f\u00fcv i\u015ftirak\u00e7ileri jurnalistlerni &#8220;Q\u0131r\u0131m siyasiy dialog\u0131&#8221; tarih\u00e7\u0131lar\u0131n\u0131\u00f1 \u011fayelerinen tan\u0131\u015f ettiler. Bu \u2013 [&hellip;]","og_url":"https:\/\/qtmm.org\/qt\/tarihcilar-kuc-isletmek-yerine-dialog-ile-anlasmaq-mumkunliginde-eminler\/","og_site_name":"\u041c\u0435\u0434\u0436\u043b\u0456\u0441","article_publisher":"https:\/\/www.facebook.com\/qtmm.info\/","article_published_time":"2012-12-05T13:00:00+00:00","article_modified_time":"2022-01-23T13:02:17+00:00","og_image":[{"width":650,"height":400,"url":"https:\/\/qtmm.org\/wp-content\/uploads\/2022\/01\/img_0174.jpeg","type":"image\/jpeg"}],"author":"Developer","twitter_card":"summary_large_image","twitter_misc":{"Written by":"Developer","Est. reading time":"3 minutes"},"schema":{"@context":"https:\/\/schema.org","@graph":[{"@type":"Article","@id":"https:\/\/qtmm.org\/qt\/tarihcilar-kuc-isletmek-yerine-dialog-ile-anlasmaq-mumkunliginde-eminler\/#article","isPartOf":{"@id":"https:\/\/qtmm.org\/qt\/tarihcilar-kuc-isletmek-yerine-dialog-ile-anlasmaq-mumkunliginde-eminler\/"},"author":{"name":"Developer","@id":"https:\/\/qtmm.org\/qt\/#\/schema\/person\/de562469f971dec226ac06e60bbf74a7"},"headline":"Tarih\u00e7\u0131lar k\u00fc\u00e7 i\u015fletmek yerine dialog ile a\u00f1la\u015fmaq m\u00fcmk\u00fcnliginde eminler","datePublished":"2012-12-05T13:00:00+00:00","dateModified":"2022-01-23T13:02:17+00:00","mainEntityOfPage":{"@id":"https:\/\/qtmm.org\/qt\/tarihcilar-kuc-isletmek-yerine-dialog-ile-anlasmaq-mumkunliginde-eminler\/"},"wordCount":517,"commentCount":0,"publisher":{"@id":"https:\/\/qtmm.org\/qt\/#organization"},"image":{"@id":"https:\/\/qtmm.org\/qt\/tarihcilar-kuc-isletmek-yerine-dialog-ile-anlasmaq-mumkunliginde-eminler\/#primaryimage"},"thumbnailUrl":"https:\/\/qtmm.org\/wp-content\/uploads\/2022\/01\/img_0174.jpeg","articleSection":["Haberler"],"inLanguage":"qt","potentialAction":[{"@type":"CommentAction","name":"Comment","target":["https:\/\/qtmm.org\/qt\/tarihcilar-kuc-isletmek-yerine-dialog-ile-anlasmaq-mumkunliginde-eminler\/#respond"]}]},{"@type":"WebPage","@id":"https:\/\/qtmm.org\/qt\/tarihcilar-kuc-isletmek-yerine-dialog-ile-anlasmaq-mumkunliginde-eminler\/","url":"https:\/\/qtmm.org\/qt\/tarihcilar-kuc-isletmek-yerine-dialog-ile-anlasmaq-mumkunliginde-eminler\/","name":"Tarih\u00e7\u0131lar k\u00fc\u00e7 i\u015fletmek yerine dialog ile a\u00f1la\u015fmaq m\u00fcmk\u00fcnliginde eminler - \u041c\u0435\u0434\u0436\u043b\u0456\u0441","isPartOf":{"@id":"https:\/\/qtmm.org\/qt\/#website"},"primaryImageOfPage":{"@id":"https:\/\/qtmm.org\/qt\/tarihcilar-kuc-isletmek-yerine-dialog-ile-anlasmaq-mumkunliginde-eminler\/#primaryimage"},"image":{"@id":"https:\/\/qtmm.org\/qt\/tarihcilar-kuc-isletmek-yerine-dialog-ile-anlasmaq-mumkunliginde-eminler\/#primaryimage"},"thumbnailUrl":"https:\/\/qtmm.org\/wp-content\/uploads\/2022\/01\/img_0174.jpeg","datePublished":"2012-12-05T13:00:00+00:00","dateModified":"2022-01-23T13:02:17+00:00","breadcrumb":{"@id":"https:\/\/qtmm.org\/qt\/tarihcilar-kuc-isletmek-yerine-dialog-ile-anlasmaq-mumkunliginde-eminler\/#breadcrumb"},"inLanguage":"qt","potentialAction":[{"@type":"ReadAction","target":["https:\/\/qtmm.org\/qt\/tarihcilar-kuc-isletmek-yerine-dialog-ile-anlasmaq-mumkunliginde-eminler\/"]}]},{"@type":"ImageObject","inLanguage":"qt","@id":"https:\/\/qtmm.org\/qt\/tarihcilar-kuc-isletmek-yerine-dialog-ile-anlasmaq-mumkunliginde-eminler\/#primaryimage","url":"https:\/\/qtmm.org\/wp-content\/uploads\/2022\/01\/img_0174.jpeg","contentUrl":"https:\/\/qtmm.org\/wp-content\/uploads\/2022\/01\/img_0174.jpeg","width":650,"height":400},{"@type":"BreadcrumbList","@id":"https:\/\/qtmm.org\/qt\/tarihcilar-kuc-isletmek-yerine-dialog-ile-anlasmaq-mumkunliginde-eminler\/#breadcrumb","itemListElement":[{"@type":"ListItem","position":1,"name":"\u0413\u043e\u043b\u043e\u0432\u043d\u0430","item":"https:\/\/qtmm.org\/qt\/"},{"@type":"ListItem","position":2,"name":"Tarih\u00e7\u0131lar k\u00fc\u00e7 i\u015fletmek yerine dialog ile a\u00f1la\u015fmaq m\u00fcmk\u00fcnliginde eminler"}]},{"@type":"WebSite","@id":"https:\/\/qtmm.org\/qt\/#website","url":"https:\/\/qtmm.org\/qt\/","name":"\u041c\u0435\u0434\u0436\u043b\u0456\u0441","description":"","publisher":{"@id":"https:\/\/qtmm.org\/qt\/#organization"},"potentialAction":[{"@type":"SearchAction","target":{"@type":"EntryPoint","urlTemplate":"https:\/\/qtmm.org\/qt\/?s={search_term_string}"},"query-input":{"@type":"PropertyValueSpecification","valueRequired":true,"valueName":"search_term_string"}}],"inLanguage":"qt"},{"@type":"Organization","@id":"https:\/\/qtmm.org\/qt\/#organization","name":"\u041c\u0435\u0434\u0436\u043b\u0456\u0441","url":"https:\/\/qtmm.org\/qt\/","logo":{"@type":"ImageObject","inLanguage":"qt","@id":"https:\/\/qtmm.org\/qt\/#\/schema\/logo\/image\/","url":"https:\/\/qtmm.org\/wp-content\/uploads\/2024\/12\/ua-mejlis-logo-rgb.svg","contentUrl":"https:\/\/qtmm.org\/wp-content\/uploads\/2024\/12\/ua-mejlis-logo-rgb.svg","caption":"\u041c\u0435\u0434\u0436\u043b\u0456\u0441"},"image":{"@id":"https:\/\/qtmm.org\/qt\/#\/schema\/logo\/image\/"},"sameAs":["https:\/\/www.facebook.com\/qtmm.info\/"]},{"@type":"Person","@id":"https:\/\/qtmm.org\/qt\/#\/schema\/person\/de562469f971dec226ac06e60bbf74a7","name":"Developer","image":{"@type":"ImageObject","inLanguage":"qt","@id":"https:\/\/secure.gravatar.com\/avatar\/392b4cc8fbfeb00b39dfeeab4ee6edded39ffd48e25858637e4765810300227e?s=96&d=mm&r=g","url":"https:\/\/secure.gravatar.com\/avatar\/392b4cc8fbfeb00b39dfeeab4ee6edded39ffd48e25858637e4765810300227e?s=96&d=mm&r=g","contentUrl":"https:\/\/secure.gravatar.com\/avatar\/392b4cc8fbfeb00b39dfeeab4ee6edded39ffd48e25858637e4765810300227e?s=96&d=mm&r=g","caption":"Developer"},"url":"https:\/\/qtmm.org\/qt\/author\/Developer\/"}]}},"_links":{"self":[{"href":"https:\/\/qtmm.org\/qt\/wp-json\/wp\/v2\/posts\/35552","targetHints":{"allow":["GET"]}}],"collection":[{"href":"https:\/\/qtmm.org\/qt\/wp-json\/wp\/v2\/posts"}],"about":[{"href":"https:\/\/qtmm.org\/qt\/wp-json\/wp\/v2\/types\/post"}],"author":[{"embeddable":true,"href":"https:\/\/qtmm.org\/qt\/wp-json\/wp\/v2\/users\/1"}],"replies":[{"embeddable":true,"href":"https:\/\/qtmm.org\/qt\/wp-json\/wp\/v2\/comments?post=35552"}],"version-history":[{"count":1,"href":"https:\/\/qtmm.org\/qt\/wp-json\/wp\/v2\/posts\/35552\/revisions"}],"predecessor-version":[{"id":35569,"href":"https:\/\/qtmm.org\/qt\/wp-json\/wp\/v2\/posts\/35552\/revisions\/35569"}],"wp:featuredmedia":[{"embeddable":true,"href":"https:\/\/qtmm.org\/qt\/wp-json\/wp\/v2\/media\/35553"}],"wp:attachment":[{"href":"https:\/\/qtmm.org\/qt\/wp-json\/wp\/v2\/media?parent=35552"}],"wp:term":[{"taxonomy":"category","embeddable":true,"href":"https:\/\/qtmm.org\/qt\/wp-json\/wp\/v2\/categories?post=35552"},{"taxonomy":"post_tag","embeddable":true,"href":"https:\/\/qtmm.org\/qt\/wp-json\/wp\/v2\/tags?post=35552"}],"curies":[{"name":"wp","href":"https:\/\/api.w.org\/{rel}","templated":true}]}}