




{"id":35550,"date":"2012-12-05T15:59:00","date_gmt":"2012-12-05T12:59:00","guid":{"rendered":"http:\/\/qtmm.org\/?p=35550"},"modified":"2022-01-23T16:00:36","modified_gmt":"2022-01-23T13:00:36","slug":"mustafa-cemilev-ukrainanin-2013-senesine-devlet-bucetinde-qirimtatarlarnin-meselelerine-50-million-grivnadan-az-kozde-tutulmamali","status":"publish","type":"post","link":"https:\/\/qtmm.org\/qt\/mustafa-cemilev-ukrainanin-2013-senesine-devlet-bucetinde-qirimtatarlarnin-meselelerine-50-million-grivnadan-az-kozde-tutulmamali\/","title":{"rendered":"Mustafa Cemilev: \u00abUkrainan\u0131\u00f1 2013 senesine Devlet b\u00fccetinde q\u0131r\u0131mtatarlarn\u0131\u00f1 meselelerine 50 million grivn\u00e2dan az k\u00f6zde tutulmamal\u0131\u00bb"},"content":{"rendered":"\n<p class=\"has-text-align-right\"><strong>Ukraina Prezidenti<br><br>V.F. Yanukovi\u00e7ke<\/strong><\/p>\n\n\n\n<p class=\"has-text-align-center\"><br><em><strong>\u00dcrmetli Viktor Fedorovi\u00e7!<\/strong><\/em><\/p>\n\n\n\n<p><br><br>Ukraina Yuqar\u0131 \u015euras\u0131n\u0131\u00f1 muzakeresine Ukraina Nazirler Kabineti taraf\u0131ndan berilgen &#8220;Ukrainan\u0131\u00f1 2013 senesine devlet b\u00fcceti aqq\u0131nda&#8221; Ukraina qanun\u0131 leyhas\u0131n\u0131\u00f1 &#8220;Ukraina topraqlar\u0131ndan s\u00fcrg\u00fcn etilgen q\u0131r\u0131mtatarlar ve diger millet vekillerini\u00f1 yerle\u015ftirilmesi&#8221; (masraflarn\u0131\u00f1 programm tasnif kod\u0131 2501120) ol\u011fan\u0131-olaca\u011f\u0131 10 million 928 bi\u00f1 grivn\u00e2 k\u00f6zde tutula, olarn\u0131\u00f1 5 million\u0131 kapital masraflar\u011fa, 5 million 928 bi\u00f1i ise i\u00e7timaiy-medeniy y\u00f6neli\u015f tedbirlerine qararla\u015ft\u0131r\u0131l\u011fan.<\/p>\n\n\n\n<p>Ayn\u0131 zamanda mezk\u00fcr tedbirlerge pek az miqdarda sermiya ay\u0131r\u0131l\u011fan\u0131 sebebinden s\u00fcrg\u00fcnlik yerlerinden Vatan\u011fa qaytqan q\u0131r\u0131mtatarlarn\u0131\u00f1 yerle\u015ftirilmesinen ba\u011fl\u0131 pek \u00e7oq problem topland\u0131.<\/p>\n\n\n\n<p>Mesel\u00e2, Q\u0131r\u0131mda q\u0131r\u0131mtatarlar toplu ya\u015fa\u011fan 300 qasabadan ancaq 65 fay\u0131z\u0131 i\u00e7imlik suvnen, 30 fay\u0131z\u0131 gaznen, 87 fay\u0131z\u0131 elektrik energiyas\u0131nen teminlenip, deyerlik i\u00e7 bir qasabada t\u00f6\u015felgen yol, kanalizatsiya, mektep, balalar ba\u011f\u00e7as\u0131, feld\u015fer-aku\u015ferlik noqtalar\u0131 yoqt\u0131r.<\/p>\n\n\n\n<p>Ukraina Nazirler Kabinetini\u00f1 b\u00f6yle munasebeti mes\u00fclietsiz ve attaki alayc\u0131d\u0131r.<\/p>\n\n\n\n<p>Madamki, Ukraina Devlet B\u00fcceti birinci oquvda qabul etilgen eken, Sizden, insan aqlar\u0131 ve serbestligini\u00f1 kefili olaraq, Ukraina Nazirler Kabinetine i\u015fbu meseleler boyunca evel ald\u0131\u011f\u0131 qararlar\u0131n\u0131, c\u00fcmleden Ukraina Nazirler Kabinetini\u00f1 2012 senesi iy\u00fcn 6-da qabul etken &#8220;Ukraina topraqlar\u0131ndan s\u00fcrg\u00fcn etilgen ve Ukraina\u011fa ya\u015famaq i\u00e7\u00fcn qayt\u0131p kelgen q\u0131r\u0131mtatarlar ve diger millet vekillerini\u00f1 yerle\u015ftirilmesi, ukrain cemiyetine qat\u0131lmas\u0131 boyunca 2010 senesine qadar programma edas\u0131n\u0131\u00f1 m\u00fcddetini devam ettirmek aqq\u0131nda&#8221; qarar\u0131n\u0131 eda etmelerine dair buyruqlar berme\u00f1izni rica etem.<\/p>\n\n\n\n<p>Ukraina \u00dck\u00fcmetini\u00f1 Qarar\u0131na muvaf\u0131q Ukrainan\u0131\u00f1 2013 senesine b\u00fccetinde q\u0131r\u0131mtatarlarn\u0131\u00f1 meselelerine 50 million grivn\u00e2dan az ay\u0131r\u0131lmamal\u0131.<\/p>\n\n\n\n<p><em>\u00dcrmet ile<\/em><\/p>\n\n\n\n<p><strong>Ukraina halq deputat\u0131 Mustafa Cemilev<\/strong><\/p>\n","protected":false},"excerpt":{"rendered":"<p>Ukraina Prezidenti V.F. Yanukovi\u00e7ke \u00dcrmetli Viktor Fedorovi\u00e7! Ukraina Yuqar\u0131 \u015euras\u0131n\u0131\u00f1 muzakeresine Ukraina Nazirler Kabineti taraf\u0131ndan berilgen &#8220;Ukrainan\u0131\u00f1 2013 senesine devlet b\u00fcceti aqq\u0131nda&#8221; Ukraina qanun\u0131 leyhas\u0131n\u0131\u00f1 &#8220;Ukraina topraqlar\u0131ndan s\u00fcrg\u00fcn etilgen q\u0131r\u0131mtatarlar ve diger millet vekillerini\u00f1 yerle\u015ftirilmesi&#8221; (masraflarn\u0131\u00f1 programm tasnif kod\u0131 2501120) ol\u011fan\u0131-olaca\u011f\u0131 10 million 928 bi\u00f1 grivn\u00e2 k\u00f6zde tutula, olarn\u0131\u00f1 5 million\u0131 kapital masraflar\u011fa, 5 million [&hellip;]<\/p>\n","protected":false},"author":1,"featured_media":0,"comment_status":"open","ping_status":"open","sticky":false,"template":"","format":"standard","meta":{"inline_featured_image":false,"footnotes":""},"categories":[265],"tags":[],"class_list":["post-35550","post","type-post","status-publish","format-standard","hentry","category-haberler"],"acf":[],"yoast_head":"<!-- This site is optimized with the Yoast SEO plugin v27.4 - https:\/\/yoast.com\/product\/yoast-seo-wordpress\/ -->\n<title>Mustafa Cemilev: \u00abUkrainan\u0131\u00f1 2013 senesine Devlet b\u00fccetinde q\u0131r\u0131mtatarlarn\u0131\u00f1 meselelerine 50 million grivn\u00e2dan az k\u00f6zde tutulmamal\u0131\u00bb - \u041c\u0435\u0434\u0436\u043b\u0456\u0441<\/title>\n<meta name=\"robots\" content=\"index, follow, max-snippet:-1, max-image-preview:large, max-video-preview:-1\" \/>\n<link rel=\"canonical\" href=\"https:\/\/qtmm.org\/qt\/mustafa-cemilev-ukrainanin-2013-senesine-devlet-bucetinde-qirimtatarlarnin-meselelerine-50-million-grivnadan-az-kozde-tutulmamali\/\" \/>\n<meta property=\"og:locale\" content=\"en_US\" \/>\n<meta property=\"og:type\" content=\"article\" \/>\n<meta property=\"og:title\" content=\"Mustafa Cemilev: \u00abUkrainan\u0131\u00f1 2013 senesine Devlet b\u00fccetinde q\u0131r\u0131mtatarlarn\u0131\u00f1 meselelerine 50 million grivn\u00e2dan az k\u00f6zde tutulmamal\u0131\u00bb - \u041c\u0435\u0434\u0436\u043b\u0456\u0441\" \/>\n<meta property=\"og:description\" content=\"Ukraina Prezidenti V.F. Yanukovi\u00e7ke \u00dcrmetli Viktor Fedorovi\u00e7! Ukraina Yuqar\u0131 \u015euras\u0131n\u0131\u00f1 muzakeresine Ukraina Nazirler Kabineti taraf\u0131ndan berilgen &#8220;Ukrainan\u0131\u00f1 2013 senesine devlet b\u00fcceti aqq\u0131nda&#8221; Ukraina qanun\u0131 leyhas\u0131n\u0131\u00f1 &#8220;Ukraina topraqlar\u0131ndan s\u00fcrg\u00fcn etilgen q\u0131r\u0131mtatarlar ve diger millet vekillerini\u00f1 yerle\u015ftirilmesi&#8221; (masraflarn\u0131\u00f1 programm tasnif kod\u0131 2501120) ol\u011fan\u0131-olaca\u011f\u0131 10 million 928 bi\u00f1 grivn\u00e2 k\u00f6zde tutula, olarn\u0131\u00f1 5 million\u0131 kapital masraflar\u011fa, 5 million [&hellip;]\" \/>\n<meta property=\"og:url\" content=\"https:\/\/qtmm.org\/qt\/mustafa-cemilev-ukrainanin-2013-senesine-devlet-bucetinde-qirimtatarlarnin-meselelerine-50-million-grivnadan-az-kozde-tutulmamali\/\" \/>\n<meta property=\"og:site_name\" content=\"\u041c\u0435\u0434\u0436\u043b\u0456\u0441\" \/>\n<meta property=\"article:publisher\" content=\"https:\/\/www.facebook.com\/qtmm.info\/\" \/>\n<meta property=\"article:published_time\" content=\"2012-12-05T12:59:00+00:00\" \/>\n<meta property=\"article:modified_time\" content=\"2022-01-23T13:00:36+00:00\" \/>\n<meta name=\"author\" content=\"Developer\" \/>\n<meta name=\"twitter:card\" content=\"summary_large_image\" \/>\n<meta name=\"twitter:label1\" content=\"Written by\" \/>\n\t<meta name=\"twitter:data1\" content=\"Developer\" \/>\n\t<meta name=\"twitter:label2\" content=\"Est. reading time\" \/>\n\t<meta name=\"twitter:data2\" content=\"1 minute\" \/>\n<script type=\"application\/ld+json\" class=\"yoast-schema-graph\">{\"@context\":\"https:\\\/\\\/schema.org\",\"@graph\":[{\"@type\":\"Article\",\"@id\":\"https:\\\/\\\/qtmm.org\\\/qt\\\/mustafa-cemilev-ukrainanin-2013-senesine-devlet-bucetinde-qirimtatarlarnin-meselelerine-50-million-grivnadan-az-kozde-tutulmamali\\\/#article\",\"isPartOf\":{\"@id\":\"https:\\\/\\\/qtmm.org\\\/qt\\\/mustafa-cemilev-ukrainanin-2013-senesine-devlet-bucetinde-qirimtatarlarnin-meselelerine-50-million-grivnadan-az-kozde-tutulmamali\\\/\"},\"author\":{\"name\":\"Developer\",\"@id\":\"https:\\\/\\\/qtmm.org\\\/qt\\\/#\\\/schema\\\/person\\\/de562469f971dec226ac06e60bbf74a7\"},\"headline\":\"Mustafa Cemilev: \u00abUkrainan\u0131\u00f1 2013 senesine Devlet b\u00fccetinde q\u0131r\u0131mtatarlarn\u0131\u00f1 meselelerine 50 million grivn\u00e2dan az k\u00f6zde tutulmamal\u0131\u00bb\",\"datePublished\":\"2012-12-05T12:59:00+00:00\",\"dateModified\":\"2022-01-23T13:00:36+00:00\",\"mainEntityOfPage\":{\"@id\":\"https:\\\/\\\/qtmm.org\\\/qt\\\/mustafa-cemilev-ukrainanin-2013-senesine-devlet-bucetinde-qirimtatarlarnin-meselelerine-50-million-grivnadan-az-kozde-tutulmamali\\\/\"},\"wordCount\":307,\"commentCount\":0,\"publisher\":{\"@id\":\"https:\\\/\\\/qtmm.org\\\/qt\\\/#organization\"},\"articleSection\":[\"Haberler\"],\"inLanguage\":\"qt\",\"potentialAction\":[{\"@type\":\"CommentAction\",\"name\":\"Comment\",\"target\":[\"https:\\\/\\\/qtmm.org\\\/qt\\\/mustafa-cemilev-ukrainanin-2013-senesine-devlet-bucetinde-qirimtatarlarnin-meselelerine-50-million-grivnadan-az-kozde-tutulmamali\\\/#respond\"]}]},{\"@type\":\"WebPage\",\"@id\":\"https:\\\/\\\/qtmm.org\\\/qt\\\/mustafa-cemilev-ukrainanin-2013-senesine-devlet-bucetinde-qirimtatarlarnin-meselelerine-50-million-grivnadan-az-kozde-tutulmamali\\\/\",\"url\":\"https:\\\/\\\/qtmm.org\\\/qt\\\/mustafa-cemilev-ukrainanin-2013-senesine-devlet-bucetinde-qirimtatarlarnin-meselelerine-50-million-grivnadan-az-kozde-tutulmamali\\\/\",\"name\":\"Mustafa Cemilev: \u00abUkrainan\u0131\u00f1 2013 senesine Devlet b\u00fccetinde q\u0131r\u0131mtatarlarn\u0131\u00f1 meselelerine 50 million grivn\u00e2dan az k\u00f6zde tutulmamal\u0131\u00bb - \u041c\u0435\u0434\u0436\u043b\u0456\u0441\",\"isPartOf\":{\"@id\":\"https:\\\/\\\/qtmm.org\\\/qt\\\/#website\"},\"datePublished\":\"2012-12-05T12:59:00+00:00\",\"dateModified\":\"2022-01-23T13:00:36+00:00\",\"breadcrumb\":{\"@id\":\"https:\\\/\\\/qtmm.org\\\/qt\\\/mustafa-cemilev-ukrainanin-2013-senesine-devlet-bucetinde-qirimtatarlarnin-meselelerine-50-million-grivnadan-az-kozde-tutulmamali\\\/#breadcrumb\"},\"inLanguage\":\"qt\",\"potentialAction\":[{\"@type\":\"ReadAction\",\"target\":[\"https:\\\/\\\/qtmm.org\\\/qt\\\/mustafa-cemilev-ukrainanin-2013-senesine-devlet-bucetinde-qirimtatarlarnin-meselelerine-50-million-grivnadan-az-kozde-tutulmamali\\\/\"]}]},{\"@type\":\"BreadcrumbList\",\"@id\":\"https:\\\/\\\/qtmm.org\\\/qt\\\/mustafa-cemilev-ukrainanin-2013-senesine-devlet-bucetinde-qirimtatarlarnin-meselelerine-50-million-grivnadan-az-kozde-tutulmamali\\\/#breadcrumb\",\"itemListElement\":[{\"@type\":\"ListItem\",\"position\":1,\"name\":\"\u0413\u043e\u043b\u043e\u0432\u043d\u0430\",\"item\":\"https:\\\/\\\/qtmm.org\\\/qt\\\/\"},{\"@type\":\"ListItem\",\"position\":2,\"name\":\"Mustafa Cemilev: \u00abUkrainan\u0131\u00f1 2013 senesine Devlet b\u00fccetinde q\u0131r\u0131mtatarlarn\u0131\u00f1 meselelerine 50 million grivn\u00e2dan az k\u00f6zde tutulmamal\u0131\u00bb\"}]},{\"@type\":\"WebSite\",\"@id\":\"https:\\\/\\\/qtmm.org\\\/qt\\\/#website\",\"url\":\"https:\\\/\\\/qtmm.org\\\/qt\\\/\",\"name\":\"\u041c\u0435\u0434\u0436\u043b\u0456\u0441\",\"description\":\"\",\"publisher\":{\"@id\":\"https:\\\/\\\/qtmm.org\\\/qt\\\/#organization\"},\"potentialAction\":[{\"@type\":\"SearchAction\",\"target\":{\"@type\":\"EntryPoint\",\"urlTemplate\":\"https:\\\/\\\/qtmm.org\\\/qt\\\/?s={search_term_string}\"},\"query-input\":{\"@type\":\"PropertyValueSpecification\",\"valueRequired\":true,\"valueName\":\"search_term_string\"}}],\"inLanguage\":\"qt\"},{\"@type\":\"Organization\",\"@id\":\"https:\\\/\\\/qtmm.org\\\/qt\\\/#organization\",\"name\":\"\u041c\u0435\u0434\u0436\u043b\u0456\u0441\",\"url\":\"https:\\\/\\\/qtmm.org\\\/qt\\\/\",\"logo\":{\"@type\":\"ImageObject\",\"inLanguage\":\"qt\",\"@id\":\"https:\\\/\\\/qtmm.org\\\/qt\\\/#\\\/schema\\\/logo\\\/image\\\/\",\"url\":\"https:\\\/\\\/qtmm.org\\\/wp-content\\\/uploads\\\/2024\\\/12\\\/ua-mejlis-logo-rgb.svg\",\"contentUrl\":\"https:\\\/\\\/qtmm.org\\\/wp-content\\\/uploads\\\/2024\\\/12\\\/ua-mejlis-logo-rgb.svg\",\"caption\":\"\u041c\u0435\u0434\u0436\u043b\u0456\u0441\"},\"image\":{\"@id\":\"https:\\\/\\\/qtmm.org\\\/qt\\\/#\\\/schema\\\/logo\\\/image\\\/\"},\"sameAs\":[\"https:\\\/\\\/www.facebook.com\\\/qtmm.info\\\/\"]},{\"@type\":\"Person\",\"@id\":\"https:\\\/\\\/qtmm.org\\\/qt\\\/#\\\/schema\\\/person\\\/de562469f971dec226ac06e60bbf74a7\",\"name\":\"Developer\",\"image\":{\"@type\":\"ImageObject\",\"inLanguage\":\"qt\",\"@id\":\"https:\\\/\\\/secure.gravatar.com\\\/avatar\\\/392b4cc8fbfeb00b39dfeeab4ee6edded39ffd48e25858637e4765810300227e?s=96&d=mm&r=g\",\"url\":\"https:\\\/\\\/secure.gravatar.com\\\/avatar\\\/392b4cc8fbfeb00b39dfeeab4ee6edded39ffd48e25858637e4765810300227e?s=96&d=mm&r=g\",\"contentUrl\":\"https:\\\/\\\/secure.gravatar.com\\\/avatar\\\/392b4cc8fbfeb00b39dfeeab4ee6edded39ffd48e25858637e4765810300227e?s=96&d=mm&r=g\",\"caption\":\"Developer\"},\"url\":\"https:\\\/\\\/qtmm.org\\\/qt\\\/author\\\/Developer\\\/\"}]}<\/script>\n<!-- \/ Yoast SEO plugin. -->","yoast_head_json":{"title":"Mustafa Cemilev: \u00abUkrainan\u0131\u00f1 2013 senesine Devlet b\u00fccetinde q\u0131r\u0131mtatarlarn\u0131\u00f1 meselelerine 50 million grivn\u00e2dan az k\u00f6zde tutulmamal\u0131\u00bb - \u041c\u0435\u0434\u0436\u043b\u0456\u0441","robots":{"index":"index","follow":"follow","max-snippet":"max-snippet:-1","max-image-preview":"max-image-preview:large","max-video-preview":"max-video-preview:-1"},"canonical":"https:\/\/qtmm.org\/qt\/mustafa-cemilev-ukrainanin-2013-senesine-devlet-bucetinde-qirimtatarlarnin-meselelerine-50-million-grivnadan-az-kozde-tutulmamali\/","og_locale":"en_US","og_type":"article","og_title":"Mustafa Cemilev: \u00abUkrainan\u0131\u00f1 2013 senesine Devlet b\u00fccetinde q\u0131r\u0131mtatarlarn\u0131\u00f1 meselelerine 50 million grivn\u00e2dan az k\u00f6zde tutulmamal\u0131\u00bb - \u041c\u0435\u0434\u0436\u043b\u0456\u0441","og_description":"Ukraina Prezidenti V.F. Yanukovi\u00e7ke \u00dcrmetli Viktor Fedorovi\u00e7! Ukraina Yuqar\u0131 \u015euras\u0131n\u0131\u00f1 muzakeresine Ukraina Nazirler Kabineti taraf\u0131ndan berilgen &#8220;Ukrainan\u0131\u00f1 2013 senesine devlet b\u00fcceti aqq\u0131nda&#8221; Ukraina qanun\u0131 leyhas\u0131n\u0131\u00f1 &#8220;Ukraina topraqlar\u0131ndan s\u00fcrg\u00fcn etilgen q\u0131r\u0131mtatarlar ve diger millet vekillerini\u00f1 yerle\u015ftirilmesi&#8221; (masraflarn\u0131\u00f1 programm tasnif kod\u0131 2501120) ol\u011fan\u0131-olaca\u011f\u0131 10 million 928 bi\u00f1 grivn\u00e2 k\u00f6zde tutula, olarn\u0131\u00f1 5 million\u0131 kapital masraflar\u011fa, 5 million [&hellip;]","og_url":"https:\/\/qtmm.org\/qt\/mustafa-cemilev-ukrainanin-2013-senesine-devlet-bucetinde-qirimtatarlarnin-meselelerine-50-million-grivnadan-az-kozde-tutulmamali\/","og_site_name":"\u041c\u0435\u0434\u0436\u043b\u0456\u0441","article_publisher":"https:\/\/www.facebook.com\/qtmm.info\/","article_published_time":"2012-12-05T12:59:00+00:00","article_modified_time":"2022-01-23T13:00:36+00:00","author":"Developer","twitter_card":"summary_large_image","twitter_misc":{"Written by":"Developer","Est. reading time":"1 minute"},"schema":{"@context":"https:\/\/schema.org","@graph":[{"@type":"Article","@id":"https:\/\/qtmm.org\/qt\/mustafa-cemilev-ukrainanin-2013-senesine-devlet-bucetinde-qirimtatarlarnin-meselelerine-50-million-grivnadan-az-kozde-tutulmamali\/#article","isPartOf":{"@id":"https:\/\/qtmm.org\/qt\/mustafa-cemilev-ukrainanin-2013-senesine-devlet-bucetinde-qirimtatarlarnin-meselelerine-50-million-grivnadan-az-kozde-tutulmamali\/"},"author":{"name":"Developer","@id":"https:\/\/qtmm.org\/qt\/#\/schema\/person\/de562469f971dec226ac06e60bbf74a7"},"headline":"Mustafa Cemilev: \u00abUkrainan\u0131\u00f1 2013 senesine Devlet b\u00fccetinde q\u0131r\u0131mtatarlarn\u0131\u00f1 meselelerine 50 million grivn\u00e2dan az k\u00f6zde tutulmamal\u0131\u00bb","datePublished":"2012-12-05T12:59:00+00:00","dateModified":"2022-01-23T13:00:36+00:00","mainEntityOfPage":{"@id":"https:\/\/qtmm.org\/qt\/mustafa-cemilev-ukrainanin-2013-senesine-devlet-bucetinde-qirimtatarlarnin-meselelerine-50-million-grivnadan-az-kozde-tutulmamali\/"},"wordCount":307,"commentCount":0,"publisher":{"@id":"https:\/\/qtmm.org\/qt\/#organization"},"articleSection":["Haberler"],"inLanguage":"qt","potentialAction":[{"@type":"CommentAction","name":"Comment","target":["https:\/\/qtmm.org\/qt\/mustafa-cemilev-ukrainanin-2013-senesine-devlet-bucetinde-qirimtatarlarnin-meselelerine-50-million-grivnadan-az-kozde-tutulmamali\/#respond"]}]},{"@type":"WebPage","@id":"https:\/\/qtmm.org\/qt\/mustafa-cemilev-ukrainanin-2013-senesine-devlet-bucetinde-qirimtatarlarnin-meselelerine-50-million-grivnadan-az-kozde-tutulmamali\/","url":"https:\/\/qtmm.org\/qt\/mustafa-cemilev-ukrainanin-2013-senesine-devlet-bucetinde-qirimtatarlarnin-meselelerine-50-million-grivnadan-az-kozde-tutulmamali\/","name":"Mustafa Cemilev: \u00abUkrainan\u0131\u00f1 2013 senesine Devlet b\u00fccetinde q\u0131r\u0131mtatarlarn\u0131\u00f1 meselelerine 50 million grivn\u00e2dan az k\u00f6zde tutulmamal\u0131\u00bb - \u041c\u0435\u0434\u0436\u043b\u0456\u0441","isPartOf":{"@id":"https:\/\/qtmm.org\/qt\/#website"},"datePublished":"2012-12-05T12:59:00+00:00","dateModified":"2022-01-23T13:00:36+00:00","breadcrumb":{"@id":"https:\/\/qtmm.org\/qt\/mustafa-cemilev-ukrainanin-2013-senesine-devlet-bucetinde-qirimtatarlarnin-meselelerine-50-million-grivnadan-az-kozde-tutulmamali\/#breadcrumb"},"inLanguage":"qt","potentialAction":[{"@type":"ReadAction","target":["https:\/\/qtmm.org\/qt\/mustafa-cemilev-ukrainanin-2013-senesine-devlet-bucetinde-qirimtatarlarnin-meselelerine-50-million-grivnadan-az-kozde-tutulmamali\/"]}]},{"@type":"BreadcrumbList","@id":"https:\/\/qtmm.org\/qt\/mustafa-cemilev-ukrainanin-2013-senesine-devlet-bucetinde-qirimtatarlarnin-meselelerine-50-million-grivnadan-az-kozde-tutulmamali\/#breadcrumb","itemListElement":[{"@type":"ListItem","position":1,"name":"\u0413\u043e\u043b\u043e\u0432\u043d\u0430","item":"https:\/\/qtmm.org\/qt\/"},{"@type":"ListItem","position":2,"name":"Mustafa Cemilev: \u00abUkrainan\u0131\u00f1 2013 senesine Devlet b\u00fccetinde q\u0131r\u0131mtatarlarn\u0131\u00f1 meselelerine 50 million grivn\u00e2dan az k\u00f6zde tutulmamal\u0131\u00bb"}]},{"@type":"WebSite","@id":"https:\/\/qtmm.org\/qt\/#website","url":"https:\/\/qtmm.org\/qt\/","name":"\u041c\u0435\u0434\u0436\u043b\u0456\u0441","description":"","publisher":{"@id":"https:\/\/qtmm.org\/qt\/#organization"},"potentialAction":[{"@type":"SearchAction","target":{"@type":"EntryPoint","urlTemplate":"https:\/\/qtmm.org\/qt\/?s={search_term_string}"},"query-input":{"@type":"PropertyValueSpecification","valueRequired":true,"valueName":"search_term_string"}}],"inLanguage":"qt"},{"@type":"Organization","@id":"https:\/\/qtmm.org\/qt\/#organization","name":"\u041c\u0435\u0434\u0436\u043b\u0456\u0441","url":"https:\/\/qtmm.org\/qt\/","logo":{"@type":"ImageObject","inLanguage":"qt","@id":"https:\/\/qtmm.org\/qt\/#\/schema\/logo\/image\/","url":"https:\/\/qtmm.org\/wp-content\/uploads\/2024\/12\/ua-mejlis-logo-rgb.svg","contentUrl":"https:\/\/qtmm.org\/wp-content\/uploads\/2024\/12\/ua-mejlis-logo-rgb.svg","caption":"\u041c\u0435\u0434\u0436\u043b\u0456\u0441"},"image":{"@id":"https:\/\/qtmm.org\/qt\/#\/schema\/logo\/image\/"},"sameAs":["https:\/\/www.facebook.com\/qtmm.info\/"]},{"@type":"Person","@id":"https:\/\/qtmm.org\/qt\/#\/schema\/person\/de562469f971dec226ac06e60bbf74a7","name":"Developer","image":{"@type":"ImageObject","inLanguage":"qt","@id":"https:\/\/secure.gravatar.com\/avatar\/392b4cc8fbfeb00b39dfeeab4ee6edded39ffd48e25858637e4765810300227e?s=96&d=mm&r=g","url":"https:\/\/secure.gravatar.com\/avatar\/392b4cc8fbfeb00b39dfeeab4ee6edded39ffd48e25858637e4765810300227e?s=96&d=mm&r=g","contentUrl":"https:\/\/secure.gravatar.com\/avatar\/392b4cc8fbfeb00b39dfeeab4ee6edded39ffd48e25858637e4765810300227e?s=96&d=mm&r=g","caption":"Developer"},"url":"https:\/\/qtmm.org\/qt\/author\/Developer\/"}]}},"_links":{"self":[{"href":"https:\/\/qtmm.org\/qt\/wp-json\/wp\/v2\/posts\/35550","targetHints":{"allow":["GET"]}}],"collection":[{"href":"https:\/\/qtmm.org\/qt\/wp-json\/wp\/v2\/posts"}],"about":[{"href":"https:\/\/qtmm.org\/qt\/wp-json\/wp\/v2\/types\/post"}],"author":[{"embeddable":true,"href":"https:\/\/qtmm.org\/qt\/wp-json\/wp\/v2\/users\/1"}],"replies":[{"embeddable":true,"href":"https:\/\/qtmm.org\/qt\/wp-json\/wp\/v2\/comments?post=35550"}],"version-history":[{"count":1,"href":"https:\/\/qtmm.org\/qt\/wp-json\/wp\/v2\/posts\/35550\/revisions"}],"predecessor-version":[{"id":35551,"href":"https:\/\/qtmm.org\/qt\/wp-json\/wp\/v2\/posts\/35550\/revisions\/35551"}],"wp:attachment":[{"href":"https:\/\/qtmm.org\/qt\/wp-json\/wp\/v2\/media?parent=35550"}],"wp:term":[{"taxonomy":"category","embeddable":true,"href":"https:\/\/qtmm.org\/qt\/wp-json\/wp\/v2\/categories?post=35550"},{"taxonomy":"post_tag","embeddable":true,"href":"https:\/\/qtmm.org\/qt\/wp-json\/wp\/v2\/tags?post=35550"}],"curies":[{"name":"wp","href":"https:\/\/api.w.org\/{rel}","templated":true}]}}