




{"id":35540,"date":"2012-12-04T15:58:00","date_gmt":"2012-12-04T12:58:00","guid":{"rendered":"http:\/\/qtmm.org\/?p=35540"},"modified":"2022-01-23T15:59:45","modified_gmt":"2022-01-23T12:59:45","slug":"refat-cubarov-hayatta-halqinen-beraber-olgan-insan-vefatindan-son-da-oninnen-beraberdir","status":"publish","type":"post","link":"https:\/\/qtmm.org\/qt\/refat-cubarov-hayatta-halqinen-beraber-olgan-insan-vefatindan-son-da-oninnen-beraberdir\/","title":{"rendered":"Refat \u00c7ubarov: \u00abHayatta halq\u0131nen beraber ol\u011fan insan, vefat\u0131ndan so\u00f1 da on\u0131\u00f1nen beraberdir\u00bb"},"content":{"rendered":"\n<p>4 dekabr k\u00fcn\u00fc Ukrain muz\u0131kal\u0131 teatrinde efsaneviy y\u0131rc\u0131, Q\u0131r\u0131m ASSRde ve \u00d6zbekistanda nam qazan\u011fan artist Sabriye Erecepova do\u011f\u011fan\u0131n\u0131\u00f1 100 y\u0131ll\u0131\u011f\u0131na ba\u011f\u0131\u015flan\u011fan tantanal\u0131 aq\u015fam \u00f6tkerildi.<\/p>\n\n\n\n<p>On\u0131\u00f1 icras\u0131nda er angi y\u0131r halq y\u0131r\u0131na \u00e7evrildi. B\u00fct\u00fcn \u00f6m\u00fcrini sevimli halq\u0131na ba\u011f\u0131\u015fla\u011fan Sabriye Erecepova \u00f6z semetde\u015flerine variyet olaraq halq y\u0131r\u0131na sevgini qald\u0131rd\u0131.<\/p>\n\n\n\n<p>Aq\u015fam Ukraina Yuqar\u0131 \u015euras\u0131 2012 senesi iy\u00fcl 5 qabul etken &#8220;Sabriye Erecepova do\u011f\u011fan\u0131n\u0131\u00f1 100 y\u0131ll\u0131\u011f\u0131n\u0131 qayd et\u00fcv aqq\u0131nda&#8221; \u2116 10438 Qararn\u0131 amelge ke\u00e7ir\u00fcv \u00e7er\u00e7ivesinde te\u015fkil\u00e2tland\u0131r\u0131ld\u0131. Aq\u015fam Sabriye Erecepova aqq\u0131nda vesiqal\u0131 filmden ba\u015flan\u0131p, onda y\u0131rc\u0131n\u0131\u00f1 dostlar\u0131 ve \u015fegirtleri on\u0131\u00f1 bitmez-t\u00fckenmez istidat\u0131n\u0131 tarif ettiler.<\/p>\n\n\n\n<p>Tedbirni kiri\u015f s\u00f6z\u00fcnen Milliy Meclis reisini\u00f1 birinci muavini Refat \u00c7ubarov ve Q\u0131r\u0131m Nazirler \u015euras\u0131 reisini\u00f1 muavini Aziz Abdullayev a\u00e7t\u0131lar.<\/p>\n\n\n\n<p>&#8220;Q\u0131r\u0131mtatarlar i\u00e7\u00fcn Sabriye Erecepovan\u0131\u00f1 ad\u0131n\u0131 tilge almaq bile b\u00fcy\u00fck \u015fereftir. Sabriye Erecepova \u2013 bu q\u0131r\u0131mtatar halq\u0131n\u0131\u00f1 y\u0131ld\u0131z\u0131, cetemen y\u0131ld\u0131z\u0131d\u0131r&#8221;, &#8211; dep ba\u015flad\u0131 \u00e7\u0131q\u0131\u015f\u0131n\u0131 A. Abdullayev.<\/p>\n\n\n\n<p>Aziz Abdullayevni\u00f1 bildirgenine k\u00f6re Ukraina t\u0131\u015fq\u0131 i\u015fler nazirligi Sabriye Erecepovan\u0131\u00f1 na\u015f\u0131n\u0131 \u00d6zbekistandan Ba\u011f\u00e7asaray\u011fa k\u00f6\u00e7\u00fcrmek aqq\u0131nda qarar al\u011fan.<\/p>\n\n\n\n<p>&#8220;19 as\u0131rn\u0131\u00f1 so\u00f1unda ve 20 as\u0131rn\u0131\u00f1 ba\u015f\u0131nda halq\u0131m\u0131z ne qadar azap \u00e7ekse de, bir s\u0131ra me\u015fur \u015fah\u0131slarn\u0131 d\u00fcnya\u011fa ketirdi. Bu insanlarn\u0131\u00f1 boynuna \u00f6z halq\u0131n\u0131 qurtarmaq vazifesi t\u00fc\u015fti&#8221;, &#8211; dedi Refat \u00c7ubarov. \u2013 Olardan birisi efsaneviy Sabriye ablam\u0131z edi&#8221;.<\/p>\n\n\n\n<figure class=\"wp-block-image size-full\"><img loading=\"lazy\" decoding=\"async\" width=\"650\" height=\"400\" src=\"http:\/\/qtmm.org\/wp-content\/uploads\/2022\/01\/tekstu_rch.jpeg\" alt=\"\" class=\"wp-image-35545\" srcset=\"https:\/\/qtmm.org\/wp-content\/uploads\/2022\/01\/tekstu_rch.jpeg 650w, https:\/\/qtmm.org\/wp-content\/uploads\/2022\/01\/tekstu_rch-300x185.jpeg 300w\" sizes=\"auto, (max-width: 650px) 100vw, 650px\" \/><\/figure>\n\n\n\n<p>Meclis reisini\u00f1 birinci muavini \u015fun\u0131 da qayd etti ki, Sabriye Erecepova 1921 senesini\u00f1 a\u00e7l\u0131\u011f\u0131n\u0131 \u00e7ekti, 1930 y\u0131ll\u0131rn\u0131\u00f1 repressiyalar\u0131na o\u011frat\u0131ld\u0131, cenkni k\u00f6rdi ve 1944-te Vatandan s\u00fcrg\u00fcn etildi. &#8220;Hayatta halq\u0131nen beraber ol\u011fan insan, vefat\u0131ndan so\u00f1 da on\u0131\u00f1nen beraberdir&#8221;, dep qayd etti R. \u00c7ubarov.<br><br>Kontsert programmas\u0131n\u0131 Sabriye Erecepova \u00e7al\u0131\u015fqan &#8220;Qaytarma&#8221; ansamblini\u00f1 artistleri devam ettirip, Sabriye Erecepovan\u0131\u00f1 y\u0131rlar\u0131n\u0131 icra ettiler.<\/p>\n\n\n\n<p>\u015eun\u0131 hat\u0131rlatmal\u0131 ki, 2012 senesi iy\u00fcl 5-te Ukraina halq deputatlar\u0131 &#8220;Sabriye Erecepova do\u011f\u011fan\u0131n\u0131\u00f1 100 y\u0131ll\u0131\u011f\u0131n\u0131 qayd et\u00fcv aqq\u0131nda&#8221; \u2116 10438 Qararn\u0131 qabul ettiler. On\u0131\u00f1 m\u00fcellifi Ukraina halq deputat\u0131 Mustafa Cemilevdir.<\/p>\n","protected":false},"excerpt":{"rendered":"<p>4 dekabr k\u00fcn\u00fc Ukrain muz\u0131kal\u0131 teatrinde efsaneviy y\u0131rc\u0131, Q\u0131r\u0131m ASSRde ve \u00d6zbekistanda nam qazan\u011fan artist Sabriye Erecepova do\u011f\u011fan\u0131n\u0131\u00f1 100 y\u0131ll\u0131\u011f\u0131na ba\u011f\u0131\u015flan\u011fan tantanal\u0131 aq\u015fam \u00f6tkerildi. On\u0131\u00f1 icras\u0131nda er angi y\u0131r halq y\u0131r\u0131na \u00e7evrildi. B\u00fct\u00fcn \u00f6m\u00fcrini sevimli halq\u0131na ba\u011f\u0131\u015fla\u011fan Sabriye Erecepova \u00f6z semetde\u015flerine variyet olaraq halq y\u0131r\u0131na sevgini qald\u0131rd\u0131. Aq\u015fam Ukraina Yuqar\u0131 \u015euras\u0131 2012 senesi iy\u00fcl 5 [&hellip;]<\/p>\n","protected":false},"author":1,"featured_media":35541,"comment_status":"open","ping_status":"open","sticky":false,"template":"","format":"standard","meta":{"inline_featured_image":false,"footnotes":""},"categories":[265],"tags":[],"class_list":["post-35540","post","type-post","status-publish","format-standard","has-post-thumbnail","hentry","category-haberler"],"acf":[],"yoast_head":"<!-- This site is optimized with the Yoast SEO plugin v27.4 - https:\/\/yoast.com\/product\/yoast-seo-wordpress\/ -->\n<title>Refat \u00c7ubarov: \u00abHayatta halq\u0131nen beraber ol\u011fan insan, vefat\u0131ndan so\u00f1 da on\u0131\u00f1nen beraberdir\u00bb - \u041c\u0435\u0434\u0436\u043b\u0456\u0441<\/title>\n<meta name=\"robots\" content=\"index, follow, max-snippet:-1, max-image-preview:large, max-video-preview:-1\" \/>\n<link rel=\"canonical\" href=\"https:\/\/qtmm.org\/qt\/refat-cubarov-hayatta-halqinen-beraber-olgan-insan-vefatindan-son-da-oninnen-beraberdir\/\" \/>\n<meta property=\"og:locale\" content=\"en_US\" \/>\n<meta property=\"og:type\" content=\"article\" \/>\n<meta property=\"og:title\" content=\"Refat \u00c7ubarov: \u00abHayatta halq\u0131nen beraber ol\u011fan insan, vefat\u0131ndan so\u00f1 da on\u0131\u00f1nen beraberdir\u00bb - \u041c\u0435\u0434\u0436\u043b\u0456\u0441\" \/>\n<meta property=\"og:description\" content=\"4 dekabr k\u00fcn\u00fc Ukrain muz\u0131kal\u0131 teatrinde efsaneviy y\u0131rc\u0131, Q\u0131r\u0131m ASSRde ve \u00d6zbekistanda nam qazan\u011fan artist Sabriye Erecepova do\u011f\u011fan\u0131n\u0131\u00f1 100 y\u0131ll\u0131\u011f\u0131na ba\u011f\u0131\u015flan\u011fan tantanal\u0131 aq\u015fam \u00f6tkerildi. On\u0131\u00f1 icras\u0131nda er angi y\u0131r halq y\u0131r\u0131na \u00e7evrildi. B\u00fct\u00fcn \u00f6m\u00fcrini sevimli halq\u0131na ba\u011f\u0131\u015fla\u011fan Sabriye Erecepova \u00f6z semetde\u015flerine variyet olaraq halq y\u0131r\u0131na sevgini qald\u0131rd\u0131. Aq\u015fam Ukraina Yuqar\u0131 \u015euras\u0131 2012 senesi iy\u00fcl 5 [&hellip;]\" \/>\n<meta property=\"og:url\" content=\"https:\/\/qtmm.org\/qt\/refat-cubarov-hayatta-halqinen-beraber-olgan-insan-vefatindan-son-da-oninnen-beraberdir\/\" \/>\n<meta property=\"og:site_name\" content=\"\u041c\u0435\u0434\u0436\u043b\u0456\u0441\" \/>\n<meta property=\"article:publisher\" content=\"https:\/\/www.facebook.com\/qtmm.info\/\" \/>\n<meta property=\"article:published_time\" content=\"2012-12-04T12:58:00+00:00\" \/>\n<meta property=\"article:modified_time\" content=\"2022-01-23T12:59:45+00:00\" \/>\n<meta property=\"og:image\" content=\"https:\/\/qtmm.org\/wp-content\/uploads\/2022\/01\/po_tekstu_aa.jpeg\" \/>\n\t<meta property=\"og:image:width\" content=\"650\" \/>\n\t<meta property=\"og:image:height\" content=\"350\" \/>\n\t<meta property=\"og:image:type\" content=\"image\/jpeg\" \/>\n<meta name=\"author\" content=\"Developer\" \/>\n<meta name=\"twitter:card\" content=\"summary_large_image\" \/>\n<meta name=\"twitter:label1\" content=\"Written by\" \/>\n\t<meta name=\"twitter:data1\" content=\"Developer\" \/>\n\t<meta name=\"twitter:label2\" content=\"Est. reading time\" \/>\n\t<meta name=\"twitter:data2\" content=\"2 minutes\" \/>\n<script type=\"application\/ld+json\" class=\"yoast-schema-graph\">{\"@context\":\"https:\\\/\\\/schema.org\",\"@graph\":[{\"@type\":\"Article\",\"@id\":\"https:\\\/\\\/qtmm.org\\\/qt\\\/refat-cubarov-hayatta-halqinen-beraber-olgan-insan-vefatindan-son-da-oninnen-beraberdir\\\/#article\",\"isPartOf\":{\"@id\":\"https:\\\/\\\/qtmm.org\\\/qt\\\/refat-cubarov-hayatta-halqinen-beraber-olgan-insan-vefatindan-son-da-oninnen-beraberdir\\\/\"},\"author\":{\"name\":\"Developer\",\"@id\":\"https:\\\/\\\/qtmm.org\\\/qt\\\/#\\\/schema\\\/person\\\/de562469f971dec226ac06e60bbf74a7\"},\"headline\":\"Refat \u00c7ubarov: \u00abHayatta halq\u0131nen beraber ol\u011fan insan, vefat\u0131ndan so\u00f1 da on\u0131\u00f1nen beraberdir\u00bb\",\"datePublished\":\"2012-12-04T12:58:00+00:00\",\"dateModified\":\"2022-01-23T12:59:45+00:00\",\"mainEntityOfPage\":{\"@id\":\"https:\\\/\\\/qtmm.org\\\/qt\\\/refat-cubarov-hayatta-halqinen-beraber-olgan-insan-vefatindan-son-da-oninnen-beraberdir\\\/\"},\"wordCount\":396,\"commentCount\":0,\"publisher\":{\"@id\":\"https:\\\/\\\/qtmm.org\\\/qt\\\/#organization\"},\"image\":{\"@id\":\"https:\\\/\\\/qtmm.org\\\/qt\\\/refat-cubarov-hayatta-halqinen-beraber-olgan-insan-vefatindan-son-da-oninnen-beraberdir\\\/#primaryimage\"},\"thumbnailUrl\":\"https:\\\/\\\/qtmm.org\\\/wp-content\\\/uploads\\\/2022\\\/01\\\/po_tekstu_aa.jpeg\",\"articleSection\":[\"Haberler\"],\"inLanguage\":\"qt\",\"potentialAction\":[{\"@type\":\"CommentAction\",\"name\":\"Comment\",\"target\":[\"https:\\\/\\\/qtmm.org\\\/qt\\\/refat-cubarov-hayatta-halqinen-beraber-olgan-insan-vefatindan-son-da-oninnen-beraberdir\\\/#respond\"]}]},{\"@type\":\"WebPage\",\"@id\":\"https:\\\/\\\/qtmm.org\\\/qt\\\/refat-cubarov-hayatta-halqinen-beraber-olgan-insan-vefatindan-son-da-oninnen-beraberdir\\\/\",\"url\":\"https:\\\/\\\/qtmm.org\\\/qt\\\/refat-cubarov-hayatta-halqinen-beraber-olgan-insan-vefatindan-son-da-oninnen-beraberdir\\\/\",\"name\":\"Refat \u00c7ubarov: \u00abHayatta halq\u0131nen beraber ol\u011fan insan, vefat\u0131ndan so\u00f1 da on\u0131\u00f1nen beraberdir\u00bb - \u041c\u0435\u0434\u0436\u043b\u0456\u0441\",\"isPartOf\":{\"@id\":\"https:\\\/\\\/qtmm.org\\\/qt\\\/#website\"},\"primaryImageOfPage\":{\"@id\":\"https:\\\/\\\/qtmm.org\\\/qt\\\/refat-cubarov-hayatta-halqinen-beraber-olgan-insan-vefatindan-son-da-oninnen-beraberdir\\\/#primaryimage\"},\"image\":{\"@id\":\"https:\\\/\\\/qtmm.org\\\/qt\\\/refat-cubarov-hayatta-halqinen-beraber-olgan-insan-vefatindan-son-da-oninnen-beraberdir\\\/#primaryimage\"},\"thumbnailUrl\":\"https:\\\/\\\/qtmm.org\\\/wp-content\\\/uploads\\\/2022\\\/01\\\/po_tekstu_aa.jpeg\",\"datePublished\":\"2012-12-04T12:58:00+00:00\",\"dateModified\":\"2022-01-23T12:59:45+00:00\",\"breadcrumb\":{\"@id\":\"https:\\\/\\\/qtmm.org\\\/qt\\\/refat-cubarov-hayatta-halqinen-beraber-olgan-insan-vefatindan-son-da-oninnen-beraberdir\\\/#breadcrumb\"},\"inLanguage\":\"qt\",\"potentialAction\":[{\"@type\":\"ReadAction\",\"target\":[\"https:\\\/\\\/qtmm.org\\\/qt\\\/refat-cubarov-hayatta-halqinen-beraber-olgan-insan-vefatindan-son-da-oninnen-beraberdir\\\/\"]}]},{\"@type\":\"ImageObject\",\"inLanguage\":\"qt\",\"@id\":\"https:\\\/\\\/qtmm.org\\\/qt\\\/refat-cubarov-hayatta-halqinen-beraber-olgan-insan-vefatindan-son-da-oninnen-beraberdir\\\/#primaryimage\",\"url\":\"https:\\\/\\\/qtmm.org\\\/wp-content\\\/uploads\\\/2022\\\/01\\\/po_tekstu_aa.jpeg\",\"contentUrl\":\"https:\\\/\\\/qtmm.org\\\/wp-content\\\/uploads\\\/2022\\\/01\\\/po_tekstu_aa.jpeg\",\"width\":650,\"height\":350},{\"@type\":\"BreadcrumbList\",\"@id\":\"https:\\\/\\\/qtmm.org\\\/qt\\\/refat-cubarov-hayatta-halqinen-beraber-olgan-insan-vefatindan-son-da-oninnen-beraberdir\\\/#breadcrumb\",\"itemListElement\":[{\"@type\":\"ListItem\",\"position\":1,\"name\":\"\u0413\u043e\u043b\u043e\u0432\u043d\u0430\",\"item\":\"https:\\\/\\\/qtmm.org\\\/qt\\\/\"},{\"@type\":\"ListItem\",\"position\":2,\"name\":\"Refat \u00c7ubarov: \u00abHayatta halq\u0131nen beraber ol\u011fan insan, vefat\u0131ndan so\u00f1 da on\u0131\u00f1nen beraberdir\u00bb\"}]},{\"@type\":\"WebSite\",\"@id\":\"https:\\\/\\\/qtmm.org\\\/qt\\\/#website\",\"url\":\"https:\\\/\\\/qtmm.org\\\/qt\\\/\",\"name\":\"\u041c\u0435\u0434\u0436\u043b\u0456\u0441\",\"description\":\"\",\"publisher\":{\"@id\":\"https:\\\/\\\/qtmm.org\\\/qt\\\/#organization\"},\"potentialAction\":[{\"@type\":\"SearchAction\",\"target\":{\"@type\":\"EntryPoint\",\"urlTemplate\":\"https:\\\/\\\/qtmm.org\\\/qt\\\/?s={search_term_string}\"},\"query-input\":{\"@type\":\"PropertyValueSpecification\",\"valueRequired\":true,\"valueName\":\"search_term_string\"}}],\"inLanguage\":\"qt\"},{\"@type\":\"Organization\",\"@id\":\"https:\\\/\\\/qtmm.org\\\/qt\\\/#organization\",\"name\":\"\u041c\u0435\u0434\u0436\u043b\u0456\u0441\",\"url\":\"https:\\\/\\\/qtmm.org\\\/qt\\\/\",\"logo\":{\"@type\":\"ImageObject\",\"inLanguage\":\"qt\",\"@id\":\"https:\\\/\\\/qtmm.org\\\/qt\\\/#\\\/schema\\\/logo\\\/image\\\/\",\"url\":\"https:\\\/\\\/qtmm.org\\\/wp-content\\\/uploads\\\/2024\\\/12\\\/ua-mejlis-logo-rgb.svg\",\"contentUrl\":\"https:\\\/\\\/qtmm.org\\\/wp-content\\\/uploads\\\/2024\\\/12\\\/ua-mejlis-logo-rgb.svg\",\"caption\":\"\u041c\u0435\u0434\u0436\u043b\u0456\u0441\"},\"image\":{\"@id\":\"https:\\\/\\\/qtmm.org\\\/qt\\\/#\\\/schema\\\/logo\\\/image\\\/\"},\"sameAs\":[\"https:\\\/\\\/www.facebook.com\\\/qtmm.info\\\/\"]},{\"@type\":\"Person\",\"@id\":\"https:\\\/\\\/qtmm.org\\\/qt\\\/#\\\/schema\\\/person\\\/de562469f971dec226ac06e60bbf74a7\",\"name\":\"Developer\",\"image\":{\"@type\":\"ImageObject\",\"inLanguage\":\"qt\",\"@id\":\"https:\\\/\\\/secure.gravatar.com\\\/avatar\\\/392b4cc8fbfeb00b39dfeeab4ee6edded39ffd48e25858637e4765810300227e?s=96&d=mm&r=g\",\"url\":\"https:\\\/\\\/secure.gravatar.com\\\/avatar\\\/392b4cc8fbfeb00b39dfeeab4ee6edded39ffd48e25858637e4765810300227e?s=96&d=mm&r=g\",\"contentUrl\":\"https:\\\/\\\/secure.gravatar.com\\\/avatar\\\/392b4cc8fbfeb00b39dfeeab4ee6edded39ffd48e25858637e4765810300227e?s=96&d=mm&r=g\",\"caption\":\"Developer\"},\"url\":\"https:\\\/\\\/qtmm.org\\\/qt\\\/author\\\/Developer\\\/\"}]}<\/script>\n<!-- \/ Yoast SEO plugin. -->","yoast_head_json":{"title":"Refat \u00c7ubarov: \u00abHayatta halq\u0131nen beraber ol\u011fan insan, vefat\u0131ndan so\u00f1 da on\u0131\u00f1nen beraberdir\u00bb - \u041c\u0435\u0434\u0436\u043b\u0456\u0441","robots":{"index":"index","follow":"follow","max-snippet":"max-snippet:-1","max-image-preview":"max-image-preview:large","max-video-preview":"max-video-preview:-1"},"canonical":"https:\/\/qtmm.org\/qt\/refat-cubarov-hayatta-halqinen-beraber-olgan-insan-vefatindan-son-da-oninnen-beraberdir\/","og_locale":"en_US","og_type":"article","og_title":"Refat \u00c7ubarov: \u00abHayatta halq\u0131nen beraber ol\u011fan insan, vefat\u0131ndan so\u00f1 da on\u0131\u00f1nen beraberdir\u00bb - \u041c\u0435\u0434\u0436\u043b\u0456\u0441","og_description":"4 dekabr k\u00fcn\u00fc Ukrain muz\u0131kal\u0131 teatrinde efsaneviy y\u0131rc\u0131, Q\u0131r\u0131m ASSRde ve \u00d6zbekistanda nam qazan\u011fan artist Sabriye Erecepova do\u011f\u011fan\u0131n\u0131\u00f1 100 y\u0131ll\u0131\u011f\u0131na ba\u011f\u0131\u015flan\u011fan tantanal\u0131 aq\u015fam \u00f6tkerildi. On\u0131\u00f1 icras\u0131nda er angi y\u0131r halq y\u0131r\u0131na \u00e7evrildi. B\u00fct\u00fcn \u00f6m\u00fcrini sevimli halq\u0131na ba\u011f\u0131\u015fla\u011fan Sabriye Erecepova \u00f6z semetde\u015flerine variyet olaraq halq y\u0131r\u0131na sevgini qald\u0131rd\u0131. Aq\u015fam Ukraina Yuqar\u0131 \u015euras\u0131 2012 senesi iy\u00fcl 5 [&hellip;]","og_url":"https:\/\/qtmm.org\/qt\/refat-cubarov-hayatta-halqinen-beraber-olgan-insan-vefatindan-son-da-oninnen-beraberdir\/","og_site_name":"\u041c\u0435\u0434\u0436\u043b\u0456\u0441","article_publisher":"https:\/\/www.facebook.com\/qtmm.info\/","article_published_time":"2012-12-04T12:58:00+00:00","article_modified_time":"2022-01-23T12:59:45+00:00","og_image":[{"width":650,"height":350,"url":"https:\/\/qtmm.org\/wp-content\/uploads\/2022\/01\/po_tekstu_aa.jpeg","type":"image\/jpeg"}],"author":"Developer","twitter_card":"summary_large_image","twitter_misc":{"Written by":"Developer","Est. reading time":"2 minutes"},"schema":{"@context":"https:\/\/schema.org","@graph":[{"@type":"Article","@id":"https:\/\/qtmm.org\/qt\/refat-cubarov-hayatta-halqinen-beraber-olgan-insan-vefatindan-son-da-oninnen-beraberdir\/#article","isPartOf":{"@id":"https:\/\/qtmm.org\/qt\/refat-cubarov-hayatta-halqinen-beraber-olgan-insan-vefatindan-son-da-oninnen-beraberdir\/"},"author":{"name":"Developer","@id":"https:\/\/qtmm.org\/qt\/#\/schema\/person\/de562469f971dec226ac06e60bbf74a7"},"headline":"Refat \u00c7ubarov: \u00abHayatta halq\u0131nen beraber ol\u011fan insan, vefat\u0131ndan so\u00f1 da on\u0131\u00f1nen beraberdir\u00bb","datePublished":"2012-12-04T12:58:00+00:00","dateModified":"2022-01-23T12:59:45+00:00","mainEntityOfPage":{"@id":"https:\/\/qtmm.org\/qt\/refat-cubarov-hayatta-halqinen-beraber-olgan-insan-vefatindan-son-da-oninnen-beraberdir\/"},"wordCount":396,"commentCount":0,"publisher":{"@id":"https:\/\/qtmm.org\/qt\/#organization"},"image":{"@id":"https:\/\/qtmm.org\/qt\/refat-cubarov-hayatta-halqinen-beraber-olgan-insan-vefatindan-son-da-oninnen-beraberdir\/#primaryimage"},"thumbnailUrl":"https:\/\/qtmm.org\/wp-content\/uploads\/2022\/01\/po_tekstu_aa.jpeg","articleSection":["Haberler"],"inLanguage":"qt","potentialAction":[{"@type":"CommentAction","name":"Comment","target":["https:\/\/qtmm.org\/qt\/refat-cubarov-hayatta-halqinen-beraber-olgan-insan-vefatindan-son-da-oninnen-beraberdir\/#respond"]}]},{"@type":"WebPage","@id":"https:\/\/qtmm.org\/qt\/refat-cubarov-hayatta-halqinen-beraber-olgan-insan-vefatindan-son-da-oninnen-beraberdir\/","url":"https:\/\/qtmm.org\/qt\/refat-cubarov-hayatta-halqinen-beraber-olgan-insan-vefatindan-son-da-oninnen-beraberdir\/","name":"Refat \u00c7ubarov: \u00abHayatta halq\u0131nen beraber ol\u011fan insan, vefat\u0131ndan so\u00f1 da on\u0131\u00f1nen beraberdir\u00bb - \u041c\u0435\u0434\u0436\u043b\u0456\u0441","isPartOf":{"@id":"https:\/\/qtmm.org\/qt\/#website"},"primaryImageOfPage":{"@id":"https:\/\/qtmm.org\/qt\/refat-cubarov-hayatta-halqinen-beraber-olgan-insan-vefatindan-son-da-oninnen-beraberdir\/#primaryimage"},"image":{"@id":"https:\/\/qtmm.org\/qt\/refat-cubarov-hayatta-halqinen-beraber-olgan-insan-vefatindan-son-da-oninnen-beraberdir\/#primaryimage"},"thumbnailUrl":"https:\/\/qtmm.org\/wp-content\/uploads\/2022\/01\/po_tekstu_aa.jpeg","datePublished":"2012-12-04T12:58:00+00:00","dateModified":"2022-01-23T12:59:45+00:00","breadcrumb":{"@id":"https:\/\/qtmm.org\/qt\/refat-cubarov-hayatta-halqinen-beraber-olgan-insan-vefatindan-son-da-oninnen-beraberdir\/#breadcrumb"},"inLanguage":"qt","potentialAction":[{"@type":"ReadAction","target":["https:\/\/qtmm.org\/qt\/refat-cubarov-hayatta-halqinen-beraber-olgan-insan-vefatindan-son-da-oninnen-beraberdir\/"]}]},{"@type":"ImageObject","inLanguage":"qt","@id":"https:\/\/qtmm.org\/qt\/refat-cubarov-hayatta-halqinen-beraber-olgan-insan-vefatindan-son-da-oninnen-beraberdir\/#primaryimage","url":"https:\/\/qtmm.org\/wp-content\/uploads\/2022\/01\/po_tekstu_aa.jpeg","contentUrl":"https:\/\/qtmm.org\/wp-content\/uploads\/2022\/01\/po_tekstu_aa.jpeg","width":650,"height":350},{"@type":"BreadcrumbList","@id":"https:\/\/qtmm.org\/qt\/refat-cubarov-hayatta-halqinen-beraber-olgan-insan-vefatindan-son-da-oninnen-beraberdir\/#breadcrumb","itemListElement":[{"@type":"ListItem","position":1,"name":"\u0413\u043e\u043b\u043e\u0432\u043d\u0430","item":"https:\/\/qtmm.org\/qt\/"},{"@type":"ListItem","position":2,"name":"Refat \u00c7ubarov: \u00abHayatta halq\u0131nen beraber ol\u011fan insan, vefat\u0131ndan so\u00f1 da on\u0131\u00f1nen beraberdir\u00bb"}]},{"@type":"WebSite","@id":"https:\/\/qtmm.org\/qt\/#website","url":"https:\/\/qtmm.org\/qt\/","name":"\u041c\u0435\u0434\u0436\u043b\u0456\u0441","description":"","publisher":{"@id":"https:\/\/qtmm.org\/qt\/#organization"},"potentialAction":[{"@type":"SearchAction","target":{"@type":"EntryPoint","urlTemplate":"https:\/\/qtmm.org\/qt\/?s={search_term_string}"},"query-input":{"@type":"PropertyValueSpecification","valueRequired":true,"valueName":"search_term_string"}}],"inLanguage":"qt"},{"@type":"Organization","@id":"https:\/\/qtmm.org\/qt\/#organization","name":"\u041c\u0435\u0434\u0436\u043b\u0456\u0441","url":"https:\/\/qtmm.org\/qt\/","logo":{"@type":"ImageObject","inLanguage":"qt","@id":"https:\/\/qtmm.org\/qt\/#\/schema\/logo\/image\/","url":"https:\/\/qtmm.org\/wp-content\/uploads\/2024\/12\/ua-mejlis-logo-rgb.svg","contentUrl":"https:\/\/qtmm.org\/wp-content\/uploads\/2024\/12\/ua-mejlis-logo-rgb.svg","caption":"\u041c\u0435\u0434\u0436\u043b\u0456\u0441"},"image":{"@id":"https:\/\/qtmm.org\/qt\/#\/schema\/logo\/image\/"},"sameAs":["https:\/\/www.facebook.com\/qtmm.info\/"]},{"@type":"Person","@id":"https:\/\/qtmm.org\/qt\/#\/schema\/person\/de562469f971dec226ac06e60bbf74a7","name":"Developer","image":{"@type":"ImageObject","inLanguage":"qt","@id":"https:\/\/secure.gravatar.com\/avatar\/392b4cc8fbfeb00b39dfeeab4ee6edded39ffd48e25858637e4765810300227e?s=96&d=mm&r=g","url":"https:\/\/secure.gravatar.com\/avatar\/392b4cc8fbfeb00b39dfeeab4ee6edded39ffd48e25858637e4765810300227e?s=96&d=mm&r=g","contentUrl":"https:\/\/secure.gravatar.com\/avatar\/392b4cc8fbfeb00b39dfeeab4ee6edded39ffd48e25858637e4765810300227e?s=96&d=mm&r=g","caption":"Developer"},"url":"https:\/\/qtmm.org\/qt\/author\/Developer\/"}]}},"_links":{"self":[{"href":"https:\/\/qtmm.org\/qt\/wp-json\/wp\/v2\/posts\/35540","targetHints":{"allow":["GET"]}}],"collection":[{"href":"https:\/\/qtmm.org\/qt\/wp-json\/wp\/v2\/posts"}],"about":[{"href":"https:\/\/qtmm.org\/qt\/wp-json\/wp\/v2\/types\/post"}],"author":[{"embeddable":true,"href":"https:\/\/qtmm.org\/qt\/wp-json\/wp\/v2\/users\/1"}],"replies":[{"embeddable":true,"href":"https:\/\/qtmm.org\/qt\/wp-json\/wp\/v2\/comments?post=35540"}],"version-history":[{"count":1,"href":"https:\/\/qtmm.org\/qt\/wp-json\/wp\/v2\/posts\/35540\/revisions"}],"predecessor-version":[{"id":35549,"href":"https:\/\/qtmm.org\/qt\/wp-json\/wp\/v2\/posts\/35540\/revisions\/35549"}],"wp:featuredmedia":[{"embeddable":true,"href":"https:\/\/qtmm.org\/qt\/wp-json\/wp\/v2\/media\/35541"}],"wp:attachment":[{"href":"https:\/\/qtmm.org\/qt\/wp-json\/wp\/v2\/media?parent=35540"}],"wp:term":[{"taxonomy":"category","embeddable":true,"href":"https:\/\/qtmm.org\/qt\/wp-json\/wp\/v2\/categories?post=35540"},{"taxonomy":"post_tag","embeddable":true,"href":"https:\/\/qtmm.org\/qt\/wp-json\/wp\/v2\/tags?post=35540"}],"curies":[{"name":"wp","href":"https:\/\/api.w.org\/{rel}","templated":true}]}}