




{"id":35534,"date":"2012-12-04T15:57:00","date_gmt":"2012-12-04T12:57:00","guid":{"rendered":"http:\/\/qtmm.org\/?p=35534"},"modified":"2022-01-23T15:58:20","modified_gmt":"2022-01-23T12:58:20","slug":"nasildir-bir-gruppa-insan-kendilerini-ukraina-mahkemesinin-qararini-amelge-kecirmege-aqqi-bar-dep-saysa-ketisat-nege-alip-kelecegini-bugun-qirimnin-er-bir-sakini-tusunmeli","status":"publish","type":"post","link":"https:\/\/qtmm.org\/qt\/nasildir-bir-gruppa-insan-kendilerini-ukraina-mahkemesinin-qararini-amelge-kecirmege-aqqi-bar-dep-saysa-ketisat-nege-alip-kelecegini-bugun-qirimnin-er-bir-sakini-tusunmeli\/","title":{"rendered":"Nas\u0131ld\u0131r bir gruppa insan kendilerini Ukraina mahkemesini\u00f1 qarar\u0131n\u0131 amelge ke\u00e7irmege aqq\u0131 bar, dep saysa keti\u015fat nege al\u0131p kelecegini bug\u00fcn Q\u0131r\u0131mn\u0131\u00f1 er bir sakini t\u00fc\u015f\u00fcnmeli"},"content":{"rendered":"\n<p>Q\u0131r\u0131mtatar halq\u0131 Meclisi reisini\u00f1 birinci muavini, Q\u0131r\u0131m Yuqar\u0131 \u015euras\u0131nda &#8220;Qurultay-Ruh&#8221; fraktsiyas\u0131n\u0131\u00f1 ba\u015f\u0131 Refat \u00c7ubarov 4 dekabr k\u00fcn\u00fc \u00f6z\u00fc ke\u00e7irdigi matbuat konferentsiya\u0131nda s\u00f6yledi. Matbuat konferentsiyan\u0131\u00f1 mevzus\u0131 \u2013 &#8220;Bir gecede eki provokatsiya\u2026Q\u0131r\u0131mda kim dava \u00e7\u0131qarma\u011fa istey?&#8221;<br><br>&#8220;Biz bug\u00fcn topraq davas\u0131n\u0131\u00f1 as\u0131l\u0131n\u0131 muzakere etmeymiz ve dava taraflar\u0131n\u0131\u00f1 poziiyas\u0131 aqq\u0131nda da aytmaym\u0131z. Biz mahkeme qarar\u0131 cemaat ve ya da siyasiy te\u015fkil\u00e2tlarn\u0131 celp etilgeni alda amelge ke\u00e7irilmesini\u00f1 usullar\u0131 husus\u0131nda s\u00f6z y\u00fcrsetemiz, &#8211; dep qayd etti Refat \u00c7ubarov dekabrge ke\u00e7er gecesi Molod\u00f6jnoye qasabas\u0131nda q\u0131r\u0131mtatarlarn\u0131\u00f1 muvaqqat ev\u00e7ikleri y\u0131qt\u0131r\u0131l\u011fan\u0131n\u0131 izatlayaraq.<\/p>\n\n\n\n<p>&#8220;Diger bir te\u015fkil\u00e2t, deyik ad\u0131 &#8220;Adalet&#8221; olsun, gece saat 2-de elinde mahkeme qarar\u0131nen &#8220;adaletni tiklemege&#8221; ketse neler olabilecegini bir tasavur eti\u00f1iz, &#8211; dedi R. \u00c7ubarov. &#8211; Nas\u0131ld\u0131r bir gruppa insan kendilerini Ukraina mahkemesini\u00f1 qarar\u0131n\u0131 amelge ke\u00e7irmege aqq\u0131 bar, dep saysa keti\u015fat nege al\u0131p kelecegini bug\u00fcn Q\u0131r\u0131mn\u0131\u00f1 er bir sakini ciddiy t\u00fc\u015f\u00fcnmeli&#8221;.<\/p>\n","protected":false},"excerpt":{"rendered":"<p>Q\u0131r\u0131mtatar halq\u0131 Meclisi reisini\u00f1 birinci muavini, Q\u0131r\u0131m Yuqar\u0131 \u015euras\u0131nda &#8220;Qurultay-Ruh&#8221; fraktsiyas\u0131n\u0131\u00f1 ba\u015f\u0131 Refat \u00c7ubarov 4 dekabr k\u00fcn\u00fc \u00f6z\u00fc ke\u00e7irdigi matbuat konferentsiya\u0131nda s\u00f6yledi. Matbuat konferentsiyan\u0131\u00f1 mevzus\u0131 \u2013 &#8220;Bir gecede eki provokatsiya\u2026Q\u0131r\u0131mda kim dava \u00e7\u0131qarma\u011fa istey?&#8221; &#8220;Biz bug\u00fcn topraq davas\u0131n\u0131\u00f1 as\u0131l\u0131n\u0131 muzakere etmeymiz ve dava taraflar\u0131n\u0131\u00f1 poziiyas\u0131 aqq\u0131nda da aytmaym\u0131z. Biz mahkeme qarar\u0131 cemaat ve ya da [&hellip;]<\/p>\n","protected":false},"author":1,"featured_media":35535,"comment_status":"open","ping_status":"open","sticky":false,"template":"","format":"standard","meta":{"inline_featured_image":false,"footnotes":""},"categories":[265],"tags":[],"class_list":["post-35534","post","type-post","status-publish","format-standard","has-post-thumbnail","hentry","category-haberler"],"acf":[],"yoast_head":"<!-- This site is optimized with the Yoast SEO plugin v27.4 - https:\/\/yoast.com\/product\/yoast-seo-wordpress\/ -->\n<title>Nas\u0131ld\u0131r bir gruppa insan kendilerini Ukraina mahkemesini\u00f1 qarar\u0131n\u0131 amelge ke\u00e7irmege aqq\u0131 bar, dep saysa keti\u015fat nege al\u0131p kelecegini bug\u00fcn Q\u0131r\u0131mn\u0131\u00f1 er bir sakini t\u00fc\u015f\u00fcnmeli - \u041c\u0435\u0434\u0436\u043b\u0456\u0441<\/title>\n<meta name=\"robots\" content=\"index, follow, max-snippet:-1, max-image-preview:large, max-video-preview:-1\" \/>\n<link rel=\"canonical\" href=\"https:\/\/qtmm.org\/qt\/nasildir-bir-gruppa-insan-kendilerini-ukraina-mahkemesinin-qararini-amelge-kecirmege-aqqi-bar-dep-saysa-ketisat-nege-alip-kelecegini-bugun-qirimnin-er-bir-sakini-tusunmeli\/\" \/>\n<meta property=\"og:locale\" content=\"en_US\" \/>\n<meta property=\"og:type\" content=\"article\" \/>\n<meta property=\"og:title\" content=\"Nas\u0131ld\u0131r bir gruppa insan kendilerini Ukraina mahkemesini\u00f1 qarar\u0131n\u0131 amelge ke\u00e7irmege aqq\u0131 bar, dep saysa keti\u015fat nege al\u0131p kelecegini bug\u00fcn Q\u0131r\u0131mn\u0131\u00f1 er bir sakini t\u00fc\u015f\u00fcnmeli - \u041c\u0435\u0434\u0436\u043b\u0456\u0441\" \/>\n<meta property=\"og:description\" content=\"Q\u0131r\u0131mtatar halq\u0131 Meclisi reisini\u00f1 birinci muavini, Q\u0131r\u0131m Yuqar\u0131 \u015euras\u0131nda &#8220;Qurultay-Ruh&#8221; fraktsiyas\u0131n\u0131\u00f1 ba\u015f\u0131 Refat \u00c7ubarov 4 dekabr k\u00fcn\u00fc \u00f6z\u00fc ke\u00e7irdigi matbuat konferentsiya\u0131nda s\u00f6yledi. Matbuat konferentsiyan\u0131\u00f1 mevzus\u0131 \u2013 &#8220;Bir gecede eki provokatsiya\u2026Q\u0131r\u0131mda kim dava \u00e7\u0131qarma\u011fa istey?&#8221; &#8220;Biz bug\u00fcn topraq davas\u0131n\u0131\u00f1 as\u0131l\u0131n\u0131 muzakere etmeymiz ve dava taraflar\u0131n\u0131\u00f1 poziiyas\u0131 aqq\u0131nda da aytmaym\u0131z. Biz mahkeme qarar\u0131 cemaat ve ya da [&hellip;]\" \/>\n<meta property=\"og:url\" content=\"https:\/\/qtmm.org\/qt\/nasildir-bir-gruppa-insan-kendilerini-ukraina-mahkemesinin-qararini-amelge-kecirmege-aqqi-bar-dep-saysa-ketisat-nege-alip-kelecegini-bugun-qirimnin-er-bir-sakini-tusunmeli\/\" \/>\n<meta property=\"og:site_name\" content=\"\u041c\u0435\u0434\u0436\u043b\u0456\u0441\" \/>\n<meta property=\"article:publisher\" content=\"https:\/\/www.facebook.com\/qtmm.info\/\" \/>\n<meta property=\"article:published_time\" content=\"2012-12-04T12:57:00+00:00\" \/>\n<meta property=\"article:modified_time\" content=\"2022-01-23T12:58:20+00:00\" \/>\n<meta property=\"og:image\" content=\"https:\/\/qtmm.org\/wp-content\/uploads\/2022\/01\/img_1382.jpeg\" \/>\n\t<meta property=\"og:image:width\" content=\"800\" \/>\n\t<meta property=\"og:image:height\" content=\"600\" \/>\n\t<meta property=\"og:image:type\" content=\"image\/jpeg\" \/>\n<meta name=\"author\" content=\"Developer\" \/>\n<meta name=\"twitter:card\" content=\"summary_large_image\" \/>\n<meta name=\"twitter:label1\" content=\"Written by\" \/>\n\t<meta name=\"twitter:data1\" content=\"Developer\" \/>\n\t<meta name=\"twitter:label2\" content=\"Est. reading time\" \/>\n\t<meta name=\"twitter:data2\" content=\"1 minute\" \/>\n<script type=\"application\/ld+json\" class=\"yoast-schema-graph\">{\"@context\":\"https:\\\/\\\/schema.org\",\"@graph\":[{\"@type\":\"Article\",\"@id\":\"https:\\\/\\\/qtmm.org\\\/qt\\\/nasildir-bir-gruppa-insan-kendilerini-ukraina-mahkemesinin-qararini-amelge-kecirmege-aqqi-bar-dep-saysa-ketisat-nege-alip-kelecegini-bugun-qirimnin-er-bir-sakini-tusunmeli\\\/#article\",\"isPartOf\":{\"@id\":\"https:\\\/\\\/qtmm.org\\\/qt\\\/nasildir-bir-gruppa-insan-kendilerini-ukraina-mahkemesinin-qararini-amelge-kecirmege-aqqi-bar-dep-saysa-ketisat-nege-alip-kelecegini-bugun-qirimnin-er-bir-sakini-tusunmeli\\\/\"},\"author\":{\"name\":\"Developer\",\"@id\":\"https:\\\/\\\/qtmm.org\\\/qt\\\/#\\\/schema\\\/person\\\/de562469f971dec226ac06e60bbf74a7\"},\"headline\":\"Nas\u0131ld\u0131r bir gruppa insan kendilerini Ukraina mahkemesini\u00f1 qarar\u0131n\u0131 amelge ke\u00e7irmege aqq\u0131 bar, dep saysa keti\u015fat nege al\u0131p kelecegini bug\u00fcn Q\u0131r\u0131mn\u0131\u00f1 er bir sakini t\u00fc\u015f\u00fcnmeli\",\"datePublished\":\"2012-12-04T12:57:00+00:00\",\"dateModified\":\"2022-01-23T12:58:20+00:00\",\"mainEntityOfPage\":{\"@id\":\"https:\\\/\\\/qtmm.org\\\/qt\\\/nasildir-bir-gruppa-insan-kendilerini-ukraina-mahkemesinin-qararini-amelge-kecirmege-aqqi-bar-dep-saysa-ketisat-nege-alip-kelecegini-bugun-qirimnin-er-bir-sakini-tusunmeli\\\/\"},\"wordCount\":217,\"commentCount\":0,\"publisher\":{\"@id\":\"https:\\\/\\\/qtmm.org\\\/qt\\\/#organization\"},\"image\":{\"@id\":\"https:\\\/\\\/qtmm.org\\\/qt\\\/nasildir-bir-gruppa-insan-kendilerini-ukraina-mahkemesinin-qararini-amelge-kecirmege-aqqi-bar-dep-saysa-ketisat-nege-alip-kelecegini-bugun-qirimnin-er-bir-sakini-tusunmeli\\\/#primaryimage\"},\"thumbnailUrl\":\"https:\\\/\\\/qtmm.org\\\/wp-content\\\/uploads\\\/2022\\\/01\\\/img_1382.jpeg\",\"articleSection\":[\"Haberler\"],\"inLanguage\":\"qt\",\"potentialAction\":[{\"@type\":\"CommentAction\",\"name\":\"Comment\",\"target\":[\"https:\\\/\\\/qtmm.org\\\/qt\\\/nasildir-bir-gruppa-insan-kendilerini-ukraina-mahkemesinin-qararini-amelge-kecirmege-aqqi-bar-dep-saysa-ketisat-nege-alip-kelecegini-bugun-qirimnin-er-bir-sakini-tusunmeli\\\/#respond\"]}]},{\"@type\":\"WebPage\",\"@id\":\"https:\\\/\\\/qtmm.org\\\/qt\\\/nasildir-bir-gruppa-insan-kendilerini-ukraina-mahkemesinin-qararini-amelge-kecirmege-aqqi-bar-dep-saysa-ketisat-nege-alip-kelecegini-bugun-qirimnin-er-bir-sakini-tusunmeli\\\/\",\"url\":\"https:\\\/\\\/qtmm.org\\\/qt\\\/nasildir-bir-gruppa-insan-kendilerini-ukraina-mahkemesinin-qararini-amelge-kecirmege-aqqi-bar-dep-saysa-ketisat-nege-alip-kelecegini-bugun-qirimnin-er-bir-sakini-tusunmeli\\\/\",\"name\":\"Nas\u0131ld\u0131r bir gruppa insan kendilerini Ukraina mahkemesini\u00f1 qarar\u0131n\u0131 amelge ke\u00e7irmege aqq\u0131 bar, dep saysa keti\u015fat nege al\u0131p kelecegini bug\u00fcn Q\u0131r\u0131mn\u0131\u00f1 er bir sakini t\u00fc\u015f\u00fcnmeli - \u041c\u0435\u0434\u0436\u043b\u0456\u0441\",\"isPartOf\":{\"@id\":\"https:\\\/\\\/qtmm.org\\\/qt\\\/#website\"},\"primaryImageOfPage\":{\"@id\":\"https:\\\/\\\/qtmm.org\\\/qt\\\/nasildir-bir-gruppa-insan-kendilerini-ukraina-mahkemesinin-qararini-amelge-kecirmege-aqqi-bar-dep-saysa-ketisat-nege-alip-kelecegini-bugun-qirimnin-er-bir-sakini-tusunmeli\\\/#primaryimage\"},\"image\":{\"@id\":\"https:\\\/\\\/qtmm.org\\\/qt\\\/nasildir-bir-gruppa-insan-kendilerini-ukraina-mahkemesinin-qararini-amelge-kecirmege-aqqi-bar-dep-saysa-ketisat-nege-alip-kelecegini-bugun-qirimnin-er-bir-sakini-tusunmeli\\\/#primaryimage\"},\"thumbnailUrl\":\"https:\\\/\\\/qtmm.org\\\/wp-content\\\/uploads\\\/2022\\\/01\\\/img_1382.jpeg\",\"datePublished\":\"2012-12-04T12:57:00+00:00\",\"dateModified\":\"2022-01-23T12:58:20+00:00\",\"breadcrumb\":{\"@id\":\"https:\\\/\\\/qtmm.org\\\/qt\\\/nasildir-bir-gruppa-insan-kendilerini-ukraina-mahkemesinin-qararini-amelge-kecirmege-aqqi-bar-dep-saysa-ketisat-nege-alip-kelecegini-bugun-qirimnin-er-bir-sakini-tusunmeli\\\/#breadcrumb\"},\"inLanguage\":\"qt\",\"potentialAction\":[{\"@type\":\"ReadAction\",\"target\":[\"https:\\\/\\\/qtmm.org\\\/qt\\\/nasildir-bir-gruppa-insan-kendilerini-ukraina-mahkemesinin-qararini-amelge-kecirmege-aqqi-bar-dep-saysa-ketisat-nege-alip-kelecegini-bugun-qirimnin-er-bir-sakini-tusunmeli\\\/\"]}]},{\"@type\":\"ImageObject\",\"inLanguage\":\"qt\",\"@id\":\"https:\\\/\\\/qtmm.org\\\/qt\\\/nasildir-bir-gruppa-insan-kendilerini-ukraina-mahkemesinin-qararini-amelge-kecirmege-aqqi-bar-dep-saysa-ketisat-nege-alip-kelecegini-bugun-qirimnin-er-bir-sakini-tusunmeli\\\/#primaryimage\",\"url\":\"https:\\\/\\\/qtmm.org\\\/wp-content\\\/uploads\\\/2022\\\/01\\\/img_1382.jpeg\",\"contentUrl\":\"https:\\\/\\\/qtmm.org\\\/wp-content\\\/uploads\\\/2022\\\/01\\\/img_1382.jpeg\",\"width\":800,\"height\":600},{\"@type\":\"BreadcrumbList\",\"@id\":\"https:\\\/\\\/qtmm.org\\\/qt\\\/nasildir-bir-gruppa-insan-kendilerini-ukraina-mahkemesinin-qararini-amelge-kecirmege-aqqi-bar-dep-saysa-ketisat-nege-alip-kelecegini-bugun-qirimnin-er-bir-sakini-tusunmeli\\\/#breadcrumb\",\"itemListElement\":[{\"@type\":\"ListItem\",\"position\":1,\"name\":\"\u0413\u043e\u043b\u043e\u0432\u043d\u0430\",\"item\":\"https:\\\/\\\/qtmm.org\\\/qt\\\/\"},{\"@type\":\"ListItem\",\"position\":2,\"name\":\"Nas\u0131ld\u0131r bir gruppa insan kendilerini Ukraina mahkemesini\u00f1 qarar\u0131n\u0131 amelge ke\u00e7irmege aqq\u0131 bar, dep saysa keti\u015fat nege al\u0131p kelecegini bug\u00fcn Q\u0131r\u0131mn\u0131\u00f1 er bir sakini t\u00fc\u015f\u00fcnmeli\"}]},{\"@type\":\"WebSite\",\"@id\":\"https:\\\/\\\/qtmm.org\\\/qt\\\/#website\",\"url\":\"https:\\\/\\\/qtmm.org\\\/qt\\\/\",\"name\":\"\u041c\u0435\u0434\u0436\u043b\u0456\u0441\",\"description\":\"\",\"publisher\":{\"@id\":\"https:\\\/\\\/qtmm.org\\\/qt\\\/#organization\"},\"potentialAction\":[{\"@type\":\"SearchAction\",\"target\":{\"@type\":\"EntryPoint\",\"urlTemplate\":\"https:\\\/\\\/qtmm.org\\\/qt\\\/?s={search_term_string}\"},\"query-input\":{\"@type\":\"PropertyValueSpecification\",\"valueRequired\":true,\"valueName\":\"search_term_string\"}}],\"inLanguage\":\"qt\"},{\"@type\":\"Organization\",\"@id\":\"https:\\\/\\\/qtmm.org\\\/qt\\\/#organization\",\"name\":\"\u041c\u0435\u0434\u0436\u043b\u0456\u0441\",\"url\":\"https:\\\/\\\/qtmm.org\\\/qt\\\/\",\"logo\":{\"@type\":\"ImageObject\",\"inLanguage\":\"qt\",\"@id\":\"https:\\\/\\\/qtmm.org\\\/qt\\\/#\\\/schema\\\/logo\\\/image\\\/\",\"url\":\"https:\\\/\\\/qtmm.org\\\/wp-content\\\/uploads\\\/2024\\\/12\\\/ua-mejlis-logo-rgb.svg\",\"contentUrl\":\"https:\\\/\\\/qtmm.org\\\/wp-content\\\/uploads\\\/2024\\\/12\\\/ua-mejlis-logo-rgb.svg\",\"caption\":\"\u041c\u0435\u0434\u0436\u043b\u0456\u0441\"},\"image\":{\"@id\":\"https:\\\/\\\/qtmm.org\\\/qt\\\/#\\\/schema\\\/logo\\\/image\\\/\"},\"sameAs\":[\"https:\\\/\\\/www.facebook.com\\\/qtmm.info\\\/\"]},{\"@type\":\"Person\",\"@id\":\"https:\\\/\\\/qtmm.org\\\/qt\\\/#\\\/schema\\\/person\\\/de562469f971dec226ac06e60bbf74a7\",\"name\":\"Developer\",\"image\":{\"@type\":\"ImageObject\",\"inLanguage\":\"qt\",\"@id\":\"https:\\\/\\\/secure.gravatar.com\\\/avatar\\\/392b4cc8fbfeb00b39dfeeab4ee6edded39ffd48e25858637e4765810300227e?s=96&d=mm&r=g\",\"url\":\"https:\\\/\\\/secure.gravatar.com\\\/avatar\\\/392b4cc8fbfeb00b39dfeeab4ee6edded39ffd48e25858637e4765810300227e?s=96&d=mm&r=g\",\"contentUrl\":\"https:\\\/\\\/secure.gravatar.com\\\/avatar\\\/392b4cc8fbfeb00b39dfeeab4ee6edded39ffd48e25858637e4765810300227e?s=96&d=mm&r=g\",\"caption\":\"Developer\"},\"url\":\"https:\\\/\\\/qtmm.org\\\/qt\\\/author\\\/Developer\\\/\"}]}<\/script>\n<!-- \/ Yoast SEO plugin. -->","yoast_head_json":{"title":"Nas\u0131ld\u0131r bir gruppa insan kendilerini Ukraina mahkemesini\u00f1 qarar\u0131n\u0131 amelge ke\u00e7irmege aqq\u0131 bar, dep saysa keti\u015fat nege al\u0131p kelecegini bug\u00fcn Q\u0131r\u0131mn\u0131\u00f1 er bir sakini t\u00fc\u015f\u00fcnmeli - \u041c\u0435\u0434\u0436\u043b\u0456\u0441","robots":{"index":"index","follow":"follow","max-snippet":"max-snippet:-1","max-image-preview":"max-image-preview:large","max-video-preview":"max-video-preview:-1"},"canonical":"https:\/\/qtmm.org\/qt\/nasildir-bir-gruppa-insan-kendilerini-ukraina-mahkemesinin-qararini-amelge-kecirmege-aqqi-bar-dep-saysa-ketisat-nege-alip-kelecegini-bugun-qirimnin-er-bir-sakini-tusunmeli\/","og_locale":"en_US","og_type":"article","og_title":"Nas\u0131ld\u0131r bir gruppa insan kendilerini Ukraina mahkemesini\u00f1 qarar\u0131n\u0131 amelge ke\u00e7irmege aqq\u0131 bar, dep saysa keti\u015fat nege al\u0131p kelecegini bug\u00fcn Q\u0131r\u0131mn\u0131\u00f1 er bir sakini t\u00fc\u015f\u00fcnmeli - \u041c\u0435\u0434\u0436\u043b\u0456\u0441","og_description":"Q\u0131r\u0131mtatar halq\u0131 Meclisi reisini\u00f1 birinci muavini, Q\u0131r\u0131m Yuqar\u0131 \u015euras\u0131nda &#8220;Qurultay-Ruh&#8221; fraktsiyas\u0131n\u0131\u00f1 ba\u015f\u0131 Refat \u00c7ubarov 4 dekabr k\u00fcn\u00fc \u00f6z\u00fc ke\u00e7irdigi matbuat konferentsiya\u0131nda s\u00f6yledi. Matbuat konferentsiyan\u0131\u00f1 mevzus\u0131 \u2013 &#8220;Bir gecede eki provokatsiya\u2026Q\u0131r\u0131mda kim dava \u00e7\u0131qarma\u011fa istey?&#8221; &#8220;Biz bug\u00fcn topraq davas\u0131n\u0131\u00f1 as\u0131l\u0131n\u0131 muzakere etmeymiz ve dava taraflar\u0131n\u0131\u00f1 poziiyas\u0131 aqq\u0131nda da aytmaym\u0131z. Biz mahkeme qarar\u0131 cemaat ve ya da [&hellip;]","og_url":"https:\/\/qtmm.org\/qt\/nasildir-bir-gruppa-insan-kendilerini-ukraina-mahkemesinin-qararini-amelge-kecirmege-aqqi-bar-dep-saysa-ketisat-nege-alip-kelecegini-bugun-qirimnin-er-bir-sakini-tusunmeli\/","og_site_name":"\u041c\u0435\u0434\u0436\u043b\u0456\u0441","article_publisher":"https:\/\/www.facebook.com\/qtmm.info\/","article_published_time":"2012-12-04T12:57:00+00:00","article_modified_time":"2022-01-23T12:58:20+00:00","og_image":[{"width":800,"height":600,"url":"https:\/\/qtmm.org\/wp-content\/uploads\/2022\/01\/img_1382.jpeg","type":"image\/jpeg"}],"author":"Developer","twitter_card":"summary_large_image","twitter_misc":{"Written by":"Developer","Est. reading time":"1 minute"},"schema":{"@context":"https:\/\/schema.org","@graph":[{"@type":"Article","@id":"https:\/\/qtmm.org\/qt\/nasildir-bir-gruppa-insan-kendilerini-ukraina-mahkemesinin-qararini-amelge-kecirmege-aqqi-bar-dep-saysa-ketisat-nege-alip-kelecegini-bugun-qirimnin-er-bir-sakini-tusunmeli\/#article","isPartOf":{"@id":"https:\/\/qtmm.org\/qt\/nasildir-bir-gruppa-insan-kendilerini-ukraina-mahkemesinin-qararini-amelge-kecirmege-aqqi-bar-dep-saysa-ketisat-nege-alip-kelecegini-bugun-qirimnin-er-bir-sakini-tusunmeli\/"},"author":{"name":"Developer","@id":"https:\/\/qtmm.org\/qt\/#\/schema\/person\/de562469f971dec226ac06e60bbf74a7"},"headline":"Nas\u0131ld\u0131r bir gruppa insan kendilerini Ukraina mahkemesini\u00f1 qarar\u0131n\u0131 amelge ke\u00e7irmege aqq\u0131 bar, dep saysa keti\u015fat nege al\u0131p kelecegini bug\u00fcn Q\u0131r\u0131mn\u0131\u00f1 er bir sakini t\u00fc\u015f\u00fcnmeli","datePublished":"2012-12-04T12:57:00+00:00","dateModified":"2022-01-23T12:58:20+00:00","mainEntityOfPage":{"@id":"https:\/\/qtmm.org\/qt\/nasildir-bir-gruppa-insan-kendilerini-ukraina-mahkemesinin-qararini-amelge-kecirmege-aqqi-bar-dep-saysa-ketisat-nege-alip-kelecegini-bugun-qirimnin-er-bir-sakini-tusunmeli\/"},"wordCount":217,"commentCount":0,"publisher":{"@id":"https:\/\/qtmm.org\/qt\/#organization"},"image":{"@id":"https:\/\/qtmm.org\/qt\/nasildir-bir-gruppa-insan-kendilerini-ukraina-mahkemesinin-qararini-amelge-kecirmege-aqqi-bar-dep-saysa-ketisat-nege-alip-kelecegini-bugun-qirimnin-er-bir-sakini-tusunmeli\/#primaryimage"},"thumbnailUrl":"https:\/\/qtmm.org\/wp-content\/uploads\/2022\/01\/img_1382.jpeg","articleSection":["Haberler"],"inLanguage":"qt","potentialAction":[{"@type":"CommentAction","name":"Comment","target":["https:\/\/qtmm.org\/qt\/nasildir-bir-gruppa-insan-kendilerini-ukraina-mahkemesinin-qararini-amelge-kecirmege-aqqi-bar-dep-saysa-ketisat-nege-alip-kelecegini-bugun-qirimnin-er-bir-sakini-tusunmeli\/#respond"]}]},{"@type":"WebPage","@id":"https:\/\/qtmm.org\/qt\/nasildir-bir-gruppa-insan-kendilerini-ukraina-mahkemesinin-qararini-amelge-kecirmege-aqqi-bar-dep-saysa-ketisat-nege-alip-kelecegini-bugun-qirimnin-er-bir-sakini-tusunmeli\/","url":"https:\/\/qtmm.org\/qt\/nasildir-bir-gruppa-insan-kendilerini-ukraina-mahkemesinin-qararini-amelge-kecirmege-aqqi-bar-dep-saysa-ketisat-nege-alip-kelecegini-bugun-qirimnin-er-bir-sakini-tusunmeli\/","name":"Nas\u0131ld\u0131r bir gruppa insan kendilerini Ukraina mahkemesini\u00f1 qarar\u0131n\u0131 amelge ke\u00e7irmege aqq\u0131 bar, dep saysa keti\u015fat nege al\u0131p kelecegini bug\u00fcn Q\u0131r\u0131mn\u0131\u00f1 er bir sakini t\u00fc\u015f\u00fcnmeli - \u041c\u0435\u0434\u0436\u043b\u0456\u0441","isPartOf":{"@id":"https:\/\/qtmm.org\/qt\/#website"},"primaryImageOfPage":{"@id":"https:\/\/qtmm.org\/qt\/nasildir-bir-gruppa-insan-kendilerini-ukraina-mahkemesinin-qararini-amelge-kecirmege-aqqi-bar-dep-saysa-ketisat-nege-alip-kelecegini-bugun-qirimnin-er-bir-sakini-tusunmeli\/#primaryimage"},"image":{"@id":"https:\/\/qtmm.org\/qt\/nasildir-bir-gruppa-insan-kendilerini-ukraina-mahkemesinin-qararini-amelge-kecirmege-aqqi-bar-dep-saysa-ketisat-nege-alip-kelecegini-bugun-qirimnin-er-bir-sakini-tusunmeli\/#primaryimage"},"thumbnailUrl":"https:\/\/qtmm.org\/wp-content\/uploads\/2022\/01\/img_1382.jpeg","datePublished":"2012-12-04T12:57:00+00:00","dateModified":"2022-01-23T12:58:20+00:00","breadcrumb":{"@id":"https:\/\/qtmm.org\/qt\/nasildir-bir-gruppa-insan-kendilerini-ukraina-mahkemesinin-qararini-amelge-kecirmege-aqqi-bar-dep-saysa-ketisat-nege-alip-kelecegini-bugun-qirimnin-er-bir-sakini-tusunmeli\/#breadcrumb"},"inLanguage":"qt","potentialAction":[{"@type":"ReadAction","target":["https:\/\/qtmm.org\/qt\/nasildir-bir-gruppa-insan-kendilerini-ukraina-mahkemesinin-qararini-amelge-kecirmege-aqqi-bar-dep-saysa-ketisat-nege-alip-kelecegini-bugun-qirimnin-er-bir-sakini-tusunmeli\/"]}]},{"@type":"ImageObject","inLanguage":"qt","@id":"https:\/\/qtmm.org\/qt\/nasildir-bir-gruppa-insan-kendilerini-ukraina-mahkemesinin-qararini-amelge-kecirmege-aqqi-bar-dep-saysa-ketisat-nege-alip-kelecegini-bugun-qirimnin-er-bir-sakini-tusunmeli\/#primaryimage","url":"https:\/\/qtmm.org\/wp-content\/uploads\/2022\/01\/img_1382.jpeg","contentUrl":"https:\/\/qtmm.org\/wp-content\/uploads\/2022\/01\/img_1382.jpeg","width":800,"height":600},{"@type":"BreadcrumbList","@id":"https:\/\/qtmm.org\/qt\/nasildir-bir-gruppa-insan-kendilerini-ukraina-mahkemesinin-qararini-amelge-kecirmege-aqqi-bar-dep-saysa-ketisat-nege-alip-kelecegini-bugun-qirimnin-er-bir-sakini-tusunmeli\/#breadcrumb","itemListElement":[{"@type":"ListItem","position":1,"name":"\u0413\u043e\u043b\u043e\u0432\u043d\u0430","item":"https:\/\/qtmm.org\/qt\/"},{"@type":"ListItem","position":2,"name":"Nas\u0131ld\u0131r bir gruppa insan kendilerini Ukraina mahkemesini\u00f1 qarar\u0131n\u0131 amelge ke\u00e7irmege aqq\u0131 bar, dep saysa keti\u015fat nege al\u0131p kelecegini bug\u00fcn Q\u0131r\u0131mn\u0131\u00f1 er bir sakini t\u00fc\u015f\u00fcnmeli"}]},{"@type":"WebSite","@id":"https:\/\/qtmm.org\/qt\/#website","url":"https:\/\/qtmm.org\/qt\/","name":"\u041c\u0435\u0434\u0436\u043b\u0456\u0441","description":"","publisher":{"@id":"https:\/\/qtmm.org\/qt\/#organization"},"potentialAction":[{"@type":"SearchAction","target":{"@type":"EntryPoint","urlTemplate":"https:\/\/qtmm.org\/qt\/?s={search_term_string}"},"query-input":{"@type":"PropertyValueSpecification","valueRequired":true,"valueName":"search_term_string"}}],"inLanguage":"qt"},{"@type":"Organization","@id":"https:\/\/qtmm.org\/qt\/#organization","name":"\u041c\u0435\u0434\u0436\u043b\u0456\u0441","url":"https:\/\/qtmm.org\/qt\/","logo":{"@type":"ImageObject","inLanguage":"qt","@id":"https:\/\/qtmm.org\/qt\/#\/schema\/logo\/image\/","url":"https:\/\/qtmm.org\/wp-content\/uploads\/2024\/12\/ua-mejlis-logo-rgb.svg","contentUrl":"https:\/\/qtmm.org\/wp-content\/uploads\/2024\/12\/ua-mejlis-logo-rgb.svg","caption":"\u041c\u0435\u0434\u0436\u043b\u0456\u0441"},"image":{"@id":"https:\/\/qtmm.org\/qt\/#\/schema\/logo\/image\/"},"sameAs":["https:\/\/www.facebook.com\/qtmm.info\/"]},{"@type":"Person","@id":"https:\/\/qtmm.org\/qt\/#\/schema\/person\/de562469f971dec226ac06e60bbf74a7","name":"Developer","image":{"@type":"ImageObject","inLanguage":"qt","@id":"https:\/\/secure.gravatar.com\/avatar\/392b4cc8fbfeb00b39dfeeab4ee6edded39ffd48e25858637e4765810300227e?s=96&d=mm&r=g","url":"https:\/\/secure.gravatar.com\/avatar\/392b4cc8fbfeb00b39dfeeab4ee6edded39ffd48e25858637e4765810300227e?s=96&d=mm&r=g","contentUrl":"https:\/\/secure.gravatar.com\/avatar\/392b4cc8fbfeb00b39dfeeab4ee6edded39ffd48e25858637e4765810300227e?s=96&d=mm&r=g","caption":"Developer"},"url":"https:\/\/qtmm.org\/qt\/author\/Developer\/"}]}},"_links":{"self":[{"href":"https:\/\/qtmm.org\/qt\/wp-json\/wp\/v2\/posts\/35534","targetHints":{"allow":["GET"]}}],"collection":[{"href":"https:\/\/qtmm.org\/qt\/wp-json\/wp\/v2\/posts"}],"about":[{"href":"https:\/\/qtmm.org\/qt\/wp-json\/wp\/v2\/types\/post"}],"author":[{"embeddable":true,"href":"https:\/\/qtmm.org\/qt\/wp-json\/wp\/v2\/users\/1"}],"replies":[{"embeddable":true,"href":"https:\/\/qtmm.org\/qt\/wp-json\/wp\/v2\/comments?post=35534"}],"version-history":[{"count":1,"href":"https:\/\/qtmm.org\/qt\/wp-json\/wp\/v2\/posts\/35534\/revisions"}],"predecessor-version":[{"id":35539,"href":"https:\/\/qtmm.org\/qt\/wp-json\/wp\/v2\/posts\/35534\/revisions\/35539"}],"wp:featuredmedia":[{"embeddable":true,"href":"https:\/\/qtmm.org\/qt\/wp-json\/wp\/v2\/media\/35535"}],"wp:attachment":[{"href":"https:\/\/qtmm.org\/qt\/wp-json\/wp\/v2\/media?parent=35534"}],"wp:term":[{"taxonomy":"category","embeddable":true,"href":"https:\/\/qtmm.org\/qt\/wp-json\/wp\/v2\/categories?post=35534"},{"taxonomy":"post_tag","embeddable":true,"href":"https:\/\/qtmm.org\/qt\/wp-json\/wp\/v2\/tags?post=35534"}],"curies":[{"name":"wp","href":"https:\/\/api.w.org\/{rel}","templated":true}]}}