




{"id":35528,"date":"2012-12-04T15:56:00","date_gmt":"2012-12-04T12:56:00","guid":{"rendered":"http:\/\/qtmm.org\/?p=35528"},"modified":"2022-01-23T15:57:23","modified_gmt":"2022-01-23T12:57:23","slug":"r-cubarovnin-fikrince-yuz-bergen-tecavuz-ve-patlatuvlardan-maqsad-qirimtatarlar-tarafindan-da-ayni-areketlerni-qozgamaq","status":"publish","type":"post","link":"https:\/\/qtmm.org\/qt\/r-cubarovnin-fikrince-yuz-bergen-tecavuz-ve-patlatuvlardan-maqsad-qirimtatarlar-tarafindan-da-ayni-areketlerni-qozgamaq\/","title":{"rendered":"R.\u00c7ubarovn\u0131\u00f1 fikrince y\u00fcz bergen tecavuz ve patlatuvlardan maqsad q\u0131r\u0131mtatarlar taraf\u0131ndan da ayn\u0131 areketlerni qoz\u011famaq"},"content":{"rendered":"\n<p>Bu fikirni Q\u0131r\u0131mtatar halq\u0131 Meclisi reisini\u00f1 birinci muavini, Q\u0131r\u0131m Yuqar\u0131 \u015euras\u0131ndaki &#8220;Qurultay-Ruh&#8221; fraktsiyas\u0131n\u0131\u00f1 ba\u015f\u0131 Refat \u00c7ubarov &#8220;Bir gece i\u00e7inde eki provokatsiya\u2026Q\u0131r\u0131mda kim dava \u00e7\u0131qarma\u011fa istey?&#8221; mevzus\u0131nda ke\u00e7irdigi matbuat konferentsiyas\u0131nda bildirdi<\/p>\n\n\n\n<p>Aqmescit rayon\u0131 Molod\u00f6jnoye qasabas\u0131 yan\u0131ndaki &#8220;naraz\u0131l\u0131q tarlas\u0131&#8221;nda muvaqqat ev\u00e7iklerni\u00f1 bozuluvlar\u0131, bun\u0131\u00f1 kibi de Cuma cami qurulacaq yerni\u00f1 qaravul\u0131na tecavuz etil\u00fcvi boyunca izaat bergen Meclis reisini\u00f1 birinci muavini Refat \u00c7ubarov \u015fu adiseler Q\u0131r\u0131m cemaat\u00e7\u0131l\u0131\u011f\u0131n\u0131 raats\u0131zla\u011fan\u0131n\u0131 s\u00f6yledi.<\/p>\n\n\n\n<p>&#8220;Cuma cami qurulacaq yerde patlatuvlar \u2013 musulmanlarn\u0131\u00f1 degerlikleri, qabristan ve abidelerni aqaretlegeni i\u00e7\u00fcn i\u00e7 te cezalanma\u011fan \u015fah\u0131slarn\u0131\u00f1 areketlerinde ya\u00f1\u0131 bir \u015feydir, &#8211; dedi Refat \u00c7ubarov. Belli ki, q\u0131r\u0131mtatar halq\u0131nen ba\u011fl\u0131 yerlerge nisbeten yap\u0131l\u011fan vandall\u0131qlarn\u0131\u00f1 te\u015fkil\u00e2t\u00e7\u0131lar\u0131ndan i\u00e7 bir kimse ne yaqaland\u0131 ve ne de cezaland\u0131. Amma bu sefer er bir musulman i\u00e7\u00fcn aziz bir yerni qoru\u011fan qaravul\u011fa yand\u0131r\u0131c\u0131 maddelernen tolu \u015fi\u015feler ile \u00fcc\u00fcm etildi.<\/p>\n\n\n\n<p>&#8220;Men bu aqta cenap Aks\u00f6nov\u011fa bildirip, Molod\u00f6jnoye qasabas\u0131nda aydutl\u0131q duy\u011fular\u0131n\u0131 yeterli derecede qanaatlendirmegenler, B\u00fcy\u00fck cami qurulacaq yerde cinaiy i\u015flerini devam ettirebilirler, dedim&#8221; &#8211; dep aytt\u0131 Refat \u00c7ubarov &#8220;Rus birligi&#8221; birle\u015fmesini\u00f1 ba\u015f\u0131 Sergey Aks\u00f6novnen ol\u011fan subetini tariflerken. Bu birle\u015fme &#8220;Molod\u00f6jnoye qasabas\u0131ndaki adise i\u00e7\u00fcn mes\u00fclietni boynuna ald\u0131. \u00c7ubarovn\u0131\u00f1 bildirgenine k\u00f6re, S. Aks\u00f6nov on\u0131\u00f1 tarafdarlar\u0131 cami qurulacaq yerde ol\u011fan adisede i\u015ftirak etmegen, tek Molod\u00f6jnoye qasabas\u0131ndaki areketleri i\u00e7\u00fcn cevap bere.<br><br>&#8220;Q\u0131r\u0131ml\u0131 siyaset\u00e7ilerni\u00f1 b\u00f6yle pozitsiyas\u0131n\u0131 \u015fu tarzda tarif etmek m\u00fcmk\u00fcn, yani &#8220;er bir aydut\u0131m&#8221; belli derecede ahl\u00e2ql\u0131 insan, bir ya\u011fmadan so\u00f1 ekincisine barmaz, &#8211; dedi R. \u00c7ubarov Aks\u00f6novn\u0131\u00f1 s\u00f6zlerini izaatlap. Bes-belli b\u00fct\u00fcn bu \u015feyler Q\u0131r\u0131mdaki siyasiy medeniyet ve diger vaqialarn\u0131 a\u00f1lamam\u0131z\u011fa ba\u011fl\u0131d\u0131r&#8221;.<\/p>\n\n\n\n<p>Meclis reisini\u00f1 birinci muavini Q\u0131r\u0131mda er angi dialogn\u0131\u00f1 olmas\u0131na keder etken \u015fah\u0131slarn\u0131\u00f1 areketleri Meclis ve Q\u0131r\u0131m cemaat\u00e7\u0131l\u0131\u011f\u0131n\u0131 tel\u00e2\u015fqa qoy\u011fan\u0131n\u0131 seslendirdi.<\/p>\n\n\n\n<p>R.\u00c7ubarovn\u0131\u00f1 fikrince y\u00fcz bergen tecavuz ve patlatuvlardan maqsad q\u0131r\u0131mtatarlar taraf\u0131ndan da ayn\u0131 areketlerni qoz\u011famaqt\u0131r.<br><br>&#8220;3 dekabr k\u00fcn\u00fc ma\u00f1a bir gruppa ya\u015flar muracaat etip, ne i\u00e7\u00fcn bizler 1944 senesi Q\u0131r\u0131mdan zorbal\u0131qnen quv\u0131p \u00e7\u0131qar\u0131l\u011fan dedelerimizni\u00f1 evlerini ayn\u0131 b\u00f6yle usulnen qaytar\u0131p olamaym\u0131z, dep sorad\u0131lar. Eger de kimlerdir m\u00fclk ya da topraq meselesini gecesi kelip \u00e7ezseler, ne i\u00e7\u00fcn bizim ayn\u0131 b\u00f6yle \u015fekilde adaletni tiklemege aqq\u0131m\u0131z yoq, deyler&#8221; &#8211; dedi siyaset\u00e7i jurnalistlerni\u00f1 \u00f6g\u00fcnde \u00e7\u0131q\u0131\u015fta bulun\u0131rken.<\/p>\n\n\n\n<p>Bun\u0131\u00f1nen birge Refat \u00c7ubarov \u015fun\u0131 da kesinliknen qayd etti ki, Milliy Meclis bun\u0131\u00f1 kibi laf ve tahminlerni ba\u015f\u0131ndan toqtacaq. Meclis reisini\u00f1 birinci muavini cemiyette bar\u0131\u015f\u0131q epsi taraflarn\u0131\u00f1 a\u00f1la\u015fqanlar\u0131 neticesinde elde etile.<\/p>\n\n\n\n<p><em>Hat\u0131rlatam\u0131z ki, noyabr 30-dan dekabr 1-ge ke\u00e7er gecesi Aqmescit rayon\u0131n\u0131\u00f1 Molod\u00f6jnoye qasabas\u0131 yan\u0131nda &#8220;naraz\u0131l\u0131q tarlas\u0131nda&#8221; q\u0131r\u0131mtatarlarn\u0131\u00f1 muvafaqqat ev\u00e7ileri bozul\u0131p, Cuma cami qurulacaq yerni\u00f1 qaravul\u0131na tecavuz etildi.<\/em><\/p>\n","protected":false},"excerpt":{"rendered":"<p>Bu fikirni Q\u0131r\u0131mtatar halq\u0131 Meclisi reisini\u00f1 birinci muavini, Q\u0131r\u0131m Yuqar\u0131 \u015euras\u0131ndaki &#8220;Qurultay-Ruh&#8221; fraktsiyas\u0131n\u0131\u00f1 ba\u015f\u0131 Refat \u00c7ubarov &#8220;Bir gece i\u00e7inde eki provokatsiya\u2026Q\u0131r\u0131mda kim dava \u00e7\u0131qarma\u011fa istey?&#8221; mevzus\u0131nda ke\u00e7irdigi matbuat konferentsiyas\u0131nda bildirdi Aqmescit rayon\u0131 Molod\u00f6jnoye qasabas\u0131 yan\u0131ndaki &#8220;naraz\u0131l\u0131q tarlas\u0131&#8221;nda muvaqqat ev\u00e7iklerni\u00f1 bozuluvlar\u0131, bun\u0131\u00f1 kibi de Cuma cami qurulacaq yerni\u00f1 qaravul\u0131na tecavuz etil\u00fcvi boyunca izaat bergen Meclis reisini\u00f1 [&hellip;]<\/p>\n","protected":false},"author":1,"featured_media":35529,"comment_status":"open","ping_status":"open","sticky":false,"template":"","format":"standard","meta":{"inline_featured_image":false,"footnotes":""},"categories":[265],"tags":[],"class_list":["post-35528","post","type-post","status-publish","format-standard","has-post-thumbnail","hentry","category-haberler"],"acf":[],"yoast_head":"<!-- This site is optimized with the Yoast SEO plugin v27.4 - https:\/\/yoast.com\/product\/yoast-seo-wordpress\/ -->\n<title>R.\u00c7ubarovn\u0131\u00f1 fikrince y\u00fcz bergen tecavuz ve patlatuvlardan maqsad q\u0131r\u0131mtatarlar taraf\u0131ndan da ayn\u0131 areketlerni qoz\u011famaq - \u041c\u0435\u0434\u0436\u043b\u0456\u0441<\/title>\n<meta name=\"robots\" content=\"index, follow, max-snippet:-1, max-image-preview:large, max-video-preview:-1\" \/>\n<link rel=\"canonical\" href=\"https:\/\/qtmm.org\/qt\/r-cubarovnin-fikrince-yuz-bergen-tecavuz-ve-patlatuvlardan-maqsad-qirimtatarlar-tarafindan-da-ayni-areketlerni-qozgamaq\/\" \/>\n<meta property=\"og:locale\" content=\"en_US\" \/>\n<meta property=\"og:type\" content=\"article\" \/>\n<meta property=\"og:title\" content=\"R.\u00c7ubarovn\u0131\u00f1 fikrince y\u00fcz bergen tecavuz ve patlatuvlardan maqsad q\u0131r\u0131mtatarlar taraf\u0131ndan da ayn\u0131 areketlerni qoz\u011famaq - \u041c\u0435\u0434\u0436\u043b\u0456\u0441\" \/>\n<meta property=\"og:description\" content=\"Bu fikirni Q\u0131r\u0131mtatar halq\u0131 Meclisi reisini\u00f1 birinci muavini, Q\u0131r\u0131m Yuqar\u0131 \u015euras\u0131ndaki &#8220;Qurultay-Ruh&#8221; fraktsiyas\u0131n\u0131\u00f1 ba\u015f\u0131 Refat \u00c7ubarov &#8220;Bir gece i\u00e7inde eki provokatsiya\u2026Q\u0131r\u0131mda kim dava \u00e7\u0131qarma\u011fa istey?&#8221; mevzus\u0131nda ke\u00e7irdigi matbuat konferentsiyas\u0131nda bildirdi Aqmescit rayon\u0131 Molod\u00f6jnoye qasabas\u0131 yan\u0131ndaki &#8220;naraz\u0131l\u0131q tarlas\u0131&#8221;nda muvaqqat ev\u00e7iklerni\u00f1 bozuluvlar\u0131, bun\u0131\u00f1 kibi de Cuma cami qurulacaq yerni\u00f1 qaravul\u0131na tecavuz etil\u00fcvi boyunca izaat bergen Meclis reisini\u00f1 [&hellip;]\" \/>\n<meta property=\"og:url\" content=\"https:\/\/qtmm.org\/qt\/r-cubarovnin-fikrince-yuz-bergen-tecavuz-ve-patlatuvlardan-maqsad-qirimtatarlar-tarafindan-da-ayni-areketlerni-qozgamaq\/\" \/>\n<meta property=\"og:site_name\" content=\"\u041c\u0435\u0434\u0436\u043b\u0456\u0441\" \/>\n<meta property=\"article:publisher\" content=\"https:\/\/www.facebook.com\/qtmm.info\/\" \/>\n<meta property=\"article:published_time\" content=\"2012-12-04T12:56:00+00:00\" \/>\n<meta property=\"article:modified_time\" content=\"2022-01-23T12:57:23+00:00\" \/>\n<meta property=\"og:image\" content=\"https:\/\/qtmm.org\/wp-content\/uploads\/2022\/01\/img_1386.jpeg\" \/>\n\t<meta property=\"og:image:width\" content=\"800\" \/>\n\t<meta property=\"og:image:height\" content=\"600\" \/>\n\t<meta property=\"og:image:type\" content=\"image\/jpeg\" \/>\n<meta name=\"author\" content=\"Developer\" \/>\n<meta name=\"twitter:card\" content=\"summary_large_image\" \/>\n<meta name=\"twitter:label1\" content=\"Written by\" \/>\n\t<meta name=\"twitter:data1\" content=\"Developer\" \/>\n\t<meta name=\"twitter:label2\" content=\"Est. reading time\" \/>\n\t<meta name=\"twitter:data2\" content=\"3 minutes\" \/>\n<script type=\"application\/ld+json\" class=\"yoast-schema-graph\">{\"@context\":\"https:\\\/\\\/schema.org\",\"@graph\":[{\"@type\":\"Article\",\"@id\":\"https:\\\/\\\/qtmm.org\\\/qt\\\/r-cubarovnin-fikrince-yuz-bergen-tecavuz-ve-patlatuvlardan-maqsad-qirimtatarlar-tarafindan-da-ayni-areketlerni-qozgamaq\\\/#article\",\"isPartOf\":{\"@id\":\"https:\\\/\\\/qtmm.org\\\/qt\\\/r-cubarovnin-fikrince-yuz-bergen-tecavuz-ve-patlatuvlardan-maqsad-qirimtatarlar-tarafindan-da-ayni-areketlerni-qozgamaq\\\/\"},\"author\":{\"name\":\"Developer\",\"@id\":\"https:\\\/\\\/qtmm.org\\\/qt\\\/#\\\/schema\\\/person\\\/de562469f971dec226ac06e60bbf74a7\"},\"headline\":\"R.\u00c7ubarovn\u0131\u00f1 fikrince y\u00fcz bergen tecavuz ve patlatuvlardan maqsad q\u0131r\u0131mtatarlar taraf\u0131ndan da ayn\u0131 areketlerni qoz\u011famaq\",\"datePublished\":\"2012-12-04T12:56:00+00:00\",\"dateModified\":\"2022-01-23T12:57:23+00:00\",\"mainEntityOfPage\":{\"@id\":\"https:\\\/\\\/qtmm.org\\\/qt\\\/r-cubarovnin-fikrince-yuz-bergen-tecavuz-ve-patlatuvlardan-maqsad-qirimtatarlar-tarafindan-da-ayni-areketlerni-qozgamaq\\\/\"},\"wordCount\":557,\"commentCount\":0,\"publisher\":{\"@id\":\"https:\\\/\\\/qtmm.org\\\/qt\\\/#organization\"},\"image\":{\"@id\":\"https:\\\/\\\/qtmm.org\\\/qt\\\/r-cubarovnin-fikrince-yuz-bergen-tecavuz-ve-patlatuvlardan-maqsad-qirimtatarlar-tarafindan-da-ayni-areketlerni-qozgamaq\\\/#primaryimage\"},\"thumbnailUrl\":\"https:\\\/\\\/qtmm.org\\\/wp-content\\\/uploads\\\/2022\\\/01\\\/img_1386.jpeg\",\"articleSection\":[\"Haberler\"],\"inLanguage\":\"qt\",\"potentialAction\":[{\"@type\":\"CommentAction\",\"name\":\"Comment\",\"target\":[\"https:\\\/\\\/qtmm.org\\\/qt\\\/r-cubarovnin-fikrince-yuz-bergen-tecavuz-ve-patlatuvlardan-maqsad-qirimtatarlar-tarafindan-da-ayni-areketlerni-qozgamaq\\\/#respond\"]}]},{\"@type\":\"WebPage\",\"@id\":\"https:\\\/\\\/qtmm.org\\\/qt\\\/r-cubarovnin-fikrince-yuz-bergen-tecavuz-ve-patlatuvlardan-maqsad-qirimtatarlar-tarafindan-da-ayni-areketlerni-qozgamaq\\\/\",\"url\":\"https:\\\/\\\/qtmm.org\\\/qt\\\/r-cubarovnin-fikrince-yuz-bergen-tecavuz-ve-patlatuvlardan-maqsad-qirimtatarlar-tarafindan-da-ayni-areketlerni-qozgamaq\\\/\",\"name\":\"R.\u00c7ubarovn\u0131\u00f1 fikrince y\u00fcz bergen tecavuz ve patlatuvlardan maqsad q\u0131r\u0131mtatarlar taraf\u0131ndan da ayn\u0131 areketlerni qoz\u011famaq - \u041c\u0435\u0434\u0436\u043b\u0456\u0441\",\"isPartOf\":{\"@id\":\"https:\\\/\\\/qtmm.org\\\/qt\\\/#website\"},\"primaryImageOfPage\":{\"@id\":\"https:\\\/\\\/qtmm.org\\\/qt\\\/r-cubarovnin-fikrince-yuz-bergen-tecavuz-ve-patlatuvlardan-maqsad-qirimtatarlar-tarafindan-da-ayni-areketlerni-qozgamaq\\\/#primaryimage\"},\"image\":{\"@id\":\"https:\\\/\\\/qtmm.org\\\/qt\\\/r-cubarovnin-fikrince-yuz-bergen-tecavuz-ve-patlatuvlardan-maqsad-qirimtatarlar-tarafindan-da-ayni-areketlerni-qozgamaq\\\/#primaryimage\"},\"thumbnailUrl\":\"https:\\\/\\\/qtmm.org\\\/wp-content\\\/uploads\\\/2022\\\/01\\\/img_1386.jpeg\",\"datePublished\":\"2012-12-04T12:56:00+00:00\",\"dateModified\":\"2022-01-23T12:57:23+00:00\",\"breadcrumb\":{\"@id\":\"https:\\\/\\\/qtmm.org\\\/qt\\\/r-cubarovnin-fikrince-yuz-bergen-tecavuz-ve-patlatuvlardan-maqsad-qirimtatarlar-tarafindan-da-ayni-areketlerni-qozgamaq\\\/#breadcrumb\"},\"inLanguage\":\"qt\",\"potentialAction\":[{\"@type\":\"ReadAction\",\"target\":[\"https:\\\/\\\/qtmm.org\\\/qt\\\/r-cubarovnin-fikrince-yuz-bergen-tecavuz-ve-patlatuvlardan-maqsad-qirimtatarlar-tarafindan-da-ayni-areketlerni-qozgamaq\\\/\"]}]},{\"@type\":\"ImageObject\",\"inLanguage\":\"qt\",\"@id\":\"https:\\\/\\\/qtmm.org\\\/qt\\\/r-cubarovnin-fikrince-yuz-bergen-tecavuz-ve-patlatuvlardan-maqsad-qirimtatarlar-tarafindan-da-ayni-areketlerni-qozgamaq\\\/#primaryimage\",\"url\":\"https:\\\/\\\/qtmm.org\\\/wp-content\\\/uploads\\\/2022\\\/01\\\/img_1386.jpeg\",\"contentUrl\":\"https:\\\/\\\/qtmm.org\\\/wp-content\\\/uploads\\\/2022\\\/01\\\/img_1386.jpeg\",\"width\":800,\"height\":600},{\"@type\":\"BreadcrumbList\",\"@id\":\"https:\\\/\\\/qtmm.org\\\/qt\\\/r-cubarovnin-fikrince-yuz-bergen-tecavuz-ve-patlatuvlardan-maqsad-qirimtatarlar-tarafindan-da-ayni-areketlerni-qozgamaq\\\/#breadcrumb\",\"itemListElement\":[{\"@type\":\"ListItem\",\"position\":1,\"name\":\"\u0413\u043e\u043b\u043e\u0432\u043d\u0430\",\"item\":\"https:\\\/\\\/qtmm.org\\\/qt\\\/\"},{\"@type\":\"ListItem\",\"position\":2,\"name\":\"R.\u00c7ubarovn\u0131\u00f1 fikrince y\u00fcz bergen tecavuz ve patlatuvlardan maqsad q\u0131r\u0131mtatarlar taraf\u0131ndan da ayn\u0131 areketlerni qoz\u011famaq\"}]},{\"@type\":\"WebSite\",\"@id\":\"https:\\\/\\\/qtmm.org\\\/qt\\\/#website\",\"url\":\"https:\\\/\\\/qtmm.org\\\/qt\\\/\",\"name\":\"\u041c\u0435\u0434\u0436\u043b\u0456\u0441\",\"description\":\"\",\"publisher\":{\"@id\":\"https:\\\/\\\/qtmm.org\\\/qt\\\/#organization\"},\"potentialAction\":[{\"@type\":\"SearchAction\",\"target\":{\"@type\":\"EntryPoint\",\"urlTemplate\":\"https:\\\/\\\/qtmm.org\\\/qt\\\/?s={search_term_string}\"},\"query-input\":{\"@type\":\"PropertyValueSpecification\",\"valueRequired\":true,\"valueName\":\"search_term_string\"}}],\"inLanguage\":\"qt\"},{\"@type\":\"Organization\",\"@id\":\"https:\\\/\\\/qtmm.org\\\/qt\\\/#organization\",\"name\":\"\u041c\u0435\u0434\u0436\u043b\u0456\u0441\",\"url\":\"https:\\\/\\\/qtmm.org\\\/qt\\\/\",\"logo\":{\"@type\":\"ImageObject\",\"inLanguage\":\"qt\",\"@id\":\"https:\\\/\\\/qtmm.org\\\/qt\\\/#\\\/schema\\\/logo\\\/image\\\/\",\"url\":\"https:\\\/\\\/qtmm.org\\\/wp-content\\\/uploads\\\/2024\\\/12\\\/ua-mejlis-logo-rgb.svg\",\"contentUrl\":\"https:\\\/\\\/qtmm.org\\\/wp-content\\\/uploads\\\/2024\\\/12\\\/ua-mejlis-logo-rgb.svg\",\"caption\":\"\u041c\u0435\u0434\u0436\u043b\u0456\u0441\"},\"image\":{\"@id\":\"https:\\\/\\\/qtmm.org\\\/qt\\\/#\\\/schema\\\/logo\\\/image\\\/\"},\"sameAs\":[\"https:\\\/\\\/www.facebook.com\\\/qtmm.info\\\/\"]},{\"@type\":\"Person\",\"@id\":\"https:\\\/\\\/qtmm.org\\\/qt\\\/#\\\/schema\\\/person\\\/de562469f971dec226ac06e60bbf74a7\",\"name\":\"Developer\",\"image\":{\"@type\":\"ImageObject\",\"inLanguage\":\"qt\",\"@id\":\"https:\\\/\\\/secure.gravatar.com\\\/avatar\\\/392b4cc8fbfeb00b39dfeeab4ee6edded39ffd48e25858637e4765810300227e?s=96&d=mm&r=g\",\"url\":\"https:\\\/\\\/secure.gravatar.com\\\/avatar\\\/392b4cc8fbfeb00b39dfeeab4ee6edded39ffd48e25858637e4765810300227e?s=96&d=mm&r=g\",\"contentUrl\":\"https:\\\/\\\/secure.gravatar.com\\\/avatar\\\/392b4cc8fbfeb00b39dfeeab4ee6edded39ffd48e25858637e4765810300227e?s=96&d=mm&r=g\",\"caption\":\"Developer\"},\"url\":\"https:\\\/\\\/qtmm.org\\\/qt\\\/author\\\/Developer\\\/\"}]}<\/script>\n<!-- \/ Yoast SEO plugin. -->","yoast_head_json":{"title":"R.\u00c7ubarovn\u0131\u00f1 fikrince y\u00fcz bergen tecavuz ve patlatuvlardan maqsad q\u0131r\u0131mtatarlar taraf\u0131ndan da ayn\u0131 areketlerni qoz\u011famaq - \u041c\u0435\u0434\u0436\u043b\u0456\u0441","robots":{"index":"index","follow":"follow","max-snippet":"max-snippet:-1","max-image-preview":"max-image-preview:large","max-video-preview":"max-video-preview:-1"},"canonical":"https:\/\/qtmm.org\/qt\/r-cubarovnin-fikrince-yuz-bergen-tecavuz-ve-patlatuvlardan-maqsad-qirimtatarlar-tarafindan-da-ayni-areketlerni-qozgamaq\/","og_locale":"en_US","og_type":"article","og_title":"R.\u00c7ubarovn\u0131\u00f1 fikrince y\u00fcz bergen tecavuz ve patlatuvlardan maqsad q\u0131r\u0131mtatarlar taraf\u0131ndan da ayn\u0131 areketlerni qoz\u011famaq - \u041c\u0435\u0434\u0436\u043b\u0456\u0441","og_description":"Bu fikirni Q\u0131r\u0131mtatar halq\u0131 Meclisi reisini\u00f1 birinci muavini, Q\u0131r\u0131m Yuqar\u0131 \u015euras\u0131ndaki &#8220;Qurultay-Ruh&#8221; fraktsiyas\u0131n\u0131\u00f1 ba\u015f\u0131 Refat \u00c7ubarov &#8220;Bir gece i\u00e7inde eki provokatsiya\u2026Q\u0131r\u0131mda kim dava \u00e7\u0131qarma\u011fa istey?&#8221; mevzus\u0131nda ke\u00e7irdigi matbuat konferentsiyas\u0131nda bildirdi Aqmescit rayon\u0131 Molod\u00f6jnoye qasabas\u0131 yan\u0131ndaki &#8220;naraz\u0131l\u0131q tarlas\u0131&#8221;nda muvaqqat ev\u00e7iklerni\u00f1 bozuluvlar\u0131, bun\u0131\u00f1 kibi de Cuma cami qurulacaq yerni\u00f1 qaravul\u0131na tecavuz etil\u00fcvi boyunca izaat bergen Meclis reisini\u00f1 [&hellip;]","og_url":"https:\/\/qtmm.org\/qt\/r-cubarovnin-fikrince-yuz-bergen-tecavuz-ve-patlatuvlardan-maqsad-qirimtatarlar-tarafindan-da-ayni-areketlerni-qozgamaq\/","og_site_name":"\u041c\u0435\u0434\u0436\u043b\u0456\u0441","article_publisher":"https:\/\/www.facebook.com\/qtmm.info\/","article_published_time":"2012-12-04T12:56:00+00:00","article_modified_time":"2022-01-23T12:57:23+00:00","og_image":[{"width":800,"height":600,"url":"https:\/\/qtmm.org\/wp-content\/uploads\/2022\/01\/img_1386.jpeg","type":"image\/jpeg"}],"author":"Developer","twitter_card":"summary_large_image","twitter_misc":{"Written by":"Developer","Est. reading time":"3 minutes"},"schema":{"@context":"https:\/\/schema.org","@graph":[{"@type":"Article","@id":"https:\/\/qtmm.org\/qt\/r-cubarovnin-fikrince-yuz-bergen-tecavuz-ve-patlatuvlardan-maqsad-qirimtatarlar-tarafindan-da-ayni-areketlerni-qozgamaq\/#article","isPartOf":{"@id":"https:\/\/qtmm.org\/qt\/r-cubarovnin-fikrince-yuz-bergen-tecavuz-ve-patlatuvlardan-maqsad-qirimtatarlar-tarafindan-da-ayni-areketlerni-qozgamaq\/"},"author":{"name":"Developer","@id":"https:\/\/qtmm.org\/qt\/#\/schema\/person\/de562469f971dec226ac06e60bbf74a7"},"headline":"R.\u00c7ubarovn\u0131\u00f1 fikrince y\u00fcz bergen tecavuz ve patlatuvlardan maqsad q\u0131r\u0131mtatarlar taraf\u0131ndan da ayn\u0131 areketlerni qoz\u011famaq","datePublished":"2012-12-04T12:56:00+00:00","dateModified":"2022-01-23T12:57:23+00:00","mainEntityOfPage":{"@id":"https:\/\/qtmm.org\/qt\/r-cubarovnin-fikrince-yuz-bergen-tecavuz-ve-patlatuvlardan-maqsad-qirimtatarlar-tarafindan-da-ayni-areketlerni-qozgamaq\/"},"wordCount":557,"commentCount":0,"publisher":{"@id":"https:\/\/qtmm.org\/qt\/#organization"},"image":{"@id":"https:\/\/qtmm.org\/qt\/r-cubarovnin-fikrince-yuz-bergen-tecavuz-ve-patlatuvlardan-maqsad-qirimtatarlar-tarafindan-da-ayni-areketlerni-qozgamaq\/#primaryimage"},"thumbnailUrl":"https:\/\/qtmm.org\/wp-content\/uploads\/2022\/01\/img_1386.jpeg","articleSection":["Haberler"],"inLanguage":"qt","potentialAction":[{"@type":"CommentAction","name":"Comment","target":["https:\/\/qtmm.org\/qt\/r-cubarovnin-fikrince-yuz-bergen-tecavuz-ve-patlatuvlardan-maqsad-qirimtatarlar-tarafindan-da-ayni-areketlerni-qozgamaq\/#respond"]}]},{"@type":"WebPage","@id":"https:\/\/qtmm.org\/qt\/r-cubarovnin-fikrince-yuz-bergen-tecavuz-ve-patlatuvlardan-maqsad-qirimtatarlar-tarafindan-da-ayni-areketlerni-qozgamaq\/","url":"https:\/\/qtmm.org\/qt\/r-cubarovnin-fikrince-yuz-bergen-tecavuz-ve-patlatuvlardan-maqsad-qirimtatarlar-tarafindan-da-ayni-areketlerni-qozgamaq\/","name":"R.\u00c7ubarovn\u0131\u00f1 fikrince y\u00fcz bergen tecavuz ve patlatuvlardan maqsad q\u0131r\u0131mtatarlar taraf\u0131ndan da ayn\u0131 areketlerni qoz\u011famaq - \u041c\u0435\u0434\u0436\u043b\u0456\u0441","isPartOf":{"@id":"https:\/\/qtmm.org\/qt\/#website"},"primaryImageOfPage":{"@id":"https:\/\/qtmm.org\/qt\/r-cubarovnin-fikrince-yuz-bergen-tecavuz-ve-patlatuvlardan-maqsad-qirimtatarlar-tarafindan-da-ayni-areketlerni-qozgamaq\/#primaryimage"},"image":{"@id":"https:\/\/qtmm.org\/qt\/r-cubarovnin-fikrince-yuz-bergen-tecavuz-ve-patlatuvlardan-maqsad-qirimtatarlar-tarafindan-da-ayni-areketlerni-qozgamaq\/#primaryimage"},"thumbnailUrl":"https:\/\/qtmm.org\/wp-content\/uploads\/2022\/01\/img_1386.jpeg","datePublished":"2012-12-04T12:56:00+00:00","dateModified":"2022-01-23T12:57:23+00:00","breadcrumb":{"@id":"https:\/\/qtmm.org\/qt\/r-cubarovnin-fikrince-yuz-bergen-tecavuz-ve-patlatuvlardan-maqsad-qirimtatarlar-tarafindan-da-ayni-areketlerni-qozgamaq\/#breadcrumb"},"inLanguage":"qt","potentialAction":[{"@type":"ReadAction","target":["https:\/\/qtmm.org\/qt\/r-cubarovnin-fikrince-yuz-bergen-tecavuz-ve-patlatuvlardan-maqsad-qirimtatarlar-tarafindan-da-ayni-areketlerni-qozgamaq\/"]}]},{"@type":"ImageObject","inLanguage":"qt","@id":"https:\/\/qtmm.org\/qt\/r-cubarovnin-fikrince-yuz-bergen-tecavuz-ve-patlatuvlardan-maqsad-qirimtatarlar-tarafindan-da-ayni-areketlerni-qozgamaq\/#primaryimage","url":"https:\/\/qtmm.org\/wp-content\/uploads\/2022\/01\/img_1386.jpeg","contentUrl":"https:\/\/qtmm.org\/wp-content\/uploads\/2022\/01\/img_1386.jpeg","width":800,"height":600},{"@type":"BreadcrumbList","@id":"https:\/\/qtmm.org\/qt\/r-cubarovnin-fikrince-yuz-bergen-tecavuz-ve-patlatuvlardan-maqsad-qirimtatarlar-tarafindan-da-ayni-areketlerni-qozgamaq\/#breadcrumb","itemListElement":[{"@type":"ListItem","position":1,"name":"\u0413\u043e\u043b\u043e\u0432\u043d\u0430","item":"https:\/\/qtmm.org\/qt\/"},{"@type":"ListItem","position":2,"name":"R.\u00c7ubarovn\u0131\u00f1 fikrince y\u00fcz bergen tecavuz ve patlatuvlardan maqsad q\u0131r\u0131mtatarlar taraf\u0131ndan da ayn\u0131 areketlerni qoz\u011famaq"}]},{"@type":"WebSite","@id":"https:\/\/qtmm.org\/qt\/#website","url":"https:\/\/qtmm.org\/qt\/","name":"\u041c\u0435\u0434\u0436\u043b\u0456\u0441","description":"","publisher":{"@id":"https:\/\/qtmm.org\/qt\/#organization"},"potentialAction":[{"@type":"SearchAction","target":{"@type":"EntryPoint","urlTemplate":"https:\/\/qtmm.org\/qt\/?s={search_term_string}"},"query-input":{"@type":"PropertyValueSpecification","valueRequired":true,"valueName":"search_term_string"}}],"inLanguage":"qt"},{"@type":"Organization","@id":"https:\/\/qtmm.org\/qt\/#organization","name":"\u041c\u0435\u0434\u0436\u043b\u0456\u0441","url":"https:\/\/qtmm.org\/qt\/","logo":{"@type":"ImageObject","inLanguage":"qt","@id":"https:\/\/qtmm.org\/qt\/#\/schema\/logo\/image\/","url":"https:\/\/qtmm.org\/wp-content\/uploads\/2024\/12\/ua-mejlis-logo-rgb.svg","contentUrl":"https:\/\/qtmm.org\/wp-content\/uploads\/2024\/12\/ua-mejlis-logo-rgb.svg","caption":"\u041c\u0435\u0434\u0436\u043b\u0456\u0441"},"image":{"@id":"https:\/\/qtmm.org\/qt\/#\/schema\/logo\/image\/"},"sameAs":["https:\/\/www.facebook.com\/qtmm.info\/"]},{"@type":"Person","@id":"https:\/\/qtmm.org\/qt\/#\/schema\/person\/de562469f971dec226ac06e60bbf74a7","name":"Developer","image":{"@type":"ImageObject","inLanguage":"qt","@id":"https:\/\/secure.gravatar.com\/avatar\/392b4cc8fbfeb00b39dfeeab4ee6edded39ffd48e25858637e4765810300227e?s=96&d=mm&r=g","url":"https:\/\/secure.gravatar.com\/avatar\/392b4cc8fbfeb00b39dfeeab4ee6edded39ffd48e25858637e4765810300227e?s=96&d=mm&r=g","contentUrl":"https:\/\/secure.gravatar.com\/avatar\/392b4cc8fbfeb00b39dfeeab4ee6edded39ffd48e25858637e4765810300227e?s=96&d=mm&r=g","caption":"Developer"},"url":"https:\/\/qtmm.org\/qt\/author\/Developer\/"}]}},"_links":{"self":[{"href":"https:\/\/qtmm.org\/qt\/wp-json\/wp\/v2\/posts\/35528","targetHints":{"allow":["GET"]}}],"collection":[{"href":"https:\/\/qtmm.org\/qt\/wp-json\/wp\/v2\/posts"}],"about":[{"href":"https:\/\/qtmm.org\/qt\/wp-json\/wp\/v2\/types\/post"}],"author":[{"embeddable":true,"href":"https:\/\/qtmm.org\/qt\/wp-json\/wp\/v2\/users\/1"}],"replies":[{"embeddable":true,"href":"https:\/\/qtmm.org\/qt\/wp-json\/wp\/v2\/comments?post=35528"}],"version-history":[{"count":1,"href":"https:\/\/qtmm.org\/qt\/wp-json\/wp\/v2\/posts\/35528\/revisions"}],"predecessor-version":[{"id":35533,"href":"https:\/\/qtmm.org\/qt\/wp-json\/wp\/v2\/posts\/35528\/revisions\/35533"}],"wp:featuredmedia":[{"embeddable":true,"href":"https:\/\/qtmm.org\/qt\/wp-json\/wp\/v2\/media\/35529"}],"wp:attachment":[{"href":"https:\/\/qtmm.org\/qt\/wp-json\/wp\/v2\/media?parent=35528"}],"wp:term":[{"taxonomy":"category","embeddable":true,"href":"https:\/\/qtmm.org\/qt\/wp-json\/wp\/v2\/categories?post=35528"},{"taxonomy":"post_tag","embeddable":true,"href":"https:\/\/qtmm.org\/qt\/wp-json\/wp\/v2\/tags?post=35528"}],"curies":[{"name":"wp","href":"https:\/\/api.w.org\/{rel}","templated":true}]}}