




{"id":35524,"date":"2012-12-03T15:54:00","date_gmt":"2012-12-03T12:54:00","guid":{"rendered":"http:\/\/qtmm.org\/?p=35524"},"modified":"2022-01-23T15:55:19","modified_gmt":"2022-01-23T12:55:19","slug":"mustafa-cemilevnin-fikrince-2012-senesi-dekabr-1-adiseleri-akimiyetnin-istirakisiz-olmagandir","status":"publish","type":"post","link":"https:\/\/qtmm.org\/qt\/mustafa-cemilevnin-fikrince-2012-senesi-dekabr-1-adiseleri-akimiyetnin-istirakisiz-olmagandir\/","title":{"rendered":"Mustafa Cemilevni\u00f1 fikrince 2012 senesi dekabr 1 adiseleri akimiyetni\u00f1 i\u015ftirakisiz olma\u011fand\u0131r"},"content":{"rendered":"\n<p>Q\u0131r\u0131mtatar halq\u0131 Meclisini\u00f1 reisi, Ukraina halq deputat\u0131 Mustafa Cemilev dekabr 1-ge ke\u00e7er gecesi Molod\u00f6jnoye qasabas\u0131 yan\u0131nda &#8220;naraz\u0131l\u0131q tarlas\u0131nda&#8221; q\u0131r\u0131mtatarlarn\u0131\u00f1 100-den ziyade muvaqqat ev\u00e7iklerni\u00f1 y\u0131qt\u0131r\u0131lmas\u0131 ve Cuma cami qurulacaq yerni\u00f1 qaravul\u0131na \u00fcc\u00fcm etilmesi biri-birinen ba\u011fl\u0131 ol\u0131p, bu i\u015fte akimiyetni\u00f1 de qolu barl\u0131\u011f\u0131 sezile, degen fikirni bildirdi&nbsp;<a href=\"http:\/\/crimea.comments.ua\/news\/2012\/12\/03\/135742.html\" target=\"_blank\" rel=\"noreferrer noopener\">&#8220;Kr\u0131m.Kommentarii&#8221;<\/a>&nbsp;\u0130nternet sayt\u0131na.<\/p>\n\n\n\n<p>&#8220;Tam ayt\u0131p olamam\u0131z, amma bu\u00f1a be\u00f1zey. Birisinde olmasa da, ekincisinde olarn\u0131\u00f1 y\u00fczleri k\u00f6r\u00fcne. \u00c7\u00fcnki kazaklar kelmezden evel militsiya kelip, anda adamlarn\u0131\u00f1 ol\u011fan\u0131-olma\u011fan\u0131nen meraqlan\u011fan. So\u00f1ra militsiya refaqatl\u0131\u011f\u0131nda kendilerini kazak diye adland\u0131r\u011fan kimseler kelip evlerni bozalar, tatarlar kazaklarn\u0131\u00f1 esab\u0131n\u0131 bermesin, dep adise y\u00fcz bergen yerni militsiya sar\u0131p ala&#8221;, &#8211; dey Mustafa Cemilev.<\/p>\n\n\n\n<p>Reisni\u00f1 s\u00f6zlerine k\u00f6re, adise akimiyetnen a\u00f1la\u015f\u0131p yap\u0131l\u011fan\u0131ndan militsiya hadimlerini\u00f1 \u00e7etten seyir etip tur\u011fanlar\u0131 del\u00e2let bere.<\/p>\n\n\n\n<p>&#8220;Bu kimge kerek? Akimiyetke bu ne i\u00e7\u00fcn kerek? Degenlerine k\u00f6re, marginallardan birisi yerli deputatl\u0131qqa saylanmaq isteyip, \u015fovinistik, rus tilli saylavc\u0131lar \u00f6g\u00fcnde kendisini qaraman etip k\u00f6stermek istey&#8221;, &#8211; dey Mustafa Cemilev. \u2013 Bu vaziyette tertip qoruv organlar\u0131n\u0131\u00f1 areketke ke\u00e7mesi ya da ke\u00e7memesi er \u015feyni a\u00e7\u0131q k\u00f6sterir. Bu boz\u011func\u0131l\u0131q i\u015ftirak\u00e7ileri cevapk\u00e2rl\u0131qqa \u00e7ekilmeliler. Eger bu insanlar\u011fa nisbeten i\u00e7 bir t\u00fcrl\u00fc ceza qullanmasa, demek olar akimiyetnen keli\u015fip i\u015f tutt\u0131lar. Q\u0131r\u0131m Yuqar\u0131 \u015euras\u0131n\u0131\u00f1 deputat\u0131 ol\u011fan, &#8220;Rus birligi&#8221; firqas\u0131n\u0131\u00f1 yetek\u00e7isi Sergey Aks\u00f6nov matbuatta a\u00e7\u0131qtan- a\u00e7\u0131q mes\u00fclietni boynuna al\u011fan\u0131 da akimiyetnen keli\u015filgenini\u00f1 isbat\u0131d\u0131r&#8221;.<\/p>\n\n\n\n<p>Hat\u0131rlatam\u0131z ki,\u00a0noyabr 30-dan 1 dekabrge ke\u00e7er gecesi Aqmescit rayon\u0131n\u0131\u00f1 Molod\u00f6jnoye qasabas\u0131n\u0131\u00f1 yan\u0131nda bellisiz \u015fah\u0131slar &#8220;naraz\u0131l\u0131q tarlas\u0131nda&#8221; q\u0131r\u0131mtatarlarn\u0131\u00f1 muvaqqat ev\u00e7iklerini y\u0131qt\u0131r\u0131p,\u00a0Cuma cami qurulacaq yerni\u00f1 qaravul\u0131na \u00fcc\u00fcm ettiler.<\/p>\n","protected":false},"excerpt":{"rendered":"<p>Q\u0131r\u0131mtatar halq\u0131 Meclisini\u00f1 reisi, Ukraina halq deputat\u0131 Mustafa Cemilev dekabr 1-ge ke\u00e7er gecesi Molod\u00f6jnoye qasabas\u0131 yan\u0131nda &#8220;naraz\u0131l\u0131q tarlas\u0131nda&#8221; q\u0131r\u0131mtatarlarn\u0131\u00f1 100-den ziyade muvaqqat ev\u00e7iklerni\u00f1 y\u0131qt\u0131r\u0131lmas\u0131 ve Cuma cami qurulacaq yerni\u00f1 qaravul\u0131na \u00fcc\u00fcm etilmesi biri-birinen ba\u011fl\u0131 ol\u0131p, bu i\u015fte akimiyetni\u00f1 de qolu barl\u0131\u011f\u0131 sezile, degen fikirni bildirdi&nbsp;&#8220;Kr\u0131m.Kommentarii&#8221;&nbsp;\u0130nternet sayt\u0131na. &#8220;Tam ayt\u0131p olamam\u0131z, amma bu\u00f1a be\u00f1zey. Birisinde olmasa da, [&hellip;]<\/p>\n","protected":false},"author":1,"featured_media":0,"comment_status":"open","ping_status":"open","sticky":false,"template":"","format":"standard","meta":{"inline_featured_image":false,"footnotes":""},"categories":[265],"tags":[],"class_list":["post-35524","post","type-post","status-publish","format-standard","hentry","category-haberler"],"acf":[],"yoast_head":"<!-- This site is optimized with the Yoast SEO plugin v27.4 - https:\/\/yoast.com\/product\/yoast-seo-wordpress\/ -->\n<title>Mustafa Cemilevni\u00f1 fikrince 2012 senesi dekabr 1 adiseleri akimiyetni\u00f1 i\u015ftirakisiz olma\u011fand\u0131r - \u041c\u0435\u0434\u0436\u043b\u0456\u0441<\/title>\n<meta name=\"robots\" content=\"index, follow, max-snippet:-1, max-image-preview:large, max-video-preview:-1\" \/>\n<link rel=\"canonical\" href=\"https:\/\/qtmm.org\/qt\/mustafa-cemilevnin-fikrince-2012-senesi-dekabr-1-adiseleri-akimiyetnin-istirakisiz-olmagandir\/\" \/>\n<meta property=\"og:locale\" content=\"en_US\" \/>\n<meta property=\"og:type\" content=\"article\" \/>\n<meta property=\"og:title\" content=\"Mustafa Cemilevni\u00f1 fikrince 2012 senesi dekabr 1 adiseleri akimiyetni\u00f1 i\u015ftirakisiz olma\u011fand\u0131r - \u041c\u0435\u0434\u0436\u043b\u0456\u0441\" \/>\n<meta property=\"og:description\" content=\"Q\u0131r\u0131mtatar halq\u0131 Meclisini\u00f1 reisi, Ukraina halq deputat\u0131 Mustafa Cemilev dekabr 1-ge ke\u00e7er gecesi Molod\u00f6jnoye qasabas\u0131 yan\u0131nda &#8220;naraz\u0131l\u0131q tarlas\u0131nda&#8221; q\u0131r\u0131mtatarlarn\u0131\u00f1 100-den ziyade muvaqqat ev\u00e7iklerni\u00f1 y\u0131qt\u0131r\u0131lmas\u0131 ve Cuma cami qurulacaq yerni\u00f1 qaravul\u0131na \u00fcc\u00fcm etilmesi biri-birinen ba\u011fl\u0131 ol\u0131p, bu i\u015fte akimiyetni\u00f1 de qolu barl\u0131\u011f\u0131 sezile, degen fikirni bildirdi&nbsp;&#8220;Kr\u0131m.Kommentarii&#8221;&nbsp;\u0130nternet sayt\u0131na. &#8220;Tam ayt\u0131p olamam\u0131z, amma bu\u00f1a be\u00f1zey. Birisinde olmasa da, [&hellip;]\" \/>\n<meta property=\"og:url\" content=\"https:\/\/qtmm.org\/qt\/mustafa-cemilevnin-fikrince-2012-senesi-dekabr-1-adiseleri-akimiyetnin-istirakisiz-olmagandir\/\" \/>\n<meta property=\"og:site_name\" content=\"\u041c\u0435\u0434\u0436\u043b\u0456\u0441\" \/>\n<meta property=\"article:publisher\" content=\"https:\/\/www.facebook.com\/qtmm.info\/\" \/>\n<meta property=\"article:published_time\" content=\"2012-12-03T12:54:00+00:00\" \/>\n<meta property=\"article:modified_time\" content=\"2022-01-23T12:55:19+00:00\" \/>\n<meta name=\"author\" content=\"Developer\" \/>\n<meta name=\"twitter:card\" content=\"summary_large_image\" \/>\n<meta name=\"twitter:label1\" content=\"Written by\" \/>\n\t<meta name=\"twitter:data1\" content=\"Developer\" \/>\n\t<meta name=\"twitter:label2\" content=\"Est. reading time\" \/>\n\t<meta name=\"twitter:data2\" content=\"2 minutes\" \/>\n<script type=\"application\/ld+json\" class=\"yoast-schema-graph\">{\"@context\":\"https:\\\/\\\/schema.org\",\"@graph\":[{\"@type\":\"Article\",\"@id\":\"https:\\\/\\\/qtmm.org\\\/qt\\\/mustafa-cemilevnin-fikrince-2012-senesi-dekabr-1-adiseleri-akimiyetnin-istirakisiz-olmagandir\\\/#article\",\"isPartOf\":{\"@id\":\"https:\\\/\\\/qtmm.org\\\/qt\\\/mustafa-cemilevnin-fikrince-2012-senesi-dekabr-1-adiseleri-akimiyetnin-istirakisiz-olmagandir\\\/\"},\"author\":{\"name\":\"Developer\",\"@id\":\"https:\\\/\\\/qtmm.org\\\/qt\\\/#\\\/schema\\\/person\\\/de562469f971dec226ac06e60bbf74a7\"},\"headline\":\"Mustafa Cemilevni\u00f1 fikrince 2012 senesi dekabr 1 adiseleri akimiyetni\u00f1 i\u015ftirakisiz olma\u011fand\u0131r\",\"datePublished\":\"2012-12-03T12:54:00+00:00\",\"dateModified\":\"2022-01-23T12:55:19+00:00\",\"mainEntityOfPage\":{\"@id\":\"https:\\\/\\\/qtmm.org\\\/qt\\\/mustafa-cemilevnin-fikrince-2012-senesi-dekabr-1-adiseleri-akimiyetnin-istirakisiz-olmagandir\\\/\"},\"wordCount\":344,\"commentCount\":0,\"publisher\":{\"@id\":\"https:\\\/\\\/qtmm.org\\\/qt\\\/#organization\"},\"articleSection\":[\"Haberler\"],\"inLanguage\":\"qt\",\"potentialAction\":[{\"@type\":\"CommentAction\",\"name\":\"Comment\",\"target\":[\"https:\\\/\\\/qtmm.org\\\/qt\\\/mustafa-cemilevnin-fikrince-2012-senesi-dekabr-1-adiseleri-akimiyetnin-istirakisiz-olmagandir\\\/#respond\"]}]},{\"@type\":\"WebPage\",\"@id\":\"https:\\\/\\\/qtmm.org\\\/qt\\\/mustafa-cemilevnin-fikrince-2012-senesi-dekabr-1-adiseleri-akimiyetnin-istirakisiz-olmagandir\\\/\",\"url\":\"https:\\\/\\\/qtmm.org\\\/qt\\\/mustafa-cemilevnin-fikrince-2012-senesi-dekabr-1-adiseleri-akimiyetnin-istirakisiz-olmagandir\\\/\",\"name\":\"Mustafa Cemilevni\u00f1 fikrince 2012 senesi dekabr 1 adiseleri akimiyetni\u00f1 i\u015ftirakisiz olma\u011fand\u0131r - \u041c\u0435\u0434\u0436\u043b\u0456\u0441\",\"isPartOf\":{\"@id\":\"https:\\\/\\\/qtmm.org\\\/qt\\\/#website\"},\"datePublished\":\"2012-12-03T12:54:00+00:00\",\"dateModified\":\"2022-01-23T12:55:19+00:00\",\"breadcrumb\":{\"@id\":\"https:\\\/\\\/qtmm.org\\\/qt\\\/mustafa-cemilevnin-fikrince-2012-senesi-dekabr-1-adiseleri-akimiyetnin-istirakisiz-olmagandir\\\/#breadcrumb\"},\"inLanguage\":\"qt\",\"potentialAction\":[{\"@type\":\"ReadAction\",\"target\":[\"https:\\\/\\\/qtmm.org\\\/qt\\\/mustafa-cemilevnin-fikrince-2012-senesi-dekabr-1-adiseleri-akimiyetnin-istirakisiz-olmagandir\\\/\"]}]},{\"@type\":\"BreadcrumbList\",\"@id\":\"https:\\\/\\\/qtmm.org\\\/qt\\\/mustafa-cemilevnin-fikrince-2012-senesi-dekabr-1-adiseleri-akimiyetnin-istirakisiz-olmagandir\\\/#breadcrumb\",\"itemListElement\":[{\"@type\":\"ListItem\",\"position\":1,\"name\":\"\u0413\u043e\u043b\u043e\u0432\u043d\u0430\",\"item\":\"https:\\\/\\\/qtmm.org\\\/qt\\\/\"},{\"@type\":\"ListItem\",\"position\":2,\"name\":\"Mustafa Cemilevni\u00f1 fikrince 2012 senesi dekabr 1 adiseleri akimiyetni\u00f1 i\u015ftirakisiz olma\u011fand\u0131r\"}]},{\"@type\":\"WebSite\",\"@id\":\"https:\\\/\\\/qtmm.org\\\/qt\\\/#website\",\"url\":\"https:\\\/\\\/qtmm.org\\\/qt\\\/\",\"name\":\"\u041c\u0435\u0434\u0436\u043b\u0456\u0441\",\"description\":\"\",\"publisher\":{\"@id\":\"https:\\\/\\\/qtmm.org\\\/qt\\\/#organization\"},\"potentialAction\":[{\"@type\":\"SearchAction\",\"target\":{\"@type\":\"EntryPoint\",\"urlTemplate\":\"https:\\\/\\\/qtmm.org\\\/qt\\\/?s={search_term_string}\"},\"query-input\":{\"@type\":\"PropertyValueSpecification\",\"valueRequired\":true,\"valueName\":\"search_term_string\"}}],\"inLanguage\":\"qt\"},{\"@type\":\"Organization\",\"@id\":\"https:\\\/\\\/qtmm.org\\\/qt\\\/#organization\",\"name\":\"\u041c\u0435\u0434\u0436\u043b\u0456\u0441\",\"url\":\"https:\\\/\\\/qtmm.org\\\/qt\\\/\",\"logo\":{\"@type\":\"ImageObject\",\"inLanguage\":\"qt\",\"@id\":\"https:\\\/\\\/qtmm.org\\\/qt\\\/#\\\/schema\\\/logo\\\/image\\\/\",\"url\":\"https:\\\/\\\/qtmm.org\\\/wp-content\\\/uploads\\\/2024\\\/12\\\/ua-mejlis-logo-rgb.svg\",\"contentUrl\":\"https:\\\/\\\/qtmm.org\\\/wp-content\\\/uploads\\\/2024\\\/12\\\/ua-mejlis-logo-rgb.svg\",\"caption\":\"\u041c\u0435\u0434\u0436\u043b\u0456\u0441\"},\"image\":{\"@id\":\"https:\\\/\\\/qtmm.org\\\/qt\\\/#\\\/schema\\\/logo\\\/image\\\/\"},\"sameAs\":[\"https:\\\/\\\/www.facebook.com\\\/qtmm.info\\\/\"]},{\"@type\":\"Person\",\"@id\":\"https:\\\/\\\/qtmm.org\\\/qt\\\/#\\\/schema\\\/person\\\/de562469f971dec226ac06e60bbf74a7\",\"name\":\"Developer\",\"image\":{\"@type\":\"ImageObject\",\"inLanguage\":\"qt\",\"@id\":\"https:\\\/\\\/secure.gravatar.com\\\/avatar\\\/392b4cc8fbfeb00b39dfeeab4ee6edded39ffd48e25858637e4765810300227e?s=96&d=mm&r=g\",\"url\":\"https:\\\/\\\/secure.gravatar.com\\\/avatar\\\/392b4cc8fbfeb00b39dfeeab4ee6edded39ffd48e25858637e4765810300227e?s=96&d=mm&r=g\",\"contentUrl\":\"https:\\\/\\\/secure.gravatar.com\\\/avatar\\\/392b4cc8fbfeb00b39dfeeab4ee6edded39ffd48e25858637e4765810300227e?s=96&d=mm&r=g\",\"caption\":\"Developer\"},\"url\":\"https:\\\/\\\/qtmm.org\\\/qt\\\/author\\\/Developer\\\/\"}]}<\/script>\n<!-- \/ Yoast SEO plugin. -->","yoast_head_json":{"title":"Mustafa Cemilevni\u00f1 fikrince 2012 senesi dekabr 1 adiseleri akimiyetni\u00f1 i\u015ftirakisiz olma\u011fand\u0131r - \u041c\u0435\u0434\u0436\u043b\u0456\u0441","robots":{"index":"index","follow":"follow","max-snippet":"max-snippet:-1","max-image-preview":"max-image-preview:large","max-video-preview":"max-video-preview:-1"},"canonical":"https:\/\/qtmm.org\/qt\/mustafa-cemilevnin-fikrince-2012-senesi-dekabr-1-adiseleri-akimiyetnin-istirakisiz-olmagandir\/","og_locale":"en_US","og_type":"article","og_title":"Mustafa Cemilevni\u00f1 fikrince 2012 senesi dekabr 1 adiseleri akimiyetni\u00f1 i\u015ftirakisiz olma\u011fand\u0131r - \u041c\u0435\u0434\u0436\u043b\u0456\u0441","og_description":"Q\u0131r\u0131mtatar halq\u0131 Meclisini\u00f1 reisi, Ukraina halq deputat\u0131 Mustafa Cemilev dekabr 1-ge ke\u00e7er gecesi Molod\u00f6jnoye qasabas\u0131 yan\u0131nda &#8220;naraz\u0131l\u0131q tarlas\u0131nda&#8221; q\u0131r\u0131mtatarlarn\u0131\u00f1 100-den ziyade muvaqqat ev\u00e7iklerni\u00f1 y\u0131qt\u0131r\u0131lmas\u0131 ve Cuma cami qurulacaq yerni\u00f1 qaravul\u0131na \u00fcc\u00fcm etilmesi biri-birinen ba\u011fl\u0131 ol\u0131p, bu i\u015fte akimiyetni\u00f1 de qolu barl\u0131\u011f\u0131 sezile, degen fikirni bildirdi&nbsp;&#8220;Kr\u0131m.Kommentarii&#8221;&nbsp;\u0130nternet sayt\u0131na. &#8220;Tam ayt\u0131p olamam\u0131z, amma bu\u00f1a be\u00f1zey. Birisinde olmasa da, [&hellip;]","og_url":"https:\/\/qtmm.org\/qt\/mustafa-cemilevnin-fikrince-2012-senesi-dekabr-1-adiseleri-akimiyetnin-istirakisiz-olmagandir\/","og_site_name":"\u041c\u0435\u0434\u0436\u043b\u0456\u0441","article_publisher":"https:\/\/www.facebook.com\/qtmm.info\/","article_published_time":"2012-12-03T12:54:00+00:00","article_modified_time":"2022-01-23T12:55:19+00:00","author":"Developer","twitter_card":"summary_large_image","twitter_misc":{"Written by":"Developer","Est. reading time":"2 minutes"},"schema":{"@context":"https:\/\/schema.org","@graph":[{"@type":"Article","@id":"https:\/\/qtmm.org\/qt\/mustafa-cemilevnin-fikrince-2012-senesi-dekabr-1-adiseleri-akimiyetnin-istirakisiz-olmagandir\/#article","isPartOf":{"@id":"https:\/\/qtmm.org\/qt\/mustafa-cemilevnin-fikrince-2012-senesi-dekabr-1-adiseleri-akimiyetnin-istirakisiz-olmagandir\/"},"author":{"name":"Developer","@id":"https:\/\/qtmm.org\/qt\/#\/schema\/person\/de562469f971dec226ac06e60bbf74a7"},"headline":"Mustafa Cemilevni\u00f1 fikrince 2012 senesi dekabr 1 adiseleri akimiyetni\u00f1 i\u015ftirakisiz olma\u011fand\u0131r","datePublished":"2012-12-03T12:54:00+00:00","dateModified":"2022-01-23T12:55:19+00:00","mainEntityOfPage":{"@id":"https:\/\/qtmm.org\/qt\/mustafa-cemilevnin-fikrince-2012-senesi-dekabr-1-adiseleri-akimiyetnin-istirakisiz-olmagandir\/"},"wordCount":344,"commentCount":0,"publisher":{"@id":"https:\/\/qtmm.org\/qt\/#organization"},"articleSection":["Haberler"],"inLanguage":"qt","potentialAction":[{"@type":"CommentAction","name":"Comment","target":["https:\/\/qtmm.org\/qt\/mustafa-cemilevnin-fikrince-2012-senesi-dekabr-1-adiseleri-akimiyetnin-istirakisiz-olmagandir\/#respond"]}]},{"@type":"WebPage","@id":"https:\/\/qtmm.org\/qt\/mustafa-cemilevnin-fikrince-2012-senesi-dekabr-1-adiseleri-akimiyetnin-istirakisiz-olmagandir\/","url":"https:\/\/qtmm.org\/qt\/mustafa-cemilevnin-fikrince-2012-senesi-dekabr-1-adiseleri-akimiyetnin-istirakisiz-olmagandir\/","name":"Mustafa Cemilevni\u00f1 fikrince 2012 senesi dekabr 1 adiseleri akimiyetni\u00f1 i\u015ftirakisiz olma\u011fand\u0131r - \u041c\u0435\u0434\u0436\u043b\u0456\u0441","isPartOf":{"@id":"https:\/\/qtmm.org\/qt\/#website"},"datePublished":"2012-12-03T12:54:00+00:00","dateModified":"2022-01-23T12:55:19+00:00","breadcrumb":{"@id":"https:\/\/qtmm.org\/qt\/mustafa-cemilevnin-fikrince-2012-senesi-dekabr-1-adiseleri-akimiyetnin-istirakisiz-olmagandir\/#breadcrumb"},"inLanguage":"qt","potentialAction":[{"@type":"ReadAction","target":["https:\/\/qtmm.org\/qt\/mustafa-cemilevnin-fikrince-2012-senesi-dekabr-1-adiseleri-akimiyetnin-istirakisiz-olmagandir\/"]}]},{"@type":"BreadcrumbList","@id":"https:\/\/qtmm.org\/qt\/mustafa-cemilevnin-fikrince-2012-senesi-dekabr-1-adiseleri-akimiyetnin-istirakisiz-olmagandir\/#breadcrumb","itemListElement":[{"@type":"ListItem","position":1,"name":"\u0413\u043e\u043b\u043e\u0432\u043d\u0430","item":"https:\/\/qtmm.org\/qt\/"},{"@type":"ListItem","position":2,"name":"Mustafa Cemilevni\u00f1 fikrince 2012 senesi dekabr 1 adiseleri akimiyetni\u00f1 i\u015ftirakisiz olma\u011fand\u0131r"}]},{"@type":"WebSite","@id":"https:\/\/qtmm.org\/qt\/#website","url":"https:\/\/qtmm.org\/qt\/","name":"\u041c\u0435\u0434\u0436\u043b\u0456\u0441","description":"","publisher":{"@id":"https:\/\/qtmm.org\/qt\/#organization"},"potentialAction":[{"@type":"SearchAction","target":{"@type":"EntryPoint","urlTemplate":"https:\/\/qtmm.org\/qt\/?s={search_term_string}"},"query-input":{"@type":"PropertyValueSpecification","valueRequired":true,"valueName":"search_term_string"}}],"inLanguage":"qt"},{"@type":"Organization","@id":"https:\/\/qtmm.org\/qt\/#organization","name":"\u041c\u0435\u0434\u0436\u043b\u0456\u0441","url":"https:\/\/qtmm.org\/qt\/","logo":{"@type":"ImageObject","inLanguage":"qt","@id":"https:\/\/qtmm.org\/qt\/#\/schema\/logo\/image\/","url":"https:\/\/qtmm.org\/wp-content\/uploads\/2024\/12\/ua-mejlis-logo-rgb.svg","contentUrl":"https:\/\/qtmm.org\/wp-content\/uploads\/2024\/12\/ua-mejlis-logo-rgb.svg","caption":"\u041c\u0435\u0434\u0436\u043b\u0456\u0441"},"image":{"@id":"https:\/\/qtmm.org\/qt\/#\/schema\/logo\/image\/"},"sameAs":["https:\/\/www.facebook.com\/qtmm.info\/"]},{"@type":"Person","@id":"https:\/\/qtmm.org\/qt\/#\/schema\/person\/de562469f971dec226ac06e60bbf74a7","name":"Developer","image":{"@type":"ImageObject","inLanguage":"qt","@id":"https:\/\/secure.gravatar.com\/avatar\/392b4cc8fbfeb00b39dfeeab4ee6edded39ffd48e25858637e4765810300227e?s=96&d=mm&r=g","url":"https:\/\/secure.gravatar.com\/avatar\/392b4cc8fbfeb00b39dfeeab4ee6edded39ffd48e25858637e4765810300227e?s=96&d=mm&r=g","contentUrl":"https:\/\/secure.gravatar.com\/avatar\/392b4cc8fbfeb00b39dfeeab4ee6edded39ffd48e25858637e4765810300227e?s=96&d=mm&r=g","caption":"Developer"},"url":"https:\/\/qtmm.org\/qt\/author\/Developer\/"}]}},"_links":{"self":[{"href":"https:\/\/qtmm.org\/qt\/wp-json\/wp\/v2\/posts\/35524","targetHints":{"allow":["GET"]}}],"collection":[{"href":"https:\/\/qtmm.org\/qt\/wp-json\/wp\/v2\/posts"}],"about":[{"href":"https:\/\/qtmm.org\/qt\/wp-json\/wp\/v2\/types\/post"}],"author":[{"embeddable":true,"href":"https:\/\/qtmm.org\/qt\/wp-json\/wp\/v2\/users\/1"}],"replies":[{"embeddable":true,"href":"https:\/\/qtmm.org\/qt\/wp-json\/wp\/v2\/comments?post=35524"}],"version-history":[{"count":1,"href":"https:\/\/qtmm.org\/qt\/wp-json\/wp\/v2\/posts\/35524\/revisions"}],"predecessor-version":[{"id":35525,"href":"https:\/\/qtmm.org\/qt\/wp-json\/wp\/v2\/posts\/35524\/revisions\/35525"}],"wp:attachment":[{"href":"https:\/\/qtmm.org\/qt\/wp-json\/wp\/v2\/media?parent=35524"}],"wp:term":[{"taxonomy":"category","embeddable":true,"href":"https:\/\/qtmm.org\/qt\/wp-json\/wp\/v2\/categories?post=35524"},{"taxonomy":"post_tag","embeddable":true,"href":"https:\/\/qtmm.org\/qt\/wp-json\/wp\/v2\/tags?post=35524"}],"curies":[{"name":"wp","href":"https:\/\/api.w.org\/{rel}","templated":true}]}}