




{"id":35522,"date":"2012-12-02T15:16:00","date_gmt":"2012-12-02T12:16:00","guid":{"rendered":"http:\/\/qtmm.org\/?p=35522"},"modified":"2022-01-23T15:19:52","modified_gmt":"2022-01-23T12:19:52","slug":"qirimtatar-halqi-v-cagirilis-qurultayinin-besinci-sessiyasini-keciruv-aqqinda-qirimtatar-halqi-meclisinin-qarari","status":"publish","type":"post","link":"https:\/\/qtmm.org\/qt\/qirimtatar-halqi-v-cagirilis-qurultayinin-besinci-sessiyasini-keciruv-aqqinda-qirimtatar-halqi-meclisinin-qarari\/","title":{"rendered":"Q\u0131r\u0131mtatar halq\u0131 V \u00e7a\u011f\u0131r\u0131l\u0131\u015f qurultay\u0131n\u0131\u00f1 be\u015finci sessiyas\u0131n\u0131 ke\u00e7ir\u00fcv aqq\u0131nda Q\u0131r\u0131mtatar halq\u0131 Meclisini\u00f1 qarar\u0131"},"content":{"rendered":"\n<p class=\"has-text-align-center\"><strong>Q\u0131r\u0131mtatar halq\u0131 V \u00e7a\u011f\u0131r\u0131l\u0131\u015f qurultay\u0131n\u0131\u00f1 be\u015finci sessiyas\u0131n\u0131 ke\u00e7ir\u00fcv aqq\u0131nda Q\u0131r\u0131mtatar halq\u0131 Meclisini\u00f1<br>QARARI<\/strong><br><br><br>2012 senesi dekabr&nbsp;&nbsp;&nbsp;&nbsp;&nbsp;&nbsp;&nbsp;&nbsp;&nbsp;&nbsp;&nbsp;&nbsp;&nbsp;&nbsp;&nbsp;&nbsp;&nbsp;&nbsp;&nbsp;&nbsp;&nbsp;&nbsp;&nbsp;&nbsp;&nbsp;&nbsp;&nbsp;&nbsp;&nbsp;&nbsp;&nbsp;&nbsp;&nbsp;&nbsp;&nbsp;&nbsp;&nbsp;&nbsp;&nbsp;&nbsp;&nbsp;&nbsp;&nbsp;&nbsp;&nbsp;&nbsp;&nbsp;&nbsp;&nbsp;&nbsp;&nbsp; Aqmescit \u015f.<\/p>\n\n\n\n<p><br><br>Q\u0131r\u0131mtatar halq\u0131 Qurultay\u0131n\u0131\u00f1 delegatlar\u0131n\u0131 saylav boyunca nizam leyhas\u0131n\u0131 i\u015flev aqq\u0131nda esabatn\u0131 di\u00f1lep, Q\u0131r\u0131mtatar halq\u0131 V \u00e7a\u011f\u0131r\u0131l\u0131\u015f qurultay\u0131 be\u015finci sessiyas\u0131n\u0131\u00f1 deputatlar\u0131n\u0131 saylav boyunca Merkeziy komissiyan\u0131\u00f1 Qurultay Reglamentini\u00f1 3.3 ve 3.4. em de Q\u0131r\u0131mtatar halq\u0131 Meclisi aqq\u0131nda nizamn\u0131\u00f1 4.2 maddelerine muvaf\u0131q teklif etken variantn\u0131 baq\u0131p \u00e7\u0131qaraq<\/p>\n\n\n\n<p class=\"has-text-align-center\"><strong>Q\u0131r\u0131mtatar halq\u0131n\u0131\u00f1 Meclisi qarar bere:<\/strong><br>&nbsp;<\/p>\n\n\n\n<p>1) Q\u0131r\u0131mtatar halq\u0131 V \u00e7a\u011f\u0131r\u0131l\u0131\u015f qurultay\u0131n\u0131\u00f1 be\u015finci sessiyas\u0131 2013 senesi yanvar 12-de ke\u00e7irilsin.<\/p>\n\n\n\n<p>2) Q\u0131r\u0131mtatar halq\u0131 Qurultay\u0131n\u0131\u00f1 delegatlar\u0131na k\u00fcn tertibine Q\u0131r\u0131mtatar halq\u0131 Qurultay\u0131n\u0131\u00f1 delegatlar\u0131n\u0131 saylav boyunca nizamn\u0131 baqmaq ve tasdiqlamaq teklif etilsin.<\/p>\n\n\n\n<p>3) Q\u0131r\u0131mtatar halq\u0131 V \u00e7a\u011f\u0131r\u0131l\u0131\u015f qurultay\u0131n\u0131\u00f1 be\u015finci sessiyas\u0131n\u0131 az\u0131rlav boyunca Te\u015fkiliy h\u0131zmet a\u015fa\u011f\u0131daki erk\u00e2nda tizilsin:<\/p>\n\n\n\n<p>1.&nbsp;&nbsp; Cemilev Mustafa \u2013 Te\u015fkiliy h\u0131zmet reisi<\/p>\n\n\n\n<p>2.&nbsp;&nbsp; \u00c7ubarov Refat &#8211; Te\u015fkiliy h\u0131zmet reisini\u00f1 muavini<\/p>\n\n\n\n<p>3.&nbsp;&nbsp; \u0130lyasov Remzi &#8211; Te\u015fkiliy h\u0131zmet reisini\u00f1 muavini<\/p>\n\n\n\n<p>4.&nbsp;&nbsp; \u00c7iygoz Ahtem &#8211; Te\u015fkiliy h\u0131zmet reisini\u00f1 muavini<\/p>\n\n\n\n<p>5.&nbsp;&nbsp; Smedl\u00e2yev Zair &#8211; Te\u015fkiliy h\u0131zmet k\u00e2tibi<\/p>\n\n\n\n<p>6.&nbsp;&nbsp; Abdullayev Qurtseit- Te\u015fkiliy h\u0131zmet azas\u0131<\/p>\n\n\n\n<p>7.&nbsp;&nbsp; Adilseitov Refat &#8211; Te\u015fkiliy h\u0131zmet azas\u0131<\/p>\n\n\n\n<p>8.&nbsp;&nbsp; Kacametova Safure &#8211; Te\u015fkiliy h\u0131zmet azas\u0131<\/p>\n\n\n\n<p>9.&nbsp;&nbsp; Qaybullayev \u015eevket &#8211; Te\u015fkiliy h\u0131zmet azas\u0131<\/p>\n\n\n\n<p>10. K\u00fcbedinov Fevzi &#8211; Te\u015fkiliy h\u0131zmet azas\u0131<\/p>\n\n\n\n<p>11. Kurtumerov Zevcet &#8211; Te\u015fkiliy h\u0131zmet azas\u0131 &#8211;<\/p>\n\n\n\n<p>12. Mamutov Bekir- Te\u015fkiliy h\u0131zmet azas\u0131<\/p>\n\n\n\n<p>13. Memetov \u015eevket &#8211; Te\u015fkiliy h\u0131zmet azas\u0131<\/p>\n\n\n\n<p>14. M\u00fcslimova Lil\u00e2 &#8211; Te\u015fkiliy h\u0131zmet azas\u0131<\/p>\n\n\n\n<p>15. \u015eevqiyev Riza &#8211; Te\u015fkiliy h\u0131zmet azas\u0131<\/p>\n\n\n\n<p>16. \u00c7ubarov Elvedin &#8211; Te\u015fkiliy h\u0131zmet azas\u0131<\/p>\n\n\n\n<p>17. Ki\u015fveyev Seitisl\u00e2m &#8211; Te\u015fkiliy h\u0131zmet azas\u0131<\/p>\n\n\n\n<p>4) Q\u0131r\u0131mtatar halq\u0131 Meclisi taraf\u0131ndan baq\u0131l\u0131p, Qurultay delegatlar\u0131na be\u015finci sessiyan\u0131\u00f1 k\u00fcn tertibine kirsetmek i\u00e7\u00fcn teklif olun\u011fan Q\u0131r\u0131mtatar halq\u0131 Qurultay\u0131n\u0131\u00f1 delegatlar\u0131n\u0131 saylav boyunca nizamn\u0131\u00f1 leyhas\u0131 &#8220;Avdet&#8221; gazetas\u0131nda 2012 senesi dekabr 17-ge qadar derc etilsin.<br>&nbsp;<\/p>\n\n\n\n<p class=\"has-text-align-right\"><em><strong>Mustafa Cemilev,<br>Q\u0131r\u0131mtatar halq\u0131 Meclisini\u00f1 reisi<\/strong><\/em><\/p>\n","protected":false},"excerpt":{"rendered":"<p>Q\u0131r\u0131mtatar halq\u0131 V \u00e7a\u011f\u0131r\u0131l\u0131\u015f qurultay\u0131n\u0131\u00f1 be\u015finci sessiyas\u0131n\u0131 ke\u00e7ir\u00fcv aqq\u0131nda Q\u0131r\u0131mtatar halq\u0131 Meclisini\u00f1QARARI 2012 senesi dekabr&nbsp;&nbsp;&nbsp;&nbsp;&nbsp;&nbsp;&nbsp;&nbsp;&nbsp;&nbsp;&nbsp;&nbsp;&nbsp;&nbsp;&nbsp;&nbsp;&nbsp;&nbsp;&nbsp;&nbsp;&nbsp;&nbsp;&nbsp;&nbsp;&nbsp;&nbsp;&nbsp;&nbsp;&nbsp;&nbsp;&nbsp;&nbsp;&nbsp;&nbsp;&nbsp;&nbsp;&nbsp;&nbsp;&nbsp;&nbsp;&nbsp;&nbsp;&nbsp;&nbsp;&nbsp;&nbsp;&nbsp;&nbsp;&nbsp;&nbsp;&nbsp; Aqmescit \u015f. Q\u0131r\u0131mtatar halq\u0131 Qurultay\u0131n\u0131\u00f1 delegatlar\u0131n\u0131 saylav boyunca nizam leyhas\u0131n\u0131 i\u015flev aqq\u0131nda esabatn\u0131 di\u00f1lep, Q\u0131r\u0131mtatar halq\u0131 V \u00e7a\u011f\u0131r\u0131l\u0131\u015f qurultay\u0131 be\u015finci sessiyas\u0131n\u0131\u00f1 deputatlar\u0131n\u0131 saylav boyunca Merkeziy komissiyan\u0131\u00f1 Qurultay Reglamentini\u00f1 3.3 ve 3.4. em de Q\u0131r\u0131mtatar halq\u0131 Meclisi aqq\u0131nda nizamn\u0131\u00f1 4.2 maddelerine [&hellip;]<\/p>\n","protected":false},"author":1,"featured_media":0,"comment_status":"open","ping_status":"open","sticky":false,"template":"","format":"standard","meta":{"inline_featured_image":false,"footnotes":""},"categories":[265],"tags":[],"class_list":["post-35522","post","type-post","status-publish","format-standard","hentry","category-haberler"],"acf":[],"yoast_head":"<!-- This site is optimized with the Yoast SEO plugin v27.4 - https:\/\/yoast.com\/product\/yoast-seo-wordpress\/ -->\n<title>Q\u0131r\u0131mtatar halq\u0131 V \u00e7a\u011f\u0131r\u0131l\u0131\u015f qurultay\u0131n\u0131\u00f1 be\u015finci sessiyas\u0131n\u0131 ke\u00e7ir\u00fcv aqq\u0131nda Q\u0131r\u0131mtatar halq\u0131 Meclisini\u00f1 qarar\u0131 - \u041c\u0435\u0434\u0436\u043b\u0456\u0441<\/title>\n<meta name=\"robots\" content=\"index, follow, max-snippet:-1, max-image-preview:large, max-video-preview:-1\" \/>\n<link rel=\"canonical\" href=\"https:\/\/qtmm.org\/qt\/qirimtatar-halqi-v-cagirilis-qurultayinin-besinci-sessiyasini-keciruv-aqqinda-qirimtatar-halqi-meclisinin-qarari\/\" \/>\n<meta property=\"og:locale\" content=\"en_US\" \/>\n<meta property=\"og:type\" content=\"article\" \/>\n<meta property=\"og:title\" content=\"Q\u0131r\u0131mtatar halq\u0131 V \u00e7a\u011f\u0131r\u0131l\u0131\u015f qurultay\u0131n\u0131\u00f1 be\u015finci sessiyas\u0131n\u0131 ke\u00e7ir\u00fcv aqq\u0131nda Q\u0131r\u0131mtatar halq\u0131 Meclisini\u00f1 qarar\u0131 - \u041c\u0435\u0434\u0436\u043b\u0456\u0441\" \/>\n<meta property=\"og:description\" content=\"Q\u0131r\u0131mtatar halq\u0131 V \u00e7a\u011f\u0131r\u0131l\u0131\u015f qurultay\u0131n\u0131\u00f1 be\u015finci sessiyas\u0131n\u0131 ke\u00e7ir\u00fcv aqq\u0131nda Q\u0131r\u0131mtatar halq\u0131 Meclisini\u00f1QARARI 2012 senesi dekabr&nbsp;&nbsp;&nbsp;&nbsp;&nbsp;&nbsp;&nbsp;&nbsp;&nbsp;&nbsp;&nbsp;&nbsp;&nbsp;&nbsp;&nbsp;&nbsp;&nbsp;&nbsp;&nbsp;&nbsp;&nbsp;&nbsp;&nbsp;&nbsp;&nbsp;&nbsp;&nbsp;&nbsp;&nbsp;&nbsp;&nbsp;&nbsp;&nbsp;&nbsp;&nbsp;&nbsp;&nbsp;&nbsp;&nbsp;&nbsp;&nbsp;&nbsp;&nbsp;&nbsp;&nbsp;&nbsp;&nbsp;&nbsp;&nbsp;&nbsp;&nbsp; Aqmescit \u015f. Q\u0131r\u0131mtatar halq\u0131 Qurultay\u0131n\u0131\u00f1 delegatlar\u0131n\u0131 saylav boyunca nizam leyhas\u0131n\u0131 i\u015flev aqq\u0131nda esabatn\u0131 di\u00f1lep, Q\u0131r\u0131mtatar halq\u0131 V \u00e7a\u011f\u0131r\u0131l\u0131\u015f qurultay\u0131 be\u015finci sessiyas\u0131n\u0131\u00f1 deputatlar\u0131n\u0131 saylav boyunca Merkeziy komissiyan\u0131\u00f1 Qurultay Reglamentini\u00f1 3.3 ve 3.4. em de Q\u0131r\u0131mtatar halq\u0131 Meclisi aqq\u0131nda nizamn\u0131\u00f1 4.2 maddelerine [&hellip;]\" \/>\n<meta property=\"og:url\" content=\"https:\/\/qtmm.org\/qt\/qirimtatar-halqi-v-cagirilis-qurultayinin-besinci-sessiyasini-keciruv-aqqinda-qirimtatar-halqi-meclisinin-qarari\/\" \/>\n<meta property=\"og:site_name\" content=\"\u041c\u0435\u0434\u0436\u043b\u0456\u0441\" \/>\n<meta property=\"article:publisher\" content=\"https:\/\/www.facebook.com\/qtmm.info\/\" \/>\n<meta property=\"article:published_time\" content=\"2012-12-02T12:16:00+00:00\" \/>\n<meta property=\"article:modified_time\" content=\"2022-01-23T12:19:52+00:00\" \/>\n<meta name=\"author\" content=\"Developer\" \/>\n<meta name=\"twitter:card\" content=\"summary_large_image\" \/>\n<meta name=\"twitter:label1\" content=\"Written by\" \/>\n\t<meta name=\"twitter:data1\" content=\"Developer\" \/>\n\t<meta name=\"twitter:label2\" content=\"Est. reading time\" \/>\n\t<meta name=\"twitter:data2\" content=\"2 minutes\" \/>\n<script type=\"application\/ld+json\" class=\"yoast-schema-graph\">{\"@context\":\"https:\\\/\\\/schema.org\",\"@graph\":[{\"@type\":\"Article\",\"@id\":\"https:\\\/\\\/qtmm.org\\\/qt\\\/qirimtatar-halqi-v-cagirilis-qurultayinin-besinci-sessiyasini-keciruv-aqqinda-qirimtatar-halqi-meclisinin-qarari\\\/#article\",\"isPartOf\":{\"@id\":\"https:\\\/\\\/qtmm.org\\\/qt\\\/qirimtatar-halqi-v-cagirilis-qurultayinin-besinci-sessiyasini-keciruv-aqqinda-qirimtatar-halqi-meclisinin-qarari\\\/\"},\"author\":{\"name\":\"Developer\",\"@id\":\"https:\\\/\\\/qtmm.org\\\/qt\\\/#\\\/schema\\\/person\\\/de562469f971dec226ac06e60bbf74a7\"},\"headline\":\"Q\u0131r\u0131mtatar halq\u0131 V \u00e7a\u011f\u0131r\u0131l\u0131\u015f qurultay\u0131n\u0131\u00f1 be\u015finci sessiyas\u0131n\u0131 ke\u00e7ir\u00fcv aqq\u0131nda Q\u0131r\u0131mtatar halq\u0131 Meclisini\u00f1 qarar\u0131\",\"datePublished\":\"2012-12-02T12:16:00+00:00\",\"dateModified\":\"2022-01-23T12:19:52+00:00\",\"mainEntityOfPage\":{\"@id\":\"https:\\\/\\\/qtmm.org\\\/qt\\\/qirimtatar-halqi-v-cagirilis-qurultayinin-besinci-sessiyasini-keciruv-aqqinda-qirimtatar-halqi-meclisinin-qarari\\\/\"},\"wordCount\":462,\"commentCount\":0,\"publisher\":{\"@id\":\"https:\\\/\\\/qtmm.org\\\/qt\\\/#organization\"},\"articleSection\":[\"Haberler\"],\"inLanguage\":\"qt\",\"potentialAction\":[{\"@type\":\"CommentAction\",\"name\":\"Comment\",\"target\":[\"https:\\\/\\\/qtmm.org\\\/qt\\\/qirimtatar-halqi-v-cagirilis-qurultayinin-besinci-sessiyasini-keciruv-aqqinda-qirimtatar-halqi-meclisinin-qarari\\\/#respond\"]}]},{\"@type\":\"WebPage\",\"@id\":\"https:\\\/\\\/qtmm.org\\\/qt\\\/qirimtatar-halqi-v-cagirilis-qurultayinin-besinci-sessiyasini-keciruv-aqqinda-qirimtatar-halqi-meclisinin-qarari\\\/\",\"url\":\"https:\\\/\\\/qtmm.org\\\/qt\\\/qirimtatar-halqi-v-cagirilis-qurultayinin-besinci-sessiyasini-keciruv-aqqinda-qirimtatar-halqi-meclisinin-qarari\\\/\",\"name\":\"Q\u0131r\u0131mtatar halq\u0131 V \u00e7a\u011f\u0131r\u0131l\u0131\u015f qurultay\u0131n\u0131\u00f1 be\u015finci sessiyas\u0131n\u0131 ke\u00e7ir\u00fcv aqq\u0131nda Q\u0131r\u0131mtatar halq\u0131 Meclisini\u00f1 qarar\u0131 - \u041c\u0435\u0434\u0436\u043b\u0456\u0441\",\"isPartOf\":{\"@id\":\"https:\\\/\\\/qtmm.org\\\/qt\\\/#website\"},\"datePublished\":\"2012-12-02T12:16:00+00:00\",\"dateModified\":\"2022-01-23T12:19:52+00:00\",\"breadcrumb\":{\"@id\":\"https:\\\/\\\/qtmm.org\\\/qt\\\/qirimtatar-halqi-v-cagirilis-qurultayinin-besinci-sessiyasini-keciruv-aqqinda-qirimtatar-halqi-meclisinin-qarari\\\/#breadcrumb\"},\"inLanguage\":\"qt\",\"potentialAction\":[{\"@type\":\"ReadAction\",\"target\":[\"https:\\\/\\\/qtmm.org\\\/qt\\\/qirimtatar-halqi-v-cagirilis-qurultayinin-besinci-sessiyasini-keciruv-aqqinda-qirimtatar-halqi-meclisinin-qarari\\\/\"]}]},{\"@type\":\"BreadcrumbList\",\"@id\":\"https:\\\/\\\/qtmm.org\\\/qt\\\/qirimtatar-halqi-v-cagirilis-qurultayinin-besinci-sessiyasini-keciruv-aqqinda-qirimtatar-halqi-meclisinin-qarari\\\/#breadcrumb\",\"itemListElement\":[{\"@type\":\"ListItem\",\"position\":1,\"name\":\"\u0413\u043e\u043b\u043e\u0432\u043d\u0430\",\"item\":\"https:\\\/\\\/qtmm.org\\\/qt\\\/\"},{\"@type\":\"ListItem\",\"position\":2,\"name\":\"Q\u0131r\u0131mtatar halq\u0131 V \u00e7a\u011f\u0131r\u0131l\u0131\u015f qurultay\u0131n\u0131\u00f1 be\u015finci sessiyas\u0131n\u0131 ke\u00e7ir\u00fcv aqq\u0131nda Q\u0131r\u0131mtatar halq\u0131 Meclisini\u00f1 qarar\u0131\"}]},{\"@type\":\"WebSite\",\"@id\":\"https:\\\/\\\/qtmm.org\\\/qt\\\/#website\",\"url\":\"https:\\\/\\\/qtmm.org\\\/qt\\\/\",\"name\":\"\u041c\u0435\u0434\u0436\u043b\u0456\u0441\",\"description\":\"\",\"publisher\":{\"@id\":\"https:\\\/\\\/qtmm.org\\\/qt\\\/#organization\"},\"potentialAction\":[{\"@type\":\"SearchAction\",\"target\":{\"@type\":\"EntryPoint\",\"urlTemplate\":\"https:\\\/\\\/qtmm.org\\\/qt\\\/?s={search_term_string}\"},\"query-input\":{\"@type\":\"PropertyValueSpecification\",\"valueRequired\":true,\"valueName\":\"search_term_string\"}}],\"inLanguage\":\"qt\"},{\"@type\":\"Organization\",\"@id\":\"https:\\\/\\\/qtmm.org\\\/qt\\\/#organization\",\"name\":\"\u041c\u0435\u0434\u0436\u043b\u0456\u0441\",\"url\":\"https:\\\/\\\/qtmm.org\\\/qt\\\/\",\"logo\":{\"@type\":\"ImageObject\",\"inLanguage\":\"qt\",\"@id\":\"https:\\\/\\\/qtmm.org\\\/qt\\\/#\\\/schema\\\/logo\\\/image\\\/\",\"url\":\"https:\\\/\\\/qtmm.org\\\/wp-content\\\/uploads\\\/2024\\\/12\\\/ua-mejlis-logo-rgb.svg\",\"contentUrl\":\"https:\\\/\\\/qtmm.org\\\/wp-content\\\/uploads\\\/2024\\\/12\\\/ua-mejlis-logo-rgb.svg\",\"caption\":\"\u041c\u0435\u0434\u0436\u043b\u0456\u0441\"},\"image\":{\"@id\":\"https:\\\/\\\/qtmm.org\\\/qt\\\/#\\\/schema\\\/logo\\\/image\\\/\"},\"sameAs\":[\"https:\\\/\\\/www.facebook.com\\\/qtmm.info\\\/\"]},{\"@type\":\"Person\",\"@id\":\"https:\\\/\\\/qtmm.org\\\/qt\\\/#\\\/schema\\\/person\\\/de562469f971dec226ac06e60bbf74a7\",\"name\":\"Developer\",\"image\":{\"@type\":\"ImageObject\",\"inLanguage\":\"qt\",\"@id\":\"https:\\\/\\\/secure.gravatar.com\\\/avatar\\\/392b4cc8fbfeb00b39dfeeab4ee6edded39ffd48e25858637e4765810300227e?s=96&d=mm&r=g\",\"url\":\"https:\\\/\\\/secure.gravatar.com\\\/avatar\\\/392b4cc8fbfeb00b39dfeeab4ee6edded39ffd48e25858637e4765810300227e?s=96&d=mm&r=g\",\"contentUrl\":\"https:\\\/\\\/secure.gravatar.com\\\/avatar\\\/392b4cc8fbfeb00b39dfeeab4ee6edded39ffd48e25858637e4765810300227e?s=96&d=mm&r=g\",\"caption\":\"Developer\"},\"url\":\"https:\\\/\\\/qtmm.org\\\/qt\\\/author\\\/Developer\\\/\"}]}<\/script>\n<!-- \/ Yoast SEO plugin. -->","yoast_head_json":{"title":"Q\u0131r\u0131mtatar halq\u0131 V \u00e7a\u011f\u0131r\u0131l\u0131\u015f qurultay\u0131n\u0131\u00f1 be\u015finci sessiyas\u0131n\u0131 ke\u00e7ir\u00fcv aqq\u0131nda Q\u0131r\u0131mtatar halq\u0131 Meclisini\u00f1 qarar\u0131 - \u041c\u0435\u0434\u0436\u043b\u0456\u0441","robots":{"index":"index","follow":"follow","max-snippet":"max-snippet:-1","max-image-preview":"max-image-preview:large","max-video-preview":"max-video-preview:-1"},"canonical":"https:\/\/qtmm.org\/qt\/qirimtatar-halqi-v-cagirilis-qurultayinin-besinci-sessiyasini-keciruv-aqqinda-qirimtatar-halqi-meclisinin-qarari\/","og_locale":"en_US","og_type":"article","og_title":"Q\u0131r\u0131mtatar halq\u0131 V \u00e7a\u011f\u0131r\u0131l\u0131\u015f qurultay\u0131n\u0131\u00f1 be\u015finci sessiyas\u0131n\u0131 ke\u00e7ir\u00fcv aqq\u0131nda Q\u0131r\u0131mtatar halq\u0131 Meclisini\u00f1 qarar\u0131 - \u041c\u0435\u0434\u0436\u043b\u0456\u0441","og_description":"Q\u0131r\u0131mtatar halq\u0131 V \u00e7a\u011f\u0131r\u0131l\u0131\u015f qurultay\u0131n\u0131\u00f1 be\u015finci sessiyas\u0131n\u0131 ke\u00e7ir\u00fcv aqq\u0131nda Q\u0131r\u0131mtatar halq\u0131 Meclisini\u00f1QARARI 2012 senesi dekabr&nbsp;&nbsp;&nbsp;&nbsp;&nbsp;&nbsp;&nbsp;&nbsp;&nbsp;&nbsp;&nbsp;&nbsp;&nbsp;&nbsp;&nbsp;&nbsp;&nbsp;&nbsp;&nbsp;&nbsp;&nbsp;&nbsp;&nbsp;&nbsp;&nbsp;&nbsp;&nbsp;&nbsp;&nbsp;&nbsp;&nbsp;&nbsp;&nbsp;&nbsp;&nbsp;&nbsp;&nbsp;&nbsp;&nbsp;&nbsp;&nbsp;&nbsp;&nbsp;&nbsp;&nbsp;&nbsp;&nbsp;&nbsp;&nbsp;&nbsp;&nbsp; Aqmescit \u015f. Q\u0131r\u0131mtatar halq\u0131 Qurultay\u0131n\u0131\u00f1 delegatlar\u0131n\u0131 saylav boyunca nizam leyhas\u0131n\u0131 i\u015flev aqq\u0131nda esabatn\u0131 di\u00f1lep, Q\u0131r\u0131mtatar halq\u0131 V \u00e7a\u011f\u0131r\u0131l\u0131\u015f qurultay\u0131 be\u015finci sessiyas\u0131n\u0131\u00f1 deputatlar\u0131n\u0131 saylav boyunca Merkeziy komissiyan\u0131\u00f1 Qurultay Reglamentini\u00f1 3.3 ve 3.4. em de Q\u0131r\u0131mtatar halq\u0131 Meclisi aqq\u0131nda nizamn\u0131\u00f1 4.2 maddelerine [&hellip;]","og_url":"https:\/\/qtmm.org\/qt\/qirimtatar-halqi-v-cagirilis-qurultayinin-besinci-sessiyasini-keciruv-aqqinda-qirimtatar-halqi-meclisinin-qarari\/","og_site_name":"\u041c\u0435\u0434\u0436\u043b\u0456\u0441","article_publisher":"https:\/\/www.facebook.com\/qtmm.info\/","article_published_time":"2012-12-02T12:16:00+00:00","article_modified_time":"2022-01-23T12:19:52+00:00","author":"Developer","twitter_card":"summary_large_image","twitter_misc":{"Written by":"Developer","Est. reading time":"2 minutes"},"schema":{"@context":"https:\/\/schema.org","@graph":[{"@type":"Article","@id":"https:\/\/qtmm.org\/qt\/qirimtatar-halqi-v-cagirilis-qurultayinin-besinci-sessiyasini-keciruv-aqqinda-qirimtatar-halqi-meclisinin-qarari\/#article","isPartOf":{"@id":"https:\/\/qtmm.org\/qt\/qirimtatar-halqi-v-cagirilis-qurultayinin-besinci-sessiyasini-keciruv-aqqinda-qirimtatar-halqi-meclisinin-qarari\/"},"author":{"name":"Developer","@id":"https:\/\/qtmm.org\/qt\/#\/schema\/person\/de562469f971dec226ac06e60bbf74a7"},"headline":"Q\u0131r\u0131mtatar halq\u0131 V \u00e7a\u011f\u0131r\u0131l\u0131\u015f qurultay\u0131n\u0131\u00f1 be\u015finci sessiyas\u0131n\u0131 ke\u00e7ir\u00fcv aqq\u0131nda Q\u0131r\u0131mtatar halq\u0131 Meclisini\u00f1 qarar\u0131","datePublished":"2012-12-02T12:16:00+00:00","dateModified":"2022-01-23T12:19:52+00:00","mainEntityOfPage":{"@id":"https:\/\/qtmm.org\/qt\/qirimtatar-halqi-v-cagirilis-qurultayinin-besinci-sessiyasini-keciruv-aqqinda-qirimtatar-halqi-meclisinin-qarari\/"},"wordCount":462,"commentCount":0,"publisher":{"@id":"https:\/\/qtmm.org\/qt\/#organization"},"articleSection":["Haberler"],"inLanguage":"qt","potentialAction":[{"@type":"CommentAction","name":"Comment","target":["https:\/\/qtmm.org\/qt\/qirimtatar-halqi-v-cagirilis-qurultayinin-besinci-sessiyasini-keciruv-aqqinda-qirimtatar-halqi-meclisinin-qarari\/#respond"]}]},{"@type":"WebPage","@id":"https:\/\/qtmm.org\/qt\/qirimtatar-halqi-v-cagirilis-qurultayinin-besinci-sessiyasini-keciruv-aqqinda-qirimtatar-halqi-meclisinin-qarari\/","url":"https:\/\/qtmm.org\/qt\/qirimtatar-halqi-v-cagirilis-qurultayinin-besinci-sessiyasini-keciruv-aqqinda-qirimtatar-halqi-meclisinin-qarari\/","name":"Q\u0131r\u0131mtatar halq\u0131 V \u00e7a\u011f\u0131r\u0131l\u0131\u015f qurultay\u0131n\u0131\u00f1 be\u015finci sessiyas\u0131n\u0131 ke\u00e7ir\u00fcv aqq\u0131nda Q\u0131r\u0131mtatar halq\u0131 Meclisini\u00f1 qarar\u0131 - \u041c\u0435\u0434\u0436\u043b\u0456\u0441","isPartOf":{"@id":"https:\/\/qtmm.org\/qt\/#website"},"datePublished":"2012-12-02T12:16:00+00:00","dateModified":"2022-01-23T12:19:52+00:00","breadcrumb":{"@id":"https:\/\/qtmm.org\/qt\/qirimtatar-halqi-v-cagirilis-qurultayinin-besinci-sessiyasini-keciruv-aqqinda-qirimtatar-halqi-meclisinin-qarari\/#breadcrumb"},"inLanguage":"qt","potentialAction":[{"@type":"ReadAction","target":["https:\/\/qtmm.org\/qt\/qirimtatar-halqi-v-cagirilis-qurultayinin-besinci-sessiyasini-keciruv-aqqinda-qirimtatar-halqi-meclisinin-qarari\/"]}]},{"@type":"BreadcrumbList","@id":"https:\/\/qtmm.org\/qt\/qirimtatar-halqi-v-cagirilis-qurultayinin-besinci-sessiyasini-keciruv-aqqinda-qirimtatar-halqi-meclisinin-qarari\/#breadcrumb","itemListElement":[{"@type":"ListItem","position":1,"name":"\u0413\u043e\u043b\u043e\u0432\u043d\u0430","item":"https:\/\/qtmm.org\/qt\/"},{"@type":"ListItem","position":2,"name":"Q\u0131r\u0131mtatar halq\u0131 V \u00e7a\u011f\u0131r\u0131l\u0131\u015f qurultay\u0131n\u0131\u00f1 be\u015finci sessiyas\u0131n\u0131 ke\u00e7ir\u00fcv aqq\u0131nda Q\u0131r\u0131mtatar halq\u0131 Meclisini\u00f1 qarar\u0131"}]},{"@type":"WebSite","@id":"https:\/\/qtmm.org\/qt\/#website","url":"https:\/\/qtmm.org\/qt\/","name":"\u041c\u0435\u0434\u0436\u043b\u0456\u0441","description":"","publisher":{"@id":"https:\/\/qtmm.org\/qt\/#organization"},"potentialAction":[{"@type":"SearchAction","target":{"@type":"EntryPoint","urlTemplate":"https:\/\/qtmm.org\/qt\/?s={search_term_string}"},"query-input":{"@type":"PropertyValueSpecification","valueRequired":true,"valueName":"search_term_string"}}],"inLanguage":"qt"},{"@type":"Organization","@id":"https:\/\/qtmm.org\/qt\/#organization","name":"\u041c\u0435\u0434\u0436\u043b\u0456\u0441","url":"https:\/\/qtmm.org\/qt\/","logo":{"@type":"ImageObject","inLanguage":"qt","@id":"https:\/\/qtmm.org\/qt\/#\/schema\/logo\/image\/","url":"https:\/\/qtmm.org\/wp-content\/uploads\/2024\/12\/ua-mejlis-logo-rgb.svg","contentUrl":"https:\/\/qtmm.org\/wp-content\/uploads\/2024\/12\/ua-mejlis-logo-rgb.svg","caption":"\u041c\u0435\u0434\u0436\u043b\u0456\u0441"},"image":{"@id":"https:\/\/qtmm.org\/qt\/#\/schema\/logo\/image\/"},"sameAs":["https:\/\/www.facebook.com\/qtmm.info\/"]},{"@type":"Person","@id":"https:\/\/qtmm.org\/qt\/#\/schema\/person\/de562469f971dec226ac06e60bbf74a7","name":"Developer","image":{"@type":"ImageObject","inLanguage":"qt","@id":"https:\/\/secure.gravatar.com\/avatar\/392b4cc8fbfeb00b39dfeeab4ee6edded39ffd48e25858637e4765810300227e?s=96&d=mm&r=g","url":"https:\/\/secure.gravatar.com\/avatar\/392b4cc8fbfeb00b39dfeeab4ee6edded39ffd48e25858637e4765810300227e?s=96&d=mm&r=g","contentUrl":"https:\/\/secure.gravatar.com\/avatar\/392b4cc8fbfeb00b39dfeeab4ee6edded39ffd48e25858637e4765810300227e?s=96&d=mm&r=g","caption":"Developer"},"url":"https:\/\/qtmm.org\/qt\/author\/Developer\/"}]}},"_links":{"self":[{"href":"https:\/\/qtmm.org\/qt\/wp-json\/wp\/v2\/posts\/35522","targetHints":{"allow":["GET"]}}],"collection":[{"href":"https:\/\/qtmm.org\/qt\/wp-json\/wp\/v2\/posts"}],"about":[{"href":"https:\/\/qtmm.org\/qt\/wp-json\/wp\/v2\/types\/post"}],"author":[{"embeddable":true,"href":"https:\/\/qtmm.org\/qt\/wp-json\/wp\/v2\/users\/1"}],"replies":[{"embeddable":true,"href":"https:\/\/qtmm.org\/qt\/wp-json\/wp\/v2\/comments?post=35522"}],"version-history":[{"count":1,"href":"https:\/\/qtmm.org\/qt\/wp-json\/wp\/v2\/posts\/35522\/revisions"}],"predecessor-version":[{"id":35523,"href":"https:\/\/qtmm.org\/qt\/wp-json\/wp\/v2\/posts\/35522\/revisions\/35523"}],"wp:attachment":[{"href":"https:\/\/qtmm.org\/qt\/wp-json\/wp\/v2\/media?parent=35522"}],"wp:term":[{"taxonomy":"category","embeddable":true,"href":"https:\/\/qtmm.org\/qt\/wp-json\/wp\/v2\/categories?post=35522"},{"taxonomy":"post_tag","embeddable":true,"href":"https:\/\/qtmm.org\/qt\/wp-json\/wp\/v2\/tags?post=35522"}],"curies":[{"name":"wp","href":"https:\/\/api.w.org\/{rel}","templated":true}]}}