




{"id":35516,"date":"2012-12-01T15:07:00","date_gmt":"2012-12-01T12:07:00","guid":{"rendered":"http:\/\/qtmm.org\/?p=35516"},"modified":"2022-01-23T15:08:30","modified_gmt":"2022-01-23T12:08:30","slug":"refat-cubarov-bir-gecede-eki-provokatsiyaqirimda-kim-ve-ne-sebepten-dava-ciqarmaq-istey","status":"publish","type":"post","link":"https:\/\/qtmm.org\/qt\/refat-cubarov-bir-gecede-eki-provokatsiyaqirimda-kim-ve-ne-sebepten-dava-ciqarmaq-istey\/","title":{"rendered":"Refat \u00c7ubarov: Bir gecede eki provokatsiya\u2026Q\u0131r\u0131mda kim ve ne sebepten dava \u00e7\u0131qarmaq istey?"},"content":{"rendered":"\n<p>2012 senesi noyabr 30-dan dekabr 1-ge ke\u00e7er gecesi Q\u0131r\u0131mda bir qa\u00e7 saat i\u00e7inde q\u0131r\u0131mtatarlar\u011fa nisbeten eki \u00fcc\u00fcm yap\u0131ld\u0131. Gece saat 2-lerde \u015faatlarn\u0131\u00f1 bildirgenine k\u00f6re Moskva yolu kenar\u0131nda Molod\u00f6jnoye qasabas\u0131n\u0131\u00f1 yaq\u0131n\u0131ndaki &#8220;naraz\u0131l\u0131q tarlalar\u0131&#8221;na taba 100-ge yaq\u0131n ya\u015flar, olarn\u0131\u00f1 bir q\u0131sm\u0131 &#8220;kazaklar&#8221; ve diger q\u0131sm\u0131 topraq paylar\u0131n\u0131\u00f1 saipleri, areket ettiler.<\/p>\n\n\n\n<p>Topraq paylar\u0131 bu insanlar\u011fa qanuns\u0131z berilgenini bu yerlerde endi qurulacaq evlerini\u00f1 temelini qoy\u011fan q\u0131r\u0131mtatarlar iddia eteler. Gece &#8220;musafirlerini\u00f1&#8221; maqsad\u0131 kendilerini\u00f1 s\u00f6ylegenine k\u00f6re daval\u0131 yerge \u00f6z aqlar\u0131n\u0131 &#8220;\u011fayr\u0131dan tiklemek&#8221; eken. Amma ne i\u00e7\u00fcndir aydutlar, olar\u011fa \u015fun\u0131\u00f1 qadar da militsiya ve &#8220;Berkut&#8221; k\u00fc\u00e7leri refaqatl\u0131q yapmas\u0131n\u0131 teminlegen Q\u0131r\u0131m militsiyas\u0131n\u0131\u00f1 yolba\u015f\u00e7\u0131lar\u0131 bu i\u015fni gece amelge ke\u00e7irmekni do\u011fru, dep tan\u0131\u011fanlar.<\/p>\n\n\n\n<p>100-den ziyade muvaqqat ev\u00e7ikler y\u0131qt\u0131r\u0131lmas\u0131n\u0131\u00f1 \u015faatlar\u0131 ol\u011fan 20-ye yaq\u0131n q\u0131r\u0131mtatar\u0131 bu\u00f1a qar\u015f\u0131 areket etmediler. \u00c7\u00fcnki gece ya\u011fman\u0131\u00f1 ba\u015f maqsad\u0131 dava qoparmaq ve bun\u0131\u00f1nen davan\u0131 &#8220;yat\u0131\u015ft\u0131rma\u011fa&#8221; az\u0131r ol\u011fan k\u00fc\u00e7lerni i\u015fke qoymaq ol\u011fan\u0131n\u0131 a\u00f1lad\u0131lar.<\/p>\n\n\n\n<p>Al-az\u0131rda adise y\u00fcz bergen yerde bir qa\u00e7 militsiya hadimi tura. Olar m\u0131nda \u00e7at\u0131\u015fma olmas\u0131na yol bermemek i\u00e7\u00fcn qald\u0131r\u0131l\u011fanlar.<\/p>\n\n\n\n<figure class=\"wp-block-image size-full\"><img loading=\"lazy\" decoding=\"async\" width=\"800\" height=\"600\" src=\"http:\/\/qtmm.org\/wp-content\/uploads\/2022\/01\/5_32.jpeg\" alt=\"\" class=\"wp-image-35517\" srcset=\"https:\/\/qtmm.org\/wp-content\/uploads\/2022\/01\/5_32.jpeg 800w, https:\/\/qtmm.org\/wp-content\/uploads\/2022\/01\/5_32-300x225.jpeg 300w, https:\/\/qtmm.org\/wp-content\/uploads\/2022\/01\/5_32-768x576.jpeg 768w\" sizes=\"auto, (max-width: 800px) 100vw, 800px\" \/><\/figure>\n\n\n\n<p>Bu vaqiadan eki saat ke\u00e7er-ke\u00e7mez Aqmescitte Cuma Cami qurulacaq yerni qaravulla\u011fan bek\u00e7ige tecavuz etilip, on\u0131\u00f1 vagon\u00e7\u0131\u011f\u0131na patlay\u0131c\u0131 maddenen tolu \u015fi\u015feler at\u0131ld\u0131. Aqibette bir \u015fi\u015fe s\u0131n\u0131p, vagon\u00e7\u0131q yan\u0131p ba\u015flay. Qaravul ate\u015fni s\u00f6nd\u00fcrip, Q\u0131r\u0131m musulmanlar\u0131n\u0131\u00f1 m\u00fcftisine haber berdi. Adise y\u00fcz bergen yerge ac\u0131 Emirali Ablayev ve Meclis reisini\u00f1 birinci muavini Refat \u00c7ubarov acele yetip keldiler.<\/p>\n\n\n\n<p>Patlav aqq\u0131nda militsiya\u011fa haber etilgen so\u00f1, Meclis reisini\u00f1 birinci muavini Refat \u00c7ubarovn\u0131\u00f1 bildirgenine k\u00f6re patlav ol\u011fan yerge Ukraina \u0130\u00e7ki i\u015fler nazirligini\u00f1 Q\u0131r\u0131mdaki taqiqat\u00e7\u0131lar\u0131 da kelgenler.<\/p>\n\n\n\n<p>&#8220;Saat 16.00-de Ukraina \u0130\u00e7ki i\u015fler nazirligini\u00f1 Q\u0131r\u0131mdaki idaresi \u0130nternette\u00a0http:\/\/www.crm-mia.gov.ua\/ru\/news\/\u00a0sayt\u0131nda Yaltinskaya, 22-de ol\u011fan adise aqq\u0131nda resmiy haber yerle\u015ftirgen, amma Molod\u00f6jnoye qasabas\u0131n\u0131\u00f1 yan\u0131ndaki &#8220;naraz\u0131l\u0131q tarlas\u0131nda&#8221; gece y\u00fcz bergen ya\u011fma aqq\u0131nda i\u00e7 bir t\u00fcrl\u00fc haber yoqt\u0131r&#8221;, &#8211; dep yaza Refat \u00c7ubarov \u00f6z\u00fcni\u00f1 saifesinde Facebookta.<\/p>\n\n\n\n<p>&#8220;\u015eimdilik men q\u0131r\u0131mtatarlar\u0131na qar\u015f\u0131 gece yap\u0131l\u011fan \u00fcc\u00fcmni\u00f1 tahminlerini a\u015fk\u00e2r etmeyim, &#8211; dey Refat \u00c7ubarov. \u2013 l\u00e2kin, \u015fun\u0131 qayd etmege isterdim ki, daa bir qa\u00e7 k\u00fcn evelsi Q\u0131r\u0131m Yuqar\u0131 \u015euras\u0131n\u0131\u00f1 minberinden tur\u0131p uquqqoruv organlar\u0131n\u0131\u00f1 yolba\u015f\u00e7\u0131lar\u0131n\u0131 Q\u0131r\u0131mda nefret qoz\u011famaq areketinde bulun\u011fan marginal siyaset\u00e7iler faalle\u015fkenine diqqat etmelerine \u00e7a\u011f\u0131r\u011fan edim&#8221;.<\/p>\n\n\n\n<p>Refat \u00c7ubarov &#8220;Q\u0131r\u0131mda kim ve ne sebepten dava \u00e7\u0131qarmaq istey?&#8221; sualine cevapn\u0131 uquqqoruv organlar\u0131 bermek kerekliginde emin.<\/p>\n","protected":false},"excerpt":{"rendered":"<p>2012 senesi noyabr 30-dan dekabr 1-ge ke\u00e7er gecesi Q\u0131r\u0131mda bir qa\u00e7 saat i\u00e7inde q\u0131r\u0131mtatarlar\u011fa nisbeten eki \u00fcc\u00fcm yap\u0131ld\u0131. Gece saat 2-lerde \u015faatlarn\u0131\u00f1 bildirgenine k\u00f6re Moskva yolu kenar\u0131nda Molod\u00f6jnoye qasabas\u0131n\u0131\u00f1 yaq\u0131n\u0131ndaki &#8220;naraz\u0131l\u0131q tarlalar\u0131&#8221;na taba 100-ge yaq\u0131n ya\u015flar, olarn\u0131\u00f1 bir q\u0131sm\u0131 &#8220;kazaklar&#8221; ve diger q\u0131sm\u0131 topraq paylar\u0131n\u0131\u00f1 saipleri, areket ettiler. Topraq paylar\u0131 bu insanlar\u011fa qanuns\u0131z berilgenini bu [&hellip;]<\/p>\n","protected":false},"author":1,"featured_media":0,"comment_status":"open","ping_status":"open","sticky":false,"template":"","format":"standard","meta":{"inline_featured_image":false,"footnotes":""},"categories":[265],"tags":[],"class_list":["post-35516","post","type-post","status-publish","format-standard","hentry","category-haberler"],"acf":[],"yoast_head":"<!-- This site is optimized with the Yoast SEO plugin v27.4 - https:\/\/yoast.com\/product\/yoast-seo-wordpress\/ -->\n<title>Refat \u00c7ubarov: Bir gecede eki provokatsiya\u2026Q\u0131r\u0131mda kim ve ne sebepten dava \u00e7\u0131qarmaq istey? - \u041c\u0435\u0434\u0436\u043b\u0456\u0441<\/title>\n<meta name=\"robots\" content=\"index, follow, max-snippet:-1, max-image-preview:large, max-video-preview:-1\" \/>\n<link rel=\"canonical\" href=\"https:\/\/qtmm.org\/qt\/refat-cubarov-bir-gecede-eki-provokatsiyaqirimda-kim-ve-ne-sebepten-dava-ciqarmaq-istey\/\" \/>\n<meta property=\"og:locale\" content=\"en_US\" \/>\n<meta property=\"og:type\" content=\"article\" \/>\n<meta property=\"og:title\" content=\"Refat \u00c7ubarov: Bir gecede eki provokatsiya\u2026Q\u0131r\u0131mda kim ve ne sebepten dava \u00e7\u0131qarmaq istey? - \u041c\u0435\u0434\u0436\u043b\u0456\u0441\" \/>\n<meta property=\"og:description\" content=\"2012 senesi noyabr 30-dan dekabr 1-ge ke\u00e7er gecesi Q\u0131r\u0131mda bir qa\u00e7 saat i\u00e7inde q\u0131r\u0131mtatarlar\u011fa nisbeten eki \u00fcc\u00fcm yap\u0131ld\u0131. Gece saat 2-lerde \u015faatlarn\u0131\u00f1 bildirgenine k\u00f6re Moskva yolu kenar\u0131nda Molod\u00f6jnoye qasabas\u0131n\u0131\u00f1 yaq\u0131n\u0131ndaki &#8220;naraz\u0131l\u0131q tarlalar\u0131&#8221;na taba 100-ge yaq\u0131n ya\u015flar, olarn\u0131\u00f1 bir q\u0131sm\u0131 &#8220;kazaklar&#8221; ve diger q\u0131sm\u0131 topraq paylar\u0131n\u0131\u00f1 saipleri, areket ettiler. Topraq paylar\u0131 bu insanlar\u011fa qanuns\u0131z berilgenini bu [&hellip;]\" \/>\n<meta property=\"og:url\" content=\"https:\/\/qtmm.org\/qt\/refat-cubarov-bir-gecede-eki-provokatsiyaqirimda-kim-ve-ne-sebepten-dava-ciqarmaq-istey\/\" \/>\n<meta property=\"og:site_name\" content=\"\u041c\u0435\u0434\u0436\u043b\u0456\u0441\" \/>\n<meta property=\"article:publisher\" content=\"https:\/\/www.facebook.com\/qtmm.info\/\" \/>\n<meta property=\"article:published_time\" content=\"2012-12-01T12:07:00+00:00\" \/>\n<meta property=\"article:modified_time\" content=\"2022-01-23T12:08:30+00:00\" \/>\n<meta property=\"og:image\" content=\"https:\/\/qtmm.org\/wp-content\/uploads\/2022\/01\/5_32.jpeg\" \/>\n\t<meta property=\"og:image:width\" content=\"800\" \/>\n\t<meta property=\"og:image:height\" content=\"600\" \/>\n\t<meta property=\"og:image:type\" content=\"image\/jpeg\" \/>\n<meta name=\"author\" content=\"Developer\" \/>\n<meta name=\"twitter:card\" content=\"summary_large_image\" \/>\n<meta name=\"twitter:label1\" content=\"Written by\" \/>\n\t<meta name=\"twitter:data1\" content=\"Developer\" \/>\n\t<meta name=\"twitter:label2\" content=\"Est. reading time\" \/>\n\t<meta name=\"twitter:data2\" content=\"2 minutes\" \/>\n<script type=\"application\/ld+json\" class=\"yoast-schema-graph\">{\"@context\":\"https:\\\/\\\/schema.org\",\"@graph\":[{\"@type\":\"Article\",\"@id\":\"https:\\\/\\\/qtmm.org\\\/qt\\\/refat-cubarov-bir-gecede-eki-provokatsiyaqirimda-kim-ve-ne-sebepten-dava-ciqarmaq-istey\\\/#article\",\"isPartOf\":{\"@id\":\"https:\\\/\\\/qtmm.org\\\/qt\\\/refat-cubarov-bir-gecede-eki-provokatsiyaqirimda-kim-ve-ne-sebepten-dava-ciqarmaq-istey\\\/\"},\"author\":{\"name\":\"Developer\",\"@id\":\"https:\\\/\\\/qtmm.org\\\/qt\\\/#\\\/schema\\\/person\\\/de562469f971dec226ac06e60bbf74a7\"},\"headline\":\"Refat \u00c7ubarov: Bir gecede eki provokatsiya\u2026Q\u0131r\u0131mda kim ve ne sebepten dava \u00e7\u0131qarmaq istey?\",\"datePublished\":\"2012-12-01T12:07:00+00:00\",\"dateModified\":\"2022-01-23T12:08:30+00:00\",\"mainEntityOfPage\":{\"@id\":\"https:\\\/\\\/qtmm.org\\\/qt\\\/refat-cubarov-bir-gecede-eki-provokatsiyaqirimda-kim-ve-ne-sebepten-dava-ciqarmaq-istey\\\/\"},\"wordCount\":510,\"commentCount\":0,\"publisher\":{\"@id\":\"https:\\\/\\\/qtmm.org\\\/qt\\\/#organization\"},\"image\":{\"@id\":\"https:\\\/\\\/qtmm.org\\\/qt\\\/refat-cubarov-bir-gecede-eki-provokatsiyaqirimda-kim-ve-ne-sebepten-dava-ciqarmaq-istey\\\/#primaryimage\"},\"thumbnailUrl\":\"http:\\\/\\\/qtmm.org\\\/wp-content\\\/uploads\\\/2022\\\/01\\\/5_32.jpeg\",\"articleSection\":[\"Haberler\"],\"inLanguage\":\"qt\",\"potentialAction\":[{\"@type\":\"CommentAction\",\"name\":\"Comment\",\"target\":[\"https:\\\/\\\/qtmm.org\\\/qt\\\/refat-cubarov-bir-gecede-eki-provokatsiyaqirimda-kim-ve-ne-sebepten-dava-ciqarmaq-istey\\\/#respond\"]}]},{\"@type\":\"WebPage\",\"@id\":\"https:\\\/\\\/qtmm.org\\\/qt\\\/refat-cubarov-bir-gecede-eki-provokatsiyaqirimda-kim-ve-ne-sebepten-dava-ciqarmaq-istey\\\/\",\"url\":\"https:\\\/\\\/qtmm.org\\\/qt\\\/refat-cubarov-bir-gecede-eki-provokatsiyaqirimda-kim-ve-ne-sebepten-dava-ciqarmaq-istey\\\/\",\"name\":\"Refat \u00c7ubarov: Bir gecede eki provokatsiya\u2026Q\u0131r\u0131mda kim ve ne sebepten dava \u00e7\u0131qarmaq istey? - \u041c\u0435\u0434\u0436\u043b\u0456\u0441\",\"isPartOf\":{\"@id\":\"https:\\\/\\\/qtmm.org\\\/qt\\\/#website\"},\"primaryImageOfPage\":{\"@id\":\"https:\\\/\\\/qtmm.org\\\/qt\\\/refat-cubarov-bir-gecede-eki-provokatsiyaqirimda-kim-ve-ne-sebepten-dava-ciqarmaq-istey\\\/#primaryimage\"},\"image\":{\"@id\":\"https:\\\/\\\/qtmm.org\\\/qt\\\/refat-cubarov-bir-gecede-eki-provokatsiyaqirimda-kim-ve-ne-sebepten-dava-ciqarmaq-istey\\\/#primaryimage\"},\"thumbnailUrl\":\"http:\\\/\\\/qtmm.org\\\/wp-content\\\/uploads\\\/2022\\\/01\\\/5_32.jpeg\",\"datePublished\":\"2012-12-01T12:07:00+00:00\",\"dateModified\":\"2022-01-23T12:08:30+00:00\",\"breadcrumb\":{\"@id\":\"https:\\\/\\\/qtmm.org\\\/qt\\\/refat-cubarov-bir-gecede-eki-provokatsiyaqirimda-kim-ve-ne-sebepten-dava-ciqarmaq-istey\\\/#breadcrumb\"},\"inLanguage\":\"qt\",\"potentialAction\":[{\"@type\":\"ReadAction\",\"target\":[\"https:\\\/\\\/qtmm.org\\\/qt\\\/refat-cubarov-bir-gecede-eki-provokatsiyaqirimda-kim-ve-ne-sebepten-dava-ciqarmaq-istey\\\/\"]}]},{\"@type\":\"ImageObject\",\"inLanguage\":\"qt\",\"@id\":\"https:\\\/\\\/qtmm.org\\\/qt\\\/refat-cubarov-bir-gecede-eki-provokatsiyaqirimda-kim-ve-ne-sebepten-dava-ciqarmaq-istey\\\/#primaryimage\",\"url\":\"http:\\\/\\\/qtmm.org\\\/wp-content\\\/uploads\\\/2022\\\/01\\\/5_32.jpeg\",\"contentUrl\":\"http:\\\/\\\/qtmm.org\\\/wp-content\\\/uploads\\\/2022\\\/01\\\/5_32.jpeg\"},{\"@type\":\"BreadcrumbList\",\"@id\":\"https:\\\/\\\/qtmm.org\\\/qt\\\/refat-cubarov-bir-gecede-eki-provokatsiyaqirimda-kim-ve-ne-sebepten-dava-ciqarmaq-istey\\\/#breadcrumb\",\"itemListElement\":[{\"@type\":\"ListItem\",\"position\":1,\"name\":\"\u0413\u043e\u043b\u043e\u0432\u043d\u0430\",\"item\":\"https:\\\/\\\/qtmm.org\\\/qt\\\/\"},{\"@type\":\"ListItem\",\"position\":2,\"name\":\"Refat \u00c7ubarov: Bir gecede eki provokatsiya\u2026Q\u0131r\u0131mda kim ve ne sebepten dava \u00e7\u0131qarmaq istey?\"}]},{\"@type\":\"WebSite\",\"@id\":\"https:\\\/\\\/qtmm.org\\\/qt\\\/#website\",\"url\":\"https:\\\/\\\/qtmm.org\\\/qt\\\/\",\"name\":\"\u041c\u0435\u0434\u0436\u043b\u0456\u0441\",\"description\":\"\",\"publisher\":{\"@id\":\"https:\\\/\\\/qtmm.org\\\/qt\\\/#organization\"},\"potentialAction\":[{\"@type\":\"SearchAction\",\"target\":{\"@type\":\"EntryPoint\",\"urlTemplate\":\"https:\\\/\\\/qtmm.org\\\/qt\\\/?s={search_term_string}\"},\"query-input\":{\"@type\":\"PropertyValueSpecification\",\"valueRequired\":true,\"valueName\":\"search_term_string\"}}],\"inLanguage\":\"qt\"},{\"@type\":\"Organization\",\"@id\":\"https:\\\/\\\/qtmm.org\\\/qt\\\/#organization\",\"name\":\"\u041c\u0435\u0434\u0436\u043b\u0456\u0441\",\"url\":\"https:\\\/\\\/qtmm.org\\\/qt\\\/\",\"logo\":{\"@type\":\"ImageObject\",\"inLanguage\":\"qt\",\"@id\":\"https:\\\/\\\/qtmm.org\\\/qt\\\/#\\\/schema\\\/logo\\\/image\\\/\",\"url\":\"https:\\\/\\\/qtmm.org\\\/wp-content\\\/uploads\\\/2024\\\/12\\\/ua-mejlis-logo-rgb.svg\",\"contentUrl\":\"https:\\\/\\\/qtmm.org\\\/wp-content\\\/uploads\\\/2024\\\/12\\\/ua-mejlis-logo-rgb.svg\",\"caption\":\"\u041c\u0435\u0434\u0436\u043b\u0456\u0441\"},\"image\":{\"@id\":\"https:\\\/\\\/qtmm.org\\\/qt\\\/#\\\/schema\\\/logo\\\/image\\\/\"},\"sameAs\":[\"https:\\\/\\\/www.facebook.com\\\/qtmm.info\\\/\"]},{\"@type\":\"Person\",\"@id\":\"https:\\\/\\\/qtmm.org\\\/qt\\\/#\\\/schema\\\/person\\\/de562469f971dec226ac06e60bbf74a7\",\"name\":\"Developer\",\"image\":{\"@type\":\"ImageObject\",\"inLanguage\":\"qt\",\"@id\":\"https:\\\/\\\/secure.gravatar.com\\\/avatar\\\/392b4cc8fbfeb00b39dfeeab4ee6edded39ffd48e25858637e4765810300227e?s=96&d=mm&r=g\",\"url\":\"https:\\\/\\\/secure.gravatar.com\\\/avatar\\\/392b4cc8fbfeb00b39dfeeab4ee6edded39ffd48e25858637e4765810300227e?s=96&d=mm&r=g\",\"contentUrl\":\"https:\\\/\\\/secure.gravatar.com\\\/avatar\\\/392b4cc8fbfeb00b39dfeeab4ee6edded39ffd48e25858637e4765810300227e?s=96&d=mm&r=g\",\"caption\":\"Developer\"},\"url\":\"https:\\\/\\\/qtmm.org\\\/qt\\\/author\\\/Developer\\\/\"}]}<\/script>\n<!-- \/ Yoast SEO plugin. -->","yoast_head_json":{"title":"Refat \u00c7ubarov: Bir gecede eki provokatsiya\u2026Q\u0131r\u0131mda kim ve ne sebepten dava \u00e7\u0131qarmaq istey? - \u041c\u0435\u0434\u0436\u043b\u0456\u0441","robots":{"index":"index","follow":"follow","max-snippet":"max-snippet:-1","max-image-preview":"max-image-preview:large","max-video-preview":"max-video-preview:-1"},"canonical":"https:\/\/qtmm.org\/qt\/refat-cubarov-bir-gecede-eki-provokatsiyaqirimda-kim-ve-ne-sebepten-dava-ciqarmaq-istey\/","og_locale":"en_US","og_type":"article","og_title":"Refat \u00c7ubarov: Bir gecede eki provokatsiya\u2026Q\u0131r\u0131mda kim ve ne sebepten dava \u00e7\u0131qarmaq istey? - \u041c\u0435\u0434\u0436\u043b\u0456\u0441","og_description":"2012 senesi noyabr 30-dan dekabr 1-ge ke\u00e7er gecesi Q\u0131r\u0131mda bir qa\u00e7 saat i\u00e7inde q\u0131r\u0131mtatarlar\u011fa nisbeten eki \u00fcc\u00fcm yap\u0131ld\u0131. Gece saat 2-lerde \u015faatlarn\u0131\u00f1 bildirgenine k\u00f6re Moskva yolu kenar\u0131nda Molod\u00f6jnoye qasabas\u0131n\u0131\u00f1 yaq\u0131n\u0131ndaki &#8220;naraz\u0131l\u0131q tarlalar\u0131&#8221;na taba 100-ge yaq\u0131n ya\u015flar, olarn\u0131\u00f1 bir q\u0131sm\u0131 &#8220;kazaklar&#8221; ve diger q\u0131sm\u0131 topraq paylar\u0131n\u0131\u00f1 saipleri, areket ettiler. Topraq paylar\u0131 bu insanlar\u011fa qanuns\u0131z berilgenini bu [&hellip;]","og_url":"https:\/\/qtmm.org\/qt\/refat-cubarov-bir-gecede-eki-provokatsiyaqirimda-kim-ve-ne-sebepten-dava-ciqarmaq-istey\/","og_site_name":"\u041c\u0435\u0434\u0436\u043b\u0456\u0441","article_publisher":"https:\/\/www.facebook.com\/qtmm.info\/","article_published_time":"2012-12-01T12:07:00+00:00","article_modified_time":"2022-01-23T12:08:30+00:00","og_image":[{"width":800,"height":600,"url":"https:\/\/qtmm.org\/wp-content\/uploads\/2022\/01\/5_32.jpeg","type":"image\/jpeg"}],"author":"Developer","twitter_card":"summary_large_image","twitter_misc":{"Written by":"Developer","Est. reading time":"2 minutes"},"schema":{"@context":"https:\/\/schema.org","@graph":[{"@type":"Article","@id":"https:\/\/qtmm.org\/qt\/refat-cubarov-bir-gecede-eki-provokatsiyaqirimda-kim-ve-ne-sebepten-dava-ciqarmaq-istey\/#article","isPartOf":{"@id":"https:\/\/qtmm.org\/qt\/refat-cubarov-bir-gecede-eki-provokatsiyaqirimda-kim-ve-ne-sebepten-dava-ciqarmaq-istey\/"},"author":{"name":"Developer","@id":"https:\/\/qtmm.org\/qt\/#\/schema\/person\/de562469f971dec226ac06e60bbf74a7"},"headline":"Refat \u00c7ubarov: Bir gecede eki provokatsiya\u2026Q\u0131r\u0131mda kim ve ne sebepten dava \u00e7\u0131qarmaq istey?","datePublished":"2012-12-01T12:07:00+00:00","dateModified":"2022-01-23T12:08:30+00:00","mainEntityOfPage":{"@id":"https:\/\/qtmm.org\/qt\/refat-cubarov-bir-gecede-eki-provokatsiyaqirimda-kim-ve-ne-sebepten-dava-ciqarmaq-istey\/"},"wordCount":510,"commentCount":0,"publisher":{"@id":"https:\/\/qtmm.org\/qt\/#organization"},"image":{"@id":"https:\/\/qtmm.org\/qt\/refat-cubarov-bir-gecede-eki-provokatsiyaqirimda-kim-ve-ne-sebepten-dava-ciqarmaq-istey\/#primaryimage"},"thumbnailUrl":"http:\/\/qtmm.org\/wp-content\/uploads\/2022\/01\/5_32.jpeg","articleSection":["Haberler"],"inLanguage":"qt","potentialAction":[{"@type":"CommentAction","name":"Comment","target":["https:\/\/qtmm.org\/qt\/refat-cubarov-bir-gecede-eki-provokatsiyaqirimda-kim-ve-ne-sebepten-dava-ciqarmaq-istey\/#respond"]}]},{"@type":"WebPage","@id":"https:\/\/qtmm.org\/qt\/refat-cubarov-bir-gecede-eki-provokatsiyaqirimda-kim-ve-ne-sebepten-dava-ciqarmaq-istey\/","url":"https:\/\/qtmm.org\/qt\/refat-cubarov-bir-gecede-eki-provokatsiyaqirimda-kim-ve-ne-sebepten-dava-ciqarmaq-istey\/","name":"Refat \u00c7ubarov: Bir gecede eki provokatsiya\u2026Q\u0131r\u0131mda kim ve ne sebepten dava \u00e7\u0131qarmaq istey? - \u041c\u0435\u0434\u0436\u043b\u0456\u0441","isPartOf":{"@id":"https:\/\/qtmm.org\/qt\/#website"},"primaryImageOfPage":{"@id":"https:\/\/qtmm.org\/qt\/refat-cubarov-bir-gecede-eki-provokatsiyaqirimda-kim-ve-ne-sebepten-dava-ciqarmaq-istey\/#primaryimage"},"image":{"@id":"https:\/\/qtmm.org\/qt\/refat-cubarov-bir-gecede-eki-provokatsiyaqirimda-kim-ve-ne-sebepten-dava-ciqarmaq-istey\/#primaryimage"},"thumbnailUrl":"http:\/\/qtmm.org\/wp-content\/uploads\/2022\/01\/5_32.jpeg","datePublished":"2012-12-01T12:07:00+00:00","dateModified":"2022-01-23T12:08:30+00:00","breadcrumb":{"@id":"https:\/\/qtmm.org\/qt\/refat-cubarov-bir-gecede-eki-provokatsiyaqirimda-kim-ve-ne-sebepten-dava-ciqarmaq-istey\/#breadcrumb"},"inLanguage":"qt","potentialAction":[{"@type":"ReadAction","target":["https:\/\/qtmm.org\/qt\/refat-cubarov-bir-gecede-eki-provokatsiyaqirimda-kim-ve-ne-sebepten-dava-ciqarmaq-istey\/"]}]},{"@type":"ImageObject","inLanguage":"qt","@id":"https:\/\/qtmm.org\/qt\/refat-cubarov-bir-gecede-eki-provokatsiyaqirimda-kim-ve-ne-sebepten-dava-ciqarmaq-istey\/#primaryimage","url":"http:\/\/qtmm.org\/wp-content\/uploads\/2022\/01\/5_32.jpeg","contentUrl":"http:\/\/qtmm.org\/wp-content\/uploads\/2022\/01\/5_32.jpeg"},{"@type":"BreadcrumbList","@id":"https:\/\/qtmm.org\/qt\/refat-cubarov-bir-gecede-eki-provokatsiyaqirimda-kim-ve-ne-sebepten-dava-ciqarmaq-istey\/#breadcrumb","itemListElement":[{"@type":"ListItem","position":1,"name":"\u0413\u043e\u043b\u043e\u0432\u043d\u0430","item":"https:\/\/qtmm.org\/qt\/"},{"@type":"ListItem","position":2,"name":"Refat \u00c7ubarov: Bir gecede eki provokatsiya\u2026Q\u0131r\u0131mda kim ve ne sebepten dava \u00e7\u0131qarmaq istey?"}]},{"@type":"WebSite","@id":"https:\/\/qtmm.org\/qt\/#website","url":"https:\/\/qtmm.org\/qt\/","name":"\u041c\u0435\u0434\u0436\u043b\u0456\u0441","description":"","publisher":{"@id":"https:\/\/qtmm.org\/qt\/#organization"},"potentialAction":[{"@type":"SearchAction","target":{"@type":"EntryPoint","urlTemplate":"https:\/\/qtmm.org\/qt\/?s={search_term_string}"},"query-input":{"@type":"PropertyValueSpecification","valueRequired":true,"valueName":"search_term_string"}}],"inLanguage":"qt"},{"@type":"Organization","@id":"https:\/\/qtmm.org\/qt\/#organization","name":"\u041c\u0435\u0434\u0436\u043b\u0456\u0441","url":"https:\/\/qtmm.org\/qt\/","logo":{"@type":"ImageObject","inLanguage":"qt","@id":"https:\/\/qtmm.org\/qt\/#\/schema\/logo\/image\/","url":"https:\/\/qtmm.org\/wp-content\/uploads\/2024\/12\/ua-mejlis-logo-rgb.svg","contentUrl":"https:\/\/qtmm.org\/wp-content\/uploads\/2024\/12\/ua-mejlis-logo-rgb.svg","caption":"\u041c\u0435\u0434\u0436\u043b\u0456\u0441"},"image":{"@id":"https:\/\/qtmm.org\/qt\/#\/schema\/logo\/image\/"},"sameAs":["https:\/\/www.facebook.com\/qtmm.info\/"]},{"@type":"Person","@id":"https:\/\/qtmm.org\/qt\/#\/schema\/person\/de562469f971dec226ac06e60bbf74a7","name":"Developer","image":{"@type":"ImageObject","inLanguage":"qt","@id":"https:\/\/secure.gravatar.com\/avatar\/392b4cc8fbfeb00b39dfeeab4ee6edded39ffd48e25858637e4765810300227e?s=96&d=mm&r=g","url":"https:\/\/secure.gravatar.com\/avatar\/392b4cc8fbfeb00b39dfeeab4ee6edded39ffd48e25858637e4765810300227e?s=96&d=mm&r=g","contentUrl":"https:\/\/secure.gravatar.com\/avatar\/392b4cc8fbfeb00b39dfeeab4ee6edded39ffd48e25858637e4765810300227e?s=96&d=mm&r=g","caption":"Developer"},"url":"https:\/\/qtmm.org\/qt\/author\/Developer\/"}]}},"_links":{"self":[{"href":"https:\/\/qtmm.org\/qt\/wp-json\/wp\/v2\/posts\/35516","targetHints":{"allow":["GET"]}}],"collection":[{"href":"https:\/\/qtmm.org\/qt\/wp-json\/wp\/v2\/posts"}],"about":[{"href":"https:\/\/qtmm.org\/qt\/wp-json\/wp\/v2\/types\/post"}],"author":[{"embeddable":true,"href":"https:\/\/qtmm.org\/qt\/wp-json\/wp\/v2\/users\/1"}],"replies":[{"embeddable":true,"href":"https:\/\/qtmm.org\/qt\/wp-json\/wp\/v2\/comments?post=35516"}],"version-history":[{"count":1,"href":"https:\/\/qtmm.org\/qt\/wp-json\/wp\/v2\/posts\/35516\/revisions"}],"predecessor-version":[{"id":35521,"href":"https:\/\/qtmm.org\/qt\/wp-json\/wp\/v2\/posts\/35516\/revisions\/35521"}],"wp:attachment":[{"href":"https:\/\/qtmm.org\/qt\/wp-json\/wp\/v2\/media?parent=35516"}],"wp:term":[{"taxonomy":"category","embeddable":true,"href":"https:\/\/qtmm.org\/qt\/wp-json\/wp\/v2\/categories?post=35516"},{"taxonomy":"post_tag","embeddable":true,"href":"https:\/\/qtmm.org\/qt\/wp-json\/wp\/v2\/tags?post=35516"}],"curies":[{"name":"wp","href":"https:\/\/api.w.org\/{rel}","templated":true}]}}