




{"id":35502,"date":"2012-12-01T15:06:00","date_gmt":"2012-12-01T12:06:00","guid":{"rendered":"http:\/\/qtmm.org\/?p=35502"},"modified":"2022-01-23T15:07:23","modified_gmt":"2022-01-23T12:07:23","slug":"aqmescitte-buyuk-cuma-cami-qurulacaq-yerde-patlavlar-yuz-berdi","status":"publish","type":"post","link":"https:\/\/qtmm.org\/qt\/aqmescitte-buyuk-cuma-cami-qurulacaq-yerde-patlavlar-yuz-berdi\/","title":{"rendered":"Aqmescitte B\u00fcy\u00fck Cuma cami qurulacaq yerde patlavlar y\u00fcz berdi"},"content":{"rendered":"\n<p>2012 senesi dekabr 1 k\u00fcn\u00fc ta\u00f1da saat 5-te bellisiz \u015fah\u0131slar Aqmescitte B\u00fcy\u00fck Cuma cami qurulacaq yerde qaravul\u011fa tecavuz etip, patlay\u0131c\u0131 maddelernen tolu \u015fi\u015felerni att\u0131lar. \u015ei\u015felerni\u00f1 biri qaravuln\u0131\u00f1 vagon\u00e7\u0131\u011f\u0131na urul\u0131p, yan\u011f\u0131n ba\u015fland\u0131.<\/p>\n\n\n\n<p>Qaravul ate\u015fni s\u00f6nd\u00fcrip, Q\u0131r\u0131m musulmanlar\u0131n\u0131\u00f1 m\u00fcftisine haber berdi. Adise y\u00fcz bergen yerge ac\u0131 Emirali Ablayev ve Meclis reisini\u00f1 birinci muavini Refat \u00c7ubarov acele yetip keldiler.<\/p>\n\n\n\n<figure class=\"wp-block-image size-full\"><img loading=\"lazy\" decoding=\"async\" width=\"800\" height=\"600\" src=\"http:\/\/qtmm.org\/wp-content\/uploads\/2022\/01\/5_30.jpeg\" alt=\"\" class=\"wp-image-35507\" srcset=\"https:\/\/qtmm.org\/wp-content\/uploads\/2022\/01\/5_30.jpeg 800w, https:\/\/qtmm.org\/wp-content\/uploads\/2022\/01\/5_30-300x225.jpeg 300w, https:\/\/qtmm.org\/wp-content\/uploads\/2022\/01\/5_30-768x576.jpeg 768w\" sizes=\"auto, (max-width: 800px) 100vw, 800px\" \/><\/figure>\n\n\n\n<p>Qaravuln\u0131\u00f1 aytqan\u0131na k\u00f6re, patlavlar \u00f6yle k\u00fc\u00e7l\u00fc ol\u011fan ki, vagon\u00e7\u0131q divar\u0131nda as\u0131l\u0131 saat u\u00e7\u0131p t\u00fc\u015fken.<\/p>\n\n\n\n<p>Patlav aqq\u0131nda militsiya\u011fa haber etilgen so\u00f1, Meclis reisini\u00f1 birinci muavini Refat \u00c7ubarovn\u0131\u00f1 bildirgenine k\u00f6re patlav ol\u011fan yerge Ukraina \u0130\u00e7ki i\u015fler nazirligini\u00f1 Q\u0131r\u0131mdaki taqiqat\u00e7\u0131lar\u0131 da kelgenler.<\/p>\n\n\n\n<figure class=\"wp-block-image size-full\"><img loading=\"lazy\" decoding=\"async\" width=\"800\" height=\"600\" src=\"http:\/\/qtmm.org\/wp-content\/uploads\/2022\/01\/3_60.jpeg\" alt=\"\" class=\"wp-image-35511\" srcset=\"https:\/\/qtmm.org\/wp-content\/uploads\/2022\/01\/3_60.jpeg 800w, https:\/\/qtmm.org\/wp-content\/uploads\/2022\/01\/3_60-300x225.jpeg 300w, https:\/\/qtmm.org\/wp-content\/uploads\/2022\/01\/3_60-768x576.jpeg 768w\" sizes=\"auto, (max-width: 800px) 100vw, 800px\" \/><\/figure>\n","protected":false},"excerpt":{"rendered":"<p>2012 senesi dekabr 1 k\u00fcn\u00fc ta\u00f1da saat 5-te bellisiz \u015fah\u0131slar Aqmescitte B\u00fcy\u00fck Cuma cami qurulacaq yerde qaravul\u011fa tecavuz etip, patlay\u0131c\u0131 maddelernen tolu \u015fi\u015felerni att\u0131lar. \u015ei\u015felerni\u00f1 biri qaravuln\u0131\u00f1 vagon\u00e7\u0131\u011f\u0131na urul\u0131p, yan\u011f\u0131n ba\u015fland\u0131. Qaravul ate\u015fni s\u00f6nd\u00fcrip, Q\u0131r\u0131m musulmanlar\u0131n\u0131\u00f1 m\u00fcftisine haber berdi. Adise y\u00fcz bergen yerge ac\u0131 Emirali Ablayev ve Meclis reisini\u00f1 birinci muavini Refat \u00c7ubarov acele yetip [&hellip;]<\/p>\n","protected":false},"author":1,"featured_media":35503,"comment_status":"open","ping_status":"open","sticky":false,"template":"","format":"standard","meta":{"inline_featured_image":false,"footnotes":""},"categories":[265],"tags":[],"class_list":["post-35502","post","type-post","status-publish","format-standard","has-post-thumbnail","hentry","category-haberler"],"acf":[],"yoast_head":"<!-- This site is optimized with the Yoast SEO plugin v27.4 - https:\/\/yoast.com\/product\/yoast-seo-wordpress\/ -->\n<title>Aqmescitte B\u00fcy\u00fck Cuma cami qurulacaq yerde patlavlar y\u00fcz berdi - \u041c\u0435\u0434\u0436\u043b\u0456\u0441<\/title>\n<meta name=\"robots\" content=\"index, follow, max-snippet:-1, max-image-preview:large, max-video-preview:-1\" \/>\n<link rel=\"canonical\" href=\"https:\/\/qtmm.org\/qt\/aqmescitte-buyuk-cuma-cami-qurulacaq-yerde-patlavlar-yuz-berdi\/\" \/>\n<meta property=\"og:locale\" content=\"en_US\" \/>\n<meta property=\"og:type\" content=\"article\" \/>\n<meta property=\"og:title\" content=\"Aqmescitte B\u00fcy\u00fck Cuma cami qurulacaq yerde patlavlar y\u00fcz berdi - \u041c\u0435\u0434\u0436\u043b\u0456\u0441\" \/>\n<meta property=\"og:description\" content=\"2012 senesi dekabr 1 k\u00fcn\u00fc ta\u00f1da saat 5-te bellisiz \u015fah\u0131slar Aqmescitte B\u00fcy\u00fck Cuma cami qurulacaq yerde qaravul\u011fa tecavuz etip, patlay\u0131c\u0131 maddelernen tolu \u015fi\u015felerni att\u0131lar. \u015ei\u015felerni\u00f1 biri qaravuln\u0131\u00f1 vagon\u00e7\u0131\u011f\u0131na urul\u0131p, yan\u011f\u0131n ba\u015fland\u0131. Qaravul ate\u015fni s\u00f6nd\u00fcrip, Q\u0131r\u0131m musulmanlar\u0131n\u0131\u00f1 m\u00fcftisine haber berdi. Adise y\u00fcz bergen yerge ac\u0131 Emirali Ablayev ve Meclis reisini\u00f1 birinci muavini Refat \u00c7ubarov acele yetip [&hellip;]\" \/>\n<meta property=\"og:url\" content=\"https:\/\/qtmm.org\/qt\/aqmescitte-buyuk-cuma-cami-qurulacaq-yerde-patlavlar-yuz-berdi\/\" \/>\n<meta property=\"og:site_name\" content=\"\u041c\u0435\u0434\u0436\u043b\u0456\u0441\" \/>\n<meta property=\"article:publisher\" content=\"https:\/\/www.facebook.com\/qtmm.info\/\" \/>\n<meta property=\"article:published_time\" content=\"2012-12-01T12:06:00+00:00\" \/>\n<meta property=\"article:modified_time\" content=\"2022-01-23T12:07:23+00:00\" \/>\n<meta property=\"og:image\" content=\"https:\/\/qtmm.org\/wp-content\/uploads\/2022\/01\/uchastok_pod_djami_2-1.jpeg\" \/>\n\t<meta property=\"og:image:width\" content=\"650\" \/>\n\t<meta property=\"og:image:height\" content=\"400\" \/>\n\t<meta property=\"og:image:type\" content=\"image\/jpeg\" \/>\n<meta name=\"author\" content=\"Developer\" \/>\n<meta name=\"twitter:card\" content=\"summary_large_image\" \/>\n<meta name=\"twitter:label1\" content=\"Written by\" \/>\n\t<meta name=\"twitter:data1\" content=\"Developer\" \/>\n\t<meta name=\"twitter:label2\" content=\"Est. reading time\" \/>\n\t<meta name=\"twitter:data2\" content=\"1 minute\" \/>\n<script type=\"application\/ld+json\" class=\"yoast-schema-graph\">{\"@context\":\"https:\\\/\\\/schema.org\",\"@graph\":[{\"@type\":\"Article\",\"@id\":\"https:\\\/\\\/qtmm.org\\\/qt\\\/aqmescitte-buyuk-cuma-cami-qurulacaq-yerde-patlavlar-yuz-berdi\\\/#article\",\"isPartOf\":{\"@id\":\"https:\\\/\\\/qtmm.org\\\/qt\\\/aqmescitte-buyuk-cuma-cami-qurulacaq-yerde-patlavlar-yuz-berdi\\\/\"},\"author\":{\"name\":\"Developer\",\"@id\":\"https:\\\/\\\/qtmm.org\\\/qt\\\/#\\\/schema\\\/person\\\/de562469f971dec226ac06e60bbf74a7\"},\"headline\":\"Aqmescitte B\u00fcy\u00fck Cuma cami qurulacaq yerde patlavlar y\u00fcz berdi\",\"datePublished\":\"2012-12-01T12:06:00+00:00\",\"dateModified\":\"2022-01-23T12:07:23+00:00\",\"mainEntityOfPage\":{\"@id\":\"https:\\\/\\\/qtmm.org\\\/qt\\\/aqmescitte-buyuk-cuma-cami-qurulacaq-yerde-patlavlar-yuz-berdi\\\/\"},\"wordCount\":144,\"commentCount\":0,\"publisher\":{\"@id\":\"https:\\\/\\\/qtmm.org\\\/qt\\\/#organization\"},\"image\":{\"@id\":\"https:\\\/\\\/qtmm.org\\\/qt\\\/aqmescitte-buyuk-cuma-cami-qurulacaq-yerde-patlavlar-yuz-berdi\\\/#primaryimage\"},\"thumbnailUrl\":\"https:\\\/\\\/qtmm.org\\\/wp-content\\\/uploads\\\/2022\\\/01\\\/uchastok_pod_djami_2-1.jpeg\",\"articleSection\":[\"Haberler\"],\"inLanguage\":\"qt\",\"potentialAction\":[{\"@type\":\"CommentAction\",\"name\":\"Comment\",\"target\":[\"https:\\\/\\\/qtmm.org\\\/qt\\\/aqmescitte-buyuk-cuma-cami-qurulacaq-yerde-patlavlar-yuz-berdi\\\/#respond\"]}]},{\"@type\":\"WebPage\",\"@id\":\"https:\\\/\\\/qtmm.org\\\/qt\\\/aqmescitte-buyuk-cuma-cami-qurulacaq-yerde-patlavlar-yuz-berdi\\\/\",\"url\":\"https:\\\/\\\/qtmm.org\\\/qt\\\/aqmescitte-buyuk-cuma-cami-qurulacaq-yerde-patlavlar-yuz-berdi\\\/\",\"name\":\"Aqmescitte B\u00fcy\u00fck Cuma cami qurulacaq yerde patlavlar y\u00fcz berdi - \u041c\u0435\u0434\u0436\u043b\u0456\u0441\",\"isPartOf\":{\"@id\":\"https:\\\/\\\/qtmm.org\\\/qt\\\/#website\"},\"primaryImageOfPage\":{\"@id\":\"https:\\\/\\\/qtmm.org\\\/qt\\\/aqmescitte-buyuk-cuma-cami-qurulacaq-yerde-patlavlar-yuz-berdi\\\/#primaryimage\"},\"image\":{\"@id\":\"https:\\\/\\\/qtmm.org\\\/qt\\\/aqmescitte-buyuk-cuma-cami-qurulacaq-yerde-patlavlar-yuz-berdi\\\/#primaryimage\"},\"thumbnailUrl\":\"https:\\\/\\\/qtmm.org\\\/wp-content\\\/uploads\\\/2022\\\/01\\\/uchastok_pod_djami_2-1.jpeg\",\"datePublished\":\"2012-12-01T12:06:00+00:00\",\"dateModified\":\"2022-01-23T12:07:23+00:00\",\"breadcrumb\":{\"@id\":\"https:\\\/\\\/qtmm.org\\\/qt\\\/aqmescitte-buyuk-cuma-cami-qurulacaq-yerde-patlavlar-yuz-berdi\\\/#breadcrumb\"},\"inLanguage\":\"qt\",\"potentialAction\":[{\"@type\":\"ReadAction\",\"target\":[\"https:\\\/\\\/qtmm.org\\\/qt\\\/aqmescitte-buyuk-cuma-cami-qurulacaq-yerde-patlavlar-yuz-berdi\\\/\"]}]},{\"@type\":\"ImageObject\",\"inLanguage\":\"qt\",\"@id\":\"https:\\\/\\\/qtmm.org\\\/qt\\\/aqmescitte-buyuk-cuma-cami-qurulacaq-yerde-patlavlar-yuz-berdi\\\/#primaryimage\",\"url\":\"https:\\\/\\\/qtmm.org\\\/wp-content\\\/uploads\\\/2022\\\/01\\\/uchastok_pod_djami_2-1.jpeg\",\"contentUrl\":\"https:\\\/\\\/qtmm.org\\\/wp-content\\\/uploads\\\/2022\\\/01\\\/uchastok_pod_djami_2-1.jpeg\",\"width\":650,\"height\":400},{\"@type\":\"BreadcrumbList\",\"@id\":\"https:\\\/\\\/qtmm.org\\\/qt\\\/aqmescitte-buyuk-cuma-cami-qurulacaq-yerde-patlavlar-yuz-berdi\\\/#breadcrumb\",\"itemListElement\":[{\"@type\":\"ListItem\",\"position\":1,\"name\":\"\u0413\u043e\u043b\u043e\u0432\u043d\u0430\",\"item\":\"https:\\\/\\\/qtmm.org\\\/qt\\\/\"},{\"@type\":\"ListItem\",\"position\":2,\"name\":\"Aqmescitte B\u00fcy\u00fck Cuma cami qurulacaq yerde patlavlar y\u00fcz berdi\"}]},{\"@type\":\"WebSite\",\"@id\":\"https:\\\/\\\/qtmm.org\\\/qt\\\/#website\",\"url\":\"https:\\\/\\\/qtmm.org\\\/qt\\\/\",\"name\":\"\u041c\u0435\u0434\u0436\u043b\u0456\u0441\",\"description\":\"\",\"publisher\":{\"@id\":\"https:\\\/\\\/qtmm.org\\\/qt\\\/#organization\"},\"potentialAction\":[{\"@type\":\"SearchAction\",\"target\":{\"@type\":\"EntryPoint\",\"urlTemplate\":\"https:\\\/\\\/qtmm.org\\\/qt\\\/?s={search_term_string}\"},\"query-input\":{\"@type\":\"PropertyValueSpecification\",\"valueRequired\":true,\"valueName\":\"search_term_string\"}}],\"inLanguage\":\"qt\"},{\"@type\":\"Organization\",\"@id\":\"https:\\\/\\\/qtmm.org\\\/qt\\\/#organization\",\"name\":\"\u041c\u0435\u0434\u0436\u043b\u0456\u0441\",\"url\":\"https:\\\/\\\/qtmm.org\\\/qt\\\/\",\"logo\":{\"@type\":\"ImageObject\",\"inLanguage\":\"qt\",\"@id\":\"https:\\\/\\\/qtmm.org\\\/qt\\\/#\\\/schema\\\/logo\\\/image\\\/\",\"url\":\"https:\\\/\\\/qtmm.org\\\/wp-content\\\/uploads\\\/2024\\\/12\\\/ua-mejlis-logo-rgb.svg\",\"contentUrl\":\"https:\\\/\\\/qtmm.org\\\/wp-content\\\/uploads\\\/2024\\\/12\\\/ua-mejlis-logo-rgb.svg\",\"caption\":\"\u041c\u0435\u0434\u0436\u043b\u0456\u0441\"},\"image\":{\"@id\":\"https:\\\/\\\/qtmm.org\\\/qt\\\/#\\\/schema\\\/logo\\\/image\\\/\"},\"sameAs\":[\"https:\\\/\\\/www.facebook.com\\\/qtmm.info\\\/\"]},{\"@type\":\"Person\",\"@id\":\"https:\\\/\\\/qtmm.org\\\/qt\\\/#\\\/schema\\\/person\\\/de562469f971dec226ac06e60bbf74a7\",\"name\":\"Developer\",\"image\":{\"@type\":\"ImageObject\",\"inLanguage\":\"qt\",\"@id\":\"https:\\\/\\\/secure.gravatar.com\\\/avatar\\\/392b4cc8fbfeb00b39dfeeab4ee6edded39ffd48e25858637e4765810300227e?s=96&d=mm&r=g\",\"url\":\"https:\\\/\\\/secure.gravatar.com\\\/avatar\\\/392b4cc8fbfeb00b39dfeeab4ee6edded39ffd48e25858637e4765810300227e?s=96&d=mm&r=g\",\"contentUrl\":\"https:\\\/\\\/secure.gravatar.com\\\/avatar\\\/392b4cc8fbfeb00b39dfeeab4ee6edded39ffd48e25858637e4765810300227e?s=96&d=mm&r=g\",\"caption\":\"Developer\"},\"url\":\"https:\\\/\\\/qtmm.org\\\/qt\\\/author\\\/Developer\\\/\"}]}<\/script>\n<!-- \/ Yoast SEO plugin. -->","yoast_head_json":{"title":"Aqmescitte B\u00fcy\u00fck Cuma cami qurulacaq yerde patlavlar y\u00fcz berdi - \u041c\u0435\u0434\u0436\u043b\u0456\u0441","robots":{"index":"index","follow":"follow","max-snippet":"max-snippet:-1","max-image-preview":"max-image-preview:large","max-video-preview":"max-video-preview:-1"},"canonical":"https:\/\/qtmm.org\/qt\/aqmescitte-buyuk-cuma-cami-qurulacaq-yerde-patlavlar-yuz-berdi\/","og_locale":"en_US","og_type":"article","og_title":"Aqmescitte B\u00fcy\u00fck Cuma cami qurulacaq yerde patlavlar y\u00fcz berdi - \u041c\u0435\u0434\u0436\u043b\u0456\u0441","og_description":"2012 senesi dekabr 1 k\u00fcn\u00fc ta\u00f1da saat 5-te bellisiz \u015fah\u0131slar Aqmescitte B\u00fcy\u00fck Cuma cami qurulacaq yerde qaravul\u011fa tecavuz etip, patlay\u0131c\u0131 maddelernen tolu \u015fi\u015felerni att\u0131lar. \u015ei\u015felerni\u00f1 biri qaravuln\u0131\u00f1 vagon\u00e7\u0131\u011f\u0131na urul\u0131p, yan\u011f\u0131n ba\u015fland\u0131. Qaravul ate\u015fni s\u00f6nd\u00fcrip, Q\u0131r\u0131m musulmanlar\u0131n\u0131\u00f1 m\u00fcftisine haber berdi. Adise y\u00fcz bergen yerge ac\u0131 Emirali Ablayev ve Meclis reisini\u00f1 birinci muavini Refat \u00c7ubarov acele yetip [&hellip;]","og_url":"https:\/\/qtmm.org\/qt\/aqmescitte-buyuk-cuma-cami-qurulacaq-yerde-patlavlar-yuz-berdi\/","og_site_name":"\u041c\u0435\u0434\u0436\u043b\u0456\u0441","article_publisher":"https:\/\/www.facebook.com\/qtmm.info\/","article_published_time":"2012-12-01T12:06:00+00:00","article_modified_time":"2022-01-23T12:07:23+00:00","og_image":[{"width":650,"height":400,"url":"https:\/\/qtmm.org\/wp-content\/uploads\/2022\/01\/uchastok_pod_djami_2-1.jpeg","type":"image\/jpeg"}],"author":"Developer","twitter_card":"summary_large_image","twitter_misc":{"Written by":"Developer","Est. reading time":"1 minute"},"schema":{"@context":"https:\/\/schema.org","@graph":[{"@type":"Article","@id":"https:\/\/qtmm.org\/qt\/aqmescitte-buyuk-cuma-cami-qurulacaq-yerde-patlavlar-yuz-berdi\/#article","isPartOf":{"@id":"https:\/\/qtmm.org\/qt\/aqmescitte-buyuk-cuma-cami-qurulacaq-yerde-patlavlar-yuz-berdi\/"},"author":{"name":"Developer","@id":"https:\/\/qtmm.org\/qt\/#\/schema\/person\/de562469f971dec226ac06e60bbf74a7"},"headline":"Aqmescitte B\u00fcy\u00fck Cuma cami qurulacaq yerde patlavlar y\u00fcz berdi","datePublished":"2012-12-01T12:06:00+00:00","dateModified":"2022-01-23T12:07:23+00:00","mainEntityOfPage":{"@id":"https:\/\/qtmm.org\/qt\/aqmescitte-buyuk-cuma-cami-qurulacaq-yerde-patlavlar-yuz-berdi\/"},"wordCount":144,"commentCount":0,"publisher":{"@id":"https:\/\/qtmm.org\/qt\/#organization"},"image":{"@id":"https:\/\/qtmm.org\/qt\/aqmescitte-buyuk-cuma-cami-qurulacaq-yerde-patlavlar-yuz-berdi\/#primaryimage"},"thumbnailUrl":"https:\/\/qtmm.org\/wp-content\/uploads\/2022\/01\/uchastok_pod_djami_2-1.jpeg","articleSection":["Haberler"],"inLanguage":"qt","potentialAction":[{"@type":"CommentAction","name":"Comment","target":["https:\/\/qtmm.org\/qt\/aqmescitte-buyuk-cuma-cami-qurulacaq-yerde-patlavlar-yuz-berdi\/#respond"]}]},{"@type":"WebPage","@id":"https:\/\/qtmm.org\/qt\/aqmescitte-buyuk-cuma-cami-qurulacaq-yerde-patlavlar-yuz-berdi\/","url":"https:\/\/qtmm.org\/qt\/aqmescitte-buyuk-cuma-cami-qurulacaq-yerde-patlavlar-yuz-berdi\/","name":"Aqmescitte B\u00fcy\u00fck Cuma cami qurulacaq yerde patlavlar y\u00fcz berdi - \u041c\u0435\u0434\u0436\u043b\u0456\u0441","isPartOf":{"@id":"https:\/\/qtmm.org\/qt\/#website"},"primaryImageOfPage":{"@id":"https:\/\/qtmm.org\/qt\/aqmescitte-buyuk-cuma-cami-qurulacaq-yerde-patlavlar-yuz-berdi\/#primaryimage"},"image":{"@id":"https:\/\/qtmm.org\/qt\/aqmescitte-buyuk-cuma-cami-qurulacaq-yerde-patlavlar-yuz-berdi\/#primaryimage"},"thumbnailUrl":"https:\/\/qtmm.org\/wp-content\/uploads\/2022\/01\/uchastok_pod_djami_2-1.jpeg","datePublished":"2012-12-01T12:06:00+00:00","dateModified":"2022-01-23T12:07:23+00:00","breadcrumb":{"@id":"https:\/\/qtmm.org\/qt\/aqmescitte-buyuk-cuma-cami-qurulacaq-yerde-patlavlar-yuz-berdi\/#breadcrumb"},"inLanguage":"qt","potentialAction":[{"@type":"ReadAction","target":["https:\/\/qtmm.org\/qt\/aqmescitte-buyuk-cuma-cami-qurulacaq-yerde-patlavlar-yuz-berdi\/"]}]},{"@type":"ImageObject","inLanguage":"qt","@id":"https:\/\/qtmm.org\/qt\/aqmescitte-buyuk-cuma-cami-qurulacaq-yerde-patlavlar-yuz-berdi\/#primaryimage","url":"https:\/\/qtmm.org\/wp-content\/uploads\/2022\/01\/uchastok_pod_djami_2-1.jpeg","contentUrl":"https:\/\/qtmm.org\/wp-content\/uploads\/2022\/01\/uchastok_pod_djami_2-1.jpeg","width":650,"height":400},{"@type":"BreadcrumbList","@id":"https:\/\/qtmm.org\/qt\/aqmescitte-buyuk-cuma-cami-qurulacaq-yerde-patlavlar-yuz-berdi\/#breadcrumb","itemListElement":[{"@type":"ListItem","position":1,"name":"\u0413\u043e\u043b\u043e\u0432\u043d\u0430","item":"https:\/\/qtmm.org\/qt\/"},{"@type":"ListItem","position":2,"name":"Aqmescitte B\u00fcy\u00fck Cuma cami qurulacaq yerde patlavlar y\u00fcz berdi"}]},{"@type":"WebSite","@id":"https:\/\/qtmm.org\/qt\/#website","url":"https:\/\/qtmm.org\/qt\/","name":"\u041c\u0435\u0434\u0436\u043b\u0456\u0441","description":"","publisher":{"@id":"https:\/\/qtmm.org\/qt\/#organization"},"potentialAction":[{"@type":"SearchAction","target":{"@type":"EntryPoint","urlTemplate":"https:\/\/qtmm.org\/qt\/?s={search_term_string}"},"query-input":{"@type":"PropertyValueSpecification","valueRequired":true,"valueName":"search_term_string"}}],"inLanguage":"qt"},{"@type":"Organization","@id":"https:\/\/qtmm.org\/qt\/#organization","name":"\u041c\u0435\u0434\u0436\u043b\u0456\u0441","url":"https:\/\/qtmm.org\/qt\/","logo":{"@type":"ImageObject","inLanguage":"qt","@id":"https:\/\/qtmm.org\/qt\/#\/schema\/logo\/image\/","url":"https:\/\/qtmm.org\/wp-content\/uploads\/2024\/12\/ua-mejlis-logo-rgb.svg","contentUrl":"https:\/\/qtmm.org\/wp-content\/uploads\/2024\/12\/ua-mejlis-logo-rgb.svg","caption":"\u041c\u0435\u0434\u0436\u043b\u0456\u0441"},"image":{"@id":"https:\/\/qtmm.org\/qt\/#\/schema\/logo\/image\/"},"sameAs":["https:\/\/www.facebook.com\/qtmm.info\/"]},{"@type":"Person","@id":"https:\/\/qtmm.org\/qt\/#\/schema\/person\/de562469f971dec226ac06e60bbf74a7","name":"Developer","image":{"@type":"ImageObject","inLanguage":"qt","@id":"https:\/\/secure.gravatar.com\/avatar\/392b4cc8fbfeb00b39dfeeab4ee6edded39ffd48e25858637e4765810300227e?s=96&d=mm&r=g","url":"https:\/\/secure.gravatar.com\/avatar\/392b4cc8fbfeb00b39dfeeab4ee6edded39ffd48e25858637e4765810300227e?s=96&d=mm&r=g","contentUrl":"https:\/\/secure.gravatar.com\/avatar\/392b4cc8fbfeb00b39dfeeab4ee6edded39ffd48e25858637e4765810300227e?s=96&d=mm&r=g","caption":"Developer"},"url":"https:\/\/qtmm.org\/qt\/author\/Developer\/"}]}},"_links":{"self":[{"href":"https:\/\/qtmm.org\/qt\/wp-json\/wp\/v2\/posts\/35502","targetHints":{"allow":["GET"]}}],"collection":[{"href":"https:\/\/qtmm.org\/qt\/wp-json\/wp\/v2\/posts"}],"about":[{"href":"https:\/\/qtmm.org\/qt\/wp-json\/wp\/v2\/types\/post"}],"author":[{"embeddable":true,"href":"https:\/\/qtmm.org\/qt\/wp-json\/wp\/v2\/users\/1"}],"replies":[{"embeddable":true,"href":"https:\/\/qtmm.org\/qt\/wp-json\/wp\/v2\/comments?post=35502"}],"version-history":[{"count":1,"href":"https:\/\/qtmm.org\/qt\/wp-json\/wp\/v2\/posts\/35502\/revisions"}],"predecessor-version":[{"id":35515,"href":"https:\/\/qtmm.org\/qt\/wp-json\/wp\/v2\/posts\/35502\/revisions\/35515"}],"wp:featuredmedia":[{"embeddable":true,"href":"https:\/\/qtmm.org\/qt\/wp-json\/wp\/v2\/media\/35503"}],"wp:attachment":[{"href":"https:\/\/qtmm.org\/qt\/wp-json\/wp\/v2\/media?parent=35502"}],"wp:term":[{"taxonomy":"category","embeddable":true,"href":"https:\/\/qtmm.org\/qt\/wp-json\/wp\/v2\/categories?post=35502"},{"taxonomy":"post_tag","embeddable":true,"href":"https:\/\/qtmm.org\/qt\/wp-json\/wp\/v2\/tags?post=35502"}],"curies":[{"name":"wp","href":"https:\/\/api.w.org\/{rel}","templated":true}]}}