




{"id":35500,"date":"2012-11-30T15:05:00","date_gmt":"2012-11-30T12:05:00","guid":{"rendered":"http:\/\/qtmm.org\/?p=35500"},"modified":"2022-01-23T15:05:53","modified_gmt":"2022-01-23T12:05:53","slug":"meclis-reisinin-birinci-muavini-refat-cubarov-oleg-rodivilovnin-aqaretleyici-sozleri-boyunca-prokuraturaga-muracaat-etmek-meraminda","status":"publish","type":"post","link":"https:\/\/qtmm.org\/qt\/meclis-reisinin-birinci-muavini-refat-cubarov-oleg-rodivilovnin-aqaretleyici-sozleri-boyunca-prokuraturaga-muracaat-etmek-meraminda\/","title":{"rendered":"Meclis reisini\u00f1 birinci muavini Refat \u00c7ubarov \u00d6leg Rodivilovn\u0131\u00f1 aqaretleyici s\u00f6zleri boyunca prokuratura\u011fa muracaat etmek meram\u0131nda"},"content":{"rendered":"\n<p>Meclis reisini\u00f1 birinci muavini Refat \u00c7ubarov &#8220;Russkiy blok&#8221; partiyas\u0131 Q\u0131r\u0131m te\u015fkil\u00e2t\u0131n\u0131\u00f1 ba\u015f\u0131 \u00d6leg Rodivilovn\u0131\u00f1 aqaretleyici s\u00f6zleri boyunca prokuratura\u011fa muracaat etmek meram\u0131nda, dep haber ete&nbsp;<a href=\"http:\/\/reeana.com\/\" target=\"_blank\" rel=\"noreferrer noopener\">http:\/\/reeana.com\/<\/a><br><br>Noyabr 29 k\u00fcn\u00fc &#8220;Kr\u0131m&#8221; DTRK efirinde &#8220;A\u00e7\u0131q siyaset&#8221; tok\u2013\u015fous\u0131nda radikal \u011fayeleri sebebinden bir s\u0131ra devletlerde yasaq etilgen &#8220;Hizb ut-Tahrir&#8221; firqas\u0131n\u0131\u00f1 faaliyeti muzakere etildi. Yay\u0131n\u011fa &#8220;Hizb-ut Tahrir&#8221; firqas\u0131n\u0131\u00f1 azalar\u0131 ve bun\u0131\u00f1 kibi de Meclis reisini\u00f1 birinci muavini Refat \u00c7ubarov, Ba\u011f\u00e7asaray regional meclis reisi Ahtem \u00c7iygoz, Q\u0131r\u0131m Yuqar\u0131 \u015euras\u0131n\u0131\u00f1 deputat\u0131 Sergey Aks\u00f6nov davet etildiler. Studiyada bulun\u011fan &#8220;Russkiy blok&#8221; partiyas\u0131 Q\u0131r\u0131m te\u015fkil\u00e2t\u0131n\u0131\u00f1 ba\u015f\u0131 \u00d6leg Rodivilov \u00f6z \u00e7\u0131q\u0131\u015f\u0131nda tok-\u015fou\u011fa &#8220;qanuns\u0131zlar ziyafeti&#8221; diye q\u0131ymet kesip, Aqmescit rayon\u0131 Sarayl\u0131 Q\u0131yat qasabas\u0131nda \u00f6z ba\u015f\u0131na topraq al\u011fanlarn\u0131 tezden &#8220;senekler \u00fcst\u00fcnde al\u0131p \u00e7\u0131qarlar&#8221; dedi.<\/p>\n\n\n\n<p>Bu \u00e7\u0131q\u0131\u015fqa cevap olaraq Q\u0131r\u0131m Yuqar\u0131 \u015euras\u0131n\u0131\u00f1 deputat\u0131 Refat \u00c7ubarov \u00d6leg Rodivilovn\u0131\u00f1 aqaretleyici s\u00f6zleri boyunca prokuratura\u011fa muracaat etecegini bildirdi.<\/p>\n\n\n\n<p>Bun\u0131\u00f1 kibi de Refat \u00c7ubarov q\u0131r\u0131mtatar toplum\u0131 i\u00e7inde b\u00f6yle b\u00f6l\u00fcn\u00fcvler ol\u011fanda akimiyet ba\u015f\u0131na \u00e7e\u015fit al\u00e7aqlar kele, dedi.<\/p>\n","protected":false},"excerpt":{"rendered":"<p>Meclis reisini\u00f1 birinci muavini Refat \u00c7ubarov &#8220;Russkiy blok&#8221; partiyas\u0131 Q\u0131r\u0131m te\u015fkil\u00e2t\u0131n\u0131\u00f1 ba\u015f\u0131 \u00d6leg Rodivilovn\u0131\u00f1 aqaretleyici s\u00f6zleri boyunca prokuratura\u011fa muracaat etmek meram\u0131nda, dep haber ete&nbsp;http:\/\/reeana.com\/ Noyabr 29 k\u00fcn\u00fc &#8220;Kr\u0131m&#8221; DTRK efirinde &#8220;A\u00e7\u0131q siyaset&#8221; tok\u2013\u015fous\u0131nda radikal \u011fayeleri sebebinden bir s\u0131ra devletlerde yasaq etilgen &#8220;Hizb ut-Tahrir&#8221; firqas\u0131n\u0131\u00f1 faaliyeti muzakere etildi. Yay\u0131n\u011fa &#8220;Hizb-ut Tahrir&#8221; firqas\u0131n\u0131\u00f1 azalar\u0131 ve bun\u0131\u00f1 kibi [&hellip;]<\/p>\n","protected":false},"author":1,"featured_media":0,"comment_status":"open","ping_status":"open","sticky":false,"template":"","format":"standard","meta":{"inline_featured_image":false,"footnotes":""},"categories":[265],"tags":[],"class_list":["post-35500","post","type-post","status-publish","format-standard","hentry","category-haberler"],"acf":[],"yoast_head":"<!-- This site is optimized with the Yoast SEO plugin v27.4 - https:\/\/yoast.com\/product\/yoast-seo-wordpress\/ -->\n<title>Meclis reisini\u00f1 birinci muavini Refat \u00c7ubarov \u00d6leg Rodivilovn\u0131\u00f1 aqaretleyici s\u00f6zleri boyunca prokuratura\u011fa muracaat etmek meram\u0131nda - \u041c\u0435\u0434\u0436\u043b\u0456\u0441<\/title>\n<meta name=\"robots\" content=\"index, follow, max-snippet:-1, max-image-preview:large, max-video-preview:-1\" \/>\n<link rel=\"canonical\" href=\"https:\/\/qtmm.org\/qt\/meclis-reisinin-birinci-muavini-refat-cubarov-oleg-rodivilovnin-aqaretleyici-sozleri-boyunca-prokuraturaga-muracaat-etmek-meraminda\/\" \/>\n<meta property=\"og:locale\" content=\"en_US\" \/>\n<meta property=\"og:type\" content=\"article\" \/>\n<meta property=\"og:title\" content=\"Meclis reisini\u00f1 birinci muavini Refat \u00c7ubarov \u00d6leg Rodivilovn\u0131\u00f1 aqaretleyici s\u00f6zleri boyunca prokuratura\u011fa muracaat etmek meram\u0131nda - \u041c\u0435\u0434\u0436\u043b\u0456\u0441\" \/>\n<meta property=\"og:description\" content=\"Meclis reisini\u00f1 birinci muavini Refat \u00c7ubarov &#8220;Russkiy blok&#8221; partiyas\u0131 Q\u0131r\u0131m te\u015fkil\u00e2t\u0131n\u0131\u00f1 ba\u015f\u0131 \u00d6leg Rodivilovn\u0131\u00f1 aqaretleyici s\u00f6zleri boyunca prokuratura\u011fa muracaat etmek meram\u0131nda, dep haber ete&nbsp;http:\/\/reeana.com\/ Noyabr 29 k\u00fcn\u00fc &#8220;Kr\u0131m&#8221; DTRK efirinde &#8220;A\u00e7\u0131q siyaset&#8221; tok\u2013\u015fous\u0131nda radikal \u011fayeleri sebebinden bir s\u0131ra devletlerde yasaq etilgen &#8220;Hizb ut-Tahrir&#8221; firqas\u0131n\u0131\u00f1 faaliyeti muzakere etildi. Yay\u0131n\u011fa &#8220;Hizb-ut Tahrir&#8221; firqas\u0131n\u0131\u00f1 azalar\u0131 ve bun\u0131\u00f1 kibi [&hellip;]\" \/>\n<meta property=\"og:url\" content=\"https:\/\/qtmm.org\/qt\/meclis-reisinin-birinci-muavini-refat-cubarov-oleg-rodivilovnin-aqaretleyici-sozleri-boyunca-prokuraturaga-muracaat-etmek-meraminda\/\" \/>\n<meta property=\"og:site_name\" content=\"\u041c\u0435\u0434\u0436\u043b\u0456\u0441\" \/>\n<meta property=\"article:publisher\" content=\"https:\/\/www.facebook.com\/qtmm.info\/\" \/>\n<meta property=\"article:published_time\" content=\"2012-11-30T12:05:00+00:00\" \/>\n<meta property=\"article:modified_time\" content=\"2022-01-23T12:05:53+00:00\" \/>\n<meta name=\"author\" content=\"Developer\" \/>\n<meta name=\"twitter:card\" content=\"summary_large_image\" \/>\n<meta name=\"twitter:label1\" content=\"Written by\" \/>\n\t<meta name=\"twitter:data1\" content=\"Developer\" \/>\n\t<meta name=\"twitter:label2\" content=\"Est. reading time\" \/>\n\t<meta name=\"twitter:data2\" content=\"1 minute\" \/>\n<script type=\"application\/ld+json\" class=\"yoast-schema-graph\">{\"@context\":\"https:\\\/\\\/schema.org\",\"@graph\":[{\"@type\":\"Article\",\"@id\":\"https:\\\/\\\/qtmm.org\\\/qt\\\/meclis-reisinin-birinci-muavini-refat-cubarov-oleg-rodivilovnin-aqaretleyici-sozleri-boyunca-prokuraturaga-muracaat-etmek-meraminda\\\/#article\",\"isPartOf\":{\"@id\":\"https:\\\/\\\/qtmm.org\\\/qt\\\/meclis-reisinin-birinci-muavini-refat-cubarov-oleg-rodivilovnin-aqaretleyici-sozleri-boyunca-prokuraturaga-muracaat-etmek-meraminda\\\/\"},\"author\":{\"name\":\"Developer\",\"@id\":\"https:\\\/\\\/qtmm.org\\\/qt\\\/#\\\/schema\\\/person\\\/de562469f971dec226ac06e60bbf74a7\"},\"headline\":\"Meclis reisini\u00f1 birinci muavini Refat \u00c7ubarov \u00d6leg Rodivilovn\u0131\u00f1 aqaretleyici s\u00f6zleri boyunca prokuratura\u011fa muracaat etmek meram\u0131nda\",\"datePublished\":\"2012-11-30T12:05:00+00:00\",\"dateModified\":\"2022-01-23T12:05:53+00:00\",\"mainEntityOfPage\":{\"@id\":\"https:\\\/\\\/qtmm.org\\\/qt\\\/meclis-reisinin-birinci-muavini-refat-cubarov-oleg-rodivilovnin-aqaretleyici-sozleri-boyunca-prokuraturaga-muracaat-etmek-meraminda\\\/\"},\"wordCount\":223,\"commentCount\":0,\"publisher\":{\"@id\":\"https:\\\/\\\/qtmm.org\\\/qt\\\/#organization\"},\"articleSection\":[\"Haberler\"],\"inLanguage\":\"qt\",\"potentialAction\":[{\"@type\":\"CommentAction\",\"name\":\"Comment\",\"target\":[\"https:\\\/\\\/qtmm.org\\\/qt\\\/meclis-reisinin-birinci-muavini-refat-cubarov-oleg-rodivilovnin-aqaretleyici-sozleri-boyunca-prokuraturaga-muracaat-etmek-meraminda\\\/#respond\"]}]},{\"@type\":\"WebPage\",\"@id\":\"https:\\\/\\\/qtmm.org\\\/qt\\\/meclis-reisinin-birinci-muavini-refat-cubarov-oleg-rodivilovnin-aqaretleyici-sozleri-boyunca-prokuraturaga-muracaat-etmek-meraminda\\\/\",\"url\":\"https:\\\/\\\/qtmm.org\\\/qt\\\/meclis-reisinin-birinci-muavini-refat-cubarov-oleg-rodivilovnin-aqaretleyici-sozleri-boyunca-prokuraturaga-muracaat-etmek-meraminda\\\/\",\"name\":\"Meclis reisini\u00f1 birinci muavini Refat \u00c7ubarov \u00d6leg Rodivilovn\u0131\u00f1 aqaretleyici s\u00f6zleri boyunca prokuratura\u011fa muracaat etmek meram\u0131nda - \u041c\u0435\u0434\u0436\u043b\u0456\u0441\",\"isPartOf\":{\"@id\":\"https:\\\/\\\/qtmm.org\\\/qt\\\/#website\"},\"datePublished\":\"2012-11-30T12:05:00+00:00\",\"dateModified\":\"2022-01-23T12:05:53+00:00\",\"breadcrumb\":{\"@id\":\"https:\\\/\\\/qtmm.org\\\/qt\\\/meclis-reisinin-birinci-muavini-refat-cubarov-oleg-rodivilovnin-aqaretleyici-sozleri-boyunca-prokuraturaga-muracaat-etmek-meraminda\\\/#breadcrumb\"},\"inLanguage\":\"qt\",\"potentialAction\":[{\"@type\":\"ReadAction\",\"target\":[\"https:\\\/\\\/qtmm.org\\\/qt\\\/meclis-reisinin-birinci-muavini-refat-cubarov-oleg-rodivilovnin-aqaretleyici-sozleri-boyunca-prokuraturaga-muracaat-etmek-meraminda\\\/\"]}]},{\"@type\":\"BreadcrumbList\",\"@id\":\"https:\\\/\\\/qtmm.org\\\/qt\\\/meclis-reisinin-birinci-muavini-refat-cubarov-oleg-rodivilovnin-aqaretleyici-sozleri-boyunca-prokuraturaga-muracaat-etmek-meraminda\\\/#breadcrumb\",\"itemListElement\":[{\"@type\":\"ListItem\",\"position\":1,\"name\":\"\u0413\u043e\u043b\u043e\u0432\u043d\u0430\",\"item\":\"https:\\\/\\\/qtmm.org\\\/qt\\\/\"},{\"@type\":\"ListItem\",\"position\":2,\"name\":\"Meclis reisini\u00f1 birinci muavini Refat \u00c7ubarov \u00d6leg Rodivilovn\u0131\u00f1 aqaretleyici s\u00f6zleri boyunca prokuratura\u011fa muracaat etmek meram\u0131nda\"}]},{\"@type\":\"WebSite\",\"@id\":\"https:\\\/\\\/qtmm.org\\\/qt\\\/#website\",\"url\":\"https:\\\/\\\/qtmm.org\\\/qt\\\/\",\"name\":\"\u041c\u0435\u0434\u0436\u043b\u0456\u0441\",\"description\":\"\",\"publisher\":{\"@id\":\"https:\\\/\\\/qtmm.org\\\/qt\\\/#organization\"},\"potentialAction\":[{\"@type\":\"SearchAction\",\"target\":{\"@type\":\"EntryPoint\",\"urlTemplate\":\"https:\\\/\\\/qtmm.org\\\/qt\\\/?s={search_term_string}\"},\"query-input\":{\"@type\":\"PropertyValueSpecification\",\"valueRequired\":true,\"valueName\":\"search_term_string\"}}],\"inLanguage\":\"qt\"},{\"@type\":\"Organization\",\"@id\":\"https:\\\/\\\/qtmm.org\\\/qt\\\/#organization\",\"name\":\"\u041c\u0435\u0434\u0436\u043b\u0456\u0441\",\"url\":\"https:\\\/\\\/qtmm.org\\\/qt\\\/\",\"logo\":{\"@type\":\"ImageObject\",\"inLanguage\":\"qt\",\"@id\":\"https:\\\/\\\/qtmm.org\\\/qt\\\/#\\\/schema\\\/logo\\\/image\\\/\",\"url\":\"https:\\\/\\\/qtmm.org\\\/wp-content\\\/uploads\\\/2024\\\/12\\\/ua-mejlis-logo-rgb.svg\",\"contentUrl\":\"https:\\\/\\\/qtmm.org\\\/wp-content\\\/uploads\\\/2024\\\/12\\\/ua-mejlis-logo-rgb.svg\",\"caption\":\"\u041c\u0435\u0434\u0436\u043b\u0456\u0441\"},\"image\":{\"@id\":\"https:\\\/\\\/qtmm.org\\\/qt\\\/#\\\/schema\\\/logo\\\/image\\\/\"},\"sameAs\":[\"https:\\\/\\\/www.facebook.com\\\/qtmm.info\\\/\"]},{\"@type\":\"Person\",\"@id\":\"https:\\\/\\\/qtmm.org\\\/qt\\\/#\\\/schema\\\/person\\\/de562469f971dec226ac06e60bbf74a7\",\"name\":\"Developer\",\"image\":{\"@type\":\"ImageObject\",\"inLanguage\":\"qt\",\"@id\":\"https:\\\/\\\/secure.gravatar.com\\\/avatar\\\/392b4cc8fbfeb00b39dfeeab4ee6edded39ffd48e25858637e4765810300227e?s=96&d=mm&r=g\",\"url\":\"https:\\\/\\\/secure.gravatar.com\\\/avatar\\\/392b4cc8fbfeb00b39dfeeab4ee6edded39ffd48e25858637e4765810300227e?s=96&d=mm&r=g\",\"contentUrl\":\"https:\\\/\\\/secure.gravatar.com\\\/avatar\\\/392b4cc8fbfeb00b39dfeeab4ee6edded39ffd48e25858637e4765810300227e?s=96&d=mm&r=g\",\"caption\":\"Developer\"},\"url\":\"https:\\\/\\\/qtmm.org\\\/qt\\\/author\\\/Developer\\\/\"}]}<\/script>\n<!-- \/ Yoast SEO plugin. -->","yoast_head_json":{"title":"Meclis reisini\u00f1 birinci muavini Refat \u00c7ubarov \u00d6leg Rodivilovn\u0131\u00f1 aqaretleyici s\u00f6zleri boyunca prokuratura\u011fa muracaat etmek meram\u0131nda - \u041c\u0435\u0434\u0436\u043b\u0456\u0441","robots":{"index":"index","follow":"follow","max-snippet":"max-snippet:-1","max-image-preview":"max-image-preview:large","max-video-preview":"max-video-preview:-1"},"canonical":"https:\/\/qtmm.org\/qt\/meclis-reisinin-birinci-muavini-refat-cubarov-oleg-rodivilovnin-aqaretleyici-sozleri-boyunca-prokuraturaga-muracaat-etmek-meraminda\/","og_locale":"en_US","og_type":"article","og_title":"Meclis reisini\u00f1 birinci muavini Refat \u00c7ubarov \u00d6leg Rodivilovn\u0131\u00f1 aqaretleyici s\u00f6zleri boyunca prokuratura\u011fa muracaat etmek meram\u0131nda - \u041c\u0435\u0434\u0436\u043b\u0456\u0441","og_description":"Meclis reisini\u00f1 birinci muavini Refat \u00c7ubarov &#8220;Russkiy blok&#8221; partiyas\u0131 Q\u0131r\u0131m te\u015fkil\u00e2t\u0131n\u0131\u00f1 ba\u015f\u0131 \u00d6leg Rodivilovn\u0131\u00f1 aqaretleyici s\u00f6zleri boyunca prokuratura\u011fa muracaat etmek meram\u0131nda, dep haber ete&nbsp;http:\/\/reeana.com\/ Noyabr 29 k\u00fcn\u00fc &#8220;Kr\u0131m&#8221; DTRK efirinde &#8220;A\u00e7\u0131q siyaset&#8221; tok\u2013\u015fous\u0131nda radikal \u011fayeleri sebebinden bir s\u0131ra devletlerde yasaq etilgen &#8220;Hizb ut-Tahrir&#8221; firqas\u0131n\u0131\u00f1 faaliyeti muzakere etildi. Yay\u0131n\u011fa &#8220;Hizb-ut Tahrir&#8221; firqas\u0131n\u0131\u00f1 azalar\u0131 ve bun\u0131\u00f1 kibi [&hellip;]","og_url":"https:\/\/qtmm.org\/qt\/meclis-reisinin-birinci-muavini-refat-cubarov-oleg-rodivilovnin-aqaretleyici-sozleri-boyunca-prokuraturaga-muracaat-etmek-meraminda\/","og_site_name":"\u041c\u0435\u0434\u0436\u043b\u0456\u0441","article_publisher":"https:\/\/www.facebook.com\/qtmm.info\/","article_published_time":"2012-11-30T12:05:00+00:00","article_modified_time":"2022-01-23T12:05:53+00:00","author":"Developer","twitter_card":"summary_large_image","twitter_misc":{"Written by":"Developer","Est. reading time":"1 minute"},"schema":{"@context":"https:\/\/schema.org","@graph":[{"@type":"Article","@id":"https:\/\/qtmm.org\/qt\/meclis-reisinin-birinci-muavini-refat-cubarov-oleg-rodivilovnin-aqaretleyici-sozleri-boyunca-prokuraturaga-muracaat-etmek-meraminda\/#article","isPartOf":{"@id":"https:\/\/qtmm.org\/qt\/meclis-reisinin-birinci-muavini-refat-cubarov-oleg-rodivilovnin-aqaretleyici-sozleri-boyunca-prokuraturaga-muracaat-etmek-meraminda\/"},"author":{"name":"Developer","@id":"https:\/\/qtmm.org\/qt\/#\/schema\/person\/de562469f971dec226ac06e60bbf74a7"},"headline":"Meclis reisini\u00f1 birinci muavini Refat \u00c7ubarov \u00d6leg Rodivilovn\u0131\u00f1 aqaretleyici s\u00f6zleri boyunca prokuratura\u011fa muracaat etmek meram\u0131nda","datePublished":"2012-11-30T12:05:00+00:00","dateModified":"2022-01-23T12:05:53+00:00","mainEntityOfPage":{"@id":"https:\/\/qtmm.org\/qt\/meclis-reisinin-birinci-muavini-refat-cubarov-oleg-rodivilovnin-aqaretleyici-sozleri-boyunca-prokuraturaga-muracaat-etmek-meraminda\/"},"wordCount":223,"commentCount":0,"publisher":{"@id":"https:\/\/qtmm.org\/qt\/#organization"},"articleSection":["Haberler"],"inLanguage":"qt","potentialAction":[{"@type":"CommentAction","name":"Comment","target":["https:\/\/qtmm.org\/qt\/meclis-reisinin-birinci-muavini-refat-cubarov-oleg-rodivilovnin-aqaretleyici-sozleri-boyunca-prokuraturaga-muracaat-etmek-meraminda\/#respond"]}]},{"@type":"WebPage","@id":"https:\/\/qtmm.org\/qt\/meclis-reisinin-birinci-muavini-refat-cubarov-oleg-rodivilovnin-aqaretleyici-sozleri-boyunca-prokuraturaga-muracaat-etmek-meraminda\/","url":"https:\/\/qtmm.org\/qt\/meclis-reisinin-birinci-muavini-refat-cubarov-oleg-rodivilovnin-aqaretleyici-sozleri-boyunca-prokuraturaga-muracaat-etmek-meraminda\/","name":"Meclis reisini\u00f1 birinci muavini Refat \u00c7ubarov \u00d6leg Rodivilovn\u0131\u00f1 aqaretleyici s\u00f6zleri boyunca prokuratura\u011fa muracaat etmek meram\u0131nda - \u041c\u0435\u0434\u0436\u043b\u0456\u0441","isPartOf":{"@id":"https:\/\/qtmm.org\/qt\/#website"},"datePublished":"2012-11-30T12:05:00+00:00","dateModified":"2022-01-23T12:05:53+00:00","breadcrumb":{"@id":"https:\/\/qtmm.org\/qt\/meclis-reisinin-birinci-muavini-refat-cubarov-oleg-rodivilovnin-aqaretleyici-sozleri-boyunca-prokuraturaga-muracaat-etmek-meraminda\/#breadcrumb"},"inLanguage":"qt","potentialAction":[{"@type":"ReadAction","target":["https:\/\/qtmm.org\/qt\/meclis-reisinin-birinci-muavini-refat-cubarov-oleg-rodivilovnin-aqaretleyici-sozleri-boyunca-prokuraturaga-muracaat-etmek-meraminda\/"]}]},{"@type":"BreadcrumbList","@id":"https:\/\/qtmm.org\/qt\/meclis-reisinin-birinci-muavini-refat-cubarov-oleg-rodivilovnin-aqaretleyici-sozleri-boyunca-prokuraturaga-muracaat-etmek-meraminda\/#breadcrumb","itemListElement":[{"@type":"ListItem","position":1,"name":"\u0413\u043e\u043b\u043e\u0432\u043d\u0430","item":"https:\/\/qtmm.org\/qt\/"},{"@type":"ListItem","position":2,"name":"Meclis reisini\u00f1 birinci muavini Refat \u00c7ubarov \u00d6leg Rodivilovn\u0131\u00f1 aqaretleyici s\u00f6zleri boyunca prokuratura\u011fa muracaat etmek meram\u0131nda"}]},{"@type":"WebSite","@id":"https:\/\/qtmm.org\/qt\/#website","url":"https:\/\/qtmm.org\/qt\/","name":"\u041c\u0435\u0434\u0436\u043b\u0456\u0441","description":"","publisher":{"@id":"https:\/\/qtmm.org\/qt\/#organization"},"potentialAction":[{"@type":"SearchAction","target":{"@type":"EntryPoint","urlTemplate":"https:\/\/qtmm.org\/qt\/?s={search_term_string}"},"query-input":{"@type":"PropertyValueSpecification","valueRequired":true,"valueName":"search_term_string"}}],"inLanguage":"qt"},{"@type":"Organization","@id":"https:\/\/qtmm.org\/qt\/#organization","name":"\u041c\u0435\u0434\u0436\u043b\u0456\u0441","url":"https:\/\/qtmm.org\/qt\/","logo":{"@type":"ImageObject","inLanguage":"qt","@id":"https:\/\/qtmm.org\/qt\/#\/schema\/logo\/image\/","url":"https:\/\/qtmm.org\/wp-content\/uploads\/2024\/12\/ua-mejlis-logo-rgb.svg","contentUrl":"https:\/\/qtmm.org\/wp-content\/uploads\/2024\/12\/ua-mejlis-logo-rgb.svg","caption":"\u041c\u0435\u0434\u0436\u043b\u0456\u0441"},"image":{"@id":"https:\/\/qtmm.org\/qt\/#\/schema\/logo\/image\/"},"sameAs":["https:\/\/www.facebook.com\/qtmm.info\/"]},{"@type":"Person","@id":"https:\/\/qtmm.org\/qt\/#\/schema\/person\/de562469f971dec226ac06e60bbf74a7","name":"Developer","image":{"@type":"ImageObject","inLanguage":"qt","@id":"https:\/\/secure.gravatar.com\/avatar\/392b4cc8fbfeb00b39dfeeab4ee6edded39ffd48e25858637e4765810300227e?s=96&d=mm&r=g","url":"https:\/\/secure.gravatar.com\/avatar\/392b4cc8fbfeb00b39dfeeab4ee6edded39ffd48e25858637e4765810300227e?s=96&d=mm&r=g","contentUrl":"https:\/\/secure.gravatar.com\/avatar\/392b4cc8fbfeb00b39dfeeab4ee6edded39ffd48e25858637e4765810300227e?s=96&d=mm&r=g","caption":"Developer"},"url":"https:\/\/qtmm.org\/qt\/author\/Developer\/"}]}},"_links":{"self":[{"href":"https:\/\/qtmm.org\/qt\/wp-json\/wp\/v2\/posts\/35500","targetHints":{"allow":["GET"]}}],"collection":[{"href":"https:\/\/qtmm.org\/qt\/wp-json\/wp\/v2\/posts"}],"about":[{"href":"https:\/\/qtmm.org\/qt\/wp-json\/wp\/v2\/types\/post"}],"author":[{"embeddable":true,"href":"https:\/\/qtmm.org\/qt\/wp-json\/wp\/v2\/users\/1"}],"replies":[{"embeddable":true,"href":"https:\/\/qtmm.org\/qt\/wp-json\/wp\/v2\/comments?post=35500"}],"version-history":[{"count":1,"href":"https:\/\/qtmm.org\/qt\/wp-json\/wp\/v2\/posts\/35500\/revisions"}],"predecessor-version":[{"id":35501,"href":"https:\/\/qtmm.org\/qt\/wp-json\/wp\/v2\/posts\/35500\/revisions\/35501"}],"wp:attachment":[{"href":"https:\/\/qtmm.org\/qt\/wp-json\/wp\/v2\/media?parent=35500"}],"wp:term":[{"taxonomy":"category","embeddable":true,"href":"https:\/\/qtmm.org\/qt\/wp-json\/wp\/v2\/categories?post=35500"},{"taxonomy":"post_tag","embeddable":true,"href":"https:\/\/qtmm.org\/qt\/wp-json\/wp\/v2\/tags?post=35500"}],"curies":[{"name":"wp","href":"https:\/\/api.w.org\/{rel}","templated":true}]}}