




{"id":35474,"date":"2012-11-30T15:03:00","date_gmt":"2012-11-30T12:03:00","guid":{"rendered":"http:\/\/qtmm.org\/?p=35474"},"modified":"2022-01-23T15:05:11","modified_gmt":"2022-01-23T12:05:11","slug":"medeniyeti-ve-tili-yasar-eken-halq-da-yasar","status":"publish","type":"post","link":"https:\/\/qtmm.org\/qt\/medeniyeti-ve-tili-yasar-eken-halq-da-yasar\/","title":{"rendered":"Medeniyeti ve tili ya\u015far eken, halq da ya\u015far"},"content":{"rendered":"\n<p>2012 senesi noyabr 29 k\u00fcn\u00fc Yalta \u015feerindeki &#8220;Derek\u00f6y&#8221; q\u0131r\u0131mtatar medeniy-etnografik merkezinde &#8220;Medeniyeti ve tili ya\u015far eken, halq da ya\u015far&#8221; mevzus\u0131nda ol\u0131p ke\u00e7ken munaqa\u015fa aq\u015fam\u0131nda Q\u0131r\u0131m Yuqar\u0131 \u015euras\u0131 Milletlerara munasebetler ve s\u00fcrg\u00fcn olun\u011fan grajdanlarn\u0131\u00f1 i\u015fleri boyunca daimiy komissiyan\u0131\u00f1 reisi, Meclis reisini\u00f1 muavini Remzi \u0130lyasov, Q\u0131r\u0131m Yuqar\u0131 \u015euras\u0131n\u0131\u00f1 deputat\u0131, Meclisni\u00f1 tasil ve medeniyet idaresini\u00f1 ba\u015f\u0131, &#8220;Maarif\u00e7i&#8221; birle\u015fmesini\u00f1 reisi Safure Kacametova ve Milliy Meclis azas\u0131, &#8220;Adalet&#8221; firqas\u0131n\u0131\u00f1 ba\u015f\u0131 Fevzi K\u00fcbedinov i\u015ftirak ettiler.<\/p>\n\n\n\n<p>Merkezni\u00f1 direktor\u0131 Zarema Menseitova \u00f6z sel\u00e2mlav \u00e7\u0131q\u0131\u015f\u0131nda Yalta \u015feerini\u00f1 sakinlerine ve Aqmescitten kelgen musafirlerge merkezni\u00f1 i\u015fine qoltutqanlar\u0131 i\u00e7\u00fcn te\u015fekk\u00fcr bildirdi.<\/p>\n\n\n\n<figure class=\"wp-block-image size-full\"><img loading=\"lazy\" decoding=\"async\" width=\"650\" height=\"350\" src=\"http:\/\/qtmm.org\/wp-content\/uploads\/2022\/01\/2_87.jpeg\" alt=\"\" class=\"wp-image-35479\" srcset=\"https:\/\/qtmm.org\/wp-content\/uploads\/2022\/01\/2_87.jpeg 650w, https:\/\/qtmm.org\/wp-content\/uploads\/2022\/01\/2_87-300x162.jpeg 300w\" sizes=\"auto, (max-width: 650px) 100vw, 650px\" \/><\/figure>\n\n\n\n<p>Zarema han\u0131m kelecekte Merkezde tilimizni, medeniyetimiz ve ananelerimizni \u011fayr\u0131dan tiklev boyunca tedbirler aqq\u0131nda ik\u00e2ye etti. \u0130\u015fte, 2012 senesi dkabr 1-de balalar icad\u0131na ba\u011f\u0131\u015flan\u011fan tedbir ke\u00e7irilip, y\u0131ln\u0131\u00f1 so\u00f1unda ise Y\u0131lba\u015f bayram\u0131 te\u015fkil etilecek. Tabiiy ki, b\u00fct\u00fcn tedbirler ana tilinde ke\u00e7ecek.<\/p>\n\n\n\n<figure class=\"wp-block-image size-full\"><img loading=\"lazy\" decoding=\"async\" width=\"650\" height=\"350\" src=\"http:\/\/qtmm.org\/wp-content\/uploads\/2022\/01\/2_a.jpeg\" alt=\"\" class=\"wp-image-35483\" srcset=\"https:\/\/qtmm.org\/wp-content\/uploads\/2022\/01\/2_a.jpeg 650w, https:\/\/qtmm.org\/wp-content\/uploads\/2022\/01\/2_a-300x162.jpeg 300w\" sizes=\"auto, (max-width: 650px) 100vw, 650px\" \/><\/figure>\n\n\n\n<p>Remzi \u0130lyasov Q\u0131r\u0131m Yuqar\u0131 \u015euras\u0131 Daimiy komissiyas\u0131n\u0131\u00f1 bu y\u00f6neli\u015fte yapqan i\u015fleri ve c\u00fcmleden, Qurultayda qabul etilgen &#8220;Ana tili o\u011frunda k\u00fcre\u015f&#8221; programmas\u0131n\u0131 amelge ke\u00e7ir\u00fcv boyunca areketlernen tan\u0131\u015f etti.<\/p>\n\n\n\n<figure class=\"wp-block-image size-full\"><img loading=\"lazy\" decoding=\"async\" width=\"650\" height=\"350\" src=\"http:\/\/qtmm.org\/wp-content\/uploads\/2022\/01\/3_58.jpeg\" alt=\"\" class=\"wp-image-35487\" srcset=\"https:\/\/qtmm.org\/wp-content\/uploads\/2022\/01\/3_58.jpeg 650w, https:\/\/qtmm.org\/wp-content\/uploads\/2022\/01\/3_58-300x162.jpeg 300w\" sizes=\"auto, (max-width: 650px) 100vw, 650px\" \/><\/figure>\n\n\n\n<p>Safure Kacametova Milliy Meclisni\u00f1 medeniyet ve maarif idaresi em de &#8220;Maarif\u00e7i&#8221; birle\u015fmesini\u00f1 ana tili m\u00fcitini yaratuv\u011fa qo\u015fqan isseleri aqq\u0131nda aytt\u0131. On\u0131\u00f1 bildirgenine k\u00f6re. &#8220;Derek\u00f6y&#8221; merkezi ve &#8220;Maarif\u00e7i&#8221; birle\u015fmesi aras\u0131nda ana tilini tiklev ve qor\u00e7alav saas\u0131nda i\u015fbirlik boyunca a\u00f1la\u015fma tizgenler, ana tili kurslar\u0131n\u0131 a\u00e7qanlar. S. Kacametova &#8220;Derek\u00f6y&#8221; merkezine ana tilini zay\u0131f bilgenler i\u00e7\u00fcn dersliklerni ediye etip, q\u0131r\u0131mtatar tilinde \u00e7\u0131qqan ne\u015firlerge ve &#8220;Seyran ocan\u0131\u00f1 dersleri&#8221;ni basqan &#8220;Maarif i\u015fleri&#8221; gazetas\u0131na m\u0131tlaqa abune olma\u011fa \u00e7a\u011f\u0131rd\u0131.<\/p>\n\n\n\n<figure class=\"wp-block-image size-full\"><img loading=\"lazy\" decoding=\"async\" width=\"650\" height=\"350\" src=\"http:\/\/qtmm.org\/wp-content\/uploads\/2022\/01\/4_57.jpeg\" alt=\"\" class=\"wp-image-35491\" srcset=\"https:\/\/qtmm.org\/wp-content\/uploads\/2022\/01\/4_57.jpeg 650w, https:\/\/qtmm.org\/wp-content\/uploads\/2022\/01\/4_57-300x162.jpeg 300w\" sizes=\"auto, (max-width: 650px) 100vw, 650px\" \/><\/figure>\n\n\n\n<p>Milliy Meclis azas\u0131, &#8220;Adalet&#8221; firqas\u0131n\u0131\u00f1 reisi Fevzi K\u00fcbedinov ayt\u0131l\u011fan s\u00f6zlerni\u00f1 episi amelge ke\u00e7ecegine \u00fcm\u00fct bildirdi.<\/p>\n\n\n\n<p>Yalta \u015feerini\u00f1 sakini, bir \u00e7oq muk\u00e2fatlar saibi, Q\u0131r\u0131mn\u0131\u00f1 t\u0131\u015f\u0131nda pek me\u015fur bestek\u00e2r, \u00e7al\u011f\u0131c\u0131 Nazim Ametov merkezde ya\u015flar i\u00e7\u00fcn icadiy aq\u015famlar ke\u00e7irmekni i\u015fand\u0131rd\u0131. Remzi \u0130lyasov ve Safure Kacametova musafirlerni\u00f1 bir \u00e7oq suallerine cevap berdiler.<\/p>\n\n\n\n<figure class=\"wp-block-image size-full\"><img loading=\"lazy\" decoding=\"async\" width=\"650\" height=\"350\" src=\"http:\/\/qtmm.org\/wp-content\/uploads\/2022\/01\/5_28.jpeg\" alt=\"\" class=\"wp-image-35495\" srcset=\"https:\/\/qtmm.org\/wp-content\/uploads\/2022\/01\/5_28.jpeg 650w, https:\/\/qtmm.org\/wp-content\/uploads\/2022\/01\/5_28-300x162.jpeg 300w\" sizes=\"auto, (max-width: 650px) 100vw, 650px\" \/><\/figure>\n","protected":false},"excerpt":{"rendered":"<p>2012 senesi noyabr 29 k\u00fcn\u00fc Yalta \u015feerindeki &#8220;Derek\u00f6y&#8221; q\u0131r\u0131mtatar medeniy-etnografik merkezinde &#8220;Medeniyeti ve tili ya\u015far eken, halq da ya\u015far&#8221; mevzus\u0131nda ol\u0131p ke\u00e7ken munaqa\u015fa aq\u015fam\u0131nda Q\u0131r\u0131m Yuqar\u0131 \u015euras\u0131 Milletlerara munasebetler ve s\u00fcrg\u00fcn olun\u011fan grajdanlarn\u0131\u00f1 i\u015fleri boyunca daimiy komissiyan\u0131\u00f1 reisi, Meclis reisini\u00f1 muavini Remzi \u0130lyasov, Q\u0131r\u0131m Yuqar\u0131 \u015euras\u0131n\u0131\u00f1 deputat\u0131, Meclisni\u00f1 tasil ve medeniyet idaresini\u00f1 ba\u015f\u0131, &#8220;Maarif\u00e7i&#8221; birle\u015fmesini\u00f1 [&hellip;]<\/p>\n","protected":false},"author":1,"featured_media":35475,"comment_status":"open","ping_status":"open","sticky":false,"template":"","format":"standard","meta":{"inline_featured_image":false,"footnotes":""},"categories":[265],"tags":[],"class_list":["post-35474","post","type-post","status-publish","format-standard","has-post-thumbnail","hentry","category-haberler"],"acf":[],"yoast_head":"<!-- This site is optimized with the Yoast SEO plugin v27.4 - https:\/\/yoast.com\/product\/yoast-seo-wordpress\/ -->\n<title>Medeniyeti ve tili ya\u015far eken, halq da ya\u015far - \u041c\u0435\u0434\u0436\u043b\u0456\u0441<\/title>\n<meta name=\"robots\" content=\"index, follow, max-snippet:-1, max-image-preview:large, max-video-preview:-1\" \/>\n<link rel=\"canonical\" href=\"https:\/\/qtmm.org\/qt\/medeniyeti-ve-tili-yasar-eken-halq-da-yasar\/\" \/>\n<meta property=\"og:locale\" content=\"en_US\" \/>\n<meta property=\"og:type\" content=\"article\" \/>\n<meta property=\"og:title\" content=\"Medeniyeti ve tili ya\u015far eken, halq da ya\u015far - \u041c\u0435\u0434\u0436\u043b\u0456\u0441\" \/>\n<meta property=\"og:description\" content=\"2012 senesi noyabr 29 k\u00fcn\u00fc Yalta \u015feerindeki &#8220;Derek\u00f6y&#8221; q\u0131r\u0131mtatar medeniy-etnografik merkezinde &#8220;Medeniyeti ve tili ya\u015far eken, halq da ya\u015far&#8221; mevzus\u0131nda ol\u0131p ke\u00e7ken munaqa\u015fa aq\u015fam\u0131nda Q\u0131r\u0131m Yuqar\u0131 \u015euras\u0131 Milletlerara munasebetler ve s\u00fcrg\u00fcn olun\u011fan grajdanlarn\u0131\u00f1 i\u015fleri boyunca daimiy komissiyan\u0131\u00f1 reisi, Meclis reisini\u00f1 muavini Remzi \u0130lyasov, Q\u0131r\u0131m Yuqar\u0131 \u015euras\u0131n\u0131\u00f1 deputat\u0131, Meclisni\u00f1 tasil ve medeniyet idaresini\u00f1 ba\u015f\u0131, &#8220;Maarif\u00e7i&#8221; birle\u015fmesini\u00f1 [&hellip;]\" \/>\n<meta property=\"og:url\" content=\"https:\/\/qtmm.org\/qt\/medeniyeti-ve-tili-yasar-eken-halq-da-yasar\/\" \/>\n<meta property=\"og:site_name\" content=\"\u041c\u0435\u0434\u0436\u043b\u0456\u0441\" \/>\n<meta property=\"article:publisher\" content=\"https:\/\/www.facebook.com\/qtmm.info\/\" \/>\n<meta property=\"article:published_time\" content=\"2012-11-30T12:03:00+00:00\" \/>\n<meta property=\"article:modified_time\" content=\"2022-01-23T12:05:11+00:00\" \/>\n<meta property=\"og:image\" content=\"https:\/\/qtmm.org\/wp-content\/uploads\/2022\/01\/1_83.jpeg\" \/>\n\t<meta property=\"og:image:width\" content=\"650\" \/>\n\t<meta property=\"og:image:height\" content=\"350\" \/>\n\t<meta property=\"og:image:type\" content=\"image\/jpeg\" \/>\n<meta name=\"author\" content=\"Developer\" \/>\n<meta name=\"twitter:card\" content=\"summary_large_image\" \/>\n<meta name=\"twitter:label1\" content=\"Written by\" \/>\n\t<meta name=\"twitter:data1\" content=\"Developer\" \/>\n\t<meta name=\"twitter:label2\" content=\"Est. reading time\" \/>\n\t<meta name=\"twitter:data2\" content=\"2 minutes\" \/>\n<script type=\"application\/ld+json\" class=\"yoast-schema-graph\">{\"@context\":\"https:\\\/\\\/schema.org\",\"@graph\":[{\"@type\":\"Article\",\"@id\":\"https:\\\/\\\/qtmm.org\\\/qt\\\/medeniyeti-ve-tili-yasar-eken-halq-da-yasar\\\/#article\",\"isPartOf\":{\"@id\":\"https:\\\/\\\/qtmm.org\\\/qt\\\/medeniyeti-ve-tili-yasar-eken-halq-da-yasar\\\/\"},\"author\":{\"name\":\"Developer\",\"@id\":\"https:\\\/\\\/qtmm.org\\\/qt\\\/#\\\/schema\\\/person\\\/de562469f971dec226ac06e60bbf74a7\"},\"headline\":\"Medeniyeti ve tili ya\u015far eken, halq da ya\u015far\",\"datePublished\":\"2012-11-30T12:03:00+00:00\",\"dateModified\":\"2022-01-23T12:05:11+00:00\",\"mainEntityOfPage\":{\"@id\":\"https:\\\/\\\/qtmm.org\\\/qt\\\/medeniyeti-ve-tili-yasar-eken-halq-da-yasar\\\/\"},\"wordCount\":390,\"commentCount\":0,\"publisher\":{\"@id\":\"https:\\\/\\\/qtmm.org\\\/qt\\\/#organization\"},\"image\":{\"@id\":\"https:\\\/\\\/qtmm.org\\\/qt\\\/medeniyeti-ve-tili-yasar-eken-halq-da-yasar\\\/#primaryimage\"},\"thumbnailUrl\":\"https:\\\/\\\/qtmm.org\\\/wp-content\\\/uploads\\\/2022\\\/01\\\/1_83.jpeg\",\"articleSection\":[\"Haberler\"],\"inLanguage\":\"qt\",\"potentialAction\":[{\"@type\":\"CommentAction\",\"name\":\"Comment\",\"target\":[\"https:\\\/\\\/qtmm.org\\\/qt\\\/medeniyeti-ve-tili-yasar-eken-halq-da-yasar\\\/#respond\"]}]},{\"@type\":\"WebPage\",\"@id\":\"https:\\\/\\\/qtmm.org\\\/qt\\\/medeniyeti-ve-tili-yasar-eken-halq-da-yasar\\\/\",\"url\":\"https:\\\/\\\/qtmm.org\\\/qt\\\/medeniyeti-ve-tili-yasar-eken-halq-da-yasar\\\/\",\"name\":\"Medeniyeti ve tili ya\u015far eken, halq da ya\u015far - \u041c\u0435\u0434\u0436\u043b\u0456\u0441\",\"isPartOf\":{\"@id\":\"https:\\\/\\\/qtmm.org\\\/qt\\\/#website\"},\"primaryImageOfPage\":{\"@id\":\"https:\\\/\\\/qtmm.org\\\/qt\\\/medeniyeti-ve-tili-yasar-eken-halq-da-yasar\\\/#primaryimage\"},\"image\":{\"@id\":\"https:\\\/\\\/qtmm.org\\\/qt\\\/medeniyeti-ve-tili-yasar-eken-halq-da-yasar\\\/#primaryimage\"},\"thumbnailUrl\":\"https:\\\/\\\/qtmm.org\\\/wp-content\\\/uploads\\\/2022\\\/01\\\/1_83.jpeg\",\"datePublished\":\"2012-11-30T12:03:00+00:00\",\"dateModified\":\"2022-01-23T12:05:11+00:00\",\"breadcrumb\":{\"@id\":\"https:\\\/\\\/qtmm.org\\\/qt\\\/medeniyeti-ve-tili-yasar-eken-halq-da-yasar\\\/#breadcrumb\"},\"inLanguage\":\"qt\",\"potentialAction\":[{\"@type\":\"ReadAction\",\"target\":[\"https:\\\/\\\/qtmm.org\\\/qt\\\/medeniyeti-ve-tili-yasar-eken-halq-da-yasar\\\/\"]}]},{\"@type\":\"ImageObject\",\"inLanguage\":\"qt\",\"@id\":\"https:\\\/\\\/qtmm.org\\\/qt\\\/medeniyeti-ve-tili-yasar-eken-halq-da-yasar\\\/#primaryimage\",\"url\":\"https:\\\/\\\/qtmm.org\\\/wp-content\\\/uploads\\\/2022\\\/01\\\/1_83.jpeg\",\"contentUrl\":\"https:\\\/\\\/qtmm.org\\\/wp-content\\\/uploads\\\/2022\\\/01\\\/1_83.jpeg\",\"width\":650,\"height\":350},{\"@type\":\"BreadcrumbList\",\"@id\":\"https:\\\/\\\/qtmm.org\\\/qt\\\/medeniyeti-ve-tili-yasar-eken-halq-da-yasar\\\/#breadcrumb\",\"itemListElement\":[{\"@type\":\"ListItem\",\"position\":1,\"name\":\"\u0413\u043e\u043b\u043e\u0432\u043d\u0430\",\"item\":\"https:\\\/\\\/qtmm.org\\\/qt\\\/\"},{\"@type\":\"ListItem\",\"position\":2,\"name\":\"Medeniyeti ve tili ya\u015far eken, halq da ya\u015far\"}]},{\"@type\":\"WebSite\",\"@id\":\"https:\\\/\\\/qtmm.org\\\/qt\\\/#website\",\"url\":\"https:\\\/\\\/qtmm.org\\\/qt\\\/\",\"name\":\"\u041c\u0435\u0434\u0436\u043b\u0456\u0441\",\"description\":\"\",\"publisher\":{\"@id\":\"https:\\\/\\\/qtmm.org\\\/qt\\\/#organization\"},\"potentialAction\":[{\"@type\":\"SearchAction\",\"target\":{\"@type\":\"EntryPoint\",\"urlTemplate\":\"https:\\\/\\\/qtmm.org\\\/qt\\\/?s={search_term_string}\"},\"query-input\":{\"@type\":\"PropertyValueSpecification\",\"valueRequired\":true,\"valueName\":\"search_term_string\"}}],\"inLanguage\":\"qt\"},{\"@type\":\"Organization\",\"@id\":\"https:\\\/\\\/qtmm.org\\\/qt\\\/#organization\",\"name\":\"\u041c\u0435\u0434\u0436\u043b\u0456\u0441\",\"url\":\"https:\\\/\\\/qtmm.org\\\/qt\\\/\",\"logo\":{\"@type\":\"ImageObject\",\"inLanguage\":\"qt\",\"@id\":\"https:\\\/\\\/qtmm.org\\\/qt\\\/#\\\/schema\\\/logo\\\/image\\\/\",\"url\":\"https:\\\/\\\/qtmm.org\\\/wp-content\\\/uploads\\\/2024\\\/12\\\/ua-mejlis-logo-rgb.svg\",\"contentUrl\":\"https:\\\/\\\/qtmm.org\\\/wp-content\\\/uploads\\\/2024\\\/12\\\/ua-mejlis-logo-rgb.svg\",\"caption\":\"\u041c\u0435\u0434\u0436\u043b\u0456\u0441\"},\"image\":{\"@id\":\"https:\\\/\\\/qtmm.org\\\/qt\\\/#\\\/schema\\\/logo\\\/image\\\/\"},\"sameAs\":[\"https:\\\/\\\/www.facebook.com\\\/qtmm.info\\\/\"]},{\"@type\":\"Person\",\"@id\":\"https:\\\/\\\/qtmm.org\\\/qt\\\/#\\\/schema\\\/person\\\/de562469f971dec226ac06e60bbf74a7\",\"name\":\"Developer\",\"image\":{\"@type\":\"ImageObject\",\"inLanguage\":\"qt\",\"@id\":\"https:\\\/\\\/secure.gravatar.com\\\/avatar\\\/392b4cc8fbfeb00b39dfeeab4ee6edded39ffd48e25858637e4765810300227e?s=96&d=mm&r=g\",\"url\":\"https:\\\/\\\/secure.gravatar.com\\\/avatar\\\/392b4cc8fbfeb00b39dfeeab4ee6edded39ffd48e25858637e4765810300227e?s=96&d=mm&r=g\",\"contentUrl\":\"https:\\\/\\\/secure.gravatar.com\\\/avatar\\\/392b4cc8fbfeb00b39dfeeab4ee6edded39ffd48e25858637e4765810300227e?s=96&d=mm&r=g\",\"caption\":\"Developer\"},\"url\":\"https:\\\/\\\/qtmm.org\\\/qt\\\/author\\\/Developer\\\/\"}]}<\/script>\n<!-- \/ Yoast SEO plugin. -->","yoast_head_json":{"title":"Medeniyeti ve tili ya\u015far eken, halq da ya\u015far - \u041c\u0435\u0434\u0436\u043b\u0456\u0441","robots":{"index":"index","follow":"follow","max-snippet":"max-snippet:-1","max-image-preview":"max-image-preview:large","max-video-preview":"max-video-preview:-1"},"canonical":"https:\/\/qtmm.org\/qt\/medeniyeti-ve-tili-yasar-eken-halq-da-yasar\/","og_locale":"en_US","og_type":"article","og_title":"Medeniyeti ve tili ya\u015far eken, halq da ya\u015far - \u041c\u0435\u0434\u0436\u043b\u0456\u0441","og_description":"2012 senesi noyabr 29 k\u00fcn\u00fc Yalta \u015feerindeki &#8220;Derek\u00f6y&#8221; q\u0131r\u0131mtatar medeniy-etnografik merkezinde &#8220;Medeniyeti ve tili ya\u015far eken, halq da ya\u015far&#8221; mevzus\u0131nda ol\u0131p ke\u00e7ken munaqa\u015fa aq\u015fam\u0131nda Q\u0131r\u0131m Yuqar\u0131 \u015euras\u0131 Milletlerara munasebetler ve s\u00fcrg\u00fcn olun\u011fan grajdanlarn\u0131\u00f1 i\u015fleri boyunca daimiy komissiyan\u0131\u00f1 reisi, Meclis reisini\u00f1 muavini Remzi \u0130lyasov, Q\u0131r\u0131m Yuqar\u0131 \u015euras\u0131n\u0131\u00f1 deputat\u0131, Meclisni\u00f1 tasil ve medeniyet idaresini\u00f1 ba\u015f\u0131, &#8220;Maarif\u00e7i&#8221; birle\u015fmesini\u00f1 [&hellip;]","og_url":"https:\/\/qtmm.org\/qt\/medeniyeti-ve-tili-yasar-eken-halq-da-yasar\/","og_site_name":"\u041c\u0435\u0434\u0436\u043b\u0456\u0441","article_publisher":"https:\/\/www.facebook.com\/qtmm.info\/","article_published_time":"2012-11-30T12:03:00+00:00","article_modified_time":"2022-01-23T12:05:11+00:00","og_image":[{"width":650,"height":350,"url":"https:\/\/qtmm.org\/wp-content\/uploads\/2022\/01\/1_83.jpeg","type":"image\/jpeg"}],"author":"Developer","twitter_card":"summary_large_image","twitter_misc":{"Written by":"Developer","Est. reading time":"2 minutes"},"schema":{"@context":"https:\/\/schema.org","@graph":[{"@type":"Article","@id":"https:\/\/qtmm.org\/qt\/medeniyeti-ve-tili-yasar-eken-halq-da-yasar\/#article","isPartOf":{"@id":"https:\/\/qtmm.org\/qt\/medeniyeti-ve-tili-yasar-eken-halq-da-yasar\/"},"author":{"name":"Developer","@id":"https:\/\/qtmm.org\/qt\/#\/schema\/person\/de562469f971dec226ac06e60bbf74a7"},"headline":"Medeniyeti ve tili ya\u015far eken, halq da ya\u015far","datePublished":"2012-11-30T12:03:00+00:00","dateModified":"2022-01-23T12:05:11+00:00","mainEntityOfPage":{"@id":"https:\/\/qtmm.org\/qt\/medeniyeti-ve-tili-yasar-eken-halq-da-yasar\/"},"wordCount":390,"commentCount":0,"publisher":{"@id":"https:\/\/qtmm.org\/qt\/#organization"},"image":{"@id":"https:\/\/qtmm.org\/qt\/medeniyeti-ve-tili-yasar-eken-halq-da-yasar\/#primaryimage"},"thumbnailUrl":"https:\/\/qtmm.org\/wp-content\/uploads\/2022\/01\/1_83.jpeg","articleSection":["Haberler"],"inLanguage":"qt","potentialAction":[{"@type":"CommentAction","name":"Comment","target":["https:\/\/qtmm.org\/qt\/medeniyeti-ve-tili-yasar-eken-halq-da-yasar\/#respond"]}]},{"@type":"WebPage","@id":"https:\/\/qtmm.org\/qt\/medeniyeti-ve-tili-yasar-eken-halq-da-yasar\/","url":"https:\/\/qtmm.org\/qt\/medeniyeti-ve-tili-yasar-eken-halq-da-yasar\/","name":"Medeniyeti ve tili ya\u015far eken, halq da ya\u015far - \u041c\u0435\u0434\u0436\u043b\u0456\u0441","isPartOf":{"@id":"https:\/\/qtmm.org\/qt\/#website"},"primaryImageOfPage":{"@id":"https:\/\/qtmm.org\/qt\/medeniyeti-ve-tili-yasar-eken-halq-da-yasar\/#primaryimage"},"image":{"@id":"https:\/\/qtmm.org\/qt\/medeniyeti-ve-tili-yasar-eken-halq-da-yasar\/#primaryimage"},"thumbnailUrl":"https:\/\/qtmm.org\/wp-content\/uploads\/2022\/01\/1_83.jpeg","datePublished":"2012-11-30T12:03:00+00:00","dateModified":"2022-01-23T12:05:11+00:00","breadcrumb":{"@id":"https:\/\/qtmm.org\/qt\/medeniyeti-ve-tili-yasar-eken-halq-da-yasar\/#breadcrumb"},"inLanguage":"qt","potentialAction":[{"@type":"ReadAction","target":["https:\/\/qtmm.org\/qt\/medeniyeti-ve-tili-yasar-eken-halq-da-yasar\/"]}]},{"@type":"ImageObject","inLanguage":"qt","@id":"https:\/\/qtmm.org\/qt\/medeniyeti-ve-tili-yasar-eken-halq-da-yasar\/#primaryimage","url":"https:\/\/qtmm.org\/wp-content\/uploads\/2022\/01\/1_83.jpeg","contentUrl":"https:\/\/qtmm.org\/wp-content\/uploads\/2022\/01\/1_83.jpeg","width":650,"height":350},{"@type":"BreadcrumbList","@id":"https:\/\/qtmm.org\/qt\/medeniyeti-ve-tili-yasar-eken-halq-da-yasar\/#breadcrumb","itemListElement":[{"@type":"ListItem","position":1,"name":"\u0413\u043e\u043b\u043e\u0432\u043d\u0430","item":"https:\/\/qtmm.org\/qt\/"},{"@type":"ListItem","position":2,"name":"Medeniyeti ve tili ya\u015far eken, halq da ya\u015far"}]},{"@type":"WebSite","@id":"https:\/\/qtmm.org\/qt\/#website","url":"https:\/\/qtmm.org\/qt\/","name":"\u041c\u0435\u0434\u0436\u043b\u0456\u0441","description":"","publisher":{"@id":"https:\/\/qtmm.org\/qt\/#organization"},"potentialAction":[{"@type":"SearchAction","target":{"@type":"EntryPoint","urlTemplate":"https:\/\/qtmm.org\/qt\/?s={search_term_string}"},"query-input":{"@type":"PropertyValueSpecification","valueRequired":true,"valueName":"search_term_string"}}],"inLanguage":"qt"},{"@type":"Organization","@id":"https:\/\/qtmm.org\/qt\/#organization","name":"\u041c\u0435\u0434\u0436\u043b\u0456\u0441","url":"https:\/\/qtmm.org\/qt\/","logo":{"@type":"ImageObject","inLanguage":"qt","@id":"https:\/\/qtmm.org\/qt\/#\/schema\/logo\/image\/","url":"https:\/\/qtmm.org\/wp-content\/uploads\/2024\/12\/ua-mejlis-logo-rgb.svg","contentUrl":"https:\/\/qtmm.org\/wp-content\/uploads\/2024\/12\/ua-mejlis-logo-rgb.svg","caption":"\u041c\u0435\u0434\u0436\u043b\u0456\u0441"},"image":{"@id":"https:\/\/qtmm.org\/qt\/#\/schema\/logo\/image\/"},"sameAs":["https:\/\/www.facebook.com\/qtmm.info\/"]},{"@type":"Person","@id":"https:\/\/qtmm.org\/qt\/#\/schema\/person\/de562469f971dec226ac06e60bbf74a7","name":"Developer","image":{"@type":"ImageObject","inLanguage":"qt","@id":"https:\/\/secure.gravatar.com\/avatar\/392b4cc8fbfeb00b39dfeeab4ee6edded39ffd48e25858637e4765810300227e?s=96&d=mm&r=g","url":"https:\/\/secure.gravatar.com\/avatar\/392b4cc8fbfeb00b39dfeeab4ee6edded39ffd48e25858637e4765810300227e?s=96&d=mm&r=g","contentUrl":"https:\/\/secure.gravatar.com\/avatar\/392b4cc8fbfeb00b39dfeeab4ee6edded39ffd48e25858637e4765810300227e?s=96&d=mm&r=g","caption":"Developer"},"url":"https:\/\/qtmm.org\/qt\/author\/Developer\/"}]}},"_links":{"self":[{"href":"https:\/\/qtmm.org\/qt\/wp-json\/wp\/v2\/posts\/35474","targetHints":{"allow":["GET"]}}],"collection":[{"href":"https:\/\/qtmm.org\/qt\/wp-json\/wp\/v2\/posts"}],"about":[{"href":"https:\/\/qtmm.org\/qt\/wp-json\/wp\/v2\/types\/post"}],"author":[{"embeddable":true,"href":"https:\/\/qtmm.org\/qt\/wp-json\/wp\/v2\/users\/1"}],"replies":[{"embeddable":true,"href":"https:\/\/qtmm.org\/qt\/wp-json\/wp\/v2\/comments?post=35474"}],"version-history":[{"count":1,"href":"https:\/\/qtmm.org\/qt\/wp-json\/wp\/v2\/posts\/35474\/revisions"}],"predecessor-version":[{"id":35499,"href":"https:\/\/qtmm.org\/qt\/wp-json\/wp\/v2\/posts\/35474\/revisions\/35499"}],"wp:featuredmedia":[{"embeddable":true,"href":"https:\/\/qtmm.org\/qt\/wp-json\/wp\/v2\/media\/35475"}],"wp:attachment":[{"href":"https:\/\/qtmm.org\/qt\/wp-json\/wp\/v2\/media?parent=35474"}],"wp:term":[{"taxonomy":"category","embeddable":true,"href":"https:\/\/qtmm.org\/qt\/wp-json\/wp\/v2\/categories?post=35474"},{"taxonomy":"post_tag","embeddable":true,"href":"https:\/\/qtmm.org\/qt\/wp-json\/wp\/v2\/tags?post=35474"}],"curies":[{"name":"wp","href":"https:\/\/api.w.org\/{rel}","templated":true}]}}