




{"id":35464,"date":"2012-11-30T15:01:00","date_gmt":"2012-11-30T12:01:00","guid":{"rendered":"http:\/\/qtmm.org\/?p=35464"},"modified":"2022-01-23T15:02:50","modified_gmt":"2022-01-23T12:02:50","slug":"meclis-temsilcisi-abduraman-egiz-bmt-milliy-azliqlarnin-meseleleri-boyunca-forumda-istirak-etti","status":"publish","type":"post","link":"https:\/\/qtmm.org\/qt\/meclis-temsilcisi-abduraman-egiz-bmt-milliy-azliqlarnin-meseleleri-boyunca-forumda-istirak-etti\/","title":{"rendered":"Meclis temsilcisi Abduraman Egiz BMT Milliy azl\u0131qlarn\u0131\u00f1 meseleleri boyunca forumda i\u015ftirak etti"},"content":{"rendered":"\n<p>2012 senesi 27-28 noyabr k\u00fcnleri BMT Jenevadaki merkezinde Milletler saray\u0131nda Milliy azl\u0131qlarn\u0131\u00f1 meseleleri boyunca forumn\u0131\u00f1 5-nci sessiyas\u0131 old\u0131. Mezk\u00fcr otur\u0131m &#8220;Milliy, etnik, diniy ve til azl\u0131qlar\u0131na mens\u00fcp \u015fah\u0131slarn\u0131\u00f1 aqlar\u0131 boyunca deklaratsiya&#8221;n\u0131\u00f1 20 y\u0131ll\u0131\u011f\u0131na ba\u011f\u0131\u015fland\u0131.<\/p>\n\n\n\n<figure class=\"wp-block-image size-full\"><img loading=\"lazy\" decoding=\"async\" width=\"650\" height=\"350\" src=\"http:\/\/qtmm.org\/wp-content\/uploads\/2022\/01\/2-1.jpeg\" alt=\"\" class=\"wp-image-35465\" srcset=\"https:\/\/qtmm.org\/wp-content\/uploads\/2022\/01\/2-1.jpeg 650w, https:\/\/qtmm.org\/wp-content\/uploads\/2022\/01\/2-1-300x162.jpeg 300w\" sizes=\"auto, (max-width: 650px) 100vw, 650px\" \/><\/figure>\n\n\n\n<p>Sessiyan\u0131 BMT Ba\u015f K\u00e2tibi Pan Gi Mun kiri\u015f s\u00f6znen a\u00e7t\u0131. &#8220;Bu y\u0131lname Deklaratsiyan\u0131\u00f1 milliy qanun, siyaset ve ameliyatqa tesirini k\u00f6zetmek imk\u00e2n\u0131n\u0131 bere. Yigirmi y\u0131ldan so\u00f1ra da bir \u00e7oq meseleler \u00e7ezilmeyip qald\u0131. Pek \u00e7oq milliy azl\u0131qlar sadece bir de bir milletke mens\u00fcp ol\u011fanlar\u0131 sebebinden aqs\u0131mlav, nefret ve zorbal\u0131qqa rastkeleler. Belli ki cemiyet aqq\u0131nda e\u00f1 zay\u0131f q\u0131sm\u0131na nisbeten ol\u011fan munasebetine k\u00f6re q\u0131ymet keseler. Keli\u00f1iz, epimiz bu\u00f1a qar\u015f\u0131 turay\u0131q, beraber \u00e7al\u0131\u015fay\u0131q ki, Deklaratsiya pritsipleri b\u00fct\u00fcn d\u00fcnyadaki milliy azl\u0131qlar i\u00e7\u00fcn ker\u00e7ekle\u015fsin&#8221;, &#8211; dedi Ba\u015f K\u00e2tip.<\/p>\n\n\n\n<p>Sessiyada BMT \u0130nsan aqlar\u0131 boyunca aliy komissar\u0131 N Pillay, \u0130nsan aqlar\u0131 boyunca ke\u00f1e\u015fni\u00f1 reisi L.D. Lasere, azl\u0131qlarn\u0131\u00f1 meseleleri boyunca mustaqil ekspert R. \u0130zsak, forum reisi S. May\u011fa \u00e7\u0131q\u0131\u015fta bulund\u0131lar. Otur\u0131mda milliy ve diniy azl\u0131qlarn\u0131\u00f1 vaziyeti muzakere etilip, Deklaratsiyadan \u00e7\u0131qqan vazife ve maqsadlar\u0131n\u0131 \u00f6m\u00fcrge ke\u00e7ir\u00fcv saas\u0131nda tecribe payla\u015f\u0131ld\u0131.<\/p>\n\n\n\n<p>Q\u0131r\u0131mtatar halq\u0131 Meclisini\u00f1 temsilcisi, meclis t\u0131\u015fq\u0131 al\u00e2qalar b\u00f6l\u00fcgi ba\u015f\u0131n\u0131\u00f1 muavini Abduraman Egiz \u00f6z \u00e7\u0131q\u0131\u015f\u0131nda BMT Deklaratsiyas\u0131n\u0131\u00f1 Ukrainada amelge ke\u00e7irilmesi husus\u0131nda Meclisni\u00f1 tevsiyelerini beyan etti. Bun\u0131\u00f1 kibi de o, BMT yolba\u015f\u00e7\u0131lar\u0131na h\u0131tap eterek, BMTni\u00f1 halqara te\u015fkil\u00e2tlar\u0131 ve agentliklerini Ukraina\u011fa Q\u0131r\u0131mtatar halq\u0131n\u0131\u00f1 \u00f6z Vatan\u0131nda aqlar\u0131n\u0131 tiklev, Ukrainada on\u0131\u00f1 tel\u00fckesizligi ve inki\u015faf\u0131n\u0131 teminlev meseleleri boyunca halqara forumn\u0131 ke\u00e7irmege qoltutmalar\u0131na \u00e7a\u011f\u0131rd\u0131.<\/p>\n\n\n\n<figure class=\"wp-block-image size-full\"><img loading=\"lazy\" decoding=\"async\" width=\"650\" height=\"350\" src=\"http:\/\/qtmm.org\/wp-content\/uploads\/2022\/01\/1_85.jpeg\" alt=\"\" class=\"wp-image-35469\" srcset=\"https:\/\/qtmm.org\/wp-content\/uploads\/2022\/01\/1_85.jpeg 650w, https:\/\/qtmm.org\/wp-content\/uploads\/2022\/01\/1_85-300x162.jpeg 300w\" sizes=\"auto, (max-width: 650px) 100vw, 650px\" \/><\/figure>\n\n\n\n<p>Ziyareti \u00e7er\u00e7ivesinde Abduraman Egiz Forumda Ukrainan\u0131\u00f1 temsilcisi, Ukraina Yuqar\u0131 \u015euras\u0131n\u0131\u00f1 insan aqlar\u0131 boyunca vekili k\u00e2tibiyetini\u00f1 hadimi Sergey Ponomar\u00f6v ile k\u00f6r\u00fc\u015fip, Q\u0131r\u0131mtatar halq\u0131n\u0131\u00f1 \u00f6z Vatan\u0131nda aqlar\u0131n\u0131 tiklev, Ukrainada on\u0131\u00f1 tel\u00fckesizligi ve inki\u015faf\u0131n\u0131 teminlev meseleleri boyunca halqara forumn\u0131\u00f1 format\u0131na dair fikirlerinen payla\u015ft\u0131lar. Taraflar Ukraina\u011fa qaytqan so\u00f1 dialogn\u0131 devam etmek aqq\u0131nda keli\u015ftiler.<\/p>\n\n\n\n<p>Q\u0131r\u0131mtatar halq\u0131 Meclisini\u00f1 temsilcisi Abduraman Egiz BMT Milliy azl\u0131qlarn\u0131\u00f1 meseleleri boyunca forumn\u0131\u00f1 5-nci sessiyas\u0131nda \u00e7\u0131q\u0131\u015f\u00e7\u0131<br>&nbsp;<\/p>\n\n\n\n<p class=\"has-text-align-center\"><strong>\u00dcrmetli Reis, han\u0131mlar ve beyfendiler!<\/strong><br>&nbsp;<\/p>\n\n\n\n<p>BMT Deklaratsiyas\u0131n\u0131\u00f1 Ukrainada amelge ke\u00e7irilmesi husus\u0131nda Milliy Meclisni\u00f1 pozitsiyas\u0131n\u0131 ifade eterek, Ukraina ve Q\u0131r\u0131mdaki vaziyetke dair tekliflerimizni bildirmek isteyim.<\/p>\n\n\n\n<p>BMT Deklaratsiyas\u0131n\u0131\u00f1 areket ettigi so\u00f1ki 20 y\u0131l devam\u0131nda Ukrainada q\u0131r\u0131mtatar halq\u0131n\u0131\u00f1 aqlar\u0131n\u0131 tiklev ve qor\u00e7alav boyunca i\u00e7 bir qanun qabul etilmedi. Bun\u0131\u00f1 aqibetinde sotsial, diniy ve til problemlerni\u00f1 kerginligi ep artmaqta, akimiyet organlar\u0131nda q\u0131r\u0131mtatar hadimlerini\u00f1 say\u0131s\u0131 ise vira eksilmekte. Meydan\u011fa kelgen vaziyetni k\u00f6z \u00f6g\u00fcne alaraq Milliy Meclis bundan \u00e7\u0131qmaqn\u0131\u00f1 yollar\u0131n\u0131 ara\u015ft\u0131r\u0131p, Q\u0131r\u0131mtatar halq\u0131n\u0131\u00f1 \u00f6z Vatan\u0131nda aqlar\u0131n\u0131 tiklev, Ukrainada on\u0131\u00f1 tel\u00fckesizligi ve inki\u015faf\u0131n\u0131 teminlev meseleleri boyunca halqara forumn\u0131 ke\u00e7irmekni teklif ete. Ukrainada akkreditatsiya etilgen halqara te\u015fkil\u00e2tlarn\u0131\u00f1 ve el\u00e7iliklerni\u00f1 yolba\u015f\u00e7\u0131lar\u0131, yetek\u00e7i siyaset\u00e7iler, \u015fu c\u00fcmleden Avropa Birligi ve Avropa Ke\u00f1e\u015fi vekilleri ile k\u00f6r\u00fc\u015f\u00fcvler ke\u00e7irip, Halqara forum ke\u00e7ir\u00fcv \u011fayesine qoltutqanlar\u0131n\u0131\u00f1 \u015faat\u0131 old\u0131q.<\/p>\n\n\n\n<p>Biz Ukraina devletini\u00f1 yolba\u015f\u00e7\u0131lar\u0131nen de i\u015fbirlik yollar\u0131n\u0131 tapma\u011fa t\u0131r\u0131\u015fam\u0131z, amma \u015fimdilik bizni e\u015fitkenlerini, a\u00f1la\u011fanlar\u0131n\u0131 k\u00f6rmeymiz.. BMT yolba\u015f\u00e7\u0131lar\u0131n\u0131 BMTni\u00f1 halqara te\u015fkil\u00e2tlar\u0131 ve agentliklerini Ukraina\u011fa Q\u0131r\u0131mtatar halq\u0131n\u0131\u00f1 \u00f6z Vatan\u0131nda aqlar\u0131n\u0131 tiklev, Ukrainada on\u0131\u00f1 tel\u00fckesizligi ve inki\u015faf\u0131n\u0131 teminlev meseleleri boyunca halqara forum ke\u00e7irilmesine qoltutmalar\u0131na \u00e7a\u011f\u0131ram\u0131z.<\/p>\n\n\n\n<p>Bu munasebetnen fikirimizce<\/p>\n\n\n\n<p>&#8211; as\u0131l halqlar ve milliy azl\u0131qlarn\u0131\u00f1 inki\u015faf\u0131n\u0131 ve saqlan\u0131p qalmas\u0131n\u0131 teminlegen qanunlarn\u0131 qabul etmegen devletler bun\u0131 acele yapmalar\u0131 l\u00e2zim;<\/p>\n\n\n\n<p>&#8211; akimiyet organlar\u0131nda milliy azl\u0131qlarn\u0131\u00f1 temsilcileri olma\u011fan\u0131 bizni \u011fayet raats\u0131zlay. Bu problema saylavlar vaqt\u0131nda ve olardan so\u00f1ra aqs\u0131mlar\u011fa al\u0131p kele.<\/p>\n\n\n\n<p>&#8211; ana tilinde tasil saas\u0131nda maqsadl\u0131 siyasetni i\u015flemek ve amelge ke\u00e7irmek l\u00e2zim dep sayam\u0131z, bun\u0131\u00f1 kibi de azl\u0131qlarn\u0131\u00f1 cemiyet i\u015fine issesi husus\u0131nda menfiy fikirlerni\u00f1, olarn\u0131\u00f1 ke\u00e7mi\u015fi aqq\u0131nda iftiralarn\u0131\u00f1 olmamas\u0131n\u0131 teminlemek kerek.<\/p>\n\n\n\n<p>&#8211; as\u0131l ol\u011fan iqtisadiy \u015faraitlerde akimiyetler qatt\u0131 iqtisadiyat ve vaziyetni t\u00fczet\u00fcvni\u00f1 diger \u00e7arelerine qoltutmal\u0131lar ki, azl\u0131qlar\u011fa zarar toqunmas\u0131n.<\/p>\n\n\n\n<p>&#8211; devletler \u00e7e\u015fit halqara institutlar\u0131nen i\u015fbirlikte bulun\u0131p, olarn\u0131\u00f1 tevsiyelerine riayet etmek, \u00e7aresi ol\u011fanda vaziyetni t\u00fczet\u00fcv yollar\u0131n\u0131 q\u0131d\u0131rmaq kerekler.<\/p>\n\n\n\n<p class=\"has-text-align-center\"><strong>Diqqat\u0131\u00f1\u0131z i\u00e7\u00fcn te\u015fekk\u00fcrler!<\/strong><\/p>\n","protected":false},"excerpt":{"rendered":"<p>2012 senesi 27-28 noyabr k\u00fcnleri BMT Jenevadaki merkezinde Milletler saray\u0131nda Milliy azl\u0131qlarn\u0131\u00f1 meseleleri boyunca forumn\u0131\u00f1 5-nci sessiyas\u0131 old\u0131. Mezk\u00fcr otur\u0131m &#8220;Milliy, etnik, diniy ve til azl\u0131qlar\u0131na mens\u00fcp \u015fah\u0131slarn\u0131\u00f1 aqlar\u0131 boyunca deklaratsiya&#8221;n\u0131\u00f1 20 y\u0131ll\u0131\u011f\u0131na ba\u011f\u0131\u015fland\u0131. Sessiyan\u0131 BMT Ba\u015f K\u00e2tibi Pan Gi Mun kiri\u015f s\u00f6znen a\u00e7t\u0131. &#8220;Bu y\u0131lname Deklaratsiyan\u0131\u00f1 milliy qanun, siyaset ve ameliyatqa tesirini k\u00f6zetmek imk\u00e2n\u0131n\u0131 [&hellip;]<\/p>\n","protected":false},"author":1,"featured_media":0,"comment_status":"open","ping_status":"open","sticky":false,"template":"","format":"standard","meta":{"inline_featured_image":false,"footnotes":""},"categories":[265],"tags":[],"class_list":["post-35464","post","type-post","status-publish","format-standard","hentry","category-haberler"],"acf":[],"yoast_head":"<!-- This site is optimized with the Yoast SEO plugin v27.4 - https:\/\/yoast.com\/product\/yoast-seo-wordpress\/ -->\n<title>Meclis temsilcisi Abduraman Egiz BMT Milliy azl\u0131qlarn\u0131\u00f1 meseleleri boyunca forumda i\u015ftirak etti - \u041c\u0435\u0434\u0436\u043b\u0456\u0441<\/title>\n<meta name=\"robots\" content=\"index, follow, max-snippet:-1, max-image-preview:large, max-video-preview:-1\" \/>\n<link rel=\"canonical\" href=\"https:\/\/qtmm.org\/qt\/meclis-temsilcisi-abduraman-egiz-bmt-milliy-azliqlarnin-meseleleri-boyunca-forumda-istirak-etti\/\" \/>\n<meta property=\"og:locale\" content=\"en_US\" \/>\n<meta property=\"og:type\" content=\"article\" \/>\n<meta property=\"og:title\" content=\"Meclis temsilcisi Abduraman Egiz BMT Milliy azl\u0131qlarn\u0131\u00f1 meseleleri boyunca forumda i\u015ftirak etti - \u041c\u0435\u0434\u0436\u043b\u0456\u0441\" \/>\n<meta property=\"og:description\" content=\"2012 senesi 27-28 noyabr k\u00fcnleri BMT Jenevadaki merkezinde Milletler saray\u0131nda Milliy azl\u0131qlarn\u0131\u00f1 meseleleri boyunca forumn\u0131\u00f1 5-nci sessiyas\u0131 old\u0131. Mezk\u00fcr otur\u0131m &#8220;Milliy, etnik, diniy ve til azl\u0131qlar\u0131na mens\u00fcp \u015fah\u0131slarn\u0131\u00f1 aqlar\u0131 boyunca deklaratsiya&#8221;n\u0131\u00f1 20 y\u0131ll\u0131\u011f\u0131na ba\u011f\u0131\u015fland\u0131. Sessiyan\u0131 BMT Ba\u015f K\u00e2tibi Pan Gi Mun kiri\u015f s\u00f6znen a\u00e7t\u0131. &#8220;Bu y\u0131lname Deklaratsiyan\u0131\u00f1 milliy qanun, siyaset ve ameliyatqa tesirini k\u00f6zetmek imk\u00e2n\u0131n\u0131 [&hellip;]\" \/>\n<meta property=\"og:url\" content=\"https:\/\/qtmm.org\/qt\/meclis-temsilcisi-abduraman-egiz-bmt-milliy-azliqlarnin-meseleleri-boyunca-forumda-istirak-etti\/\" \/>\n<meta property=\"og:site_name\" content=\"\u041c\u0435\u0434\u0436\u043b\u0456\u0441\" \/>\n<meta property=\"article:publisher\" content=\"https:\/\/www.facebook.com\/qtmm.info\/\" \/>\n<meta property=\"article:published_time\" content=\"2012-11-30T12:01:00+00:00\" \/>\n<meta property=\"article:modified_time\" content=\"2022-01-23T12:02:50+00:00\" \/>\n<meta property=\"og:image\" content=\"https:\/\/qtmm.org\/wp-content\/uploads\/2022\/01\/2-1.jpeg\" \/>\n\t<meta property=\"og:image:width\" content=\"650\" \/>\n\t<meta property=\"og:image:height\" content=\"350\" \/>\n\t<meta property=\"og:image:type\" content=\"image\/jpeg\" \/>\n<meta name=\"author\" content=\"Developer\" \/>\n<meta name=\"twitter:card\" content=\"summary_large_image\" \/>\n<meta name=\"twitter:label1\" content=\"Written by\" \/>\n\t<meta name=\"twitter:data1\" content=\"Developer\" \/>\n\t<meta name=\"twitter:label2\" content=\"Est. reading time\" \/>\n\t<meta name=\"twitter:data2\" content=\"4 minutes\" \/>\n<script type=\"application\/ld+json\" class=\"yoast-schema-graph\">{\"@context\":\"https:\\\/\\\/schema.org\",\"@graph\":[{\"@type\":\"Article\",\"@id\":\"https:\\\/\\\/qtmm.org\\\/qt\\\/meclis-temsilcisi-abduraman-egiz-bmt-milliy-azliqlarnin-meseleleri-boyunca-forumda-istirak-etti\\\/#article\",\"isPartOf\":{\"@id\":\"https:\\\/\\\/qtmm.org\\\/qt\\\/meclis-temsilcisi-abduraman-egiz-bmt-milliy-azliqlarnin-meseleleri-boyunca-forumda-istirak-etti\\\/\"},\"author\":{\"name\":\"Developer\",\"@id\":\"https:\\\/\\\/qtmm.org\\\/qt\\\/#\\\/schema\\\/person\\\/de562469f971dec226ac06e60bbf74a7\"},\"headline\":\"Meclis temsilcisi Abduraman Egiz BMT Milliy azl\u0131qlarn\u0131\u00f1 meseleleri boyunca forumda i\u015ftirak etti\",\"datePublished\":\"2012-11-30T12:01:00+00:00\",\"dateModified\":\"2022-01-23T12:02:50+00:00\",\"mainEntityOfPage\":{\"@id\":\"https:\\\/\\\/qtmm.org\\\/qt\\\/meclis-temsilcisi-abduraman-egiz-bmt-milliy-azliqlarnin-meseleleri-boyunca-forumda-istirak-etti\\\/\"},\"wordCount\":818,\"commentCount\":0,\"publisher\":{\"@id\":\"https:\\\/\\\/qtmm.org\\\/qt\\\/#organization\"},\"image\":{\"@id\":\"https:\\\/\\\/qtmm.org\\\/qt\\\/meclis-temsilcisi-abduraman-egiz-bmt-milliy-azliqlarnin-meseleleri-boyunca-forumda-istirak-etti\\\/#primaryimage\"},\"thumbnailUrl\":\"http:\\\/\\\/qtmm.org\\\/wp-content\\\/uploads\\\/2022\\\/01\\\/2-1.jpeg\",\"articleSection\":[\"Haberler\"],\"inLanguage\":\"qt\",\"potentialAction\":[{\"@type\":\"CommentAction\",\"name\":\"Comment\",\"target\":[\"https:\\\/\\\/qtmm.org\\\/qt\\\/meclis-temsilcisi-abduraman-egiz-bmt-milliy-azliqlarnin-meseleleri-boyunca-forumda-istirak-etti\\\/#respond\"]}]},{\"@type\":\"WebPage\",\"@id\":\"https:\\\/\\\/qtmm.org\\\/qt\\\/meclis-temsilcisi-abduraman-egiz-bmt-milliy-azliqlarnin-meseleleri-boyunca-forumda-istirak-etti\\\/\",\"url\":\"https:\\\/\\\/qtmm.org\\\/qt\\\/meclis-temsilcisi-abduraman-egiz-bmt-milliy-azliqlarnin-meseleleri-boyunca-forumda-istirak-etti\\\/\",\"name\":\"Meclis temsilcisi Abduraman Egiz BMT Milliy azl\u0131qlarn\u0131\u00f1 meseleleri boyunca forumda i\u015ftirak etti - \u041c\u0435\u0434\u0436\u043b\u0456\u0441\",\"isPartOf\":{\"@id\":\"https:\\\/\\\/qtmm.org\\\/qt\\\/#website\"},\"primaryImageOfPage\":{\"@id\":\"https:\\\/\\\/qtmm.org\\\/qt\\\/meclis-temsilcisi-abduraman-egiz-bmt-milliy-azliqlarnin-meseleleri-boyunca-forumda-istirak-etti\\\/#primaryimage\"},\"image\":{\"@id\":\"https:\\\/\\\/qtmm.org\\\/qt\\\/meclis-temsilcisi-abduraman-egiz-bmt-milliy-azliqlarnin-meseleleri-boyunca-forumda-istirak-etti\\\/#primaryimage\"},\"thumbnailUrl\":\"http:\\\/\\\/qtmm.org\\\/wp-content\\\/uploads\\\/2022\\\/01\\\/2-1.jpeg\",\"datePublished\":\"2012-11-30T12:01:00+00:00\",\"dateModified\":\"2022-01-23T12:02:50+00:00\",\"breadcrumb\":{\"@id\":\"https:\\\/\\\/qtmm.org\\\/qt\\\/meclis-temsilcisi-abduraman-egiz-bmt-milliy-azliqlarnin-meseleleri-boyunca-forumda-istirak-etti\\\/#breadcrumb\"},\"inLanguage\":\"qt\",\"potentialAction\":[{\"@type\":\"ReadAction\",\"target\":[\"https:\\\/\\\/qtmm.org\\\/qt\\\/meclis-temsilcisi-abduraman-egiz-bmt-milliy-azliqlarnin-meseleleri-boyunca-forumda-istirak-etti\\\/\"]}]},{\"@type\":\"ImageObject\",\"inLanguage\":\"qt\",\"@id\":\"https:\\\/\\\/qtmm.org\\\/qt\\\/meclis-temsilcisi-abduraman-egiz-bmt-milliy-azliqlarnin-meseleleri-boyunca-forumda-istirak-etti\\\/#primaryimage\",\"url\":\"http:\\\/\\\/qtmm.org\\\/wp-content\\\/uploads\\\/2022\\\/01\\\/2-1.jpeg\",\"contentUrl\":\"http:\\\/\\\/qtmm.org\\\/wp-content\\\/uploads\\\/2022\\\/01\\\/2-1.jpeg\"},{\"@type\":\"BreadcrumbList\",\"@id\":\"https:\\\/\\\/qtmm.org\\\/qt\\\/meclis-temsilcisi-abduraman-egiz-bmt-milliy-azliqlarnin-meseleleri-boyunca-forumda-istirak-etti\\\/#breadcrumb\",\"itemListElement\":[{\"@type\":\"ListItem\",\"position\":1,\"name\":\"\u0413\u043e\u043b\u043e\u0432\u043d\u0430\",\"item\":\"https:\\\/\\\/qtmm.org\\\/qt\\\/\"},{\"@type\":\"ListItem\",\"position\":2,\"name\":\"Meclis temsilcisi Abduraman Egiz BMT Milliy azl\u0131qlarn\u0131\u00f1 meseleleri boyunca forumda i\u015ftirak etti\"}]},{\"@type\":\"WebSite\",\"@id\":\"https:\\\/\\\/qtmm.org\\\/qt\\\/#website\",\"url\":\"https:\\\/\\\/qtmm.org\\\/qt\\\/\",\"name\":\"\u041c\u0435\u0434\u0436\u043b\u0456\u0441\",\"description\":\"\",\"publisher\":{\"@id\":\"https:\\\/\\\/qtmm.org\\\/qt\\\/#organization\"},\"potentialAction\":[{\"@type\":\"SearchAction\",\"target\":{\"@type\":\"EntryPoint\",\"urlTemplate\":\"https:\\\/\\\/qtmm.org\\\/qt\\\/?s={search_term_string}\"},\"query-input\":{\"@type\":\"PropertyValueSpecification\",\"valueRequired\":true,\"valueName\":\"search_term_string\"}}],\"inLanguage\":\"qt\"},{\"@type\":\"Organization\",\"@id\":\"https:\\\/\\\/qtmm.org\\\/qt\\\/#organization\",\"name\":\"\u041c\u0435\u0434\u0436\u043b\u0456\u0441\",\"url\":\"https:\\\/\\\/qtmm.org\\\/qt\\\/\",\"logo\":{\"@type\":\"ImageObject\",\"inLanguage\":\"qt\",\"@id\":\"https:\\\/\\\/qtmm.org\\\/qt\\\/#\\\/schema\\\/logo\\\/image\\\/\",\"url\":\"https:\\\/\\\/qtmm.org\\\/wp-content\\\/uploads\\\/2024\\\/12\\\/ua-mejlis-logo-rgb.svg\",\"contentUrl\":\"https:\\\/\\\/qtmm.org\\\/wp-content\\\/uploads\\\/2024\\\/12\\\/ua-mejlis-logo-rgb.svg\",\"caption\":\"\u041c\u0435\u0434\u0436\u043b\u0456\u0441\"},\"image\":{\"@id\":\"https:\\\/\\\/qtmm.org\\\/qt\\\/#\\\/schema\\\/logo\\\/image\\\/\"},\"sameAs\":[\"https:\\\/\\\/www.facebook.com\\\/qtmm.info\\\/\"]},{\"@type\":\"Person\",\"@id\":\"https:\\\/\\\/qtmm.org\\\/qt\\\/#\\\/schema\\\/person\\\/de562469f971dec226ac06e60bbf74a7\",\"name\":\"Developer\",\"image\":{\"@type\":\"ImageObject\",\"inLanguage\":\"qt\",\"@id\":\"https:\\\/\\\/secure.gravatar.com\\\/avatar\\\/392b4cc8fbfeb00b39dfeeab4ee6edded39ffd48e25858637e4765810300227e?s=96&d=mm&r=g\",\"url\":\"https:\\\/\\\/secure.gravatar.com\\\/avatar\\\/392b4cc8fbfeb00b39dfeeab4ee6edded39ffd48e25858637e4765810300227e?s=96&d=mm&r=g\",\"contentUrl\":\"https:\\\/\\\/secure.gravatar.com\\\/avatar\\\/392b4cc8fbfeb00b39dfeeab4ee6edded39ffd48e25858637e4765810300227e?s=96&d=mm&r=g\",\"caption\":\"Developer\"},\"url\":\"https:\\\/\\\/qtmm.org\\\/qt\\\/author\\\/Developer\\\/\"}]}<\/script>\n<!-- \/ Yoast SEO plugin. -->","yoast_head_json":{"title":"Meclis temsilcisi Abduraman Egiz BMT Milliy azl\u0131qlarn\u0131\u00f1 meseleleri boyunca forumda i\u015ftirak etti - \u041c\u0435\u0434\u0436\u043b\u0456\u0441","robots":{"index":"index","follow":"follow","max-snippet":"max-snippet:-1","max-image-preview":"max-image-preview:large","max-video-preview":"max-video-preview:-1"},"canonical":"https:\/\/qtmm.org\/qt\/meclis-temsilcisi-abduraman-egiz-bmt-milliy-azliqlarnin-meseleleri-boyunca-forumda-istirak-etti\/","og_locale":"en_US","og_type":"article","og_title":"Meclis temsilcisi Abduraman Egiz BMT Milliy azl\u0131qlarn\u0131\u00f1 meseleleri boyunca forumda i\u015ftirak etti - \u041c\u0435\u0434\u0436\u043b\u0456\u0441","og_description":"2012 senesi 27-28 noyabr k\u00fcnleri BMT Jenevadaki merkezinde Milletler saray\u0131nda Milliy azl\u0131qlarn\u0131\u00f1 meseleleri boyunca forumn\u0131\u00f1 5-nci sessiyas\u0131 old\u0131. Mezk\u00fcr otur\u0131m &#8220;Milliy, etnik, diniy ve til azl\u0131qlar\u0131na mens\u00fcp \u015fah\u0131slarn\u0131\u00f1 aqlar\u0131 boyunca deklaratsiya&#8221;n\u0131\u00f1 20 y\u0131ll\u0131\u011f\u0131na ba\u011f\u0131\u015fland\u0131. Sessiyan\u0131 BMT Ba\u015f K\u00e2tibi Pan Gi Mun kiri\u015f s\u00f6znen a\u00e7t\u0131. &#8220;Bu y\u0131lname Deklaratsiyan\u0131\u00f1 milliy qanun, siyaset ve ameliyatqa tesirini k\u00f6zetmek imk\u00e2n\u0131n\u0131 [&hellip;]","og_url":"https:\/\/qtmm.org\/qt\/meclis-temsilcisi-abduraman-egiz-bmt-milliy-azliqlarnin-meseleleri-boyunca-forumda-istirak-etti\/","og_site_name":"\u041c\u0435\u0434\u0436\u043b\u0456\u0441","article_publisher":"https:\/\/www.facebook.com\/qtmm.info\/","article_published_time":"2012-11-30T12:01:00+00:00","article_modified_time":"2022-01-23T12:02:50+00:00","og_image":[{"width":650,"height":350,"url":"https:\/\/qtmm.org\/wp-content\/uploads\/2022\/01\/2-1.jpeg","type":"image\/jpeg"}],"author":"Developer","twitter_card":"summary_large_image","twitter_misc":{"Written by":"Developer","Est. reading time":"4 minutes"},"schema":{"@context":"https:\/\/schema.org","@graph":[{"@type":"Article","@id":"https:\/\/qtmm.org\/qt\/meclis-temsilcisi-abduraman-egiz-bmt-milliy-azliqlarnin-meseleleri-boyunca-forumda-istirak-etti\/#article","isPartOf":{"@id":"https:\/\/qtmm.org\/qt\/meclis-temsilcisi-abduraman-egiz-bmt-milliy-azliqlarnin-meseleleri-boyunca-forumda-istirak-etti\/"},"author":{"name":"Developer","@id":"https:\/\/qtmm.org\/qt\/#\/schema\/person\/de562469f971dec226ac06e60bbf74a7"},"headline":"Meclis temsilcisi Abduraman Egiz BMT Milliy azl\u0131qlarn\u0131\u00f1 meseleleri boyunca forumda i\u015ftirak etti","datePublished":"2012-11-30T12:01:00+00:00","dateModified":"2022-01-23T12:02:50+00:00","mainEntityOfPage":{"@id":"https:\/\/qtmm.org\/qt\/meclis-temsilcisi-abduraman-egiz-bmt-milliy-azliqlarnin-meseleleri-boyunca-forumda-istirak-etti\/"},"wordCount":818,"commentCount":0,"publisher":{"@id":"https:\/\/qtmm.org\/qt\/#organization"},"image":{"@id":"https:\/\/qtmm.org\/qt\/meclis-temsilcisi-abduraman-egiz-bmt-milliy-azliqlarnin-meseleleri-boyunca-forumda-istirak-etti\/#primaryimage"},"thumbnailUrl":"http:\/\/qtmm.org\/wp-content\/uploads\/2022\/01\/2-1.jpeg","articleSection":["Haberler"],"inLanguage":"qt","potentialAction":[{"@type":"CommentAction","name":"Comment","target":["https:\/\/qtmm.org\/qt\/meclis-temsilcisi-abduraman-egiz-bmt-milliy-azliqlarnin-meseleleri-boyunca-forumda-istirak-etti\/#respond"]}]},{"@type":"WebPage","@id":"https:\/\/qtmm.org\/qt\/meclis-temsilcisi-abduraman-egiz-bmt-milliy-azliqlarnin-meseleleri-boyunca-forumda-istirak-etti\/","url":"https:\/\/qtmm.org\/qt\/meclis-temsilcisi-abduraman-egiz-bmt-milliy-azliqlarnin-meseleleri-boyunca-forumda-istirak-etti\/","name":"Meclis temsilcisi Abduraman Egiz BMT Milliy azl\u0131qlarn\u0131\u00f1 meseleleri boyunca forumda i\u015ftirak etti - \u041c\u0435\u0434\u0436\u043b\u0456\u0441","isPartOf":{"@id":"https:\/\/qtmm.org\/qt\/#website"},"primaryImageOfPage":{"@id":"https:\/\/qtmm.org\/qt\/meclis-temsilcisi-abduraman-egiz-bmt-milliy-azliqlarnin-meseleleri-boyunca-forumda-istirak-etti\/#primaryimage"},"image":{"@id":"https:\/\/qtmm.org\/qt\/meclis-temsilcisi-abduraman-egiz-bmt-milliy-azliqlarnin-meseleleri-boyunca-forumda-istirak-etti\/#primaryimage"},"thumbnailUrl":"http:\/\/qtmm.org\/wp-content\/uploads\/2022\/01\/2-1.jpeg","datePublished":"2012-11-30T12:01:00+00:00","dateModified":"2022-01-23T12:02:50+00:00","breadcrumb":{"@id":"https:\/\/qtmm.org\/qt\/meclis-temsilcisi-abduraman-egiz-bmt-milliy-azliqlarnin-meseleleri-boyunca-forumda-istirak-etti\/#breadcrumb"},"inLanguage":"qt","potentialAction":[{"@type":"ReadAction","target":["https:\/\/qtmm.org\/qt\/meclis-temsilcisi-abduraman-egiz-bmt-milliy-azliqlarnin-meseleleri-boyunca-forumda-istirak-etti\/"]}]},{"@type":"ImageObject","inLanguage":"qt","@id":"https:\/\/qtmm.org\/qt\/meclis-temsilcisi-abduraman-egiz-bmt-milliy-azliqlarnin-meseleleri-boyunca-forumda-istirak-etti\/#primaryimage","url":"http:\/\/qtmm.org\/wp-content\/uploads\/2022\/01\/2-1.jpeg","contentUrl":"http:\/\/qtmm.org\/wp-content\/uploads\/2022\/01\/2-1.jpeg"},{"@type":"BreadcrumbList","@id":"https:\/\/qtmm.org\/qt\/meclis-temsilcisi-abduraman-egiz-bmt-milliy-azliqlarnin-meseleleri-boyunca-forumda-istirak-etti\/#breadcrumb","itemListElement":[{"@type":"ListItem","position":1,"name":"\u0413\u043e\u043b\u043e\u0432\u043d\u0430","item":"https:\/\/qtmm.org\/qt\/"},{"@type":"ListItem","position":2,"name":"Meclis temsilcisi Abduraman Egiz BMT Milliy azl\u0131qlarn\u0131\u00f1 meseleleri boyunca forumda i\u015ftirak etti"}]},{"@type":"WebSite","@id":"https:\/\/qtmm.org\/qt\/#website","url":"https:\/\/qtmm.org\/qt\/","name":"\u041c\u0435\u0434\u0436\u043b\u0456\u0441","description":"","publisher":{"@id":"https:\/\/qtmm.org\/qt\/#organization"},"potentialAction":[{"@type":"SearchAction","target":{"@type":"EntryPoint","urlTemplate":"https:\/\/qtmm.org\/qt\/?s={search_term_string}"},"query-input":{"@type":"PropertyValueSpecification","valueRequired":true,"valueName":"search_term_string"}}],"inLanguage":"qt"},{"@type":"Organization","@id":"https:\/\/qtmm.org\/qt\/#organization","name":"\u041c\u0435\u0434\u0436\u043b\u0456\u0441","url":"https:\/\/qtmm.org\/qt\/","logo":{"@type":"ImageObject","inLanguage":"qt","@id":"https:\/\/qtmm.org\/qt\/#\/schema\/logo\/image\/","url":"https:\/\/qtmm.org\/wp-content\/uploads\/2024\/12\/ua-mejlis-logo-rgb.svg","contentUrl":"https:\/\/qtmm.org\/wp-content\/uploads\/2024\/12\/ua-mejlis-logo-rgb.svg","caption":"\u041c\u0435\u0434\u0436\u043b\u0456\u0441"},"image":{"@id":"https:\/\/qtmm.org\/qt\/#\/schema\/logo\/image\/"},"sameAs":["https:\/\/www.facebook.com\/qtmm.info\/"]},{"@type":"Person","@id":"https:\/\/qtmm.org\/qt\/#\/schema\/person\/de562469f971dec226ac06e60bbf74a7","name":"Developer","image":{"@type":"ImageObject","inLanguage":"qt","@id":"https:\/\/secure.gravatar.com\/avatar\/392b4cc8fbfeb00b39dfeeab4ee6edded39ffd48e25858637e4765810300227e?s=96&d=mm&r=g","url":"https:\/\/secure.gravatar.com\/avatar\/392b4cc8fbfeb00b39dfeeab4ee6edded39ffd48e25858637e4765810300227e?s=96&d=mm&r=g","contentUrl":"https:\/\/secure.gravatar.com\/avatar\/392b4cc8fbfeb00b39dfeeab4ee6edded39ffd48e25858637e4765810300227e?s=96&d=mm&r=g","caption":"Developer"},"url":"https:\/\/qtmm.org\/qt\/author\/Developer\/"}]}},"_links":{"self":[{"href":"https:\/\/qtmm.org\/qt\/wp-json\/wp\/v2\/posts\/35464","targetHints":{"allow":["GET"]}}],"collection":[{"href":"https:\/\/qtmm.org\/qt\/wp-json\/wp\/v2\/posts"}],"about":[{"href":"https:\/\/qtmm.org\/qt\/wp-json\/wp\/v2\/types\/post"}],"author":[{"embeddable":true,"href":"https:\/\/qtmm.org\/qt\/wp-json\/wp\/v2\/users\/1"}],"replies":[{"embeddable":true,"href":"https:\/\/qtmm.org\/qt\/wp-json\/wp\/v2\/comments?post=35464"}],"version-history":[{"count":1,"href":"https:\/\/qtmm.org\/qt\/wp-json\/wp\/v2\/posts\/35464\/revisions"}],"predecessor-version":[{"id":35473,"href":"https:\/\/qtmm.org\/qt\/wp-json\/wp\/v2\/posts\/35464\/revisions\/35473"}],"wp:attachment":[{"href":"https:\/\/qtmm.org\/qt\/wp-json\/wp\/v2\/media?parent=35464"}],"wp:term":[{"taxonomy":"category","embeddable":true,"href":"https:\/\/qtmm.org\/qt\/wp-json\/wp\/v2\/categories?post=35464"},{"taxonomy":"post_tag","embeddable":true,"href":"https:\/\/qtmm.org\/qt\/wp-json\/wp\/v2\/tags?post=35464"}],"curies":[{"name":"wp","href":"https:\/\/api.w.org\/{rel}","templated":true}]}}