




{"id":35414,"date":"2012-11-28T14:59:00","date_gmt":"2012-11-28T11:59:00","guid":{"rendered":"http:\/\/qtmm.org\/?p=35414"},"modified":"2022-01-23T15:01:23","modified_gmt":"2022-01-23T12:01:23","slug":"meclis-reisi-mustafa-cemilev-turkiyedeki-marmara-universitetinde-qirimtatar-halqinin-milliy-areketi-aqqinda-aciq-lektsiya-oqudi","status":"publish","type":"post","link":"https:\/\/qtmm.org\/qt\/meclis-reisi-mustafa-cemilev-turkiyedeki-marmara-universitetinde-qirimtatar-halqinin-milliy-areketi-aqqinda-aciq-lektsiya-oqudi\/","title":{"rendered":"Meclis reisi Mustafa Cemilev T\u00fcrkiyedeki Marmara universitetinde q\u0131r\u0131mtatar halq\u0131n\u0131\u00f1 milliy areketi aqq\u0131nda a\u00e7\u0131q lektsiya oqud\u0131"},"content":{"rendered":"\n<p>Marmara universitetinde(Marmara \u00dcniversitesi) Q\u0131r\u0131mtatar halq\u0131 medeniyeti ve tarih\u0131n\u0131\u00f1 k\u00fcn\u00fcni ke\u00e7ir\u00fcv \u00e7er\u00e7ivesinde \u0130stanbulda noyabr 28 k\u00fcn\u00fc Meclis reisi Mustafa Cemilev universitetni\u00f1 ocalar\u0131 ve studentleri i\u00e7\u00fcn q\u0131r\u0131mtatar halq\u0131n\u0131\u00f1 milliy areketi ve halqn\u0131\u00f1 bug\u00fcnki vaziyeti aqq\u0131nda a\u00e7\u0131q lektsiya \u00f6tkerdi.<\/p>\n\n\n\n<p>Tedbir Marmara universitetini\u00f1 rektor\u0131, professor Zafer G\u00fcl ve \u0130stanbul q\u0131r\u0131mtatar dernegini\u00f1 reisi Cel\u00e2l \u0130\u00e7tenni\u00f1 te\u015febb\u00fcsinen yap\u0131ld\u0131.<\/p>\n\n\n\n<p>Marmara universitetinin 400 yerlik salon\u0131 Mustafa Cemilevni\u00f1 lektsiyas\u0131n\u0131 di\u00f1lemege kelgen insanlarn\u0131\u00f1 ancaq yar\u0131s\u0131n\u0131 s\u0131\u011fd\u0131ra bildi.<\/p>\n\n\n\n<p>Tedbirni\u00f1 ba\u015f\u0131nda &#8220;TRT&#8221; Devlet televizion kanal\u0131 vesiqal\u0131 film rejiss\u00f6rlar\u0131 Ne\u015fe Sar\u0131soy Qaratay ve Zafer Qaratay \u00f6zlerini\u00f1 &#8220;Q\u0131r\u0131mo\u011flu\u2026Bir milletni\u00f1 k\u00fcre\u015fi&#8221; adl\u0131 vesiqal\u0131 filmini taqdim etken videolevhan\u0131 k\u00f6sterdiler. Filmni\u00f1 prod\u00fcseri ve stsenariysini\u00f1 m\u00fcellifi Zafer Qaratay filmni\u00f1 m\u00fcndericesi ve \u00e7ekimler tarih\u0131n\u0131 tarif etip, film ba\u015fta Anqarada k\u00f6sterilecegini haber etti. &#8220;Film q\u0131r\u0131mtatar halq\u0131n\u0131\u00f1 1944 senesi may\u0131s 18-de Vatan\u0131ndan s\u00fcrg\u00fcn etilgeni ve q\u0131r\u0131mtatarlarn\u0131\u00f1 Vatan\u011fa qaytuv o\u011frundaki areketi, bun\u0131\u00f1 kibi de uquqqoruy\u0131c\u0131, siyahiy mahb\u00fcs, bug\u00fcnde-bug\u00fcn Q\u0131r\u0131mtatar halq\u0131 Meclisini\u00f1 reisi Mustafa Cemilevni\u00f1 \u00f6m\u00fcr yolu aqq\u0131nda ik\u00e2ye ete&#8221;, &#8211; dep qayd etti Z. Qaratay.<\/p>\n\n\n\n<p>Lektsiyada refiqas\u0131 ile bulun\u011fan T\u00fcrkiyeni\u00f1 Ukrainadaki sab\u0131q el\u00e7isi Ali Bilge Cankorel Sel\u00e2mlav s\u00f6zlerinen toplan\u011fanlar \u00f6g\u00fcnde \u00e7\u0131q\u0131\u015fta bulund\u0131. Marmara universitetini\u00f1 dotsenti \u0130cl\u00e2l han\u0131m alman tili ve edebiyat\u0131ndan ders bere. Ali Bilge Cankorel k\u00f6r\u00fc\u015f\u00fcv i\u015ftirak\u00e7ilerinen Ukrainada T\u00fcrkiyeni\u00f1 el\u00e7isi olaraq \u00e7al\u0131\u015fqan devrini hat\u0131rlayaraq, Q\u0131r\u0131mda T\u00fcrkiyeni\u00f1 qoltutuv\u0131nda amelge ke\u00e7irilgen leyhalar aqq\u0131nda ik\u00e2ye etti. &#8220;Men q\u0131r\u0131mtatar qarda\u015flar\u0131m\u0131zn\u0131\u00f1 ces\u00fcrligi ve iradesinen samimiy \u011fururlanam, &#8211; dedi Ali Bilge Cankorel ve s\u00fcrg\u00fcnlik facias\u0131n\u0131 ba\u015f\u0131ndan ke\u00e7irgen ve \u00f6z yurtuna qaytmaq i\u00e7\u00fcn halq faqat demokratik yollardan qullan\u011fan\u0131n\u0131 qayd etti.<\/p>\n\n\n\n<p>Lektsiyas\u0131n\u0131 ba\u015flamazdan evel Meclis reisi Mustafa Cemilev Marmara universitetini\u00f1 professorlar\u0131, oca ve talebelerini q\u0131r\u0131mtatar halq\u0131n\u0131\u00f1 tarih\u0131na ba\u011f\u0131\u015flan\u011fan tedbirler ke\u00e7irgenleri i\u00e7\u00fcn te\u015fekk\u00fcr bildirdi. C\u00fcmleden, Marmara universitetini\u00f1 te\u015febb\u00fcsi sayesinde T\u00fcrkiye cemaat\u00e7\u0131l\u0131\u011f\u0131 \u0130smail Gaspral\u0131 ve Cengiz Da\u011fc\u0131 icad\u0131 ve faaliyeti, q\u0131r\u0131mtatarlarn\u0131\u00f1 medeniyetinen tan\u0131\u015f old\u0131.<\/p>\n\n\n\n<p>Mustafa Cemilevni\u00f1 fikrince 100 bi\u00f1den ziyade, \u015fu s\u0131rada Q\u0131r\u0131mdan kelgen ya\u015flar da, studentler tasil al\u011fan universitet memleketni\u00f1 e\u00f1 ileri oquv yurtlar\u0131ndan biridir. A\u00e7\u0131q lektsiya devam\u0131nda Mustafa Cemilev q\u0131r\u0131mtatar halq\u0131 milliy areketini\u00f1 tarih\u0131 ve esas printsiplerinde toqtald\u0131.<\/p>\n\n\n\n<p>Belli ki, milliy areketke ta q\u0131r\u0131mtatarlarn\u0131\u00f1 devlet\u00e7iligi yoq etilgen Q\u0131r\u0131m hanl\u0131\u011f\u0131n\u0131\u00f1 yoq etil\u00fcv ve zorluqnen Rusiyege qo\u015ful\u011fan 1783 senesi nisan ay\u0131nda temel qoyul\u011fan edi. Meclisni\u00f1 yolba\u015f\u00e7\u0131s\u0131 halq tarih\u0131n\u0131\u00f1 facial\u0131 saifelerini a\u00e7arken, q\u0131r\u0131mtatarlarn\u0131\u00f1 Vatan\u011fa qaytmas\u0131 ne derecede m\u00fcrekkep ve a\u011f\u0131r ke\u00e7kenini k\u00f6sterdi. &#8220;Q\u0131r\u0131mtatar milliy areketi \u00f6z\u00fcni\u00f1 birligi, k\u00fcre\u015fni\u00f1 t\u0131n\u00e7 yolun\u0131 tutqan\u0131 i\u00e7\u00fcn b\u00fct\u00fcn d\u00fcnyada itibar qazanabildi&#8221;, &#8211; dedi Mustafa Cemilev.<br><br>Marmara universitetinde Q\u0131r\u0131mtatar halq\u0131 medeniyeti ve tarih\u0131n\u0131\u00f1 k\u00fcn\u00fc \u00e7er\u00e7ivesinde universitet \u00e7al\u011f\u0131c\u0131lar\u0131 q\u0131r\u0131mtatar y\u0131r ve na\u011fmelerini icra ettiler. So\u00f1ra musafirler q\u0131r\u0131mtatar ressamlar\u0131n\u0131\u00f1 sergisini seyir ettiler. Universitet rektor\u0131 Zafer G\u00fclni\u00f1 aytqan\u0131na k\u00f6re noyabr 26-30 k\u00fcnleri universitetni\u00f1 daveti boyunca \u0130stanbul\u011fa kelgen q\u0131r\u0131mtatar ressamlar\u0131n\u0131\u00f1 eserlerinden tertip etilgen sergi \u00e7al\u0131\u015facaq.<\/p>\n\n\n\n<p>Tedbirden so\u00f1 Marmara universitetinde \u0130stanbuldaki Q\u0131r\u0131mtatar dernegini\u00f1 ba\u015f\u0131 Cel\u00e2l \u0130\u00e7tenni\u00f1 qoltutuv\u0131 ile tantanal\u0131 aq\u015fam yemegi berildi. Noyabr 29 k\u00fcn\u00fc Meclis reisi Q\u0131r\u0131m\u011fa qayt\u0131p keldi.<br>&nbsp;<\/p>\n\n\n\n<p><strong><u>Mal\u00fcmat i\u00e7\u00fcn:<\/u><\/strong>&nbsp;&nbsp;&nbsp;<em>T\u00fcrkiyeni\u00f1 e\u00f1 eski aliy oquv yurtlar\u0131ndan biri ol\u011fan Marmara universitetinde oqu\u011fan 100 bi\u00f1 studentke 2800 oca ders bere. Marmara universiteti T\u00fcrkiyeni\u00f1 e\u00f1 \u00e7oqtilli bilim oca\u011f\u0131d\u0131r. M\u0131nda oquv t\u00fcrk, ingliz, alman ve frans\u0131z tillerinde al\u0131p bar\u0131la.<br><br>Ticaret, k\u00f6y hocal\u0131\u011f\u0131 ve ormanc\u0131l\u0131q nazirligine baqqan universitetni 15 yanvar 1883 senesi nazir Subhi Pa\u015fa a\u00e7qan. Ba\u015fta universitet Ticaret aliy mektebi, dep adland\u0131r\u0131l\u011fan. So\u00f1ra iqtisadiy ve idare ilimleri fakulteti old\u0131. 1982 senesi iy\u00fcl 20-de ise T\u00fcrkiyeni\u00f1 2809 nomerli qanun\u0131na binaen Marmara universiteti ad\u0131n\u0131 ald\u0131.<\/em><\/p>\n\n\n\n<p><em>Universitette 13 fakultet, 11 institut, 8 k\u00f6llec ve do\u011frudan-do\u011fru rektor imayesinde bulun\u011fan 3 b\u00f6l\u00fck \u00e7al\u0131\u015fmaqta. 28 ara\u015ft\u0131rma merkezi areket etip, oqutuv 104 y\u00f6neli\u015f boyunca al\u0131p bar\u0131la. Universitet tasilden \u011fayr\u0131 ne\u015friyat ve konsultativ faaliyet saas\u0131nda h\u0131zmet k\u00f6stere.<\/em><\/p>\n\n\n\n<figure class=\"wp-block-gallery columns-3 is-cropped wp-block-gallery-1 is-layout-flex wp-block-gallery-is-layout-flex\"><ul class=\"blocks-gallery-grid\"><li class=\"blocks-gallery-item\"><figure><a href=\"http:\/\/qtmm.org\/wp-content\/uploads\/2022\/01\/50b882cb16ee1.jpeg\"><img loading=\"lazy\" decoding=\"async\" width=\"640\" height=\"480\" src=\"http:\/\/qtmm.org\/wp-content\/uploads\/2022\/01\/50b882cb16ee1.jpeg\" alt=\"\" data-id=\"35415\" data-full-url=\"http:\/\/qtmm.org\/wp-content\/uploads\/2022\/01\/50b882cb16ee1.jpeg\" data-link=\"http:\/\/qtmm.org\/qt\/?attachment_id=35415\" class=\"wp-image-35415\" srcset=\"https:\/\/qtmm.org\/wp-content\/uploads\/2022\/01\/50b882cb16ee1.jpeg 640w, https:\/\/qtmm.org\/wp-content\/uploads\/2022\/01\/50b882cb16ee1-300x225.jpeg 300w\" sizes=\"auto, (max-width: 640px) 100vw, 640px\" \/><\/a><\/figure><\/li><li class=\"blocks-gallery-item\"><figure><a href=\"http:\/\/qtmm.org\/wp-content\/uploads\/2022\/01\/50b88142c12d9.jpeg\"><img loading=\"lazy\" decoding=\"async\" width=\"640\" height=\"480\" src=\"http:\/\/qtmm.org\/wp-content\/uploads\/2022\/01\/50b88142c12d9.jpeg\" alt=\"\" data-id=\"35419\" data-full-url=\"http:\/\/qtmm.org\/wp-content\/uploads\/2022\/01\/50b88142c12d9.jpeg\" data-link=\"http:\/\/qtmm.org\/qt\/?attachment_id=35419\" class=\"wp-image-35419\" srcset=\"https:\/\/qtmm.org\/wp-content\/uploads\/2022\/01\/50b88142c12d9.jpeg 640w, https:\/\/qtmm.org\/wp-content\/uploads\/2022\/01\/50b88142c12d9-300x225.jpeg 300w\" sizes=\"auto, (max-width: 640px) 100vw, 640px\" \/><\/a><\/figure><\/li><li class=\"blocks-gallery-item\"><figure><a href=\"http:\/\/qtmm.org\/wp-content\/uploads\/2022\/01\/50b88143a2e86.jpeg\"><img loading=\"lazy\" decoding=\"async\" width=\"640\" height=\"480\" src=\"http:\/\/qtmm.org\/wp-content\/uploads\/2022\/01\/50b88143a2e86.jpeg\" alt=\"\" data-id=\"35423\" data-full-url=\"http:\/\/qtmm.org\/wp-content\/uploads\/2022\/01\/50b88143a2e86.jpeg\" data-link=\"http:\/\/qtmm.org\/qt\/?attachment_id=35423\" class=\"wp-image-35423\" srcset=\"https:\/\/qtmm.org\/wp-content\/uploads\/2022\/01\/50b88143a2e86.jpeg 640w, https:\/\/qtmm.org\/wp-content\/uploads\/2022\/01\/50b88143a2e86-300x225.jpeg 300w\" sizes=\"auto, (max-width: 640px) 100vw, 640px\" \/><\/a><\/figure><\/li><li class=\"blocks-gallery-item\"><figure><a href=\"http:\/\/qtmm.org\/wp-content\/uploads\/2022\/01\/50b88144cf42b.jpeg\"><img loading=\"lazy\" decoding=\"async\" width=\"640\" height=\"480\" src=\"http:\/\/qtmm.org\/wp-content\/uploads\/2022\/01\/50b88144cf42b.jpeg\" alt=\"\" data-id=\"35427\" data-full-url=\"http:\/\/qtmm.org\/wp-content\/uploads\/2022\/01\/50b88144cf42b.jpeg\" data-link=\"http:\/\/qtmm.org\/qt\/?attachment_id=35427\" class=\"wp-image-35427\" srcset=\"https:\/\/qtmm.org\/wp-content\/uploads\/2022\/01\/50b88144cf42b.jpeg 640w, https:\/\/qtmm.org\/wp-content\/uploads\/2022\/01\/50b88144cf42b-300x225.jpeg 300w\" sizes=\"auto, (max-width: 640px) 100vw, 640px\" \/><\/a><\/figure><\/li><li class=\"blocks-gallery-item\"><figure><a href=\"http:\/\/qtmm.org\/wp-content\/uploads\/2022\/01\/50b881411c5eb.jpeg\"><img loading=\"lazy\" decoding=\"async\" width=\"640\" height=\"480\" src=\"http:\/\/qtmm.org\/wp-content\/uploads\/2022\/01\/50b881411c5eb.jpeg\" alt=\"\" data-id=\"35431\" data-full-url=\"http:\/\/qtmm.org\/wp-content\/uploads\/2022\/01\/50b881411c5eb.jpeg\" data-link=\"http:\/\/qtmm.org\/qt\/?attachment_id=35431\" class=\"wp-image-35431\" srcset=\"https:\/\/qtmm.org\/wp-content\/uploads\/2022\/01\/50b881411c5eb.jpeg 640w, https:\/\/qtmm.org\/wp-content\/uploads\/2022\/01\/50b881411c5eb-300x225.jpeg 300w\" sizes=\"auto, (max-width: 640px) 100vw, 640px\" \/><\/a><\/figure><\/li><li class=\"blocks-gallery-item\"><figure><a href=\"http:\/\/qtmm.org\/wp-content\/uploads\/2022\/01\/50b881418de7f.jpeg\"><img loading=\"lazy\" decoding=\"async\" width=\"640\" height=\"480\" src=\"http:\/\/qtmm.org\/wp-content\/uploads\/2022\/01\/50b881418de7f.jpeg\" alt=\"\" data-id=\"35435\" data-full-url=\"http:\/\/qtmm.org\/wp-content\/uploads\/2022\/01\/50b881418de7f.jpeg\" data-link=\"http:\/\/qtmm.org\/qt\/?attachment_id=35435\" class=\"wp-image-35435\" srcset=\"https:\/\/qtmm.org\/wp-content\/uploads\/2022\/01\/50b881418de7f.jpeg 640w, https:\/\/qtmm.org\/wp-content\/uploads\/2022\/01\/50b881418de7f-300x225.jpeg 300w\" sizes=\"auto, (max-width: 640px) 100vw, 640px\" \/><\/a><\/figure><\/li><li class=\"blocks-gallery-item\"><figure><a href=\"http:\/\/qtmm.org\/wp-content\/uploads\/2022\/01\/50b88140416ca.jpeg\"><img loading=\"lazy\" decoding=\"async\" width=\"640\" height=\"480\" src=\"http:\/\/qtmm.org\/wp-content\/uploads\/2022\/01\/50b88140416ca.jpeg\" alt=\"\" data-id=\"35439\" data-full-url=\"http:\/\/qtmm.org\/wp-content\/uploads\/2022\/01\/50b88140416ca.jpeg\" data-link=\"http:\/\/qtmm.org\/qt\/?attachment_id=35439\" class=\"wp-image-35439\" srcset=\"https:\/\/qtmm.org\/wp-content\/uploads\/2022\/01\/50b88140416ca.jpeg 640w, https:\/\/qtmm.org\/wp-content\/uploads\/2022\/01\/50b88140416ca-300x225.jpeg 300w\" sizes=\"auto, (max-width: 640px) 100vw, 640px\" \/><\/a><\/figure><\/li><li class=\"blocks-gallery-item\"><figure><a href=\"http:\/\/qtmm.org\/wp-content\/uploads\/2022\/01\/50b88142694a9.jpeg\"><img loading=\"lazy\" decoding=\"async\" width=\"640\" height=\"480\" src=\"http:\/\/qtmm.org\/wp-content\/uploads\/2022\/01\/50b88142694a9.jpeg\" alt=\"\" data-id=\"35443\" data-full-url=\"http:\/\/qtmm.org\/wp-content\/uploads\/2022\/01\/50b88142694a9.jpeg\" data-link=\"http:\/\/qtmm.org\/qt\/?attachment_id=35443\" class=\"wp-image-35443\" srcset=\"https:\/\/qtmm.org\/wp-content\/uploads\/2022\/01\/50b88142694a9.jpeg 640w, https:\/\/qtmm.org\/wp-content\/uploads\/2022\/01\/50b88142694a9-300x225.jpeg 300w\" sizes=\"auto, (max-width: 640px) 100vw, 640px\" \/><\/a><\/figure><\/li><li class=\"blocks-gallery-item\"><figure><a href=\"http:\/\/qtmm.org\/wp-content\/uploads\/2022\/01\/50b88143350e5.jpeg\"><img loading=\"lazy\" decoding=\"async\" width=\"640\" height=\"480\" src=\"http:\/\/qtmm.org\/wp-content\/uploads\/2022\/01\/50b88143350e5.jpeg\" alt=\"\" data-id=\"35447\" data-full-url=\"http:\/\/qtmm.org\/wp-content\/uploads\/2022\/01\/50b88143350e5.jpeg\" data-link=\"http:\/\/qtmm.org\/qt\/?attachment_id=35447\" class=\"wp-image-35447\" srcset=\"https:\/\/qtmm.org\/wp-content\/uploads\/2022\/01\/50b88143350e5.jpeg 640w, https:\/\/qtmm.org\/wp-content\/uploads\/2022\/01\/50b88143350e5-300x225.jpeg 300w\" sizes=\"auto, (max-width: 640px) 100vw, 640px\" \/><\/a><\/figure><\/li><li class=\"blocks-gallery-item\"><figure><a href=\"http:\/\/qtmm.org\/wp-content\/uploads\/2022\/01\/50b88144719bb.jpeg\"><img loading=\"lazy\" decoding=\"async\" width=\"640\" height=\"480\" src=\"http:\/\/qtmm.org\/wp-content\/uploads\/2022\/01\/50b88144719bb.jpeg\" alt=\"\" data-id=\"35451\" data-full-url=\"http:\/\/qtmm.org\/wp-content\/uploads\/2022\/01\/50b88144719bb.jpeg\" data-link=\"http:\/\/qtmm.org\/qt\/?attachment_id=35451\" class=\"wp-image-35451\" srcset=\"https:\/\/qtmm.org\/wp-content\/uploads\/2022\/01\/50b88144719bb.jpeg 640w, https:\/\/qtmm.org\/wp-content\/uploads\/2022\/01\/50b88144719bb-300x225.jpeg 300w\" sizes=\"auto, (max-width: 640px) 100vw, 640px\" \/><\/a><\/figure><\/li><li class=\"blocks-gallery-item\"><figure><a href=\"http:\/\/qtmm.org\/wp-content\/uploads\/2022\/01\/50b8814204752.jpeg\"><img loading=\"lazy\" decoding=\"async\" width=\"640\" height=\"480\" src=\"http:\/\/qtmm.org\/wp-content\/uploads\/2022\/01\/50b8814204752.jpeg\" alt=\"\" data-id=\"35455\" data-full-url=\"http:\/\/qtmm.org\/wp-content\/uploads\/2022\/01\/50b8814204752.jpeg\" data-link=\"http:\/\/qtmm.org\/qt\/?attachment_id=35455\" class=\"wp-image-35455\" srcset=\"https:\/\/qtmm.org\/wp-content\/uploads\/2022\/01\/50b8814204752.jpeg 640w, https:\/\/qtmm.org\/wp-content\/uploads\/2022\/01\/50b8814204752-300x225.jpeg 300w\" sizes=\"auto, (max-width: 640px) 100vw, 640px\" \/><\/a><\/figure><\/li><li class=\"blocks-gallery-item\"><figure><a href=\"http:\/\/qtmm.org\/wp-content\/uploads\/2022\/01\/50b8814414967.jpeg\"><img loading=\"lazy\" decoding=\"async\" width=\"640\" height=\"480\" src=\"http:\/\/qtmm.org\/wp-content\/uploads\/2022\/01\/50b8814414967.jpeg\" alt=\"\" data-id=\"35459\" data-full-url=\"http:\/\/qtmm.org\/wp-content\/uploads\/2022\/01\/50b8814414967.jpeg\" data-link=\"http:\/\/qtmm.org\/qt\/?attachment_id=35459\" class=\"wp-image-35459\" srcset=\"https:\/\/qtmm.org\/wp-content\/uploads\/2022\/01\/50b8814414967.jpeg 640w, https:\/\/qtmm.org\/wp-content\/uploads\/2022\/01\/50b8814414967-300x225.jpeg 300w\" sizes=\"auto, (max-width: 640px) 100vw, 640px\" \/><\/a><\/figure><\/li><\/ul><\/figure>\n","protected":false},"excerpt":{"rendered":"<p>Marmara universitetinde(Marmara \u00dcniversitesi) Q\u0131r\u0131mtatar halq\u0131 medeniyeti ve tarih\u0131n\u0131\u00f1 k\u00fcn\u00fcni ke\u00e7ir\u00fcv \u00e7er\u00e7ivesinde \u0130stanbulda noyabr 28 k\u00fcn\u00fc Meclis reisi Mustafa Cemilev universitetni\u00f1 ocalar\u0131 ve studentleri i\u00e7\u00fcn q\u0131r\u0131mtatar halq\u0131n\u0131\u00f1 milliy areketi ve halqn\u0131\u00f1 bug\u00fcnki vaziyeti aqq\u0131nda a\u00e7\u0131q lektsiya \u00f6tkerdi. Tedbir Marmara universitetini\u00f1 rektor\u0131, professor Zafer G\u00fcl ve \u0130stanbul q\u0131r\u0131mtatar dernegini\u00f1 reisi Cel\u00e2l \u0130\u00e7tenni\u00f1 te\u015febb\u00fcsinen yap\u0131ld\u0131. Marmara universitetinin 400 [&hellip;]<\/p>\n","protected":false},"author":1,"featured_media":35415,"comment_status":"open","ping_status":"open","sticky":false,"template":"","format":"standard","meta":{"inline_featured_image":false,"footnotes":""},"categories":[265],"tags":[],"class_list":["post-35414","post","type-post","status-publish","format-standard","has-post-thumbnail","hentry","category-haberler"],"acf":[],"yoast_head":"<!-- This site is optimized with the Yoast SEO plugin v27.4 - https:\/\/yoast.com\/product\/yoast-seo-wordpress\/ -->\n<title>Meclis reisi Mustafa Cemilev T\u00fcrkiyedeki Marmara universitetinde q\u0131r\u0131mtatar halq\u0131n\u0131\u00f1 milliy areketi aqq\u0131nda a\u00e7\u0131q lektsiya oqud\u0131 - \u041c\u0435\u0434\u0436\u043b\u0456\u0441<\/title>\n<meta name=\"robots\" content=\"index, follow, max-snippet:-1, max-image-preview:large, max-video-preview:-1\" \/>\n<link rel=\"canonical\" href=\"https:\/\/qtmm.org\/qt\/meclis-reisi-mustafa-cemilev-turkiyedeki-marmara-universitetinde-qirimtatar-halqinin-milliy-areketi-aqqinda-aciq-lektsiya-oqudi\/\" \/>\n<meta property=\"og:locale\" content=\"en_US\" \/>\n<meta property=\"og:type\" content=\"article\" \/>\n<meta property=\"og:title\" content=\"Meclis reisi Mustafa Cemilev T\u00fcrkiyedeki Marmara universitetinde q\u0131r\u0131mtatar halq\u0131n\u0131\u00f1 milliy areketi aqq\u0131nda a\u00e7\u0131q lektsiya oqud\u0131 - \u041c\u0435\u0434\u0436\u043b\u0456\u0441\" \/>\n<meta property=\"og:description\" content=\"Marmara universitetinde(Marmara \u00dcniversitesi) Q\u0131r\u0131mtatar halq\u0131 medeniyeti ve tarih\u0131n\u0131\u00f1 k\u00fcn\u00fcni ke\u00e7ir\u00fcv \u00e7er\u00e7ivesinde \u0130stanbulda noyabr 28 k\u00fcn\u00fc Meclis reisi Mustafa Cemilev universitetni\u00f1 ocalar\u0131 ve studentleri i\u00e7\u00fcn q\u0131r\u0131mtatar halq\u0131n\u0131\u00f1 milliy areketi ve halqn\u0131\u00f1 bug\u00fcnki vaziyeti aqq\u0131nda a\u00e7\u0131q lektsiya \u00f6tkerdi. Tedbir Marmara universitetini\u00f1 rektor\u0131, professor Zafer G\u00fcl ve \u0130stanbul q\u0131r\u0131mtatar dernegini\u00f1 reisi Cel\u00e2l \u0130\u00e7tenni\u00f1 te\u015febb\u00fcsinen yap\u0131ld\u0131. Marmara universitetinin 400 [&hellip;]\" \/>\n<meta property=\"og:url\" content=\"https:\/\/qtmm.org\/qt\/meclis-reisi-mustafa-cemilev-turkiyedeki-marmara-universitetinde-qirimtatar-halqinin-milliy-areketi-aqqinda-aciq-lektsiya-oqudi\/\" \/>\n<meta property=\"og:site_name\" content=\"\u041c\u0435\u0434\u0436\u043b\u0456\u0441\" \/>\n<meta property=\"article:publisher\" content=\"https:\/\/www.facebook.com\/qtmm.info\/\" \/>\n<meta property=\"article:published_time\" content=\"2012-11-28T11:59:00+00:00\" \/>\n<meta property=\"article:modified_time\" content=\"2022-01-23T12:01:23+00:00\" \/>\n<meta property=\"og:image\" content=\"https:\/\/qtmm.org\/wp-content\/uploads\/2022\/01\/50b882cb16ee1.jpeg\" \/>\n\t<meta property=\"og:image:width\" content=\"640\" \/>\n\t<meta property=\"og:image:height\" content=\"480\" \/>\n\t<meta property=\"og:image:type\" content=\"image\/jpeg\" \/>\n<meta name=\"author\" content=\"Developer\" \/>\n<meta name=\"twitter:card\" content=\"summary_large_image\" \/>\n<meta name=\"twitter:label1\" content=\"Written by\" \/>\n\t<meta name=\"twitter:data1\" content=\"Developer\" \/>\n\t<meta name=\"twitter:label2\" content=\"Est. reading time\" \/>\n\t<meta name=\"twitter:data2\" content=\"4 minutes\" \/>\n<script type=\"application\/ld+json\" class=\"yoast-schema-graph\">{\"@context\":\"https:\\\/\\\/schema.org\",\"@graph\":[{\"@type\":\"Article\",\"@id\":\"https:\\\/\\\/qtmm.org\\\/qt\\\/meclis-reisi-mustafa-cemilev-turkiyedeki-marmara-universitetinde-qirimtatar-halqinin-milliy-areketi-aqqinda-aciq-lektsiya-oqudi\\\/#article\",\"isPartOf\":{\"@id\":\"https:\\\/\\\/qtmm.org\\\/qt\\\/meclis-reisi-mustafa-cemilev-turkiyedeki-marmara-universitetinde-qirimtatar-halqinin-milliy-areketi-aqqinda-aciq-lektsiya-oqudi\\\/\"},\"author\":{\"name\":\"Developer\",\"@id\":\"https:\\\/\\\/qtmm.org\\\/qt\\\/#\\\/schema\\\/person\\\/de562469f971dec226ac06e60bbf74a7\"},\"headline\":\"Meclis reisi Mustafa Cemilev T\u00fcrkiyedeki Marmara universitetinde q\u0131r\u0131mtatar halq\u0131n\u0131\u00f1 milliy areketi aqq\u0131nda a\u00e7\u0131q lektsiya oqud\u0131\",\"datePublished\":\"2012-11-28T11:59:00+00:00\",\"dateModified\":\"2022-01-23T12:01:23+00:00\",\"mainEntityOfPage\":{\"@id\":\"https:\\\/\\\/qtmm.org\\\/qt\\\/meclis-reisi-mustafa-cemilev-turkiyedeki-marmara-universitetinde-qirimtatar-halqinin-milliy-areketi-aqqinda-aciq-lektsiya-oqudi\\\/\"},\"wordCount\":808,\"commentCount\":0,\"publisher\":{\"@id\":\"https:\\\/\\\/qtmm.org\\\/qt\\\/#organization\"},\"image\":{\"@id\":\"https:\\\/\\\/qtmm.org\\\/qt\\\/meclis-reisi-mustafa-cemilev-turkiyedeki-marmara-universitetinde-qirimtatar-halqinin-milliy-areketi-aqqinda-aciq-lektsiya-oqudi\\\/#primaryimage\"},\"thumbnailUrl\":\"https:\\\/\\\/qtmm.org\\\/wp-content\\\/uploads\\\/2022\\\/01\\\/50b882cb16ee1.jpeg\",\"articleSection\":[\"Haberler\"],\"inLanguage\":\"qt\",\"potentialAction\":[{\"@type\":\"CommentAction\",\"name\":\"Comment\",\"target\":[\"https:\\\/\\\/qtmm.org\\\/qt\\\/meclis-reisi-mustafa-cemilev-turkiyedeki-marmara-universitetinde-qirimtatar-halqinin-milliy-areketi-aqqinda-aciq-lektsiya-oqudi\\\/#respond\"]}]},{\"@type\":\"WebPage\",\"@id\":\"https:\\\/\\\/qtmm.org\\\/qt\\\/meclis-reisi-mustafa-cemilev-turkiyedeki-marmara-universitetinde-qirimtatar-halqinin-milliy-areketi-aqqinda-aciq-lektsiya-oqudi\\\/\",\"url\":\"https:\\\/\\\/qtmm.org\\\/qt\\\/meclis-reisi-mustafa-cemilev-turkiyedeki-marmara-universitetinde-qirimtatar-halqinin-milliy-areketi-aqqinda-aciq-lektsiya-oqudi\\\/\",\"name\":\"Meclis reisi Mustafa Cemilev T\u00fcrkiyedeki Marmara universitetinde q\u0131r\u0131mtatar halq\u0131n\u0131\u00f1 milliy areketi aqq\u0131nda a\u00e7\u0131q lektsiya oqud\u0131 - \u041c\u0435\u0434\u0436\u043b\u0456\u0441\",\"isPartOf\":{\"@id\":\"https:\\\/\\\/qtmm.org\\\/qt\\\/#website\"},\"primaryImageOfPage\":{\"@id\":\"https:\\\/\\\/qtmm.org\\\/qt\\\/meclis-reisi-mustafa-cemilev-turkiyedeki-marmara-universitetinde-qirimtatar-halqinin-milliy-areketi-aqqinda-aciq-lektsiya-oqudi\\\/#primaryimage\"},\"image\":{\"@id\":\"https:\\\/\\\/qtmm.org\\\/qt\\\/meclis-reisi-mustafa-cemilev-turkiyedeki-marmara-universitetinde-qirimtatar-halqinin-milliy-areketi-aqqinda-aciq-lektsiya-oqudi\\\/#primaryimage\"},\"thumbnailUrl\":\"https:\\\/\\\/qtmm.org\\\/wp-content\\\/uploads\\\/2022\\\/01\\\/50b882cb16ee1.jpeg\",\"datePublished\":\"2012-11-28T11:59:00+00:00\",\"dateModified\":\"2022-01-23T12:01:23+00:00\",\"breadcrumb\":{\"@id\":\"https:\\\/\\\/qtmm.org\\\/qt\\\/meclis-reisi-mustafa-cemilev-turkiyedeki-marmara-universitetinde-qirimtatar-halqinin-milliy-areketi-aqqinda-aciq-lektsiya-oqudi\\\/#breadcrumb\"},\"inLanguage\":\"qt\",\"potentialAction\":[{\"@type\":\"ReadAction\",\"target\":[\"https:\\\/\\\/qtmm.org\\\/qt\\\/meclis-reisi-mustafa-cemilev-turkiyedeki-marmara-universitetinde-qirimtatar-halqinin-milliy-areketi-aqqinda-aciq-lektsiya-oqudi\\\/\"]}]},{\"@type\":\"ImageObject\",\"inLanguage\":\"qt\",\"@id\":\"https:\\\/\\\/qtmm.org\\\/qt\\\/meclis-reisi-mustafa-cemilev-turkiyedeki-marmara-universitetinde-qirimtatar-halqinin-milliy-areketi-aqqinda-aciq-lektsiya-oqudi\\\/#primaryimage\",\"url\":\"https:\\\/\\\/qtmm.org\\\/wp-content\\\/uploads\\\/2022\\\/01\\\/50b882cb16ee1.jpeg\",\"contentUrl\":\"https:\\\/\\\/qtmm.org\\\/wp-content\\\/uploads\\\/2022\\\/01\\\/50b882cb16ee1.jpeg\",\"width\":640,\"height\":480},{\"@type\":\"BreadcrumbList\",\"@id\":\"https:\\\/\\\/qtmm.org\\\/qt\\\/meclis-reisi-mustafa-cemilev-turkiyedeki-marmara-universitetinde-qirimtatar-halqinin-milliy-areketi-aqqinda-aciq-lektsiya-oqudi\\\/#breadcrumb\",\"itemListElement\":[{\"@type\":\"ListItem\",\"position\":1,\"name\":\"\u0413\u043e\u043b\u043e\u0432\u043d\u0430\",\"item\":\"https:\\\/\\\/qtmm.org\\\/qt\\\/\"},{\"@type\":\"ListItem\",\"position\":2,\"name\":\"Meclis reisi Mustafa Cemilev T\u00fcrkiyedeki Marmara universitetinde q\u0131r\u0131mtatar halq\u0131n\u0131\u00f1 milliy areketi aqq\u0131nda a\u00e7\u0131q lektsiya oqud\u0131\"}]},{\"@type\":\"WebSite\",\"@id\":\"https:\\\/\\\/qtmm.org\\\/qt\\\/#website\",\"url\":\"https:\\\/\\\/qtmm.org\\\/qt\\\/\",\"name\":\"\u041c\u0435\u0434\u0436\u043b\u0456\u0441\",\"description\":\"\",\"publisher\":{\"@id\":\"https:\\\/\\\/qtmm.org\\\/qt\\\/#organization\"},\"potentialAction\":[{\"@type\":\"SearchAction\",\"target\":{\"@type\":\"EntryPoint\",\"urlTemplate\":\"https:\\\/\\\/qtmm.org\\\/qt\\\/?s={search_term_string}\"},\"query-input\":{\"@type\":\"PropertyValueSpecification\",\"valueRequired\":true,\"valueName\":\"search_term_string\"}}],\"inLanguage\":\"qt\"},{\"@type\":\"Organization\",\"@id\":\"https:\\\/\\\/qtmm.org\\\/qt\\\/#organization\",\"name\":\"\u041c\u0435\u0434\u0436\u043b\u0456\u0441\",\"url\":\"https:\\\/\\\/qtmm.org\\\/qt\\\/\",\"logo\":{\"@type\":\"ImageObject\",\"inLanguage\":\"qt\",\"@id\":\"https:\\\/\\\/qtmm.org\\\/qt\\\/#\\\/schema\\\/logo\\\/image\\\/\",\"url\":\"https:\\\/\\\/qtmm.org\\\/wp-content\\\/uploads\\\/2024\\\/12\\\/ua-mejlis-logo-rgb.svg\",\"contentUrl\":\"https:\\\/\\\/qtmm.org\\\/wp-content\\\/uploads\\\/2024\\\/12\\\/ua-mejlis-logo-rgb.svg\",\"caption\":\"\u041c\u0435\u0434\u0436\u043b\u0456\u0441\"},\"image\":{\"@id\":\"https:\\\/\\\/qtmm.org\\\/qt\\\/#\\\/schema\\\/logo\\\/image\\\/\"},\"sameAs\":[\"https:\\\/\\\/www.facebook.com\\\/qtmm.info\\\/\"]},{\"@type\":\"Person\",\"@id\":\"https:\\\/\\\/qtmm.org\\\/qt\\\/#\\\/schema\\\/person\\\/de562469f971dec226ac06e60bbf74a7\",\"name\":\"Developer\",\"image\":{\"@type\":\"ImageObject\",\"inLanguage\":\"qt\",\"@id\":\"https:\\\/\\\/secure.gravatar.com\\\/avatar\\\/392b4cc8fbfeb00b39dfeeab4ee6edded39ffd48e25858637e4765810300227e?s=96&d=mm&r=g\",\"url\":\"https:\\\/\\\/secure.gravatar.com\\\/avatar\\\/392b4cc8fbfeb00b39dfeeab4ee6edded39ffd48e25858637e4765810300227e?s=96&d=mm&r=g\",\"contentUrl\":\"https:\\\/\\\/secure.gravatar.com\\\/avatar\\\/392b4cc8fbfeb00b39dfeeab4ee6edded39ffd48e25858637e4765810300227e?s=96&d=mm&r=g\",\"caption\":\"Developer\"},\"url\":\"https:\\\/\\\/qtmm.org\\\/qt\\\/author\\\/Developer\\\/\"}]}<\/script>\n<!-- \/ Yoast SEO plugin. -->","yoast_head_json":{"title":"Meclis reisi Mustafa Cemilev T\u00fcrkiyedeki Marmara universitetinde q\u0131r\u0131mtatar halq\u0131n\u0131\u00f1 milliy areketi aqq\u0131nda a\u00e7\u0131q lektsiya oqud\u0131 - \u041c\u0435\u0434\u0436\u043b\u0456\u0441","robots":{"index":"index","follow":"follow","max-snippet":"max-snippet:-1","max-image-preview":"max-image-preview:large","max-video-preview":"max-video-preview:-1"},"canonical":"https:\/\/qtmm.org\/qt\/meclis-reisi-mustafa-cemilev-turkiyedeki-marmara-universitetinde-qirimtatar-halqinin-milliy-areketi-aqqinda-aciq-lektsiya-oqudi\/","og_locale":"en_US","og_type":"article","og_title":"Meclis reisi Mustafa Cemilev T\u00fcrkiyedeki Marmara universitetinde q\u0131r\u0131mtatar halq\u0131n\u0131\u00f1 milliy areketi aqq\u0131nda a\u00e7\u0131q lektsiya oqud\u0131 - \u041c\u0435\u0434\u0436\u043b\u0456\u0441","og_description":"Marmara universitetinde(Marmara \u00dcniversitesi) Q\u0131r\u0131mtatar halq\u0131 medeniyeti ve tarih\u0131n\u0131\u00f1 k\u00fcn\u00fcni ke\u00e7ir\u00fcv \u00e7er\u00e7ivesinde \u0130stanbulda noyabr 28 k\u00fcn\u00fc Meclis reisi Mustafa Cemilev universitetni\u00f1 ocalar\u0131 ve studentleri i\u00e7\u00fcn q\u0131r\u0131mtatar halq\u0131n\u0131\u00f1 milliy areketi ve halqn\u0131\u00f1 bug\u00fcnki vaziyeti aqq\u0131nda a\u00e7\u0131q lektsiya \u00f6tkerdi. Tedbir Marmara universitetini\u00f1 rektor\u0131, professor Zafer G\u00fcl ve \u0130stanbul q\u0131r\u0131mtatar dernegini\u00f1 reisi Cel\u00e2l \u0130\u00e7tenni\u00f1 te\u015febb\u00fcsinen yap\u0131ld\u0131. Marmara universitetinin 400 [&hellip;]","og_url":"https:\/\/qtmm.org\/qt\/meclis-reisi-mustafa-cemilev-turkiyedeki-marmara-universitetinde-qirimtatar-halqinin-milliy-areketi-aqqinda-aciq-lektsiya-oqudi\/","og_site_name":"\u041c\u0435\u0434\u0436\u043b\u0456\u0441","article_publisher":"https:\/\/www.facebook.com\/qtmm.info\/","article_published_time":"2012-11-28T11:59:00+00:00","article_modified_time":"2022-01-23T12:01:23+00:00","og_image":[{"width":640,"height":480,"url":"https:\/\/qtmm.org\/wp-content\/uploads\/2022\/01\/50b882cb16ee1.jpeg","type":"image\/jpeg"}],"author":"Developer","twitter_card":"summary_large_image","twitter_misc":{"Written by":"Developer","Est. reading time":"4 minutes"},"schema":{"@context":"https:\/\/schema.org","@graph":[{"@type":"Article","@id":"https:\/\/qtmm.org\/qt\/meclis-reisi-mustafa-cemilev-turkiyedeki-marmara-universitetinde-qirimtatar-halqinin-milliy-areketi-aqqinda-aciq-lektsiya-oqudi\/#article","isPartOf":{"@id":"https:\/\/qtmm.org\/qt\/meclis-reisi-mustafa-cemilev-turkiyedeki-marmara-universitetinde-qirimtatar-halqinin-milliy-areketi-aqqinda-aciq-lektsiya-oqudi\/"},"author":{"name":"Developer","@id":"https:\/\/qtmm.org\/qt\/#\/schema\/person\/de562469f971dec226ac06e60bbf74a7"},"headline":"Meclis reisi Mustafa Cemilev T\u00fcrkiyedeki Marmara universitetinde q\u0131r\u0131mtatar halq\u0131n\u0131\u00f1 milliy areketi aqq\u0131nda a\u00e7\u0131q lektsiya oqud\u0131","datePublished":"2012-11-28T11:59:00+00:00","dateModified":"2022-01-23T12:01:23+00:00","mainEntityOfPage":{"@id":"https:\/\/qtmm.org\/qt\/meclis-reisi-mustafa-cemilev-turkiyedeki-marmara-universitetinde-qirimtatar-halqinin-milliy-areketi-aqqinda-aciq-lektsiya-oqudi\/"},"wordCount":808,"commentCount":0,"publisher":{"@id":"https:\/\/qtmm.org\/qt\/#organization"},"image":{"@id":"https:\/\/qtmm.org\/qt\/meclis-reisi-mustafa-cemilev-turkiyedeki-marmara-universitetinde-qirimtatar-halqinin-milliy-areketi-aqqinda-aciq-lektsiya-oqudi\/#primaryimage"},"thumbnailUrl":"https:\/\/qtmm.org\/wp-content\/uploads\/2022\/01\/50b882cb16ee1.jpeg","articleSection":["Haberler"],"inLanguage":"qt","potentialAction":[{"@type":"CommentAction","name":"Comment","target":["https:\/\/qtmm.org\/qt\/meclis-reisi-mustafa-cemilev-turkiyedeki-marmara-universitetinde-qirimtatar-halqinin-milliy-areketi-aqqinda-aciq-lektsiya-oqudi\/#respond"]}]},{"@type":"WebPage","@id":"https:\/\/qtmm.org\/qt\/meclis-reisi-mustafa-cemilev-turkiyedeki-marmara-universitetinde-qirimtatar-halqinin-milliy-areketi-aqqinda-aciq-lektsiya-oqudi\/","url":"https:\/\/qtmm.org\/qt\/meclis-reisi-mustafa-cemilev-turkiyedeki-marmara-universitetinde-qirimtatar-halqinin-milliy-areketi-aqqinda-aciq-lektsiya-oqudi\/","name":"Meclis reisi Mustafa Cemilev T\u00fcrkiyedeki Marmara universitetinde q\u0131r\u0131mtatar halq\u0131n\u0131\u00f1 milliy areketi aqq\u0131nda a\u00e7\u0131q lektsiya oqud\u0131 - \u041c\u0435\u0434\u0436\u043b\u0456\u0441","isPartOf":{"@id":"https:\/\/qtmm.org\/qt\/#website"},"primaryImageOfPage":{"@id":"https:\/\/qtmm.org\/qt\/meclis-reisi-mustafa-cemilev-turkiyedeki-marmara-universitetinde-qirimtatar-halqinin-milliy-areketi-aqqinda-aciq-lektsiya-oqudi\/#primaryimage"},"image":{"@id":"https:\/\/qtmm.org\/qt\/meclis-reisi-mustafa-cemilev-turkiyedeki-marmara-universitetinde-qirimtatar-halqinin-milliy-areketi-aqqinda-aciq-lektsiya-oqudi\/#primaryimage"},"thumbnailUrl":"https:\/\/qtmm.org\/wp-content\/uploads\/2022\/01\/50b882cb16ee1.jpeg","datePublished":"2012-11-28T11:59:00+00:00","dateModified":"2022-01-23T12:01:23+00:00","breadcrumb":{"@id":"https:\/\/qtmm.org\/qt\/meclis-reisi-mustafa-cemilev-turkiyedeki-marmara-universitetinde-qirimtatar-halqinin-milliy-areketi-aqqinda-aciq-lektsiya-oqudi\/#breadcrumb"},"inLanguage":"qt","potentialAction":[{"@type":"ReadAction","target":["https:\/\/qtmm.org\/qt\/meclis-reisi-mustafa-cemilev-turkiyedeki-marmara-universitetinde-qirimtatar-halqinin-milliy-areketi-aqqinda-aciq-lektsiya-oqudi\/"]}]},{"@type":"ImageObject","inLanguage":"qt","@id":"https:\/\/qtmm.org\/qt\/meclis-reisi-mustafa-cemilev-turkiyedeki-marmara-universitetinde-qirimtatar-halqinin-milliy-areketi-aqqinda-aciq-lektsiya-oqudi\/#primaryimage","url":"https:\/\/qtmm.org\/wp-content\/uploads\/2022\/01\/50b882cb16ee1.jpeg","contentUrl":"https:\/\/qtmm.org\/wp-content\/uploads\/2022\/01\/50b882cb16ee1.jpeg","width":640,"height":480},{"@type":"BreadcrumbList","@id":"https:\/\/qtmm.org\/qt\/meclis-reisi-mustafa-cemilev-turkiyedeki-marmara-universitetinde-qirimtatar-halqinin-milliy-areketi-aqqinda-aciq-lektsiya-oqudi\/#breadcrumb","itemListElement":[{"@type":"ListItem","position":1,"name":"\u0413\u043e\u043b\u043e\u0432\u043d\u0430","item":"https:\/\/qtmm.org\/qt\/"},{"@type":"ListItem","position":2,"name":"Meclis reisi Mustafa Cemilev T\u00fcrkiyedeki Marmara universitetinde q\u0131r\u0131mtatar halq\u0131n\u0131\u00f1 milliy areketi aqq\u0131nda a\u00e7\u0131q lektsiya oqud\u0131"}]},{"@type":"WebSite","@id":"https:\/\/qtmm.org\/qt\/#website","url":"https:\/\/qtmm.org\/qt\/","name":"\u041c\u0435\u0434\u0436\u043b\u0456\u0441","description":"","publisher":{"@id":"https:\/\/qtmm.org\/qt\/#organization"},"potentialAction":[{"@type":"SearchAction","target":{"@type":"EntryPoint","urlTemplate":"https:\/\/qtmm.org\/qt\/?s={search_term_string}"},"query-input":{"@type":"PropertyValueSpecification","valueRequired":true,"valueName":"search_term_string"}}],"inLanguage":"qt"},{"@type":"Organization","@id":"https:\/\/qtmm.org\/qt\/#organization","name":"\u041c\u0435\u0434\u0436\u043b\u0456\u0441","url":"https:\/\/qtmm.org\/qt\/","logo":{"@type":"ImageObject","inLanguage":"qt","@id":"https:\/\/qtmm.org\/qt\/#\/schema\/logo\/image\/","url":"https:\/\/qtmm.org\/wp-content\/uploads\/2024\/12\/ua-mejlis-logo-rgb.svg","contentUrl":"https:\/\/qtmm.org\/wp-content\/uploads\/2024\/12\/ua-mejlis-logo-rgb.svg","caption":"\u041c\u0435\u0434\u0436\u043b\u0456\u0441"},"image":{"@id":"https:\/\/qtmm.org\/qt\/#\/schema\/logo\/image\/"},"sameAs":["https:\/\/www.facebook.com\/qtmm.info\/"]},{"@type":"Person","@id":"https:\/\/qtmm.org\/qt\/#\/schema\/person\/de562469f971dec226ac06e60bbf74a7","name":"Developer","image":{"@type":"ImageObject","inLanguage":"qt","@id":"https:\/\/secure.gravatar.com\/avatar\/392b4cc8fbfeb00b39dfeeab4ee6edded39ffd48e25858637e4765810300227e?s=96&d=mm&r=g","url":"https:\/\/secure.gravatar.com\/avatar\/392b4cc8fbfeb00b39dfeeab4ee6edded39ffd48e25858637e4765810300227e?s=96&d=mm&r=g","contentUrl":"https:\/\/secure.gravatar.com\/avatar\/392b4cc8fbfeb00b39dfeeab4ee6edded39ffd48e25858637e4765810300227e?s=96&d=mm&r=g","caption":"Developer"},"url":"https:\/\/qtmm.org\/qt\/author\/Developer\/"}]}},"_links":{"self":[{"href":"https:\/\/qtmm.org\/qt\/wp-json\/wp\/v2\/posts\/35414","targetHints":{"allow":["GET"]}}],"collection":[{"href":"https:\/\/qtmm.org\/qt\/wp-json\/wp\/v2\/posts"}],"about":[{"href":"https:\/\/qtmm.org\/qt\/wp-json\/wp\/v2\/types\/post"}],"author":[{"embeddable":true,"href":"https:\/\/qtmm.org\/qt\/wp-json\/wp\/v2\/users\/1"}],"replies":[{"embeddable":true,"href":"https:\/\/qtmm.org\/qt\/wp-json\/wp\/v2\/comments?post=35414"}],"version-history":[{"count":1,"href":"https:\/\/qtmm.org\/qt\/wp-json\/wp\/v2\/posts\/35414\/revisions"}],"predecessor-version":[{"id":35463,"href":"https:\/\/qtmm.org\/qt\/wp-json\/wp\/v2\/posts\/35414\/revisions\/35463"}],"wp:featuredmedia":[{"embeddable":true,"href":"https:\/\/qtmm.org\/qt\/wp-json\/wp\/v2\/media\/35415"}],"wp:attachment":[{"href":"https:\/\/qtmm.org\/qt\/wp-json\/wp\/v2\/media?parent=35414"}],"wp:term":[{"taxonomy":"category","embeddable":true,"href":"https:\/\/qtmm.org\/qt\/wp-json\/wp\/v2\/categories?post=35414"},{"taxonomy":"post_tag","embeddable":true,"href":"https:\/\/qtmm.org\/qt\/wp-json\/wp\/v2\/tags?post=35414"}],"curies":[{"name":"wp","href":"https:\/\/api.w.org\/{rel}","templated":true}]}}