




{"id":35408,"date":"2012-11-27T14:58:00","date_gmt":"2012-11-27T11:58:00","guid":{"rendered":"http:\/\/qtmm.org\/?p=35408"},"modified":"2022-01-23T14:59:26","modified_gmt":"2022-01-23T11:59:26","slug":"jenevada-bmt-insan-aqlari-boyunca-kenesi-milliy-azliqlarnin-meseleleri-boyunca-forumnin-besinci-sessiyasi-baslandi","status":"publish","type":"post","link":"https:\/\/qtmm.org\/qt\/jenevada-bmt-insan-aqlari-boyunca-kenesi-milliy-azliqlarnin-meseleleri-boyunca-forumnin-besinci-sessiyasi-baslandi\/","title":{"rendered":"Jenevada BMT \u0130nsan aqlar\u0131 boyunca ke\u00f1e\u015fi milliy azl\u0131qlarn\u0131\u00f1 meseleleri boyunca forumn\u0131\u00f1 be\u015finci sessiyas\u0131 ba\u015fland\u0131"},"content":{"rendered":"\n<p>2012 senesi noyabr 27-de \u0130sve\u00e7rede Jenevada BMT merkezinde BMT \u0130nsan aqlar\u0131 boyunca ke\u00f1e\u015fi milliy azl\u0131qlarn\u0131\u00f1 meseleleri boyunca forumn\u0131\u00f1 be\u015finci sessiyas\u0131 a\u00e7\u0131ld\u0131. Forum BMT Ba\u015f k\u00e2tibi Pan Gi Munn\u0131\u00f1 video muracaat\u0131nen ba\u015fland\u0131.<br><br>Milliy azl\u0131qlarn\u0131\u00f1 meseleleri boyunca forumn\u0131\u00f1 be\u015finci sessiyas\u0131 &#8220;Milliy, diniy ve etnik azl\u0131qlar\u011fa mens\u00fcp \u015fah\u0131slar aqlar\u0131n\u0131\u00f1 deklaratsiyas\u0131n\u0131 amelge ke\u00e7ir\u00fcv: m\u00fcsbet tecribe ve imk\u00e2nlar&#8221; mevzus\u0131na ba\u011f\u0131\u015flana.<\/p>\n\n\n\n<p>2012 senesi Birle\u015fken Milletler Te\u015fkil\u00e2t\u0131 &#8220;Milliy, diniy ve etnik azl\u0131qlar\u011fa mens\u00fcp \u015fah\u0131slar aqlar\u0131n\u0131\u00f1 deklaratsiyas\u0131&#8221;n\u0131 qabul etkenini\u00f1 yigirmi y\u0131ll\u0131\u011f\u0131n\u0131 qayd ete. Bu vaqia Deklaratsiyan\u0131\u00f1 amelde qullanmas\u0131 ve \u00f6m\u00fcrge ke\u00e7irilmesini\u00f1 \u00e7e\u015fit y\u00f6neli\u015flerini, devletlerdeki qanunlar\u011fa, milliy azl\u0131qlarn\u0131\u00f1 aqlar\u0131n\u0131 qor\u00e7alav\u011fa tesirini muzakere etmek i\u00e7\u00fcn m\u00fcim bir sebeptir.<br><br>Q\u0131r\u0131mtatar halq\u0131 Meclisini on\u0131\u00f1 t\u0131\u015fq\u0131 al\u00e2qalar b\u00f6l\u00fcgi m\u00fcdirini\u00f1 muavini Abduraman Egiz temsil ete.<\/p>\n\n\n\n<figure class=\"wp-block-image size-full\"><img loading=\"lazy\" decoding=\"async\" width=\"650\" height=\"293\" src=\"http:\/\/qtmm.org\/wp-content\/uploads\/2022\/01\/sovet_po_pravam_cheloveka_oon.jpeg\" alt=\"\" class=\"wp-image-35409\" srcset=\"https:\/\/qtmm.org\/wp-content\/uploads\/2022\/01\/sovet_po_pravam_cheloveka_oon.jpeg 650w, https:\/\/qtmm.org\/wp-content\/uploads\/2022\/01\/sovet_po_pravam_cheloveka_oon-300x135.jpeg 300w\" sizes=\"auto, (max-width: 650px) 100vw, 650px\" \/><\/figure>\n","protected":false},"excerpt":{"rendered":"<p>2012 senesi noyabr 27-de \u0130sve\u00e7rede Jenevada BMT merkezinde BMT \u0130nsan aqlar\u0131 boyunca ke\u00f1e\u015fi milliy azl\u0131qlarn\u0131\u00f1 meseleleri boyunca forumn\u0131\u00f1 be\u015finci sessiyas\u0131 a\u00e7\u0131ld\u0131. Forum BMT Ba\u015f k\u00e2tibi Pan Gi Munn\u0131\u00f1 video muracaat\u0131nen ba\u015fland\u0131. Milliy azl\u0131qlarn\u0131\u00f1 meseleleri boyunca forumn\u0131\u00f1 be\u015finci sessiyas\u0131 &#8220;Milliy, diniy ve etnik azl\u0131qlar\u011fa mens\u00fcp \u015fah\u0131slar aqlar\u0131n\u0131\u00f1 deklaratsiyas\u0131n\u0131 amelge ke\u00e7ir\u00fcv: m\u00fcsbet tecribe ve imk\u00e2nlar&#8221; mevzus\u0131na ba\u011f\u0131\u015flana. [&hellip;]<\/p>\n","protected":false},"author":1,"featured_media":0,"comment_status":"open","ping_status":"open","sticky":false,"template":"","format":"standard","meta":{"inline_featured_image":false,"footnotes":""},"categories":[265],"tags":[],"class_list":["post-35408","post","type-post","status-publish","format-standard","hentry","category-haberler"],"acf":[],"yoast_head":"<!-- This site is optimized with the Yoast SEO plugin v27.4 - https:\/\/yoast.com\/product\/yoast-seo-wordpress\/ -->\n<title>Jenevada BMT \u0130nsan aqlar\u0131 boyunca ke\u00f1e\u015fi milliy azl\u0131qlarn\u0131\u00f1 meseleleri boyunca forumn\u0131\u00f1 be\u015finci sessiyas\u0131 ba\u015fland\u0131 - \u041c\u0435\u0434\u0436\u043b\u0456\u0441<\/title>\n<meta name=\"robots\" content=\"index, follow, max-snippet:-1, max-image-preview:large, max-video-preview:-1\" \/>\n<link rel=\"canonical\" href=\"https:\/\/qtmm.org\/qt\/jenevada-bmt-insan-aqlari-boyunca-kenesi-milliy-azliqlarnin-meseleleri-boyunca-forumnin-besinci-sessiyasi-baslandi\/\" \/>\n<meta property=\"og:locale\" content=\"en_US\" \/>\n<meta property=\"og:type\" content=\"article\" \/>\n<meta property=\"og:title\" content=\"Jenevada BMT \u0130nsan aqlar\u0131 boyunca ke\u00f1e\u015fi milliy azl\u0131qlarn\u0131\u00f1 meseleleri boyunca forumn\u0131\u00f1 be\u015finci sessiyas\u0131 ba\u015fland\u0131 - \u041c\u0435\u0434\u0436\u043b\u0456\u0441\" \/>\n<meta property=\"og:description\" content=\"2012 senesi noyabr 27-de \u0130sve\u00e7rede Jenevada BMT merkezinde BMT \u0130nsan aqlar\u0131 boyunca ke\u00f1e\u015fi milliy azl\u0131qlarn\u0131\u00f1 meseleleri boyunca forumn\u0131\u00f1 be\u015finci sessiyas\u0131 a\u00e7\u0131ld\u0131. Forum BMT Ba\u015f k\u00e2tibi Pan Gi Munn\u0131\u00f1 video muracaat\u0131nen ba\u015fland\u0131. Milliy azl\u0131qlarn\u0131\u00f1 meseleleri boyunca forumn\u0131\u00f1 be\u015finci sessiyas\u0131 &#8220;Milliy, diniy ve etnik azl\u0131qlar\u011fa mens\u00fcp \u015fah\u0131slar aqlar\u0131n\u0131\u00f1 deklaratsiyas\u0131n\u0131 amelge ke\u00e7ir\u00fcv: m\u00fcsbet tecribe ve imk\u00e2nlar&#8221; mevzus\u0131na ba\u011f\u0131\u015flana. [&hellip;]\" \/>\n<meta property=\"og:url\" content=\"https:\/\/qtmm.org\/qt\/jenevada-bmt-insan-aqlari-boyunca-kenesi-milliy-azliqlarnin-meseleleri-boyunca-forumnin-besinci-sessiyasi-baslandi\/\" \/>\n<meta property=\"og:site_name\" content=\"\u041c\u0435\u0434\u0436\u043b\u0456\u0441\" \/>\n<meta property=\"article:publisher\" content=\"https:\/\/www.facebook.com\/qtmm.info\/\" \/>\n<meta property=\"article:published_time\" content=\"2012-11-27T11:58:00+00:00\" \/>\n<meta property=\"article:modified_time\" content=\"2022-01-23T11:59:26+00:00\" \/>\n<meta property=\"og:image\" content=\"https:\/\/qtmm.org\/wp-content\/uploads\/2022\/01\/sovet_po_pravam_cheloveka_oon.jpeg\" \/>\n\t<meta property=\"og:image:width\" content=\"650\" \/>\n\t<meta property=\"og:image:height\" content=\"293\" \/>\n\t<meta property=\"og:image:type\" content=\"image\/jpeg\" \/>\n<meta name=\"author\" content=\"Developer\" \/>\n<meta name=\"twitter:card\" content=\"summary_large_image\" \/>\n<meta name=\"twitter:label1\" content=\"Written by\" \/>\n\t<meta name=\"twitter:data1\" content=\"Developer\" \/>\n\t<meta name=\"twitter:label2\" content=\"Est. reading time\" \/>\n\t<meta name=\"twitter:data2\" content=\"1 minute\" \/>\n<script type=\"application\/ld+json\" class=\"yoast-schema-graph\">{\"@context\":\"https:\\\/\\\/schema.org\",\"@graph\":[{\"@type\":\"Article\",\"@id\":\"https:\\\/\\\/qtmm.org\\\/qt\\\/jenevada-bmt-insan-aqlari-boyunca-kenesi-milliy-azliqlarnin-meseleleri-boyunca-forumnin-besinci-sessiyasi-baslandi\\\/#article\",\"isPartOf\":{\"@id\":\"https:\\\/\\\/qtmm.org\\\/qt\\\/jenevada-bmt-insan-aqlari-boyunca-kenesi-milliy-azliqlarnin-meseleleri-boyunca-forumnin-besinci-sessiyasi-baslandi\\\/\"},\"author\":{\"name\":\"Developer\",\"@id\":\"https:\\\/\\\/qtmm.org\\\/qt\\\/#\\\/schema\\\/person\\\/de562469f971dec226ac06e60bbf74a7\"},\"headline\":\"Jenevada BMT \u0130nsan aqlar\u0131 boyunca ke\u00f1e\u015fi milliy azl\u0131qlarn\u0131\u00f1 meseleleri boyunca forumn\u0131\u00f1 be\u015finci sessiyas\u0131 ba\u015fland\u0131\",\"datePublished\":\"2012-11-27T11:58:00+00:00\",\"dateModified\":\"2022-01-23T11:59:26+00:00\",\"mainEntityOfPage\":{\"@id\":\"https:\\\/\\\/qtmm.org\\\/qt\\\/jenevada-bmt-insan-aqlari-boyunca-kenesi-milliy-azliqlarnin-meseleleri-boyunca-forumnin-besinci-sessiyasi-baslandi\\\/\"},\"wordCount\":181,\"commentCount\":0,\"publisher\":{\"@id\":\"https:\\\/\\\/qtmm.org\\\/qt\\\/#organization\"},\"image\":{\"@id\":\"https:\\\/\\\/qtmm.org\\\/qt\\\/jenevada-bmt-insan-aqlari-boyunca-kenesi-milliy-azliqlarnin-meseleleri-boyunca-forumnin-besinci-sessiyasi-baslandi\\\/#primaryimage\"},\"thumbnailUrl\":\"http:\\\/\\\/qtmm.org\\\/wp-content\\\/uploads\\\/2022\\\/01\\\/sovet_po_pravam_cheloveka_oon.jpeg\",\"articleSection\":[\"Haberler\"],\"inLanguage\":\"qt\",\"potentialAction\":[{\"@type\":\"CommentAction\",\"name\":\"Comment\",\"target\":[\"https:\\\/\\\/qtmm.org\\\/qt\\\/jenevada-bmt-insan-aqlari-boyunca-kenesi-milliy-azliqlarnin-meseleleri-boyunca-forumnin-besinci-sessiyasi-baslandi\\\/#respond\"]}]},{\"@type\":\"WebPage\",\"@id\":\"https:\\\/\\\/qtmm.org\\\/qt\\\/jenevada-bmt-insan-aqlari-boyunca-kenesi-milliy-azliqlarnin-meseleleri-boyunca-forumnin-besinci-sessiyasi-baslandi\\\/\",\"url\":\"https:\\\/\\\/qtmm.org\\\/qt\\\/jenevada-bmt-insan-aqlari-boyunca-kenesi-milliy-azliqlarnin-meseleleri-boyunca-forumnin-besinci-sessiyasi-baslandi\\\/\",\"name\":\"Jenevada BMT \u0130nsan aqlar\u0131 boyunca ke\u00f1e\u015fi milliy azl\u0131qlarn\u0131\u00f1 meseleleri boyunca forumn\u0131\u00f1 be\u015finci sessiyas\u0131 ba\u015fland\u0131 - \u041c\u0435\u0434\u0436\u043b\u0456\u0441\",\"isPartOf\":{\"@id\":\"https:\\\/\\\/qtmm.org\\\/qt\\\/#website\"},\"primaryImageOfPage\":{\"@id\":\"https:\\\/\\\/qtmm.org\\\/qt\\\/jenevada-bmt-insan-aqlari-boyunca-kenesi-milliy-azliqlarnin-meseleleri-boyunca-forumnin-besinci-sessiyasi-baslandi\\\/#primaryimage\"},\"image\":{\"@id\":\"https:\\\/\\\/qtmm.org\\\/qt\\\/jenevada-bmt-insan-aqlari-boyunca-kenesi-milliy-azliqlarnin-meseleleri-boyunca-forumnin-besinci-sessiyasi-baslandi\\\/#primaryimage\"},\"thumbnailUrl\":\"http:\\\/\\\/qtmm.org\\\/wp-content\\\/uploads\\\/2022\\\/01\\\/sovet_po_pravam_cheloveka_oon.jpeg\",\"datePublished\":\"2012-11-27T11:58:00+00:00\",\"dateModified\":\"2022-01-23T11:59:26+00:00\",\"breadcrumb\":{\"@id\":\"https:\\\/\\\/qtmm.org\\\/qt\\\/jenevada-bmt-insan-aqlari-boyunca-kenesi-milliy-azliqlarnin-meseleleri-boyunca-forumnin-besinci-sessiyasi-baslandi\\\/#breadcrumb\"},\"inLanguage\":\"qt\",\"potentialAction\":[{\"@type\":\"ReadAction\",\"target\":[\"https:\\\/\\\/qtmm.org\\\/qt\\\/jenevada-bmt-insan-aqlari-boyunca-kenesi-milliy-azliqlarnin-meseleleri-boyunca-forumnin-besinci-sessiyasi-baslandi\\\/\"]}]},{\"@type\":\"ImageObject\",\"inLanguage\":\"qt\",\"@id\":\"https:\\\/\\\/qtmm.org\\\/qt\\\/jenevada-bmt-insan-aqlari-boyunca-kenesi-milliy-azliqlarnin-meseleleri-boyunca-forumnin-besinci-sessiyasi-baslandi\\\/#primaryimage\",\"url\":\"http:\\\/\\\/qtmm.org\\\/wp-content\\\/uploads\\\/2022\\\/01\\\/sovet_po_pravam_cheloveka_oon.jpeg\",\"contentUrl\":\"http:\\\/\\\/qtmm.org\\\/wp-content\\\/uploads\\\/2022\\\/01\\\/sovet_po_pravam_cheloveka_oon.jpeg\"},{\"@type\":\"BreadcrumbList\",\"@id\":\"https:\\\/\\\/qtmm.org\\\/qt\\\/jenevada-bmt-insan-aqlari-boyunca-kenesi-milliy-azliqlarnin-meseleleri-boyunca-forumnin-besinci-sessiyasi-baslandi\\\/#breadcrumb\",\"itemListElement\":[{\"@type\":\"ListItem\",\"position\":1,\"name\":\"\u0413\u043e\u043b\u043e\u0432\u043d\u0430\",\"item\":\"https:\\\/\\\/qtmm.org\\\/qt\\\/\"},{\"@type\":\"ListItem\",\"position\":2,\"name\":\"Jenevada BMT \u0130nsan aqlar\u0131 boyunca ke\u00f1e\u015fi milliy azl\u0131qlarn\u0131\u00f1 meseleleri boyunca forumn\u0131\u00f1 be\u015finci sessiyas\u0131 ba\u015fland\u0131\"}]},{\"@type\":\"WebSite\",\"@id\":\"https:\\\/\\\/qtmm.org\\\/qt\\\/#website\",\"url\":\"https:\\\/\\\/qtmm.org\\\/qt\\\/\",\"name\":\"\u041c\u0435\u0434\u0436\u043b\u0456\u0441\",\"description\":\"\",\"publisher\":{\"@id\":\"https:\\\/\\\/qtmm.org\\\/qt\\\/#organization\"},\"potentialAction\":[{\"@type\":\"SearchAction\",\"target\":{\"@type\":\"EntryPoint\",\"urlTemplate\":\"https:\\\/\\\/qtmm.org\\\/qt\\\/?s={search_term_string}\"},\"query-input\":{\"@type\":\"PropertyValueSpecification\",\"valueRequired\":true,\"valueName\":\"search_term_string\"}}],\"inLanguage\":\"qt\"},{\"@type\":\"Organization\",\"@id\":\"https:\\\/\\\/qtmm.org\\\/qt\\\/#organization\",\"name\":\"\u041c\u0435\u0434\u0436\u043b\u0456\u0441\",\"url\":\"https:\\\/\\\/qtmm.org\\\/qt\\\/\",\"logo\":{\"@type\":\"ImageObject\",\"inLanguage\":\"qt\",\"@id\":\"https:\\\/\\\/qtmm.org\\\/qt\\\/#\\\/schema\\\/logo\\\/image\\\/\",\"url\":\"https:\\\/\\\/qtmm.org\\\/wp-content\\\/uploads\\\/2024\\\/12\\\/ua-mejlis-logo-rgb.svg\",\"contentUrl\":\"https:\\\/\\\/qtmm.org\\\/wp-content\\\/uploads\\\/2024\\\/12\\\/ua-mejlis-logo-rgb.svg\",\"caption\":\"\u041c\u0435\u0434\u0436\u043b\u0456\u0441\"},\"image\":{\"@id\":\"https:\\\/\\\/qtmm.org\\\/qt\\\/#\\\/schema\\\/logo\\\/image\\\/\"},\"sameAs\":[\"https:\\\/\\\/www.facebook.com\\\/qtmm.info\\\/\"]},{\"@type\":\"Person\",\"@id\":\"https:\\\/\\\/qtmm.org\\\/qt\\\/#\\\/schema\\\/person\\\/de562469f971dec226ac06e60bbf74a7\",\"name\":\"Developer\",\"image\":{\"@type\":\"ImageObject\",\"inLanguage\":\"qt\",\"@id\":\"https:\\\/\\\/secure.gravatar.com\\\/avatar\\\/392b4cc8fbfeb00b39dfeeab4ee6edded39ffd48e25858637e4765810300227e?s=96&d=mm&r=g\",\"url\":\"https:\\\/\\\/secure.gravatar.com\\\/avatar\\\/392b4cc8fbfeb00b39dfeeab4ee6edded39ffd48e25858637e4765810300227e?s=96&d=mm&r=g\",\"contentUrl\":\"https:\\\/\\\/secure.gravatar.com\\\/avatar\\\/392b4cc8fbfeb00b39dfeeab4ee6edded39ffd48e25858637e4765810300227e?s=96&d=mm&r=g\",\"caption\":\"Developer\"},\"url\":\"https:\\\/\\\/qtmm.org\\\/qt\\\/author\\\/Developer\\\/\"}]}<\/script>\n<!-- \/ Yoast SEO plugin. -->","yoast_head_json":{"title":"Jenevada BMT \u0130nsan aqlar\u0131 boyunca ke\u00f1e\u015fi milliy azl\u0131qlarn\u0131\u00f1 meseleleri boyunca forumn\u0131\u00f1 be\u015finci sessiyas\u0131 ba\u015fland\u0131 - \u041c\u0435\u0434\u0436\u043b\u0456\u0441","robots":{"index":"index","follow":"follow","max-snippet":"max-snippet:-1","max-image-preview":"max-image-preview:large","max-video-preview":"max-video-preview:-1"},"canonical":"https:\/\/qtmm.org\/qt\/jenevada-bmt-insan-aqlari-boyunca-kenesi-milliy-azliqlarnin-meseleleri-boyunca-forumnin-besinci-sessiyasi-baslandi\/","og_locale":"en_US","og_type":"article","og_title":"Jenevada BMT \u0130nsan aqlar\u0131 boyunca ke\u00f1e\u015fi milliy azl\u0131qlarn\u0131\u00f1 meseleleri boyunca forumn\u0131\u00f1 be\u015finci sessiyas\u0131 ba\u015fland\u0131 - \u041c\u0435\u0434\u0436\u043b\u0456\u0441","og_description":"2012 senesi noyabr 27-de \u0130sve\u00e7rede Jenevada BMT merkezinde BMT \u0130nsan aqlar\u0131 boyunca ke\u00f1e\u015fi milliy azl\u0131qlarn\u0131\u00f1 meseleleri boyunca forumn\u0131\u00f1 be\u015finci sessiyas\u0131 a\u00e7\u0131ld\u0131. Forum BMT Ba\u015f k\u00e2tibi Pan Gi Munn\u0131\u00f1 video muracaat\u0131nen ba\u015fland\u0131. Milliy azl\u0131qlarn\u0131\u00f1 meseleleri boyunca forumn\u0131\u00f1 be\u015finci sessiyas\u0131 &#8220;Milliy, diniy ve etnik azl\u0131qlar\u011fa mens\u00fcp \u015fah\u0131slar aqlar\u0131n\u0131\u00f1 deklaratsiyas\u0131n\u0131 amelge ke\u00e7ir\u00fcv: m\u00fcsbet tecribe ve imk\u00e2nlar&#8221; mevzus\u0131na ba\u011f\u0131\u015flana. [&hellip;]","og_url":"https:\/\/qtmm.org\/qt\/jenevada-bmt-insan-aqlari-boyunca-kenesi-milliy-azliqlarnin-meseleleri-boyunca-forumnin-besinci-sessiyasi-baslandi\/","og_site_name":"\u041c\u0435\u0434\u0436\u043b\u0456\u0441","article_publisher":"https:\/\/www.facebook.com\/qtmm.info\/","article_published_time":"2012-11-27T11:58:00+00:00","article_modified_time":"2022-01-23T11:59:26+00:00","og_image":[{"width":650,"height":293,"url":"https:\/\/qtmm.org\/wp-content\/uploads\/2022\/01\/sovet_po_pravam_cheloveka_oon.jpeg","type":"image\/jpeg"}],"author":"Developer","twitter_card":"summary_large_image","twitter_misc":{"Written by":"Developer","Est. reading time":"1 minute"},"schema":{"@context":"https:\/\/schema.org","@graph":[{"@type":"Article","@id":"https:\/\/qtmm.org\/qt\/jenevada-bmt-insan-aqlari-boyunca-kenesi-milliy-azliqlarnin-meseleleri-boyunca-forumnin-besinci-sessiyasi-baslandi\/#article","isPartOf":{"@id":"https:\/\/qtmm.org\/qt\/jenevada-bmt-insan-aqlari-boyunca-kenesi-milliy-azliqlarnin-meseleleri-boyunca-forumnin-besinci-sessiyasi-baslandi\/"},"author":{"name":"Developer","@id":"https:\/\/qtmm.org\/qt\/#\/schema\/person\/de562469f971dec226ac06e60bbf74a7"},"headline":"Jenevada BMT \u0130nsan aqlar\u0131 boyunca ke\u00f1e\u015fi milliy azl\u0131qlarn\u0131\u00f1 meseleleri boyunca forumn\u0131\u00f1 be\u015finci sessiyas\u0131 ba\u015fland\u0131","datePublished":"2012-11-27T11:58:00+00:00","dateModified":"2022-01-23T11:59:26+00:00","mainEntityOfPage":{"@id":"https:\/\/qtmm.org\/qt\/jenevada-bmt-insan-aqlari-boyunca-kenesi-milliy-azliqlarnin-meseleleri-boyunca-forumnin-besinci-sessiyasi-baslandi\/"},"wordCount":181,"commentCount":0,"publisher":{"@id":"https:\/\/qtmm.org\/qt\/#organization"},"image":{"@id":"https:\/\/qtmm.org\/qt\/jenevada-bmt-insan-aqlari-boyunca-kenesi-milliy-azliqlarnin-meseleleri-boyunca-forumnin-besinci-sessiyasi-baslandi\/#primaryimage"},"thumbnailUrl":"http:\/\/qtmm.org\/wp-content\/uploads\/2022\/01\/sovet_po_pravam_cheloveka_oon.jpeg","articleSection":["Haberler"],"inLanguage":"qt","potentialAction":[{"@type":"CommentAction","name":"Comment","target":["https:\/\/qtmm.org\/qt\/jenevada-bmt-insan-aqlari-boyunca-kenesi-milliy-azliqlarnin-meseleleri-boyunca-forumnin-besinci-sessiyasi-baslandi\/#respond"]}]},{"@type":"WebPage","@id":"https:\/\/qtmm.org\/qt\/jenevada-bmt-insan-aqlari-boyunca-kenesi-milliy-azliqlarnin-meseleleri-boyunca-forumnin-besinci-sessiyasi-baslandi\/","url":"https:\/\/qtmm.org\/qt\/jenevada-bmt-insan-aqlari-boyunca-kenesi-milliy-azliqlarnin-meseleleri-boyunca-forumnin-besinci-sessiyasi-baslandi\/","name":"Jenevada BMT \u0130nsan aqlar\u0131 boyunca ke\u00f1e\u015fi milliy azl\u0131qlarn\u0131\u00f1 meseleleri boyunca forumn\u0131\u00f1 be\u015finci sessiyas\u0131 ba\u015fland\u0131 - \u041c\u0435\u0434\u0436\u043b\u0456\u0441","isPartOf":{"@id":"https:\/\/qtmm.org\/qt\/#website"},"primaryImageOfPage":{"@id":"https:\/\/qtmm.org\/qt\/jenevada-bmt-insan-aqlari-boyunca-kenesi-milliy-azliqlarnin-meseleleri-boyunca-forumnin-besinci-sessiyasi-baslandi\/#primaryimage"},"image":{"@id":"https:\/\/qtmm.org\/qt\/jenevada-bmt-insan-aqlari-boyunca-kenesi-milliy-azliqlarnin-meseleleri-boyunca-forumnin-besinci-sessiyasi-baslandi\/#primaryimage"},"thumbnailUrl":"http:\/\/qtmm.org\/wp-content\/uploads\/2022\/01\/sovet_po_pravam_cheloveka_oon.jpeg","datePublished":"2012-11-27T11:58:00+00:00","dateModified":"2022-01-23T11:59:26+00:00","breadcrumb":{"@id":"https:\/\/qtmm.org\/qt\/jenevada-bmt-insan-aqlari-boyunca-kenesi-milliy-azliqlarnin-meseleleri-boyunca-forumnin-besinci-sessiyasi-baslandi\/#breadcrumb"},"inLanguage":"qt","potentialAction":[{"@type":"ReadAction","target":["https:\/\/qtmm.org\/qt\/jenevada-bmt-insan-aqlari-boyunca-kenesi-milliy-azliqlarnin-meseleleri-boyunca-forumnin-besinci-sessiyasi-baslandi\/"]}]},{"@type":"ImageObject","inLanguage":"qt","@id":"https:\/\/qtmm.org\/qt\/jenevada-bmt-insan-aqlari-boyunca-kenesi-milliy-azliqlarnin-meseleleri-boyunca-forumnin-besinci-sessiyasi-baslandi\/#primaryimage","url":"http:\/\/qtmm.org\/wp-content\/uploads\/2022\/01\/sovet_po_pravam_cheloveka_oon.jpeg","contentUrl":"http:\/\/qtmm.org\/wp-content\/uploads\/2022\/01\/sovet_po_pravam_cheloveka_oon.jpeg"},{"@type":"BreadcrumbList","@id":"https:\/\/qtmm.org\/qt\/jenevada-bmt-insan-aqlari-boyunca-kenesi-milliy-azliqlarnin-meseleleri-boyunca-forumnin-besinci-sessiyasi-baslandi\/#breadcrumb","itemListElement":[{"@type":"ListItem","position":1,"name":"\u0413\u043e\u043b\u043e\u0432\u043d\u0430","item":"https:\/\/qtmm.org\/qt\/"},{"@type":"ListItem","position":2,"name":"Jenevada BMT \u0130nsan aqlar\u0131 boyunca ke\u00f1e\u015fi milliy azl\u0131qlarn\u0131\u00f1 meseleleri boyunca forumn\u0131\u00f1 be\u015finci sessiyas\u0131 ba\u015fland\u0131"}]},{"@type":"WebSite","@id":"https:\/\/qtmm.org\/qt\/#website","url":"https:\/\/qtmm.org\/qt\/","name":"\u041c\u0435\u0434\u0436\u043b\u0456\u0441","description":"","publisher":{"@id":"https:\/\/qtmm.org\/qt\/#organization"},"potentialAction":[{"@type":"SearchAction","target":{"@type":"EntryPoint","urlTemplate":"https:\/\/qtmm.org\/qt\/?s={search_term_string}"},"query-input":{"@type":"PropertyValueSpecification","valueRequired":true,"valueName":"search_term_string"}}],"inLanguage":"qt"},{"@type":"Organization","@id":"https:\/\/qtmm.org\/qt\/#organization","name":"\u041c\u0435\u0434\u0436\u043b\u0456\u0441","url":"https:\/\/qtmm.org\/qt\/","logo":{"@type":"ImageObject","inLanguage":"qt","@id":"https:\/\/qtmm.org\/qt\/#\/schema\/logo\/image\/","url":"https:\/\/qtmm.org\/wp-content\/uploads\/2024\/12\/ua-mejlis-logo-rgb.svg","contentUrl":"https:\/\/qtmm.org\/wp-content\/uploads\/2024\/12\/ua-mejlis-logo-rgb.svg","caption":"\u041c\u0435\u0434\u0436\u043b\u0456\u0441"},"image":{"@id":"https:\/\/qtmm.org\/qt\/#\/schema\/logo\/image\/"},"sameAs":["https:\/\/www.facebook.com\/qtmm.info\/"]},{"@type":"Person","@id":"https:\/\/qtmm.org\/qt\/#\/schema\/person\/de562469f971dec226ac06e60bbf74a7","name":"Developer","image":{"@type":"ImageObject","inLanguage":"qt","@id":"https:\/\/secure.gravatar.com\/avatar\/392b4cc8fbfeb00b39dfeeab4ee6edded39ffd48e25858637e4765810300227e?s=96&d=mm&r=g","url":"https:\/\/secure.gravatar.com\/avatar\/392b4cc8fbfeb00b39dfeeab4ee6edded39ffd48e25858637e4765810300227e?s=96&d=mm&r=g","contentUrl":"https:\/\/secure.gravatar.com\/avatar\/392b4cc8fbfeb00b39dfeeab4ee6edded39ffd48e25858637e4765810300227e?s=96&d=mm&r=g","caption":"Developer"},"url":"https:\/\/qtmm.org\/qt\/author\/Developer\/"}]}},"_links":{"self":[{"href":"https:\/\/qtmm.org\/qt\/wp-json\/wp\/v2\/posts\/35408","targetHints":{"allow":["GET"]}}],"collection":[{"href":"https:\/\/qtmm.org\/qt\/wp-json\/wp\/v2\/posts"}],"about":[{"href":"https:\/\/qtmm.org\/qt\/wp-json\/wp\/v2\/types\/post"}],"author":[{"embeddable":true,"href":"https:\/\/qtmm.org\/qt\/wp-json\/wp\/v2\/users\/1"}],"replies":[{"embeddable":true,"href":"https:\/\/qtmm.org\/qt\/wp-json\/wp\/v2\/comments?post=35408"}],"version-history":[{"count":1,"href":"https:\/\/qtmm.org\/qt\/wp-json\/wp\/v2\/posts\/35408\/revisions"}],"predecessor-version":[{"id":35413,"href":"https:\/\/qtmm.org\/qt\/wp-json\/wp\/v2\/posts\/35408\/revisions\/35413"}],"wp:attachment":[{"href":"https:\/\/qtmm.org\/qt\/wp-json\/wp\/v2\/media?parent=35408"}],"wp:term":[{"taxonomy":"category","embeddable":true,"href":"https:\/\/qtmm.org\/qt\/wp-json\/wp\/v2\/categories?post=35408"},{"taxonomy":"post_tag","embeddable":true,"href":"https:\/\/qtmm.org\/qt\/wp-json\/wp\/v2\/tags?post=35408"}],"curies":[{"name":"wp","href":"https:\/\/api.w.org\/{rel}","templated":true}]}}