




{"id":35392,"date":"2012-11-25T14:56:00","date_gmt":"2012-11-25T11:56:00","guid":{"rendered":"http:\/\/qtmm.org\/?p=35392"},"modified":"2022-01-23T14:56:30","modified_gmt":"2022-01-23T11:56:30","slug":"belli-yazicimiz-yusuf-bolatnin-hatira-aqsami","status":"publish","type":"post","link":"https:\/\/qtmm.org\/qt\/belli-yazicimiz-yusuf-bolatnin-hatira-aqsami\/","title":{"rendered":"Belli yaz\u0131c\u0131m\u0131z Yusuf Bolatn\u0131\u00f1 hat\u0131ra aq\u015fam\u0131"},"content":{"rendered":"\n<p>2012 senesi noyabr 25-de saat 12-de \u00d6zbekistandaki q\u0131r\u0131mtatar &#8220;Avdet&#8221; medeniy merkezi taraf\u0131ndan belli q\u0131r\u0131mtatar dramaturg\u0131, nesirci-romanisti, \u015faqa ik\u00e2yeler ustas\u0131 ol\u011fan yaz\u0131c\u0131m\u0131z Yusuf Bolatn\u0131\u00f1 hat\u0131ra aq\u015fam\u0131 ke\u00e7irildi.<\/p>\n\n\n\n<p>Aq\u015famn\u0131 merkez reisi Nusret bey Cemilev a\u00e7t\u0131 ve s\u00f6zni Aliye Ametovna \u0130madinova\u011fa berdi, \u00f6z\u00fc ise Refat aga Ablayevn\u0131\u00f1 cenazesige ketti.&nbsp;<br>Aliye Ametovna \u0130madinova topla\u015fuvn\u0131 devam \u2018etti ve s\u00f6z nevbetini Aliye Osmanovna\u011fa berdi. \u00c7\u0131q\u0131\u015f\u0131n\u0131 E\u015fref \u015eemi Zadeni\u00f1 &#8220;Baba vasiyetini unutmamal\u0131&#8221; \u015fiirinden ba\u015fla\u011fan Aliye Osmanovna Hur\u015fut edipni\u00f1 icad\u0131 ve \u00f6m\u00fcr yolu aqq\u0131nda tafsil\u00e2tl\u0131 maruzas\u0131n\u0131 taqdim etti.&nbsp;<\/p>\n\n\n\n<p>&#8220;Vetan&#8221; ansamblini\u00f1 reberi Zakir bey Aciosman yaz\u0131c\u0131n\u0131\u00f1 eserlerinde raskelgen y\u0131rlarn\u0131, avalarn\u0131 ustal\u0131qnen y\u0131rlad\u0131 ve \u00e7ald\u0131.Stsenariy aras\u0131ndaki \u015fiirlerni ise Zekiye Abiyeva oqud\u0131.<\/p>\n\n\n\n<p>Yaz\u0131c\u0131n\u0131\u00f1 q\u0131zlar\u0131 G\u00fclnara ve Zarema Bolat babalar\u0131n\u0131\u00f1 ayat\u0131 ve icad\u0131n\u0131 ayd\u0131nlatqan sergini numay\u0131\u015f ettiler. \u00c7\u0131r\u00e7\u0131q \u015feerinden kelgen Yusuf Halilov yaz\u0131c\u0131n\u0131\u00f1 \u015faqa ik\u00e2yelerini oqup, er kesni k\u00fcld\u00fcrdi. So\u00f1ra \u00d6zbekistan radios\u0131nda q\u0131r\u0131mtatar e\u015fittir\u00fcvler diktor\u0131 ve muarririZera Rustemova halq\u0131m\u0131z ve Yusuf Bolatn\u0131\u00f1 ba\u015f\u0131ndan ke\u00e7ken \u00e7oq m\u00fcsibetler, s\u0131navlarn\u0131 qayd etip, er kesni ana tilinde lafetmege \u00e7a\u011f\u0131rd\u0131.&nbsp;<\/p>\n\n\n\n<p>Aq\u015fam devam\u0131nda sevimli y\u0131rc\u0131m\u0131z Arsen Ametov yaz\u0131c\u0131n\u0131\u00f1 sevgen y\u0131rlar\u0131n\u0131 icra etti.&nbsp;<\/p>\n\n\n\n<p>Tedbirni\u00f1 so\u00f1unda s\u00f6z yaz\u0131c\u0131n\u0131\u00f1 q\u0131zlar\u0131na berildi. Zarema Bolat babas\u0131n\u0131 s\u0131caq s\u00f6zler ile hat\u0131rlayaraq, on\u0131\u00f1 &#8220;\u00c7e\u00e7ek bayram\u0131&#8221; ik\u00e2yesini oqud\u0131. Babas\u0131 pek nazik, y\u0131m\u015faq g\u00f6\u00f1\u00fclli, er kesni ac\u0131\u011fan\u0131, \u00f6z baht\u0131n\u0131 Vatan\u011fa, halq\u0131na h\u0131zmette tapqan\u0131\u0131 bildirdi.&nbsp;<\/p>\n","protected":false},"excerpt":{"rendered":"<p>2012 senesi noyabr 25-de saat 12-de \u00d6zbekistandaki q\u0131r\u0131mtatar &#8220;Avdet&#8221; medeniy merkezi taraf\u0131ndan belli q\u0131r\u0131mtatar dramaturg\u0131, nesirci-romanisti, \u015faqa ik\u00e2yeler ustas\u0131 ol\u011fan yaz\u0131c\u0131m\u0131z Yusuf Bolatn\u0131\u00f1 hat\u0131ra aq\u015fam\u0131 ke\u00e7irildi. Aq\u015famn\u0131 merkez reisi Nusret bey Cemilev a\u00e7t\u0131 ve s\u00f6zni Aliye Ametovna \u0130madinova\u011fa berdi, \u00f6z\u00fc ise Refat aga Ablayevn\u0131\u00f1 cenazesige ketti.&nbsp;Aliye Ametovna \u0130madinova topla\u015fuvn\u0131 devam \u2018etti ve s\u00f6z nevbetini Aliye [&hellip;]<\/p>\n","protected":false},"author":1,"featured_media":0,"comment_status":"open","ping_status":"open","sticky":false,"template":"","format":"standard","meta":{"inline_featured_image":false,"footnotes":""},"categories":[265],"tags":[],"class_list":["post-35392","post","type-post","status-publish","format-standard","hentry","category-haberler"],"acf":[],"yoast_head":"<!-- This site is optimized with the Yoast SEO plugin v27.4 - https:\/\/yoast.com\/product\/yoast-seo-wordpress\/ -->\n<title>Belli yaz\u0131c\u0131m\u0131z Yusuf Bolatn\u0131\u00f1 hat\u0131ra aq\u015fam\u0131 - \u041c\u0435\u0434\u0436\u043b\u0456\u0441<\/title>\n<meta name=\"robots\" content=\"index, follow, max-snippet:-1, max-image-preview:large, max-video-preview:-1\" \/>\n<link rel=\"canonical\" href=\"https:\/\/qtmm.org\/qt\/belli-yazicimiz-yusuf-bolatnin-hatira-aqsami\/\" \/>\n<meta property=\"og:locale\" content=\"en_US\" \/>\n<meta property=\"og:type\" content=\"article\" \/>\n<meta property=\"og:title\" content=\"Belli yaz\u0131c\u0131m\u0131z Yusuf Bolatn\u0131\u00f1 hat\u0131ra aq\u015fam\u0131 - \u041c\u0435\u0434\u0436\u043b\u0456\u0441\" \/>\n<meta property=\"og:description\" content=\"2012 senesi noyabr 25-de saat 12-de \u00d6zbekistandaki q\u0131r\u0131mtatar &#8220;Avdet&#8221; medeniy merkezi taraf\u0131ndan belli q\u0131r\u0131mtatar dramaturg\u0131, nesirci-romanisti, \u015faqa ik\u00e2yeler ustas\u0131 ol\u011fan yaz\u0131c\u0131m\u0131z Yusuf Bolatn\u0131\u00f1 hat\u0131ra aq\u015fam\u0131 ke\u00e7irildi. Aq\u015famn\u0131 merkez reisi Nusret bey Cemilev a\u00e7t\u0131 ve s\u00f6zni Aliye Ametovna \u0130madinova\u011fa berdi, \u00f6z\u00fc ise Refat aga Ablayevn\u0131\u00f1 cenazesige ketti.&nbsp;Aliye Ametovna \u0130madinova topla\u015fuvn\u0131 devam \u2018etti ve s\u00f6z nevbetini Aliye [&hellip;]\" \/>\n<meta property=\"og:url\" content=\"https:\/\/qtmm.org\/qt\/belli-yazicimiz-yusuf-bolatnin-hatira-aqsami\/\" \/>\n<meta property=\"og:site_name\" content=\"\u041c\u0435\u0434\u0436\u043b\u0456\u0441\" \/>\n<meta property=\"article:publisher\" content=\"https:\/\/www.facebook.com\/qtmm.info\/\" \/>\n<meta property=\"article:published_time\" content=\"2012-11-25T11:56:00+00:00\" \/>\n<meta property=\"article:modified_time\" content=\"2022-01-23T11:56:30+00:00\" \/>\n<meta name=\"author\" content=\"Developer\" \/>\n<meta name=\"twitter:card\" content=\"summary_large_image\" \/>\n<meta name=\"twitter:label1\" content=\"Written by\" \/>\n\t<meta name=\"twitter:data1\" content=\"Developer\" \/>\n\t<meta name=\"twitter:label2\" content=\"Est. reading time\" \/>\n\t<meta name=\"twitter:data2\" content=\"1 minute\" \/>\n<script type=\"application\/ld+json\" class=\"yoast-schema-graph\">{\"@context\":\"https:\\\/\\\/schema.org\",\"@graph\":[{\"@type\":\"Article\",\"@id\":\"https:\\\/\\\/qtmm.org\\\/qt\\\/belli-yazicimiz-yusuf-bolatnin-hatira-aqsami\\\/#article\",\"isPartOf\":{\"@id\":\"https:\\\/\\\/qtmm.org\\\/qt\\\/belli-yazicimiz-yusuf-bolatnin-hatira-aqsami\\\/\"},\"author\":{\"name\":\"Developer\",\"@id\":\"https:\\\/\\\/qtmm.org\\\/qt\\\/#\\\/schema\\\/person\\\/de562469f971dec226ac06e60bbf74a7\"},\"headline\":\"Belli yaz\u0131c\u0131m\u0131z Yusuf Bolatn\u0131\u00f1 hat\u0131ra aq\u015fam\u0131\",\"datePublished\":\"2012-11-25T11:56:00+00:00\",\"dateModified\":\"2022-01-23T11:56:30+00:00\",\"mainEntityOfPage\":{\"@id\":\"https:\\\/\\\/qtmm.org\\\/qt\\\/belli-yazicimiz-yusuf-bolatnin-hatira-aqsami\\\/\"},\"wordCount\":303,\"commentCount\":0,\"publisher\":{\"@id\":\"https:\\\/\\\/qtmm.org\\\/qt\\\/#organization\"},\"articleSection\":[\"Haberler\"],\"inLanguage\":\"qt\",\"potentialAction\":[{\"@type\":\"CommentAction\",\"name\":\"Comment\",\"target\":[\"https:\\\/\\\/qtmm.org\\\/qt\\\/belli-yazicimiz-yusuf-bolatnin-hatira-aqsami\\\/#respond\"]}]},{\"@type\":\"WebPage\",\"@id\":\"https:\\\/\\\/qtmm.org\\\/qt\\\/belli-yazicimiz-yusuf-bolatnin-hatira-aqsami\\\/\",\"url\":\"https:\\\/\\\/qtmm.org\\\/qt\\\/belli-yazicimiz-yusuf-bolatnin-hatira-aqsami\\\/\",\"name\":\"Belli yaz\u0131c\u0131m\u0131z Yusuf Bolatn\u0131\u00f1 hat\u0131ra aq\u015fam\u0131 - \u041c\u0435\u0434\u0436\u043b\u0456\u0441\",\"isPartOf\":{\"@id\":\"https:\\\/\\\/qtmm.org\\\/qt\\\/#website\"},\"datePublished\":\"2012-11-25T11:56:00+00:00\",\"dateModified\":\"2022-01-23T11:56:30+00:00\",\"breadcrumb\":{\"@id\":\"https:\\\/\\\/qtmm.org\\\/qt\\\/belli-yazicimiz-yusuf-bolatnin-hatira-aqsami\\\/#breadcrumb\"},\"inLanguage\":\"qt\",\"potentialAction\":[{\"@type\":\"ReadAction\",\"target\":[\"https:\\\/\\\/qtmm.org\\\/qt\\\/belli-yazicimiz-yusuf-bolatnin-hatira-aqsami\\\/\"]}]},{\"@type\":\"BreadcrumbList\",\"@id\":\"https:\\\/\\\/qtmm.org\\\/qt\\\/belli-yazicimiz-yusuf-bolatnin-hatira-aqsami\\\/#breadcrumb\",\"itemListElement\":[{\"@type\":\"ListItem\",\"position\":1,\"name\":\"\u0413\u043e\u043b\u043e\u0432\u043d\u0430\",\"item\":\"https:\\\/\\\/qtmm.org\\\/qt\\\/\"},{\"@type\":\"ListItem\",\"position\":2,\"name\":\"Belli yaz\u0131c\u0131m\u0131z Yusuf Bolatn\u0131\u00f1 hat\u0131ra aq\u015fam\u0131\"}]},{\"@type\":\"WebSite\",\"@id\":\"https:\\\/\\\/qtmm.org\\\/qt\\\/#website\",\"url\":\"https:\\\/\\\/qtmm.org\\\/qt\\\/\",\"name\":\"\u041c\u0435\u0434\u0436\u043b\u0456\u0441\",\"description\":\"\",\"publisher\":{\"@id\":\"https:\\\/\\\/qtmm.org\\\/qt\\\/#organization\"},\"potentialAction\":[{\"@type\":\"SearchAction\",\"target\":{\"@type\":\"EntryPoint\",\"urlTemplate\":\"https:\\\/\\\/qtmm.org\\\/qt\\\/?s={search_term_string}\"},\"query-input\":{\"@type\":\"PropertyValueSpecification\",\"valueRequired\":true,\"valueName\":\"search_term_string\"}}],\"inLanguage\":\"qt\"},{\"@type\":\"Organization\",\"@id\":\"https:\\\/\\\/qtmm.org\\\/qt\\\/#organization\",\"name\":\"\u041c\u0435\u0434\u0436\u043b\u0456\u0441\",\"url\":\"https:\\\/\\\/qtmm.org\\\/qt\\\/\",\"logo\":{\"@type\":\"ImageObject\",\"inLanguage\":\"qt\",\"@id\":\"https:\\\/\\\/qtmm.org\\\/qt\\\/#\\\/schema\\\/logo\\\/image\\\/\",\"url\":\"https:\\\/\\\/qtmm.org\\\/wp-content\\\/uploads\\\/2024\\\/12\\\/ua-mejlis-logo-rgb.svg\",\"contentUrl\":\"https:\\\/\\\/qtmm.org\\\/wp-content\\\/uploads\\\/2024\\\/12\\\/ua-mejlis-logo-rgb.svg\",\"caption\":\"\u041c\u0435\u0434\u0436\u043b\u0456\u0441\"},\"image\":{\"@id\":\"https:\\\/\\\/qtmm.org\\\/qt\\\/#\\\/schema\\\/logo\\\/image\\\/\"},\"sameAs\":[\"https:\\\/\\\/www.facebook.com\\\/qtmm.info\\\/\"]},{\"@type\":\"Person\",\"@id\":\"https:\\\/\\\/qtmm.org\\\/qt\\\/#\\\/schema\\\/person\\\/de562469f971dec226ac06e60bbf74a7\",\"name\":\"Developer\",\"image\":{\"@type\":\"ImageObject\",\"inLanguage\":\"qt\",\"@id\":\"https:\\\/\\\/secure.gravatar.com\\\/avatar\\\/392b4cc8fbfeb00b39dfeeab4ee6edded39ffd48e25858637e4765810300227e?s=96&d=mm&r=g\",\"url\":\"https:\\\/\\\/secure.gravatar.com\\\/avatar\\\/392b4cc8fbfeb00b39dfeeab4ee6edded39ffd48e25858637e4765810300227e?s=96&d=mm&r=g\",\"contentUrl\":\"https:\\\/\\\/secure.gravatar.com\\\/avatar\\\/392b4cc8fbfeb00b39dfeeab4ee6edded39ffd48e25858637e4765810300227e?s=96&d=mm&r=g\",\"caption\":\"Developer\"},\"url\":\"https:\\\/\\\/qtmm.org\\\/qt\\\/author\\\/Developer\\\/\"}]}<\/script>\n<!-- \/ Yoast SEO plugin. -->","yoast_head_json":{"title":"Belli yaz\u0131c\u0131m\u0131z Yusuf Bolatn\u0131\u00f1 hat\u0131ra aq\u015fam\u0131 - \u041c\u0435\u0434\u0436\u043b\u0456\u0441","robots":{"index":"index","follow":"follow","max-snippet":"max-snippet:-1","max-image-preview":"max-image-preview:large","max-video-preview":"max-video-preview:-1"},"canonical":"https:\/\/qtmm.org\/qt\/belli-yazicimiz-yusuf-bolatnin-hatira-aqsami\/","og_locale":"en_US","og_type":"article","og_title":"Belli yaz\u0131c\u0131m\u0131z Yusuf Bolatn\u0131\u00f1 hat\u0131ra aq\u015fam\u0131 - \u041c\u0435\u0434\u0436\u043b\u0456\u0441","og_description":"2012 senesi noyabr 25-de saat 12-de \u00d6zbekistandaki q\u0131r\u0131mtatar &#8220;Avdet&#8221; medeniy merkezi taraf\u0131ndan belli q\u0131r\u0131mtatar dramaturg\u0131, nesirci-romanisti, \u015faqa ik\u00e2yeler ustas\u0131 ol\u011fan yaz\u0131c\u0131m\u0131z Yusuf Bolatn\u0131\u00f1 hat\u0131ra aq\u015fam\u0131 ke\u00e7irildi. Aq\u015famn\u0131 merkez reisi Nusret bey Cemilev a\u00e7t\u0131 ve s\u00f6zni Aliye Ametovna \u0130madinova\u011fa berdi, \u00f6z\u00fc ise Refat aga Ablayevn\u0131\u00f1 cenazesige ketti.&nbsp;Aliye Ametovna \u0130madinova topla\u015fuvn\u0131 devam \u2018etti ve s\u00f6z nevbetini Aliye [&hellip;]","og_url":"https:\/\/qtmm.org\/qt\/belli-yazicimiz-yusuf-bolatnin-hatira-aqsami\/","og_site_name":"\u041c\u0435\u0434\u0436\u043b\u0456\u0441","article_publisher":"https:\/\/www.facebook.com\/qtmm.info\/","article_published_time":"2012-11-25T11:56:00+00:00","article_modified_time":"2022-01-23T11:56:30+00:00","author":"Developer","twitter_card":"summary_large_image","twitter_misc":{"Written by":"Developer","Est. reading time":"1 minute"},"schema":{"@context":"https:\/\/schema.org","@graph":[{"@type":"Article","@id":"https:\/\/qtmm.org\/qt\/belli-yazicimiz-yusuf-bolatnin-hatira-aqsami\/#article","isPartOf":{"@id":"https:\/\/qtmm.org\/qt\/belli-yazicimiz-yusuf-bolatnin-hatira-aqsami\/"},"author":{"name":"Developer","@id":"https:\/\/qtmm.org\/qt\/#\/schema\/person\/de562469f971dec226ac06e60bbf74a7"},"headline":"Belli yaz\u0131c\u0131m\u0131z Yusuf Bolatn\u0131\u00f1 hat\u0131ra aq\u015fam\u0131","datePublished":"2012-11-25T11:56:00+00:00","dateModified":"2022-01-23T11:56:30+00:00","mainEntityOfPage":{"@id":"https:\/\/qtmm.org\/qt\/belli-yazicimiz-yusuf-bolatnin-hatira-aqsami\/"},"wordCount":303,"commentCount":0,"publisher":{"@id":"https:\/\/qtmm.org\/qt\/#organization"},"articleSection":["Haberler"],"inLanguage":"qt","potentialAction":[{"@type":"CommentAction","name":"Comment","target":["https:\/\/qtmm.org\/qt\/belli-yazicimiz-yusuf-bolatnin-hatira-aqsami\/#respond"]}]},{"@type":"WebPage","@id":"https:\/\/qtmm.org\/qt\/belli-yazicimiz-yusuf-bolatnin-hatira-aqsami\/","url":"https:\/\/qtmm.org\/qt\/belli-yazicimiz-yusuf-bolatnin-hatira-aqsami\/","name":"Belli yaz\u0131c\u0131m\u0131z Yusuf Bolatn\u0131\u00f1 hat\u0131ra aq\u015fam\u0131 - \u041c\u0435\u0434\u0436\u043b\u0456\u0441","isPartOf":{"@id":"https:\/\/qtmm.org\/qt\/#website"},"datePublished":"2012-11-25T11:56:00+00:00","dateModified":"2022-01-23T11:56:30+00:00","breadcrumb":{"@id":"https:\/\/qtmm.org\/qt\/belli-yazicimiz-yusuf-bolatnin-hatira-aqsami\/#breadcrumb"},"inLanguage":"qt","potentialAction":[{"@type":"ReadAction","target":["https:\/\/qtmm.org\/qt\/belli-yazicimiz-yusuf-bolatnin-hatira-aqsami\/"]}]},{"@type":"BreadcrumbList","@id":"https:\/\/qtmm.org\/qt\/belli-yazicimiz-yusuf-bolatnin-hatira-aqsami\/#breadcrumb","itemListElement":[{"@type":"ListItem","position":1,"name":"\u0413\u043e\u043b\u043e\u0432\u043d\u0430","item":"https:\/\/qtmm.org\/qt\/"},{"@type":"ListItem","position":2,"name":"Belli yaz\u0131c\u0131m\u0131z Yusuf Bolatn\u0131\u00f1 hat\u0131ra aq\u015fam\u0131"}]},{"@type":"WebSite","@id":"https:\/\/qtmm.org\/qt\/#website","url":"https:\/\/qtmm.org\/qt\/","name":"\u041c\u0435\u0434\u0436\u043b\u0456\u0441","description":"","publisher":{"@id":"https:\/\/qtmm.org\/qt\/#organization"},"potentialAction":[{"@type":"SearchAction","target":{"@type":"EntryPoint","urlTemplate":"https:\/\/qtmm.org\/qt\/?s={search_term_string}"},"query-input":{"@type":"PropertyValueSpecification","valueRequired":true,"valueName":"search_term_string"}}],"inLanguage":"qt"},{"@type":"Organization","@id":"https:\/\/qtmm.org\/qt\/#organization","name":"\u041c\u0435\u0434\u0436\u043b\u0456\u0441","url":"https:\/\/qtmm.org\/qt\/","logo":{"@type":"ImageObject","inLanguage":"qt","@id":"https:\/\/qtmm.org\/qt\/#\/schema\/logo\/image\/","url":"https:\/\/qtmm.org\/wp-content\/uploads\/2024\/12\/ua-mejlis-logo-rgb.svg","contentUrl":"https:\/\/qtmm.org\/wp-content\/uploads\/2024\/12\/ua-mejlis-logo-rgb.svg","caption":"\u041c\u0435\u0434\u0436\u043b\u0456\u0441"},"image":{"@id":"https:\/\/qtmm.org\/qt\/#\/schema\/logo\/image\/"},"sameAs":["https:\/\/www.facebook.com\/qtmm.info\/"]},{"@type":"Person","@id":"https:\/\/qtmm.org\/qt\/#\/schema\/person\/de562469f971dec226ac06e60bbf74a7","name":"Developer","image":{"@type":"ImageObject","inLanguage":"qt","@id":"https:\/\/secure.gravatar.com\/avatar\/392b4cc8fbfeb00b39dfeeab4ee6edded39ffd48e25858637e4765810300227e?s=96&d=mm&r=g","url":"https:\/\/secure.gravatar.com\/avatar\/392b4cc8fbfeb00b39dfeeab4ee6edded39ffd48e25858637e4765810300227e?s=96&d=mm&r=g","contentUrl":"https:\/\/secure.gravatar.com\/avatar\/392b4cc8fbfeb00b39dfeeab4ee6edded39ffd48e25858637e4765810300227e?s=96&d=mm&r=g","caption":"Developer"},"url":"https:\/\/qtmm.org\/qt\/author\/Developer\/"}]}},"_links":{"self":[{"href":"https:\/\/qtmm.org\/qt\/wp-json\/wp\/v2\/posts\/35392","targetHints":{"allow":["GET"]}}],"collection":[{"href":"https:\/\/qtmm.org\/qt\/wp-json\/wp\/v2\/posts"}],"about":[{"href":"https:\/\/qtmm.org\/qt\/wp-json\/wp\/v2\/types\/post"}],"author":[{"embeddable":true,"href":"https:\/\/qtmm.org\/qt\/wp-json\/wp\/v2\/users\/1"}],"replies":[{"embeddable":true,"href":"https:\/\/qtmm.org\/qt\/wp-json\/wp\/v2\/comments?post=35392"}],"version-history":[{"count":1,"href":"https:\/\/qtmm.org\/qt\/wp-json\/wp\/v2\/posts\/35392\/revisions"}],"predecessor-version":[{"id":35393,"href":"https:\/\/qtmm.org\/qt\/wp-json\/wp\/v2\/posts\/35392\/revisions\/35393"}],"wp:attachment":[{"href":"https:\/\/qtmm.org\/qt\/wp-json\/wp\/v2\/media?parent=35392"}],"wp:term":[{"taxonomy":"category","embeddable":true,"href":"https:\/\/qtmm.org\/qt\/wp-json\/wp\/v2\/categories?post=35392"},{"taxonomy":"post_tag","embeddable":true,"href":"https:\/\/qtmm.org\/qt\/wp-json\/wp\/v2\/tags?post=35392"}],"curies":[{"name":"wp","href":"https:\/\/api.w.org\/{rel}","templated":true}]}}