




{"id":35366,"date":"2012-11-25T14:53:00","date_gmt":"2012-11-25T11:53:00","guid":{"rendered":"http:\/\/qtmm.org\/?p=35366"},"modified":"2022-01-23T14:55:56","modified_gmt":"2022-01-23T11:55:56","slug":"islam-medeniyetine-bagislangan-yaris","status":"publish","type":"post","link":"https:\/\/qtmm.org\/qt\/islam-medeniyetine-bagislangan-yaris\/","title":{"rendered":"\u0130sl\u00e2m medeniyetine ba\u011f\u0131\u015flan\u011fan yar\u0131\u015f"},"content":{"rendered":"\n<p>25-noyabrde Aqmescitte &#8220;Alraid&#8221; B\u00fct\u00fcnukrain te\u015fkil\u00e2tlar birle\u015fmesini\u00f1 binas\u0131nda \u0130sl\u00e2m dini medeniyetini\u00f1 esaslar\u0131na ba\u011f\u0131\u015flan\u011fan&nbsp; yar\u0131\u015f \u00f6tkerildi. Yar\u0131\u015fqa milliy mekteplerde ve medreselerde tasil al\u011fan balalar qatna\u015ft\u0131lar.<\/p>\n\n\n\n<p>Bu merasimni\u00f1 te\u015fkil\u00e2t\u00e7\u0131lar\u0131 milliy tasil inki\u015faf\u0131 saas\u0131nda faallik k\u00f6stergen &#8220;Maarif\u00e7i&#8221; ve medeniyetimizni ileritmesinde yard\u0131m etken &#8220;Alraid&#8221; birle\u015fmeleri old\u0131lar.<\/p>\n\n\n\n<p>\u015eu k\u00fcn\u00fc &#8220;Alraid&#8221;ni\u00f1 b\u00fcy\u00fck zal\u0131nda\u00a0 Kezlev, Sudaq, Ba\u011f\u00e7asaray, Ba\u011f\u00e7asaray rayon\u0131n\u0131\u00f1 Alma-Tarhan, B\u00fcy\u00fck-Onlar, Cank\u00f6y rayon\u0131n\u0131\u00f1 Qalay, Qarasuvbazar, Zuya, \u0130\u00e7ki qasabas\u0131ndaki milliy mekteplerden talebeler ve olarn\u0131\u00f1 m\u00fcdir ve ocalar\u0131 keldiler.<\/p>\n\n\n\n<p>Yar\u0131\u015f te\u015fkil\u00e2t\u00e7\u0131lar\u0131 musafirlerni s\u0131caq qar\u015f\u0131lap, olar\u011fa eki basamaqtan \u00f6tkerilecek yar\u0131\u015fta muvafaqiyetler tilediler. Qayd etmeli ki, dostane m\u00fcitte al\u0131p bar\u0131l\u011fan bu tedbirde talebeler \u00f6zlerini s\u0131q\u0131lmay\u0131p, al\u0131p bard\u0131lar.<\/p>\n\n\n\n<p>Tedbir duanen ba\u015fland\u0131. Duan\u0131 Qalay medreseni\u00f1 talebesi Enver L\u00fcmanov oqud\u0131.<\/p>\n\n\n\n<p>Oca ve talebelerni sel\u00e2mla\u011fan &#8220;Maarif\u00e7i&#8221; birle\u015fmesini\u00f1 reisi Safure Kacametova yar\u0131\u015f nas\u0131l al\u0131p bar\u0131laca\u011f\u0131n\u0131 q\u0131sqadan ayt\u0131p, yaq\u0131nda \u00e7\u0131qqan &#8220;\u0130sl\u00e2m medeniyetini\u00f1 esaslar\u0131&#8221; kitab\u0131 d\u00fcnya y\u00fcz\u00fc k\u00f6rgenini bildirdi. Safure oca endiden ba\u015flap, bu kitap mektep ocalar\u0131 ve talebeleri i\u00e7\u00fcn faydal\u0131 qullanma olaca\u011f\u0131n\u0131 qayd etip, balalar\u011fa ye\u00f1i\u015flerge iri\u015fmekni tiledi.<\/p>\n\n\n\n<p>Balalarn\u0131\u00f1 \u0130sl\u00e2m saadaki bilgilerini itibarl\u0131 j\u00fcri te\u015fkerdi. On\u0131\u00f1 eyyetine ocalar Seyran \u00dcseinov, \u015eevket Yunusov, Remziye Amet\u015fayeva, Q\u0131r\u0131mtatar yaz\u0131c\u0131lar birligini\u00f1 reisi Riza Faz\u0131l, Q\u0131r\u0131m M\u00fcftiyat\u0131n\u0131\u00f1 vekili Arsen Al\u00e7ikov, &#8220;Alraid&#8221; birle\u015fmesini\u00f1 vekilleri Seyran Arifov ve M\u00fcslim Dervi\u015fev\u00a0 kirdiler. J\u00fcri reisi professor, &#8220;\u0130sl\u00e2m medeniyetini\u00f1 esaslar\u0131&#8221; kitapn\u0131\u00f1 tertip etkenlerden birisi Muyedin Hayruddinov old\u0131.<\/p>\n\n\n\n<figure class=\"wp-block-image size-full\"><img loading=\"lazy\" decoding=\"async\" width=\"650\" height=\"400\" src=\"http:\/\/qtmm.org\/wp-content\/uploads\/2022\/01\/dsc08584.jpeg\" alt=\"\" class=\"wp-image-35371\" srcset=\"https:\/\/qtmm.org\/wp-content\/uploads\/2022\/01\/dsc08584.jpeg 650w, https:\/\/qtmm.org\/wp-content\/uploads\/2022\/01\/dsc08584-300x185.jpeg 300w\" sizes=\"auto, (max-width: 650px) 100vw, 650px\" \/><\/figure>\n\n\n\n<p>Eki basamaqtan ibaret ol\u011fan yar\u0131\u015fta talebelerni\u00f1 tek \u0130sl\u00e2m esaslar\u0131 taraftan degil de, logika, co\u011frafiya, biologiya ceetten bilgileri s\u0131nald\u0131. Yar\u0131\u015fn\u0131\u00f1 birinci basamaqta 27 talebe i\u015ftirak etti. Ekinci basamaqqa tek 11 bala\u011fa ke\u00e7mege q\u0131smet old\u0131. Olardan ise, testlerni\u00f1 cevaplar\u0131na k\u00f6re, \u00fc\u00e7 \u011falip sayland\u0131.<\/p>\n\n\n\n<p>J\u00fcri azalar\u0131 orta tasil mekteplerde ve medreselerde oqu\u011fan talebelerni\u00f1 din boyunca bilgileri ay\u0131r\u0131l\u011fan\u0131n\u0131 qayd etip, kelecekte bu meseleni k\u00f6z \u00f6g\u00fcne alacaqlar\u0131n\u0131 bildirdiler.<\/p>\n\n\n\n<p>Bundan so\u00f1 yar\u0131\u015fqa yek\u00fcn \u00e7ekildi, \u011falipler il\u00e2n etildi. Birinci yerni Qalay milliy mektebini\u00f1 talebesi Enver L\u00fcmanov ald\u0131. Ekinci yerni\u00f1 saibi de Qalay mektebini\u00f1 talebesi Tair Orazaliyev old\u0131. \u00dc\u00e7\u00fcnci yerge ise Ba\u011f\u00e7asaray rayon\u0131ndaki Alma-Tarhan milliy mektebini\u00f1 talebesi Medine Mustafayeva nail old\u0131. &#8220;Alraid&#8221;ni\u00f1 Q\u0131r\u0131mdaki reisi Muhammad Taha \u011faliplerge q\u0131ymetli bah\u015f\u0131\u015flar taqdim etti. Kompyuter-plan\u015fetler, elektron kitaplar, riaziyat, fizika ve biologiya fenleri boyunca programma teminlevlerden ibaret komplektler talebeler i\u00e7\u00fcn ker\u00e7ekten de degerli ediyeler old\u0131lar. \u011ealipler yar\u0131\u015fn\u0131 te\u015fkil\u00e2tland\u0131r\u011fan insanlar\u011fa samimiyliknen b\u00fcy\u00fck te\u015fekk\u00fcrlerni bildirdiler.<\/p>\n\n\n\n<figure class=\"wp-block-image size-full\"><img loading=\"lazy\" decoding=\"async\" width=\"650\" height=\"450\" src=\"http:\/\/qtmm.org\/wp-content\/uploads\/2022\/01\/dsc08590.jpeg\" alt=\"\" class=\"wp-image-35375\" srcset=\"https:\/\/qtmm.org\/wp-content\/uploads\/2022\/01\/dsc08590.jpeg 650w, https:\/\/qtmm.org\/wp-content\/uploads\/2022\/01\/dsc08590-300x208.jpeg 300w\" sizes=\"auto, (max-width: 650px) 100vw, 650px\" \/><\/figure>\n\n\n\n<p>Te\u015fkil\u00e2t\u00e7\u0131lar yar\u0131\u015fta i\u015ftirak etken balalarn\u0131\u00f1 bilgi seviyesi yah\u015f\u0131 derecede ol\u011fan\u0131n\u0131 qayd etip, er birine q\u0131ymetli bah\u015f\u0131\u015flar \u2013 \u0130sl\u00e2m aqq\u0131nda faydal\u0131 kitaplarn\u0131 ba\u011f\u0131\u015flad\u0131lar.<\/p>\n\n\n\n<p>Qayd etmeli ki, yar\u0131\u015fta talebelerni\u00f1 eyecanlan\u011fan\u0131, ebet, sezildi. Amma j\u00fcri, te\u015fkil\u00e2t\u00e7\u0131lar taraf\u0131ndan yarat\u0131l\u011fan s\u0131caq, yah\u015f\u0131 m\u00fcit s\u0131q\u0131lmay\u0131p, olar\u011fa \u00f6z bilgenlerini k\u00f6stermege imk\u00e2n yaratt\u0131lar.<\/p>\n\n\n\n<p><strong>\u0130sl\u00e2m medeniyeti dersleri balalar\u0131m\u0131zda imann\u0131 pekite<\/strong><\/p>\n\n\n\n<p>Yar\u0131\u015fn\u0131\u00f1 \u011falibi&nbsp;<strong>Enver L\u00fcmanov<\/strong>&nbsp;\u00f6z teessuratlarnen b\u00f6l\u00fc\u015fti:<\/p>\n\n\n\n<p>Men bu yar\u0131\u015fn\u0131 te\u015fkil etkenlerge b\u00fcy\u00fck te\u015fekk\u00fcr bildirmege isteyim. Alla episinden raz\u0131 olsun. \u0130n\u015falla, Alla bizge epimizge cennet nasip etsin.<\/p>\n\n\n\n<p>Qalay mektebini\u00f1 m\u00fcdiri, eki birinci yerni qazan\u011fan talebelerni\u00f1 ocas\u0131&nbsp;<strong>Nariman Re\u015fitov<\/strong>&nbsp;b\u00f6yle fikirlerni aytt\u0131:<\/p>\n\n\n\n<p>Bizim mektebimizde \u0130sl\u00e2m medeniyeti esaslar\u0131 boyunca me\u015f\u011fuliyetler \u00fc\u00e7 y\u0131ldan ziyade al\u0131p bar\u0131la. Qayd etmeli ki, bun\u0131\u00f1 te\u015febb\u00fcs\u00e7ileri ana-babalarn\u0131\u00f1 \u00f6zleri old\u0131lar. \u0130\u015fte, &#8220;Bismill\u00e2&#8221;, dep ba\u015flad\u0131q. Er afta yar\u0131m saat devam\u0131nda talebelerimizge \u0130sl\u00e2m medeniyetini \u00f6gretemiz. Ders bizim oquv plan\u0131m\u0131z\u011fa kirsetildi. Derslerge istegen balalar qatnaylar.<\/p>\n\n\n\n<p>Me\u015f\u011fuliyetlerni Aqmescitte KR\u0130PKOda \u0130sl\u00e2m medeniyetine ba\u011f\u0131\u015flan\u011fan mahsus \u00f6tkerilgen kurslarda oqu\u011fan ana tili ve edebiyat ocas\u0131 al\u0131p bara. Yan\u0131m\u0131zda Qalay medresesi bar. Medrese ocalar\u0131n\u0131 da derslerimizge davet etemiz. Olarn\u0131\u00f1 yard\u0131m\u0131nen derslerimiz daa da meraql\u0131, faydal\u0131 ol\u0131p ke\u00e7e.<\/p>\n\n\n\n<figure class=\"wp-block-image size-full\"><img loading=\"lazy\" decoding=\"async\" width=\"650\" height=\"400\" src=\"http:\/\/qtmm.org\/wp-content\/uploads\/2022\/01\/dsc08594.jpeg\" alt=\"\" class=\"wp-image-35379\" srcset=\"https:\/\/qtmm.org\/wp-content\/uploads\/2022\/01\/dsc08594.jpeg 650w, https:\/\/qtmm.org\/wp-content\/uploads\/2022\/01\/dsc08594-300x185.jpeg 300w\" sizes=\"auto, (max-width: 650px) 100vw, 650px\" \/><\/figure>\n\n\n\n<p>Bu derslerni\u00f1 emiyetti b\u00fcy\u00fcktir. Birinciden, olar balalarn\u0131\u00f1 terbiyesine, ahl\u00e2\u011f\u0131na m\u00fcsbet&nbsp; tesir eteler. Derslerde iman, ana-baba\u011fa, b\u00fcy\u00fcklerge \u00fcrmet, bilgi ve tasilni\u00f1 q\u0131ymeti, \u00f6z-\u00f6z\u00fcni cemiyette nas\u0131l al\u0131p barmaq aqq\u0131nda mevzular k\u00f6terile. Bular episi do\u011fru terbiye bermege bir usuld\u0131r. \u015eun\u0131\u00f1 i\u00e7\u00fcn talebelerimiz ba\u015fqa mekteplerde oqu\u011fanlardan \u00f6z terbiyesi, nizam-intizam\u0131nen ay\u0131r\u0131l\u0131p turalar.<\/p>\n\n\n\n<p>Bu yar\u0131\u015fta i\u015ftirak etken talebelerimiz Qalay medresesinde tasil alalar. Olar ba\u015fqa fenlerden de muvafaqiyet ile oquylar. Mesel\u00e2, Tair Orazaliyev yaq\u0131nda K\u0130A (Malaya Akademiya Nauk)da ukrain tili boyunca i\u015fni qor\u00e7alap, rayon boyunca birincilikni ald\u0131.<\/p>\n\n\n\n<p>Din medeniyetine ba\u011f\u0131\u015flan\u011fan dersler m\u0131tlaqa kerek, dep sayam. Olardan biz tek m\u00fcsbet neticeler k\u00f6remiz. On\u0131\u00f1 i\u00e7\u00fcn milliy mekteplerni\u00f1 ocalar\u0131 bu i\u015fke qoltut\u0131p, beraberlikte \u00e7al\u0131\u015f\u0131p, ol\u011fan tecribenen b\u00f6l\u00fc\u015fmek kerekler.<\/p>\n\n\n\n<figure class=\"wp-block-image size-full\"><img loading=\"lazy\" decoding=\"async\" width=\"650\" height=\"400\" src=\"http:\/\/qtmm.org\/wp-content\/uploads\/2022\/01\/dsc08596.jpeg\" alt=\"\" class=\"wp-image-35383\" srcset=\"https:\/\/qtmm.org\/wp-content\/uploads\/2022\/01\/dsc08596.jpeg 650w, https:\/\/qtmm.org\/wp-content\/uploads\/2022\/01\/dsc08596-300x185.jpeg 300w\" sizes=\"auto, (max-width: 650px) 100vw, 650px\" \/><\/figure>\n\n\n\n<p>Bu i\u015fni\u00f1 ba\u015f\u0131nda tur\u011fan, meseleni Q\u0131r\u0131m Yuqar\u0131 \u015euras\u0131n\u0131\u00f1 deputat\u0131 olaraq devlet organlar\u0131 seviyesinde k\u00f6tergen &#8220;Maarif\u00e7i&#8221; birle\u015fmesini\u00f1 reisi&nbsp;<strong>Safure oca Kacametova<\/strong>&nbsp;on\u0131\u00f1 emiyetini b\u00f6yle a\u00e7\u0131qlad\u0131:<\/p>\n\n\n\n<p>Belli ki, er sene biz&nbsp; &#8212; &#8220;Maarif\u00e7i&#8221;, &#8220;Alraid&#8221; ve&nbsp; Q\u0131r\u0131m M\u00fcftiyat\u0131 birle\u015fip, mekteplerde&nbsp; \u0130sl\u00e2m dinimizni\u00f1 esaslar\u0131na ba\u011f\u0131\u015flan\u011fan bir s\u0131ra tedbirler te\u015fkil etemiz. Anda \u00e7e\u015fit zemaneviy usullar i\u015fletilip, talebelerge q\u0131sqa videofilmler k\u00f6sterile, meraql\u0131 \u015fekilde lektsiyalar, k\u00f6r\u00fc\u015f\u00fcvler al\u0131p bar\u0131la. Bu sene ise tedbirlerni ba\u015fqa \u015fekilde \u00f6tkermege, yani yar\u0131\u015f te\u015fkil\u00e2tland\u0131rma\u011fa qarar\u011fa keldik.<\/p>\n\n\n\n<p>Prezidentni\u00f1 qarar\u0131nen rus tilli mekteplerde &#8220;Etika ver\u0131&#8221; adl\u0131 kurs kirsetildi, hristian medeniyetini\u00f1 esaslar\u0131 pek teren \u00f6grenilmege ba\u015fland\u0131. Mektep m\u00fcdirleri bu fen i\u00e7\u00fcn mahsus saat ay\u0131rd\u0131lar.<\/p>\n\n\n\n<p>\u0130sl\u00e2m medeniyetine ba\u011f\u0131\u015flan\u011fan dersleri de episi milliy mekteplerde te\u015fkil olunmal\u0131. Bun\u0131 \u00e7e\u015fit seviyedeki akimiyet vekilleri istemeyip, t\u00fcrl\u00fc sebeplerni delil olaraq ketirdiler.<\/p>\n\n\n\n<figure class=\"wp-block-image size-full\"><img loading=\"lazy\" decoding=\"async\" width=\"650\" height=\"400\" src=\"http:\/\/qtmm.org\/wp-content\/uploads\/2022\/01\/dsc08597.jpeg\" alt=\"\" class=\"wp-image-35387\" srcset=\"https:\/\/qtmm.org\/wp-content\/uploads\/2022\/01\/dsc08597.jpeg 650w, https:\/\/qtmm.org\/wp-content\/uploads\/2022\/01\/dsc08597-300x185.jpeg 300w\" sizes=\"auto, (max-width: 650px) 100vw, 650px\" \/><\/figure>\n\n\n\n<p>Bu mesele y\u0131llar devam\u0131nda muzakere etildi, seminarlar te\u015fkil olund\u0131. Niayet, KR\u0130PKOda 200-den ziyade ana tili ve edebiyat ocalar\u0131 &#8220;\u0130sl\u00e2m medeniyetini\u00f1 esaslar\u0131&#8221; kurslar\u0131n\u0131 ke\u00e7ip, qollar\u0131na \u015feadetnamelerni ald\u0131lar. Amma qullanma olma\u011fan\u0131, programma\u011fa kirsetilmegeni i\u00e7\u00fcn&nbsp; me\u015f\u011fuliyetler \u00f6tkerilmedi. Q\u0131r\u0131m tasil vezirligini\u00f1 ilmiy-usuliy ke\u00f1e\u015fi qarar qabul etken so\u00f1, oquv qullanman\u0131 az\u0131rlama\u011fa professor Muyedin Hayrudinov\u011fa buyur\u0131ld\u0131. Bu arada \u00e7oq i\u015fler yap\u0131ld\u0131. Birisi qoltutsa, digeri ayaq \u00e7ald\u0131. Ne olsa da, \u0130sl\u00e2m medeniyetini\u00f1 esaslar\u0131 aqq\u0131nda qullanma ne\u015fir etildi. Reskomnats o\u00f1a sermiya ay\u0131racaq edi, amma para olma\u011fan\u0131 sebebinden bu i\u015f toqtald\u0131. Qullanma &#8220;Alraid&#8221; birle\u015fmesini\u00f1 maddiy qoltutuv\u0131nen d\u00fcnya y\u00fcz\u00fc k\u00f6rdi. Birle\u015fmege b\u00fcy\u00fckten b\u00fcy\u00fck te\u015fekk\u00fcr bildiremiz.<\/p>\n\n\n\n<p>Bu me\u015f\u011fuliyet fakultativ \u015fekilde aftada bir-eki saat \u00f6tkerilecek. Dersler milliy mekteplerde \u00f6tkerilmege ba\u015fla\u011fan so\u00f1, rus mekteplerinde oqu\u011fan bizim balalar\u0131m\u0131z i\u00e7\u00fcn da bu kurslarn\u0131 te\u015fkil etmek epimizni\u00f1 boyun-borcum\u0131zd\u0131r.<\/p>\n\n\n\n<p>\u015eimdi, in\u015falla, programmalar yaz\u0131ld\u0131. Olar kelecek seneden oquv-terbiye ceryan\u0131na kirsetilecekler. Vaq\u0131t ke\u00e7tik\u00e7e, belki daa ba\u015fqa derslikler, ya\u00f1\u0131 qullanmalar \u00e7\u0131qar. Belki, ket-kete bu kurs fakultativ olaraq degil de, ders \u015fekilinde ke\u00e7er. Bu episi ana-babalarn\u0131\u00f1 istegine ba\u011fl\u0131d\u0131r.<\/p>\n\n\n\n<p><strong>Yard\u0131mc\u0131 vastalar olsa, ders meraql\u0131 ola<\/strong><\/p>\n\n\n\n<p>Yar\u0131\u015f i\u015ftirak\u00e7ileri ile subette bulun\u0131p, olarn\u0131\u00f1 fikirleri ve teessuratlar\u0131n\u0131 bildik.<\/p>\n\n\n\n<p><strong>Dina Asi, Sudaq \u015feeri:<\/strong><\/p>\n\n\n\n<p>Yar\u0131\u015f biraz a\u011f\u0131r olsa da, men on\u0131 begendim. Men m\u0131nda tek din boyunca degil de, ba\u015fqa fenlerden de sualler olaca\u011f\u0131n\u0131 bilmedim. Ne olsa da, ekinci basamaqqa ke\u00e7tim. Ma\u00f1a Qalay medresesinde bir y\u0131l oquma\u011fa q\u0131smet old\u0131. \u015eimdi dinni\u00f1 esaslar\u0131n\u0131 babam \u00f6grete. Mektepte de dinimizni, Pey\u011famberimizni\u00f1 (s.a.v.) ya\u015fay\u0131\u015f\u0131 ve faaliyetini \u00f6grenemiz.<\/p>\n\n\n\n<p><strong>Seytabla Arislanov, Ba\u011f\u00e7asaray \u015feeri:<\/strong><\/p>\n\n\n\n<p>Yar\u0131\u015fn\u0131 begendim. Mektebimizde de \u00f6yle tedbirler \u00f6tkerilgenini isteyim. \u0130sl\u00e2m medeniyeti aqq\u0131nda dersler m\u0131tlaqa kerek. Musulman \u00f6z dinini, on\u0131\u00f1 tarih\u0131n\u0131, Pey\u011famberlerni (s.a.v.) bilmeli. Derslerde k\u00f6rgezmeli qullanmalar, yazma \u015fekilde a\u00f1latuvlar, testler olsa, ders daa meraql\u0131 olur, o zaman bu&nbsp; derske l\u00e2qayd ol\u011fan talebelerni\u00f1 de avesi artar.<\/p>\n\n\n\n<p><strong>Asan Alimov, Qarasuvbazar \u015feeri:<\/strong><\/p>\n\n\n\n<p>Berilgen testlerni\u00f1 suallerine cevaplarn\u0131 tapmaq qolay degil edi, amma musulman bu suallerge cevaplarn\u0131 bilmeli, dep sayam. Men medresede oquy\u0131m. Derslerni begenem. Ocalar\u0131m\u0131z bilgili ve \u00f6z i\u015fini b\u00fcy\u00fck isteknen becereler.<\/p>\n\n\n\n<p><strong>Elzara Beytullayeva, Sudaq:<\/strong><\/p>\n\n\n\n<p>\u00d6tkerilgen yar\u0131\u015f meraql\u0131 ve faydal\u0131 old\u0131. Mektebimizde din boyunca dersler ma\u00f1a bu yar\u0131\u015fta i\u015ftirak etmege yard\u0131m ettiler. \u0130sl\u00e2m medeniyeti dersleri bizde aftada bir kere ola. Biz sab\u0131rs\u0131zl\u0131qnen bu k\u00fcnni bekleymiz, \u00e7\u00fcnki Feride ocam\u0131z ustal\u0131qnen mevzularn\u0131 a\u00f1lata, dersler meraql\u0131 ke\u00e7e.<\/p>\n\n\n\n<p>Ekinci basamaqta berilgen baz\u0131 sualler q\u0131y\u0131n old\u0131. Yaz\u0131q ki, \u0130sl\u00e2m medeniyeti dersine aftada tek bir ders ay\u0131r\u0131la. On\u0131\u00f1 i\u00e7\u00fcn baz\u0131 mevzularn\u0131 teren \u00f6grenmek, oca ile muzakere etmek&nbsp; i\u00e7\u00fcn vaq\u0131t az.<\/p>\n","protected":false},"excerpt":{"rendered":"<p>25-noyabrde Aqmescitte &#8220;Alraid&#8221; B\u00fct\u00fcnukrain te\u015fkil\u00e2tlar birle\u015fmesini\u00f1 binas\u0131nda \u0130sl\u00e2m dini medeniyetini\u00f1 esaslar\u0131na ba\u011f\u0131\u015flan\u011fan&nbsp; yar\u0131\u015f \u00f6tkerildi. Yar\u0131\u015fqa milliy mekteplerde ve medreselerde tasil al\u011fan balalar qatna\u015ft\u0131lar. Bu merasimni\u00f1 te\u015fkil\u00e2t\u00e7\u0131lar\u0131 milliy tasil inki\u015faf\u0131 saas\u0131nda faallik k\u00f6stergen &#8220;Maarif\u00e7i&#8221; ve medeniyetimizni ileritmesinde yard\u0131m etken &#8220;Alraid&#8221; birle\u015fmeleri old\u0131lar. \u015eu k\u00fcn\u00fc &#8220;Alraid&#8221;ni\u00f1 b\u00fcy\u00fck zal\u0131nda\u00a0 Kezlev, Sudaq, Ba\u011f\u00e7asaray, Ba\u011f\u00e7asaray rayon\u0131n\u0131\u00f1 Alma-Tarhan, B\u00fcy\u00fck-Onlar, Cank\u00f6y rayon\u0131n\u0131\u00f1 [&hellip;]<\/p>\n","protected":false},"author":1,"featured_media":35367,"comment_status":"open","ping_status":"open","sticky":false,"template":"","format":"standard","meta":{"inline_featured_image":false,"footnotes":""},"categories":[265],"tags":[],"class_list":["post-35366","post","type-post","status-publish","format-standard","has-post-thumbnail","hentry","category-haberler"],"acf":[],"yoast_head":"<!-- This site is optimized with the Yoast SEO plugin v27.4 - https:\/\/yoast.com\/product\/yoast-seo-wordpress\/ -->\n<title>\u0130sl\u00e2m medeniyetine ba\u011f\u0131\u015flan\u011fan yar\u0131\u015f - \u041c\u0435\u0434\u0436\u043b\u0456\u0441<\/title>\n<meta name=\"robots\" content=\"index, follow, max-snippet:-1, max-image-preview:large, max-video-preview:-1\" \/>\n<link rel=\"canonical\" href=\"https:\/\/qtmm.org\/qt\/islam-medeniyetine-bagislangan-yaris\/\" \/>\n<meta property=\"og:locale\" content=\"en_US\" \/>\n<meta property=\"og:type\" content=\"article\" \/>\n<meta property=\"og:title\" content=\"\u0130sl\u00e2m medeniyetine ba\u011f\u0131\u015flan\u011fan yar\u0131\u015f - \u041c\u0435\u0434\u0436\u043b\u0456\u0441\" \/>\n<meta property=\"og:description\" content=\"25-noyabrde Aqmescitte &#8220;Alraid&#8221; B\u00fct\u00fcnukrain te\u015fkil\u00e2tlar birle\u015fmesini\u00f1 binas\u0131nda \u0130sl\u00e2m dini medeniyetini\u00f1 esaslar\u0131na ba\u011f\u0131\u015flan\u011fan&nbsp; yar\u0131\u015f \u00f6tkerildi. Yar\u0131\u015fqa milliy mekteplerde ve medreselerde tasil al\u011fan balalar qatna\u015ft\u0131lar. Bu merasimni\u00f1 te\u015fkil\u00e2t\u00e7\u0131lar\u0131 milliy tasil inki\u015faf\u0131 saas\u0131nda faallik k\u00f6stergen &#8220;Maarif\u00e7i&#8221; ve medeniyetimizni ileritmesinde yard\u0131m etken &#8220;Alraid&#8221; birle\u015fmeleri old\u0131lar. \u015eu k\u00fcn\u00fc &#8220;Alraid&#8221;ni\u00f1 b\u00fcy\u00fck zal\u0131nda\u00a0 Kezlev, Sudaq, Ba\u011f\u00e7asaray, Ba\u011f\u00e7asaray rayon\u0131n\u0131\u00f1 Alma-Tarhan, B\u00fcy\u00fck-Onlar, Cank\u00f6y rayon\u0131n\u0131\u00f1 [&hellip;]\" \/>\n<meta property=\"og:url\" content=\"https:\/\/qtmm.org\/qt\/islam-medeniyetine-bagislangan-yaris\/\" \/>\n<meta property=\"og:site_name\" content=\"\u041c\u0435\u0434\u0436\u043b\u0456\u0441\" \/>\n<meta property=\"article:publisher\" content=\"https:\/\/www.facebook.com\/qtmm.info\/\" \/>\n<meta property=\"article:published_time\" content=\"2012-11-25T11:53:00+00:00\" \/>\n<meta property=\"article:modified_time\" content=\"2022-01-23T11:55:56+00:00\" \/>\n<meta property=\"og:image\" content=\"https:\/\/qtmm.org\/wp-content\/uploads\/2022\/01\/dsc08577.jpeg\" \/>\n\t<meta property=\"og:image:width\" content=\"650\" \/>\n\t<meta property=\"og:image:height\" content=\"400\" \/>\n\t<meta property=\"og:image:type\" content=\"image\/jpeg\" \/>\n<meta name=\"author\" content=\"Developer\" \/>\n<meta name=\"twitter:card\" content=\"summary_large_image\" \/>\n<meta name=\"twitter:label1\" content=\"Written by\" \/>\n\t<meta name=\"twitter:data1\" content=\"Developer\" \/>\n\t<meta name=\"twitter:label2\" content=\"Est. reading time\" \/>\n\t<meta name=\"twitter:data2\" content=\"8 minutes\" \/>\n<script type=\"application\/ld+json\" class=\"yoast-schema-graph\">{\"@context\":\"https:\\\/\\\/schema.org\",\"@graph\":[{\"@type\":\"Article\",\"@id\":\"https:\\\/\\\/qtmm.org\\\/qt\\\/islam-medeniyetine-bagislangan-yaris\\\/#article\",\"isPartOf\":{\"@id\":\"https:\\\/\\\/qtmm.org\\\/qt\\\/islam-medeniyetine-bagislangan-yaris\\\/\"},\"author\":{\"name\":\"Developer\",\"@id\":\"https:\\\/\\\/qtmm.org\\\/qt\\\/#\\\/schema\\\/person\\\/de562469f971dec226ac06e60bbf74a7\"},\"headline\":\"\u0130sl\u00e2m medeniyetine ba\u011f\u0131\u015flan\u011fan yar\u0131\u015f\",\"datePublished\":\"2012-11-25T11:53:00+00:00\",\"dateModified\":\"2022-01-23T11:55:56+00:00\",\"mainEntityOfPage\":{\"@id\":\"https:\\\/\\\/qtmm.org\\\/qt\\\/islam-medeniyetine-bagislangan-yaris\\\/\"},\"wordCount\":1568,\"commentCount\":0,\"publisher\":{\"@id\":\"https:\\\/\\\/qtmm.org\\\/qt\\\/#organization\"},\"image\":{\"@id\":\"https:\\\/\\\/qtmm.org\\\/qt\\\/islam-medeniyetine-bagislangan-yaris\\\/#primaryimage\"},\"thumbnailUrl\":\"https:\\\/\\\/qtmm.org\\\/wp-content\\\/uploads\\\/2022\\\/01\\\/dsc08577.jpeg\",\"articleSection\":[\"Haberler\"],\"inLanguage\":\"qt\",\"potentialAction\":[{\"@type\":\"CommentAction\",\"name\":\"Comment\",\"target\":[\"https:\\\/\\\/qtmm.org\\\/qt\\\/islam-medeniyetine-bagislangan-yaris\\\/#respond\"]}]},{\"@type\":\"WebPage\",\"@id\":\"https:\\\/\\\/qtmm.org\\\/qt\\\/islam-medeniyetine-bagislangan-yaris\\\/\",\"url\":\"https:\\\/\\\/qtmm.org\\\/qt\\\/islam-medeniyetine-bagislangan-yaris\\\/\",\"name\":\"\u0130sl\u00e2m medeniyetine ba\u011f\u0131\u015flan\u011fan yar\u0131\u015f - \u041c\u0435\u0434\u0436\u043b\u0456\u0441\",\"isPartOf\":{\"@id\":\"https:\\\/\\\/qtmm.org\\\/qt\\\/#website\"},\"primaryImageOfPage\":{\"@id\":\"https:\\\/\\\/qtmm.org\\\/qt\\\/islam-medeniyetine-bagislangan-yaris\\\/#primaryimage\"},\"image\":{\"@id\":\"https:\\\/\\\/qtmm.org\\\/qt\\\/islam-medeniyetine-bagislangan-yaris\\\/#primaryimage\"},\"thumbnailUrl\":\"https:\\\/\\\/qtmm.org\\\/wp-content\\\/uploads\\\/2022\\\/01\\\/dsc08577.jpeg\",\"datePublished\":\"2012-11-25T11:53:00+00:00\",\"dateModified\":\"2022-01-23T11:55:56+00:00\",\"breadcrumb\":{\"@id\":\"https:\\\/\\\/qtmm.org\\\/qt\\\/islam-medeniyetine-bagislangan-yaris\\\/#breadcrumb\"},\"inLanguage\":\"qt\",\"potentialAction\":[{\"@type\":\"ReadAction\",\"target\":[\"https:\\\/\\\/qtmm.org\\\/qt\\\/islam-medeniyetine-bagislangan-yaris\\\/\"]}]},{\"@type\":\"ImageObject\",\"inLanguage\":\"qt\",\"@id\":\"https:\\\/\\\/qtmm.org\\\/qt\\\/islam-medeniyetine-bagislangan-yaris\\\/#primaryimage\",\"url\":\"https:\\\/\\\/qtmm.org\\\/wp-content\\\/uploads\\\/2022\\\/01\\\/dsc08577.jpeg\",\"contentUrl\":\"https:\\\/\\\/qtmm.org\\\/wp-content\\\/uploads\\\/2022\\\/01\\\/dsc08577.jpeg\",\"width\":650,\"height\":400},{\"@type\":\"BreadcrumbList\",\"@id\":\"https:\\\/\\\/qtmm.org\\\/qt\\\/islam-medeniyetine-bagislangan-yaris\\\/#breadcrumb\",\"itemListElement\":[{\"@type\":\"ListItem\",\"position\":1,\"name\":\"\u0413\u043e\u043b\u043e\u0432\u043d\u0430\",\"item\":\"https:\\\/\\\/qtmm.org\\\/qt\\\/\"},{\"@type\":\"ListItem\",\"position\":2,\"name\":\"\u0130sl\u00e2m medeniyetine ba\u011f\u0131\u015flan\u011fan yar\u0131\u015f\"}]},{\"@type\":\"WebSite\",\"@id\":\"https:\\\/\\\/qtmm.org\\\/qt\\\/#website\",\"url\":\"https:\\\/\\\/qtmm.org\\\/qt\\\/\",\"name\":\"\u041c\u0435\u0434\u0436\u043b\u0456\u0441\",\"description\":\"\",\"publisher\":{\"@id\":\"https:\\\/\\\/qtmm.org\\\/qt\\\/#organization\"},\"potentialAction\":[{\"@type\":\"SearchAction\",\"target\":{\"@type\":\"EntryPoint\",\"urlTemplate\":\"https:\\\/\\\/qtmm.org\\\/qt\\\/?s={search_term_string}\"},\"query-input\":{\"@type\":\"PropertyValueSpecification\",\"valueRequired\":true,\"valueName\":\"search_term_string\"}}],\"inLanguage\":\"qt\"},{\"@type\":\"Organization\",\"@id\":\"https:\\\/\\\/qtmm.org\\\/qt\\\/#organization\",\"name\":\"\u041c\u0435\u0434\u0436\u043b\u0456\u0441\",\"url\":\"https:\\\/\\\/qtmm.org\\\/qt\\\/\",\"logo\":{\"@type\":\"ImageObject\",\"inLanguage\":\"qt\",\"@id\":\"https:\\\/\\\/qtmm.org\\\/qt\\\/#\\\/schema\\\/logo\\\/image\\\/\",\"url\":\"https:\\\/\\\/qtmm.org\\\/wp-content\\\/uploads\\\/2024\\\/12\\\/ua-mejlis-logo-rgb.svg\",\"contentUrl\":\"https:\\\/\\\/qtmm.org\\\/wp-content\\\/uploads\\\/2024\\\/12\\\/ua-mejlis-logo-rgb.svg\",\"caption\":\"\u041c\u0435\u0434\u0436\u043b\u0456\u0441\"},\"image\":{\"@id\":\"https:\\\/\\\/qtmm.org\\\/qt\\\/#\\\/schema\\\/logo\\\/image\\\/\"},\"sameAs\":[\"https:\\\/\\\/www.facebook.com\\\/qtmm.info\\\/\"]},{\"@type\":\"Person\",\"@id\":\"https:\\\/\\\/qtmm.org\\\/qt\\\/#\\\/schema\\\/person\\\/de562469f971dec226ac06e60bbf74a7\",\"name\":\"Developer\",\"image\":{\"@type\":\"ImageObject\",\"inLanguage\":\"qt\",\"@id\":\"https:\\\/\\\/secure.gravatar.com\\\/avatar\\\/392b4cc8fbfeb00b39dfeeab4ee6edded39ffd48e25858637e4765810300227e?s=96&d=mm&r=g\",\"url\":\"https:\\\/\\\/secure.gravatar.com\\\/avatar\\\/392b4cc8fbfeb00b39dfeeab4ee6edded39ffd48e25858637e4765810300227e?s=96&d=mm&r=g\",\"contentUrl\":\"https:\\\/\\\/secure.gravatar.com\\\/avatar\\\/392b4cc8fbfeb00b39dfeeab4ee6edded39ffd48e25858637e4765810300227e?s=96&d=mm&r=g\",\"caption\":\"Developer\"},\"url\":\"https:\\\/\\\/qtmm.org\\\/qt\\\/author\\\/Developer\\\/\"}]}<\/script>\n<!-- \/ Yoast SEO plugin. -->","yoast_head_json":{"title":"\u0130sl\u00e2m medeniyetine ba\u011f\u0131\u015flan\u011fan yar\u0131\u015f - \u041c\u0435\u0434\u0436\u043b\u0456\u0441","robots":{"index":"index","follow":"follow","max-snippet":"max-snippet:-1","max-image-preview":"max-image-preview:large","max-video-preview":"max-video-preview:-1"},"canonical":"https:\/\/qtmm.org\/qt\/islam-medeniyetine-bagislangan-yaris\/","og_locale":"en_US","og_type":"article","og_title":"\u0130sl\u00e2m medeniyetine ba\u011f\u0131\u015flan\u011fan yar\u0131\u015f - \u041c\u0435\u0434\u0436\u043b\u0456\u0441","og_description":"25-noyabrde Aqmescitte &#8220;Alraid&#8221; B\u00fct\u00fcnukrain te\u015fkil\u00e2tlar birle\u015fmesini\u00f1 binas\u0131nda \u0130sl\u00e2m dini medeniyetini\u00f1 esaslar\u0131na ba\u011f\u0131\u015flan\u011fan&nbsp; yar\u0131\u015f \u00f6tkerildi. Yar\u0131\u015fqa milliy mekteplerde ve medreselerde tasil al\u011fan balalar qatna\u015ft\u0131lar. Bu merasimni\u00f1 te\u015fkil\u00e2t\u00e7\u0131lar\u0131 milliy tasil inki\u015faf\u0131 saas\u0131nda faallik k\u00f6stergen &#8220;Maarif\u00e7i&#8221; ve medeniyetimizni ileritmesinde yard\u0131m etken &#8220;Alraid&#8221; birle\u015fmeleri old\u0131lar. \u015eu k\u00fcn\u00fc &#8220;Alraid&#8221;ni\u00f1 b\u00fcy\u00fck zal\u0131nda\u00a0 Kezlev, Sudaq, Ba\u011f\u00e7asaray, Ba\u011f\u00e7asaray rayon\u0131n\u0131\u00f1 Alma-Tarhan, B\u00fcy\u00fck-Onlar, Cank\u00f6y rayon\u0131n\u0131\u00f1 [&hellip;]","og_url":"https:\/\/qtmm.org\/qt\/islam-medeniyetine-bagislangan-yaris\/","og_site_name":"\u041c\u0435\u0434\u0436\u043b\u0456\u0441","article_publisher":"https:\/\/www.facebook.com\/qtmm.info\/","article_published_time":"2012-11-25T11:53:00+00:00","article_modified_time":"2022-01-23T11:55:56+00:00","og_image":[{"width":650,"height":400,"url":"https:\/\/qtmm.org\/wp-content\/uploads\/2022\/01\/dsc08577.jpeg","type":"image\/jpeg"}],"author":"Developer","twitter_card":"summary_large_image","twitter_misc":{"Written by":"Developer","Est. reading time":"8 minutes"},"schema":{"@context":"https:\/\/schema.org","@graph":[{"@type":"Article","@id":"https:\/\/qtmm.org\/qt\/islam-medeniyetine-bagislangan-yaris\/#article","isPartOf":{"@id":"https:\/\/qtmm.org\/qt\/islam-medeniyetine-bagislangan-yaris\/"},"author":{"name":"Developer","@id":"https:\/\/qtmm.org\/qt\/#\/schema\/person\/de562469f971dec226ac06e60bbf74a7"},"headline":"\u0130sl\u00e2m medeniyetine ba\u011f\u0131\u015flan\u011fan yar\u0131\u015f","datePublished":"2012-11-25T11:53:00+00:00","dateModified":"2022-01-23T11:55:56+00:00","mainEntityOfPage":{"@id":"https:\/\/qtmm.org\/qt\/islam-medeniyetine-bagislangan-yaris\/"},"wordCount":1568,"commentCount":0,"publisher":{"@id":"https:\/\/qtmm.org\/qt\/#organization"},"image":{"@id":"https:\/\/qtmm.org\/qt\/islam-medeniyetine-bagislangan-yaris\/#primaryimage"},"thumbnailUrl":"https:\/\/qtmm.org\/wp-content\/uploads\/2022\/01\/dsc08577.jpeg","articleSection":["Haberler"],"inLanguage":"qt","potentialAction":[{"@type":"CommentAction","name":"Comment","target":["https:\/\/qtmm.org\/qt\/islam-medeniyetine-bagislangan-yaris\/#respond"]}]},{"@type":"WebPage","@id":"https:\/\/qtmm.org\/qt\/islam-medeniyetine-bagislangan-yaris\/","url":"https:\/\/qtmm.org\/qt\/islam-medeniyetine-bagislangan-yaris\/","name":"\u0130sl\u00e2m medeniyetine ba\u011f\u0131\u015flan\u011fan yar\u0131\u015f - \u041c\u0435\u0434\u0436\u043b\u0456\u0441","isPartOf":{"@id":"https:\/\/qtmm.org\/qt\/#website"},"primaryImageOfPage":{"@id":"https:\/\/qtmm.org\/qt\/islam-medeniyetine-bagislangan-yaris\/#primaryimage"},"image":{"@id":"https:\/\/qtmm.org\/qt\/islam-medeniyetine-bagislangan-yaris\/#primaryimage"},"thumbnailUrl":"https:\/\/qtmm.org\/wp-content\/uploads\/2022\/01\/dsc08577.jpeg","datePublished":"2012-11-25T11:53:00+00:00","dateModified":"2022-01-23T11:55:56+00:00","breadcrumb":{"@id":"https:\/\/qtmm.org\/qt\/islam-medeniyetine-bagislangan-yaris\/#breadcrumb"},"inLanguage":"qt","potentialAction":[{"@type":"ReadAction","target":["https:\/\/qtmm.org\/qt\/islam-medeniyetine-bagislangan-yaris\/"]}]},{"@type":"ImageObject","inLanguage":"qt","@id":"https:\/\/qtmm.org\/qt\/islam-medeniyetine-bagislangan-yaris\/#primaryimage","url":"https:\/\/qtmm.org\/wp-content\/uploads\/2022\/01\/dsc08577.jpeg","contentUrl":"https:\/\/qtmm.org\/wp-content\/uploads\/2022\/01\/dsc08577.jpeg","width":650,"height":400},{"@type":"BreadcrumbList","@id":"https:\/\/qtmm.org\/qt\/islam-medeniyetine-bagislangan-yaris\/#breadcrumb","itemListElement":[{"@type":"ListItem","position":1,"name":"\u0413\u043e\u043b\u043e\u0432\u043d\u0430","item":"https:\/\/qtmm.org\/qt\/"},{"@type":"ListItem","position":2,"name":"\u0130sl\u00e2m medeniyetine ba\u011f\u0131\u015flan\u011fan yar\u0131\u015f"}]},{"@type":"WebSite","@id":"https:\/\/qtmm.org\/qt\/#website","url":"https:\/\/qtmm.org\/qt\/","name":"\u041c\u0435\u0434\u0436\u043b\u0456\u0441","description":"","publisher":{"@id":"https:\/\/qtmm.org\/qt\/#organization"},"potentialAction":[{"@type":"SearchAction","target":{"@type":"EntryPoint","urlTemplate":"https:\/\/qtmm.org\/qt\/?s={search_term_string}"},"query-input":{"@type":"PropertyValueSpecification","valueRequired":true,"valueName":"search_term_string"}}],"inLanguage":"qt"},{"@type":"Organization","@id":"https:\/\/qtmm.org\/qt\/#organization","name":"\u041c\u0435\u0434\u0436\u043b\u0456\u0441","url":"https:\/\/qtmm.org\/qt\/","logo":{"@type":"ImageObject","inLanguage":"qt","@id":"https:\/\/qtmm.org\/qt\/#\/schema\/logo\/image\/","url":"https:\/\/qtmm.org\/wp-content\/uploads\/2024\/12\/ua-mejlis-logo-rgb.svg","contentUrl":"https:\/\/qtmm.org\/wp-content\/uploads\/2024\/12\/ua-mejlis-logo-rgb.svg","caption":"\u041c\u0435\u0434\u0436\u043b\u0456\u0441"},"image":{"@id":"https:\/\/qtmm.org\/qt\/#\/schema\/logo\/image\/"},"sameAs":["https:\/\/www.facebook.com\/qtmm.info\/"]},{"@type":"Person","@id":"https:\/\/qtmm.org\/qt\/#\/schema\/person\/de562469f971dec226ac06e60bbf74a7","name":"Developer","image":{"@type":"ImageObject","inLanguage":"qt","@id":"https:\/\/secure.gravatar.com\/avatar\/392b4cc8fbfeb00b39dfeeab4ee6edded39ffd48e25858637e4765810300227e?s=96&d=mm&r=g","url":"https:\/\/secure.gravatar.com\/avatar\/392b4cc8fbfeb00b39dfeeab4ee6edded39ffd48e25858637e4765810300227e?s=96&d=mm&r=g","contentUrl":"https:\/\/secure.gravatar.com\/avatar\/392b4cc8fbfeb00b39dfeeab4ee6edded39ffd48e25858637e4765810300227e?s=96&d=mm&r=g","caption":"Developer"},"url":"https:\/\/qtmm.org\/qt\/author\/Developer\/"}]}},"_links":{"self":[{"href":"https:\/\/qtmm.org\/qt\/wp-json\/wp\/v2\/posts\/35366","targetHints":{"allow":["GET"]}}],"collection":[{"href":"https:\/\/qtmm.org\/qt\/wp-json\/wp\/v2\/posts"}],"about":[{"href":"https:\/\/qtmm.org\/qt\/wp-json\/wp\/v2\/types\/post"}],"author":[{"embeddable":true,"href":"https:\/\/qtmm.org\/qt\/wp-json\/wp\/v2\/users\/1"}],"replies":[{"embeddable":true,"href":"https:\/\/qtmm.org\/qt\/wp-json\/wp\/v2\/comments?post=35366"}],"version-history":[{"count":1,"href":"https:\/\/qtmm.org\/qt\/wp-json\/wp\/v2\/posts\/35366\/revisions"}],"predecessor-version":[{"id":35391,"href":"https:\/\/qtmm.org\/qt\/wp-json\/wp\/v2\/posts\/35366\/revisions\/35391"}],"wp:featuredmedia":[{"embeddable":true,"href":"https:\/\/qtmm.org\/qt\/wp-json\/wp\/v2\/media\/35367"}],"wp:attachment":[{"href":"https:\/\/qtmm.org\/qt\/wp-json\/wp\/v2\/media?parent=35366"}],"wp:term":[{"taxonomy":"category","embeddable":true,"href":"https:\/\/qtmm.org\/qt\/wp-json\/wp\/v2\/categories?post=35366"},{"taxonomy":"post_tag","embeddable":true,"href":"https:\/\/qtmm.org\/qt\/wp-json\/wp\/v2\/tags?post=35366"}],"curies":[{"name":"wp","href":"https:\/\/api.w.org\/{rel}","templated":true}]}}