




{"id":35344,"date":"2012-11-24T14:50:00","date_gmt":"2012-11-24T11:50:00","guid":{"rendered":"http:\/\/qtmm.org\/?p=35344"},"modified":"2022-01-23T14:53:10","modified_gmt":"2022-01-23T11:53:10","slug":"aqyar-regional-meclisnin-reisi-olaraq-enver-mamutdinov-saylandi","status":"publish","type":"post","link":"https:\/\/qtmm.org\/qt\/aqyar-regional-meclisnin-reisi-olaraq-enver-mamutdinov-saylandi\/","title":{"rendered":"Aqyar regional meclisni\u00f1 reisi olaraq Enver Mamutdinov sayland\u0131"},"content":{"rendered":"\n<p>2012 senesi noyabr 24 k\u00fcn\u00fc \u00f6tkerilgen Aqyar region\u0131 q\u0131r\u0131mtatarlar\u0131 konferentsiyas\u0131n\u0131\u00f1 i\u015finde yerli meclislerni\u00f1 okt\u00e2br 20-de saylan\u011fan 38 azas\u0131ndan 36 neferi i\u015ftirak etti.<\/p>\n\n\n\n<figure class=\"wp-block-image size-full\"><img loading=\"lazy\" decoding=\"async\" width=\"650\" height=\"300\" src=\"http:\/\/qtmm.org\/wp-content\/uploads\/2022\/01\/img_8707_1.jpeg\" alt=\"\" class=\"wp-image-35345\" srcset=\"https:\/\/qtmm.org\/wp-content\/uploads\/2022\/01\/img_8707_1.jpeg 650w, https:\/\/qtmm.org\/wp-content\/uploads\/2022\/01\/img_8707_1-300x138.jpeg 300w\" sizes=\"auto, (max-width: 650px) 100vw, 650px\" \/><\/figure>\n\n\n\n<p>Q\u0131r\u0131mtatar halq\u0131n\u0131\u00f1 \u00f6z \u00f6z\u00fcni idare et\u00fcv organlar\u0131 aqq\u0131ndaki nizam boyunca konferentsiyan\u0131 Yerli meclislerge saylavlarn\u0131 az\u0131rlav ve ke\u00e7ir\u00fcv boyunca komissiyan\u0131\u00f1 reisi Refat \u00c7ubarov al\u0131p bard\u0131.<\/p>\n\n\n\n<p>Konferentsiyada Q\u0131r\u0131mtatar halq\u0131 qurultay\u0131 Tefti\u015f komissiyas\u0131n\u0131\u00f1 reisi Qurtseit Abdullayev, Meclis azalar\u0131 Ali Hamzin ve Zair Smedl\u00e2yev, Aqyar devlet memuriyeti i\u00e7ki siyaset ve cemaat\u00e7\u0131l\u0131qnen ba\u011flanuv meseleleri boyunca b\u00f6l\u00fcgini\u00f1 ba\u015f\u0131 O. A. Kotl\u00e2rov, Aqyar \u015feer \u015furas\u0131n\u0131\u00f1 deputat\u0131 V.V. Malikov ve yerli meclislerni saylav territorial komissiyalarn\u0131\u00f1 azalar\u0131 i\u015ftirak ettiler.<\/p>\n\n\n\n<figure class=\"wp-block-image size-full\"><img loading=\"lazy\" decoding=\"async\" width=\"650\" height=\"300\" src=\"http:\/\/qtmm.org\/wp-content\/uploads\/2022\/01\/img_8714_1.jpeg\" alt=\"\" class=\"wp-image-35349\" srcset=\"https:\/\/qtmm.org\/wp-content\/uploads\/2022\/01\/img_8714_1.jpeg 650w, https:\/\/qtmm.org\/wp-content\/uploads\/2022\/01\/img_8714_1-300x138.jpeg 300w\" sizes=\"auto, (max-width: 650px) 100vw, 650px\" \/><\/figure>\n\n\n\n<p>Ac\u0131 L\u00fctfi a\u011fa konferentsiyan\u0131\u00f1 hay\u0131rl\u0131 ve mahsuldar ke\u00e7mesi i\u00e7\u00fcn dua oqud\u0131. So\u00f1ra konferentsiya delegatlar\u0131 a\u00e7l\u0131q ve siyasiy repressiya qurbanlar\u0131n\u0131\u00f1 hat\u0131ras\u0131n\u0131 bir daqqal\u0131q suk\u00fcnetnen a\u00f1d\u0131lar. K\u00fcn tertibine Aqyar regional meclis reisini saylav ve regional meclis erk\u00e2n\u0131n\u0131 tekmillev meselesi qoyuld\u0131.<\/p>\n\n\n\n<figure class=\"wp-block-image size-full\"><img loading=\"lazy\" decoding=\"async\" width=\"650\" height=\"300\" src=\"http:\/\/qtmm.org\/wp-content\/uploads\/2022\/01\/img_8717_1.jpeg\" alt=\"\" class=\"wp-image-35353\" srcset=\"https:\/\/qtmm.org\/wp-content\/uploads\/2022\/01\/img_8717_1.jpeg 650w, https:\/\/qtmm.org\/wp-content\/uploads\/2022\/01\/img_8717_1-300x138.jpeg 300w\" sizes=\"auto, (max-width: 650px) 100vw, 650px\" \/><\/figure>\n\n\n\n<p>Regional meclis reisligine Tal\u00e2t Suleymanov, Enver Mamutdinov, Abl\u00e2mit \u0130zmaylov ve Lemara.Qaybullayevan\u0131\u00f1 namzetleri k\u00f6sterildi. Suleymanov Tal\u00e2t ve \u0130zmaylov Abl\u00e2mit \u00f6z namzetlerini keri ald\u0131lar. Gizli rey ber\u00fcv b\u00fclletenlerine Mamutdinov Enver ve Qaybullayeva Lemaran\u0131\u00f1 namzetleri kirsetildi. Reis olaraq reylerni\u00f1 \u00e7oqlu\u011f\u0131n\u0131 qazan\u011fan Mamutdinov Enver sayland\u0131.<\/p>\n\n\n\n<figure class=\"wp-block-image size-full\"><img loading=\"lazy\" decoding=\"async\" width=\"650\" height=\"300\" src=\"http:\/\/qtmm.org\/wp-content\/uploads\/2022\/01\/img_8766_1.jpeg\" alt=\"\" class=\"wp-image-35357\" srcset=\"https:\/\/qtmm.org\/wp-content\/uploads\/2022\/01\/img_8766_1.jpeg 650w, https:\/\/qtmm.org\/wp-content\/uploads\/2022\/01\/img_8766_1-300x138.jpeg 300w\" sizes=\"auto, (max-width: 650px) 100vw, 650px\" \/><\/figure>\n\n\n\n<p>Ya\u00f1\u0131 saylan\u011fan reis regional meclisni\u00f1 erk\u00e2n\u0131na yerli meclislerni\u00f1 reislerinden \u011fayr\u0131 Asanova Diana ve Suleymanov Tal\u00e2tn\u0131 da kirsetmekni teklif etti. Konferentsiya yek\u00fcnlengen so\u00f1 regional meclisni\u00f1 birinci topla\u015fuv\u0131 ke\u00e7irilip, onda reis muavinleri ve k\u00e2tip sayland\u0131. Regional meclis reisini\u00f1 muavini olaraq<\/p>\n\n\n\n<figure class=\"wp-block-image size-full\"><img loading=\"lazy\" decoding=\"async\" width=\"650\" height=\"300\" src=\"http:\/\/qtmm.org\/wp-content\/uploads\/2022\/01\/img_8801_1.jpeg\" alt=\"\" class=\"wp-image-35361\" srcset=\"https:\/\/qtmm.org\/wp-content\/uploads\/2022\/01\/img_8801_1.jpeg 650w, https:\/\/qtmm.org\/wp-content\/uploads\/2022\/01\/img_8801_1-300x138.jpeg 300w\" sizes=\"auto, (max-width: 650px) 100vw, 650px\" \/><\/figure>\n\n\n\n<p>Suleymanov Tal\u00e2t, k\u00e2tibi olaraq ise &#8211; \u0130zmaylov Abl\u00e2mit sayland\u0131. Regional meclis azalar\u0131 nevbetteki topla\u015fuvda i\u015f plan\u0131n\u0131 muzakere etmek ve qabul etmekni qararla\u015ft\u0131rd\u0131lar.<\/p>\n\n\n\n<p><em><u>Mal\u00fcmat i\u00e7\u00fcn:<\/u><\/em>&nbsp; Mamutdinov Enver 1975 senesi avgust 21-de Ta\u015fkent vil\u00e2yetinde d\u00fcnya\u011fa keldi.<\/p>\n\n\n\n<p>2006 senesi Aqyar milliy tehnikiy universitetni\u00f1 idare et\u00fcv iqtisadiyat\u0131 b\u00f6l\u00fcgini bitirdi.<\/p>\n\n\n\n<p>Evli, d\u00f6rt balan\u0131\u00f1 babas\u0131. \u015e\u00fcl\u00fc (Ternovka) k\u00f6y\u00fcnde ya\u015fay.<\/p>\n","protected":false},"excerpt":{"rendered":"<p>2012 senesi noyabr 24 k\u00fcn\u00fc \u00f6tkerilgen Aqyar region\u0131 q\u0131r\u0131mtatarlar\u0131 konferentsiyas\u0131n\u0131\u00f1 i\u015finde yerli meclislerni\u00f1 okt\u00e2br 20-de saylan\u011fan 38 azas\u0131ndan 36 neferi i\u015ftirak etti. Q\u0131r\u0131mtatar halq\u0131n\u0131\u00f1 \u00f6z \u00f6z\u00fcni idare et\u00fcv organlar\u0131 aqq\u0131ndaki nizam boyunca konferentsiyan\u0131 Yerli meclislerge saylavlarn\u0131 az\u0131rlav ve ke\u00e7ir\u00fcv boyunca komissiyan\u0131\u00f1 reisi Refat \u00c7ubarov al\u0131p bard\u0131. Konferentsiyada Q\u0131r\u0131mtatar halq\u0131 qurultay\u0131 Tefti\u015f komissiyas\u0131n\u0131\u00f1 reisi Qurtseit Abdullayev, [&hellip;]<\/p>\n","protected":false},"author":1,"featured_media":0,"comment_status":"open","ping_status":"open","sticky":false,"template":"","format":"standard","meta":{"inline_featured_image":false,"footnotes":""},"categories":[265],"tags":[],"class_list":["post-35344","post","type-post","status-publish","format-standard","hentry","category-haberler"],"acf":[],"yoast_head":"<!-- This site is optimized with the Yoast SEO plugin v27.4 - https:\/\/yoast.com\/product\/yoast-seo-wordpress\/ -->\n<title>Aqyar regional meclisni\u00f1 reisi olaraq Enver Mamutdinov sayland\u0131 - \u041c\u0435\u0434\u0436\u043b\u0456\u0441<\/title>\n<meta name=\"robots\" content=\"index, follow, max-snippet:-1, max-image-preview:large, max-video-preview:-1\" \/>\n<link rel=\"canonical\" href=\"https:\/\/qtmm.org\/qt\/aqyar-regional-meclisnin-reisi-olaraq-enver-mamutdinov-saylandi\/\" \/>\n<meta property=\"og:locale\" content=\"en_US\" \/>\n<meta property=\"og:type\" content=\"article\" \/>\n<meta property=\"og:title\" content=\"Aqyar regional meclisni\u00f1 reisi olaraq Enver Mamutdinov sayland\u0131 - \u041c\u0435\u0434\u0436\u043b\u0456\u0441\" \/>\n<meta property=\"og:description\" content=\"2012 senesi noyabr 24 k\u00fcn\u00fc \u00f6tkerilgen Aqyar region\u0131 q\u0131r\u0131mtatarlar\u0131 konferentsiyas\u0131n\u0131\u00f1 i\u015finde yerli meclislerni\u00f1 okt\u00e2br 20-de saylan\u011fan 38 azas\u0131ndan 36 neferi i\u015ftirak etti. Q\u0131r\u0131mtatar halq\u0131n\u0131\u00f1 \u00f6z \u00f6z\u00fcni idare et\u00fcv organlar\u0131 aqq\u0131ndaki nizam boyunca konferentsiyan\u0131 Yerli meclislerge saylavlarn\u0131 az\u0131rlav ve ke\u00e7ir\u00fcv boyunca komissiyan\u0131\u00f1 reisi Refat \u00c7ubarov al\u0131p bard\u0131. Konferentsiyada Q\u0131r\u0131mtatar halq\u0131 qurultay\u0131 Tefti\u015f komissiyas\u0131n\u0131\u00f1 reisi Qurtseit Abdullayev, [&hellip;]\" \/>\n<meta property=\"og:url\" content=\"https:\/\/qtmm.org\/qt\/aqyar-regional-meclisnin-reisi-olaraq-enver-mamutdinov-saylandi\/\" \/>\n<meta property=\"og:site_name\" content=\"\u041c\u0435\u0434\u0436\u043b\u0456\u0441\" \/>\n<meta property=\"article:publisher\" content=\"https:\/\/www.facebook.com\/qtmm.info\/\" \/>\n<meta property=\"article:published_time\" content=\"2012-11-24T11:50:00+00:00\" \/>\n<meta property=\"article:modified_time\" content=\"2022-01-23T11:53:10+00:00\" \/>\n<meta property=\"og:image\" content=\"https:\/\/qtmm.org\/wp-content\/uploads\/2022\/01\/img_8707_1.jpeg\" \/>\n\t<meta property=\"og:image:width\" content=\"650\" \/>\n\t<meta property=\"og:image:height\" content=\"300\" \/>\n\t<meta property=\"og:image:type\" content=\"image\/jpeg\" \/>\n<meta name=\"author\" content=\"Developer\" \/>\n<meta name=\"twitter:card\" content=\"summary_large_image\" \/>\n<meta name=\"twitter:label1\" content=\"Written by\" \/>\n\t<meta name=\"twitter:data1\" content=\"Developer\" \/>\n\t<meta name=\"twitter:label2\" content=\"Est. reading time\" \/>\n\t<meta name=\"twitter:data2\" content=\"2 minutes\" \/>\n<script type=\"application\/ld+json\" class=\"yoast-schema-graph\">{\"@context\":\"https:\\\/\\\/schema.org\",\"@graph\":[{\"@type\":\"Article\",\"@id\":\"https:\\\/\\\/qtmm.org\\\/qt\\\/aqyar-regional-meclisnin-reisi-olaraq-enver-mamutdinov-saylandi\\\/#article\",\"isPartOf\":{\"@id\":\"https:\\\/\\\/qtmm.org\\\/qt\\\/aqyar-regional-meclisnin-reisi-olaraq-enver-mamutdinov-saylandi\\\/\"},\"author\":{\"name\":\"Developer\",\"@id\":\"https:\\\/\\\/qtmm.org\\\/qt\\\/#\\\/schema\\\/person\\\/de562469f971dec226ac06e60bbf74a7\"},\"headline\":\"Aqyar regional meclisni\u00f1 reisi olaraq Enver Mamutdinov sayland\u0131\",\"datePublished\":\"2012-11-24T11:50:00+00:00\",\"dateModified\":\"2022-01-23T11:53:10+00:00\",\"mainEntityOfPage\":{\"@id\":\"https:\\\/\\\/qtmm.org\\\/qt\\\/aqyar-regional-meclisnin-reisi-olaraq-enver-mamutdinov-saylandi\\\/\"},\"wordCount\":356,\"commentCount\":0,\"publisher\":{\"@id\":\"https:\\\/\\\/qtmm.org\\\/qt\\\/#organization\"},\"image\":{\"@id\":\"https:\\\/\\\/qtmm.org\\\/qt\\\/aqyar-regional-meclisnin-reisi-olaraq-enver-mamutdinov-saylandi\\\/#primaryimage\"},\"thumbnailUrl\":\"http:\\\/\\\/qtmm.org\\\/wp-content\\\/uploads\\\/2022\\\/01\\\/img_8707_1.jpeg\",\"articleSection\":[\"Haberler\"],\"inLanguage\":\"qt\",\"potentialAction\":[{\"@type\":\"CommentAction\",\"name\":\"Comment\",\"target\":[\"https:\\\/\\\/qtmm.org\\\/qt\\\/aqyar-regional-meclisnin-reisi-olaraq-enver-mamutdinov-saylandi\\\/#respond\"]}]},{\"@type\":\"WebPage\",\"@id\":\"https:\\\/\\\/qtmm.org\\\/qt\\\/aqyar-regional-meclisnin-reisi-olaraq-enver-mamutdinov-saylandi\\\/\",\"url\":\"https:\\\/\\\/qtmm.org\\\/qt\\\/aqyar-regional-meclisnin-reisi-olaraq-enver-mamutdinov-saylandi\\\/\",\"name\":\"Aqyar regional meclisni\u00f1 reisi olaraq Enver Mamutdinov sayland\u0131 - \u041c\u0435\u0434\u0436\u043b\u0456\u0441\",\"isPartOf\":{\"@id\":\"https:\\\/\\\/qtmm.org\\\/qt\\\/#website\"},\"primaryImageOfPage\":{\"@id\":\"https:\\\/\\\/qtmm.org\\\/qt\\\/aqyar-regional-meclisnin-reisi-olaraq-enver-mamutdinov-saylandi\\\/#primaryimage\"},\"image\":{\"@id\":\"https:\\\/\\\/qtmm.org\\\/qt\\\/aqyar-regional-meclisnin-reisi-olaraq-enver-mamutdinov-saylandi\\\/#primaryimage\"},\"thumbnailUrl\":\"http:\\\/\\\/qtmm.org\\\/wp-content\\\/uploads\\\/2022\\\/01\\\/img_8707_1.jpeg\",\"datePublished\":\"2012-11-24T11:50:00+00:00\",\"dateModified\":\"2022-01-23T11:53:10+00:00\",\"breadcrumb\":{\"@id\":\"https:\\\/\\\/qtmm.org\\\/qt\\\/aqyar-regional-meclisnin-reisi-olaraq-enver-mamutdinov-saylandi\\\/#breadcrumb\"},\"inLanguage\":\"qt\",\"potentialAction\":[{\"@type\":\"ReadAction\",\"target\":[\"https:\\\/\\\/qtmm.org\\\/qt\\\/aqyar-regional-meclisnin-reisi-olaraq-enver-mamutdinov-saylandi\\\/\"]}]},{\"@type\":\"ImageObject\",\"inLanguage\":\"qt\",\"@id\":\"https:\\\/\\\/qtmm.org\\\/qt\\\/aqyar-regional-meclisnin-reisi-olaraq-enver-mamutdinov-saylandi\\\/#primaryimage\",\"url\":\"http:\\\/\\\/qtmm.org\\\/wp-content\\\/uploads\\\/2022\\\/01\\\/img_8707_1.jpeg\",\"contentUrl\":\"http:\\\/\\\/qtmm.org\\\/wp-content\\\/uploads\\\/2022\\\/01\\\/img_8707_1.jpeg\"},{\"@type\":\"BreadcrumbList\",\"@id\":\"https:\\\/\\\/qtmm.org\\\/qt\\\/aqyar-regional-meclisnin-reisi-olaraq-enver-mamutdinov-saylandi\\\/#breadcrumb\",\"itemListElement\":[{\"@type\":\"ListItem\",\"position\":1,\"name\":\"\u0413\u043e\u043b\u043e\u0432\u043d\u0430\",\"item\":\"https:\\\/\\\/qtmm.org\\\/qt\\\/\"},{\"@type\":\"ListItem\",\"position\":2,\"name\":\"Aqyar regional meclisni\u00f1 reisi olaraq Enver Mamutdinov sayland\u0131\"}]},{\"@type\":\"WebSite\",\"@id\":\"https:\\\/\\\/qtmm.org\\\/qt\\\/#website\",\"url\":\"https:\\\/\\\/qtmm.org\\\/qt\\\/\",\"name\":\"\u041c\u0435\u0434\u0436\u043b\u0456\u0441\",\"description\":\"\",\"publisher\":{\"@id\":\"https:\\\/\\\/qtmm.org\\\/qt\\\/#organization\"},\"potentialAction\":[{\"@type\":\"SearchAction\",\"target\":{\"@type\":\"EntryPoint\",\"urlTemplate\":\"https:\\\/\\\/qtmm.org\\\/qt\\\/?s={search_term_string}\"},\"query-input\":{\"@type\":\"PropertyValueSpecification\",\"valueRequired\":true,\"valueName\":\"search_term_string\"}}],\"inLanguage\":\"qt\"},{\"@type\":\"Organization\",\"@id\":\"https:\\\/\\\/qtmm.org\\\/qt\\\/#organization\",\"name\":\"\u041c\u0435\u0434\u0436\u043b\u0456\u0441\",\"url\":\"https:\\\/\\\/qtmm.org\\\/qt\\\/\",\"logo\":{\"@type\":\"ImageObject\",\"inLanguage\":\"qt\",\"@id\":\"https:\\\/\\\/qtmm.org\\\/qt\\\/#\\\/schema\\\/logo\\\/image\\\/\",\"url\":\"https:\\\/\\\/qtmm.org\\\/wp-content\\\/uploads\\\/2024\\\/12\\\/ua-mejlis-logo-rgb.svg\",\"contentUrl\":\"https:\\\/\\\/qtmm.org\\\/wp-content\\\/uploads\\\/2024\\\/12\\\/ua-mejlis-logo-rgb.svg\",\"caption\":\"\u041c\u0435\u0434\u0436\u043b\u0456\u0441\"},\"image\":{\"@id\":\"https:\\\/\\\/qtmm.org\\\/qt\\\/#\\\/schema\\\/logo\\\/image\\\/\"},\"sameAs\":[\"https:\\\/\\\/www.facebook.com\\\/qtmm.info\\\/\"]},{\"@type\":\"Person\",\"@id\":\"https:\\\/\\\/qtmm.org\\\/qt\\\/#\\\/schema\\\/person\\\/de562469f971dec226ac06e60bbf74a7\",\"name\":\"Developer\",\"image\":{\"@type\":\"ImageObject\",\"inLanguage\":\"qt\",\"@id\":\"https:\\\/\\\/secure.gravatar.com\\\/avatar\\\/392b4cc8fbfeb00b39dfeeab4ee6edded39ffd48e25858637e4765810300227e?s=96&d=mm&r=g\",\"url\":\"https:\\\/\\\/secure.gravatar.com\\\/avatar\\\/392b4cc8fbfeb00b39dfeeab4ee6edded39ffd48e25858637e4765810300227e?s=96&d=mm&r=g\",\"contentUrl\":\"https:\\\/\\\/secure.gravatar.com\\\/avatar\\\/392b4cc8fbfeb00b39dfeeab4ee6edded39ffd48e25858637e4765810300227e?s=96&d=mm&r=g\",\"caption\":\"Developer\"},\"url\":\"https:\\\/\\\/qtmm.org\\\/qt\\\/author\\\/Developer\\\/\"}]}<\/script>\n<!-- \/ Yoast SEO plugin. -->","yoast_head_json":{"title":"Aqyar regional meclisni\u00f1 reisi olaraq Enver Mamutdinov sayland\u0131 - \u041c\u0435\u0434\u0436\u043b\u0456\u0441","robots":{"index":"index","follow":"follow","max-snippet":"max-snippet:-1","max-image-preview":"max-image-preview:large","max-video-preview":"max-video-preview:-1"},"canonical":"https:\/\/qtmm.org\/qt\/aqyar-regional-meclisnin-reisi-olaraq-enver-mamutdinov-saylandi\/","og_locale":"en_US","og_type":"article","og_title":"Aqyar regional meclisni\u00f1 reisi olaraq Enver Mamutdinov sayland\u0131 - \u041c\u0435\u0434\u0436\u043b\u0456\u0441","og_description":"2012 senesi noyabr 24 k\u00fcn\u00fc \u00f6tkerilgen Aqyar region\u0131 q\u0131r\u0131mtatarlar\u0131 konferentsiyas\u0131n\u0131\u00f1 i\u015finde yerli meclislerni\u00f1 okt\u00e2br 20-de saylan\u011fan 38 azas\u0131ndan 36 neferi i\u015ftirak etti. Q\u0131r\u0131mtatar halq\u0131n\u0131\u00f1 \u00f6z \u00f6z\u00fcni idare et\u00fcv organlar\u0131 aqq\u0131ndaki nizam boyunca konferentsiyan\u0131 Yerli meclislerge saylavlarn\u0131 az\u0131rlav ve ke\u00e7ir\u00fcv boyunca komissiyan\u0131\u00f1 reisi Refat \u00c7ubarov al\u0131p bard\u0131. Konferentsiyada Q\u0131r\u0131mtatar halq\u0131 qurultay\u0131 Tefti\u015f komissiyas\u0131n\u0131\u00f1 reisi Qurtseit Abdullayev, [&hellip;]","og_url":"https:\/\/qtmm.org\/qt\/aqyar-regional-meclisnin-reisi-olaraq-enver-mamutdinov-saylandi\/","og_site_name":"\u041c\u0435\u0434\u0436\u043b\u0456\u0441","article_publisher":"https:\/\/www.facebook.com\/qtmm.info\/","article_published_time":"2012-11-24T11:50:00+00:00","article_modified_time":"2022-01-23T11:53:10+00:00","og_image":[{"width":650,"height":300,"url":"https:\/\/qtmm.org\/wp-content\/uploads\/2022\/01\/img_8707_1.jpeg","type":"image\/jpeg"}],"author":"Developer","twitter_card":"summary_large_image","twitter_misc":{"Written by":"Developer","Est. reading time":"2 minutes"},"schema":{"@context":"https:\/\/schema.org","@graph":[{"@type":"Article","@id":"https:\/\/qtmm.org\/qt\/aqyar-regional-meclisnin-reisi-olaraq-enver-mamutdinov-saylandi\/#article","isPartOf":{"@id":"https:\/\/qtmm.org\/qt\/aqyar-regional-meclisnin-reisi-olaraq-enver-mamutdinov-saylandi\/"},"author":{"name":"Developer","@id":"https:\/\/qtmm.org\/qt\/#\/schema\/person\/de562469f971dec226ac06e60bbf74a7"},"headline":"Aqyar regional meclisni\u00f1 reisi olaraq Enver Mamutdinov sayland\u0131","datePublished":"2012-11-24T11:50:00+00:00","dateModified":"2022-01-23T11:53:10+00:00","mainEntityOfPage":{"@id":"https:\/\/qtmm.org\/qt\/aqyar-regional-meclisnin-reisi-olaraq-enver-mamutdinov-saylandi\/"},"wordCount":356,"commentCount":0,"publisher":{"@id":"https:\/\/qtmm.org\/qt\/#organization"},"image":{"@id":"https:\/\/qtmm.org\/qt\/aqyar-regional-meclisnin-reisi-olaraq-enver-mamutdinov-saylandi\/#primaryimage"},"thumbnailUrl":"http:\/\/qtmm.org\/wp-content\/uploads\/2022\/01\/img_8707_1.jpeg","articleSection":["Haberler"],"inLanguage":"qt","potentialAction":[{"@type":"CommentAction","name":"Comment","target":["https:\/\/qtmm.org\/qt\/aqyar-regional-meclisnin-reisi-olaraq-enver-mamutdinov-saylandi\/#respond"]}]},{"@type":"WebPage","@id":"https:\/\/qtmm.org\/qt\/aqyar-regional-meclisnin-reisi-olaraq-enver-mamutdinov-saylandi\/","url":"https:\/\/qtmm.org\/qt\/aqyar-regional-meclisnin-reisi-olaraq-enver-mamutdinov-saylandi\/","name":"Aqyar regional meclisni\u00f1 reisi olaraq Enver Mamutdinov sayland\u0131 - \u041c\u0435\u0434\u0436\u043b\u0456\u0441","isPartOf":{"@id":"https:\/\/qtmm.org\/qt\/#website"},"primaryImageOfPage":{"@id":"https:\/\/qtmm.org\/qt\/aqyar-regional-meclisnin-reisi-olaraq-enver-mamutdinov-saylandi\/#primaryimage"},"image":{"@id":"https:\/\/qtmm.org\/qt\/aqyar-regional-meclisnin-reisi-olaraq-enver-mamutdinov-saylandi\/#primaryimage"},"thumbnailUrl":"http:\/\/qtmm.org\/wp-content\/uploads\/2022\/01\/img_8707_1.jpeg","datePublished":"2012-11-24T11:50:00+00:00","dateModified":"2022-01-23T11:53:10+00:00","breadcrumb":{"@id":"https:\/\/qtmm.org\/qt\/aqyar-regional-meclisnin-reisi-olaraq-enver-mamutdinov-saylandi\/#breadcrumb"},"inLanguage":"qt","potentialAction":[{"@type":"ReadAction","target":["https:\/\/qtmm.org\/qt\/aqyar-regional-meclisnin-reisi-olaraq-enver-mamutdinov-saylandi\/"]}]},{"@type":"ImageObject","inLanguage":"qt","@id":"https:\/\/qtmm.org\/qt\/aqyar-regional-meclisnin-reisi-olaraq-enver-mamutdinov-saylandi\/#primaryimage","url":"http:\/\/qtmm.org\/wp-content\/uploads\/2022\/01\/img_8707_1.jpeg","contentUrl":"http:\/\/qtmm.org\/wp-content\/uploads\/2022\/01\/img_8707_1.jpeg"},{"@type":"BreadcrumbList","@id":"https:\/\/qtmm.org\/qt\/aqyar-regional-meclisnin-reisi-olaraq-enver-mamutdinov-saylandi\/#breadcrumb","itemListElement":[{"@type":"ListItem","position":1,"name":"\u0413\u043e\u043b\u043e\u0432\u043d\u0430","item":"https:\/\/qtmm.org\/qt\/"},{"@type":"ListItem","position":2,"name":"Aqyar regional meclisni\u00f1 reisi olaraq Enver Mamutdinov sayland\u0131"}]},{"@type":"WebSite","@id":"https:\/\/qtmm.org\/qt\/#website","url":"https:\/\/qtmm.org\/qt\/","name":"\u041c\u0435\u0434\u0436\u043b\u0456\u0441","description":"","publisher":{"@id":"https:\/\/qtmm.org\/qt\/#organization"},"potentialAction":[{"@type":"SearchAction","target":{"@type":"EntryPoint","urlTemplate":"https:\/\/qtmm.org\/qt\/?s={search_term_string}"},"query-input":{"@type":"PropertyValueSpecification","valueRequired":true,"valueName":"search_term_string"}}],"inLanguage":"qt"},{"@type":"Organization","@id":"https:\/\/qtmm.org\/qt\/#organization","name":"\u041c\u0435\u0434\u0436\u043b\u0456\u0441","url":"https:\/\/qtmm.org\/qt\/","logo":{"@type":"ImageObject","inLanguage":"qt","@id":"https:\/\/qtmm.org\/qt\/#\/schema\/logo\/image\/","url":"https:\/\/qtmm.org\/wp-content\/uploads\/2024\/12\/ua-mejlis-logo-rgb.svg","contentUrl":"https:\/\/qtmm.org\/wp-content\/uploads\/2024\/12\/ua-mejlis-logo-rgb.svg","caption":"\u041c\u0435\u0434\u0436\u043b\u0456\u0441"},"image":{"@id":"https:\/\/qtmm.org\/qt\/#\/schema\/logo\/image\/"},"sameAs":["https:\/\/www.facebook.com\/qtmm.info\/"]},{"@type":"Person","@id":"https:\/\/qtmm.org\/qt\/#\/schema\/person\/de562469f971dec226ac06e60bbf74a7","name":"Developer","image":{"@type":"ImageObject","inLanguage":"qt","@id":"https:\/\/secure.gravatar.com\/avatar\/392b4cc8fbfeb00b39dfeeab4ee6edded39ffd48e25858637e4765810300227e?s=96&d=mm&r=g","url":"https:\/\/secure.gravatar.com\/avatar\/392b4cc8fbfeb00b39dfeeab4ee6edded39ffd48e25858637e4765810300227e?s=96&d=mm&r=g","contentUrl":"https:\/\/secure.gravatar.com\/avatar\/392b4cc8fbfeb00b39dfeeab4ee6edded39ffd48e25858637e4765810300227e?s=96&d=mm&r=g","caption":"Developer"},"url":"https:\/\/qtmm.org\/qt\/author\/Developer\/"}]}},"_links":{"self":[{"href":"https:\/\/qtmm.org\/qt\/wp-json\/wp\/v2\/posts\/35344","targetHints":{"allow":["GET"]}}],"collection":[{"href":"https:\/\/qtmm.org\/qt\/wp-json\/wp\/v2\/posts"}],"about":[{"href":"https:\/\/qtmm.org\/qt\/wp-json\/wp\/v2\/types\/post"}],"author":[{"embeddable":true,"href":"https:\/\/qtmm.org\/qt\/wp-json\/wp\/v2\/users\/1"}],"replies":[{"embeddable":true,"href":"https:\/\/qtmm.org\/qt\/wp-json\/wp\/v2\/comments?post=35344"}],"version-history":[{"count":1,"href":"https:\/\/qtmm.org\/qt\/wp-json\/wp\/v2\/posts\/35344\/revisions"}],"predecessor-version":[{"id":35365,"href":"https:\/\/qtmm.org\/qt\/wp-json\/wp\/v2\/posts\/35344\/revisions\/35365"}],"wp:attachment":[{"href":"https:\/\/qtmm.org\/qt\/wp-json\/wp\/v2\/media?parent=35344"}],"wp:term":[{"taxonomy":"category","embeddable":true,"href":"https:\/\/qtmm.org\/qt\/wp-json\/wp\/v2\/categories?post=35344"},{"taxonomy":"post_tag","embeddable":true,"href":"https:\/\/qtmm.org\/qt\/wp-json\/wp\/v2\/tags?post=35344"}],"curies":[{"name":"wp","href":"https:\/\/api.w.org\/{rel}","templated":true}]}}