




{"id":35342,"date":"2012-11-23T14:49:00","date_gmt":"2012-11-23T11:49:00","guid":{"rendered":"http:\/\/qtmm.org\/?p=35342"},"modified":"2022-01-23T14:50:44","modified_gmt":"2022-01-23T11:50:44","slug":"turk-dunyasi-buyuk-coyuqqa-ogradi","status":"publish","type":"post","link":"https:\/\/qtmm.org\/qt\/turk-dunyasi-buyuk-coyuqqa-ogradi\/","title":{"rendered":"T\u00fcrk d\u00fcnyas\u0131 b\u00fcy\u00fck coyuqqa o\u011frad\u0131"},"content":{"rendered":"\n<p>22-noyabr gecesi \u0130stanbulda 74 ya\u015f\u0131nda T\u00fcrk D\u00fcnyas\u0131 ara\u015ft\u0131rmalar \u00a0Vakuf\u0131n\u0131\u00f1 Ba\u015f\u0131 professor, doktor Turan Yaz\u011fan vefat etti.\u00a0Bundan daa eki k\u00fcn evelsi Aqmescitte \u0130. Gaspral\u0131 ad\u0131na milliy k\u00fct\u00fcphanede Q\u0131r\u0131mtatar qad\u0131n-q\u0131zlar birligi taraf\u0131ndan Turan Yaz\u011fann\u0131\u00f1 q\u0131r\u0131mtatar medeniyeti inki\u015faf\u0131na qo\u015fqan issesini ayd\u0131nlatqan ve dostum\u0131z\u011fa te\u015fekk\u00fcr olaraq az\u0131rlan\u011fan filmni\u00f1 taqdimnamesi \u00f6tkerilgen edi. Teess\u00fcf ki, filni\u00f1 sebep\u00e7isi ve qaraman\u0131 on\u0131 k\u00f6r\u00fcp olamad\u0131.\u00a0T\u00fcrk D\u00fcnyas\u0131 ara\u015ft\u0131rmalar \u00a0Vakuf\u0131 bu d\u00fcnya i\u00e7\u00fcn \u00e7oq a\u011f\u0131r bir devirde -1980 senesi quruld\u0131. Bu vaq\u0131t i\u00e7inde Vakuf 300-den ziyade kitap, ekseriyetle t\u00fcrkiy tilli halqlar\u0131n\u0131\u00f1 edebiyat yadik\u00e2rl\u0131qlar\u0131n\u0131 \u00a0\u00e7\u0131qard\u0131. Y\u00fczlernen emiyetli neticelerge ketirgen salmaql\u0131 tedbirler \u00f6tkerildi.\u00a0\u00a0Turan Yaz\u011fan 1938 senesi \u0130spartan\u0131\u00f1 Egirdir rayon\u0131nda do\u011fd\u0131. 1955 senesi litseyni bitirgen so\u00f1 \u0130stanbul universitetini\u00f1 iqtisadiyat fakultetine kire ve d\u00f6rt y\u0131l ke\u00e7erek, on\u0131\u00f1 mezun\u0131 ola. Zenaat\u0131 boyunca devlet qurumlar\u0131nda mes\u00fclietli vazifelerde \u00a0\u00e7al\u0131\u015fa. 1963 senesi tecribe almaq\u00e7\u00fcn on\u0131 \u0130taliya\u011fa yollaylar.\u00a01966 senesi universitette iqtisadiyat fakultetini\u00f1 ocas\u0131 ola, bir y\u0131ldan so\u00f1 bu saa boyunca doktorl\u0131q dissertatsiyas\u0131n\u0131 muvafaqiyetli qor\u00e7alay. Ocal\u0131q ve ilim faaliyetini ameliy i\u015flernen beraber becermekte. 1979 senesi professor ola.\u00a02000 senesi nefaqa\u011fa \u00e7\u0131q\u0131p, faaliyetini bundan 20 sene meydan\u011fa ketirilgen T\u00fcrk D\u00fcnyas\u0131 ara\u015ft\u0131rmalar \u00a0Vakuf\u0131nda devam ete. T\u00fcrkiye ve T\u00fcrk d\u00fcnyas\u0131ndaki h\u0131zmetleri i\u00e7\u00fcn bir s\u0131ra universitetler on\u0131 fahriy doktor unvan\u0131 ile taqdirlediler.\u00a0\u00a0Turan Yaz\u011fan hat\u0131ram\u0131zda milletperver ve alicenap insan olaraq \u00a0daima ya\u015facaq. On\u0131\u00f1 yaq\u0131nlar\u0131na, aqrabalar\u0131na teren taziye bildiremiz ve ba\u015f sa\u011fl\u0131\u011f\u0131 tileymiz.<\/p>\n\n\n\n<p class=\"has-text-align-center\">\u00a0<strong>Merhum Allan\u0131\u00f1 rahmetinde buluns\u0131n.<\/strong><\/p>\n\n\n\n<p class=\"has-text-align-right\"><strong><em>Milliy Meclis azalar\u0131\u00a0<\/em><\/strong><\/p>\n","protected":false},"excerpt":{"rendered":"<p>22-noyabr gecesi \u0130stanbulda 74 ya\u015f\u0131nda T\u00fcrk D\u00fcnyas\u0131 ara\u015ft\u0131rmalar \u00a0Vakuf\u0131n\u0131\u00f1 Ba\u015f\u0131 professor, doktor Turan Yaz\u011fan vefat etti.\u00a0Bundan daa eki k\u00fcn evelsi Aqmescitte \u0130. Gaspral\u0131 ad\u0131na milliy k\u00fct\u00fcphanede Q\u0131r\u0131mtatar qad\u0131n-q\u0131zlar birligi taraf\u0131ndan Turan Yaz\u011fann\u0131\u00f1 q\u0131r\u0131mtatar medeniyeti inki\u015faf\u0131na qo\u015fqan issesini ayd\u0131nlatqan ve dostum\u0131z\u011fa te\u015fekk\u00fcr olaraq az\u0131rlan\u011fan filmni\u00f1 taqdimnamesi \u00f6tkerilgen edi. Teess\u00fcf ki, filni\u00f1 sebep\u00e7isi ve qaraman\u0131 on\u0131 k\u00f6r\u00fcp [&hellip;]<\/p>\n","protected":false},"author":1,"featured_media":0,"comment_status":"open","ping_status":"open","sticky":false,"template":"","format":"standard","meta":{"inline_featured_image":false,"footnotes":""},"categories":[265],"tags":[],"class_list":["post-35342","post","type-post","status-publish","format-standard","hentry","category-haberler"],"acf":[],"yoast_head":"<!-- This site is optimized with the Yoast SEO plugin v27.4 - https:\/\/yoast.com\/product\/yoast-seo-wordpress\/ -->\n<title>T\u00fcrk d\u00fcnyas\u0131 b\u00fcy\u00fck coyuqqa o\u011frad\u0131 - \u041c\u0435\u0434\u0436\u043b\u0456\u0441<\/title>\n<meta name=\"robots\" content=\"index, follow, max-snippet:-1, max-image-preview:large, max-video-preview:-1\" \/>\n<link rel=\"canonical\" href=\"https:\/\/qtmm.org\/qt\/turk-dunyasi-buyuk-coyuqqa-ogradi\/\" \/>\n<meta property=\"og:locale\" content=\"en_US\" \/>\n<meta property=\"og:type\" content=\"article\" \/>\n<meta property=\"og:title\" content=\"T\u00fcrk d\u00fcnyas\u0131 b\u00fcy\u00fck coyuqqa o\u011frad\u0131 - \u041c\u0435\u0434\u0436\u043b\u0456\u0441\" \/>\n<meta property=\"og:description\" content=\"22-noyabr gecesi \u0130stanbulda 74 ya\u015f\u0131nda T\u00fcrk D\u00fcnyas\u0131 ara\u015ft\u0131rmalar \u00a0Vakuf\u0131n\u0131\u00f1 Ba\u015f\u0131 professor, doktor Turan Yaz\u011fan vefat etti.\u00a0Bundan daa eki k\u00fcn evelsi Aqmescitte \u0130. Gaspral\u0131 ad\u0131na milliy k\u00fct\u00fcphanede Q\u0131r\u0131mtatar qad\u0131n-q\u0131zlar birligi taraf\u0131ndan Turan Yaz\u011fann\u0131\u00f1 q\u0131r\u0131mtatar medeniyeti inki\u015faf\u0131na qo\u015fqan issesini ayd\u0131nlatqan ve dostum\u0131z\u011fa te\u015fekk\u00fcr olaraq az\u0131rlan\u011fan filmni\u00f1 taqdimnamesi \u00f6tkerilgen edi. Teess\u00fcf ki, filni\u00f1 sebep\u00e7isi ve qaraman\u0131 on\u0131 k\u00f6r\u00fcp [&hellip;]\" \/>\n<meta property=\"og:url\" content=\"https:\/\/qtmm.org\/qt\/turk-dunyasi-buyuk-coyuqqa-ogradi\/\" \/>\n<meta property=\"og:site_name\" content=\"\u041c\u0435\u0434\u0436\u043b\u0456\u0441\" \/>\n<meta property=\"article:publisher\" content=\"https:\/\/www.facebook.com\/qtmm.info\/\" \/>\n<meta property=\"article:published_time\" content=\"2012-11-23T11:49:00+00:00\" \/>\n<meta property=\"article:modified_time\" content=\"2022-01-23T11:50:44+00:00\" \/>\n<meta name=\"author\" content=\"Developer\" \/>\n<meta name=\"twitter:card\" content=\"summary_large_image\" \/>\n<meta name=\"twitter:label1\" content=\"Written by\" \/>\n\t<meta name=\"twitter:data1\" content=\"Developer\" \/>\n\t<meta name=\"twitter:label2\" content=\"Est. reading time\" \/>\n\t<meta name=\"twitter:data2\" content=\"1 minute\" \/>\n<script type=\"application\/ld+json\" class=\"yoast-schema-graph\">{\"@context\":\"https:\\\/\\\/schema.org\",\"@graph\":[{\"@type\":\"Article\",\"@id\":\"https:\\\/\\\/qtmm.org\\\/qt\\\/turk-dunyasi-buyuk-coyuqqa-ogradi\\\/#article\",\"isPartOf\":{\"@id\":\"https:\\\/\\\/qtmm.org\\\/qt\\\/turk-dunyasi-buyuk-coyuqqa-ogradi\\\/\"},\"author\":{\"name\":\"Developer\",\"@id\":\"https:\\\/\\\/qtmm.org\\\/qt\\\/#\\\/schema\\\/person\\\/de562469f971dec226ac06e60bbf74a7\"},\"headline\":\"T\u00fcrk d\u00fcnyas\u0131 b\u00fcy\u00fck coyuqqa o\u011frad\u0131\",\"datePublished\":\"2012-11-23T11:49:00+00:00\",\"dateModified\":\"2022-01-23T11:50:44+00:00\",\"mainEntityOfPage\":{\"@id\":\"https:\\\/\\\/qtmm.org\\\/qt\\\/turk-dunyasi-buyuk-coyuqqa-ogradi\\\/\"},\"wordCount\":308,\"commentCount\":0,\"publisher\":{\"@id\":\"https:\\\/\\\/qtmm.org\\\/qt\\\/#organization\"},\"articleSection\":[\"Haberler\"],\"inLanguage\":\"qt\",\"potentialAction\":[{\"@type\":\"CommentAction\",\"name\":\"Comment\",\"target\":[\"https:\\\/\\\/qtmm.org\\\/qt\\\/turk-dunyasi-buyuk-coyuqqa-ogradi\\\/#respond\"]}]},{\"@type\":\"WebPage\",\"@id\":\"https:\\\/\\\/qtmm.org\\\/qt\\\/turk-dunyasi-buyuk-coyuqqa-ogradi\\\/\",\"url\":\"https:\\\/\\\/qtmm.org\\\/qt\\\/turk-dunyasi-buyuk-coyuqqa-ogradi\\\/\",\"name\":\"T\u00fcrk d\u00fcnyas\u0131 b\u00fcy\u00fck coyuqqa o\u011frad\u0131 - \u041c\u0435\u0434\u0436\u043b\u0456\u0441\",\"isPartOf\":{\"@id\":\"https:\\\/\\\/qtmm.org\\\/qt\\\/#website\"},\"datePublished\":\"2012-11-23T11:49:00+00:00\",\"dateModified\":\"2022-01-23T11:50:44+00:00\",\"breadcrumb\":{\"@id\":\"https:\\\/\\\/qtmm.org\\\/qt\\\/turk-dunyasi-buyuk-coyuqqa-ogradi\\\/#breadcrumb\"},\"inLanguage\":\"qt\",\"potentialAction\":[{\"@type\":\"ReadAction\",\"target\":[\"https:\\\/\\\/qtmm.org\\\/qt\\\/turk-dunyasi-buyuk-coyuqqa-ogradi\\\/\"]}]},{\"@type\":\"BreadcrumbList\",\"@id\":\"https:\\\/\\\/qtmm.org\\\/qt\\\/turk-dunyasi-buyuk-coyuqqa-ogradi\\\/#breadcrumb\",\"itemListElement\":[{\"@type\":\"ListItem\",\"position\":1,\"name\":\"\u0413\u043e\u043b\u043e\u0432\u043d\u0430\",\"item\":\"https:\\\/\\\/qtmm.org\\\/qt\\\/\"},{\"@type\":\"ListItem\",\"position\":2,\"name\":\"T\u00fcrk d\u00fcnyas\u0131 b\u00fcy\u00fck coyuqqa o\u011frad\u0131\"}]},{\"@type\":\"WebSite\",\"@id\":\"https:\\\/\\\/qtmm.org\\\/qt\\\/#website\",\"url\":\"https:\\\/\\\/qtmm.org\\\/qt\\\/\",\"name\":\"\u041c\u0435\u0434\u0436\u043b\u0456\u0441\",\"description\":\"\",\"publisher\":{\"@id\":\"https:\\\/\\\/qtmm.org\\\/qt\\\/#organization\"},\"potentialAction\":[{\"@type\":\"SearchAction\",\"target\":{\"@type\":\"EntryPoint\",\"urlTemplate\":\"https:\\\/\\\/qtmm.org\\\/qt\\\/?s={search_term_string}\"},\"query-input\":{\"@type\":\"PropertyValueSpecification\",\"valueRequired\":true,\"valueName\":\"search_term_string\"}}],\"inLanguage\":\"qt\"},{\"@type\":\"Organization\",\"@id\":\"https:\\\/\\\/qtmm.org\\\/qt\\\/#organization\",\"name\":\"\u041c\u0435\u0434\u0436\u043b\u0456\u0441\",\"url\":\"https:\\\/\\\/qtmm.org\\\/qt\\\/\",\"logo\":{\"@type\":\"ImageObject\",\"inLanguage\":\"qt\",\"@id\":\"https:\\\/\\\/qtmm.org\\\/qt\\\/#\\\/schema\\\/logo\\\/image\\\/\",\"url\":\"https:\\\/\\\/qtmm.org\\\/wp-content\\\/uploads\\\/2024\\\/12\\\/ua-mejlis-logo-rgb.svg\",\"contentUrl\":\"https:\\\/\\\/qtmm.org\\\/wp-content\\\/uploads\\\/2024\\\/12\\\/ua-mejlis-logo-rgb.svg\",\"caption\":\"\u041c\u0435\u0434\u0436\u043b\u0456\u0441\"},\"image\":{\"@id\":\"https:\\\/\\\/qtmm.org\\\/qt\\\/#\\\/schema\\\/logo\\\/image\\\/\"},\"sameAs\":[\"https:\\\/\\\/www.facebook.com\\\/qtmm.info\\\/\"]},{\"@type\":\"Person\",\"@id\":\"https:\\\/\\\/qtmm.org\\\/qt\\\/#\\\/schema\\\/person\\\/de562469f971dec226ac06e60bbf74a7\",\"name\":\"Developer\",\"image\":{\"@type\":\"ImageObject\",\"inLanguage\":\"qt\",\"@id\":\"https:\\\/\\\/secure.gravatar.com\\\/avatar\\\/392b4cc8fbfeb00b39dfeeab4ee6edded39ffd48e25858637e4765810300227e?s=96&d=mm&r=g\",\"url\":\"https:\\\/\\\/secure.gravatar.com\\\/avatar\\\/392b4cc8fbfeb00b39dfeeab4ee6edded39ffd48e25858637e4765810300227e?s=96&d=mm&r=g\",\"contentUrl\":\"https:\\\/\\\/secure.gravatar.com\\\/avatar\\\/392b4cc8fbfeb00b39dfeeab4ee6edded39ffd48e25858637e4765810300227e?s=96&d=mm&r=g\",\"caption\":\"Developer\"},\"url\":\"https:\\\/\\\/qtmm.org\\\/qt\\\/author\\\/Developer\\\/\"}]}<\/script>\n<!-- \/ Yoast SEO plugin. -->","yoast_head_json":{"title":"T\u00fcrk d\u00fcnyas\u0131 b\u00fcy\u00fck coyuqqa o\u011frad\u0131 - \u041c\u0435\u0434\u0436\u043b\u0456\u0441","robots":{"index":"index","follow":"follow","max-snippet":"max-snippet:-1","max-image-preview":"max-image-preview:large","max-video-preview":"max-video-preview:-1"},"canonical":"https:\/\/qtmm.org\/qt\/turk-dunyasi-buyuk-coyuqqa-ogradi\/","og_locale":"en_US","og_type":"article","og_title":"T\u00fcrk d\u00fcnyas\u0131 b\u00fcy\u00fck coyuqqa o\u011frad\u0131 - \u041c\u0435\u0434\u0436\u043b\u0456\u0441","og_description":"22-noyabr gecesi \u0130stanbulda 74 ya\u015f\u0131nda T\u00fcrk D\u00fcnyas\u0131 ara\u015ft\u0131rmalar \u00a0Vakuf\u0131n\u0131\u00f1 Ba\u015f\u0131 professor, doktor Turan Yaz\u011fan vefat etti.\u00a0Bundan daa eki k\u00fcn evelsi Aqmescitte \u0130. Gaspral\u0131 ad\u0131na milliy k\u00fct\u00fcphanede Q\u0131r\u0131mtatar qad\u0131n-q\u0131zlar birligi taraf\u0131ndan Turan Yaz\u011fann\u0131\u00f1 q\u0131r\u0131mtatar medeniyeti inki\u015faf\u0131na qo\u015fqan issesini ayd\u0131nlatqan ve dostum\u0131z\u011fa te\u015fekk\u00fcr olaraq az\u0131rlan\u011fan filmni\u00f1 taqdimnamesi \u00f6tkerilgen edi. Teess\u00fcf ki, filni\u00f1 sebep\u00e7isi ve qaraman\u0131 on\u0131 k\u00f6r\u00fcp [&hellip;]","og_url":"https:\/\/qtmm.org\/qt\/turk-dunyasi-buyuk-coyuqqa-ogradi\/","og_site_name":"\u041c\u0435\u0434\u0436\u043b\u0456\u0441","article_publisher":"https:\/\/www.facebook.com\/qtmm.info\/","article_published_time":"2012-11-23T11:49:00+00:00","article_modified_time":"2022-01-23T11:50:44+00:00","author":"Developer","twitter_card":"summary_large_image","twitter_misc":{"Written by":"Developer","Est. reading time":"1 minute"},"schema":{"@context":"https:\/\/schema.org","@graph":[{"@type":"Article","@id":"https:\/\/qtmm.org\/qt\/turk-dunyasi-buyuk-coyuqqa-ogradi\/#article","isPartOf":{"@id":"https:\/\/qtmm.org\/qt\/turk-dunyasi-buyuk-coyuqqa-ogradi\/"},"author":{"name":"Developer","@id":"https:\/\/qtmm.org\/qt\/#\/schema\/person\/de562469f971dec226ac06e60bbf74a7"},"headline":"T\u00fcrk d\u00fcnyas\u0131 b\u00fcy\u00fck coyuqqa o\u011frad\u0131","datePublished":"2012-11-23T11:49:00+00:00","dateModified":"2022-01-23T11:50:44+00:00","mainEntityOfPage":{"@id":"https:\/\/qtmm.org\/qt\/turk-dunyasi-buyuk-coyuqqa-ogradi\/"},"wordCount":308,"commentCount":0,"publisher":{"@id":"https:\/\/qtmm.org\/qt\/#organization"},"articleSection":["Haberler"],"inLanguage":"qt","potentialAction":[{"@type":"CommentAction","name":"Comment","target":["https:\/\/qtmm.org\/qt\/turk-dunyasi-buyuk-coyuqqa-ogradi\/#respond"]}]},{"@type":"WebPage","@id":"https:\/\/qtmm.org\/qt\/turk-dunyasi-buyuk-coyuqqa-ogradi\/","url":"https:\/\/qtmm.org\/qt\/turk-dunyasi-buyuk-coyuqqa-ogradi\/","name":"T\u00fcrk d\u00fcnyas\u0131 b\u00fcy\u00fck coyuqqa o\u011frad\u0131 - \u041c\u0435\u0434\u0436\u043b\u0456\u0441","isPartOf":{"@id":"https:\/\/qtmm.org\/qt\/#website"},"datePublished":"2012-11-23T11:49:00+00:00","dateModified":"2022-01-23T11:50:44+00:00","breadcrumb":{"@id":"https:\/\/qtmm.org\/qt\/turk-dunyasi-buyuk-coyuqqa-ogradi\/#breadcrumb"},"inLanguage":"qt","potentialAction":[{"@type":"ReadAction","target":["https:\/\/qtmm.org\/qt\/turk-dunyasi-buyuk-coyuqqa-ogradi\/"]}]},{"@type":"BreadcrumbList","@id":"https:\/\/qtmm.org\/qt\/turk-dunyasi-buyuk-coyuqqa-ogradi\/#breadcrumb","itemListElement":[{"@type":"ListItem","position":1,"name":"\u0413\u043e\u043b\u043e\u0432\u043d\u0430","item":"https:\/\/qtmm.org\/qt\/"},{"@type":"ListItem","position":2,"name":"T\u00fcrk d\u00fcnyas\u0131 b\u00fcy\u00fck coyuqqa o\u011frad\u0131"}]},{"@type":"WebSite","@id":"https:\/\/qtmm.org\/qt\/#website","url":"https:\/\/qtmm.org\/qt\/","name":"\u041c\u0435\u0434\u0436\u043b\u0456\u0441","description":"","publisher":{"@id":"https:\/\/qtmm.org\/qt\/#organization"},"potentialAction":[{"@type":"SearchAction","target":{"@type":"EntryPoint","urlTemplate":"https:\/\/qtmm.org\/qt\/?s={search_term_string}"},"query-input":{"@type":"PropertyValueSpecification","valueRequired":true,"valueName":"search_term_string"}}],"inLanguage":"qt"},{"@type":"Organization","@id":"https:\/\/qtmm.org\/qt\/#organization","name":"\u041c\u0435\u0434\u0436\u043b\u0456\u0441","url":"https:\/\/qtmm.org\/qt\/","logo":{"@type":"ImageObject","inLanguage":"qt","@id":"https:\/\/qtmm.org\/qt\/#\/schema\/logo\/image\/","url":"https:\/\/qtmm.org\/wp-content\/uploads\/2024\/12\/ua-mejlis-logo-rgb.svg","contentUrl":"https:\/\/qtmm.org\/wp-content\/uploads\/2024\/12\/ua-mejlis-logo-rgb.svg","caption":"\u041c\u0435\u0434\u0436\u043b\u0456\u0441"},"image":{"@id":"https:\/\/qtmm.org\/qt\/#\/schema\/logo\/image\/"},"sameAs":["https:\/\/www.facebook.com\/qtmm.info\/"]},{"@type":"Person","@id":"https:\/\/qtmm.org\/qt\/#\/schema\/person\/de562469f971dec226ac06e60bbf74a7","name":"Developer","image":{"@type":"ImageObject","inLanguage":"qt","@id":"https:\/\/secure.gravatar.com\/avatar\/392b4cc8fbfeb00b39dfeeab4ee6edded39ffd48e25858637e4765810300227e?s=96&d=mm&r=g","url":"https:\/\/secure.gravatar.com\/avatar\/392b4cc8fbfeb00b39dfeeab4ee6edded39ffd48e25858637e4765810300227e?s=96&d=mm&r=g","contentUrl":"https:\/\/secure.gravatar.com\/avatar\/392b4cc8fbfeb00b39dfeeab4ee6edded39ffd48e25858637e4765810300227e?s=96&d=mm&r=g","caption":"Developer"},"url":"https:\/\/qtmm.org\/qt\/author\/Developer\/"}]}},"_links":{"self":[{"href":"https:\/\/qtmm.org\/qt\/wp-json\/wp\/v2\/posts\/35342","targetHints":{"allow":["GET"]}}],"collection":[{"href":"https:\/\/qtmm.org\/qt\/wp-json\/wp\/v2\/posts"}],"about":[{"href":"https:\/\/qtmm.org\/qt\/wp-json\/wp\/v2\/types\/post"}],"author":[{"embeddable":true,"href":"https:\/\/qtmm.org\/qt\/wp-json\/wp\/v2\/users\/1"}],"replies":[{"embeddable":true,"href":"https:\/\/qtmm.org\/qt\/wp-json\/wp\/v2\/comments?post=35342"}],"version-history":[{"count":1,"href":"https:\/\/qtmm.org\/qt\/wp-json\/wp\/v2\/posts\/35342\/revisions"}],"predecessor-version":[{"id":35343,"href":"https:\/\/qtmm.org\/qt\/wp-json\/wp\/v2\/posts\/35342\/revisions\/35343"}],"wp:attachment":[{"href":"https:\/\/qtmm.org\/qt\/wp-json\/wp\/v2\/media?parent=35342"}],"wp:term":[{"taxonomy":"category","embeddable":true,"href":"https:\/\/qtmm.org\/qt\/wp-json\/wp\/v2\/categories?post=35342"},{"taxonomy":"post_tag","embeddable":true,"href":"https:\/\/qtmm.org\/qt\/wp-json\/wp\/v2\/tags?post=35342"}],"curies":[{"name":"wp","href":"https:\/\/api.w.org\/{rel}","templated":true}]}}