




{"id":35324,"date":"2012-11-22T14:48:00","date_gmt":"2012-11-22T11:48:00","guid":{"rendered":"http:\/\/qtmm.org\/?p=35324"},"modified":"2022-01-23T14:49:38","modified_gmt":"2022-01-23T11:49:38","slug":"til-halqlar-arasinda-muabbetlik-kopuridir","status":"publish","type":"post","link":"https:\/\/qtmm.org\/qt\/til-halqlar-arasinda-muabbetlik-kopuridir\/","title":{"rendered":"Til \u2013 halqlar aras\u0131nda muabbetlik k\u00f6p\u00fcridir"},"content":{"rendered":"\n<p><strong>Ba\u011f\u00e7asaraydaki tarihiy-medeniy zapovednikni\u00f1 hadimleri endi 5 afta devamda q\u0131r\u0131mtatar tilini \u00f6greneler.&nbsp; Hansaray m\u00fczeyi hadimleri i\u00e7\u00fcn&nbsp; q\u0131r\u0131mtatar tili kurslar\u0131n\u0131 zapovednik memuriyeti te\u015fkil etti.<\/strong><\/p>\n\n\n\n<p>Til kurslar\u0131n\u0131\u00f1 oca ve talebelerine &#8220;Maarif\u00e7i&#8221; Assotsiatsiyas\u0131 taraf\u0131ndan mahsus az\u0131rlan\u011fan oquv qullanmalar\u0131 ba\u011f\u0131\u015fland\u0131.<\/p>\n\n\n\n<p>Qadimiy Bah\u00e7asarayn\u0131\u00f1 y\u00fcregi ol\u011fan Hansarayda \u00e7al\u0131\u015fqan hadimler endiden so\u00f1 bizim ana tilimizde de laf etecekler. Ba\u011f\u00e7asaray tarihiy-medeniy zapovednigi devlet m\u00fczeyinde \u00e7al\u0131\u015fqan \u00e7e\u015fit milletlerge mens\u00fcp hadimler, Q\u0131r\u0131m topra\u011f\u0131 tam\u0131r halq\u0131n\u0131\u00f1 tilini \u00f6grenmeli, degen te\u015febb\u00fcsnen zapovednik m\u00fcdir muavini Vadim Mart\u0131n\u00fck \u00e7\u0131qt\u0131. \u00c7\u00fcnki bu insanlar q\u0131r\u0131mtatar tilini \u00f6gren\u00fcvnen bir s\u0131rada, halqn\u0131\u00f1 tarih\u0131, medeniyeti, sanat\u0131, urf-adetlerinen daa yaq\u0131n tan\u0131\u015f olacaqlar, dey o.<br>\u00a0 \u00a0<br>Eki afta evelsi \u00f6z i\u015fini ba\u015fla\u011fan q\u0131r\u0131mtatar tili kurslar\u0131nda bug\u00fcn art\u0131q 5-nci ders ke\u00e7mekte. Amma az vaq\u0131t ke\u00e7kenine baqmadan, kurs talebeleri q\u0131r\u0131mtatar tilinde laf etip ba\u015flad\u0131lar. Al\u011fan\u00a0 bilgilerimiz bizni\u00a0 \u011fayet ruhland\u0131ra, \u00e7al\u0131\u015fqan saam\u0131z boyunca zengin mal\u00fcmat elde etemiz ve \u00f6g\u00fcmizde ya\u00f1\u0131 imk\u00e2nlar a\u00e7\u0131la, dep quvan\u00e7lar\u0131nen payla\u015falar.<\/p>\n\n\n\n<figure class=\"wp-block-image size-full is-resized\"><img loading=\"lazy\" decoding=\"async\" src=\"http:\/\/qtmm.org\/wp-content\/uploads\/2022\/01\/2_85.jpeg\" alt=\"\" class=\"wp-image-35329\" width=\"650\" height=\"400\" srcset=\"https:\/\/qtmm.org\/wp-content\/uploads\/2022\/01\/2_85.jpeg 650w, https:\/\/qtmm.org\/wp-content\/uploads\/2022\/01\/2_85-300x185.jpeg 300w\" sizes=\"auto, (max-width: 650px) 100vw, 650px\" \/><\/figure>\n\n\n\n<p>Bundan 22 y\u0131l evelsi Ba\u011f\u00e7asaray mektebinde q\u0131r\u0131mtatar tili ve edebiyat\u0131 derslerini berip ba\u015fla\u011fan ve bu ke\u00e7ken y\u0131llar i\u00e7ersinde b\u00fcy\u00fck tecribe saibi ol\u011fan Elvira oca \u0130braimova \u015fimdi a\u00e7\u0131l\u011fan kurslarda \u00e7al\u0131\u015fa, oca \u00f6z talebelerinden \u011fayet memn\u00fcn. On\u0131\u00f1 interaktiv usul\u0131nda ke\u00e7irgen dersleri eyi neticeler bere. Kurs di\u00f1leyicileri taraf\u0131ndan az\u0131rlan\u011fan ve musafirlerge numay\u0131\u015f etilgen sanala\u015ft\u0131rma bu\u00f1a isbat ola bile.<br>\u00a0 \u00a0<br>Ba\u011f\u00e7asaray tarihiy-medeniy zapovednikte q\u0131r\u0131mtatar tili kurslar\u0131 \u00e7al\u0131\u015f\u0131p ba\u015fla\u011fan\u0131n\u0131 e\u015fitken Q\u0131r\u0131m Yuqar\u0131 \u015euras\u0131n\u0131\u00f1 deputat\u0131, Milliy Meclis medeniyet ve tasil idaresini\u00f1 reberi, &#8220;Maarif\u00e7i&#8221; Assotsiatsiyas\u0131n\u0131\u00f1 reisi Safure Kacametova &#8220;Maarif\u00e7i&#8221; Assotsiatsiyas\u0131\u00a0 taraf\u0131ndan mahsus q\u0131r\u0131mtatar tili kurslar\u0131 di\u00f1leryicileri i\u00e7\u00fcn \u00e7\u0131qar\u0131l\u011fan b\u00fct\u00fcn oquv qullanmalar\u0131n\u0131 taqdim etti. Oquv qullanmalar\u0131nen beraber, kurslar ocas\u0131na, m\u00fczeyni\u00f1 er bir b\u00f6l\u00fcgine \u00fc\u00e7 tilli ve terminler lu\u011fatlar\u0131n\u0131 da ba\u011f\u0131\u015flad\u0131.<\/p>\n\n\n\n<figure class=\"wp-block-image size-full\"><img loading=\"lazy\" decoding=\"async\" width=\"650\" height=\"400\" src=\"http:\/\/qtmm.org\/wp-content\/uploads\/2022\/01\/3_56.jpeg\" alt=\"\" class=\"wp-image-35333\" srcset=\"https:\/\/qtmm.org\/wp-content\/uploads\/2022\/01\/3_56.jpeg 650w, https:\/\/qtmm.org\/wp-content\/uploads\/2022\/01\/3_56-300x185.jpeg 300w\" sizes=\"auto, (max-width: 650px) 100vw, 650px\" \/><\/figure>\n\n\n\n<p>Talebelerine ana tilimizni kiril ve latin elifbeleri vastas\u0131nen \u00f6gretken Elvira oca, tilni zay\u0131f bilgen ve asla da bilmegenler i\u00e7\u00fcn bu qullanmalar pek kerek ol\u011fan\u0131n\u0131 ayt\u0131p, \u00f6z minnetdarl\u0131\u011f\u0131n\u0131 bildirdi.<br>\u00a0<br>Niyetlerine iri\u015fe ba\u015fla\u011fan til kurslar\u0131n\u0131\u00f1 te\u015febb\u00fcs\u00e7isi, ocas\u0131 ve cemaat\u00e7\u0131lar Hansarayda ukrain, rus tillerinen birlikte, q\u0131r\u0131mtatar tili de serbest ya\u00f1\u011f\u0131rayca\u011f\u0131na quvanalar. \u00c7\u00fcnki olar til \u00e7e\u015fit milletler aras\u0131nda a\u00f1la\u015fuv, yaq\u0131nl\u0131q, bar\u0131\u015fuv, muabbetlik, dostluqn\u0131\u00f1 e\u00f1 qaviy k\u00f6p\u00fcri ol\u011fan\u0131na eminler.<\/p>\n\n\n\n<figure class=\"wp-block-image size-full\"><img loading=\"lazy\" decoding=\"async\" width=\"650\" height=\"492\" src=\"http:\/\/qtmm.org\/wp-content\/uploads\/2022\/01\/4_56.jpeg\" alt=\"\" class=\"wp-image-35337\" srcset=\"https:\/\/qtmm.org\/wp-content\/uploads\/2022\/01\/4_56.jpeg 650w, https:\/\/qtmm.org\/wp-content\/uploads\/2022\/01\/4_56-300x227.jpeg 300w\" sizes=\"auto, (max-width: 650px) 100vw, 650px\" \/><figcaption>OLYMPUS DIGITAL CAMERA<\/figcaption><\/figure>\n","protected":false},"excerpt":{"rendered":"<p>Ba\u011f\u00e7asaraydaki tarihiy-medeniy zapovednikni\u00f1 hadimleri endi 5 afta devamda q\u0131r\u0131mtatar tilini \u00f6greneler.&nbsp; Hansaray m\u00fczeyi hadimleri i\u00e7\u00fcn&nbsp; q\u0131r\u0131mtatar tili kurslar\u0131n\u0131 zapovednik memuriyeti te\u015fkil etti. Til kurslar\u0131n\u0131\u00f1 oca ve talebelerine &#8220;Maarif\u00e7i&#8221; Assotsiatsiyas\u0131 taraf\u0131ndan mahsus az\u0131rlan\u011fan oquv qullanmalar\u0131 ba\u011f\u0131\u015fland\u0131. Qadimiy Bah\u00e7asarayn\u0131\u00f1 y\u00fcregi ol\u011fan Hansarayda \u00e7al\u0131\u015fqan hadimler endiden so\u00f1 bizim ana tilimizde de laf etecekler. Ba\u011f\u00e7asaray tarihiy-medeniy zapovednigi devlet m\u00fczeyinde [&hellip;]<\/p>\n","protected":false},"author":1,"featured_media":35325,"comment_status":"open","ping_status":"open","sticky":false,"template":"","format":"standard","meta":{"inline_featured_image":false,"footnotes":""},"categories":[265],"tags":[],"class_list":["post-35324","post","type-post","status-publish","format-standard","has-post-thumbnail","hentry","category-haberler"],"acf":[],"yoast_head":"<!-- This site is optimized with the Yoast SEO plugin v27.4 - https:\/\/yoast.com\/product\/yoast-seo-wordpress\/ -->\n<title>Til \u2013 halqlar aras\u0131nda muabbetlik k\u00f6p\u00fcridir - \u041c\u0435\u0434\u0436\u043b\u0456\u0441<\/title>\n<meta name=\"robots\" content=\"index, follow, max-snippet:-1, max-image-preview:large, max-video-preview:-1\" \/>\n<link rel=\"canonical\" href=\"https:\/\/qtmm.org\/qt\/til-halqlar-arasinda-muabbetlik-kopuridir\/\" \/>\n<meta property=\"og:locale\" content=\"en_US\" \/>\n<meta property=\"og:type\" content=\"article\" \/>\n<meta property=\"og:title\" content=\"Til \u2013 halqlar aras\u0131nda muabbetlik k\u00f6p\u00fcridir - \u041c\u0435\u0434\u0436\u043b\u0456\u0441\" \/>\n<meta property=\"og:description\" content=\"Ba\u011f\u00e7asaraydaki tarihiy-medeniy zapovednikni\u00f1 hadimleri endi 5 afta devamda q\u0131r\u0131mtatar tilini \u00f6greneler.&nbsp; Hansaray m\u00fczeyi hadimleri i\u00e7\u00fcn&nbsp; q\u0131r\u0131mtatar tili kurslar\u0131n\u0131 zapovednik memuriyeti te\u015fkil etti. Til kurslar\u0131n\u0131\u00f1 oca ve talebelerine &#8220;Maarif\u00e7i&#8221; Assotsiatsiyas\u0131 taraf\u0131ndan mahsus az\u0131rlan\u011fan oquv qullanmalar\u0131 ba\u011f\u0131\u015fland\u0131. Qadimiy Bah\u00e7asarayn\u0131\u00f1 y\u00fcregi ol\u011fan Hansarayda \u00e7al\u0131\u015fqan hadimler endiden so\u00f1 bizim ana tilimizde de laf etecekler. Ba\u011f\u00e7asaray tarihiy-medeniy zapovednigi devlet m\u00fczeyinde [&hellip;]\" \/>\n<meta property=\"og:url\" content=\"https:\/\/qtmm.org\/qt\/til-halqlar-arasinda-muabbetlik-kopuridir\/\" \/>\n<meta property=\"og:site_name\" content=\"\u041c\u0435\u0434\u0436\u043b\u0456\u0441\" \/>\n<meta property=\"article:publisher\" content=\"https:\/\/www.facebook.com\/qtmm.info\/\" \/>\n<meta property=\"article:published_time\" content=\"2012-11-22T11:48:00+00:00\" \/>\n<meta property=\"article:modified_time\" content=\"2022-01-23T11:49:38+00:00\" \/>\n<meta property=\"og:image\" content=\"https:\/\/qtmm.org\/wp-content\/uploads\/2022\/01\/1_80.jpeg\" \/>\n\t<meta property=\"og:image:width\" content=\"650\" \/>\n\t<meta property=\"og:image:height\" content=\"400\" \/>\n\t<meta property=\"og:image:type\" content=\"image\/jpeg\" \/>\n<meta name=\"author\" content=\"Developer\" \/>\n<meta name=\"twitter:card\" content=\"summary_large_image\" \/>\n<meta name=\"twitter:label1\" content=\"Written by\" \/>\n\t<meta name=\"twitter:data1\" content=\"Developer\" \/>\n\t<meta name=\"twitter:label2\" content=\"Est. reading time\" \/>\n\t<meta name=\"twitter:data2\" content=\"2 minutes\" \/>\n<script type=\"application\/ld+json\" class=\"yoast-schema-graph\">{\"@context\":\"https:\\\/\\\/schema.org\",\"@graph\":[{\"@type\":\"Article\",\"@id\":\"https:\\\/\\\/qtmm.org\\\/qt\\\/til-halqlar-arasinda-muabbetlik-kopuridir\\\/#article\",\"isPartOf\":{\"@id\":\"https:\\\/\\\/qtmm.org\\\/qt\\\/til-halqlar-arasinda-muabbetlik-kopuridir\\\/\"},\"author\":{\"name\":\"Developer\",\"@id\":\"https:\\\/\\\/qtmm.org\\\/qt\\\/#\\\/schema\\\/person\\\/de562469f971dec226ac06e60bbf74a7\"},\"headline\":\"Til \u2013 halqlar aras\u0131nda muabbetlik k\u00f6p\u00fcridir\",\"datePublished\":\"2012-11-22T11:48:00+00:00\",\"dateModified\":\"2022-01-23T11:49:38+00:00\",\"mainEntityOfPage\":{\"@id\":\"https:\\\/\\\/qtmm.org\\\/qt\\\/til-halqlar-arasinda-muabbetlik-kopuridir\\\/\"},\"wordCount\":475,\"commentCount\":0,\"publisher\":{\"@id\":\"https:\\\/\\\/qtmm.org\\\/qt\\\/#organization\"},\"image\":{\"@id\":\"https:\\\/\\\/qtmm.org\\\/qt\\\/til-halqlar-arasinda-muabbetlik-kopuridir\\\/#primaryimage\"},\"thumbnailUrl\":\"https:\\\/\\\/qtmm.org\\\/wp-content\\\/uploads\\\/2022\\\/01\\\/1_80.jpeg\",\"articleSection\":[\"Haberler\"],\"inLanguage\":\"qt\",\"potentialAction\":[{\"@type\":\"CommentAction\",\"name\":\"Comment\",\"target\":[\"https:\\\/\\\/qtmm.org\\\/qt\\\/til-halqlar-arasinda-muabbetlik-kopuridir\\\/#respond\"]}]},{\"@type\":\"WebPage\",\"@id\":\"https:\\\/\\\/qtmm.org\\\/qt\\\/til-halqlar-arasinda-muabbetlik-kopuridir\\\/\",\"url\":\"https:\\\/\\\/qtmm.org\\\/qt\\\/til-halqlar-arasinda-muabbetlik-kopuridir\\\/\",\"name\":\"Til \u2013 halqlar aras\u0131nda muabbetlik k\u00f6p\u00fcridir - \u041c\u0435\u0434\u0436\u043b\u0456\u0441\",\"isPartOf\":{\"@id\":\"https:\\\/\\\/qtmm.org\\\/qt\\\/#website\"},\"primaryImageOfPage\":{\"@id\":\"https:\\\/\\\/qtmm.org\\\/qt\\\/til-halqlar-arasinda-muabbetlik-kopuridir\\\/#primaryimage\"},\"image\":{\"@id\":\"https:\\\/\\\/qtmm.org\\\/qt\\\/til-halqlar-arasinda-muabbetlik-kopuridir\\\/#primaryimage\"},\"thumbnailUrl\":\"https:\\\/\\\/qtmm.org\\\/wp-content\\\/uploads\\\/2022\\\/01\\\/1_80.jpeg\",\"datePublished\":\"2012-11-22T11:48:00+00:00\",\"dateModified\":\"2022-01-23T11:49:38+00:00\",\"breadcrumb\":{\"@id\":\"https:\\\/\\\/qtmm.org\\\/qt\\\/til-halqlar-arasinda-muabbetlik-kopuridir\\\/#breadcrumb\"},\"inLanguage\":\"qt\",\"potentialAction\":[{\"@type\":\"ReadAction\",\"target\":[\"https:\\\/\\\/qtmm.org\\\/qt\\\/til-halqlar-arasinda-muabbetlik-kopuridir\\\/\"]}]},{\"@type\":\"ImageObject\",\"inLanguage\":\"qt\",\"@id\":\"https:\\\/\\\/qtmm.org\\\/qt\\\/til-halqlar-arasinda-muabbetlik-kopuridir\\\/#primaryimage\",\"url\":\"https:\\\/\\\/qtmm.org\\\/wp-content\\\/uploads\\\/2022\\\/01\\\/1_80.jpeg\",\"contentUrl\":\"https:\\\/\\\/qtmm.org\\\/wp-content\\\/uploads\\\/2022\\\/01\\\/1_80.jpeg\",\"width\":650,\"height\":400},{\"@type\":\"BreadcrumbList\",\"@id\":\"https:\\\/\\\/qtmm.org\\\/qt\\\/til-halqlar-arasinda-muabbetlik-kopuridir\\\/#breadcrumb\",\"itemListElement\":[{\"@type\":\"ListItem\",\"position\":1,\"name\":\"\u0413\u043e\u043b\u043e\u0432\u043d\u0430\",\"item\":\"https:\\\/\\\/qtmm.org\\\/qt\\\/\"},{\"@type\":\"ListItem\",\"position\":2,\"name\":\"Til \u2013 halqlar aras\u0131nda muabbetlik k\u00f6p\u00fcridir\"}]},{\"@type\":\"WebSite\",\"@id\":\"https:\\\/\\\/qtmm.org\\\/qt\\\/#website\",\"url\":\"https:\\\/\\\/qtmm.org\\\/qt\\\/\",\"name\":\"\u041c\u0435\u0434\u0436\u043b\u0456\u0441\",\"description\":\"\",\"publisher\":{\"@id\":\"https:\\\/\\\/qtmm.org\\\/qt\\\/#organization\"},\"potentialAction\":[{\"@type\":\"SearchAction\",\"target\":{\"@type\":\"EntryPoint\",\"urlTemplate\":\"https:\\\/\\\/qtmm.org\\\/qt\\\/?s={search_term_string}\"},\"query-input\":{\"@type\":\"PropertyValueSpecification\",\"valueRequired\":true,\"valueName\":\"search_term_string\"}}],\"inLanguage\":\"qt\"},{\"@type\":\"Organization\",\"@id\":\"https:\\\/\\\/qtmm.org\\\/qt\\\/#organization\",\"name\":\"\u041c\u0435\u0434\u0436\u043b\u0456\u0441\",\"url\":\"https:\\\/\\\/qtmm.org\\\/qt\\\/\",\"logo\":{\"@type\":\"ImageObject\",\"inLanguage\":\"qt\",\"@id\":\"https:\\\/\\\/qtmm.org\\\/qt\\\/#\\\/schema\\\/logo\\\/image\\\/\",\"url\":\"https:\\\/\\\/qtmm.org\\\/wp-content\\\/uploads\\\/2024\\\/12\\\/ua-mejlis-logo-rgb.svg\",\"contentUrl\":\"https:\\\/\\\/qtmm.org\\\/wp-content\\\/uploads\\\/2024\\\/12\\\/ua-mejlis-logo-rgb.svg\",\"caption\":\"\u041c\u0435\u0434\u0436\u043b\u0456\u0441\"},\"image\":{\"@id\":\"https:\\\/\\\/qtmm.org\\\/qt\\\/#\\\/schema\\\/logo\\\/image\\\/\"},\"sameAs\":[\"https:\\\/\\\/www.facebook.com\\\/qtmm.info\\\/\"]},{\"@type\":\"Person\",\"@id\":\"https:\\\/\\\/qtmm.org\\\/qt\\\/#\\\/schema\\\/person\\\/de562469f971dec226ac06e60bbf74a7\",\"name\":\"Developer\",\"image\":{\"@type\":\"ImageObject\",\"inLanguage\":\"qt\",\"@id\":\"https:\\\/\\\/secure.gravatar.com\\\/avatar\\\/392b4cc8fbfeb00b39dfeeab4ee6edded39ffd48e25858637e4765810300227e?s=96&d=mm&r=g\",\"url\":\"https:\\\/\\\/secure.gravatar.com\\\/avatar\\\/392b4cc8fbfeb00b39dfeeab4ee6edded39ffd48e25858637e4765810300227e?s=96&d=mm&r=g\",\"contentUrl\":\"https:\\\/\\\/secure.gravatar.com\\\/avatar\\\/392b4cc8fbfeb00b39dfeeab4ee6edded39ffd48e25858637e4765810300227e?s=96&d=mm&r=g\",\"caption\":\"Developer\"},\"url\":\"https:\\\/\\\/qtmm.org\\\/qt\\\/author\\\/Developer\\\/\"}]}<\/script>\n<!-- \/ Yoast SEO plugin. -->","yoast_head_json":{"title":"Til \u2013 halqlar aras\u0131nda muabbetlik k\u00f6p\u00fcridir - \u041c\u0435\u0434\u0436\u043b\u0456\u0441","robots":{"index":"index","follow":"follow","max-snippet":"max-snippet:-1","max-image-preview":"max-image-preview:large","max-video-preview":"max-video-preview:-1"},"canonical":"https:\/\/qtmm.org\/qt\/til-halqlar-arasinda-muabbetlik-kopuridir\/","og_locale":"en_US","og_type":"article","og_title":"Til \u2013 halqlar aras\u0131nda muabbetlik k\u00f6p\u00fcridir - \u041c\u0435\u0434\u0436\u043b\u0456\u0441","og_description":"Ba\u011f\u00e7asaraydaki tarihiy-medeniy zapovednikni\u00f1 hadimleri endi 5 afta devamda q\u0131r\u0131mtatar tilini \u00f6greneler.&nbsp; Hansaray m\u00fczeyi hadimleri i\u00e7\u00fcn&nbsp; q\u0131r\u0131mtatar tili kurslar\u0131n\u0131 zapovednik memuriyeti te\u015fkil etti. Til kurslar\u0131n\u0131\u00f1 oca ve talebelerine &#8220;Maarif\u00e7i&#8221; Assotsiatsiyas\u0131 taraf\u0131ndan mahsus az\u0131rlan\u011fan oquv qullanmalar\u0131 ba\u011f\u0131\u015fland\u0131. Qadimiy Bah\u00e7asarayn\u0131\u00f1 y\u00fcregi ol\u011fan Hansarayda \u00e7al\u0131\u015fqan hadimler endiden so\u00f1 bizim ana tilimizde de laf etecekler. Ba\u011f\u00e7asaray tarihiy-medeniy zapovednigi devlet m\u00fczeyinde [&hellip;]","og_url":"https:\/\/qtmm.org\/qt\/til-halqlar-arasinda-muabbetlik-kopuridir\/","og_site_name":"\u041c\u0435\u0434\u0436\u043b\u0456\u0441","article_publisher":"https:\/\/www.facebook.com\/qtmm.info\/","article_published_time":"2012-11-22T11:48:00+00:00","article_modified_time":"2022-01-23T11:49:38+00:00","og_image":[{"width":650,"height":400,"url":"https:\/\/qtmm.org\/wp-content\/uploads\/2022\/01\/1_80.jpeg","type":"image\/jpeg"}],"author":"Developer","twitter_card":"summary_large_image","twitter_misc":{"Written by":"Developer","Est. reading time":"2 minutes"},"schema":{"@context":"https:\/\/schema.org","@graph":[{"@type":"Article","@id":"https:\/\/qtmm.org\/qt\/til-halqlar-arasinda-muabbetlik-kopuridir\/#article","isPartOf":{"@id":"https:\/\/qtmm.org\/qt\/til-halqlar-arasinda-muabbetlik-kopuridir\/"},"author":{"name":"Developer","@id":"https:\/\/qtmm.org\/qt\/#\/schema\/person\/de562469f971dec226ac06e60bbf74a7"},"headline":"Til \u2013 halqlar aras\u0131nda muabbetlik k\u00f6p\u00fcridir","datePublished":"2012-11-22T11:48:00+00:00","dateModified":"2022-01-23T11:49:38+00:00","mainEntityOfPage":{"@id":"https:\/\/qtmm.org\/qt\/til-halqlar-arasinda-muabbetlik-kopuridir\/"},"wordCount":475,"commentCount":0,"publisher":{"@id":"https:\/\/qtmm.org\/qt\/#organization"},"image":{"@id":"https:\/\/qtmm.org\/qt\/til-halqlar-arasinda-muabbetlik-kopuridir\/#primaryimage"},"thumbnailUrl":"https:\/\/qtmm.org\/wp-content\/uploads\/2022\/01\/1_80.jpeg","articleSection":["Haberler"],"inLanguage":"qt","potentialAction":[{"@type":"CommentAction","name":"Comment","target":["https:\/\/qtmm.org\/qt\/til-halqlar-arasinda-muabbetlik-kopuridir\/#respond"]}]},{"@type":"WebPage","@id":"https:\/\/qtmm.org\/qt\/til-halqlar-arasinda-muabbetlik-kopuridir\/","url":"https:\/\/qtmm.org\/qt\/til-halqlar-arasinda-muabbetlik-kopuridir\/","name":"Til \u2013 halqlar aras\u0131nda muabbetlik k\u00f6p\u00fcridir - \u041c\u0435\u0434\u0436\u043b\u0456\u0441","isPartOf":{"@id":"https:\/\/qtmm.org\/qt\/#website"},"primaryImageOfPage":{"@id":"https:\/\/qtmm.org\/qt\/til-halqlar-arasinda-muabbetlik-kopuridir\/#primaryimage"},"image":{"@id":"https:\/\/qtmm.org\/qt\/til-halqlar-arasinda-muabbetlik-kopuridir\/#primaryimage"},"thumbnailUrl":"https:\/\/qtmm.org\/wp-content\/uploads\/2022\/01\/1_80.jpeg","datePublished":"2012-11-22T11:48:00+00:00","dateModified":"2022-01-23T11:49:38+00:00","breadcrumb":{"@id":"https:\/\/qtmm.org\/qt\/til-halqlar-arasinda-muabbetlik-kopuridir\/#breadcrumb"},"inLanguage":"qt","potentialAction":[{"@type":"ReadAction","target":["https:\/\/qtmm.org\/qt\/til-halqlar-arasinda-muabbetlik-kopuridir\/"]}]},{"@type":"ImageObject","inLanguage":"qt","@id":"https:\/\/qtmm.org\/qt\/til-halqlar-arasinda-muabbetlik-kopuridir\/#primaryimage","url":"https:\/\/qtmm.org\/wp-content\/uploads\/2022\/01\/1_80.jpeg","contentUrl":"https:\/\/qtmm.org\/wp-content\/uploads\/2022\/01\/1_80.jpeg","width":650,"height":400},{"@type":"BreadcrumbList","@id":"https:\/\/qtmm.org\/qt\/til-halqlar-arasinda-muabbetlik-kopuridir\/#breadcrumb","itemListElement":[{"@type":"ListItem","position":1,"name":"\u0413\u043e\u043b\u043e\u0432\u043d\u0430","item":"https:\/\/qtmm.org\/qt\/"},{"@type":"ListItem","position":2,"name":"Til \u2013 halqlar aras\u0131nda muabbetlik k\u00f6p\u00fcridir"}]},{"@type":"WebSite","@id":"https:\/\/qtmm.org\/qt\/#website","url":"https:\/\/qtmm.org\/qt\/","name":"\u041c\u0435\u0434\u0436\u043b\u0456\u0441","description":"","publisher":{"@id":"https:\/\/qtmm.org\/qt\/#organization"},"potentialAction":[{"@type":"SearchAction","target":{"@type":"EntryPoint","urlTemplate":"https:\/\/qtmm.org\/qt\/?s={search_term_string}"},"query-input":{"@type":"PropertyValueSpecification","valueRequired":true,"valueName":"search_term_string"}}],"inLanguage":"qt"},{"@type":"Organization","@id":"https:\/\/qtmm.org\/qt\/#organization","name":"\u041c\u0435\u0434\u0436\u043b\u0456\u0441","url":"https:\/\/qtmm.org\/qt\/","logo":{"@type":"ImageObject","inLanguage":"qt","@id":"https:\/\/qtmm.org\/qt\/#\/schema\/logo\/image\/","url":"https:\/\/qtmm.org\/wp-content\/uploads\/2024\/12\/ua-mejlis-logo-rgb.svg","contentUrl":"https:\/\/qtmm.org\/wp-content\/uploads\/2024\/12\/ua-mejlis-logo-rgb.svg","caption":"\u041c\u0435\u0434\u0436\u043b\u0456\u0441"},"image":{"@id":"https:\/\/qtmm.org\/qt\/#\/schema\/logo\/image\/"},"sameAs":["https:\/\/www.facebook.com\/qtmm.info\/"]},{"@type":"Person","@id":"https:\/\/qtmm.org\/qt\/#\/schema\/person\/de562469f971dec226ac06e60bbf74a7","name":"Developer","image":{"@type":"ImageObject","inLanguage":"qt","@id":"https:\/\/secure.gravatar.com\/avatar\/392b4cc8fbfeb00b39dfeeab4ee6edded39ffd48e25858637e4765810300227e?s=96&d=mm&r=g","url":"https:\/\/secure.gravatar.com\/avatar\/392b4cc8fbfeb00b39dfeeab4ee6edded39ffd48e25858637e4765810300227e?s=96&d=mm&r=g","contentUrl":"https:\/\/secure.gravatar.com\/avatar\/392b4cc8fbfeb00b39dfeeab4ee6edded39ffd48e25858637e4765810300227e?s=96&d=mm&r=g","caption":"Developer"},"url":"https:\/\/qtmm.org\/qt\/author\/Developer\/"}]}},"_links":{"self":[{"href":"https:\/\/qtmm.org\/qt\/wp-json\/wp\/v2\/posts\/35324","targetHints":{"allow":["GET"]}}],"collection":[{"href":"https:\/\/qtmm.org\/qt\/wp-json\/wp\/v2\/posts"}],"about":[{"href":"https:\/\/qtmm.org\/qt\/wp-json\/wp\/v2\/types\/post"}],"author":[{"embeddable":true,"href":"https:\/\/qtmm.org\/qt\/wp-json\/wp\/v2\/users\/1"}],"replies":[{"embeddable":true,"href":"https:\/\/qtmm.org\/qt\/wp-json\/wp\/v2\/comments?post=35324"}],"version-history":[{"count":1,"href":"https:\/\/qtmm.org\/qt\/wp-json\/wp\/v2\/posts\/35324\/revisions"}],"predecessor-version":[{"id":35341,"href":"https:\/\/qtmm.org\/qt\/wp-json\/wp\/v2\/posts\/35324\/revisions\/35341"}],"wp:featuredmedia":[{"embeddable":true,"href":"https:\/\/qtmm.org\/qt\/wp-json\/wp\/v2\/media\/35325"}],"wp:attachment":[{"href":"https:\/\/qtmm.org\/qt\/wp-json\/wp\/v2\/media?parent=35324"}],"wp:term":[{"taxonomy":"category","embeddable":true,"href":"https:\/\/qtmm.org\/qt\/wp-json\/wp\/v2\/categories?post=35324"},{"taxonomy":"post_tag","embeddable":true,"href":"https:\/\/qtmm.org\/qt\/wp-json\/wp\/v2\/tags?post=35324"}],"curies":[{"name":"wp","href":"https:\/\/api.w.org\/{rel}","templated":true}]}}