




{"id":35294,"date":"2012-11-20T14:45:00","date_gmt":"2012-11-20T11:45:00","guid":{"rendered":"http:\/\/qtmm.org\/?p=35294"},"modified":"2022-01-23T14:47:54","modified_gmt":"2022-01-23T11:47:54","slug":"qirimtatar-halqinin-buyuk-dostu-turan-yazgan-aqqinda-film-tanitildi","status":"publish","type":"post","link":"https:\/\/qtmm.org\/qt\/qirimtatar-halqinin-buyuk-dostu-turan-yazgan-aqqinda-film-tanitildi\/","title":{"rendered":"Q\u0131r\u0131mtatar halq\u0131n\u0131\u00f1 b\u00fcy\u00fck dostu Turan Yaz\u011fan aqq\u0131nda film tan\u0131t\u0131ld\u0131"},"content":{"rendered":"\n<p>2012 senesi noyabr 20 k\u00fcn\u00fc \u0130. Gasprinskiy ad\u0131na cumhuriyet q\u0131r\u0131mtatar k\u00fct\u00fcphanesinde t\u00fcrk d\u00fcnyas\u0131nda me\u015fur siyaset\u00e7i ve erbap, T\u00fcrk d\u00fcnyas\u0131 ara\u015ft\u0131rmalar\u0131 vaquf\u0131n\u0131\u00f1 prezidenti, professor Turan Yaz\u011fann\u0131\u00f1 ayat\u0131 aqq\u0131nda film taqdim etildi.<\/p>\n\n\n\n<figure class=\"wp-block-image size-full\"><img loading=\"lazy\" decoding=\"async\" width=\"650\" height=\"350\" src=\"http:\/\/qtmm.org\/wp-content\/uploads\/2022\/01\/1_79.jpeg\" alt=\"\" class=\"wp-image-35295\" srcset=\"https:\/\/qtmm.org\/wp-content\/uploads\/2022\/01\/1_79.jpeg 650w, https:\/\/qtmm.org\/wp-content\/uploads\/2022\/01\/1_79-300x162.jpeg 300w\" sizes=\"auto, (max-width: 650px) 100vw, 650px\" \/><\/figure>\n\n\n\n<p>Tedbirni Q\u0131r\u0131mtatar qad\u0131nlar ligas\u0131 te\u015fkil\u00e2tland\u0131rd\u0131 ve ke\u00e7irdi. Filmni\u00f1 m\u00fcellifi &#8220;Kr\u0131m&#8221; DTRK jurnalisti Zure Pinka.<\/p>\n\n\n\n<figure class=\"wp-block-image size-full\"><img loading=\"lazy\" decoding=\"async\" width=\"650\" height=\"350\" src=\"http:\/\/qtmm.org\/wp-content\/uploads\/2022\/01\/2_84.jpeg\" alt=\"\" class=\"wp-image-35299\" srcset=\"https:\/\/qtmm.org\/wp-content\/uploads\/2022\/01\/2_84.jpeg 650w, https:\/\/qtmm.org\/wp-content\/uploads\/2022\/01\/2_84-300x162.jpeg 300w\" sizes=\"auto, (max-width: 650px) 100vw, 650px\" \/><\/figure>\n\n\n\n<p>Filmni\u00f1 taqdiminde Meclis reisini\u00f1 muavini, Q\u0131r\u0131m Yuqar\u0131 \u015euras\u0131 Daimiy komissiyas\u0131n\u0131\u00f1 reisi Remzi \u0130lyasov, Q\u0131r\u0131mtatar qad\u0131nlar birle\u015fmesini\u00f1 reisi Safinar Cemileva, Meclisni\u00f1 t\u0131\u015fq\u0131 al\u00e2qalar b\u00f6l\u00fcgini\u00f1 ba\u015f\u0131 Ali Hamzin, Qad\u0131nlar ligas\u0131n\u0131\u00f1 azalar\u0131, k\u00fct\u00fcphane hadimleri ve cemaat\u00e7\u0131l\u0131q i\u015ftirak etti.<\/p>\n\n\n\n<figure class=\"wp-block-image size-full\"><img loading=\"lazy\" decoding=\"async\" width=\"650\" height=\"400\" src=\"http:\/\/qtmm.org\/wp-content\/uploads\/2022\/01\/3_55.jpeg\" alt=\"\" class=\"wp-image-35303\" srcset=\"https:\/\/qtmm.org\/wp-content\/uploads\/2022\/01\/3_55.jpeg 650w, https:\/\/qtmm.org\/wp-content\/uploads\/2022\/01\/3_55-300x185.jpeg 300w\" sizes=\"auto, (max-width: 650px) 100vw, 650px\" \/><\/figure>\n\n\n\n<p>\u00d6z \u00e7\u0131q\u0131\u015f\u0131nda Safinar Cemileva film nas\u0131l az\u0131rlan\u011fan\u0131 aqq\u0131nda ik\u00e2ye etti. &#8220;Bu film q\u0131r\u0131mtatar halq\u0131n\u0131\u00f1 b\u00fcy\u00fck dostu Turan Yaz\u011fan\u011fa say\u011f\u0131 ve minnetdarl\u0131\u011f\u0131m\u0131zd\u0131r. O, halq\u0131m\u0131z s\u00fcrg\u00fcnlikten evine qaytmaqta ve yerle\u015fmekte ol\u011fan e\u00f1 a\u011f\u0131r vaq\u0131tlar\u0131nda yard\u0131m qolun\u0131 uzatqan, bizge daima qoltutqan insand\u0131r., dep qayd etti qad\u0131nlar birligini\u00f1 reisi. \u2013 Halq\u0131m\u0131zn\u0131\u00f1 \u011fayr\u0131dan tiklen\u00fcv i\u015fine qo\u015fqan salmaql\u0131 issesini biz i\u00e7 bir zaman unutmam\u0131z&#8221;.<\/p>\n\n\n\n<figure class=\"wp-block-image size-full\"><img loading=\"lazy\" decoding=\"async\" width=\"650\" height=\"350\" src=\"http:\/\/qtmm.org\/wp-content\/uploads\/2022\/01\/4_55.jpeg\" alt=\"\" class=\"wp-image-35307\" srcset=\"https:\/\/qtmm.org\/wp-content\/uploads\/2022\/01\/4_55.jpeg 650w, https:\/\/qtmm.org\/wp-content\/uploads\/2022\/01\/4_55-300x162.jpeg 300w\" sizes=\"auto, (max-width: 650px) 100vw, 650px\" \/><\/figure>\n\n\n\n<p>Bun\u0131\u00f1 kibi de, Safinar Cemilev bildirdi ki, film endi \u0130nternette yerle\u015ftirildi ve istegen er kes on\u0131 seyir etebilir. Tez vaq\u0131tta ise filmni Amerikadaki diasporam\u0131z\u011fa numay\u0131\u015f etilecek.<\/p>\n\n\n\n<figure class=\"wp-block-image size-full\"><img loading=\"lazy\" decoding=\"async\" width=\"650\" height=\"400\" src=\"http:\/\/qtmm.org\/wp-content\/uploads\/2022\/01\/5_27.jpeg\" alt=\"\" class=\"wp-image-35311\" srcset=\"https:\/\/qtmm.org\/wp-content\/uploads\/2022\/01\/5_27.jpeg 650w, https:\/\/qtmm.org\/wp-content\/uploads\/2022\/01\/5_27-300x185.jpeg 300w\" sizes=\"auto, (max-width: 650px) 100vw, 650px\" \/><\/figure>\n\n\n\n<p>&#8220;Turan Yaz\u011fan kibi insanlar aqq\u0131nda bizim ya\u015f nesilimiz m\u0131tlaqa bilmek kerek. Meclis ad\u0131ndan men Turan Yaz\u011fan\u011fa te\u015fekk\u00fcr bildirip, \u00f6g\u00fcnde ba\u015f\u0131mn\u0131 egem, &#8211; dedi Remzi \u0130lyasov. Meclis reisini\u00f1 muavini &#8220;Turan Yaz\u011fann\u0131\u00f1 izinden&#8221; filmi mektep programmalar\u0131na kirsetilmesini teklif etti.<\/p>\n\n\n\n<figure class=\"wp-block-image size-full\"><img loading=\"lazy\" decoding=\"async\" width=\"650\" height=\"400\" src=\"http:\/\/qtmm.org\/wp-content\/uploads\/2022\/01\/6_23.jpeg\" alt=\"\" class=\"wp-image-35315\" srcset=\"https:\/\/qtmm.org\/wp-content\/uploads\/2022\/01\/6_23.jpeg 650w, https:\/\/qtmm.org\/wp-content\/uploads\/2022\/01\/6_23-300x185.jpeg 300w\" sizes=\"auto, (max-width: 650px) 100vw, 650px\" \/><\/figure>\n\n\n\n<figure class=\"wp-block-image size-full\"><img loading=\"lazy\" decoding=\"async\" width=\"650\" height=\"399\" src=\"http:\/\/qtmm.org\/wp-content\/uploads\/2022\/01\/7_10.jpeg\" alt=\"\" class=\"wp-image-35319\" srcset=\"https:\/\/qtmm.org\/wp-content\/uploads\/2022\/01\/7_10.jpeg 650w, https:\/\/qtmm.org\/wp-content\/uploads\/2022\/01\/7_10-300x184.jpeg 300w\" sizes=\"auto, (max-width: 650px) 100vw, 650px\" \/><\/figure>\n","protected":false},"excerpt":{"rendered":"<p>2012 senesi noyabr 20 k\u00fcn\u00fc \u0130. Gasprinskiy ad\u0131na cumhuriyet q\u0131r\u0131mtatar k\u00fct\u00fcphanesinde t\u00fcrk d\u00fcnyas\u0131nda me\u015fur siyaset\u00e7i ve erbap, T\u00fcrk d\u00fcnyas\u0131 ara\u015ft\u0131rmalar\u0131 vaquf\u0131n\u0131\u00f1 prezidenti, professor Turan Yaz\u011fann\u0131\u00f1 ayat\u0131 aqq\u0131nda film taqdim etildi. Tedbirni Q\u0131r\u0131mtatar qad\u0131nlar ligas\u0131 te\u015fkil\u00e2tland\u0131rd\u0131 ve ke\u00e7irdi. Filmni\u00f1 m\u00fcellifi &#8220;Kr\u0131m&#8221; DTRK jurnalisti Zure Pinka. Filmni\u00f1 taqdiminde Meclis reisini\u00f1 muavini, Q\u0131r\u0131m Yuqar\u0131 \u015euras\u0131 Daimiy komissiyas\u0131n\u0131\u00f1 reisi [&hellip;]<\/p>\n","protected":false},"author":1,"featured_media":0,"comment_status":"open","ping_status":"open","sticky":false,"template":"","format":"standard","meta":{"inline_featured_image":false,"footnotes":""},"categories":[265],"tags":[],"class_list":["post-35294","post","type-post","status-publish","format-standard","hentry","category-haberler"],"acf":[],"yoast_head":"<!-- This site is optimized with the Yoast SEO plugin v27.4 - https:\/\/yoast.com\/product\/yoast-seo-wordpress\/ -->\n<title>Q\u0131r\u0131mtatar halq\u0131n\u0131\u00f1 b\u00fcy\u00fck dostu Turan Yaz\u011fan aqq\u0131nda film tan\u0131t\u0131ld\u0131 - \u041c\u0435\u0434\u0436\u043b\u0456\u0441<\/title>\n<meta name=\"robots\" content=\"index, follow, max-snippet:-1, max-image-preview:large, max-video-preview:-1\" \/>\n<link rel=\"canonical\" href=\"https:\/\/qtmm.org\/qt\/qirimtatar-halqinin-buyuk-dostu-turan-yazgan-aqqinda-film-tanitildi\/\" \/>\n<meta property=\"og:locale\" content=\"en_US\" \/>\n<meta property=\"og:type\" content=\"article\" \/>\n<meta property=\"og:title\" content=\"Q\u0131r\u0131mtatar halq\u0131n\u0131\u00f1 b\u00fcy\u00fck dostu Turan Yaz\u011fan aqq\u0131nda film tan\u0131t\u0131ld\u0131 - \u041c\u0435\u0434\u0436\u043b\u0456\u0441\" \/>\n<meta property=\"og:description\" content=\"2012 senesi noyabr 20 k\u00fcn\u00fc \u0130. Gasprinskiy ad\u0131na cumhuriyet q\u0131r\u0131mtatar k\u00fct\u00fcphanesinde t\u00fcrk d\u00fcnyas\u0131nda me\u015fur siyaset\u00e7i ve erbap, T\u00fcrk d\u00fcnyas\u0131 ara\u015ft\u0131rmalar\u0131 vaquf\u0131n\u0131\u00f1 prezidenti, professor Turan Yaz\u011fann\u0131\u00f1 ayat\u0131 aqq\u0131nda film taqdim etildi. Tedbirni Q\u0131r\u0131mtatar qad\u0131nlar ligas\u0131 te\u015fkil\u00e2tland\u0131rd\u0131 ve ke\u00e7irdi. Filmni\u00f1 m\u00fcellifi &#8220;Kr\u0131m&#8221; DTRK jurnalisti Zure Pinka. Filmni\u00f1 taqdiminde Meclis reisini\u00f1 muavini, Q\u0131r\u0131m Yuqar\u0131 \u015euras\u0131 Daimiy komissiyas\u0131n\u0131\u00f1 reisi [&hellip;]\" \/>\n<meta property=\"og:url\" content=\"https:\/\/qtmm.org\/qt\/qirimtatar-halqinin-buyuk-dostu-turan-yazgan-aqqinda-film-tanitildi\/\" \/>\n<meta property=\"og:site_name\" content=\"\u041c\u0435\u0434\u0436\u043b\u0456\u0441\" \/>\n<meta property=\"article:publisher\" content=\"https:\/\/www.facebook.com\/qtmm.info\/\" \/>\n<meta property=\"article:published_time\" content=\"2012-11-20T11:45:00+00:00\" \/>\n<meta property=\"article:modified_time\" content=\"2022-01-23T11:47:54+00:00\" \/>\n<meta property=\"og:image\" content=\"https:\/\/qtmm.org\/wp-content\/uploads\/2022\/01\/1_79.jpeg\" \/>\n\t<meta property=\"og:image:width\" content=\"650\" \/>\n\t<meta property=\"og:image:height\" content=\"350\" \/>\n\t<meta property=\"og:image:type\" content=\"image\/jpeg\" \/>\n<meta name=\"author\" content=\"Developer\" \/>\n<meta name=\"twitter:card\" content=\"summary_large_image\" \/>\n<meta name=\"twitter:label1\" content=\"Written by\" \/>\n\t<meta name=\"twitter:data1\" content=\"Developer\" \/>\n\t<meta name=\"twitter:label2\" content=\"Est. reading time\" \/>\n\t<meta name=\"twitter:data2\" content=\"1 minute\" \/>\n<script type=\"application\/ld+json\" class=\"yoast-schema-graph\">{\"@context\":\"https:\\\/\\\/schema.org\",\"@graph\":[{\"@type\":\"Article\",\"@id\":\"https:\\\/\\\/qtmm.org\\\/qt\\\/qirimtatar-halqinin-buyuk-dostu-turan-yazgan-aqqinda-film-tanitildi\\\/#article\",\"isPartOf\":{\"@id\":\"https:\\\/\\\/qtmm.org\\\/qt\\\/qirimtatar-halqinin-buyuk-dostu-turan-yazgan-aqqinda-film-tanitildi\\\/\"},\"author\":{\"name\":\"Developer\",\"@id\":\"https:\\\/\\\/qtmm.org\\\/qt\\\/#\\\/schema\\\/person\\\/de562469f971dec226ac06e60bbf74a7\"},\"headline\":\"Q\u0131r\u0131mtatar halq\u0131n\u0131\u00f1 b\u00fcy\u00fck dostu Turan Yaz\u011fan aqq\u0131nda film tan\u0131t\u0131ld\u0131\",\"datePublished\":\"2012-11-20T11:45:00+00:00\",\"dateModified\":\"2022-01-23T11:47:54+00:00\",\"mainEntityOfPage\":{\"@id\":\"https:\\\/\\\/qtmm.org\\\/qt\\\/qirimtatar-halqinin-buyuk-dostu-turan-yazgan-aqqinda-film-tanitildi\\\/\"},\"wordCount\":310,\"commentCount\":0,\"publisher\":{\"@id\":\"https:\\\/\\\/qtmm.org\\\/qt\\\/#organization\"},\"image\":{\"@id\":\"https:\\\/\\\/qtmm.org\\\/qt\\\/qirimtatar-halqinin-buyuk-dostu-turan-yazgan-aqqinda-film-tanitildi\\\/#primaryimage\"},\"thumbnailUrl\":\"http:\\\/\\\/qtmm.org\\\/wp-content\\\/uploads\\\/2022\\\/01\\\/1_79.jpeg\",\"articleSection\":[\"Haberler\"],\"inLanguage\":\"qt\",\"potentialAction\":[{\"@type\":\"CommentAction\",\"name\":\"Comment\",\"target\":[\"https:\\\/\\\/qtmm.org\\\/qt\\\/qirimtatar-halqinin-buyuk-dostu-turan-yazgan-aqqinda-film-tanitildi\\\/#respond\"]}]},{\"@type\":\"WebPage\",\"@id\":\"https:\\\/\\\/qtmm.org\\\/qt\\\/qirimtatar-halqinin-buyuk-dostu-turan-yazgan-aqqinda-film-tanitildi\\\/\",\"url\":\"https:\\\/\\\/qtmm.org\\\/qt\\\/qirimtatar-halqinin-buyuk-dostu-turan-yazgan-aqqinda-film-tanitildi\\\/\",\"name\":\"Q\u0131r\u0131mtatar halq\u0131n\u0131\u00f1 b\u00fcy\u00fck dostu Turan Yaz\u011fan aqq\u0131nda film tan\u0131t\u0131ld\u0131 - \u041c\u0435\u0434\u0436\u043b\u0456\u0441\",\"isPartOf\":{\"@id\":\"https:\\\/\\\/qtmm.org\\\/qt\\\/#website\"},\"primaryImageOfPage\":{\"@id\":\"https:\\\/\\\/qtmm.org\\\/qt\\\/qirimtatar-halqinin-buyuk-dostu-turan-yazgan-aqqinda-film-tanitildi\\\/#primaryimage\"},\"image\":{\"@id\":\"https:\\\/\\\/qtmm.org\\\/qt\\\/qirimtatar-halqinin-buyuk-dostu-turan-yazgan-aqqinda-film-tanitildi\\\/#primaryimage\"},\"thumbnailUrl\":\"http:\\\/\\\/qtmm.org\\\/wp-content\\\/uploads\\\/2022\\\/01\\\/1_79.jpeg\",\"datePublished\":\"2012-11-20T11:45:00+00:00\",\"dateModified\":\"2022-01-23T11:47:54+00:00\",\"breadcrumb\":{\"@id\":\"https:\\\/\\\/qtmm.org\\\/qt\\\/qirimtatar-halqinin-buyuk-dostu-turan-yazgan-aqqinda-film-tanitildi\\\/#breadcrumb\"},\"inLanguage\":\"qt\",\"potentialAction\":[{\"@type\":\"ReadAction\",\"target\":[\"https:\\\/\\\/qtmm.org\\\/qt\\\/qirimtatar-halqinin-buyuk-dostu-turan-yazgan-aqqinda-film-tanitildi\\\/\"]}]},{\"@type\":\"ImageObject\",\"inLanguage\":\"qt\",\"@id\":\"https:\\\/\\\/qtmm.org\\\/qt\\\/qirimtatar-halqinin-buyuk-dostu-turan-yazgan-aqqinda-film-tanitildi\\\/#primaryimage\",\"url\":\"http:\\\/\\\/qtmm.org\\\/wp-content\\\/uploads\\\/2022\\\/01\\\/1_79.jpeg\",\"contentUrl\":\"http:\\\/\\\/qtmm.org\\\/wp-content\\\/uploads\\\/2022\\\/01\\\/1_79.jpeg\"},{\"@type\":\"BreadcrumbList\",\"@id\":\"https:\\\/\\\/qtmm.org\\\/qt\\\/qirimtatar-halqinin-buyuk-dostu-turan-yazgan-aqqinda-film-tanitildi\\\/#breadcrumb\",\"itemListElement\":[{\"@type\":\"ListItem\",\"position\":1,\"name\":\"\u0413\u043e\u043b\u043e\u0432\u043d\u0430\",\"item\":\"https:\\\/\\\/qtmm.org\\\/qt\\\/\"},{\"@type\":\"ListItem\",\"position\":2,\"name\":\"Q\u0131r\u0131mtatar halq\u0131n\u0131\u00f1 b\u00fcy\u00fck dostu Turan Yaz\u011fan aqq\u0131nda film tan\u0131t\u0131ld\u0131\"}]},{\"@type\":\"WebSite\",\"@id\":\"https:\\\/\\\/qtmm.org\\\/qt\\\/#website\",\"url\":\"https:\\\/\\\/qtmm.org\\\/qt\\\/\",\"name\":\"\u041c\u0435\u0434\u0436\u043b\u0456\u0441\",\"description\":\"\",\"publisher\":{\"@id\":\"https:\\\/\\\/qtmm.org\\\/qt\\\/#organization\"},\"potentialAction\":[{\"@type\":\"SearchAction\",\"target\":{\"@type\":\"EntryPoint\",\"urlTemplate\":\"https:\\\/\\\/qtmm.org\\\/qt\\\/?s={search_term_string}\"},\"query-input\":{\"@type\":\"PropertyValueSpecification\",\"valueRequired\":true,\"valueName\":\"search_term_string\"}}],\"inLanguage\":\"qt\"},{\"@type\":\"Organization\",\"@id\":\"https:\\\/\\\/qtmm.org\\\/qt\\\/#organization\",\"name\":\"\u041c\u0435\u0434\u0436\u043b\u0456\u0441\",\"url\":\"https:\\\/\\\/qtmm.org\\\/qt\\\/\",\"logo\":{\"@type\":\"ImageObject\",\"inLanguage\":\"qt\",\"@id\":\"https:\\\/\\\/qtmm.org\\\/qt\\\/#\\\/schema\\\/logo\\\/image\\\/\",\"url\":\"https:\\\/\\\/qtmm.org\\\/wp-content\\\/uploads\\\/2024\\\/12\\\/ua-mejlis-logo-rgb.svg\",\"contentUrl\":\"https:\\\/\\\/qtmm.org\\\/wp-content\\\/uploads\\\/2024\\\/12\\\/ua-mejlis-logo-rgb.svg\",\"caption\":\"\u041c\u0435\u0434\u0436\u043b\u0456\u0441\"},\"image\":{\"@id\":\"https:\\\/\\\/qtmm.org\\\/qt\\\/#\\\/schema\\\/logo\\\/image\\\/\"},\"sameAs\":[\"https:\\\/\\\/www.facebook.com\\\/qtmm.info\\\/\"]},{\"@type\":\"Person\",\"@id\":\"https:\\\/\\\/qtmm.org\\\/qt\\\/#\\\/schema\\\/person\\\/de562469f971dec226ac06e60bbf74a7\",\"name\":\"Developer\",\"image\":{\"@type\":\"ImageObject\",\"inLanguage\":\"qt\",\"@id\":\"https:\\\/\\\/secure.gravatar.com\\\/avatar\\\/392b4cc8fbfeb00b39dfeeab4ee6edded39ffd48e25858637e4765810300227e?s=96&d=mm&r=g\",\"url\":\"https:\\\/\\\/secure.gravatar.com\\\/avatar\\\/392b4cc8fbfeb00b39dfeeab4ee6edded39ffd48e25858637e4765810300227e?s=96&d=mm&r=g\",\"contentUrl\":\"https:\\\/\\\/secure.gravatar.com\\\/avatar\\\/392b4cc8fbfeb00b39dfeeab4ee6edded39ffd48e25858637e4765810300227e?s=96&d=mm&r=g\",\"caption\":\"Developer\"},\"url\":\"https:\\\/\\\/qtmm.org\\\/qt\\\/author\\\/Developer\\\/\"}]}<\/script>\n<!-- \/ Yoast SEO plugin. -->","yoast_head_json":{"title":"Q\u0131r\u0131mtatar halq\u0131n\u0131\u00f1 b\u00fcy\u00fck dostu Turan Yaz\u011fan aqq\u0131nda film tan\u0131t\u0131ld\u0131 - \u041c\u0435\u0434\u0436\u043b\u0456\u0441","robots":{"index":"index","follow":"follow","max-snippet":"max-snippet:-1","max-image-preview":"max-image-preview:large","max-video-preview":"max-video-preview:-1"},"canonical":"https:\/\/qtmm.org\/qt\/qirimtatar-halqinin-buyuk-dostu-turan-yazgan-aqqinda-film-tanitildi\/","og_locale":"en_US","og_type":"article","og_title":"Q\u0131r\u0131mtatar halq\u0131n\u0131\u00f1 b\u00fcy\u00fck dostu Turan Yaz\u011fan aqq\u0131nda film tan\u0131t\u0131ld\u0131 - \u041c\u0435\u0434\u0436\u043b\u0456\u0441","og_description":"2012 senesi noyabr 20 k\u00fcn\u00fc \u0130. Gasprinskiy ad\u0131na cumhuriyet q\u0131r\u0131mtatar k\u00fct\u00fcphanesinde t\u00fcrk d\u00fcnyas\u0131nda me\u015fur siyaset\u00e7i ve erbap, T\u00fcrk d\u00fcnyas\u0131 ara\u015ft\u0131rmalar\u0131 vaquf\u0131n\u0131\u00f1 prezidenti, professor Turan Yaz\u011fann\u0131\u00f1 ayat\u0131 aqq\u0131nda film taqdim etildi. Tedbirni Q\u0131r\u0131mtatar qad\u0131nlar ligas\u0131 te\u015fkil\u00e2tland\u0131rd\u0131 ve ke\u00e7irdi. Filmni\u00f1 m\u00fcellifi &#8220;Kr\u0131m&#8221; DTRK jurnalisti Zure Pinka. Filmni\u00f1 taqdiminde Meclis reisini\u00f1 muavini, Q\u0131r\u0131m Yuqar\u0131 \u015euras\u0131 Daimiy komissiyas\u0131n\u0131\u00f1 reisi [&hellip;]","og_url":"https:\/\/qtmm.org\/qt\/qirimtatar-halqinin-buyuk-dostu-turan-yazgan-aqqinda-film-tanitildi\/","og_site_name":"\u041c\u0435\u0434\u0436\u043b\u0456\u0441","article_publisher":"https:\/\/www.facebook.com\/qtmm.info\/","article_published_time":"2012-11-20T11:45:00+00:00","article_modified_time":"2022-01-23T11:47:54+00:00","og_image":[{"width":650,"height":350,"url":"https:\/\/qtmm.org\/wp-content\/uploads\/2022\/01\/1_79.jpeg","type":"image\/jpeg"}],"author":"Developer","twitter_card":"summary_large_image","twitter_misc":{"Written by":"Developer","Est. reading time":"1 minute"},"schema":{"@context":"https:\/\/schema.org","@graph":[{"@type":"Article","@id":"https:\/\/qtmm.org\/qt\/qirimtatar-halqinin-buyuk-dostu-turan-yazgan-aqqinda-film-tanitildi\/#article","isPartOf":{"@id":"https:\/\/qtmm.org\/qt\/qirimtatar-halqinin-buyuk-dostu-turan-yazgan-aqqinda-film-tanitildi\/"},"author":{"name":"Developer","@id":"https:\/\/qtmm.org\/qt\/#\/schema\/person\/de562469f971dec226ac06e60bbf74a7"},"headline":"Q\u0131r\u0131mtatar halq\u0131n\u0131\u00f1 b\u00fcy\u00fck dostu Turan Yaz\u011fan aqq\u0131nda film tan\u0131t\u0131ld\u0131","datePublished":"2012-11-20T11:45:00+00:00","dateModified":"2022-01-23T11:47:54+00:00","mainEntityOfPage":{"@id":"https:\/\/qtmm.org\/qt\/qirimtatar-halqinin-buyuk-dostu-turan-yazgan-aqqinda-film-tanitildi\/"},"wordCount":310,"commentCount":0,"publisher":{"@id":"https:\/\/qtmm.org\/qt\/#organization"},"image":{"@id":"https:\/\/qtmm.org\/qt\/qirimtatar-halqinin-buyuk-dostu-turan-yazgan-aqqinda-film-tanitildi\/#primaryimage"},"thumbnailUrl":"http:\/\/qtmm.org\/wp-content\/uploads\/2022\/01\/1_79.jpeg","articleSection":["Haberler"],"inLanguage":"qt","potentialAction":[{"@type":"CommentAction","name":"Comment","target":["https:\/\/qtmm.org\/qt\/qirimtatar-halqinin-buyuk-dostu-turan-yazgan-aqqinda-film-tanitildi\/#respond"]}]},{"@type":"WebPage","@id":"https:\/\/qtmm.org\/qt\/qirimtatar-halqinin-buyuk-dostu-turan-yazgan-aqqinda-film-tanitildi\/","url":"https:\/\/qtmm.org\/qt\/qirimtatar-halqinin-buyuk-dostu-turan-yazgan-aqqinda-film-tanitildi\/","name":"Q\u0131r\u0131mtatar halq\u0131n\u0131\u00f1 b\u00fcy\u00fck dostu Turan Yaz\u011fan aqq\u0131nda film tan\u0131t\u0131ld\u0131 - \u041c\u0435\u0434\u0436\u043b\u0456\u0441","isPartOf":{"@id":"https:\/\/qtmm.org\/qt\/#website"},"primaryImageOfPage":{"@id":"https:\/\/qtmm.org\/qt\/qirimtatar-halqinin-buyuk-dostu-turan-yazgan-aqqinda-film-tanitildi\/#primaryimage"},"image":{"@id":"https:\/\/qtmm.org\/qt\/qirimtatar-halqinin-buyuk-dostu-turan-yazgan-aqqinda-film-tanitildi\/#primaryimage"},"thumbnailUrl":"http:\/\/qtmm.org\/wp-content\/uploads\/2022\/01\/1_79.jpeg","datePublished":"2012-11-20T11:45:00+00:00","dateModified":"2022-01-23T11:47:54+00:00","breadcrumb":{"@id":"https:\/\/qtmm.org\/qt\/qirimtatar-halqinin-buyuk-dostu-turan-yazgan-aqqinda-film-tanitildi\/#breadcrumb"},"inLanguage":"qt","potentialAction":[{"@type":"ReadAction","target":["https:\/\/qtmm.org\/qt\/qirimtatar-halqinin-buyuk-dostu-turan-yazgan-aqqinda-film-tanitildi\/"]}]},{"@type":"ImageObject","inLanguage":"qt","@id":"https:\/\/qtmm.org\/qt\/qirimtatar-halqinin-buyuk-dostu-turan-yazgan-aqqinda-film-tanitildi\/#primaryimage","url":"http:\/\/qtmm.org\/wp-content\/uploads\/2022\/01\/1_79.jpeg","contentUrl":"http:\/\/qtmm.org\/wp-content\/uploads\/2022\/01\/1_79.jpeg"},{"@type":"BreadcrumbList","@id":"https:\/\/qtmm.org\/qt\/qirimtatar-halqinin-buyuk-dostu-turan-yazgan-aqqinda-film-tanitildi\/#breadcrumb","itemListElement":[{"@type":"ListItem","position":1,"name":"\u0413\u043e\u043b\u043e\u0432\u043d\u0430","item":"https:\/\/qtmm.org\/qt\/"},{"@type":"ListItem","position":2,"name":"Q\u0131r\u0131mtatar halq\u0131n\u0131\u00f1 b\u00fcy\u00fck dostu Turan Yaz\u011fan aqq\u0131nda film tan\u0131t\u0131ld\u0131"}]},{"@type":"WebSite","@id":"https:\/\/qtmm.org\/qt\/#website","url":"https:\/\/qtmm.org\/qt\/","name":"\u041c\u0435\u0434\u0436\u043b\u0456\u0441","description":"","publisher":{"@id":"https:\/\/qtmm.org\/qt\/#organization"},"potentialAction":[{"@type":"SearchAction","target":{"@type":"EntryPoint","urlTemplate":"https:\/\/qtmm.org\/qt\/?s={search_term_string}"},"query-input":{"@type":"PropertyValueSpecification","valueRequired":true,"valueName":"search_term_string"}}],"inLanguage":"qt"},{"@type":"Organization","@id":"https:\/\/qtmm.org\/qt\/#organization","name":"\u041c\u0435\u0434\u0436\u043b\u0456\u0441","url":"https:\/\/qtmm.org\/qt\/","logo":{"@type":"ImageObject","inLanguage":"qt","@id":"https:\/\/qtmm.org\/qt\/#\/schema\/logo\/image\/","url":"https:\/\/qtmm.org\/wp-content\/uploads\/2024\/12\/ua-mejlis-logo-rgb.svg","contentUrl":"https:\/\/qtmm.org\/wp-content\/uploads\/2024\/12\/ua-mejlis-logo-rgb.svg","caption":"\u041c\u0435\u0434\u0436\u043b\u0456\u0441"},"image":{"@id":"https:\/\/qtmm.org\/qt\/#\/schema\/logo\/image\/"},"sameAs":["https:\/\/www.facebook.com\/qtmm.info\/"]},{"@type":"Person","@id":"https:\/\/qtmm.org\/qt\/#\/schema\/person\/de562469f971dec226ac06e60bbf74a7","name":"Developer","image":{"@type":"ImageObject","inLanguage":"qt","@id":"https:\/\/secure.gravatar.com\/avatar\/392b4cc8fbfeb00b39dfeeab4ee6edded39ffd48e25858637e4765810300227e?s=96&d=mm&r=g","url":"https:\/\/secure.gravatar.com\/avatar\/392b4cc8fbfeb00b39dfeeab4ee6edded39ffd48e25858637e4765810300227e?s=96&d=mm&r=g","contentUrl":"https:\/\/secure.gravatar.com\/avatar\/392b4cc8fbfeb00b39dfeeab4ee6edded39ffd48e25858637e4765810300227e?s=96&d=mm&r=g","caption":"Developer"},"url":"https:\/\/qtmm.org\/qt\/author\/Developer\/"}]}},"_links":{"self":[{"href":"https:\/\/qtmm.org\/qt\/wp-json\/wp\/v2\/posts\/35294","targetHints":{"allow":["GET"]}}],"collection":[{"href":"https:\/\/qtmm.org\/qt\/wp-json\/wp\/v2\/posts"}],"about":[{"href":"https:\/\/qtmm.org\/qt\/wp-json\/wp\/v2\/types\/post"}],"author":[{"embeddable":true,"href":"https:\/\/qtmm.org\/qt\/wp-json\/wp\/v2\/users\/1"}],"replies":[{"embeddable":true,"href":"https:\/\/qtmm.org\/qt\/wp-json\/wp\/v2\/comments?post=35294"}],"version-history":[{"count":1,"href":"https:\/\/qtmm.org\/qt\/wp-json\/wp\/v2\/posts\/35294\/revisions"}],"predecessor-version":[{"id":35323,"href":"https:\/\/qtmm.org\/qt\/wp-json\/wp\/v2\/posts\/35294\/revisions\/35323"}],"wp:attachment":[{"href":"https:\/\/qtmm.org\/qt\/wp-json\/wp\/v2\/media?parent=35294"}],"wp:term":[{"taxonomy":"category","embeddable":true,"href":"https:\/\/qtmm.org\/qt\/wp-json\/wp\/v2\/categories?post=35294"},{"taxonomy":"post_tag","embeddable":true,"href":"https:\/\/qtmm.org\/qt\/wp-json\/wp\/v2\/tags?post=35294"}],"curies":[{"name":"wp","href":"https:\/\/api.w.org\/{rel}","templated":true}]}}