




{"id":35276,"date":"2012-11-18T14:43:00","date_gmt":"2012-11-18T11:43:00","guid":{"rendered":"http:\/\/qtmm.org\/?p=35276"},"modified":"2022-01-23T14:45:31","modified_gmt":"2022-01-23T11:45:31","slug":"meclis-tisqi-alaqalar-boluginin-basi-ali-hamzin-poloniya-cumhuriyeti-mustaqilliginin-94-yilligina-bagislangan-bayramda-istirak-etti","status":"publish","type":"post","link":"https:\/\/qtmm.org\/qt\/meclis-tisqi-alaqalar-boluginin-basi-ali-hamzin-poloniya-cumhuriyeti-mustaqilliginin-94-yilligina-bagislangan-bayramda-istirak-etti\/","title":{"rendered":"Meclis t\u0131\u015fq\u0131 al\u00e2qalar b\u00f6l\u00fcgini\u00f1 ba\u015f\u0131 Ali Hamzin Poloniya Cumhuriyeti mustaqilligini\u00f1 94 y\u0131ll\u0131\u011f\u0131na ba\u011f\u0131\u015flan\u011fan bayramda i\u015ftirak etti"},"content":{"rendered":"\n<p>Poloniya Cumhuriyeti Ba\u015f konsull\u0131\u011f\u0131n\u0131\u00f1 daveti ile Meclis t\u0131\u015fq\u0131 al\u00e2qalar b\u00f6l\u00fcgini\u00f1 ba\u015f\u0131 Ali Hamzin Poloniya Cumhuriyeti mustaqilligini\u00f1 94 y\u0131ll\u0131\u011f\u0131na ba\u011f\u0131\u015flan\u011fan bayramda i\u015ftirak etti<\/p>\n\n\n\n<p>Merasimde bun\u0131\u00f1 kibi de Aqyar \u015feer memuriyetini\u00f1 resmiy \u015fah\u0131slar\u0131, Ukraina \u0130\u00e7ki i\u015fler nazirligi Q\u0131r\u0131mdaki idaresini\u00f1, \u015feer cemaat\u00e7\u0131l\u0131\u011f\u0131 ve diniy te\u015fkil\u00e2tlarn\u0131\u00f1 vekilleri bulund\u0131lar. Musafirler \u00f6g\u00fcnde Poloniya Cumhuriyetini\u00f1 Aqyardaki Ba\u015f konsul\u0131 Veslav Mazur viza aluvn\u0131 qolayla\u015ft\u0131ruv boyunca konsull\u0131qn\u0131\u00f1 yapqan i\u015fi aqq\u0131nda mal\u00fcmat berdi. Ukraina ve Poloniya aras\u0131nda turizm inki\u015faf\u0131na sistem yana\u015fuvn\u0131\u00f1 zarurl\u0131\u011f\u0131n\u0131 ayr\u0131ca qayd etken konsul, bu, turizm saas\u0131nda y\u00fcksek neticelerni elde etmege imk\u00e2n yarataca\u011f\u0131n\u0131 aytt\u0131.<\/p>\n\n\n\n<figure class=\"wp-block-image size-full\"><img loading=\"lazy\" decoding=\"async\" width=\"650\" height=\"350\" src=\"http:\/\/qtmm.org\/wp-content\/uploads\/2022\/01\/2_83.jpeg\" alt=\"\" class=\"wp-image-35281\" srcset=\"https:\/\/qtmm.org\/wp-content\/uploads\/2022\/01\/2_83.jpeg 650w, https:\/\/qtmm.org\/wp-content\/uploads\/2022\/01\/2_83-300x162.jpeg 300w\" sizes=\"auto, (max-width: 650px) 100vw, 650px\" \/><\/figure>\n\n\n\n<p>&#8220;Q\u0131r\u0131m \u2013 pek m\u00fcim bir yer, m\u0131nda iqtisadiy i\u015fbirlik ve turistik biznes i\u00e7\u00fcn b\u00fcy\u00fck potentsial bar&#8221;, &#8211; dedi Veslav Mazur.\u00a0 Bun\u0131\u00f1 kibi de o, Poloniya Cumhuriyetini\u00f1 Aqyardaki Ba\u015f konsull\u0131\u011f\u0131n\u0131\u00f1 Q\u0131r\u0131mda Avropa Birligini\u00f1 yek\u00e2ne temsilcisi s\u0131fat\u0131nda k\u00f6stergen faaliyeti aqq\u0131nda da ik\u00e2ye etti.<\/p>\n\n\n\n<figure class=\"wp-block-image size-full\"><img loading=\"lazy\" decoding=\"async\" width=\"650\" height=\"350\" src=\"http:\/\/qtmm.org\/wp-content\/uploads\/2022\/01\/3_54.jpeg\" alt=\"\" class=\"wp-image-35285\" srcset=\"https:\/\/qtmm.org\/wp-content\/uploads\/2022\/01\/3_54.jpeg 650w, https:\/\/qtmm.org\/wp-content\/uploads\/2022\/01\/3_54-300x162.jpeg 300w\" sizes=\"auto, (max-width: 650px) 100vw, 650px\" \/><\/figure>\n\n\n\n<p>Poloniya Cumhuriyetini\u00f1 Aqyardaki Ba\u015f konsul\u0131 Veslav Mazurnen qonu\u015fqan Ali Hamzin Q\u0131r\u0131mtatar halq\u0131 Meclisini\u00f1 reisi Mustafa Cemilevni\u00f1 Poloniya Cumhuriyeti mustaqilligini\u00f1 94 y\u0131ll\u0131\u011f\u0131 munasebetinen hay\u0131rlav\u0131n\u0131 oqup, Poloniya cemaat\u00e7\u0131l\u0131\u011f\u0131 ve Meclis aras\u0131ndaki i\u015fbirlikni\u00f1 mahsuldar inki\u015faf\u0131 i\u00e7\u00fcn teren minnetdarl\u0131\u011f\u0131n\u0131 bildirdi.<\/p>\n\n\n\n<p>Meclis t\u0131\u015fq\u0131 al\u00e2qalar b\u00f6l\u00fcgini\u00f1 ba\u015f\u0131 Ali Hamzin Meclis reisi Mustafa Cemilevni\u00f1 noyabr ay\u0131n\u0131\u00f1 ba\u015f\u0131nda Berlinde bulun\u0131p, Avropa Hat\u0131ra ve Vicdan platformas\u0131n\u0131\u00f1 i\u015findeki i\u015ftiraki aqq\u0131nda s\u00f6yledi.<\/p>\n\n\n\n<figure class=\"wp-block-image size-full\"><img loading=\"lazy\" decoding=\"async\" width=\"650\" height=\"350\" src=\"http:\/\/qtmm.org\/wp-content\/uploads\/2022\/01\/4_53.jpeg\" alt=\"\" class=\"wp-image-35289\" srcset=\"https:\/\/qtmm.org\/wp-content\/uploads\/2022\/01\/4_53.jpeg 650w, https:\/\/qtmm.org\/wp-content\/uploads\/2022\/01\/4_53-300x162.jpeg 300w\" sizes=\"auto, (max-width: 650px) 100vw, 650px\" \/><\/figure>\n","protected":false},"excerpt":{"rendered":"<p>Poloniya Cumhuriyeti Ba\u015f konsull\u0131\u011f\u0131n\u0131\u00f1 daveti ile Meclis t\u0131\u015fq\u0131 al\u00e2qalar b\u00f6l\u00fcgini\u00f1 ba\u015f\u0131 Ali Hamzin Poloniya Cumhuriyeti mustaqilligini\u00f1 94 y\u0131ll\u0131\u011f\u0131na ba\u011f\u0131\u015flan\u011fan bayramda i\u015ftirak etti Merasimde bun\u0131\u00f1 kibi de Aqyar \u015feer memuriyetini\u00f1 resmiy \u015fah\u0131slar\u0131, Ukraina \u0130\u00e7ki i\u015fler nazirligi Q\u0131r\u0131mdaki idaresini\u00f1, \u015feer cemaat\u00e7\u0131l\u0131\u011f\u0131 ve diniy te\u015fkil\u00e2tlarn\u0131\u00f1 vekilleri bulund\u0131lar. Musafirler \u00f6g\u00fcnde Poloniya Cumhuriyetini\u00f1 Aqyardaki Ba\u015f konsul\u0131 Veslav Mazur viza aluvn\u0131 [&hellip;]<\/p>\n","protected":false},"author":1,"featured_media":35277,"comment_status":"open","ping_status":"open","sticky":false,"template":"","format":"standard","meta":{"inline_featured_image":false,"footnotes":""},"categories":[265],"tags":[],"class_list":["post-35276","post","type-post","status-publish","format-standard","has-post-thumbnail","hentry","category-haberler"],"acf":[],"yoast_head":"<!-- This site is optimized with the Yoast SEO plugin v27.4 - https:\/\/yoast.com\/product\/yoast-seo-wordpress\/ -->\n<title>Meclis t\u0131\u015fq\u0131 al\u00e2qalar b\u00f6l\u00fcgini\u00f1 ba\u015f\u0131 Ali Hamzin Poloniya Cumhuriyeti mustaqilligini\u00f1 94 y\u0131ll\u0131\u011f\u0131na ba\u011f\u0131\u015flan\u011fan bayramda i\u015ftirak etti - \u041c\u0435\u0434\u0436\u043b\u0456\u0441<\/title>\n<meta name=\"robots\" content=\"index, follow, max-snippet:-1, max-image-preview:large, max-video-preview:-1\" \/>\n<link rel=\"canonical\" href=\"https:\/\/qtmm.org\/qt\/meclis-tisqi-alaqalar-boluginin-basi-ali-hamzin-poloniya-cumhuriyeti-mustaqilliginin-94-yilligina-bagislangan-bayramda-istirak-etti\/\" \/>\n<meta property=\"og:locale\" content=\"en_US\" \/>\n<meta property=\"og:type\" content=\"article\" \/>\n<meta property=\"og:title\" content=\"Meclis t\u0131\u015fq\u0131 al\u00e2qalar b\u00f6l\u00fcgini\u00f1 ba\u015f\u0131 Ali Hamzin Poloniya Cumhuriyeti mustaqilligini\u00f1 94 y\u0131ll\u0131\u011f\u0131na ba\u011f\u0131\u015flan\u011fan bayramda i\u015ftirak etti - \u041c\u0435\u0434\u0436\u043b\u0456\u0441\" \/>\n<meta property=\"og:description\" content=\"Poloniya Cumhuriyeti Ba\u015f konsull\u0131\u011f\u0131n\u0131\u00f1 daveti ile Meclis t\u0131\u015fq\u0131 al\u00e2qalar b\u00f6l\u00fcgini\u00f1 ba\u015f\u0131 Ali Hamzin Poloniya Cumhuriyeti mustaqilligini\u00f1 94 y\u0131ll\u0131\u011f\u0131na ba\u011f\u0131\u015flan\u011fan bayramda i\u015ftirak etti Merasimde bun\u0131\u00f1 kibi de Aqyar \u015feer memuriyetini\u00f1 resmiy \u015fah\u0131slar\u0131, Ukraina \u0130\u00e7ki i\u015fler nazirligi Q\u0131r\u0131mdaki idaresini\u00f1, \u015feer cemaat\u00e7\u0131l\u0131\u011f\u0131 ve diniy te\u015fkil\u00e2tlarn\u0131\u00f1 vekilleri bulund\u0131lar. Musafirler \u00f6g\u00fcnde Poloniya Cumhuriyetini\u00f1 Aqyardaki Ba\u015f konsul\u0131 Veslav Mazur viza aluvn\u0131 [&hellip;]\" \/>\n<meta property=\"og:url\" content=\"https:\/\/qtmm.org\/qt\/meclis-tisqi-alaqalar-boluginin-basi-ali-hamzin-poloniya-cumhuriyeti-mustaqilliginin-94-yilligina-bagislangan-bayramda-istirak-etti\/\" \/>\n<meta property=\"og:site_name\" content=\"\u041c\u0435\u0434\u0436\u043b\u0456\u0441\" \/>\n<meta property=\"article:publisher\" content=\"https:\/\/www.facebook.com\/qtmm.info\/\" \/>\n<meta property=\"article:published_time\" content=\"2012-11-18T11:43:00+00:00\" \/>\n<meta property=\"article:modified_time\" content=\"2022-01-23T11:45:31+00:00\" \/>\n<meta property=\"og:image\" content=\"https:\/\/qtmm.org\/wp-content\/uploads\/2022\/01\/1_78.jpeg\" \/>\n\t<meta property=\"og:image:width\" content=\"650\" \/>\n\t<meta property=\"og:image:height\" content=\"350\" \/>\n\t<meta property=\"og:image:type\" content=\"image\/jpeg\" \/>\n<meta name=\"author\" content=\"Developer\" \/>\n<meta name=\"twitter:card\" content=\"summary_large_image\" \/>\n<meta name=\"twitter:label1\" content=\"Written by\" \/>\n\t<meta name=\"twitter:data1\" content=\"Developer\" \/>\n\t<meta name=\"twitter:label2\" content=\"Est. reading time\" \/>\n\t<meta name=\"twitter:data2\" content=\"1 minute\" \/>\n<script type=\"application\/ld+json\" class=\"yoast-schema-graph\">{\"@context\":\"https:\\\/\\\/schema.org\",\"@graph\":[{\"@type\":\"Article\",\"@id\":\"https:\\\/\\\/qtmm.org\\\/qt\\\/meclis-tisqi-alaqalar-boluginin-basi-ali-hamzin-poloniya-cumhuriyeti-mustaqilliginin-94-yilligina-bagislangan-bayramda-istirak-etti\\\/#article\",\"isPartOf\":{\"@id\":\"https:\\\/\\\/qtmm.org\\\/qt\\\/meclis-tisqi-alaqalar-boluginin-basi-ali-hamzin-poloniya-cumhuriyeti-mustaqilliginin-94-yilligina-bagislangan-bayramda-istirak-etti\\\/\"},\"author\":{\"name\":\"Developer\",\"@id\":\"https:\\\/\\\/qtmm.org\\\/qt\\\/#\\\/schema\\\/person\\\/de562469f971dec226ac06e60bbf74a7\"},\"headline\":\"Meclis t\u0131\u015fq\u0131 al\u00e2qalar b\u00f6l\u00fcgini\u00f1 ba\u015f\u0131 Ali Hamzin Poloniya Cumhuriyeti mustaqilligini\u00f1 94 y\u0131ll\u0131\u011f\u0131na ba\u011f\u0131\u015flan\u011fan bayramda i\u015ftirak etti\",\"datePublished\":\"2012-11-18T11:43:00+00:00\",\"dateModified\":\"2022-01-23T11:45:31+00:00\",\"mainEntityOfPage\":{\"@id\":\"https:\\\/\\\/qtmm.org\\\/qt\\\/meclis-tisqi-alaqalar-boluginin-basi-ali-hamzin-poloniya-cumhuriyeti-mustaqilliginin-94-yilligina-bagislangan-bayramda-istirak-etti\\\/\"},\"wordCount\":286,\"commentCount\":0,\"publisher\":{\"@id\":\"https:\\\/\\\/qtmm.org\\\/qt\\\/#organization\"},\"image\":{\"@id\":\"https:\\\/\\\/qtmm.org\\\/qt\\\/meclis-tisqi-alaqalar-boluginin-basi-ali-hamzin-poloniya-cumhuriyeti-mustaqilliginin-94-yilligina-bagislangan-bayramda-istirak-etti\\\/#primaryimage\"},\"thumbnailUrl\":\"https:\\\/\\\/qtmm.org\\\/wp-content\\\/uploads\\\/2022\\\/01\\\/1_78.jpeg\",\"articleSection\":[\"Haberler\"],\"inLanguage\":\"qt\",\"potentialAction\":[{\"@type\":\"CommentAction\",\"name\":\"Comment\",\"target\":[\"https:\\\/\\\/qtmm.org\\\/qt\\\/meclis-tisqi-alaqalar-boluginin-basi-ali-hamzin-poloniya-cumhuriyeti-mustaqilliginin-94-yilligina-bagislangan-bayramda-istirak-etti\\\/#respond\"]}]},{\"@type\":\"WebPage\",\"@id\":\"https:\\\/\\\/qtmm.org\\\/qt\\\/meclis-tisqi-alaqalar-boluginin-basi-ali-hamzin-poloniya-cumhuriyeti-mustaqilliginin-94-yilligina-bagislangan-bayramda-istirak-etti\\\/\",\"url\":\"https:\\\/\\\/qtmm.org\\\/qt\\\/meclis-tisqi-alaqalar-boluginin-basi-ali-hamzin-poloniya-cumhuriyeti-mustaqilliginin-94-yilligina-bagislangan-bayramda-istirak-etti\\\/\",\"name\":\"Meclis t\u0131\u015fq\u0131 al\u00e2qalar b\u00f6l\u00fcgini\u00f1 ba\u015f\u0131 Ali Hamzin Poloniya Cumhuriyeti mustaqilligini\u00f1 94 y\u0131ll\u0131\u011f\u0131na ba\u011f\u0131\u015flan\u011fan bayramda i\u015ftirak etti - \u041c\u0435\u0434\u0436\u043b\u0456\u0441\",\"isPartOf\":{\"@id\":\"https:\\\/\\\/qtmm.org\\\/qt\\\/#website\"},\"primaryImageOfPage\":{\"@id\":\"https:\\\/\\\/qtmm.org\\\/qt\\\/meclis-tisqi-alaqalar-boluginin-basi-ali-hamzin-poloniya-cumhuriyeti-mustaqilliginin-94-yilligina-bagislangan-bayramda-istirak-etti\\\/#primaryimage\"},\"image\":{\"@id\":\"https:\\\/\\\/qtmm.org\\\/qt\\\/meclis-tisqi-alaqalar-boluginin-basi-ali-hamzin-poloniya-cumhuriyeti-mustaqilliginin-94-yilligina-bagislangan-bayramda-istirak-etti\\\/#primaryimage\"},\"thumbnailUrl\":\"https:\\\/\\\/qtmm.org\\\/wp-content\\\/uploads\\\/2022\\\/01\\\/1_78.jpeg\",\"datePublished\":\"2012-11-18T11:43:00+00:00\",\"dateModified\":\"2022-01-23T11:45:31+00:00\",\"breadcrumb\":{\"@id\":\"https:\\\/\\\/qtmm.org\\\/qt\\\/meclis-tisqi-alaqalar-boluginin-basi-ali-hamzin-poloniya-cumhuriyeti-mustaqilliginin-94-yilligina-bagislangan-bayramda-istirak-etti\\\/#breadcrumb\"},\"inLanguage\":\"qt\",\"potentialAction\":[{\"@type\":\"ReadAction\",\"target\":[\"https:\\\/\\\/qtmm.org\\\/qt\\\/meclis-tisqi-alaqalar-boluginin-basi-ali-hamzin-poloniya-cumhuriyeti-mustaqilliginin-94-yilligina-bagislangan-bayramda-istirak-etti\\\/\"]}]},{\"@type\":\"ImageObject\",\"inLanguage\":\"qt\",\"@id\":\"https:\\\/\\\/qtmm.org\\\/qt\\\/meclis-tisqi-alaqalar-boluginin-basi-ali-hamzin-poloniya-cumhuriyeti-mustaqilliginin-94-yilligina-bagislangan-bayramda-istirak-etti\\\/#primaryimage\",\"url\":\"https:\\\/\\\/qtmm.org\\\/wp-content\\\/uploads\\\/2022\\\/01\\\/1_78.jpeg\",\"contentUrl\":\"https:\\\/\\\/qtmm.org\\\/wp-content\\\/uploads\\\/2022\\\/01\\\/1_78.jpeg\",\"width\":650,\"height\":350},{\"@type\":\"BreadcrumbList\",\"@id\":\"https:\\\/\\\/qtmm.org\\\/qt\\\/meclis-tisqi-alaqalar-boluginin-basi-ali-hamzin-poloniya-cumhuriyeti-mustaqilliginin-94-yilligina-bagislangan-bayramda-istirak-etti\\\/#breadcrumb\",\"itemListElement\":[{\"@type\":\"ListItem\",\"position\":1,\"name\":\"\u0413\u043e\u043b\u043e\u0432\u043d\u0430\",\"item\":\"https:\\\/\\\/qtmm.org\\\/qt\\\/\"},{\"@type\":\"ListItem\",\"position\":2,\"name\":\"Meclis t\u0131\u015fq\u0131 al\u00e2qalar b\u00f6l\u00fcgini\u00f1 ba\u015f\u0131 Ali Hamzin Poloniya Cumhuriyeti mustaqilligini\u00f1 94 y\u0131ll\u0131\u011f\u0131na ba\u011f\u0131\u015flan\u011fan bayramda i\u015ftirak etti\"}]},{\"@type\":\"WebSite\",\"@id\":\"https:\\\/\\\/qtmm.org\\\/qt\\\/#website\",\"url\":\"https:\\\/\\\/qtmm.org\\\/qt\\\/\",\"name\":\"\u041c\u0435\u0434\u0436\u043b\u0456\u0441\",\"description\":\"\",\"publisher\":{\"@id\":\"https:\\\/\\\/qtmm.org\\\/qt\\\/#organization\"},\"potentialAction\":[{\"@type\":\"SearchAction\",\"target\":{\"@type\":\"EntryPoint\",\"urlTemplate\":\"https:\\\/\\\/qtmm.org\\\/qt\\\/?s={search_term_string}\"},\"query-input\":{\"@type\":\"PropertyValueSpecification\",\"valueRequired\":true,\"valueName\":\"search_term_string\"}}],\"inLanguage\":\"qt\"},{\"@type\":\"Organization\",\"@id\":\"https:\\\/\\\/qtmm.org\\\/qt\\\/#organization\",\"name\":\"\u041c\u0435\u0434\u0436\u043b\u0456\u0441\",\"url\":\"https:\\\/\\\/qtmm.org\\\/qt\\\/\",\"logo\":{\"@type\":\"ImageObject\",\"inLanguage\":\"qt\",\"@id\":\"https:\\\/\\\/qtmm.org\\\/qt\\\/#\\\/schema\\\/logo\\\/image\\\/\",\"url\":\"https:\\\/\\\/qtmm.org\\\/wp-content\\\/uploads\\\/2024\\\/12\\\/ua-mejlis-logo-rgb.svg\",\"contentUrl\":\"https:\\\/\\\/qtmm.org\\\/wp-content\\\/uploads\\\/2024\\\/12\\\/ua-mejlis-logo-rgb.svg\",\"caption\":\"\u041c\u0435\u0434\u0436\u043b\u0456\u0441\"},\"image\":{\"@id\":\"https:\\\/\\\/qtmm.org\\\/qt\\\/#\\\/schema\\\/logo\\\/image\\\/\"},\"sameAs\":[\"https:\\\/\\\/www.facebook.com\\\/qtmm.info\\\/\"]},{\"@type\":\"Person\",\"@id\":\"https:\\\/\\\/qtmm.org\\\/qt\\\/#\\\/schema\\\/person\\\/de562469f971dec226ac06e60bbf74a7\",\"name\":\"Developer\",\"image\":{\"@type\":\"ImageObject\",\"inLanguage\":\"qt\",\"@id\":\"https:\\\/\\\/secure.gravatar.com\\\/avatar\\\/392b4cc8fbfeb00b39dfeeab4ee6edded39ffd48e25858637e4765810300227e?s=96&d=mm&r=g\",\"url\":\"https:\\\/\\\/secure.gravatar.com\\\/avatar\\\/392b4cc8fbfeb00b39dfeeab4ee6edded39ffd48e25858637e4765810300227e?s=96&d=mm&r=g\",\"contentUrl\":\"https:\\\/\\\/secure.gravatar.com\\\/avatar\\\/392b4cc8fbfeb00b39dfeeab4ee6edded39ffd48e25858637e4765810300227e?s=96&d=mm&r=g\",\"caption\":\"Developer\"},\"url\":\"https:\\\/\\\/qtmm.org\\\/qt\\\/author\\\/Developer\\\/\"}]}<\/script>\n<!-- \/ Yoast SEO plugin. -->","yoast_head_json":{"title":"Meclis t\u0131\u015fq\u0131 al\u00e2qalar b\u00f6l\u00fcgini\u00f1 ba\u015f\u0131 Ali Hamzin Poloniya Cumhuriyeti mustaqilligini\u00f1 94 y\u0131ll\u0131\u011f\u0131na ba\u011f\u0131\u015flan\u011fan bayramda i\u015ftirak etti - \u041c\u0435\u0434\u0436\u043b\u0456\u0441","robots":{"index":"index","follow":"follow","max-snippet":"max-snippet:-1","max-image-preview":"max-image-preview:large","max-video-preview":"max-video-preview:-1"},"canonical":"https:\/\/qtmm.org\/qt\/meclis-tisqi-alaqalar-boluginin-basi-ali-hamzin-poloniya-cumhuriyeti-mustaqilliginin-94-yilligina-bagislangan-bayramda-istirak-etti\/","og_locale":"en_US","og_type":"article","og_title":"Meclis t\u0131\u015fq\u0131 al\u00e2qalar b\u00f6l\u00fcgini\u00f1 ba\u015f\u0131 Ali Hamzin Poloniya Cumhuriyeti mustaqilligini\u00f1 94 y\u0131ll\u0131\u011f\u0131na ba\u011f\u0131\u015flan\u011fan bayramda i\u015ftirak etti - \u041c\u0435\u0434\u0436\u043b\u0456\u0441","og_description":"Poloniya Cumhuriyeti Ba\u015f konsull\u0131\u011f\u0131n\u0131\u00f1 daveti ile Meclis t\u0131\u015fq\u0131 al\u00e2qalar b\u00f6l\u00fcgini\u00f1 ba\u015f\u0131 Ali Hamzin Poloniya Cumhuriyeti mustaqilligini\u00f1 94 y\u0131ll\u0131\u011f\u0131na ba\u011f\u0131\u015flan\u011fan bayramda i\u015ftirak etti Merasimde bun\u0131\u00f1 kibi de Aqyar \u015feer memuriyetini\u00f1 resmiy \u015fah\u0131slar\u0131, Ukraina \u0130\u00e7ki i\u015fler nazirligi Q\u0131r\u0131mdaki idaresini\u00f1, \u015feer cemaat\u00e7\u0131l\u0131\u011f\u0131 ve diniy te\u015fkil\u00e2tlarn\u0131\u00f1 vekilleri bulund\u0131lar. Musafirler \u00f6g\u00fcnde Poloniya Cumhuriyetini\u00f1 Aqyardaki Ba\u015f konsul\u0131 Veslav Mazur viza aluvn\u0131 [&hellip;]","og_url":"https:\/\/qtmm.org\/qt\/meclis-tisqi-alaqalar-boluginin-basi-ali-hamzin-poloniya-cumhuriyeti-mustaqilliginin-94-yilligina-bagislangan-bayramda-istirak-etti\/","og_site_name":"\u041c\u0435\u0434\u0436\u043b\u0456\u0441","article_publisher":"https:\/\/www.facebook.com\/qtmm.info\/","article_published_time":"2012-11-18T11:43:00+00:00","article_modified_time":"2022-01-23T11:45:31+00:00","og_image":[{"width":650,"height":350,"url":"https:\/\/qtmm.org\/wp-content\/uploads\/2022\/01\/1_78.jpeg","type":"image\/jpeg"}],"author":"Developer","twitter_card":"summary_large_image","twitter_misc":{"Written by":"Developer","Est. reading time":"1 minute"},"schema":{"@context":"https:\/\/schema.org","@graph":[{"@type":"Article","@id":"https:\/\/qtmm.org\/qt\/meclis-tisqi-alaqalar-boluginin-basi-ali-hamzin-poloniya-cumhuriyeti-mustaqilliginin-94-yilligina-bagislangan-bayramda-istirak-etti\/#article","isPartOf":{"@id":"https:\/\/qtmm.org\/qt\/meclis-tisqi-alaqalar-boluginin-basi-ali-hamzin-poloniya-cumhuriyeti-mustaqilliginin-94-yilligina-bagislangan-bayramda-istirak-etti\/"},"author":{"name":"Developer","@id":"https:\/\/qtmm.org\/qt\/#\/schema\/person\/de562469f971dec226ac06e60bbf74a7"},"headline":"Meclis t\u0131\u015fq\u0131 al\u00e2qalar b\u00f6l\u00fcgini\u00f1 ba\u015f\u0131 Ali Hamzin Poloniya Cumhuriyeti mustaqilligini\u00f1 94 y\u0131ll\u0131\u011f\u0131na ba\u011f\u0131\u015flan\u011fan bayramda i\u015ftirak etti","datePublished":"2012-11-18T11:43:00+00:00","dateModified":"2022-01-23T11:45:31+00:00","mainEntityOfPage":{"@id":"https:\/\/qtmm.org\/qt\/meclis-tisqi-alaqalar-boluginin-basi-ali-hamzin-poloniya-cumhuriyeti-mustaqilliginin-94-yilligina-bagislangan-bayramda-istirak-etti\/"},"wordCount":286,"commentCount":0,"publisher":{"@id":"https:\/\/qtmm.org\/qt\/#organization"},"image":{"@id":"https:\/\/qtmm.org\/qt\/meclis-tisqi-alaqalar-boluginin-basi-ali-hamzin-poloniya-cumhuriyeti-mustaqilliginin-94-yilligina-bagislangan-bayramda-istirak-etti\/#primaryimage"},"thumbnailUrl":"https:\/\/qtmm.org\/wp-content\/uploads\/2022\/01\/1_78.jpeg","articleSection":["Haberler"],"inLanguage":"qt","potentialAction":[{"@type":"CommentAction","name":"Comment","target":["https:\/\/qtmm.org\/qt\/meclis-tisqi-alaqalar-boluginin-basi-ali-hamzin-poloniya-cumhuriyeti-mustaqilliginin-94-yilligina-bagislangan-bayramda-istirak-etti\/#respond"]}]},{"@type":"WebPage","@id":"https:\/\/qtmm.org\/qt\/meclis-tisqi-alaqalar-boluginin-basi-ali-hamzin-poloniya-cumhuriyeti-mustaqilliginin-94-yilligina-bagislangan-bayramda-istirak-etti\/","url":"https:\/\/qtmm.org\/qt\/meclis-tisqi-alaqalar-boluginin-basi-ali-hamzin-poloniya-cumhuriyeti-mustaqilliginin-94-yilligina-bagislangan-bayramda-istirak-etti\/","name":"Meclis t\u0131\u015fq\u0131 al\u00e2qalar b\u00f6l\u00fcgini\u00f1 ba\u015f\u0131 Ali Hamzin Poloniya Cumhuriyeti mustaqilligini\u00f1 94 y\u0131ll\u0131\u011f\u0131na ba\u011f\u0131\u015flan\u011fan bayramda i\u015ftirak etti - \u041c\u0435\u0434\u0436\u043b\u0456\u0441","isPartOf":{"@id":"https:\/\/qtmm.org\/qt\/#website"},"primaryImageOfPage":{"@id":"https:\/\/qtmm.org\/qt\/meclis-tisqi-alaqalar-boluginin-basi-ali-hamzin-poloniya-cumhuriyeti-mustaqilliginin-94-yilligina-bagislangan-bayramda-istirak-etti\/#primaryimage"},"image":{"@id":"https:\/\/qtmm.org\/qt\/meclis-tisqi-alaqalar-boluginin-basi-ali-hamzin-poloniya-cumhuriyeti-mustaqilliginin-94-yilligina-bagislangan-bayramda-istirak-etti\/#primaryimage"},"thumbnailUrl":"https:\/\/qtmm.org\/wp-content\/uploads\/2022\/01\/1_78.jpeg","datePublished":"2012-11-18T11:43:00+00:00","dateModified":"2022-01-23T11:45:31+00:00","breadcrumb":{"@id":"https:\/\/qtmm.org\/qt\/meclis-tisqi-alaqalar-boluginin-basi-ali-hamzin-poloniya-cumhuriyeti-mustaqilliginin-94-yilligina-bagislangan-bayramda-istirak-etti\/#breadcrumb"},"inLanguage":"qt","potentialAction":[{"@type":"ReadAction","target":["https:\/\/qtmm.org\/qt\/meclis-tisqi-alaqalar-boluginin-basi-ali-hamzin-poloniya-cumhuriyeti-mustaqilliginin-94-yilligina-bagislangan-bayramda-istirak-etti\/"]}]},{"@type":"ImageObject","inLanguage":"qt","@id":"https:\/\/qtmm.org\/qt\/meclis-tisqi-alaqalar-boluginin-basi-ali-hamzin-poloniya-cumhuriyeti-mustaqilliginin-94-yilligina-bagislangan-bayramda-istirak-etti\/#primaryimage","url":"https:\/\/qtmm.org\/wp-content\/uploads\/2022\/01\/1_78.jpeg","contentUrl":"https:\/\/qtmm.org\/wp-content\/uploads\/2022\/01\/1_78.jpeg","width":650,"height":350},{"@type":"BreadcrumbList","@id":"https:\/\/qtmm.org\/qt\/meclis-tisqi-alaqalar-boluginin-basi-ali-hamzin-poloniya-cumhuriyeti-mustaqilliginin-94-yilligina-bagislangan-bayramda-istirak-etti\/#breadcrumb","itemListElement":[{"@type":"ListItem","position":1,"name":"\u0413\u043e\u043b\u043e\u0432\u043d\u0430","item":"https:\/\/qtmm.org\/qt\/"},{"@type":"ListItem","position":2,"name":"Meclis t\u0131\u015fq\u0131 al\u00e2qalar b\u00f6l\u00fcgini\u00f1 ba\u015f\u0131 Ali Hamzin Poloniya Cumhuriyeti mustaqilligini\u00f1 94 y\u0131ll\u0131\u011f\u0131na ba\u011f\u0131\u015flan\u011fan bayramda i\u015ftirak etti"}]},{"@type":"WebSite","@id":"https:\/\/qtmm.org\/qt\/#website","url":"https:\/\/qtmm.org\/qt\/","name":"\u041c\u0435\u0434\u0436\u043b\u0456\u0441","description":"","publisher":{"@id":"https:\/\/qtmm.org\/qt\/#organization"},"potentialAction":[{"@type":"SearchAction","target":{"@type":"EntryPoint","urlTemplate":"https:\/\/qtmm.org\/qt\/?s={search_term_string}"},"query-input":{"@type":"PropertyValueSpecification","valueRequired":true,"valueName":"search_term_string"}}],"inLanguage":"qt"},{"@type":"Organization","@id":"https:\/\/qtmm.org\/qt\/#organization","name":"\u041c\u0435\u0434\u0436\u043b\u0456\u0441","url":"https:\/\/qtmm.org\/qt\/","logo":{"@type":"ImageObject","inLanguage":"qt","@id":"https:\/\/qtmm.org\/qt\/#\/schema\/logo\/image\/","url":"https:\/\/qtmm.org\/wp-content\/uploads\/2024\/12\/ua-mejlis-logo-rgb.svg","contentUrl":"https:\/\/qtmm.org\/wp-content\/uploads\/2024\/12\/ua-mejlis-logo-rgb.svg","caption":"\u041c\u0435\u0434\u0436\u043b\u0456\u0441"},"image":{"@id":"https:\/\/qtmm.org\/qt\/#\/schema\/logo\/image\/"},"sameAs":["https:\/\/www.facebook.com\/qtmm.info\/"]},{"@type":"Person","@id":"https:\/\/qtmm.org\/qt\/#\/schema\/person\/de562469f971dec226ac06e60bbf74a7","name":"Developer","image":{"@type":"ImageObject","inLanguage":"qt","@id":"https:\/\/secure.gravatar.com\/avatar\/392b4cc8fbfeb00b39dfeeab4ee6edded39ffd48e25858637e4765810300227e?s=96&d=mm&r=g","url":"https:\/\/secure.gravatar.com\/avatar\/392b4cc8fbfeb00b39dfeeab4ee6edded39ffd48e25858637e4765810300227e?s=96&d=mm&r=g","contentUrl":"https:\/\/secure.gravatar.com\/avatar\/392b4cc8fbfeb00b39dfeeab4ee6edded39ffd48e25858637e4765810300227e?s=96&d=mm&r=g","caption":"Developer"},"url":"https:\/\/qtmm.org\/qt\/author\/Developer\/"}]}},"_links":{"self":[{"href":"https:\/\/qtmm.org\/qt\/wp-json\/wp\/v2\/posts\/35276","targetHints":{"allow":["GET"]}}],"collection":[{"href":"https:\/\/qtmm.org\/qt\/wp-json\/wp\/v2\/posts"}],"about":[{"href":"https:\/\/qtmm.org\/qt\/wp-json\/wp\/v2\/types\/post"}],"author":[{"embeddable":true,"href":"https:\/\/qtmm.org\/qt\/wp-json\/wp\/v2\/users\/1"}],"replies":[{"embeddable":true,"href":"https:\/\/qtmm.org\/qt\/wp-json\/wp\/v2\/comments?post=35276"}],"version-history":[{"count":1,"href":"https:\/\/qtmm.org\/qt\/wp-json\/wp\/v2\/posts\/35276\/revisions"}],"predecessor-version":[{"id":35293,"href":"https:\/\/qtmm.org\/qt\/wp-json\/wp\/v2\/posts\/35276\/revisions\/35293"}],"wp:featuredmedia":[{"embeddable":true,"href":"https:\/\/qtmm.org\/qt\/wp-json\/wp\/v2\/media\/35277"}],"wp:attachment":[{"href":"https:\/\/qtmm.org\/qt\/wp-json\/wp\/v2\/media?parent=35276"}],"wp:term":[{"taxonomy":"category","embeddable":true,"href":"https:\/\/qtmm.org\/qt\/wp-json\/wp\/v2\/categories?post=35276"},{"taxonomy":"post_tag","embeddable":true,"href":"https:\/\/qtmm.org\/qt\/wp-json\/wp\/v2\/tags?post=35276"}],"curies":[{"name":"wp","href":"https:\/\/api.w.org\/{rel}","templated":true}]}}