




{"id":35262,"date":"2012-11-15T14:42:00","date_gmt":"2012-11-15T11:42:00","guid":{"rendered":"http:\/\/qtmm.org\/?p=35262"},"modified":"2022-01-23T14:43:37","modified_gmt":"2022-01-23T11:43:37","slug":"meclis-ofisini-romaniyadan-kelgen-qirimtatar-delegatsiyasi-ziyaret-etti","status":"publish","type":"post","link":"https:\/\/qtmm.org\/qt\/meclis-ofisini-romaniyadan-kelgen-qirimtatar-delegatsiyasi-ziyaret-etti\/","title":{"rendered":"Meclis ofisini Romaniyadan kelgen q\u0131r\u0131mtatar delegatsiyas\u0131 ziyaret etti"},"content":{"rendered":"\n<p>Noyabr 15 k\u00fcn\u00fc Q\u0131r\u0131m m\u00fcendislik-pedagogika universitetini\u00f1 q\u0131r\u0131mtatar ve t\u00fcrk edebiyat\u0131 kafedras\u0131nda &#8220;Romaniya ve Q\u0131r\u0131m \u2013 \u00f6zara i\u015fbirlik istiqballeri&#8221; mevzus\u0131nda Romaniya ve Q\u0131r\u0131m i\u015fbirligini\u00f1 meseleleri boyunca t\u00f6gerek masadan so\u00f1 Romaniya delegatsiyas\u0131 Meclis ofisini ziyaret etip, Meclis azalar\u0131nen k\u00f6r\u00fc\u015fti.<\/p>\n\n\n\n<figure class=\"wp-block-image size-full\"><img loading=\"lazy\" decoding=\"async\" width=\"650\" height=\"300\" src=\"http:\/\/qtmm.org\/wp-content\/uploads\/2022\/01\/img_8534_1.jpeg\" alt=\"\" class=\"wp-image-35263\" srcset=\"https:\/\/qtmm.org\/wp-content\/uploads\/2022\/01\/img_8534_1.jpeg 650w, https:\/\/qtmm.org\/wp-content\/uploads\/2022\/01\/img_8534_1-300x138.jpeg 300w\" sizes=\"auto, (max-width: 650px) 100vw, 650px\" \/><\/figure>\n\n\n\n<p>K\u00f6r\u00fc\u015f\u00fcvde Romaniya Q\u0131r\u0131mtatar birle\u015fmesi reisini\u00f1 birinci yard\u0131mc\u0131s\u0131 Samir Menan, Buharest universitetini\u00f1 professor\u0131, t\u00fcrk\u015f\u0131nas filolog Aciemin Bavbek, &#8220;Qarade\u00f1iz&#8221; gazetas\u0131n\u0131\u00f1 esas\u00e7\u0131s\u0131, professor Cenan Bolat, K\u00f6stence \u015feerindeki \u00d6vidius universitetini\u00f1 professor\u0131, sanat\u015f\u0131nas \u0130bram Nureddin, Q\u0131r\u0131mtatarlar birle\u015fmesi Mecidiye \u015feeri idaresini\u00f1 reisi \u015eenol Murat, bun\u0131\u00f1 kibi de Milliy Meclis azalar\u0131 Ali Hamzin, Zair Smedl\u00e2yev, \u015eevket Qaybullayev, Zecet Qurt\u00fcmerov, ve Q\u0131r\u0131mtatar halq\u0131 qurultay\u0131 tefti\u015f komissiyas\u0131n\u0131\u00f1 reisi Qurtseit Abdullayev i\u015ftirak ettiler.<\/p>\n\n\n\n<figure class=\"wp-block-image size-full\"><img loading=\"lazy\" decoding=\"async\" width=\"650\" height=\"300\" src=\"http:\/\/qtmm.org\/wp-content\/uploads\/2022\/01\/img_8535_1.jpeg\" alt=\"\" class=\"wp-image-35267\" srcset=\"https:\/\/qtmm.org\/wp-content\/uploads\/2022\/01\/img_8535_1.jpeg 650w, https:\/\/qtmm.org\/wp-content\/uploads\/2022\/01\/img_8535_1-300x138.jpeg 300w\" sizes=\"auto, (max-width: 650px) 100vw, 650px\" \/><\/figure>\n\n\n\n<p>Romaniya delegatsiyas\u0131 Q\u0131r\u0131m\u011fa seferlerini\u00f1 maqsadlar\u0131, c\u00fcmleden q\u0131r\u0131mtatar tilini\u00f1 latin urufat\u0131na ke\u00e7\u00fcv meselelerni \u00f6grenmek, aqq\u0131nda aytt\u0131. Taraflar bun\u0131\u00f1 kibi de q\u0131r\u0131mtatarlarn\u0131\u00f1 Dobruca ve Q\u0131r\u0131mda inki\u015faf\u0131 meselelerini de muzakere ettiler.<\/p>\n\n\n\n<p><\/p>\n","protected":false},"excerpt":{"rendered":"<p>Noyabr 15 k\u00fcn\u00fc Q\u0131r\u0131m m\u00fcendislik-pedagogika universitetini\u00f1 q\u0131r\u0131mtatar ve t\u00fcrk edebiyat\u0131 kafedras\u0131nda &#8220;Romaniya ve Q\u0131r\u0131m \u2013 \u00f6zara i\u015fbirlik istiqballeri&#8221; mevzus\u0131nda Romaniya ve Q\u0131r\u0131m i\u015fbirligini\u00f1 meseleleri boyunca t\u00f6gerek masadan so\u00f1 Romaniya delegatsiyas\u0131 Meclis ofisini ziyaret etip, Meclis azalar\u0131nen k\u00f6r\u00fc\u015fti. K\u00f6r\u00fc\u015f\u00fcvde Romaniya Q\u0131r\u0131mtatar birle\u015fmesi reisini\u00f1 birinci yard\u0131mc\u0131s\u0131 Samir Menan, Buharest universitetini\u00f1 professor\u0131, t\u00fcrk\u015f\u0131nas filolog Aciemin Bavbek, &#8220;Qarade\u00f1iz&#8221; gazetas\u0131n\u0131\u00f1 [&hellip;]<\/p>\n","protected":false},"author":1,"featured_media":35271,"comment_status":"open","ping_status":"open","sticky":false,"template":"","format":"standard","meta":{"inline_featured_image":false,"footnotes":""},"categories":[265],"tags":[],"class_list":["post-35262","post","type-post","status-publish","format-standard","has-post-thumbnail","hentry","category-haberler"],"acf":[],"yoast_head":"<!-- This site is optimized with the Yoast SEO plugin v27.4 - https:\/\/yoast.com\/product\/yoast-seo-wordpress\/ -->\n<title>Meclis ofisini Romaniyadan kelgen q\u0131r\u0131mtatar delegatsiyas\u0131 ziyaret etti - \u041c\u0435\u0434\u0436\u043b\u0456\u0441<\/title>\n<meta name=\"robots\" content=\"index, follow, max-snippet:-1, max-image-preview:large, max-video-preview:-1\" \/>\n<link rel=\"canonical\" href=\"https:\/\/qtmm.org\/qt\/meclis-ofisini-romaniyadan-kelgen-qirimtatar-delegatsiyasi-ziyaret-etti\/\" \/>\n<meta property=\"og:locale\" content=\"en_US\" \/>\n<meta property=\"og:type\" content=\"article\" \/>\n<meta property=\"og:title\" content=\"Meclis ofisini Romaniyadan kelgen q\u0131r\u0131mtatar delegatsiyas\u0131 ziyaret etti - \u041c\u0435\u0434\u0436\u043b\u0456\u0441\" \/>\n<meta property=\"og:description\" content=\"Noyabr 15 k\u00fcn\u00fc Q\u0131r\u0131m m\u00fcendislik-pedagogika universitetini\u00f1 q\u0131r\u0131mtatar ve t\u00fcrk edebiyat\u0131 kafedras\u0131nda &#8220;Romaniya ve Q\u0131r\u0131m \u2013 \u00f6zara i\u015fbirlik istiqballeri&#8221; mevzus\u0131nda Romaniya ve Q\u0131r\u0131m i\u015fbirligini\u00f1 meseleleri boyunca t\u00f6gerek masadan so\u00f1 Romaniya delegatsiyas\u0131 Meclis ofisini ziyaret etip, Meclis azalar\u0131nen k\u00f6r\u00fc\u015fti. K\u00f6r\u00fc\u015f\u00fcvde Romaniya Q\u0131r\u0131mtatar birle\u015fmesi reisini\u00f1 birinci yard\u0131mc\u0131s\u0131 Samir Menan, Buharest universitetini\u00f1 professor\u0131, t\u00fcrk\u015f\u0131nas filolog Aciemin Bavbek, &#8220;Qarade\u00f1iz&#8221; gazetas\u0131n\u0131\u00f1 [&hellip;]\" \/>\n<meta property=\"og:url\" content=\"https:\/\/qtmm.org\/qt\/meclis-ofisini-romaniyadan-kelgen-qirimtatar-delegatsiyasi-ziyaret-etti\/\" \/>\n<meta property=\"og:site_name\" content=\"\u041c\u0435\u0434\u0436\u043b\u0456\u0441\" \/>\n<meta property=\"article:publisher\" content=\"https:\/\/www.facebook.com\/qtmm.info\/\" \/>\n<meta property=\"article:published_time\" content=\"2012-11-15T11:42:00+00:00\" \/>\n<meta property=\"article:modified_time\" content=\"2022-01-23T11:43:37+00:00\" \/>\n<meta property=\"og:image\" content=\"https:\/\/qtmm.org\/wp-content\/uploads\/2022\/01\/img_8543_1.jpeg\" \/>\n\t<meta property=\"og:image:width\" content=\"650\" \/>\n\t<meta property=\"og:image:height\" content=\"368\" \/>\n\t<meta property=\"og:image:type\" content=\"image\/jpeg\" \/>\n<meta name=\"author\" content=\"Developer\" \/>\n<meta name=\"twitter:card\" content=\"summary_large_image\" \/>\n<meta name=\"twitter:label1\" content=\"Written by\" \/>\n\t<meta name=\"twitter:data1\" content=\"Developer\" \/>\n\t<meta name=\"twitter:label2\" content=\"Est. reading time\" \/>\n\t<meta name=\"twitter:data2\" content=\"1 minute\" \/>\n<script type=\"application\/ld+json\" class=\"yoast-schema-graph\">{\"@context\":\"https:\\\/\\\/schema.org\",\"@graph\":[{\"@type\":\"Article\",\"@id\":\"https:\\\/\\\/qtmm.org\\\/qt\\\/meclis-ofisini-romaniyadan-kelgen-qirimtatar-delegatsiyasi-ziyaret-etti\\\/#article\",\"isPartOf\":{\"@id\":\"https:\\\/\\\/qtmm.org\\\/qt\\\/meclis-ofisini-romaniyadan-kelgen-qirimtatar-delegatsiyasi-ziyaret-etti\\\/\"},\"author\":{\"name\":\"Developer\",\"@id\":\"https:\\\/\\\/qtmm.org\\\/qt\\\/#\\\/schema\\\/person\\\/de562469f971dec226ac06e60bbf74a7\"},\"headline\":\"Meclis ofisini Romaniyadan kelgen q\u0131r\u0131mtatar delegatsiyas\u0131 ziyaret etti\",\"datePublished\":\"2012-11-15T11:42:00+00:00\",\"dateModified\":\"2022-01-23T11:43:37+00:00\",\"mainEntityOfPage\":{\"@id\":\"https:\\\/\\\/qtmm.org\\\/qt\\\/meclis-ofisini-romaniyadan-kelgen-qirimtatar-delegatsiyasi-ziyaret-etti\\\/\"},\"wordCount\":192,\"commentCount\":0,\"publisher\":{\"@id\":\"https:\\\/\\\/qtmm.org\\\/qt\\\/#organization\"},\"image\":{\"@id\":\"https:\\\/\\\/qtmm.org\\\/qt\\\/meclis-ofisini-romaniyadan-kelgen-qirimtatar-delegatsiyasi-ziyaret-etti\\\/#primaryimage\"},\"thumbnailUrl\":\"https:\\\/\\\/qtmm.org\\\/wp-content\\\/uploads\\\/2022\\\/01\\\/img_8543_1.jpeg\",\"articleSection\":[\"Haberler\"],\"inLanguage\":\"qt\",\"potentialAction\":[{\"@type\":\"CommentAction\",\"name\":\"Comment\",\"target\":[\"https:\\\/\\\/qtmm.org\\\/qt\\\/meclis-ofisini-romaniyadan-kelgen-qirimtatar-delegatsiyasi-ziyaret-etti\\\/#respond\"]}]},{\"@type\":\"WebPage\",\"@id\":\"https:\\\/\\\/qtmm.org\\\/qt\\\/meclis-ofisini-romaniyadan-kelgen-qirimtatar-delegatsiyasi-ziyaret-etti\\\/\",\"url\":\"https:\\\/\\\/qtmm.org\\\/qt\\\/meclis-ofisini-romaniyadan-kelgen-qirimtatar-delegatsiyasi-ziyaret-etti\\\/\",\"name\":\"Meclis ofisini Romaniyadan kelgen q\u0131r\u0131mtatar delegatsiyas\u0131 ziyaret etti - \u041c\u0435\u0434\u0436\u043b\u0456\u0441\",\"isPartOf\":{\"@id\":\"https:\\\/\\\/qtmm.org\\\/qt\\\/#website\"},\"primaryImageOfPage\":{\"@id\":\"https:\\\/\\\/qtmm.org\\\/qt\\\/meclis-ofisini-romaniyadan-kelgen-qirimtatar-delegatsiyasi-ziyaret-etti\\\/#primaryimage\"},\"image\":{\"@id\":\"https:\\\/\\\/qtmm.org\\\/qt\\\/meclis-ofisini-romaniyadan-kelgen-qirimtatar-delegatsiyasi-ziyaret-etti\\\/#primaryimage\"},\"thumbnailUrl\":\"https:\\\/\\\/qtmm.org\\\/wp-content\\\/uploads\\\/2022\\\/01\\\/img_8543_1.jpeg\",\"datePublished\":\"2012-11-15T11:42:00+00:00\",\"dateModified\":\"2022-01-23T11:43:37+00:00\",\"breadcrumb\":{\"@id\":\"https:\\\/\\\/qtmm.org\\\/qt\\\/meclis-ofisini-romaniyadan-kelgen-qirimtatar-delegatsiyasi-ziyaret-etti\\\/#breadcrumb\"},\"inLanguage\":\"qt\",\"potentialAction\":[{\"@type\":\"ReadAction\",\"target\":[\"https:\\\/\\\/qtmm.org\\\/qt\\\/meclis-ofisini-romaniyadan-kelgen-qirimtatar-delegatsiyasi-ziyaret-etti\\\/\"]}]},{\"@type\":\"ImageObject\",\"inLanguage\":\"qt\",\"@id\":\"https:\\\/\\\/qtmm.org\\\/qt\\\/meclis-ofisini-romaniyadan-kelgen-qirimtatar-delegatsiyasi-ziyaret-etti\\\/#primaryimage\",\"url\":\"https:\\\/\\\/qtmm.org\\\/wp-content\\\/uploads\\\/2022\\\/01\\\/img_8543_1.jpeg\",\"contentUrl\":\"https:\\\/\\\/qtmm.org\\\/wp-content\\\/uploads\\\/2022\\\/01\\\/img_8543_1.jpeg\",\"width\":650,\"height\":368},{\"@type\":\"BreadcrumbList\",\"@id\":\"https:\\\/\\\/qtmm.org\\\/qt\\\/meclis-ofisini-romaniyadan-kelgen-qirimtatar-delegatsiyasi-ziyaret-etti\\\/#breadcrumb\",\"itemListElement\":[{\"@type\":\"ListItem\",\"position\":1,\"name\":\"\u0413\u043e\u043b\u043e\u0432\u043d\u0430\",\"item\":\"https:\\\/\\\/qtmm.org\\\/qt\\\/\"},{\"@type\":\"ListItem\",\"position\":2,\"name\":\"Meclis ofisini Romaniyadan kelgen q\u0131r\u0131mtatar delegatsiyas\u0131 ziyaret etti\"}]},{\"@type\":\"WebSite\",\"@id\":\"https:\\\/\\\/qtmm.org\\\/qt\\\/#website\",\"url\":\"https:\\\/\\\/qtmm.org\\\/qt\\\/\",\"name\":\"\u041c\u0435\u0434\u0436\u043b\u0456\u0441\",\"description\":\"\",\"publisher\":{\"@id\":\"https:\\\/\\\/qtmm.org\\\/qt\\\/#organization\"},\"potentialAction\":[{\"@type\":\"SearchAction\",\"target\":{\"@type\":\"EntryPoint\",\"urlTemplate\":\"https:\\\/\\\/qtmm.org\\\/qt\\\/?s={search_term_string}\"},\"query-input\":{\"@type\":\"PropertyValueSpecification\",\"valueRequired\":true,\"valueName\":\"search_term_string\"}}],\"inLanguage\":\"qt\"},{\"@type\":\"Organization\",\"@id\":\"https:\\\/\\\/qtmm.org\\\/qt\\\/#organization\",\"name\":\"\u041c\u0435\u0434\u0436\u043b\u0456\u0441\",\"url\":\"https:\\\/\\\/qtmm.org\\\/qt\\\/\",\"logo\":{\"@type\":\"ImageObject\",\"inLanguage\":\"qt\",\"@id\":\"https:\\\/\\\/qtmm.org\\\/qt\\\/#\\\/schema\\\/logo\\\/image\\\/\",\"url\":\"https:\\\/\\\/qtmm.org\\\/wp-content\\\/uploads\\\/2024\\\/12\\\/ua-mejlis-logo-rgb.svg\",\"contentUrl\":\"https:\\\/\\\/qtmm.org\\\/wp-content\\\/uploads\\\/2024\\\/12\\\/ua-mejlis-logo-rgb.svg\",\"caption\":\"\u041c\u0435\u0434\u0436\u043b\u0456\u0441\"},\"image\":{\"@id\":\"https:\\\/\\\/qtmm.org\\\/qt\\\/#\\\/schema\\\/logo\\\/image\\\/\"},\"sameAs\":[\"https:\\\/\\\/www.facebook.com\\\/qtmm.info\\\/\"]},{\"@type\":\"Person\",\"@id\":\"https:\\\/\\\/qtmm.org\\\/qt\\\/#\\\/schema\\\/person\\\/de562469f971dec226ac06e60bbf74a7\",\"name\":\"Developer\",\"image\":{\"@type\":\"ImageObject\",\"inLanguage\":\"qt\",\"@id\":\"https:\\\/\\\/secure.gravatar.com\\\/avatar\\\/392b4cc8fbfeb00b39dfeeab4ee6edded39ffd48e25858637e4765810300227e?s=96&d=mm&r=g\",\"url\":\"https:\\\/\\\/secure.gravatar.com\\\/avatar\\\/392b4cc8fbfeb00b39dfeeab4ee6edded39ffd48e25858637e4765810300227e?s=96&d=mm&r=g\",\"contentUrl\":\"https:\\\/\\\/secure.gravatar.com\\\/avatar\\\/392b4cc8fbfeb00b39dfeeab4ee6edded39ffd48e25858637e4765810300227e?s=96&d=mm&r=g\",\"caption\":\"Developer\"},\"url\":\"https:\\\/\\\/qtmm.org\\\/qt\\\/author\\\/Developer\\\/\"}]}<\/script>\n<!-- \/ Yoast SEO plugin. -->","yoast_head_json":{"title":"Meclis ofisini Romaniyadan kelgen q\u0131r\u0131mtatar delegatsiyas\u0131 ziyaret etti - \u041c\u0435\u0434\u0436\u043b\u0456\u0441","robots":{"index":"index","follow":"follow","max-snippet":"max-snippet:-1","max-image-preview":"max-image-preview:large","max-video-preview":"max-video-preview:-1"},"canonical":"https:\/\/qtmm.org\/qt\/meclis-ofisini-romaniyadan-kelgen-qirimtatar-delegatsiyasi-ziyaret-etti\/","og_locale":"en_US","og_type":"article","og_title":"Meclis ofisini Romaniyadan kelgen q\u0131r\u0131mtatar delegatsiyas\u0131 ziyaret etti - \u041c\u0435\u0434\u0436\u043b\u0456\u0441","og_description":"Noyabr 15 k\u00fcn\u00fc Q\u0131r\u0131m m\u00fcendislik-pedagogika universitetini\u00f1 q\u0131r\u0131mtatar ve t\u00fcrk edebiyat\u0131 kafedras\u0131nda &#8220;Romaniya ve Q\u0131r\u0131m \u2013 \u00f6zara i\u015fbirlik istiqballeri&#8221; mevzus\u0131nda Romaniya ve Q\u0131r\u0131m i\u015fbirligini\u00f1 meseleleri boyunca t\u00f6gerek masadan so\u00f1 Romaniya delegatsiyas\u0131 Meclis ofisini ziyaret etip, Meclis azalar\u0131nen k\u00f6r\u00fc\u015fti. K\u00f6r\u00fc\u015f\u00fcvde Romaniya Q\u0131r\u0131mtatar birle\u015fmesi reisini\u00f1 birinci yard\u0131mc\u0131s\u0131 Samir Menan, Buharest universitetini\u00f1 professor\u0131, t\u00fcrk\u015f\u0131nas filolog Aciemin Bavbek, &#8220;Qarade\u00f1iz&#8221; gazetas\u0131n\u0131\u00f1 [&hellip;]","og_url":"https:\/\/qtmm.org\/qt\/meclis-ofisini-romaniyadan-kelgen-qirimtatar-delegatsiyasi-ziyaret-etti\/","og_site_name":"\u041c\u0435\u0434\u0436\u043b\u0456\u0441","article_publisher":"https:\/\/www.facebook.com\/qtmm.info\/","article_published_time":"2012-11-15T11:42:00+00:00","article_modified_time":"2022-01-23T11:43:37+00:00","og_image":[{"width":650,"height":368,"url":"https:\/\/qtmm.org\/wp-content\/uploads\/2022\/01\/img_8543_1.jpeg","type":"image\/jpeg"}],"author":"Developer","twitter_card":"summary_large_image","twitter_misc":{"Written by":"Developer","Est. reading time":"1 minute"},"schema":{"@context":"https:\/\/schema.org","@graph":[{"@type":"Article","@id":"https:\/\/qtmm.org\/qt\/meclis-ofisini-romaniyadan-kelgen-qirimtatar-delegatsiyasi-ziyaret-etti\/#article","isPartOf":{"@id":"https:\/\/qtmm.org\/qt\/meclis-ofisini-romaniyadan-kelgen-qirimtatar-delegatsiyasi-ziyaret-etti\/"},"author":{"name":"Developer","@id":"https:\/\/qtmm.org\/qt\/#\/schema\/person\/de562469f971dec226ac06e60bbf74a7"},"headline":"Meclis ofisini Romaniyadan kelgen q\u0131r\u0131mtatar delegatsiyas\u0131 ziyaret etti","datePublished":"2012-11-15T11:42:00+00:00","dateModified":"2022-01-23T11:43:37+00:00","mainEntityOfPage":{"@id":"https:\/\/qtmm.org\/qt\/meclis-ofisini-romaniyadan-kelgen-qirimtatar-delegatsiyasi-ziyaret-etti\/"},"wordCount":192,"commentCount":0,"publisher":{"@id":"https:\/\/qtmm.org\/qt\/#organization"},"image":{"@id":"https:\/\/qtmm.org\/qt\/meclis-ofisini-romaniyadan-kelgen-qirimtatar-delegatsiyasi-ziyaret-etti\/#primaryimage"},"thumbnailUrl":"https:\/\/qtmm.org\/wp-content\/uploads\/2022\/01\/img_8543_1.jpeg","articleSection":["Haberler"],"inLanguage":"qt","potentialAction":[{"@type":"CommentAction","name":"Comment","target":["https:\/\/qtmm.org\/qt\/meclis-ofisini-romaniyadan-kelgen-qirimtatar-delegatsiyasi-ziyaret-etti\/#respond"]}]},{"@type":"WebPage","@id":"https:\/\/qtmm.org\/qt\/meclis-ofisini-romaniyadan-kelgen-qirimtatar-delegatsiyasi-ziyaret-etti\/","url":"https:\/\/qtmm.org\/qt\/meclis-ofisini-romaniyadan-kelgen-qirimtatar-delegatsiyasi-ziyaret-etti\/","name":"Meclis ofisini Romaniyadan kelgen q\u0131r\u0131mtatar delegatsiyas\u0131 ziyaret etti - \u041c\u0435\u0434\u0436\u043b\u0456\u0441","isPartOf":{"@id":"https:\/\/qtmm.org\/qt\/#website"},"primaryImageOfPage":{"@id":"https:\/\/qtmm.org\/qt\/meclis-ofisini-romaniyadan-kelgen-qirimtatar-delegatsiyasi-ziyaret-etti\/#primaryimage"},"image":{"@id":"https:\/\/qtmm.org\/qt\/meclis-ofisini-romaniyadan-kelgen-qirimtatar-delegatsiyasi-ziyaret-etti\/#primaryimage"},"thumbnailUrl":"https:\/\/qtmm.org\/wp-content\/uploads\/2022\/01\/img_8543_1.jpeg","datePublished":"2012-11-15T11:42:00+00:00","dateModified":"2022-01-23T11:43:37+00:00","breadcrumb":{"@id":"https:\/\/qtmm.org\/qt\/meclis-ofisini-romaniyadan-kelgen-qirimtatar-delegatsiyasi-ziyaret-etti\/#breadcrumb"},"inLanguage":"qt","potentialAction":[{"@type":"ReadAction","target":["https:\/\/qtmm.org\/qt\/meclis-ofisini-romaniyadan-kelgen-qirimtatar-delegatsiyasi-ziyaret-etti\/"]}]},{"@type":"ImageObject","inLanguage":"qt","@id":"https:\/\/qtmm.org\/qt\/meclis-ofisini-romaniyadan-kelgen-qirimtatar-delegatsiyasi-ziyaret-etti\/#primaryimage","url":"https:\/\/qtmm.org\/wp-content\/uploads\/2022\/01\/img_8543_1.jpeg","contentUrl":"https:\/\/qtmm.org\/wp-content\/uploads\/2022\/01\/img_8543_1.jpeg","width":650,"height":368},{"@type":"BreadcrumbList","@id":"https:\/\/qtmm.org\/qt\/meclis-ofisini-romaniyadan-kelgen-qirimtatar-delegatsiyasi-ziyaret-etti\/#breadcrumb","itemListElement":[{"@type":"ListItem","position":1,"name":"\u0413\u043e\u043b\u043e\u0432\u043d\u0430","item":"https:\/\/qtmm.org\/qt\/"},{"@type":"ListItem","position":2,"name":"Meclis ofisini Romaniyadan kelgen q\u0131r\u0131mtatar delegatsiyas\u0131 ziyaret etti"}]},{"@type":"WebSite","@id":"https:\/\/qtmm.org\/qt\/#website","url":"https:\/\/qtmm.org\/qt\/","name":"\u041c\u0435\u0434\u0436\u043b\u0456\u0441","description":"","publisher":{"@id":"https:\/\/qtmm.org\/qt\/#organization"},"potentialAction":[{"@type":"SearchAction","target":{"@type":"EntryPoint","urlTemplate":"https:\/\/qtmm.org\/qt\/?s={search_term_string}"},"query-input":{"@type":"PropertyValueSpecification","valueRequired":true,"valueName":"search_term_string"}}],"inLanguage":"qt"},{"@type":"Organization","@id":"https:\/\/qtmm.org\/qt\/#organization","name":"\u041c\u0435\u0434\u0436\u043b\u0456\u0441","url":"https:\/\/qtmm.org\/qt\/","logo":{"@type":"ImageObject","inLanguage":"qt","@id":"https:\/\/qtmm.org\/qt\/#\/schema\/logo\/image\/","url":"https:\/\/qtmm.org\/wp-content\/uploads\/2024\/12\/ua-mejlis-logo-rgb.svg","contentUrl":"https:\/\/qtmm.org\/wp-content\/uploads\/2024\/12\/ua-mejlis-logo-rgb.svg","caption":"\u041c\u0435\u0434\u0436\u043b\u0456\u0441"},"image":{"@id":"https:\/\/qtmm.org\/qt\/#\/schema\/logo\/image\/"},"sameAs":["https:\/\/www.facebook.com\/qtmm.info\/"]},{"@type":"Person","@id":"https:\/\/qtmm.org\/qt\/#\/schema\/person\/de562469f971dec226ac06e60bbf74a7","name":"Developer","image":{"@type":"ImageObject","inLanguage":"qt","@id":"https:\/\/secure.gravatar.com\/avatar\/392b4cc8fbfeb00b39dfeeab4ee6edded39ffd48e25858637e4765810300227e?s=96&d=mm&r=g","url":"https:\/\/secure.gravatar.com\/avatar\/392b4cc8fbfeb00b39dfeeab4ee6edded39ffd48e25858637e4765810300227e?s=96&d=mm&r=g","contentUrl":"https:\/\/secure.gravatar.com\/avatar\/392b4cc8fbfeb00b39dfeeab4ee6edded39ffd48e25858637e4765810300227e?s=96&d=mm&r=g","caption":"Developer"},"url":"https:\/\/qtmm.org\/qt\/author\/Developer\/"}]}},"_links":{"self":[{"href":"https:\/\/qtmm.org\/qt\/wp-json\/wp\/v2\/posts\/35262","targetHints":{"allow":["GET"]}}],"collection":[{"href":"https:\/\/qtmm.org\/qt\/wp-json\/wp\/v2\/posts"}],"about":[{"href":"https:\/\/qtmm.org\/qt\/wp-json\/wp\/v2\/types\/post"}],"author":[{"embeddable":true,"href":"https:\/\/qtmm.org\/qt\/wp-json\/wp\/v2\/users\/1"}],"replies":[{"embeddable":true,"href":"https:\/\/qtmm.org\/qt\/wp-json\/wp\/v2\/comments?post=35262"}],"version-history":[{"count":1,"href":"https:\/\/qtmm.org\/qt\/wp-json\/wp\/v2\/posts\/35262\/revisions"}],"predecessor-version":[{"id":35275,"href":"https:\/\/qtmm.org\/qt\/wp-json\/wp\/v2\/posts\/35262\/revisions\/35275"}],"wp:featuredmedia":[{"embeddable":true,"href":"https:\/\/qtmm.org\/qt\/wp-json\/wp\/v2\/media\/35271"}],"wp:attachment":[{"href":"https:\/\/qtmm.org\/qt\/wp-json\/wp\/v2\/media?parent=35262"}],"wp:term":[{"taxonomy":"category","embeddable":true,"href":"https:\/\/qtmm.org\/qt\/wp-json\/wp\/v2\/categories?post=35262"},{"taxonomy":"post_tag","embeddable":true,"href":"https:\/\/qtmm.org\/qt\/wp-json\/wp\/v2\/tags?post=35262"}],"curies":[{"name":"wp","href":"https:\/\/api.w.org\/{rel}","templated":true}]}}