




{"id":35248,"date":"2012-11-15T14:40:00","date_gmt":"2012-11-15T11:40:00","guid":{"rendered":"http:\/\/qtmm.org\/?p=35248"},"modified":"2022-01-23T14:42:15","modified_gmt":"2022-01-23T11:42:15","slug":"romaniya-ve-qirim-ozara-isbirlik-istiqballeri","status":"publish","type":"post","link":"https:\/\/qtmm.org\/qt\/romaniya-ve-qirim-ozara-isbirlik-istiqballeri\/","title":{"rendered":"Romaniya ve Q\u0131r\u0131m \u2013 \u00f6zara i\u015fbirlik istiqballeri"},"content":{"rendered":"\n<p>Noyabr 15 k\u00fcn\u00fc Q\u0131r\u0131m m\u00fcendislik-pedagogika universitetini\u00f1 q\u0131r\u0131mtatar ve t\u00fcrk edebiyat\u0131 kafedras\u0131nda &#8220;Romaniya ve Q\u0131r\u0131m \u2013 \u00f6zara i\u015fbirlik istiqballeri&#8221; mevzus\u0131nda Romaniya ve Q\u0131r\u0131m i\u015fbirligini\u00f1 meseleleri boyunca t\u00f6gerek masa ke\u00e7irildi<\/p>\n\n\n\n<figure class=\"wp-block-image size-full\"><img loading=\"lazy\" decoding=\"async\" width=\"650\" height=\"300\" src=\"http:\/\/qtmm.org\/wp-content\/uploads\/2022\/01\/img_8515_1.jpeg\" alt=\"\" class=\"wp-image-35249\" srcset=\"https:\/\/qtmm.org\/wp-content\/uploads\/2022\/01\/img_8515_1.jpeg 650w, https:\/\/qtmm.org\/wp-content\/uploads\/2022\/01\/img_8515_1-300x138.jpeg 300w\" sizes=\"auto, (max-width: 650px) 100vw, 650px\" \/><\/figure>\n\n\n\n<p>Programmada Romaniya delegatlar\u0131 Romaniya Q\u0131r\u0131mtatar birle\u015fmesi reisini\u00f1 birinci yard\u0131mc\u0131s\u0131 Samir Menan, Buharest universitetini\u00f1 professor\u0131, t\u00fcrk\u015f\u0131nas filolog Aciemin Bavbek, &#8220;Qarade\u00f1iz&#8221; gazetas\u0131n\u0131\u00f1 esas\u00e7\u0131s\u0131, professor Cenan Bolat, K\u00f6stence \u015feerindeki \u00d6vidius universitetini\u00f1 professor\u0131, sanat\u015f\u0131nas \u0130bram Nureddin, Q\u0131r\u0131mtatarlar birle\u015fmesi Mecidiye \u015feeri idaresini\u00f1 reisi \u015eenol Murat, Milliy Meclis t\u0131\u015fq\u0131 al\u00e2qalar b\u00f6l\u00fcgini\u00f1 ba\u015f\u0131 Ali Hamzin, Q\u0131r\u0131m m\u00fcendislik-pedagogika universitetini\u00f1 q\u0131r\u0131mtatar ve t\u00fcrk filologiyas\u0131 fakultetini\u00f1 dekan\u0131, filologiya ilimleri namzeti Raneta \u011eafarova, q\u0131r\u0131mtatar ve t\u00fcrk edebiyat\u0131 kafedras\u0131n\u0131\u00f1 m\u00fcdiri, filologiya ilimleri namzeti Lenyara Selimova, q\u0131r\u0131mtatar ve t\u00fcrk edebiyat\u0131 kafedras\u0131 m\u00fcdirini\u00f1 muavini, filologiya ilimleri namzeti Ahtem Celilov, Q\u0131r\u0131m Gumanitar universiteti doktoran\u0131, pedagogika ilimleri namzeti Enise Abibullayeva i\u015ftirak etip, q\u0131r\u0131mtatar tilini\u00f1 umumiy latin urufat\u0131na ke\u00e7\u00fcv, Romaniyada ya\u015fa\u011fan q\u0131r\u0131mtatarlarn\u0131\u00f1 tilindeki \u015five hususiyetleri, oquv qullanmalarnen ba\u011fl\u0131 meselelerni muzakere ettiler.<\/p>\n\n\n\n<figure class=\"wp-block-image size-full\"><img loading=\"lazy\" decoding=\"async\" width=\"650\" height=\"300\" src=\"http:\/\/qtmm.org\/wp-content\/uploads\/2022\/01\/img_8520_1.jpeg\" alt=\"\" class=\"wp-image-35253\" srcset=\"https:\/\/qtmm.org\/wp-content\/uploads\/2022\/01\/img_8520_1.jpeg 650w, https:\/\/qtmm.org\/wp-content\/uploads\/2022\/01\/img_8520_1-300x138.jpeg 300w\" sizes=\"auto, (max-width: 650px) 100vw, 650px\" \/><\/figure>\n\n\n\n<p>Romaniyada ya\u015fa\u011fan q\u0131r\u0131mtatarlar tilini\u00f1 vaziyeti boyunca \u00e7\u0131q\u0131\u015f yapqan Samir Mennan, &#8220;Qarade\u00f1iz&#8221; gazetas\u0131n\u0131\u00f1 faaliyeti aqq\u0131nda ik\u00e2ye etken Cenan Bolat, q\u0131r\u0131mtatar tilini\u00f1 \u015five lu\u011fat\u0131n\u0131 \u00e7\u0131qarmaqn\u0131 planla\u015ft\u0131r\u011fan kafedran\u0131\u00f1 maqsadlar\u0131nen payla\u015fqan Lenyara Selimova m\u00fcim meselelerni k\u00f6terdiler. Eki taraf aras\u0131ndaki i\u015fbirlik, til siyaseti aqq\u0131nda aytqan Alim Hamzin, semetde\u015flerimizni\u00f1 salmaql\u0131 isselerini qayd etti. Pedagogika ilimleri namzeti Enise Abibullayeva fakultetni\u00f1 Dobrucadaki mektep ocalar\u0131nen 2006-2007 seneleri birlikte yapqan i\u015fleri aqq\u0131nda tafsil\u00e2tl\u0131 mal\u00fcmat berdi.<\/p>\n\n\n\n<p>T\u00f6gerek massa etraf\u0131ndaki subet devam\u0131nda q\u0131r\u0131mtatar tili qaidelerinen ba\u011fl\u0131 leyha, latin urufat\u0131nda q\u0131r\u0131mtatar tilinde ne\u015fir etilgen gazeta ve mecmualar taqdim etildi.<\/p>\n\n\n\n<p>Tedbirni\u00f1 so\u00f1unda nevbetteki k\u00f6r\u00fc\u015f\u00fcvni Dobrucada ke\u00e7irmek istegi bildirildi.<\/p>\n\n\n\n<figure class=\"wp-block-image size-full\"><img loading=\"lazy\" decoding=\"async\" width=\"650\" height=\"300\" src=\"http:\/\/qtmm.org\/wp-content\/uploads\/2022\/01\/img_8522_1_3.jpeg\" alt=\"\" class=\"wp-image-35257\" srcset=\"https:\/\/qtmm.org\/wp-content\/uploads\/2022\/01\/img_8522_1_3.jpeg 650w, https:\/\/qtmm.org\/wp-content\/uploads\/2022\/01\/img_8522_1_3-300x138.jpeg 300w\" sizes=\"auto, (max-width: 650px) 100vw, 650px\" \/><\/figure>\n","protected":false},"excerpt":{"rendered":"<p>Noyabr 15 k\u00fcn\u00fc Q\u0131r\u0131m m\u00fcendislik-pedagogika universitetini\u00f1 q\u0131r\u0131mtatar ve t\u00fcrk edebiyat\u0131 kafedras\u0131nda &#8220;Romaniya ve Q\u0131r\u0131m \u2013 \u00f6zara i\u015fbirlik istiqballeri&#8221; mevzus\u0131nda Romaniya ve Q\u0131r\u0131m i\u015fbirligini\u00f1 meseleleri boyunca t\u00f6gerek masa ke\u00e7irildi Programmada Romaniya delegatlar\u0131 Romaniya Q\u0131r\u0131mtatar birle\u015fmesi reisini\u00f1 birinci yard\u0131mc\u0131s\u0131 Samir Menan, Buharest universitetini\u00f1 professor\u0131, t\u00fcrk\u015f\u0131nas filolog Aciemin Bavbek, &#8220;Qarade\u00f1iz&#8221; gazetas\u0131n\u0131\u00f1 esas\u00e7\u0131s\u0131, professor Cenan Bolat, K\u00f6stence \u015feerindeki \u00d6vidius [&hellip;]<\/p>\n","protected":false},"author":1,"featured_media":0,"comment_status":"open","ping_status":"open","sticky":false,"template":"","format":"standard","meta":{"inline_featured_image":false,"footnotes":""},"categories":[265],"tags":[],"class_list":["post-35248","post","type-post","status-publish","format-standard","hentry","category-haberler"],"acf":[],"yoast_head":"<!-- This site is optimized with the Yoast SEO plugin v27.4 - https:\/\/yoast.com\/product\/yoast-seo-wordpress\/ -->\n<title>Romaniya ve Q\u0131r\u0131m \u2013 \u00f6zara i\u015fbirlik istiqballeri - \u041c\u0435\u0434\u0436\u043b\u0456\u0441<\/title>\n<meta name=\"robots\" content=\"index, follow, max-snippet:-1, max-image-preview:large, max-video-preview:-1\" \/>\n<link rel=\"canonical\" href=\"https:\/\/qtmm.org\/qt\/romaniya-ve-qirim-ozara-isbirlik-istiqballeri\/\" \/>\n<meta property=\"og:locale\" content=\"en_US\" \/>\n<meta property=\"og:type\" content=\"article\" \/>\n<meta property=\"og:title\" content=\"Romaniya ve Q\u0131r\u0131m \u2013 \u00f6zara i\u015fbirlik istiqballeri - \u041c\u0435\u0434\u0436\u043b\u0456\u0441\" \/>\n<meta property=\"og:description\" content=\"Noyabr 15 k\u00fcn\u00fc Q\u0131r\u0131m m\u00fcendislik-pedagogika universitetini\u00f1 q\u0131r\u0131mtatar ve t\u00fcrk edebiyat\u0131 kafedras\u0131nda &#8220;Romaniya ve Q\u0131r\u0131m \u2013 \u00f6zara i\u015fbirlik istiqballeri&#8221; mevzus\u0131nda Romaniya ve Q\u0131r\u0131m i\u015fbirligini\u00f1 meseleleri boyunca t\u00f6gerek masa ke\u00e7irildi Programmada Romaniya delegatlar\u0131 Romaniya Q\u0131r\u0131mtatar birle\u015fmesi reisini\u00f1 birinci yard\u0131mc\u0131s\u0131 Samir Menan, Buharest universitetini\u00f1 professor\u0131, t\u00fcrk\u015f\u0131nas filolog Aciemin Bavbek, &#8220;Qarade\u00f1iz&#8221; gazetas\u0131n\u0131\u00f1 esas\u00e7\u0131s\u0131, professor Cenan Bolat, K\u00f6stence \u015feerindeki \u00d6vidius [&hellip;]\" \/>\n<meta property=\"og:url\" content=\"https:\/\/qtmm.org\/qt\/romaniya-ve-qirim-ozara-isbirlik-istiqballeri\/\" \/>\n<meta property=\"og:site_name\" content=\"\u041c\u0435\u0434\u0436\u043b\u0456\u0441\" \/>\n<meta property=\"article:publisher\" content=\"https:\/\/www.facebook.com\/qtmm.info\/\" \/>\n<meta property=\"article:published_time\" content=\"2012-11-15T11:40:00+00:00\" \/>\n<meta property=\"article:modified_time\" content=\"2022-01-23T11:42:15+00:00\" \/>\n<meta property=\"og:image\" content=\"https:\/\/qtmm.org\/wp-content\/uploads\/2022\/01\/img_8515_1.jpeg\" \/>\n\t<meta property=\"og:image:width\" content=\"650\" \/>\n\t<meta property=\"og:image:height\" content=\"300\" \/>\n\t<meta property=\"og:image:type\" content=\"image\/jpeg\" \/>\n<meta name=\"author\" content=\"Developer\" \/>\n<meta name=\"twitter:card\" content=\"summary_large_image\" \/>\n<meta name=\"twitter:label1\" content=\"Written by\" \/>\n\t<meta name=\"twitter:data1\" content=\"Developer\" \/>\n\t<meta name=\"twitter:label2\" content=\"Est. reading time\" \/>\n\t<meta name=\"twitter:data2\" content=\"2 minutes\" \/>\n<script type=\"application\/ld+json\" class=\"yoast-schema-graph\">{\"@context\":\"https:\\\/\\\/schema.org\",\"@graph\":[{\"@type\":\"Article\",\"@id\":\"https:\\\/\\\/qtmm.org\\\/qt\\\/romaniya-ve-qirim-ozara-isbirlik-istiqballeri\\\/#article\",\"isPartOf\":{\"@id\":\"https:\\\/\\\/qtmm.org\\\/qt\\\/romaniya-ve-qirim-ozara-isbirlik-istiqballeri\\\/\"},\"author\":{\"name\":\"Developer\",\"@id\":\"https:\\\/\\\/qtmm.org\\\/qt\\\/#\\\/schema\\\/person\\\/de562469f971dec226ac06e60bbf74a7\"},\"headline\":\"Romaniya ve Q\u0131r\u0131m \u2013 \u00f6zara i\u015fbirlik istiqballeri\",\"datePublished\":\"2012-11-15T11:40:00+00:00\",\"dateModified\":\"2022-01-23T11:42:15+00:00\",\"mainEntityOfPage\":{\"@id\":\"https:\\\/\\\/qtmm.org\\\/qt\\\/romaniya-ve-qirim-ozara-isbirlik-istiqballeri\\\/\"},\"wordCount\":348,\"commentCount\":0,\"publisher\":{\"@id\":\"https:\\\/\\\/qtmm.org\\\/qt\\\/#organization\"},\"image\":{\"@id\":\"https:\\\/\\\/qtmm.org\\\/qt\\\/romaniya-ve-qirim-ozara-isbirlik-istiqballeri\\\/#primaryimage\"},\"thumbnailUrl\":\"http:\\\/\\\/qtmm.org\\\/wp-content\\\/uploads\\\/2022\\\/01\\\/img_8515_1.jpeg\",\"articleSection\":[\"Haberler\"],\"inLanguage\":\"qt\",\"potentialAction\":[{\"@type\":\"CommentAction\",\"name\":\"Comment\",\"target\":[\"https:\\\/\\\/qtmm.org\\\/qt\\\/romaniya-ve-qirim-ozara-isbirlik-istiqballeri\\\/#respond\"]}]},{\"@type\":\"WebPage\",\"@id\":\"https:\\\/\\\/qtmm.org\\\/qt\\\/romaniya-ve-qirim-ozara-isbirlik-istiqballeri\\\/\",\"url\":\"https:\\\/\\\/qtmm.org\\\/qt\\\/romaniya-ve-qirim-ozara-isbirlik-istiqballeri\\\/\",\"name\":\"Romaniya ve Q\u0131r\u0131m \u2013 \u00f6zara i\u015fbirlik istiqballeri - \u041c\u0435\u0434\u0436\u043b\u0456\u0441\",\"isPartOf\":{\"@id\":\"https:\\\/\\\/qtmm.org\\\/qt\\\/#website\"},\"primaryImageOfPage\":{\"@id\":\"https:\\\/\\\/qtmm.org\\\/qt\\\/romaniya-ve-qirim-ozara-isbirlik-istiqballeri\\\/#primaryimage\"},\"image\":{\"@id\":\"https:\\\/\\\/qtmm.org\\\/qt\\\/romaniya-ve-qirim-ozara-isbirlik-istiqballeri\\\/#primaryimage\"},\"thumbnailUrl\":\"http:\\\/\\\/qtmm.org\\\/wp-content\\\/uploads\\\/2022\\\/01\\\/img_8515_1.jpeg\",\"datePublished\":\"2012-11-15T11:40:00+00:00\",\"dateModified\":\"2022-01-23T11:42:15+00:00\",\"breadcrumb\":{\"@id\":\"https:\\\/\\\/qtmm.org\\\/qt\\\/romaniya-ve-qirim-ozara-isbirlik-istiqballeri\\\/#breadcrumb\"},\"inLanguage\":\"qt\",\"potentialAction\":[{\"@type\":\"ReadAction\",\"target\":[\"https:\\\/\\\/qtmm.org\\\/qt\\\/romaniya-ve-qirim-ozara-isbirlik-istiqballeri\\\/\"]}]},{\"@type\":\"ImageObject\",\"inLanguage\":\"qt\",\"@id\":\"https:\\\/\\\/qtmm.org\\\/qt\\\/romaniya-ve-qirim-ozara-isbirlik-istiqballeri\\\/#primaryimage\",\"url\":\"http:\\\/\\\/qtmm.org\\\/wp-content\\\/uploads\\\/2022\\\/01\\\/img_8515_1.jpeg\",\"contentUrl\":\"http:\\\/\\\/qtmm.org\\\/wp-content\\\/uploads\\\/2022\\\/01\\\/img_8515_1.jpeg\"},{\"@type\":\"BreadcrumbList\",\"@id\":\"https:\\\/\\\/qtmm.org\\\/qt\\\/romaniya-ve-qirim-ozara-isbirlik-istiqballeri\\\/#breadcrumb\",\"itemListElement\":[{\"@type\":\"ListItem\",\"position\":1,\"name\":\"\u0413\u043e\u043b\u043e\u0432\u043d\u0430\",\"item\":\"https:\\\/\\\/qtmm.org\\\/qt\\\/\"},{\"@type\":\"ListItem\",\"position\":2,\"name\":\"Romaniya ve Q\u0131r\u0131m \u2013 \u00f6zara i\u015fbirlik istiqballeri\"}]},{\"@type\":\"WebSite\",\"@id\":\"https:\\\/\\\/qtmm.org\\\/qt\\\/#website\",\"url\":\"https:\\\/\\\/qtmm.org\\\/qt\\\/\",\"name\":\"\u041c\u0435\u0434\u0436\u043b\u0456\u0441\",\"description\":\"\",\"publisher\":{\"@id\":\"https:\\\/\\\/qtmm.org\\\/qt\\\/#organization\"},\"potentialAction\":[{\"@type\":\"SearchAction\",\"target\":{\"@type\":\"EntryPoint\",\"urlTemplate\":\"https:\\\/\\\/qtmm.org\\\/qt\\\/?s={search_term_string}\"},\"query-input\":{\"@type\":\"PropertyValueSpecification\",\"valueRequired\":true,\"valueName\":\"search_term_string\"}}],\"inLanguage\":\"qt\"},{\"@type\":\"Organization\",\"@id\":\"https:\\\/\\\/qtmm.org\\\/qt\\\/#organization\",\"name\":\"\u041c\u0435\u0434\u0436\u043b\u0456\u0441\",\"url\":\"https:\\\/\\\/qtmm.org\\\/qt\\\/\",\"logo\":{\"@type\":\"ImageObject\",\"inLanguage\":\"qt\",\"@id\":\"https:\\\/\\\/qtmm.org\\\/qt\\\/#\\\/schema\\\/logo\\\/image\\\/\",\"url\":\"https:\\\/\\\/qtmm.org\\\/wp-content\\\/uploads\\\/2024\\\/12\\\/ua-mejlis-logo-rgb.svg\",\"contentUrl\":\"https:\\\/\\\/qtmm.org\\\/wp-content\\\/uploads\\\/2024\\\/12\\\/ua-mejlis-logo-rgb.svg\",\"caption\":\"\u041c\u0435\u0434\u0436\u043b\u0456\u0441\"},\"image\":{\"@id\":\"https:\\\/\\\/qtmm.org\\\/qt\\\/#\\\/schema\\\/logo\\\/image\\\/\"},\"sameAs\":[\"https:\\\/\\\/www.facebook.com\\\/qtmm.info\\\/\"]},{\"@type\":\"Person\",\"@id\":\"https:\\\/\\\/qtmm.org\\\/qt\\\/#\\\/schema\\\/person\\\/de562469f971dec226ac06e60bbf74a7\",\"name\":\"Developer\",\"image\":{\"@type\":\"ImageObject\",\"inLanguage\":\"qt\",\"@id\":\"https:\\\/\\\/secure.gravatar.com\\\/avatar\\\/392b4cc8fbfeb00b39dfeeab4ee6edded39ffd48e25858637e4765810300227e?s=96&d=mm&r=g\",\"url\":\"https:\\\/\\\/secure.gravatar.com\\\/avatar\\\/392b4cc8fbfeb00b39dfeeab4ee6edded39ffd48e25858637e4765810300227e?s=96&d=mm&r=g\",\"contentUrl\":\"https:\\\/\\\/secure.gravatar.com\\\/avatar\\\/392b4cc8fbfeb00b39dfeeab4ee6edded39ffd48e25858637e4765810300227e?s=96&d=mm&r=g\",\"caption\":\"Developer\"},\"url\":\"https:\\\/\\\/qtmm.org\\\/qt\\\/author\\\/Developer\\\/\"}]}<\/script>\n<!-- \/ Yoast SEO plugin. -->","yoast_head_json":{"title":"Romaniya ve Q\u0131r\u0131m \u2013 \u00f6zara i\u015fbirlik istiqballeri - \u041c\u0435\u0434\u0436\u043b\u0456\u0441","robots":{"index":"index","follow":"follow","max-snippet":"max-snippet:-1","max-image-preview":"max-image-preview:large","max-video-preview":"max-video-preview:-1"},"canonical":"https:\/\/qtmm.org\/qt\/romaniya-ve-qirim-ozara-isbirlik-istiqballeri\/","og_locale":"en_US","og_type":"article","og_title":"Romaniya ve Q\u0131r\u0131m \u2013 \u00f6zara i\u015fbirlik istiqballeri - \u041c\u0435\u0434\u0436\u043b\u0456\u0441","og_description":"Noyabr 15 k\u00fcn\u00fc Q\u0131r\u0131m m\u00fcendislik-pedagogika universitetini\u00f1 q\u0131r\u0131mtatar ve t\u00fcrk edebiyat\u0131 kafedras\u0131nda &#8220;Romaniya ve Q\u0131r\u0131m \u2013 \u00f6zara i\u015fbirlik istiqballeri&#8221; mevzus\u0131nda Romaniya ve Q\u0131r\u0131m i\u015fbirligini\u00f1 meseleleri boyunca t\u00f6gerek masa ke\u00e7irildi Programmada Romaniya delegatlar\u0131 Romaniya Q\u0131r\u0131mtatar birle\u015fmesi reisini\u00f1 birinci yard\u0131mc\u0131s\u0131 Samir Menan, Buharest universitetini\u00f1 professor\u0131, t\u00fcrk\u015f\u0131nas filolog Aciemin Bavbek, &#8220;Qarade\u00f1iz&#8221; gazetas\u0131n\u0131\u00f1 esas\u00e7\u0131s\u0131, professor Cenan Bolat, K\u00f6stence \u015feerindeki \u00d6vidius [&hellip;]","og_url":"https:\/\/qtmm.org\/qt\/romaniya-ve-qirim-ozara-isbirlik-istiqballeri\/","og_site_name":"\u041c\u0435\u0434\u0436\u043b\u0456\u0441","article_publisher":"https:\/\/www.facebook.com\/qtmm.info\/","article_published_time":"2012-11-15T11:40:00+00:00","article_modified_time":"2022-01-23T11:42:15+00:00","og_image":[{"width":650,"height":300,"url":"https:\/\/qtmm.org\/wp-content\/uploads\/2022\/01\/img_8515_1.jpeg","type":"image\/jpeg"}],"author":"Developer","twitter_card":"summary_large_image","twitter_misc":{"Written by":"Developer","Est. reading time":"2 minutes"},"schema":{"@context":"https:\/\/schema.org","@graph":[{"@type":"Article","@id":"https:\/\/qtmm.org\/qt\/romaniya-ve-qirim-ozara-isbirlik-istiqballeri\/#article","isPartOf":{"@id":"https:\/\/qtmm.org\/qt\/romaniya-ve-qirim-ozara-isbirlik-istiqballeri\/"},"author":{"name":"Developer","@id":"https:\/\/qtmm.org\/qt\/#\/schema\/person\/de562469f971dec226ac06e60bbf74a7"},"headline":"Romaniya ve Q\u0131r\u0131m \u2013 \u00f6zara i\u015fbirlik istiqballeri","datePublished":"2012-11-15T11:40:00+00:00","dateModified":"2022-01-23T11:42:15+00:00","mainEntityOfPage":{"@id":"https:\/\/qtmm.org\/qt\/romaniya-ve-qirim-ozara-isbirlik-istiqballeri\/"},"wordCount":348,"commentCount":0,"publisher":{"@id":"https:\/\/qtmm.org\/qt\/#organization"},"image":{"@id":"https:\/\/qtmm.org\/qt\/romaniya-ve-qirim-ozara-isbirlik-istiqballeri\/#primaryimage"},"thumbnailUrl":"http:\/\/qtmm.org\/wp-content\/uploads\/2022\/01\/img_8515_1.jpeg","articleSection":["Haberler"],"inLanguage":"qt","potentialAction":[{"@type":"CommentAction","name":"Comment","target":["https:\/\/qtmm.org\/qt\/romaniya-ve-qirim-ozara-isbirlik-istiqballeri\/#respond"]}]},{"@type":"WebPage","@id":"https:\/\/qtmm.org\/qt\/romaniya-ve-qirim-ozara-isbirlik-istiqballeri\/","url":"https:\/\/qtmm.org\/qt\/romaniya-ve-qirim-ozara-isbirlik-istiqballeri\/","name":"Romaniya ve Q\u0131r\u0131m \u2013 \u00f6zara i\u015fbirlik istiqballeri - \u041c\u0435\u0434\u0436\u043b\u0456\u0441","isPartOf":{"@id":"https:\/\/qtmm.org\/qt\/#website"},"primaryImageOfPage":{"@id":"https:\/\/qtmm.org\/qt\/romaniya-ve-qirim-ozara-isbirlik-istiqballeri\/#primaryimage"},"image":{"@id":"https:\/\/qtmm.org\/qt\/romaniya-ve-qirim-ozara-isbirlik-istiqballeri\/#primaryimage"},"thumbnailUrl":"http:\/\/qtmm.org\/wp-content\/uploads\/2022\/01\/img_8515_1.jpeg","datePublished":"2012-11-15T11:40:00+00:00","dateModified":"2022-01-23T11:42:15+00:00","breadcrumb":{"@id":"https:\/\/qtmm.org\/qt\/romaniya-ve-qirim-ozara-isbirlik-istiqballeri\/#breadcrumb"},"inLanguage":"qt","potentialAction":[{"@type":"ReadAction","target":["https:\/\/qtmm.org\/qt\/romaniya-ve-qirim-ozara-isbirlik-istiqballeri\/"]}]},{"@type":"ImageObject","inLanguage":"qt","@id":"https:\/\/qtmm.org\/qt\/romaniya-ve-qirim-ozara-isbirlik-istiqballeri\/#primaryimage","url":"http:\/\/qtmm.org\/wp-content\/uploads\/2022\/01\/img_8515_1.jpeg","contentUrl":"http:\/\/qtmm.org\/wp-content\/uploads\/2022\/01\/img_8515_1.jpeg"},{"@type":"BreadcrumbList","@id":"https:\/\/qtmm.org\/qt\/romaniya-ve-qirim-ozara-isbirlik-istiqballeri\/#breadcrumb","itemListElement":[{"@type":"ListItem","position":1,"name":"\u0413\u043e\u043b\u043e\u0432\u043d\u0430","item":"https:\/\/qtmm.org\/qt\/"},{"@type":"ListItem","position":2,"name":"Romaniya ve Q\u0131r\u0131m \u2013 \u00f6zara i\u015fbirlik istiqballeri"}]},{"@type":"WebSite","@id":"https:\/\/qtmm.org\/qt\/#website","url":"https:\/\/qtmm.org\/qt\/","name":"\u041c\u0435\u0434\u0436\u043b\u0456\u0441","description":"","publisher":{"@id":"https:\/\/qtmm.org\/qt\/#organization"},"potentialAction":[{"@type":"SearchAction","target":{"@type":"EntryPoint","urlTemplate":"https:\/\/qtmm.org\/qt\/?s={search_term_string}"},"query-input":{"@type":"PropertyValueSpecification","valueRequired":true,"valueName":"search_term_string"}}],"inLanguage":"qt"},{"@type":"Organization","@id":"https:\/\/qtmm.org\/qt\/#organization","name":"\u041c\u0435\u0434\u0436\u043b\u0456\u0441","url":"https:\/\/qtmm.org\/qt\/","logo":{"@type":"ImageObject","inLanguage":"qt","@id":"https:\/\/qtmm.org\/qt\/#\/schema\/logo\/image\/","url":"https:\/\/qtmm.org\/wp-content\/uploads\/2024\/12\/ua-mejlis-logo-rgb.svg","contentUrl":"https:\/\/qtmm.org\/wp-content\/uploads\/2024\/12\/ua-mejlis-logo-rgb.svg","caption":"\u041c\u0435\u0434\u0436\u043b\u0456\u0441"},"image":{"@id":"https:\/\/qtmm.org\/qt\/#\/schema\/logo\/image\/"},"sameAs":["https:\/\/www.facebook.com\/qtmm.info\/"]},{"@type":"Person","@id":"https:\/\/qtmm.org\/qt\/#\/schema\/person\/de562469f971dec226ac06e60bbf74a7","name":"Developer","image":{"@type":"ImageObject","inLanguage":"qt","@id":"https:\/\/secure.gravatar.com\/avatar\/392b4cc8fbfeb00b39dfeeab4ee6edded39ffd48e25858637e4765810300227e?s=96&d=mm&r=g","url":"https:\/\/secure.gravatar.com\/avatar\/392b4cc8fbfeb00b39dfeeab4ee6edded39ffd48e25858637e4765810300227e?s=96&d=mm&r=g","contentUrl":"https:\/\/secure.gravatar.com\/avatar\/392b4cc8fbfeb00b39dfeeab4ee6edded39ffd48e25858637e4765810300227e?s=96&d=mm&r=g","caption":"Developer"},"url":"https:\/\/qtmm.org\/qt\/author\/Developer\/"}]}},"_links":{"self":[{"href":"https:\/\/qtmm.org\/qt\/wp-json\/wp\/v2\/posts\/35248","targetHints":{"allow":["GET"]}}],"collection":[{"href":"https:\/\/qtmm.org\/qt\/wp-json\/wp\/v2\/posts"}],"about":[{"href":"https:\/\/qtmm.org\/qt\/wp-json\/wp\/v2\/types\/post"}],"author":[{"embeddable":true,"href":"https:\/\/qtmm.org\/qt\/wp-json\/wp\/v2\/users\/1"}],"replies":[{"embeddable":true,"href":"https:\/\/qtmm.org\/qt\/wp-json\/wp\/v2\/comments?post=35248"}],"version-history":[{"count":1,"href":"https:\/\/qtmm.org\/qt\/wp-json\/wp\/v2\/posts\/35248\/revisions"}],"predecessor-version":[{"id":35261,"href":"https:\/\/qtmm.org\/qt\/wp-json\/wp\/v2\/posts\/35248\/revisions\/35261"}],"wp:attachment":[{"href":"https:\/\/qtmm.org\/qt\/wp-json\/wp\/v2\/media?parent=35248"}],"wp:term":[{"taxonomy":"category","embeddable":true,"href":"https:\/\/qtmm.org\/qt\/wp-json\/wp\/v2\/categories?post=35248"},{"taxonomy":"post_tag","embeddable":true,"href":"https:\/\/qtmm.org\/qt\/wp-json\/wp\/v2\/tags?post=35248"}],"curies":[{"name":"wp","href":"https:\/\/api.w.org\/{rel}","templated":true}]}}