




{"id":35222,"date":"2012-11-15T14:38:00","date_gmt":"2012-11-15T11:38:00","guid":{"rendered":"http:\/\/qtmm.org\/?p=35222"},"modified":"2022-01-23T14:40:47","modified_gmt":"2022-01-23T11:40:47","slug":"meclis-reisi-mustafa-cemilev-simaliy-qibriz-turkiye-cumhuriyetinin-mustaqillik-kunu-tantanasinda-istirak-etti","status":"publish","type":"post","link":"https:\/\/qtmm.org\/qt\/meclis-reisi-mustafa-cemilev-simaliy-qibriz-turkiye-cumhuriyetinin-mustaqillik-kunu-tantanasinda-istirak-etti\/","title":{"rendered":"Meclis reisi Mustafa Cemilev \u015eimaliy Q\u0131br\u0131z T\u00fcrkiye Cumhuriyetini\u00f1 Mustaqillik k\u00fcn\u00fc tantanas\u0131nda i\u015ftirak etti"},"content":{"rendered":"\n<p>2012 senesi noyabr 15 k\u00fcn\u00fcnden \u015eimaliy Q\u0131br\u0131z T\u00fcrkiye Cumhuriyetini\u00f1 Mustaqilligi il\u00e2n etilgenini\u00f1 29 y\u0131ll\u0131\u011f\u0131 munasebetinen tantanal\u0131 tedbirler ke\u00e7irilmekte.<\/p>\n\n\n\n<p>Meclis reisi Mustafa Cemilev \u015eimaliy Q\u0131br\u0131z T\u00fcrkiye Cumhuriyetini\u00f1 Mustaqillik k\u00fcn\u00fc tantanas\u0131nda i\u015ftirak etmek i\u00e7\u00fcn Q\u0131br\u0131z\u011fa ketti.<\/p>\n\n\n\n<figure class=\"wp-block-image size-full\"><img loading=\"lazy\" decoding=\"async\" width=\"650\" height=\"350\" src=\"http:\/\/qtmm.org\/wp-content\/uploads\/2022\/01\/2_82.jpeg\" alt=\"\" class=\"wp-image-35227\" srcset=\"https:\/\/qtmm.org\/wp-content\/uploads\/2022\/01\/2_82.jpeg 650w, https:\/\/qtmm.org\/wp-content\/uploads\/2022\/01\/2_82-300x162.jpeg 300w\" sizes=\"auto, (max-width: 650px) 100vw, 650px\" \/><\/figure>\n\n\n\n<p>Ziyareti \u00e7er\u00e7ivesinde Mustafa Cemilev \u015eimaliy Q\u0131br\u0131z T\u00fcrkiye Cumhuriyetini\u00f1 prezidenti Dervi\u015f Ero\u011flu ve Cumhuriyet Parlamentini\u00f1 reisi Hasan B\u00f6zer ile k\u00f6r\u00fc\u015fip, Cumhuriyet Mustaqilligini\u00f1 29 y\u0131ll\u0131\u011f\u0131na ba\u011f\u0131\u015flan\u011fan tantanal\u0131 numay\u0131\u015fta i\u015ftirak etti.<\/p>\n\n\n\n<figure class=\"wp-block-image size-full\"><img loading=\"lazy\" decoding=\"async\" width=\"650\" height=\"400\" src=\"http:\/\/qtmm.org\/wp-content\/uploads\/2022\/01\/bozer_k_r_m_tatar_meclis_baskani_kabul_1.jpeg\" alt=\"\" class=\"wp-image-35231\" srcset=\"https:\/\/qtmm.org\/wp-content\/uploads\/2022\/01\/bozer_k_r_m_tatar_meclis_baskani_kabul_1.jpeg 650w, https:\/\/qtmm.org\/wp-content\/uploads\/2022\/01\/bozer_k_r_m_tatar_meclis_baskani_kabul_1-300x185.jpeg 300w\" sizes=\"auto, (max-width: 650px) 100vw, 650px\" \/><\/figure>\n\n\n\n<p>Meclis reisinen beraber tantanal\u0131 merasimlerde Q\u0131r\u0131m Halqara Biznes birligi Yat\u0131r\u0131mlar ve halqara ticaret komitetini\u00f1 ba\u015f\u0131 Rustem \u00dcmerov da qat\u0131ld\u0131.<\/p>\n\n\n\n<figure class=\"wp-block-image size-full\"><img loading=\"lazy\" decoding=\"async\" width=\"650\" height=\"330\" src=\"http:\/\/qtmm.org\/wp-content\/uploads\/2022\/01\/bozer_k_r_m_tatar_meclis_baskani_kabul_2.jpeg\" alt=\"\" class=\"wp-image-35235\" srcset=\"https:\/\/qtmm.org\/wp-content\/uploads\/2022\/01\/bozer_k_r_m_tatar_meclis_baskani_kabul_2.jpeg 650w, https:\/\/qtmm.org\/wp-content\/uploads\/2022\/01\/bozer_k_r_m_tatar_meclis_baskani_kabul_2-300x152.jpeg 300w\" sizes=\"auto, (max-width: 650px) 100vw, 650px\" \/><\/figure>\n\n\n\n<p><em><strong>Mal\u00fcmat i\u00e7\u00fcn:<\/strong><\/em>&nbsp; \u015eimaliy Q\u0131br\u0131z T\u00fcrkiye Cumhuriyeti Q\u0131br\u0131z adas\u0131n\u0131\u00f1 \u015fimaliy q\u0131sm\u0131nda yerle\u015fken devlet. 1975 senesinden 1983 senesine qadar \u015eimaliy Q\u0131br\u0131z T\u00fcrkiye Federativ Cumhuriyeti ad\u0131n\u0131 ta\u015f\u0131d\u0131.<\/p>\n\n\n\n<p>1983 senesi \u015eimaliy Q\u0131br\u0131z \u00f6z mustaqilligi aqq\u0131nda il\u00e2n etti. Ya\u00f1\u0131 devletni\u00f1 ad\u0131 \u015eimaliy Q\u0131br\u0131z T\u00fcrkiye Cumhuriyeti ol\u0131p, on\u0131\u00f1 birinci prezidenti Rauf Denkta\u015f old\u0131.<\/p>\n\n\n\n<figure class=\"wp-block-image size-full\"><img loading=\"lazy\" decoding=\"async\" width=\"650\" height=\"350\" src=\"http:\/\/qtmm.org\/wp-content\/uploads\/2022\/01\/3_53.jpeg\" alt=\"\" class=\"wp-image-35239\" srcset=\"https:\/\/qtmm.org\/wp-content\/uploads\/2022\/01\/3_53.jpeg 650w, https:\/\/qtmm.org\/wp-content\/uploads\/2022\/01\/3_53-300x162.jpeg 300w\" sizes=\"auto, (max-width: 650px) 100vw, 650px\" \/><\/figure>\n\n\n\n<figure class=\"wp-block-image size-full\"><img loading=\"lazy\" decoding=\"async\" width=\"650\" height=\"350\" src=\"http:\/\/qtmm.org\/wp-content\/uploads\/2022\/01\/4_52.jpeg\" alt=\"\" class=\"wp-image-35243\" srcset=\"https:\/\/qtmm.org\/wp-content\/uploads\/2022\/01\/4_52.jpeg 650w, https:\/\/qtmm.org\/wp-content\/uploads\/2022\/01\/4_52-300x162.jpeg 300w\" sizes=\"auto, (max-width: 650px) 100vw, 650px\" \/><\/figure>\n","protected":false},"excerpt":{"rendered":"<p>2012 senesi noyabr 15 k\u00fcn\u00fcnden \u015eimaliy Q\u0131br\u0131z T\u00fcrkiye Cumhuriyetini\u00f1 Mustaqilligi il\u00e2n etilgenini\u00f1 29 y\u0131ll\u0131\u011f\u0131 munasebetinen tantanal\u0131 tedbirler ke\u00e7irilmekte. Meclis reisi Mustafa Cemilev \u015eimaliy Q\u0131br\u0131z T\u00fcrkiye Cumhuriyetini\u00f1 Mustaqillik k\u00fcn\u00fc tantanas\u0131nda i\u015ftirak etmek i\u00e7\u00fcn Q\u0131br\u0131z\u011fa ketti. Ziyareti \u00e7er\u00e7ivesinde Mustafa Cemilev \u015eimaliy Q\u0131br\u0131z T\u00fcrkiye Cumhuriyetini\u00f1 prezidenti Dervi\u015f Ero\u011flu ve Cumhuriyet Parlamentini\u00f1 reisi Hasan B\u00f6zer ile k\u00f6r\u00fc\u015fip, Cumhuriyet Mustaqilligini\u00f1 [&hellip;]<\/p>\n","protected":false},"author":1,"featured_media":35223,"comment_status":"open","ping_status":"open","sticky":false,"template":"","format":"standard","meta":{"inline_featured_image":false,"footnotes":""},"categories":[265],"tags":[],"class_list":["post-35222","post","type-post","status-publish","format-standard","has-post-thumbnail","hentry","category-haberler"],"acf":[],"yoast_head":"<!-- This site is optimized with the Yoast SEO plugin v27.4 - https:\/\/yoast.com\/product\/yoast-seo-wordpress\/ -->\n<title>Meclis reisi Mustafa Cemilev \u015eimaliy Q\u0131br\u0131z T\u00fcrkiye Cumhuriyetini\u00f1 Mustaqillik k\u00fcn\u00fc tantanas\u0131nda i\u015ftirak etti - \u041c\u0435\u0434\u0436\u043b\u0456\u0441<\/title>\n<meta name=\"robots\" content=\"index, follow, max-snippet:-1, max-image-preview:large, max-video-preview:-1\" \/>\n<link rel=\"canonical\" href=\"https:\/\/qtmm.org\/qt\/meclis-reisi-mustafa-cemilev-simaliy-qibriz-turkiye-cumhuriyetinin-mustaqillik-kunu-tantanasinda-istirak-etti\/\" \/>\n<meta property=\"og:locale\" content=\"en_US\" \/>\n<meta property=\"og:type\" content=\"article\" \/>\n<meta property=\"og:title\" content=\"Meclis reisi Mustafa Cemilev \u015eimaliy Q\u0131br\u0131z T\u00fcrkiye Cumhuriyetini\u00f1 Mustaqillik k\u00fcn\u00fc tantanas\u0131nda i\u015ftirak etti - \u041c\u0435\u0434\u0436\u043b\u0456\u0441\" \/>\n<meta property=\"og:description\" content=\"2012 senesi noyabr 15 k\u00fcn\u00fcnden \u015eimaliy Q\u0131br\u0131z T\u00fcrkiye Cumhuriyetini\u00f1 Mustaqilligi il\u00e2n etilgenini\u00f1 29 y\u0131ll\u0131\u011f\u0131 munasebetinen tantanal\u0131 tedbirler ke\u00e7irilmekte. Meclis reisi Mustafa Cemilev \u015eimaliy Q\u0131br\u0131z T\u00fcrkiye Cumhuriyetini\u00f1 Mustaqillik k\u00fcn\u00fc tantanas\u0131nda i\u015ftirak etmek i\u00e7\u00fcn Q\u0131br\u0131z\u011fa ketti. Ziyareti \u00e7er\u00e7ivesinde Mustafa Cemilev \u015eimaliy Q\u0131br\u0131z T\u00fcrkiye Cumhuriyetini\u00f1 prezidenti Dervi\u015f Ero\u011flu ve Cumhuriyet Parlamentini\u00f1 reisi Hasan B\u00f6zer ile k\u00f6r\u00fc\u015fip, Cumhuriyet Mustaqilligini\u00f1 [&hellip;]\" \/>\n<meta property=\"og:url\" content=\"https:\/\/qtmm.org\/qt\/meclis-reisi-mustafa-cemilev-simaliy-qibriz-turkiye-cumhuriyetinin-mustaqillik-kunu-tantanasinda-istirak-etti\/\" \/>\n<meta property=\"og:site_name\" content=\"\u041c\u0435\u0434\u0436\u043b\u0456\u0441\" \/>\n<meta property=\"article:publisher\" content=\"https:\/\/www.facebook.com\/qtmm.info\/\" \/>\n<meta property=\"article:published_time\" content=\"2012-11-15T11:38:00+00:00\" \/>\n<meta property=\"article:modified_time\" content=\"2022-01-23T11:40:47+00:00\" \/>\n<meta property=\"og:image\" content=\"https:\/\/qtmm.org\/wp-content\/uploads\/2022\/01\/1_77.jpeg\" \/>\n\t<meta property=\"og:image:width\" content=\"650\" \/>\n\t<meta property=\"og:image:height\" content=\"350\" \/>\n\t<meta property=\"og:image:type\" content=\"image\/jpeg\" \/>\n<meta name=\"author\" content=\"Developer\" \/>\n<meta name=\"twitter:card\" content=\"summary_large_image\" \/>\n<meta name=\"twitter:label1\" content=\"Written by\" \/>\n\t<meta name=\"twitter:data1\" content=\"Developer\" \/>\n\t<meta name=\"twitter:label2\" content=\"Est. reading time\" \/>\n\t<meta name=\"twitter:data2\" content=\"1 minute\" \/>\n<script type=\"application\/ld+json\" class=\"yoast-schema-graph\">{\"@context\":\"https:\\\/\\\/schema.org\",\"@graph\":[{\"@type\":\"Article\",\"@id\":\"https:\\\/\\\/qtmm.org\\\/qt\\\/meclis-reisi-mustafa-cemilev-simaliy-qibriz-turkiye-cumhuriyetinin-mustaqillik-kunu-tantanasinda-istirak-etti\\\/#article\",\"isPartOf\":{\"@id\":\"https:\\\/\\\/qtmm.org\\\/qt\\\/meclis-reisi-mustafa-cemilev-simaliy-qibriz-turkiye-cumhuriyetinin-mustaqillik-kunu-tantanasinda-istirak-etti\\\/\"},\"author\":{\"name\":\"Developer\",\"@id\":\"https:\\\/\\\/qtmm.org\\\/qt\\\/#\\\/schema\\\/person\\\/de562469f971dec226ac06e60bbf74a7\"},\"headline\":\"Meclis reisi Mustafa Cemilev \u015eimaliy Q\u0131br\u0131z T\u00fcrkiye Cumhuriyetini\u00f1 Mustaqillik k\u00fcn\u00fc tantanas\u0131nda i\u015ftirak etti\",\"datePublished\":\"2012-11-15T11:38:00+00:00\",\"dateModified\":\"2022-01-23T11:40:47+00:00\",\"mainEntityOfPage\":{\"@id\":\"https:\\\/\\\/qtmm.org\\\/qt\\\/meclis-reisi-mustafa-cemilev-simaliy-qibriz-turkiye-cumhuriyetinin-mustaqillik-kunu-tantanasinda-istirak-etti\\\/\"},\"wordCount\":202,\"commentCount\":0,\"publisher\":{\"@id\":\"https:\\\/\\\/qtmm.org\\\/qt\\\/#organization\"},\"image\":{\"@id\":\"https:\\\/\\\/qtmm.org\\\/qt\\\/meclis-reisi-mustafa-cemilev-simaliy-qibriz-turkiye-cumhuriyetinin-mustaqillik-kunu-tantanasinda-istirak-etti\\\/#primaryimage\"},\"thumbnailUrl\":\"https:\\\/\\\/qtmm.org\\\/wp-content\\\/uploads\\\/2022\\\/01\\\/1_77.jpeg\",\"articleSection\":[\"Haberler\"],\"inLanguage\":\"qt\",\"potentialAction\":[{\"@type\":\"CommentAction\",\"name\":\"Comment\",\"target\":[\"https:\\\/\\\/qtmm.org\\\/qt\\\/meclis-reisi-mustafa-cemilev-simaliy-qibriz-turkiye-cumhuriyetinin-mustaqillik-kunu-tantanasinda-istirak-etti\\\/#respond\"]}]},{\"@type\":\"WebPage\",\"@id\":\"https:\\\/\\\/qtmm.org\\\/qt\\\/meclis-reisi-mustafa-cemilev-simaliy-qibriz-turkiye-cumhuriyetinin-mustaqillik-kunu-tantanasinda-istirak-etti\\\/\",\"url\":\"https:\\\/\\\/qtmm.org\\\/qt\\\/meclis-reisi-mustafa-cemilev-simaliy-qibriz-turkiye-cumhuriyetinin-mustaqillik-kunu-tantanasinda-istirak-etti\\\/\",\"name\":\"Meclis reisi Mustafa Cemilev \u015eimaliy Q\u0131br\u0131z T\u00fcrkiye Cumhuriyetini\u00f1 Mustaqillik k\u00fcn\u00fc tantanas\u0131nda i\u015ftirak etti - \u041c\u0435\u0434\u0436\u043b\u0456\u0441\",\"isPartOf\":{\"@id\":\"https:\\\/\\\/qtmm.org\\\/qt\\\/#website\"},\"primaryImageOfPage\":{\"@id\":\"https:\\\/\\\/qtmm.org\\\/qt\\\/meclis-reisi-mustafa-cemilev-simaliy-qibriz-turkiye-cumhuriyetinin-mustaqillik-kunu-tantanasinda-istirak-etti\\\/#primaryimage\"},\"image\":{\"@id\":\"https:\\\/\\\/qtmm.org\\\/qt\\\/meclis-reisi-mustafa-cemilev-simaliy-qibriz-turkiye-cumhuriyetinin-mustaqillik-kunu-tantanasinda-istirak-etti\\\/#primaryimage\"},\"thumbnailUrl\":\"https:\\\/\\\/qtmm.org\\\/wp-content\\\/uploads\\\/2022\\\/01\\\/1_77.jpeg\",\"datePublished\":\"2012-11-15T11:38:00+00:00\",\"dateModified\":\"2022-01-23T11:40:47+00:00\",\"breadcrumb\":{\"@id\":\"https:\\\/\\\/qtmm.org\\\/qt\\\/meclis-reisi-mustafa-cemilev-simaliy-qibriz-turkiye-cumhuriyetinin-mustaqillik-kunu-tantanasinda-istirak-etti\\\/#breadcrumb\"},\"inLanguage\":\"qt\",\"potentialAction\":[{\"@type\":\"ReadAction\",\"target\":[\"https:\\\/\\\/qtmm.org\\\/qt\\\/meclis-reisi-mustafa-cemilev-simaliy-qibriz-turkiye-cumhuriyetinin-mustaqillik-kunu-tantanasinda-istirak-etti\\\/\"]}]},{\"@type\":\"ImageObject\",\"inLanguage\":\"qt\",\"@id\":\"https:\\\/\\\/qtmm.org\\\/qt\\\/meclis-reisi-mustafa-cemilev-simaliy-qibriz-turkiye-cumhuriyetinin-mustaqillik-kunu-tantanasinda-istirak-etti\\\/#primaryimage\",\"url\":\"https:\\\/\\\/qtmm.org\\\/wp-content\\\/uploads\\\/2022\\\/01\\\/1_77.jpeg\",\"contentUrl\":\"https:\\\/\\\/qtmm.org\\\/wp-content\\\/uploads\\\/2022\\\/01\\\/1_77.jpeg\",\"width\":650,\"height\":350},{\"@type\":\"BreadcrumbList\",\"@id\":\"https:\\\/\\\/qtmm.org\\\/qt\\\/meclis-reisi-mustafa-cemilev-simaliy-qibriz-turkiye-cumhuriyetinin-mustaqillik-kunu-tantanasinda-istirak-etti\\\/#breadcrumb\",\"itemListElement\":[{\"@type\":\"ListItem\",\"position\":1,\"name\":\"\u0413\u043e\u043b\u043e\u0432\u043d\u0430\",\"item\":\"https:\\\/\\\/qtmm.org\\\/qt\\\/\"},{\"@type\":\"ListItem\",\"position\":2,\"name\":\"Meclis reisi Mustafa Cemilev \u015eimaliy Q\u0131br\u0131z T\u00fcrkiye Cumhuriyetini\u00f1 Mustaqillik k\u00fcn\u00fc tantanas\u0131nda i\u015ftirak etti\"}]},{\"@type\":\"WebSite\",\"@id\":\"https:\\\/\\\/qtmm.org\\\/qt\\\/#website\",\"url\":\"https:\\\/\\\/qtmm.org\\\/qt\\\/\",\"name\":\"\u041c\u0435\u0434\u0436\u043b\u0456\u0441\",\"description\":\"\",\"publisher\":{\"@id\":\"https:\\\/\\\/qtmm.org\\\/qt\\\/#organization\"},\"potentialAction\":[{\"@type\":\"SearchAction\",\"target\":{\"@type\":\"EntryPoint\",\"urlTemplate\":\"https:\\\/\\\/qtmm.org\\\/qt\\\/?s={search_term_string}\"},\"query-input\":{\"@type\":\"PropertyValueSpecification\",\"valueRequired\":true,\"valueName\":\"search_term_string\"}}],\"inLanguage\":\"qt\"},{\"@type\":\"Organization\",\"@id\":\"https:\\\/\\\/qtmm.org\\\/qt\\\/#organization\",\"name\":\"\u041c\u0435\u0434\u0436\u043b\u0456\u0441\",\"url\":\"https:\\\/\\\/qtmm.org\\\/qt\\\/\",\"logo\":{\"@type\":\"ImageObject\",\"inLanguage\":\"qt\",\"@id\":\"https:\\\/\\\/qtmm.org\\\/qt\\\/#\\\/schema\\\/logo\\\/image\\\/\",\"url\":\"https:\\\/\\\/qtmm.org\\\/wp-content\\\/uploads\\\/2024\\\/12\\\/ua-mejlis-logo-rgb.svg\",\"contentUrl\":\"https:\\\/\\\/qtmm.org\\\/wp-content\\\/uploads\\\/2024\\\/12\\\/ua-mejlis-logo-rgb.svg\",\"caption\":\"\u041c\u0435\u0434\u0436\u043b\u0456\u0441\"},\"image\":{\"@id\":\"https:\\\/\\\/qtmm.org\\\/qt\\\/#\\\/schema\\\/logo\\\/image\\\/\"},\"sameAs\":[\"https:\\\/\\\/www.facebook.com\\\/qtmm.info\\\/\"]},{\"@type\":\"Person\",\"@id\":\"https:\\\/\\\/qtmm.org\\\/qt\\\/#\\\/schema\\\/person\\\/de562469f971dec226ac06e60bbf74a7\",\"name\":\"Developer\",\"image\":{\"@type\":\"ImageObject\",\"inLanguage\":\"qt\",\"@id\":\"https:\\\/\\\/secure.gravatar.com\\\/avatar\\\/392b4cc8fbfeb00b39dfeeab4ee6edded39ffd48e25858637e4765810300227e?s=96&d=mm&r=g\",\"url\":\"https:\\\/\\\/secure.gravatar.com\\\/avatar\\\/392b4cc8fbfeb00b39dfeeab4ee6edded39ffd48e25858637e4765810300227e?s=96&d=mm&r=g\",\"contentUrl\":\"https:\\\/\\\/secure.gravatar.com\\\/avatar\\\/392b4cc8fbfeb00b39dfeeab4ee6edded39ffd48e25858637e4765810300227e?s=96&d=mm&r=g\",\"caption\":\"Developer\"},\"url\":\"https:\\\/\\\/qtmm.org\\\/qt\\\/author\\\/Developer\\\/\"}]}<\/script>\n<!-- \/ Yoast SEO plugin. -->","yoast_head_json":{"title":"Meclis reisi Mustafa Cemilev \u015eimaliy Q\u0131br\u0131z T\u00fcrkiye Cumhuriyetini\u00f1 Mustaqillik k\u00fcn\u00fc tantanas\u0131nda i\u015ftirak etti - \u041c\u0435\u0434\u0436\u043b\u0456\u0441","robots":{"index":"index","follow":"follow","max-snippet":"max-snippet:-1","max-image-preview":"max-image-preview:large","max-video-preview":"max-video-preview:-1"},"canonical":"https:\/\/qtmm.org\/qt\/meclis-reisi-mustafa-cemilev-simaliy-qibriz-turkiye-cumhuriyetinin-mustaqillik-kunu-tantanasinda-istirak-etti\/","og_locale":"en_US","og_type":"article","og_title":"Meclis reisi Mustafa Cemilev \u015eimaliy Q\u0131br\u0131z T\u00fcrkiye Cumhuriyetini\u00f1 Mustaqillik k\u00fcn\u00fc tantanas\u0131nda i\u015ftirak etti - \u041c\u0435\u0434\u0436\u043b\u0456\u0441","og_description":"2012 senesi noyabr 15 k\u00fcn\u00fcnden \u015eimaliy Q\u0131br\u0131z T\u00fcrkiye Cumhuriyetini\u00f1 Mustaqilligi il\u00e2n etilgenini\u00f1 29 y\u0131ll\u0131\u011f\u0131 munasebetinen tantanal\u0131 tedbirler ke\u00e7irilmekte. Meclis reisi Mustafa Cemilev \u015eimaliy Q\u0131br\u0131z T\u00fcrkiye Cumhuriyetini\u00f1 Mustaqillik k\u00fcn\u00fc tantanas\u0131nda i\u015ftirak etmek i\u00e7\u00fcn Q\u0131br\u0131z\u011fa ketti. Ziyareti \u00e7er\u00e7ivesinde Mustafa Cemilev \u015eimaliy Q\u0131br\u0131z T\u00fcrkiye Cumhuriyetini\u00f1 prezidenti Dervi\u015f Ero\u011flu ve Cumhuriyet Parlamentini\u00f1 reisi Hasan B\u00f6zer ile k\u00f6r\u00fc\u015fip, Cumhuriyet Mustaqilligini\u00f1 [&hellip;]","og_url":"https:\/\/qtmm.org\/qt\/meclis-reisi-mustafa-cemilev-simaliy-qibriz-turkiye-cumhuriyetinin-mustaqillik-kunu-tantanasinda-istirak-etti\/","og_site_name":"\u041c\u0435\u0434\u0436\u043b\u0456\u0441","article_publisher":"https:\/\/www.facebook.com\/qtmm.info\/","article_published_time":"2012-11-15T11:38:00+00:00","article_modified_time":"2022-01-23T11:40:47+00:00","og_image":[{"width":650,"height":350,"url":"https:\/\/qtmm.org\/wp-content\/uploads\/2022\/01\/1_77.jpeg","type":"image\/jpeg"}],"author":"Developer","twitter_card":"summary_large_image","twitter_misc":{"Written by":"Developer","Est. reading time":"1 minute"},"schema":{"@context":"https:\/\/schema.org","@graph":[{"@type":"Article","@id":"https:\/\/qtmm.org\/qt\/meclis-reisi-mustafa-cemilev-simaliy-qibriz-turkiye-cumhuriyetinin-mustaqillik-kunu-tantanasinda-istirak-etti\/#article","isPartOf":{"@id":"https:\/\/qtmm.org\/qt\/meclis-reisi-mustafa-cemilev-simaliy-qibriz-turkiye-cumhuriyetinin-mustaqillik-kunu-tantanasinda-istirak-etti\/"},"author":{"name":"Developer","@id":"https:\/\/qtmm.org\/qt\/#\/schema\/person\/de562469f971dec226ac06e60bbf74a7"},"headline":"Meclis reisi Mustafa Cemilev \u015eimaliy Q\u0131br\u0131z T\u00fcrkiye Cumhuriyetini\u00f1 Mustaqillik k\u00fcn\u00fc tantanas\u0131nda i\u015ftirak etti","datePublished":"2012-11-15T11:38:00+00:00","dateModified":"2022-01-23T11:40:47+00:00","mainEntityOfPage":{"@id":"https:\/\/qtmm.org\/qt\/meclis-reisi-mustafa-cemilev-simaliy-qibriz-turkiye-cumhuriyetinin-mustaqillik-kunu-tantanasinda-istirak-etti\/"},"wordCount":202,"commentCount":0,"publisher":{"@id":"https:\/\/qtmm.org\/qt\/#organization"},"image":{"@id":"https:\/\/qtmm.org\/qt\/meclis-reisi-mustafa-cemilev-simaliy-qibriz-turkiye-cumhuriyetinin-mustaqillik-kunu-tantanasinda-istirak-etti\/#primaryimage"},"thumbnailUrl":"https:\/\/qtmm.org\/wp-content\/uploads\/2022\/01\/1_77.jpeg","articleSection":["Haberler"],"inLanguage":"qt","potentialAction":[{"@type":"CommentAction","name":"Comment","target":["https:\/\/qtmm.org\/qt\/meclis-reisi-mustafa-cemilev-simaliy-qibriz-turkiye-cumhuriyetinin-mustaqillik-kunu-tantanasinda-istirak-etti\/#respond"]}]},{"@type":"WebPage","@id":"https:\/\/qtmm.org\/qt\/meclis-reisi-mustafa-cemilev-simaliy-qibriz-turkiye-cumhuriyetinin-mustaqillik-kunu-tantanasinda-istirak-etti\/","url":"https:\/\/qtmm.org\/qt\/meclis-reisi-mustafa-cemilev-simaliy-qibriz-turkiye-cumhuriyetinin-mustaqillik-kunu-tantanasinda-istirak-etti\/","name":"Meclis reisi Mustafa Cemilev \u015eimaliy Q\u0131br\u0131z T\u00fcrkiye Cumhuriyetini\u00f1 Mustaqillik k\u00fcn\u00fc tantanas\u0131nda i\u015ftirak etti - \u041c\u0435\u0434\u0436\u043b\u0456\u0441","isPartOf":{"@id":"https:\/\/qtmm.org\/qt\/#website"},"primaryImageOfPage":{"@id":"https:\/\/qtmm.org\/qt\/meclis-reisi-mustafa-cemilev-simaliy-qibriz-turkiye-cumhuriyetinin-mustaqillik-kunu-tantanasinda-istirak-etti\/#primaryimage"},"image":{"@id":"https:\/\/qtmm.org\/qt\/meclis-reisi-mustafa-cemilev-simaliy-qibriz-turkiye-cumhuriyetinin-mustaqillik-kunu-tantanasinda-istirak-etti\/#primaryimage"},"thumbnailUrl":"https:\/\/qtmm.org\/wp-content\/uploads\/2022\/01\/1_77.jpeg","datePublished":"2012-11-15T11:38:00+00:00","dateModified":"2022-01-23T11:40:47+00:00","breadcrumb":{"@id":"https:\/\/qtmm.org\/qt\/meclis-reisi-mustafa-cemilev-simaliy-qibriz-turkiye-cumhuriyetinin-mustaqillik-kunu-tantanasinda-istirak-etti\/#breadcrumb"},"inLanguage":"qt","potentialAction":[{"@type":"ReadAction","target":["https:\/\/qtmm.org\/qt\/meclis-reisi-mustafa-cemilev-simaliy-qibriz-turkiye-cumhuriyetinin-mustaqillik-kunu-tantanasinda-istirak-etti\/"]}]},{"@type":"ImageObject","inLanguage":"qt","@id":"https:\/\/qtmm.org\/qt\/meclis-reisi-mustafa-cemilev-simaliy-qibriz-turkiye-cumhuriyetinin-mustaqillik-kunu-tantanasinda-istirak-etti\/#primaryimage","url":"https:\/\/qtmm.org\/wp-content\/uploads\/2022\/01\/1_77.jpeg","contentUrl":"https:\/\/qtmm.org\/wp-content\/uploads\/2022\/01\/1_77.jpeg","width":650,"height":350},{"@type":"BreadcrumbList","@id":"https:\/\/qtmm.org\/qt\/meclis-reisi-mustafa-cemilev-simaliy-qibriz-turkiye-cumhuriyetinin-mustaqillik-kunu-tantanasinda-istirak-etti\/#breadcrumb","itemListElement":[{"@type":"ListItem","position":1,"name":"\u0413\u043e\u043b\u043e\u0432\u043d\u0430","item":"https:\/\/qtmm.org\/qt\/"},{"@type":"ListItem","position":2,"name":"Meclis reisi Mustafa Cemilev \u015eimaliy Q\u0131br\u0131z T\u00fcrkiye Cumhuriyetini\u00f1 Mustaqillik k\u00fcn\u00fc tantanas\u0131nda i\u015ftirak etti"}]},{"@type":"WebSite","@id":"https:\/\/qtmm.org\/qt\/#website","url":"https:\/\/qtmm.org\/qt\/","name":"\u041c\u0435\u0434\u0436\u043b\u0456\u0441","description":"","publisher":{"@id":"https:\/\/qtmm.org\/qt\/#organization"},"potentialAction":[{"@type":"SearchAction","target":{"@type":"EntryPoint","urlTemplate":"https:\/\/qtmm.org\/qt\/?s={search_term_string}"},"query-input":{"@type":"PropertyValueSpecification","valueRequired":true,"valueName":"search_term_string"}}],"inLanguage":"qt"},{"@type":"Organization","@id":"https:\/\/qtmm.org\/qt\/#organization","name":"\u041c\u0435\u0434\u0436\u043b\u0456\u0441","url":"https:\/\/qtmm.org\/qt\/","logo":{"@type":"ImageObject","inLanguage":"qt","@id":"https:\/\/qtmm.org\/qt\/#\/schema\/logo\/image\/","url":"https:\/\/qtmm.org\/wp-content\/uploads\/2024\/12\/ua-mejlis-logo-rgb.svg","contentUrl":"https:\/\/qtmm.org\/wp-content\/uploads\/2024\/12\/ua-mejlis-logo-rgb.svg","caption":"\u041c\u0435\u0434\u0436\u043b\u0456\u0441"},"image":{"@id":"https:\/\/qtmm.org\/qt\/#\/schema\/logo\/image\/"},"sameAs":["https:\/\/www.facebook.com\/qtmm.info\/"]},{"@type":"Person","@id":"https:\/\/qtmm.org\/qt\/#\/schema\/person\/de562469f971dec226ac06e60bbf74a7","name":"Developer","image":{"@type":"ImageObject","inLanguage":"qt","@id":"https:\/\/secure.gravatar.com\/avatar\/392b4cc8fbfeb00b39dfeeab4ee6edded39ffd48e25858637e4765810300227e?s=96&d=mm&r=g","url":"https:\/\/secure.gravatar.com\/avatar\/392b4cc8fbfeb00b39dfeeab4ee6edded39ffd48e25858637e4765810300227e?s=96&d=mm&r=g","contentUrl":"https:\/\/secure.gravatar.com\/avatar\/392b4cc8fbfeb00b39dfeeab4ee6edded39ffd48e25858637e4765810300227e?s=96&d=mm&r=g","caption":"Developer"},"url":"https:\/\/qtmm.org\/qt\/author\/Developer\/"}]}},"_links":{"self":[{"href":"https:\/\/qtmm.org\/qt\/wp-json\/wp\/v2\/posts\/35222","targetHints":{"allow":["GET"]}}],"collection":[{"href":"https:\/\/qtmm.org\/qt\/wp-json\/wp\/v2\/posts"}],"about":[{"href":"https:\/\/qtmm.org\/qt\/wp-json\/wp\/v2\/types\/post"}],"author":[{"embeddable":true,"href":"https:\/\/qtmm.org\/qt\/wp-json\/wp\/v2\/users\/1"}],"replies":[{"embeddable":true,"href":"https:\/\/qtmm.org\/qt\/wp-json\/wp\/v2\/comments?post=35222"}],"version-history":[{"count":1,"href":"https:\/\/qtmm.org\/qt\/wp-json\/wp\/v2\/posts\/35222\/revisions"}],"predecessor-version":[{"id":35247,"href":"https:\/\/qtmm.org\/qt\/wp-json\/wp\/v2\/posts\/35222\/revisions\/35247"}],"wp:featuredmedia":[{"embeddable":true,"href":"https:\/\/qtmm.org\/qt\/wp-json\/wp\/v2\/media\/35223"}],"wp:attachment":[{"href":"https:\/\/qtmm.org\/qt\/wp-json\/wp\/v2\/media?parent=35222"}],"wp:term":[{"taxonomy":"category","embeddable":true,"href":"https:\/\/qtmm.org\/qt\/wp-json\/wp\/v2\/categories?post=35222"},{"taxonomy":"post_tag","embeddable":true,"href":"https:\/\/qtmm.org\/qt\/wp-json\/wp\/v2\/tags?post=35222"}],"curies":[{"name":"wp","href":"https:\/\/api.w.org\/{rel}","templated":true}]}}