




{"id":35216,"date":"2012-11-15T14:37:00","date_gmt":"2012-11-15T11:37:00","guid":{"rendered":"http:\/\/qtmm.org\/?p=35216"},"modified":"2022-01-23T14:38:36","modified_gmt":"2022-01-23T11:38:36","slug":"meclis-reisinin-birinci-muavini-refat-cubarov-mesheti-turkler-teskilatlarinin-foruminda-istirak-ete","status":"publish","type":"post","link":"https:\/\/qtmm.org\/qt\/meclis-reisinin-birinci-muavini-refat-cubarov-mesheti-turkler-teskilatlarinin-foruminda-istirak-ete\/","title":{"rendered":"Meclis reisini\u00f1 birinci muavini Refat \u00c7ubarov mesheti t\u00fcrkler te\u015fkil\u00e2tlar\u0131n\u0131\u00f1 forum\u0131nda i\u015ftirak ete"},"content":{"rendered":"\n<p>Meclis reisini\u00f1 birinci muavini, B\u00fct\u00fcn d\u00fcnya q\u0131r\u0131mtatar kongressini\u00f1 prezidenti Refat \u00c7ubarov mesheti t\u00fcrkler te\u015fkil\u00e2tlar\u0131n\u0131\u00f1 forum\u0131nda i\u015ftirak ete.<\/p>\n\n\n\n<p>T\u00fcrkiyeni\u00f1 Bolu \u015feerinde ke\u00e7irilmekte ol\u011fan bu forumda mesheti t\u00fcrklerni\u00f1 doquz devletteki te\u015fkil\u00e2tlar\u0131, \u015fu c\u00fcmleden Rusiyedeki mesheti t\u00fcrklerni\u00f1 &#8220;Vatan&#8221; te\u015fkil\u00e2t\u0131n\u0131\u00f1 vekilleri de bulund\u0131lar.<\/p>\n\n\n\n<p>Forumn\u0131\u00f1 a\u00e7\u0131l\u0131\u015f\u0131nda Meclis reisini\u00f1 birinci muavini Refat \u00c7ubarov \u00e7\u0131q\u0131\u015f yap\u0131p, Forum te\u015fkil\u00e2t\u00e7\u0131lar\u0131n\u0131\u00f1 ricas\u0131 boyunca q\u0131r\u0131mtatarlarn\u0131\u00f1 s\u00fcrg\u00fcnlikte ve Vatan\u011fa qaytqan so\u00f1 milliy areket usullar\u0131 aqq\u0131nda ik\u00e2ye etecek.<\/p>\n\n\n\n<figure class=\"wp-block-image size-full\"><img loading=\"lazy\" decoding=\"async\" width=\"800\" height=\"600\" src=\"http:\/\/qtmm.org\/wp-content\/uploads\/2022\/01\/553736_348622978566196_787875846_n.jpeg\" alt=\"\" class=\"wp-image-35217\" srcset=\"https:\/\/qtmm.org\/wp-content\/uploads\/2022\/01\/553736_348622978566196_787875846_n.jpeg 800w, https:\/\/qtmm.org\/wp-content\/uploads\/2022\/01\/553736_348622978566196_787875846_n-300x225.jpeg 300w, https:\/\/qtmm.org\/wp-content\/uploads\/2022\/01\/553736_348622978566196_787875846_n-768x576.jpeg 768w\" sizes=\"auto, (max-width: 800px) 100vw, 800px\" \/><\/figure>\n","protected":false},"excerpt":{"rendered":"<p>Meclis reisini\u00f1 birinci muavini, B\u00fct\u00fcn d\u00fcnya q\u0131r\u0131mtatar kongressini\u00f1 prezidenti Refat \u00c7ubarov mesheti t\u00fcrkler te\u015fkil\u00e2tlar\u0131n\u0131\u00f1 forum\u0131nda i\u015ftirak ete. T\u00fcrkiyeni\u00f1 Bolu \u015feerinde ke\u00e7irilmekte ol\u011fan bu forumda mesheti t\u00fcrklerni\u00f1 doquz devletteki te\u015fkil\u00e2tlar\u0131, \u015fu c\u00fcmleden Rusiyedeki mesheti t\u00fcrklerni\u00f1 &#8220;Vatan&#8221; te\u015fkil\u00e2t\u0131n\u0131\u00f1 vekilleri de bulund\u0131lar. Forumn\u0131\u00f1 a\u00e7\u0131l\u0131\u015f\u0131nda Meclis reisini\u00f1 birinci muavini Refat \u00c7ubarov \u00e7\u0131q\u0131\u015f yap\u0131p, Forum te\u015fkil\u00e2t\u00e7\u0131lar\u0131n\u0131\u00f1 ricas\u0131 boyunca q\u0131r\u0131mtatarlarn\u0131\u00f1 s\u00fcrg\u00fcnlikte [&hellip;]<\/p>\n","protected":false},"author":1,"featured_media":0,"comment_status":"open","ping_status":"open","sticky":false,"template":"","format":"standard","meta":{"inline_featured_image":false,"footnotes":""},"categories":[265],"tags":[],"class_list":["post-35216","post","type-post","status-publish","format-standard","hentry","category-haberler"],"acf":[],"yoast_head":"<!-- This site is optimized with the Yoast SEO plugin v27.4 - https:\/\/yoast.com\/product\/yoast-seo-wordpress\/ -->\n<title>Meclis reisini\u00f1 birinci muavini Refat \u00c7ubarov mesheti t\u00fcrkler te\u015fkil\u00e2tlar\u0131n\u0131\u00f1 forum\u0131nda i\u015ftirak ete - \u041c\u0435\u0434\u0436\u043b\u0456\u0441<\/title>\n<meta name=\"robots\" content=\"index, follow, max-snippet:-1, max-image-preview:large, max-video-preview:-1\" \/>\n<link rel=\"canonical\" href=\"https:\/\/qtmm.org\/qt\/meclis-reisinin-birinci-muavini-refat-cubarov-mesheti-turkler-teskilatlarinin-foruminda-istirak-ete\/\" \/>\n<meta property=\"og:locale\" content=\"en_US\" \/>\n<meta property=\"og:type\" content=\"article\" \/>\n<meta property=\"og:title\" content=\"Meclis reisini\u00f1 birinci muavini Refat \u00c7ubarov mesheti t\u00fcrkler te\u015fkil\u00e2tlar\u0131n\u0131\u00f1 forum\u0131nda i\u015ftirak ete - \u041c\u0435\u0434\u0436\u043b\u0456\u0441\" \/>\n<meta property=\"og:description\" content=\"Meclis reisini\u00f1 birinci muavini, B\u00fct\u00fcn d\u00fcnya q\u0131r\u0131mtatar kongressini\u00f1 prezidenti Refat \u00c7ubarov mesheti t\u00fcrkler te\u015fkil\u00e2tlar\u0131n\u0131\u00f1 forum\u0131nda i\u015ftirak ete. T\u00fcrkiyeni\u00f1 Bolu \u015feerinde ke\u00e7irilmekte ol\u011fan bu forumda mesheti t\u00fcrklerni\u00f1 doquz devletteki te\u015fkil\u00e2tlar\u0131, \u015fu c\u00fcmleden Rusiyedeki mesheti t\u00fcrklerni\u00f1 &#8220;Vatan&#8221; te\u015fkil\u00e2t\u0131n\u0131\u00f1 vekilleri de bulund\u0131lar. Forumn\u0131\u00f1 a\u00e7\u0131l\u0131\u015f\u0131nda Meclis reisini\u00f1 birinci muavini Refat \u00c7ubarov \u00e7\u0131q\u0131\u015f yap\u0131p, Forum te\u015fkil\u00e2t\u00e7\u0131lar\u0131n\u0131\u00f1 ricas\u0131 boyunca q\u0131r\u0131mtatarlarn\u0131\u00f1 s\u00fcrg\u00fcnlikte [&hellip;]\" \/>\n<meta property=\"og:url\" content=\"https:\/\/qtmm.org\/qt\/meclis-reisinin-birinci-muavini-refat-cubarov-mesheti-turkler-teskilatlarinin-foruminda-istirak-ete\/\" \/>\n<meta property=\"og:site_name\" content=\"\u041c\u0435\u0434\u0436\u043b\u0456\u0441\" \/>\n<meta property=\"article:publisher\" content=\"https:\/\/www.facebook.com\/qtmm.info\/\" \/>\n<meta property=\"article:published_time\" content=\"2012-11-15T11:37:00+00:00\" \/>\n<meta property=\"article:modified_time\" content=\"2022-01-23T11:38:36+00:00\" \/>\n<meta property=\"og:image\" content=\"https:\/\/qtmm.org\/wp-content\/uploads\/2022\/01\/553736_348622978566196_787875846_n.jpeg\" \/>\n\t<meta property=\"og:image:width\" content=\"800\" \/>\n\t<meta property=\"og:image:height\" content=\"600\" \/>\n\t<meta property=\"og:image:type\" content=\"image\/jpeg\" \/>\n<meta name=\"author\" content=\"Developer\" \/>\n<meta name=\"twitter:card\" content=\"summary_large_image\" \/>\n<meta name=\"twitter:label1\" content=\"Written by\" \/>\n\t<meta name=\"twitter:data1\" content=\"Developer\" \/>\n\t<meta name=\"twitter:label2\" content=\"Est. reading time\" \/>\n\t<meta name=\"twitter:data2\" content=\"1 minute\" \/>\n<script type=\"application\/ld+json\" class=\"yoast-schema-graph\">{\"@context\":\"https:\\\/\\\/schema.org\",\"@graph\":[{\"@type\":\"Article\",\"@id\":\"https:\\\/\\\/qtmm.org\\\/qt\\\/meclis-reisinin-birinci-muavini-refat-cubarov-mesheti-turkler-teskilatlarinin-foruminda-istirak-ete\\\/#article\",\"isPartOf\":{\"@id\":\"https:\\\/\\\/qtmm.org\\\/qt\\\/meclis-reisinin-birinci-muavini-refat-cubarov-mesheti-turkler-teskilatlarinin-foruminda-istirak-ete\\\/\"},\"author\":{\"name\":\"Developer\",\"@id\":\"https:\\\/\\\/qtmm.org\\\/qt\\\/#\\\/schema\\\/person\\\/de562469f971dec226ac06e60bbf74a7\"},\"headline\":\"Meclis reisini\u00f1 birinci muavini Refat \u00c7ubarov mesheti t\u00fcrkler te\u015fkil\u00e2tlar\u0131n\u0131\u00f1 forum\u0131nda i\u015ftirak ete\",\"datePublished\":\"2012-11-15T11:37:00+00:00\",\"dateModified\":\"2022-01-23T11:38:36+00:00\",\"mainEntityOfPage\":{\"@id\":\"https:\\\/\\\/qtmm.org\\\/qt\\\/meclis-reisinin-birinci-muavini-refat-cubarov-mesheti-turkler-teskilatlarinin-foruminda-istirak-ete\\\/\"},\"wordCount\":120,\"commentCount\":0,\"publisher\":{\"@id\":\"https:\\\/\\\/qtmm.org\\\/qt\\\/#organization\"},\"image\":{\"@id\":\"https:\\\/\\\/qtmm.org\\\/qt\\\/meclis-reisinin-birinci-muavini-refat-cubarov-mesheti-turkler-teskilatlarinin-foruminda-istirak-ete\\\/#primaryimage\"},\"thumbnailUrl\":\"http:\\\/\\\/qtmm.org\\\/wp-content\\\/uploads\\\/2022\\\/01\\\/553736_348622978566196_787875846_n.jpeg\",\"articleSection\":[\"Haberler\"],\"inLanguage\":\"qt\",\"potentialAction\":[{\"@type\":\"CommentAction\",\"name\":\"Comment\",\"target\":[\"https:\\\/\\\/qtmm.org\\\/qt\\\/meclis-reisinin-birinci-muavini-refat-cubarov-mesheti-turkler-teskilatlarinin-foruminda-istirak-ete\\\/#respond\"]}]},{\"@type\":\"WebPage\",\"@id\":\"https:\\\/\\\/qtmm.org\\\/qt\\\/meclis-reisinin-birinci-muavini-refat-cubarov-mesheti-turkler-teskilatlarinin-foruminda-istirak-ete\\\/\",\"url\":\"https:\\\/\\\/qtmm.org\\\/qt\\\/meclis-reisinin-birinci-muavini-refat-cubarov-mesheti-turkler-teskilatlarinin-foruminda-istirak-ete\\\/\",\"name\":\"Meclis reisini\u00f1 birinci muavini Refat \u00c7ubarov mesheti t\u00fcrkler te\u015fkil\u00e2tlar\u0131n\u0131\u00f1 forum\u0131nda i\u015ftirak ete - \u041c\u0435\u0434\u0436\u043b\u0456\u0441\",\"isPartOf\":{\"@id\":\"https:\\\/\\\/qtmm.org\\\/qt\\\/#website\"},\"primaryImageOfPage\":{\"@id\":\"https:\\\/\\\/qtmm.org\\\/qt\\\/meclis-reisinin-birinci-muavini-refat-cubarov-mesheti-turkler-teskilatlarinin-foruminda-istirak-ete\\\/#primaryimage\"},\"image\":{\"@id\":\"https:\\\/\\\/qtmm.org\\\/qt\\\/meclis-reisinin-birinci-muavini-refat-cubarov-mesheti-turkler-teskilatlarinin-foruminda-istirak-ete\\\/#primaryimage\"},\"thumbnailUrl\":\"http:\\\/\\\/qtmm.org\\\/wp-content\\\/uploads\\\/2022\\\/01\\\/553736_348622978566196_787875846_n.jpeg\",\"datePublished\":\"2012-11-15T11:37:00+00:00\",\"dateModified\":\"2022-01-23T11:38:36+00:00\",\"breadcrumb\":{\"@id\":\"https:\\\/\\\/qtmm.org\\\/qt\\\/meclis-reisinin-birinci-muavini-refat-cubarov-mesheti-turkler-teskilatlarinin-foruminda-istirak-ete\\\/#breadcrumb\"},\"inLanguage\":\"qt\",\"potentialAction\":[{\"@type\":\"ReadAction\",\"target\":[\"https:\\\/\\\/qtmm.org\\\/qt\\\/meclis-reisinin-birinci-muavini-refat-cubarov-mesheti-turkler-teskilatlarinin-foruminda-istirak-ete\\\/\"]}]},{\"@type\":\"ImageObject\",\"inLanguage\":\"qt\",\"@id\":\"https:\\\/\\\/qtmm.org\\\/qt\\\/meclis-reisinin-birinci-muavini-refat-cubarov-mesheti-turkler-teskilatlarinin-foruminda-istirak-ete\\\/#primaryimage\",\"url\":\"http:\\\/\\\/qtmm.org\\\/wp-content\\\/uploads\\\/2022\\\/01\\\/553736_348622978566196_787875846_n.jpeg\",\"contentUrl\":\"http:\\\/\\\/qtmm.org\\\/wp-content\\\/uploads\\\/2022\\\/01\\\/553736_348622978566196_787875846_n.jpeg\"},{\"@type\":\"BreadcrumbList\",\"@id\":\"https:\\\/\\\/qtmm.org\\\/qt\\\/meclis-reisinin-birinci-muavini-refat-cubarov-mesheti-turkler-teskilatlarinin-foruminda-istirak-ete\\\/#breadcrumb\",\"itemListElement\":[{\"@type\":\"ListItem\",\"position\":1,\"name\":\"\u0413\u043e\u043b\u043e\u0432\u043d\u0430\",\"item\":\"https:\\\/\\\/qtmm.org\\\/qt\\\/\"},{\"@type\":\"ListItem\",\"position\":2,\"name\":\"Meclis reisini\u00f1 birinci muavini Refat \u00c7ubarov mesheti t\u00fcrkler te\u015fkil\u00e2tlar\u0131n\u0131\u00f1 forum\u0131nda i\u015ftirak ete\"}]},{\"@type\":\"WebSite\",\"@id\":\"https:\\\/\\\/qtmm.org\\\/qt\\\/#website\",\"url\":\"https:\\\/\\\/qtmm.org\\\/qt\\\/\",\"name\":\"\u041c\u0435\u0434\u0436\u043b\u0456\u0441\",\"description\":\"\",\"publisher\":{\"@id\":\"https:\\\/\\\/qtmm.org\\\/qt\\\/#organization\"},\"potentialAction\":[{\"@type\":\"SearchAction\",\"target\":{\"@type\":\"EntryPoint\",\"urlTemplate\":\"https:\\\/\\\/qtmm.org\\\/qt\\\/?s={search_term_string}\"},\"query-input\":{\"@type\":\"PropertyValueSpecification\",\"valueRequired\":true,\"valueName\":\"search_term_string\"}}],\"inLanguage\":\"qt\"},{\"@type\":\"Organization\",\"@id\":\"https:\\\/\\\/qtmm.org\\\/qt\\\/#organization\",\"name\":\"\u041c\u0435\u0434\u0436\u043b\u0456\u0441\",\"url\":\"https:\\\/\\\/qtmm.org\\\/qt\\\/\",\"logo\":{\"@type\":\"ImageObject\",\"inLanguage\":\"qt\",\"@id\":\"https:\\\/\\\/qtmm.org\\\/qt\\\/#\\\/schema\\\/logo\\\/image\\\/\",\"url\":\"https:\\\/\\\/qtmm.org\\\/wp-content\\\/uploads\\\/2024\\\/12\\\/ua-mejlis-logo-rgb.svg\",\"contentUrl\":\"https:\\\/\\\/qtmm.org\\\/wp-content\\\/uploads\\\/2024\\\/12\\\/ua-mejlis-logo-rgb.svg\",\"caption\":\"\u041c\u0435\u0434\u0436\u043b\u0456\u0441\"},\"image\":{\"@id\":\"https:\\\/\\\/qtmm.org\\\/qt\\\/#\\\/schema\\\/logo\\\/image\\\/\"},\"sameAs\":[\"https:\\\/\\\/www.facebook.com\\\/qtmm.info\\\/\"]},{\"@type\":\"Person\",\"@id\":\"https:\\\/\\\/qtmm.org\\\/qt\\\/#\\\/schema\\\/person\\\/de562469f971dec226ac06e60bbf74a7\",\"name\":\"Developer\",\"image\":{\"@type\":\"ImageObject\",\"inLanguage\":\"qt\",\"@id\":\"https:\\\/\\\/secure.gravatar.com\\\/avatar\\\/392b4cc8fbfeb00b39dfeeab4ee6edded39ffd48e25858637e4765810300227e?s=96&d=mm&r=g\",\"url\":\"https:\\\/\\\/secure.gravatar.com\\\/avatar\\\/392b4cc8fbfeb00b39dfeeab4ee6edded39ffd48e25858637e4765810300227e?s=96&d=mm&r=g\",\"contentUrl\":\"https:\\\/\\\/secure.gravatar.com\\\/avatar\\\/392b4cc8fbfeb00b39dfeeab4ee6edded39ffd48e25858637e4765810300227e?s=96&d=mm&r=g\",\"caption\":\"Developer\"},\"url\":\"https:\\\/\\\/qtmm.org\\\/qt\\\/author\\\/Developer\\\/\"}]}<\/script>\n<!-- \/ Yoast SEO plugin. -->","yoast_head_json":{"title":"Meclis reisini\u00f1 birinci muavini Refat \u00c7ubarov mesheti t\u00fcrkler te\u015fkil\u00e2tlar\u0131n\u0131\u00f1 forum\u0131nda i\u015ftirak ete - \u041c\u0435\u0434\u0436\u043b\u0456\u0441","robots":{"index":"index","follow":"follow","max-snippet":"max-snippet:-1","max-image-preview":"max-image-preview:large","max-video-preview":"max-video-preview:-1"},"canonical":"https:\/\/qtmm.org\/qt\/meclis-reisinin-birinci-muavini-refat-cubarov-mesheti-turkler-teskilatlarinin-foruminda-istirak-ete\/","og_locale":"en_US","og_type":"article","og_title":"Meclis reisini\u00f1 birinci muavini Refat \u00c7ubarov mesheti t\u00fcrkler te\u015fkil\u00e2tlar\u0131n\u0131\u00f1 forum\u0131nda i\u015ftirak ete - \u041c\u0435\u0434\u0436\u043b\u0456\u0441","og_description":"Meclis reisini\u00f1 birinci muavini, B\u00fct\u00fcn d\u00fcnya q\u0131r\u0131mtatar kongressini\u00f1 prezidenti Refat \u00c7ubarov mesheti t\u00fcrkler te\u015fkil\u00e2tlar\u0131n\u0131\u00f1 forum\u0131nda i\u015ftirak ete. T\u00fcrkiyeni\u00f1 Bolu \u015feerinde ke\u00e7irilmekte ol\u011fan bu forumda mesheti t\u00fcrklerni\u00f1 doquz devletteki te\u015fkil\u00e2tlar\u0131, \u015fu c\u00fcmleden Rusiyedeki mesheti t\u00fcrklerni\u00f1 &#8220;Vatan&#8221; te\u015fkil\u00e2t\u0131n\u0131\u00f1 vekilleri de bulund\u0131lar. Forumn\u0131\u00f1 a\u00e7\u0131l\u0131\u015f\u0131nda Meclis reisini\u00f1 birinci muavini Refat \u00c7ubarov \u00e7\u0131q\u0131\u015f yap\u0131p, Forum te\u015fkil\u00e2t\u00e7\u0131lar\u0131n\u0131\u00f1 ricas\u0131 boyunca q\u0131r\u0131mtatarlarn\u0131\u00f1 s\u00fcrg\u00fcnlikte [&hellip;]","og_url":"https:\/\/qtmm.org\/qt\/meclis-reisinin-birinci-muavini-refat-cubarov-mesheti-turkler-teskilatlarinin-foruminda-istirak-ete\/","og_site_name":"\u041c\u0435\u0434\u0436\u043b\u0456\u0441","article_publisher":"https:\/\/www.facebook.com\/qtmm.info\/","article_published_time":"2012-11-15T11:37:00+00:00","article_modified_time":"2022-01-23T11:38:36+00:00","og_image":[{"width":800,"height":600,"url":"https:\/\/qtmm.org\/wp-content\/uploads\/2022\/01\/553736_348622978566196_787875846_n.jpeg","type":"image\/jpeg"}],"author":"Developer","twitter_card":"summary_large_image","twitter_misc":{"Written by":"Developer","Est. reading time":"1 minute"},"schema":{"@context":"https:\/\/schema.org","@graph":[{"@type":"Article","@id":"https:\/\/qtmm.org\/qt\/meclis-reisinin-birinci-muavini-refat-cubarov-mesheti-turkler-teskilatlarinin-foruminda-istirak-ete\/#article","isPartOf":{"@id":"https:\/\/qtmm.org\/qt\/meclis-reisinin-birinci-muavini-refat-cubarov-mesheti-turkler-teskilatlarinin-foruminda-istirak-ete\/"},"author":{"name":"Developer","@id":"https:\/\/qtmm.org\/qt\/#\/schema\/person\/de562469f971dec226ac06e60bbf74a7"},"headline":"Meclis reisini\u00f1 birinci muavini Refat \u00c7ubarov mesheti t\u00fcrkler te\u015fkil\u00e2tlar\u0131n\u0131\u00f1 forum\u0131nda i\u015ftirak ete","datePublished":"2012-11-15T11:37:00+00:00","dateModified":"2022-01-23T11:38:36+00:00","mainEntityOfPage":{"@id":"https:\/\/qtmm.org\/qt\/meclis-reisinin-birinci-muavini-refat-cubarov-mesheti-turkler-teskilatlarinin-foruminda-istirak-ete\/"},"wordCount":120,"commentCount":0,"publisher":{"@id":"https:\/\/qtmm.org\/qt\/#organization"},"image":{"@id":"https:\/\/qtmm.org\/qt\/meclis-reisinin-birinci-muavini-refat-cubarov-mesheti-turkler-teskilatlarinin-foruminda-istirak-ete\/#primaryimage"},"thumbnailUrl":"http:\/\/qtmm.org\/wp-content\/uploads\/2022\/01\/553736_348622978566196_787875846_n.jpeg","articleSection":["Haberler"],"inLanguage":"qt","potentialAction":[{"@type":"CommentAction","name":"Comment","target":["https:\/\/qtmm.org\/qt\/meclis-reisinin-birinci-muavini-refat-cubarov-mesheti-turkler-teskilatlarinin-foruminda-istirak-ete\/#respond"]}]},{"@type":"WebPage","@id":"https:\/\/qtmm.org\/qt\/meclis-reisinin-birinci-muavini-refat-cubarov-mesheti-turkler-teskilatlarinin-foruminda-istirak-ete\/","url":"https:\/\/qtmm.org\/qt\/meclis-reisinin-birinci-muavini-refat-cubarov-mesheti-turkler-teskilatlarinin-foruminda-istirak-ete\/","name":"Meclis reisini\u00f1 birinci muavini Refat \u00c7ubarov mesheti t\u00fcrkler te\u015fkil\u00e2tlar\u0131n\u0131\u00f1 forum\u0131nda i\u015ftirak ete - \u041c\u0435\u0434\u0436\u043b\u0456\u0441","isPartOf":{"@id":"https:\/\/qtmm.org\/qt\/#website"},"primaryImageOfPage":{"@id":"https:\/\/qtmm.org\/qt\/meclis-reisinin-birinci-muavini-refat-cubarov-mesheti-turkler-teskilatlarinin-foruminda-istirak-ete\/#primaryimage"},"image":{"@id":"https:\/\/qtmm.org\/qt\/meclis-reisinin-birinci-muavini-refat-cubarov-mesheti-turkler-teskilatlarinin-foruminda-istirak-ete\/#primaryimage"},"thumbnailUrl":"http:\/\/qtmm.org\/wp-content\/uploads\/2022\/01\/553736_348622978566196_787875846_n.jpeg","datePublished":"2012-11-15T11:37:00+00:00","dateModified":"2022-01-23T11:38:36+00:00","breadcrumb":{"@id":"https:\/\/qtmm.org\/qt\/meclis-reisinin-birinci-muavini-refat-cubarov-mesheti-turkler-teskilatlarinin-foruminda-istirak-ete\/#breadcrumb"},"inLanguage":"qt","potentialAction":[{"@type":"ReadAction","target":["https:\/\/qtmm.org\/qt\/meclis-reisinin-birinci-muavini-refat-cubarov-mesheti-turkler-teskilatlarinin-foruminda-istirak-ete\/"]}]},{"@type":"ImageObject","inLanguage":"qt","@id":"https:\/\/qtmm.org\/qt\/meclis-reisinin-birinci-muavini-refat-cubarov-mesheti-turkler-teskilatlarinin-foruminda-istirak-ete\/#primaryimage","url":"http:\/\/qtmm.org\/wp-content\/uploads\/2022\/01\/553736_348622978566196_787875846_n.jpeg","contentUrl":"http:\/\/qtmm.org\/wp-content\/uploads\/2022\/01\/553736_348622978566196_787875846_n.jpeg"},{"@type":"BreadcrumbList","@id":"https:\/\/qtmm.org\/qt\/meclis-reisinin-birinci-muavini-refat-cubarov-mesheti-turkler-teskilatlarinin-foruminda-istirak-ete\/#breadcrumb","itemListElement":[{"@type":"ListItem","position":1,"name":"\u0413\u043e\u043b\u043e\u0432\u043d\u0430","item":"https:\/\/qtmm.org\/qt\/"},{"@type":"ListItem","position":2,"name":"Meclis reisini\u00f1 birinci muavini Refat \u00c7ubarov mesheti t\u00fcrkler te\u015fkil\u00e2tlar\u0131n\u0131\u00f1 forum\u0131nda i\u015ftirak ete"}]},{"@type":"WebSite","@id":"https:\/\/qtmm.org\/qt\/#website","url":"https:\/\/qtmm.org\/qt\/","name":"\u041c\u0435\u0434\u0436\u043b\u0456\u0441","description":"","publisher":{"@id":"https:\/\/qtmm.org\/qt\/#organization"},"potentialAction":[{"@type":"SearchAction","target":{"@type":"EntryPoint","urlTemplate":"https:\/\/qtmm.org\/qt\/?s={search_term_string}"},"query-input":{"@type":"PropertyValueSpecification","valueRequired":true,"valueName":"search_term_string"}}],"inLanguage":"qt"},{"@type":"Organization","@id":"https:\/\/qtmm.org\/qt\/#organization","name":"\u041c\u0435\u0434\u0436\u043b\u0456\u0441","url":"https:\/\/qtmm.org\/qt\/","logo":{"@type":"ImageObject","inLanguage":"qt","@id":"https:\/\/qtmm.org\/qt\/#\/schema\/logo\/image\/","url":"https:\/\/qtmm.org\/wp-content\/uploads\/2024\/12\/ua-mejlis-logo-rgb.svg","contentUrl":"https:\/\/qtmm.org\/wp-content\/uploads\/2024\/12\/ua-mejlis-logo-rgb.svg","caption":"\u041c\u0435\u0434\u0436\u043b\u0456\u0441"},"image":{"@id":"https:\/\/qtmm.org\/qt\/#\/schema\/logo\/image\/"},"sameAs":["https:\/\/www.facebook.com\/qtmm.info\/"]},{"@type":"Person","@id":"https:\/\/qtmm.org\/qt\/#\/schema\/person\/de562469f971dec226ac06e60bbf74a7","name":"Developer","image":{"@type":"ImageObject","inLanguage":"qt","@id":"https:\/\/secure.gravatar.com\/avatar\/392b4cc8fbfeb00b39dfeeab4ee6edded39ffd48e25858637e4765810300227e?s=96&d=mm&r=g","url":"https:\/\/secure.gravatar.com\/avatar\/392b4cc8fbfeb00b39dfeeab4ee6edded39ffd48e25858637e4765810300227e?s=96&d=mm&r=g","contentUrl":"https:\/\/secure.gravatar.com\/avatar\/392b4cc8fbfeb00b39dfeeab4ee6edded39ffd48e25858637e4765810300227e?s=96&d=mm&r=g","caption":"Developer"},"url":"https:\/\/qtmm.org\/qt\/author\/Developer\/"}]}},"_links":{"self":[{"href":"https:\/\/qtmm.org\/qt\/wp-json\/wp\/v2\/posts\/35216","targetHints":{"allow":["GET"]}}],"collection":[{"href":"https:\/\/qtmm.org\/qt\/wp-json\/wp\/v2\/posts"}],"about":[{"href":"https:\/\/qtmm.org\/qt\/wp-json\/wp\/v2\/types\/post"}],"author":[{"embeddable":true,"href":"https:\/\/qtmm.org\/qt\/wp-json\/wp\/v2\/users\/1"}],"replies":[{"embeddable":true,"href":"https:\/\/qtmm.org\/qt\/wp-json\/wp\/v2\/comments?post=35216"}],"version-history":[{"count":1,"href":"https:\/\/qtmm.org\/qt\/wp-json\/wp\/v2\/posts\/35216\/revisions"}],"predecessor-version":[{"id":35221,"href":"https:\/\/qtmm.org\/qt\/wp-json\/wp\/v2\/posts\/35216\/revisions\/35221"}],"wp:attachment":[{"href":"https:\/\/qtmm.org\/qt\/wp-json\/wp\/v2\/media?parent=35216"}],"wp:term":[{"taxonomy":"category","embeddable":true,"href":"https:\/\/qtmm.org\/qt\/wp-json\/wp\/v2\/categories?post=35216"},{"taxonomy":"post_tag","embeddable":true,"href":"https:\/\/qtmm.org\/qt\/wp-json\/wp\/v2\/tags?post=35216"}],"curies":[{"name":"wp","href":"https:\/\/api.w.org\/{rel}","templated":true}]}}